{"id":9220,"date":"2025-04-05T13:33:47","date_gmt":"2025-04-05T13:33:47","guid":{"rendered":"https:\/\/universofamilia.com\/?p=9220"},"modified":"2025-04-05T13:33:48","modified_gmt":"2025-04-05T13:33:48","slug":"aumenta-la-duracion-de-la-bateria-ahora-con-este-app","status":"publish","type":"post","link":"http:\/\/universofamilia.com\/hu\/aumenta-la-duracion-de-la-bateria-ahora-con-este-app\/","title":{"rendered":"N\u00f6velje akkumul\u00e1tor\u00e1nak \u00e9lettartam\u00e1t most ezzel az alkalmaz\u00e1ssal"},"content":{"rendered":"<h4 class=\"wp-block-heading has-text-align-center\">T\u00fal gyorsan lemer\u00fcl az akkumul\u00e1torod? Ez a cikk neked sz\u00f3l!<\/h4>\n\n\n\n<p><\/p>\n\n\n\n<hr class=\"wp-block-separator has-alpha-channel-opacity is-style-wide\" \/>\n\n\n\n<h5 class=\"wp-block-heading has-text-align-center\"><strong><mark class=\"has-inline-color has-vivid-red-color\">Mit akarsz?<\/mark><\/strong><\/h5>\n\n\n    <section class=\"mx-1 my-10\">\n                                                <a href=\"http:\/\/universofamilia.com\/hu\/la-mejor-y-mas-eficaz-aplicacion-de-limpieza-de-telefono-en-2025\/\" class=\"text-white\" data-analytics-label=\"optionsButton\"\n                    data-action=\"analytics#trackCTA\">\n                    <div data-options-target=\"option\"\n                        class=\"custom-section rounded-xl border p-3 shadow-md w-full bg-green-700 my-3\">\n                        <div class=\"flex w-full items-center justify-between\">\n                            <div class=\"flex items-center space-x-3\">\n                                <div class=\"text-lg font-bold\">\n                                    Gyorsan legyen! \u279d\n                                <\/div>\n                            <\/div>\n                        <\/div>\n                    <\/div>\n                <\/a>\n                                                            <a href=\"http:\/\/universofamilia.com\/hu\/elimina-virus-de-tu-celular-y-anuncios-no-deseados\/\" class=\"text-white\" data-analytics-label=\"optionsButton\"\n                    data-action=\"analytics#trackCTA\">\n                    <div data-options-target=\"option\"\n                        class=\"custom-section rounded-xl border p-3 shadow-md w-full bg-green-700 my-3\">\n                        <div class=\"flex w-full items-center justify-between\">\n                            <div class=\"flex items-center space-x-3\">\n                                <div class=\"text-lg font-bold\">\n                                    Rekl\u00e1mok \u00e9s v\u00edrusok elt\u00e1vol\u00edt\u00e1sa \u279d\n                                <\/div>\n                            <\/div>\n                        <\/div>\n                    <\/div>\n                <\/a>\n                                                            <a href=\"http:\/\/universofamilia.com\/hu\/app-limpeza-celular\/\" class=\"text-white\" data-analytics-label=\"optionsButton\"\n                    data-action=\"analytics#trackCTA\">\n                    <div data-options-target=\"option\"\n                        class=\"custom-section rounded-xl border p-3 shadow-md w-full bg-green-700 my-3\">\n                        <div class=\"flex w-full items-center justify-between\">\n                            <div class=\"flex items-center space-x-3\">\n                                <div class=\"text-lg font-bold\">\n                                    Mem\u00f3ria n\u00f6vel\u00e9se \u279d\n                                <\/div>\n                            <\/div>\n                        <\/div>\n                    <\/div>\n                <\/a>\n                            <p class=\"text-xs text-gray-500 text-right hidden\"\n            style=\"margin-left: 50%; margin-bottom: 50px; margin-top: 5px;\">\n            <!-- You will be redirected to another website -->\n        <\/p>\n    <\/section>\n\n\n\n\n<p><\/p>\n\n\n\n<p><strong>N\u00f6velje az akkumul\u00e1tor \u00e9lettartam\u00e1t<\/strong> Ez az egyik legnagyobb kih\u00edv\u00e1s, amivel a mobiltelefonjainkkal szembes\u00fcl\u00fcnk.<\/p>\n\n\n\n<p>Mindannyian j\u00e1rtunk m\u00e1r \u00edgy: \u00faton vagyunk t\u00f6lt\u0151 n\u00e9lk\u00fcl, \u00e9s az akkumul\u00e1tor ikonja pirosan villogni kezd.<\/p>\n\n\n\n<p>Ismer\u0151sen hangzik? Ne agg\u00f3dj, nem vagy egyed\u00fcl. A j\u00f3 h\u00edr az, hogy nem kell lecser\u00e9lned a telefonodat, vagy p\u00e9nzt k\u00f6ltened a jav\u00edt\u00e1sra.<\/p>\n\n\n\n<p>Vannak okosalkalmaz\u00e1sok, amelyek seg\u00edtenek az energiafogyaszt\u00e1s szab\u00e1lyoz\u00e1s\u00e1ban, <a href=\"http:\/\/universofamilia.com\/hu\/app-limpeza-celular\/\">sz\u00fcntesd meg, amire nincs sz\u00fcks\u00e9ged<\/a> \u00e9s hozd ki a legt\u00f6bbet minden egyes adagb\u00f3l.<\/p>\n\n\n\n<p>Ebben a cikkben l\u00e9p\u00e9sr\u0151l l\u00e9p\u00e9sre bemutatjuk, hogyan takar\u00edthatsz meg az akkumul\u00e1torod \u00e9lettartam\u00e1t komplik\u00e1ci\u00f3k n\u00e9lk\u00fcl, megb\u00edzhat\u00f3 eszk\u00f6z\u00f6kkel, amelyek m\u00e1r emberek milli\u00f3inak seg\u00edtenek.<\/p>\n\n\n\n<p>K\u00e9sz\u00fclj fel ingyenes, k\u00f6nnyen haszn\u00e1lhat\u00f3 alkalmaz\u00e1sok felfedez\u00e9s\u00e9re, amelyek nagy v\u00e1ltoz\u00e1st hoznak a mindennapjaidban.<\/p>\n\n\n\n<h2 class=\"wp-block-heading\">Mi\u00e9rt mer\u00fcl le ilyen gyorsan a mobiltelefonom akkumul\u00e1tora?<\/h2>\n\n\n\n<h3 class=\"wp-block-heading\">A probl\u00e9ma meg\u00e9rt\u00e9se a gy\u00f6ker\u00e9t\u0151l<\/h3>\n\n\n\n<p>Legt\u00f6bben csak \u00fagy haszn\u00e1ljuk a telefonunkat an\u00e9lk\u00fcl, hogy belegondoln\u00e1nk, mi t\u00f6rt\u00e9nik a k\u00e9perny\u0151 m\u00f6g\u00f6tt.<\/p>\n\n\n\n<p>Azonban minden cselekedet\u00fcnk, az \u00fczenetk\u00fcld\u00e9st\u0151l kezdve a vide\u00f3 megtekint\u00e9s\u00e9n \u00e1t az \u00e9rtes\u00edt\u00e9sek fogad\u00e1s\u00e1ig, energi\u00e1t fogyaszt.<\/p>\n\n\n\n<p>Most k\u00e9pzeld el mindazt, amit a telefonod an\u00e9lk\u00fcl csin\u00e1l, hogy \u00e9szrevenn\u00e9d: e-mailek szinkroniz\u00e1l\u00e1sa, alkalmaz\u00e1sok friss\u00edt\u00e9se, bekapcsolva tart\u00e1sa, Wi-Fi h\u00e1l\u00f3zatok keres\u00e9se, hangutas\u00edt\u00e1sok fogad\u00e1sa... \u00e9s ez m\u00e9g csak a kezdet!<\/p>\n\n\n\n<p>\u00cdme n\u00e9h\u00e1ny a leggyakoribb akkumul\u00e1tor-lemer\u00fcl\u00e9si okok k\u00f6z\u00fcl:<\/p>\n\n\n\n<ul>\n<li>Magas k\u00e9perny\u0151 f\u00e9nyer\u0151 \u00e1lland\u00f3an<\/li>\n\n\n\n<li>H\u00e1tt\u00e9rben fut\u00f3 alkalmaz\u00e1sok<\/li>\n\n\n\n<li>Sz\u00fcks\u00e9gtelen\u00fcl aktiv\u00e1lhat\u00f3 kapcsolatok, p\u00e9ld\u00e1ul Bluetooth \u00e9s GPS<\/li>\n\n\n\n<li>Anim\u00e1ci\u00f3k vagy dinamikus h\u00e1tt\u00e9rk\u00e9pek<\/li>\n\n\n\n<li>\u00c1lland\u00f3 \u00e9rtes\u00edt\u00e9sek, amelyek fel\u00e9bresztik a mobiltelefont<\/li>\n<\/ul>\n\n\n\n<p>Ezen folyamatok nagy r\u00e9sze \u00e9szrev\u00e9tlen\u00fcl t\u00f6rt\u00e9nik, de egy\u00fcttesen az akkumul\u00e1tor v\u00e1rhat\u00f3 \u00e9lettartam\u00e1t j\u00f3val r\u00f6videbb\u00e9 teszik.<\/p>\n\n\n\n<p><\/p>\n\n\n\n<hr class=\"wp-block-separator has-alpha-channel-opacity is-style-wide\" \/>\n\n\n\n<h4 class=\"wp-block-heading has-text-align-center\"><strong><mark class=\"has-inline-color has-luminous-vivid-orange-color\">Olvasd el ezt is<\/mark><\/strong><\/h4>\n\n\n    <section class=\"mx-1 my-10\">\n                                                <a href=\"http:\/\/universofamilia.com\/hu\/lp-filmes-asiaticos\/\" class=\"text-white\" data-analytics-label=\"optionsButton\"\n                    data-action=\"analytics#trackCTA\">\n                    <div data-options-target=\"option\"\n                        class=\"custom-section rounded-xl border p-3 shadow-md w-full bg-green-700 my-3\">\n                        <div class=\"flex w-full items-center justify-between\">\n                            <div class=\"flex items-center space-x-3\">\n                                <div class=\"text-lg font-bold\">\n                                    App koreai dr\u00e1m\u00e1k n\u00e9z\u00e9s\u00e9hez \u279d\n                                <\/div>\n                            <\/div>\n                        <\/div>\n                    <\/div>\n                <\/a>\n                                                            <a href=\"http:\/\/universofamilia.com\/hu\/lp-recuperar-fotos\/\" class=\"text-white\" data-analytics-label=\"optionsButton\"\n                    data-action=\"analytics#trackCTA\">\n                    <div data-options-target=\"option\"\n                        class=\"custom-section rounded-xl border p-3 shadow-md w-full bg-green-700 my-3\">\n                        <div class=\"flex w-full items-center justify-between\">\n                            <div class=\"flex items-center space-x-3\">\n                                <div class=\"text-lg font-bold\">\n                                    T\u00f6r\u00f6lt fot\u00f3k helyre\u00e1ll\u00edt\u00e1sa ezzel az alkalmaz\u00e1ssal!  \u279d\n                                <\/div>\n                            <\/div>\n                        <\/div>\n                    <\/div>\n                <\/a>\n                                                            <a href=\"http:\/\/universofamilia.com\/hu\/el-amor-a-un-clic\/\" class=\"text-white\" data-analytics-label=\"optionsButton\"\n                    data-action=\"analytics#trackCTA\">\n                    <div data-options-target=\"option\"\n                        class=\"custom-section rounded-xl border p-3 shadow-md w-full bg-green-700 my-3\">\n                        <div class=\"flex w-full items-center justify-between\">\n                            <div class=\"flex items-center space-x-3\">\n                                <div class=\"text-lg font-bold\">\n                                    Fedezd fel az ide\u00e1lis t\u00e1rskeres\u0151 alkalmaz\u00e1st \u279d\n                                <\/div>\n                            <\/div>\n                        <\/div>\n                    <\/div>\n                <\/a>\n                            <p class=\"text-xs text-gray-500 text-right hidden\"\n            style=\"margin-left: 50%; margin-bottom: 50px; margin-top: 5px;\">\n            <!-- You will be redirected to another website -->\n        <\/p>\n    <\/section>\n\n\n\n\n<p class=\"has-text-align-right\"><em><strong><em><strong><em><strong><em><strong><em><strong>Ugyanott fog maradni!<\/strong><\/em><\/strong><\/em><\/strong><\/em><\/strong><\/em><\/strong><\/em><\/p>\n\n\n\n<hr class=\"wp-block-separator has-alpha-channel-opacity is-style-wide\" \/>\n\n\n\n<p><\/p>\n\n\n\n<h3 class=\"wp-block-heading\">R\u00e9gi vagy rosszul optimaliz\u00e1lt a mobiltelefonod?<\/h3>\n\n\n\n<p>Sokan azt gondolj\u00e1k, hogy az\u00e9rt mer\u00fcl le az akkumul\u00e1tor, mert a mobiltelefonjuk m\u00e1r r\u00e9gi.<\/p>\n\n\n\n<p>B\u00e1r igaz, hogy az akkumul\u00e1torok id\u0151vel elhaszn\u00e1l\u00f3dnak, a legt\u00f6bb probl\u00e9ma a helytelen haszn\u00e1latb\u00f3l vagy a rossz konfigur\u00e1ci\u00f3b\u00f3l ered.<\/p>\n\n\n\n<p>N\u00e9h\u00e1ny egyszer\u0171 m\u00f3dos\u00edt\u00e1ssal \u00e9s a megfelel\u0151 alkalmaz\u00e1sok seg\u00edts\u00e9g\u00e9vel meghosszabb\u00edthatod az akkumul\u00e1tor \u00e9lettartam\u00e1t, m\u00e9g akkor is, ha a telefonod m\u00e1r t\u00f6bb \u00e9ves.<\/p>\n\n\n\n<h2 class=\"wp-block-heading\">Hogyan jav\u00edthatod az akkumul\u00e1torod \u00e9lettartam\u00e1t most?<\/h2>\n\n\n\n<h3 class=\"wp-block-heading\">Apr\u00f3 v\u00e1ltoz\u00e1sok, amelyek v\u00e1ltoz\u00e1st hoznak<\/h3>\n\n\n\n<p>Miel\u0151tt b\u00e1rmilyen alkalmaz\u00e1st telep\u00edten\u00e9l, van n\u00e9h\u00e1ny egyszer\u0171 tr\u00fckk, amit kipr\u00f3b\u00e1lhatsz, \u00e9s amelyek nagy k\u00fcl\u00f6nbs\u00e9get jelenthetnek:<\/p>\n\n\n\n<ul>\n<li><strong>Cs\u00f6kkentse a k\u00e9perny\u0151 f\u00e9nyerej\u00e9t<\/strong> a szem sz\u00e1m\u00e1ra legk\u00e9nyelmesebb szinten.<\/li>\n\n\n\n<li><strong>Kapcsold ki a Bluetooth-t \u00e9s a GPS-t<\/strong> amikor nem haszn\u00e1lod \u0151ket.<\/li>\n\n\n\n<li><strong>Akkumul\u00e1tortakar\u00e9kos m\u00f3d aktiv\u00e1l\u00e1sa<\/strong> ami a legt\u00f6bb mobiltelefonban benne van.<\/li>\n\n\n\n<li><strong>Ker\u00fcld az anim\u00e1lt h\u00e1tt\u00e9rk\u00e9peket<\/strong> \u00e9s s\u00f6t\u00e9t sz\u00edneket haszn\u00e1lj, ha OLED k\u00e9perny\u0151d van.<\/li>\n\n\n\n<li><strong>Kapcsold ki a felesleges rezg\u00e9st<\/strong>Minden rezg\u00e9s plusz energi\u00e1t fogyaszt.<\/li>\n\n\n\n<li><strong>Tekintsd \u00e1t a nem haszn\u00e1lt alkalmaz\u00e1sokat<\/strong> \u00e9s t\u00f6r\u00f6lje \u0151ket, ha nem elengedhetetlenek.<\/li>\n<\/ul>\n\n\n\n<p>Ezek a l\u00e9p\u00e9sek nem ig\u00e9nyelnek semmilyen alkalmaz\u00e1st, csak az akaratot, hogy megv\u00e1ltoztasd a szok\u00e1saidat.<\/p>\n\n\n\n<p>De ha tov\u00e1bb szeretn\u00e9l menni, az al\u00e1bb bemutatott alkalmaz\u00e1sok sokkal k\u00f6nnyebb\u00e9 teszik majd az \u00e9letedet.<\/p>\n\n\n\n<h2 class=\"wp-block-heading\">A 3 legjobb alkalmaz\u00e1s az akkumul\u00e1tor \u00e9lettartam\u00e1nak n\u00f6vel\u00e9s\u00e9re<\/h2>\n\n\n\n<h3 class=\"wp-block-heading\">1. AccuBattery \u2013 Teljes kontroll a fogyaszt\u00e1s felett<\/h3>\n\n\n\n<p><a href=\"https:\/\/accubattery.br.uptodown.com\/android\">\ud83d\udd17 Let\u00f6lt\u00e9s a Play \u00c1ruh\u00e1zb\u00f3l<\/a><\/p>\n\n\n\n<p>Az AccuBattery az egyik leg\u00e1tfog\u00f3bb alkalmaz\u00e1s az akkumul\u00e1torod meg\u00e9rt\u00e9s\u00e9hez \u00e9s karbantart\u00e1s\u00e1hoz. Nemcsak azt mutatja meg, hogy mennyi akkumul\u00e1tort haszn\u00e1lsz, hanem azt is, hogyan kell megfelel\u0151en t\u00f6lteni a telefonodat.<\/p>\n\n\n\n<p><strong>Milyen funkci\u00f3kat tartalmaz?<\/strong><\/p>\n\n\n\n<ul>\n<li>Az energiafelhaszn\u00e1l\u00e1s val\u00f3s idej\u0171 monitoroz\u00e1sa alkalmaz\u00e1sonk\u00e9nt<\/li>\n\n\n\n<li>Akkumul\u00e1tor t\u00f6lt\u00e9si, kis\u00fct\u00e9si \u00e9s \u00e1llapoti statisztik\u00e1i<\/li>\n\n\n\n<li>Egy\u00e9ni riaszt\u00e1sok a t\u00falterhel\u00e9s elker\u00fcl\u00e9se \u00e9rdek\u00e9ben<\/li>\n\n\n\n<li>Javaslatok az akkumul\u00e1tor \u00e9lettartam\u00e1nak val\u00f3s adatokkal t\u00f6rt\u00e9n\u0151 n\u00f6vel\u00e9s\u00e9re<\/li>\n<\/ul>\n\n\n\n<p><strong>F\u0151bb el\u0151ny\u00f6k:<\/strong><\/p>\n\n\n\n<ul>\n<li>K\u00f6nnyen \u00e9rthet\u0151 fel\u00fclet, m\u00e9g akkor is, ha nincs technikai tapasztalatod<\/li>\n\n\n\n<li>Nem fogyaszt sokat az akkumul\u00e1tort m\u0171k\u00f6d\u00e9s k\u00f6zben<\/li>\n\n\n\n<li>Ide\u00e1lis azok sz\u00e1m\u00e1ra, akik hossz\u00fa t\u00e1von szeretn\u00e9k vigy\u00e1zni a mobiltelefonjukra<\/li>\n<\/ul>\n\n\n\n<p>Az AccuBattery egy megb\u00edzhat\u00f3, magas \u00e9rt\u00e9kel\u00e9s\u0171 \u00e9s szak\u00e9rt\u0151k \u00e1ltal aj\u00e1nlott alkalmaz\u00e1s. Olyan, mintha lenne egy szerel\u0151d a telefonodhoz, csak ingyenes.<\/p>\n\n\n\n<p><\/p>\n\n\n\n<hr class=\"wp-block-separator has-alpha-channel-opacity is-style-wide\" \/>\n\n\n\n<h3 class=\"wp-block-heading\"><mark class=\"has-inline-color has-luminous-vivid-amber-color\"><strong>T\u00f6ltse le az alkalmaz\u00e1sokat<\/strong>.<\/mark><\/h3>\n\n\n    <section class=\"mx-1 my-10\">\n                                                <a href=\"https:\/\/accubattery.br.uptodown.com\/android\" class=\"text-white\" data-analytics-label=\"optionsButton\"\n                    data-action=\"analytics#trackCTA\">\n                    <div data-options-target=\"option\"\n                        class=\"custom-section rounded-xl border p-3 shadow-md w-full bg-green-700 my-3\">\n                        <div class=\"flex w-full items-center justify-between\">\n                            <div class=\"flex items-center space-x-3\">\n                                <div class=\"text-lg font-bold\">\n                                    AccuBattery \u279d\n                                <\/div>\n                            <\/div>\n                        <\/div>\n                    <\/div>\n                <\/a>\n                            <p class=\"text-xs text-gray-500 text-right\"\n            style=\"margin-left: 50%; margin-bottom: 50px; margin-top: 5px;\">\n            <!-- You will be redirected to another website -->\n        <\/p>\n    <\/section>\n\n\n\n\n<p class=\"has-text-align-right\"><strong><em>\u00c1tir\u00e1ny\u00edtunk egy m\u00e1sik webhelyre<\/em><\/strong><\/p>\n\n\n\n<hr class=\"wp-block-separator has-alpha-channel-opacity is-style-wide\" \/>\n\n\n\n<p><\/p>\n\n\n\n<h3 class=\"wp-block-heading\">2. Battery Guru \u2013 Optimaliz\u00e1l\u00e1s, tanul\u00e1s \u00e9s fejl\u0151d\u00e9s<\/h3>\n\n\n\n<p>A Battery Guru sokkal t\u00f6bb, mint egy akkumul\u00e1torfigyel\u0151. \u00dagy tervezt\u00e9k, hogy seg\u00edtsen j\u00f3 t\u00f6lt\u00e9si szok\u00e1sok kialak\u00edt\u00e1s\u00e1ban, \u00e9s pontosan meghat\u00e1rozhassa, mely alkalmaz\u00e1sok vagy funkci\u00f3k mer\u00edtik az energi\u00e1t.<\/p>\n\n\n\n<p><strong>Kiemelt jellemz\u0151k:<\/strong><\/p>\n\n\n\n<ul>\n<li>Szem\u00e9lyre szabott aj\u00e1nl\u00e1sok a napi haszn\u00e1lat alapj\u00e1n<\/li>\n\n\n\n<li>Figyelmeztet\u00e9sek, ha az akkumul\u00e1tor forr\u00f3 vagy t\u00falt\u00f6lt\u00f6tt<\/li>\n\n\n\n<li>R\u00e9szletes inform\u00e1ci\u00f3k az akkumul\u00e1tor fennmarad\u00f3 \u00fczemidej\u00e9r\u0151l<\/li>\n\n\n\n<li>T\u00f6lt\u00e9si ciklusvez\u00e9rl\u00e9s az \u00e9lettartam meghosszabb\u00edt\u00e1sa \u00e9rdek\u00e9ben<\/li>\n<\/ul>\n\n\n\n<p><strong>A legjobb dolog ebben az alkalmaz\u00e1sban:<\/strong><\/p>\n\n\n\n<ul>\n<li>Id\u0151vel megtanulod, hogyan befoly\u00e1solja a haszn\u00e1latod az akkumul\u00e1tort<\/li>\n\n\n\n<li>Egyszer\u0171 tippeket k\u00edn\u00e1l, amelyek val\u00f3ban m\u0171k\u00f6dnek<\/li>\n\n\n\n<li>Vil\u00e1gos \u00e9s k\u00f6nnyen olvashat\u00f3 grafik\u00e1val rendelkezik<\/li>\n<\/ul>\n\n\n\n<p>Ha szeretn\u00e9d meg\u00e9rteni, hogyan m\u0171k\u00f6dik minden, im\u00e1dni fogod a Battery Gurut. \u00c9s ha csak az akkumul\u00e1tor \u00e9lettartam\u00e1t szeretn\u00e9d megtakar\u00edtani an\u00e9lk\u00fcl, hogy t\u00fal sokat gondolkodn\u00e1l, akkor is bev\u00e1lik.<\/p>\n\n\n\n<p><\/p>\n\n\n\n<hr class=\"wp-block-separator has-alpha-channel-opacity is-style-wide\" \/>\n\n\n\n<h3 class=\"wp-block-heading\"><mark class=\"has-inline-color has-luminous-vivid-amber-color\"><strong>T\u00f6ltse le az alkalmaz\u00e1sokat<\/strong>.<\/mark><\/h3>\n\n\n    <section class=\"mx-1 my-10\">\n                                                <a href=\"https:\/\/battery-guru.en.uptodown.com\/android\" class=\"text-white\" data-analytics-label=\"optionsButton\"\n                    data-action=\"analytics#trackCTA\">\n                    <div data-options-target=\"option\"\n                        class=\"custom-section rounded-xl border p-3 shadow-md w-full bg-green-700 my-3\">\n                        <div class=\"flex w-full items-center justify-between\">\n                            <div class=\"flex items-center space-x-3\">\n                                <div class=\"text-lg font-bold\">\n                                    Akkumul\u00e1tor Guru \u279d\n                                <\/div>\n                            <\/div>\n                        <\/div>\n                    <\/div>\n                <\/a>\n                            <p class=\"text-xs text-gray-500 text-right\"\n            style=\"margin-left: 50%; margin-bottom: 50px; margin-top: 5px;\">\n            <!-- You will be redirected to another website -->\n        <\/p>\n    <\/section>\n\n\n\n\n<p class=\"has-text-align-right\"><strong><em>\u00c1tir\u00e1ny\u00edtunk egy m\u00e1sik webhelyre<\/em><\/strong><\/p>\n\n\n\n<hr class=\"wp-block-separator has-alpha-channel-opacity is-style-wide\" \/>\n\n\n\n<p><\/p>\n\n\n\n<h3 class=\"wp-block-heading\">3. Kaspersky Battery Life \u2013 K\u00f6nny\u0171, megb\u00edzhat\u00f3 \u00e9s rekl\u00e1mmentes<\/h3>\n\n\n\n<p>A vil\u00e1g egyik legelismertebb biztons\u00e1gi c\u00e9ge \u00e1ltal l\u00e9trehozott alkalmaz\u00e1s \u00f6tv\u00f6zi a hat\u00e9konys\u00e1got \u00e9s az egyszer\u0171s\u00e9get.<\/p>\n\n\n\n<p><strong>Mit tesz \u00e9rted?<\/strong><\/p>\n\n\n\n<ul>\n<li>\u00c9szleli a h\u00e1tt\u00e9rben energi\u00e1t fogyaszt\u00f3 alkalmaz\u00e1sokat<\/li>\n\n\n\n<li>Z\u00e1rja be a felesleges folyamatokat egyetlen \u00e9rint\u00e9ssel<\/li>\n\n\n\n<li>Figyelmeztet, ha valamelyik alkalmaz\u00e1s terheli az akkumul\u00e1tort<\/li>\n\n\n\n<li>Pontosan becs\u00fclje meg, mennyi haszn\u00e1lati ideje van m\u00e9g h\u00e1tra<\/li>\n<\/ul>\n\n\n\n<p><strong>Mi\u00e9rt v\u00e1lasszam?<\/strong><\/p>\n\n\n\n<ul>\n<li>Nincsenek benne ideges\u00edt\u0151 hirdet\u00e9sek<\/li>\n\n\n\n<li>K\u00f6nny\u0171 \u00e9s gyors<\/li>\n\n\n\n<li>Nincs sz\u00fcks\u00e9g bonyolult be\u00e1ll\u00edt\u00e1sokra<\/li>\n<\/ul>\n\n\n\n<p>T\u00f6k\u00e9letes azok sz\u00e1m\u00e1ra, akik gyors eredm\u00e9nyeket szeretn\u00e9nek gond n\u00e9lk\u00fcl. Ez egy alkalmaz\u00e1s, ami egyszer\u0171en m\u0171k\u00f6dik.<\/p>\n\n\n\n<p><\/p>\n\n\n\n<hr class=\"wp-block-separator has-alpha-channel-opacity is-style-wide\" \/>\n\n\n\n<h3 class=\"wp-block-heading\"><mark class=\"has-inline-color has-luminous-vivid-amber-color\"><strong>T\u00f6ltse le az alkalmaz\u00e1sokat<\/strong>.<\/mark><\/h3>\n\n\n    <section class=\"mx-1 my-10\">\n                                                <a href=\"https:\/\/kaspersky-battery-life.en.uptodown.com\/android\/download\" class=\"text-white\" data-analytics-label=\"optionsButton\"\n                    data-action=\"analytics#trackCTA\">\n                    <div data-options-target=\"option\"\n                        class=\"custom-section rounded-xl border p-3 shadow-md w-full bg-green-700 my-3\">\n                        <div class=\"flex w-full items-center justify-between\">\n                            <div class=\"flex items-center space-x-3\">\n                                <div class=\"text-lg font-bold\">\n                                    Kaspersky akkumul\u00e1tor\u00e1nak \u00e9lettartama \u279d\n                                <\/div>\n                            <\/div>\n                        <\/div>\n                    <\/div>\n                <\/a>\n                            <p class=\"text-xs text-gray-500 text-right\"\n            style=\"margin-left: 50%; margin-bottom: 50px; margin-top: 5px;\">\n            <!-- You will be redirected to another website -->\n        <\/p>\n    <\/section>\n\n\n\n\n<p class=\"has-text-align-right\"><strong><em>\u00c1tir\u00e1ny\u00edtunk egy m\u00e1sik webhelyre<\/em><\/strong><\/p>\n\n\n\n<hr class=\"wp-block-separator has-alpha-channel-opacity is-style-wide\" \/>\n\n\n\n<p><\/p>\n\n\n\n<h2 class=\"wp-block-heading\">Mi van, ha tov\u00e1bb akarsz menni?<\/h2>\n\n\n\n<h3 class=\"wp-block-heading\">Szok\u00e1sok, amelyek hossz\u00fa t\u00e1von seg\u00edtenek<\/h3>\n\n\n\n<p>Az akkumul\u00e1tor \u00fczemidej\u00e9nek n\u00f6vel\u00e9se alkalmaz\u00e1sok haszn\u00e1lat\u00e1val csak egy r\u00e9sze a megold\u00e1snak. Fontos a j\u00f3 szok\u00e1sok kialak\u00edt\u00e1sa is:<\/p>\n\n\n\n<ul>\n<li><strong>Ker\u00fcld a mobiltelefonod haszn\u00e1lat\u00e1t t\u00f6lt\u00e9s k\u00f6zben.<\/strong>Ez h\u0151t \u00e9s kop\u00e1st gener\u00e1l.<\/li>\n\n\n\n<li><strong>Ne haszn\u00e1ljon \u00e1ltal\u00e1nos vagy alacsony min\u0151s\u00e9g\u0171 t\u00f6lt\u0151ket<\/strong>: k\u00e1ros\u00edthatja az akkumul\u00e1tort.<\/li>\n\n\n\n<li><strong>Friss\u00edtse az oper\u00e1ci\u00f3s rendszert<\/strong>Az \u00faj verzi\u00f3k gyakran jav\u00edtj\u00e1k az energiahat\u00e9konys\u00e1got.<\/li>\n\n\n\n<li><strong>Ne hagyd eg\u00e9sz \u00e9jjel t\u00f6lteni a mobiltelefonodat.<\/strong>Ha el\u00e9red az 100% szintet, a kapcsolattart\u00e1s k\u00e1ros lehet.<\/li>\n\n\n\n<li><strong>T\u00f6r\u00f6ld a mobiltelefonod mem\u00f3ri\u00e1j\u00e1t<\/strong>Kevesebb akt\u00edv folyamat kevesebb fogyaszt\u00e1st jelent.<\/li>\n<\/ul>\n\n\n\n<h3 class=\"wp-block-heading\">Mit ker\u00fclj\u00fcnk el, ha hosszabb akkumul\u00e1tor-\u00fczemid\u0151t szeretn\u00e9nk<\/h3>\n\n\n\n<ul>\n<li>Eg\u00e9sz nap futnak a k\u00f6z\u00f6ss\u00e9gi m\u00e9dia alkalmaz\u00e1sok<\/li>\n\n\n\n<li>Nagyon neh\u00e9z j\u00e1t\u00e9kok \u00f3r\u00e1kig nyitva<\/li>\n\n\n\n<li>Tart\u00f3san enged\u00e9lyezze a helymeghat\u00e1roz\u00e1st<\/li>\n\n\n\n<li>\u00c1lland\u00f3 automatikus szinkroniz\u00e1l\u00e1sok (e-mail, felh\u0151 stb.)<\/li>\n<\/ul>\n\n\n\n<p>Ezek a t\u00e9nyez\u0151k mindegyike gyorsan lemer\u00edtheti az akkumul\u00e1tort. Ez\u00e9rt fontos azonos\u00edtani \u00e9s kezelni \u0151ket a fent eml\u00edtett alkalmaz\u00e1sok seg\u00edts\u00e9g\u00e9vel.<\/p>\n\n\n<div class=\"wp-block-image\">\n<figure class=\"aligncenter size-full\"><img loading=\"lazy\" decoding=\"async\" width=\"550\" height=\"350\" src=\"https:\/\/universofamilia.com\/wp-content\/uploads\/sites\/148\/2025\/04\/DESTAQUE-UNIVERSO-550-x-350-27.jpg\" alt=\"\" class=\"wp-image-9225\" srcset=\"http:\/\/universofamilia.com\/wp-content\/uploads\/sites\/148\/2025\/04\/DESTAQUE-UNIVERSO-550-x-350-27.jpg 550w, http:\/\/universofamilia.com\/wp-content\/uploads\/sites\/148\/2025\/04\/DESTAQUE-UNIVERSO-550-x-350-27-300x191.jpg 300w, http:\/\/universofamilia.com\/wp-content\/uploads\/sites\/148\/2025\/04\/DESTAQUE-UNIVERSO-550-x-350-27-18x12.jpg 18w\" sizes=\"(max-width: 550px) 100vw, 550px\" \/><figcaption class=\"wp-element-caption\">N\u00f6velje akkumul\u00e1tor\u00e1nak \u00e9lettartam\u00e1t most ezzel az alkalmaz\u00e1ssal<\/figcaption><\/figure><\/div>\n\n\n<h2 class=\"wp-block-heading\">Mi\u00e9rt b\u00edzzunk ezekben az alkalmaz\u00e1sokban?<\/h2>\n\n\n\n<p>Az \u00e1ltalunk aj\u00e1nlott alkalmaz\u00e1sok nemcsak n\u00e9pszer\u0171ek, de vil\u00e1gszerte t\u00f6bb milli\u00f3 felhaszn\u00e1l\u00f3 \u00e9rt\u00e9keli \u0151ket magasra. El\u00e9rhet\u0151k a Play \u00c1ruh\u00e1zban, amely garant\u00e1lja a biztons\u00e1got, a gyakori friss\u00edt\u00e9seket \u00e9s a legt\u00f6bb Android-eszk\u00f6zzel val\u00f3 kompatibilit\u00e1st.<\/p>\n\n\n\n<p>R\u00e1ad\u00e1sul mindegyik ingyenes, vagy van teljesen m\u0171k\u00f6d\u0151k\u00e9pes ingyenes verzi\u00f3juk. Nem kell fizetned az eredm\u00e9nyek\u00e9rt.<\/p>\n\n\n\n<p>Ezeket az alkalmaz\u00e1sokat val\u00f3di emberek tesztelt\u00e9k, akiknek ugyanazok a probl\u00e9m\u00e1ik voltak, mint neked. K\u00f6nnyen haszn\u00e1lhat\u00f3ak, nem foglalnak sok helyet, \u00e9s kev\u00e9s energi\u00e1t fogyasztanak, ami elengedhetetlen egy olyan eszk\u00f6z eset\u00e9ben, amelynek c\u00e9lja az akkumul\u00e1tor \u00e9lettartam\u00e1nak megtakar\u00edt\u00e1sa.<\/p>\n\n\n\n<h2 class=\"wp-block-heading\">Gyakran ism\u00e9telt k\u00e9rd\u00e9sek az akkumul\u00e1tor gondoz\u00e1s\u00e1val kapcsolatban<\/h2>\n\n\n\n<h3 class=\"wp-block-heading\">Rendben van, ha hagyom kikapcsolni a mobiltelefonomat t\u00f6lt\u00e9s el\u0151tt?<\/h3>\n\n\n\n<p>Nem. A modern l\u00edtium akkumul\u00e1torokat nem kell teljesen lemer\u00edteni. Val\u00f3j\u00e1ban a legjobb, ha a szintet 20% \u00e9s 80% k\u00f6z\u00f6tt tartjuk.<\/p>\n\n\n\n<h3 class=\"wp-block-heading\">Rossz a 100% t\u00f6lt\u00e9se?<\/h3>\n\n\n\n<p>Igen, a 100% gyakori t\u00f6lt\u00e9se ler\u00f6vid\u00edtheti az akkumul\u00e1tor \u00e9lettartam\u00e1t. Ez\u00e9rt figyelmezteti \u00d6nt n\u00e9h\u00e1ny alkalmaz\u00e1s, mint p\u00e9ld\u00e1ul az AccuBattery, hogy mikor kell le\u00e1ll\u00edtani a t\u00f6lt\u00e9st.<\/p>\n\n\n\n<h3 class=\"wp-block-heading\">T\u00e9nyleg m\u0171k\u00f6dik az energiatakar\u00e9kos m\u00f3d?<\/h3>\n\n\n\n<p>Igen. Cs\u00f6kkenti bizonyos funkci\u00f3k teljes\u00edtm\u00e9ny\u00e9t, de korl\u00e1tozza a felesleges energi\u00e1t fogyaszt\u00f3 folyamatokat is. Hasznos enged\u00e9lyezni, ha alacsony az akkumul\u00e1tor t\u00f6lt\u00f6tts\u00e9ge, vagy nem haszn\u00e1lod intenz\u00edven a telefonodat.<\/p>\n\n\n\n<h3 class=\"wp-block-heading\">Az akkumul\u00e1tort k\u00edm\u00e9l\u0151 alkalmaz\u00e1sok mer\u00edtik az akkumul\u00e1tort?<\/h3>\n\n\n\n<p>Nem a j\u00f3k. Az \u00e1ltalunk aj\u00e1nlott alkalmaz\u00e1sok mind alacsony energiafogyaszt\u00e1s\u00faak, okosan m\u0171k\u00f6dnek, \u00e9s nem befoly\u00e1solj\u00e1k az \u00e1ltal\u00e1nos teljes\u00edtm\u00e9nyt.<\/p>\n\n\n\n<h2 class=\"wp-block-heading\">Mit nyersz az akkumul\u00e1torod gondoz\u00e1s\u00e1val?<\/h2>\n\n\n\n<p><strong>Nagyobb auton\u00f3mia<\/strong>Eg\u00e9sz nap haszn\u00e1lhatod a mobiltelefonodat an\u00e9lk\u00fcl, hogy a t\u00f6lt\u0151 miatt kellene agg\u00f3dnod.<\/p>\n\n\n\n<p><strong>Kevesebb stressz<\/strong>Nem kell konnektorokat vagy k\u00fcls\u0151 akkumul\u00e1torokat keresg\u00e9lned.<\/p>\n\n\n\n<p><strong>Hosszabb eszk\u00f6z \u00e9lettartam<\/strong>Egy j\u00f3l karbantartott akkumul\u00e1torral a mobiltelefonod tov\u00e1bb b\u00edrja meghib\u00e1sod\u00e1s n\u00e9lk\u00fcl.<\/p>\n\n\n\n<p><strong>Jobb \u00f6sszteljes\u00edtm\u00e9ny<\/strong>Amikor a rendszer optimaliz\u00e1lva van, minden gyorsabban m\u0171k\u00f6dik.<\/p>\n\n\n\n<p>Az akkumul\u00e1tor gondoz\u00e1sa a befektet\u00e9s meg\u0151rz\u00e9s\u00e9t is jelenti. A mobiltelefonok manaps\u00e1g nem olcs\u00f3k, ez\u00e9rt minden l\u00e9p\u00e9s, amit az \u00e9lettartamuk meghosszabb\u00edt\u00e1sa \u00e9rdek\u00e9ben teszel, fontos.<\/p>\n\n\n\n<h2 class=\"wp-block-heading\">Cselekedj m\u00e9g ma!<\/h2>\n\n\n\n<p>Ha id\u00e1ig eljutott\u00e1l, akkor m\u00e1r mindent tudsz, amit tudnod kell. <strong>n\u00f6velje az akkumul\u00e1tor \u00e9lettartam\u00e1t<\/strong> semmi komplik\u00e1ci\u00f3. Most rajtad a sor, hogy cselekedj.<\/p>\n\n\n\n<p>T\u00f6lts le egyet (vagy mindh\u00e1rmat!) az aj\u00e1nlott alkalmaz\u00e1sok k\u00f6z\u00fcl, k\u00f6vesd a tippjeinket, \u00e9s \u00e9lvezd a hat\u00e9konyabb telefont, amely eg\u00e9sz nap kitart an\u00e9lk\u00fcl, hogy folyamatosan \u00fajra kellene t\u00f6lteni.<\/p>\n\n\n\n<p>K\u00e9szen \u00e1llsz arra, hogy ne agg\u00f3dj az akkumul\u00e1torod miatt?<\/p>\n\n\n\n<p>Kattints, telep\u00edtsd a neked tetsz\u0151 alkalmaz\u00e1st, \u00e9s m\u00e1ris \u00e9rezd a k\u00fcl\u00f6nbs\u00e9get.<\/p>\n\n\n\n<p><strong>A mobiltelefonod, a te energi\u00e1d, a te ir\u00e1ny\u00edt\u00e1sod.<\/strong><\/p>","protected":false},"excerpt":{"rendered":"<p>\u00bfTu bater\u00eda se agota muy r\u00e1pido? \u00a1Este art\u00edculo es para ti! \u00bfQu\u00e9 desea? Aumentar la duraci\u00f3n de la bater\u00eda es uno de los mayores desaf\u00edos que enfrentamos con nuestros celulares. Todos hemos pasado por esa situaci\u00f3n inc\u00f3moda: est\u00e1s fuera de casa, sin cargador, y el \u00edcono de la bater\u00eda empieza a parpadear en rojo. \u00bfTe [&hellip;]<\/p>","protected":false},"author":139,"featured_media":9225,"comment_status":"closed","ping_status":"open","sticky":false,"template":"","format":"standard","meta":{"footnotes":""},"categories":[2],"tags":[2187,166,2185,2059,2186],"yoast_head":"<!-- This site is optimized with the Yoast SEO plugin v23.3 - https:\/\/yoast.com\/wordpress\/plugins\/seo\/ -->\n<title>Aumenta la duraci\u00f3n de la bater\u00eda ahora con este app - Universo Fam\u00edlia<\/title>\n<meta name=\"description\" content=\"Aumenta la duraci\u00f3n de la bater\u00eda ahora con este app. Aumentar la duraci\u00f3n de la bater\u00eda es uno de los mayores desaf\u00edos que enfrentamos...\" \/>\n<meta name=\"robots\" content=\"index, follow, max-snippet:-1, max-image-preview:large, max-video-preview:-1\" \/>\n<link rel=\"canonical\" href=\"http:\/\/universofamilia.com\/hu\/aumenta-la-duracion-de-la-bateria-ahora-con-este-app\/\" \/>\n<meta property=\"og:locale\" content=\"hu_HU\" \/>\n<meta property=\"og:type\" content=\"article\" \/>\n<meta property=\"og:title\" content=\"Aumenta la duraci\u00f3n de la bater\u00eda ahora con este app - Universo Fam\u00edlia\" \/>\n<meta property=\"og:description\" content=\"Aumenta la duraci\u00f3n de la bater\u00eda ahora con este app. Aumentar la duraci\u00f3n de la bater\u00eda es uno de los mayores desaf\u00edos que enfrentamos...\" \/>\n<meta property=\"og:url\" content=\"http:\/\/universofamilia.com\/hu\/aumenta-la-duracion-de-la-bateria-ahora-con-este-app\/\" \/>\n<meta property=\"og:site_name\" content=\"Universo Fam\u00edlia\" \/>\n<meta property=\"article:published_time\" content=\"2025-04-05T13:33:47+00:00\" \/>\n<meta property=\"article:modified_time\" content=\"2025-04-05T13:33:48+00:00\" \/>\n<meta property=\"og:image\" content=\"http:\/\/universofamilia.com\/wp-content\/uploads\/sites\/148\/2025\/04\/DESTAQUE-UNIVERSO-550-x-350-27.jpg\" \/>\n\t<meta property=\"og:image:width\" content=\"550\" \/>\n\t<meta property=\"og:image:height\" content=\"350\" \/>\n\t<meta property=\"og:image:type\" content=\"image\/jpeg\" \/>\n<meta name=\"author\" content=\"Pedro Henrique\" \/>\n<meta name=\"twitter:card\" content=\"summary_large_image\" \/>\n<meta name=\"twitter:label1\" content=\"Written by\" \/>\n\t<meta name=\"twitter:data1\" content=\"Pedro Henrique\" \/>\n\t<meta name=\"twitter:label2\" content=\"Est. reading time\" \/>\n\t<meta name=\"twitter:data2\" content=\"9 perc\" \/>\n<script type=\"application\/ld+json\" class=\"yoast-schema-graph\">{\"@context\":\"https:\/\/schema.org\",\"@graph\":[{\"@type\":\"WebPage\",\"@id\":\"http:\/\/universofamilia.com\/bg\/aumenta-la-duracion-de-la-bateria-ahora-con-este-app\/\",\"url\":\"http:\/\/universofamilia.com\/bg\/aumenta-la-duracion-de-la-bateria-ahora-con-este-app\/\",\"name\":\"Aumenta la duraci\u00f3n de la bater\u00eda ahora con este app - Universo Fam\u00edlia\",\"isPartOf\":{\"@id\":\"https:\/\/universofamilia.com\/el\/#website\"},\"primaryImageOfPage\":{\"@id\":\"http:\/\/universofamilia.com\/bg\/aumenta-la-duracion-de-la-bateria-ahora-con-este-app\/#primaryimage\"},\"image\":{\"@id\":\"http:\/\/universofamilia.com\/bg\/aumenta-la-duracion-de-la-bateria-ahora-con-este-app\/#primaryimage\"},\"thumbnailUrl\":\"http:\/\/universofamilia.com\/wp-content\/uploads\/sites\/148\/2025\/04\/DESTAQUE-UNIVERSO-550-x-350-27.jpg\",\"datePublished\":\"2025-04-05T13:33:47+00:00\",\"dateModified\":\"2025-04-05T13:33:48+00:00\",\"author\":{\"@id\":\"https:\/\/universofamilia.com\/el\/#\/schema\/person\/f07ce98187dd84d31154262e79b3b7ca\"},\"description\":\"Aumenta la duraci\u00f3n de la bater\u00eda ahora con este app. Aumentar la duraci\u00f3n de la bater\u00eda es uno de los mayores desaf\u00edos que enfrentamos...\",\"breadcrumb\":{\"@id\":\"http:\/\/universofamilia.com\/bg\/aumenta-la-duracion-de-la-bateria-ahora-con-este-app\/#breadcrumb\"},\"inLanguage\":\"hu\",\"potentialAction\":[{\"@type\":\"ReadAction\",\"target\":[\"http:\/\/universofamilia.com\/bg\/aumenta-la-duracion-de-la-bateria-ahora-con-este-app\/\"]}]},{\"@type\":\"ImageObject\",\"inLanguage\":\"hu\",\"@id\":\"http:\/\/universofamilia.com\/bg\/aumenta-la-duracion-de-la-bateria-ahora-con-este-app\/#primaryimage\",\"url\":\"http:\/\/universofamilia.com\/wp-content\/uploads\/sites\/148\/2025\/04\/DESTAQUE-UNIVERSO-550-x-350-27.jpg\",\"contentUrl\":\"http:\/\/universofamilia.com\/wp-content\/uploads\/sites\/148\/2025\/04\/DESTAQUE-UNIVERSO-550-x-350-27.jpg\",\"width\":550,\"height\":350,\"caption\":\"Aumenta la duraci\u00f3n de la bater\u00eda ahora con este app\"},{\"@type\":\"BreadcrumbList\",\"@id\":\"http:\/\/universofamilia.com\/bg\/aumenta-la-duracion-de-la-bateria-ahora-con-este-app\/#breadcrumb\",\"itemListElement\":[{\"@type\":\"ListItem\",\"position\":1,\"name\":\"Home\",\"item\":\"https:\/\/universofamilia.com\/el\/\"},{\"@type\":\"ListItem\",\"position\":2,\"name\":\"Aumenta la duraci\u00f3n de la bater\u00eda ahora con este app\"}]},{\"@type\":\"WebSite\",\"@id\":\"https:\/\/universofamilia.com\/el\/#website\",\"url\":\"https:\/\/universofamilia.com\/el\/\",\"name\":\"Universo Fam\u00edlia\",\"description\":\"\",\"potentialAction\":[{\"@type\":\"SearchAction\",\"target\":{\"@type\":\"EntryPoint\",\"urlTemplate\":\"https:\/\/universofamilia.com\/el\/?s={search_term_string}\"},\"query-input\":\"required name=search_term_string\"}],\"inLanguage\":\"hu\"},{\"@type\":\"Person\",\"@id\":\"https:\/\/universofamilia.com\/el\/#\/schema\/person\/f07ce98187dd84d31154262e79b3b7ca\",\"name\":\"Pedro Henrique\",\"image\":{\"@type\":\"ImageObject\",\"inLanguage\":\"hu\",\"@id\":\"https:\/\/universofamilia.com\/el\/#\/schema\/person\/image\/\",\"url\":\"http:\/\/0.gravatar.com\/avatar\/9edfeb808cb4e1599f64d6e45b130154?s=96&d=mm&r=g\",\"contentUrl\":\"http:\/\/0.gravatar.com\/avatar\/9edfeb808cb4e1599f64d6e45b130154?s=96&d=mm&r=g\",\"caption\":\"Pedro Henrique\"},\"url\":\"http:\/\/universofamilia.com\/hu\/author\/editor01\/\"}]}<\/script>\n<!-- \/ Yoast SEO plugin. -->","yoast_head_json":{"title":"Aumenta la duraci\u00f3n de la bater\u00eda ahora con este app - Universo Fam\u00edlia","description":"Aumenta la duraci\u00f3n de la bater\u00eda ahora con este app. Aumentar la duraci\u00f3n de la bater\u00eda es uno de los mayores desaf\u00edos que enfrentamos...","robots":{"index":"index","follow":"follow","max-snippet":"max-snippet:-1","max-image-preview":"max-image-preview:large","max-video-preview":"max-video-preview:-1"},"canonical":"http:\/\/universofamilia.com\/hu\/aumenta-la-duracion-de-la-bateria-ahora-con-este-app\/","og_locale":"hu_HU","og_type":"article","og_title":"Aumenta la duraci\u00f3n de la bater\u00eda ahora con este app - Universo Fam\u00edlia","og_description":"Aumenta la duraci\u00f3n de la bater\u00eda ahora con este app. Aumentar la duraci\u00f3n de la bater\u00eda es uno de los mayores desaf\u00edos que enfrentamos...","og_url":"http:\/\/universofamilia.com\/hu\/aumenta-la-duracion-de-la-bateria-ahora-con-este-app\/","og_site_name":"Universo Fam\u00edlia","article_published_time":"2025-04-05T13:33:47+00:00","article_modified_time":"2025-04-05T13:33:48+00:00","og_image":[{"width":550,"height":350,"url":"http:\/\/universofamilia.com\/wp-content\/uploads\/sites\/148\/2025\/04\/DESTAQUE-UNIVERSO-550-x-350-27.jpg","type":"image\/jpeg"}],"author":"Pedro Henrique","twitter_card":"summary_large_image","twitter_misc":{"Written by":"Pedro Henrique","Est. reading time":"9 perc"},"schema":{"@context":"https:\/\/schema.org","@graph":[{"@type":"WebPage","@id":"http:\/\/universofamilia.com\/bg\/aumenta-la-duracion-de-la-bateria-ahora-con-este-app\/","url":"http:\/\/universofamilia.com\/bg\/aumenta-la-duracion-de-la-bateria-ahora-con-este-app\/","name":"Aumenta la duraci\u00f3n de la bater\u00eda ahora con este app - Universo Fam\u00edlia","isPartOf":{"@id":"https:\/\/universofamilia.com\/el\/#website"},"primaryImageOfPage":{"@id":"http:\/\/universofamilia.com\/bg\/aumenta-la-duracion-de-la-bateria-ahora-con-este-app\/#primaryimage"},"image":{"@id":"http:\/\/universofamilia.com\/bg\/aumenta-la-duracion-de-la-bateria-ahora-con-este-app\/#primaryimage"},"thumbnailUrl":"http:\/\/universofamilia.com\/wp-content\/uploads\/sites\/148\/2025\/04\/DESTAQUE-UNIVERSO-550-x-350-27.jpg","datePublished":"2025-04-05T13:33:47+00:00","dateModified":"2025-04-05T13:33:48+00:00","author":{"@id":"https:\/\/universofamilia.com\/el\/#\/schema\/person\/f07ce98187dd84d31154262e79b3b7ca"},"description":"Aumenta la duraci\u00f3n de la bater\u00eda ahora con este app. Aumentar la duraci\u00f3n de la bater\u00eda es uno de los mayores desaf\u00edos que enfrentamos...","breadcrumb":{"@id":"http:\/\/universofamilia.com\/bg\/aumenta-la-duracion-de-la-bateria-ahora-con-este-app\/#breadcrumb"},"inLanguage":"hu","potentialAction":[{"@type":"ReadAction","target":["http:\/\/universofamilia.com\/bg\/aumenta-la-duracion-de-la-bateria-ahora-con-este-app\/"]}]},{"@type":"ImageObject","inLanguage":"hu","@id":"http:\/\/universofamilia.com\/bg\/aumenta-la-duracion-de-la-bateria-ahora-con-este-app\/#primaryimage","url":"http:\/\/universofamilia.com\/wp-content\/uploads\/sites\/148\/2025\/04\/DESTAQUE-UNIVERSO-550-x-350-27.jpg","contentUrl":"http:\/\/universofamilia.com\/wp-content\/uploads\/sites\/148\/2025\/04\/DESTAQUE-UNIVERSO-550-x-350-27.jpg","width":550,"height":350,"caption":"Aumenta la duraci\u00f3n de la bater\u00eda ahora con este app"},{"@type":"BreadcrumbList","@id":"http:\/\/universofamilia.com\/bg\/aumenta-la-duracion-de-la-bateria-ahora-con-este-app\/#breadcrumb","itemListElement":[{"@type":"ListItem","position":1,"name":"Home","item":"https:\/\/universofamilia.com\/el\/"},{"@type":"ListItem","position":2,"name":"Aumenta la duraci\u00f3n de la bater\u00eda ahora con este app"}]},{"@type":"WebSite","@id":"https:\/\/universofamilia.com\/el\/#website","url":"https:\/\/universofamilia.com\/el\/","name":"Universo Fam\u00edlia","description":"","potentialAction":[{"@type":"SearchAction","target":{"@type":"EntryPoint","urlTemplate":"https:\/\/universofamilia.com\/el\/?s={search_term_string}"},"query-input":"required name=search_term_string"}],"inLanguage":"hu"},{"@type":"Person","@id":"https:\/\/universofamilia.com\/el\/#\/schema\/person\/f07ce98187dd84d31154262e79b3b7ca","name":"Pedro Henrique","image":{"@type":"ImageObject","inLanguage":"hu","@id":"https:\/\/universofamilia.com\/el\/#\/schema\/person\/image\/","url":"http:\/\/0.gravatar.com\/avatar\/9edfeb808cb4e1599f64d6e45b130154?s=96&d=mm&r=g","contentUrl":"http:\/\/0.gravatar.com\/avatar\/9edfeb808cb4e1599f64d6e45b130154?s=96&d=mm&r=g","caption":"Pedro Henrique"},"url":"http:\/\/universofamilia.com\/hu\/author\/editor01\/"}]}},"_links":{"self":[{"href":"http:\/\/universofamilia.com\/hu\/wp-json\/wp\/v2\/posts\/9220"}],"collection":[{"href":"http:\/\/universofamilia.com\/hu\/wp-json\/wp\/v2\/posts"}],"about":[{"href":"http:\/\/universofamilia.com\/hu\/wp-json\/wp\/v2\/types\/post"}],"author":[{"embeddable":true,"href":"http:\/\/universofamilia.com\/hu\/wp-json\/wp\/v2\/users\/139"}],"replies":[{"embeddable":true,"href":"http:\/\/universofamilia.com\/hu\/wp-json\/wp\/v2\/comments?post=9220"}],"version-history":[{"count":2,"href":"http:\/\/universofamilia.com\/hu\/wp-json\/wp\/v2\/posts\/9220\/revisions"}],"predecessor-version":[{"id":9294,"href":"http:\/\/universofamilia.com\/hu\/wp-json\/wp\/v2\/posts\/9220\/revisions\/9294"}],"wp:featuredmedia":[{"embeddable":true,"href":"http:\/\/universofamilia.com\/hu\/wp-json\/wp\/v2\/media\/9225"}],"wp:attachment":[{"href":"http:\/\/universofamilia.com\/hu\/wp-json\/wp\/v2\/media?parent=9220"}],"wp:term":[{"taxonomy":"category","embeddable":true,"href":"http:\/\/universofamilia.com\/hu\/wp-json\/wp\/v2\/categories?post=9220"},{"taxonomy":"post_tag","embeddable":true,"href":"http:\/\/universofamilia.com\/hu\/wp-json\/wp\/v2\/tags?post=9220"}],"curies":[{"name":"wp","href":"https:\/\/api.w.org\/{rel}","templated":true}]}}