{"id":9229,"date":"2025-04-07T18:35:38","date_gmt":"2025-04-07T18:35:38","guid":{"rendered":"https:\/\/universofamilia.com\/?p=9229"},"modified":"2025-06-26T19:35:07","modified_gmt":"2025-06-26T19:35:07","slug":"recupera-fotos-ocultas-o-perdidas-con-estos-increibles-apps","status":"publish","type":"post","link":"http:\/\/universofamilia.com\/hu\/recupera-fotos-ocultas-o-perdidas-con-estos-increibles-apps\/","title":{"rendered":"Elveszett vagy rejtett f\u00e9nyk\u00e9pek helyre\u00e1ll\u00edt\u00e1sa ezekkel a leny\u0171g\u00f6z\u0151 alkalmaz\u00e1sokkal"},"content":{"rendered":"<p><\/p>\n\n\n\n<hr class=\"wp-block-separator has-alpha-channel-opacity is-style-wide\" \/>\n\n\n\n<p class=\"has-text-align-center\">Fedezze fel a k\u00f6vetkez\u0151 lehet\u0151s\u00e9geket a t\u00e9m\u00e1hoz kapcsol\u00f3d\u00f3an <strong>t\u00f6r\u00f6lt fot\u00f3k helyre\u00e1ll\u00edt\u00e1sa<\/strong>.<\/p>\n\n\n    <section class=\"mx-1 my-10\">\n                                                <a href=\"http:\/\/universofamilia.com\/hu\/recupera-cualquier-foto-perdida-con-este-aplicativo\/\" class=\"text-white\" data-analytics-label=\"optionsButton\"\n                    data-action=\"analytics#trackCTA\">\n                    <div data-options-target=\"option\"\n                        class=\"custom-section rounded-xl border p-3 shadow-md w-full bg-green-700 my-3\">\n                        <div class=\"flex w-full items-center justify-between\">\n                            <div class=\"flex items-center space-x-3\">\n                                <div class=\"text-lg font-bold\">\n                                    R\u00c9GI FOT\u00d3K HELYRE\u00c1LL\u00cdT\u00c1SA \u279d\n                                <\/div>\n                            <\/div>\n                        <\/div>\n                    <\/div>\n                <\/a>\n                                                            <a href=\"http:\/\/universofamilia.com\/hu\/lp-recupera-cualquier-foto-perdida\/\" class=\"text-white\" data-analytics-label=\"optionsButton\"\n                    data-action=\"analytics#trackCTA\">\n                    <div data-options-target=\"option\"\n                        class=\"custom-section rounded-xl border p-3 shadow-md w-full bg-green-700 my-3\">\n                        <div class=\"flex w-full items-center justify-between\">\n                            <div class=\"flex items-center space-x-3\">\n                                <div class=\"text-lg font-bold\">\n                                    HOZZ\u00c1F\u00c9R\u00c9S A REJTETT SZEM\u00c9THEZ \u279d\n                                <\/div>\n                            <\/div>\n                        <\/div>\n                    <\/div>\n                <\/a>\n                                                            <a href=\"http:\/\/universofamilia.com\/hu\/lp-recuperar-fotos\/\" class=\"text-white\" data-analytics-label=\"optionsButton\"\n                    data-action=\"analytics#trackCTA\">\n                    <div data-options-target=\"option\"\n                        class=\"custom-section rounded-xl border p-3 shadow-md w-full bg-green-700 my-3\">\n                        <div class=\"flex w-full items-center justify-between\">\n                            <div class=\"flex items-center space-x-3\">\n                                <div class=\"text-lg font-bold\">\n                                    HELYRE\u00c1LL\u00cdTSA FOT\u00d3IT \u279d\n                                <\/div>\n                            <\/div>\n                        <\/div>\n                    <\/div>\n                <\/a>\n                            <p class=\"text-xs text-gray-500 text-right hidden\"\n            style=\"margin-left: 50%; margin-bottom: 50px; margin-top: 5px;\">\n            <!-- You will be redirected to another website -->\n        <\/p>\n    <\/section>\n\n\n\n\n<p class=\"has-text-align-right\"><em><strong><em><strong><em><strong><em><strong><em><strong><em><strong><em><strong><em><strong><em><strong><em><strong>Ugyanott fog maradni!<\/strong><\/em><\/strong><\/em><\/strong><\/em><\/strong><\/em><\/strong><\/em><\/strong><\/em><\/strong><\/em><\/strong><\/em><\/strong><\/em><\/strong><\/em><\/p>\n\n\n\n<hr class=\"wp-block-separator has-alpha-channel-opacity is-style-wide\" \/>\n\n\n\n<p><\/p>\n\n\n\n<h3 class=\"wp-block-heading\">V\u00e9letlen\u00fcl t\u00f6r\u00f6lted a fot\u00f3idat? Ne agg\u00f3dj, itt a megold\u00e1s!<\/h3>\n\n\n\n<p><strong>Rejtett vagy elveszett f\u00e9nyk\u00e9pek helyre\u00e1ll\u00edt\u00e1sa<\/strong> egyszer\u0171en olyan alkalmaz\u00e1sok seg\u00edts\u00e9g\u00e9vel, amelyek elv\u00e9gzik \u00d6n helyett a munk\u00e1t.<\/p>\n\n\n\n<p>Ki ne \u00e9lte volna \u00e1t azt a k\u00e9ts\u00e9gbees\u00e9s pillanat\u00e1t fontos k\u00e9pek t\u00f6rl\u00e9se ut\u00e1n? Nem vagy egyed\u00fcl, \u00e9s a legjobb az eg\u00e9szben: <a href=\"http:\/\/universofamilia.com\/hu\/recupera-cualquier-foto-perdida-con-este-aplicativo\/\">Igen, van m\u00f3d a visszaszerz\u00e9s\u00fckre!<\/a><\/p>\n\n\n\n<p>Ma val\u00f3di, megb\u00edzhat\u00f3 \u00e9s k\u00f6nnyen haszn\u00e1lhat\u00f3 alkalmaz\u00e1sokat fogunk felfedezni. Nem kell hozz\u00e1 tech szak\u00e9rt\u0151nek lenned.<\/p>\n\n\n\n<p>Csak k\u00f6vesd a l\u00e9p\u00e9seket, t\u00f6ltsd le az alkalmaz\u00e1st, \u00e9s perceken bel\u00fcl visszakaphatod a fot\u00f3idat.<\/p>\n\n\n\n<p>Ez a cikk azoknak sz\u00f3l, akik gyors, ingyenes \u00e9s hat\u00e9kony megold\u00e1st keresnek. Kezdj\u00fck is!<\/p>\n\n\n\n<h2 class=\"wp-block-heading\">Mi t\u00f6rt\u00e9nik, ha v\u00e9letlen\u00fcl t\u00f6r\u00f6lsz egy fot\u00f3t?<\/h2>\n\n\n\n<h3 class=\"wp-block-heading\">A mindennapi dr\u00e1ma: v\u00e9letlen t\u00f6rl\u00e9s<\/h3>\n\n\n\n<p>K\u00e9pzeld el: \u00e9ppen a gal\u00e9ri\u00e1dat rendezed, hogy helyet szabad\u00edts fel, \u00e9s hirtelen... bumm! Elt\u0171nt az a sz\u00fclet\u00e9snapi, nyaral\u00e1si vagy h\u00e1zi\u00e1llatr\u00f3l k\u00e9sz\u00fclt fot\u00f3.<\/p>\n\n\n\n<p>Egyetlen rossz kattint\u00e1s, egyetlen pillanatnyi figyelemelterel\u00e9s, \u00e9s ami valaha egy becses eml\u00e9k volt, az szertefoszlott. De v\u00e1rj\u2026 nincs minden veszve.<\/p>\n\n\n\n<p>Amit sokan nem tudnak, az az, hogy m\u00e9g ha t\u00f6r\u00f6lt\u00e9k is, sokszor <strong>a k\u00e9p m\u00e9g mindig a telefonodon van<\/strong>, csak elrejtve vagy a visszaszerz\u00e9sre v\u00e1rva.<\/p>\n\n\n\n<p>Az Android rendszerek nem t\u00f6rlik azonnal a f\u00e1jlokat. Ehelyett \u201eel\u00e9rhet\u0151 helyk\u00e9nt\u201d jel\u00f6lik meg \u0151ket, \u00e9s csak akkor t\u00f6rl\u0151dnek t\u00e9nylegesen, ha egy m\u00e1sik f\u00e1jl fel\u00fcl\u00edrja \u0151ket.<\/p>\n\n\n\n<p><\/p>\n\n\n\n<hr class=\"wp-block-separator has-alpha-channel-opacity is-style-wide\" \/>\n\n\n\n<h5 class=\"wp-block-heading has-text-align-center\"><strong><mark class=\"has-inline-color has-luminous-vivid-amber-color\">Olvasd el m\u00e9g<\/mark><\/strong><\/h5>\n\n\n    <section class=\"mx-1 my-10\">\n                                                <a href=\"http:\/\/universofamilia.com\/hu\/lp-filmes-asiaticos\/\" class=\"text-white\" data-analytics-label=\"optionsButton\"\n                    data-action=\"analytics#trackCTA\">\n                    <div data-options-target=\"option\"\n                        class=\"custom-section rounded-xl border p-3 shadow-md w-full bg-green-700 my-3\">\n                        <div class=\"flex w-full items-center justify-between\">\n                            <div class=\"flex items-center space-x-3\">\n                                <div class=\"text-lg font-bold\">\n                                    App koreai dr\u00e1m\u00e1k n\u00e9z\u00e9s\u00e9hez \u279d\n                                <\/div>\n                            <\/div>\n                        <\/div>\n                    <\/div>\n                <\/a>\n                                                            <a href=\"http:\/\/universofamilia.com\/hu\/lp-recuperar-fotos\/\" class=\"text-white\" data-analytics-label=\"optionsButton\"\n                    data-action=\"analytics#trackCTA\">\n                    <div data-options-target=\"option\"\n                        class=\"custom-section rounded-xl border p-3 shadow-md w-full bg-green-700 my-3\">\n                        <div class=\"flex w-full items-center justify-between\">\n                            <div class=\"flex items-center space-x-3\">\n                                <div class=\"text-lg font-bold\">\n                                    T\u00f6r\u00f6lt fot\u00f3k helyre\u00e1ll\u00edt\u00e1sa ezzel az alkalmaz\u00e1ssal!  \u279d\n                                <\/div>\n                            <\/div>\n                        <\/div>\n                    <\/div>\n                <\/a>\n                                                            <a href=\"http:\/\/universofamilia.com\/hu\/el-amor-a-un-clic\/\" class=\"text-white\" data-analytics-label=\"optionsButton\"\n                    data-action=\"analytics#trackCTA\">\n                    <div data-options-target=\"option\"\n                        class=\"custom-section rounded-xl border p-3 shadow-md w-full bg-green-700 my-3\">\n                        <div class=\"flex w-full items-center justify-between\">\n                            <div class=\"flex items-center space-x-3\">\n                                <div class=\"text-lg font-bold\">\n                                    Fedezd fel az ide\u00e1lis t\u00e1rskeres\u0151 alkalmaz\u00e1st \u279d\n                                <\/div>\n                            <\/div>\n                        <\/div>\n                    <\/div>\n                <\/a>\n                            <p class=\"text-xs text-gray-500 text-right hidden\"\n            style=\"margin-left: 50%; margin-bottom: 50px; margin-top: 5px;\">\n            <!-- You will be redirected to another website -->\n        <\/p>\n    <\/section>\n\n\n\n\n<p class=\"has-text-align-right\"><em><strong><em><strong><em><strong><em><strong><em><strong>Ugyanott fog maradni!<\/strong><\/em><\/strong><\/em><\/strong><\/em><\/strong><\/em><\/strong><\/em><\/p>\n\n\n\n<hr class=\"wp-block-separator has-alpha-channel-opacity is-style-wide\" \/>\n\n\n\n<p><\/p>\n\n\n\n<h3 class=\"wp-block-heading\">Mi\u00e9rt t\u0171nnek el a fot\u00f3k?<\/h3>\n\n\n\n<p>A k\u00e9pek elt\u0171n\u00e9s\u00e9nek leggyakoribb okai v\u00e1ltozatosak lehetnek, de ezek a legfontosabbak:<\/p>\n\n\n\n<ul>\n<li>V\u00e9letlen t\u00f6rl\u00e9s a gal\u00e9ria tiszt\u00edt\u00e1sa k\u00f6zben<\/li>\n\n\n\n<li>Hib\u00e1kat gener\u00e1l\u00f3 oper\u00e1ci\u00f3s rendszerfriss\u00edt\u00e9sek<\/li>\n\n\n\n<li>Probl\u00e9m\u00e1k a bels\u0151 mem\u00f3ri\u00e1val vagy hib\u00e1s SD-k\u00e1rty\u00e1kkal<\/li>\n\n\n\n<li>Harmadik f\u00e9lt\u0151l sz\u00e1rmaz\u00f3 alkalmaz\u00e1sok, amelyek beleegyez\u00e9s n\u00e9lk\u00fcl t\u00f6rlik az adatokat<\/li>\n\n\n\n<li>V\u00edrus vagy rosszindulat\u00fa program, amely k\u00e1ros\u00edtja a f\u00e1jlokat<\/li>\n<\/ul>\n\n\n\n<p>B\u00e1rmi is legyen az ok, vannak olyan eszk\u00f6z\u00f6k, amelyek seg\u00edthetnek vissza\u00e1ll\u00edtani azokat a f\u00e1jlokat, amelyeket \u00f6r\u00f6kre elveszettnek hitt\u00e9l.<\/p>\n\n\n\n<h2 class=\"wp-block-heading\">Hogyan m\u0171k\u00f6dnek a fot\u00f3-helyre\u00e1ll\u00edt\u00f3 alkalmaz\u00e1sok?<\/h2>\n\n\n\n<h3 class=\"wp-block-heading\">Technol\u00f3gia a megment\u0151<\/h3>\n\n\n\n<p>Ezek az alkalmaz\u00e1sok \u00e1tvizsg\u00e1lj\u00e1k az eszk\u00f6z\u00f6det t\u00f6r\u00f6lt f\u00e1jlok ut\u00e1n.<\/p>\n\n\n\n<p>Algoritmusokat haszn\u00e1lnak, amelyek \u00e1tvizsg\u00e1lj\u00e1k a mem\u00f3ria azon ter\u00fcleteit, ahol az adatok m\u00e9g lehetnek. Gyakran, m\u00e9g ha nem is l\u00e1tod a fot\u00f3t, <strong>a f\u00e1jl m\u00e9g mindig ott van<\/strong>, megment\u00e9sre v\u00e1rva.<\/p>\n\n\n\n<h3 class=\"wp-block-heading\">A fel\u00e9p\u00fcl\u00e9s t\u00edpusai<\/h3>\n\n\n\n<ul>\n<li><strong>Alapvet\u0151 fel\u00e9p\u00fcl\u00e9s:<\/strong> Nemr\u00e9g t\u00f6r\u00f6lt fot\u00f3khoz. Nincs sz\u00fcks\u00e9g k\u00fcl\u00f6nleges enged\u00e9lyekre.<\/li>\n\n\n\n<li><strong>M\u00e9lyszkennel\u00e9s:<\/strong> Ide\u00e1lis r\u00e9g\u00f3ta t\u00f6r\u00f6lt f\u00e1jlokhoz. Egyes alkalmaz\u00e1sok tov\u00e1bbi enged\u00e9lyeket vagy root hozz\u00e1f\u00e9r\u00e9st ig\u00e9nyelnek.<\/li>\n\n\n\n<li><strong>Helyre\u00e1ll\u00edt\u00e1s SD-k\u00e1rty\u00e1r\u00f3l:<\/strong> A telefonhoz csatlakoztatott k\u00fcls\u0151 meghajt\u00f3k beolvas\u00e1sa.<\/li>\n\n\n\n<li><strong>J\u00f6v\u0151beli megel\u0151z\u00e9s:<\/strong> Olyan alkalmaz\u00e1sok, amelyek l\u00e9trehoznak egy \u201elomt\u00e1rat\u201d, amely a t\u00f6r\u00f6lt f\u00e1jlokat t\u00e1rolja, arra az esetre, ha k\u00e9s\u0151bb vissza kellene \u00e1ll\u00edtani \u0151ket.<\/li>\n<\/ul>\n\n\n\n<h2 class=\"wp-block-heading\">A helyre\u00e1ll\u00edt\u00f3 alkalmaz\u00e1sok haszn\u00e1lat\u00e1nak el\u0151nyei<\/h2>\n\n\n\n<ul>\n<li>Id\u0151t \u00e9s p\u00e9nzt takar\u00edthat meg: nem kell szerel\u0151t h\u00edvnia<\/li>\n\n\n\n<li>Azonnali megold\u00e1sok a saj\u00e1t mobiltelefonodr\u00f3l<\/li>\n\n\n\n<li>Egyszer\u0171 fel\u00fclet, amelyet b\u00e1rmilyen felhaszn\u00e1l\u00f3t\u00edpus sz\u00e1m\u00e1ra terveztek<\/li>\n\n\n\n<li>A legt\u00f6bb esetben nincs sz\u00fcks\u00e9g rootra<\/li>\n\n\n\n<li>Automatikus szkennel\u00e9s \u00e9s egy kattint\u00e1sos helyre\u00e1ll\u00edt\u00e1s<\/li>\n<\/ul>\n\n\n\n<h2 class=\"wp-block-heading\">A legjobb alkalmaz\u00e1sok az elveszett fot\u00f3k vissza\u00e1ll\u00edt\u00e1s\u00e1hoz<\/h2>\n\n\n\n<h3 class=\"wp-block-heading\">1. <strong>DiskDigger \u2013 Fot\u00f3k helyre\u00e1ll\u00edt\u00e1sa m\u00e1sodpercek alatt<\/strong><\/h3>\n\n\n\n<p><a href=\"https:\/\/diskdigger.br.uptodown.com\/android\">\ud83d\udc49 Let\u00f6lt\u00e9s a Play \u00c1ruh\u00e1zb\u00f3l<\/a><\/p>\n\n\n\n<p>A DiskDigger az egyik ilyen <strong>a piacon el\u00e9rhet\u0151 legmegb\u00edzhat\u00f3bb alkalmaz\u00e1sok<\/strong> a t\u00f6r\u00f6lt k\u00e9pek megment\u00e9s\u00e9re.<\/p>\n\n\n\n<p>Intuit\u00edv kezel\u0151fel\u00fclete l\u00e9p\u00e9sr\u0151l l\u00e9p\u00e9sre v\u00e9gigvezet az eszk\u00f6z szkennel\u00e9s\u00e9n. V\u00e1laszthat az alapvet\u0151 vagy a m\u00e9lyrehat\u00f3 szkennel\u00e9s k\u00f6z\u00f6tt.<\/p>\n\n\n\n<p><strong>F\u0151 el\u0151ny\u00f6k:<\/strong><\/p>\n\n\n\n<ul>\n<li>Gyors vagy m\u00e9lyrehat\u00f3 vizsg\u00e1lat az \u00d6n ig\u00e9nyei szerint<\/li>\n\n\n\n<li>Kompatibilis f\u00e9nyk\u00e9pekkel, vide\u00f3kkal \u00e9s egyebekkel<\/li>\n\n\n\n<li>A vissza\u00e1ll\u00edtott f\u00e9nyk\u00e9peket elk\u00fcldheti e-mailben, vagy mentheti a felh\u0151be.<\/li>\n\n\n\n<li>Felhaszn\u00e1l\u00f3bar\u00e1t fel\u00fclet, ide\u00e1lis tapasztalatlan felhaszn\u00e1l\u00f3k sz\u00e1m\u00e1ra<\/li>\n<\/ul>\n\n\n\n<p>R\u00e1ad\u00e1sul van egy ingyenes verzi\u00f3ja is, ami a legt\u00f6bb felhaszn\u00e1l\u00f3 sz\u00e1m\u00e1ra remek\u00fcl m\u0171k\u00f6dik. Csak n\u00e9h\u00e1ny percet vesz ig\u00e9nybe kipr\u00f3b\u00e1lni \u00e9s l\u00e1tni az eredm\u00e9nyeket.<\/p>\n\n\n\n<p><\/p>\n\n\n\n<hr class=\"wp-block-separator has-alpha-channel-opacity is-style-wide\" \/>\n\n\n\n<h3 class=\"wp-block-heading\"><mark class=\"has-inline-color has-luminous-vivid-amber-color\"><strong>T\u00f6ltse le az alkalmaz\u00e1sokat<\/strong><\/mark><\/h3>\n\n\n    <section class=\"mx-1 my-10\">\n                                                <a href=\"https:\/\/diskdigger.br.uptodown.com\/android\" class=\"text-white\" data-analytics-label=\"optionsButton\"\n                    data-action=\"analytics#trackCTA\">\n                    <div data-options-target=\"option\"\n                        class=\"custom-section rounded-xl border p-3 shadow-md w-full bg-green-700 my-3\">\n                        <div class=\"flex w-full items-center justify-between\">\n                            <div class=\"flex items-center space-x-3\">\n                                <div class=\"text-lg font-bold\">\n                                    DiskDigger \u279d\n                                <\/div>\n                            <\/div>\n                        <\/div>\n                    <\/div>\n                <\/a>\n                            <p class=\"text-xs text-gray-500 text-right\"\n            style=\"margin-left: 50%; margin-bottom: 50px; margin-top: 5px;\">\n            <!-- You will be redirected to another website -->\n        <\/p>\n    <\/section>\n\n\n\n\n<p class=\"has-text-align-right\"><strong><em>\u00c1tir\u00e1ny\u00edtunk egy m\u00e1sik webhelyre<\/em><\/strong><\/p>\n\n\n\n<hr class=\"wp-block-separator has-alpha-channel-opacity is-style-wide\" \/>\n\n\n\n<p><\/p>\n\n\n\n<h3 class=\"wp-block-heading\">2. <strong>Kont\u00e9ner \u2013 Az okos \u00fajrahasznos\u00edt\u00f3 kuk\u00e1d<\/strong><\/h3>\n\n\n\n<p>A kont\u00e9ner \u00fagy m\u0171k\u00f6dik, mint egy <strong>automatikus lomt\u00e1r Androidra<\/strong>.<\/p>\n\n\n\n<p>Telep\u00edt\u00e9s ut\u00e1n az \u00f6sszes t\u00f6r\u00f6lt f\u00e1jlt elmenti, \u00edgy ha meggondolja mag\u00e1t, k\u00f6nnyen vissza\u00e1ll\u00edthatja azokat.<\/p>\n\n\n\n<p><strong>A legjobb az eg\u00e9szben, hogy a telep\u00edt\u00e9s el\u0151tt lehet\u0151v\u00e9 teszi a t\u00f6r\u00f6lt f\u00e1jlok beolvas\u00e1s\u00e1t \u00e9s vissza\u00e1ll\u00edt\u00e1s\u00e1t is.<\/strong><\/p>\n\n\n\n<p><strong>Er\u0151ss\u00e9gek:<\/strong><\/p>\n\n\n\n<ul>\n<li>Egy kattint\u00e1sos helyre\u00e1ll\u00edt\u00e1s<\/li>\n\n\n\n<li>T\u00f6bb form\u00e1tummal kompatibilis<\/li>\n\n\n\n<li>Automatikus biztons\u00e1gi ment\u00e9sek<\/li>\n\n\n\n<li>Nem ig\u00e9nyel \u00e1lland\u00f3 internetkapcsolatot<\/li>\n\n\n\n<li>Modern \u00e9s vizu\u00e1lis design<\/li>\n<\/ul>\n\n\n\n<p>Kiv\u00e1l\u00f3 v\u00e1laszt\u00e1s, ha a j\u00f6v\u0151ben meg szeretn\u00e9d v\u00e9deni magad, \u00e9s el szeretn\u00e9d ker\u00fclni az \u00e9rt\u00e9kes inform\u00e1ci\u00f3k elveszt\u00e9s\u00e9t a hib\u00e1k miatt.<\/p>\n\n\n\n<p><\/p>\n\n\n\n<hr class=\"wp-block-separator has-alpha-channel-opacity is-style-wide\" \/>\n\n\n\n<h3 class=\"wp-block-heading\"><mark class=\"has-inline-color has-luminous-vivid-amber-color\"><strong>T\u00f6ltse le az alkalmaz\u00e1sokat<\/strong><\/mark><\/h3>\n\n\n    <section class=\"mx-1 my-10\">\n                                                <a href=\"https:\/\/dumpster-recycle-bin.br.uptodown.com\/android\" class=\"text-white\" data-analytics-label=\"optionsButton\"\n                    data-action=\"analytics#trackCTA\">\n                    <div data-options-target=\"option\"\n                        class=\"custom-section rounded-xl border p-3 shadow-md w-full bg-green-700 my-3\">\n                        <div class=\"flex w-full items-center justify-between\">\n                            <div class=\"flex items-center space-x-3\">\n                                <div class=\"text-lg font-bold\">\n                                    Kont\u00e9ner \u279d\n                                <\/div>\n                            <\/div>\n                        <\/div>\n                    <\/div>\n                <\/a>\n                            <p class=\"text-xs text-gray-500 text-right\"\n            style=\"margin-left: 50%; margin-bottom: 50px; margin-top: 5px;\">\n            <!-- You will be redirected to another website -->\n        <\/p>\n    <\/section>\n\n\n\n\n<p class=\"has-text-align-right\"><strong><em>\u00c1tir\u00e1ny\u00edtunk egy m\u00e1sik webhelyre<\/em><\/strong><\/p>\n\n\n\n<hr class=\"wp-block-separator has-alpha-channel-opacity is-style-wide\" \/>\n\n\n\n<p><\/p>\n\n\n\n<h3 class=\"wp-block-heading\">3. <strong>Fot\u00f3-helyre\u00e1ll\u00edt\u00e1s \u2013 T\u00f6r\u00f6lt f\u00e9nyk\u00e9pek helyre\u00e1ll\u00edt\u00e1sa<\/strong><\/h3>\n\n\n\n<p>Ez az alkalmaz\u00e1s egyszer\u0171, k\u00f6nny\u0171 \u00e9s <strong>t\u00f6r\u00f6lt k\u00e9pek gyors helyre\u00e1ll\u00edt\u00e1s\u00e1ra specializ\u00e1l\u00f3dott<\/strong>.<\/p>\n\n\n\n<p>Komplex konfigur\u00e1ci\u00f3k n\u00e9lk\u00fcl, m\u00e1sodpercek alatt beolvassa az eszk\u00f6z\u00f6det, \u00e9s megmutatja a helyre\u00e1ll\u00edthat\u00f3 f\u00e9nyk\u00e9peket.<\/p>\n\n\n\n<p><strong>Kiemelt jellemz\u0151k:<\/strong><\/p>\n\n\n\n<ul>\n<li>Automatikus szkennel\u00e9s gyors eredm\u00e9nyekkel<\/li>\n\n\n\n<li>A legut\u00f3bbi k\u00e9pek magas visszakeres\u00e9si ar\u00e1nya<\/li>\n\n\n\n<li>Alapvet\u0151 fel\u00fclet b\u00e1rmilyen felhaszn\u00e1l\u00f3 sz\u00e1m\u00e1ra<\/li>\n\n\n\n<li>Nincs sz\u00fcks\u00e9g root vagy technikai be\u00e1ll\u00edt\u00e1sokra<\/li>\n<\/ul>\n\n\n\n<p>T\u00f6k\u00e9letes azok sz\u00e1m\u00e1ra, akik gyors \u00e9s hat\u00e9kony megold\u00e1st keresnek a bonyolult konfigur\u00e1ci\u00f3k gondjai n\u00e9lk\u00fcl.<\/p>\n\n\n\n<p><\/p>\n\n\n\n<hr class=\"wp-block-separator has-alpha-channel-opacity is-style-wide\" \/>\n\n\n\n<h3 class=\"wp-block-heading\"><mark class=\"has-inline-color has-luminous-vivid-amber-color\"><strong>T\u00f6ltse le az alkalmaz\u00e1sokat<\/strong><\/mark><\/h3>\n\n\n    <section class=\"mx-1 my-10\">\n                                                <a href=\"https:\/\/photo-recovery.en.uptodown.com\/android\" class=\"text-white\" data-analytics-label=\"optionsButton\"\n                    data-action=\"analytics#trackCTA\">\n                    <div data-options-target=\"option\"\n                        class=\"custom-section rounded-xl border p-3 shadow-md w-full bg-green-700 my-3\">\n                        <div class=\"flex w-full items-center justify-between\">\n                            <div class=\"flex items-center space-x-3\">\n                                <div class=\"text-lg font-bold\">\n                                    Kont\u00e9ner \u279d\n                                <\/div>\n                            <\/div>\n                        <\/div>\n                    <\/div>\n                <\/a>\n                            <p class=\"text-xs text-gray-500 text-right\"\n            style=\"margin-left: 50%; margin-bottom: 50px; margin-top: 5px;\">\n            <!-- You will be redirected to another website -->\n        <\/p>\n    <\/section>\n\n\n\n\n<p class=\"has-text-align-right\"><strong><em>\u00c1tir\u00e1ny\u00edtunk egy m\u00e1sik webhelyre<\/em><\/strong><\/p>\n\n\n\n<hr class=\"wp-block-separator has-alpha-channel-opacity is-style-wide\" \/>\n\n\n\n<p><\/p>\n\n\n\n<h2 class=\"wp-block-heading\">Val\u00f3di esetek: felhaszn\u00e1l\u00f3k, akik \u00e9rt\u00e9kes eml\u00e9keket szereztek vissza<\/h2>\n\n\n\n<h3 class=\"wp-block-heading\">Mariana, 32 \u2013 Fot\u00f3k a bab\u00e1ja els\u0151 \u00e9v\u00e9r\u0151l<\/h3>\n\n\n\n<p>\u201eV\u00e9letlen\u00fcl t\u00f6r\u00f6ltem egy eg\u00e9sz mapp\u00e1t. Azt hittem, soha t\u00f6bb\u00e9 nem l\u00e1tom azokat a fot\u00f3kat. De a DiskDiggerrel t\u00f6bb mint 300 k\u00e9pet siker\u00fclt helyre\u00e1ll\u00edtanom. El sem hittem!\u201d<\/p>\n\n\n\n<h3 class=\"wp-block-heading\">Juan, 19 \u00e9ves \u2013 Fontos vizsg\u00e1k digitaliz\u00e1l\u00e1sa<\/h3>\n\n\n\n<p>\u201eElvesztettem a jegyzeteimr\u0151l \u00e9s a vizsg\u00e1imr\u00f3l k\u00e9sz\u00fclt fot\u00f3kat; sz\u00fcks\u00e9gem volt r\u00e1juk a tanul\u00e1shoz. Haszn\u00e1ltam a Kont\u00e9neres Szemetesg\u00e9pet, \u00e9s ott voltak, megmentve. Ez mentette meg a f\u00e9l\u00e9vemet.\u201d<\/p>\n\n\n\n<h3 class=\"wp-block-heading\">Sz\u00f3fia, 45 \u00e9ves \u2013 Csal\u00e1di eml\u00e9kek<\/h3>\n\n\n\n<p>\u201eLemer\u00fclt a telefonom, \u00e9s nem tal\u00e1ltam a sz\u00fcleim fot\u00f3it. A Photo Recovery seg\u00edts\u00e9g\u00e9vel sokat siker\u00fclt vissza\u00e1ll\u00edtanom. Hatalmas megk\u00f6nnyebb\u00fcl\u00e9s volt.\u201d<\/p>\n\n\n\n<h2 class=\"wp-block-heading\">Hogyan ker\u00fclhetj\u00fck el a f\u00e9nyk\u00e9pek elveszt\u00e9s\u00e9t a j\u00f6v\u0151ben?<\/h2>\n\n\n\n<h3 class=\"wp-block-heading\">7 tipp az eml\u00e9keid v\u00e9delm\u00e9re<\/h3>\n\n\n\n<ol>\n<li>Kapcsolja be az automatikus Google Fot\u00f3k szinkroniz\u00e1l\u00e1s\u00e1t<\/li>\n\n\n\n<li>Haszn\u00e1ljon most egy olyan alkalmaz\u00e1st, mint a Dumpster, hogy elker\u00fclje a probl\u00e9m\u00e1kat.<\/li>\n\n\n\n<li>Rendszeresen k\u00e9sz\u00edtsen biztons\u00e1gi ment\u00e9seket a felh\u0151be vagy sz\u00e1m\u00edt\u00f3g\u00e9pre<\/li>\n\n\n\n<li>Ker\u00fclje az ismeretlen alkalmaz\u00e1sok haszn\u00e1lat\u00e1t, amelyek hozz\u00e1f\u00e9rnek a f\u00e1jljaihoz<\/li>\n\n\n\n<li>Tartsa naprak\u00e9szen telefonj\u00e1t a rendszerhib\u00e1k elker\u00fcl\u00e9se \u00e9rdek\u00e9ben.<\/li>\n\n\n\n<li>Ne t\u00f6r\u00f6lj\u00f6n rendszermapp\u00e1kat an\u00e9lk\u00fcl, hogy ismern\u00e9 azok funkci\u00f3j\u00e1t.<\/li>\n\n\n\n<li>Ha SD-k\u00e1rtya hib\u00e1t \u00e9szlel, azonnal k\u00e9sz\u00edtsen biztons\u00e1gi m\u00e1solatot mindenr\u0151l.<\/li>\n<\/ol>\n\n\n<div class=\"wp-block-image\">\n<figure class=\"aligncenter size-full\"><img loading=\"lazy\" decoding=\"async\" width=\"550\" height=\"350\" src=\"https:\/\/universofamilia.com\/wp-content\/uploads\/sites\/148\/2025\/04\/DESTAQUE-UNIVERSO-550-x-350-30.jpg\" alt=\"\" class=\"wp-image-9237\" srcset=\"http:\/\/universofamilia.com\/wp-content\/uploads\/sites\/148\/2025\/04\/DESTAQUE-UNIVERSO-550-x-350-30.jpg 550w, http:\/\/universofamilia.com\/wp-content\/uploads\/sites\/148\/2025\/04\/DESTAQUE-UNIVERSO-550-x-350-30-300x191.jpg 300w, http:\/\/universofamilia.com\/wp-content\/uploads\/sites\/148\/2025\/04\/DESTAQUE-UNIVERSO-550-x-350-30-18x12.jpg 18w\" sizes=\"(max-width: 550px) 100vw, 550px\" \/><figcaption class=\"wp-element-caption\">Elveszett vagy rejtett f\u00e9nyk\u00e9pek helyre\u00e1ll\u00edt\u00e1sa ezekkel a leny\u0171g\u00f6z\u0151 alkalmaz\u00e1sokkal<\/figcaption><\/figure><\/div>\n\n\n<h2 class=\"wp-block-heading\">Gyakran ism\u00e9telt k\u00e9rd\u00e9sek a fot\u00f3-helyre\u00e1ll\u00edt\u00e1ssal kapcsolatban<\/h2>\n\n\n\n<h3 class=\"wp-block-heading\">Minden telefonon m\u0171k\u00f6dnek az alkalmaz\u00e1sok?<\/h3>\n\n\n\n<p>Igen, a legt\u00f6bbj\u00fcket Androidra tervezt\u00e9k. N\u00e9h\u00e1nynak t\u00e1blag\u00e9pekre k\u00e9sz\u00fclt verzi\u00f3ja is van.<\/p>\n\n\n\n<h3 class=\"wp-block-heading\">Vissza lehet \u00e1ll\u00edtani h\u00f3napokkal ezel\u0151tt t\u00f6r\u00f6lt fot\u00f3kat?<\/h3>\n\n\n\n<p>Att\u00f3l f\u00fcgg. Ha a mem\u00f3ria nincs fel\u00fcl\u00edrva, akkor lehets\u00e9ges. Pr\u00f3b\u00e1lj ki egy m\u00e9lyvizsg\u00e1latot.<\/p>\n\n\n\n<h3 class=\"wp-block-heading\">Biztons\u00e1gosak az alkalmaz\u00e1sok?<\/h3>\n\n\n\n<p>Term\u00e9szetesen, felt\u00e9ve, hogy a hivatalos Play \u00c1ruh\u00e1zb\u00f3l t\u00f6ltik le \u0151ket, \u00e9s nincsenek sz\u00fcks\u00e9gtelen enged\u00e9lyek.<\/p>\n\n\n\n<h3 class=\"wp-block-heading\">Vide\u00f3kkal is dolgoznak?<\/h3>\n\n\n\n<p>Igen. Sok alkalmaz\u00e1s lehet\u0151v\u00e9 teszi vide\u00f3k, dokumentumok \u00e9s ak\u00e1r hangf\u00e1jlok helyre\u00e1ll\u00edt\u00e1s\u00e1t is.<\/p>\n\n\n\n<h3 class=\"wp-block-heading\">Szak\u00e9rt\u0151nek kell lennem ahhoz, hogy haszn\u00e1lhassam \u0151ket?<\/h3>\n\n\n\n<p>Egy\u00e1ltal\u00e1n nem. Ezek mindenkinek sz\u00e1nt alkalmaz\u00e1sok, egyszer\u0171 \u00e9s vil\u00e1gos utas\u00edt\u00e1sokkal.<\/p>\n\n\n\n<h2 class=\"wp-block-heading\">Mi a teend\u0151, ha az alkalmaz\u00e1sok nem m\u0171k\u00f6dnek?<\/h2>\n\n\n\n<h3 class=\"wp-block-heading\">Egy\u00e9b fejlett megold\u00e1sok<\/h3>\n\n\n\n<ul>\n<li>Haszn\u00e1ljon olyan sz\u00e1m\u00edt\u00f3g\u00e9pes programokat, mint a Recuva, az EaseUS vagy a Dr.Fone<\/li>\n\n\n\n<li>L\u00e9pjen kapcsolatba egy adatment\u00e9si szakemberrel<\/li>\n\n\n\n<li>Ellen\u0151rizd, hogy a fot\u00f3id megtal\u00e1lhat\u00f3k-e olyan alkalmaz\u00e1sokban, mint a WhatsApp vagy a Google Fot\u00f3k<\/li>\n\n\n\n<li>Rejtett mapp\u00e1k keres\u00e9se f\u00e1jlkezel\u0151k seg\u00edts\u00e9g\u00e9vel<\/li>\n<\/ul>\n\n\n\n<p>N\u00e9ha a tartalom m\u00e1s helyeken is megtal\u00e1lhat\u00f3, csak alaposan kell keresni.<\/p>\n\n\n\n<h2 class=\"wp-block-heading\">Ker\u00fclend\u0151 alkalmaz\u00e1sok<\/h2>\n\n\n\n<p>Nem minden alkalmaz\u00e1s megb\u00edzhat\u00f3. Egyesek f\u00e9lrevezet\u0151 hirdet\u00e9seket jelen\u00edthetnek meg, vagy ak\u00e1r szem\u00e9lyes adatait is vesz\u00e9lyeztethetik.<\/p>\n\n\n\n<h3 class=\"wp-block-heading\">Figyelmeztet\u0151 jelek:<\/h3>\n\n\n\n<ul>\n<li>Indokl\u00e1s n\u00e9lk\u00fcl k\u00e9rnek t\u00falzott enged\u00e9lyeket<\/li>\n\n\n\n<li>Fizet\u00e9st k\u00e9rnek an\u00e9lk\u00fcl, hogy eredm\u00e9nyt mutatn\u00e1nak<\/li>\n\n\n\n<li>Alacsony \u00e9rt\u00e9kel\u00e9seik \u00e9s negat\u00edv v\u00e9lem\u00e9nyeik vannak<\/li>\n\n\n\n<li>Lehetetlen csod\u00e1kat \u00edg\u00e9rnek<\/li>\n<\/ul>\n\n\n\n<p>Ez\u00e9rt aj\u00e1nljuk <strong>csak megb\u00edzhat\u00f3 alkalmaz\u00e1sok, mint amilyeneket itt mutatunk<\/strong>.<\/p>\n\n\n\n<h2 class=\"wp-block-heading\">Mi\u00e9rt olyan fontos vigy\u00e1zni a fot\u00f3idra?<\/h2>\n\n\n\n<p>A fot\u00f3id nem csak k\u00e9pek. Eml\u00e9kek, \u00e9rzelmek, egyedi pillanatok. Elveszt\u00e9s\u00fck frusztr\u00e1l\u00f3, szomor\u00fa, s\u0151t f\u00e1jdalmas is lehet.<\/p>\n\n\n\n<h3 class=\"wp-block-heading\">A fot\u00f3k ment\u00e9se:<\/h3>\n\n\n\n<ul>\n<li>Mosolyogj a gyermekeidt\u0151l<\/li>\n\n\n\n<li>Utaz\u00e1s bar\u00e1tokkal<\/li>\n\n\n\n<li>Fontos pillanatok az \u00e9letedben<\/li>\n\n\n\n<li>A munk\u00e1hoz vagy tanulm\u00e1nyokhoz sz\u00fcks\u00e9ges dokumentumok<\/li>\n<\/ul>\n\n\n\n<p>Ez\u00e9rt v\u00e9dd meg \u0151ket, \u00e9s legyenek m\u00f3djaid a visszaszerz\u00e9s\u00fckre. <strong>Erre ma val\u00f3ban sz\u00fcks\u00e9g van<\/strong>.<\/p>\n\n\n\n<h2 class=\"wp-block-heading\">K\u00f6nny\u00edtse meg: \u00e1ll\u00edtson vissza egyetlen kattint\u00e1ssal<\/h2>\n\n\n\n<p>Nincs sz\u00fcks\u00e9ged semmilyen technikai tud\u00e1sra vagy bonyolult programokra. Ezzel a h\u00e1rom alkalmaz\u00e1ssal minden k\u00e9zn\u00e9l van, amire sz\u00fcks\u00e9ged van. T\u00f6ltsd le, szkenneld be, \u00e9s m\u00e1r indulhat is. Ilyen egyszer\u0171.<\/p>\n\n\n\n<h2 class=\"wp-block-heading\">Melyik alkalmaz\u00e1s a legjobb az \u00d6n sz\u00e1m\u00e1ra?<\/h2>\n\n\n\n<ul>\n<li>Elvesztetted ma a fot\u00f3idat? \u2192 Haszn\u00e1ld <strong>Fot\u00f3 helyre\u00e1ll\u00edt\u00e1s<\/strong><\/li>\n\n\n\n<li>Megel\u0151z\u0151 megold\u00e1st keres? \u2192 Telep\u00edt\u00e9s <strong>Kont\u00e9ner<\/strong><\/li>\n\n\n\n<li>Sz\u00fcks\u00e9ge van egy m\u00e9lyrehat\u00f3 vizsg\u00e1latra? \u2192 Teszt <strong>LemezDigger<\/strong><\/li>\n<\/ul>\n\n\n\n<p>Ne feledd: min\u00e9l el\u0151bb cselekszel, ann\u00e1l nagyobb az es\u00e9lyed a sikerre.<\/p>\n\n\n\n<h2 class=\"wp-block-heading\">Cselekedjen m\u00e9g ma, \u00e9s szerezze vissza a fot\u00f3it.<\/h2>\n\n\n\n<p>Ne v\u00e1rj tov\u00e1bb. Ha v\u00e9letlen\u00fcl t\u00f6r\u00f6lt\u00e9l fot\u00f3kat, akkor is vissza\u00e1ll\u00edthatod \u0151ket. Csak egy ilyen eszk\u00f6zre \u00e9s n\u00e9h\u00e1ny egyszer\u0171 l\u00e9p\u00e9sre van sz\u00fcks\u00e9ged. Felejtsd el a stresszt, \u00e1ll\u00edtsd vissza az eml\u00e9keidet, \u00e9s mosolyogj \u00fajra.<\/p>\n\n\n\n<p>Kattintson a linkekre, telep\u00edtse a k\u00edv\u00e1nt alkalmaz\u00e1st, \u00e9s \u00e9lvezze \u00fajra a k\u00e9peit.<\/p>\n\n\n\n<h3 class=\"wp-block-heading\">Az eml\u00e9keid r\u00e1d v\u00e1rnak!<\/h3>","protected":false},"excerpt":{"rendered":"<p>Explora las siguientes opciones relacionadas con la recuperaci\u00f3n de fotos borradas. \u00a1Permanecer\u00e1 en el mismo sitio! \u00bfBorraste tus fotos por accidente? No te preocupes, \u00a1aqu\u00ed tienes la soluci\u00f3n! Recupera fotos ocultas o perdidas f\u00e1cilmente con ayuda de apps que hacen todo el trabajo por ti. \u00bfQui\u00e9n no ha tenido ese momento de desesperaci\u00f3n tras borrar [&hellip;]<\/p>","protected":false},"author":139,"featured_media":9237,"comment_status":"closed","ping_status":"open","sticky":false,"template":"","format":"standard","meta":{"footnotes":""},"categories":[2],"tags":[2165,2059,872,2193,1386],"yoast_head":"<!-- This site is optimized with the Yoast SEO plugin v23.3 - https:\/\/yoast.com\/wordpress\/plugins\/seo\/ -->\n<title>Recupera fotos ocultas o perdidas con estos incre\u00edbles apps - Universo Fam\u00edlia<\/title>\n<meta name=\"description\" content=\"Recupera fotos ocultas o perdidas con estos incre\u00edbles apps. \u00bfBorraste tus fotos por accidente? No te preocupes, \u00a1aqu\u00ed tienes la soluci\u00f3n!...\" \/>\n<meta name=\"robots\" content=\"index, follow, max-snippet:-1, max-image-preview:large, max-video-preview:-1\" \/>\n<link rel=\"canonical\" href=\"http:\/\/universofamilia.com\/hu\/recupera-fotos-ocultas-o-perdidas-con-estos-increibles-apps\/\" \/>\n<meta property=\"og:locale\" content=\"hu_HU\" \/>\n<meta property=\"og:type\" content=\"article\" \/>\n<meta property=\"og:title\" content=\"Recupera fotos ocultas o perdidas con estos incre\u00edbles apps - Universo Fam\u00edlia\" \/>\n<meta property=\"og:description\" content=\"Recupera fotos ocultas o perdidas con estos incre\u00edbles apps. \u00bfBorraste tus fotos por accidente? No te preocupes, \u00a1aqu\u00ed tienes la soluci\u00f3n!...\" \/>\n<meta property=\"og:url\" content=\"http:\/\/universofamilia.com\/hu\/recupera-fotos-ocultas-o-perdidas-con-estos-increibles-apps\/\" \/>\n<meta property=\"og:site_name\" content=\"Universo Fam\u00edlia\" \/>\n<meta property=\"article:published_time\" content=\"2025-04-07T18:35:38+00:00\" \/>\n<meta property=\"article:modified_time\" content=\"2025-06-26T19:35:07+00:00\" \/>\n<meta property=\"og:image\" content=\"https:\/\/universofamilia.com\/wp-content\/uploads\/sites\/148\/2025\/04\/DESTAQUE-UNIVERSO-550-x-350-30.jpg\" \/>\n\t<meta property=\"og:image:width\" content=\"550\" \/>\n\t<meta property=\"og:image:height\" content=\"350\" \/>\n\t<meta property=\"og:image:type\" content=\"image\/jpeg\" \/>\n<meta name=\"author\" content=\"Pedro Henrique\" \/>\n<meta name=\"twitter:card\" content=\"summary_large_image\" \/>\n<meta name=\"twitter:label1\" content=\"Written by\" \/>\n\t<meta name=\"twitter:data1\" content=\"Pedro Henrique\" \/>\n\t<meta name=\"twitter:label2\" content=\"Est. reading time\" \/>\n\t<meta name=\"twitter:data2\" content=\"9 perc\" \/>\n<script type=\"application\/ld+json\" class=\"yoast-schema-graph\">{\"@context\":\"https:\/\/schema.org\",\"@graph\":[{\"@type\":\"WebPage\",\"@id\":\"https:\/\/universofamilia.com\/recupera-fotos-ocultas-o-perdidas-con-estos-increibles-apps\/\",\"url\":\"https:\/\/universofamilia.com\/recupera-fotos-ocultas-o-perdidas-con-estos-increibles-apps\/\",\"name\":\"Recupera fotos ocultas o perdidas con estos incre\u00edbles apps - Universo Fam\u00edlia\",\"isPartOf\":{\"@id\":\"https:\/\/universofamilia.com\/el\/#website\"},\"primaryImageOfPage\":{\"@id\":\"https:\/\/universofamilia.com\/recupera-fotos-ocultas-o-perdidas-con-estos-increibles-apps\/#primaryimage\"},\"image\":{\"@id\":\"https:\/\/universofamilia.com\/recupera-fotos-ocultas-o-perdidas-con-estos-increibles-apps\/#primaryimage\"},\"thumbnailUrl\":\"http:\/\/universofamilia.com\/wp-content\/uploads\/sites\/148\/2025\/04\/DESTAQUE-UNIVERSO-550-x-350-30.jpg\",\"datePublished\":\"2025-04-07T18:35:38+00:00\",\"dateModified\":\"2025-06-26T19:35:07+00:00\",\"author\":{\"@id\":\"https:\/\/universofamilia.com\/el\/#\/schema\/person\/f07ce98187dd84d31154262e79b3b7ca\"},\"description\":\"Recupera fotos ocultas o perdidas con estos incre\u00edbles apps. \u00bfBorraste tus fotos por accidente? No te preocupes, \u00a1aqu\u00ed tienes la soluci\u00f3n!...\",\"breadcrumb\":{\"@id\":\"https:\/\/universofamilia.com\/recupera-fotos-ocultas-o-perdidas-con-estos-increibles-apps\/#breadcrumb\"},\"inLanguage\":\"hu\",\"potentialAction\":[{\"@type\":\"ReadAction\",\"target\":[\"https:\/\/universofamilia.com\/recupera-fotos-ocultas-o-perdidas-con-estos-increibles-apps\/\"]}]},{\"@type\":\"ImageObject\",\"inLanguage\":\"hu\",\"@id\":\"https:\/\/universofamilia.com\/recupera-fotos-ocultas-o-perdidas-con-estos-increibles-apps\/#primaryimage\",\"url\":\"http:\/\/universofamilia.com\/wp-content\/uploads\/sites\/148\/2025\/04\/DESTAQUE-UNIVERSO-550-x-350-30.jpg\",\"contentUrl\":\"http:\/\/universofamilia.com\/wp-content\/uploads\/sites\/148\/2025\/04\/DESTAQUE-UNIVERSO-550-x-350-30.jpg\",\"width\":550,\"height\":350,\"caption\":\"Recupera fotos ocultas o perdidas con estos incre\u00edbles apps\"},{\"@type\":\"BreadcrumbList\",\"@id\":\"https:\/\/universofamilia.com\/recupera-fotos-ocultas-o-perdidas-con-estos-increibles-apps\/#breadcrumb\",\"itemListElement\":[{\"@type\":\"ListItem\",\"position\":1,\"name\":\"Home\",\"item\":\"https:\/\/universofamilia.com\/el\/\"},{\"@type\":\"ListItem\",\"position\":2,\"name\":\"Recupera fotos ocultas o perdidas con estos incre\u00edbles apps\"}]},{\"@type\":\"WebSite\",\"@id\":\"https:\/\/universofamilia.com\/el\/#website\",\"url\":\"https:\/\/universofamilia.com\/el\/\",\"name\":\"Universo Fam\u00edlia\",\"description\":\"\",\"potentialAction\":[{\"@type\":\"SearchAction\",\"target\":{\"@type\":\"EntryPoint\",\"urlTemplate\":\"https:\/\/universofamilia.com\/el\/?s={search_term_string}\"},\"query-input\":\"required name=search_term_string\"}],\"inLanguage\":\"hu\"},{\"@type\":\"Person\",\"@id\":\"https:\/\/universofamilia.com\/el\/#\/schema\/person\/f07ce98187dd84d31154262e79b3b7ca\",\"name\":\"Pedro Henrique\",\"image\":{\"@type\":\"ImageObject\",\"inLanguage\":\"hu\",\"@id\":\"https:\/\/universofamilia.com\/el\/#\/schema\/person\/image\/\",\"url\":\"http:\/\/0.gravatar.com\/avatar\/9edfeb808cb4e1599f64d6e45b130154?s=96&d=mm&r=g\",\"contentUrl\":\"http:\/\/0.gravatar.com\/avatar\/9edfeb808cb4e1599f64d6e45b130154?s=96&d=mm&r=g\",\"caption\":\"Pedro Henrique\"},\"url\":\"http:\/\/universofamilia.com\/hu\/author\/editor01\/\"}]}<\/script>\n<!-- \/ Yoast SEO plugin. -->","yoast_head_json":{"title":"Recupera fotos ocultas o perdidas con estos incre\u00edbles apps - Universo Fam\u00edlia","description":"Recupera fotos ocultas o perdidas con estos incre\u00edbles apps. \u00bfBorraste tus fotos por accidente? No te preocupes, \u00a1aqu\u00ed tienes la soluci\u00f3n!...","robots":{"index":"index","follow":"follow","max-snippet":"max-snippet:-1","max-image-preview":"max-image-preview:large","max-video-preview":"max-video-preview:-1"},"canonical":"http:\/\/universofamilia.com\/hu\/recupera-fotos-ocultas-o-perdidas-con-estos-increibles-apps\/","og_locale":"hu_HU","og_type":"article","og_title":"Recupera fotos ocultas o perdidas con estos incre\u00edbles apps - Universo Fam\u00edlia","og_description":"Recupera fotos ocultas o perdidas con estos incre\u00edbles apps. \u00bfBorraste tus fotos por accidente? No te preocupes, \u00a1aqu\u00ed tienes la soluci\u00f3n!...","og_url":"http:\/\/universofamilia.com\/hu\/recupera-fotos-ocultas-o-perdidas-con-estos-increibles-apps\/","og_site_name":"Universo Fam\u00edlia","article_published_time":"2025-04-07T18:35:38+00:00","article_modified_time":"2025-06-26T19:35:07+00:00","og_image":[{"width":550,"height":350,"url":"https:\/\/universofamilia.com\/wp-content\/uploads\/sites\/148\/2025\/04\/DESTAQUE-UNIVERSO-550-x-350-30.jpg","type":"image\/jpeg"}],"author":"Pedro Henrique","twitter_card":"summary_large_image","twitter_misc":{"Written by":"Pedro Henrique","Est. reading time":"9 perc"},"schema":{"@context":"https:\/\/schema.org","@graph":[{"@type":"WebPage","@id":"https:\/\/universofamilia.com\/recupera-fotos-ocultas-o-perdidas-con-estos-increibles-apps\/","url":"https:\/\/universofamilia.com\/recupera-fotos-ocultas-o-perdidas-con-estos-increibles-apps\/","name":"Recupera fotos ocultas o perdidas con estos incre\u00edbles apps - Universo Fam\u00edlia","isPartOf":{"@id":"https:\/\/universofamilia.com\/el\/#website"},"primaryImageOfPage":{"@id":"https:\/\/universofamilia.com\/recupera-fotos-ocultas-o-perdidas-con-estos-increibles-apps\/#primaryimage"},"image":{"@id":"https:\/\/universofamilia.com\/recupera-fotos-ocultas-o-perdidas-con-estos-increibles-apps\/#primaryimage"},"thumbnailUrl":"http:\/\/universofamilia.com\/wp-content\/uploads\/sites\/148\/2025\/04\/DESTAQUE-UNIVERSO-550-x-350-30.jpg","datePublished":"2025-04-07T18:35:38+00:00","dateModified":"2025-06-26T19:35:07+00:00","author":{"@id":"https:\/\/universofamilia.com\/el\/#\/schema\/person\/f07ce98187dd84d31154262e79b3b7ca"},"description":"Recupera fotos ocultas o perdidas con estos incre\u00edbles apps. \u00bfBorraste tus fotos por accidente? No te preocupes, \u00a1aqu\u00ed tienes la soluci\u00f3n!...","breadcrumb":{"@id":"https:\/\/universofamilia.com\/recupera-fotos-ocultas-o-perdidas-con-estos-increibles-apps\/#breadcrumb"},"inLanguage":"hu","potentialAction":[{"@type":"ReadAction","target":["https:\/\/universofamilia.com\/recupera-fotos-ocultas-o-perdidas-con-estos-increibles-apps\/"]}]},{"@type":"ImageObject","inLanguage":"hu","@id":"https:\/\/universofamilia.com\/recupera-fotos-ocultas-o-perdidas-con-estos-increibles-apps\/#primaryimage","url":"http:\/\/universofamilia.com\/wp-content\/uploads\/sites\/148\/2025\/04\/DESTAQUE-UNIVERSO-550-x-350-30.jpg","contentUrl":"http:\/\/universofamilia.com\/wp-content\/uploads\/sites\/148\/2025\/04\/DESTAQUE-UNIVERSO-550-x-350-30.jpg","width":550,"height":350,"caption":"Recupera fotos ocultas o perdidas con estos incre\u00edbles apps"},{"@type":"BreadcrumbList","@id":"https:\/\/universofamilia.com\/recupera-fotos-ocultas-o-perdidas-con-estos-increibles-apps\/#breadcrumb","itemListElement":[{"@type":"ListItem","position":1,"name":"Home","item":"https:\/\/universofamilia.com\/el\/"},{"@type":"ListItem","position":2,"name":"Recupera fotos ocultas o perdidas con estos incre\u00edbles apps"}]},{"@type":"WebSite","@id":"https:\/\/universofamilia.com\/el\/#website","url":"https:\/\/universofamilia.com\/el\/","name":"Universo Fam\u00edlia","description":"","potentialAction":[{"@type":"SearchAction","target":{"@type":"EntryPoint","urlTemplate":"https:\/\/universofamilia.com\/el\/?s={search_term_string}"},"query-input":"required name=search_term_string"}],"inLanguage":"hu"},{"@type":"Person","@id":"https:\/\/universofamilia.com\/el\/#\/schema\/person\/f07ce98187dd84d31154262e79b3b7ca","name":"Pedro Henrique","image":{"@type":"ImageObject","inLanguage":"hu","@id":"https:\/\/universofamilia.com\/el\/#\/schema\/person\/image\/","url":"http:\/\/0.gravatar.com\/avatar\/9edfeb808cb4e1599f64d6e45b130154?s=96&d=mm&r=g","contentUrl":"http:\/\/0.gravatar.com\/avatar\/9edfeb808cb4e1599f64d6e45b130154?s=96&d=mm&r=g","caption":"Pedro Henrique"},"url":"http:\/\/universofamilia.com\/hu\/author\/editor01\/"}]}},"_links":{"self":[{"href":"http:\/\/universofamilia.com\/hu\/wp-json\/wp\/v2\/posts\/9229"}],"collection":[{"href":"http:\/\/universofamilia.com\/hu\/wp-json\/wp\/v2\/posts"}],"about":[{"href":"http:\/\/universofamilia.com\/hu\/wp-json\/wp\/v2\/types\/post"}],"author":[{"embeddable":true,"href":"http:\/\/universofamilia.com\/hu\/wp-json\/wp\/v2\/users\/139"}],"replies":[{"embeddable":true,"href":"http:\/\/universofamilia.com\/hu\/wp-json\/wp\/v2\/comments?post=9229"}],"version-history":[{"count":1,"href":"http:\/\/universofamilia.com\/hu\/wp-json\/wp\/v2\/posts\/9229\/revisions"}],"predecessor-version":[{"id":9238,"href":"http:\/\/universofamilia.com\/hu\/wp-json\/wp\/v2\/posts\/9229\/revisions\/9238"}],"wp:featuredmedia":[{"embeddable":true,"href":"http:\/\/universofamilia.com\/hu\/wp-json\/wp\/v2\/media\/9237"}],"wp:attachment":[{"href":"http:\/\/universofamilia.com\/hu\/wp-json\/wp\/v2\/media?parent=9229"}],"wp:term":[{"taxonomy":"category","embeddable":true,"href":"http:\/\/universofamilia.com\/hu\/wp-json\/wp\/v2\/categories?post=9229"},{"taxonomy":"post_tag","embeddable":true,"href":"http:\/\/universofamilia.com\/hu\/wp-json\/wp\/v2\/tags?post=9229"}],"curies":[{"name":"wp","href":"https:\/\/api.w.org\/{rel}","templated":true}]}}