{"id":9263,"date":"2025-04-10T19:05:57","date_gmt":"2025-04-10T19:05:57","guid":{"rendered":"https:\/\/universofamilia.com\/?p=9263"},"modified":"2025-10-13T16:04:11","modified_gmt":"2025-10-13T19:04:11","slug":"descubre-quien-esta-interesado-en-ti-con-estos-aplicativos","status":"publish","type":"post","link":"http:\/\/universofamilia.com\/hu\/descubre-quien-esta-interesado-en-ti-con-estos-aplicativos\/","title":{"rendered":"Tudd meg, kit \u00e9rdekelsz ezekkel az alkalmaz\u00e1sokkal"},"content":{"rendered":"<h3 class=\"wp-block-heading has-text-align-center\">Mi van, ha valaki \u00e9ppen r\u00e1d gondol?<\/h3>\n\n\n\n<p><\/p>\n\n\n\n<h5 class=\"wp-block-heading has-text-align-center\"><strong><mark class=\"has-inline-color has-vivid-cyan-blue-color\">V\u00e1lasszon egyet a lehet\u0151s\u00e9gek k\u00f6z\u00fcl!<\/mark><\/strong><\/h5>\n\n\n    <section class=\"mx-1 my-10\">\n                                                <a href=\"http:\/\/universofamilia.com\/hu\/quien-ve-tu-perfil-en-secreto\/\" class=\"text-white\" data-analytics-label=\"optionsButton\"\n                    data-action=\"analytics#trackCTA\">\n                    <div data-options-target=\"option\"\n                        class=\"custom-section rounded-xl border p-3 shadow-md w-full bg-green-700 my-3\">\n                        <div class=\"flex w-full items-center justify-between\">\n                            <div class=\"flex items-center space-x-3\">\n                                <div class=\"text-lg font-bold\">\n                                    Tudom, ki l\u00e1togatja a profilomat?  \u279d\n                                <\/div>\n                            <\/div>\n                        <\/div>\n                    <\/div>\n                <\/a>\n                                                            <a href=\"http:\/\/universofamilia.com\/hu\/google-mensaje-protege-a-tu-familia-con-esta-poderosa-app\/\" class=\"text-white\" data-analytics-label=\"optionsButton\"\n                    data-action=\"analytics#trackCTA\">\n                    <div data-options-target=\"option\"\n                        class=\"custom-section rounded-xl border p-3 shadow-md w-full bg-green-700 my-3\">\n                        <div class=\"flex w-full items-center justify-between\">\n                            <div class=\"flex items-center space-x-3\">\n                                <div class=\"text-lg font-bold\">\n                                    Csal\u00e1di besz\u00e9lget\u00e9sek monitoroz\u00e1sa \u279d\n                                <\/div>\n                            <\/div>\n                        <\/div>\n                    <\/div>\n                <\/a>\n                                                            <a href=\"http:\/\/universofamilia.com\/hu\/localizar-cualquier-celular\/\" class=\"text-white\" data-analytics-label=\"optionsButton\"\n                    data-action=\"analytics#trackCTA\">\n                    <div data-options-target=\"option\"\n                        class=\"custom-section rounded-xl border p-3 shadow-md w-full bg-green-700 my-3\">\n                        <div class=\"flex w-full items-center justify-between\">\n                            <div class=\"flex items-center space-x-3\">\n                                <div class=\"text-lg font-bold\">\n                                    B\u00e1rmelyik mobilt megtal\u00e1lja \u279d\n                                <\/div>\n                            <\/div>\n                        <\/div>\n                    <\/div>\n                <\/a>\n                            <p class=\"text-xs text-gray-500 text-right hidden\"\n            style=\"margin-left: 50%; margin-bottom: 50px; margin-top: 5px;\">\n            <!-- You will be redirected to another website -->\n        <\/p>\n    <\/section>\n\n\n\n\n<p><\/p>\n\n\n\n<p><strong>Tudd meg, kit \u00e9rdekelsz<\/strong> \u00dagy t\u0171nhet, mintha csak a j\u00f6vend\u0151mond\u00f3knak vagy k\u00fcl\u00f6nleges k\u00e9pess\u00e9gekkel rendelkez\u0151 embereknek lenne kit\u00e9ve, de ma olyan h\u00edrt hoztam, ami megv\u00e1ltoztatja a l\u00e1t\u00e1sm\u00f3dodat: a technol\u00f3gia seg\u00edthet kider\u00edteni! Igen, pont \u00fagy, ahogy olvastad.<\/p>\n\n\n\n<p>Vannak olyan alkalmaz\u00e1sok, amelyek az emberek digit\u00e1lis viselked\u00e9s\u00e9nek elemz\u00e9s\u00e9re \u00e9s bemutat\u00e1s\u00e1ra szolg\u00e1lnak. <a href=\"http:\/\/universofamilia.com\/hu\/quien-ve-tu-perfil-en-secreto\/\">aki tal\u00e1n elrejti az ir\u00e1ntad \u00e9rzett \u00e9rzelmeit<\/a><\/p>\n\n\n\n<p>K\u00e9pzeld el: valaki l\u00e1tja az \u00f6sszes t\u00f6rt\u00e9netedet, l\u00e1jkolja a r\u00e9gi fot\u00f3idat, a szok\u00e1sosn\u00e1l t\u00f6bbet kommentel, \u00e9s \u00fagy t\u0171nik, folyton \u00e9rdekl\u0151dik ir\u00e1ntad. De te nem tudod, hogy ez v\u00e9letlen egybees\u00e9s-e... vagy szerelem.<\/p>\n\n\n\n<p>Itt j\u00f6nnek k\u00e9pbe ezek az alkalmaz\u00e1sok, amelyek elv\u00e9gzik helyetted a neh\u00e9z munk\u00e1t. Nem kell t\u00f6bb\u00e9 tal\u00e1lgatnod, csendben szenvedned, vagy k\u00ednos k\u00e9rd\u00e9seket feltenned. Csak a telefonodra \u00e9s egy kis k\u00edv\u00e1ncsis\u00e1gra van sz\u00fcks\u00e9ged.<\/p>\n\n\n\n<p>Ma bemutatom nektek <strong>A legjobb val\u00f3di \u00e9s megb\u00edzhat\u00f3 alkalmaz\u00e1sok, amelyeket ingyenesen haszn\u00e1lhatsz<\/strong> hogy megtudd, \u00e9rdekl\u0151dik-e ir\u00e1ntad valaki.<\/p>\n\n\n\n<p><\/p>\n\n\n\n<hr class=\"wp-block-separator has-alpha-channel-opacity is-style-wide\" \/>\n\n\n\n<h4 class=\"wp-block-heading has-text-align-center\"><strong><mark class=\"has-inline-color has-luminous-vivid-orange-color\">Olvasd el ezt is<\/mark><\/strong><\/h4>\n\n\n    <section class=\"mx-1 my-10\">\n                                                <a href=\"http:\/\/universofamilia.com\/hu\/lp-filmes-asiaticos\/\" class=\"text-white\" data-analytics-label=\"optionsButton\"\n                    data-action=\"analytics#trackCTA\">\n                    <div data-options-target=\"option\"\n                        class=\"custom-section rounded-xl border p-3 shadow-md w-full bg-green-700 my-3\">\n                        <div class=\"flex w-full items-center justify-between\">\n                            <div class=\"flex items-center space-x-3\">\n                                <div class=\"text-lg font-bold\">\n                                    App koreai dr\u00e1m\u00e1k n\u00e9z\u00e9s\u00e9hez \u279d\n                                <\/div>\n                            <\/div>\n                        <\/div>\n                    <\/div>\n                <\/a>\n                                                            <a href=\"http:\/\/universofamilia.com\/hu\/lp-recuperar-fotos\/\" class=\"text-white\" data-analytics-label=\"optionsButton\"\n                    data-action=\"analytics#trackCTA\">\n                    <div data-options-target=\"option\"\n                        class=\"custom-section rounded-xl border p-3 shadow-md w-full bg-green-700 my-3\">\n                        <div class=\"flex w-full items-center justify-between\">\n                            <div class=\"flex items-center space-x-3\">\n                                <div class=\"text-lg font-bold\">\n                                    T\u00f6r\u00f6lt fot\u00f3k helyre\u00e1ll\u00edt\u00e1sa ezzel az alkalmaz\u00e1ssal!  \u279d\n                                <\/div>\n                            <\/div>\n                        <\/div>\n                    <\/div>\n                <\/a>\n                                                            <a href=\"http:\/\/universofamilia.com\/hu\/el-amor-a-un-clic\/\" class=\"text-white\" data-analytics-label=\"optionsButton\"\n                    data-action=\"analytics#trackCTA\">\n                    <div data-options-target=\"option\"\n                        class=\"custom-section rounded-xl border p-3 shadow-md w-full bg-green-700 my-3\">\n                        <div class=\"flex w-full items-center justify-between\">\n                            <div class=\"flex items-center space-x-3\">\n                                <div class=\"text-lg font-bold\">\n                                    Fedezd fel az ide\u00e1lis t\u00e1rskeres\u0151 alkalmaz\u00e1st \u279d\n                                <\/div>\n                            <\/div>\n                        <\/div>\n                    <\/div>\n                <\/a>\n                            <p class=\"text-xs text-gray-500 text-right hidden\"\n            style=\"margin-left: 50%; margin-bottom: 50px; margin-top: 5px;\">\n            <!-- You will be redirected to another website -->\n        <\/p>\n    <\/section>\n\n\n\n\n<p class=\"has-text-align-right\"><em><strong><em><strong><em><strong><em><strong><em><strong>Ugyanott fog maradni!<\/strong><\/em><\/strong><\/em><\/strong><\/em><\/strong><\/em><\/strong><\/em><\/p>\n\n\n\n<hr class=\"wp-block-separator has-alpha-channel-opacity is-style-wide\" \/>\n\n\n\n<p><\/p>\n\n\n\n<p>Nem kell technikai szak\u00e9rt\u0151nek lenned, vagy \u00f3r\u00e1kat t\u00f6ltened kutat\u00e1ssal. Ez a cikk neked k\u00e9sz\u00fclt, vil\u00e1gos nyelvezettel, egyszer\u0171 p\u00e9ld\u00e1kkal \u00e9s l\u00e9p\u00e9sr\u0151l l\u00e9p\u00e9sre bemutatott utas\u00edt\u00e1sokkal. Ide\u00e1lis minden koroszt\u00e1ly sz\u00e1m\u00e1ra, mindenf\u00e9le szakzsargon n\u00e9lk\u00fcl.<\/p>\n\n\n\n<p>K\u00e9sz\u00fclj fel olyan eszk\u00f6z\u00f6k elsaj\u00e1t\u00edt\u00e1s\u00e1ra, amelyek nemcsak a szerelemben seg\u00edthetnek, hanem \u0151szint\u00e9bb, sz\u00f3rakoztat\u00f3bb \u00e9s izgalmasabb kapcsolatok kapuj\u00e1t is megnyithatj\u00e1k.<\/p>\n\n\n\n<p>K\u00e9szen \u00e1llsz megtudni, hogy gondol-e r\u00e1d valaki, mik\u00f6zben ezt olvasod? Der\u00edts\u00fck ki egy\u00fctt!<\/p>\n\n\n\n<h2 class=\"wp-block-heading\">Mi\u00e9rt kell az \u00e9rdekl\u0151d\u00e9s jeleit keresni az alkalmaz\u00e1sokkal kapcsolatban?<\/h2>\n\n\n\n<h3 class=\"wp-block-heading\">A digit\u00e1lis \u00e9let t\u00f6bbet mond, mint gondoln\u00e1d<\/h3>\n\n\n\n<p>Mindannyiunknak vannak olyan gesztusai, amelyek \u00e9rz\u00e9seket \u00e1rulnak el: egy pillant\u00e1s, egy mosoly, egy \u00e9jf\u00e9li \u00fczenet. De a digit\u00e1lis vil\u00e1gban vannak utal\u00e1sok is.<\/p>\n\n\n\n<p>Ki l\u00e1tja el\u0151sz\u00f6r a posztjaidat? K\u00f6vetnek egy m\u00e1sodlagos fi\u00f3kb\u00f3l? Ki jel\u00f6l meg romantikus dalokban? Ezek a jelek sokkal t\u00f6bbet mondanak, mint amennyinek l\u00e1tszanak.<\/p>\n\n\n\n<p>Manaps\u00e1g mindenre haszn\u00e1ljuk a k\u00f6z\u00f6ss\u00e9gi m\u00e9di\u00e1t: munk\u00e1ra, nevet\u00e9sre, m\u00e9mek megoszt\u00e1s\u00e1ra \u00e9s igen\u2026 fl\u00f6rt\u00f6l\u00e9sre is.<\/p>\n\n\n\n<p>N\u00e9ha, an\u00e9lk\u00fcl, hogy \u00e9szrevenn\u00e9nk, nyomokat hagyunk, amelyeket m\u00e1sok \u00e9rtelmezhetnek, vagy m\u00e9g jobb, ha okosalkalmaz\u00e1sok rendszerezik ezeket az inform\u00e1ci\u00f3kat. Haszn\u00e1latuk lehet\u0151v\u00e9 teszi, hogy:<\/p>\n\n\n\n<ul>\n<li>\u00c9rdekl\u0151d\u00e9si mint\u00e1zatok felismer\u00e9se k\u00f6zvetlen konfront\u00e1ci\u00f3k n\u00e9lk\u00fcl<\/li>\n\n\n\n<li>L\u00e1sd meg azokat a r\u00e9szleteket, amelyeket \u00e1ltal\u00e1ban figyelmen k\u00edv\u00fcl hagyn\u00e1l<\/li>\n\n\n\n<li>\u00c9rezd magad magabiztosabb\u00e1, miel\u0151tt kifejezed az \u00e9rz\u00e9seidet<\/li>\n\n\n\n<li>Takar\u00edtson meg id\u0151t, ker\u00fclje az ill\u00fazi\u00f3kat \u00e9s hozzon jobb d\u00f6nt\u00e9seket<\/li>\n<\/ul>\n\n\n\n<p>Ezek az eszk\u00f6z\u00f6k nem var\u00e1zslatosak, de \u00e9rzelmi el\u0151nyt biztos\u00edtanak. Olyanok, mint egy nagy\u00edt\u00f3, amely felt\u00e1rja minden l\u00e1jk vagy \u00fczenet m\u00f6g\u00f6tt rejl\u0151 rejtett gondolatokat.<\/p>\n\n\n\n<h3 class=\"wp-block-heading\">Nem lenne egyszer\u0171bb k\u00f6zvetlen\u00fcl megk\u00e9rdezni?<\/h3>\n\n\n\n<p>Lehet, de nem mindig lehets\u00e9ges. N\u00e9ha nincs bizalom, a m\u00e1sik f\u00e9l\u00e9nk, vagy nem akarod megmutatni magad.<\/p>\n\n\n\n<p>Az alkalmaz\u00e1sok diszkr\u00e9t, stresszmentes m\u00f3dot k\u00edn\u00e1lnak arra, hogy szemmel tartsd az esem\u00e9nyeket. Olyanok, mint azok a bar\u00e1tok, akik azt mondj\u00e1k neked: \u201eAzt hiszem, tetszel neki\u201d, de val\u00f3s adatokkal a kez\u00fckben.<\/p>\n\n\n\n<p>\u00c9s a legjobb az eg\u00e9szben: sokuk ingyenes, k\u00f6nnyen telep\u00edthet\u0151, \u00e9s kompatibilis a n\u00e9pszer\u0171 k\u00f6z\u00f6ss\u00e9gi m\u00e9dia platformokkal, mint p\u00e9ld\u00e1ul a Facebook, az Instagram, a TikTok \u00e9s a WhatsApp. Csak internetkapcsolatra \u00e9s k\u00edv\u00e1ncsis\u00e1gra van sz\u00fcks\u00e9ged.<\/p>\n\n\n\n<p>Sz\u00f3val, ha gyan\u00edtod, hogy valaki \u00e9rez valamit ir\u00e1ntad, vagy ha egyszer\u0171en csak tudni szeretn\u00e9d, hogy ki az, aki igaz\u00e1n \u00e9rdekl\u0151dik ir\u00e1ntad... olvass tov\u00e1bb, mert megmutatjuk azokat az alkalmaz\u00e1sokat, amelyek megv\u00e1ltoztatj\u00e1k a kamu \u00e9s a szerelem fogalm\u00e1t.<\/p>\n\n\n\n<h2 class=\"wp-block-heading\">Digit\u00e1lis jelek, amelyek romantikus \u00e9rdekl\u0151d\u00e9sre utalhatnak<\/h2>\n\n\n\n<h3 class=\"wp-block-heading\">Nem kell szak\u00e9rt\u0151nek lenned: csak figyelj oda.<\/h3>\n\n\n\n<p>A k\u00f6vetkez\u0151 viselked\u00e9si form\u00e1k er\u0151sen utalhatnak arra, hogy valaki \u00e9rdekl\u0151dik ir\u00e1ntad.<\/p>\n\n\n\n<p>Ez nem egy pontos szab\u00e1ly, de ha ezek k\u00f6z\u00fcl a jelek k\u00f6z\u00fcl t\u00f6bb is ism\u00e9tl\u0151dik... akkor nagyon val\u00f3sz\u00edn\u0171, hogy van valami t\u00f6bb, mint bar\u00e1ts\u00e1g.<\/p>\n\n\n\n<ul>\n<li><strong>Reag\u00e1lj az \u00f6sszes t\u00f6rt\u00e9netre<\/strong>, m\u00e9g a legegyszer\u0171bbeket is<\/li>\n\n\n\n<li>A felt\u00f6lt\u00e9s\u00fcket k\u00f6vet\u0151 m\u00e1sodperceken bel\u00fcl megtekintheti a bejegyz\u00e9seit<\/li>\n\n\n\n<li>Hozz\u00e1sz\u00f3lj kedves emojikkal vagy bels\u0151 viccekkel<\/li>\n\n\n\n<li>Megc\u00edmk\u00e9zel p\u00e1rokr\u00f3l vagy szerelmes dalokr\u00f3l sz\u00f3l\u00f3 posztokban<\/li>\n\n\n\n<li>Csak az\u00e9rt \u00edr neked, hogy tudja, hogy vagy.<\/li>\n\n\n\n<li>T\u00f6bbet kommunik\u00e1l veled, mint m\u00e1s bar\u00e1taival<\/li>\n\n\n\n<li>Szereti a r\u00e9gi fot\u00f3idat, nem csak az \u00fajakat<\/li>\n\n\n\n<li>Naponta t\u00f6bbsz\u00f6r is ellen\u0151rizd az \u00e1llapotaidat vagy a t\u00f6rt\u00e9neteidet<\/li>\n\n\n\n<li>Gyorsan v\u00e1laszol, m\u00e9g kora reggel is.<\/li>\n\n\n\n<li>Kifog\u00e1sokat keres, hogy b\u00e1rmir\u0151l besz\u00e9lhessen veled.<\/li>\n<\/ul>\n\n\n\n<p>Ezek a jelek \u00f6nmagukban tal\u00e1n nem sokat jelentenek. De ha haszn\u00e1lsz egy alkalmaz\u00e1st, amely \u00f6sszegy\u0171jti \u00e9s egy\u00fctt megjelen\u00edti \u0151ket, akkor vil\u00e1gosan l\u00e1thatod a mint\u00e1zatot.<\/p>\n\n\n\n<p>Olyan, mintha kirak\u00f3s darabokat rakn\u00e1l \u00f6ssze, amikb\u0151l kider\u00fcl, hogy &quot;tetszel nekem&quot;.<\/p>\n\n\n\n<p>Most pedig t\u00e9rj\u00fcnk \u00e1t arra, amire v\u00e1rt\u00e1l: a legjobb alkalmaz\u00e1sokra, amelyekkel megtudhatod, hogy valaki \u00e9rdekl\u0151dik-e ir\u00e1ntad.<\/p>\n\n\n\n<h2 class=\"wp-block-heading\">A legjobb alkalmaz\u00e1sok, amelyekkel megtudhatod, kit \u00e9rdekelsz<\/h2>\n\n\n\n<h3 class=\"wp-block-heading\">1. <strong>Kik tekintettek meg engem \u2013 Profilk\u00f6vet\u0151<\/strong><\/h3>\n\n\n\n<p>\ud83d\udd17 <a href=\"https:\/\/who-viewed-me.en.uptodown.com\/android\/download\">Megtekint\u00e9s a Play \u00c1ruh\u00e1zban<\/a><\/p>\n\n\n\n<p>Szeretted volna tudni, hogy ki l\u00e1togatja a profilodat? Ez az alkalmaz\u00e1s lehet\u0151v\u00e9 teszi ezt.<\/p>\n\n\n\n<p>A \u201eKi n\u00e9zett meg engem\u201d elemzi a kapcsolati h\u00e1l\u00f3zataidat, \u00e9s megmutatja azokat az embereket, akik a k\u00f6zelm\u00faltban kapcsolatba l\u00e9ptek veled, vagy akik gyakran megtekintett\u00e9k a profilodat.<\/p>\n\n\n\n<p><strong>F\u0151 el\u0151ny\u00f6k:<\/strong><\/p>\n\n\n\n<ul>\n<li>Friss\u00edtett lista a profilod l\u00e1togat\u00e1sair\u00f3l<\/li>\n\n\n\n<li>A t\u00f6bbsz\u00f6r visszat\u00e9r\u0151 felhaszn\u00e1l\u00f3k el\u0151zm\u00e9nyei<\/li>\n\n\n\n<li>K\u00f6nnyen \u00e9rthet\u0151 vizu\u00e1lis inform\u00e1ci\u00f3k<\/li>\n\n\n\n<li>Kompatibilis az Instagrammal \u00e9s a Facebookkal<\/li>\n\n\n\n<li>Kev\u00e9s digit\u00e1lis tapasztalattal is j\u00f3l m\u0171k\u00f6dik<\/li>\n<\/ul>\n\n\n\n<p>Ez az alkalmaz\u00e1s ide\u00e1lis, ha gyan\u00edtod, hogy valaki folyamatosan l\u00e1togatja a profilodat an\u00e9lk\u00fcl, hogy hozz\u00e1sz\u00f3lna. Lehet, hogy f\u00e9l\u00e9nk, de k\u00edv\u00e1ncsi!<\/p>\n\n\n\n<p><\/p>\n\n\n\n<hr class=\"wp-block-separator has-alpha-channel-opacity is-style-wide\" \/>\n\n\n\n<h5 class=\"wp-block-heading has-text-align-left\"><strong><mark class=\"has-inline-color has-luminous-vivid-amber-color\"><strong><mark class=\"has-inline-color has-luminous-vivid-amber-color\"><a>\ud83d\udc49 <\/a><strong><mark class=\"has-inline-color has-luminous-vivid-amber-color\"><strong>T\u00f6ltsd le az alkalmaz\u00e1st:<\/strong><\/mark><\/strong><\/mark><\/strong><\/mark><\/strong><\/h5>\n\n\n    <section class=\"mx-1 my-10\">\n                                                <a href=\"https:\/\/who-viewed-me.en.uptodown.com\/android\/download\" class=\"text-white\" data-analytics-label=\"optionsButton\"\n                    data-action=\"analytics#trackCTA\">\n                    <div data-options-target=\"option\"\n                        class=\"custom-section rounded-xl border p-3 shadow-md w-full bg-green-700 my-3\">\n                        <div class=\"flex w-full items-center justify-between\">\n                            <div class=\"flex items-center space-x-3\">\n                                <div class=\"text-lg font-bold\">\n                                    Kik n\u00e9ztek meg engem \u279d\n                                <\/div>\n                            <\/div>\n                        <\/div>\n                    <\/div>\n                <\/a>\n                            <p class=\"text-xs text-gray-500 text-right\"\n            style=\"margin-left: 50%; margin-bottom: 50px; margin-top: 5px;\">\n            <!-- You will be redirected to another website -->\n        <\/p>\n    <\/section>\n\n\n\n\n<p class=\"has-text-align-right\"><em><strong><em><strong><em><strong><em><strong><em><strong><em><strong><em><strong><em><strong><em><strong><em><strong>\u00c1t leszel ir\u00e1ny\u00edtva egy m\u00e1sik oldalra!<\/strong><\/em><\/strong><\/em><\/strong><\/em><\/strong><\/em><\/strong><\/em><\/strong><\/em><\/strong><\/em><\/strong><\/em><\/strong><\/em><\/strong><\/em><\/p>\n\n\n\n<hr class=\"wp-block-separator has-alpha-channel-opacity is-style-wide\" \/>\n\n\n\n<p><\/p>\n\n\n\n<h3 class=\"wp-block-heading\">2. <strong>SocialView \u2013 Ki l\u00e1tja a t\u00f6rt\u00e9netedet?<\/strong><\/h3>\n\n\n\n<p>Szokt\u00e1l t\u00f6rt\u00e9neteket posztolni a k\u00f6z\u00f6ss\u00e9gi m\u00e9di\u00e1ban? Ez az alkalmaz\u00e1s elemzi, hogy kik n\u00e9zik meg \u0151ket, h\u00e1nyszor, mikor, \u00e9s hogy valaki a szok\u00e1sosn\u00e1l t\u00f6bbsz\u00f6r ism\u00e9tli-e \u0151ket.<\/p>\n\n\n\n<p><strong>Mit k\u00edn\u00e1l ez az eszk\u00f6z:<\/strong><\/p>\n\n\n\n<ul>\n<li>Statisztik\u00e1k megtekint\u00e9se felhaszn\u00e1l\u00f3nk\u00e9nt<\/li>\n\n\n\n<li>Publik\u00e1ci\u00f3k \u00f6sszehasonl\u00edt\u00e1sa<\/li>\n\n\n\n<li>Azonos\u00edtjuk azokat, akik a legt\u00f6bbet kommunik\u00e1lnak vel\u00fcnk<\/li>\n\n\n\n<li>K\u00f6nny\u0171 navig\u00e1ci\u00f3 \u00e9s letisztult grafika<\/li>\n<\/ul>\n\n\n\n<p>Ha az illet\u0151 mindig azonnal vagy ism\u00e9telten megn\u00e9zi a t\u00f6rt\u00e9neteidet, val\u00f3sz\u00edn\u0171leg valami m\u00e1s ir\u00e1nt t\u00e1pl\u00e1l \u00e9rzelmeket. Ez az alkalmaz\u00e1s seg\u00edt meger\u0151s\u00edteni ezeket an\u00e9lk\u00fcl, hogy megk\u00e9rdezn\u00e9d.<\/p>\n\n\n\n<p><\/p>\n\n\n\n<hr class=\"wp-block-separator has-alpha-channel-opacity is-style-wide\" \/>\n\n\n\n<p><\/p>\n\n\n\n<h3 class=\"wp-block-heading\">3. <strong>Xprofile \u2013 Szerelmi statisztik\u00e1k<\/strong><\/h3>\n\n\n\n<p>Egy nagyon komplett alkalmaz\u00e1s, t\u00f6k\u00e9letes azok sz\u00e1m\u00e1ra, akik m\u00e9lyebb betekint\u00e9st szeretn\u00e9nek.<\/p>\n\n\n\n<p>Az Xprofile r\u00e9szletes inform\u00e1ci\u00f3kat ny\u00fajt a k\u00f6vet\u0151kr\u0151l, gyan\u00fas interakci\u00f3kr\u00f3l, blokkol\u00e1sokr\u00f3l \u00e9s egyebekr\u0151l.<\/p>\n\n\n\n<p>\u201eRomantikus\u201d m\u00f3dja \u00e9rz\u00e9keli az \u00e9rdekl\u0151d\u00e9s jeleit, \u00e9s egyszer\u0171 m\u00f3don mutatja be azokat.<\/p>\n\n\n\n<p><strong>Figyelemre m\u00e9lt\u00f3 funkci\u00f3i k\u00f6z\u00e9 tartozik:<\/strong><\/p>\n\n\n\n<ul>\n<li>Ism\u00e9tl\u0151d\u0151 interakci\u00f3k elemz\u00e9se<\/li>\n\n\n\n<li>Egy\u00e9ni riaszt\u00e1sok szokatlan tev\u00e9kenys\u00e9g eset\u00e9n<\/li>\n\n\n\n<li>A kapcsolattart\u00f3k viselked\u00e9s\u00e9nek \u00e1tl\u00e1that\u00f3 vizualiz\u00e1ci\u00f3ja<\/li>\n\n\n\n<li>T\u00f6bb k\u00f6z\u00f6ss\u00e9gi h\u00e1l\u00f3zattal is kompatibilis<\/li>\n\n\n\n<li>\u00c9rzelmi el\u0151zm\u00e9nyeiden alapul\u00f3 aj\u00e1nl\u00e1sok<\/li>\n<\/ul>\n\n\n\n<p>Ide\u00e1lis, ha k\u00fcl\u00f6nb\u00f6z\u0151 lehet\u0151s\u00e9geket fedezel fel, vagy ha egyszer\u0171en csak tudni szeretn\u00e9d, hogy ez a \u201ebar\u00e1ts\u00e1g\u201d rejt-e m\u00e9g valamit.<\/p>\n\n\n\n<hr class=\"wp-block-separator has-alpha-channel-opacity is-style-wide\" \/>\n\n\n\n<p><\/p>\n\n\n\n<h2 class=\"wp-block-heading\">Hogyan lehet ezeket az alkalmaz\u00e1sokat hib\u00e1k n\u00e9lk\u00fcl haszn\u00e1lni?<\/h2>\n\n\n\n<h3 class=\"wp-block-heading\">Tippek a biztons\u00e1gos \u00e9s pozit\u00edv \u00e9lm\u00e9nyhez<\/h3>\n\n\n\n<p>B\u00e1r ezek az alkalmaz\u00e1sok nagyon hasznosak, fontos, hogy felel\u0151ss\u00e9gteljesen haszn\u00e1ljuk \u0151ket.<\/p>\n\n\n\n<p>\u00cdme n\u00e9h\u00e1ny gyakorlati tipp, amelyek seg\u00edtenek a legt\u00f6bbet kihozni bel\u0151le gond n\u00e9lk\u00fcl:<\/p>\n\n\n\n<ul>\n<li><strong>Olvasd el a v\u00e9lem\u00e9nyeket<\/strong> a Play \u00c1ruh\u00e1zban let\u00f6lt\u00e9s el\u0151tt<\/li>\n\n\n\n<li>Csak a sz\u00fcks\u00e9ges enged\u00e9lyeket aktiv\u00e1lja<\/li>\n\n\n\n<li>Ne osszon meg \u00e9rz\u00e9keny szem\u00e9lyes adatokat<\/li>\n\n\n\n<li>Haszn\u00e1ld ezeket az eszk\u00f6z\u00f6ket \u00fatmutat\u00f3k\u00e9nt, ne abszol\u00fat igazs\u00e1gk\u00e9nt.<\/li>\n\n\n\n<li>Ne feledd, hogy minden profil m\u00f6g\u00f6tt egy val\u00f3di ember \u00e1ll<\/li>\n\n\n\n<li>Ker\u00fcld a megsz\u00e1llotts\u00e1got: a szerelemnek is t\u00e9rre van sz\u00fcks\u00e9ge<\/li>\n<\/ul>\n\n\n\n<p>Azt se felejtsd el, hogy a digit\u00e1lis interakci\u00f3k ingadozhatnak. Nem mindenki szerelmes, aki megn\u00e9zi a t\u00f6rt\u00e9neteidet. Ez\u00e9rt olyan \u00e9rt\u00e9kes, hogy mint\u00e1kat l\u00e1ssunk, ne csak elszigetelt pillanatokat.<\/p>\n\n\n\n<h2 class=\"wp-block-heading\">Igaz t\u00f6rt\u00e9netek: Amikor az alkalmaz\u00e1s felfedte a rejtett \u00e9rdekl\u0151d\u00e9st<\/h2>\n\n\n\n<h3 class=\"wp-block-heading\">Vallom\u00e1sok, amelyek elhitetik veled<\/h3>\n\n\n\n<blockquote class=\"wp-block-quote\">\n<p><strong>K\u00e1roly, 26 \u00e9ves<\/strong>: \u201eK\u00edv\u00e1ncsis\u00e1gb\u00f3l let\u00f6lt\u00f6ttem a Who Viewed Me alkalmaz\u00e1st. L\u00e1ttam, hogy egy munkat\u00e1rsam egy h\u00e9t alatt 14-szer l\u00e1togatta meg a profilomat. \u00dagy d\u00f6nt\u00f6ttem, besz\u00e9lek vele, \u00e9s most m\u00e1r randizunk is. K\u00f6sz\u00f6n\u00f6m, alkalmaz\u00e1s!\u201d<\/p>\n\n\n\n<p><strong>Sz\u00f3fia, 19 \u00e9ves<\/strong>\u201eHaszn\u00e1ltam a SocialView-t, \u00e9s \u00e9szrevettem, hogy az exem minden nap, ugyanabban az id\u0151ben n\u00e9zi a t\u00f6rt\u00e9neteimet. Furcsa volt, de mindenk\u00e9ppen seg\u00edtett lez\u00e1rni ezt a ciklust.\u201d<\/p>\n\n\n\n<p><strong>M\u00e1nuel, 33 \u00e9ves<\/strong>: \u201eAz Xprofile-on kereszt\u00fcl fedeztem fel, hogy egy gyerekkori bar\u00e1tom a szok\u00e1sosn\u00e1l t\u00f6bbet kommunik\u00e1l. Meglep\u0151dtem, besz\u00e9lgett\u00fcnk, \u00e9s most azt tervezz\u00fck, hogy szem\u00e9lyesen is tal\u00e1lkozunk. Soha nem gondoltam volna!\u201d<\/p>\n\n\n\n<p>Ezek az alkalmaz\u00e1sok megv\u00e1ltoztathatj\u00e1k a szeml\u00e9letm\u00f3dodat. A szerelem n\u00e9ha k\u00f6zelebb van, mint gondoln\u00e1d, csak a megfelel\u0151 eszk\u00f6zre van sz\u00fcks\u00e9ged, hogy \u00e9szrevedd.<\/p>\n<\/blockquote>\n\n\n\n<h2 class=\"wp-block-heading\">Mit tegy\u00fcnk \u00e9rdekl\u0151d\u00e9s felfedez\u00e9se ut\u00e1n?<\/h2>\n\n\n\n<h3 class=\"wp-block-heading\">Most mi van? Nyugodt l\u00e9ptekkel indulj \u00fatnak.<\/h3>\n\n\n\n<p>M\u00e1r tudod, hogy ki \u00e9rdekl\u0151dik ir\u00e1ntad. Nagyszer\u0171. Most mi legyen? \u00cdme n\u00e9h\u00e1ny \u00f6tlet a helyzet biztons\u00e1gos \u00e9s tiszteletteljes kezel\u00e9s\u00e9re:<\/p>\n\n\n\n<ul>\n<li><strong>N\u00e9zd meg, hogy k\u00f6lcs\u00f6n\u00f6s-e az \u00e9rdekl\u0151d\u00e9s<\/strong><\/li>\n\n\n\n<li>Kezdj egy k\u00f6tetlen besz\u00e9lget\u00e9st<\/li>\n\n\n\n<li>Mutass nyitotts\u00e1got \u00e9s akt\u00edv figyelmet<\/li>\n\n\n\n<li>Ne er\u0151ltesd, adj teret<\/li>\n\n\n\n<li>Ha nem \u00e9rdekel, l\u00e9gy egy\u00e9rtelm\u0171 an\u00e9lk\u00fcl, hogy megb\u00e1ntan\u00e1l.<\/li>\n\n\n\n<li>Ha neked is tetszik, \u00e9lvezd ki a pillanatot!<\/li>\n<\/ul>\n\n\n\n<p>A c\u00e9l nem csup\u00e1n a felfedez\u00e9s, hanem az emp\u00e1ti\u00e1val val\u00f3 cselekv\u00e9s. Mert legbel\u00fcl mindannyian ugyanazt keress\u00fck: a kapcsolatot, az \u0151szintes\u00e9get \u00e9s a t\u00f6r\u0151d\u00e9st.<\/p>\n\n\n<div class=\"wp-block-image\">\n<figure class=\"aligncenter size-full\"><img loading=\"lazy\" decoding=\"async\" width=\"550\" height=\"350\" src=\"https:\/\/universofamilia.com\/wp-content\/uploads\/sites\/148\/2025\/04\/DESTAQUE-UNIVERSO-550-x-350-3.jpg\" alt=\"\" class=\"wp-image-9267\" srcset=\"http:\/\/universofamilia.com\/wp-content\/uploads\/sites\/148\/2025\/04\/DESTAQUE-UNIVERSO-550-x-350-3.jpg 550w, http:\/\/universofamilia.com\/wp-content\/uploads\/sites\/148\/2025\/04\/DESTAQUE-UNIVERSO-550-x-350-3-300x191.jpg 300w, http:\/\/universofamilia.com\/wp-content\/uploads\/sites\/148\/2025\/04\/DESTAQUE-UNIVERSO-550-x-350-3-18x12.jpg 18w\" sizes=\"(max-width: 550px) 100vw, 550px\" \/><figcaption class=\"wp-element-caption\">Tudd meg, kit \u00e9rdekelsz ezekkel az alkalmaz\u00e1sokkal<\/figcaption><\/figure><\/div>\n\n\n<h2 class=\"wp-block-heading\">Ezen alkalmaz\u00e1sok tov\u00e1bbi el\u0151nyei<\/h2>\n\n\n\n<p>A szerelmi probl\u00e9m\u00e1k megold\u00e1s\u00e1n t\u00fal ezek az alkalmaz\u00e1sok a k\u00f6vetkez\u0151ket is tehetik:<\/p>\n\n\n\n<ul>\n<li>Jav\u00edtsa az ir\u00e1ny\u00edt\u00e1st a k\u00f6z\u00f6ss\u00e9gi h\u00e1l\u00f3zatok felett<\/li>\n\n\n\n<li>Tudja meg, hogy t\u00f6r\u00f6lt\u00e9k-e vagy blokkolt\u00e1k-e \u00d6nt<\/li>\n\n\n\n<li>Rendszerezd a k\u00f6vet\u0151idet \u00e9s a szellemk\u00f6vet\u0151idet<\/li>\n\n\n\n<li>V\u00e9dje adatait<\/li>\n\n\n\n<li>Hamis fi\u00f3kok vagy \u201ebotok\u201d \u00e9szlel\u00e9se<\/li>\n<\/ul>\n\n\n\n<p>Teh\u00e1t m\u00e9g ha nem is keresel romantik\u00e1t, ezek az eszk\u00f6z\u00f6k digit\u00e1lis er\u0151t adnak ahhoz, hogy biztons\u00e1gosabban \u00e9s strat\u00e9giailag haszn\u00e1ld a h\u00e1l\u00f3zataidat.<\/p>\n\n\n\n<h2 class=\"wp-block-heading\">Cselekedj m\u00e9g ma!<\/h2>\n\n\n\n<p>Most m\u00e1r mindent megtudt\u00e1l, amire sz\u00fcks\u00e9ged van ahhoz, hogy kider\u00edtsd, \u00e9rdekl\u0151dik-e ir\u00e1ntad. Megtanultad, hogyan m\u0171k\u00f6dnek ezek az alkalmaz\u00e1sok, milyen jeleket kell keresned, \u00e9s mit kell tenned, ha megtal\u00e1ltad, amit keresel. Most rajtad a sor.<\/p>\n\n\n\n<p>T\u00f6ltsd le az aj\u00e1nlott alkalmaz\u00e1sok egyik\u00e9t, kezdj el felfedezni, \u00e9s nyisd ki a szemed (\u00e9s a sz\u00edved) arra, hogy mi t\u00f6rt\u00e9nhet a k\u00e9perny\u0151id m\u00f6g\u00f6tt. N\u00e9ha egy apr\u00f3 digit\u00e1lis l\u00e9p\u00e9s is nagy \u00e9rzelmi v\u00e1ltoz\u00e1st hozhat.<\/p>\n\n\n\n<p>\u00c9s ha felfedezel valami sz\u00e9pet... mes\u00e9ld el a t\u00f6rt\u00e9netedet! A modern szerelmet emojik, megtekintett t\u00f6rt\u00e9netek \u00e9s okosalkalmaz\u00e1sok \u00edrj\u00e1k. Hajr\u00e1! Tal\u00e1n valaki \u00e9ppen most v\u00e1rja, hogy \u00e9szrevedd.<\/p>","protected":false},"excerpt":{"rendered":"<p>\u00bfY si alguien est\u00e1 pensando en ti justo ahora? \u00a1Elija una de las opciones! Descubrir qui\u00e9n est\u00e1 interesado en ti puede parecer algo reservado solo para adivinos o personas con poderes especiales, pero hoy te tengo una noticia que va a cambiar tu manera de ver las cosas: \u00a1la tecnolog\u00eda puede ayudarte a saberlo! S\u00ed, [&hellip;]<\/p>","protected":false},"author":139,"featured_media":9267,"comment_status":"closed","ping_status":"open","sticky":false,"template":"","format":"standard","meta":{"footnotes":""},"categories":[2],"tags":[1805,2210,2211,2209,2212],"yoast_head":"<!-- This site is optimized with the Yoast SEO plugin v23.3 - https:\/\/yoast.com\/wordpress\/plugins\/seo\/ -->\n<title>Descubre qui\u00e9n est\u00e1 interesado en ti con estos aplicativos - Universo Fam\u00edlia<\/title>\n<meta name=\"description\" content=\"Descubre qui\u00e9n est\u00e1 interesado en ti con estos aplicativos. Descubrir qui\u00e9n est\u00e1 interesado en ti puede parecer algo reservado solo...\" \/>\n<meta name=\"robots\" content=\"index, follow, max-snippet:-1, max-image-preview:large, max-video-preview:-1\" \/>\n<link rel=\"canonical\" href=\"https:\/\/universofamilia.com\/hu\/descubre-quien-esta-interesado-en-ti-con-estos-aplicativos\/\" \/>\n<meta property=\"og:locale\" content=\"hu_HU\" \/>\n<meta property=\"og:type\" content=\"article\" \/>\n<meta property=\"og:title\" content=\"Descubre qui\u00e9n est\u00e1 interesado en ti con estos aplicativos - Universo Fam\u00edlia\" \/>\n<meta property=\"og:description\" content=\"Descubre qui\u00e9n est\u00e1 interesado en ti con estos aplicativos. Descubrir qui\u00e9n est\u00e1 interesado en ti puede parecer algo reservado solo...\" \/>\n<meta property=\"og:url\" content=\"https:\/\/universofamilia.com\/hu\/descubre-quien-esta-interesado-en-ti-con-estos-aplicativos\/\" \/>\n<meta property=\"og:site_name\" content=\"Universo Fam\u00edlia\" \/>\n<meta property=\"article:published_time\" content=\"2025-04-10T19:05:57+00:00\" \/>\n<meta property=\"article:modified_time\" content=\"2025-10-13T19:04:11+00:00\" \/>\n<meta property=\"og:image\" content=\"https:\/\/universofamilia.com\/wp-content\/uploads\/sites\/148\/2025\/04\/DESTAQUE-UNIVERSO-550-x-350-3.jpg\" \/>\n\t<meta property=\"og:image:width\" content=\"550\" \/>\n\t<meta property=\"og:image:height\" content=\"350\" \/>\n\t<meta property=\"og:image:type\" content=\"image\/jpeg\" \/>\n<meta name=\"author\" content=\"Pedro Henrique\" \/>\n<meta name=\"twitter:card\" content=\"summary_large_image\" \/>\n<meta name=\"twitter:label1\" content=\"Written by\" \/>\n\t<meta name=\"twitter:data1\" content=\"Pedro Henrique\" \/>\n\t<meta name=\"twitter:label2\" content=\"Est. reading time\" \/>\n\t<meta name=\"twitter:data2\" content=\"9 perc\" \/>\n<script type=\"application\/ld+json\" class=\"yoast-schema-graph\">{\"@context\":\"https:\/\/schema.org\",\"@graph\":[{\"@type\":\"WebPage\",\"@id\":\"https:\/\/universofamilia.com\/bg\/descubre-quien-esta-interesado-en-ti-con-estos-aplicativos\/\",\"url\":\"https:\/\/universofamilia.com\/bg\/descubre-quien-esta-interesado-en-ti-con-estos-aplicativos\/\",\"name\":\"Descubre qui\u00e9n est\u00e1 interesado en ti con estos aplicativos - Universo Fam\u00edlia\",\"isPartOf\":{\"@id\":\"https:\/\/universofamilia.com\/el\/#website\"},\"primaryImageOfPage\":{\"@id\":\"https:\/\/universofamilia.com\/bg\/descubre-quien-esta-interesado-en-ti-con-estos-aplicativos\/#primaryimage\"},\"image\":{\"@id\":\"https:\/\/universofamilia.com\/bg\/descubre-quien-esta-interesado-en-ti-con-estos-aplicativos\/#primaryimage\"},\"thumbnailUrl\":\"http:\/\/universofamilia.com\/wp-content\/uploads\/sites\/148\/2025\/04\/DESTAQUE-UNIVERSO-550-x-350-3.jpg\",\"datePublished\":\"2025-04-10T19:05:57+00:00\",\"dateModified\":\"2025-10-13T19:04:11+00:00\",\"author\":{\"@id\":\"https:\/\/universofamilia.com\/el\/#\/schema\/person\/f07ce98187dd84d31154262e79b3b7ca\"},\"description\":\"Descubre qui\u00e9n est\u00e1 interesado en ti con estos aplicativos. Descubrir qui\u00e9n est\u00e1 interesado en ti puede parecer algo reservado solo...\",\"breadcrumb\":{\"@id\":\"https:\/\/universofamilia.com\/bg\/descubre-quien-esta-interesado-en-ti-con-estos-aplicativos\/#breadcrumb\"},\"inLanguage\":\"hu\",\"potentialAction\":[{\"@type\":\"ReadAction\",\"target\":[\"https:\/\/universofamilia.com\/bg\/descubre-quien-esta-interesado-en-ti-con-estos-aplicativos\/\"]}]},{\"@type\":\"ImageObject\",\"inLanguage\":\"hu\",\"@id\":\"https:\/\/universofamilia.com\/bg\/descubre-quien-esta-interesado-en-ti-con-estos-aplicativos\/#primaryimage\",\"url\":\"http:\/\/universofamilia.com\/wp-content\/uploads\/sites\/148\/2025\/04\/DESTAQUE-UNIVERSO-550-x-350-3.jpg\",\"contentUrl\":\"http:\/\/universofamilia.com\/wp-content\/uploads\/sites\/148\/2025\/04\/DESTAQUE-UNIVERSO-550-x-350-3.jpg\",\"width\":550,\"height\":350,\"caption\":\"Descubre qui\u00e9n est\u00e1 interesado en ti con estos aplicativos\"},{\"@type\":\"BreadcrumbList\",\"@id\":\"https:\/\/universofamilia.com\/bg\/descubre-quien-esta-interesado-en-ti-con-estos-aplicativos\/#breadcrumb\",\"itemListElement\":[{\"@type\":\"ListItem\",\"position\":1,\"name\":\"Home\",\"item\":\"https:\/\/universofamilia.com\/el\/\"},{\"@type\":\"ListItem\",\"position\":2,\"name\":\"Descubre qui\u00e9n est\u00e1 interesado en ti con estos aplicativos\"}]},{\"@type\":\"WebSite\",\"@id\":\"https:\/\/universofamilia.com\/el\/#website\",\"url\":\"https:\/\/universofamilia.com\/el\/\",\"name\":\"Universo Fam\u00edlia\",\"description\":\"\",\"potentialAction\":[{\"@type\":\"SearchAction\",\"target\":{\"@type\":\"EntryPoint\",\"urlTemplate\":\"https:\/\/universofamilia.com\/el\/?s={search_term_string}\"},\"query-input\":\"required name=search_term_string\"}],\"inLanguage\":\"hu\"},{\"@type\":\"Person\",\"@id\":\"https:\/\/universofamilia.com\/el\/#\/schema\/person\/f07ce98187dd84d31154262e79b3b7ca\",\"name\":\"Pedro Henrique\",\"image\":{\"@type\":\"ImageObject\",\"inLanguage\":\"hu\",\"@id\":\"https:\/\/universofamilia.com\/el\/#\/schema\/person\/image\/\",\"url\":\"http:\/\/0.gravatar.com\/avatar\/9edfeb808cb4e1599f64d6e45b130154?s=96&d=mm&r=g\",\"contentUrl\":\"http:\/\/0.gravatar.com\/avatar\/9edfeb808cb4e1599f64d6e45b130154?s=96&d=mm&r=g\",\"caption\":\"Pedro Henrique\"},\"url\":\"http:\/\/universofamilia.com\/hu\/author\/editor01\/\"}]}<\/script>\n<!-- \/ Yoast SEO plugin. -->","yoast_head_json":{"title":"Descubre qui\u00e9n est\u00e1 interesado en ti con estos aplicativos - Universo Fam\u00edlia","description":"Descubre qui\u00e9n est\u00e1 interesado en ti con estos aplicativos. Descubrir qui\u00e9n est\u00e1 interesado en ti puede parecer algo reservado solo...","robots":{"index":"index","follow":"follow","max-snippet":"max-snippet:-1","max-image-preview":"max-image-preview:large","max-video-preview":"max-video-preview:-1"},"canonical":"https:\/\/universofamilia.com\/hu\/descubre-quien-esta-interesado-en-ti-con-estos-aplicativos\/","og_locale":"hu_HU","og_type":"article","og_title":"Descubre qui\u00e9n est\u00e1 interesado en ti con estos aplicativos - Universo Fam\u00edlia","og_description":"Descubre qui\u00e9n est\u00e1 interesado en ti con estos aplicativos. Descubrir qui\u00e9n est\u00e1 interesado en ti puede parecer algo reservado solo...","og_url":"https:\/\/universofamilia.com\/hu\/descubre-quien-esta-interesado-en-ti-con-estos-aplicativos\/","og_site_name":"Universo Fam\u00edlia","article_published_time":"2025-04-10T19:05:57+00:00","article_modified_time":"2025-10-13T19:04:11+00:00","og_image":[{"width":550,"height":350,"url":"https:\/\/universofamilia.com\/wp-content\/uploads\/sites\/148\/2025\/04\/DESTAQUE-UNIVERSO-550-x-350-3.jpg","type":"image\/jpeg"}],"author":"Pedro Henrique","twitter_card":"summary_large_image","twitter_misc":{"Written by":"Pedro Henrique","Est. reading time":"9 perc"},"schema":{"@context":"https:\/\/schema.org","@graph":[{"@type":"WebPage","@id":"https:\/\/universofamilia.com\/bg\/descubre-quien-esta-interesado-en-ti-con-estos-aplicativos\/","url":"https:\/\/universofamilia.com\/bg\/descubre-quien-esta-interesado-en-ti-con-estos-aplicativos\/","name":"Descubre qui\u00e9n est\u00e1 interesado en ti con estos aplicativos - Universo Fam\u00edlia","isPartOf":{"@id":"https:\/\/universofamilia.com\/el\/#website"},"primaryImageOfPage":{"@id":"https:\/\/universofamilia.com\/bg\/descubre-quien-esta-interesado-en-ti-con-estos-aplicativos\/#primaryimage"},"image":{"@id":"https:\/\/universofamilia.com\/bg\/descubre-quien-esta-interesado-en-ti-con-estos-aplicativos\/#primaryimage"},"thumbnailUrl":"http:\/\/universofamilia.com\/wp-content\/uploads\/sites\/148\/2025\/04\/DESTAQUE-UNIVERSO-550-x-350-3.jpg","datePublished":"2025-04-10T19:05:57+00:00","dateModified":"2025-10-13T19:04:11+00:00","author":{"@id":"https:\/\/universofamilia.com\/el\/#\/schema\/person\/f07ce98187dd84d31154262e79b3b7ca"},"description":"Descubre qui\u00e9n est\u00e1 interesado en ti con estos aplicativos. Descubrir qui\u00e9n est\u00e1 interesado en ti puede parecer algo reservado solo...","breadcrumb":{"@id":"https:\/\/universofamilia.com\/bg\/descubre-quien-esta-interesado-en-ti-con-estos-aplicativos\/#breadcrumb"},"inLanguage":"hu","potentialAction":[{"@type":"ReadAction","target":["https:\/\/universofamilia.com\/bg\/descubre-quien-esta-interesado-en-ti-con-estos-aplicativos\/"]}]},{"@type":"ImageObject","inLanguage":"hu","@id":"https:\/\/universofamilia.com\/bg\/descubre-quien-esta-interesado-en-ti-con-estos-aplicativos\/#primaryimage","url":"http:\/\/universofamilia.com\/wp-content\/uploads\/sites\/148\/2025\/04\/DESTAQUE-UNIVERSO-550-x-350-3.jpg","contentUrl":"http:\/\/universofamilia.com\/wp-content\/uploads\/sites\/148\/2025\/04\/DESTAQUE-UNIVERSO-550-x-350-3.jpg","width":550,"height":350,"caption":"Descubre qui\u00e9n est\u00e1 interesado en ti con estos aplicativos"},{"@type":"BreadcrumbList","@id":"https:\/\/universofamilia.com\/bg\/descubre-quien-esta-interesado-en-ti-con-estos-aplicativos\/#breadcrumb","itemListElement":[{"@type":"ListItem","position":1,"name":"Home","item":"https:\/\/universofamilia.com\/el\/"},{"@type":"ListItem","position":2,"name":"Descubre qui\u00e9n est\u00e1 interesado en ti con estos aplicativos"}]},{"@type":"WebSite","@id":"https:\/\/universofamilia.com\/el\/#website","url":"https:\/\/universofamilia.com\/el\/","name":"Universo Fam\u00edlia","description":"","potentialAction":[{"@type":"SearchAction","target":{"@type":"EntryPoint","urlTemplate":"https:\/\/universofamilia.com\/el\/?s={search_term_string}"},"query-input":"required name=search_term_string"}],"inLanguage":"hu"},{"@type":"Person","@id":"https:\/\/universofamilia.com\/el\/#\/schema\/person\/f07ce98187dd84d31154262e79b3b7ca","name":"Pedro Henrique","image":{"@type":"ImageObject","inLanguage":"hu","@id":"https:\/\/universofamilia.com\/el\/#\/schema\/person\/image\/","url":"http:\/\/0.gravatar.com\/avatar\/9edfeb808cb4e1599f64d6e45b130154?s=96&d=mm&r=g","contentUrl":"http:\/\/0.gravatar.com\/avatar\/9edfeb808cb4e1599f64d6e45b130154?s=96&d=mm&r=g","caption":"Pedro Henrique"},"url":"http:\/\/universofamilia.com\/hu\/author\/editor01\/"}]}},"_links":{"self":[{"href":"http:\/\/universofamilia.com\/hu\/wp-json\/wp\/v2\/posts\/9263"}],"collection":[{"href":"http:\/\/universofamilia.com\/hu\/wp-json\/wp\/v2\/posts"}],"about":[{"href":"http:\/\/universofamilia.com\/hu\/wp-json\/wp\/v2\/types\/post"}],"author":[{"embeddable":true,"href":"http:\/\/universofamilia.com\/hu\/wp-json\/wp\/v2\/users\/139"}],"replies":[{"embeddable":true,"href":"http:\/\/universofamilia.com\/hu\/wp-json\/wp\/v2\/comments?post=9263"}],"version-history":[{"count":2,"href":"http:\/\/universofamilia.com\/hu\/wp-json\/wp\/v2\/posts\/9263\/revisions"}],"predecessor-version":[{"id":10102,"href":"http:\/\/universofamilia.com\/hu\/wp-json\/wp\/v2\/posts\/9263\/revisions\/10102"}],"wp:featuredmedia":[{"embeddable":true,"href":"http:\/\/universofamilia.com\/hu\/wp-json\/wp\/v2\/media\/9267"}],"wp:attachment":[{"href":"http:\/\/universofamilia.com\/hu\/wp-json\/wp\/v2\/media?parent=9263"}],"wp:term":[{"taxonomy":"category","embeddable":true,"href":"http:\/\/universofamilia.com\/hu\/wp-json\/wp\/v2\/categories?post=9263"},{"taxonomy":"post_tag","embeddable":true,"href":"http:\/\/universofamilia.com\/hu\/wp-json\/wp\/v2\/tags?post=9263"}],"curies":[{"name":"wp","href":"https:\/\/api.w.org\/{rel}","templated":true}]}}