{"id":9278,"date":"2025-04-11T18:57:32","date_gmt":"2025-04-11T18:57:32","guid":{"rendered":"https:\/\/universofamilia.com\/?p=9278"},"modified":"2025-04-11T18:57:34","modified_gmt":"2025-04-11T18:57:34","slug":"mira-como-conocer-a-victoria-con-las-apps-de-citas","status":"publish","type":"post","link":"http:\/\/universofamilia.com\/hu\/mira-como-conocer-a-victoria-con-las-apps-de-citas\/","title":{"rendered":"N\u00e9zd meg, hogyan ismerkedhetsz meg Victori\u00e1val a t\u00e1rskeres\u0151 alkalmaz\u00e1sok seg\u00edts\u00e9g\u00e9vel"},"content":{"rendered":"<h3 class=\"wp-block-heading has-text-align-center\">Fedezzen fel egy sz\u00f3rakoztat\u00f3 \u00e9s biztons\u00e1gos m\u00f3dot arra, hogy egy k\u00fcl\u00f6nleges szem\u00e9llyel tal\u00e1lkozzon<\/h3>\n\n\n\n<p><\/p>\n\n\n\n<h5 class=\"wp-block-heading has-text-align-center\"><strong><mark class=\"has-inline-color has-vivid-cyan-blue-color\">V\u00e1lasszon egyet a lehet\u0151s\u00e9gek k\u00f6z\u00fcl!<\/mark><\/strong><\/h5>\n\n\n    <section class=\"mx-1 my-10\">\n                                                <a href=\"http:\/\/universofamilia.com\/hu\/aplicaciones-de-citas-2\/\" class=\"text-white\" data-analytics-label=\"optionsButton\"\n                    data-action=\"analytics#trackCTA\">\n                    <div data-options-target=\"option\"\n                        class=\"custom-section rounded-xl border p-3 shadow-md w-full bg-green-700 my-3\">\n                        <div class=\"flex w-full items-center justify-between\">\n                            <div class=\"flex items-center space-x-3\">\n                                <div class=\"text-lg font-bold\">\n                                    Szia, besz\u00e9lj most!   \u279d\n                                <\/div>\n                            <\/div>\n                        <\/div>\n                    <\/div>\n                <\/a>\n                                                            <a href=\"http:\/\/universofamilia.com\/hu\/mejor-app-de-citas-real\/\" class=\"text-white\" data-analytics-label=\"optionsButton\"\n                    data-action=\"analytics#trackCTA\">\n                    <div data-options-target=\"option\"\n                        class=\"custom-section rounded-xl border p-3 shadow-md w-full bg-green-700 my-3\">\n                        <div class=\"flex w-full items-center justify-between\">\n                            <div class=\"flex items-center space-x-3\">\n                                <div class=\"text-lg font-bold\">\n                                    Egy kis aj\u00e1nd\u00e9k neked \u279d\n                                <\/div>\n                            <\/div>\n                        <\/div>\n                    <\/div>\n                <\/a>\n                                                            <a href=\"http:\/\/universofamilia.com\/hu\/el-amor-a-un-clic\/\" class=\"text-white\" data-analytics-label=\"optionsButton\"\n                    data-action=\"analytics#trackCTA\">\n                    <div data-options-target=\"option\"\n                        class=\"custom-section rounded-xl border p-3 shadow-md w-full bg-green-700 my-3\">\n                        <div class=\"flex w-full items-center justify-between\">\n                            <div class=\"flex items-center space-x-3\">\n                                <div class=\"text-lg font-bold\">\n                                    Besz\u00e9lj Victori\u00e1val \u279d\n                                <\/div>\n                            <\/div>\n                        <\/div>\n                    <\/div>\n                <\/a>\n                            <p class=\"text-xs text-gray-500 text-right hidden\"\n            style=\"margin-left: 50%; margin-bottom: 50px; margin-top: 5px;\">\n            <!-- You will be redirected to another website -->\n        <\/p>\n    <\/section>\n\n\n\n\n<p><\/p>\n\n\n\n<p>Szeretn\u00e9l tal\u00e1lkozni? <strong>Gy\u0151zelem<\/strong> vagy valaki, mint \u0151? <a href=\"http:\/\/universofamilia.com\/hu\/aplicaciones-de-citas-2\/\">Szeretn\u00e9l egy \u00e9rdekes besz\u00e9lget\u00e9st folytatni?<\/a>, k\u00f6z\u00f6s \u00e9rdekl\u0151d\u00e9si k\u00f6r\u00f6k, vagy tal\u00e1n megtal\u00e1lni a szerelmet? Akkor ez a cikk neked sz\u00f3l.<\/p>\n\n\n\n<p>Megmutatjuk, hogyan <strong>randialkalmaz\u00e1sok<\/strong> seg\u00edthet ebben, m\u00e9g akkor is, ha kor\u00e1bban soha nem haszn\u00e1lt\u00e1l ilyet. \u00c9s a legjobb az eg\u00e9szben: mindezt a mobiltelefonodr\u00f3l!<\/p>\n\n\n\n<p>N\u00e9h\u00e1ny koppint\u00e1ssal elkezdheted felfedezni a k\u00f6zelben l\u00e9v\u0151 embereket, akik ugyanezt keresik. \u00c9s ha azon gondolkodsz: \u201eDe biztons\u00e1gos?\u201d<\/p>\n\n\n\n<p>Mi van, ha nem tudom, hogyan m\u0171k\u00f6dik? Ne agg\u00f3dj. Itt mindent l\u00e9p\u00e9sr\u0151l l\u00e9p\u00e9sre elmagyar\u00e1zunk.<\/p>\n\n\n\n<p>V\u00e9g\u00fcl bemutatunk 3 megb\u00edzhat\u00f3, ingyenes \u00e9s k\u00f6nnyen haszn\u00e1lhat\u00f3 alkalmaz\u00e1st, hogy azonnal elkezdhesd.<\/p>\n\n\n\n<h2 class=\"wp-block-heading\">Ki az a Vikt\u00f3ria, \u00e9s mi\u00e9rt akar mindenki tal\u00e1lkozni vele?<\/h2>\n\n\n\n<p>Vikt\u00f3ria lehet egy val\u00f3s szem\u00e9ly, vagy egyszer\u0171en csak annak a k\u00fcl\u00f6nleges szem\u00e9lynek a szimbolikus neve, akit keresel az \u00e9letedben. Lehet egy hozz\u00e1d k\u00f6zel \u00e1ll\u00f3 n\u0151, hasonl\u00f3 \u00edzl\u00e9ssel, valaki, aki szint\u00e9n meg akar osztani veled egy t\u00f6rt\u00e9netet.<\/p>\n\n\n\n<p>Vikt\u00f3ria azt az emberi kapcsolatot testes\u00edti meg, amire mindannyian v\u00e1gyunk: kellemes besz\u00e9lget\u00e9st, \u0151szinte pillant\u00e1st, azt az \u00e9rz\u00e9st, hogy minden folyik. \u00c9s sokszor ennek megtal\u00e1l\u00e1sa a val\u00f3 vil\u00e1gban bonyolultt\u00e1 v\u00e1lhat az id\u0151, a megszokott rutin vagy a f\u00e9l\u00e9nks\u00e9g miatt.<\/p>\n\n\n\n<p>A t\u00e1rskeres\u0151 alkalmaz\u00e1sokkal lehet\u0151s\u00e9ged van sok emberrel tal\u00e1lkozni<a href=\"http:\/\/universofamilia.com\/hu\/aplicaciones-de-citas-2\/\">Gy\u0151zelmek<\/a>\u201eA v\u00e1rosodban, a k\u00f6rny\u00e9keden, vagy ak\u00e1r a saj\u00e1t utc\u00e1dban. Olyan emberek, akik nyitottak arra, hogy tal\u00e1lkozzanak valakivel, aki olyan, mint te.\u201d<\/p>\n\n\n\n<p>A legjobb az eg\u00e9szben, hogy nem kell extrovert\u00e1ltnak lenned, vagy b\u00e1rmilyen tapasztalattal rendelkezned a technol\u00f3gi\u00e1ban. Csak k\u00edv\u00e1ncsis\u00e1gra \u00e9s egy kis b\u00e1tors\u00e1gra van sz\u00fcks\u00e9ged az els\u0151 l\u00e9p\u00e9s megt\u00e9tel\u00e9hez.<\/p>\n\n\n\n<p><\/p>\n\n\n\n<hr class=\"wp-block-separator has-alpha-channel-opacity is-style-wide\" \/>\n\n\n\n<h4 class=\"wp-block-heading has-text-align-center\"><strong><mark class=\"has-inline-color has-luminous-vivid-orange-color\">Olvasd el ezt is<\/mark><\/strong><\/h4>\n\n\n    <section class=\"mx-1 my-10\">\n                                                <a href=\"http:\/\/universofamilia.com\/hu\/lp-filmes-asiaticos\/\" class=\"text-white\" data-analytics-label=\"optionsButton\"\n                    data-action=\"analytics#trackCTA\">\n                    <div data-options-target=\"option\"\n                        class=\"custom-section rounded-xl border p-3 shadow-md w-full bg-green-700 my-3\">\n                        <div class=\"flex w-full items-center justify-between\">\n                            <div class=\"flex items-center space-x-3\">\n                                <div class=\"text-lg font-bold\">\n                                    App koreai dr\u00e1m\u00e1k n\u00e9z\u00e9s\u00e9hez \u279d\n                                <\/div>\n                            <\/div>\n                        <\/div>\n                    <\/div>\n                <\/a>\n                                                            <a href=\"http:\/\/universofamilia.com\/hu\/lp-recuperar-fotos\/\" class=\"text-white\" data-analytics-label=\"optionsButton\"\n                    data-action=\"analytics#trackCTA\">\n                    <div data-options-target=\"option\"\n                        class=\"custom-section rounded-xl border p-3 shadow-md w-full bg-green-700 my-3\">\n                        <div class=\"flex w-full items-center justify-between\">\n                            <div class=\"flex items-center space-x-3\">\n                                <div class=\"text-lg font-bold\">\n                                    T\u00f6r\u00f6lt fot\u00f3k helyre\u00e1ll\u00edt\u00e1sa ezzel az alkalmaz\u00e1ssal!  \u279d\n                                <\/div>\n                            <\/div>\n                        <\/div>\n                    <\/div>\n                <\/a>\n                                                            <a href=\"http:\/\/universofamilia.com\/hu\/el-amor-a-un-clic\/\" class=\"text-white\" data-analytics-label=\"optionsButton\"\n                    data-action=\"analytics#trackCTA\">\n                    <div data-options-target=\"option\"\n                        class=\"custom-section rounded-xl border p-3 shadow-md w-full bg-green-700 my-3\">\n                        <div class=\"flex w-full items-center justify-between\">\n                            <div class=\"flex items-center space-x-3\">\n                                <div class=\"text-lg font-bold\">\n                                    Fedezd fel az ide\u00e1lis t\u00e1rskeres\u0151 alkalmaz\u00e1st \u279d\n                                <\/div>\n                            <\/div>\n                        <\/div>\n                    <\/div>\n                <\/a>\n                            <p class=\"text-xs text-gray-500 text-right hidden\"\n            style=\"margin-left: 50%; margin-bottom: 50px; margin-top: 5px;\">\n            <!-- You will be redirected to another website -->\n        <\/p>\n    <\/section>\n\n\n\n\n<p class=\"has-text-align-right\"><em><strong><em><strong><em><strong><em><strong><em><strong>Ugyanott fog maradni!<\/strong><\/em><\/strong><\/em><\/strong><\/em><\/strong><\/em><\/strong><\/em><\/p>\n\n\n\n<hr class=\"wp-block-separator has-alpha-channel-opacity is-style-wide\" \/>\n\n\n\n<p><\/p>\n\n\n\n<h2 class=\"wp-block-heading\">Mi\u00e9rt m\u0171k\u00f6dnek a t\u00e1rskeres\u0151 alkalmaz\u00e1sok?<\/h2>\n\n\n\n<p>A <strong>randialkalmaz\u00e1sok<\/strong> Az egyik leggyakoribb m\u00f3dja lett az emberekkel val\u00f3 tal\u00e1lkoz\u00e1snak vil\u00e1gszerte. Ez nem v\u00e9letlen. Konkr\u00e9t okok magyar\u00e1zz\u00e1k, hogy mi\u00e9rt m\u0171k\u00f6dnek ilyen j\u00f3l:<\/p>\n\n\n\n<ul>\n<li>Percek alatt t\u00f6bb ezer emberrel ker\u00fclhetsz kapcsolatba<\/li>\n\n\n\n<li>\u00c9rdekl\u0151d\u00e9sed szerint v\u00e1laszthatsz<\/li>\n\n\n\n<li>B\u00e1rmikor elkezdhetsz besz\u00e9lget\u00e9st, amikor csak k\u00e9nyelmesnek \u00e9rzed magad.<\/li>\n\n\n\n<li>Lehet\u0151v\u00e9 teszi, hogy nyom\u00e1s n\u00e9lk\u00fcl tal\u00e1lkozz emberekkel<\/li>\n\n\n\n<li>Sokkal biztons\u00e1gosabb, mint v\u00e9letlen\u00fcl \u00f6sszefutni valakivel az utc\u00e1n.<\/li>\n<\/ul>\n\n\n\n<p>Ezenk\u00edv\u00fcl ezeknek az alkalmaz\u00e1soknak az algoritmusai megmutatj\u00e1k, kik kompatibilisek veled. A tart\u00f3zkod\u00e1si helyed, az \u00edzl\u00e9sed \u00e9s az alkalmaz\u00e1sban mutatott viselked\u00e9sed alapj\u00e1n igazodnak, hogy jobb partnereket k\u00edn\u00e1ljanak.<\/p>\n\n\n\n<p>\u00c9s tudod, mi a legjobb? Minden besz\u00e9lget\u00e9s egyetlen k\u00e9perny\u0151koppint\u00e1ssal kezd\u0151dik. Ilyen egyszer\u0171.<\/p>\n\n\n\n<h2 class=\"wp-block-heading\">Milyen emberekkel lehet tal\u00e1lkozni?<\/h2>\n\n\n\n<p>Gyakori k\u00e9rd\u00e9s: Kik haszn\u00e1lj\u00e1k ezeket az alkalmaz\u00e1sokat? Csak fiatalok? Komoly kapcsolatot keres\u0151 emberek? Vagy csak alkalmi tal\u00e1lkoz\u00e1sokra v\u00e1gy\u00f3k?<\/p>\n\n\n\n<p>Az igazs\u00e1g az, hogy minden l\u00e9tezik. \u00c9s ez nagyszer\u0171 h\u00edr, mert b\u00e1rmi is legyen a sz\u00e1nd\u00e9kod, biztosan tal\u00e1lsz valakit, akinek ugyanazok a v\u00e1gyai vannak.<\/p>\n\n\n\n<p>Ezeken a platformokon megtal\u00e1lod:<\/p>\n\n\n\n<ul>\n<li>F\u00e9l\u00e9nk emberek, akik nem mernek szem\u00e9lyesen tal\u00e1lkozni m\u00e1sokkal<\/li>\n\n\n\n<li>Olyan emberek, akik kil\u00e9ptek egy kapcsolatb\u00f3l \u00e9s valami \u00fajat keresnek<\/li>\n\n\n\n<li>Az emberek nyitottak az \u00faj bar\u00e1ts\u00e1gokra<\/li>\n\n\n\n<li>Stabil kapcsolatot keres\u0151 emberek<\/li>\n\n\n\n<li>K\u00edv\u00e1ncsi, vid\u00e1m, spont\u00e1n emberek<\/li>\n<\/ul>\n\n\n\n<p>\u00c9s igen, azt is megtal\u00e1lhatod <strong>Gy\u0151zelem<\/strong>, az a l\u00e1ny, aki mintha \u00e1lmaidb\u00f3l l\u00e9pett volna el\u0151, de k\u00f6zelebb van, mint gondoln\u00e1d<\/p>\n\n\n<div class=\"wp-block-image\">\n<figure class=\"aligncenter size-full\"><img loading=\"lazy\" decoding=\"async\" width=\"550\" height=\"350\" src=\"https:\/\/universofamilia.com\/wp-content\/uploads\/sites\/148\/2025\/04\/DESTAQUE-UNIVERSO-550-x-350-4.jpg\" alt=\"\" class=\"wp-image-9284\" srcset=\"http:\/\/universofamilia.com\/wp-content\/uploads\/sites\/148\/2025\/04\/DESTAQUE-UNIVERSO-550-x-350-4.jpg 550w, http:\/\/universofamilia.com\/wp-content\/uploads\/sites\/148\/2025\/04\/DESTAQUE-UNIVERSO-550-x-350-4-300x191.jpg 300w, http:\/\/universofamilia.com\/wp-content\/uploads\/sites\/148\/2025\/04\/DESTAQUE-UNIVERSO-550-x-350-4-18x12.jpg 18w\" sizes=\"(max-width: 550px) 100vw, 550px\" \/><figcaption class=\"wp-element-caption\">N\u00e9zd meg, hogyan ismerkedhetsz meg Victori\u00e1val a t\u00e1rskeres\u0151 alkalmaz\u00e1sok seg\u00edts\u00e9g\u00e9vel<\/figcaption><\/figure><\/div>\n\n\n<h2 class=\"wp-block-heading\">Mire sz\u00e1m\u00edthatsz egy t\u00e1rskeres\u0151 alkalmaz\u00e1s haszn\u00e1latakor<\/h2>\n\n\n\n<p>Besz\u00e9lj\u00fcnk \u0151szint\u00e9n. Mint mindennek az \u00e9letben, a randialkalmaz\u00e1soknak is vannak pozit\u00edv dolgaik, \u00e9s olyan dolgok, amelyek att\u00f3l f\u00fcggenek, hogyan haszn\u00e1lod \u0151ket.<\/p>\n\n\n\n<p>A pozit\u00edvum az, hogy t\u00f6bb sz\u00e1z olyan emberrel hozhatsz kapcsolatba, akikkel egy\u00e9bk\u00e9nt nem tal\u00e1lkozn\u00e1l. Emellett ir\u00e1ny\u00edt\u00e1st is adnak: te d\u00f6ntheted el, hogy kivel besz\u00e9lsz, mikor besz\u00e9lsz vel\u00fck, \u00e9s meddig nem besz\u00e9lsz.<\/p>\n\n\n\n<p>Van m\u00e9g n\u00e9h\u00e1ny dolog, amit \u00e9rdemes szem el\u0151tt tartani:<\/p>\n\n\n\n<ul>\n<li>Nem mindenki ugyanazt keresi. L\u00e9gy egy\u00e9rtelm\u0171 m\u00e1r a legelej\u00e9t\u0151l fogva.<\/li>\n\n\n\n<li>Nem minden besz\u00e9lget\u00e9s siker\u00fclhet, \u00e9s ez \u00edgy van rendj\u00e9n<\/li>\n\n\n\n<li>Sz\u00e1nj id\u0151t arra, hogy megismerd a m\u00e1sikat, miel\u0151tt tal\u00e1lkozol vele<\/li>\n\n\n\n<li>Mindig tartsd szem el\u0151tt a biztons\u00e1godat \u00e9s az adatv\u00e9delmedet<\/li>\n<\/ul>\n\n\n\n<p>De ha ezeket az eszk\u00f6z\u00f6ket \u0151szint\u00e9n \u00e9s tisztelettel haszn\u00e1lod, csod\u00e1latos hidat jelenthetnek az \u00faj \u00e9lm\u00e9nyekhez.<\/p>\n\n\n\n<h2 class=\"wp-block-heading\">Hogyan hozzunk l\u00e9tre egy figyelemfelkelt\u0151 profilt?<\/h2>\n\n\n\n<p>Egy j\u00f3 profil a motiv\u00e1ci\u00f3s leveled. \u00c9s nem kell modellnek vagy influenszernek lenned ahhoz, hogy vonz\u00f3 profilod legyen. Csak hiteless\u00e9gre van sz\u00fcks\u00e9ged.<\/p>\n\n\n\n<p>\u00cdme n\u00e9h\u00e1ny fontos tipp:<\/p>\n\n\n\n<ul>\n<li>Haszn\u00e1lj tiszta, mosolyg\u00f3s \u00e9s aktu\u00e1lis fot\u00f3t<\/li>\n\n\n\n<li>\u00cdrj egy egyszer\u0171 le\u00edr\u00e1st, amib\u0151l kider\u00fcl, hogy ki vagy \u00e9s mit keresel.<\/li>\n\n\n\n<li>Ne haszn\u00e1lj \u00fcres fr\u00e1zisokat, l\u00e9gy \u0151szinte.<\/li>\n\n\n\n<li>Haszn\u00e1lj emojikat, hogy bar\u00e1ts\u00e1gosabb legyen \ud83d\ude0a<\/li>\n\n\n\n<li>Ker\u00fcld a t\u00falz\u00e1st vagy a sz\u00e9ls\u0151s\u00e9ges sz\u0171r\u0151k haszn\u00e1lat\u00e1t<\/li>\n<\/ul>\n\n\n\n<p>P\u00e9lda a hat\u00e9kony le\u00edr\u00e1sra:<\/p>\n\n\n\n<p>\u201eSzeretek f\u0151zni, filmeket n\u00e9zni \u00e9s naplement\u00e9ben s\u00e9t\u00e1lni. Hossz\u00fa besz\u00e9lget\u00e9sekre \u00e9s r\u00f6vid k\u00e1v\u00e9z\u00e1sokra keresek valakit \u2615\u2728\u201d<\/p>\n\n\n\n<p>Ne feledd: nem kell leny\u0171g\u00f6zn\u00f6d, csak teremts kapcsolatot.<\/p>\n\n\n\n<h2 class=\"wp-block-heading\">Hogyan kezdj\u00fcnk besz\u00e9lget\u00e9st an\u00e9lk\u00fcl, hogy zavarban lenn\u00fcnk<\/h2>\n\n\n\n<p>Sok ember sz\u00e1m\u00e1ra a legnehezebb dolog a besz\u00e9lget\u00e9s elkezd\u00e9se. De ne agg\u00f3dj, \u00edme n\u00e9h\u00e1ny egyszer\u0171 m\u00f3dszer a j\u00e9g megt\u00f6r\u00e9s\u00e9re.<\/p>\n\n\n\n<ul>\n<li>N\u00e9zd meg a profilt, \u00e9s \u00edrj valami konkr\u00e9tat kommentben: \u201eL\u00e1ttam, hogy szeretsz utazni. Mi volt a kedvenc \u00fati c\u00e9lod?\u201d<\/li>\n\n\n\n<li>Tegy\u00e9l fel egy nyitott k\u00e9rd\u00e9st: \u201eMit csin\u00e1lsz a legsz\u00edvesebben vas\u00e1rnap?\u201d<\/li>\n\n\n\n<li>L\u00e9gy bar\u00e1ts\u00e1gos \u00e9s k\u00f6zvetlen: \u201eSzia, im\u00e1dtam a mosolyodat. Szeretn\u00e9l besz\u00e9lgetni?\u201d<\/li>\n<\/ul>\n\n\n\n<p>Ker\u00fcld az olyan \u00e1ltal\u00e1nos \u00fczeneteket, mint a \u201eSzia\u201d vagy a \u201eHogy vagy?\u201d. Ezek nem mondanak sokat, \u00e9s nem keltenek k\u00edv\u00e1ncsis\u00e1got.<\/p>\n\n\n\n<p>A l\u00e9nyeg az igazi \u00e9rdekl\u0151d\u00e9s kimutat\u00e1sa<\/p>\n\n\n\n<h2 class=\"wp-block-heading\">Jelek, hogy a besz\u00e9lget\u00e9s j\u00f3l megy<\/h2>\n\n\n\n<p>Amikor olyannal besz\u00e9lgetsz, aki igaz\u00e1n k\u00f6t\u0151dik hozz\u00e1d, \u00e9szre fogod venni:<\/p>\n\n\n\n<ul>\n<li>A v\u00e1laszok gyorsak \u00e9s teljesek<\/li>\n\n\n\n<li>Vannak nevet\u00e9s, emojik \u00e9s bar\u00e1ts\u00e1gos hangnem<\/li>\n\n\n\n<li>A besz\u00e9lget\u00e9s z\u00f6kken\u0151mentesen folyik<\/li>\n\n\n\n<li>K\u00f6lcs\u00f6n\u00f6s \u00e9rdekl\u0151d\u00e9s van egym\u00e1s jobb megismer\u00e9se ir\u00e1nt.<\/li>\n<\/ul>\n\n\n\n<p>Ha azt veszed \u00e9szre, hogy valaki egysz\u00f3tag\u00fa szavakkal v\u00e1laszol, vagy sok\u00e1ig v\u00e1r, lehet, hogy nem \u0151 a legmegfelel\u0151bb partner. \u00c9s ez rendben is van! Folytasd a felfedez\u00e9st.<\/p>\n\n\n\n<h2 class=\"wp-block-heading\">Mit tegyen, ha szem\u00e9lyesen szeretne tal\u00e1lkozni Vikt\u00f3ri\u00e1val?<\/h2>\n\n\n\n<p>Ha n\u00e9h\u00e1ny nap vagy h\u00e9t ut\u00e1n \u00fagy \u00e9rzed, hogy van k\u00f6ztetek k\u00e9mia, akkor a val\u00f3 \u00e9letben is javasolhatsz egy tal\u00e1lkoz\u00f3t, de felel\u0151ss\u00e9gteljesen.<\/p>\n\n\n\n<p>K\u00f6vesse az al\u00e1bbi l\u00e9p\u00e9seket:<\/p>\n\n\n\n<p>1. Tedd vil\u00e1goss\u00e1, hogy tisztelettud\u00f3an szeretn\u00e9l vele tal\u00e1lkozni. 2. Javasolj egy nyilv\u00e1nos helyet (k\u00e1v\u00e9z\u00f3, park, v\u00e1s\u00e1r). 3. Egyeztess meg egy napot \u00e9s id\u0151pontot, ami mindkett\u0151t\u00f6knek megfelel. 4. Ne felejtsd el sz\u00f3lni egy bar\u00e1todnak vagy csal\u00e1dtagodnak. 5. \u00c9rkezz id\u0151ben \u00e9s nyitottan.<\/p>\n\n\n\n<p>Egy j\u00f3 szem\u00e9lyes tal\u00e1lkoz\u00f3 valami gy\u00f6ny\u00f6r\u0171 dolog kezdete lehet. Csak gy\u0151z\u0151dj meg r\u00f3la, hogy k\u00e9szen \u00e1llsz.<\/p>\n\n\n\n<h2 class=\"wp-block-heading\">3 legjobb alkalmaz\u00e1s, amivel megismerkedhetsz Victori\u00e1val<\/h2>\n\n\n\n<h3 class=\"wp-block-heading\">1 Bumble \u2013 Itt d\u00f6ntenek<\/h3>\n\n\n\n<p>Ide\u00e1lis azok sz\u00e1m\u00e1ra, akik tiszteletet, teret \u00e9s val\u00f3di besz\u00e9lget\u00e9seket keresnek <a href=\"https:\/\/bumble.com\/pt\/\">Bumble-on<\/a>A n\u0151k teszik meg az els\u0151 l\u00e9p\u00e9st, a meccs ut\u00e1n csak \u0151k kezdem\u00e9nyezhetik a besz\u00e9lget\u00e9st.<\/p>\n\n\n\n<ul>\n<li>Nagy k\u00f6z\u00f6ss\u00e9g Mexik\u00f3ban<\/li>\n\n\n\n<li>Letisztult \u00e9s modern fel\u00fclet<\/li>\n\n\n\n<li>Lehet\u0151v\u00e9 teszi randev\u00fak, bar\u00e1ts\u00e1gok vagy kapcsolat\u00e9p\u00edt\u00e9s keres\u00e9s\u00e9t<\/li>\n<\/ul>\n\n\n\n<p>Ide\u00e1lis, ha f\u00e9l\u00e9nk vagy, vagy ha azt szeretn\u00e9d, hogy a m\u00e1sik d\u00f6nts\u00f6n.<\/p>\n\n\n\n<p><\/p>\n\n\n\n<hr class=\"wp-block-separator has-alpha-channel-opacity is-style-wide\" \/>\n\n\n\n<h3 class=\"wp-block-heading\"><mark class=\"has-inline-color has-luminous-vivid-amber-color\"><strong>T\u00f6ltse le az alkalmaz\u00e1sokat<\/strong>.<\/mark><\/h3>\n\n\n    <section class=\"mx-1 my-10\">\n                                                <a href=\"https:\/\/bumble.com\/pt\/\" class=\"text-white\" data-analytics-label=\"optionsButton\"\n                    data-action=\"analytics#trackCTA\">\n                    <div data-options-target=\"option\"\n                        class=\"custom-section rounded-xl border p-3 shadow-md w-full bg-green-700 my-3\">\n                        <div class=\"flex w-full items-center justify-between\">\n                            <div class=\"flex items-center space-x-3\">\n                                <div class=\"text-lg font-bold\">\n                                    Bumble \u279d\n                                <\/div>\n                            <\/div>\n                        <\/div>\n                    <\/div>\n                <\/a>\n                            <p class=\"text-xs text-gray-500 text-right\"\n            style=\"margin-left: 50%; margin-bottom: 50px; margin-top: 5px;\">\n            <!-- You will be redirected to another website -->\n        <\/p>\n    <\/section>\n\n\n\n\n<p class=\"has-text-align-right\"><strong><em>\u00c1tir\u00e1ny\u00edtunk egy m\u00e1sik webhelyre<\/em><\/strong><\/p>\n\n\n\n<hr class=\"wp-block-separator has-alpha-channel-opacity is-style-wide\" \/>\n\n\n\n<p><\/p>\n\n\n\n<h3 class=\"wp-block-heading\">2 Tinder \u2013 Milli\u00f3nyi lehet\u0151s\u00e9g<\/h3>\n\n\n\n<p>A legn\u00e9pszer\u0171bb \u00e9s a legt\u00f6bb felhaszn\u00e1l\u00f3val rendelkez\u0151 alkalmaz\u00e1s a vil\u00e1gon. Megmutatja a k\u00f6zeledben l\u00e9v\u0151 embereket, \u00e9s lehet\u0151v\u00e9 teszi, hogy k\u00f6nnyen tal\u00e1lj p\u00e1ros\u00edt\u00e1sokat.<\/p>\n\n\n\n<ul>\n<li>H\u00faz\u00e1ssal m\u0171k\u00f6dik<\/li>\n\n\n\n<li>Biztons\u00e1gi \u00e9s ellen\u0151rz\u00e9si lehet\u0151s\u00e9gekkel rendelkezik<\/li>\n\n\n\n<li>T\u00f6bb funkci\u00f3\u00e9rt is lehet fizetni, de az ingyenes verzi\u00f3 is t\u00f6k\u00e9letesen m\u0171k\u00f6dik.<\/li>\n<\/ul>\n\n\n\n<p>A Tinder t\u00f6k\u00e9letes azok sz\u00e1m\u00e1ra, akik sok emberrel szeretn\u00e9nek tal\u00e1lkozni \u00e9s megn\u00e9zni, mi t\u00f6rt\u00e9nik.<\/p>\n\n\n\n<p><\/p>\n\n\n\n<hr class=\"wp-block-separator has-alpha-channel-opacity is-style-wide\" \/>\n\n\n\n<h3 class=\"wp-block-heading\"><mark class=\"has-inline-color has-luminous-vivid-amber-color\"><strong>T\u00f6ltse le az alkalmaz\u00e1sokat<\/strong>.<\/mark><\/h3>\n\n\n    <section class=\"mx-1 my-10\">\n                                                <a href=\"https:\/\/tinder.com\/pt\/download\" class=\"text-white\" data-analytics-label=\"optionsButton\"\n                    data-action=\"analytics#trackCTA\">\n                    <div data-options-target=\"option\"\n                        class=\"custom-section rounded-xl border p-3 shadow-md w-full bg-green-700 my-3\">\n                        <div class=\"flex w-full items-center justify-between\">\n                            <div class=\"flex items-center space-x-3\">\n                                <div class=\"text-lg font-bold\">\n                                    Tinder \u279d\n                                <\/div>\n                            <\/div>\n                        <\/div>\n                    <\/div>\n                <\/a>\n                            <p class=\"text-xs text-gray-500 text-right\"\n            style=\"margin-left: 50%; margin-bottom: 50px; margin-top: 5px;\">\n            <!-- You will be redirected to another website -->\n        <\/p>\n    <\/section>\n\n\n\n\n<p class=\"has-text-align-right\"><strong><em>\u00c1tir\u00e1ny\u00edtunk egy m\u00e1sik webhelyre<\/em><\/strong><\/p>\n\n\n\n<hr class=\"wp-block-separator has-alpha-channel-opacity is-style-wide\" \/>\n\n\n\n<p><\/p>\n\n\n\n<h3 class=\"wp-block-heading\">3 Happn \u2013 L\u00e9pj kapcsolatba azzal, akivel keresztezted az utad<\/h3>\n\n\n\n<p>Haszn\u00e1ld a tart\u00f3zkod\u00e1si helyed, hogy megmutasd, kik j\u00e1rtak el melletted. Lehet, hogy Victoria ugyanazon a buszon van, mint te, \u00e9s te m\u00e9g csak nem is tudt\u00e1l r\u00f3la!<\/p>\n\n\n\n<ul>\n<li>Nagyon hasznos a nagyv\u00e1rosokban<\/li>\n\n\n\n<li>Val\u00f3di egyez\u00e9seket biztos\u00edt a k\u00f6rny\u00e9keden \u00e9l\u0151 emberekkel<\/li>\n\n\n\n<li>Priv\u00e1t \u00e9s biztons\u00e1gos<\/li>\n<\/ul>\n\n\n\n<p>Ha tetszik a sors gondolata, a Happn neked val\u00f3.<\/p>\n\n\n\n<p><\/p>\n\n\n\n<hr class=\"wp-block-separator has-alpha-channel-opacity is-style-wide\" \/>\n\n\n\n<h3 class=\"wp-block-heading\"><mark class=\"has-inline-color has-luminous-vivid-amber-color\"><strong>T\u00f6ltse le az alkalmaz\u00e1sokat<\/strong>.<\/mark><\/h3>\n\n\n    <section class=\"mx-1 my-10\">\n                                                <a href=\"https:\/\/www.happn.com\/pt\/\" class=\"text-white\" data-analytics-label=\"optionsButton\"\n                    data-action=\"analytics#trackCTA\">\n                    <div data-options-target=\"option\"\n                        class=\"custom-section rounded-xl border p-3 shadow-md w-full bg-green-700 my-3\">\n                        <div class=\"flex w-full items-center justify-between\">\n                            <div class=\"flex items-center space-x-3\">\n                                <div class=\"text-lg font-bold\">\n                                    Boldog \u279d\n                                <\/div>\n                            <\/div>\n                        <\/div>\n                    <\/div>\n                <\/a>\n                            <p class=\"text-xs text-gray-500 text-right\"\n            style=\"margin-left: 50%; margin-bottom: 50px; margin-top: 5px;\">\n            <!-- You will be redirected to another website -->\n        <\/p>\n    <\/section>\n\n\n\n\n<p class=\"has-text-align-right\"><strong><em>\u00c1tir\u00e1ny\u00edtunk egy m\u00e1sik webhelyre<\/em><\/strong><\/p>\n\n\n\n<hr class=\"wp-block-separator has-alpha-channel-opacity is-style-wide\" \/>\n\n\n\n<p><\/p>\n\n\n\n<h2 class=\"wp-block-heading\">Igaz t\u00f6rt\u00e9netek emberekr\u0151l, akik megtal\u00e1lt\u00e1k a gy\u0151zelm\u00fcket<\/h2>\n\n\n\n<p><strong>Luis, 34 \u00e9ves:<\/strong><br>\u201eValeri\u00e1val a Bumble-n tal\u00e1lkoztam. El\u0151sz\u00f6r csak est\u00e9nk\u00e9nt besz\u00e9lt\u00fcnk. Egy h\u00f3nap m\u00falva elment\u00fcnk inni, \u00e9s ma m\u00e1r k\u00e9t \u00e9ve vagyunk egy\u00fctt.\u201d<\/p>\n\n\n\n<p><strong>Paola, 28 \u00e9ves:<\/strong><br>\u201eAzt hittem, ezek az alkalmaz\u00e1sok csak alkalmi dolgoknak val\u00f3k. De tal\u00e1lkoztam Daviddel a Happn-en, \u00e9s kider\u00fclt, hogy egy h\u00e1zt\u00f6mbnyire vagyunk egym\u00e1st\u00f3l. Ma m\u00e1r k\u00f6z\u00f6s h\u00e1zat \u00e9s \u00e9letet osztunk meg.\u201d<\/p>\n\n\n\n<p><strong>K\u00e1roly, 19 \u00e9ves:<\/strong><br>\u201eNagyon f\u00e9l\u00e9nk voltam. \u00dagy d\u00f6nt\u00f6ttem, hogy a Tindert haszn\u00e1lom, mert egy bar\u00e1tom ragaszkodott hozz\u00e1. Tal\u00e1lkoztam egy l\u00e1nnyal, aki ugyan\u00fagy im\u00e1dja a videoj\u00e1t\u00e9kokat, mint \u00e9n. Minden h\u00e9ten tal\u00e1lkozunk j\u00e1tszani \u00e9s pizz\u00e1t enni.\u201d<\/p>\n\n\n\n<p>Ezek a t\u00f6rt\u00e9netek igazak, \u00e9s a k\u00f6vetkez\u0151 a ti\u00e9d lehet<\/p>\n\n\n\n<h2 class=\"wp-block-heading\">Cselekedj most, \u00e9s gy\u0151zz!<\/h2>\n\n\n\n<p>M\u00e1r tudod, hogy <strong>Ismerd meg Victori\u00e1t a Namoro alkalmaz\u00e1saival<\/strong> Ez nem egy t\u00e1voli \u00e1lom. Ez egy val\u00f3s lehet\u0151s\u00e9g, amit ma aktiv\u00e1lhatsz.<\/p>\n\n\n\n<p>Az \u00e1ltalunk aj\u00e1nlott alkalmaz\u00e1sok egyik\u00e9nek let\u00f6lt\u00e9s\u00e9vel egy l\u00e9p\u00e9ssel k\u00f6zelebb ker\u00fclhetsz az \u00faj \u00e9lm\u00e9nyekhez.<\/p>\n\n\n\n<p>K\u00edv\u00e1ncsis\u00e1gb\u00f3l tedd, mert besz\u00e9lgetni szeretn\u00e9l, mert meg akarod v\u00e1ltoztatni a megszokott rutinodat, vagy egyszer\u0171en csak az\u00e9rt, mert meg\u00e9rdemelsz valami sz\u00e9pet.<\/p>\n\n\n\n<p><strong>Kattints, telep\u00edtsd \u00e9s kezdd el a t\u00f6rt\u00e9neted most!<\/strong><\/p>","protected":false},"excerpt":{"rendered":"<p>Fedezz fel egy sz\u00f3rakoztat\u00f3 \u00e9s biztons\u00e1gos m\u00f3dot arra, hogy egy k\u00fcl\u00f6nleges szem\u00e9llyel tal\u00e1lkozz. V\u00e1lassz egyet a lehet\u0151s\u00e9gek k\u00f6z\u00fcl! Szeretn\u00e9l megismerkedni Victori\u00e1val vagy egy hozz\u00e1 hasonl\u00f3 szem\u00e9llyel? Szeretn\u00e9l egy \u00e9rdekes besz\u00e9lget\u00e9st folytatni, megosztani az \u00e9rdekl\u0151d\u00e9si k\u00f6r\u00f6det, vagy tal\u00e1n megtal\u00e1lni a szerelmet? Akkor ez a cikk neked sz\u00f3l. Megmutatjuk, hogyan seg\u00edthetnek a randialkalmaz\u00e1sok [\u2026]<\/p>","protected":false},"author":139,"featured_media":9284,"comment_status":"closed","ping_status":"open","sticky":false,"template":"","format":"standard","meta":{"footnotes":""},"categories":[2],"tags":[410,565,669,810,2221],"yoast_head":"<!-- This site is optimized with the Yoast SEO plugin v23.3 - https:\/\/yoast.com\/wordpress\/plugins\/seo\/ -->\n<title>Mira c\u00f3mo conocer a Victoria con las apps de citas - Universo Fam\u00edlia<\/title>\n<meta name=\"description\" content=\"Mira c\u00f3mo conocer a Victoria con las apps de citas.Descubre una forma divertida y segura de conocer a alguien especial....\" \/>\n<meta name=\"robots\" content=\"index, follow, max-snippet:-1, max-image-preview:large, max-video-preview:-1\" \/>\n<link rel=\"canonical\" href=\"https:\/\/universofamilia.com\/hu\/mira-como-conocer-a-victoria-con-las-apps-de-citas\/\" \/>\n<meta property=\"og:locale\" content=\"hu_HU\" \/>\n<meta property=\"og:type\" content=\"article\" \/>\n<meta property=\"og:title\" content=\"Mira c\u00f3mo conocer a Victoria con las apps de citas - Universo Fam\u00edlia\" \/>\n<meta property=\"og:description\" content=\"Mira c\u00f3mo conocer a Victoria con las apps de citas.Descubre una forma divertida y segura de conocer a alguien especial....\" \/>\n<meta property=\"og:url\" content=\"https:\/\/universofamilia.com\/hu\/mira-como-conocer-a-victoria-con-las-apps-de-citas\/\" \/>\n<meta property=\"og:site_name\" content=\"Universo Fam\u00edlia\" \/>\n<meta property=\"article:published_time\" content=\"2025-04-11T18:57:32+00:00\" \/>\n<meta property=\"article:modified_time\" content=\"2025-04-11T18:57:34+00:00\" \/>\n<meta property=\"og:image\" content=\"https:\/\/universofamilia.com\/wp-content\/uploads\/sites\/148\/2025\/04\/DESTAQUE-UNIVERSO-550-x-350-4.jpg\" \/>\n\t<meta property=\"og:image:width\" content=\"550\" \/>\n\t<meta property=\"og:image:height\" content=\"350\" \/>\n\t<meta property=\"og:image:type\" content=\"image\/jpeg\" \/>\n<meta name=\"author\" content=\"Pedro Henrique\" \/>\n<meta name=\"twitter:card\" content=\"summary_large_image\" \/>\n<meta name=\"twitter:label1\" content=\"Written by\" \/>\n\t<meta name=\"twitter:data1\" content=\"Pedro Henrique\" \/>\n\t<meta name=\"twitter:label2\" content=\"Est. reading time\" \/>\n\t<meta name=\"twitter:data2\" content=\"9 perc\" \/>\n<script type=\"application\/ld+json\" class=\"yoast-schema-graph\">{\"@context\":\"https:\/\/schema.org\",\"@graph\":[{\"@type\":\"WebPage\",\"@id\":\"https:\/\/universofamilia.com\/cs\/mira-como-conocer-a-victoria-con-las-apps-de-citas\/\",\"url\":\"https:\/\/universofamilia.com\/cs\/mira-como-conocer-a-victoria-con-las-apps-de-citas\/\",\"name\":\"Mira c\u00f3mo conocer a Victoria con las apps de citas - Universo Fam\u00edlia\",\"isPartOf\":{\"@id\":\"https:\/\/universofamilia.com\/el\/#website\"},\"primaryImageOfPage\":{\"@id\":\"https:\/\/universofamilia.com\/cs\/mira-como-conocer-a-victoria-con-las-apps-de-citas\/#primaryimage\"},\"image\":{\"@id\":\"https:\/\/universofamilia.com\/cs\/mira-como-conocer-a-victoria-con-las-apps-de-citas\/#primaryimage\"},\"thumbnailUrl\":\"http:\/\/universofamilia.com\/wp-content\/uploads\/sites\/148\/2025\/04\/DESTAQUE-UNIVERSO-550-x-350-4.jpg\",\"datePublished\":\"2025-04-11T18:57:32+00:00\",\"dateModified\":\"2025-04-11T18:57:34+00:00\",\"author\":{\"@id\":\"https:\/\/universofamilia.com\/el\/#\/schema\/person\/f07ce98187dd84d31154262e79b3b7ca\"},\"description\":\"Mira c\u00f3mo conocer a Victoria con las apps de citas.Descubre una forma divertida y segura de conocer a alguien especial....\",\"breadcrumb\":{\"@id\":\"https:\/\/universofamilia.com\/cs\/mira-como-conocer-a-victoria-con-las-apps-de-citas\/#breadcrumb\"},\"inLanguage\":\"hu\",\"potentialAction\":[{\"@type\":\"ReadAction\",\"target\":[\"https:\/\/universofamilia.com\/cs\/mira-como-conocer-a-victoria-con-las-apps-de-citas\/\"]}]},{\"@type\":\"ImageObject\",\"inLanguage\":\"hu\",\"@id\":\"https:\/\/universofamilia.com\/cs\/mira-como-conocer-a-victoria-con-las-apps-de-citas\/#primaryimage\",\"url\":\"http:\/\/universofamilia.com\/wp-content\/uploads\/sites\/148\/2025\/04\/DESTAQUE-UNIVERSO-550-x-350-4.jpg\",\"contentUrl\":\"http:\/\/universofamilia.com\/wp-content\/uploads\/sites\/148\/2025\/04\/DESTAQUE-UNIVERSO-550-x-350-4.jpg\",\"width\":550,\"height\":350,\"caption\":\"Mira c\u00f3mo conocer a Victoria con las apps de citas\"},{\"@type\":\"BreadcrumbList\",\"@id\":\"https:\/\/universofamilia.com\/cs\/mira-como-conocer-a-victoria-con-las-apps-de-citas\/#breadcrumb\",\"itemListElement\":[{\"@type\":\"ListItem\",\"position\":1,\"name\":\"Home\",\"item\":\"https:\/\/universofamilia.com\/el\/\"},{\"@type\":\"ListItem\",\"position\":2,\"name\":\"Mira c\u00f3mo conocer a Victoria con las apps de citas\"}]},{\"@type\":\"WebSite\",\"@id\":\"https:\/\/universofamilia.com\/el\/#website\",\"url\":\"https:\/\/universofamilia.com\/el\/\",\"name\":\"Universo Fam\u00edlia\",\"description\":\"\",\"potentialAction\":[{\"@type\":\"SearchAction\",\"target\":{\"@type\":\"EntryPoint\",\"urlTemplate\":\"https:\/\/universofamilia.com\/el\/?s={search_term_string}\"},\"query-input\":\"required name=search_term_string\"}],\"inLanguage\":\"hu\"},{\"@type\":\"Person\",\"@id\":\"https:\/\/universofamilia.com\/el\/#\/schema\/person\/f07ce98187dd84d31154262e79b3b7ca\",\"name\":\"Pedro Henrique\",\"image\":{\"@type\":\"ImageObject\",\"inLanguage\":\"hu\",\"@id\":\"https:\/\/universofamilia.com\/el\/#\/schema\/person\/image\/\",\"url\":\"http:\/\/0.gravatar.com\/avatar\/9edfeb808cb4e1599f64d6e45b130154?s=96&d=mm&r=g\",\"contentUrl\":\"http:\/\/0.gravatar.com\/avatar\/9edfeb808cb4e1599f64d6e45b130154?s=96&d=mm&r=g\",\"caption\":\"Pedro Henrique\"},\"url\":\"http:\/\/universofamilia.com\/hu\/author\/editor01\/\"}]}<\/script>\n<!-- \/ Yoast SEO plugin. -->","yoast_head_json":{"title":"Mira c\u00f3mo conocer a Victoria con las apps de citas - Universo Fam\u00edlia","description":"Mira c\u00f3mo conocer a Victoria con las apps de citas.Descubre una forma divertida y segura de conocer a alguien especial....","robots":{"index":"index","follow":"follow","max-snippet":"max-snippet:-1","max-image-preview":"max-image-preview:large","max-video-preview":"max-video-preview:-1"},"canonical":"https:\/\/universofamilia.com\/hu\/mira-como-conocer-a-victoria-con-las-apps-de-citas\/","og_locale":"hu_HU","og_type":"article","og_title":"Mira c\u00f3mo conocer a Victoria con las apps de citas - Universo Fam\u00edlia","og_description":"Mira c\u00f3mo conocer a Victoria con las apps de citas.Descubre una forma divertida y segura de conocer a alguien especial....","og_url":"https:\/\/universofamilia.com\/hu\/mira-como-conocer-a-victoria-con-las-apps-de-citas\/","og_site_name":"Universo Fam\u00edlia","article_published_time":"2025-04-11T18:57:32+00:00","article_modified_time":"2025-04-11T18:57:34+00:00","og_image":[{"width":550,"height":350,"url":"https:\/\/universofamilia.com\/wp-content\/uploads\/sites\/148\/2025\/04\/DESTAQUE-UNIVERSO-550-x-350-4.jpg","type":"image\/jpeg"}],"author":"Pedro Henrique","twitter_card":"summary_large_image","twitter_misc":{"Written by":"Pedro Henrique","Est. reading time":"9 perc"},"schema":{"@context":"https:\/\/schema.org","@graph":[{"@type":"WebPage","@id":"https:\/\/universofamilia.com\/cs\/mira-como-conocer-a-victoria-con-las-apps-de-citas\/","url":"https:\/\/universofamilia.com\/cs\/mira-como-conocer-a-victoria-con-las-apps-de-citas\/","name":"Mira c\u00f3mo conocer a Victoria con las apps de citas - Universo Fam\u00edlia","isPartOf":{"@id":"https:\/\/universofamilia.com\/el\/#website"},"primaryImageOfPage":{"@id":"https:\/\/universofamilia.com\/cs\/mira-como-conocer-a-victoria-con-las-apps-de-citas\/#primaryimage"},"image":{"@id":"https:\/\/universofamilia.com\/cs\/mira-como-conocer-a-victoria-con-las-apps-de-citas\/#primaryimage"},"thumbnailUrl":"http:\/\/universofamilia.com\/wp-content\/uploads\/sites\/148\/2025\/04\/DESTAQUE-UNIVERSO-550-x-350-4.jpg","datePublished":"2025-04-11T18:57:32+00:00","dateModified":"2025-04-11T18:57:34+00:00","author":{"@id":"https:\/\/universofamilia.com\/el\/#\/schema\/person\/f07ce98187dd84d31154262e79b3b7ca"},"description":"Mira c\u00f3mo conocer a Victoria con las apps de citas.Descubre una forma divertida y segura de conocer a alguien especial....","breadcrumb":{"@id":"https:\/\/universofamilia.com\/cs\/mira-como-conocer-a-victoria-con-las-apps-de-citas\/#breadcrumb"},"inLanguage":"hu","potentialAction":[{"@type":"ReadAction","target":["https:\/\/universofamilia.com\/cs\/mira-como-conocer-a-victoria-con-las-apps-de-citas\/"]}]},{"@type":"ImageObject","inLanguage":"hu","@id":"https:\/\/universofamilia.com\/cs\/mira-como-conocer-a-victoria-con-las-apps-de-citas\/#primaryimage","url":"http:\/\/universofamilia.com\/wp-content\/uploads\/sites\/148\/2025\/04\/DESTAQUE-UNIVERSO-550-x-350-4.jpg","contentUrl":"http:\/\/universofamilia.com\/wp-content\/uploads\/sites\/148\/2025\/04\/DESTAQUE-UNIVERSO-550-x-350-4.jpg","width":550,"height":350,"caption":"Mira c\u00f3mo conocer a Victoria con las apps de citas"},{"@type":"BreadcrumbList","@id":"https:\/\/universofamilia.com\/cs\/mira-como-conocer-a-victoria-con-las-apps-de-citas\/#breadcrumb","itemListElement":[{"@type":"ListItem","position":1,"name":"Home","item":"https:\/\/universofamilia.com\/el\/"},{"@type":"ListItem","position":2,"name":"Mira c\u00f3mo conocer a Victoria con las apps de citas"}]},{"@type":"WebSite","@id":"https:\/\/universofamilia.com\/el\/#website","url":"https:\/\/universofamilia.com\/el\/","name":"Universo Fam\u00edlia","description":"","potentialAction":[{"@type":"SearchAction","target":{"@type":"EntryPoint","urlTemplate":"https:\/\/universofamilia.com\/el\/?s={search_term_string}"},"query-input":"required name=search_term_string"}],"inLanguage":"hu"},{"@type":"Person","@id":"https:\/\/universofamilia.com\/el\/#\/schema\/person\/f07ce98187dd84d31154262e79b3b7ca","name":"Pedro Henrique","image":{"@type":"ImageObject","inLanguage":"hu","@id":"https:\/\/universofamilia.com\/el\/#\/schema\/person\/image\/","url":"http:\/\/0.gravatar.com\/avatar\/9edfeb808cb4e1599f64d6e45b130154?s=96&d=mm&r=g","contentUrl":"http:\/\/0.gravatar.com\/avatar\/9edfeb808cb4e1599f64d6e45b130154?s=96&d=mm&r=g","caption":"Pedro Henrique"},"url":"http:\/\/universofamilia.com\/hu\/author\/editor01\/"}]}},"_links":{"self":[{"href":"http:\/\/universofamilia.com\/hu\/wp-json\/wp\/v2\/posts\/9278"}],"collection":[{"href":"http:\/\/universofamilia.com\/hu\/wp-json\/wp\/v2\/posts"}],"about":[{"href":"http:\/\/universofamilia.com\/hu\/wp-json\/wp\/v2\/types\/post"}],"author":[{"embeddable":true,"href":"http:\/\/universofamilia.com\/hu\/wp-json\/wp\/v2\/users\/139"}],"replies":[{"embeddable":true,"href":"http:\/\/universofamilia.com\/hu\/wp-json\/wp\/v2\/comments?post=9278"}],"version-history":[{"count":2,"href":"http:\/\/universofamilia.com\/hu\/wp-json\/wp\/v2\/posts\/9278\/revisions"}],"predecessor-version":[{"id":9354,"href":"http:\/\/universofamilia.com\/hu\/wp-json\/wp\/v2\/posts\/9278\/revisions\/9354"}],"wp:featuredmedia":[{"embeddable":true,"href":"http:\/\/universofamilia.com\/hu\/wp-json\/wp\/v2\/media\/9284"}],"wp:attachment":[{"href":"http:\/\/universofamilia.com\/hu\/wp-json\/wp\/v2\/media?parent=9278"}],"wp:term":[{"taxonomy":"category","embeddable":true,"href":"http:\/\/universofamilia.com\/hu\/wp-json\/wp\/v2\/categories?post=9278"},{"taxonomy":"post_tag","embeddable":true,"href":"http:\/\/universofamilia.com\/hu\/wp-json\/wp\/v2\/tags?post=9278"}],"curies":[{"name":"wp","href":"https:\/\/api.w.org\/{rel}","templated":true}]}}