{"id":9279,"date":"2025-04-11T19:12:52","date_gmt":"2025-04-11T19:12:52","guid":{"rendered":"https:\/\/universofamilia.com\/?p=9279"},"modified":"2025-12-12T14:34:29","modified_gmt":"2025-12-12T17:34:29","slug":"quien-visita-mi-perfil-quien-te-desea","status":"publish","type":"post","link":"http:\/\/universofamilia.com\/hu\/quien-visita-mi-perfil-quien-te-desea\/","title":{"rendered":"Kik l\u00e1togatj\u00e1k a profilomat? Ki akar t\u00e9ged? Fedezze fel ezekkel az alkalmaz\u00e1sokkal"},"content":{"rendered":"<h3 class=\"wp-block-heading has-text-align-center\">Elgondolkodt\u00e1l m\u00e1r azon, hogy valaki nyom n\u00e9lk\u00fcl figyel-e t\u00e9ged online?<\/h3>\n\n\n\n<p><\/p>\n\n\n\n<h5 class=\"wp-block-heading has-text-align-center\"><strong><mark class=\"has-inline-color has-vivid-cyan-blue-color\">V\u00e1lasszon egyet a lehet\u0151s\u00e9gek k\u00f6z\u00fcl!<\/mark><\/strong><\/h5>\n\n\n    <section class=\"mx-1 my-10\">\n                                                <a href=\"http:\/\/universofamilia.com\/hu\/quien-ve-tu-perfil-en-secreto\/\" class=\"text-white\" data-analytics-label=\"optionsButton\"\n                    data-action=\"analytics#trackCTA\">\n                    <div data-options-target=\"option\"\n                        class=\"custom-section rounded-xl border p-3 shadow-md w-full bg-green-700 my-3\">\n                        <div class=\"flex w-full items-center justify-between\">\n                            <div class=\"flex items-center space-x-3\">\n                                <div class=\"text-lg font-bold\">\n                                    Tudom, ki l\u00e1togatja a profilomat?  \u279d\n                                <\/div>\n                            <\/div>\n                        <\/div>\n                    <\/div>\n                <\/a>\n                                                            <a href=\"http:\/\/universofamilia.com\/hu\/google-mensaje-protege-a-tu-familia-con-esta-poderosa-app\/\" class=\"text-white\" data-analytics-label=\"optionsButton\"\n                    data-action=\"analytics#trackCTA\">\n                    <div data-options-target=\"option\"\n                        class=\"custom-section rounded-xl border p-3 shadow-md w-full bg-green-700 my-3\">\n                        <div class=\"flex w-full items-center justify-between\">\n                            <div class=\"flex items-center space-x-3\">\n                                <div class=\"text-lg font-bold\">\n                                    Csal\u00e1di besz\u00e9lget\u00e9sek monitoroz\u00e1sa \u279d\n                                <\/div>\n                            <\/div>\n                        <\/div>\n                    <\/div>\n                <\/a>\n                                                            <a href=\"http:\/\/universofamilia.com\/hu\/localizar-cualquier-celular\/\" class=\"text-white\" data-analytics-label=\"optionsButton\"\n                    data-action=\"analytics#trackCTA\">\n                    <div data-options-target=\"option\"\n                        class=\"custom-section rounded-xl border p-3 shadow-md w-full bg-green-700 my-3\">\n                        <div class=\"flex w-full items-center justify-between\">\n                            <div class=\"flex items-center space-x-3\">\n                                <div class=\"text-lg font-bold\">\n                                    B\u00e1rmelyik mobilt megtal\u00e1lja \u279d\n                                <\/div>\n                            <\/div>\n                        <\/div>\n                    <\/div>\n                <\/a>\n                            <p class=\"text-xs text-gray-500 text-right hidden\"\n            style=\"margin-left: 50%; margin-bottom: 50px; margin-top: 5px;\">\n            <!-- You will be redirected to another website -->\n        <\/p>\n    <\/section>\n\n\n\n\n<p><\/p>\n\n\n\n<p><\/p>\n\n\n\n<p><strong>Ki l\u00e1togatja a profilomat? Ki akar t\u00e9ged l\u00e1tni?<\/strong> Ez egy olyan k\u00e9rd\u00e9s, amit mindannyian feltett\u00fcnk m\u00e1r magunknak valamikor.<\/p>\n\n\n\n<p>Kapcsolatban \u00e1llunk a k\u00f6z\u00f6ss\u00e9gi m\u00e9di\u00e1val, megosztjuk egym\u00e1ssal a fot\u00f3kat, gondolatokat, t\u00f6rt\u00e9neteket \u00e9s k\u00fcl\u00f6nleges pillanatokat.<\/p>\n\n\n\n<p>De amit sokan nem tudnak, az az, hogy n\u00e9ha van valaki, aki csendben figyel, megjegyz\u00e9sek, kedvel\u00e9s n\u00e9lk\u00fcl, de mindig jelen van.<\/p>\n\n\n\n<p>Mi lenne, ha tudn\u00e1d, hogy ki az?<a href=\"http:\/\/universofamilia.com\/hu\/quien-ve-tu-perfil-en-secreto\/\">Szeretn\u00e9d megtudni, hogy az a k\u00fcl\u00f6nleges szem\u00e9ly \u00fajra \u00e9s \u00fajra ellen\u0151rzi-e a bejegyz\u00e9seidet.<\/a>?<\/p>\n\n\n\n<p>Nos, most megtanulsz egy m\u00f3dszert, amivel kider\u00edtheted. Ez nem var\u00e1zslat, hanem technol\u00f3gia.<\/p>\n\n\n\n<p>Ma arr\u00f3l fogunk besz\u00e9lni veletek, hogy <strong>h\u00e1rom val\u00f3di \u00e9s megb\u00edzhat\u00f3 alkalmaz\u00e1s<\/strong> ami seg\u00edthet t\u00f6bbet megtudni arr\u00f3l, hogy kik \u00e9rdekl\u0151dnek ir\u00e1ntad<\/p>\n\n\n\n<p>Ezek az eszk\u00f6z\u00f6k el\u00e9rhet\u0151k a <strong>Play \u00c1ruh\u00e1z<\/strong>, \u00e9s k\u00f6nnyen haszn\u00e1lhat\u00f3ak, m\u00e9g akkor is, ha nincs tapasztalatod a technol\u00f3gi\u00e1val.<\/p>\n\n\n\n<p>Nem sz\u00e1m\u00edt, hogy 13 vagy 60 \u00e9ves vagy: ezt a cikket neked k\u00e9sz\u00edtett\u00fck. <strong>b\u00e1rki meg\u00e9rti, \u00e9lvezi \u00e9s felfedezi az \u00faj digit\u00e1lis vil\u00e1got<\/strong><\/p>\n\n\n\n<p>Azt is elmagyar\u00e1zzuk, hogyan m\u0171k\u00f6dnek ezek az alkalmaz\u00e1sok, mi\u00e9rt biztons\u00e1gosak, \u00e9s mit kell tenni az \u00e1ltaluk ny\u00fajtott inform\u00e1ci\u00f3kkal.<\/p>\n\n\n\n<p>Mire ezt az olvasm\u00e1nyt elolvasod, jobban k\u00e9zben tarthatod a mag\u00e1n\u00e9letedet, \u00e9s tal\u00e1n egy titkos rajong\u00f3ra is bukkanhatsz.<\/p>\n\n\n\n<p><\/p>\n\n\n\n<hr class=\"wp-block-separator has-alpha-channel-opacity is-style-wide\" \/>\n\n\n\n<h4 class=\"wp-block-heading has-text-align-center\"><strong><mark class=\"has-inline-color has-luminous-vivid-orange-color\">Olvasd el ezt is<\/mark><\/strong><\/h4>\n\n\n    <section class=\"mx-1 my-10\">\n                                                <a href=\"http:\/\/universofamilia.com\/hu\/lp-filmes-asiaticos\/\" class=\"text-white\" data-analytics-label=\"optionsButton\"\n                    data-action=\"analytics#trackCTA\">\n                    <div data-options-target=\"option\"\n                        class=\"custom-section rounded-xl border p-3 shadow-md w-full bg-green-700 my-3\">\n                        <div class=\"flex w-full items-center justify-between\">\n                            <div class=\"flex items-center space-x-3\">\n                                <div class=\"text-lg font-bold\">\n                                    App koreai dr\u00e1m\u00e1k n\u00e9z\u00e9s\u00e9hez \u279d\n                                <\/div>\n                            <\/div>\n                        <\/div>\n                    <\/div>\n                <\/a>\n                                                            <a href=\"http:\/\/universofamilia.com\/hu\/lp-recuperar-fotos\/\" class=\"text-white\" data-analytics-label=\"optionsButton\"\n                    data-action=\"analytics#trackCTA\">\n                    <div data-options-target=\"option\"\n                        class=\"custom-section rounded-xl border p-3 shadow-md w-full bg-green-700 my-3\">\n                        <div class=\"flex w-full items-center justify-between\">\n                            <div class=\"flex items-center space-x-3\">\n                                <div class=\"text-lg font-bold\">\n                                    T\u00f6r\u00f6lt fot\u00f3k helyre\u00e1ll\u00edt\u00e1sa ezzel az alkalmaz\u00e1ssal!  \u279d\n                                <\/div>\n                            <\/div>\n                        <\/div>\n                    <\/div>\n                <\/a>\n                                                            <a href=\"http:\/\/universofamilia.com\/hu\/el-amor-a-un-clic\/\" class=\"text-white\" data-analytics-label=\"optionsButton\"\n                    data-action=\"analytics#trackCTA\">\n                    <div data-options-target=\"option\"\n                        class=\"custom-section rounded-xl border p-3 shadow-md w-full bg-green-700 my-3\">\n                        <div class=\"flex w-full items-center justify-between\">\n                            <div class=\"flex items-center space-x-3\">\n                                <div class=\"text-lg font-bold\">\n                                    Fedezd fel az ide\u00e1lis t\u00e1rskeres\u0151 alkalmaz\u00e1st \u279d\n                                <\/div>\n                            <\/div>\n                        <\/div>\n                    <\/div>\n                <\/a>\n                            <p class=\"text-xs text-gray-500 text-right hidden\"\n            style=\"margin-left: 50%; margin-bottom: 50px; margin-top: 5px;\">\n            <!-- You will be redirected to another website -->\n        <\/p>\n    <\/section>\n\n\n\n\n<p class=\"has-text-align-right\"><em><strong><em><strong><em><strong><em><strong><em><strong>Ugyanott fog maradni!<\/strong><\/em><\/strong><\/em><\/strong><\/em><\/strong><\/em><\/strong><\/em><\/p>\n\n\n\n<hr class=\"wp-block-separator has-alpha-channel-opacity is-style-wide\" \/>\n\n\n\n<p><\/p>\n\n\n\n<h2 class=\"wp-block-heading\">T\u00e9nyleg meg tudod \u00e1llap\u00edtani, hogy ki l\u00e1togatja a profilodat?<\/h2>\n\n\n\n<p>B\u00e1r az olyan h\u00e1l\u00f3zatok, mint az Instagram, a Facebook vagy a TikTok, nem mutatj\u00e1k meg k\u00f6zvetlen\u00fcl a profilod l\u00e1togat\u00f3it, vannak k\u00f6zvetett m\u00f3dok ennek kider\u00edt\u00e9s\u00e9re.<\/p>\n\n\n\n<p>Ezek az alkalmaz\u00e1sok elemzik a fi\u00f3kodban v\u00e9gzett tev\u00e9kenys\u00e9geket, ellen\u0151rzik, hogy ki l\u00e9p kapcsolatba veled, ki tekinti meg a t\u00f6rt\u00e9neteidet, ki menti el a bejegyz\u00e9seidet, vagy ki reag\u00e1l r\u00e1juk kommentel\u00e9s n\u00e9lk\u00fcl.<\/p>\n\n\n\n<p>Intelligens mint\u00e1k \u00e9s algoritmusok seg\u00edts\u00e9g\u00e9vel siker\u00fcl l\u00e9trehozniuk egy list\u00e1t azokr\u00f3l a val\u00f3sz\u00edn\u0171s\u00edthet\u0151 felhaszn\u00e1l\u00f3kr\u00f3l, akik \u00e9rdekl\u0151dnek ir\u00e1ntad. <strong>Ez nem j\u00f6vend\u0151mond\u00e1s, hanem statisztika \u00e9s technol\u00f3gia kombin\u00e1ci\u00f3ja<\/strong><\/p>\n\n\n\n<p>K\u00e9pzeld el, hogy minden nap l\u00e1tsz egy jelent\u00e9st, amely azt mondja: \u201e\u0150k azok az emberek, akik a h\u00e9ten a legt\u00f6bbsz\u00f6r megtekintett\u00e9k a profilodat\u201d, vagy \u201eEz a felhaszn\u00e1l\u00f3 12 alkalommal l\u00e9pett veled kapcsolatba an\u00e9lk\u00fcl, hogy hozz\u00e1sz\u00f3lt volna\u201d. Olyan lenne, mintha egy digit\u00e1lis nagy\u00edt\u00f3 lencs\u00e9t vetn\u00e9l a k\u00f6z\u00f6ss\u00e9gi oldaladra.<\/p>\n\n\n\n<p>\u00c9s pontosan ezt teszik az eszk\u00f6z\u00f6k, amelyeket bemutatunk nektek.<\/p>\n\n\n\n<h2 class=\"wp-block-heading\">Mit lehet felfedezni ezekkel az alkalmaz\u00e1sokkal?<\/h2>\n\n\n\n<ul>\n<li>Rejtett k\u00f6vet\u0151k, akik interakci\u00f3 n\u00e9lk\u00fcl l\u00e1togatnak meg<\/li>\n\n\n\n<li>Akik l\u00e1tt\u00e1k a t\u00f6rt\u00e9neteidet, de nem reag\u00e1ltak r\u00e1juk<\/li>\n\n\n\n<li>Olyan felhaszn\u00e1l\u00f3k, akik a tudtad n\u00e9lk\u00fcl leiratkoztak a k\u00f6vet\u00e9sedr\u0151l<\/li>\n\n\n\n<li>Szokatlan tev\u00e9kenys\u00e9g \u00faj vagy gyan\u00fas fi\u00f3kokb\u00f3l<\/li>\n\n\n\n<li>Ki k\u00f6vet t\u00e9ged val\u00f3di \u00e9rdekl\u0151d\u00e9sb\u0151l, \u00e9s ki csak k\u00e9mkedik?<\/li>\n<\/ul>\n\n\n\n<p>Ez az inform\u00e1ci\u00f3 nemcsak \u00e9rdekes. Seg\u00edthet is. <strong>fontos d\u00f6nt\u00e9seket hozni<\/strong>, a mag\u00e1n\u00e9let v\u00e9delm\u00e9t\u0151l kezdve eg\u00e9szen addig, hogy \u00fajra kapcsolatba l\u00e9phetsz valakivel, akir\u0151l azt hitted, hogy m\u00e1r nem \u00e9rdekl\u0151dsz ir\u00e1ntad<\/p>\n\n\n\n<h2 class=\"wp-block-heading\">1. Kik tekintett\u00e9k meg: Profilk\u00f6vet\u0151<\/h2>\n\n\n\n<p><a href=\"https:\/\/who-viewed-me.en.uptodown.com\/android\/download\">Let\u00f6lt\u00e9s a Play \u00c1ruh\u00e1zb\u00f3l<\/a><\/p>\n\n\n\n<p>Ez az alkalmaz\u00e1s egyszer\u0171 kialak\u00edt\u00e1s\u00e1nak \u00e9s egy\u00e9rtelm\u0171 eredm\u00e9nyeinek k\u00f6sz\u00f6nhet\u0151en v\u00e1lt n\u00e9pszer\u0171v\u00e9. Nem kell szak\u00e9rt\u0151nek lenned ahhoz, hogy meg\u00e9rtsd a jelent\u00e9seit.<\/p>\n\n\n\n<p>Grafikusan mutatja meg, hogy kik a legakt\u00edvabbak a profilodon, kik l\u00e1togatj\u00e1k gyakran, \u00e9s milyen v\u00e1ltoz\u00e1sok t\u00f6rt\u00e9ntek a k\u00f6vet\u0151idben.<\/p>\n\n\n\n<p>\u00c9rtes\u00edt\u00e9seket tartalmaz, ha egy szokatlan szem\u00e9ly a szok\u00e1sosn\u00e1l gyakrabban l\u00e1togat meg. Elemzi az aktivit\u00e1sodat is, hogy megmutassa, ha a posztjaid n\u00e9ma pillant\u00e1sokat vonzanak.<\/p>\n\n\n\n<p><strong>F\u0151bb jellemz\u0151k:<\/strong><\/p>\n\n\n\n<ul>\n<li>Intuit\u00edv ir\u00e1ny\u00edt\u00f3pult napi jelent\u00e9sekkel<\/li>\n\n\n\n<li>Gyakori l\u00e1togat\u00f3k \u00e9szlel\u00e9se<\/li>\n\n\n\n<li>Szokatlan tev\u00e9kenys\u00e9gr\u0151l sz\u00f3l\u00f3 \u00e9rtes\u00edt\u00e9sek<\/li>\n<\/ul>\n\n\n\n<p><strong>Ide\u00e1lis sz\u00e1modra, ha:<\/strong><\/p>\n\n\n\n<ul>\n<li>Egy egyszer\u0171, probl\u00e9mamentes eszk\u00f6zt szeretne<\/li>\n\n\n\n<li>\u00c9rdekel, hogy valaki nyom n\u00e9lk\u00fcl bel\u00e9p-e a profilodba.<\/li>\n\n\n\n<li>Arra t\u00f6rekszel, hogy k\u00e9zben tartsd az ir\u00e1ny\u00edt\u00e1st afelett, hogy ki figyel t\u00e9ged<\/li>\n<\/ul>\n\n\n\n<p><\/p>\n\n\n\n<hr class=\"wp-block-separator has-alpha-channel-opacity is-style-wide\" \/>\n\n\n\n<h5 class=\"wp-block-heading has-text-align-left\"><strong><mark class=\"has-inline-color has-luminous-vivid-amber-color\"><strong><mark class=\"has-inline-color has-luminous-vivid-amber-color\"><a>\ud83d\udc49 <\/a><strong><mark class=\"has-inline-color has-luminous-vivid-amber-color\"><strong>T\u00f6ltsd le az alkalmaz\u00e1st:<\/strong><\/mark><\/strong><\/mark><\/strong><\/mark><\/strong><\/h5>\n\n\n    <section class=\"mx-1 my-10\">\n                                                <a href=\"https:\/\/who-viewed-me.en.uptodown.com\/android\/download\" class=\"text-white\" data-analytics-label=\"optionsButton\"\n                    data-action=\"analytics#trackCTA\">\n                    <div data-options-target=\"option\"\n                        class=\"custom-section rounded-xl border p-3 shadow-md w-full bg-green-700 my-3\">\n                        <div class=\"flex w-full items-center justify-between\">\n                            <div class=\"flex items-center space-x-3\">\n                                <div class=\"text-lg font-bold\">\n                                    Kik n\u00e9ztek meg engem \u279d\n                                <\/div>\n                            <\/div>\n                        <\/div>\n                    <\/div>\n                <\/a>\n                            <p class=\"text-xs text-gray-500 text-right\"\n            style=\"margin-left: 50%; margin-bottom: 50px; margin-top: 5px;\">\n            <!-- You will be redirected to another website -->\n        <\/p>\n    <\/section>\n\n\n\n\n<p class=\"has-text-align-right\"><em><strong><em><strong><em><strong><em><strong><em><strong><em><strong><em><strong><em><strong><em><strong><em><strong>\u00c1t leszel ir\u00e1ny\u00edtva egy m\u00e1sik oldalra!<\/strong><\/em><\/strong><\/em><\/strong><\/em><\/strong><\/em><\/strong><\/em><\/strong><\/em><\/strong><\/em><\/strong><\/em><\/strong><\/em><\/strong><\/em><\/p>\n\n\n\n<hr class=\"wp-block-separator has-alpha-channel-opacity is-style-wide\" \/>\n\n\n\n<p><\/p>\n\n\n\n<h2 class=\"wp-block-heading\">2. InStalker \u2013 Kik n\u00e9zt\u00e9k meg a profilomat?<\/h2>\n\n\n\n<p>Az InStalker az egyik legpontosabb alkalmaz\u00e1s a rejtett l\u00e1togat\u00e1sok \u00e9szlel\u00e9s\u00e9re, k\u00fcl\u00f6n\u00f6sen a k\u00f6vetkez\u0151 ter\u00fcleteken: <strong>Instagram<\/strong>.<\/p>\n\n\n\n<p>Elemezzen minden interakci\u00f3t, megtekintett t\u00f6rt\u00e9netet, nem l\u00e1tott reakci\u00f3t \u00e9s a legut\u00f3bbi k\u00f6vet\u00e9st<\/p>\n\n\n\n<p>Val\u00f3s id\u0151ben l\u00e1thatod, hogy ki k\u00f6vet t\u00e9ged. \u00c9rtes\u00edt\u00e9seket is kaphatsz, ha egy adott szem\u00e9ly hossz\u00fa id\u0151 ut\u00e1n \u00fajra megl\u00e1togatja a profilodat. Ez nagyon hasznos annak meg\u00e1llap\u00edt\u00e1s\u00e1ra, hogy valaki a m\u00faltadb\u00f3l \u00fajra felfigyelt-e r\u00e1d.<\/p>\n\n\n\n<p><strong>F\u0151 el\u0151ny\u00f6k:<\/strong><\/p>\n\n\n\n<ul>\n<li>Val\u00f3s idej\u0171 elemz\u00e9s<\/li>\n\n\n\n<li>Szellemk\u00f6vet\u0151 \u00e9szlel\u00e9s<\/li>\n\n\n\n<li>A legut\u00f3bbi interakci\u00f3k egy\u00e9ni list\u00e1i<\/li>\n<\/ul>\n\n\n\n<p><strong>T\u00f6k\u00e9letes azok sz\u00e1m\u00e1ra, akik:<\/strong><\/p>\n\n\n\n<ul>\n<li>K\u00edv\u00e1ncsiak a r\u00e9gi ismer\u0151s\u00f6kre<\/li>\n\n\n\n<li>Gyakran haszn\u00e1lj\u00e1k az Instagramot<\/li>\n\n\n\n<li>Tudni akarj\u00e1k, hogy a posztjaik hat\u00e1sosak-e.<\/li>\n<\/ul>\n\n\n\n<h2 class=\"wp-block-heading\">3. FollowMeter Instagramhoz<\/h2>\n\n\n\n<p>A FollowMeter t\u00f6bbet k\u00edn\u00e1l, mint puszt\u00e1n k\u00f6vet\u00e9st. Ez egy komplett k\u00f6vet\u0151elemz\u0151 platform.<\/p>\n\n\n\n<p>Megmutatja, ki nem k\u00f6vet vissza, ki l\u00e9p veled sokat kapcsolatba, \u00e9s ki hagy figyelmen k\u00edv\u00fcl teljesen.<\/p>\n\n\n\n<p>R\u00e1ad\u00e1sul grafikonokat mutat a fi\u00f3kod n\u00f6veked\u00e9s\u00e9r\u0151l, az elk\u00f6telez\u0151d\u00e9sr\u0151l, \u00e9s arr\u00f3l, hogy kik figyelhetnek t\u00e9ged an\u00e9lk\u00fcl, hogy \u00e9szrevenn\u00e9d.<\/p>\n\n\n\n<p>Ide\u00e1lis azok sz\u00e1m\u00e1ra, akik hordani szeretn\u00e9nek egy <strong>professzion\u00e1lisabb kontroll a k\u00f6z\u00f6ss\u00e9gi h\u00e1l\u00f3zatod felett<\/strong><\/p>\n\n\n\n<p><strong>A FollowMeter legjava:<\/strong><\/p>\n\n\n\n<ul>\n<li>Vil\u00e1gos \u00e9s k\u00f6nnyen \u00e9rthet\u0151 mutat\u00f3k<\/li>\n\n\n\n<li>Inakt\u00edv vagy hamis k\u00f6vet\u0151k \u00e9szlel\u00e9se<\/li>\n\n\n\n<li>Csendes rajong\u00f3k jelent\u00e9se<\/li>\n<\/ul>\n\n\n\n<p><strong>Aj\u00e1nlott:<\/strong><\/p>\n\n\n\n<ul>\n<li>Sok k\u00f6vet\u0151vel rendelkez\u0151 emberek<\/li>\n\n\n\n<li>Akt\u00edv felhaszn\u00e1l\u00f3k, akik gyakran posztolnak<\/li>\n\n\n\n<li>Tartalomk\u00e9sz\u00edt\u0151k<\/li>\n<\/ul>\n\n\n\n<p><\/p>\n\n\n\n<hr class=\"wp-block-separator has-alpha-channel-opacity is-style-wide\" \/>\n\n\n\n<h5 class=\"wp-block-heading has-text-align-left\"><strong><mark class=\"has-inline-color has-luminous-vivid-amber-color\"><strong><mark class=\"has-inline-color has-luminous-vivid-amber-color\"><a>\ud83d\udc49 <\/a><strong><mark class=\"has-inline-color has-luminous-vivid-amber-color\"><strong>T\u00f6ltsd le az alkalmaz\u00e1st:<\/strong><\/mark><\/strong><\/mark><\/strong><\/mark><\/strong><\/h5>\n\n\n    <section class=\"mx-1 my-10\">\n                                                <a href=\"https:\/\/instameter.br.uptodown.com\/android\" class=\"text-white\" data-analytics-label=\"optionsButton\"\n                    data-action=\"analytics#trackCTA\">\n                    <div data-options-target=\"option\"\n                        class=\"custom-section rounded-xl border p-3 shadow-md w-full bg-green-700 my-3\">\n                        <div class=\"flex w-full items-center justify-between\">\n                            <div class=\"flex items-center space-x-3\">\n                                <div class=\"text-lg font-bold\">\n                                    K\u00f6vet\u00e9sm\u00e9r\u0151 \u279d\n                                <\/div>\n                            <\/div>\n                        <\/div>\n                    <\/div>\n                <\/a>\n                            <p class=\"text-xs text-gray-500 text-right\"\n            style=\"margin-left: 50%; margin-bottom: 50px; margin-top: 5px;\">\n            <!-- You will be redirected to another website -->\n        <\/p>\n    <\/section>\n\n\n\n\n<p><\/p>\n\n\n\n<h2 class=\"wp-block-heading\">Hogyan kezdjem el haszn\u00e1lni ezeket az alkalmaz\u00e1sokat?<\/h2>\n\n\n\n<ol>\n<li>V\u00e1laszd ki a st\u00edlusodhoz legink\u00e1bb ill\u0151 alkalmaz\u00e1st<\/li>\n\n\n\n<li>T\u00f6ltsd le a Play \u00c1ruh\u00e1zb\u00f3l a fenti linkek seg\u00edts\u00e9g\u00e9vel.<\/li>\n\n\n\n<li>Csatlakoztasd az Instagram-fi\u00f3kodhoz vagy kedvenc k\u00f6z\u00f6ss\u00e9gi oldaladhoz<\/li>\n\n\n\n<li>Enged\u00e9lyek enged\u00e9lyez\u00e9se a tev\u00e9kenys\u00e9ged elemz\u00e9s\u00e9hez<\/li>\n\n\n\n<li>N\u00e9zd meg a napi jelent\u00e9st, \u00e9s n\u00e9zd meg, kik jelennek meg gyakran.<\/li>\n<\/ol>\n\n\n\n<p>Nem kell tech szak\u00e9rt\u0151nek lenned. Ezeket az alkalmaz\u00e1sokat olyan h\u00e9tk\u00f6znapi embereknek tervezt\u00e9k, mint te \u00e9s \u00e9n. Minden l\u00e9p\u00e9sr\u0151l l\u00e9p\u00e9sre, vizu\u00e1lisan \u00e9s spanyolul van le\u00edrva.<\/p>\n\n\n\n<h2 class=\"wp-block-heading\">Tr\u00fckk\u00f6k, hogy t\u00f6bbet hozhass ki az alkalmaz\u00e1sokb\u00f3l<\/h2>\n\n\n\n<ul>\n<li>Ellen\u0151rizd a jelent\u00e9seidet minden nap ugyanabban az id\u0151ben<\/li>\n\n\n\n<li>Figyelj oda, hogy kik szerepelnek gyakran a list\u00e1n<\/li>\n\n\n\n<li>Figyeld meg, hogy v\u00e1ltozik-e a gyakoris\u00e1g egy t\u00f6rt\u00e9net felt\u00f6lt\u00e9se ut\u00e1n<\/li>\n\n\n\n<li>Tegy\u00e9l k\u00f6zz\u00e9 \u00faj fot\u00f3kat vagy vide\u00f3kat, \u00e9s n\u00e9zd meg, kik reag\u00e1lnak r\u00e1juk<\/li>\n\n\n\n<li>Haszn\u00e1ljon t\u00f6bb alkalmaz\u00e1st az egyez\u00e9sek meger\u0151s\u00edt\u00e9s\u00e9hez<\/li>\n<\/ul>\n\n\n\n<h2 class=\"wp-block-heading\">Biztons\u00e1gosak ezek az alkalmaz\u00e1sok?<\/h2>\n\n\n\n<p>Igen! Felt\u00e9ve, hogy innen t\u00f6lt\u00f6d le \u0151ket <strong>a hivatalos Google \u00e1ruh\u00e1z<\/strong>Megnyugodhatsz. Az \u00e1ltalunk aj\u00e1nlott alkalmaz\u00e1sok:<\/p>\n\n\n\n<ul>\n<li>Nem mentik el a jelszavadat<\/li>\n\n\n\n<li>Nem tesznek k\u00f6zz\u00e9 automatikus bejegyz\u00e9seket<\/li>\n\n\n\n<li>Nem k\u00e9rnek k\u00f6telez\u0151 befizet\u00e9seket<\/li>\n\n\n\n<li>Tiszteletben tartj\u00e1k a szem\u00e9lyes adatait<\/li>\n<\/ul>\n\n\n\n<p>R\u00e1ad\u00e1sul mindegyik\u00fck j\u00f3 \u00e9rt\u00e9kel\u00e9sekkel rendelkezik a val\u00f3di felhaszn\u00e1l\u00f3kt\u00f3l \u00e9s t\u00f6bb milli\u00f3 let\u00f6lt\u00e9ssel.<\/p>\n\n\n<div class=\"wp-block-image\">\n<figure class=\"aligncenter size-full\"><img loading=\"lazy\" decoding=\"async\" width=\"550\" height=\"350\" src=\"https:\/\/universofamilia.com\/wp-content\/uploads\/sites\/148\/2025\/04\/DESTAQUE-UNIVERSO-550-x-350-6.jpg\" alt=\"\" class=\"wp-image-9286\" srcset=\"http:\/\/universofamilia.com\/wp-content\/uploads\/sites\/148\/2025\/04\/DESTAQUE-UNIVERSO-550-x-350-6.jpg 550w, http:\/\/universofamilia.com\/wp-content\/uploads\/sites\/148\/2025\/04\/DESTAQUE-UNIVERSO-550-x-350-6-300x191.jpg 300w, http:\/\/universofamilia.com\/wp-content\/uploads\/sites\/148\/2025\/04\/DESTAQUE-UNIVERSO-550-x-350-6-18x12.jpg 18w\" sizes=\"(max-width: 550px) 100vw, 550px\" \/><figcaption class=\"wp-element-caption\">Kik l\u00e1togatj\u00e1k a profilomat? Ki akar t\u00e9ged? Fedezze fel ezekkel az alkalmaz\u00e1sokkal<\/figcaption><\/figure><\/div>\n\n\n<h2 class=\"wp-block-heading\">Val\u00f3di v\u00e9lem\u00e9nyek olyan emberekt\u0151l, mint te<\/h2>\n\n\n\n<blockquote class=\"wp-block-quote\">\n<p>\u201eAzt k\u00e9rdeztem magamt\u00f3l, hogy vajon az exem m\u00e9g mindig r\u00e1m gondol-e. Az InStalker megmutatta, hogy minden nap n\u00e9zi a t\u00f6rt\u00e9neteimet. Csod\u00e1latos volt ezt megtudni.\u201d \u2013 Paulina, 17<\/p>\n\n\n\n<p>\u201eTartalomk\u00e9sz\u00edt\u0151 vagyok, \u00e9s a FollowMeter seg\u00edts\u00e9g\u00e9vel azt tapasztaltam, hogy sokan csak r\u00e1m n\u00e9znek an\u00e9lk\u00fcl, hogy k\u00f6vetn\u00e9nek. Most m\u00e1r tudom, kit c\u00e9lozzak meg jobban.\u201d \u2013 Eli, 23<\/p>\n\n\n\n<p>\u201eOnline zaklat\u00e1snak \u00e9reztem magam. A Who Viewed funkci\u00f3nak k\u00f6sz\u00f6nhet\u0151en kisz\u00fartam egy mindig akt\u00edv felhaszn\u00e1l\u00f3t. Letiltottam, \u00e9s \u00edgy biztons\u00e1gban \u00e9reztem magam.\u201d \u2013 Andr\u00e9s, 15 \u00e9ves<\/p>\n<\/blockquote>\n\n\n\n<h2 class=\"wp-block-heading\">Mi\u00e9rt hasznos tudni, hogy kik n\u00e9zik meg a profilodat?<\/h2>\n\n\n\n<ul>\n<li>\u00c1tveszed az ir\u00e1ny\u00edt\u00e1st a digit\u00e1lis \u00e9leted felett<\/li>\n\n\n\n<li>Megv\u00e9dheted magad a nem k\u00edv\u00e1nt pillant\u00e1sokt\u00f3l<\/li>\n\n\n\n<li>Olyan embereket fedezel fel, akik titokban csod\u00e1lnak t\u00e9ged<\/li>\n\n\n\n<li>Jobb d\u00f6nt\u00e9seket hozol az adatv\u00e9delemmel kapcsolatban<\/li>\n\n\n\n<li>Magabiztosabban osztod meg a tartalmaidat<\/li>\n<\/ul>\n\n\n\n<p>\u00c9s igen, izgalmas pillanatokat is \u00e1t\u00e9lhetsz, amikor felfedezed, hogy valaki k\u00fcl\u00f6nleges sz\u00e1modra <em>igen, \u00e9szrevesz t\u00e9ged<\/em><\/p>\n\n\n\n<h2 class=\"wp-block-heading\">Amit szem el\u0151tt kell tartani<\/h2>\n\n\n\n<p>B\u00e1r ezek az eszk\u00f6z\u00f6k nyomokat adnak, <strong>nem pontosak 100%<\/strong>Nincs olyan alkalmaz\u00e1s, amely biztosan megmondan\u00e1, hogy ki n\u00e9zte meg a profilodat. De nagyon hasznosak a mint\u00e1k \u00e9szlel\u00e9s\u00e9ben \u00e9s abban, hogy j\u00f3 k\u00e9pet kapj arr\u00f3l, mi t\u00f6rt\u00e9nik a fi\u00f3kodban.<\/p>\n\n\n\n<p>Haszn\u00e1ld \u0151ket \u00fatmutat\u00f3k\u00e9nt. Figyelj meg, elemezz \u00e9s cselekedj. Mindig tartsd tiszteletben m\u00e1sok mag\u00e1n\u00e9let\u00e9t. Amit felfedezel, meglephet, seg\u00edthet, vagy egyszer\u0171en csak sz\u00f3rakoztathat.<\/p>\n\n\n\n<h2 class=\"wp-block-heading\">Mit fogsz kezdeni ezzel az inform\u00e1ci\u00f3val?<\/h2>\n\n\n\n<p>Most egy hat\u00e9kony eszk\u00f6z van a kezedben. T\u00f6bbet megtudhatsz a kapcsolataidr\u00f3l, megv\u00e9dheted a profilodat, fejlesztheted a tartalmaidat, vagy ki tudja, elind\u00edthatsz egy r\u00e9g\u00f3ta esed\u00e9kes besz\u00e9lget\u00e9st.<\/p>\n\n\n\n<p>Mi van, ha az a szem\u00e9ly, akir\u0151l mindig azt hitted, hogy figyelmen k\u00edv\u00fcl hagysz, val\u00f3j\u00e1ban minden nap figyel t\u00e9ged? Am\u00edg nem pr\u00f3b\u00e1lod ki, nem fogod megtudni.<\/p>\n\n\n\n<h2 class=\"wp-block-heading\">Fedezd fel az igazs\u00e1got. Kezdd el m\u00e9g ma!<\/h2>\n\n\n\n<p>Ne t\u00f6prengj tov\u00e1bb. Vedd \u00e1t az ir\u00e1ny\u00edt\u00e1st a profilod felett, v\u00e9dd a szem\u00e9lyes adataid, \u00e9s fedezd fel, mi t\u00f6rt\u00e9nik k\u00f6r\u00fcl\u00f6tted.<\/p>\n\n\n\n<p>Kattints a linkekre, \u00e9s t\u00f6ltsd le most azonnal az aj\u00e1nlott alkalmaz\u00e1sok egyik\u00e9t. Mindegyik egyszer\u0171, biztons\u00e1gos, \u00e9s megadja a keresett inform\u00e1ci\u00f3kat.<\/p>\n\n\n\n<p>\ud83d\udc49 <strong>Ne v\u00e1rj tov\u00e1bb. Itt az ideje, hogy megtudd, ki akar t\u00e9ged titokban.<\/strong><\/p>","protected":false},"excerpt":{"rendered":"<p>\u00bfAlguna vez te has preguntado si alguien te observa en redes sin dejar rastro? \u00a1Elija una de las opciones! \u00bfQui\u00e9n visita mi perfil? \u00bfQui\u00e9n te desea? Esa es una pregunta que todos, en alg\u00fan momento, nos hemos hecho. Vivimos conectados a redes sociales, compartiendo fotos, pensamientos, historias y momentos especiales. Pero lo que muchos no [&hellip;]<\/p>","protected":false},"author":139,"featured_media":9286,"comment_status":"closed","ping_status":"open","sticky":false,"template":"","format":"standard","meta":{"footnotes":""},"categories":[2],"tags":[2223,2222,2118,1853,1461],"yoast_head":"<!-- This site is optimized with the Yoast SEO plugin v23.3 - https:\/\/yoast.com\/wordpress\/plugins\/seo\/ -->\n<title>\u00bfQui\u00e9n visita mi perfil? \u00bfQui\u00e9n te desea? Descubre con estos apps - Universo Fam\u00edlia<\/title>\n<meta name=\"description\" content=\"\u00bfQui\u00e9n visita mi perfil? \u00bfQui\u00e9n te desea? Descubre con estos apps. \u00bfAlguna vez te has preguntado si alguien te observa en redes sin...\" \/>\n<meta name=\"robots\" content=\"index, follow, max-snippet:-1, max-image-preview:large, max-video-preview:-1\" \/>\n<link rel=\"canonical\" href=\"http:\/\/universofamilia.com\/hu\/quien-visita-mi-perfil-quien-te-desea\/\" \/>\n<meta property=\"og:locale\" content=\"hu_HU\" \/>\n<meta property=\"og:type\" content=\"article\" \/>\n<meta property=\"og:title\" content=\"\u00bfQui\u00e9n visita mi perfil? \u00bfQui\u00e9n te desea? Descubre con estos apps - Universo Fam\u00edlia\" \/>\n<meta property=\"og:description\" content=\"\u00bfQui\u00e9n visita mi perfil? \u00bfQui\u00e9n te desea? Descubre con estos apps. \u00bfAlguna vez te has preguntado si alguien te observa en redes sin...\" \/>\n<meta property=\"og:url\" content=\"http:\/\/universofamilia.com\/hu\/quien-visita-mi-perfil-quien-te-desea\/\" \/>\n<meta property=\"og:site_name\" content=\"Universo Fam\u00edlia\" \/>\n<meta property=\"article:published_time\" content=\"2025-04-11T19:12:52+00:00\" \/>\n<meta property=\"article:modified_time\" content=\"2025-12-12T17:34:29+00:00\" \/>\n<meta property=\"og:image\" content=\"http:\/\/universofamilia.com\/wp-content\/uploads\/sites\/148\/2025\/04\/DESTAQUE-UNIVERSO-550-x-350-6.jpg\" \/>\n\t<meta property=\"og:image:width\" content=\"550\" \/>\n\t<meta property=\"og:image:height\" content=\"350\" \/>\n\t<meta property=\"og:image:type\" content=\"image\/jpeg\" \/>\n<meta name=\"author\" content=\"Pedro Henrique\" \/>\n<meta name=\"twitter:card\" content=\"summary_large_image\" \/>\n<meta name=\"twitter:label1\" content=\"Written by\" \/>\n\t<meta name=\"twitter:data1\" content=\"Pedro Henrique\" \/>\n\t<meta name=\"twitter:label2\" content=\"Est. reading time\" \/>\n\t<meta name=\"twitter:data2\" content=\"8 perc\" \/>\n<script type=\"application\/ld+json\" class=\"yoast-schema-graph\">{\"@context\":\"https:\/\/schema.org\",\"@graph\":[{\"@type\":\"WebPage\",\"@id\":\"http:\/\/universofamilia.com\/ko\/quien-visita-mi-perfil-quien-te-desea\/\",\"url\":\"http:\/\/universofamilia.com\/ko\/quien-visita-mi-perfil-quien-te-desea\/\",\"name\":\"\u00bfQui\u00e9n visita mi perfil? \u00bfQui\u00e9n te desea? Descubre con estos apps - Universo Fam\u00edlia\",\"isPartOf\":{\"@id\":\"https:\/\/universofamilia.com\/el\/#website\"},\"primaryImageOfPage\":{\"@id\":\"http:\/\/universofamilia.com\/ko\/quien-visita-mi-perfil-quien-te-desea\/#primaryimage\"},\"image\":{\"@id\":\"http:\/\/universofamilia.com\/ko\/quien-visita-mi-perfil-quien-te-desea\/#primaryimage\"},\"thumbnailUrl\":\"http:\/\/universofamilia.com\/wp-content\/uploads\/sites\/148\/2025\/04\/DESTAQUE-UNIVERSO-550-x-350-6.jpg\",\"datePublished\":\"2025-04-11T19:12:52+00:00\",\"dateModified\":\"2025-12-12T17:34:29+00:00\",\"author\":{\"@id\":\"https:\/\/universofamilia.com\/el\/#\/schema\/person\/f07ce98187dd84d31154262e79b3b7ca\"},\"description\":\"\u00bfQui\u00e9n visita mi perfil? \u00bfQui\u00e9n te desea? Descubre con estos apps. \u00bfAlguna vez te has preguntado si alguien te observa en redes sin...\",\"breadcrumb\":{\"@id\":\"http:\/\/universofamilia.com\/ko\/quien-visita-mi-perfil-quien-te-desea\/#breadcrumb\"},\"inLanguage\":\"hu\",\"potentialAction\":[{\"@type\":\"ReadAction\",\"target\":[\"http:\/\/universofamilia.com\/ko\/quien-visita-mi-perfil-quien-te-desea\/\"]}]},{\"@type\":\"ImageObject\",\"inLanguage\":\"hu\",\"@id\":\"http:\/\/universofamilia.com\/ko\/quien-visita-mi-perfil-quien-te-desea\/#primaryimage\",\"url\":\"http:\/\/universofamilia.com\/wp-content\/uploads\/sites\/148\/2025\/04\/DESTAQUE-UNIVERSO-550-x-350-6.jpg\",\"contentUrl\":\"http:\/\/universofamilia.com\/wp-content\/uploads\/sites\/148\/2025\/04\/DESTAQUE-UNIVERSO-550-x-350-6.jpg\",\"width\":550,\"height\":350,\"caption\":\"\u00bfQui\u00e9n visita mi perfil? \u00bfQui\u00e9n te desea? Descubre con estos apps\"},{\"@type\":\"BreadcrumbList\",\"@id\":\"http:\/\/universofamilia.com\/ko\/quien-visita-mi-perfil-quien-te-desea\/#breadcrumb\",\"itemListElement\":[{\"@type\":\"ListItem\",\"position\":1,\"name\":\"Home\",\"item\":\"https:\/\/universofamilia.com\/el\/\"},{\"@type\":\"ListItem\",\"position\":2,\"name\":\"\u00bfQui\u00e9n visita mi perfil? \u00bfQui\u00e9n te desea? Descubre con estos apps\"}]},{\"@type\":\"WebSite\",\"@id\":\"https:\/\/universofamilia.com\/el\/#website\",\"url\":\"https:\/\/universofamilia.com\/el\/\",\"name\":\"Universo Fam\u00edlia\",\"description\":\"\",\"potentialAction\":[{\"@type\":\"SearchAction\",\"target\":{\"@type\":\"EntryPoint\",\"urlTemplate\":\"https:\/\/universofamilia.com\/el\/?s={search_term_string}\"},\"query-input\":\"required name=search_term_string\"}],\"inLanguage\":\"hu\"},{\"@type\":\"Person\",\"@id\":\"https:\/\/universofamilia.com\/el\/#\/schema\/person\/f07ce98187dd84d31154262e79b3b7ca\",\"name\":\"Pedro Henrique\",\"image\":{\"@type\":\"ImageObject\",\"inLanguage\":\"hu\",\"@id\":\"https:\/\/universofamilia.com\/el\/#\/schema\/person\/image\/\",\"url\":\"http:\/\/0.gravatar.com\/avatar\/9edfeb808cb4e1599f64d6e45b130154?s=96&d=mm&r=g\",\"contentUrl\":\"http:\/\/0.gravatar.com\/avatar\/9edfeb808cb4e1599f64d6e45b130154?s=96&d=mm&r=g\",\"caption\":\"Pedro Henrique\"},\"url\":\"http:\/\/universofamilia.com\/hu\/author\/editor01\/\"}]}<\/script>\n<!-- \/ Yoast SEO plugin. -->","yoast_head_json":{"title":"\u00bfQui\u00e9n visita mi perfil? \u00bfQui\u00e9n te desea? Descubre con estos apps - Universo Fam\u00edlia","description":"\u00bfQui\u00e9n visita mi perfil? \u00bfQui\u00e9n te desea? Descubre con estos apps. \u00bfAlguna vez te has preguntado si alguien te observa en redes sin...","robots":{"index":"index","follow":"follow","max-snippet":"max-snippet:-1","max-image-preview":"max-image-preview:large","max-video-preview":"max-video-preview:-1"},"canonical":"http:\/\/universofamilia.com\/hu\/quien-visita-mi-perfil-quien-te-desea\/","og_locale":"hu_HU","og_type":"article","og_title":"\u00bfQui\u00e9n visita mi perfil? \u00bfQui\u00e9n te desea? Descubre con estos apps - Universo Fam\u00edlia","og_description":"\u00bfQui\u00e9n visita mi perfil? \u00bfQui\u00e9n te desea? Descubre con estos apps. \u00bfAlguna vez te has preguntado si alguien te observa en redes sin...","og_url":"http:\/\/universofamilia.com\/hu\/quien-visita-mi-perfil-quien-te-desea\/","og_site_name":"Universo Fam\u00edlia","article_published_time":"2025-04-11T19:12:52+00:00","article_modified_time":"2025-12-12T17:34:29+00:00","og_image":[{"width":550,"height":350,"url":"http:\/\/universofamilia.com\/wp-content\/uploads\/sites\/148\/2025\/04\/DESTAQUE-UNIVERSO-550-x-350-6.jpg","type":"image\/jpeg"}],"author":"Pedro Henrique","twitter_card":"summary_large_image","twitter_misc":{"Written by":"Pedro Henrique","Est. reading time":"8 perc"},"schema":{"@context":"https:\/\/schema.org","@graph":[{"@type":"WebPage","@id":"http:\/\/universofamilia.com\/ko\/quien-visita-mi-perfil-quien-te-desea\/","url":"http:\/\/universofamilia.com\/ko\/quien-visita-mi-perfil-quien-te-desea\/","name":"\u00bfQui\u00e9n visita mi perfil? \u00bfQui\u00e9n te desea? Descubre con estos apps - Universo Fam\u00edlia","isPartOf":{"@id":"https:\/\/universofamilia.com\/el\/#website"},"primaryImageOfPage":{"@id":"http:\/\/universofamilia.com\/ko\/quien-visita-mi-perfil-quien-te-desea\/#primaryimage"},"image":{"@id":"http:\/\/universofamilia.com\/ko\/quien-visita-mi-perfil-quien-te-desea\/#primaryimage"},"thumbnailUrl":"http:\/\/universofamilia.com\/wp-content\/uploads\/sites\/148\/2025\/04\/DESTAQUE-UNIVERSO-550-x-350-6.jpg","datePublished":"2025-04-11T19:12:52+00:00","dateModified":"2025-12-12T17:34:29+00:00","author":{"@id":"https:\/\/universofamilia.com\/el\/#\/schema\/person\/f07ce98187dd84d31154262e79b3b7ca"},"description":"\u00bfQui\u00e9n visita mi perfil? \u00bfQui\u00e9n te desea? Descubre con estos apps. \u00bfAlguna vez te has preguntado si alguien te observa en redes sin...","breadcrumb":{"@id":"http:\/\/universofamilia.com\/ko\/quien-visita-mi-perfil-quien-te-desea\/#breadcrumb"},"inLanguage":"hu","potentialAction":[{"@type":"ReadAction","target":["http:\/\/universofamilia.com\/ko\/quien-visita-mi-perfil-quien-te-desea\/"]}]},{"@type":"ImageObject","inLanguage":"hu","@id":"http:\/\/universofamilia.com\/ko\/quien-visita-mi-perfil-quien-te-desea\/#primaryimage","url":"http:\/\/universofamilia.com\/wp-content\/uploads\/sites\/148\/2025\/04\/DESTAQUE-UNIVERSO-550-x-350-6.jpg","contentUrl":"http:\/\/universofamilia.com\/wp-content\/uploads\/sites\/148\/2025\/04\/DESTAQUE-UNIVERSO-550-x-350-6.jpg","width":550,"height":350,"caption":"\u00bfQui\u00e9n visita mi perfil? \u00bfQui\u00e9n te desea? Descubre con estos apps"},{"@type":"BreadcrumbList","@id":"http:\/\/universofamilia.com\/ko\/quien-visita-mi-perfil-quien-te-desea\/#breadcrumb","itemListElement":[{"@type":"ListItem","position":1,"name":"Home","item":"https:\/\/universofamilia.com\/el\/"},{"@type":"ListItem","position":2,"name":"\u00bfQui\u00e9n visita mi perfil? \u00bfQui\u00e9n te desea? Descubre con estos apps"}]},{"@type":"WebSite","@id":"https:\/\/universofamilia.com\/el\/#website","url":"https:\/\/universofamilia.com\/el\/","name":"Universo Fam\u00edlia","description":"","potentialAction":[{"@type":"SearchAction","target":{"@type":"EntryPoint","urlTemplate":"https:\/\/universofamilia.com\/el\/?s={search_term_string}"},"query-input":"required name=search_term_string"}],"inLanguage":"hu"},{"@type":"Person","@id":"https:\/\/universofamilia.com\/el\/#\/schema\/person\/f07ce98187dd84d31154262e79b3b7ca","name":"Pedro Henrique","image":{"@type":"ImageObject","inLanguage":"hu","@id":"https:\/\/universofamilia.com\/el\/#\/schema\/person\/image\/","url":"http:\/\/0.gravatar.com\/avatar\/9edfeb808cb4e1599f64d6e45b130154?s=96&d=mm&r=g","contentUrl":"http:\/\/0.gravatar.com\/avatar\/9edfeb808cb4e1599f64d6e45b130154?s=96&d=mm&r=g","caption":"Pedro Henrique"},"url":"http:\/\/universofamilia.com\/hu\/author\/editor01\/"}]}},"_links":{"self":[{"href":"http:\/\/universofamilia.com\/hu\/wp-json\/wp\/v2\/posts\/9279"}],"collection":[{"href":"http:\/\/universofamilia.com\/hu\/wp-json\/wp\/v2\/posts"}],"about":[{"href":"http:\/\/universofamilia.com\/hu\/wp-json\/wp\/v2\/types\/post"}],"author":[{"embeddable":true,"href":"http:\/\/universofamilia.com\/hu\/wp-json\/wp\/v2\/users\/139"}],"replies":[{"embeddable":true,"href":"http:\/\/universofamilia.com\/hu\/wp-json\/wp\/v2\/comments?post=9279"}],"version-history":[{"count":3,"href":"http:\/\/universofamilia.com\/hu\/wp-json\/wp\/v2\/posts\/9279\/revisions"}],"predecessor-version":[{"id":10408,"href":"http:\/\/universofamilia.com\/hu\/wp-json\/wp\/v2\/posts\/9279\/revisions\/10408"}],"wp:featuredmedia":[{"embeddable":true,"href":"http:\/\/universofamilia.com\/hu\/wp-json\/wp\/v2\/media\/9286"}],"wp:attachment":[{"href":"http:\/\/universofamilia.com\/hu\/wp-json\/wp\/v2\/media?parent=9279"}],"wp:term":[{"taxonomy":"category","embeddable":true,"href":"http:\/\/universofamilia.com\/hu\/wp-json\/wp\/v2\/categories?post=9279"},{"taxonomy":"post_tag","embeddable":true,"href":"http:\/\/universofamilia.com\/hu\/wp-json\/wp\/v2\/tags?post=9279"}],"curies":[{"name":"wp","href":"https:\/\/api.w.org\/{rel}","templated":true}]}}