{"id":9288,"date":"2025-04-12T18:44:12","date_gmt":"2025-04-12T18:44:12","guid":{"rendered":"https:\/\/universofamilia.com\/?p=9288"},"modified":"2025-04-12T18:44:14","modified_gmt":"2025-04-12T18:44:14","slug":"quiero-conversar-contigo-por-estos-apps-de-citas","status":"publish","type":"post","link":"http:\/\/universofamilia.com\/hu\/quiero-conversar-contigo-por-estos-apps-de-citas\/","title":{"rendered":"Szeretn\u00e9k veled besz\u00e9lgetni ezeken a t\u00e1rskeres\u0151 alkalmaz\u00e1sokon kereszt\u00fcl."},"content":{"rendered":"<h2 class=\"wp-block-heading has-text-align-center\">Szeretn\u00e9l ma egy k\u00fcl\u00f6nleges szem\u00e9llyel besz\u00e9lgetni?<\/h2>\n\n\n\n<p><\/p>\n\n\n\n<h5 class=\"wp-block-heading has-text-align-center\"><strong><mark class=\"has-inline-color has-vivid-cyan-blue-color\">V\u00e1lasszon egyet a lehet\u0151s\u00e9gek k\u00f6z\u00fcl!<\/mark><\/strong><\/h5>\n\n\n    <section class=\"mx-1 my-10\">\n                                                <a href=\"http:\/\/universofamilia.com\/hu\/aplicaciones-de-citas-2\/\" class=\"text-white\" data-analytics-label=\"optionsButton\"\n                    data-action=\"analytics#trackCTA\">\n                    <div data-options-target=\"option\"\n                        class=\"custom-section rounded-xl border p-3 shadow-md w-full bg-green-700 my-3\">\n                        <div class=\"flex w-full items-center justify-between\">\n                            <div class=\"flex items-center space-x-3\">\n                                <div class=\"text-lg font-bold\">\n                                    Szia, besz\u00e9lj most!   \u279d\n                                <\/div>\n                            <\/div>\n                        <\/div>\n                    <\/div>\n                <\/a>\n                                                            <a href=\"http:\/\/universofamilia.com\/hu\/descubriendo-nuevas-amistades\/\" class=\"text-white\" data-analytics-label=\"optionsButton\"\n                    data-action=\"analytics#trackCTA\">\n                    <div data-options-target=\"option\"\n                        class=\"custom-section rounded-xl border p-3 shadow-md w-full bg-green-700 my-3\">\n                        <div class=\"flex w-full items-center justify-between\">\n                            <div class=\"flex items-center space-x-3\">\n                                <div class=\"text-lg font-bold\">\n                                    Egy kis aj\u00e1nd\u00e9k neked \u279d\n                                <\/div>\n                            <\/div>\n                        <\/div>\n                    <\/div>\n                <\/a>\n                                                            <a href=\"http:\/\/universofamilia.com\/hu\/el-amor-a-un-clic\/\" class=\"text-white\" data-analytics-label=\"optionsButton\"\n                    data-action=\"analytics#trackCTA\">\n                    <div data-options-target=\"option\"\n                        class=\"custom-section rounded-xl border p-3 shadow-md w-full bg-green-700 my-3\">\n                        <div class=\"flex w-full items-center justify-between\">\n                            <div class=\"flex items-center space-x-3\">\n                                <div class=\"text-lg font-bold\">\n                                    Alkalmi tal\u00e1lkoz\u00e1s!  \u279d\n                                <\/div>\n                            <\/div>\n                        <\/div>\n                    <\/div>\n                <\/a>\n                            <p class=\"text-xs text-gray-500 text-right hidden\"\n            style=\"margin-left: 50%; margin-bottom: 50px; margin-top: 5px;\">\n            <!-- You will be redirected to another website -->\n        <\/p>\n    <\/section>\n\n\n\n\n<p><\/p>\n\n\n\n<p><strong>Szeretn\u00e9k veled besz\u00e9lgetni ezeken a t\u00e1rskeres\u0151 alkalmaz\u00e1sokon kereszt\u00fcl.<\/strong>Ha id\u00e1ig eljutott\u00e1l, az az\u00e9rt van, mert valami m\u00e1st keresel.<\/p>\n\n\n\n<p>Tal\u00e1n mag\u00e1nyosnak, unatkoz\u00f3nak \u00e9rzed magad, vagy csak szeretn\u00e9l tal\u00e1lkozni valakivel, aki meghallgat, meg\u00e9rt t\u00e9ged, \u00e9s \u00edt\u00e9lkez\u00e9s \u00e9s siets\u00e9g n\u00e9lk\u00fcl akar veled besz\u00e9lgetni.<\/p>\n\n\n\n<p>Ma megmutatjuk, hogyan v\u00e1ltak a t\u00e1rskeres\u0151 alkalmaz\u00e1sok az egyik legegyszer\u0171bb \u00e9s legbiztons\u00e1gosabb m\u00f3dj\u00e1v\u00e1 annak, hogy val\u00f3di emberekkel tal\u00e1lkozz a telefonodon kereszt\u00fcl.<\/p>\n\n\n\n<p>Igen, mindenf\u00e9le technikai bonyodalom vagy bonyolult folyamat n\u00e9lk\u00fcl. Itt mindent megtan\u00edtunk. <a href=\"http:\/\/universofamilia.com\/hu\/aplicaciones-de-citas-2\/\">l\u00e9p\u00e9sr\u0151l l\u00e9p\u00e9sre, egy b\u00e1rki sz\u00e1m\u00e1ra \u00e9rthet\u0151 nyelven<\/a><\/p>\n\n\n\n<p>Mert n\u00e9ha egy j\u00f3 besz\u00e9lget\u00e9s megv\u00e1ltoztathatja a napodat... vagy az eg\u00e9sz \u00e9letedet.<\/p>\n\n\n\n<p>Mi lenne, ha azt mondan\u00e1m, hogy az a szem\u00e9ly, aki mosolyt csal az arcodra, csak n\u00e9h\u00e1ny kattint\u00e1snyira van? Olvass tov\u00e1bb, mert ami k\u00f6vetkezik, az lehet, hogy pont az, amire sz\u00fcks\u00e9ged van.<\/p>\n\n\n\n<h2 class=\"wp-block-heading\">Mi\u00e9rt \u00e9rdemes randialkalmaz\u00e1sokat v\u00e1lasztani?<\/h2>\n\n\n\n<h3 class=\"wp-block-heading\">Mert mindannyiunknak sz\u00fcks\u00e9ge van emberi kapcsolatra<\/h3>\n\n\n\n<p>Egy rohan\u00f3 vil\u00e1gban \u00e9l\u00fcnk, ahol a munka, az iskola \u00e9s a felel\u0151ss\u00e9g elveszi az id\u0151t att\u00f3l, hogy \u00faj emberekkel tal\u00e1lkozzunk. De ez nem jelenti azt, hogy nem tal\u00e1lhatunk t\u00e1rsas\u00e1got.<\/p>\n\n\n\n<p>Manaps\u00e1g minden eddigin\u00e9l t\u00f6bb milli\u00f3 ember haszn\u00e1l alkalmaz\u00e1sokat cseveg\u00e9sre, bar\u00e1tokkal val\u00f3 tal\u00e1lkoz\u00e1sra vagy ak\u00e1r a szerelem megtal\u00e1l\u00e1s\u00e1ra.<\/p>\n\n\n\n<p><\/p>\n\n\n\n<hr class=\"wp-block-separator has-alpha-channel-opacity is-style-wide\" \/>\n\n\n\n<h4 class=\"wp-block-heading has-text-align-center\"><strong><mark class=\"has-inline-color has-luminous-vivid-orange-color\">Olvasd el ezt is<\/mark><\/strong><\/h4>\n\n\n    <section class=\"mx-1 my-10\">\n                                                <a href=\"http:\/\/universofamilia.com\/hu\/lp-filmes-asiaticos\/\" class=\"text-white\" data-analytics-label=\"optionsButton\"\n                    data-action=\"analytics#trackCTA\">\n                    <div data-options-target=\"option\"\n                        class=\"custom-section rounded-xl border p-3 shadow-md w-full bg-green-700 my-3\">\n                        <div class=\"flex w-full items-center justify-between\">\n                            <div class=\"flex items-center space-x-3\">\n                                <div class=\"text-lg font-bold\">\n                                    App koreai dr\u00e1m\u00e1k n\u00e9z\u00e9s\u00e9hez \u279d\n                                <\/div>\n                            <\/div>\n                        <\/div>\n                    <\/div>\n                <\/a>\n                                                            <a href=\"http:\/\/universofamilia.com\/hu\/lp-recuperar-fotos\/\" class=\"text-white\" data-analytics-label=\"optionsButton\"\n                    data-action=\"analytics#trackCTA\">\n                    <div data-options-target=\"option\"\n                        class=\"custom-section rounded-xl border p-3 shadow-md w-full bg-green-700 my-3\">\n                        <div class=\"flex w-full items-center justify-between\">\n                            <div class=\"flex items-center space-x-3\">\n                                <div class=\"text-lg font-bold\">\n                                    T\u00f6r\u00f6lt fot\u00f3k helyre\u00e1ll\u00edt\u00e1sa ezzel az alkalmaz\u00e1ssal!  \u279d\n                                <\/div>\n                            <\/div>\n                        <\/div>\n                    <\/div>\n                <\/a>\n                                                            <a href=\"http:\/\/universofamilia.com\/hu\/el-amor-a-un-clic\/\" class=\"text-white\" data-analytics-label=\"optionsButton\"\n                    data-action=\"analytics#trackCTA\">\n                    <div data-options-target=\"option\"\n                        class=\"custom-section rounded-xl border p-3 shadow-md w-full bg-green-700 my-3\">\n                        <div class=\"flex w-full items-center justify-between\">\n                            <div class=\"flex items-center space-x-3\">\n                                <div class=\"text-lg font-bold\">\n                                    Fedezd fel az ide\u00e1lis t\u00e1rskeres\u0151 alkalmaz\u00e1st \u279d\n                                <\/div>\n                            <\/div>\n                        <\/div>\n                    <\/div>\n                <\/a>\n                            <p class=\"text-xs text-gray-500 text-right hidden\"\n            style=\"margin-left: 50%; margin-bottom: 50px; margin-top: 5px;\">\n            <!-- You will be redirected to another website -->\n        <\/p>\n    <\/section>\n\n\n\n\n<p class=\"has-text-align-right\"><em><strong><em><strong><em><strong><em><strong><em><strong>Ugyanott fog maradni!<\/strong><\/em><\/strong><\/em><\/strong><\/em><\/strong><\/em><\/strong><\/em><\/p>\n\n\n\n<hr class=\"wp-block-separator has-alpha-channel-opacity is-style-wide\" \/>\n\n\n\n<p><\/p>\n\n\n\n<p>M\u00e1r nem arr\u00f3l van sz\u00f3, hogy &quot;online partnert keresel&quot;, mint r\u00e9gen. Most m\u00e1r val\u00f3di kapcsolatokat kell kialak\u00edtanod, b\u00e1rhol is vagy, amikor csak akarod.<\/p>\n\n\n\n<p>Egyetlen mobiltelefonnal a k\u00f6vetkez\u0151ket teheti:<\/p>\n\n\n\n<ul>\n<li>Besz\u00e9lgess a v\u00e1rosodb\u00f3l vagy az orsz\u00e1g b\u00e1rmely pontj\u00e1r\u00f3l sz\u00e1rmaz\u00f3 emberekkel<\/li>\n\n\n\n<li>Keress olyan embereket, akiknek hasonl\u00f3 \u00e9rdekl\u0151d\u00e9si k\u00f6r\u00fck van, mint neked<\/li>\n\n\n\n<li>Nyugodt besz\u00e9lget\u00e9s, nyom\u00e1s \u00e9s k\u00f6telezetts\u00e9gek n\u00e9lk\u00fcl<\/li>\n\n\n\n<li>Tal\u00e1lkozz bar\u00e1tokkal, partnerekkel, bizalmasokkal, vagy csak valakivel, akivel l\u00f3ghatsz<\/li>\n<\/ul>\n\n\n\n<p>\u00c9s ami a legjobb: te d\u00f6nt\u00f6d el, hogy kivel \u00e9s mikor besz\u00e9lsz. Senki sem k\u00e9nyszer\u00edt semmire. Szabadon felfedezhetsz, felfedezhetsz \u00e9s \u00e9lvezheted a vil\u00e1got.<\/p>\n\n\n\n<h3 class=\"wp-block-heading\">Biztons\u00e1gos eszk\u00f6z a f\u00e9lelem n\u00e9lk\u00fcli tud\u00e1shoz<\/h3>\n\n\n\n<p>Agg\u00f3dsz a biztons\u00e1g miatt? Term\u00e9szetesen! \u00c9s ez norm\u00e1lis. Ez\u00e9rt az al\u00e1bb bemutatott alkalmaz\u00e1sok j\u00f3l ismertek, megb\u00edzhat\u00f3ak \u00e9s rendelkeznek a v\u00e9delmedre szolg\u00e1l\u00f3 mechanizmusokkal.<\/p>\n\n\n\n<p>Blokkolhatsz felhaszn\u00e1l\u00f3kat, jelentheted a furcsa viselked\u00e9st, meg\u0151rizheted az adatv\u00e9delmedet, \u00e9s eld\u00f6ntheted, hogy mikor osztasz meg tov\u00e1bbi inform\u00e1ci\u00f3kat. A l\u00e9nyeg az, hogy minden l\u00e9p\u00e9sn\u00e9l k\u00e9nyelmesen \u00e9rezd magad.<\/p>\n\n\n\n<p>Mindig eml\u00e9kezz:<\/p>\n\n\n\n<ul>\n<li>El\u0151sz\u00f6r ne oszd meg a c\u00edmedet vagy a szem\u00e9lyes adataidat.<\/li>\n\n\n\n<li>Csak akkor besz\u00e9lj, ha j\u00f3l \u00e9rzed magad<\/li>\n\n\n\n<li>Ha valami nem tetszik, b\u00e1rmikor elmehetsz.<\/li>\n\n\n\n<li>B\u00edzz az intu\u00edci\u00f3dban<\/li>\n<\/ul>\n\n\n\n<h2 class=\"wp-block-heading\">Hogyan kezdj el t\u00e1rskeres\u0151 alkalmaz\u00e1st haszn\u00e1lni (gondmentesen)<\/h2>\n\n\n\n<h3 class=\"wp-block-heading\">Az els\u0151 dolog, hogy k\u00edv\u00e1ncsi legy\u00e9l<\/h3>\n\n\n\n<p>Nem kell tech-szak\u00e9rt\u0151nek lenned ahhoz, hogy haszn\u00e1lj egy t\u00e1rskeres\u0151 alkalmaz\u00e1st. Csak k\u00edv\u00e1ncsis\u00e1gra, egy kis id\u0151re \u00e9s a telefonodra van sz\u00fcks\u00e9ged.<\/p>\n\n\n\n<p>A l\u00e9p\u00e9sek egyszer\u0171ek:<\/p>\n\n\n\n<ol>\n<li>Nyisd meg a Play \u00c1ruh\u00e1zat a telefonodon<\/li>\n\n\n\n<li>Keresd meg a sz\u00e1modra legjobban tetsz\u0151 alkalmaz\u00e1s nev\u00e9t (k\u00e9s\u0151bb h\u00e1rmat mutatunk)<\/li>\n\n\n\n<li>T\u00f6ltsd le \u00e9s nyisd meg az alkalmaz\u00e1st<\/li>\n\n\n\n<li>Regisztr\u00e1lj e-mail c\u00edmeddel, telefonsz\u00e1moddal vagy Google-fi\u00f3koddal.<\/li>\n\n\n\n<li>T\u00f6lts fel egy k\u00e9pet magadr\u00f3l (k\u00fcl\u00f6nleges filterek n\u00e9lk\u00fcl!)<\/li>\n\n\n\n<li>\u00cdrj magadr\u00f3l egy r\u00f6vid le\u00edr\u00e1st: mit szeretsz, mit keresel, milyen vagy.<\/li>\n\n\n\n<li>Kezdj el profilokat b\u00f6ng\u00e9szni \u00e9s csevegni azzal, aki megtetszik.<\/li>\n<\/ol>\n\n\n\n<p>\u00c9s ennyi. Ilyen egyszer\u0171. Most a digit\u00e1lis randiz\u00e1s vil\u00e1g\u00e1ban vagy, ahol minden egy \u201eSzia, hogy vagy?\u201d k\u00e9rd\u00e9ssel kezd\u0151dik.<\/p>\n\n\n\n<h3 class=\"wp-block-heading\">Mit \u00edrj a profilodra, hogy felh\u00edvd magadra a figyelmet?<\/h3>\n\n\n\n<p>A profilod olyan, mint a motiv\u00e1ci\u00f3s leveled. Nem kell k\u00f6nyvet \u00edrnod, de az\u00e9rt mutatnod kell magadr\u00f3l egy kicsit.<\/p>\n\n\n\n<p>N\u00e9h\u00e1ny tipp:<\/p>\n\n\n\n<ul>\n<li>Haszn\u00e1lj egy tiszta fot\u00f3t, ahol j\u00f3l l\u00e1tszik az arcod<\/li>\n\n\n\n<li>Ker\u00fcld az elmos\u00f3dott szelfiket vagy a s\u00f6t\u00e9t lencs\u00e9s k\u00e9peket<\/li>\n\n\n\n<li>L\u00e9gy hiteles a le\u00edr\u00e1sodban: \u201eSzeretek s\u00e9t\u00e1lni, filmeket n\u00e9zni, zen\u00e9t hallgatni.\u201d<\/li>\n\n\n\n<li>L\u00e9gy kedves \u00e9s egyenes azzal kapcsolatban, hogy mit keresel: bar\u00e1ts\u00e1got, cseveg\u00e9st, kapcsolatot stb.<\/li>\n<\/ul>\n\n\n\n<p>A profilodnak nem kell t\u00f6k\u00e9letesnek lennie, el\u00e9g, ha te magad vagy.<\/p>\n\n\n\n<h2 class=\"wp-block-heading\">A 3 legjobb alkalmaz\u00e1s cseveg\u00e9shez \u00e9s ismerked\u00e9shez<\/h2>\n\n\n\n<h3 class=\"wp-block-heading\">1. <strong>Tapl\u00f3<\/strong> \u2013 N\u00e9pszer\u0171, egyszer\u0171 \u00e9s nagyon akt\u00edv<\/h3>\n\n\n\n<p><a href=\"https:\/\/tinder.com\/pt\/download\">Tinder let\u00f6lt\u00e9se<\/a><\/p>\n\n\n\n<p>A Tinder a vil\u00e1g legn\u00e9pszer\u0171bb t\u00e1rskeres\u0151 alkalmaz\u00e1sa, \u00e9s j\u00f3 okkal. Naponta emberek milli\u00f3i haszn\u00e1lj\u00e1k cseveg\u00e9sre, ismerked\u00e9sre, s\u0151t, szerelembe es\u00e9sre is. A h\u00fazogat\u00f3 rendszere sz\u00f3rakoztat\u00f3 \u00e9s egyszer\u0171.<\/p>\n\n\n\n<p>Mi\u00e9rt lehet, hogy szereted a Tindert?<\/p>\n\n\n\n<ul>\n<li>M\u00e1sodpercek alatt l\u00e1thatod a k\u00f6zeledben l\u00e9v\u0151 embereket<\/li>\n\n\n\n<li>Ha mindketten szimpatikusak vagytok egym\u00e1snak, elkezdhettek besz\u00e9lgetni.<\/li>\n\n\n\n<li>A diz\u00e1jnja gyors \u00e9s b\u00e1rmilyen mobiltelefonon nagyon j\u00f3l m\u0171k\u00f6dik.<\/li>\n\n\n\n<li>A bar\u00e1ts\u00e1gt\u00f3l a komoly kapcsolatig mindent megtal\u00e1lhatsz.<\/li>\n<\/ul>\n\n\n\n<p>Ide\u00e1lis, ha k\u00edv\u00e1ncsi vagy, t\u00f6bb profillal is szeretn\u00e9l besz\u00e9lgetni, \u00e9s hagyni, hogy a besz\u00e9lget\u00e9s folyjon.<\/p>\n\n\n\n<p><\/p>\n\n\n\n<hr class=\"wp-block-separator has-alpha-channel-opacity is-style-wide\" \/>\n\n\n\n<h3 class=\"wp-block-heading\"><mark class=\"has-inline-color has-luminous-vivid-amber-color\"><strong>T\u00f6ltse le az alkalmaz\u00e1sokat<\/strong>.<\/mark><\/h3>\n\n\n    <section class=\"mx-1 my-10\">\n                                                <a href=\"https:\/\/tinder.com\/pt\/download\" class=\"text-white\" data-analytics-label=\"optionsButton\"\n                    data-action=\"analytics#trackCTA\">\n                    <div data-options-target=\"option\"\n                        class=\"custom-section rounded-xl border p-3 shadow-md w-full bg-green-700 my-3\">\n                        <div class=\"flex w-full items-center justify-between\">\n                            <div class=\"flex items-center space-x-3\">\n                                <div class=\"text-lg font-bold\">\n                                    Tinder \u279d\n                                <\/div>\n                            <\/div>\n                        <\/div>\n                    <\/div>\n                <\/a>\n                            <p class=\"text-xs text-gray-500 text-right\"\n            style=\"margin-left: 50%; margin-bottom: 50px; margin-top: 5px;\">\n            <!-- You will be redirected to another website -->\n        <\/p>\n    <\/section>\n\n\n\n\n<p class=\"has-text-align-right\"><strong><em>\u00c1tir\u00e1ny\u00edtunk egy m\u00e1sik webhelyre<\/em><\/strong><\/p>\n\n\n\n<hr class=\"wp-block-separator has-alpha-channel-opacity is-style-wide\" \/>\n\n\n\n<p><\/p>\n\n\n\n<h3 class=\"wp-block-heading\">2. <strong>Z\u00fcmm\u00f6g<\/strong> \u2013 Ahol megteszik az els\u0151 l\u00e9p\u00e9st<\/h3>\n\n\n\n<p>A Bumble ide\u00e1lis v\u00e1laszt\u00e1s, ha tisztelettud\u00f3bb k\u00f6rnyezetre v\u00e1gysz. Itt egyez\u00e9s ut\u00e1n a n\u0151 kezdem\u00e9nyezi a besz\u00e9lget\u00e9st, \u00edgy elker\u00fclhet\u0151k a bosszant\u00f3 vagy nem k\u00edv\u00e1nt \u00fczenetek.<\/p>\n\n\n\n<p>A Bumble el\u0151nyei:<\/p>\n\n\n\n<ul>\n<li>Automatikus sz\u0171r\u0151 a durva emberek ellen<\/li>\n\n\n\n<li>Bar\u00e1ts\u00e1gok vagy munkahelyi kapcsolatok szerz\u00e9s\u00e9re is alkalmas.<\/li>\n\n\n\n<li>Val\u00f3di profilellen\u0151rz\u00e9ssel rendelkezik<\/li>\n\n\n\n<li>Kiv\u00e1l\u00f3 \u00e9rdekes besz\u00e9lget\u00e9sekhez \u00e9s komoly kapcsolatot keres\u0151knek.<\/li>\n<\/ul>\n\n\n\n<p>Azoknak aj\u00e1nlott, akik \u00e9rt\u00e9kelik a min\u0151s\u00e9gi besz\u00e9lget\u00e9seket, \u00e9s szeretn\u00e9k k\u00e9zben tartani a dolgokat.<\/p>\n\n\n\n<p><\/p>\n\n\n\n<hr class=\"wp-block-separator has-alpha-channel-opacity is-style-wide\" \/>\n\n\n\n<h3 class=\"wp-block-heading\"><mark class=\"has-inline-color has-luminous-vivid-amber-color\"><strong>T\u00f6ltse le az alkalmaz\u00e1sokat<\/strong>.<\/mark><\/h3>\n\n\n    <section class=\"mx-1 my-10\">\n                                                <a href=\"https:\/\/bumble.com\/pt\/\" class=\"text-white\" data-analytics-label=\"optionsButton\"\n                    data-action=\"analytics#trackCTA\">\n                    <div data-options-target=\"option\"\n                        class=\"custom-section rounded-xl border p-3 shadow-md w-full bg-green-700 my-3\">\n                        <div class=\"flex w-full items-center justify-between\">\n                            <div class=\"flex items-center space-x-3\">\n                                <div class=\"text-lg font-bold\">\n                                    Bumble \u279d\n                                <\/div>\n                            <\/div>\n                        <\/div>\n                    <\/div>\n                <\/a>\n                            <p class=\"text-xs text-gray-500 text-right\"\n            style=\"margin-left: 50%; margin-bottom: 50px; margin-top: 5px;\">\n            <!-- You will be redirected to another website -->\n        <\/p>\n    <\/section>\n\n\n\n\n<p class=\"has-text-align-right\"><strong><em>\u00c1tir\u00e1ny\u00edtunk egy m\u00e1sik webhelyre<\/em><\/strong><\/p>\n\n\n\n<hr class=\"wp-block-separator has-alpha-channel-opacity is-style-wide\" \/>\n\n\n\n<p><\/p>\n\n\n\n<h3 class=\"wp-block-heading\">3. <strong>Happn<\/strong> \u2013 Ismerd meg azokat az embereket, akikkel nap mint nap tal\u00e1lkozol<\/h3>\n\n\n\n<p>A Happn egyed\u00fcl\u00e1ll\u00f3, mivel olyan emberekkel k\u00f6t \u00f6ssze, akik fizikailag is k\u00f6zel \u00e1lltak hozz\u00e1d. Ha tal\u00e1lkozt\u00e1l egy \u00e9rdekes szem\u00e9llyel a piacon vagy a parkban, ez az alkalmaz\u00e1s megmutatja, hogy kik voltak.<\/p>\n\n\n\n<p>A Happn el\u0151nyei:<\/p>\n\n\n\n<ul>\n<li>Val\u00f3s tal\u00e1lkoz\u00e1sokon alapul\u00f3 interakci\u00f3k<\/li>\n\n\n\n<li>L\u00e1thatod a helyet \u00e9s az id\u0151pontot, amikor keresztezt\u00e9k \u00fatjaikat<\/li>\n\n\n\n<li>Ide\u00e1lis, ha olyan emberekkel besz\u00e9lgetsz, akiket m\u00e1r l\u00e1tt\u00e1l a k\u00f6rny\u00e9keden vagy a v\u00e1rosodban<\/li>\n\n\n\n<li>Ha k\u00f6lcs\u00f6n\u00f6s az \u00e9rdekl\u0151d\u00e9s, elkezdhettek besz\u00e9lgetni.<\/li>\n<\/ul>\n\n\n\n<p>T\u00f6k\u00e9letes azoknak, akik hisznek a sorsban vagy a v\u00e9letlenszer\u0171 tal\u00e1lkoz\u00e1sokban.<\/p>\n\n\n\n<p><\/p>\n\n\n\n<hr class=\"wp-block-separator has-alpha-channel-opacity is-style-wide\" \/>\n\n\n\n<h3 class=\"wp-block-heading\"><mark class=\"has-inline-color has-luminous-vivid-amber-color\"><strong>T\u00f6ltse le az alkalmaz\u00e1sokat<\/strong>.<\/mark><\/h3>\n\n\n    <section class=\"mx-1 my-10\">\n                                                <a href=\"https:\/\/www.happn.com\/pt\/\" class=\"text-white\" data-analytics-label=\"optionsButton\"\n                    data-action=\"analytics#trackCTA\">\n                    <div data-options-target=\"option\"\n                        class=\"custom-section rounded-xl border p-3 shadow-md w-full bg-green-700 my-3\">\n                        <div class=\"flex w-full items-center justify-between\">\n                            <div class=\"flex items-center space-x-3\">\n                                <div class=\"text-lg font-bold\">\n                                    Boldog \u279d\n                                <\/div>\n                            <\/div>\n                        <\/div>\n                    <\/div>\n                <\/a>\n                            <p class=\"text-xs text-gray-500 text-right\"\n            style=\"margin-left: 50%; margin-bottom: 50px; margin-top: 5px;\">\n            <!-- You will be redirected to another website -->\n        <\/p>\n    <\/section>\n\n\n\n\n<p class=\"has-text-align-right\"><strong><em>\u00c1tir\u00e1ny\u00edtunk egy m\u00e1sik webhelyre<\/em><\/strong><\/p>\n\n\n\n<hr class=\"wp-block-separator has-alpha-channel-opacity is-style-wide\" \/>\n\n\n\n<p><\/p>\n\n\n\n<h2 class=\"wp-block-heading\">Hogyan lehet j\u00f3 besz\u00e9lget\u00e9st folytatni az els\u0151 \u00fczenett\u0151l kezdve<\/h2>\n\n\n\n<p>Nem kell k\u00f6lt\u0151nek vagy fl\u00f6rt\u00f6l\u0151 szak\u00e9rt\u0151nek lenned. Csak \u00e9rdekl\u0151d\u00e9st kell mutatnod \u00e9s figyelned kell.<\/p>\n\n\n\n<p>\u00cdme n\u00e9h\u00e1ny \u00f6tlet a j\u00e9g megt\u00f6r\u00e9s\u00e9re:<\/p>\n\n\n\n<ul>\n<li>\u201eSzia \ud83d\ude0a Milyen zen\u00e9t szeretsz?\u201d<\/li>\n\n\n\n<li>\u201eL\u00e1ttam, hogy szeretsz f\u0151zni, mi a kedvenc \u00e9teled?\u201d<\/li>\n\n\n\n<li>\u2013 Mivel szokt\u00e1l kikapcsol\u00f3dni h\u00e9tv\u00e9g\u00e9n?<\/li>\n\n\n\n<li>\u201eMelyik filmet l\u00e1ttad utolj\u00e1ra, \u00e9s im\u00e1dtad?\u201d<\/li>\n<\/ul>\n\n\n\n<p>Ker\u00fcld az olyan kifejez\u00e9sekkel val\u00f3 kezd\u00e9st, mint a \u201eSzia, sz\u00e9ps\u00e9gem\u201d vagy a \u201eVan bar\u00e1tod?\u201d, mivel ezek t\u00fal k\u00f6zvetlennek vagy k\u00e9nyelmetlennek t\u0171nhetnek.<\/p>\n\n\n\n<p>Jobb, ha k\u00e9rdezel valamit az \u00edzl\u00e9s\u00fckr\u0151l, hobbijaikr\u00f3l vagy tev\u00e9kenys\u00e9geikr\u0151l<\/p>\n\n\n\n<p>Figyelj, v\u00e1laszolj kedvesen, \u00e9s megl\u00e1tod, hogyan folyik mag\u00e1t\u00f3l a besz\u00e9lget\u00e9s.<\/p>\n\n\n\n<h2 class=\"wp-block-heading\">Mit kell \u00e9s mit nem szabad tenni a t\u00e1rskeres\u0151 alkalmaz\u00e1sokban<\/h2>\n\n\n\n<h3 class=\"wp-block-heading\">\u2705 Tedd ezt:<\/h3>\n\n\n\n<ul>\n<li>L\u00e9gy \u00f6nmagad<\/li>\n\n\n\n<li>\u00c9rdekl\u0151d\u00e9ssel \u00e9s tisztelettel v\u00e1laszolj<\/li>\n\n\n\n<li>Haszn\u00e1lj emojikat az \u00e9rzelmek kifejez\u00e9s\u00e9re<\/li>\n\n\n\n<li>Sz\u00e1nj id\u0151t arra, hogy megismerd a m\u00e1sik embert<\/li>\n\n\n\n<li>\u00c9lvezd a folyamatot<\/li>\n<\/ul>\n\n\n\n<h3 class=\"wp-block-heading\">\u274c Ker\u00fcld el ezt:<\/h3>\n\n\n\n<ul>\n<li>Hazudsz a korodr\u00f3l vagy a sz\u00e1nd\u00e9kaidr\u00f3l<\/li>\n\n\n\n<li>Tolakod\u00f3 vagy durva \u00fczenetek k\u00fcld\u00e9se<\/li>\n\n\n\n<li>Ragaszkodj hozz\u00e1, ha a m\u00e1sik nem v\u00e1laszol<\/li>\n\n\n\n<li>Szem\u00e9lyes adatok nagyon gyors megoszt\u00e1sa<\/li>\n\n\n\n<li>Hamis vagy f\u00e9lrevezet\u0151 fot\u00f3k felt\u00f6lt\u00e9se<\/li>\n<\/ul>\n\n\n\n<p>A l\u00e9nyeg, hogy \u00fagy viselkedj, mint szem\u00e9lyesen: udvariasan, \u0151szint\u00e9n \u00e9s j\u00f3 humorral.<\/p>\n\n\n\n<h2 class=\"wp-block-heading\">Igaz t\u00f6rt\u00e9net: \u201eSoha nem gondoltam volna, hogy \u00edgy tal\u00e1lkozom a partneremmel.\u201d<\/h2>\n\n\n\n<p>A 40 \u00e9ves Jos\u00e9 ezt mondja nek\u00fcnk:<\/p>\n\n\n\n<blockquote class=\"wp-block-quote\">\n<p>\u201eA v\u00e1l\u00e1som ut\u00e1n mag\u00e1nyosnak \u00e9s elveszettnek \u00e9reztem magam. Nem tudtam, hogyan randizzak \u00fajra. Vonakodva let\u00f6lt\u00f6ttem a Tindert, \u00e9s megismerkedtem An\u00e1val. Elkezdt\u00fcnk t\u00e9v\u00e9m\u0171sorokr\u00f3l besz\u00e9lgetni, majd \u00f3r\u00e1kat t\u00f6lt\u00f6tt\u00fcnk videoh\u00edv\u00e1sokkal. M\u00e1r egy \u00e9ve egy\u00fctt vagyunk, \u00e9s m\u00e9g mindig boldogok. Egyetlen besz\u00e9lget\u00e9snek k\u00f6sz\u00f6nhet\u0151en megv\u00e1ltozott az \u00e9letem.\u201d<\/p>\n<\/blockquote>\n\n\n\n<p>Az ilyen t\u00f6rt\u00e9netek egyre gyakoribbak. Ami egykor elk\u00e9pzelhetetlen volt, ma az egyik leggyakoribb m\u00f3dja a partner, a bar\u00e1ts\u00e1gok \u00e9s a k\u00fcl\u00f6nleges pillanatok megtal\u00e1l\u00e1s\u00e1nak.<\/p>\n\n\n\n<h2 class=\"wp-block-heading\">Mi van, ha 40, 50 vagy 60 \u00e9v feletti vagyok?<\/h2>\n\n\n\n<p>Term\u00e9szetesen! A t\u00e1rskeres\u0151 alkalmaz\u00e1soknak nincs korhat\u00e1ruk. Egyre t\u00f6bb 40 \u00e9v feletti ember haszn\u00e1lja ezeket az eszk\u00f6z\u00f6ket, hogy \u00fajra beleszeressen, tal\u00e1lkozzon valakivel, vagy csak csevegjen.<\/p>\n\n\n\n<p>Ha \u00d6n id\u0151sebb, a k\u00f6vetkez\u0151ket javasoljuk:<\/p>\n\n\n\n<ul>\n<li>Haszn\u00e1lja a jelenlegi fot\u00f3kat<\/li>\n\n\n\n<li>L\u00e9gy egy\u00e9rtelm\u0171 a sz\u00e1nd\u00e9kaiddal kapcsolatban: besz\u00e9lget\u00e9s, bar\u00e1ts\u00e1g, kapcsolat<\/li>\n\n\n\n<li>L\u00e9gy t\u00fcrelmes \u00e9s \u00e9lvezd a besz\u00e9lget\u00e9seket<\/li>\n\n\n\n<li>Ne f\u00e9lj valami \u00fajat felfedezni<\/li>\n<\/ul>\n\n\n\n<p>Sok alkalmaz\u00e1s, mint p\u00e9ld\u00e1ul a Bumble \u00e9s a Happn, sz\u0171r\u0151kkel rendelkezik, hogy megjelen\u00edtse a koroszt\u00e1lyodba tartoz\u00f3 embereket.<\/p>\n\n\n<div class=\"wp-block-image\">\n<figure class=\"aligncenter size-full\"><img loading=\"lazy\" decoding=\"async\" width=\"550\" height=\"350\" src=\"https:\/\/universofamilia.com\/wp-content\/uploads\/sites\/148\/2025\/04\/DESTAQUE-UNIVERSO-550-x-350-4-1.jpg\" alt=\"\" class=\"wp-image-9291\" srcset=\"http:\/\/universofamilia.com\/wp-content\/uploads\/sites\/148\/2025\/04\/DESTAQUE-UNIVERSO-550-x-350-4-1.jpg 550w, http:\/\/universofamilia.com\/wp-content\/uploads\/sites\/148\/2025\/04\/DESTAQUE-UNIVERSO-550-x-350-4-1-300x191.jpg 300w, http:\/\/universofamilia.com\/wp-content\/uploads\/sites\/148\/2025\/04\/DESTAQUE-UNIVERSO-550-x-350-4-1-18x12.jpg 18w\" sizes=\"(max-width: 550px) 100vw, 550px\" \/><figcaption class=\"wp-element-caption\">Szeretn\u00e9k veled besz\u00e9lgetni ezeken a t\u00e1rskeres\u0151 alkalmaz\u00e1sokon kereszt\u00fcl.<\/figcaption><\/figure><\/div>\n\n\n<h2 class=\"wp-block-heading\">Mit tal\u00e1lhatsz a t\u00e1rskeres\u0151 alkalmaz\u00e1sokban?<\/h2>\n\n\n\n<ul>\n<li>Egy k\u00f6nnyed besz\u00e9lget\u00e9s, hogy feldobja a napodat<\/li>\n\n\n\n<li>Egy olyan szem\u00e9ly, akivel k\u00f6z\u00f6sek a hobbijaid<\/li>\n\n\n\n<li>Egy bar\u00e1t, akivel besz\u00e9lgethetsz, amikor sz\u00fcks\u00e9ged van r\u00e1<\/li>\n\n\n\n<li>Egy partner, aki meghallgat \u00e9s \u00e9rt\u00e9kel t\u00e9ged<\/li>\n\n\n\n<li>Egy v\u00e1ratlan t\u00f6rt\u00e9net, amire nem sz\u00e1m\u00edtott\u00e1l<\/li>\n<\/ul>\n\n\n\n<p>A l\u00e9nyeg, hogy ne helyezz magadra nyom\u00e1st. \u00c9lvezd a pillanatot, fedezz fel elv\u00e1r\u00e1sok n\u00e9lk\u00fcl, \u00e9s hagyd, hogy az \u00e9let meglepjen.<\/p>\n\n\n\n<h2 class=\"wp-block-heading\">Kezdje el m\u00e9g ma: csak egy kattint\u00e1snyira<\/h2>\n\n\n\n<p>Most m\u00e1r mindent tudsz, amire sz\u00fcks\u00e9ged van. Nincs t\u00f6bb kifog\u00e1s. Nincs t\u00f6bb\u00e9 egyed\u00fcl.<\/p>\n\n\n\n<p><strong>Szeretn\u00e9k veled besz\u00e9lgetni ezeken a t\u00e1rskeres\u0151 alkalmaz\u00e1sokon kereszt\u00fcl.<\/strong> Ez nem csak egy c\u00edm. Ez egy javaslat. Egy lehet\u0151s\u00e9g. Ez egy h\u00edd valakihez, aki tal\u00e1n szint\u00e9n olvassa ezt, \u00e9s ugyan\u00edgy \u00e9rez, mint te.<\/p>\n\n\n\n<p>Kapd el\u0151 a telefonod. T\u00f6lts le egyet ezek k\u00f6z\u00fcl az alkalmaz\u00e1sok k\u00f6z\u00fcl. Hozd l\u00e9tre a profilodat k\u00f6r\u00fcltekint\u0151en. Kezdj el lapozni, mosolyogni, t\u00f6rt\u00e9neteket olvasni, \u00edrj &quot;Szia&quot;-t, \u00e9s n\u00e9zd meg, mi t\u00f6rt\u00e9nik.<\/p>\n\n\n\n<p>Mert a k\u00e9perny\u0151 m\u00e1sik oldal\u00e1n lehet valaki, aki megv\u00e1ltoztatja az \u00e9letedet. \u00c9s mindez egy besz\u00e9lget\u00e9ssel kezd\u0151dik.<\/p>","protected":false},"excerpt":{"rendered":"<p>\u00bfTe gustar\u00eda hablar con alguien especial hoy? \u00a1Elija una de las opciones! Quiero conversar contigo por estos apps de citas. Si llegaste hasta aqu\u00ed, es porque est\u00e1s buscando algo diferente. Tal vez te sientes solo, aburrido o simplemente con ganas de conocer a alguien que te escuche, te entienda y quiera charlar contigo sin juicios [&hellip;]<\/p>","protected":false},"author":139,"featured_media":9291,"comment_status":"closed","ping_status":"open","sticky":false,"template":"","format":"standard","meta":{"footnotes":""},"categories":[2],"tags":[1805,410,669,2225,2224],"yoast_head":"<!-- This site is optimized with the Yoast SEO plugin v23.3 - https:\/\/yoast.com\/wordpress\/plugins\/seo\/ -->\n<title>Quiero conversar contigo por estos apps de citas - Universo Fam\u00edlia<\/title>\n<meta name=\"description\" content=\"Quiero conversar contigo por estos apps de citas. Quiero conversar contigo por estos apps de citas. Si llegaste hasta aqu\u00ed, es porque...\" \/>\n<meta name=\"robots\" content=\"index, follow, max-snippet:-1, max-image-preview:large, max-video-preview:-1\" \/>\n<link rel=\"canonical\" href=\"http:\/\/universofamilia.com\/hu\/quiero-conversar-contigo-por-estos-apps-de-citas\/\" \/>\n<meta property=\"og:locale\" content=\"hu_HU\" \/>\n<meta property=\"og:type\" content=\"article\" \/>\n<meta property=\"og:title\" content=\"Quiero conversar contigo por estos apps de citas - Universo Fam\u00edlia\" \/>\n<meta property=\"og:description\" content=\"Quiero conversar contigo por estos apps de citas. Quiero conversar contigo por estos apps de citas. Si llegaste hasta aqu\u00ed, es porque...\" \/>\n<meta property=\"og:url\" content=\"http:\/\/universofamilia.com\/hu\/quiero-conversar-contigo-por-estos-apps-de-citas\/\" \/>\n<meta property=\"og:site_name\" content=\"Universo Fam\u00edlia\" \/>\n<meta property=\"article:published_time\" content=\"2025-04-12T18:44:12+00:00\" \/>\n<meta property=\"article:modified_time\" content=\"2025-04-12T18:44:14+00:00\" \/>\n<meta property=\"og:image\" content=\"http:\/\/universofamilia.com\/wp-content\/uploads\/sites\/148\/2025\/04\/DESTAQUE-UNIVERSO-550-x-350-4-1.jpg\" \/>\n\t<meta property=\"og:image:width\" content=\"550\" \/>\n\t<meta property=\"og:image:height\" content=\"350\" \/>\n\t<meta property=\"og:image:type\" content=\"image\/jpeg\" \/>\n<meta name=\"author\" content=\"Pedro Henrique\" \/>\n<meta name=\"twitter:card\" content=\"summary_large_image\" \/>\n<meta name=\"twitter:label1\" content=\"Written by\" \/>\n\t<meta name=\"twitter:data1\" content=\"Pedro Henrique\" \/>\n\t<meta name=\"twitter:label2\" content=\"Est. reading time\" \/>\n\t<meta name=\"twitter:data2\" content=\"9 perc\" \/>\n<script type=\"application\/ld+json\" class=\"yoast-schema-graph\">{\"@context\":\"https:\/\/schema.org\",\"@graph\":[{\"@type\":\"WebPage\",\"@id\":\"http:\/\/universofamilia.com\/ru\/quiero-conversar-contigo-por-estos-apps-de-citas\/\",\"url\":\"http:\/\/universofamilia.com\/ru\/quiero-conversar-contigo-por-estos-apps-de-citas\/\",\"name\":\"Quiero conversar contigo por estos apps de citas - Universo Fam\u00edlia\",\"isPartOf\":{\"@id\":\"https:\/\/universofamilia.com\/el\/#website\"},\"primaryImageOfPage\":{\"@id\":\"http:\/\/universofamilia.com\/ru\/quiero-conversar-contigo-por-estos-apps-de-citas\/#primaryimage\"},\"image\":{\"@id\":\"http:\/\/universofamilia.com\/ru\/quiero-conversar-contigo-por-estos-apps-de-citas\/#primaryimage\"},\"thumbnailUrl\":\"http:\/\/universofamilia.com\/wp-content\/uploads\/sites\/148\/2025\/04\/DESTAQUE-UNIVERSO-550-x-350-4-1.jpg\",\"datePublished\":\"2025-04-12T18:44:12+00:00\",\"dateModified\":\"2025-04-12T18:44:14+00:00\",\"author\":{\"@id\":\"https:\/\/universofamilia.com\/el\/#\/schema\/person\/f07ce98187dd84d31154262e79b3b7ca\"},\"description\":\"Quiero conversar contigo por estos apps de citas. Quiero conversar contigo por estos apps de citas. Si llegaste hasta aqu\u00ed, es porque...\",\"breadcrumb\":{\"@id\":\"http:\/\/universofamilia.com\/ru\/quiero-conversar-contigo-por-estos-apps-de-citas\/#breadcrumb\"},\"inLanguage\":\"hu\",\"potentialAction\":[{\"@type\":\"ReadAction\",\"target\":[\"http:\/\/universofamilia.com\/ru\/quiero-conversar-contigo-por-estos-apps-de-citas\/\"]}]},{\"@type\":\"ImageObject\",\"inLanguage\":\"hu\",\"@id\":\"http:\/\/universofamilia.com\/ru\/quiero-conversar-contigo-por-estos-apps-de-citas\/#primaryimage\",\"url\":\"http:\/\/universofamilia.com\/wp-content\/uploads\/sites\/148\/2025\/04\/DESTAQUE-UNIVERSO-550-x-350-4-1.jpg\",\"contentUrl\":\"http:\/\/universofamilia.com\/wp-content\/uploads\/sites\/148\/2025\/04\/DESTAQUE-UNIVERSO-550-x-350-4-1.jpg\",\"width\":550,\"height\":350,\"caption\":\"Quiero conversar contigo por estos apps de citas\"},{\"@type\":\"BreadcrumbList\",\"@id\":\"http:\/\/universofamilia.com\/ru\/quiero-conversar-contigo-por-estos-apps-de-citas\/#breadcrumb\",\"itemListElement\":[{\"@type\":\"ListItem\",\"position\":1,\"name\":\"Home\",\"item\":\"https:\/\/universofamilia.com\/el\/\"},{\"@type\":\"ListItem\",\"position\":2,\"name\":\"Quiero conversar contigo por estos apps de citas\"}]},{\"@type\":\"WebSite\",\"@id\":\"https:\/\/universofamilia.com\/el\/#website\",\"url\":\"https:\/\/universofamilia.com\/el\/\",\"name\":\"Universo Fam\u00edlia\",\"description\":\"\",\"potentialAction\":[{\"@type\":\"SearchAction\",\"target\":{\"@type\":\"EntryPoint\",\"urlTemplate\":\"https:\/\/universofamilia.com\/el\/?s={search_term_string}\"},\"query-input\":\"required name=search_term_string\"}],\"inLanguage\":\"hu\"},{\"@type\":\"Person\",\"@id\":\"https:\/\/universofamilia.com\/el\/#\/schema\/person\/f07ce98187dd84d31154262e79b3b7ca\",\"name\":\"Pedro Henrique\",\"image\":{\"@type\":\"ImageObject\",\"inLanguage\":\"hu\",\"@id\":\"https:\/\/universofamilia.com\/el\/#\/schema\/person\/image\/\",\"url\":\"http:\/\/0.gravatar.com\/avatar\/9edfeb808cb4e1599f64d6e45b130154?s=96&d=mm&r=g\",\"contentUrl\":\"http:\/\/0.gravatar.com\/avatar\/9edfeb808cb4e1599f64d6e45b130154?s=96&d=mm&r=g\",\"caption\":\"Pedro Henrique\"},\"url\":\"http:\/\/universofamilia.com\/hu\/author\/editor01\/\"}]}<\/script>\n<!-- \/ Yoast SEO plugin. -->","yoast_head_json":{"title":"Quiero conversar contigo por estos apps de citas - Universo Fam\u00edlia","description":"Quiero conversar contigo por estos apps de citas. Quiero conversar contigo por estos apps de citas. Si llegaste hasta aqu\u00ed, es porque...","robots":{"index":"index","follow":"follow","max-snippet":"max-snippet:-1","max-image-preview":"max-image-preview:large","max-video-preview":"max-video-preview:-1"},"canonical":"http:\/\/universofamilia.com\/hu\/quiero-conversar-contigo-por-estos-apps-de-citas\/","og_locale":"hu_HU","og_type":"article","og_title":"Quiero conversar contigo por estos apps de citas - Universo Fam\u00edlia","og_description":"Quiero conversar contigo por estos apps de citas. Quiero conversar contigo por estos apps de citas. Si llegaste hasta aqu\u00ed, es porque...","og_url":"http:\/\/universofamilia.com\/hu\/quiero-conversar-contigo-por-estos-apps-de-citas\/","og_site_name":"Universo Fam\u00edlia","article_published_time":"2025-04-12T18:44:12+00:00","article_modified_time":"2025-04-12T18:44:14+00:00","og_image":[{"width":550,"height":350,"url":"http:\/\/universofamilia.com\/wp-content\/uploads\/sites\/148\/2025\/04\/DESTAQUE-UNIVERSO-550-x-350-4-1.jpg","type":"image\/jpeg"}],"author":"Pedro Henrique","twitter_card":"summary_large_image","twitter_misc":{"Written by":"Pedro Henrique","Est. reading time":"9 perc"},"schema":{"@context":"https:\/\/schema.org","@graph":[{"@type":"WebPage","@id":"http:\/\/universofamilia.com\/ru\/quiero-conversar-contigo-por-estos-apps-de-citas\/","url":"http:\/\/universofamilia.com\/ru\/quiero-conversar-contigo-por-estos-apps-de-citas\/","name":"Quiero conversar contigo por estos apps de citas - Universo Fam\u00edlia","isPartOf":{"@id":"https:\/\/universofamilia.com\/el\/#website"},"primaryImageOfPage":{"@id":"http:\/\/universofamilia.com\/ru\/quiero-conversar-contigo-por-estos-apps-de-citas\/#primaryimage"},"image":{"@id":"http:\/\/universofamilia.com\/ru\/quiero-conversar-contigo-por-estos-apps-de-citas\/#primaryimage"},"thumbnailUrl":"http:\/\/universofamilia.com\/wp-content\/uploads\/sites\/148\/2025\/04\/DESTAQUE-UNIVERSO-550-x-350-4-1.jpg","datePublished":"2025-04-12T18:44:12+00:00","dateModified":"2025-04-12T18:44:14+00:00","author":{"@id":"https:\/\/universofamilia.com\/el\/#\/schema\/person\/f07ce98187dd84d31154262e79b3b7ca"},"description":"Quiero conversar contigo por estos apps de citas. Quiero conversar contigo por estos apps de citas. Si llegaste hasta aqu\u00ed, es porque...","breadcrumb":{"@id":"http:\/\/universofamilia.com\/ru\/quiero-conversar-contigo-por-estos-apps-de-citas\/#breadcrumb"},"inLanguage":"hu","potentialAction":[{"@type":"ReadAction","target":["http:\/\/universofamilia.com\/ru\/quiero-conversar-contigo-por-estos-apps-de-citas\/"]}]},{"@type":"ImageObject","inLanguage":"hu","@id":"http:\/\/universofamilia.com\/ru\/quiero-conversar-contigo-por-estos-apps-de-citas\/#primaryimage","url":"http:\/\/universofamilia.com\/wp-content\/uploads\/sites\/148\/2025\/04\/DESTAQUE-UNIVERSO-550-x-350-4-1.jpg","contentUrl":"http:\/\/universofamilia.com\/wp-content\/uploads\/sites\/148\/2025\/04\/DESTAQUE-UNIVERSO-550-x-350-4-1.jpg","width":550,"height":350,"caption":"Quiero conversar contigo por estos apps de citas"},{"@type":"BreadcrumbList","@id":"http:\/\/universofamilia.com\/ru\/quiero-conversar-contigo-por-estos-apps-de-citas\/#breadcrumb","itemListElement":[{"@type":"ListItem","position":1,"name":"Home","item":"https:\/\/universofamilia.com\/el\/"},{"@type":"ListItem","position":2,"name":"Quiero conversar contigo por estos apps de citas"}]},{"@type":"WebSite","@id":"https:\/\/universofamilia.com\/el\/#website","url":"https:\/\/universofamilia.com\/el\/","name":"Universo Fam\u00edlia","description":"","potentialAction":[{"@type":"SearchAction","target":{"@type":"EntryPoint","urlTemplate":"https:\/\/universofamilia.com\/el\/?s={search_term_string}"},"query-input":"required name=search_term_string"}],"inLanguage":"hu"},{"@type":"Person","@id":"https:\/\/universofamilia.com\/el\/#\/schema\/person\/f07ce98187dd84d31154262e79b3b7ca","name":"Pedro Henrique","image":{"@type":"ImageObject","inLanguage":"hu","@id":"https:\/\/universofamilia.com\/el\/#\/schema\/person\/image\/","url":"http:\/\/0.gravatar.com\/avatar\/9edfeb808cb4e1599f64d6e45b130154?s=96&d=mm&r=g","contentUrl":"http:\/\/0.gravatar.com\/avatar\/9edfeb808cb4e1599f64d6e45b130154?s=96&d=mm&r=g","caption":"Pedro Henrique"},"url":"http:\/\/universofamilia.com\/hu\/author\/editor01\/"}]}},"_links":{"self":[{"href":"http:\/\/universofamilia.com\/hu\/wp-json\/wp\/v2\/posts\/9288"}],"collection":[{"href":"http:\/\/universofamilia.com\/hu\/wp-json\/wp\/v2\/posts"}],"about":[{"href":"http:\/\/universofamilia.com\/hu\/wp-json\/wp\/v2\/types\/post"}],"author":[{"embeddable":true,"href":"http:\/\/universofamilia.com\/hu\/wp-json\/wp\/v2\/users\/139"}],"replies":[{"embeddable":true,"href":"http:\/\/universofamilia.com\/hu\/wp-json\/wp\/v2\/comments?post=9288"}],"version-history":[{"count":1,"href":"http:\/\/universofamilia.com\/hu\/wp-json\/wp\/v2\/posts\/9288\/revisions"}],"predecessor-version":[{"id":9292,"href":"http:\/\/universofamilia.com\/hu\/wp-json\/wp\/v2\/posts\/9288\/revisions\/9292"}],"wp:featuredmedia":[{"embeddable":true,"href":"http:\/\/universofamilia.com\/hu\/wp-json\/wp\/v2\/media\/9291"}],"wp:attachment":[{"href":"http:\/\/universofamilia.com\/hu\/wp-json\/wp\/v2\/media?parent=9288"}],"wp:term":[{"taxonomy":"category","embeddable":true,"href":"http:\/\/universofamilia.com\/hu\/wp-json\/wp\/v2\/categories?post=9288"},{"taxonomy":"post_tag","embeddable":true,"href":"http:\/\/universofamilia.com\/hu\/wp-json\/wp\/v2\/tags?post=9288"}],"curies":[{"name":"wp","href":"https:\/\/api.w.org\/{rel}","templated":true}]}}