{"id":9289,"date":"2025-04-12T19:00:30","date_gmt":"2025-04-12T19:00:30","guid":{"rendered":"https:\/\/universofamilia.com\/?p=9289"},"modified":"2025-04-12T19:00:32","modified_gmt":"2025-04-12T19:00:32","slug":"activa-la-red-5g-y-haz-que-tu-celular-sea-mas-potente-con-estos-apps","status":"publish","type":"post","link":"http:\/\/universofamilia.com\/hu\/activa-la-red-5g-y-haz-que-tu-celular-sea-mas-potente-con-estos-apps\/","title":{"rendered":"Aktiv\u00e1ld az 5G h\u00e1l\u00f3zatot, \u00e9s tedd er\u0151sebb\u00e9 a telefonod"},"content":{"rendered":"<h4 class=\"wp-block-heading has-text-align-center\"><strong>Lassabban fut a telefonod a szok\u00e1sosn\u00e1l? Szeretn\u00e9d a legt\u00f6bbet kihozni az 5G h\u00e1l\u00f3zatb\u00f3l?<\/strong><\/h4>\n\n\n\n<p><\/p>\n\n\n\n<hr class=\"wp-block-separator has-alpha-channel-opacity is-style-wide\" \/>\n\n\n\n<h5 class=\"wp-block-heading has-text-align-center\"><strong><mark class=\"has-inline-color has-vivid-red-color\">V\u00e1lassz most!<\/mark><\/strong><\/h5>\n\n\n    <section class=\"mx-1 my-10\">\n                                                <a href=\"http:\/\/universofamilia.com\/hu\/activa-el-5g-en-tu-celular\/\" class=\"text-white\" data-analytics-label=\"optionsButton\"\n                    data-action=\"analytics#trackCTA\">\n                    <div data-options-target=\"option\"\n                        class=\"custom-section rounded-xl border p-3 shadow-md w-full bg-green-700 my-3\">\n                        <div class=\"flex w-full items-center justify-between\">\n                            <div class=\"flex items-center space-x-3\">\n                                <div class=\"text-lg font-bold\">\n                                    Aktiv\u00e1ld az 5G-t a mobiltelefonodon \u279d\n                                <\/div>\n                            <\/div>\n                        <\/div>\n                    <\/div>\n                <\/a>\n                                                            <a href=\"http:\/\/universofamilia.com\/hu\/las-mejores-aplicaciones-para-activar-y-optimizar-el-5g\/\" class=\"text-white\" data-analytics-label=\"optionsButton\"\n                    data-action=\"analytics#trackCTA\">\n                    <div data-options-target=\"option\"\n                        class=\"custom-section rounded-xl border p-3 shadow-md w-full bg-green-700 my-3\">\n                        <div class=\"flex w-full items-center justify-between\">\n                            <div class=\"flex items-center space-x-3\">\n                                <div class=\"text-lg font-bold\">\n                                    5G h\u00e1l\u00f3zatfelm\u00e9r\u00e9s \u279d\n                                <\/div>\n                            <\/div>\n                        <\/div>\n                    <\/div>\n                <\/a>\n                                                            <a href=\"http:\/\/universofamilia.com\/hu\/wifi-gratis-con-un-solo-toque-con-estos-apps\/\" class=\"text-white\" data-analytics-label=\"optionsButton\"\n                    data-action=\"analytics#trackCTA\">\n                    <div data-options-target=\"option\"\n                        class=\"custom-section rounded-xl border p-3 shadow-md w-full bg-green-700 my-3\">\n                        <div class=\"flex w-full items-center justify-between\">\n                            <div class=\"flex items-center space-x-3\">\n                                <div class=\"text-lg font-bold\">\n                                    WIFI mindenhol \u279d\n                                <\/div>\n                            <\/div>\n                        <\/div>\n                    <\/div>\n                <\/a>\n                            <p class=\"text-xs text-gray-500 text-right hidden\"\n            style=\"margin-left: 50%; margin-bottom: 50px; margin-top: 5px;\">\n            <!-- You will be redirected to another website -->\n        <\/p>\n    <\/section>\n\n\n\n\n<p><\/p>\n\n\n\n<p>J\u00f3 helyen j\u00e1rsz. Ma megmutatom neked <a href=\"http:\/\/universofamilia.com\/hu\/activa-el-5g-en-tu-celular\/\">Hogyan var\u00e1zsolhatsz igazi sebess\u00e9gg\u00e9pp\u00e9 a telefonodb\u00f3l? <\/a>megb\u00edzhat\u00f3 \u00e9s ingyenes alkalmaz\u00e1sok haszn\u00e1lata<\/p>\n\n\n\n<p>A technol\u00f3gia fejl\u0151d\u00e9s\u00e9vel m\u00e1r sz\u00e1mos eszk\u00f6z t\u00e1mogatja a <strong>5G h\u00e1l\u00f3zatok<\/strong>, de kev\u00e9s felhaszn\u00e1l\u00f3 tudja, hogyan optimaliz\u00e1lja a haszn\u00e1lat\u00e1t.<\/p>\n\n\n\n<p>Itt megtudhatod, hogyan \u00e9rheted el ezt an\u00e9lk\u00fcl, hogy technol\u00f3giai szak\u00e9rt\u0151nek kellene lenned.<\/p>\n\n\n\n<p>\u00c9s a legjobb r\u00e9sz: <strong>nincs sz\u00fcks\u00e9ged m\u0171szaki ismeretekre<\/strong>Csak egy kis \u00fatmutat\u00e1sra \u00e9s a megfelel\u0151 alkalmaz\u00e1sokra van sz\u00fcks\u00e9ged. Mindj\u00e1rt bemutatom \u0151ket.<\/p>\n\n\n\n<p>K\u00e9sz\u00fclj fel a gyorsabb b\u00f6ng\u00e9sz\u00e9sre, a megszak\u00edt\u00e1sok n\u00e9lk\u00fcli j\u00e1t\u00e9kra, a sz\u00fcnetek n\u00e9lk\u00fcli vide\u00f3n\u00e9z\u00e9sre, \u00e9s \u00e9lvezd a vadonat\u00faj telefonodat. Kezdj\u00fck is!<\/p>\n\n\n\n<h2 class=\"wp-block-heading\">Mi az 5G \u00e9s mi\u00e9rt fontos?<\/h2>\n\n\n\n<h3 class=\"wp-block-heading\">Sokkal t\u00f6bb, mint a sebess\u00e9g<\/h3>\n\n\n\n<p>Az 5G h\u00e1l\u00f3zat a mobilh\u00e1l\u00f3zatok \u00f6t\u00f6dik gener\u00e1ci\u00f3j\u00e1t k\u00e9pviseli. Nem csup\u00e1n a 4G tov\u00e1bbfejleszt\u00e9se, hanem egy technol\u00f3giai forradalom.<\/p>\n\n\n\n<p>Mi\u00e9rt? Mert rajtad m\u00falik <strong>100-szor gyorsabb<\/strong> mint az el\u0151dje<\/p>\n\n\n\n<p>Lehet\u0151v\u00e9 teszi a teljes hossz\u00fas\u00e1g\u00fa filmek let\u00f6lt\u00e9s\u00e9t m\u00e1sodpercek alatt, z\u00f6kken\u0151mentes videoh\u00edv\u00e1sokat kezdem\u00e9nyezhetsz \u00e9s online j\u00e1t\u00e9kokat j\u00e1tszhatsz akad\u00e1s n\u00e9lk\u00fcl.<\/p>\n\n\n\n<p>R\u00e1ad\u00e1sul az ultra-alacsony k\u00e9sleltet\u00e9snek k\u00f6sz\u00f6nhet\u0151en a v\u00e1laszid\u0151 szinte azonnali.<\/p>\n\n\n\n<p><\/p>\n\n\n\n<hr class=\"wp-block-separator has-alpha-channel-opacity is-style-wide\" \/>\n\n\n\n<h4 class=\"wp-block-heading has-text-align-center\"><strong><mark class=\"has-inline-color has-luminous-vivid-orange-color\">Olvasd el ezt is<\/mark><\/strong><\/h4>\n\n\n    <section class=\"mx-1 my-10\">\n                                                <a href=\"http:\/\/universofamilia.com\/hu\/lp-filmes-asiaticos\/\" class=\"text-white\" data-analytics-label=\"optionsButton\"\n                    data-action=\"analytics#trackCTA\">\n                    <div data-options-target=\"option\"\n                        class=\"custom-section rounded-xl border p-3 shadow-md w-full bg-green-700 my-3\">\n                        <div class=\"flex w-full items-center justify-between\">\n                            <div class=\"flex items-center space-x-3\">\n                                <div class=\"text-lg font-bold\">\n                                    App koreai dr\u00e1m\u00e1k n\u00e9z\u00e9s\u00e9hez \u279d\n                                <\/div>\n                            <\/div>\n                        <\/div>\n                    <\/div>\n                <\/a>\n                                                            <a href=\"http:\/\/universofamilia.com\/hu\/lp-recuperar-fotos\/\" class=\"text-white\" data-analytics-label=\"optionsButton\"\n                    data-action=\"analytics#trackCTA\">\n                    <div data-options-target=\"option\"\n                        class=\"custom-section rounded-xl border p-3 shadow-md w-full bg-green-700 my-3\">\n                        <div class=\"flex w-full items-center justify-between\">\n                            <div class=\"flex items-center space-x-3\">\n                                <div class=\"text-lg font-bold\">\n                                    T\u00f6r\u00f6lt fot\u00f3k helyre\u00e1ll\u00edt\u00e1sa ezzel az alkalmaz\u00e1ssal!  \u279d\n                                <\/div>\n                            <\/div>\n                        <\/div>\n                    <\/div>\n                <\/a>\n                                                            <a href=\"http:\/\/universofamilia.com\/hu\/el-amor-a-un-clic\/\" class=\"text-white\" data-analytics-label=\"optionsButton\"\n                    data-action=\"analytics#trackCTA\">\n                    <div data-options-target=\"option\"\n                        class=\"custom-section rounded-xl border p-3 shadow-md w-full bg-green-700 my-3\">\n                        <div class=\"flex w-full items-center justify-between\">\n                            <div class=\"flex items-center space-x-3\">\n                                <div class=\"text-lg font-bold\">\n                                    Fedezd fel az ide\u00e1lis t\u00e1rskeres\u0151 alkalmaz\u00e1st \u279d\n                                <\/div>\n                            <\/div>\n                        <\/div>\n                    <\/div>\n                <\/a>\n                            <p class=\"text-xs text-gray-500 text-right hidden\"\n            style=\"margin-left: 50%; margin-bottom: 50px; margin-top: 5px;\">\n            <!-- You will be redirected to another website -->\n        <\/p>\n    <\/section>\n\n\n\n\n<p class=\"has-text-align-right\"><em><strong><em><strong><em><strong><em><strong><em><strong>Ugyanott fog maradni!<\/strong><\/em><\/strong><\/em><\/strong><\/em><\/strong><\/em><\/strong><\/em><\/p>\n\n\n\n<hr class=\"wp-block-separator has-alpha-channel-opacity is-style-wide\" \/>\n\n\n\n<p><\/p>\n\n\n\n<h3 class=\"wp-block-heading\">Milyen el\u0151ny\u00f6kkel j\u00e1r az 5G?<\/h3>\n\n\n\n<ul>\n<li>Sokkal nagyobb let\u00f6lt\u00e9si \u00e9s felt\u00f6lt\u00e9si sebess\u00e9g<\/li>\n\n\n\n<li>Stabilabb kapcsolatok zs\u00fafolt helyeken<\/li>\n\n\n\n<li>Jobb teljes\u00edtm\u00e9ny online j\u00e1t\u00e9kokhoz \u00e9s streaminghez<\/li>\n\n\n\n<li>Lehet\u0151s\u00e9g t\u00f6bb eszk\u00f6z csatlakoztat\u00e1s\u00e1ra a min\u0151s\u00e9g roml\u00e1sa n\u00e9lk\u00fcl<\/li>\n<\/ul>\n\n\n\n<p>R\u00f6viden, az 5G a j\u00f6v\u0151. \u00c9s ha a telefonod t\u00e1mogatja, akkor m\u00e1ris elkezdheted \u00e9lvezni a legjobb alkalmaz\u00e1sok seg\u00edts\u00e9g\u00e9vel.<\/p>\n\n\n\n<h2 class=\"wp-block-heading\">A telefonod kompatibilis az 5G-vel?<\/h2>\n\n\n\n<h3 class=\"wp-block-heading\">Hogyan lehet m\u00e1sodpercek alatt tudni<\/h3>\n\n\n\n<p>A legegyszer\u0171bb m\u00f3dja a h\u00e1l\u00f3zati be\u00e1ll\u00edt\u00e1sok ellen\u0151rz\u00e9se. Ehhez k\u00f6vesse az al\u00e1bbi l\u00e9p\u00e9seket:<\/p>\n\n\n\n<ul>\n<li>Nyitott <em>Be\u00e1ll\u00edt\u00e1sok<\/em><\/li>\n\n\n\n<li>Menj ide <em>Mobilh\u00e1l\u00f3zat<\/em> b\u00e1rmelyik <em>Kapcsolatok<\/em><\/li>\n\n\n\n<li>Keresd a lehet\u0151s\u00e9get <em>El\u0151nyben r\u00e9szes\u00edtett h\u00e1l\u00f3zatt\u00edpus<\/em><\/li>\n\n\n\n<li>Ha az \u201e5G\u201d megjelenik a lehet\u0151s\u00e9gek k\u00f6z\u00f6tt, akkor minden k\u00e9szen \u00e1llsz!<\/li>\n<\/ul>\n\n\n\n<p>Ha nem jelenik meg, ne agg\u00f3djon. Tov\u00e1bbra is haszn\u00e1lhat alkalmaz\u00e1sokat a 4G vagy Wi-Fi jel jav\u00edt\u00e1s\u00e1ra \u00e9s a j\u00f6v\u0151re val\u00f3 felk\u00e9sz\u00fcl\u00e9sre.<\/p>\n\n\n\n<h2 class=\"wp-block-heading\">Mi\u00e9rt van sz\u00fcks\u00e9g alkalmaz\u00e1sokra az 5G fellend\u00edt\u00e9s\u00e9hez?<\/h2>\n\n\n\n<h3 class=\"wp-block-heading\">A kapcsolat nem minden<\/h3>\n\n\n\n<p>M\u00e9g ha van is 5G h\u00e1l\u00f3zatod \u00e9s kompatibilis telefonod, az nem jelenti azt, hogy kihaszn\u00e1lod a teljes potenci\u00e1lj\u00e1t. Tudtad, hogy sok eszk\u00f6z nem optimaliz\u00e1lja automatikusan a leggyorsabb jelet?<\/p>\n\n\n\n<p>\u00cdme n\u00e9h\u00e1ny gyakori probl\u00e9ma:<\/p>\n\n\n\n<ul>\n<li>A mobiltelefon automatikusan csatlakozik a lassabb h\u00e1l\u00f3zatokhoz az akkumul\u00e1tor \u00e9lettartam\u00e1nak meg\u0151rz\u00e9se \u00e9rdek\u00e9ben.<\/li>\n\n\n\n<li>Vannak h\u00e1tt\u00e9rfolyamatok, amelyek \u00e9szrev\u00e9tlen\u00fcl fogyasztj\u00e1k az adatokat.<\/li>\n\n\n\n<li>N\u00e9h\u00e1ny alkalmaz\u00e1s korl\u00e1tozza a h\u00e1l\u00f3zat haszn\u00e1lat\u00e1t az energiatakar\u00e9koss\u00e1g \u00e9rdek\u00e9ben.<\/li>\n<\/ul>\n\n\n\n<p>A <strong>megfelel\u0151 alkalmaz\u00e1sok<\/strong>, mindezt egyetlen koppint\u00e1ssal megoldhatod<\/p>\n\n\n\n<h2 class=\"wp-block-heading\">Mit tehetnek \u00e9rted ezek az alkalmaz\u00e1sok?<\/h2>\n\n\n\n<ul>\n<li>Az 5G h\u00e1l\u00f3zat haszn\u00e1lat\u00e1nak k\u00e9nyszer\u00edt\u00e9se a 4G vagy a 3G helyett<\/li>\n\n\n\n<li>Friss\u00edtse a jelet, amikor gyeng\u00fcl<\/li>\n\n\n\n<li>Optimaliz\u00e1lja a mobil adatforgalmat<\/li>\n\n\n\n<li>Gyors\u00edtsa fel a rendszert a felesleges folyamatok bez\u00e1r\u00e1s\u00e1val<\/li>\n\n\n\n<li>RAM felszabad\u00edt\u00e1sa \u00e9s az eszk\u00f6z v\u00e1laszidej\u00e9nek jav\u00edt\u00e1sa<\/li>\n<\/ul>\n\n\n\n<p>Ismerkedj\u00fcnk meg a pillanat h\u00e1rom legjobbj\u00e1val, amelyek mindegyike ingyenesen el\u00e9rhet\u0151 a Play \u00c1ruh\u00e1zban.<\/p>\n\n\n\n<h2 class=\"wp-block-heading\">A 3 legjobb alkalmaz\u00e1s az 5G h\u00e1l\u00f3zat aktiv\u00e1l\u00e1s\u00e1hoz \u00e9s a telefon felgyors\u00edt\u00e1s\u00e1hoz<\/h2>\n\n\n\n<h3 class=\"wp-block-heading\">1. 5G kapcsol\u00f3 \u2013 H\u00e1l\u00f3zati jelfriss\u00edt\u0151<\/h3>\n\n\n\n<p><a href=\"https:\/\/lte-force-5g-4g-network-switch.en.uptodown.com\/android\">\ud83d\udc49 Let\u00f6lt\u00e9s a Play \u00c1ruh\u00e1zb\u00f3l<\/a><\/p>\n\n\n\n<p>Ez az alkalmaz\u00e1s seg\u00edt k\u00f6nnyed\u00e9n v\u00e1ltani a mobilh\u00e1l\u00f3zatok k\u00f6z\u00f6tt, \u00e9s sz\u00fcks\u00e9g eset\u00e9n friss\u00edteni a jelet. T\u00f6k\u00e9letes gyenge vagy instabil lefedetts\u00e9g\u0171 ter\u00fcleteken.<\/p>\n\n\n\n<p><strong>Kiemelt jellemz\u0151k:<\/strong><\/p>\n\n\n\n<ul>\n<li>V\u00e1ltson manu\u00e1lisan a 4G \u00e9s az 5G k\u00f6z\u00f6tt<\/li>\n\n\n\n<li>Jelfriss\u00edt\u00e9s egyetlen gombbal<\/li>\n\n\n\n<li>Jav\u00edtja a h\u00e1l\u00f3zat er\u0151ss\u00e9g\u00e9t \u00e9s stabilit\u00e1s\u00e1t<\/li>\n<\/ul>\n\n\n\n<p>Olyan, mintha lenne egy var\u00e1zsgomb, ami t\u00f6rli \u00e9s helyre\u00e1ll\u00edtja a kapcsolatot. Rendk\u00edv\u00fcl hasznos, ha sokat utazol, vagy naponta haszn\u00e1lsz mobilinternetet.<\/p>\n\n\n\n<p><\/p>\n\n\n\n<hr class=\"wp-block-separator has-alpha-channel-opacity is-style-wide\" \/>\n\n\n\n<h3 class=\"wp-block-heading\"><mark class=\"has-inline-color has-luminous-vivid-amber-color\"><strong>T\u00f6ltse le az alkalmaz\u00e1sokat<\/strong>.<\/mark><\/h3>\n\n\n    <section class=\"mx-1 my-10\">\n                                                <a href=\"https:\/\/lte-force-5g-4g-network-switch.en.uptodown.com\/android\" class=\"text-white\" data-analytics-label=\"optionsButton\"\n                    data-action=\"analytics#trackCTA\">\n                    <div data-options-target=\"option\"\n                        class=\"custom-section rounded-xl border p-3 shadow-md w-full bg-green-700 my-3\">\n                        <div class=\"flex w-full items-center justify-between\">\n                            <div class=\"flex items-center space-x-3\">\n                                <div class=\"text-lg font-bold\">\n                                    5G kapcsol\u00f3 \u279d\n                                <\/div>\n                            <\/div>\n                        <\/div>\n                    <\/div>\n                <\/a>\n                            <p class=\"text-xs text-gray-500 text-right\"\n            style=\"margin-left: 50%; margin-bottom: 50px; margin-top: 5px;\">\n            <!-- You will be redirected to another website -->\n        <\/p>\n    <\/section>\n\n\n\n\n<p class=\"has-text-align-right\"><strong><em>\u00c1tir\u00e1ny\u00edtunk egy m\u00e1sik webhelyre<\/em><\/strong><\/p>\n\n\n\n<hr class=\"wp-block-separator has-alpha-channel-opacity is-style-wide\" \/>\n\n\n\n<p><\/p>\n\n\n\n<h3 class=\"wp-block-heading\">2. Speedify \u2013 VPN, ami jav\u00edtja a sebess\u00e9get<\/h3>\n\n\n\n<p>A Speedify nem csak egy VPN. Ez egy fejlett eszk\u00f6z, ami... <strong>t\u00f6bb kapcsolatot egyes\u00edt<\/strong> (Wi-Fi + mobil adat) a lehet\u0151 legjobb \u00e9lm\u00e9ny \u00e9rdek\u00e9ben<\/p>\n\n\n\n<p><strong>Mit k\u00edn\u00e1l:<\/strong><\/p>\n\n\n\n<ul>\n<li>H\u00e1l\u00f3zati f\u00fazi\u00f3 a nagyobb sebess\u00e9g \u00e9rdek\u00e9ben<\/li>\n\n\n\n<li>Stabilabb kapcsolat videoh\u00edv\u00e1sokhoz \u00e9s j\u00e1t\u00e9kokhoz<\/li>\n\n\n\n<li>Adatv\u00e9delem katonai szint\u0171 titkos\u00edt\u00e1ssal<\/li>\n<\/ul>\n\n\n\n<p>Ide\u00e1lis azok sz\u00e1m\u00e1ra, akik otthonr\u00f3l dolgoznak vagy tanulnak, \u00e9s eg\u00e9sz nap megb\u00edzhat\u00f3 internetkapcsolatra van sz\u00fcks\u00e9g\u00fck.<\/p>\n\n\n\n<p><\/p>\n\n\n\n<hr class=\"wp-block-separator has-alpha-channel-opacity is-style-wide\" \/>\n\n\n\n<h3 class=\"wp-block-heading\"><mark class=\"has-inline-color has-luminous-vivid-amber-color\"><strong>T\u00f6ltse le az alkalmaz\u00e1sokat<\/strong>.<\/mark><\/h3>\n\n\n    <section class=\"mx-1 my-10\">\n                                                <a href=\"https:\/\/speedify.en.uptodown.com\/android\" class=\"text-white\" data-analytics-label=\"optionsButton\"\n                    data-action=\"analytics#trackCTA\">\n                    <div data-options-target=\"option\"\n                        class=\"custom-section rounded-xl border p-3 shadow-md w-full bg-green-700 my-3\">\n                        <div class=\"flex w-full items-center justify-between\">\n                            <div class=\"flex items-center space-x-3\">\n                                <div class=\"text-lg font-bold\">\n                                    Gyors\u00edtsd fel \u279d\n                                <\/div>\n                            <\/div>\n                        <\/div>\n                    <\/div>\n                <\/a>\n                            <p class=\"text-xs text-gray-500 text-right\"\n            style=\"margin-left: 50%; margin-bottom: 50px; margin-top: 5px;\">\n            <!-- You will be redirected to another website -->\n        <\/p>\n    <\/section>\n\n\n\n\n<p class=\"has-text-align-right\"><strong><em>\u00c1tir\u00e1ny\u00edtunk egy m\u00e1sik webhelyre<\/em><\/strong><\/p>\n\n\n\n<hr class=\"wp-block-separator has-alpha-channel-opacity is-style-wide\" \/>\n\n\n\n<p><\/p>\n\n\n\n<h3 class=\"wp-block-heading\">3. Telefoner\u0151s\u00edt\u0151 \u2013 Tiszt\u00edt\u00f3 \u00e9s er\u0151s\u00edt\u0151<\/h3>\n\n\n\n<p>Egy lass\u00fa telefon m\u00e9g a leggyorsabb h\u00e1l\u00f3zatot is lelass\u00edthatja. Ez az alkalmaz\u00e1s t\u00f6rli a RAM-ot, bez\u00e1rja a rejtett folyamatokat, \u00e9s jav\u00edtja a rendszer teljes\u00edtm\u00e9ny\u00e9t.<\/p>\n\n\n\n<p><strong>F\u0151 el\u0151nyei:<\/strong><\/p>\n\n\n\n<ul>\n<li>Automatikusan szabad\u00edtson fel helyet \u00e9s er\u0151forr\u00e1sokat<\/li>\n\n\n\n<li>Jav\u00edtja a rendszer v\u00e1laszidej\u00e9t<\/li>\n\n\n\n<li>Cs\u00f6kkentse a felesleges akkumul\u00e1torhaszn\u00e1latot<\/li>\n<\/ul>\n\n\n\n<p>A m\u00e1sik k\u00e9t alkalmaz\u00e1ssal kombin\u00e1lva a telefonodat egy igazi nagy teljes\u00edtm\u00e9ny\u0171 g\u00e9pp\u00e9 alak\u00edtja.<\/p>\n\n\n\n<p><\/p>\n\n\n\n<hr class=\"wp-block-separator has-alpha-channel-opacity is-style-wide\" \/>\n\n\n\n<h3 class=\"wp-block-heading\"><mark class=\"has-inline-color has-luminous-vivid-amber-color\"><strong>T\u00f6ltse le az alkalmaz\u00e1sokat<\/strong>.<\/mark><\/h3>\n\n\n    <section class=\"mx-1 my-10\">\n                                                <a href=\"https:\/\/phone-booster.br.uptodown.com\/android\/download\" class=\"text-white\" data-analytics-label=\"optionsButton\"\n                    data-action=\"analytics#trackCTA\">\n                    <div data-options-target=\"option\"\n                        class=\"custom-section rounded-xl border p-3 shadow-md w-full bg-green-700 my-3\">\n                        <div class=\"flex w-full items-center justify-between\">\n                            <div class=\"flex items-center space-x-3\">\n                                <div class=\"text-lg font-bold\">\n                                    Gyors\u00edtsd fel \u279d\n                                <\/div>\n                            <\/div>\n                        <\/div>\n                    <\/div>\n                <\/a>\n                            <p class=\"text-xs text-gray-500 text-right\"\n            style=\"margin-left: 50%; margin-bottom: 50px; margin-top: 5px;\">\n            <!-- You will be redirected to another website -->\n        <\/p>\n    <\/section>\n\n\n\n\n<p class=\"has-text-align-right\"><strong><em>\u00c1tir\u00e1ny\u00edtunk egy m\u00e1sik webhelyre<\/em><\/strong><\/p>\n\n\n\n<hr class=\"wp-block-separator has-alpha-channel-opacity is-style-wide\" \/>\n\n\n\n<p><\/p>\n\n\n\n<h2 class=\"wp-block-heading\">Hogyan haszn\u00e1ld ezeket az alkalmaz\u00e1sokat l\u00e9p\u00e9sr\u0151l l\u00e9p\u00e9sre<\/h2>\n\n\n\n<h3 class=\"wp-block-heading\">1. l\u00e9p\u00e9s: Telep\u00edtse a h\u00e1rom alkalmaz\u00e1st<\/h3>\n\n\n\n<p>K\u00f6zvetlen\u00fcl a fenti linkekr\u0151l is megteheted. Csak gy\u0151z\u0151dj meg r\u00f3la, hogy van el\u00e9g t\u00e1rhely a telefonodon.<\/p>\n\n\n\n<h3 class=\"wp-block-heading\">2. l\u00e9p\u00e9s: Konfigur\u00e1lja mindegyiket<\/h3>\n\n\n\n<ul>\n<li>Be <strong>5G kapcsol\u00f3<\/strong>, aktiv\u00e1lja a k\u00edv\u00e1nt h\u00e1l\u00f3zati m\u00f3dot, \u00e9s haszn\u00e1lja a friss\u00edt\u00e9s gombot, ha lass\u00fas\u00e1got \u00e9szlel<\/li>\n\n\n\n<li>Be <strong>Gyors\u00edtsd fel<\/strong>, lehet\u0151v\u00e9 teszi t\u00f6bb h\u00e1l\u00f3zat haszn\u00e1lat\u00e1t, \u00e9s az automatikus sebess\u00e9gbe\u00e1ll\u00edt\u00e1st v\u00e1lasztja<\/li>\n\n\n\n<li>Be <strong>Telefoner\u0151s\u00edt\u0151<\/strong>, \u00fctemezzen be napi vagy heti takar\u00edt\u00e1st, hogy mobiltelefonja mindig optim\u00e1lis \u00e1llapotban legyen<\/li>\n<\/ul>\n\n\n\n<h3 class=\"wp-block-heading\">3. l\u00e9p\u00e9s: \u00c9lvezd a k\u00fcl\u00f6nbs\u00e9get<\/h3>\n\n\n\n<p>Az alkalmaz\u00e1sok be\u00e1ll\u00edt\u00e1sa ut\u00e1n a k\u00f6vetkez\u0151ket fogod \u00e9szrevenni:<\/p>\n\n\n\n<ul>\n<li>Kevesebb megszak\u00edt\u00e1s a vide\u00f3kban<\/li>\n\n\n\n<li>Z\u00f6kken\u0151mentesebb online j\u00e1t\u00e9k<\/li>\n\n\n\n<li>Gyorsabban bet\u00f6lt\u0151d\u0151 oldalak<\/li>\n\n\n\n<li>Hosszabb akkumul\u00e1tor-\u00fczemid\u0151<\/li>\n<\/ul>\n\n\n\n<h2 class=\"wp-block-heading\">Hogyan tudhatod, hogy a telefonod m\u00e1r a maxim\u00e1lis kapacit\u00e1s\u00e1n haszn\u00e1lja-e az 5G-t<\/h2>\n\n\n\n<p>\u00cdme n\u00e9h\u00e1ny egy\u00e9rtelm\u0171 jel, hogy minden j\u00f3l m\u0171k\u00f6dik:<\/p>\n\n\n\n<ul>\n<li>100 Mbps-n\u00e1l nagyobb let\u00f6lt\u00e9si sebess\u00e9g<\/li>\n\n\n\n<li>Vide\u00f3k YouTube-on vagy TikTokon sz\u00fcnetek n\u00e9lk\u00fcl<\/li>\n\n\n\n<li>Online j\u00e1t\u00e9kok akadoz\u00e1s \u00e9s megszak\u00edt\u00e1sok n\u00e9lk\u00fcl<\/li>\n\n\n\n<li>Tiszta WhatsApp vagy Telegram h\u00edv\u00e1sok<\/li>\n\n\n\n<li>Zavarmentes \u00e9l\u0151 k\u00f6zvet\u00edt\u00e9sek<\/li>\n<\/ul>\n\n\n\n<p>Ha mindezt tapasztalod, <strong>Gratul\u00e1lunk! A telefonod megfelel\u0151en haszn\u00e1lja az 5G h\u00e1l\u00f3zatot.<\/strong><\/p>\n\n\n<div class=\"wp-block-image\">\n<figure class=\"aligncenter size-full\"><img loading=\"lazy\" decoding=\"async\" width=\"550\" height=\"350\" src=\"https:\/\/universofamilia.com\/wp-content\/uploads\/sites\/148\/2025\/04\/DESTAQUE-UNIVERSO-550-x-350-6-1.jpg\" alt=\"\" class=\"wp-image-9295\" srcset=\"http:\/\/universofamilia.com\/wp-content\/uploads\/sites\/148\/2025\/04\/DESTAQUE-UNIVERSO-550-x-350-6-1.jpg 550w, http:\/\/universofamilia.com\/wp-content\/uploads\/sites\/148\/2025\/04\/DESTAQUE-UNIVERSO-550-x-350-6-1-300x191.jpg 300w, http:\/\/universofamilia.com\/wp-content\/uploads\/sites\/148\/2025\/04\/DESTAQUE-UNIVERSO-550-x-350-6-1-18x12.jpg 18w\" sizes=\"(max-width: 550px) 100vw, 550px\" \/><figcaption class=\"wp-element-caption\">Aktiv\u00e1ld az 5G h\u00e1l\u00f3zatot, \u00e9s tedd hat\u00e9konyabb\u00e1 a telefonod ezekkel az alkalmaz\u00e1sokkal<\/figcaption><\/figure><\/div>\n\n\n<h2 class=\"wp-block-heading\">Mit tegy\u00fcnk, ha nincs 5G a k\u00f6rny\u00e9k\u00fcnk\u00f6n?<\/h2>\n\n\n\n<h3 class=\"wp-block-heading\">Alternat\u00edv megold\u00e1sok<\/h3>\n\n\n\n<p>Ne agg\u00f3dj. Megteheted:<\/p>\n\n\n\n<ul>\n<li>A Speedify haszn\u00e1lat\u00e1val jav\u00edthatja Wi-Fi-kapcsolat\u00e1t<\/li>\n\n\n\n<li>Optimaliz\u00e1ld 4G h\u00e1l\u00f3zatodat az 5G kapcsol\u00f3val (4G-n is m\u0171k\u00f6dik)<\/li>\n\n\n\n<li>Tiszt\u00edtsd meg a rendszered a Phone Boosterrel az er\u0151forr\u00e1sok felszabad\u00edt\u00e1s\u00e1hoz<\/li>\n<\/ul>\n\n\n\n<p>Ezek a l\u00e9p\u00e9sek a k\u00e9sz\u00fcl\u00e9k \u00e1ltal\u00e1nos teljes\u00edtm\u00e9ny\u00e9t is jav\u00edtj\u00e1k, m\u00e9g akkor is, ha m\u00e9g nincs 5G lefedetts\u00e9ged.<\/p>\n\n\n\n<h2 class=\"wp-block-heading\">Extra tippek a mobiltelefonod rep\u00fcl\u00e9sre k\u00e9sztet\u00e9s\u00e9hez<\/h2>\n\n\n\n<ul>\n<li>Ker\u00fcld el, hogy t\u00fal sok alkalmaz\u00e1s legyen egyszerre megnyitva.<\/li>\n\n\n\n<li>Z\u00e1rja be a nem haszn\u00e1lt alkalmaz\u00e1sokat<\/li>\n\n\n\n<li>Kapcsold ki a nem sz\u00fcks\u00e9ges funkci\u00f3kat (Bluetooth, GPS)<\/li>\n\n\n\n<li>Haszn\u00e1ljon statikus h\u00e1tt\u00e9rk\u00e9pet anim\u00e1lt helyett<\/li>\n\n\n\n<li>Ind\u00edtsd \u00fajra a mobiltelefonodat legal\u00e1bb hetente egyszer<\/li>\n\n\n\n<li>Tartsa naprak\u00e9szen a rendszert<\/li>\n<\/ul>\n\n\n\n<p>Ezek egyszer\u0171 r\u00e9szletek, amelyek egy\u00fcttesen nagy k\u00fcl\u00f6nbs\u00e9get jelentenek.<\/p>\n\n\n\n<h2 class=\"wp-block-heading\">Gyakran Ism\u00e9telt K\u00e9rd\u00e9sek<\/h2>\n\n\n\n<h3 class=\"wp-block-heading\">Ingyenesek ezek az alkalmaz\u00e1sok?<\/h3>\n\n\n\n<p>Igen, mindegyiknek van ingyenes verzi\u00f3ja a Play \u00c1ruh\u00e1zban. N\u00e9h\u00e1ny pr\u00e9mium funkci\u00f3kat k\u00edn\u00e1l, de a legt\u00f6bb el\u0151ny fizet\u00e9s n\u00e9lk\u00fcl is el\u00e9rhet\u0151.<\/p>\n\n\n\n<h3 class=\"wp-block-heading\">Biztons\u00e1gban vannak?<\/h3>\n\n\n\n<p>Teljesen. Minden aj\u00e1nlott alkalmaz\u00e1s j\u00f3 h\u00edrn\u00e9vnek \u00f6rvend, t\u00f6bb milli\u00f3 let\u00f6lt\u00e9ssel rendelkezik, \u00e9s a Google Play Protect ellen\u0151rizte \u0151ket.<\/p>\n\n\n\n<h3 class=\"wp-block-heading\">Minden telefonon m\u0171k\u00f6dnek?<\/h3>\n\n\n\n<p>A legt\u00f6bben igen. Csak Android 6.0 vagy \u00fajabb verzi\u00f3 sz\u00fcks\u00e9ges hozz\u00e1. Ez a jelenlegi telefonok t\u00f6bb mint 95%-\u00e1t lefedi.<\/p>\n\n\n\n<h3 class=\"wp-block-heading\">Sz\u00fcks\u00e9gem van m\u0171szaki ismeretekre?<\/h3>\n\n\n\n<p>Nem. Az alkalmaz\u00e1sok k\u00f6nnyen haszn\u00e1lhat\u00f3ak. B\u00e1rki sz\u00e1m\u00e1ra k\u00e9sz\u00fcltek, m\u00e9g akkor is, ha m\u00e9g soha nem haszn\u00e1lt\u00e1l hasonl\u00f3t.<\/p>\n\n\n\n<h2 class=\"wp-block-heading\">Haszn\u00e1lja ki az 5G erej\u00e9t m\u00e9g ma!<\/h2>\n\n\n\n<p>Nem kell t\u00f6bb\u00e9 megv\u00e1rnod, am\u00edg a telefonod lelassul, vagy egy instabil kapcsolat miatt frusztr\u00e1ltt\u00e1 v\u00e1lsz. Mostant\u00f3l te ir\u00e1ny\u00edtod.<\/p>\n\n\n\n<ul>\n<li>Jav\u00edtsa a kapcsolat\u00e1t <strong>5G kapcsol\u00f3<\/strong><\/li>\n\n\n\n<li>N\u00f6veli a stabilit\u00e1st a k\u00f6vetkez\u0151kkel: <strong>Gyors\u00edtsd fel<\/strong><\/li>\n\n\n\n<li>Gyors\u00edtsa fel rendszer\u00e9t a <strong>Telefoner\u0151s\u00edt\u0151<\/strong><\/li>\n<\/ul>\n\n\n\n<p>T\u00f6ltsd le \u0151ket most, \u00e1ll\u00edtsd be percek alatt, \u00e9s tapasztald meg a mindennapi \u00e9leted teljes \u00e1talakul\u00e1s\u00e1t.<\/p>\n\n\n\n<p>Azt fogod tapasztalni, hogy m\u00e9g a legegyszer\u0171bb feladatok is gyorsabban \u00e9s g\u00f6rd\u00fcl\u00e9kenyebben mennek.<\/p>\n\n\n\n<p><strong>Kattints a linkekre, \u00e9s kezdd el a mobil \u00e1talakul\u00e1st m\u00e9g ma!<\/strong><\/p>","protected":false},"excerpt":{"rendered":"<p>\u00bfTu celular est\u00e1 m\u00e1s lento de lo normal? \u00bfQuieres aprovechar al m\u00e1ximo la red 5G? \u00a1Elige ahora! Est\u00e1s en el lugar correcto. Hoy te voy a mostrar c\u00f3mo convertir tu tel\u00e9fono en una verdadera m\u00e1quina de velocidad usando apps confiables y gratuitas Con el avance de la tecnolog\u00eda, muchos dispositivos ya tienen soporte para redes [&hellip;]<\/p>","protected":false},"author":139,"featured_media":9295,"comment_status":"closed","ping_status":"open","sticky":false,"template":"","format":"standard","meta":{"footnotes":""},"categories":[2],"tags":[2227,2226,2150,1742,2228],"yoast_head":"<!-- This site is optimized with the Yoast SEO plugin v23.3 - https:\/\/yoast.com\/wordpress\/plugins\/seo\/ -->\n<title>Activa la red 5G y haz que tu celular sea m\u00e1s potente - Universo Fam\u00edlia<\/title>\n<meta name=\"description\" content=\"Activa la red 5G y haz que tu celular sea m\u00e1s potente con estos apps. \u00bfTu celular est\u00e1 m\u00e1s lento de lo normal? \u00bfQuieres aprovechar...\" \/>\n<meta name=\"robots\" content=\"index, follow, max-snippet:-1, max-image-preview:large, max-video-preview:-1\" \/>\n<link rel=\"canonical\" href=\"http:\/\/universofamilia.com\/hu\/activa-la-red-5g-y-haz-que-tu-celular-sea-mas-potente-con-estos-apps\/\" \/>\n<meta property=\"og:locale\" content=\"hu_HU\" \/>\n<meta property=\"og:type\" content=\"article\" \/>\n<meta property=\"og:title\" content=\"Activa la red 5G y haz que tu celular sea m\u00e1s potente - Universo Fam\u00edlia\" \/>\n<meta property=\"og:description\" content=\"Activa la red 5G y haz que tu celular sea m\u00e1s potente con estos apps. \u00bfTu celular est\u00e1 m\u00e1s lento de lo normal? \u00bfQuieres aprovechar...\" \/>\n<meta property=\"og:url\" content=\"http:\/\/universofamilia.com\/hu\/activa-la-red-5g-y-haz-que-tu-celular-sea-mas-potente-con-estos-apps\/\" \/>\n<meta property=\"og:site_name\" content=\"Universo Fam\u00edlia\" \/>\n<meta property=\"article:published_time\" content=\"2025-04-12T19:00:30+00:00\" \/>\n<meta property=\"article:modified_time\" content=\"2025-04-12T19:00:32+00:00\" \/>\n<meta property=\"og:image\" content=\"http:\/\/universofamilia.com\/wp-content\/uploads\/sites\/148\/2025\/04\/DESTAQUE-UNIVERSO-550-x-350-6-1.jpg\" \/>\n\t<meta property=\"og:image:width\" content=\"550\" \/>\n\t<meta property=\"og:image:height\" content=\"350\" \/>\n\t<meta property=\"og:image:type\" content=\"image\/jpeg\" \/>\n<meta name=\"author\" content=\"Pedro Henrique\" \/>\n<meta name=\"twitter:card\" content=\"summary_large_image\" \/>\n<meta name=\"twitter:label1\" content=\"Written by\" \/>\n\t<meta name=\"twitter:data1\" content=\"Pedro Henrique\" \/>\n\t<meta name=\"twitter:label2\" content=\"Est. reading time\" \/>\n\t<meta name=\"twitter:data2\" content=\"8 perc\" \/>\n<script type=\"application\/ld+json\" class=\"yoast-schema-graph\">{\"@context\":\"https:\/\/schema.org\",\"@graph\":[{\"@type\":\"WebPage\",\"@id\":\"http:\/\/universofamilia.com\/el\/activa-la-red-5g-y-haz-que-tu-celular-sea-mas-potente-con-estos-apps\/\",\"url\":\"http:\/\/universofamilia.com\/el\/activa-la-red-5g-y-haz-que-tu-celular-sea-mas-potente-con-estos-apps\/\",\"name\":\"Activa la red 5G y haz que tu celular sea m\u00e1s potente - Universo Fam\u00edlia\",\"isPartOf\":{\"@id\":\"https:\/\/universofamilia.com\/el\/#website\"},\"primaryImageOfPage\":{\"@id\":\"http:\/\/universofamilia.com\/el\/activa-la-red-5g-y-haz-que-tu-celular-sea-mas-potente-con-estos-apps\/#primaryimage\"},\"image\":{\"@id\":\"http:\/\/universofamilia.com\/el\/activa-la-red-5g-y-haz-que-tu-celular-sea-mas-potente-con-estos-apps\/#primaryimage\"},\"thumbnailUrl\":\"http:\/\/universofamilia.com\/wp-content\/uploads\/sites\/148\/2025\/04\/DESTAQUE-UNIVERSO-550-x-350-6-1.jpg\",\"datePublished\":\"2025-04-12T19:00:30+00:00\",\"dateModified\":\"2025-04-12T19:00:32+00:00\",\"author\":{\"@id\":\"https:\/\/universofamilia.com\/el\/#\/schema\/person\/f07ce98187dd84d31154262e79b3b7ca\"},\"description\":\"Activa la red 5G y haz que tu celular sea m\u00e1s potente con estos apps. \u00bfTu celular est\u00e1 m\u00e1s lento de lo normal? \u00bfQuieres aprovechar...\",\"breadcrumb\":{\"@id\":\"http:\/\/universofamilia.com\/el\/activa-la-red-5g-y-haz-que-tu-celular-sea-mas-potente-con-estos-apps\/#breadcrumb\"},\"inLanguage\":\"hu\",\"potentialAction\":[{\"@type\":\"ReadAction\",\"target\":[\"http:\/\/universofamilia.com\/el\/activa-la-red-5g-y-haz-que-tu-celular-sea-mas-potente-con-estos-apps\/\"]}]},{\"@type\":\"ImageObject\",\"inLanguage\":\"hu\",\"@id\":\"http:\/\/universofamilia.com\/el\/activa-la-red-5g-y-haz-que-tu-celular-sea-mas-potente-con-estos-apps\/#primaryimage\",\"url\":\"http:\/\/universofamilia.com\/wp-content\/uploads\/sites\/148\/2025\/04\/DESTAQUE-UNIVERSO-550-x-350-6-1.jpg\",\"contentUrl\":\"http:\/\/universofamilia.com\/wp-content\/uploads\/sites\/148\/2025\/04\/DESTAQUE-UNIVERSO-550-x-350-6-1.jpg\",\"width\":550,\"height\":350,\"caption\":\"Activa la red 5G y haz que tu celular sea m\u00e1s potente\"},{\"@type\":\"BreadcrumbList\",\"@id\":\"http:\/\/universofamilia.com\/el\/activa-la-red-5g-y-haz-que-tu-celular-sea-mas-potente-con-estos-apps\/#breadcrumb\",\"itemListElement\":[{\"@type\":\"ListItem\",\"position\":1,\"name\":\"Home\",\"item\":\"https:\/\/universofamilia.com\/el\/\"},{\"@type\":\"ListItem\",\"position\":2,\"name\":\"Activa la red 5G y haz que tu celular sea m\u00e1s potente\"}]},{\"@type\":\"WebSite\",\"@id\":\"https:\/\/universofamilia.com\/el\/#website\",\"url\":\"https:\/\/universofamilia.com\/el\/\",\"name\":\"Universo Fam\u00edlia\",\"description\":\"\",\"potentialAction\":[{\"@type\":\"SearchAction\",\"target\":{\"@type\":\"EntryPoint\",\"urlTemplate\":\"https:\/\/universofamilia.com\/el\/?s={search_term_string}\"},\"query-input\":\"required name=search_term_string\"}],\"inLanguage\":\"hu\"},{\"@type\":\"Person\",\"@id\":\"https:\/\/universofamilia.com\/el\/#\/schema\/person\/f07ce98187dd84d31154262e79b3b7ca\",\"name\":\"Pedro Henrique\",\"image\":{\"@type\":\"ImageObject\",\"inLanguage\":\"hu\",\"@id\":\"https:\/\/universofamilia.com\/el\/#\/schema\/person\/image\/\",\"url\":\"http:\/\/0.gravatar.com\/avatar\/9edfeb808cb4e1599f64d6e45b130154?s=96&d=mm&r=g\",\"contentUrl\":\"http:\/\/0.gravatar.com\/avatar\/9edfeb808cb4e1599f64d6e45b130154?s=96&d=mm&r=g\",\"caption\":\"Pedro Henrique\"},\"url\":\"http:\/\/universofamilia.com\/hu\/author\/editor01\/\"}]}<\/script>\n<!-- \/ Yoast SEO plugin. -->","yoast_head_json":{"title":"Activa la red 5G y haz que tu celular sea m\u00e1s potente - Universo Fam\u00edlia","description":"Activa la red 5G y haz que tu celular sea m\u00e1s potente con estos apps. \u00bfTu celular est\u00e1 m\u00e1s lento de lo normal? \u00bfQuieres aprovechar...","robots":{"index":"index","follow":"follow","max-snippet":"max-snippet:-1","max-image-preview":"max-image-preview:large","max-video-preview":"max-video-preview:-1"},"canonical":"http:\/\/universofamilia.com\/hu\/activa-la-red-5g-y-haz-que-tu-celular-sea-mas-potente-con-estos-apps\/","og_locale":"hu_HU","og_type":"article","og_title":"Activa la red 5G y haz que tu celular sea m\u00e1s potente - Universo Fam\u00edlia","og_description":"Activa la red 5G y haz que tu celular sea m\u00e1s potente con estos apps. \u00bfTu celular est\u00e1 m\u00e1s lento de lo normal? \u00bfQuieres aprovechar...","og_url":"http:\/\/universofamilia.com\/hu\/activa-la-red-5g-y-haz-que-tu-celular-sea-mas-potente-con-estos-apps\/","og_site_name":"Universo Fam\u00edlia","article_published_time":"2025-04-12T19:00:30+00:00","article_modified_time":"2025-04-12T19:00:32+00:00","og_image":[{"width":550,"height":350,"url":"http:\/\/universofamilia.com\/wp-content\/uploads\/sites\/148\/2025\/04\/DESTAQUE-UNIVERSO-550-x-350-6-1.jpg","type":"image\/jpeg"}],"author":"Pedro Henrique","twitter_card":"summary_large_image","twitter_misc":{"Written by":"Pedro Henrique","Est. reading time":"8 perc"},"schema":{"@context":"https:\/\/schema.org","@graph":[{"@type":"WebPage","@id":"http:\/\/universofamilia.com\/el\/activa-la-red-5g-y-haz-que-tu-celular-sea-mas-potente-con-estos-apps\/","url":"http:\/\/universofamilia.com\/el\/activa-la-red-5g-y-haz-que-tu-celular-sea-mas-potente-con-estos-apps\/","name":"Activa la red 5G y haz que tu celular sea m\u00e1s potente - Universo Fam\u00edlia","isPartOf":{"@id":"https:\/\/universofamilia.com\/el\/#website"},"primaryImageOfPage":{"@id":"http:\/\/universofamilia.com\/el\/activa-la-red-5g-y-haz-que-tu-celular-sea-mas-potente-con-estos-apps\/#primaryimage"},"image":{"@id":"http:\/\/universofamilia.com\/el\/activa-la-red-5g-y-haz-que-tu-celular-sea-mas-potente-con-estos-apps\/#primaryimage"},"thumbnailUrl":"http:\/\/universofamilia.com\/wp-content\/uploads\/sites\/148\/2025\/04\/DESTAQUE-UNIVERSO-550-x-350-6-1.jpg","datePublished":"2025-04-12T19:00:30+00:00","dateModified":"2025-04-12T19:00:32+00:00","author":{"@id":"https:\/\/universofamilia.com\/el\/#\/schema\/person\/f07ce98187dd84d31154262e79b3b7ca"},"description":"Activa la red 5G y haz que tu celular sea m\u00e1s potente con estos apps. \u00bfTu celular est\u00e1 m\u00e1s lento de lo normal? \u00bfQuieres aprovechar...","breadcrumb":{"@id":"http:\/\/universofamilia.com\/el\/activa-la-red-5g-y-haz-que-tu-celular-sea-mas-potente-con-estos-apps\/#breadcrumb"},"inLanguage":"hu","potentialAction":[{"@type":"ReadAction","target":["http:\/\/universofamilia.com\/el\/activa-la-red-5g-y-haz-que-tu-celular-sea-mas-potente-con-estos-apps\/"]}]},{"@type":"ImageObject","inLanguage":"hu","@id":"http:\/\/universofamilia.com\/el\/activa-la-red-5g-y-haz-que-tu-celular-sea-mas-potente-con-estos-apps\/#primaryimage","url":"http:\/\/universofamilia.com\/wp-content\/uploads\/sites\/148\/2025\/04\/DESTAQUE-UNIVERSO-550-x-350-6-1.jpg","contentUrl":"http:\/\/universofamilia.com\/wp-content\/uploads\/sites\/148\/2025\/04\/DESTAQUE-UNIVERSO-550-x-350-6-1.jpg","width":550,"height":350,"caption":"Activa la red 5G y haz que tu celular sea m\u00e1s potente"},{"@type":"BreadcrumbList","@id":"http:\/\/universofamilia.com\/el\/activa-la-red-5g-y-haz-que-tu-celular-sea-mas-potente-con-estos-apps\/#breadcrumb","itemListElement":[{"@type":"ListItem","position":1,"name":"Home","item":"https:\/\/universofamilia.com\/el\/"},{"@type":"ListItem","position":2,"name":"Activa la red 5G y haz que tu celular sea m\u00e1s potente"}]},{"@type":"WebSite","@id":"https:\/\/universofamilia.com\/el\/#website","url":"https:\/\/universofamilia.com\/el\/","name":"Universo Fam\u00edlia","description":"","potentialAction":[{"@type":"SearchAction","target":{"@type":"EntryPoint","urlTemplate":"https:\/\/universofamilia.com\/el\/?s={search_term_string}"},"query-input":"required name=search_term_string"}],"inLanguage":"hu"},{"@type":"Person","@id":"https:\/\/universofamilia.com\/el\/#\/schema\/person\/f07ce98187dd84d31154262e79b3b7ca","name":"Pedro Henrique","image":{"@type":"ImageObject","inLanguage":"hu","@id":"https:\/\/universofamilia.com\/el\/#\/schema\/person\/image\/","url":"http:\/\/0.gravatar.com\/avatar\/9edfeb808cb4e1599f64d6e45b130154?s=96&d=mm&r=g","contentUrl":"http:\/\/0.gravatar.com\/avatar\/9edfeb808cb4e1599f64d6e45b130154?s=96&d=mm&r=g","caption":"Pedro Henrique"},"url":"http:\/\/universofamilia.com\/hu\/author\/editor01\/"}]}},"_links":{"self":[{"href":"http:\/\/universofamilia.com\/hu\/wp-json\/wp\/v2\/posts\/9289"}],"collection":[{"href":"http:\/\/universofamilia.com\/hu\/wp-json\/wp\/v2\/posts"}],"about":[{"href":"http:\/\/universofamilia.com\/hu\/wp-json\/wp\/v2\/types\/post"}],"author":[{"embeddable":true,"href":"http:\/\/universofamilia.com\/hu\/wp-json\/wp\/v2\/users\/139"}],"replies":[{"embeddable":true,"href":"http:\/\/universofamilia.com\/hu\/wp-json\/wp\/v2\/comments?post=9289"}],"version-history":[{"count":1,"href":"http:\/\/universofamilia.com\/hu\/wp-json\/wp\/v2\/posts\/9289\/revisions"}],"predecessor-version":[{"id":9296,"href":"http:\/\/universofamilia.com\/hu\/wp-json\/wp\/v2\/posts\/9289\/revisions\/9296"}],"wp:featuredmedia":[{"embeddable":true,"href":"http:\/\/universofamilia.com\/hu\/wp-json\/wp\/v2\/media\/9295"}],"wp:attachment":[{"href":"http:\/\/universofamilia.com\/hu\/wp-json\/wp\/v2\/media?parent=9289"}],"wp:term":[{"taxonomy":"category","embeddable":true,"href":"http:\/\/universofamilia.com\/hu\/wp-json\/wp\/v2\/categories?post=9289"},{"taxonomy":"post_tag","embeddable":true,"href":"http:\/\/universofamilia.com\/hu\/wp-json\/wp\/v2\/tags?post=9289"}],"curies":[{"name":"wp","href":"https:\/\/api.w.org\/{rel}","templated":true}]}}