{"id":9301,"date":"2025-04-14T20:34:08","date_gmt":"2025-04-14T20:34:08","guid":{"rendered":"https:\/\/universofamilia.com\/?p=9301"},"modified":"2026-04-16T14:20:04","modified_gmt":"2026-04-16T17:20:04","slug":"me-siento-sola-y-quiero-platicar-contigo-por-estos-apps-de-citas","status":"publish","type":"post","link":"http:\/\/universofamilia.com\/hu\/me-siento-sola-y-quiero-platicar-contigo-por-estos-apps-de-citas\/","title":{"rendered":"Mag\u00e1nyosnak \u00e9rzem magam, \u00e9s szeretn\u00e9k veled besz\u00e9lgetni ezeken a t\u00e1rskeres\u0151 alkalmaz\u00e1sokon kereszt\u00fcl."},"content":{"rendered":"<p class=\"has-text-align-center\"><strong>Mag\u00e1nyosnak \u00e9rzem magam, \u00e9s szeretn\u00e9k veled besz\u00e9lgetni ezeken a t\u00e1rskeres\u0151 alkalmaz\u00e1sokon kereszt\u00fcl.<\/strong>...Mag\u00e1nyosnak \u00e9rzed magad mostan\u00e1ban?<\/p>\n\n\n\n<h5 class=\"wp-block-heading has-text-align-center\"><strong><mark class=\"has-inline-color has-vivid-cyan-blue-color\">Mit szeretn\u00e9l el\u0151sz\u00f6r csin\u00e1lni?<\/mark><\/strong><\/h5>\n\n\n    <section class=\"mx-1 my-10\">\n                                                <a href=\"https:\/\/universofamilia.com\/hu\/inicie-una-conversacion-con-diversas-mujeres-usando-estos-apps\/\" class=\"text-white\" data-analytics-label=\"optionsButton\"\n                    data-action=\"analytics#trackCTA\">\n                    <div data-options-target=\"option\"\n                        class=\"custom-section rounded-xl border p-3 shadow-md w-full bg-green-700 my-3\">\n                        <div class=\"flex w-full items-center justify-between\">\n                            <div class=\"flex items-center space-x-3\">\n                                <div class=\"text-lg font-bold\">\n                                    Szia, besz\u00e9lj most!  \u279d\n                                <\/div>\n                            <\/div>\n                        <\/div>\n                    <\/div>\n                <\/a>\n                                                            <a href=\"http:\/\/universofamilia.com\/hu\/el-amor-a-un-clic\/\" class=\"text-white\" data-analytics-label=\"optionsButton\"\n                    data-action=\"analytics#trackCTA\">\n                    <div data-options-target=\"option\"\n                        class=\"custom-section rounded-xl border p-3 shadow-md w-full bg-green-700 my-3\">\n                        <div class=\"flex w-full items-center justify-between\">\n                            <div class=\"flex items-center space-x-3\">\n                                <div class=\"text-lg font-bold\">\n                                    Egy kis aj\u00e1nd\u00e9k neked \u279d\n                                <\/div>\n                            <\/div>\n                        <\/div>\n                    <\/div>\n                <\/a>\n                                                            <a href=\"http:\/\/universofamilia.com\/hu\/encuentros-serios-las-mejores-apps-para-encontrar-una-relacion-estable-y-autentica\/\" class=\"text-white\" data-analytics-label=\"optionsButton\"\n                    data-action=\"analytics#trackCTA\">\n                    <div data-options-target=\"option\"\n                        class=\"custom-section rounded-xl border p-3 shadow-md w-full bg-green-700 my-3\">\n                        <div class=\"flex w-full items-center justify-between\">\n                            <div class=\"flex items-center space-x-3\">\n                                <div class=\"text-lg font-bold\">\n                                    Komoly tal\u00e1lkoz\u00e1s \u279d\n                                <\/div>\n                            <\/div>\n                        <\/div>\n                    <\/div>\n                <\/a>\n                            <p class=\"text-xs text-gray-500 text-right hidden\"\n            style=\"margin-left: 50%; margin-bottom: 50px; margin-top: 5px;\">\n            <!-- You will be redirected to another website -->\n        <\/p>\n    <\/section>\n\n\n\n\n<p class=\"has-text-align-center\">\u26a0\ufe0f <strong>Fontos k\u00f6zlem\u00e9ny:<\/strong> <em>A fenti gombokra kattintva ugyanerre az oldalra ker\u00fclsz \u00e1tir\u00e1ny\u00edtva, ahol kiv\u00e1laszthatod a k\u00edv\u00e1nt hivatalos alkalmaz\u00e1st. Innen regisztr\u00e1lhatsz, \u00e9s eld\u00f6ntheted, hogyan szeretn\u00e9l csevegni: SMS-ben vagy videoh\u00edv\u00e1ssal, a k\u00f6zeledben l\u00e9v\u0151kkel vagy a vil\u00e1g minden t\u00e1j\u00e1r\u00f3l \u00e9rkez\u0151kkel, az egyes alkalmaz\u00e1sok \u00e1ltal k\u00edn\u00e1lt funkci\u00f3kt\u00f3l f\u00fcgg\u0151en.<\/em><\/p>\n\n\n\n<hr class=\"wp-block-separator has-alpha-channel-opacity is-style-wide\" \/>\n\n\n\n<p><\/p>\n\n\n\n<p>Nincs egyed\u00fcl. Mexik\u00f3ban emberek milli\u00f3i, kort\u00f3l \u00e9s v\u00e1rost\u00f3l f\u00fcggetlen\u00fcl, \u00e9lnek \u00e1t olyan pillanatokat, amikor a csend a szok\u00e1sosn\u00e1l nehezebbnek t\u0171nik.<\/p>\n\n\n\n<p>Ahol a k\u00f6z\u00f6ss\u00e9gi m\u00e9dia m\u00e1r nem sz\u00f3rakoztat, \u00e9s a t\u00e9v\u00e9m\u0171sorok sem nevettetnek meg.<\/p>\n\n\n\n<p>A mag\u00e1ny nem l\u00e1that\u00f3. Nem lehet meg\u00e9rinteni. De nagyon is val\u00f3s\u00e1gosnak \u00e9rz\u0151dik. Ez az az \u00fcress\u00e9g, ami akkor jelenik meg, amikor besz\u00e9lned kell valakivel, \u00e9s nem tudod, kinek \u00edrj.<\/p>\n\n\n\n<p>Az \u0151szinte \u201ej\u00f3 reggelt\u201d hi\u00e1nya, egy v\u00e1ratlan \u00fczenet, egy hossz\u00fa besz\u00e9lget\u00e9s, ahol meg\u00e1ll\u00e1s n\u00e9lk\u00fcl nevetsz.<\/p>\n\n\n\n<p>De a j\u00f3 h\u00edr az, hogy nincs minden veszve. Vannak m\u00f3dok arra, hogy megv\u00e1ltoztasd ezt a t\u00f6rt\u00e9netet. Hogy \u00fajra mosolyoghass. Hogy \u00fajra pillang\u00f3kat \u00e9rezhess a gyomrodban.<\/p>\n\n\n\n<p>Csevegj val\u00f3di emberekkel, akik ugyanazt keresik, mint te: valakit, akivel val\u00f3ban kapcsolatba l\u00e9phetsz.<\/p>\n\n\n\n<p>Ez a cikk neked k\u00e9sz\u00fclt. Itt megtudhatod, hogyan <strong>megb\u00edzhat\u00f3 t\u00e1rskeres\u0151 alkalmaz\u00e1sok<\/strong>Biztons\u00e1gosak \u00e9s k\u00f6nnyen haszn\u00e1lhat\u00f3ak, seg\u00edthetnek magad m\u00f6g\u00f6tt hagyni a mag\u00e1nyt, \u00e9s megnyithatj\u00e1k az utat \u00faj bar\u00e1ts\u00e1gok, szerelmek vagy kalandok el\u0151tt, amelyek helyre\u00e1ll\u00edtj\u00e1k a rem\u00e9nyt.<\/p>\n\n\n\n<h2 class=\"wp-block-heading\"><strong>Mi\u00e9rt \u00e9rzem magam mag\u00e1nyosnak, amikor emberek vesznek k\u00f6r\u00fcl?<\/strong><\/h2>\n\n\n\n<p>Sokszor emberek vesznek k\u00f6r\u00fcl minket, m\u00e9gis mag\u00e1nyosnak \u00e9rezz\u00fck magunkat.<\/p>\n\n\n\n<p>Mert nem a mennyis\u00e9gr\u0151l van sz\u00f3, hanem a kapcsolatr\u00f3l. Lehet sz\u00e1z kontaktod a telefonodon, de ha egyik sem figyel r\u00e1d igaz\u00e1n, akkor az a lista semmit sem \u00e9r.<\/p>\n\n\n\n<p>Lehet, hogy otthagyod a munk\u00e1dat, egy bonyolult kapcsolatot, vagy egyszer\u0171en csak tov\u00e1bbl\u00e9psz.<\/p>\n\n\n\n<p>Nem sz\u00e1m\u00edt az ok. A l\u00e9nyeg az, hogy meg\u00e9rts\u00fck, hogy... <strong>A mag\u00e1ny nem szem\u00e9lyes kudarc<\/strong>Ez egy jelz\u00e9s. Felh\u00edv\u00e1s a cselekv\u00e9sre, \u00faj kapcsol\u00f3d\u00e1si m\u00f3dok keres\u00e9s\u00e9re.<\/p>\n\n\n\n<p>A t\u00e1rskeres\u0151 alkalmaz\u00e1sok nem csak fl\u00f6rt\u00f6l\u00e9sre szolg\u00e1lnak. Helyet adnak a cseveg\u00e9sre, a hasonl\u00f3 \u00e9rdekl\u0151d\u00e9s\u0171 emberekkel val\u00f3 tal\u00e1lkoz\u00e1sra \u00e9s az igazi t\u00e1rsas\u00e1g pillanatainak megtapasztal\u00e1s\u00e1ra. Sokan m\u00e9g m\u00e9ly bar\u00e1ts\u00e1gokat is k\u00f6tnek ezeknek az eszk\u00f6z\u00f6knek k\u00f6sz\u00f6nhet\u0151en.<\/p>\n\n\n\n<p>A kulcs a megfelel\u0151 alkalmaz\u00e1s kiv\u00e1laszt\u00e1s\u00e1nak ismerete, a j\u00f3ll\u00e9tedre val\u00f3 odafigyel\u00e9s, \u00e9s az els\u0151 l\u00e9p\u00e9s megt\u00e9tele.<\/p>\n\n\n\n<h2 class=\"wp-block-heading\"><strong>Mit tehetek, ha mag\u00e1nyosnak \u00e9rzem magam \u00e9s szeretn\u00e9k valakivel besz\u00e9lni?<\/strong><\/h2>\n\n\n\n<p>El\u0151sz\u00f6r is, l\u00e9legezz. Azt\u00e1n ismerd el az \u00e9rzelmeidet. Rendben van, ha egyed\u00fcl \u00e9rzed magad. Nincs mit sz\u00e9gyellni.<\/p>\n\n\n\n<p>A l\u00e9nyeg az, hogy mit kezdesz vele.<\/p>\n\n\n\n<p>\u00cdme n\u00e9h\u00e1ny egyszer\u0171 \u00f6tlet, amelyek seg\u00edthetnek megv\u00e1ltoztatni az \u00fcress\u00e9g \u00e9rz\u00e9s\u00e9t:<\/p>\n\n\n\n<ul>\n<li><strong>T\u00f6lts le egy megb\u00edzhat\u00f3 t\u00e1rskeres\u0151 alkalmaz\u00e1st:<\/strong> V\u00e1lasszon biztons\u00e1gos lehet\u0151s\u00e9get, val\u00f3di emberekkel \u00e9s ellen\u0151rz\u0151 rendszerrel.<\/li>\n\n\n\n<li><strong>T\u00f6ltsd ki \u0151szint\u00e9n a profilodat:<\/strong> Mondd el nekik, hogy ki vagy, mit szeretsz, \u00e9s mit rem\u00e9lsz. L\u00e9gy \u00f6nmagad.<\/li>\n\n\n\n<li><strong>Kezdje a besz\u00e9lget\u00e9st nyugodtan:<\/strong> Nem kell az els\u0151 napt\u00f3l fogva keresned \u00e9leted szerelm\u00e9t. Tal\u00e1n el\u00e9g csak valaki, aki meghallgat t\u00e9ged.<\/li>\n\n\n\n<li><strong>Besz\u00e9lj t\u00f6bb emberrel:<\/strong> Ne egyetlen besz\u00e9lget\u00e9sbe vetett rem\u00e9nyeidet f\u0171zd. Fedezz fel dolgokat nyom\u00e1s n\u00e9lk\u00fcl.<\/li>\n\n\n\n<li><strong>\u00c1ll\u00edts fel hat\u00e1rokat \u00e9s vigy\u00e1zz a j\u00f3l\u00e9tedre:<\/strong> Ha valami nem tetszik, akkor jogodban \u00e1ll kisz\u00e1llni a besz\u00e9lget\u00e9sb\u0151l.<\/li>\n<\/ul>\n\n\n\n<p>Ha nyitott sz\u00edvvel \u00e9s f\u00f6ldelt elm\u00e9vel haszn\u00e1lod ezeket az alkalmaz\u00e1sokat, az \u00e9lm\u00e9ny \u00e1talak\u00edt\u00f3 lehet.<\/p>\n\n\n\n<h2 class=\"wp-block-heading\"><strong>A randialkalmaz\u00e1sok haszn\u00e1lat\u00e1nak el\u0151nyei, ha mag\u00e1nyosnak \u00e9rzed magad<\/strong><\/h2>\n\n\n\n<p>Azt gondolhatod, hogy az idegenekkel val\u00f3 online besz\u00e9lget\u00e9s nem neked val\u00f3. De \u00e1llj meg egy pillanatra, \u00e9s gondold \u00e1t:<\/p>\n\n\n\n<ul>\n<li>Tal\u00e1lhatsz olyan embereket, akik ugyan\u00fagy \u00e9reznek, mint te.<\/li>\n\n\n\n<li>Nagyobb biztons\u00e1g, mint kor\u00e1bban, ellen\u0151rz\u00f6tt profilokkal \u00e9s blokkol\u00f3 funkci\u00f3kkal.<\/li>\n\n\n\n<li>Seg\u00edt az \u00f6nbecs\u00fcl\u00e9sed n\u00f6vel\u00e9s\u00e9ben, ha l\u00e1tod, hogy sokan szeretn\u00e9nek megismerkedni veled.<\/li>\n\n\n\n<li>Nem kell elmenned otthonr\u00f3l ahhoz, hogy igazi kapcsolatot alak\u00edts ki.<\/li>\n\n\n\n<li>Cseveghetsz, vide\u00f3h\u00edv\u00e1st kezdem\u00e9nyezhetsz, vagy ak\u00e1r szem\u00e9lyesen is tal\u00e1lkozhatsz valakivel, ha \u00fagy \u00e9rzed, hogy k\u00e9nyelmes.<\/li>\n<\/ul>\n\n\n\n<p>R\u00e1ad\u00e1sul sok alkalmaz\u00e1s rendelkezik olyan eszk\u00f6z\u00f6kkel, amelyek val\u00f3di besz\u00e9lget\u00e9seket tudnak l\u00e9trehozni, t\u00falzott sz\u0171r\u0151k vagy felesleges nyom\u00e1s n\u00e9lk\u00fcl.<\/p>\n\n\n\n<h2 class=\"wp-block-heading\"><strong>Honnan tudhatod, hogy egy alkalmaz\u00e1s megb\u00edzhat\u00f3?<\/strong><\/h2>\n\n\n\n<p>J\u00f3 k\u00e9rd\u00e9s. \u00cdme n\u00e9h\u00e1ny szempont, amit \u00e9rdemes \u00e1ttekinteni profil l\u00e9trehoz\u00e1sa el\u0151tt:<\/p>\n\n\n\n<ul>\n<li><strong>Val\u00f3di v\u00e9lem\u00e9nyek a Play \u00c1ruh\u00e1zban<\/strong><\/li>\n\n\n\n<li><strong>T\u00f6bb mint 1 milli\u00f3 let\u00f6lt\u00e9s<\/strong><\/li>\n\n\n\n<li><strong>Szem\u00e9lyazonoss\u00e1g-ellen\u0151rz\u0151 rendszer<\/strong><\/li>\n\n\n\n<li><strong>Lehet\u0151s\u00e9g a nem megfelel\u0151 viselked\u00e9s bejelent\u00e9s\u00e9re<\/strong><\/li>\n\n\n\n<li><strong>Akt\u00edv moder\u00e1torok \u00e9s biztons\u00e1gos k\u00f6z\u00f6ss\u00e9g<\/strong><\/li>\n<\/ul>\n\n\n\n<p>Ebben a cikkben csak olyan alkalmaz\u00e1sokat fogok aj\u00e1nlani, amelyek megfelelnek ezeknek a k\u00f6vetelm\u00e9nyeknek.<\/p>\n\n\n\n<p>Nem tal\u00e1lsz ismeretlen vagy \u00e1tver\u0151s alkalmaz\u00e1sokat. Kiz\u00e1r\u00f3lag val\u00f3di, megb\u00edzhat\u00f3 \u00e9s n\u00e9pszer\u0171 lehet\u0151s\u00e9gek a mexik\u00f3i n\u0151k k\u00f6r\u00e9ben, akik ugyanazt keresik, mint te.<\/p>\n\n\n\n<h2 class=\"wp-block-heading\"><strong>3 legjobb alkalmaz\u00e1s cseveg\u00e9shez \u00e9s a mag\u00e1ny elhagy\u00e1s\u00e1hoz<\/strong><\/h2>\n\n\n\n<h3 class=\"wp-block-heading\">1. <strong>Badoo: Ismerkedj meg a k\u00f6zeledben l\u00e9v\u0151 emberekkel<\/strong><\/h3>\n\n\n\n<p><strong>Mi\u00e9rt v\u00e1laszd a Badoo-t?<\/strong><br>Ez egy veter\u00e1n alkalmaz\u00e1s a randev\u00faz\u00e1s vil\u00e1g\u00e1ban. Mexik\u00f3ban t\u00f6bb milli\u00f3 akt\u00edv felhaszn\u00e1l\u00f3ja van, \u00e9s \u00fagy tervezt\u00e9k, hogy seg\u00edtsen a z\u00f6kken\u0151mentes besz\u00e9lget\u00e9sekben.<\/p>\n\n\n\n<p>Nem kell hozz\u00e1 m\u0171szaki szak\u00e9rt\u0151nek lenned. Nagyon intuit\u00edv.<\/p>\n\n\n\n<p><strong>A Badoo legjobbjai:<\/strong><\/p>\n\n\n\n<ul>\n<li>Cseveghetsz a k\u00f6zelben l\u00e9v\u0151 emberekkel<\/li>\n\n\n\n<li>Sz\u0171r\u00e9sek \u00e9rdekl\u0151d\u00e9si k\u00f6r \u00e9s \u00e9letkor szerint<\/li>\n\n\n\n<li>Profilok fot\u00f3kkal, l\u00e1jkokkal \u00e9s c\u00e9lokkal<\/li>\n\n\n\n<li>Alkalmaz\u00e1son bel\u00fcli videocseveg\u00e9sek<\/li>\n<\/ul>\n\n\n\n<p><strong>Val\u00f3di felhaszn\u00e1l\u00f3i v\u00e9lem\u00e9nyek:<\/strong><br>\u201eAmi a legjobban tetszik, az az, hogy k\u00f6telezetts\u00e9gek n\u00e9lk\u00fcl lehet besz\u00e9lgetni. Nem \u00e9rzel nyom\u00e1st; csak klassz emberekkel tal\u00e1lkozol. N\u00e9ha csak az\u00e9rt besz\u00e9lgetek valakivel, hogy j\u00f3l \u00e9rezzem magam.\u201d<\/p>\n\n\n\n<p><strong>Ide\u00e1lis a k\u00f6vetkez\u0151kh\u00f6z:<\/strong> N\u0151k, akik szeretn\u00e9nek visszat\u00e9rni a t\u00e1rsas\u00e1gi \u00e9let\u00fckh\u00f6z, bar\u00e1tokat szerezni, vagy valami \u00fajat kezdeni.<\/p>\n\n\n\n<p><\/p>\n\n\n\n<hr class=\"wp-block-separator has-alpha-channel-opacity is-style-wide\" \/>\n\n\n\n<h3 class=\"wp-block-heading\"><mark class=\"has-inline-color has-luminous-vivid-amber-color\"><strong>T\u00f6ltse le az alkalmaz\u00e1sokat<\/strong>.<\/mark><\/h3>\n\n\n    <section class=\"mx-1 my-10\">\n                                                <a href=\"https:\/\/badoo.com\/pt\/\" class=\"text-white\" data-analytics-label=\"optionsButton\"\n                    data-action=\"analytics#trackCTA\">\n                    <div data-options-target=\"option\"\n                        class=\"custom-section rounded-xl border p-3 shadow-md w-full bg-green-700 my-3\">\n                        <div class=\"flex w-full items-center justify-between\">\n                            <div class=\"flex items-center space-x-3\">\n                                <div class=\"text-lg font-bold\">\n                                    Badoo \u279d\n                                <\/div>\n                            <\/div>\n                        <\/div>\n                    <\/div>\n                <\/a>\n                            <p class=\"text-xs text-gray-500 text-right\"\n            style=\"margin-left: 50%; margin-bottom: 50px; margin-top: 5px;\">\n            <!-- You will be redirected to another website -->\n        <\/p>\n    <\/section>\n\n\n\n\n<p class=\"has-text-align-right\"><strong><em>\u00c1tir\u00e1ny\u00edtunk egy m\u00e1sik webhelyre<\/em><\/strong><\/p>\n\n\n\n<hr class=\"wp-block-separator has-alpha-channel-opacity is-style-wide\" \/>\n\n\n\n<p><\/p>\n\n\n\n<h3 class=\"wp-block-heading\">2. <strong>Tinder: A legn\u00e9pszer\u0171bb alkalmaz\u00e1s, cseveg\u00e9sre is alkalmas<\/strong><\/h3>\n\n\n\n<p><strong>Mi van, ha a Tinder nem csak randiz\u00e1sra val\u00f3?<\/strong><br>B\u00e1r sokan gyors fl\u00f6rt\u00f6l\u0151 alkalmaz\u00e1snak tekintik, a val\u00f3s\u00e1g az, hogy besz\u00e9lget\u00e9sre, nevet\u00e9sre \u00e9s val\u00f3di emberekkel val\u00f3 tal\u00e1lkoz\u00e1sra is alkalmas helyk\u00e9nt szolg\u00e1l.<\/p>\n\n\n\n<p>Te d\u00f6nt\u00f6d el, mit keresel.<\/p>\n\n\n\n<p><strong>Kiemelt jellemz\u0151k:<\/strong><\/p>\n\n\n\n<ul>\n<li>H\u00faz\u00e1s: H\u00fazza el, \u00e9s d\u00f6ntse el, kit szeretne<\/li>\n\n\n\n<li>Szuper szeret kit\u0171nni a t\u00f6megb\u0151l<\/li>\n\n\n\n<li>Teljes kontroll: akkor ind\u00edthatod a besz\u00e9lget\u00e9st, amikor akarod<\/li>\n\n\n\n<li>\u201e\u00datlev\u00e9l\u201d m\u00f3d, hogy m\u00e1s v\u00e1rosokban \u00e9l\u0151 emberekkel tal\u00e1lkozhass<\/li>\n<\/ul>\n\n\n\n<p><strong>Mit mondanak a mexik\u00f3i n\u0151k:<\/strong><br>\u201eAzt hittem, a Tinder a sz\u00f3rakoz\u00e1sr\u00f3l sz\u00f3l, de ott ismertem meg a jelenlegi partneremet. El\u0151sz\u00f6r csak besz\u00e9lgett\u00fcnk. Azt\u00e1n elkezdt\u00fcnk vide\u00f3chatelni, \u00e9s minden csak \u00fagy ment.\u201d<\/p>\n\n\n\n<p><strong>Ide\u00e1lis a k\u00f6vetkez\u0151kh\u00f6z:<\/strong> N\u0151k, akik felfedezni szeretn\u00e9nek, nyom\u00e1s n\u00e9lk\u00fcl besz\u00e9lgetni, \u00e9s tal\u00e1n tal\u00e1lni is szeretn\u00e9nek valami \u00fajat.<\/p>\n\n\n\n<p><\/p>\n\n\n\n<hr class=\"wp-block-separator has-alpha-channel-opacity is-style-wide\" \/>\n\n\n\n<h3 class=\"wp-block-heading\"><mark class=\"has-inline-color has-luminous-vivid-amber-color\"><strong>T\u00f6ltse le az alkalmaz\u00e1sokat<\/strong>.<\/mark><\/h3>\n\n\n    <section class=\"mx-1 my-10\">\n                                                <a href=\"https:\/\/tinder.com\/pt\/download\" class=\"text-white\" data-analytics-label=\"optionsButton\"\n                    data-action=\"analytics#trackCTA\">\n                    <div data-options-target=\"option\"\n                        class=\"custom-section rounded-xl border p-3 shadow-md w-full bg-green-700 my-3\">\n                        <div class=\"flex w-full items-center justify-between\">\n                            <div class=\"flex items-center space-x-3\">\n                                <div class=\"text-lg font-bold\">\n                                    Tinder \u279d\n                                <\/div>\n                            <\/div>\n                        <\/div>\n                    <\/div>\n                <\/a>\n                            <p class=\"text-xs text-gray-500 text-right\"\n            style=\"margin-left: 50%; margin-bottom: 50px; margin-top: 5px;\">\n            <!-- You will be redirected to another website -->\n        <\/p>\n    <\/section>\n\n\n\n\n<p class=\"has-text-align-right\"><strong><em>\u00c1tir\u00e1ny\u00edtunk egy m\u00e1sik webhelyre<\/em><\/strong><\/p>\n\n\n\n<hr class=\"wp-block-separator has-alpha-channel-opacity is-style-wide\" \/>\n\n\n\n<p><\/p>\n\n\n\n<h3 class=\"wp-block-heading\">3. <strong>Happn: Tal\u00e1lkozni valakivel, akit az utc\u00e1n l\u00e1tt\u00e1l<\/strong><\/h3>\n\n\n\n<p><strong>L\u00e1tt\u00e1l m\u00e1r valakit az utc\u00e1n, \u00e9s azt gondoltad: \u201eB\u00e1rcsak besz\u00e9lhetn\u00e9k vele!\u201d?<\/strong><br>A Happn ezt teszi lehet\u0151v\u00e9. Az alkalmaz\u00e1s megmutatja, hogy kikkel keresztezted m\u00e1r szem\u00e9lyesen az utad a nap folyam\u00e1n, felt\u00e9ve, hogy \u0151k is haszn\u00e1lj\u00e1k az alkalmaz\u00e1st.<\/p>\n\n\n\n<p>Var\u00e1zslatosnak hangzik, ugye?<\/p>\n\n\n\n<p><strong>Ami egyedi benne:<\/strong><\/p>\n\n\n\n<ul>\n<li>Megjelen\u00edti azokat az embereket, akik elhaladtak a k\u00f6zel\u00e9ben<\/li>\n\n\n\n<li>Biztons\u00e1gos geolok\u00e1ci\u00f3val m\u0171k\u00f6dik<\/li>\n\n\n\n<li>Csak akkor besz\u00e9lj\u00fcnk, ha k\u00f6lcs\u00f6n\u00f6s az \u00e9rdekl\u0151d\u00e9s<\/li>\n\n\n\n<li>Ellen\u0151rz\u00f6tt profilok \u00e9s tiszteletteljes k\u00f6z\u00f6ss\u00e9g<\/li>\n<\/ul>\n\n\n\n<p><strong>Val\u00f3di aj\u00e1nl\u00e1sok:<\/strong><br>\u201eTal\u00e1lkoztam egy sr\u00e1ccal a parkban. Akkor nem besz\u00e9lt\u00fcnk. De azt\u00e1n megl\u00e1ttam a Happn-on. M\u00e1r hat h\u00f3napja minden nap besz\u00e9l\u00fcnk.\u201d<\/p>\n\n\n\n<p><strong>Ide\u00e1lis a k\u00f6vetkez\u0151kh\u00f6z:<\/strong> N\u0151k, akik hisznek a sorsban \u00e9s term\u00e9szetesebb kapcsolatokra v\u00e1gynak.<\/p>\n\n\n\n<p><\/p>\n\n\n\n<hr class=\"wp-block-separator has-alpha-channel-opacity is-style-wide\" \/>\n\n\n\n<h3 class=\"wp-block-heading\"><mark class=\"has-inline-color has-luminous-vivid-amber-color\"><strong>T\u00f6ltse le az alkalmaz\u00e1sokat<\/strong>.<\/mark><\/h3>\n\n\n    <section class=\"mx-1 my-10\">\n                                                <a href=\"https:\/\/www.happn.com\/pt\/\" class=\"text-white\" data-analytics-label=\"optionsButton\"\n                    data-action=\"analytics#trackCTA\">\n                    <div data-options-target=\"option\"\n                        class=\"custom-section rounded-xl border p-3 shadow-md w-full bg-green-700 my-3\">\n                        <div class=\"flex w-full items-center justify-between\">\n                            <div class=\"flex items-center space-x-3\">\n                                <div class=\"text-lg font-bold\">\n                                    Boldog \u279d\n                                <\/div>\n                            <\/div>\n                        <\/div>\n                    <\/div>\n                <\/a>\n                            <p class=\"text-xs text-gray-500 text-right\"\n            style=\"margin-left: 50%; margin-bottom: 50px; margin-top: 5px;\">\n            <!-- You will be redirected to another website -->\n        <\/p>\n    <\/section>\n\n\n\n\n<p class=\"has-text-align-right\"><strong><em>\u00c1tir\u00e1ny\u00edtunk egy m\u00e1sik webhelyre<\/em><\/strong><\/p>\n\n\n\n<hr class=\"wp-block-separator has-alpha-channel-opacity is-style-wide\" \/>\n\n\n\n<p><\/p>\n\n\n\n<h2 class=\"wp-block-heading\"><strong>Hogyan hozz l\u00e9tre egy ellen\u00e1llhatatlan profilt (a dolgok bonyol\u00edt\u00e1sa n\u00e9lk\u00fcl)<\/strong><\/h2>\n\n\n\n<ul>\n<li>V\u00e1lassz egy j\u00f3 fot\u00f3t: tiszta, term\u00e9szetes, igazi mosollyal<\/li>\n\n\n\n<li>\u00cdrj valami \u0151szint\u00e9t: ne m\u00e1solj kifejez\u00e9seket, a saj\u00e1t n\u00e9z\u0151pontodb\u00f3l besz\u00e9lj.<\/li>\n\n\n\n<li>Mutasd meg az \u00edzl\u00e9sedet: k\u00f6nyvek, filmek, hobbik<\/li>\n\n\n\n<li>Mondd el, mit keresel: bar\u00e1ts\u00e1got, besz\u00e9lget\u00e9seket, kapcsolatot, t\u00e1rsas\u00e1got<\/li>\n\n\n\n<li>L\u00e9gy pozit\u00edv, de hiteles: a val\u00f3s\u00e1g jobban \u00f6sszek\u00f6t, mint a t\u00f6k\u00e9letes<\/li>\n<\/ul>\n\n\n\n<p>Nem kell modellnek vagy influenszernek lenned. Ami a legjobban vonzza az embereket, az a <strong>\u0151szintes\u00e9g \u00e9s pozit\u00edv hangulat<\/strong>.<\/p>\n\n\n\n<h2 class=\"wp-block-heading\"><strong>Amir\u0151l besz\u00e9lgethetsz egy besz\u00e9lget\u00e9s megkezd\u00e9sekor<\/strong><\/h2>\n\n\n\n<p>N\u00e9ha nem az a neh\u00e9z, hogy megtal\u00e1ljuk a megfelel\u0151 szem\u00e9lyt, hanem az, hogy tudjuk, mit mondjunk. \u00cdme n\u00e9h\u00e1ny egyszer\u0171 \u00f6tlet:<\/p>\n\n\n\n<ul>\n<li>Milyen zen\u00e9t hallgatsz, amikor j\u00f3kedv\u0171 vagy?<\/li>\n\n\n\n<li>Ha holnap utazhatn\u00e1l, hov\u00e1 menn\u00e9l?<\/li>\n\n\n\n<li>Melyik filmet l\u00e1tt\u00e1l utolj\u00e1ra?<\/li>\n\n\n\n<li>Vannak h\u00e1zi\u00e1llataid? Mes\u00e9lj r\u00f3luk.<\/li>\n\n\n\n<li>Melyik az az \u00e9tel, aminek az ev\u00e9s\u00e9t\u0151l sosem unod meg magad?<\/li>\n<\/ul>\n\n\n\n<p>Ezek a k\u00e9rd\u00e9sek megnyitj\u00e1k az utat a val\u00f3di, sz\u00f3rakoztat\u00f3, s\u0151t romantikus besz\u00e9lget\u00e9sek el\u0151tt.<\/p>\n\n\n\n<h2 class=\"wp-block-heading\"><strong>Gyakori hib\u00e1k, amelyeket el kell ker\u00fclni<\/strong><\/h2>\n\n\n\n<ul>\n<li>Csak azt \u00edrd, hogy \u201eszia\u201d (l\u00e9gy eredeti)<\/li>\n\n\n\n<li>V\u00e1laszolj egy sz\u00f3val<\/li>\n\n\n\n<li>Hazudsz a korodr\u00f3l, a helyzetedr\u0151l vagy a fot\u00f3idr\u00f3l<\/li>\n\n\n\n<li>Nyom\u00e1sgyakorl\u00e1s magadra, hogy \u201etal\u00e1lj valamit most azonnal\u201d<\/li>\n\n\n\n<li>Csak magadr\u00f3l besz\u00e9lsz, an\u00e9lk\u00fcl, hogy megk\u00e9rdezn\u00e9d a m\u00e1sikat<\/li>\n<\/ul>\n\n\n\n<p>Egy j\u00f3 besz\u00e9lget\u00e9s olyan, mint egy t\u00e1nc: j\u00f6n \u00e9s megy, \u00e1ramlik, \u00e9lvezetes.<\/p>\n\n\n<div class=\"wp-block-image\">\n<figure class=\"aligncenter size-full\"><img loading=\"lazy\" decoding=\"async\" width=\"500\" height=\"350\" src=\"https:\/\/universofamilia.com\/wp-content\/uploads\/sites\/148\/2025\/04\/DESTAQUE-BLOG-UNIVERSO-550-x-350-1.jpg\" alt=\"\" class=\"wp-image-9305\" srcset=\"http:\/\/universofamilia.com\/wp-content\/uploads\/sites\/148\/2025\/04\/DESTAQUE-BLOG-UNIVERSO-550-x-350-1.jpg 500w, http:\/\/universofamilia.com\/wp-content\/uploads\/sites\/148\/2025\/04\/DESTAQUE-BLOG-UNIVERSO-550-x-350-1-300x210.jpg 300w, http:\/\/universofamilia.com\/wp-content\/uploads\/sites\/148\/2025\/04\/DESTAQUE-BLOG-UNIVERSO-550-x-350-1-18x12.jpg 18w\" sizes=\"(max-width: 500px) 100vw, 500px\" \/><figcaption class=\"wp-element-caption\">Mag\u00e1nyosnak \u00e9rzem magam, \u00e9s szeretn\u00e9k veled besz\u00e9lgetni ezeken a t\u00e1rskeres\u0151 alkalmaz\u00e1sokon kereszt\u00fcl.<\/figcaption><\/figure><\/div>\n\n\n<h2 class=\"wp-block-heading\"><strong>Igaz t\u00f6rt\u00e9netek n\u0151kr\u0151l, akik azt mondt\u00e1k: \u201eMag\u00e1nyosnak \u00e9rzem magam.\u201d<\/strong><\/h2>\n\n\n\n<p><strong>Lupita, 39 \u00e9ves, Oaxaca:<\/strong><br>\u201eA v\u00e1l\u00e1som ut\u00e1n l\u00e1thatatlannak \u00e9reztem magam. F\u00e9ltem kipr\u00f3b\u00e1lni az alkalmaz\u00e1sokat. De a Badoo meglepet\u00e9s volt. Tiszteletteljes emberekkel tal\u00e1lkoztam, s\u0151t, m\u00e9g egy bar\u00e1tot is szereztem, akivel minden h\u00e9ten s\u00e9t\u00e1lni megy\u00fcnk.\u201d<\/p>\n\n\n\n<p><strong>Sz\u00f3fia, 21 \u00e9ves, Monterrey:<\/strong><br>\u201eF\u00e9l\u00e9nk vagyok. Nagyon f\u00e9l\u00e9nk. De a Tinder seg\u00edtett ellazulni. Besz\u00e9lgettem n\u00e9h\u00e1ny men\u0151 sr\u00e1ccal. Ma magabiztosabb vagyok, s\u0151t, tal\u00e1lkoztam egy k\u00fcl\u00f6nleges emberrel.\u201d<\/p>\n\n\n\n<p><strong>Maribel, 50 \u00e9ves, CDMX:<\/strong><br>\u201eSoha nem gondoltam volna, hogy randialkalmaz\u00e1st fogok haszn\u00e1lni. Azt hittem, fiataloknak val\u00f3. De a Happn olyan egyszer\u0171 volt, hogy belev\u00e1gtam. Besz\u00e9ltem egy nagyon kedves f\u00e9rfival. M\u00e1r h\u00e1rom h\u00f3napja besz\u00e9lget\u00fcnk. \u00dajra \u00e9lek.\u201d<\/p>\n\n\n\n<h2 class=\"wp-block-heading\"><strong>Mi van, ha senki sem v\u00e1laszol? Mi van, ha nem m\u0171k\u00f6dik?<\/strong><\/h2>\n\n\n\n<p>Teljesen norm\u00e1lis, ha f\u00e9lsz. De ne feledd: mindenkinek megvan a saj\u00e1t temp\u00f3ja. Lehet, hogy az els\u0151 h\u00e9ten nem tudsz majd valakivel kapcsolatot teremteni. Vagy lehet, hogy igen. A l\u00e9nyeg, hogy pr\u00f3b\u00e1lkozz, maradj nyitott, \u00e9s soha ne add fel.<\/p>\n\n\n\n<p>A mag\u00e1ny nem gy\u00f3gyul meg egy nap alatt. De apr\u00f3 tettekkel enyh\u00edthet\u0151. Egy besz\u00e9lget\u00e9ssel. Egy mosollyal. Egy \u00faj \u00fczenettel. Mindez \u00f6sszead\u00f3dik.<\/p>\n\n\n\n<h2 class=\"wp-block-heading\"><strong>K\u00e9szen \u00e1llsz magad m\u00f6g\u00f6tt hagyni a mag\u00e1nyt?<\/strong><\/h2>\n\n\n\n<p>Senkinek sem szabad sok\u00e1ig egyed\u00fcl \u00e9reznie mag\u00e1t. Meg\u00e9rdemled a figyelmet, a kedves szavakat, valakit, aki \u00edt\u00e9lkez\u00e9s n\u00e9lk\u00fcl meghallgat, \u00e9s ezek a pillanatok elkezd\u0151dhetnek... <strong>ma<\/strong>, a mobiltelefonodr\u00f3l, egy olyan alkalmaz\u00e1s let\u00f6lt\u00e9s\u00e9vel, amely k\u00f6zelebb hoz a val\u00f3di emberekhez.<\/p>\n\n\n\n<p>Nem kell semmit \u00edg\u00e9rned. Csak hozd l\u00e9tre a profilodat, \u00edrj egy \u00fczenetet, \u00e9s n\u00e9zd meg, mi t\u00f6rt\u00e9nik.<\/p>\n\n\n\n<p>Sok hozz\u00e1d hasonl\u00f3 ember van, akik egy besz\u00e9lget\u00e9sre, egy kapcsolatra, egy \u00faj t\u00f6rt\u00e9netre v\u00e1rnak.<\/p>\n\n\n\n<p>T\u00f6lts le egyet az aj\u00e1nlott alkalmaz\u00e1sok k\u00f6z\u00fcl, \u00e9s <strong>Tedd meg az els\u0151 l\u00e9p\u00e9st a meg\u00e9rdemelt t\u00e1rsas\u00e1g fel\u00e9.<\/strong><\/p>","protected":false},"excerpt":{"rendered":"<p>Mag\u00e1nyosnak \u00e9rzem magam, \u00e9s szeretn\u00e9k veled besz\u00e9lgetni ezeken a t\u00e1rskeres\u0151 alkalmaz\u00e1sokon kereszt\u00fcl\u2026 Mag\u00e1nyosnak \u00e9rzed magad mostan\u00e1ban? Mit szeretn\u00e9l el\u0151sz\u00f6r csin\u00e1lni? \u26a0\ufe0f Fontos k\u00f6zlem\u00e9ny: A fenti gombokra kattintva ezen az oldalon maradsz, ahol kiv\u00e1laszthatod a k\u00edv\u00e1nt hivatalos alkalmaz\u00e1st. Innen regisztr\u00e1lhatsz, \u00e9s eld\u00f6ntheted, hogyan szeretn\u00e9l [\u2026]<\/p>","protected":false},"author":139,"featured_media":9305,"comment_status":"closed","ping_status":"open","sticky":false,"template":"","format":"standard","meta":{"footnotes":""},"categories":[2],"tags":[410,669,2233,2234,2232],"yoast_head":"<!-- This site is optimized with the Yoast SEO plugin v23.3 - https:\/\/yoast.com\/wordpress\/plugins\/seo\/ -->\n<title>Me siento sola y quiero platicar contigo por estos apps de citas - Universo Fam\u00edlia<\/title>\n<meta name=\"description\" content=\"Me siento sola y quiero platicar contigo por estos apps de citas. No est\u00e1s sola. Millones de personas en M\u00e9xico, sin importar la...\" \/>\n<meta name=\"robots\" content=\"index, follow, max-snippet:-1, max-image-preview:large, max-video-preview:-1\" \/>\n<link rel=\"canonical\" href=\"https:\/\/universofamilia.com\/hu\/i-feel-lonely-and-i-want-to-talk-to-you-through-these-dating-apps\/\" \/>\n<meta property=\"og:locale\" content=\"hu_HU\" \/>\n<meta property=\"og:type\" content=\"article\" \/>\n<meta property=\"og:title\" content=\"Me siento sola y quiero platicar contigo por estos apps de citas - Universo Fam\u00edlia\" \/>\n<meta property=\"og:description\" content=\"Me siento sola y quiero platicar contigo por estos apps de citas. No est\u00e1s sola. Millones de personas en M\u00e9xico, sin importar la...\" \/>\n<meta property=\"og:url\" content=\"https:\/\/universofamilia.com\/hu\/i-feel-lonely-and-i-want-to-talk-to-you-through-these-dating-apps\/\" \/>\n<meta property=\"og:site_name\" content=\"Universo Fam\u00edlia\" \/>\n<meta property=\"article:published_time\" content=\"2025-04-14T20:34:08+00:00\" \/>\n<meta property=\"article:modified_time\" content=\"2026-04-16T17:20:04+00:00\" \/>\n<meta property=\"og:image\" content=\"https:\/\/universofamilia.com\/wp-content\/uploads\/sites\/148\/2025\/04\/DESTAQUE-BLOG-UNIVERSO-550-x-350-1.jpg\" \/>\n\t<meta property=\"og:image:width\" content=\"500\" \/>\n\t<meta property=\"og:image:height\" content=\"350\" \/>\n\t<meta property=\"og:image:type\" content=\"image\/jpeg\" \/>\n<meta name=\"author\" content=\"Pedro Henrique\" \/>\n<meta name=\"twitter:card\" content=\"summary_large_image\" \/>\n<meta name=\"twitter:label1\" content=\"Written by\" \/>\n\t<meta name=\"twitter:data1\" content=\"Pedro Henrique\" \/>\n\t<meta name=\"twitter:label2\" content=\"Est. reading time\" \/>\n\t<meta name=\"twitter:data2\" content=\"10 perc\" \/>\n<script type=\"application\/ld+json\" class=\"yoast-schema-graph\">{\"@context\":\"https:\/\/schema.org\",\"@graph\":[{\"@type\":\"WebPage\",\"@id\":\"https:\/\/universofamilia.com\/en\/i-feel-lonely-and-i-want-to-talk-to-you-through-these-dating-apps\/\",\"url\":\"https:\/\/universofamilia.com\/en\/i-feel-lonely-and-i-want-to-talk-to-you-through-these-dating-apps\/\",\"name\":\"Me siento sola y quiero platicar contigo por estos apps de citas - Universo Fam\u00edlia\",\"isPartOf\":{\"@id\":\"https:\/\/universofamilia.com\/el\/#website\"},\"primaryImageOfPage\":{\"@id\":\"https:\/\/universofamilia.com\/en\/i-feel-lonely-and-i-want-to-talk-to-you-through-these-dating-apps\/#primaryimage\"},\"image\":{\"@id\":\"https:\/\/universofamilia.com\/en\/i-feel-lonely-and-i-want-to-talk-to-you-through-these-dating-apps\/#primaryimage\"},\"thumbnailUrl\":\"http:\/\/universofamilia.com\/wp-content\/uploads\/sites\/148\/2025\/04\/DESTAQUE-BLOG-UNIVERSO-550-x-350-1.jpg\",\"datePublished\":\"2025-04-14T20:34:08+00:00\",\"dateModified\":\"2026-04-16T17:20:04+00:00\",\"author\":{\"@id\":\"https:\/\/universofamilia.com\/el\/#\/schema\/person\/f07ce98187dd84d31154262e79b3b7ca\"},\"description\":\"Me siento sola y quiero platicar contigo por estos apps de citas. No est\u00e1s sola. Millones de personas en M\u00e9xico, sin importar la...\",\"breadcrumb\":{\"@id\":\"https:\/\/universofamilia.com\/en\/i-feel-lonely-and-i-want-to-talk-to-you-through-these-dating-apps\/#breadcrumb\"},\"inLanguage\":\"hu\",\"potentialAction\":[{\"@type\":\"ReadAction\",\"target\":[\"https:\/\/universofamilia.com\/en\/i-feel-lonely-and-i-want-to-talk-to-you-through-these-dating-apps\/\"]}]},{\"@type\":\"ImageObject\",\"inLanguage\":\"hu\",\"@id\":\"https:\/\/universofamilia.com\/en\/i-feel-lonely-and-i-want-to-talk-to-you-through-these-dating-apps\/#primaryimage\",\"url\":\"http:\/\/universofamilia.com\/wp-content\/uploads\/sites\/148\/2025\/04\/DESTAQUE-BLOG-UNIVERSO-550-x-350-1.jpg\",\"contentUrl\":\"http:\/\/universofamilia.com\/wp-content\/uploads\/sites\/148\/2025\/04\/DESTAQUE-BLOG-UNIVERSO-550-x-350-1.jpg\",\"width\":500,\"height\":350,\"caption\":\"Me siento sola y quiero platicar contigo por estos apps de citas\"},{\"@type\":\"BreadcrumbList\",\"@id\":\"https:\/\/universofamilia.com\/en\/i-feel-lonely-and-i-want-to-talk-to-you-through-these-dating-apps\/#breadcrumb\",\"itemListElement\":[{\"@type\":\"ListItem\",\"position\":1,\"name\":\"Home\",\"item\":\"https:\/\/universofamilia.com\/el\/\"},{\"@type\":\"ListItem\",\"position\":2,\"name\":\"Me siento sola y quiero platicar contigo por estos apps de citas\"}]},{\"@type\":\"WebSite\",\"@id\":\"https:\/\/universofamilia.com\/el\/#website\",\"url\":\"https:\/\/universofamilia.com\/el\/\",\"name\":\"Universo Fam\u00edlia\",\"description\":\"\",\"potentialAction\":[{\"@type\":\"SearchAction\",\"target\":{\"@type\":\"EntryPoint\",\"urlTemplate\":\"https:\/\/universofamilia.com\/el\/?s={search_term_string}\"},\"query-input\":\"required name=search_term_string\"}],\"inLanguage\":\"hu\"},{\"@type\":\"Person\",\"@id\":\"https:\/\/universofamilia.com\/el\/#\/schema\/person\/f07ce98187dd84d31154262e79b3b7ca\",\"name\":\"Pedro Henrique\",\"image\":{\"@type\":\"ImageObject\",\"inLanguage\":\"hu\",\"@id\":\"https:\/\/universofamilia.com\/el\/#\/schema\/person\/image\/\",\"url\":\"http:\/\/0.gravatar.com\/avatar\/9edfeb808cb4e1599f64d6e45b130154?s=96&d=mm&r=g\",\"contentUrl\":\"http:\/\/0.gravatar.com\/avatar\/9edfeb808cb4e1599f64d6e45b130154?s=96&d=mm&r=g\",\"caption\":\"Pedro Henrique\"},\"url\":\"http:\/\/universofamilia.com\/hu\/author\/editor01\/\"}]}<\/script>\n<!-- \/ Yoast SEO plugin. -->","yoast_head_json":{"title":"Me siento sola y quiero platicar contigo por estos apps de citas - Universo Fam\u00edlia","description":"Me siento sola y quiero platicar contigo por estos apps de citas. No est\u00e1s sola. Millones de personas en M\u00e9xico, sin importar la...","robots":{"index":"index","follow":"follow","max-snippet":"max-snippet:-1","max-image-preview":"max-image-preview:large","max-video-preview":"max-video-preview:-1"},"canonical":"https:\/\/universofamilia.com\/hu\/i-feel-lonely-and-i-want-to-talk-to-you-through-these-dating-apps\/","og_locale":"hu_HU","og_type":"article","og_title":"Me siento sola y quiero platicar contigo por estos apps de citas - Universo Fam\u00edlia","og_description":"Me siento sola y quiero platicar contigo por estos apps de citas. No est\u00e1s sola. Millones de personas en M\u00e9xico, sin importar la...","og_url":"https:\/\/universofamilia.com\/hu\/i-feel-lonely-and-i-want-to-talk-to-you-through-these-dating-apps\/","og_site_name":"Universo Fam\u00edlia","article_published_time":"2025-04-14T20:34:08+00:00","article_modified_time":"2026-04-16T17:20:04+00:00","og_image":[{"width":500,"height":350,"url":"https:\/\/universofamilia.com\/wp-content\/uploads\/sites\/148\/2025\/04\/DESTAQUE-BLOG-UNIVERSO-550-x-350-1.jpg","type":"image\/jpeg"}],"author":"Pedro Henrique","twitter_card":"summary_large_image","twitter_misc":{"Written by":"Pedro Henrique","Est. reading time":"10 perc"},"schema":{"@context":"https:\/\/schema.org","@graph":[{"@type":"WebPage","@id":"https:\/\/universofamilia.com\/en\/i-feel-lonely-and-i-want-to-talk-to-you-through-these-dating-apps\/","url":"https:\/\/universofamilia.com\/en\/i-feel-lonely-and-i-want-to-talk-to-you-through-these-dating-apps\/","name":"Me siento sola y quiero platicar contigo por estos apps de citas - Universo Fam\u00edlia","isPartOf":{"@id":"https:\/\/universofamilia.com\/el\/#website"},"primaryImageOfPage":{"@id":"https:\/\/universofamilia.com\/en\/i-feel-lonely-and-i-want-to-talk-to-you-through-these-dating-apps\/#primaryimage"},"image":{"@id":"https:\/\/universofamilia.com\/en\/i-feel-lonely-and-i-want-to-talk-to-you-through-these-dating-apps\/#primaryimage"},"thumbnailUrl":"http:\/\/universofamilia.com\/wp-content\/uploads\/sites\/148\/2025\/04\/DESTAQUE-BLOG-UNIVERSO-550-x-350-1.jpg","datePublished":"2025-04-14T20:34:08+00:00","dateModified":"2026-04-16T17:20:04+00:00","author":{"@id":"https:\/\/universofamilia.com\/el\/#\/schema\/person\/f07ce98187dd84d31154262e79b3b7ca"},"description":"Me siento sola y quiero platicar contigo por estos apps de citas. No est\u00e1s sola. Millones de personas en M\u00e9xico, sin importar la...","breadcrumb":{"@id":"https:\/\/universofamilia.com\/en\/i-feel-lonely-and-i-want-to-talk-to-you-through-these-dating-apps\/#breadcrumb"},"inLanguage":"hu","potentialAction":[{"@type":"ReadAction","target":["https:\/\/universofamilia.com\/en\/i-feel-lonely-and-i-want-to-talk-to-you-through-these-dating-apps\/"]}]},{"@type":"ImageObject","inLanguage":"hu","@id":"https:\/\/universofamilia.com\/en\/i-feel-lonely-and-i-want-to-talk-to-you-through-these-dating-apps\/#primaryimage","url":"http:\/\/universofamilia.com\/wp-content\/uploads\/sites\/148\/2025\/04\/DESTAQUE-BLOG-UNIVERSO-550-x-350-1.jpg","contentUrl":"http:\/\/universofamilia.com\/wp-content\/uploads\/sites\/148\/2025\/04\/DESTAQUE-BLOG-UNIVERSO-550-x-350-1.jpg","width":500,"height":350,"caption":"Me siento sola y quiero platicar contigo por estos apps de citas"},{"@type":"BreadcrumbList","@id":"https:\/\/universofamilia.com\/en\/i-feel-lonely-and-i-want-to-talk-to-you-through-these-dating-apps\/#breadcrumb","itemListElement":[{"@type":"ListItem","position":1,"name":"Home","item":"https:\/\/universofamilia.com\/el\/"},{"@type":"ListItem","position":2,"name":"Me siento sola y quiero platicar contigo por estos apps de citas"}]},{"@type":"WebSite","@id":"https:\/\/universofamilia.com\/el\/#website","url":"https:\/\/universofamilia.com\/el\/","name":"Universo Fam\u00edlia","description":"","potentialAction":[{"@type":"SearchAction","target":{"@type":"EntryPoint","urlTemplate":"https:\/\/universofamilia.com\/el\/?s={search_term_string}"},"query-input":"required name=search_term_string"}],"inLanguage":"hu"},{"@type":"Person","@id":"https:\/\/universofamilia.com\/el\/#\/schema\/person\/f07ce98187dd84d31154262e79b3b7ca","name":"Pedro Henrique","image":{"@type":"ImageObject","inLanguage":"hu","@id":"https:\/\/universofamilia.com\/el\/#\/schema\/person\/image\/","url":"http:\/\/0.gravatar.com\/avatar\/9edfeb808cb4e1599f64d6e45b130154?s=96&d=mm&r=g","contentUrl":"http:\/\/0.gravatar.com\/avatar\/9edfeb808cb4e1599f64d6e45b130154?s=96&d=mm&r=g","caption":"Pedro Henrique"},"url":"http:\/\/universofamilia.com\/hu\/author\/editor01\/"}]}},"_links":{"self":[{"href":"http:\/\/universofamilia.com\/hu\/wp-json\/wp\/v2\/posts\/9301"}],"collection":[{"href":"http:\/\/universofamilia.com\/hu\/wp-json\/wp\/v2\/posts"}],"about":[{"href":"http:\/\/universofamilia.com\/hu\/wp-json\/wp\/v2\/types\/post"}],"author":[{"embeddable":true,"href":"http:\/\/universofamilia.com\/hu\/wp-json\/wp\/v2\/users\/139"}],"replies":[{"embeddable":true,"href":"http:\/\/universofamilia.com\/hu\/wp-json\/wp\/v2\/comments?post=9301"}],"version-history":[{"count":14,"href":"http:\/\/universofamilia.com\/hu\/wp-json\/wp\/v2\/posts\/9301\/revisions"}],"predecessor-version":[{"id":10707,"href":"http:\/\/universofamilia.com\/hu\/wp-json\/wp\/v2\/posts\/9301\/revisions\/10707"}],"wp:featuredmedia":[{"embeddable":true,"href":"http:\/\/universofamilia.com\/hu\/wp-json\/wp\/v2\/media\/9305"}],"wp:attachment":[{"href":"http:\/\/universofamilia.com\/hu\/wp-json\/wp\/v2\/media?parent=9301"}],"wp:term":[{"taxonomy":"category","embeddable":true,"href":"http:\/\/universofamilia.com\/hu\/wp-json\/wp\/v2\/categories?post=9301"},{"taxonomy":"post_tag","embeddable":true,"href":"http:\/\/universofamilia.com\/hu\/wp-json\/wp\/v2\/tags?post=9301"}],"curies":[{"name":"wp","href":"https:\/\/api.w.org\/{rel}","templated":true}]}}