{"id":9302,"date":"2025-04-15T00:33:16","date_gmt":"2025-04-15T00:33:16","guid":{"rendered":"https:\/\/universofamilia.com\/?p=9302"},"modified":"2025-04-15T17:54:34","modified_gmt":"2025-04-15T17:54:34","slug":"termine-mi-relacion-y-quiero-conocerte-por-apps-de-citas","status":"publish","type":"post","link":"http:\/\/universofamilia.com\/hu\/termine-mi-relacion-y-quiero-conocerte-por-apps-de-citas\/","title":{"rendered":"V\u00e9get vetettem a kapcsolatomnak, \u00e9s t\u00e1rskeres\u0151 alkalmaz\u00e1sokon kereszt\u00fcl szeretn\u00e9k megismerkedni veled."},"content":{"rendered":"<h2 class=\"wp-block-heading has-text-align-center\">Egy \u00faj szakasz kezd\u0151dik veled<\/h2>\n\n\n\n<p><\/p>\n\n\n\n<h5 class=\"wp-block-heading has-text-align-center\"><strong><mark class=\"has-inline-color has-vivid-cyan-blue-color\">V\u00e1lasszon egyet a lehet\u0151s\u00e9gek k\u00f6z\u00fcl!<\/mark><\/strong><\/h5>\n\n\n    <section class=\"mx-1 my-10\">\n                                                <a href=\"http:\/\/universofamilia.com\/hu\/aplicaciones-de-citas-2\/\" class=\"text-white\" data-analytics-label=\"optionsButton\"\n                    data-action=\"analytics#trackCTA\">\n                    <div data-options-target=\"option\"\n                        class=\"custom-section rounded-xl border p-3 shadow-md w-full bg-green-700 my-3\">\n                        <div class=\"flex w-full items-center justify-between\">\n                            <div class=\"flex items-center space-x-3\">\n                                <div class=\"text-lg font-bold\">\n                                    Szia, besz\u00e9lj most!   \u279d\n                                <\/div>\n                            <\/div>\n                        <\/div>\n                    <\/div>\n                <\/a>\n                                                            <a href=\"http:\/\/universofamilia.com\/hu\/descubriendo-nuevas-amistades\/\" class=\"text-white\" data-analytics-label=\"optionsButton\"\n                    data-action=\"analytics#trackCTA\">\n                    <div data-options-target=\"option\"\n                        class=\"custom-section rounded-xl border p-3 shadow-md w-full bg-green-700 my-3\">\n                        <div class=\"flex w-full items-center justify-between\">\n                            <div class=\"flex items-center space-x-3\">\n                                <div class=\"text-lg font-bold\">\n                                    Egy kis aj\u00e1nd\u00e9k neked \u279d\n                                <\/div>\n                            <\/div>\n                        <\/div>\n                    <\/div>\n                <\/a>\n                                                            <a href=\"http:\/\/universofamilia.com\/hu\/el-amor-a-un-clic\/\" class=\"text-white\" data-analytics-label=\"optionsButton\"\n                    data-action=\"analytics#trackCTA\">\n                    <div data-options-target=\"option\"\n                        class=\"custom-section rounded-xl border p-3 shadow-md w-full bg-green-700 my-3\">\n                        <div class=\"flex w-full items-center justify-between\">\n                            <div class=\"flex items-center space-x-3\">\n                                <div class=\"text-lg font-bold\">\n                                    Alkalmi tal\u00e1lkoz\u00e1s!  \u279d\n                                <\/div>\n                            <\/div>\n                        <\/div>\n                    <\/div>\n                <\/a>\n                            <p class=\"text-xs text-gray-500 text-right hidden\"\n            style=\"margin-left: 50%; margin-bottom: 50px; margin-top: 5px;\">\n            <!-- You will be redirected to another website -->\n        <\/p>\n    <\/section>\n\n\n\n\n<p><\/p>\n\n\n\n<p><strong>V\u00e9get vetettem a kapcsolatomnak, \u00e9s t\u00e1rskeres\u0151 alkalmaz\u00e1sokon kereszt\u00fcl szeretn\u00e9k megismerkedni veled.<\/strong>Tal\u00e1n nem is tervezted.<\/p>\n\n\n\n<p>Tal\u00e1n f\u00e1jt. De itt vagy, b\u00e1tor, nyitott sz\u00edvvel arra, ami j\u00f6n. \u00c9s ez ok a b\u00fcszkes\u00e9gre.<\/p>\n\n\n\n<p>Ha ezt olvasod, az az\u00e9rt van, mert van benned egy szikra. Egy k\u00edv\u00e1ncsis\u00e1g.<\/p>\n\n\n\n<p><a href=\"http:\/\/universofamilia.com\/hu\/aplicaciones-de-citas-2\/\">\u00dajra \u00e9rezni kell azt a kapcsolatot<\/a> ami mosolyt csal az arcodra, amikor a telefonodra n\u00e9zel. Nem vagy egyed\u00fcl.<\/p>\n\n\n\n<p>Sokan mentek m\u00e1r kereszt\u00fcl ugyanezen, \u00e9s a randialkalmaz\u00e1sokat biztons\u00e1gos, k\u00f6nny\u0171 \u00e9s sz\u00f3rakoztat\u00f3 helynek tal\u00e1lt\u00e1k az \u00fajrakezd\u00e9shez.<\/p>\n\n\n\n<p>Ez a cikk kifejezetten neked \u00edr\u00f3dott. Egyszer\u0171 szavakkal, vil\u00e1gos v\u00e1laszokkal \u00e9s hasznos aj\u00e1nl\u00e1sokkal seg\u00edt eligazodni benned.<\/p>\n\n\n\n<p>Nincsenek itt \u00edt\u00e9lkez\u00e9sek, csak lehet\u0151s\u00e9gek. Sz\u00f3val maradj ki a v\u00e9g\u00e9ig. Megmutatom, hogyan tedd meg az els\u0151 l\u00e9p\u00e9st \u2013 f\u00e9lelem \u00e9s siets\u00e9g n\u00e9lk\u00fcl \u2013 \u00e9s hogyan \u00e9lvezd.<\/p>\n\n\n\n<p>Mert igen, a szerelem \u00fajra kopogtathat az ajt\u00f3don. \u00c9s ez\u00fattal m\u00e1s lesz.<\/p>\n\n\n\n<p><\/p>\n\n\n\n<hr class=\"wp-block-separator has-alpha-channel-opacity is-style-wide\" \/>\n\n\n\n<h4 class=\"wp-block-heading has-text-align-center\"><strong><mark class=\"has-inline-color has-luminous-vivid-orange-color\">Olvasd el ezt is<\/mark><\/strong><\/h4>\n\n\n    <section class=\"mx-1 my-10\">\n                                                <a href=\"http:\/\/universofamilia.com\/hu\/lp-filmes-asiaticos\/\" class=\"text-white\" data-analytics-label=\"optionsButton\"\n                    data-action=\"analytics#trackCTA\">\n                    <div data-options-target=\"option\"\n                        class=\"custom-section rounded-xl border p-3 shadow-md w-full bg-green-700 my-3\">\n                        <div class=\"flex w-full items-center justify-between\">\n                            <div class=\"flex items-center space-x-3\">\n                                <div class=\"text-lg font-bold\">\n                                    App koreai dr\u00e1m\u00e1k n\u00e9z\u00e9s\u00e9hez \u279d\n                                <\/div>\n                            <\/div>\n                        <\/div>\n                    <\/div>\n                <\/a>\n                                                            <a href=\"http:\/\/universofamilia.com\/hu\/lp-recuperar-fotos\/\" class=\"text-white\" data-analytics-label=\"optionsButton\"\n                    data-action=\"analytics#trackCTA\">\n                    <div data-options-target=\"option\"\n                        class=\"custom-section rounded-xl border p-3 shadow-md w-full bg-green-700 my-3\">\n                        <div class=\"flex w-full items-center justify-between\">\n                            <div class=\"flex items-center space-x-3\">\n                                <div class=\"text-lg font-bold\">\n                                    T\u00f6r\u00f6lt fot\u00f3k helyre\u00e1ll\u00edt\u00e1sa ezzel az alkalmaz\u00e1ssal!  \u279d\n                                <\/div>\n                            <\/div>\n                        <\/div>\n                    <\/div>\n                <\/a>\n                                                            <a href=\"http:\/\/universofamilia.com\/hu\/el-amor-a-un-clic\/\" class=\"text-white\" data-analytics-label=\"optionsButton\"\n                    data-action=\"analytics#trackCTA\">\n                    <div data-options-target=\"option\"\n                        class=\"custom-section rounded-xl border p-3 shadow-md w-full bg-green-700 my-3\">\n                        <div class=\"flex w-full items-center justify-between\">\n                            <div class=\"flex items-center space-x-3\">\n                                <div class=\"text-lg font-bold\">\n                                    Fedezd fel az ide\u00e1lis t\u00e1rskeres\u0151 alkalmaz\u00e1st \u279d\n                                <\/div>\n                            <\/div>\n                        <\/div>\n                    <\/div>\n                <\/a>\n                            <p class=\"text-xs text-gray-500 text-right hidden\"\n            style=\"margin-left: 50%; margin-bottom: 50px; margin-top: 5px;\">\n            <!-- You will be redirected to another website -->\n        <\/p>\n    <\/section>\n\n\n\n\n<p class=\"has-text-align-right\"><em><strong><em><strong><em><strong><em><strong><em><strong>Ugyanott fog maradni!<\/strong><\/em><\/strong><\/em><\/strong><\/em><\/strong><\/em><\/strong><\/em><\/p>\n\n\n\n<hr class=\"wp-block-separator has-alpha-channel-opacity is-style-wide\" \/>\n\n\n\n<p><\/p>\n\n\n\n<h2 class=\"wp-block-heading\">\u00dajrakezd\u00e9s: mi\u00e9rt pr\u00f3b\u00e1lkozn\u00e1nk?<\/h2>\n\n\n\n<h3 class=\"wp-block-heading\">Senki sem sz\u00fcletik tud\u00e1ssal, mindannyian tanulunk.<\/h3>\n\n\n\n<p>Szak\u00edt\u00e1s ut\u00e1n gyakori, hogy elveszettnek \u00e9rezz\u00fck magunkat. Olyan k\u00e9rd\u00e9seket tesz\u00fcnk fel magunknak, mint: \u201eMost mi van?\u201d, \u201eHogyan b\u00edzzak meg \u00fajra?\u201d<\/p>\n\n\n\n<p>\u201eK\u00e9szen \u00e1llok arra, hogy tal\u00e1lkozzak valaki m\u00e1ssal?\u201d Ez teljesen norm\u00e1lis. Nincs var\u00e1zsformula, de vannak kedvesebb utak is, amiket k\u00f6vethet\u00fcnk.<\/p>\n\n\n\n<p>A randialkalmaz\u00e1sok nem csak egy divath\u00f3bort. Eszk\u00f6z\u00f6k, amelyek seg\u00edthetnek abban, hogy k\u00f6nnyedebb, sz\u00f3rakoztat\u00f3bb \u00e9s biztons\u00e1gosabb m\u00f3don \u00fajra kapcsolatba l\u00e9pj a vil\u00e1ggal.<\/p>\n\n\n\n<p>Itt nem kell sz\u00ednlelned, futkosnod vagy senkit leny\u0171g\u00f6zn\u00f6d. Csak \u00f6nmagadnak kell lenned.<\/p>\n\n\n\n<p>El tudod k\u00e9pzelni, hogy tal\u00e1lkozol valakivel, aki igaz\u00e1n meghallgat t\u00e9ged? Valakivel, aki meg\u00e9rti, milyen \u00fajrakezdeni? Mindez lehets\u00e9ges, ha \u00fagy d\u00f6ntesz, hogy kinyitod az ajt\u00f3t.<\/p>\n\n\n\n<h3 class=\"wp-block-heading\">Felk\u00e9sz\u00fcltebb vagy, mint gondoln\u00e1d<\/h3>\n\n\n\n<p>Tal\u00e1n azt gondolod, hogy nincs energi\u00e1d egy \u00fajabb t\u00f6rt\u00e9netbe kezdeni. De ne feledd: nem a lecser\u00e9l\u00e9sr\u0151l van sz\u00f3, hanem az \u00fajrafelfedez\u00e9sr\u0151l.<\/p>\n\n\n\n<p>Hogy \u00fajra nevethess. Hogy pillang\u00f3kat \u00e9rezhess a m\u00faltt\u00f3l val\u00f3 f\u00e9lelem n\u00e9lk\u00fcl.<\/p>\n\n\n\n<p>Egy t\u00e1rskeres\u0151 alkalmaz\u00e1ssal a saj\u00e1t temp\u00f3dban fedezheted fel a vil\u00e1got. Olyan igazi emberekkel tal\u00e1lkozhatsz, akik hozz\u00e1d hasonl\u00f3an valami kellemeset keresnek.<\/p>\n\n\n\n<p>Nem kell semmit er\u0151ltetned, csak hagyd, hogy a dolgok magukt\u00f3l folyjanak.<\/p>\n\n\n\n<h2 class=\"wp-block-heading\">Amit senki sem mondott neked a randialkalmaz\u00e1sokr\u00f3l<\/h2>\n\n\n\n<h3 class=\"wp-block-heading\">Nem csak lapoz\u00e1sr\u00f3l van sz\u00f3, hanem csatlakoz\u00e1sr\u00f3l<\/h3>\n\n\n\n<p>Gyakran hidegnek, szem\u00e9lytelennek vagy ak\u00e1r vesz\u00e9lyesnek tartjuk a randialkalmaz\u00e1sokat. De ez att\u00f3l f\u00fcgg, hogyan haszn\u00e1lod \u0151ket.<\/p>\n\n\n\n<p>Inform\u00e1ci\u00f3kkal, pozit\u00edv hozz\u00e1\u00e1ll\u00e1ssal \u00e9s megfelel\u0151 gondoskod\u00e1ssal hat\u00e9kony eszk\u00f6zz\u00e9 v\u00e1lhatnak az \u00fajrakezd\u00e9shez.<\/p>\n\n\n\n<ul>\n<li>\u00c9rdekl\u0151d\u00e9si k\u00f6r\u00f6k szerint sz\u0171rhetsz<\/li>\n\n\n\n<li>Eld\u00f6ntheted, kivel besz\u00e9lsz<\/li>\n\n\n\n<li>K\u00f6nnyen blokkolhatsz b\u00e1rkit, aki nem tisztel t\u00e9ged.<\/li>\n<\/ul>\n\n\n\n<p>A te kezedben van az ir\u00e1ny\u00edt\u00e1s.<\/p>\n\n\n\n<h3 class=\"wp-block-heading\">Vannak j\u00f3 emberek odakint.<\/h3>\n\n\n\n<p>Az egyik legkellemesebb meglepet\u00e9s ezeknek az alkalmaz\u00e1soknak a haszn\u00e1latakor az, amikor r\u00e1j\u00f6v\u00fcnk, hogy sok j\u00f3, sz\u00f3rakoztat\u00f3, empatikus \u00e9s \u0151szinte ember van, akik ugyanazt akarj\u00e1k, mint te: valakit, akivel besz\u00e9lgethetnek, nevethetnek, megoszthatj\u00e1k egym\u00e1ssal a gondolataikat \u00e9s egy\u00fctt \u00e9rezhetnek.<\/p>\n\n\n\n<p>Nem arr\u00f3l van sz\u00f3, hogy bet\u00f6ltsd az \u0171rt. Hanem arr\u00f3l, hogy a saj\u00e1t tapasztalataid alapj\u00e1n valami \u00fajat alkoss.<\/p>\n\n\n\n<h2 class=\"wp-block-heading\">Hogyan v\u00e1lasszuk ki az ide\u00e1lis t\u00e1rskeres\u0151 alkalmaz\u00e1st?<\/h2>\n\n\n\n<h3 class=\"wp-block-heading\">Mit keresel most?<\/h3>\n\n\n\n<p>Miel\u0151tt let\u00f6lten\u00e9l b\u00e1rmilyen alkalmaz\u00e1st, v\u00e1laszolj \u0151szint\u00e9n magadnak:<\/p>\n\n\n\n<ul>\n<li>Szeretn\u00e9k valakivel tal\u00e1lkozni komoly kapcsolat c\u00e9lj\u00e1b\u00f3l?<\/li>\n\n\n\n<li>Csak besz\u00e9lgetni \u00e9s t\u00e1rsas\u00e1got \u00e9rezni szeretn\u00e9k?<\/li>\n\n\n\n<li>\u00c9rdekelne, hogy a v\u00e1rosomb\u00f3l vagy m\u00e1s v\u00e1rosr\u00e9szekb\u0151l sz\u00e1rmaz\u00f3 emberekkel tal\u00e1lkozzak?<\/li>\n<\/ul>\n\n\n\n<p>A k\u00e9rd\u00e9sekre adott v\u00e1laszok seg\u00edtenek majd jobb d\u00f6nt\u00e9st hozni. Mindenf\u00e9le ig\u00e9nyhez \u00e9s \u00e9letst\u00edlushoz l\u00e9teznek alkalmaz\u00e1sok.<\/p>\n\n\n\n<h3 class=\"wp-block-heading\">A biztons\u00e1god \u00e9s a j\u00f3l\u00e9ted legyen a legfontosabb<\/h3>\n\n\n\n<p>Nem minden alkalmaz\u00e1s egyforma. N\u00e9melyik jobb biztons\u00e1gi int\u00e9zked\u00e9sekkel, ellen\u0151rz\u00f6tt profilokkal \u00e9s viselked\u00e9salap\u00fa sz\u0171r\u0151kkel rendelkezik. V\u00e1lassza azokat, amelyekn\u00e9l az els\u0151 kattint\u00e1st\u00f3l kezdve biztons\u00e1gban \u00e9rzi mag\u00e1t.<\/p>\n\n\n\n<p>Biztons\u00e1gi tippek:<\/p>\n\n\n\n<ul>\n<li>Soha ne ossz meg szem\u00e9lyes adatokat t\u00fal hamar<\/li>\n\n\n\n<li>Haszn\u00e1lj val\u00f3di fot\u00f3kat, de ker\u00fcld az olyan r\u00e9szleteket, mint a c\u00edmed vagy a munkahelyed.<\/li>\n\n\n\n<li>Ha valami nem tetszik, jelentheted vagy blokkolhatod.<\/li>\n<\/ul>\n\n\n\n<p>A j\u00f3ll\u00e9ted a legfontosabb.<\/p>\n\n\n\n<h2 class=\"wp-block-heading\">3 megb\u00edzhat\u00f3 randialkalmaz\u00e1s, amivel \u00fajrakezdheted<\/h2>\n\n\n\n<p>\u00cdme h\u00e1rom alkalmaz\u00e1s, amelyek megb\u00edzhat\u00f3nak, hat\u00e9konynak \u00e9s k\u00f6nnyen haszn\u00e1lhat\u00f3nak bizonyultak.<\/p>\n\n\n\n<p>Ide\u00e1lisak azok sz\u00e1m\u00e1ra, akik \u00e9ppen most l\u00e9ptek ki egy kapcsolatb\u00f3l, \u00e9s k\u00f6nnyed, de val\u00f3di m\u00f3don szeretn\u00e9nek visszat\u00e9rni a randiz\u00e1s vil\u00e1g\u00e1ba.<\/p>\n\n\n\n<p>Mindegyik el\u00e9rhet\u0151 a Google Play \u00c1ruh\u00e1zban, \u00e9s t\u00f6bb milli\u00f3 felhaszn\u00e1l\u00f3juk van.<\/p>\n\n\n\n<h3 class=\"wp-block-heading\">\ud83d\udc9b 1. Bumble<\/h3>\n\n\n\n<p><a href=\"https:\/\/bumble.com\/pt\/\">Telep\u00edtsd a Bumble-t a Google Playre<\/a><\/p>\n\n\n\n<p><strong>Z\u00fcmm\u00f6g<\/strong> K\u00f6zkedvelt alkalmaz\u00e1ss\u00e1 v\u00e1lt azok sz\u00e1m\u00e1ra, akik \u00e9rt\u00e9kelik a tiszteletet \u00e9s a kezdem\u00e9nyez\u0151k\u00e9szs\u00e9get.<\/p>\n\n\n\n<p>Itt a n\u0151k teszik meg az els\u0151 l\u00e9p\u00e9st a besz\u00e9lget\u00e9sekben, ami eg\u00e9szs\u00e9gesebb \u00e9s kev\u00e9sb\u00e9 tolakod\u00f3 k\u00f6rnyezetet teremt.<\/p>\n\n\n\n<p><strong>F\u0151bb jellemz\u0151k:<\/strong><\/p>\n\n\n\n<ul>\n<li>Csak n\u0151k kezdhetik a besz\u00e9lget\u00e9st<\/li>\n\n\n\n<li>Lehet\u0151s\u00e9gek partner, bar\u00e1ts\u00e1g vagy kapcsolat\u00e9p\u00edt\u00e9s keres\u00e9s\u00e9re<\/li>\n\n\n\n<li>Ellen\u0151rz\u00f6tt profilok a fokozott biztons\u00e1g \u00e9rdek\u00e9ben<\/li>\n\n\n\n<li>Modern \u00e9s k\u00f6nnyen navig\u00e1lhat\u00f3 diz\u00e1jn<\/li>\n<\/ul>\n\n\n\n<p><strong>Mi\u00e9rt ide\u00e1lis egy szak\u00edt\u00e1s ut\u00e1n?<\/strong><\/p>\n\n\n\n<p>Mert teret, szabads\u00e1got \u00e9s kontrollt ad. Nem kell ak\u00e1rkinek elsz\u00e1molnod. Megfigyelhetsz, d\u00f6nthetsz, nyugodtan besz\u00e9lgethetsz, \u00e9s l\u00e1thatod, hogyan \u00e9rzel.<\/p>\n\n\n\n<p><strong>Val\u00f3di tan\u00favallom\u00e1s:<\/strong><\/p>\n\n\n\n<p><em>\u201eA szak\u00edt\u00e1som ut\u00e1n nem tudtam, hogyan tal\u00e1lkozzak \u00fajra emberekkel. A Bumble lehet\u0151v\u00e9 tette, hogy nyom\u00e1s n\u00e9lk\u00fcl csevegjek.<\/em><\/p>\n\n\n\n<p><em>Ma van egy \u00faj bar\u00e1tom, akivel minden nap besz\u00e9lek.<\/em> \u2013 Karolina, 33 \u00e9ves.<\/p>\n\n\n\n<p><\/p>\n\n\n\n<hr class=\"wp-block-separator has-alpha-channel-opacity is-style-wide\" \/>\n\n\n\n<h3 class=\"wp-block-heading\"><mark class=\"has-inline-color has-luminous-vivid-amber-color\"><strong>T\u00f6ltse le az alkalmaz\u00e1sokat<\/strong>.<\/mark><\/h3>\n\n\n    <section class=\"mx-1 my-10\">\n                                                <a href=\"https:\/\/bumble.com\/pt\/\" class=\"text-white\" data-analytics-label=\"optionsButton\"\n                    data-action=\"analytics#trackCTA\">\n                    <div data-options-target=\"option\"\n                        class=\"custom-section rounded-xl border p-3 shadow-md w-full bg-green-700 my-3\">\n                        <div class=\"flex w-full items-center justify-between\">\n                            <div class=\"flex items-center space-x-3\">\n                                <div class=\"text-lg font-bold\">\n                                    Bumble \u279d\n                                <\/div>\n                            <\/div>\n                        <\/div>\n                    <\/div>\n                <\/a>\n                            <p class=\"text-xs text-gray-500 text-right\"\n            style=\"margin-left: 50%; margin-bottom: 50px; margin-top: 5px;\">\n            <!-- You will be redirected to another website -->\n        <\/p>\n    <\/section>\n\n\n\n\n<p class=\"has-text-align-right\"><strong><em>\u00c1tir\u00e1ny\u00edtunk egy m\u00e1sik webhelyre<\/em><\/strong><\/p>\n\n\n\n<hr class=\"wp-block-separator has-alpha-channel-opacity is-style-wide\" \/>\n\n\n\n<p><\/p>\n\n\n\n<h3 class=\"wp-block-heading\">\u2764\ufe0f 2. Tinder<\/h3>\n\n\n\n<p><strong>Tapl\u00f3<\/strong> Val\u00f3sz\u00edn\u0171leg a vil\u00e1g legismertebb alkalmaz\u00e1sa a kateg\u00f3ri\u00e1j\u00e1ban.<\/p>\n\n\n\n<p>Nagy el\u0151nye a felhaszn\u00e1l\u00f3k sz\u00e1ma, ami megk\u00f6nny\u00edti a hozz\u00e1d ill\u0151 partner megtal\u00e1l\u00e1s\u00e1t.<\/p>\n\n\n\n<p><strong>El\u0151ny\u00f6k:<\/strong><\/p>\n\n\n\n<ul>\n<li>T\u00f6bb milli\u00f3 akt\u00edv felhaszn\u00e1l\u00f3<\/li>\n\n\n\n<li>Gyors illeszt\u00e9si lehet\u0151s\u00e9g<\/li>\n\n\n\n<li>Sz\u0171r\u00e9sek helysz\u00edn, \u00e9rdekl\u0151d\u00e9si k\u00f6r, \u00e9letkor szerint<\/li>\n\n\n\n<li>Profil fot\u00f3kkal \u00e9s \u00e9letrajzzal<\/li>\n<\/ul>\n\n\n\n<p><strong>Ide\u00e1lis azok sz\u00e1m\u00e1ra, akik:<\/strong><\/p>\n\n\n\n<ul>\n<li>K\u00f6tetlen\u00fcl szeretn\u00e9nek tal\u00e1lkozni az emberekkel<\/li>\n\n\n\n<li>K\u00edv\u00e1ncsiak \u00e9s felfedezni akarj\u00e1k<\/li>\n\n\n\n<li>Nem azonnali elk\u00f6telez\u0151d\u00e9st keresnek, hanem val\u00f3di kapcsolatot.<\/li>\n<\/ul>\n\n\n\n<p><strong>Tan\u00e1cs:<\/strong><\/p>\n\n\n\n<p>Ha nem csak alkalmi tal\u00e1lkoz\u00e1sokra v\u00e1gysz, ezt is jelezheted a profilodban. Sokan komoly kapcsolatot is keresnek.<\/p>\n\n\n\n<p><strong>\u00c9rdekess\u00e9g:<\/strong><\/p>\n\n\n\n<p>Tanulm\u00e1nyok szerint a Tinder-felhaszn\u00e1l\u00f3k t\u00f6bb mint 301%-a hossz\u00fa t\u00e1v\u00fa kapcsolatban k\u00f6t ki. Nem rossz!<\/p>\n\n\n\n<p><\/p>\n\n\n\n<hr class=\"wp-block-separator has-alpha-channel-opacity is-style-wide\" \/>\n\n\n\n<h3 class=\"wp-block-heading\"><mark class=\"has-inline-color has-luminous-vivid-amber-color\"><strong>T\u00f6ltse le az alkalmaz\u00e1sokat<\/strong>.<\/mark><\/h3>\n\n\n    <section class=\"mx-1 my-10\">\n                                                <a href=\"https:\/\/tinder.com\/pt\/download\" class=\"text-white\" data-analytics-label=\"optionsButton\"\n                    data-action=\"analytics#trackCTA\">\n                    <div data-options-target=\"option\"\n                        class=\"custom-section rounded-xl border p-3 shadow-md w-full bg-green-700 my-3\">\n                        <div class=\"flex w-full items-center justify-between\">\n                            <div class=\"flex items-center space-x-3\">\n                                <div class=\"text-lg font-bold\">\n                                    Tinder \u279d\n                                <\/div>\n                            <\/div>\n                        <\/div>\n                    <\/div>\n                <\/a>\n                            <p class=\"text-xs text-gray-500 text-right\"\n            style=\"margin-left: 50%; margin-bottom: 50px; margin-top: 5px;\">\n            <!-- You will be redirected to another website -->\n        <\/p>\n    <\/section>\n\n\n\n\n<p class=\"has-text-align-right\"><strong><em>\u00c1tir\u00e1ny\u00edtunk egy m\u00e1sik webhelyre<\/em><\/strong><\/p>\n\n\n\n<hr class=\"wp-block-separator has-alpha-channel-opacity is-style-wide\" \/>\n\n\n\n<p><\/p>\n\n\n\n<h3 class=\"wp-block-heading\">\ud83d\udc99 3. Badoo<\/h3>\n\n\n\n<p><strong>Badoo<\/strong> Ez egy nagyon \u00e1tfog\u00f3 k\u00f6z\u00f6ss\u00e9gi alkalmaz\u00e1s. Lehet\u0151v\u00e9 teszi, hogy l\u00e1sd, ki kedvelt t\u00e9ged, ki l\u00e1togatta meg a profilodat, \u00e9s csevegj a k\u00f6zeledben l\u00e9v\u0151 emberekkel.<\/p>\n\n\n\n<p>A f\u00e9nyk\u00e9pes ellen\u0151rz\u0151 rendszere plusz biztons\u00e1got ny\u00fajt.<\/p>\n\n\n\n<p><strong>Kiemelt jellemz\u0151k:<\/strong><\/p>\n\n\n\n<ul>\n<li>\u201eK\u00f6zeli emberek\u201d rendszer<\/li>\n\n\n\n<li>Alkalmaz\u00e1son bel\u00fcli videocseveg\u00e9sek<\/li>\n\n\n\n<li>Szelfi-ellen\u0151rz\u00e9s a hamis profilok elker\u00fcl\u00e9se \u00e9rdek\u00e9ben<\/li>\n\n\n\n<li>Egy\u00e9rtelm\u0171 inform\u00e1ci\u00f3k a profilokban<\/li>\n<\/ul>\n\n\n\n<p><strong>Mi\u00e9rt v\u00e1laszd a Badoo-t?<\/strong><\/p>\n\n\n\n<p>Ha valami laz\u00e1bbra v\u00e1gysz, ahol apr\u00e1nk\u00e9nt, k\u00e9nyszer n\u00e9lk\u00fcl ismerkedhetsz meg az emberekkel, ez egy kiv\u00e1l\u00f3 lehet\u0151s\u00e9g. R\u00e1ad\u00e1sul csak cseveg\u00e9sre is haszn\u00e1lhatod, am\u00edg k\u00e9nyelmesebben nem \u00e9rzed magad.<\/p>\n\n\n\n<p><strong>Felhaszn\u00e1l\u00f3i v\u00e9lem\u00e9ny:<\/strong><\/p>\n\n\n\n<p><em>\u201eTetszett, hogy an\u00e9lk\u00fcl tudtam besz\u00e9lget\u00e9seket kezdem\u00e9nyezni, hogy \u00fagy \u00e9reztem volna, leny\u0171g\u00f6zn\u00f6m kell valakit. Csak \u00f6nmagam voltam, \u00e9s ez el\u00e9g volt.\u201d<\/em> \u2013 Laura, 29 \u00e9ves.<\/p>\n\n\n\n<p><\/p>\n\n\n\n<hr class=\"wp-block-separator has-alpha-channel-opacity is-style-wide\" \/>\n\n\n\n<h3 class=\"wp-block-heading\"><mark class=\"has-inline-color has-luminous-vivid-amber-color\"><strong>T\u00f6ltse le az alkalmaz\u00e1sokat<\/strong>.<\/mark><\/h3>\n\n\n    <section class=\"mx-1 my-10\">\n                                                <a href=\"https:\/\/badoo.com\/pt\/\" class=\"text-white\" data-analytics-label=\"optionsButton\"\n                    data-action=\"analytics#trackCTA\">\n                    <div data-options-target=\"option\"\n                        class=\"custom-section rounded-xl border p-3 shadow-md w-full bg-green-700 my-3\">\n                        <div class=\"flex w-full items-center justify-between\">\n                            <div class=\"flex items-center space-x-3\">\n                                <div class=\"text-lg font-bold\">\n                                    Badoo \u279d\n                                <\/div>\n                            <\/div>\n                        <\/div>\n                    <\/div>\n                <\/a>\n                            <p class=\"text-xs text-gray-500 text-right\"\n            style=\"margin-left: 50%; margin-bottom: 50px; margin-top: 5px;\">\n            <!-- You will be redirected to another website -->\n        <\/p>\n    <\/section>\n\n\n\n\n<p class=\"has-text-align-right\"><strong><em>Ugyanott fog maradni!<\/em><\/strong><\/p>\n\n\n\n<hr class=\"wp-block-separator has-alpha-channel-opacity is-style-wide\" \/>\n\n\n\n<p><\/p>\n\n\n\n<h2 class=\"wp-block-heading\">Gyakorlati tippek a randiappok haszn\u00e1lat\u00e1hoz szak\u00edt\u00e1s ut\u00e1n<\/h2>\n\n\n\n<ul>\n<li>L\u00e9gy \u00f6nmagad: semmi sem k\u00f6t \u00f6ssze jobban, mint a hiteless\u00e9g.<\/li>\n\n\n\n<li>Ne hasonl\u00edtgasd \u00f6ssze \u0151ket: minden ember egyedi, pont \u00fagy, mint te.<\/li>\n\n\n\n<li>Sz\u00e1njon r\u00e1 id\u0151t: nem kell azonnal id\u0151pontot foglalnia.<\/li>\n\n\n\n<li>Azokkal besz\u00e9lj, akik j\u00f3l \u00e9rzik magukat t\u0151led, ne azokkal, akik \u00f6sszezavarnak.<\/li>\n\n\n\n<li>Szabj hat\u00e1rokat: Ha valami nem tetszik, b\u0171ntudat n\u00e9lk\u00fcl els\u00e9t\u00e1lhatsz a besz\u00e9lget\u00e9st\u0151l.<\/li>\n<\/ul>\n\n\n\n<h2 class=\"wp-block-heading\">Mit ker\u00fclj el, amikor elkezded a virtu\u00e1lis randev\u00faz\u00e1s vil\u00e1g\u00e1t?<\/h2>\n\n\n\n<ul>\n<li>Ne haszn\u00e1ld az alkalmaz\u00e1sokat bossz\u00fab\u00f3l, vagy hogy t\u00faljuss valakin. Nem m\u0171k\u00f6dik.<\/li>\n\n\n\n<li>Ne oszd meg a traum\u00e1idat idegenekkel az els\u0151 n\u00e9h\u00e1ny \u00fczenetben.<\/li>\n\n\n\n<li>Ne higgy el mindent, amit l\u00e1tsz: egyes profilok elt\u00faloznak vagy hazudnak.<\/li>\n\n\n\n<li>Ne hasonl\u00edtgasd magad m\u00e1sokhoz. Mindenkinek megvan a saj\u00e1t ideje.<\/li>\n<\/ul>\n\n\n<div class=\"wp-block-image\">\n<figure class=\"aligncenter size-full\"><img loading=\"lazy\" decoding=\"async\" width=\"550\" height=\"350\" src=\"https:\/\/universofamilia.com\/wp-content\/uploads\/sites\/148\/2025\/04\/DESTAQUE-UNIVERSO-550-x-350-3-1.jpg\" alt=\"\" class=\"wp-image-9307\" srcset=\"http:\/\/universofamilia.com\/wp-content\/uploads\/sites\/148\/2025\/04\/DESTAQUE-UNIVERSO-550-x-350-3-1.jpg 550w, http:\/\/universofamilia.com\/wp-content\/uploads\/sites\/148\/2025\/04\/DESTAQUE-UNIVERSO-550-x-350-3-1-300x191.jpg 300w, http:\/\/universofamilia.com\/wp-content\/uploads\/sites\/148\/2025\/04\/DESTAQUE-UNIVERSO-550-x-350-3-1-18x12.jpg 18w\" sizes=\"(max-width: 550px) 100vw, 550px\" \/><figcaption class=\"wp-element-caption\">V\u00e9get vetettem a kapcsolatomnak, \u00e9s t\u00e1rskeres\u0151 alkalmaz\u00e1sokon kereszt\u00fcl szeretn\u00e9k megismerkedni veled.<\/figcaption><\/figure><\/div>\n\n\n<h2 class=\"wp-block-heading\">Az \u00e9rt\u00e9ked nem a p\u00e1rkapcsolati st\u00e1tuszod alapj\u00e1n m\u00e9rhet\u0151.<\/h2>\n\n\n\n<p>Az egyed\u00fcl\u00e1ll\u00f3s\u00e1g nem a t\u00f6k\u00e9letlens\u00e9gr\u0151l sz\u00f3l. \u00c9pp ellenkez\u0151leg: ez egy t\u00f6k\u00e9letes id\u0151szak arra, hogy \u00fajra kapcsolatba l\u00e9pj \u00f6nmagaddal, \u00faj \u00e9rdekl\u0151d\u00e9si k\u00f6r\u00f6ket fedezz fel, \u00e9s vil\u00e1gosabban eld\u00f6ntsd, mit is akarsz val\u00f3j\u00e1ban egy kapcsolatban.<\/p>\n\n\n\n<p>A randialkalmaz\u00e1sok nem csodaszerek. De hat\u00e9kony eszk\u00f6z\u00f6k lehetnek, ha tudatosan \u00e9s \u00f6nszeretettel haszn\u00e1ljuk.<\/p>\n\n\n\n<h2 class=\"wp-block-heading\">Kis l\u00e9p\u00e9sek, nagy v\u00e1ltoz\u00e1sok<\/h2>\n\n\n\n<p>Tal\u00e1n ma csak let\u00f6ltesz egy alkalmaz\u00e1st, \u00e9s b\u00f6ng\u00e9szel a profilok k\u00f6z\u00f6tt an\u00e9lk\u00fcl, hogy interakci\u00f3ba l\u00e9pn\u00e9l. Tal\u00e1n holnap \u00fagy d\u00f6ntesz, hogy v\u00e1laszolsz egy \u00fczenetre.<\/p>\n\n\n\n<p>\u00c9s tal\u00e1n hamarosan tal\u00e1lsz valakit, akivel mindenr\u0151l \u00e9s semmir\u0151l is besz\u00e9lhetsz an\u00e9lk\u00fcl, hogy \u00edt\u00e9lkezni \u00e9rezn\u00e9d magad felett. \u00cdgy kezd\u0151dik minden. Apr\u00f3 l\u00e9p\u00e9sekkel.<\/p>\n\n\n\n<h2 class=\"wp-block-heading\">Mit sz\u00f3ln\u00e1l, ha ma mern\u00e9l?<\/h2>\n\n\n\n<p>A t\u00f6rt\u00e9neted nem \u00e9rt v\u00e9get ezzel a kapcsolattal. Ez egy \u00faj fejezet. \u00c9s te vagy a f\u0151szerepl\u0151. Nem kell tudnod, hogyan fog v\u00e9gz\u0151dni, csak el kell kezdened \u00fajra \u00edrni.<\/p>\n\n\n\n<p>Egy besz\u00e9lget\u00e9s szikr\u00e1t gy\u00fajthat. Egy meccs megv\u00e1ltoztathat egy d\u00e9lut\u00e1nt. Egy mosoly visszat\u00e9rhet az arcodra, csup\u00e1n egy \u00fczenetk\u00fcld\u00e9ssel.<\/p>\n\n\n\n<p>Olyan alkalmaz\u00e1sokkal, mint <strong>Z\u00fcmm\u00f6g<\/strong>, <strong>Tapl\u00f3<\/strong> \u00e9s <strong>Badoo<\/strong>Minden megvan, amire sz\u00fcks\u00e9ged van a kezd\u00e9shez. Val\u00f3di emberek, \u0151szinte besz\u00e9lget\u00e9sek, biztons\u00e1g \u00e9s szabads\u00e1g.<\/p>\n\n\n\n<p>Ne v\u00e1rj tov\u00e1bb, a legjobb alkalom most van.<\/p>\n\n\n\n<h2 class=\"wp-block-heading\">Meg tudod csin\u00e1lni! T\u00f6ltsd le, csatlakozz, \u00e9s mosolyogj.<\/h2>\n\n\n\n<p>Telep\u00edts egyet az \u00e1ltalunk bemutatott alkalmaz\u00e1sok k\u00f6z\u00fcl. Hozd l\u00e9tre \u0151szint\u00e9n a profilodat. Fedezz fel. Csevegj. \u00c9lvezd. A j\u00f6v\u0151nek nem kell ijeszt\u0151nek lennie.<\/p>\n\n\n\n<p>Izgalmas, \u00e9rdekes \u00e9s tele lehet v\u00e1ratlan pillanatokkal.<\/p>\n\n\n\n<p>\u00c9s mindenekel\u0151tt, eml\u00e9kezz erre:<\/p>\n\n\n\n<p><strong>Az \u00e9rt\u00e9ked nem cs\u00f6kken att\u00f3l, hogy v\u00e9get \u00e9rt egy kapcsolat. Az \u00e9rt\u00e9ked megmaradt. \u00c9s meg\u00e9rdemled, hogy \u00fajra szeress.<\/strong><\/p>","protected":false},"excerpt":{"rendered":"<p>Una nueva etapa empieza contigo \u00a1Elija una de las opciones! Termin\u00e9 mi relaci\u00f3n y quiero conocerte por apps de citas. Tal vez no lo hab\u00edas planeado. Tal vez doli\u00f3. Pero aqu\u00ed est\u00e1s, valiente, con el coraz\u00f3n abierto a lo que viene. Y eso ya es motivo para sentirte orgulloso. Si est\u00e1s leyendo esto, es porque [&hellip;]<\/p>","protected":false},"author":139,"featured_media":9307,"comment_status":"closed","ping_status":"open","sticky":false,"template":"","format":"standard","meta":{"footnotes":""},"categories":[2],"tags":[2126,2103,669,2236,2235],"yoast_head":"<!-- This site is optimized with the Yoast SEO plugin v23.3 - https:\/\/yoast.com\/wordpress\/plugins\/seo\/ -->\n<title>Termin\u00e9 mi relaci\u00f3n y quiero conocerte por apps de citas - Universo Fam\u00edlia<\/title>\n<meta name=\"description\" content=\"Termin\u00e9 mi relaci\u00f3n y quiero conocerte por apps de citas. Tal vez doli\u00f3. Pero aqu\u00ed est\u00e1s, valiente, con el coraz\u00f3n abierto a lo que viene....\" \/>\n<meta name=\"robots\" content=\"index, follow, max-snippet:-1, max-image-preview:large, max-video-preview:-1\" \/>\n<link rel=\"canonical\" href=\"http:\/\/universofamilia.com\/hu\/\u043f\u0440\u0435\u043a\u0438\u043d\u0443\u043b\u0430-\u0441\u0430\u043c-\u0432\u0435\u0437\u0443-\u0438-\u0436\u0435\u043b\u0438\u043c-\u0434\u0430-\u0442\u0435-\u0443\u043f\u043e\u0437\u043d\u0430\/\" \/>\n<meta property=\"og:locale\" content=\"hu_HU\" \/>\n<meta property=\"og:type\" content=\"article\" \/>\n<meta property=\"og:title\" content=\"Termin\u00e9 mi relaci\u00f3n y quiero conocerte por apps de citas - Universo Fam\u00edlia\" \/>\n<meta property=\"og:description\" content=\"Termin\u00e9 mi relaci\u00f3n y quiero conocerte por apps de citas. Tal vez doli\u00f3. Pero aqu\u00ed est\u00e1s, valiente, con el coraz\u00f3n abierto a lo que viene....\" \/>\n<meta property=\"og:url\" content=\"http:\/\/universofamilia.com\/hu\/\u043f\u0440\u0435\u043a\u0438\u043d\u0443\u043b\u0430-\u0441\u0430\u043c-\u0432\u0435\u0437\u0443-\u0438-\u0436\u0435\u043b\u0438\u043c-\u0434\u0430-\u0442\u0435-\u0443\u043f\u043e\u0437\u043d\u0430\/\" \/>\n<meta property=\"og:site_name\" content=\"Universo Fam\u00edlia\" \/>\n<meta property=\"article:published_time\" content=\"2025-04-15T00:33:16+00:00\" \/>\n<meta property=\"article:modified_time\" content=\"2025-04-15T17:54:34+00:00\" \/>\n<meta property=\"og:image\" content=\"http:\/\/universofamilia.com\/wp-content\/uploads\/sites\/148\/2025\/04\/DESTAQUE-UNIVERSO-550-x-350-3-1.jpg\" \/>\n\t<meta property=\"og:image:width\" content=\"550\" \/>\n\t<meta property=\"og:image:height\" content=\"350\" \/>\n\t<meta property=\"og:image:type\" content=\"image\/jpeg\" \/>\n<meta name=\"author\" content=\"Pedro Henrique\" \/>\n<meta name=\"twitter:card\" content=\"summary_large_image\" \/>\n<meta name=\"twitter:label1\" content=\"Written by\" \/>\n\t<meta name=\"twitter:data1\" content=\"Pedro Henrique\" \/>\n\t<meta name=\"twitter:label2\" content=\"Est. reading time\" \/>\n\t<meta name=\"twitter:data2\" content=\"9 perc\" \/>\n<script type=\"application\/ld+json\" class=\"yoast-schema-graph\">{\"@context\":\"https:\/\/schema.org\",\"@graph\":[{\"@type\":\"WebPage\",\"@id\":\"http:\/\/universofamilia.com\/sr\/\u043f\u0440\u0435\u043a\u0438\u043d\u0443\u043b\u0430-\u0441\u0430\u043c-\u0432\u0435\u0437\u0443-\u0438-\u0436\u0435\u043b\u0438\u043c-\u0434\u0430-\u0442\u0435-\u0443\u043f\u043e\u0437\u043d\u0430\/\",\"url\":\"http:\/\/universofamilia.com\/sr\/\u043f\u0440\u0435\u043a\u0438\u043d\u0443\u043b\u0430-\u0441\u0430\u043c-\u0432\u0435\u0437\u0443-\u0438-\u0436\u0435\u043b\u0438\u043c-\u0434\u0430-\u0442\u0435-\u0443\u043f\u043e\u0437\u043d\u0430\/\",\"name\":\"Termin\u00e9 mi relaci\u00f3n y quiero conocerte por apps de citas - Universo Fam\u00edlia\",\"isPartOf\":{\"@id\":\"https:\/\/universofamilia.com\/el\/#website\"},\"primaryImageOfPage\":{\"@id\":\"http:\/\/universofamilia.com\/sr\/\u043f\u0440\u0435\u043a\u0438\u043d\u0443\u043b\u0430-\u0441\u0430\u043c-\u0432\u0435\u0437\u0443-\u0438-\u0436\u0435\u043b\u0438\u043c-\u0434\u0430-\u0442\u0435-\u0443\u043f\u043e\u0437\u043d\u0430\/#primaryimage\"},\"image\":{\"@id\":\"http:\/\/universofamilia.com\/sr\/\u043f\u0440\u0435\u043a\u0438\u043d\u0443\u043b\u0430-\u0441\u0430\u043c-\u0432\u0435\u0437\u0443-\u0438-\u0436\u0435\u043b\u0438\u043c-\u0434\u0430-\u0442\u0435-\u0443\u043f\u043e\u0437\u043d\u0430\/#primaryimage\"},\"thumbnailUrl\":\"http:\/\/universofamilia.com\/wp-content\/uploads\/sites\/148\/2025\/04\/DESTAQUE-UNIVERSO-550-x-350-3-1.jpg\",\"datePublished\":\"2025-04-15T00:33:16+00:00\",\"dateModified\":\"2025-04-15T17:54:34+00:00\",\"author\":{\"@id\":\"https:\/\/universofamilia.com\/el\/#\/schema\/person\/f07ce98187dd84d31154262e79b3b7ca\"},\"description\":\"Termin\u00e9 mi relaci\u00f3n y quiero conocerte por apps de citas. Tal vez doli\u00f3. Pero aqu\u00ed est\u00e1s, valiente, con el coraz\u00f3n abierto a lo que viene....\",\"breadcrumb\":{\"@id\":\"http:\/\/universofamilia.com\/sr\/\u043f\u0440\u0435\u043a\u0438\u043d\u0443\u043b\u0430-\u0441\u0430\u043c-\u0432\u0435\u0437\u0443-\u0438-\u0436\u0435\u043b\u0438\u043c-\u0434\u0430-\u0442\u0435-\u0443\u043f\u043e\u0437\u043d\u0430\/#breadcrumb\"},\"inLanguage\":\"hu\",\"potentialAction\":[{\"@type\":\"ReadAction\",\"target\":[\"http:\/\/universofamilia.com\/sr\/\u043f\u0440\u0435\u043a\u0438\u043d\u0443\u043b\u0430-\u0441\u0430\u043c-\u0432\u0435\u0437\u0443-\u0438-\u0436\u0435\u043b\u0438\u043c-\u0434\u0430-\u0442\u0435-\u0443\u043f\u043e\u0437\u043d\u0430\/\"]}]},{\"@type\":\"ImageObject\",\"inLanguage\":\"hu\",\"@id\":\"http:\/\/universofamilia.com\/sr\/\u043f\u0440\u0435\u043a\u0438\u043d\u0443\u043b\u0430-\u0441\u0430\u043c-\u0432\u0435\u0437\u0443-\u0438-\u0436\u0435\u043b\u0438\u043c-\u0434\u0430-\u0442\u0435-\u0443\u043f\u043e\u0437\u043d\u0430\/#primaryimage\",\"url\":\"http:\/\/universofamilia.com\/wp-content\/uploads\/sites\/148\/2025\/04\/DESTAQUE-UNIVERSO-550-x-350-3-1.jpg\",\"contentUrl\":\"http:\/\/universofamilia.com\/wp-content\/uploads\/sites\/148\/2025\/04\/DESTAQUE-UNIVERSO-550-x-350-3-1.jpg\",\"width\":550,\"height\":350,\"caption\":\"Termin\u00e9 mi relaci\u00f3n y quiero conocerte por apps de citas\"},{\"@type\":\"BreadcrumbList\",\"@id\":\"http:\/\/universofamilia.com\/sr\/\u043f\u0440\u0435\u043a\u0438\u043d\u0443\u043b\u0430-\u0441\u0430\u043c-\u0432\u0435\u0437\u0443-\u0438-\u0436\u0435\u043b\u0438\u043c-\u0434\u0430-\u0442\u0435-\u0443\u043f\u043e\u0437\u043d\u0430\/#breadcrumb\",\"itemListElement\":[{\"@type\":\"ListItem\",\"position\":1,\"name\":\"Home\",\"item\":\"https:\/\/universofamilia.com\/el\/\"},{\"@type\":\"ListItem\",\"position\":2,\"name\":\"Termin\u00e9 mi relaci\u00f3n y quiero conocerte por apps de citas\"}]},{\"@type\":\"WebSite\",\"@id\":\"https:\/\/universofamilia.com\/el\/#website\",\"url\":\"https:\/\/universofamilia.com\/el\/\",\"name\":\"Universo Fam\u00edlia\",\"description\":\"\",\"potentialAction\":[{\"@type\":\"SearchAction\",\"target\":{\"@type\":\"EntryPoint\",\"urlTemplate\":\"https:\/\/universofamilia.com\/el\/?s={search_term_string}\"},\"query-input\":\"required name=search_term_string\"}],\"inLanguage\":\"hu\"},{\"@type\":\"Person\",\"@id\":\"https:\/\/universofamilia.com\/el\/#\/schema\/person\/f07ce98187dd84d31154262e79b3b7ca\",\"name\":\"Pedro Henrique\",\"image\":{\"@type\":\"ImageObject\",\"inLanguage\":\"hu\",\"@id\":\"https:\/\/universofamilia.com\/el\/#\/schema\/person\/image\/\",\"url\":\"http:\/\/0.gravatar.com\/avatar\/9edfeb808cb4e1599f64d6e45b130154?s=96&d=mm&r=g\",\"contentUrl\":\"http:\/\/0.gravatar.com\/avatar\/9edfeb808cb4e1599f64d6e45b130154?s=96&d=mm&r=g\",\"caption\":\"Pedro Henrique\"},\"url\":\"http:\/\/universofamilia.com\/hu\/author\/editor01\/\"}]}<\/script>\n<!-- \/ Yoast SEO plugin. -->","yoast_head_json":{"title":"Termin\u00e9 mi relaci\u00f3n y quiero conocerte por apps de citas - Universo Fam\u00edlia","description":"Termin\u00e9 mi relaci\u00f3n y quiero conocerte por apps de citas. Tal vez doli\u00f3. Pero aqu\u00ed est\u00e1s, valiente, con el coraz\u00f3n abierto a lo que viene....","robots":{"index":"index","follow":"follow","max-snippet":"max-snippet:-1","max-image-preview":"max-image-preview:large","max-video-preview":"max-video-preview:-1"},"canonical":"http:\/\/universofamilia.com\/hu\/\u043f\u0440\u0435\u043a\u0438\u043d\u0443\u043b\u0430-\u0441\u0430\u043c-\u0432\u0435\u0437\u0443-\u0438-\u0436\u0435\u043b\u0438\u043c-\u0434\u0430-\u0442\u0435-\u0443\u043f\u043e\u0437\u043d\u0430\/","og_locale":"hu_HU","og_type":"article","og_title":"Termin\u00e9 mi relaci\u00f3n y quiero conocerte por apps de citas - Universo Fam\u00edlia","og_description":"Termin\u00e9 mi relaci\u00f3n y quiero conocerte por apps de citas. Tal vez doli\u00f3. Pero aqu\u00ed est\u00e1s, valiente, con el coraz\u00f3n abierto a lo que viene....","og_url":"http:\/\/universofamilia.com\/hu\/\u043f\u0440\u0435\u043a\u0438\u043d\u0443\u043b\u0430-\u0441\u0430\u043c-\u0432\u0435\u0437\u0443-\u0438-\u0436\u0435\u043b\u0438\u043c-\u0434\u0430-\u0442\u0435-\u0443\u043f\u043e\u0437\u043d\u0430\/","og_site_name":"Universo Fam\u00edlia","article_published_time":"2025-04-15T00:33:16+00:00","article_modified_time":"2025-04-15T17:54:34+00:00","og_image":[{"width":550,"height":350,"url":"http:\/\/universofamilia.com\/wp-content\/uploads\/sites\/148\/2025\/04\/DESTAQUE-UNIVERSO-550-x-350-3-1.jpg","type":"image\/jpeg"}],"author":"Pedro Henrique","twitter_card":"summary_large_image","twitter_misc":{"Written by":"Pedro Henrique","Est. reading time":"9 perc"},"schema":{"@context":"https:\/\/schema.org","@graph":[{"@type":"WebPage","@id":"http:\/\/universofamilia.com\/sr\/\u043f\u0440\u0435\u043a\u0438\u043d\u0443\u043b\u0430-\u0441\u0430\u043c-\u0432\u0435\u0437\u0443-\u0438-\u0436\u0435\u043b\u0438\u043c-\u0434\u0430-\u0442\u0435-\u0443\u043f\u043e\u0437\u043d\u0430\/","url":"http:\/\/universofamilia.com\/sr\/\u043f\u0440\u0435\u043a\u0438\u043d\u0443\u043b\u0430-\u0441\u0430\u043c-\u0432\u0435\u0437\u0443-\u0438-\u0436\u0435\u043b\u0438\u043c-\u0434\u0430-\u0442\u0435-\u0443\u043f\u043e\u0437\u043d\u0430\/","name":"Termin\u00e9 mi relaci\u00f3n y quiero conocerte por apps de citas - Universo Fam\u00edlia","isPartOf":{"@id":"https:\/\/universofamilia.com\/el\/#website"},"primaryImageOfPage":{"@id":"http:\/\/universofamilia.com\/sr\/\u043f\u0440\u0435\u043a\u0438\u043d\u0443\u043b\u0430-\u0441\u0430\u043c-\u0432\u0435\u0437\u0443-\u0438-\u0436\u0435\u043b\u0438\u043c-\u0434\u0430-\u0442\u0435-\u0443\u043f\u043e\u0437\u043d\u0430\/#primaryimage"},"image":{"@id":"http:\/\/universofamilia.com\/sr\/\u043f\u0440\u0435\u043a\u0438\u043d\u0443\u043b\u0430-\u0441\u0430\u043c-\u0432\u0435\u0437\u0443-\u0438-\u0436\u0435\u043b\u0438\u043c-\u0434\u0430-\u0442\u0435-\u0443\u043f\u043e\u0437\u043d\u0430\/#primaryimage"},"thumbnailUrl":"http:\/\/universofamilia.com\/wp-content\/uploads\/sites\/148\/2025\/04\/DESTAQUE-UNIVERSO-550-x-350-3-1.jpg","datePublished":"2025-04-15T00:33:16+00:00","dateModified":"2025-04-15T17:54:34+00:00","author":{"@id":"https:\/\/universofamilia.com\/el\/#\/schema\/person\/f07ce98187dd84d31154262e79b3b7ca"},"description":"Termin\u00e9 mi relaci\u00f3n y quiero conocerte por apps de citas. Tal vez doli\u00f3. Pero aqu\u00ed est\u00e1s, valiente, con el coraz\u00f3n abierto a lo que viene....","breadcrumb":{"@id":"http:\/\/universofamilia.com\/sr\/\u043f\u0440\u0435\u043a\u0438\u043d\u0443\u043b\u0430-\u0441\u0430\u043c-\u0432\u0435\u0437\u0443-\u0438-\u0436\u0435\u043b\u0438\u043c-\u0434\u0430-\u0442\u0435-\u0443\u043f\u043e\u0437\u043d\u0430\/#breadcrumb"},"inLanguage":"hu","potentialAction":[{"@type":"ReadAction","target":["http:\/\/universofamilia.com\/sr\/\u043f\u0440\u0435\u043a\u0438\u043d\u0443\u043b\u0430-\u0441\u0430\u043c-\u0432\u0435\u0437\u0443-\u0438-\u0436\u0435\u043b\u0438\u043c-\u0434\u0430-\u0442\u0435-\u0443\u043f\u043e\u0437\u043d\u0430\/"]}]},{"@type":"ImageObject","inLanguage":"hu","@id":"http:\/\/universofamilia.com\/sr\/\u043f\u0440\u0435\u043a\u0438\u043d\u0443\u043b\u0430-\u0441\u0430\u043c-\u0432\u0435\u0437\u0443-\u0438-\u0436\u0435\u043b\u0438\u043c-\u0434\u0430-\u0442\u0435-\u0443\u043f\u043e\u0437\u043d\u0430\/#primaryimage","url":"http:\/\/universofamilia.com\/wp-content\/uploads\/sites\/148\/2025\/04\/DESTAQUE-UNIVERSO-550-x-350-3-1.jpg","contentUrl":"http:\/\/universofamilia.com\/wp-content\/uploads\/sites\/148\/2025\/04\/DESTAQUE-UNIVERSO-550-x-350-3-1.jpg","width":550,"height":350,"caption":"Termin\u00e9 mi relaci\u00f3n y quiero conocerte por apps de citas"},{"@type":"BreadcrumbList","@id":"http:\/\/universofamilia.com\/sr\/\u043f\u0440\u0435\u043a\u0438\u043d\u0443\u043b\u0430-\u0441\u0430\u043c-\u0432\u0435\u0437\u0443-\u0438-\u0436\u0435\u043b\u0438\u043c-\u0434\u0430-\u0442\u0435-\u0443\u043f\u043e\u0437\u043d\u0430\/#breadcrumb","itemListElement":[{"@type":"ListItem","position":1,"name":"Home","item":"https:\/\/universofamilia.com\/el\/"},{"@type":"ListItem","position":2,"name":"Termin\u00e9 mi relaci\u00f3n y quiero conocerte por apps de citas"}]},{"@type":"WebSite","@id":"https:\/\/universofamilia.com\/el\/#website","url":"https:\/\/universofamilia.com\/el\/","name":"Universo Fam\u00edlia","description":"","potentialAction":[{"@type":"SearchAction","target":{"@type":"EntryPoint","urlTemplate":"https:\/\/universofamilia.com\/el\/?s={search_term_string}"},"query-input":"required name=search_term_string"}],"inLanguage":"hu"},{"@type":"Person","@id":"https:\/\/universofamilia.com\/el\/#\/schema\/person\/f07ce98187dd84d31154262e79b3b7ca","name":"Pedro Henrique","image":{"@type":"ImageObject","inLanguage":"hu","@id":"https:\/\/universofamilia.com\/el\/#\/schema\/person\/image\/","url":"http:\/\/0.gravatar.com\/avatar\/9edfeb808cb4e1599f64d6e45b130154?s=96&d=mm&r=g","contentUrl":"http:\/\/0.gravatar.com\/avatar\/9edfeb808cb4e1599f64d6e45b130154?s=96&d=mm&r=g","caption":"Pedro Henrique"},"url":"http:\/\/universofamilia.com\/hu\/author\/editor01\/"}]}},"_links":{"self":[{"href":"http:\/\/universofamilia.com\/hu\/wp-json\/wp\/v2\/posts\/9302"}],"collection":[{"href":"http:\/\/universofamilia.com\/hu\/wp-json\/wp\/v2\/posts"}],"about":[{"href":"http:\/\/universofamilia.com\/hu\/wp-json\/wp\/v2\/types\/post"}],"author":[{"embeddable":true,"href":"http:\/\/universofamilia.com\/hu\/wp-json\/wp\/v2\/users\/139"}],"replies":[{"embeddable":true,"href":"http:\/\/universofamilia.com\/hu\/wp-json\/wp\/v2\/comments?post=9302"}],"version-history":[{"count":3,"href":"http:\/\/universofamilia.com\/hu\/wp-json\/wp\/v2\/posts\/9302\/revisions"}],"predecessor-version":[{"id":9328,"href":"http:\/\/universofamilia.com\/hu\/wp-json\/wp\/v2\/posts\/9302\/revisions\/9328"}],"wp:featuredmedia":[{"embeddable":true,"href":"http:\/\/universofamilia.com\/hu\/wp-json\/wp\/v2\/media\/9307"}],"wp:attachment":[{"href":"http:\/\/universofamilia.com\/hu\/wp-json\/wp\/v2\/media?parent=9302"}],"wp:term":[{"taxonomy":"category","embeddable":true,"href":"http:\/\/universofamilia.com\/hu\/wp-json\/wp\/v2\/categories?post=9302"},{"taxonomy":"post_tag","embeddable":true,"href":"http:\/\/universofamilia.com\/hu\/wp-json\/wp\/v2\/tags?post=9302"}],"curies":[{"name":"wp","href":"https:\/\/api.w.org\/{rel}","templated":true}]}}