{"id":9324,"date":"2025-04-16T14:26:23","date_gmt":"2025-04-16T14:26:23","guid":{"rendered":"https:\/\/universofamilia.com\/?p=9324"},"modified":"2025-04-16T14:26:24","modified_gmt":"2025-04-16T14:26:24","slug":"busco-un-companero-especial-en-los-apps-de-citas","status":"publish","type":"post","link":"http:\/\/universofamilia.com\/hu\/busco-un-companero-especial-en-los-apps-de-citas\/","title":{"rendered":"K\u00fcl\u00f6nleges partnert keresek t\u00e1rskeres\u0151 alkalmaz\u00e1sokon."},"content":{"rendered":"<h2 class=\"wp-block-heading has-text-align-center\">Igazi kapcsolatot keresel?<\/h2>\n\n\n\n<p><\/p>\n\n\n\n<h5 class=\"wp-block-heading has-text-align-center\"><strong><mark class=\"has-inline-color has-vivid-cyan-blue-color\">V\u00e1lasszon egyet a lehet\u0151s\u00e9gek k\u00f6z\u00fcl!<\/mark><\/strong><\/h5>\n\n\n    <section class=\"mx-1 my-10\">\n                                                <a href=\"http:\/\/universofamilia.com\/hu\/aplicaciones-de-citas-2\/\" class=\"text-white\" data-analytics-label=\"optionsButton\"\n                    data-action=\"analytics#trackCTA\">\n                    <div data-options-target=\"option\"\n                        class=\"custom-section rounded-xl border p-3 shadow-md w-full bg-green-700 my-3\">\n                        <div class=\"flex w-full items-center justify-between\">\n                            <div class=\"flex items-center space-x-3\">\n                                <div class=\"text-lg font-bold\">\n                                    Ismerd meg a Legszebbet!  \u279d\n                                <\/div>\n                            <\/div>\n                        <\/div>\n                    <\/div>\n                <\/a>\n                                                            <a href=\"http:\/\/universofamilia.com\/hu\/descubriendo-nuevas-amistades\/\" class=\"text-white\" data-analytics-label=\"optionsButton\"\n                    data-action=\"analytics#trackCTA\">\n                    <div data-options-target=\"option\"\n                        class=\"custom-section rounded-xl border p-3 shadow-md w-full bg-green-700 my-3\">\n                        <div class=\"flex w-full items-center justify-between\">\n                            <div class=\"flex items-center space-x-3\">\n                                <div class=\"text-lg font-bold\">\n                                    Ismerkedj meg a norm\u00e1lis n\u0151kkel!  \u279d\n                                <\/div>\n                            <\/div>\n                        <\/div>\n                    <\/div>\n                <\/a>\n                                                            <a href=\"http:\/\/universofamilia.com\/hu\/el-amor-a-un-clic\/\" class=\"text-white\" data-analytics-label=\"optionsButton\"\n                    data-action=\"analytics#trackCTA\">\n                    <div data-options-target=\"option\"\n                        class=\"custom-section rounded-xl border p-3 shadow-md w-full bg-green-700 my-3\">\n                        <div class=\"flex w-full items-center justify-between\">\n                            <div class=\"flex items-center space-x-3\">\n                                <div class=\"text-lg font-bold\">\n                                    Szia, besz\u00e9lj most!  \u279d\n                                <\/div>\n                            <\/div>\n                        <\/div>\n                    <\/div>\n                <\/a>\n                            <p class=\"text-xs text-gray-500 text-right hidden\"\n            style=\"margin-left: 50%; margin-bottom: 50px; margin-top: 5px;\">\n            <!-- You will be redirected to another website -->\n        <\/p>\n    <\/section>\n\n\n\n\n<p class=\"has-text-align-right\"><strong><em>Ugyanott fog maradni!<\/em><\/strong><\/p>\n\n\n\n<hr class=\"wp-block-separator has-alpha-channel-opacity is-style-wide\" \/>\n\n\n\n<p><\/p>\n\n\n\n<p><strong>K\u00fcl\u00f6nleges partnert keresek t\u00e1rskeres\u0151 alkalmaz\u00e1sokon.<\/strong>.<\/p>\n\n\n\n<p>Ez a kifejez\u00e9s egy m\u00e9ly v\u00e1gyat k\u00e9pvisel, amelyet sok ember \u00e9rez: a megoszt\u00e1s, a szeretet ir\u00e1nti ig\u00e9nyt, azt, hogy tal\u00e1ljon valakit, akivel nevethet, besz\u00e9lgethet \u00e9s \u00e1lmodozhat.<\/p>\n\n\n\n<p>Nem sz\u00e1m\u00edt a korod vagy a technol\u00f3gi\u00e1val kapcsolatos tapasztalatod. Csak te vagy az, ami sz\u00e1m\u00edt <a href=\"http:\/\/universofamilia.com\/hu\/aplicaciones-de-citas-2\/\">\u0151szinte t\u00e1rsas\u00e1g keres\u00e9s\u00e9nek v\u00e1gya<\/a>.<\/p>\n\n\n\n<p>Manaps\u00e1g m\u00e1r nem kell b\u00e1rokba j\u00e1rni, vagy egy bulin bemutatkoz\u00e1sra v\u00e1rni.<\/p>\n\n\n\n<p>A digit\u00e1lis fejl\u0151d\u00e9snek k\u00f6sz\u00f6nhet\u0151en val\u00f3di emberekkel tal\u00e1lkozhatsz a mobiltelefonodon kereszt\u00fcl, mindenf\u00e9le komplik\u00e1ci\u00f3 n\u00e9lk\u00fcl.<\/p>\n\n\n\n<p>A t\u00e1rskeres\u0151 alkalmaz\u00e1sok hat\u00e9kony eszk\u00f6z\u00f6k, amelyek milli\u00f3knak seg\u00edtettek megtal\u00e1lni, amit kerestek: szerelmet, bar\u00e1ts\u00e1got, vagy ak\u00e1r egy \u00faj kalandot.<\/p>\n\n\n\n<p>Ez a cikk azoknak sz\u00f3l, akik k\u00e9szen \u00e1llnak megtenni ezt a l\u00e9p\u00e9st.<\/p>\n\n\n\n<p>Megmutatjuk a legjobb alkalmaz\u00e1sokat, amelyekkel megtal\u00e1lhatod azt a k\u00fcl\u00f6nleges valakit, hogyan haszn\u00e1ld \u0151ket, tippeket a kit\u0171n\u00e9shez, val\u00f3s t\u00f6rt\u00e9neteket, \u00e9s mindent, amit tudnod kell, hogy az \u00e9lm\u00e9nyed pozit\u00edv, biztons\u00e1gos \u00e9s izgalmas legyen.<\/p>\n\n\n\n<p>K\u00e9sz\u00fclj fel r\u00e1, hogy felfedezd, a szerelem k\u00f6zelebb van, mint gondoln\u00e1d, \u00e9s hogy egy egyszer\u0171 besz\u00e9lget\u00e9s \u00f6r\u00f6kre megv\u00e1ltoztathatja az \u00e9leted.<\/p>\n\n\n\n<p><\/p>\n\n\n\n<hr class=\"wp-block-separator has-alpha-channel-opacity is-style-wide\" \/>\n\n\n\n<h4 class=\"wp-block-heading has-text-align-center\"><strong><mark class=\"has-inline-color has-luminous-vivid-orange-color\">Olvasd el ezt is<\/mark><\/strong><\/h4>\n\n\n    <section class=\"mx-1 my-10\">\n                                                <a href=\"http:\/\/universofamilia.com\/hu\/lp-filmes-asiaticos\/\" class=\"text-white\" data-analytics-label=\"optionsButton\"\n                    data-action=\"analytics#trackCTA\">\n                    <div data-options-target=\"option\"\n                        class=\"custom-section rounded-xl border p-3 shadow-md w-full bg-green-700 my-3\">\n                        <div class=\"flex w-full items-center justify-between\">\n                            <div class=\"flex items-center space-x-3\">\n                                <div class=\"text-lg font-bold\">\n                                    App koreai dr\u00e1m\u00e1k n\u00e9z\u00e9s\u00e9hez \u279d\n                                <\/div>\n                            <\/div>\n                        <\/div>\n                    <\/div>\n                <\/a>\n                                                            <a href=\"http:\/\/universofamilia.com\/hu\/lp-recuperar-fotos\/\" class=\"text-white\" data-analytics-label=\"optionsButton\"\n                    data-action=\"analytics#trackCTA\">\n                    <div data-options-target=\"option\"\n                        class=\"custom-section rounded-xl border p-3 shadow-md w-full bg-green-700 my-3\">\n                        <div class=\"flex w-full items-center justify-between\">\n                            <div class=\"flex items-center space-x-3\">\n                                <div class=\"text-lg font-bold\">\n                                    T\u00f6r\u00f6lt fot\u00f3k helyre\u00e1ll\u00edt\u00e1sa ezzel az alkalmaz\u00e1ssal!  \u279d\n                                <\/div>\n                            <\/div>\n                        <\/div>\n                    <\/div>\n                <\/a>\n                                                            <a href=\"http:\/\/universofamilia.com\/hu\/el-amor-a-un-clic\/\" class=\"text-white\" data-analytics-label=\"optionsButton\"\n                    data-action=\"analytics#trackCTA\">\n                    <div data-options-target=\"option\"\n                        class=\"custom-section rounded-xl border p-3 shadow-md w-full bg-green-700 my-3\">\n                        <div class=\"flex w-full items-center justify-between\">\n                            <div class=\"flex items-center space-x-3\">\n                                <div class=\"text-lg font-bold\">\n                                    Fedezd fel az ide\u00e1lis t\u00e1rskeres\u0151 alkalmaz\u00e1st \u279d\n                                <\/div>\n                            <\/div>\n                        <\/div>\n                    <\/div>\n                <\/a>\n                            <p class=\"text-xs text-gray-500 text-right hidden\"\n            style=\"margin-left: 50%; margin-bottom: 50px; margin-top: 5px;\">\n            <!-- You will be redirected to another website -->\n        <\/p>\n    <\/section>\n\n\n\n\n<p class=\"has-text-align-right\"><em><strong><em><strong><em><strong><em><strong><em><strong>Ugyanott fog maradni!<\/strong><\/em><\/strong><\/em><\/strong><\/em><\/strong><\/em><\/strong><\/em><\/p>\n\n\n\n<hr class=\"wp-block-separator has-alpha-channel-opacity is-style-wide\" \/>\n\n\n\n<p><\/p>\n\n\n\n<h2 class=\"wp-block-heading\">Mi\u00e9rt \u00e9rdemes manaps\u00e1g randialkalmaz\u00e1sokat v\u00e1lasztani?<\/h2>\n\n\n\n<h3 class=\"wp-block-heading\">A digit\u00e1lis szerelem forradalma<\/h3>\n\n\n\n<p>R\u00e9gen az \u00faj emberekkel val\u00f3 tal\u00e1lkoz\u00e1s id\u0151be, szerencs\u00e9be \u00e9s sok t\u00e1rsas\u00e1gi interakci\u00f3ba telt.<\/p>\n\n\n\n<p>Manaps\u00e1g mindez megv\u00e1ltozott. A t\u00e1rskeres\u0151 alkalmaz\u00e1sok a lehet\u0151s\u00e9gek t\u00e1rh\u00e1z\u00e1t nyitott\u00e1k meg azok sz\u00e1m\u00e1ra, akik otthonuk k\u00e9nyelm\u00e9b\u0151l szeretn\u00e9nek partnert tal\u00e1lni.<\/p>\n\n\n\n<p>\u00c9s nem var\u00e1zslatr\u00f3l van sz\u00f3, hanem a sz\u00edvre alkalmazott intelligens technol\u00f3gi\u00e1r\u00f3l.<\/p>\n\n\n\n<p>Ezek a platformok lehet\u0151v\u00e9 teszik, hogy olyan emberekkel tal\u00e1lkozz, akik csup\u00e1n n\u00e9h\u00e1ny h\u00e1zt\u00f6mbnyire laknak t\u0151led, akiknek hasonl\u00f3 az \u00e9rdekl\u0151d\u00e9si k\u00f6r\u00fck, \u00e9s akik szint\u00e9n \u00e9rtelmes kapcsolatot keresnek.<\/p>\n\n\n\n<h3 class=\"wp-block-heading\">Teljes akad\u00e1lymentes\u00edt\u00e9s<\/h3>\n\n\n\n<p>Nem sz\u00e1m\u00edt, hogy van egy alapvet\u0151 mobiltelefonod, ha nem vagy internetszak\u00e9rt\u0151, vagy ha m\u00e9g soha nem haszn\u00e1lt\u00e1l alkalmaz\u00e1st.<\/p>\n\n\n\n<p>A gombok egy\u00e9rtelm\u0171ek, a lehet\u0151s\u00e9gek j\u00f3l elmagyar\u00e1zottak, \u00e9s minden \u00fagy van kialak\u00edtva, hogy a saj\u00e1t ir\u00e1ny\u00edt\u00e1sod alatt tarthasd a j\u00e1t\u00e9kot.<\/p>\n\n\n\n<h3 class=\"wp-block-heading\">A lehet\u0151s\u00e9gek sokf\u00e9les\u00e9ge<\/h3>\n\n\n\n<p>M\u00e1r nem csak egyetlen t\u00edpus\u00fa kapcsolat l\u00e9tezik. Vannak, akik egy \u00e9letre sz\u00f3l\u00f3 szerelmi t\u00f6rt\u00e9netre v\u00e1gynak. M\u00e1sok \u00faj bar\u00e1ts\u00e1gokat szeretn\u00e9nek k\u00f6tni.<\/p>\n\n\n\n<p>Vannak, akik besz\u00e9lni, megosztani akarnak dolgokat, \u00e9rezni, hogy meghallgatj\u00e1k \u0151ket. A legjobb t\u00e1rskeres\u0151 alkalmaz\u00e1sok sz\u0171r\u0151ket \u00e9s kateg\u00f3ri\u00e1kat k\u00edn\u00e1lnak, \u00edgy megtal\u00e1lhatod, amit keresel. Nincs nyom\u00e1s, nincsenek hamis elv\u00e1r\u00e1sok.<\/p>\n\n\n\n<h3 class=\"wp-block-heading\">Szabads\u00e1g \u00e9s biztons\u00e1g<\/h3>\n\n\n\n<p>Egy alkalmaz\u00e1ssal eld\u00f6ntheted, hogy kivel, mikor \u00e9s hogyan besz\u00e9lsz. Senki sem k\u00e9nyszer\u00edt t\u00e9ged semmire. Te ir\u00e1ny\u00edtasz.<\/p>\n\n\n\n<p>\u00c9s ha valami nem tetszik, k\u00f6nnyen blokkolhatod vagy jelentheted.<\/p>\n\n\n\n<p>Ezenk\u00edv\u00fcl sz\u00e1mos platform m\u00e1r rendelkezik mesters\u00e9ges intelligenci\u00e1val, amely \u00e9rz\u00e9keli a nem megfelel\u0151 viselked\u00e9st \u00e9s megv\u00e9di a felhaszn\u00e1l\u00f3kat.<\/p>\n\n\n\n<p>A profilok ellen\u0151rz\u00e9se \u00e9s a csal\u00e1sok elker\u00fcl\u00e9se is lehets\u00e9ges.<\/p>\n\n\n\n<h2 class=\"wp-block-heading\">Hogyan m\u0171k\u00f6dnek a randialkalmaz\u00e1sok<\/h2>\n\n\n\n<h3 class=\"wp-block-heading\">Hozd l\u00e9tre a profilodat<\/h3>\n\n\n\n<p>Minden egy profillal kezd\u0151dik. Itt megoszthatod a neved, egy fot\u00f3t, egy r\u00f6vid le\u00edr\u00e1st magadr\u00f3l, az \u00e9rdekl\u0151d\u00e9si k\u00f6r\u00f6dr\u0151l \u00e9s arr\u00f3l, hogy mit keresel.<\/p>\n\n\n\n<p>L\u00e9gy \u0151szinte \u00e9s hiteles. Nem a t\u00f6k\u00e9letess\u00e9g a l\u00e9nyeg, hanem az, hogy megmutasd, ki is vagy val\u00f3j\u00e1ban. Ez az, ami igaz\u00e1n \u00f6sszek\u00f6t.<\/p>\n\n\n\n<h3 class=\"wp-block-heading\">N\u00e9zd a v\u00e9letleneket<\/h3>\n\n\n\n<p>Minden alkalmaz\u00e1snak megvan a maga m\u00f3dja arra, hogy megmutassa neked az embereket. Vannak, akik ezt jobbra vagy balra h\u00faz\u00e1ssal teszik (mint p\u00e9ld\u00e1ul a Tinder).<\/p>\n\n\n\n<p>M\u00e1sok a k\u00f6zeli profilok list\u00e1j\u00e1t mutatj\u00e1k (p\u00e9ld\u00e1ul Happn). Vannak olyan platformok is, amelyek \u00f6sszetettebb algoritmusokkal rendelkeznek, \u00e9s \u00e9rzelmi affinit\u00e1s vagy k\u00f6z\u00f6s \u00e9rdekl\u0151d\u00e9si k\u00f6r alapj\u00e1n v\u00e1lasztanak.<\/p>\n\n\n\n<h3 class=\"wp-block-heading\">Besz\u00e9lgess \u00e9s kapcsol\u00f3dj<\/h3>\n\n\n\n<p>Amikor k\u00f6lcs\u00f6n\u00f6s az \u00e9rdekl\u0151d\u00e9s, elkezdhettek egy besz\u00e9lget\u00e9st.<\/p>\n\n\n\n<p>A cseveg\u00e9s \u00e1ltal\u00e1ban mag\u00e1ban az alkalmaz\u00e1sban tal\u00e1lhat\u00f3, ahol t\u00f6bbet megtudhatsz az adott szem\u00e9lyr\u0151l, miel\u0151tt megtenn\u00e9d a k\u00f6vetkez\u0151 l\u00e9p\u00e9st. Meglep\u0151dhetsz, mennyi k\u00f6z\u00f6s von\u00e1suk van.<\/p>\n\n\n\n<h2 class=\"wp-block-heading\">A 3 legjobb alkalmaz\u00e1s k\u00fcl\u00f6nleges partner keres\u00e9s\u00e9re<\/h2>\n\n\n\n<h3 class=\"wp-block-heading\">1. \ud83d\udc9e Tinder<\/h3>\n\n\n\n<p><a href=\"https:\/\/tinder.com\/pt\/download\">Tinder a Play \u00c1ruh\u00e1zban<\/a><\/p>\n\n\n\n<p>A Tinder k\u00e9ts\u00e9gtelen\u00fcl a vil\u00e1g egyik legh\u00edresebb alkalmaz\u00e1sa.<\/p>\n\n\n\n<p>\u00c9s ennek egy\u00e9rtelm\u0171 oka van: a k\u00f6nny\u0171 kezelhet\u0151s\u00e9g \u00e9s a hatalmas k\u00f6z\u00f6ss\u00e9g nagyon megn\u00f6veli az es\u00e9lyeit annak, hogy valaki kompatibilis legyen veled.<\/p>\n\n\n\n<p><strong>F\u0151 el\u0151ny\u00f6k:<\/strong><\/p>\n\n\n\n<ul>\n<li>T\u00f6bb mint 70 milli\u00f3 akt\u00edv felhaszn\u00e1l\u00f3 havonta<\/li>\n\n\n\n<li>\u00c9rdekl\u0151d\u00e9s kifejez\u00e9se h\u00faz\u00e1ssal<\/li>\n\n\n\n<li>Speci\u00e1lis sz\u0171r\u0151k: \u00e9letkor, t\u00e1vols\u00e1g, \u00e9rdekl\u0151d\u00e9si k\u00f6r stb.<\/li>\n\n\n\n<li>Lehet\u0151s\u00e9gek komoly kapcsolatra vagy alkalmi tal\u00e1lkoz\u00e1sokra<\/li>\n<\/ul>\n\n\n\n<p><strong>Ide\u00e1lis a k\u00f6vetkez\u0151kh\u00f6z:<\/strong> Azoknak, akik v\u00e1ltozatoss\u00e1gra, spontaneit\u00e1sra \u00e9s gyors, modern \u00e9lm\u00e9nyre v\u00e1gynak<\/p>\n\n\n\n<p><strong>Jarvis tan\u00e1csa:<\/strong> Ha komoly kapcsolatot keresel, akkor a profilodban \u00edrd le, hogy mit szeretn\u00e9l. \u00cdgy hasonl\u00f3 sz\u00e1nd\u00e9k\u00fa embereket fogsz magadhoz vonzani.<\/p>\n\n\n\n<p><\/p>\n\n\n\n<hr class=\"wp-block-separator has-alpha-channel-opacity is-style-wide\" \/>\n\n\n\n<h3 class=\"wp-block-heading\"><mark class=\"has-inline-color has-luminous-vivid-amber-color\"><strong>T\u00f6ltse le az alkalmaz\u00e1sokat<\/strong>.<\/mark><\/h3>\n\n\n    <section class=\"mx-1 my-10\">\n                                                <a href=\"https:\/\/tinder.com\/pt\/download\" class=\"text-white\" data-analytics-label=\"optionsButton\"\n                    data-action=\"analytics#trackCTA\">\n                    <div data-options-target=\"option\"\n                        class=\"custom-section rounded-xl border p-3 shadow-md w-full bg-green-700 my-3\">\n                        <div class=\"flex w-full items-center justify-between\">\n                            <div class=\"flex items-center space-x-3\">\n                                <div class=\"text-lg font-bold\">\n                                    Tinder \u279d\n                                <\/div>\n                            <\/div>\n                        <\/div>\n                    <\/div>\n                <\/a>\n                            <p class=\"text-xs text-gray-500 text-right\"\n            style=\"margin-left: 50%; margin-bottom: 50px; margin-top: 5px;\">\n            <!-- You will be redirected to another website -->\n        <\/p>\n    <\/section>\n\n\n\n\n<p class=\"has-text-align-right\"><strong><em>\u00c1tir\u00e1ny\u00edtunk egy m\u00e1sik webhelyre<\/em><\/strong><\/p>\n\n\n\n<hr class=\"wp-block-separator has-alpha-channel-opacity is-style-wide\" \/>\n\n\n\n<p><\/p>\n\n\n\n<h3 class=\"wp-block-heading\">2. \ud83c\udf39 Badoo<\/h3>\n\n\n\n<p>A Badoo a k\u00f6z\u00f6ss\u00e9gi m\u00e9dia \u00e9s a t\u00e1rskeres\u0151 alkalmaz\u00e1sok legjav\u00e1t \u00f6tv\u00f6zi.<\/p>\n\n\n\n<p>Itt l\u00e9trehozhatsz egy \u00e1tfog\u00f3 profilt, igazolhatod a szem\u00e9lyazonoss\u00e1godat, \u00e9s tal\u00e1lkozhatsz a k\u00f6zeledben vagy ak\u00e1r m\u00e1s v\u00e1rosokban \u00e9l\u0151 emberekkel.<\/p>\n\n\n\n<p><strong>A Badoo legjobbjai:<\/strong><\/p>\n\n\n\n<ul>\n<li>Ellen\u0151rz\u00f6tt profilok a hamis fi\u00f3kok elker\u00fcl\u00e9se \u00e9rdek\u00e9ben<\/li>\n\n\n\n<li>L\u00e1thatod, hogy kik l\u00e1togatt\u00e1k meg a profilodat, \u00e9s kinek tetszett.<\/li>\n\n\n\n<li>Sz\u0171r\u0151k a hasonl\u00f3 \u00edzl\u00e9s\u0171 emberek megtal\u00e1l\u00e1s\u00e1hoz<\/li>\n<\/ul>\n\n\n\n<p><strong>Ide\u00e1lis a k\u00f6vetkez\u0151kh\u00f6z:<\/strong> azoknak, akik teljesebb \u00e9s biztons\u00e1gosabb \u00e9lm\u00e9nyre v\u00e1gynak<\/p>\n\n\n\n<p><strong>Javaslat:<\/strong> Aktiv\u00e1lja a geolok\u00e1ci\u00f3s opci\u00f3t a k\u00f6zeli tal\u00e1latok megtekint\u00e9s\u00e9hez. Lehet, hogy a k\u00fcl\u00f6nleges szem\u00e9lyed k\u00f6zelebb van, mint gondoln\u00e1d!<\/p>\n\n\n\n<p><\/p>\n\n\n\n<hr class=\"wp-block-separator has-alpha-channel-opacity is-style-wide\" \/>\n\n\n\n<h3 class=\"wp-block-heading\"><mark class=\"has-inline-color has-luminous-vivid-amber-color\"><strong>T\u00f6ltse le az alkalmaz\u00e1sokat<\/strong>.<\/mark><\/h3>\n\n\n    <section class=\"mx-1 my-10\">\n                                                <a href=\"https:\/\/badoo.com\/pt\/\" class=\"text-white\" data-analytics-label=\"optionsButton\"\n                    data-action=\"analytics#trackCTA\">\n                    <div data-options-target=\"option\"\n                        class=\"custom-section rounded-xl border p-3 shadow-md w-full bg-green-700 my-3\">\n                        <div class=\"flex w-full items-center justify-between\">\n                            <div class=\"flex items-center space-x-3\">\n                                <div class=\"text-lg font-bold\">\n                                    Badoo \u279d\n                                <\/div>\n                            <\/div>\n                        <\/div>\n                    <\/div>\n                <\/a>\n                            <p class=\"text-xs text-gray-500 text-right\"\n            style=\"margin-left: 50%; margin-bottom: 50px; margin-top: 5px;\">\n            <!-- You will be redirected to another website -->\n        <\/p>\n    <\/section>\n\n\n\n\n<p class=\"has-text-align-right\"><strong><em>Ugyanott fog maradni!<\/em><\/strong><\/p>\n\n\n\n<hr class=\"wp-block-separator has-alpha-channel-opacity is-style-wide\" \/>\n\n\n\n<p><\/p>\n\n\n\n<h3 class=\"wp-block-heading\">3. \u2764\ufe0f\u200d\ud83d\udd25 Boldog<\/h3>\n\n\n\n<p>A Happn egyedi koncepci\u00f3t k\u00edn\u00e1l: megmutatja neked azokat az embereket, akikkel a val\u00f3 \u00e9letben tal\u00e1lkozt\u00e1l.<\/p>\n\n\n\n<p>Vagyis, ha elmegy valaki mellett, aki szint\u00e9n haszn\u00e1lja az alkalmaz\u00e1st, \u00e9s tal\u00e1l egyez\u00e9st, akkor elkezdhettek besz\u00e9lgetni.<\/p>\n\n\n\n<p><strong>Ami k\u00fcl\u00f6nlegess\u00e9 teszi a Happnt:<\/strong><\/p>\n\n\n\n<ul>\n<li>Tal\u00e1lkoz\u00f3k az \u00d6n t\u00e9nyleges tart\u00f3zkod\u00e1si hely\u00e9nek megfelel\u0151en<\/li>\n\n\n\n<li>Diszkr\u00e9t \u00e9rtes\u00edt\u00e9sek k\u00f6lcs\u00f6n\u00f6s \u00e9rdekl\u0151d\u00e9s eset\u00e9n<\/li>\n\n\n\n<li>Lehet\u0151s\u00e9g \u00fcdv\u00f6zlet k\u00fcld\u00e9s\u00e9re vagy j\u00e9gt\u00f6r\u00e9sre<\/li>\n<\/ul>\n\n\n\n<p><strong>T\u00f6k\u00e9letes a k\u00f6vetkez\u0151kh\u00f6z:<\/strong> akik hisznek a sors v\u00e9letleneiben \u00e9s \u00e9rt\u00e9kelik a spont\u00e1n tal\u00e1lkoz\u00e1sokat<\/p>\n\n\n\n<p><strong>Aj\u00e1nl\u00e1s:<\/strong> Hagyd az alkalmaz\u00e1st a h\u00e1tt\u00e9rben futni, hogy ne maradj le a lehet\u0151s\u00e9gekr\u0151l.<\/p>\n\n\n\n<p><\/p>\n\n\n\n<hr class=\"wp-block-separator has-alpha-channel-opacity is-style-wide\" \/>\n\n\n\n<h3 class=\"wp-block-heading\"><mark class=\"has-inline-color has-luminous-vivid-amber-color\"><strong>T\u00f6ltse le az alkalmaz\u00e1sokat<\/strong>.<\/mark><\/h3>\n\n\n    <section class=\"mx-1 my-10\">\n                                                <a href=\"https:\/\/www.happn.com\/pt\/\" class=\"text-white\" data-analytics-label=\"optionsButton\"\n                    data-action=\"analytics#trackCTA\">\n                    <div data-options-target=\"option\"\n                        class=\"custom-section rounded-xl border p-3 shadow-md w-full bg-green-700 my-3\">\n                        <div class=\"flex w-full items-center justify-between\">\n                            <div class=\"flex items-center space-x-3\">\n                                <div class=\"text-lg font-bold\">\n                                    Boldog \u279d\n                                <\/div>\n                            <\/div>\n                        <\/div>\n                    <\/div>\n                <\/a>\n                            <p class=\"text-xs text-gray-500 text-right\"\n            style=\"margin-left: 50%; margin-bottom: 50px; margin-top: 5px;\">\n            <!-- You will be redirected to another website -->\n        <\/p>\n    <\/section>\n\n\n\n\n<p class=\"has-text-align-right\"><strong><em>\u00c1tir\u00e1ny\u00edtunk egy m\u00e1sik webhelyre<\/em><\/strong><\/p>\n\n\n\n<hr class=\"wp-block-separator has-alpha-channel-opacity is-style-wide\" \/>\n\n\n\n<p><\/p>\n\n\n\n<h2 class=\"wp-block-heading\">Amire figyelni kell a profil l\u00e9trehoz\u00e1sakor<\/h2>\n\n\n\n<ul>\n<li>Haszn\u00e1lj val\u00f3di fot\u00f3kat, j\u00f3 megvil\u00e1g\u00edt\u00e1ssal \u00e9s egy mosollyal<\/li>\n\n\n\n<li>\u00cdrj egy le\u00edr\u00e1st, ami t\u00fckr\u00f6zi a szem\u00e9lyis\u00e9gedet<\/li>\n\n\n\n<li>Legyen egy\u00e9rtelm\u0171 a sz\u00e1nd\u00e9kaival a kezdetekt\u0151l fogva<\/li>\n\n\n\n<li>Add meg az \u00e9rdekl\u0151d\u00e9si k\u00f6reidet: zene, filmek, hobbik<\/li>\n<\/ul>\n\n\n\n<h2 class=\"wp-block-heading\">Mit kell mondani az els\u0151 \u00fczenetben<\/h2>\n\n\n\n<p>Sokan elakadnak, amikor elkezdenek besz\u00e9lni. \u00cdme n\u00e9h\u00e1ny p\u00e9lda:<\/p>\n\n\n\n<ul>\n<li>\u201eSzia, felkeltette az \u00e9rdekl\u0151d\u00e9semet a profilod, hogy vagy?\u201d<\/li>\n\n\n\n<li>\u201eL\u00e1ttam, hogy szereted a zen\u00e9t, melyik a kedvenc zenekarod?\u201d<\/li>\n\n\n\n<li>\u201eMilyen sz\u00e9p mosolyod van, mit\u0151l mosolyogsz \u00edgy?\u201d<\/li>\n<\/ul>\n\n\n\n<p>A l\u00e9nyeg, hogy kedvesek, k\u00edv\u00e1ncsiak \u00e9s \u0151szint\u00e9k legy\u00fcnk. Nem kellenek flancos fr\u00e1zisok, csak igazi \u00e9rdekl\u0151d\u00e9s.<\/p>\n\n\n\n<h2 class=\"wp-block-heading\">Tippek a pozit\u00edv \u00e9lm\u00e9nyhez<\/h2>\n\n\n\n<ul>\n<li>Tartsd nyitva az elm\u00e9d<\/li>\n\n\n\n<li>Ker\u00fcld az el\u0151\u00edt\u00e9leteket<\/li>\n\n\n\n<li>Ne cs\u00fcggedj, ha nem tal\u00e1lsz gyorsan valakit.<\/li>\n\n\n\n<li>L\u00e9gy tisztelettud\u00f3 minden besz\u00e9lget\u00e9sben<\/li>\n<\/ul>\n\n\n\n<h2 class=\"wp-block-heading\">A j\u00f3 kapcsolat jelei<\/h2>\n\n\n\n<ul>\n<li>A besz\u00e9lget\u00e9s term\u00e9szetesen folyik<\/li>\n\n\n\n<li>K\u00f6lcs\u00f6n\u00f6s tisztelet van<\/li>\n\n\n\n<li>K\u00f6z\u00f6s \u00e9rdekl\u0151d\u00e9si k\u00f6r\u00fck van<\/li>\n\n\n\n<li>K\u00e9nyelmesen \u00e9s boldogan \u00e9rzed magad azzal a szem\u00e9llyel besz\u00e9lgetve<\/li>\n<\/ul>\n\n\n\n<p>Ha ez megt\u00f6rt\u00e9nik, akkor j\u00f3 \u00faton j\u00e1rsz!<\/p>\n\n\n\n<h2 class=\"wp-block-heading\">Hogyan v\u00e9dd meg magad a t\u00e1rskeres\u0151 alkalmaz\u00e1sokban<\/h2>\n\n\n\n<ul>\n<li>Soha ne ossz meg t\u00fal hamar szem\u00e9lyes adatokat<\/li>\n\n\n\n<li>Ne k\u00fcldj kompromitt\u00e1l\u00f3 fot\u00f3kat<\/li>\n\n\n\n<li>Mindig az alkalmaz\u00e1s cseveg\u00e9seit haszn\u00e1ld<\/li>\n\n\n\n<li>Ha \u00fagy d\u00f6ntesz, hogy tal\u00e1lkozol valakivel, tedd azt nyilv\u00e1nos helyen.<\/li>\n<\/ul>\n\n\n\n<h2 class=\"wp-block-heading\">Sikert\u00f6rt\u00e9netek, amelyek inspir\u00e1lnak<\/h2>\n\n\n\n<blockquote class=\"wp-block-quote\">\n<p>\u201eAzt hittem, csak egy t\u00e1rskeres\u0151 alkalmaz\u00e1s, de a Tinderen tal\u00e1lkoztam \u00e9letem szerelm\u00e9vel. M\u00e1r k\u00e9t \u00e9ve egy\u00fctt vagyunk, \u00e9s a h\u00e1zass\u00e1got tervezz\u00fck.\u201d \u2013 Veronika, 29 \u00e9ves<\/p>\n<\/blockquote>\n\n\n\n<blockquote class=\"wp-block-quote\">\n<p>\u201eA Badoo-val tal\u00e1ltam valakit, aki meghallgat, meg\u00e9rt, \u00e9s minden nap megnevettet. Soha nem gondoltam volna, hogy egy alkalmaz\u00e1s ennyire meg tudja v\u00e1ltoztatni az \u00e9letemet.\u201d \u2013 S\u00e1muel, 37 \u00e9ves<\/p>\n<\/blockquote>\n\n\n\n<blockquote class=\"wp-block-quote\">\n<p>\u201eA Happn egy csoda volt. Folyton ugyanabba a l\u00e1nnyal futottam \u00f6ssze a parkban. Egyik nap megjelent az alkalmaz\u00e1sban, \u00e9s most \u0151 a bar\u00e1tn\u0151m.\u201d \u2013 Diego, 24 \u00e9ves<\/p>\n<\/blockquote>\n\n\n<div class=\"wp-block-image\">\n<figure class=\"aligncenter size-full\"><img loading=\"lazy\" decoding=\"async\" width=\"550\" height=\"350\" src=\"https:\/\/universofamilia.com\/wp-content\/uploads\/sites\/148\/2025\/04\/DESTAQUE-UNIVERSO-550-x-350-5-4.jpg\" alt=\"\" class=\"wp-image-9329\" srcset=\"http:\/\/universofamilia.com\/wp-content\/uploads\/sites\/148\/2025\/04\/DESTAQUE-UNIVERSO-550-x-350-5-4.jpg 550w, http:\/\/universofamilia.com\/wp-content\/uploads\/sites\/148\/2025\/04\/DESTAQUE-UNIVERSO-550-x-350-5-4-300x191.jpg 300w, http:\/\/universofamilia.com\/wp-content\/uploads\/sites\/148\/2025\/04\/DESTAQUE-UNIVERSO-550-x-350-5-4-18x12.jpg 18w\" sizes=\"(max-width: 550px) 100vw, 550px\" \/><figcaption class=\"wp-element-caption\">K\u00fcl\u00f6nleges partnert keresek t\u00e1rskeres\u0151 alkalmaz\u00e1sokon.<\/figcaption><\/figure><\/div>\n\n\n<h2 class=\"wp-block-heading\">Gyakori hib\u00e1k, amelyeket el kell ker\u00fclni<\/h2>\n\n\n\n<ul>\n<li>Hazudsz a korodr\u00f3l vagy a p\u00e1rkapcsolati \u00e1llapotodr\u00f3l<\/li>\n\n\n\n<li>Durva vagy kitart\u00f3<\/li>\n\n\n\n<li>Valakit a k\u00fclseje alapj\u00e1n \u00edt\u00e9lni<\/li>\n\n\n\n<li>Azt gondolva, hogy a szerelem az els\u0151 napon elj\u00f6n<\/li>\n<\/ul>\n\n\n\n<p>A t\u00fcrelem \u00e9s az \u0151szintes\u00e9g mindig jobb eredm\u00e9nyt hoz.<\/p>\n\n\n\n<h2 class=\"wp-block-heading\">Melyik alkalmaz\u00e1s a legjobb az \u00d6n sz\u00e1m\u00e1ra?<\/h2>\n\n\n\n<p>Att\u00f3l f\u00fcgg, mit keresel:<\/p>\n\n\n\n<ul>\n<li><strong>Hogy sok emberrel tal\u00e1lkozhass \u00e9s felfedezhesd:<\/strong> Tapl\u00f3<\/li>\n\n\n\n<li><strong>Val\u00f3di kapcsolatok \u00e9s biztons\u00e1gos profilok eset\u00e9n:<\/strong> Badoo<\/li>\n\n\n\n<li><strong>A sorsbeli tal\u00e1lkoz\u00e1sokhoz:<\/strong> Happn<\/li>\n<\/ul>\n\n\n\n<p>Kipr\u00f3b\u00e1lhatsz t\u00f6bbet is, \u00e9s maradhatsz ann\u00e1l, amelyik a legk\u00e9nyelmesebb sz\u00e1modra.<\/p>\n\n\n\n<h2 class=\"wp-block-heading\">Ide\u00e1lis k\u00f6z\u00f6s programok a meccs ut\u00e1n<\/h2>\n\n\n\n<ul>\n<li>Igy\u00e1l egy k\u00e1v\u00e9t<\/li>\n\n\n\n<li>S\u00e9ta a parkban<\/li>\n\n\n\n<li>N\u00e9zzetek meg egy filmet egy\u00fctt<\/li>\n\n\n\n<li>Online videoj\u00e1t\u00e9kok<\/li>\n\n\n\n<li>Recept elk\u00e9sz\u00edt\u00e9se videoh\u00edv\u00e1son kereszt\u00fcl<\/li>\n<\/ul>\n\n\n\n<p>Nem kell p\u00e9nzt k\u00f6ltened, vagy semmi nagy dolgot tervezned. A l\u00e9nyeg az, hogy id\u0151t szak\u00edtsatok r\u00e1, \u00e9s jobban megismerj\u00e9tek egym\u00e1st.<\/p>\n\n\n\n<h2 class=\"wp-block-heading\">Hogyan tartsuk \u00e9letben a kapcsolatot<\/h2>\n\n\n\n<ul>\n<li>\u00cdrj minden nap, m\u00e9g ha csak egy r\u00f6vid \u00fczenetet is.<\/li>\n\n\n\n<li>K\u00e9rdezd meg, milyen volt a napjuk<\/li>\n\n\n\n<li>Dalok, m\u00e9mek, vide\u00f3k megoszt\u00e1sa<\/li>\n\n\n\n<li>K\u00e9sz\u00edtsen sz\u00f3rakoztat\u00f3 videoh\u00edv\u00e1sokat<\/li>\n\n\n\n<li>Akkor tervezzetek meg tal\u00e1lkoz\u00f3kat, amikor mindketten k\u00e9szen \u00e1lltok.<\/li>\n<\/ul>\n\n\n\n<h2 class=\"wp-block-heading\">Az \u00e9rzelmi hat\u00e1sa annak, ha valaki k\u00fcl\u00f6nlegeset tal\u00e1lunk<\/h2>\n\n\n\n<p>Egy partner megv\u00e1ltoztatja az energi\u00e1idat. Jav\u00edtja az \u00f6nbecs\u00fcl\u00e9sedet, \u00f6r\u00f6met, motiv\u00e1ci\u00f3t \u00e9s rem\u00e9nyt ad. Ne becs\u00fcld al\u00e1 egy j\u00f3 besz\u00e9lget\u00e9s erej\u00e9t.<\/p>\n\n\n\n<p>Az alkalmaz\u00e1sok nem csak randiz\u00e1sra val\u00f3k. Hidak \u00faj t\u00f6rt\u00e9netekhez, sebek begy\u00f3gy\u00edt\u00e1s\u00e1hoz, a szerelembe vetett bizalom \u00fajra\u00e9p\u00edt\u00e9s\u00e9hez.<\/p>\n\n\n\n<h2 class=\"wp-block-heading\">Cselekedj m\u00e9g ma!<\/h2>\n\n\n\n<p>Elolvastad, meg\u00e9rtetted, elgondolkodt\u00e1l, \u00e9s most j\u00f6n a legfontosabb pillanat: <strong>t\u00f6rv\u00e9ny<\/strong>. A szerelem nem v\u00e1r. \u00c9s ha itt vagy, az az\u00e9rt van, mert m\u00e1r megtetted az els\u0151 l\u00e9p\u00e9st.<\/p>\n\n\n\n<p>T\u00f6ltsd le az aj\u00e1nlott alkalmaz\u00e1sok egyik\u00e9t, hozd l\u00e9tre a profilodat, \u00e9s kezdd el felfedezni a lehet\u0151s\u00e9gek \u00faj vil\u00e1g\u00e1t. Tal\u00e1n a k\u00f6vetkez\u0151 t\u00f6rt\u00e9net, amit elmes\u00e9l\u00fcnk, a ti\u00e9d lesz.<\/p>\n\n\n\n<p>Ne hagyd, hogy a f\u00e9lelem vagy a k\u00e9ts\u00e9g meg\u00e1ll\u00edtson. Mert a szerelem, amikor igazi, minden pr\u00f3b\u00e1lkoz\u00e1st meg\u00e9r.<\/p>","protected":false},"excerpt":{"rendered":"<p>\u00bfEst\u00e1s buscando una conexi\u00f3n real? \u00a1Elija una de las opciones! \u00a1Permanecer\u00e1 en el mismo sitio! Busco un compa\u00f1ero especial en los apps de citas. Esta frase representa un deseo profundo que muchas personas sienten: la necesidad de compartir, de amar, de encontrar a alguien con quien re\u00edr, hablar y so\u00f1ar. No importa tu edad ni [&hellip;]<\/p>","protected":false},"author":139,"featured_media":9329,"comment_status":"closed","ping_status":"open","sticky":false,"template":"","format":"standard","meta":{"footnotes":""},"categories":[2],"tags":[2081,410,2103,2072,2201],"yoast_head":"<!-- This site is optimized with the Yoast SEO plugin v23.3 - https:\/\/yoast.com\/wordpress\/plugins\/seo\/ -->\n<title>Busco un compa\u00f1ero especial en los apps de citas - Universo Fam\u00edlia<\/title>\n<meta name=\"description\" content=\"Busco un compa\u00f1ero especial en los apps de citas. Busco un compa\u00f1ero especial en los apps de citas....\" \/>\n<meta name=\"robots\" content=\"index, follow, max-snippet:-1, max-image-preview:large, max-video-preview:-1\" \/>\n<link rel=\"canonical\" href=\"https:\/\/universofamilia.com\/hu\/busco-un-companero-especial-en-los-apps-de-citas\/\" \/>\n<meta property=\"og:locale\" content=\"hu_HU\" \/>\n<meta property=\"og:type\" content=\"article\" \/>\n<meta property=\"og:title\" content=\"Busco un compa\u00f1ero especial en los apps de citas - Universo Fam\u00edlia\" \/>\n<meta property=\"og:description\" content=\"Busco un compa\u00f1ero especial en los apps de citas. Busco un compa\u00f1ero especial en los apps de citas....\" \/>\n<meta property=\"og:url\" content=\"https:\/\/universofamilia.com\/hu\/busco-un-companero-especial-en-los-apps-de-citas\/\" \/>\n<meta property=\"og:site_name\" content=\"Universo Fam\u00edlia\" \/>\n<meta property=\"article:published_time\" content=\"2025-04-16T14:26:23+00:00\" \/>\n<meta property=\"article:modified_time\" content=\"2025-04-16T14:26:24+00:00\" \/>\n<meta property=\"og:image\" content=\"https:\/\/universofamilia.com\/wp-content\/uploads\/sites\/148\/2025\/04\/DESTAQUE-UNIVERSO-550-x-350-5-4.jpg\" \/>\n\t<meta property=\"og:image:width\" content=\"550\" \/>\n\t<meta property=\"og:image:height\" content=\"350\" \/>\n\t<meta property=\"og:image:type\" content=\"image\/jpeg\" \/>\n<meta name=\"author\" content=\"Pedro Henrique\" \/>\n<meta name=\"twitter:card\" content=\"summary_large_image\" \/>\n<meta name=\"twitter:label1\" content=\"Written by\" \/>\n\t<meta name=\"twitter:data1\" content=\"Pedro Henrique\" \/>\n\t<meta name=\"twitter:label2\" content=\"Est. reading time\" \/>\n\t<meta name=\"twitter:data2\" content=\"9 perc\" \/>\n<script type=\"application\/ld+json\" class=\"yoast-schema-graph\">{\"@context\":\"https:\/\/schema.org\",\"@graph\":[{\"@type\":\"WebPage\",\"@id\":\"https:\/\/universofamilia.com\/pl\/busco-un-companero-especial-en-los-apps-de-citas\/\",\"url\":\"https:\/\/universofamilia.com\/pl\/busco-un-companero-especial-en-los-apps-de-citas\/\",\"name\":\"Busco un compa\u00f1ero especial en los apps de citas - Universo Fam\u00edlia\",\"isPartOf\":{\"@id\":\"https:\/\/universofamilia.com\/el\/#website\"},\"primaryImageOfPage\":{\"@id\":\"https:\/\/universofamilia.com\/pl\/busco-un-companero-especial-en-los-apps-de-citas\/#primaryimage\"},\"image\":{\"@id\":\"https:\/\/universofamilia.com\/pl\/busco-un-companero-especial-en-los-apps-de-citas\/#primaryimage\"},\"thumbnailUrl\":\"http:\/\/universofamilia.com\/wp-content\/uploads\/sites\/148\/2025\/04\/DESTAQUE-UNIVERSO-550-x-350-5-4.jpg\",\"datePublished\":\"2025-04-16T14:26:23+00:00\",\"dateModified\":\"2025-04-16T14:26:24+00:00\",\"author\":{\"@id\":\"https:\/\/universofamilia.com\/el\/#\/schema\/person\/f07ce98187dd84d31154262e79b3b7ca\"},\"description\":\"Busco un compa\u00f1ero especial en los apps de citas. Busco un compa\u00f1ero especial en los apps de citas....\",\"breadcrumb\":{\"@id\":\"https:\/\/universofamilia.com\/pl\/busco-un-companero-especial-en-los-apps-de-citas\/#breadcrumb\"},\"inLanguage\":\"hu\",\"potentialAction\":[{\"@type\":\"ReadAction\",\"target\":[\"https:\/\/universofamilia.com\/pl\/busco-un-companero-especial-en-los-apps-de-citas\/\"]}]},{\"@type\":\"ImageObject\",\"inLanguage\":\"hu\",\"@id\":\"https:\/\/universofamilia.com\/pl\/busco-un-companero-especial-en-los-apps-de-citas\/#primaryimage\",\"url\":\"http:\/\/universofamilia.com\/wp-content\/uploads\/sites\/148\/2025\/04\/DESTAQUE-UNIVERSO-550-x-350-5-4.jpg\",\"contentUrl\":\"http:\/\/universofamilia.com\/wp-content\/uploads\/sites\/148\/2025\/04\/DESTAQUE-UNIVERSO-550-x-350-5-4.jpg\",\"width\":550,\"height\":350,\"caption\":\"Busco un compa\u00f1ero especial en los apps de citas\"},{\"@type\":\"BreadcrumbList\",\"@id\":\"https:\/\/universofamilia.com\/pl\/busco-un-companero-especial-en-los-apps-de-citas\/#breadcrumb\",\"itemListElement\":[{\"@type\":\"ListItem\",\"position\":1,\"name\":\"Home\",\"item\":\"https:\/\/universofamilia.com\/el\/\"},{\"@type\":\"ListItem\",\"position\":2,\"name\":\"Busco un compa\u00f1ero especial en los apps de citas\"}]},{\"@type\":\"WebSite\",\"@id\":\"https:\/\/universofamilia.com\/el\/#website\",\"url\":\"https:\/\/universofamilia.com\/el\/\",\"name\":\"Universo Fam\u00edlia\",\"description\":\"\",\"potentialAction\":[{\"@type\":\"SearchAction\",\"target\":{\"@type\":\"EntryPoint\",\"urlTemplate\":\"https:\/\/universofamilia.com\/el\/?s={search_term_string}\"},\"query-input\":\"required name=search_term_string\"}],\"inLanguage\":\"hu\"},{\"@type\":\"Person\",\"@id\":\"https:\/\/universofamilia.com\/el\/#\/schema\/person\/f07ce98187dd84d31154262e79b3b7ca\",\"name\":\"Pedro Henrique\",\"image\":{\"@type\":\"ImageObject\",\"inLanguage\":\"hu\",\"@id\":\"https:\/\/universofamilia.com\/el\/#\/schema\/person\/image\/\",\"url\":\"http:\/\/0.gravatar.com\/avatar\/9edfeb808cb4e1599f64d6e45b130154?s=96&d=mm&r=g\",\"contentUrl\":\"http:\/\/0.gravatar.com\/avatar\/9edfeb808cb4e1599f64d6e45b130154?s=96&d=mm&r=g\",\"caption\":\"Pedro Henrique\"},\"url\":\"http:\/\/universofamilia.com\/hu\/author\/editor01\/\"}]}<\/script>\n<!-- \/ Yoast SEO plugin. -->","yoast_head_json":{"title":"Busco un compa\u00f1ero especial en los apps de citas - Universo Fam\u00edlia","description":"Busco un compa\u00f1ero especial en los apps de citas. Busco un compa\u00f1ero especial en los apps de citas....","robots":{"index":"index","follow":"follow","max-snippet":"max-snippet:-1","max-image-preview":"max-image-preview:large","max-video-preview":"max-video-preview:-1"},"canonical":"https:\/\/universofamilia.com\/hu\/busco-un-companero-especial-en-los-apps-de-citas\/","og_locale":"hu_HU","og_type":"article","og_title":"Busco un compa\u00f1ero especial en los apps de citas - Universo Fam\u00edlia","og_description":"Busco un compa\u00f1ero especial en los apps de citas. Busco un compa\u00f1ero especial en los apps de citas....","og_url":"https:\/\/universofamilia.com\/hu\/busco-un-companero-especial-en-los-apps-de-citas\/","og_site_name":"Universo Fam\u00edlia","article_published_time":"2025-04-16T14:26:23+00:00","article_modified_time":"2025-04-16T14:26:24+00:00","og_image":[{"width":550,"height":350,"url":"https:\/\/universofamilia.com\/wp-content\/uploads\/sites\/148\/2025\/04\/DESTAQUE-UNIVERSO-550-x-350-5-4.jpg","type":"image\/jpeg"}],"author":"Pedro Henrique","twitter_card":"summary_large_image","twitter_misc":{"Written by":"Pedro Henrique","Est. reading time":"9 perc"},"schema":{"@context":"https:\/\/schema.org","@graph":[{"@type":"WebPage","@id":"https:\/\/universofamilia.com\/pl\/busco-un-companero-especial-en-los-apps-de-citas\/","url":"https:\/\/universofamilia.com\/pl\/busco-un-companero-especial-en-los-apps-de-citas\/","name":"Busco un compa\u00f1ero especial en los apps de citas - Universo Fam\u00edlia","isPartOf":{"@id":"https:\/\/universofamilia.com\/el\/#website"},"primaryImageOfPage":{"@id":"https:\/\/universofamilia.com\/pl\/busco-un-companero-especial-en-los-apps-de-citas\/#primaryimage"},"image":{"@id":"https:\/\/universofamilia.com\/pl\/busco-un-companero-especial-en-los-apps-de-citas\/#primaryimage"},"thumbnailUrl":"http:\/\/universofamilia.com\/wp-content\/uploads\/sites\/148\/2025\/04\/DESTAQUE-UNIVERSO-550-x-350-5-4.jpg","datePublished":"2025-04-16T14:26:23+00:00","dateModified":"2025-04-16T14:26:24+00:00","author":{"@id":"https:\/\/universofamilia.com\/el\/#\/schema\/person\/f07ce98187dd84d31154262e79b3b7ca"},"description":"Busco un compa\u00f1ero especial en los apps de citas. Busco un compa\u00f1ero especial en los apps de citas....","breadcrumb":{"@id":"https:\/\/universofamilia.com\/pl\/busco-un-companero-especial-en-los-apps-de-citas\/#breadcrumb"},"inLanguage":"hu","potentialAction":[{"@type":"ReadAction","target":["https:\/\/universofamilia.com\/pl\/busco-un-companero-especial-en-los-apps-de-citas\/"]}]},{"@type":"ImageObject","inLanguage":"hu","@id":"https:\/\/universofamilia.com\/pl\/busco-un-companero-especial-en-los-apps-de-citas\/#primaryimage","url":"http:\/\/universofamilia.com\/wp-content\/uploads\/sites\/148\/2025\/04\/DESTAQUE-UNIVERSO-550-x-350-5-4.jpg","contentUrl":"http:\/\/universofamilia.com\/wp-content\/uploads\/sites\/148\/2025\/04\/DESTAQUE-UNIVERSO-550-x-350-5-4.jpg","width":550,"height":350,"caption":"Busco un compa\u00f1ero especial en los apps de citas"},{"@type":"BreadcrumbList","@id":"https:\/\/universofamilia.com\/pl\/busco-un-companero-especial-en-los-apps-de-citas\/#breadcrumb","itemListElement":[{"@type":"ListItem","position":1,"name":"Home","item":"https:\/\/universofamilia.com\/el\/"},{"@type":"ListItem","position":2,"name":"Busco un compa\u00f1ero especial en los apps de citas"}]},{"@type":"WebSite","@id":"https:\/\/universofamilia.com\/el\/#website","url":"https:\/\/universofamilia.com\/el\/","name":"Universo Fam\u00edlia","description":"","potentialAction":[{"@type":"SearchAction","target":{"@type":"EntryPoint","urlTemplate":"https:\/\/universofamilia.com\/el\/?s={search_term_string}"},"query-input":"required name=search_term_string"}],"inLanguage":"hu"},{"@type":"Person","@id":"https:\/\/universofamilia.com\/el\/#\/schema\/person\/f07ce98187dd84d31154262e79b3b7ca","name":"Pedro Henrique","image":{"@type":"ImageObject","inLanguage":"hu","@id":"https:\/\/universofamilia.com\/el\/#\/schema\/person\/image\/","url":"http:\/\/0.gravatar.com\/avatar\/9edfeb808cb4e1599f64d6e45b130154?s=96&d=mm&r=g","contentUrl":"http:\/\/0.gravatar.com\/avatar\/9edfeb808cb4e1599f64d6e45b130154?s=96&d=mm&r=g","caption":"Pedro Henrique"},"url":"http:\/\/universofamilia.com\/hu\/author\/editor01\/"}]}},"_links":{"self":[{"href":"http:\/\/universofamilia.com\/hu\/wp-json\/wp\/v2\/posts\/9324"}],"collection":[{"href":"http:\/\/universofamilia.com\/hu\/wp-json\/wp\/v2\/posts"}],"about":[{"href":"http:\/\/universofamilia.com\/hu\/wp-json\/wp\/v2\/types\/post"}],"author":[{"embeddable":true,"href":"http:\/\/universofamilia.com\/hu\/wp-json\/wp\/v2\/users\/139"}],"replies":[{"embeddable":true,"href":"http:\/\/universofamilia.com\/hu\/wp-json\/wp\/v2\/comments?post=9324"}],"version-history":[{"count":2,"href":"http:\/\/universofamilia.com\/hu\/wp-json\/wp\/v2\/posts\/9324\/revisions"}],"predecessor-version":[{"id":9341,"href":"http:\/\/universofamilia.com\/hu\/wp-json\/wp\/v2\/posts\/9324\/revisions\/9341"}],"wp:featuredmedia":[{"embeddable":true,"href":"http:\/\/universofamilia.com\/hu\/wp-json\/wp\/v2\/media\/9329"}],"wp:attachment":[{"href":"http:\/\/universofamilia.com\/hu\/wp-json\/wp\/v2\/media?parent=9324"}],"wp:term":[{"taxonomy":"category","embeddable":true,"href":"http:\/\/universofamilia.com\/hu\/wp-json\/wp\/v2\/categories?post=9324"},{"taxonomy":"post_tag","embeddable":true,"href":"http:\/\/universofamilia.com\/hu\/wp-json\/wp\/v2\/tags?post=9324"}],"curies":[{"name":"wp","href":"https:\/\/api.w.org\/{rel}","templated":true}]}}