{"id":9338,"date":"2025-04-17T14:55:29","date_gmt":"2025-04-17T14:55:29","guid":{"rendered":"https:\/\/universofamilia.com\/?p=9338"},"modified":"2025-04-17T14:55:30","modified_gmt":"2025-04-17T14:55:30","slug":"busco-un-companero-especial-en-los-apps-de-citas-2","status":"publish","type":"post","link":"http:\/\/universofamilia.com\/hu\/busco-un-companero-especial-en-los-apps-de-citas-2\/","title":{"rendered":"K\u00fcl\u00f6nleges partnert keresek t\u00e1rskeres\u0151 alkalmaz\u00e1sokon."},"content":{"rendered":"<h3 class=\"wp-block-heading has-text-align-center\">\u00dagy \u00e9rzed, itt az ideje megtal\u00e1lni egy <strong>k\u00fcl\u00f6nleges t\u00e1rs<\/strong>?<\/h3>\n\n\n\n<p><\/p>\n\n\n\n<h5 class=\"wp-block-heading has-text-align-center\"><strong><mark class=\"has-inline-color has-vivid-cyan-blue-color\">V\u00e1lasszon egyet a lehet\u0151s\u00e9gek k\u00f6z\u00fcl!<\/mark><\/strong><\/h5>\n\n\n    <section class=\"mx-1 my-10\">\n                                                <a href=\"http:\/\/universofamilia.com\/hu\/aplicaciones-de-citas-2\/\" class=\"text-white\" data-analytics-label=\"optionsButton\"\n                    data-action=\"analytics#trackCTA\">\n                    <div data-options-target=\"option\"\n                        class=\"custom-section rounded-xl border p-3 shadow-md w-full bg-green-700 my-3\">\n                        <div class=\"flex w-full items-center justify-between\">\n                            <div class=\"flex items-center space-x-3\">\n                                <div class=\"text-lg font-bold\">\n                                    Ismerd meg a Legszebbet!  \u279d\n                                <\/div>\n                            <\/div>\n                        <\/div>\n                    <\/div>\n                <\/a>\n                                                            <a href=\"http:\/\/universofamilia.com\/hu\/descubriendo-nuevas-amistades\/\" class=\"text-white\" data-analytics-label=\"optionsButton\"\n                    data-action=\"analytics#trackCTA\">\n                    <div data-options-target=\"option\"\n                        class=\"custom-section rounded-xl border p-3 shadow-md w-full bg-green-700 my-3\">\n                        <div class=\"flex w-full items-center justify-between\">\n                            <div class=\"flex items-center space-x-3\">\n                                <div class=\"text-lg font-bold\">\n                                    Ismerkedj meg a norm\u00e1lis n\u0151kkel!  \u279d\n                                <\/div>\n                            <\/div>\n                        <\/div>\n                    <\/div>\n                <\/a>\n                                                            <a href=\"http:\/\/universofamilia.com\/hu\/el-amor-a-un-clic\/\" class=\"text-white\" data-analytics-label=\"optionsButton\"\n                    data-action=\"analytics#trackCTA\">\n                    <div data-options-target=\"option\"\n                        class=\"custom-section rounded-xl border p-3 shadow-md w-full bg-green-700 my-3\">\n                        <div class=\"flex w-full items-center justify-between\">\n                            <div class=\"flex items-center space-x-3\">\n                                <div class=\"text-lg font-bold\">\n                                    Szia, besz\u00e9lj most!  \u279d\n                                <\/div>\n                            <\/div>\n                        <\/div>\n                    <\/div>\n                <\/a>\n                            <p class=\"text-xs text-gray-500 text-right hidden\"\n            style=\"margin-left: 50%; margin-bottom: 50px; margin-top: 5px;\">\n            <!-- You will be redirected to another website -->\n        <\/p>\n    <\/section>\n\n\n\n\n<p class=\"has-text-align-right\"><strong><em>Ugyanott fog maradni!<\/em><\/strong><\/p>\n\n\n\n<hr class=\"wp-block-separator has-alpha-channel-opacity is-style-wide\" \/>\n\n\n\n<p><\/p>\n\n\n\n<h3 class=\"wp-block-heading has-text-align-center\">Igazi kapcsolatot keresel, <a href=\"http:\/\/universofamilia.com\/hu\/aplicaciones-de-citas-2\/\">komplik\u00e1ci\u00f3k vagy j\u00e1t\u00e9kok n\u00e9lk\u00fcl?<\/a><\/h3>\n\n\n\n<p class=\"has-text-align-left\">Manaps\u00e1g a <strong>randialkalmaz\u00e1sok<\/strong> Sz\u00f6vets\u00e9gesekk\u00e9 v\u00e1ltak azok sz\u00e1m\u00e1ra, akik \u0151szinte szeretetre v\u00e1gynak.<\/p>\n\n\n\n<p>Ebben a cikkben megmutatjuk, hogyan tal\u00e1lhatod meg azt a k\u00fcl\u00f6nleges valakit, m\u00e9g akkor is, ha nem vagy j\u00e1rtas a technol\u00f3gi\u00e1ban.<\/p>\n\n\n\n<h2 class=\"wp-block-heading\">A szerelem k\u00f6zelebb van, mint gondoln\u00e1d<\/h2>\n\n\n\n<p>Digit\u00e1lis korban \u00e9l\u00fcnk. De ez nem jelenti azt, hogy az \u00e9rz\u00e9sek megv\u00e1ltoztak.<\/p>\n\n\n\n<p>A keres\u00e9s egy <strong>k\u00fcl\u00f6nleges t\u00e1rs<\/strong> ugyanolyan fontos marad, mint valaha.<\/p>\n\n\n\n<p>Akkor mi\u00e9rt haszn\u00e1ln\u00e1nk ehhez egy alkalmaz\u00e1st?<\/p>\n\n\n\n<p>Mert az id\u0151k megv\u00e1ltoztak, \u00e9s a szerelem a k\u00e9perny\u0151n is megtal\u00e1lhat\u00f3.<\/p>\n\n\n\n<p>Ak\u00e1r 20, 40 vagy 70 \u00e9ves vagy, mindannyian meg\u00e9rdemelj\u00fck, hogy igazi kapcsolatot tal\u00e1ljunk. \u00c9s a legjobb az eg\u00e9szben: mindezt otthonr\u00f3l sem kell elhagynod.<\/p>\n\n\n\n<p>Csup\u00e1n egy mobiltelefonnal \u00e9s egy kis \u00fatmutat\u00e1ssal (amit itt megadunk) megteheted az els\u0151 l\u00e9p\u00e9seket egy \u00faj kezdet fel\u00e9. K\u00e9szen \u00e1llsz, hogy megtudd, hogyan?<\/p>\n\n\n\n<p><\/p>\n\n\n\n<hr class=\"wp-block-separator has-alpha-channel-opacity is-style-wide\" \/>\n\n\n\n<h4 class=\"wp-block-heading has-text-align-center\"><strong><mark class=\"has-inline-color has-luminous-vivid-orange-color\">Olvasd el ezt is<\/mark><\/strong><\/h4>\n\n\n    <section class=\"mx-1 my-10\">\n                                                <a href=\"http:\/\/universofamilia.com\/hu\/lp-filmes-asiaticos\/\" class=\"text-white\" data-analytics-label=\"optionsButton\"\n                    data-action=\"analytics#trackCTA\">\n                    <div data-options-target=\"option\"\n                        class=\"custom-section rounded-xl border p-3 shadow-md w-full bg-green-700 my-3\">\n                        <div class=\"flex w-full items-center justify-between\">\n                            <div class=\"flex items-center space-x-3\">\n                                <div class=\"text-lg font-bold\">\n                                    App koreai dr\u00e1m\u00e1k n\u00e9z\u00e9s\u00e9hez \u279d\n                                <\/div>\n                            <\/div>\n                        <\/div>\n                    <\/div>\n                <\/a>\n                                                            <a href=\"http:\/\/universofamilia.com\/hu\/lp-recuperar-fotos\/\" class=\"text-white\" data-analytics-label=\"optionsButton\"\n                    data-action=\"analytics#trackCTA\">\n                    <div data-options-target=\"option\"\n                        class=\"custom-section rounded-xl border p-3 shadow-md w-full bg-green-700 my-3\">\n                        <div class=\"flex w-full items-center justify-between\">\n                            <div class=\"flex items-center space-x-3\">\n                                <div class=\"text-lg font-bold\">\n                                    T\u00f6r\u00f6lt fot\u00f3k helyre\u00e1ll\u00edt\u00e1sa ezzel az alkalmaz\u00e1ssal!  \u279d\n                                <\/div>\n                            <\/div>\n                        <\/div>\n                    <\/div>\n                <\/a>\n                                                            <a href=\"http:\/\/universofamilia.com\/hu\/el-amor-a-un-clic\/\" class=\"text-white\" data-analytics-label=\"optionsButton\"\n                    data-action=\"analytics#trackCTA\">\n                    <div data-options-target=\"option\"\n                        class=\"custom-section rounded-xl border p-3 shadow-md w-full bg-green-700 my-3\">\n                        <div class=\"flex w-full items-center justify-between\">\n                            <div class=\"flex items-center space-x-3\">\n                                <div class=\"text-lg font-bold\">\n                                    Fedezd fel az ide\u00e1lis t\u00e1rskeres\u0151 alkalmaz\u00e1st \u279d\n                                <\/div>\n                            <\/div>\n                        <\/div>\n                    <\/div>\n                <\/a>\n                            <p class=\"text-xs text-gray-500 text-right hidden\"\n            style=\"margin-left: 50%; margin-bottom: 50px; margin-top: 5px;\">\n            <!-- You will be redirected to another website -->\n        <\/p>\n    <\/section>\n\n\n\n\n<p class=\"has-text-align-right\"><em><strong><em><strong><em><strong><em><strong><em><strong>Ugyanott fog maradni!<\/strong><\/em><\/strong><\/em><\/strong><\/em><\/strong><\/em><\/strong><\/em><\/p>\n\n\n\n<hr class=\"wp-block-separator has-alpha-channel-opacity is-style-wide\" \/>\n\n\n\n<p><\/p>\n\n\n\n<h2 class=\"wp-block-heading\">Mit jelent val\u00f3j\u00e1ban egy k\u00fcl\u00f6nleges partner?<\/h2>\n\n\n\n<p>Van egy <strong>k\u00fcl\u00f6nleges t\u00e1rs<\/strong> Nem csak arr\u00f3l van sz\u00f3, hogy randizni kell valakivel. Sokkal m\u00e9lyebb.<\/p>\n\n\n\n<h3 class=\"wp-block-heading\">Jelentheti:<\/h3>\n\n\n\n<ul>\n<li>Van valaki, aki figyelmesen meghallgat<\/li>\n\n\n\n<li>Nevet\u00e9s, \u00e1lmok \u00e9s eml\u00e9kek megoszt\u00e1sa<\/li>\n\n\n\n<li>\u00c9rezd magad \u00e9rt\u00e9kesnek, tiszteltnek \u00e9s mellette \u00e1ll\u00f3nak<\/li>\n\n\n\n<li>\u00c9rezd \u00fajra a pillang\u00f3kat, kort\u00f3l f\u00fcggetlen\u00fcl<\/li>\n<\/ul>\n\n\n\n<p>A <strong>randialkalmaz\u00e1sok<\/strong> J\u00f3l haszn\u00e1lva seg\u00edthetnek megtal\u00e1lni azokat az embereket, akik pontosan ezt keresik. \u00c9s te is lehetsz egy k\u00f6z\u00fcl\u00fck.<\/p>\n\n\n\n<h2 class=\"wp-block-heading\">Mi\u00e9rt keresel partnert alkalmaz\u00e1sokon kereszt\u00fcl, ha m\u00e9g soha nem haszn\u00e1lt\u00e1l ilyet?<\/h2>\n\n\n\n<p>Sokan f\u00e9lelmet vagy k\u00e9ts\u00e9get \u00e9reznek, amikor el\u0151sz\u00f6r hallanak r\u00f3la <em>p\u00e1ros alkalmaz\u00e1sok<\/em>. De az igazs\u00e1g az, hogy ezek a terek biztons\u00e1gosabbak \u00e9s \u0151szint\u00e9bbek lehetnek, mint sok vak kij\u00e1rat.<\/p>\n\n\n\n<h3 class=\"wp-block-heading\">\u00cdme n\u00e9h\u00e1ny egy\u00e9rtelm\u0171 ok, ami\u00e9rt \u00e9rdemes megtenni ezt a l\u00e9p\u00e9st:<\/h3>\n\n\n\n<ul>\n<li>Besz\u00e9lgethettek a tal\u00e1lkoz\u00f3 el\u0151tt<\/li>\n\n\n\n<li>Sz\u0171rheted az embereket \u00e9rdekl\u0151d\u00e9si k\u00f6r, \u00e9letkor \u00e9s helysz\u00edn szerint<\/li>\n\n\n\n<li>Teljes m\u00e9rt\u00e9kben te ir\u00e1ny\u00edtod, hogy mikor \u00e9s hogyan besz\u00e9lsz<\/li>\n\n\n\n<li>Az alkalmaz\u00e1st otthonr\u00f3l, nyugodtan haszn\u00e1lhatod.<\/li>\n<\/ul>\n\n\n\n<p>\u00c9s a legjobb az eg\u00e9szben: nem vagy egyed\u00fcl. T\u00f6bb ezer ember van hasonl\u00f3 helyzetben, \u00e9s arra v\u00e1r, hogy megtegy\u00e9k veled az els\u0151 l\u00e9p\u00e9st.<\/p>\n\n\n\n<h2 class=\"wp-block-heading\">Hogyan v\u00e1lasszuk ki a legjobb alkalmaz\u00e1st, hogy megtal\u00e1ljuk a k\u00fcl\u00f6nleges partner\u00fcnket?<\/h2>\n\n\n\n<p>A megfelel\u0151 alkalmaz\u00e1s kiv\u00e1laszt\u00e1sa kulcsfontoss\u00e1g\u00fa. Sok lehet\u0151s\u00e9g van, de nem mindegyik ide\u00e1lis komoly kapcsolatokhoz vagy kev\u00e9s digit\u00e1lis tapasztalattal rendelkez\u0151 embereknek.<\/p>\n\n\n\n<h3 class=\"wp-block-heading\">\u00cdme n\u00e9h\u00e1ny krit\u00e9rium, amit \u00e9rdemes figyelembe venni:<\/h3>\n\n\n\n<ul>\n<li><strong>K\u00f6nny\u0171 haszn\u00e1lat<\/strong> (f\u0151leg, ha nem vagy t\u00fal j\u00e1rtas a mobiltelefonokban)<\/li>\n\n\n\n<li><strong>Val\u00f3di \u00e9s ellen\u0151rz\u00f6tt felhaszn\u00e1l\u00f3k<\/strong><\/li>\n\n\n\n<li><strong>J\u00f3 h\u00edrn\u00e9v a Google Playen<\/strong><\/li>\n\n\n\n<li><strong>Lehet\u0151s\u00e9gek komoly kapcsolat keres\u00e9s\u00e9re<\/strong><\/li>\n\n\n\n<li><strong>Ingyenes funkci\u00f3k, amik t\u00e9nyleg m\u0171k\u00f6dnek<\/strong><\/li>\n<\/ul>\n\n\n\n<p>\u00c9s ez\u00e9rt k\u00e9sz\u00edtett\u00fcnk el nektek egy v\u00e1logat\u00e1st a h\u00e1rom legjobbb\u00f3l. <em>randialkalmaz\u00e1sok<\/em> amelyek mindezen pontoknak megfelelnek. \u00c9s m\u00e9g t\u00f6bb.<\/p>\n\n\n\n<h2 class=\"wp-block-heading\">\u2764\ufe0f Megb\u00edzhat\u00f3 alkalmaz\u00e1sok k\u00fcl\u00f6nleges partner keres\u00e9s\u00e9hez<\/h2>\n\n\n\n<p>Az al\u00e1bbiakban h\u00e1rom val\u00f3di, megb\u00edzhat\u00f3 alkalmaz\u00e1st mutatunk be, amelyek t\u00f6bb milli\u00f3 felhaszn\u00e1l\u00f3val ugyanazt keresik, mint te: egy igazi kapcsolatot.<\/p>\n\n\n\n<h3 class=\"wp-block-heading\">1. <a href=\"https:\/\/www.eharmony.com\/\"><strong>eHarm\u00f3nia<\/strong><\/a><\/h3>\n\n\n\n<p><strong>\u00d6sszefoglal\u00e1s:<\/strong><br>Az eHarmony az egyik legelismertebb alkalmaz\u00e1s a komoly kapcsolatok vil\u00e1g\u00e1ban.<\/p>\n\n\n\n<p>Haszn\u00e1lj tudom\u00e1nyos kompatibilit\u00e1si rendszert, hogy megtal\u00e1ld azokat az embereket, akik val\u00f3ban illenek hozz\u00e1d.<\/p>\n\n\n\n<p><strong>F\u0151 el\u0151ny\u00f6k:<\/strong><\/p>\n\n\n\n<ul>\n<li>R\u00e9szletes \u00e9s k\u00f6nnyen kit\u00f6lthet\u0151 szem\u00e9lyis\u00e9gteszt<\/li>\n\n\n\n<li>A felhaszn\u00e1l\u00f3k magas sz\u00e1zal\u00e9ka stabil kapcsolatot keres<\/li>\n\n\n\n<li>J\u00f3 adatv\u00e9delmi \u00e9s biztons\u00e1gi rendszer<\/li>\n\n\n\n<li>Ide\u00e1lis id\u0151sebb emberek sz\u00e1m\u00e1ra<\/li>\n<\/ul>\n\n\n\n<p><strong>Ide\u00e1lis a k\u00f6vetkez\u0151kh\u00f6z:<\/strong> akik hossz\u00fa t\u00e1v\u00fa kapcsolatra v\u00e1gynak, \u00e9s t\u00f6bbet keresnek, mint puszt\u00e1n egy csinos k\u00fcls\u0151t.<\/p>\n\n\n\n<p><\/p>\n\n\n\n<hr class=\"wp-block-separator has-alpha-channel-opacity is-style-wide\" \/>\n\n\n\n<h3 class=\"wp-block-heading\"><mark class=\"has-inline-color has-luminous-vivid-amber-color\"><strong>T\u00f6ltse le az alkalmaz\u00e1sokat<\/strong>.<\/mark><\/h3>\n\n\n    <section class=\"mx-1 my-10\">\n                                                <a href=\"https:\/\/www.eharmony.com\/\" class=\"text-white\" data-analytics-label=\"optionsButton\"\n                    data-action=\"analytics#trackCTA\">\n                    <div data-options-target=\"option\"\n                        class=\"custom-section rounded-xl border p-3 shadow-md w-full bg-green-700 my-3\">\n                        <div class=\"flex w-full items-center justify-between\">\n                            <div class=\"flex items-center space-x-3\">\n                                <div class=\"text-lg font-bold\">\n                                    eHarm\u00f3nia \u279d\n                                <\/div>\n                            <\/div>\n                        <\/div>\n                    <\/div>\n                <\/a>\n                            <p class=\"text-xs text-gray-500 text-right\"\n            style=\"margin-left: 50%; margin-bottom: 50px; margin-top: 5px;\">\n            <!-- You will be redirected to another website -->\n        <\/p>\n    <\/section>\n\n\n\n\n<p class=\"has-text-align-right\"><strong><em>\u00c1tir\u00e1ny\u00edtunk egy m\u00e1sik webhelyre<\/em><\/strong><\/p>\n\n\n\n<hr class=\"wp-block-separator has-alpha-channel-opacity is-style-wide\" \/>\n\n\n\n<p><\/p>\n\n\n\n<h3 class=\"wp-block-heading\">2. <strong>A mi id\u0151nk<\/strong><\/h3>\n\n\n\n<p><strong>\u00d6sszefoglal\u00e1s:<\/strong><br>Az OurTime kifejezetten 50 \u00e9v felettiek sz\u00e1m\u00e1ra k\u00e9sz\u00fclt, akik \u00fajra szeretn\u00e9nek szerelmesek lenni, vagy t\u00e1rsas\u00e1got szeretn\u00e9nek tal\u00e1lni.<\/p>\n\n\n\n<p><strong>F\u0151 el\u0151ny\u00f6k:<\/strong><\/p>\n\n\n\n<ul>\n<li>\u00c9rett emberekre \u00f6sszpontos\u00edt\u00f3 k\u00f6z\u00f6ss\u00e9g<\/li>\n\n\n\n<li>K\u00f6nny\u0171 navig\u00e1ci\u00f3, zavar\u00f3 funkci\u00f3k n\u00e9lk\u00fcl<\/li>\n\n\n\n<li>Lehet\u0151s\u00e9g a k\u00f6z\u00f6s \u00e9rdekl\u0151d\u00e9si k\u00f6r\u00f6k megtekint\u00e9s\u00e9re a profilban<\/li>\n\n\n\n<li>Videoh\u00edv\u00e1si lehet\u0151s\u00e9gek<\/li>\n<\/ul>\n\n\n\n<p><strong>Ide\u00e1lis a k\u00f6vetkez\u0151kh\u00f6z:<\/strong> id\u0151sebb emberek, akik k\u00e9nyelmes, biztons\u00e1gos \u00e9s stresszmentes t\u00e9rre v\u00e1gynak.<\/p>\n\n\n\n<p><\/p>\n\n\n\n<hr class=\"wp-block-separator has-alpha-channel-opacity is-style-wide\" \/>\n\n\n\n<h3 class=\"wp-block-heading\"><mark class=\"has-inline-color has-luminous-vivid-amber-color\"><strong>T\u00f6ltse le az alkalmaz\u00e1sokat<\/strong>.<\/mark><\/h3>\n\n\n    <section class=\"mx-1 my-10\">\n                                                <a href=\"https:\/\/www.ourtime.com\/\" class=\"text-white\" data-analytics-label=\"optionsButton\"\n                    data-action=\"analytics#trackCTA\">\n                    <div data-options-target=\"option\"\n                        class=\"custom-section rounded-xl border p-3 shadow-md w-full bg-green-700 my-3\">\n                        <div class=\"flex w-full items-center justify-between\">\n                            <div class=\"flex items-center space-x-3\">\n                                <div class=\"text-lg font-bold\">\n                                    A mi id\u0151nk \u279d\n                                <\/div>\n                            <\/div>\n                        <\/div>\n                    <\/div>\n                <\/a>\n                            <p class=\"text-xs text-gray-500 text-right\"\n            style=\"margin-left: 50%; margin-bottom: 50px; margin-top: 5px;\">\n            <!-- You will be redirected to another website -->\n        <\/p>\n    <\/section>\n\n\n\n\n<p class=\"has-text-align-right\"><strong><em>\u00c1tir\u00e1ny\u00edtunk egy m\u00e1sik webhelyre<\/em><\/strong><\/p>\n\n\n\n<hr class=\"wp-block-separator has-alpha-channel-opacity is-style-wide\" \/>\n\n\n\n<p><\/p>\n\n\n\n<h3 class=\"wp-block-heading\">3. <strong>Zsan\u00e9r<\/strong><\/h3>\n\n\n\n<p><strong>\u00d6sszefoglal\u00e1s:<\/strong><br>A Hinge a val\u00f3di kapcsolatokra \u00f6sszpontos\u00edt, nem csak a kedvel\u00e9sekre. Kezdett\u0151l fogva \u00f6szt\u00f6n\u00f6zz m\u00e9ly besz\u00e9lget\u00e9seket.<\/p>\n\n\n\n<p><strong>F\u0151 el\u0151ny\u00f6k:<\/strong><\/p>\n\n\n\n<ul>\n<li>\u00datmutat\u00f3 k\u00e9rd\u00e9sek a j\u00e9g megt\u00f6r\u00e9s\u00e9hez<\/li>\n\n\n\n<li>Modern, m\u00e9gis k\u00f6nnyen haszn\u00e1lhat\u00f3 fel\u00fclet<\/li>\n\n\n\n<li>Magas sikerr\u00e1ta komoly kapcsolatokban<\/li>\n\n\n\n<li>Intelligens aj\u00e1nl\u00e1sok a viselked\u00e9sed alapj\u00e1n<\/li>\n<\/ul>\n\n\n\n<p><strong>Ide\u00e1lis a k\u00f6vetkez\u0151kh\u00f6z:<\/strong> akik \u0151szinte besz\u00e9lget\u00e9sekre v\u00e1gynak, felsz\u00edness\u00e9g n\u00e9lk\u00fcl.<\/p>\n\n\n\n<p><\/p>\n\n\n\n<hr class=\"wp-block-separator has-alpha-channel-opacity is-style-wide\" \/>\n\n\n\n<h3 class=\"wp-block-heading\"><mark class=\"has-inline-color has-luminous-vivid-amber-color\"><strong>T\u00f6ltse le az alkalmaz\u00e1sokat<\/strong>.<\/mark><\/h3>\n\n\n    <section class=\"mx-1 my-10\">\n                                                <a href=\"https:\/\/hinge.co\/\" class=\"text-white\" data-analytics-label=\"optionsButton\"\n                    data-action=\"analytics#trackCTA\">\n                    <div data-options-target=\"option\"\n                        class=\"custom-section rounded-xl border p-3 shadow-md w-full bg-green-700 my-3\">\n                        <div class=\"flex w-full items-center justify-between\">\n                            <div class=\"flex items-center space-x-3\">\n                                <div class=\"text-lg font-bold\">\n                                    Zsan\u00e9r \u279d\n                                <\/div>\n                            <\/div>\n                        <\/div>\n                    <\/div>\n                <\/a>\n                            <p class=\"text-xs text-gray-500 text-right\"\n            style=\"margin-left: 50%; margin-bottom: 50px; margin-top: 5px;\">\n            <!-- You will be redirected to another website -->\n        <\/p>\n    <\/section>\n\n\n\n\n<p class=\"has-text-align-right\"><strong><em>\u00c1tir\u00e1ny\u00edtunk egy m\u00e1sik webhelyre<\/em><\/strong><\/p>\n\n\n\n<hr class=\"wp-block-separator has-alpha-channel-opacity is-style-wide\" \/>\n\n\n\n<p><\/p>\n\n\n\n<h2 class=\"wp-block-heading\">Hogyan kezdj hozz\u00e1, ha m\u00e9g soha nem haszn\u00e1lt\u00e1l alkalmaz\u00e1st?<\/h2>\n\n\n\n<p>Ne agg\u00f3dj! \u00cdme egy gyors \u00fatmutat\u00f3 a kezd\u00e9shez:<\/p>\n\n\n\n<ol>\n<li><strong>T\u00f6ltsd le az alkalmaz\u00e1st<\/strong> a linkekb\u0151l, amiket hagyunk neked<\/li>\n\n\n\n<li><strong>Hozd l\u00e9tre a profilodat<\/strong> egy magadr\u00f3l k\u00e9sz\u00fclt fot\u00f3val (egy olyannal, amelyiken mosolyogsz, filterek n\u00e9lk\u00fcl)<\/li>\n\n\n\n<li><strong>T\u00f6ltse ki az alapvet\u0151 inform\u00e1ci\u00f3kat<\/strong> (\u00e9letkor, helysz\u00edn, \u00e9rdekl\u0151d\u00e9si k\u00f6r)<\/li>\n\n\n\n<li><strong>Nyugodtan olvasd el a profilokat<\/strong> \u00e9s csak akkor \u00edrj, ha j\u00f3l \u00e9rzed magad<\/li>\n\n\n\n<li><strong>Ne ossz meg szem\u00e9lyes adatokat az elej\u00e9n<\/strong><\/li>\n\n\n\n<li><strong>B\u00edzz az intu\u00edci\u00f3dban<\/strong>, mindig<\/li>\n<\/ol>\n\n\n\n<p>\u00c9s ha valami nem stimmel, blokkolhatod, \u00e9s folytathatod a keres\u00e9st. Te ir\u00e1ny\u00edtasz!<\/p>\n\n\n\n<h2 class=\"wp-block-heading\">Mi van, ha f\u00e9lek vagy sz\u00e9gyellem kipr\u00f3b\u00e1lni?<\/h2>\n\n\n\n<p>Teljesen norm\u00e1lis, hogy \u00edgy \u00e9rzel. Sokan \u00e9rzik \u00edgy els\u0151re. De tudod, mi er\u0151sebb a f\u00e9lelemn\u00e9l? A v\u00e1gy, hogy \u00fajra mosolyoghassunk egy k\u00fcl\u00f6nleges emberrel.<\/p>\n\n\n\n<p>Ne feledd: keress t\u00e1rsat <strong>ez nem k\u00e9ts\u00e9gbees\u00e9s<\/strong>. Ez az \u00f6nszeretet jele.<\/p>\n\n\n\n<p>Az a l\u00e9nyeg, hogy ezt \u00fczenj\u00e9k a vil\u00e1gnak: <em>\u201eMeg\u00e9rdemlem a szeretetet, a t\u00e1rsas\u00e1got \u00e9s a sz\u00e9p pillanatokat\u201d<\/em>.<\/p>\n\n\n\n<p>\u00c9s a <strong>p\u00e1ros alkalmaz\u00e1sok<\/strong> \u0150k lehetnek a h\u00edd valami sz\u00e9phez.<\/p>\n\n\n\n<h2 class=\"wp-block-heading\">Igaz t\u00f6rt\u00e9netek: Emberek, akik a mobiltelefonjukon tal\u00e1lt\u00e1k meg a szerelmet<\/h2>\n\n\n\n<h3 class=\"wp-block-heading\">\ud83d\udcac R\u00f3za, 62 \u00e9ves:<\/h3>\n\n\n\n<blockquote class=\"wp-block-quote\">\n<p>\u201eM\u00e9g azt sem tudtam, hogyan kell rendesen bekapcsolni a telefonomat. A l\u00e1nyom seg\u00edtett telep\u00edteni az OurTime-ot. H\u00e1rom h\u00f3nappal k\u00e9s\u0151bb tal\u00e1lkoztam Mari\u00f3val. Ma minden nap k\u00e1v\u00e9zunk, nevet\u00fcnk, \u00e9s \u00fajra \u00e9l\u0151nek \u00e9rzem magam.\u201d<\/p>\n<\/blockquote>\n\n\n\n<h3 class=\"wp-block-heading\">\ud83d\udcac Ernesto, 55 \u00e9ves:<\/h3>\n\n\n\n<blockquote class=\"wp-block-quote\">\n<p>\u201eAzt hittem, m\u00e1r t\u00fal k\u00e9s\u0151. De k\u00edv\u00e1ncsis\u00e1gb\u00f3l let\u00f6lt\u00f6ttem a Hinge-et. Tal\u00e1lkoztam Laur\u00e1val. Most h\u00e9tv\u00e9g\u00e9n egy\u00fctt f\u0151z\u00fcnk. Boldogabb vagyok, mint valaha.\u201d<\/p>\n<\/blockquote>\n\n\n\n<p>Ehhez hasonl\u00f3 t\u00f6rt\u00e9netek ezr\u00e9vel l\u00e9teznek. Mi\u00e9rt ne \u00e9ln\u00e9d a ti\u00e9det?<\/p>\n\n\n<div class=\"wp-block-image\">\n<figure class=\"aligncenter size-full\"><img loading=\"lazy\" decoding=\"async\" width=\"550\" height=\"350\" src=\"https:\/\/universofamilia.com\/wp-content\/uploads\/sites\/148\/2025\/04\/DESTAQUE-UNIVERSO-550-x-350-3-4.jpg\" alt=\"\" class=\"wp-image-9344\" srcset=\"http:\/\/universofamilia.com\/wp-content\/uploads\/sites\/148\/2025\/04\/DESTAQUE-UNIVERSO-550-x-350-3-4.jpg 550w, http:\/\/universofamilia.com\/wp-content\/uploads\/sites\/148\/2025\/04\/DESTAQUE-UNIVERSO-550-x-350-3-4-300x191.jpg 300w, http:\/\/universofamilia.com\/wp-content\/uploads\/sites\/148\/2025\/04\/DESTAQUE-UNIVERSO-550-x-350-3-4-18x12.jpg 18w\" sizes=\"(max-width: 550px) 100vw, 550px\" \/><figcaption class=\"wp-element-caption\">K\u00fcl\u00f6nleges partnert keresek t\u00e1rskeres\u0151 alkalmaz\u00e1sokon.<\/figcaption><\/figure><\/div>\n\n\n<h2 class=\"wp-block-heading\">Gyakori hib\u00e1k, amelyeket el kell ker\u00fclni a t\u00e1rskeres\u0151 alkalmaz\u00e1sokban<\/h2>\n\n\n\n<ul>\n<li>Elmos\u00f3dott vagy elavult f\u00e9nyk\u00e9pek haszn\u00e1lata<\/li>\n\n\n\n<li>Nem t\u00f6lti ki a profilj\u00e1t<\/li>\n\n\n\n<li>\u00cdr\u00e1s a m\u00e1sik szem\u00e9ly profilj\u00e1nak figyelmes elolvas\u00e1sa n\u00e9lk\u00fcl<\/li>\n\n\n\n<li>T\u00fal gyorsan vagy tiszteletlen\u00fcl besz\u00e9l<\/li>\n\n\n\n<li>Randev\u00fak elfogad\u00e1sa an\u00e9lk\u00fcl, hogy el\u0151sz\u00f6r magabiztos lenn\u00e9l<\/li>\n<\/ul>\n\n\n\n<p>Ezen hib\u00e1k elker\u00fcl\u00e9se mindent megv\u00e1ltoztathat az igazi sikerhez vezet\u0151 \u00faton. <strong>k\u00fcl\u00f6nleges t\u00e1rs<\/strong>.<\/p>\n\n\n\n<h2 class=\"wp-block-heading\">Hogyan maradjunk mindig biztons\u00e1gban<\/h2>\n\n\n\n<ul>\n<li>El\u0151sz\u00f6r ne oszd meg a c\u00edmedet vagy a szem\u00e9lyes telefonsz\u00e1modat.<\/li>\n\n\n\n<li>Mindig az alkalmaz\u00e1s cseveg\u00e9seit haszn\u00e1lja ind\u00edt\u00e1skor<\/li>\n\n\n\n<li>Ha \u00fagy d\u00f6ntesz, hogy tal\u00e1lkozol valakivel, tedd azt nyilv\u00e1nos helyen.<\/li>\n\n\n\n<li>Mondd el a terveidet valakinek, akiben megb\u00edzol<\/li>\n\n\n\n<li>Ha valami nem stimmel, b\u00edzz az intu\u00edci\u00f3dban.<\/li>\n<\/ul>\n\n\n\n<p>A biztons\u00e1god fontosabb, mint b\u00e1rmilyen tal\u00e1lkoz\u00f3. Mindig.<\/p>\n\n\n\n<h2 class=\"wp-block-heading\">Meg\u00e9ri-e a digit\u00e1lis szerelem a lehet\u0151s\u00e9get?<\/h2>\n\n\n\n<p><strong>Igen. Ezerszer is igen.<\/strong><\/p>\n\n\n\n<p>Lehetnek k\u00e9ts\u00e9geid. Tal\u00e1n nem is tudod, hol kezdjed. De ha ide\u00e9rt\u00e9l, az az\u00e9rt van, mert valami benned azt s\u00fagja, <strong>Meg\u00e9rdemled, hogy \u00fajra \u00e1t\u00e9lj valami sz\u00e9pet<\/strong>.<\/p>\n\n\n\n<p>\u00c9s ez m\u00e1r egy nagy l\u00e9p\u00e9s.<\/p>\n\n\n\n<h2 class=\"wp-block-heading\">Cselekedj m\u00e9g ma!<\/h2>\n\n\n\n<p>A t\u00e1rskeres\u0151 alkalmaz\u00e1sok haszn\u00e1lata nem csak a fiataloknak sz\u00f3l. Mindenkinek sz\u00f3l, aki szeretni \u00e9s szeretve lenni akar. Neked sz\u00f3l.<\/p>\n\n\n\n<p>Ma lehet egy \u00faj t\u00f6rt\u00e9net els\u0151 napja. T\u00f6lts le egyet az aj\u00e1nlott alkalmaz\u00e1sok k\u00f6z\u00fcl. Add meg magadnak ezt a lehet\u0151s\u00e9get.<\/p>\n\n\n\n<p>Ki tudja... Tal\u00e1n te <strong>k\u00fcl\u00f6nleges t\u00e1rs<\/strong> \u0150 is m\u00e1r keres t\u00e9ged.<\/p>","protected":false},"excerpt":{"rendered":"<p>\u00dagy \u00e9rzed, itt az ideje, hogy tal\u00e1lj egy k\u00fcl\u00f6nleges valakit? V\u00e1lassz egyet a lehet\u0151s\u00e9gek k\u00f6z\u00fcl! Ugyanott maradsz! Igazi kapcsolatra v\u00e1gysz, bonyodalmak \u00e9s j\u00e1tszm\u00e1k n\u00e9lk\u00fcl? Manaps\u00e1g a t\u00e1rskeres\u0151 alkalmaz\u00e1sok sz\u00f6vets\u00e9geseiv\u00e9 v\u00e1ltak azok sz\u00e1m\u00e1ra, akik \u0151szinte szerelemre v\u00e1gynak. Ebben a cikkben megmutatjuk, hogyan tal\u00e1lhatod meg azt a k\u00fcl\u00f6nleges valakit, ak\u00e1r [\u2026]<\/p>","protected":false},"author":139,"featured_media":9344,"comment_status":"closed","ping_status":"open","sticky":false,"template":"","format":"standard","meta":{"footnotes":""},"categories":[2],"tags":[79,2123,567,2247,809],"yoast_head":"<!-- This site is optimized with the Yoast SEO plugin v23.3 - https:\/\/yoast.com\/wordpress\/plugins\/seo\/ -->\n<title>Busco un compa\u00f1ero especial en los apps de citas - Universo Fam\u00edlia<\/title>\n<meta name=\"description\" content=\"Busco un compa\u00f1ero especial en los apps de citas. \u00bfSientes que es hora de encontrar un compa\u00f1ero especial?...\" \/>\n<meta name=\"robots\" content=\"index, follow, max-snippet:-1, max-image-preview:large, max-video-preview:-1\" \/>\n<link rel=\"canonical\" href=\"http:\/\/universofamilia.com\/hu\/busco-un-companero-especial-en-los-apps-de-citas-2\/\" \/>\n<meta property=\"og:locale\" content=\"hu_HU\" \/>\n<meta property=\"og:type\" content=\"article\" \/>\n<meta property=\"og:title\" content=\"Busco un compa\u00f1ero especial en los apps de citas - Universo Fam\u00edlia\" \/>\n<meta property=\"og:description\" content=\"Busco un compa\u00f1ero especial en los apps de citas. \u00bfSientes que es hora de encontrar un compa\u00f1ero especial?...\" \/>\n<meta property=\"og:url\" content=\"http:\/\/universofamilia.com\/hu\/busco-un-companero-especial-en-los-apps-de-citas-2\/\" \/>\n<meta property=\"og:site_name\" content=\"Universo Fam\u00edlia\" \/>\n<meta property=\"article:published_time\" content=\"2025-04-17T14:55:29+00:00\" \/>\n<meta property=\"article:modified_time\" content=\"2025-04-17T14:55:30+00:00\" \/>\n<meta property=\"og:image\" content=\"http:\/\/universofamilia.com\/wp-content\/uploads\/sites\/148\/2025\/04\/DESTAQUE-UNIVERSO-550-x-350-3-4.jpg\" \/>\n\t<meta property=\"og:image:width\" content=\"550\" \/>\n\t<meta property=\"og:image:height\" content=\"350\" \/>\n\t<meta property=\"og:image:type\" content=\"image\/jpeg\" \/>\n<meta name=\"author\" content=\"Pedro Henrique\" \/>\n<meta name=\"twitter:card\" content=\"summary_large_image\" \/>\n<meta name=\"twitter:label1\" content=\"Written by\" \/>\n\t<meta name=\"twitter:data1\" content=\"Pedro Henrique\" \/>\n\t<meta name=\"twitter:label2\" content=\"Est. reading time\" \/>\n\t<meta name=\"twitter:data2\" content=\"7 perc\" \/>\n<script type=\"application\/ld+json\" class=\"yoast-schema-graph\">{\"@context\":\"https:\/\/schema.org\",\"@graph\":[{\"@type\":\"WebPage\",\"@id\":\"http:\/\/universofamilia.com\/pt\/busco-un-companero-especial-en-los-apps-de-citas-2\/\",\"url\":\"http:\/\/universofamilia.com\/pt\/busco-un-companero-especial-en-los-apps-de-citas-2\/\",\"name\":\"Busco un compa\u00f1ero especial en los apps de citas - Universo Fam\u00edlia\",\"isPartOf\":{\"@id\":\"https:\/\/universofamilia.com\/el\/#website\"},\"primaryImageOfPage\":{\"@id\":\"http:\/\/universofamilia.com\/pt\/busco-un-companero-especial-en-los-apps-de-citas-2\/#primaryimage\"},\"image\":{\"@id\":\"http:\/\/universofamilia.com\/pt\/busco-un-companero-especial-en-los-apps-de-citas-2\/#primaryimage\"},\"thumbnailUrl\":\"http:\/\/universofamilia.com\/wp-content\/uploads\/sites\/148\/2025\/04\/DESTAQUE-UNIVERSO-550-x-350-3-4.jpg\",\"datePublished\":\"2025-04-17T14:55:29+00:00\",\"dateModified\":\"2025-04-17T14:55:30+00:00\",\"author\":{\"@id\":\"https:\/\/universofamilia.com\/el\/#\/schema\/person\/f07ce98187dd84d31154262e79b3b7ca\"},\"description\":\"Busco un compa\u00f1ero especial en los apps de citas. \u00bfSientes que es hora de encontrar un compa\u00f1ero especial?...\",\"breadcrumb\":{\"@id\":\"http:\/\/universofamilia.com\/pt\/busco-un-companero-especial-en-los-apps-de-citas-2\/#breadcrumb\"},\"inLanguage\":\"hu\",\"potentialAction\":[{\"@type\":\"ReadAction\",\"target\":[\"http:\/\/universofamilia.com\/pt\/busco-un-companero-especial-en-los-apps-de-citas-2\/\"]}]},{\"@type\":\"ImageObject\",\"inLanguage\":\"hu\",\"@id\":\"http:\/\/universofamilia.com\/pt\/busco-un-companero-especial-en-los-apps-de-citas-2\/#primaryimage\",\"url\":\"http:\/\/universofamilia.com\/wp-content\/uploads\/sites\/148\/2025\/04\/DESTAQUE-UNIVERSO-550-x-350-3-4.jpg\",\"contentUrl\":\"http:\/\/universofamilia.com\/wp-content\/uploads\/sites\/148\/2025\/04\/DESTAQUE-UNIVERSO-550-x-350-3-4.jpg\",\"width\":550,\"height\":350,\"caption\":\"Busco un compa\u00f1ero especial en los apps de citas\"},{\"@type\":\"BreadcrumbList\",\"@id\":\"http:\/\/universofamilia.com\/pt\/busco-un-companero-especial-en-los-apps-de-citas-2\/#breadcrumb\",\"itemListElement\":[{\"@type\":\"ListItem\",\"position\":1,\"name\":\"Home\",\"item\":\"https:\/\/universofamilia.com\/el\/\"},{\"@type\":\"ListItem\",\"position\":2,\"name\":\"Busco un compa\u00f1ero especial en los apps de citas\"}]},{\"@type\":\"WebSite\",\"@id\":\"https:\/\/universofamilia.com\/el\/#website\",\"url\":\"https:\/\/universofamilia.com\/el\/\",\"name\":\"Universo Fam\u00edlia\",\"description\":\"\",\"potentialAction\":[{\"@type\":\"SearchAction\",\"target\":{\"@type\":\"EntryPoint\",\"urlTemplate\":\"https:\/\/universofamilia.com\/el\/?s={search_term_string}\"},\"query-input\":\"required name=search_term_string\"}],\"inLanguage\":\"hu\"},{\"@type\":\"Person\",\"@id\":\"https:\/\/universofamilia.com\/el\/#\/schema\/person\/f07ce98187dd84d31154262e79b3b7ca\",\"name\":\"Pedro Henrique\",\"image\":{\"@type\":\"ImageObject\",\"inLanguage\":\"hu\",\"@id\":\"https:\/\/universofamilia.com\/el\/#\/schema\/person\/image\/\",\"url\":\"http:\/\/0.gravatar.com\/avatar\/9edfeb808cb4e1599f64d6e45b130154?s=96&d=mm&r=g\",\"contentUrl\":\"http:\/\/0.gravatar.com\/avatar\/9edfeb808cb4e1599f64d6e45b130154?s=96&d=mm&r=g\",\"caption\":\"Pedro Henrique\"},\"url\":\"http:\/\/universofamilia.com\/hu\/author\/editor01\/\"}]}<\/script>\n<!-- \/ Yoast SEO plugin. -->","yoast_head_json":{"title":"Busco un compa\u00f1ero especial en los apps de citas - Universo Fam\u00edlia","description":"Busco un compa\u00f1ero especial en los apps de citas. \u00bfSientes que es hora de encontrar un compa\u00f1ero especial?...","robots":{"index":"index","follow":"follow","max-snippet":"max-snippet:-1","max-image-preview":"max-image-preview:large","max-video-preview":"max-video-preview:-1"},"canonical":"http:\/\/universofamilia.com\/hu\/busco-un-companero-especial-en-los-apps-de-citas-2\/","og_locale":"hu_HU","og_type":"article","og_title":"Busco un compa\u00f1ero especial en los apps de citas - Universo Fam\u00edlia","og_description":"Busco un compa\u00f1ero especial en los apps de citas. \u00bfSientes que es hora de encontrar un compa\u00f1ero especial?...","og_url":"http:\/\/universofamilia.com\/hu\/busco-un-companero-especial-en-los-apps-de-citas-2\/","og_site_name":"Universo Fam\u00edlia","article_published_time":"2025-04-17T14:55:29+00:00","article_modified_time":"2025-04-17T14:55:30+00:00","og_image":[{"width":550,"height":350,"url":"http:\/\/universofamilia.com\/wp-content\/uploads\/sites\/148\/2025\/04\/DESTAQUE-UNIVERSO-550-x-350-3-4.jpg","type":"image\/jpeg"}],"author":"Pedro Henrique","twitter_card":"summary_large_image","twitter_misc":{"Written by":"Pedro Henrique","Est. reading time":"7 perc"},"schema":{"@context":"https:\/\/schema.org","@graph":[{"@type":"WebPage","@id":"http:\/\/universofamilia.com\/pt\/busco-un-companero-especial-en-los-apps-de-citas-2\/","url":"http:\/\/universofamilia.com\/pt\/busco-un-companero-especial-en-los-apps-de-citas-2\/","name":"Busco un compa\u00f1ero especial en los apps de citas - Universo Fam\u00edlia","isPartOf":{"@id":"https:\/\/universofamilia.com\/el\/#website"},"primaryImageOfPage":{"@id":"http:\/\/universofamilia.com\/pt\/busco-un-companero-especial-en-los-apps-de-citas-2\/#primaryimage"},"image":{"@id":"http:\/\/universofamilia.com\/pt\/busco-un-companero-especial-en-los-apps-de-citas-2\/#primaryimage"},"thumbnailUrl":"http:\/\/universofamilia.com\/wp-content\/uploads\/sites\/148\/2025\/04\/DESTAQUE-UNIVERSO-550-x-350-3-4.jpg","datePublished":"2025-04-17T14:55:29+00:00","dateModified":"2025-04-17T14:55:30+00:00","author":{"@id":"https:\/\/universofamilia.com\/el\/#\/schema\/person\/f07ce98187dd84d31154262e79b3b7ca"},"description":"Busco un compa\u00f1ero especial en los apps de citas. \u00bfSientes que es hora de encontrar un compa\u00f1ero especial?...","breadcrumb":{"@id":"http:\/\/universofamilia.com\/pt\/busco-un-companero-especial-en-los-apps-de-citas-2\/#breadcrumb"},"inLanguage":"hu","potentialAction":[{"@type":"ReadAction","target":["http:\/\/universofamilia.com\/pt\/busco-un-companero-especial-en-los-apps-de-citas-2\/"]}]},{"@type":"ImageObject","inLanguage":"hu","@id":"http:\/\/universofamilia.com\/pt\/busco-un-companero-especial-en-los-apps-de-citas-2\/#primaryimage","url":"http:\/\/universofamilia.com\/wp-content\/uploads\/sites\/148\/2025\/04\/DESTAQUE-UNIVERSO-550-x-350-3-4.jpg","contentUrl":"http:\/\/universofamilia.com\/wp-content\/uploads\/sites\/148\/2025\/04\/DESTAQUE-UNIVERSO-550-x-350-3-4.jpg","width":550,"height":350,"caption":"Busco un compa\u00f1ero especial en los apps de citas"},{"@type":"BreadcrumbList","@id":"http:\/\/universofamilia.com\/pt\/busco-un-companero-especial-en-los-apps-de-citas-2\/#breadcrumb","itemListElement":[{"@type":"ListItem","position":1,"name":"Home","item":"https:\/\/universofamilia.com\/el\/"},{"@type":"ListItem","position":2,"name":"Busco un compa\u00f1ero especial en los apps de citas"}]},{"@type":"WebSite","@id":"https:\/\/universofamilia.com\/el\/#website","url":"https:\/\/universofamilia.com\/el\/","name":"Universo Fam\u00edlia","description":"","potentialAction":[{"@type":"SearchAction","target":{"@type":"EntryPoint","urlTemplate":"https:\/\/universofamilia.com\/el\/?s={search_term_string}"},"query-input":"required name=search_term_string"}],"inLanguage":"hu"},{"@type":"Person","@id":"https:\/\/universofamilia.com\/el\/#\/schema\/person\/f07ce98187dd84d31154262e79b3b7ca","name":"Pedro Henrique","image":{"@type":"ImageObject","inLanguage":"hu","@id":"https:\/\/universofamilia.com\/el\/#\/schema\/person\/image\/","url":"http:\/\/0.gravatar.com\/avatar\/9edfeb808cb4e1599f64d6e45b130154?s=96&d=mm&r=g","contentUrl":"http:\/\/0.gravatar.com\/avatar\/9edfeb808cb4e1599f64d6e45b130154?s=96&d=mm&r=g","caption":"Pedro Henrique"},"url":"http:\/\/universofamilia.com\/hu\/author\/editor01\/"}]}},"_links":{"self":[{"href":"http:\/\/universofamilia.com\/hu\/wp-json\/wp\/v2\/posts\/9338"}],"collection":[{"href":"http:\/\/universofamilia.com\/hu\/wp-json\/wp\/v2\/posts"}],"about":[{"href":"http:\/\/universofamilia.com\/hu\/wp-json\/wp\/v2\/types\/post"}],"author":[{"embeddable":true,"href":"http:\/\/universofamilia.com\/hu\/wp-json\/wp\/v2\/users\/139"}],"replies":[{"embeddable":true,"href":"http:\/\/universofamilia.com\/hu\/wp-json\/wp\/v2\/comments?post=9338"}],"version-history":[{"count":2,"href":"http:\/\/universofamilia.com\/hu\/wp-json\/wp\/v2\/posts\/9338\/revisions"}],"predecessor-version":[{"id":9414,"href":"http:\/\/universofamilia.com\/hu\/wp-json\/wp\/v2\/posts\/9338\/revisions\/9414"}],"wp:featuredmedia":[{"embeddable":true,"href":"http:\/\/universofamilia.com\/hu\/wp-json\/wp\/v2\/media\/9344"}],"wp:attachment":[{"href":"http:\/\/universofamilia.com\/hu\/wp-json\/wp\/v2\/media?parent=9338"}],"wp:term":[{"taxonomy":"category","embeddable":true,"href":"http:\/\/universofamilia.com\/hu\/wp-json\/wp\/v2\/categories?post=9338"},{"taxonomy":"post_tag","embeddable":true,"href":"http:\/\/universofamilia.com\/hu\/wp-json\/wp\/v2\/tags?post=9338"}],"curies":[{"name":"wp","href":"https:\/\/api.w.org\/{rel}","templated":true}]}}