{"id":9420,"date":"2025-05-02T20:31:07","date_gmt":"2025-05-02T20:31:07","guid":{"rendered":"https:\/\/universofamilia.com\/?p=9420"},"modified":"2025-05-02T20:31:08","modified_gmt":"2025-05-02T20:31:08","slug":"pronto-para-una-diversion-hoy","status":"publish","type":"post","link":"http:\/\/universofamilia.com\/hu\/pronto-para-una-diversion-hoy\/","title":{"rendered":"K\u00e9szen \u00e1llsz egy kis m\u00f3k\u00e1ra ma?"},"content":{"rendered":"<p><\/p>\n\n\n\n<h5 class=\"wp-block-heading has-text-align-center\"><strong><mark class=\"has-inline-color has-vivid-cyan-blue-color\">V\u00e1lasszon egyet a lehet\u0151s\u00e9gek k\u00f6z\u00fcl!<\/mark><\/strong><\/h5>\n\n\n    <section class=\"mx-1 my-10\">\n                                                <a href=\"http:\/\/universofamilia.com\/hu\/aplicaciones-de-citas-2\/\" class=\"text-white\" data-analytics-label=\"optionsButton\"\n                    data-action=\"analytics#trackCTA\">\n                    <div data-options-target=\"option\"\n                        class=\"custom-section rounded-xl border p-3 shadow-md w-full bg-green-700 my-3\">\n                        <div class=\"flex w-full items-center justify-between\">\n                            <div class=\"flex items-center space-x-3\">\n                                <div class=\"text-lg font-bold\">\n                                    Szia, besz\u00e9lj most!   \u279d\n                                <\/div>\n                            <\/div>\n                        <\/div>\n                    <\/div>\n                <\/a>\n                                                            <a href=\"http:\/\/universofamilia.com\/hu\/mejor-app-de-citas-real\/\" class=\"text-white\" data-analytics-label=\"optionsButton\"\n                    data-action=\"analytics#trackCTA\">\n                    <div data-options-target=\"option\"\n                        class=\"custom-section rounded-xl border p-3 shadow-md w-full bg-green-700 my-3\">\n                        <div class=\"flex w-full items-center justify-between\">\n                            <div class=\"flex items-center space-x-3\">\n                                <div class=\"text-lg font-bold\">\n                                    Egy kis aj\u00e1nd\u00e9k neked \u279d\n                                <\/div>\n                            <\/div>\n                        <\/div>\n                    <\/div>\n                <\/a>\n                                                            <a href=\"http:\/\/universofamilia.com\/hu\/el-amor-a-un-clic\/\" class=\"text-white\" data-analytics-label=\"optionsButton\"\n                    data-action=\"analytics#trackCTA\">\n                    <div data-options-target=\"option\"\n                        class=\"custom-section rounded-xl border p-3 shadow-md w-full bg-green-700 my-3\">\n                        <div class=\"flex w-full items-center justify-between\">\n                            <div class=\"flex items-center space-x-3\">\n                                <div class=\"text-lg font-bold\">\n                                    Besz\u00e9lj Victori\u00e1val \u279d\n                                <\/div>\n                            <\/div>\n                        <\/div>\n                    <\/div>\n                <\/a>\n                            <p class=\"text-xs text-gray-500 text-right hidden\"\n            style=\"margin-left: 50%; margin-bottom: 50px; margin-top: 5px;\">\n            <!-- You will be redirected to another website -->\n        <\/p>\n    <\/section>\n\n\n\n\n<p><\/p>\n\n\n\n<p><strong>K\u00e9szen \u00e1llsz egy kis m\u00f3k\u00e1ra ma?<\/strong> Ha m\u00e1r egy ideje gondolkodsz rajta <a href=\"http:\/\/universofamilia.com\/hu\/aplicaciones-de-citas-2\/\">tal\u00e1lkozz valaki k\u00fcl\u00f6nlegessel<\/a>, ez lehet az ide\u00e1lis id\u0151pont.<\/p>\n\n\n\n<p>A randialkalmaz\u00e1sok c\u00e9lja, hogy val\u00f3di, emberi tal\u00e1lkoz\u00e1sokat tegyenek lehet\u0151v\u00e9, \u00e9s ami a legjobb: a saj\u00e1t temp\u00f3dban.<\/p>\n\n\n\n<p>Nem kell tech-szak\u00e9rt\u0151nek lenned, vagy akt\u00edv k\u00f6z\u00f6ss\u00e9gi m\u00e9dia el\u0151fizet\u0151nek lenned ahhoz, hogy elkezdhesd. Csup\u00e1n a csatlakoz\u00e1si v\u00e1gyra \u00e9s egy internet-hozz\u00e1f\u00e9r\u00e9ssel rendelkez\u0151 telefonra van sz\u00fcks\u00e9ged.<\/p>\n\n\n\n<p>Ma egy vil\u00e1gos \u00e9s felhaszn\u00e1l\u00f3bar\u00e1t t\u00far\u00e1ra invit\u00e1lunk, hogy felfedezhesd, hogyan haszn\u00e1lhatod ezeket az eszk\u00f6z\u00f6ket biztons\u00e1gosan, sz\u00f3rakoztat\u00f3an \u00e9s komplik\u00e1ci\u00f3k n\u00e9lk\u00fcl.<\/p>\n\n\n\n<p>Itt mindent megtudhatsz, amit tudnod kell az els\u0151 alkalmaz\u00e1sod let\u00f6lt\u00e9se el\u0151tt, hogyan v\u00e1laszd ki az ig\u00e9nyeidnek legmegfelel\u0151bbet, \u00e9s h\u00e1rom val\u00f3di, megb\u00edzhat\u00f3 lehet\u0151s\u00e9get, amelyeket m\u00e1ris elkezdhetsz haszn\u00e1lni.<\/p>\n\n\n\n<p>Ezenk\u00edv\u00fcl hasznos tippeket tal\u00e1l a biztons\u00e1ga meg\u0151rz\u00e9s\u00e9hez, t\u00f6rt\u00e9neteket a k\u00f6vetkez\u0151kr\u0151l <a href=\"http:\/\/universofamilia.com\/hu\/aplicaciones-de-citas-2\/\">igazi emberek, akik valami k\u00fcl\u00f6nlegeset tal\u00e1ltak<\/a> \u00e9s gyakorlati l\u00e9p\u00e9seket is a kezd\u00e9shez<\/p>\n\n\n\n<p>K\u00e9sz\u00fclj fel \u00faj \u00e9rzelmek felfedez\u00e9s\u00e9re, stresszmentesen, \u00e9s azzal a szabads\u00e1ggal, hogy eld\u00f6nthesd, mit szeretn\u00e9l magadnak. Mert igen, te is meg\u00e9rdemled a j\u00f3 t\u00e1rsas\u00e1got<\/p>\n\n\n\n<h2 class=\"wp-block-heading\">Ismerkedj meg emberekkel komplik\u00e1ci\u00f3k n\u00e9lk\u00fcl a mobiltelefonodon kereszt\u00fcl<\/h2>\n\n\n\n<p>Az id\u0151k megv\u00e1ltoztak, \u00e9s vel\u00fck egy\u00fctt az is, ahogyan p\u00e1rt tal\u00e1lunk vagy \u00faj bar\u00e1tokat k\u00f6t\u00fcnk.<\/p>\n\n\n\n<p>Kor\u00e1bban az emberek bulikon, templomokban, munkahelyeken vagy ismer\u0151s\u00f6k\u00f6n kereszt\u00fcl tal\u00e1lkoztak.<\/p>\n\n\n\n<p>Ma egyetlen koppint\u00e1ssal besz\u00e9lget\u00e9st ind\u00edthatsz valakivel, aki osztozik az \u00edzl\u00e9sedben, \u00e9rt\u00e9keidben \u00e9s v\u00e1gyaidban.<\/p>\n\n\n\n<p>A t\u00e1rskeres\u0151 alkalmaz\u00e1sok lehet\u0151v\u00e9 teszik<\/p>\n\n\n\n<ul>\n<li>Keressen embereket a k\u00f6zelben<\/li>\n\n\n\n<li>Cseveg\u00e9s elk\u00f6telezetts\u00e9g n\u00e9lk\u00fcl<\/li>\n\n\n\n<li>\u00c9p\u00edts val\u00f3di kapcsolatokat nyom\u00e1s n\u00e9lk\u00fcl<\/li>\n\n\n\n<li>Sz\u0171r\u00e9s \u00e9letkor, \u00e9rdekl\u0151d\u00e9si k\u00f6r, t\u00e1vols\u00e1g \u00e9s egyebek szerint<\/li>\n\n\n\n<li>Sz\u00e1nj r\u00e1 id\u0151t, miel\u0151tt megteszed a k\u00f6vetkez\u0151 l\u00e9p\u00e9st<\/li>\n<\/ul>\n\n\n\n<p>\u00c9s ami a legjobb az eg\u00e9szben, mindezt otthonod k\u00e9nyelm\u00e9b\u0151l, a nap b\u00e1rmely szak\u00e1ban, an\u00e9lk\u00fcl, hogy utaznod kellene, vagy p\u00e9nzt k\u00f6ltened \u00e9rtelmetlen kir\u00e1ndul\u00e1sokra.<\/p>\n\n\n\n<p>Csak azokkal besz\u00e9lgetsz, akiket \u00e9rdekelsz.<\/p>\n\n\n\n<p><\/p>\n\n\n\n<hr class=\"wp-block-separator has-alpha-channel-opacity is-style-wide\" \/>\n\n\n\n<h4 class=\"wp-block-heading has-text-align-center\"><strong><mark class=\"has-inline-color has-luminous-vivid-orange-color\">Olvasd el ezt is<\/mark><\/strong><\/h4>\n\n\n    <section class=\"mx-1 my-10\">\n                                                <a href=\"http:\/\/universofamilia.com\/hu\/lp-filmes-asiaticos\/\" class=\"text-white\" data-analytics-label=\"optionsButton\"\n                    data-action=\"analytics#trackCTA\">\n                    <div data-options-target=\"option\"\n                        class=\"custom-section rounded-xl border p-3 shadow-md w-full bg-green-700 my-3\">\n                        <div class=\"flex w-full items-center justify-between\">\n                            <div class=\"flex items-center space-x-3\">\n                                <div class=\"text-lg font-bold\">\n                                    App koreai dr\u00e1m\u00e1k n\u00e9z\u00e9s\u00e9hez \u279d\n                                <\/div>\n                            <\/div>\n                        <\/div>\n                    <\/div>\n                <\/a>\n                                                            <a href=\"http:\/\/universofamilia.com\/hu\/lp-recuperar-fotos\/\" class=\"text-white\" data-analytics-label=\"optionsButton\"\n                    data-action=\"analytics#trackCTA\">\n                    <div data-options-target=\"option\"\n                        class=\"custom-section rounded-xl border p-3 shadow-md w-full bg-green-700 my-3\">\n                        <div class=\"flex w-full items-center justify-between\">\n                            <div class=\"flex items-center space-x-3\">\n                                <div class=\"text-lg font-bold\">\n                                    T\u00f6r\u00f6lt fot\u00f3k helyre\u00e1ll\u00edt\u00e1sa ezzel az alkalmaz\u00e1ssal!  \u279d\n                                <\/div>\n                            <\/div>\n                        <\/div>\n                    <\/div>\n                <\/a>\n                                                            <a href=\"http:\/\/universofamilia.com\/hu\/el-amor-a-un-clic\/\" class=\"text-white\" data-analytics-label=\"optionsButton\"\n                    data-action=\"analytics#trackCTA\">\n                    <div data-options-target=\"option\"\n                        class=\"custom-section rounded-xl border p-3 shadow-md w-full bg-green-700 my-3\">\n                        <div class=\"flex w-full items-center justify-between\">\n                            <div class=\"flex items-center space-x-3\">\n                                <div class=\"text-lg font-bold\">\n                                    Fedezd fel az ide\u00e1lis t\u00e1rskeres\u0151 alkalmaz\u00e1st \u279d\n                                <\/div>\n                            <\/div>\n                        <\/div>\n                    <\/div>\n                <\/a>\n                            <p class=\"text-xs text-gray-500 text-right hidden\"\n            style=\"margin-left: 50%; margin-bottom: 50px; margin-top: 5px;\">\n            <!-- You will be redirected to another website -->\n        <\/p>\n    <\/section>\n\n\n\n\n<p class=\"has-text-align-right\"><em><strong><em><strong><em><strong><em><strong><em><strong>Ugyanott fog maradni!<\/strong><\/em><\/strong><\/em><\/strong><\/em><\/strong><\/em><\/strong><\/em><\/p>\n\n\n\n<hr class=\"wp-block-separator has-alpha-channel-opacity is-style-wide\" \/>\n\n\n\n<p><\/p>\n\n\n\n<h2 class=\"wp-block-heading\">Mi\u00e9rt haszn\u00e1l egyre t\u00f6bb ember t\u00e1rskeres\u0151 alkalmaz\u00e1sokat?<\/h2>\n\n\n\n<p>Felmer\u00fclhet benned a k\u00e9rd\u00e9s, hogy ez nem csak a fiataloknak val\u00f3? Az igazs\u00e1g az, hogy nem.<\/p>\n\n\n\n<p>Napr\u00f3l napra egyre t\u00f6bb ember, koroszt\u00e1lyt\u00f3l f\u00fcggetlen\u00fcl \u2013 k\u00fcl\u00f6n\u00f6sen a 40 \u00e9v felettiek \u2013 tal\u00e1lj\u00e1k ezeket az alkalmaz\u00e1sokat praktikus \u00e9s \u00e9lvezetes m\u00f3dnak \u00faj kapcsolatok kialak\u00edt\u00e1s\u00e1ra.<\/p>\n\n\n\n<p>N\u00e9h\u00e1ny ok, ami\u00e9rt az emberek ezeket az eszk\u00f6z\u00f6ket haszn\u00e1lj\u00e1k<\/p>\n\n\n\n<ul>\n<li><strong>Id\u0151hi\u00e1ny<\/strong> A zs\u00fafolt munka vagy a csal\u00e1di k\u00f6telezetts\u00e9gek miatt neh\u00e9z lehet kimozdulni \u00e9s \u00faj emberekkel tal\u00e1lkozni.<\/li>\n\n\n\n<li><strong>Tiszta k\u00edv\u00e1ns\u00e1gok<\/strong> Sokan tudj\u00e1k, mit akarnak, \u00e9s olyan valakit keresnek, aki szint\u00e9n tudja.<\/li>\n\n\n\n<li><strong>\u00c9rzelmi biztons\u00e1g<\/strong> El\u0151bb besz\u00e9lhettek, ismerj\u00e9tek meg jobban a m\u00e1sikat, miel\u0151tt tal\u00e1lkoztok.<\/li>\n\n\n\n<li><strong>T\u00f6rd meg a rutint<\/strong> Az \u00faj emberekkel val\u00f3 besz\u00e9lget\u00e9s energi\u00e1t, motiv\u00e1ci\u00f3t \u00e9s \u00f6r\u00f6met adhat<\/li>\n<\/ul>\n\n\n\n<p>\u00c9s b\u00e1r modernnek t\u0171nhet, <strong>Ez egy nagyon emberi m\u00f3dja annak, hogy megismerj\u00fcnk valakit<\/strong>mert lehet\u0151v\u00e9 teszi, hogy \u00f6nmagad lehess, maszkok n\u00e9lk\u00fcl<\/p>\n\n\n\n<h2 class=\"wp-block-heading\">Milyen t\u00edpus\u00fa emberekkel tal\u00e1lkozhatsz?<\/h2>\n\n\n\n<p>Ez nagyban f\u00fcgg a v\u00e1lasztott alkalmaz\u00e1st\u00f3l, de \u00e1ltal\u00e1noss\u00e1gban azt fogja tal\u00e1lni, hogy<\/p>\n\n\n\n<ul>\n<li>Komoly kapcsolatot keres\u0151 emberek<\/li>\n\n\n\n<li>Elv\u00e1lt emberek, akik \u00faj lehet\u0151s\u00e9get szeretn\u00e9nek<\/li>\n\n\n\n<li>\u00d6zvegy emberek, akik \u00fajra meg akarj\u00e1k osztani az \u00e9let\u00fcket<\/li>\n\n\n\n<li>Fiatalok, akik \u0151szinte bar\u00e1ts\u00e1gokat vagy kapcsolatokat keresnek<\/li>\n\n\n\n<li>Id\u0151sebb feln\u0151ttek, akik t\u00e1rsas\u00e1gra \u00e9s j\u00f3 id\u0151t\u00f6lt\u00e9sre v\u00e1gynak<\/li>\n<\/ul>\n\n\n\n<p>Nincs korhat\u00e1r a szerelemre, a nevet\u00e9sre vagy az \u00fajrakezd\u00e9sre. Minden t\u00f6rt\u00e9net egyedi, \u00e9s minden kapcsolat meglepet\u00e9seket okozhat.<\/p>\n\n\n\n<h2 class=\"wp-block-heading\">Hogyan v\u00e1laszd ki a sz\u00e1modra legmegfelel\u0151bb alkalmaz\u00e1st<\/h2>\n\n\n\n<p>Miel\u0151tt b\u00e1rmilyen alkalmaz\u00e1st let\u00f6ltene, ne feledkezzen meg n\u00e9h\u00e1ny fontos szempontr\u00f3l. Nem minden alkalmaz\u00e1s m\u0171k\u00f6dik ugyan\u00fagy, \u00e9s nem minden alkalmaz\u00e1snak ugyanaz a c\u00e9lja.<\/p>\n\n\n\n<h3 class=\"wp-block-heading\">V\u00e1laszt\u00e1s el\u0151tt ellen\u0151rizze a k\u00f6vetkez\u0151ket<\/h3>\n\n\n\n<ul>\n<li>Milyen kapcsolatokat seg\u00edt el\u0151? Komoly, laza, bar\u00e1ts\u00e1gok?<\/li>\n\n\n\n<li>J\u00f3 h\u00edrneve van az alkalmaz\u00e1sboltokban?<\/li>\n\n\n\n<li>Ellen\u0151rizt\u00e9k a profilokat? Sz\u00fcks\u00e9g eset\u00e9n blokkolhatod a kontaktokat?<\/li>\n\n\n\n<li>K\u00f6nnyen haszn\u00e1lhat\u00f3, m\u00e9g akkor is, ha nem vagy mobiltelefon-szak\u00e9rt\u0151?<\/li>\n\n\n\n<li>Ingyenes, vagy vannak fizet\u0151s funkci\u00f3i? Meg\u00e9ri befektetni?<\/li>\n<\/ul>\n\n\n\n<p>Egy j\u00f3 d\u00f6nt\u00e9s m\u00e1r a kezdetekt\u0151l elker\u00fclheti a frusztr\u00e1ci\u00f3t \u00e9s garant\u00e1lja a kellemes \u00e9lm\u00e9nyt.<\/p>\n\n\n\n<h2 class=\"wp-block-heading\">Az aj\u00e1nlott alkalmaz\u00e1sok a legjobbal kezd\u0151dnek.<\/h2>\n\n\n\n<p>Most, hogy tudod, mire kell figyelned, bemutatjuk neked <strong>H\u00e1rom val\u00f3di, megb\u00edzhat\u00f3 \u00e9s nagyon n\u00e9pszer\u0171 alkalmaz\u00e1s Mexik\u00f3ban<\/strong>.<\/p>\n\n\n\n<p>Mindegyik el\u00e9rhet\u0151 Androidra, \u00e9s t\u00f6bb ezer pozit\u00edv \u00e9rt\u00e9kel\u00e9ssel rendelkeznek. Tal\u00e1lkozzunk vel\u00fck<\/p>\n\n\n\n<h3 class=\"wp-block-heading\"><a href=\"https:\/\/tinder.com\/pt\/download\">Tapl\u00f3 <\/a>az \u00f3ri\u00e1s, akit mindenki ismer<\/h3>\n\n\n\n<p>A Tinder egyet jelent az online randev\u00faz\u00e1ssal. H\u00faz\u00e1si rendszerrel m\u0171k\u00f6dik, ha tetszik valaki, akit jobbra h\u00fazol; ha nem, akkor balra.<\/p>\n\n\n\n<p>Csak olyan emberekkel cseveghetsz, akik szint\u00e9n kedveltek t\u00e9ged, \u00edgy elker\u00fclhet\u0151k a k\u00e9retlen \u00fczenetek.<\/p>\n\n\n\n<p><strong>Mi\u00e9rt j\u00f3 v\u00e1laszt\u00e1s a Tinder?<\/strong><\/p>\n\n\n\n<ul>\n<li>T\u00f6bb milli\u00f3 felhaszn\u00e1l\u00f3ja van Mexik\u00f3ban \u00e9s vil\u00e1gszerte<\/li>\n\n\n\n<li>Bar\u00e1ts\u00e1gokt\u00f3l a komoly kapcsolatokig mindent megtal\u00e1lhatsz.<\/li>\n\n\n\n<li>Felhaszn\u00e1l\u00f3bar\u00e1t fel\u00fclet m\u00e9g azok sz\u00e1m\u00e1ra is, akik nem haszn\u00e1lj\u00e1k gyakran az alkalmaz\u00e1sokat<\/li>\n\n\n\n<li>K\u00fcl\u00f6nb\u00f6z\u0151 sz\u0171r\u0151k seg\u00edtenek megtal\u00e1lni a kompatibilis partnert<\/li>\n\n\n\n<li>Lehet\u0151s\u00e9g \u00e9rdekl\u0151d\u00e9si k\u00f6r\u00f6k, \u00edzl\u00e9sek \u00e9s r\u00f6vid \u00e9letrajzok hozz\u00e1ad\u00e1s\u00e1ra<\/li>\n<\/ul>\n\n\n\n<p>A Tinder nagyszer\u0171, ha most kezded, \u00e9s sok lehet\u0151s\u00e9get szeretn\u00e9l felfedezni.<\/p>\n\n\n\n<p><\/p>\n\n\n\n<hr class=\"wp-block-separator has-alpha-channel-opacity is-style-wide\" \/>\n\n\n\n<h5 class=\"wp-block-heading has-text-align-left\"><strong><mark class=\"has-inline-color has-luminous-vivid-amber-color\"><strong><mark class=\"has-inline-color has-luminous-vivid-amber-color\"><a>\ud83d\udc49 <\/a><strong><mark class=\"has-inline-color has-luminous-vivid-amber-color\"><strong>T\u00f6ltsd le az alkalmaz\u00e1st:<\/strong><\/mark><\/strong><\/mark><\/strong><\/mark><\/strong><\/h5>\n\n\n    <section class=\"mx-1 my-10\">\n                                                <a href=\"https:\/\/tinder.com\/pt\/download\" class=\"text-white\" data-analytics-label=\"optionsButton\"\n                    data-action=\"analytics#trackCTA\">\n                    <div data-options-target=\"option\"\n                        class=\"custom-section rounded-xl border p-3 shadow-md w-full bg-green-700 my-3\">\n                        <div class=\"flex w-full items-center justify-between\">\n                            <div class=\"flex items-center space-x-3\">\n                                <div class=\"text-lg font-bold\">\n                                    Tinder \u279d\n                                <\/div>\n                            <\/div>\n                        <\/div>\n                    <\/div>\n                <\/a>\n                            <p class=\"text-xs text-gray-500 text-right\"\n            style=\"margin-left: 50%; margin-bottom: 50px; margin-top: 5px;\">\n            <!-- You will be redirected to another website -->\n        <\/p>\n    <\/section>\n\n\n\n\n<p class=\"has-text-align-right\"><em><strong><em><strong><em><strong><em><strong><em><strong><em><strong><em><strong><em><strong><em><strong><em><strong>\u00c1t leszel ir\u00e1ny\u00edtva egy m\u00e1sik oldalra!<\/strong><\/em><\/strong><\/em><\/strong><\/em><\/strong><\/em><\/strong><\/em><\/strong><\/em><\/strong><\/em><\/strong><\/em><\/strong><\/em><\/strong><\/em><\/p>\n\n\n\n<hr class=\"wp-block-separator has-alpha-channel-opacity is-style-wide\" \/>\n\n\n\n<p><\/p>\n\n\n\n<h3 class=\"wp-block-heading\">Badoo, emberibb, teljesebb<\/h3>\n\n\n\n<p>A Badoo t\u00falmutat a randiz\u00e1son. Ez egy k\u00f6z\u00f6ss\u00e9gi oldal, ahol \u00faj, vil\u00e1gos sz\u00e1nd\u00e9kokkal rendelkez\u0151 emberekkel tal\u00e1lkozhatunk.<\/p>\n\n\n\n<p>L\u00e1thatod, ki l\u00e1togatott meg, ki kedvelt, \u00fcdv\u00f6zleteket \u00e9s \u00fczeneteket k\u00fcldhetsz<\/p>\n\n\n\n<p><strong>Ami kiemelkedik a Badoo-ban<\/strong><\/p>\n\n\n\n<ul>\n<li>F\u00e9nyk\u00e9pes ellen\u0151rz\u00e9s a fokozott biztons\u00e1g \u00e9rdek\u00e9ben<\/li>\n\n\n\n<li>Lehet\u0151s\u00e9g emberek megtal\u00e1l\u00e1s\u00e1ra helysz\u00edn alapj\u00e1n<\/li>\n\n\n\n<li>Komoly kapcsolatokn\u00e1l vagy igazi bar\u00e1ts\u00e1gokn\u00e1l is m\u0171k\u00f6dik.<\/li>\n\n\n\n<li>\u00c1tl\u00e1that\u00f3, testreszabhat\u00f3 fel\u00fclet sz\u00e1mos ingyenes eszk\u00f6zzel<\/li>\n\n\n\n<li>Akt\u00edv k\u00f6z\u00f6ss\u00e9g minden koroszt\u00e1ly sz\u00e1m\u00e1ra<\/li>\n<\/ul>\n\n\n\n<p>Ha egy teljesebb \u00e9s \u00e1tl\u00e1that\u00f3bb \u00e9lm\u00e9nyre v\u00e1gyik, <strong>A Badoo remek v\u00e1laszt\u00e1s<\/strong><\/p>\n\n\n\n<p><\/p>\n\n\n\n<hr class=\"wp-block-separator has-alpha-channel-opacity is-style-wide\" \/>\n\n\n\n<h5 class=\"wp-block-heading has-text-align-left\"><strong><mark class=\"has-inline-color has-luminous-vivid-amber-color\"><strong><mark class=\"has-inline-color has-luminous-vivid-amber-color\"><a>\ud83d\udc49 <\/a><strong><mark class=\"has-inline-color has-luminous-vivid-amber-color\"><strong>T\u00f6ltsd le az alkalmaz\u00e1st:<\/strong><\/mark><\/strong><\/mark><\/strong><\/mark><\/strong><\/h5>\n\n\n    <section class=\"mx-1 my-10\">\n                                                <a href=\"https:\/\/badoo.com\/pt\/\" class=\"text-white\" data-analytics-label=\"optionsButton\"\n                    data-action=\"analytics#trackCTA\">\n                    <div data-options-target=\"option\"\n                        class=\"custom-section rounded-xl border p-3 shadow-md w-full bg-green-700 my-3\">\n                        <div class=\"flex w-full items-center justify-between\">\n                            <div class=\"flex items-center space-x-3\">\n                                <div class=\"text-lg font-bold\">\n                                    Badoo \u279d\n                                <\/div>\n                            <\/div>\n                        <\/div>\n                    <\/div>\n                <\/a>\n                            <p class=\"text-xs text-gray-500 text-right\"\n            style=\"margin-left: 50%; margin-bottom: 50px; margin-top: 5px;\">\n            <!-- You will be redirected to another website -->\n        <\/p>\n    <\/section>\n\n\n\n\n<p class=\"has-text-align-right\"><em><strong><em><strong><em><strong><em><strong><em><strong><em><strong><em><strong><em><strong><em><strong><em><strong>\u00c1t leszel ir\u00e1ny\u00edtva egy m\u00e1sik oldalra!<\/strong><\/em><\/strong><\/em><\/strong><\/em><\/strong><\/em><\/strong><\/em><\/strong><\/em><\/strong><\/em><\/strong><\/em><\/strong><\/em><\/strong><\/em><\/p>\n\n\n\n<hr class=\"wp-block-separator has-alpha-channel-opacity is-style-wide\" \/>\n\n\n\n<p><\/p>\n\n\n\n<h3 class=\"wp-block-heading\">Happn megtal\u00e1lja azokat az embereket, akikkel az utc\u00e1n tal\u00e1lkozol<\/h3>\n\n\n\n<p>A Happn m\u00e1s. A helyadatok seg\u00edts\u00e9g\u00e9vel mutatja meg azokat az embereket, akikkel napk\u00f6zben keresztezted az utad, de nem tal\u00e1lkozt\u00e1l.<\/p>\n\n\n\n<p>Ha mindketten szimpatikusak vagytok egym\u00e1snak, akkor besz\u00e9lgethettek.<\/p>\n\n\n\n<p><strong>Mi teszi egyediv\u00e9 a Happn-t?<\/strong><\/p>\n\n\n\n<ul>\n<li>Csak igazi embereket l\u00e1tsz, akik igaz\u00e1n k\u00f6zel \u00e1llnak hozz\u00e1d<\/li>\n\n\n\n<li>Besz\u00e9lget\u00e9seket kezdhetsz olyan emberekkel, akiket l\u00e1tt\u00e1l, de nem mert\u00e9l vel\u00fck besz\u00e9lni.<\/li>\n\n\n\n<li>Ide\u00e1lis term\u00e9szetes tal\u00e1lkoz\u00e1sokhoz, er\u0151ltet\u00e9s n\u00e9lk\u00fcl<\/li>\n\n\n\n<li>Nem kell k\u00f6zz\u00e9tenned a teljes profilodat, meg\u0151rizheted az adatv\u00e9delmedet<\/li>\n\n\n\n<li>Egyszer\u0171 \u00e9s megb\u00edzhat\u00f3 fel\u00fclet<\/li>\n<\/ul>\n\n\n\n<p>T\u00f6k\u00e9letes azoknak, akik hisznek a v\u00e9letlenek \u00e9s a spont\u00e1n tal\u00e1lkoz\u00e1sok var\u00e1zslat\u00e1ban.<\/p>\n\n\n\n<p><\/p>\n\n\n\n<hr class=\"wp-block-separator has-alpha-channel-opacity is-style-wide\" \/>\n\n\n\n<h5 class=\"wp-block-heading has-text-align-left\"><strong><mark class=\"has-inline-color has-luminous-vivid-amber-color\"><strong><mark class=\"has-inline-color has-luminous-vivid-amber-color\"><a>\ud83d\udc49 <\/a><strong><mark class=\"has-inline-color has-luminous-vivid-amber-color\"><strong>T\u00f6ltsd le az alkalmaz\u00e1st:<\/strong><\/mark><\/strong><\/mark><\/strong><\/mark><\/strong><\/h5>\n\n\n    <section class=\"mx-1 my-10\">\n                                                <a href=\"https:\/\/www.happn.com\/pt\/\" class=\"text-white\" data-analytics-label=\"optionsButton\"\n                    data-action=\"analytics#trackCTA\">\n                    <div data-options-target=\"option\"\n                        class=\"custom-section rounded-xl border p-3 shadow-md w-full bg-green-700 my-3\">\n                        <div class=\"flex w-full items-center justify-between\">\n                            <div class=\"flex items-center space-x-3\">\n                                <div class=\"text-lg font-bold\">\n                                    Boldog \u279d\n                                <\/div>\n                            <\/div>\n                        <\/div>\n                    <\/div>\n                <\/a>\n                            <p class=\"text-xs text-gray-500 text-right\"\n            style=\"margin-left: 50%; margin-bottom: 50px; margin-top: 5px;\">\n            <!-- You will be redirected to another website -->\n        <\/p>\n    <\/section>\n\n\n\n\n<p class=\"has-text-align-right\"><em><strong><em><strong><em><strong><em><strong><em><strong><em><strong><em><strong><em><strong><em><strong><em><strong>\u00c1t leszel ir\u00e1ny\u00edtva egy m\u00e1sik oldalra!<\/strong><\/em><\/strong><\/em><\/strong><\/em><\/strong><\/em><\/strong><\/em><\/strong><\/em><\/strong><\/em><\/strong><\/em><\/strong><\/em><\/strong><\/em><\/p>\n\n\n\n<hr class=\"wp-block-separator has-alpha-channel-opacity is-style-wide\" \/>\n\n\n\n<p><\/p>\n\n\n\n<h2 class=\"wp-block-heading\">Biztons\u00e1g az els\u0151 \u2013 alapvet\u0151 tippek<\/h2>\n\n\n\n<p>Nem sz\u00e1m\u00edt, milyen alkalmaz\u00e1st haszn\u00e1lsz, mindig vigy\u00e1zz magadra. \u00cdme n\u00e9h\u00e1ny javaslat a biztons\u00e1gos \u00e9s pozit\u00edv \u00e9lm\u00e9nyek megszerz\u00e9s\u00e9hez.<\/p>\n\n\n\n<ul>\n<li>Soha ne ossz meg banki adatokat vagy jelszavakat<\/li>\n\n\n\n<li>Az els\u0151 randin v\u00e1lassz nyilv\u00e1nos \u00e9s ismert helyeket.<\/li>\n\n\n\n<li>Miel\u0151tt elm\u00e9sz, mondd el valakinek, akiben megb\u00edzol<\/li>\n\n\n\n<li>Ne \u00e9rezd \u00fagy, hogy k\u00e9nyszer\u00edtenek arra, hogy megossz fot\u00f3kat vagy szem\u00e9lyes adatokat.<\/li>\n\n\n\n<li>Ha valami nem stimmel, k\u00f6nnyen blokkolhatod \u00e9s jelentheted<\/li>\n<\/ul>\n\n\n\n<p>A digit\u00e1lis biztons\u00e1g az \u00f6nszeretet r\u00e9sze is. Vigy\u00e1zz magadra, mik\u00f6zben \u00e9lvezed<\/p>\n\n\n\n<h2 class=\"wp-block-heading\">Hogyan k\u00e9sz\u00edts\u00fcnk j\u00f3 profilt<\/h2>\n\n\n\n<p>Egy \u0151szinte \u00e9s bar\u00e1ts\u00e1gos profil sok ajt\u00f3t nyithat meg. \u00cdme n\u00e9h\u00e1ny tipp az \u00d6n sz\u00e1m\u00e1ra<\/p>\n\n\n\n<ul>\n<li>Haszn\u00e1lj tiszta, mosolyg\u00f3s \u00e9s aktu\u00e1lis fot\u00f3t<\/li>\n\n\n\n<li>\u00cdrj egy r\u00f6vid \u00e9letrajzot az \u00e9rdekl\u0151d\u00e9si k\u00f6r\u00f6dr\u0151l<\/li>\n\n\n\n<li>L\u00e9gy \u0151szinte azzal kapcsolatban, hogy mit keresel: bar\u00e1ts\u00e1got, romantik\u00e1t, t\u00e1rsas\u00e1got<\/li>\n\n\n\n<li>Ker\u00fcld a negat\u00edv vagy k\u00f6vetel\u0151z\u0151 kifejez\u00e9seket<\/li>\n\n\n\n<li>Mutasd meg, ki vagy, t\u00falz\u00e1s n\u00e9lk\u00fcl<\/li>\n<\/ul>\n\n\n\n<p>Nem kell t\u00f6k\u00e9letesnek lenned. Csak hiteles<\/p>\n\n\n\n<h2 class=\"wp-block-heading\">Igaz t\u00f6rt\u00e9netek: a szerelem egy kattan\u00e1ssal kezd\u0151dik<\/h2>\n\n\n\n<p>Sokan tal\u00e1ltak m\u00e1r valami k\u00fcl\u00f6nlegeset ezeknek az alkalmaz\u00e1soknak k\u00f6sz\u00f6nhet\u0151en. Most megosztunk veletek n\u00e9h\u00e1ny val\u00f3s \u00e9lm\u00e9nyt<\/p>\n\n\n\n<blockquote class=\"wp-block-quote\">\n<p><strong>Luz, 61 \u00e9ves<\/strong><br>\u201eHat \u00e9vvel ezel\u0151tt meg\u00f6zvegy\u00fcltem, \u00e9s azt hittem, soha t\u00f6bb\u00e9 nem fogok szeretni. A Badoo-n ismerkedtem meg Robert\u00f3val. F\u00e9l\u00e9nk \u00fczenetekkel kezdt\u00fck, most pedig minden reggel k\u00e1v\u00e9zunk egy\u00fctt. Soha nem k\u00e9s\u0151 a szerelemhez.\u201d<\/p>\n\n\n\n<p><strong>D\u00e1vid, 49 \u00e9ves<\/strong><br>\u201eMunka miatt egy m\u00e1sik v\u00e1rosba k\u00f6lt\u00f6ztem, \u00e9s senkit sem ismertem. A Happn seg\u00edts\u00e9g\u00e9vel tal\u00e1ltam valakit, aki k\u00e9t h\u00e1zt\u00f6mbnyire lakik. Ma \u0151 a t\u00e1rsam.\u201d<\/p>\n\n\n\n<p><strong>Norma, 58 \u00e9ves<\/strong><br>\u201eMindig is f\u00e9l\u00e9nk voltam. A Tinderrel k\u00f6nny\u0171 volt elkezdeni. Csod\u00e1latos emberekkel tal\u00e1lkoztam. Nem mindenki ugyanazt keresi, de mindig tanultam valami \u00fajat.\u201d<\/p>\n<\/blockquote>\n\n\n\n<h2 class=\"wp-block-heading\">Gyakran Ism\u00e9telt K\u00e9rd\u00e9sek a T\u00e1rskeres\u0151 Alkalmaz\u00e1sokr\u00f3l<\/h2>\n\n\n\n<blockquote class=\"wp-block-quote\">\n<p><strong>Fizetnem kell ezeknek az alkalmaz\u00e1soknak a haszn\u00e1lat\u00e1\u00e9rt?<\/strong><br>A legt\u00f6bbj\u00fck elegend\u0151 ingyenes funkci\u00f3t k\u00edn\u00e1l az indul\u00e1shoz. N\u00e9h\u00e1nynak pr\u00e9mium verzi\u00f3ja van t\u00f6bb el\u0151nnyel<\/p>\n\n\n\n<p><strong>Biztons\u00e1gosak az id\u0151sek sz\u00e1m\u00e1ra?<\/strong><br>Igen, amennyiben betartod az alapvet\u0151 aj\u00e1nl\u00e1sokat. Sok id\u0151s feln\u0151tt haszn\u00e1lja \u0151ket naponta.<\/p>\n\n\n\n<p><strong>Haszn\u00e1lhatom \u0151ket, ha nem sokat tudok a technol\u00f3gi\u00e1r\u00f3l?<\/strong><br>Term\u00e9szetesen. Intuit\u00edvak, nagy gombokkal \u00e9s k\u00f6nnyen k\u00f6vethet\u0151 folyamatokkal rendelkeznek.<\/p>\n\n\n\n<p><strong>Mennyi id\u0151be telik megismerni valakit?<\/strong><br>A temp\u00f3dt\u00f3l f\u00fcgg. Napokkal azel\u0151tt is besz\u00e9lgethettek, hogy eld\u00f6ntitek, elm\u00e9sz-e. Te \u00e1ll\u00edtottad be az id\u0151t<\/p>\n\n\n\n<p><strong>Mi van, ha senkit sem kedvelek?<\/strong><br>Nem probl\u00e9ma. Elt\u00e1vol\u00edthatja az alkalmaz\u00e1st, vagy folytathatja a keres\u00e9st. Nincs nyom\u00e1s<\/p>\n<\/blockquote>\n\n\n<div class=\"wp-block-image\">\n<figure class=\"aligncenter size-full\"><img loading=\"lazy\" decoding=\"async\" width=\"550\" height=\"350\" src=\"https:\/\/universofamilia.com\/wp-content\/uploads\/sites\/148\/2025\/05\/DESTAQUE-UNIVERSO-550-x-350-3.jpg\" alt=\"\" class=\"wp-image-9421\" srcset=\"http:\/\/universofamilia.com\/wp-content\/uploads\/sites\/148\/2025\/05\/DESTAQUE-UNIVERSO-550-x-350-3.jpg 550w, http:\/\/universofamilia.com\/wp-content\/uploads\/sites\/148\/2025\/05\/DESTAQUE-UNIVERSO-550-x-350-3-300x191.jpg 300w, http:\/\/universofamilia.com\/wp-content\/uploads\/sites\/148\/2025\/05\/DESTAQUE-UNIVERSO-550-x-350-3-18x12.jpg 18w\" sizes=\"(max-width: 550px) 100vw, 550px\" \/><figcaption class=\"wp-element-caption\">K\u00e9szen \u00e1llsz egy kis m\u00f3k\u00e1ra ma?<\/figcaption><\/figure><\/div>\n\n\n<h2 class=\"wp-block-heading\">Egyszer\u0171 l\u00e9p\u00e9sek a mai kezd\u00e9shez<\/h2>\n\n\n\n<ol>\n<li>V\u00e1lasszon egyet az \u00e1ltalunk aj\u00e1nlott alkalmaz\u00e1sok k\u00f6z\u00fcl<\/li>\n\n\n\n<li>T\u00f6ltsd le ingyen a mobiltelefonodra<\/li>\n\n\n\n<li>Hozd l\u00e9tre a profilodat nyugodtan \u00e9s szeretettel<\/li>\n\n\n\n<li>Fedezze fel a profilokat tisztelettel \u00e9s k\u00edv\u00e1ncsis\u00e1ggal<\/li>\n\n\n\n<li>Kezdj \u0151szinte \u00e9s bar\u00e1ti besz\u00e9lget\u00e9seket<\/li>\n\n\n\n<li>Tiszteld az id\u0151det \u00e9s l\u00e9gy b\u00fcszke minden l\u00e9p\u00e9sedre<\/li>\n<\/ol>\n\n\n\n<h2 class=\"wp-block-heading\">A mai nap valami k\u00fcl\u00f6nlegesnek a kezdete lehet<\/h2>\n\n\n\n<p>K\u00e9szen \u00e1llsz egy kis m\u00f3k\u00e1ra ma? Nem kell megv\u00e1rnod a h\u00e9tv\u00e9g\u00e9t, egy bulit, vagy azt, hogy valaki bemutatjon valakinek. Ma kezdem\u00e9nyezhetsz, \u00e9s felfedezheted az \u00faj lehet\u0151s\u00e9gek vil\u00e1g\u00e1t. Szeretetb\u0151l, tiszteletb\u0151l \u00e9s rem\u00e9nyb\u0151l<\/p>\n\n\n\n<p>A legszebb emberek nem csak a fot\u00f3kon vannak. \u0150szinte kapcsolatra, \u00e9rtelmes besz\u00e9lget\u00e9sre v\u00e1rnak. \u00c9s te lehetsz az a szem\u00e9ly, aki megv\u00e1ltoztatja valakinek a napj\u00e1t.<\/p>\n\n\n\n<p>T\u00f6lts le egyet a ma eml\u00edtett alkalmaz\u00e1sok k\u00f6z\u00fcl, \u00e9s <strong>Tedd meg az els\u0151 l\u00e9p\u00e9st magabiztosan \u00e9s mosolyogva<\/strong>.<\/p>\n\n\n\n<p>Mert igen, a te t\u00f6rt\u00e9neted is meg\u00e9rdemli, hogy elkezd\u0151dj\u00f6n<\/p>","protected":false},"excerpt":{"rendered":"<p>\u00a1Elija una de las opciones! \u00bfPronto para una diversi\u00f3n hoy? Si llevas tiempo pensando en conocer a alguien especial, este puede ser el momento ideal. Los aplicativos de citas est\u00e1n dise\u00f1ados para facilitar encuentros reales, humanos, y lo mejor: a tu ritmo. No necesitas ser experto en tecnolog\u00eda ni tener redes sociales activas para comenzar. [&hellip;]<\/p>","protected":false},"author":139,"featured_media":9421,"comment_status":"closed","ping_status":"open","sticky":false,"template":"","format":"standard","meta":{"footnotes":""},"categories":[2],"tags":[2272,178,2248,564,669],"yoast_head":"<!-- This site is optimized with the Yoast SEO plugin v23.3 - https:\/\/yoast.com\/wordpress\/plugins\/seo\/ -->\n<title>\u00bfPronto para una diversi\u00f3n hoy? - Universo Fam\u00edlia<\/title>\n<meta name=\"description\" content=\"\u00bfPronto para una diversi\u00f3n hoy? Si llevas tiempo pensando en conocer a alguien especial, este puede ser el momento ideal....\" \/>\n<meta name=\"robots\" content=\"index, follow, max-snippet:-1, max-image-preview:large, max-video-preview:-1\" \/>\n<link rel=\"canonical\" href=\"http:\/\/universofamilia.com\/hu\/\uc624\ub298\uc740-\uc7ac\ubc0c\uac8c-\ub180-\uc900\ube44-\ub410\uc5b4\/\" \/>\n<meta property=\"og:locale\" content=\"hu_HU\" \/>\n<meta property=\"og:type\" content=\"article\" \/>\n<meta property=\"og:title\" content=\"\u00bfPronto para una diversi\u00f3n hoy? - Universo Fam\u00edlia\" \/>\n<meta property=\"og:description\" content=\"\u00bfPronto para una diversi\u00f3n hoy? Si llevas tiempo pensando en conocer a alguien especial, este puede ser el momento ideal....\" \/>\n<meta property=\"og:url\" content=\"http:\/\/universofamilia.com\/hu\/\uc624\ub298\uc740-\uc7ac\ubc0c\uac8c-\ub180-\uc900\ube44-\ub410\uc5b4\/\" \/>\n<meta property=\"og:site_name\" content=\"Universo Fam\u00edlia\" \/>\n<meta property=\"article:published_time\" content=\"2025-05-02T20:31:07+00:00\" \/>\n<meta property=\"article:modified_time\" content=\"2025-05-02T20:31:08+00:00\" \/>\n<meta property=\"og:image\" content=\"http:\/\/universofamilia.com\/wp-content\/uploads\/sites\/148\/2025\/05\/DESTAQUE-UNIVERSO-550-x-350-3.jpg\" \/>\n\t<meta property=\"og:image:width\" content=\"550\" \/>\n\t<meta property=\"og:image:height\" content=\"350\" \/>\n\t<meta property=\"og:image:type\" content=\"image\/jpeg\" \/>\n<meta name=\"author\" content=\"Pedro Henrique\" \/>\n<meta name=\"twitter:card\" content=\"summary_large_image\" \/>\n<meta name=\"twitter:label1\" content=\"Written by\" \/>\n\t<meta name=\"twitter:data1\" content=\"Pedro Henrique\" \/>\n\t<meta name=\"twitter:label2\" content=\"Est. reading time\" \/>\n\t<meta name=\"twitter:data2\" content=\"8 perc\" \/>\n<script type=\"application\/ld+json\" class=\"yoast-schema-graph\">{\"@context\":\"https:\/\/schema.org\",\"@graph\":[{\"@type\":\"WebPage\",\"@id\":\"http:\/\/universofamilia.com\/ko\/\uc624\ub298\uc740-\uc7ac\ubc0c\uac8c-\ub180-\uc900\ube44-\ub410\uc5b4\/\",\"url\":\"http:\/\/universofamilia.com\/ko\/\uc624\ub298\uc740-\uc7ac\ubc0c\uac8c-\ub180-\uc900\ube44-\ub410\uc5b4\/\",\"name\":\"\u00bfPronto para una diversi\u00f3n hoy? - Universo Fam\u00edlia\",\"isPartOf\":{\"@id\":\"https:\/\/universofamilia.com\/el\/#website\"},\"primaryImageOfPage\":{\"@id\":\"http:\/\/universofamilia.com\/ko\/\uc624\ub298\uc740-\uc7ac\ubc0c\uac8c-\ub180-\uc900\ube44-\ub410\uc5b4\/#primaryimage\"},\"image\":{\"@id\":\"http:\/\/universofamilia.com\/ko\/\uc624\ub298\uc740-\uc7ac\ubc0c\uac8c-\ub180-\uc900\ube44-\ub410\uc5b4\/#primaryimage\"},\"thumbnailUrl\":\"http:\/\/universofamilia.com\/wp-content\/uploads\/sites\/148\/2025\/05\/DESTAQUE-UNIVERSO-550-x-350-3.jpg\",\"datePublished\":\"2025-05-02T20:31:07+00:00\",\"dateModified\":\"2025-05-02T20:31:08+00:00\",\"author\":{\"@id\":\"https:\/\/universofamilia.com\/el\/#\/schema\/person\/f07ce98187dd84d31154262e79b3b7ca\"},\"description\":\"\u00bfPronto para una diversi\u00f3n hoy? Si llevas tiempo pensando en conocer a alguien especial, este puede ser el momento ideal....\",\"breadcrumb\":{\"@id\":\"http:\/\/universofamilia.com\/ko\/\uc624\ub298\uc740-\uc7ac\ubc0c\uac8c-\ub180-\uc900\ube44-\ub410\uc5b4\/#breadcrumb\"},\"inLanguage\":\"hu\",\"potentialAction\":[{\"@type\":\"ReadAction\",\"target\":[\"http:\/\/universofamilia.com\/ko\/\uc624\ub298\uc740-\uc7ac\ubc0c\uac8c-\ub180-\uc900\ube44-\ub410\uc5b4\/\"]}]},{\"@type\":\"ImageObject\",\"inLanguage\":\"hu\",\"@id\":\"http:\/\/universofamilia.com\/ko\/\uc624\ub298\uc740-\uc7ac\ubc0c\uac8c-\ub180-\uc900\ube44-\ub410\uc5b4\/#primaryimage\",\"url\":\"http:\/\/universofamilia.com\/wp-content\/uploads\/sites\/148\/2025\/05\/DESTAQUE-UNIVERSO-550-x-350-3.jpg\",\"contentUrl\":\"http:\/\/universofamilia.com\/wp-content\/uploads\/sites\/148\/2025\/05\/DESTAQUE-UNIVERSO-550-x-350-3.jpg\",\"width\":550,\"height\":350,\"caption\":\"\u00bfPronto para una diversi\u00f3n hoy?\"},{\"@type\":\"BreadcrumbList\",\"@id\":\"http:\/\/universofamilia.com\/ko\/\uc624\ub298\uc740-\uc7ac\ubc0c\uac8c-\ub180-\uc900\ube44-\ub410\uc5b4\/#breadcrumb\",\"itemListElement\":[{\"@type\":\"ListItem\",\"position\":1,\"name\":\"Home\",\"item\":\"https:\/\/universofamilia.com\/el\/\"},{\"@type\":\"ListItem\",\"position\":2,\"name\":\"\u00bfPronto para una diversi\u00f3n hoy?\"}]},{\"@type\":\"WebSite\",\"@id\":\"https:\/\/universofamilia.com\/el\/#website\",\"url\":\"https:\/\/universofamilia.com\/el\/\",\"name\":\"Universo Fam\u00edlia\",\"description\":\"\",\"potentialAction\":[{\"@type\":\"SearchAction\",\"target\":{\"@type\":\"EntryPoint\",\"urlTemplate\":\"https:\/\/universofamilia.com\/el\/?s={search_term_string}\"},\"query-input\":\"required name=search_term_string\"}],\"inLanguage\":\"hu\"},{\"@type\":\"Person\",\"@id\":\"https:\/\/universofamilia.com\/el\/#\/schema\/person\/f07ce98187dd84d31154262e79b3b7ca\",\"name\":\"Pedro Henrique\",\"image\":{\"@type\":\"ImageObject\",\"inLanguage\":\"hu\",\"@id\":\"https:\/\/universofamilia.com\/el\/#\/schema\/person\/image\/\",\"url\":\"http:\/\/0.gravatar.com\/avatar\/9edfeb808cb4e1599f64d6e45b130154?s=96&d=mm&r=g\",\"contentUrl\":\"http:\/\/0.gravatar.com\/avatar\/9edfeb808cb4e1599f64d6e45b130154?s=96&d=mm&r=g\",\"caption\":\"Pedro Henrique\"},\"url\":\"http:\/\/universofamilia.com\/hu\/author\/editor01\/\"}]}<\/script>\n<!-- \/ Yoast SEO plugin. -->","yoast_head_json":{"title":"\u00bfPronto para una diversi\u00f3n hoy? - Universo Fam\u00edlia","description":"\u00bfPronto para una diversi\u00f3n hoy? Si llevas tiempo pensando en conocer a alguien especial, este puede ser el momento ideal....","robots":{"index":"index","follow":"follow","max-snippet":"max-snippet:-1","max-image-preview":"max-image-preview:large","max-video-preview":"max-video-preview:-1"},"canonical":"http:\/\/universofamilia.com\/hu\/\uc624\ub298\uc740-\uc7ac\ubc0c\uac8c-\ub180-\uc900\ube44-\ub410\uc5b4\/","og_locale":"hu_HU","og_type":"article","og_title":"\u00bfPronto para una diversi\u00f3n hoy? - Universo Fam\u00edlia","og_description":"\u00bfPronto para una diversi\u00f3n hoy? Si llevas tiempo pensando en conocer a alguien especial, este puede ser el momento ideal....","og_url":"http:\/\/universofamilia.com\/hu\/\uc624\ub298\uc740-\uc7ac\ubc0c\uac8c-\ub180-\uc900\ube44-\ub410\uc5b4\/","og_site_name":"Universo Fam\u00edlia","article_published_time":"2025-05-02T20:31:07+00:00","article_modified_time":"2025-05-02T20:31:08+00:00","og_image":[{"width":550,"height":350,"url":"http:\/\/universofamilia.com\/wp-content\/uploads\/sites\/148\/2025\/05\/DESTAQUE-UNIVERSO-550-x-350-3.jpg","type":"image\/jpeg"}],"author":"Pedro Henrique","twitter_card":"summary_large_image","twitter_misc":{"Written by":"Pedro Henrique","Est. reading time":"8 perc"},"schema":{"@context":"https:\/\/schema.org","@graph":[{"@type":"WebPage","@id":"http:\/\/universofamilia.com\/ko\/\uc624\ub298\uc740-\uc7ac\ubc0c\uac8c-\ub180-\uc900\ube44-\ub410\uc5b4\/","url":"http:\/\/universofamilia.com\/ko\/\uc624\ub298\uc740-\uc7ac\ubc0c\uac8c-\ub180-\uc900\ube44-\ub410\uc5b4\/","name":"\u00bfPronto para una diversi\u00f3n hoy? - Universo Fam\u00edlia","isPartOf":{"@id":"https:\/\/universofamilia.com\/el\/#website"},"primaryImageOfPage":{"@id":"http:\/\/universofamilia.com\/ko\/\uc624\ub298\uc740-\uc7ac\ubc0c\uac8c-\ub180-\uc900\ube44-\ub410\uc5b4\/#primaryimage"},"image":{"@id":"http:\/\/universofamilia.com\/ko\/\uc624\ub298\uc740-\uc7ac\ubc0c\uac8c-\ub180-\uc900\ube44-\ub410\uc5b4\/#primaryimage"},"thumbnailUrl":"http:\/\/universofamilia.com\/wp-content\/uploads\/sites\/148\/2025\/05\/DESTAQUE-UNIVERSO-550-x-350-3.jpg","datePublished":"2025-05-02T20:31:07+00:00","dateModified":"2025-05-02T20:31:08+00:00","author":{"@id":"https:\/\/universofamilia.com\/el\/#\/schema\/person\/f07ce98187dd84d31154262e79b3b7ca"},"description":"\u00bfPronto para una diversi\u00f3n hoy? Si llevas tiempo pensando en conocer a alguien especial, este puede ser el momento ideal....","breadcrumb":{"@id":"http:\/\/universofamilia.com\/ko\/\uc624\ub298\uc740-\uc7ac\ubc0c\uac8c-\ub180-\uc900\ube44-\ub410\uc5b4\/#breadcrumb"},"inLanguage":"hu","potentialAction":[{"@type":"ReadAction","target":["http:\/\/universofamilia.com\/ko\/\uc624\ub298\uc740-\uc7ac\ubc0c\uac8c-\ub180-\uc900\ube44-\ub410\uc5b4\/"]}]},{"@type":"ImageObject","inLanguage":"hu","@id":"http:\/\/universofamilia.com\/ko\/\uc624\ub298\uc740-\uc7ac\ubc0c\uac8c-\ub180-\uc900\ube44-\ub410\uc5b4\/#primaryimage","url":"http:\/\/universofamilia.com\/wp-content\/uploads\/sites\/148\/2025\/05\/DESTAQUE-UNIVERSO-550-x-350-3.jpg","contentUrl":"http:\/\/universofamilia.com\/wp-content\/uploads\/sites\/148\/2025\/05\/DESTAQUE-UNIVERSO-550-x-350-3.jpg","width":550,"height":350,"caption":"\u00bfPronto para una diversi\u00f3n hoy?"},{"@type":"BreadcrumbList","@id":"http:\/\/universofamilia.com\/ko\/\uc624\ub298\uc740-\uc7ac\ubc0c\uac8c-\ub180-\uc900\ube44-\ub410\uc5b4\/#breadcrumb","itemListElement":[{"@type":"ListItem","position":1,"name":"Home","item":"https:\/\/universofamilia.com\/el\/"},{"@type":"ListItem","position":2,"name":"\u00bfPronto para una diversi\u00f3n hoy?"}]},{"@type":"WebSite","@id":"https:\/\/universofamilia.com\/el\/#website","url":"https:\/\/universofamilia.com\/el\/","name":"Universo Fam\u00edlia","description":"","potentialAction":[{"@type":"SearchAction","target":{"@type":"EntryPoint","urlTemplate":"https:\/\/universofamilia.com\/el\/?s={search_term_string}"},"query-input":"required name=search_term_string"}],"inLanguage":"hu"},{"@type":"Person","@id":"https:\/\/universofamilia.com\/el\/#\/schema\/person\/f07ce98187dd84d31154262e79b3b7ca","name":"Pedro Henrique","image":{"@type":"ImageObject","inLanguage":"hu","@id":"https:\/\/universofamilia.com\/el\/#\/schema\/person\/image\/","url":"http:\/\/0.gravatar.com\/avatar\/9edfeb808cb4e1599f64d6e45b130154?s=96&d=mm&r=g","contentUrl":"http:\/\/0.gravatar.com\/avatar\/9edfeb808cb4e1599f64d6e45b130154?s=96&d=mm&r=g","caption":"Pedro Henrique"},"url":"http:\/\/universofamilia.com\/hu\/author\/editor01\/"}]}},"_links":{"self":[{"href":"http:\/\/universofamilia.com\/hu\/wp-json\/wp\/v2\/posts\/9420"}],"collection":[{"href":"http:\/\/universofamilia.com\/hu\/wp-json\/wp\/v2\/posts"}],"about":[{"href":"http:\/\/universofamilia.com\/hu\/wp-json\/wp\/v2\/types\/post"}],"author":[{"embeddable":true,"href":"http:\/\/universofamilia.com\/hu\/wp-json\/wp\/v2\/users\/139"}],"replies":[{"embeddable":true,"href":"http:\/\/universofamilia.com\/hu\/wp-json\/wp\/v2\/comments?post=9420"}],"version-history":[{"count":1,"href":"http:\/\/universofamilia.com\/hu\/wp-json\/wp\/v2\/posts\/9420\/revisions"}],"predecessor-version":[{"id":9422,"href":"http:\/\/universofamilia.com\/hu\/wp-json\/wp\/v2\/posts\/9420\/revisions\/9422"}],"wp:featuredmedia":[{"embeddable":true,"href":"http:\/\/universofamilia.com\/hu\/wp-json\/wp\/v2\/media\/9421"}],"wp:attachment":[{"href":"http:\/\/universofamilia.com\/hu\/wp-json\/wp\/v2\/media?parent=9420"}],"wp:term":[{"taxonomy":"category","embeddable":true,"href":"http:\/\/universofamilia.com\/hu\/wp-json\/wp\/v2\/categories?post=9420"},{"taxonomy":"post_tag","embeddable":true,"href":"http:\/\/universofamilia.com\/hu\/wp-json\/wp\/v2\/tags?post=9420"}],"curies":[{"name":"wp","href":"https:\/\/api.w.org\/{rel}","templated":true}]}}