{"id":9423,"date":"2025-05-05T20:19:33","date_gmt":"2025-05-05T20:19:33","guid":{"rendered":"https:\/\/universofamilia.com\/?p=9423"},"modified":"2025-05-05T20:19:34","modified_gmt":"2025-05-05T20:19:34","slug":"listo-para-una-diversion-real-hoy-mismo","status":"publish","type":"post","link":"http:\/\/universofamilia.com\/hu\/keszen-allsz-egy-igazi-mokara-ma\/","title":{"rendered":"K\u00e9szen \u00e1llsz egy igazi m\u00f3k\u00e1ra ma?"},"content":{"rendered":"<h4 class=\"wp-block-heading has-text-align-center\">Elgondolkodt\u00e1l m\u00e1r azon, hogy vajon m\u00e9g mindig lehets\u00e9ges-e tal\u00e1lni valakit, aki k\u00fcl\u00f6nleges?<\/h4>\n\n\n\n<p><\/p>\n\n\n\n<h5 class=\"wp-block-heading has-text-align-center\"><strong><mark class=\"has-inline-color has-vivid-cyan-blue-color\">V\u00e1lasszon egyet a lehet\u0151s\u00e9gek k\u00f6z\u00fcl!<\/mark><\/strong><\/h5>\n\n\n    <section class=\"mx-1 my-10\">\n                                                <a href=\"http:\/\/universofamilia.com\/hu\/aplicaciones-de-citas-2\/\" class=\"text-white\" data-analytics-label=\"optionsButton\"\n                    data-action=\"analytics#trackCTA\">\n                    <div data-options-target=\"option\"\n                        class=\"custom-section rounded-xl border p-3 shadow-md w-full bg-green-700 my-3\">\n                        <div class=\"flex w-full items-center justify-between\">\n                            <div class=\"flex items-center space-x-3\">\n                                <div class=\"text-lg font-bold\">\n                                    Szia, besz\u00e9lj most!   \u279d\n                                <\/div>\n                            <\/div>\n                        <\/div>\n                    <\/div>\n                <\/a>\n                                                            <a href=\"http:\/\/universofamilia.com\/hu\/mejor-app-de-citas-real\/\" class=\"text-white\" data-analytics-label=\"optionsButton\"\n                    data-action=\"analytics#trackCTA\">\n                    <div data-options-target=\"option\"\n                        class=\"custom-section rounded-xl border p-3 shadow-md w-full bg-green-700 my-3\">\n                        <div class=\"flex w-full items-center justify-between\">\n                            <div class=\"flex items-center space-x-3\">\n                                <div class=\"text-lg font-bold\">\n                                    Egy kis aj\u00e1nd\u00e9k neked \u279d\n                                <\/div>\n                            <\/div>\n                        <\/div>\n                    <\/div>\n                <\/a>\n                                                            <a href=\"http:\/\/universofamilia.com\/hu\/el-amor-a-un-clic\/\" class=\"text-white\" data-analytics-label=\"optionsButton\"\n                    data-action=\"analytics#trackCTA\">\n                    <div data-options-target=\"option\"\n                        class=\"custom-section rounded-xl border p-3 shadow-md w-full bg-green-700 my-3\">\n                        <div class=\"flex w-full items-center justify-between\">\n                            <div class=\"flex items-center space-x-3\">\n                                <div class=\"text-lg font-bold\">\n                                    Besz\u00e9lj Victori\u00e1val \u279d\n                                <\/div>\n                            <\/div>\n                        <\/div>\n                    <\/div>\n                <\/a>\n                            <p class=\"text-xs text-gray-500 text-right hidden\"\n            style=\"margin-left: 50%; margin-bottom: 50px; margin-top: 5px;\">\n            <!-- You will be redirected to another website -->\n        <\/p>\n    <\/section>\n\n\n\n\n<p><\/p>\n\n\n\n<p class=\"has-text-align-center\">\u00dagy \u00e9rzed, hogy a hagyom\u00e1nyos kir\u00e1ndul\u00e1sok m\u00e1r nem k\u00edn\u00e1lj\u00e1k azt, amit keresel?<\/p>\n\n\n\n<h3 class=\"wp-block-heading\">A mai nap valami izgalmas, val\u00f3di \u00e9s sz\u00f3rakoztat\u00f3 dolog kezdet\u00e9t veheti\u2026 an\u00e9lk\u00fcl, hogy elhagyn\u00e1d otthonodat.<\/h3>\n\n\n\n<p><strong>Namoro alkalmaz\u00e1s<\/strong>. Technikai, modern vagy ak\u00e1r t\u00e1volinak is hangozhat azok sz\u00e1m\u00e1ra, akik nem mobiltelefonokkal n\u0151ttek fel.<\/p>\n\n\n\n<p>Az igazs\u00e1g azonban az, hogy ezek az alkalmaz\u00e1sok el\u00e9rhet\u0151v\u00e9, biztons\u00e1goss\u00e1 \u00e9s <a href=\"http:\/\/universofamilia.com\/hu\/aplicaciones-de-citas-2\/\">nagyon sz\u00f3rakoztat\u00f3 \u00faj emberekkel tal\u00e1lkozni.<\/a><\/p>\n\n\n\n<p>Ak\u00e1r tart\u00f3s szerelemre, egy sz\u00f3rakoztat\u00f3 besz\u00e9lget\u00e9sre, vagy csak egy kis sz\u00fcnetre v\u00e1gysz a megszokott\u00f3l, ma megmutatjuk, hogyan v\u00e1ltoztathatj\u00e1k meg ezek az alkalmaz\u00e1sok a t\u00e1rsas\u00e1gi \u00e9letedet mind\u00f6ssze n\u00e9h\u00e1ny kattint\u00e1ssal a telefonodon.<\/p>\n\n\n\n<p>Ebben a cikkben a k\u00f6vetkez\u0151ket fedezheted fel:<\/p>\n\n\n\n<ul>\n<li>Mi az a Namoro alkalmaz\u00e1s \u00e9s hogyan m\u0171k\u00f6dik?<\/li>\n\n\n\n<li>Mi\u00e9rt haszn\u00e1lja egyre t\u00f6bb id\u0151sebb ember ezeket a platformokat?<\/li>\n\n\n\n<li>Hogyan kezdj\u00fcnk hozz\u00e1 egyszer\u0171en, technikai bonyodalmak n\u00e9lk\u00fcl<\/li>\n\n\n\n<li>H\u00e1rom n\u00e9pszer\u0171 \u00e9s megb\u00edzhat\u00f3 alkalmaz\u00e1s, amit ma \u00e9rdemes telep\u00edteni<\/li>\n<\/ul>\n\n\n\n<h2 class=\"wp-block-heading\">Pontosan mi is az a Namoro alkalmaz\u00e1s?<\/h2>\n\n\n\n<p>Egy <strong>Namoro alkalmaz\u00e1s<\/strong> Ez egy olyan alkalmaz\u00e1s, amely lehet\u0151v\u00e9 teszi, hogy hasonl\u00f3 \u00e9rdekl\u0151d\u00e9s\u0171 emberekkel tal\u00e1lkozz, mint te.<\/p>\n\n\n\n<p>Telep\u00edtve van a telefonodra, \u00e9s nagyon intuit\u00edv m\u00f3don m\u0171k\u00f6dik: l\u00e9trehozod a profilodat, megn\u00e9zed a t\u00f6bbi profilt, \u00e9s ha k\u00f6lcs\u00f6n\u00f6s az \u00e9rdekl\u0151d\u00e9s, elkezdhettek csevegni.<\/p>\n\n\n\n<p>Nem kell t\u00f6bb\u00e9 b\u00e1rokba, bulikba vagy k\u00ednos t\u00e1rsas\u00e1gi \u00f6sszej\u00f6vetelekre j\u00e1rnod. Most, otthonod k\u00e9nyelm\u00e9b\u0151l tal\u00e1lkozhatsz valakivel, aki osztozik az \u00e9rt\u00e9keidben, az \u00edzl\u00e9sedben, s\u0151t m\u00e9g a humor\u00e9rz\u00e9kedben is.<\/p>\n\n\n\n<p>N\u00e9h\u00e1ny adat (egy fot\u00f3, az \u00e9letkorod \u00e9s mit keresel) megad\u00e1s\u00e1val az alkalmaz\u00e1s elkezd embereket aj\u00e1nlani neked.<\/p>\n\n\n\n<p>Cseveghetsz, videoh\u00edv\u00e1sokat kezdem\u00e9nyezhetsz, vagy egyszer\u0171en \u00fczeneteket v\u00e1lthatsz. Mindezt biztons\u00e1gos, diszkr\u00e9t \u00e9s sz\u00f3rakoztat\u00f3 m\u00f3don.<\/p>\n\n\n\n<p><\/p>\n\n\n\n<hr class=\"wp-block-separator has-alpha-channel-opacity is-style-wide\" \/>\n\n\n\n<h4 class=\"wp-block-heading has-text-align-center\"><strong><mark class=\"has-inline-color has-luminous-vivid-orange-color\">Olvasd el ezt is<\/mark><\/strong><\/h4>\n\n\n    <section class=\"mx-1 my-10\">\n                                                <a href=\"http:\/\/universofamilia.com\/hu\/lp-filmes-asiaticos\/\" class=\"text-white\" data-analytics-label=\"optionsButton\"\n                    data-action=\"analytics#trackCTA\">\n                    <div data-options-target=\"option\"\n                        class=\"custom-section rounded-xl border p-3 shadow-md w-full bg-green-700 my-3\">\n                        <div class=\"flex w-full items-center justify-between\">\n                            <div class=\"flex items-center space-x-3\">\n                                <div class=\"text-lg font-bold\">\n                                    App koreai dr\u00e1m\u00e1k n\u00e9z\u00e9s\u00e9hez \u279d\n                                <\/div>\n                            <\/div>\n                        <\/div>\n                    <\/div>\n                <\/a>\n                                                            <a href=\"http:\/\/universofamilia.com\/hu\/lp-recuperar-fotos\/\" class=\"text-white\" data-analytics-label=\"optionsButton\"\n                    data-action=\"analytics#trackCTA\">\n                    <div data-options-target=\"option\"\n                        class=\"custom-section rounded-xl border p-3 shadow-md w-full bg-green-700 my-3\">\n                        <div class=\"flex w-full items-center justify-between\">\n                            <div class=\"flex items-center space-x-3\">\n                                <div class=\"text-lg font-bold\">\n                                    T\u00f6r\u00f6lt fot\u00f3k helyre\u00e1ll\u00edt\u00e1sa ezzel az alkalmaz\u00e1ssal!  \u279d\n                                <\/div>\n                            <\/div>\n                        <\/div>\n                    <\/div>\n                <\/a>\n                                                            <a href=\"http:\/\/universofamilia.com\/hu\/el-amor-a-un-clic\/\" class=\"text-white\" data-analytics-label=\"optionsButton\"\n                    data-action=\"analytics#trackCTA\">\n                    <div data-options-target=\"option\"\n                        class=\"custom-section rounded-xl border p-3 shadow-md w-full bg-green-700 my-3\">\n                        <div class=\"flex w-full items-center justify-between\">\n                            <div class=\"flex items-center space-x-3\">\n                                <div class=\"text-lg font-bold\">\n                                    Fedezd fel az ide\u00e1lis t\u00e1rskeres\u0151 alkalmaz\u00e1st \u279d\n                                <\/div>\n                            <\/div>\n                        <\/div>\n                    <\/div>\n                <\/a>\n                            <p class=\"text-xs text-gray-500 text-right hidden\"\n            style=\"margin-left: 50%; margin-bottom: 50px; margin-top: 5px;\">\n            <!-- You will be redirected to another website -->\n        <\/p>\n    <\/section>\n\n\n\n\n<p class=\"has-text-align-right\"><em><strong><em><strong><em><strong><em><strong><em><strong>Ugyanott fog maradni!<\/strong><\/em><\/strong><\/em><\/strong><\/em><\/strong><\/em><\/strong><\/em><\/p>\n\n\n\n<hr class=\"wp-block-separator has-alpha-channel-opacity is-style-wide\" \/>\n\n\n\n<p><\/p>\n\n\n\n<h2 class=\"wp-block-heading\">\u00c9s ez minden koroszt\u00e1lyn\u00e1l m\u0171k\u00f6dik?<\/h2>\n\n\n\n<p>Term\u00e9szetesen! B\u00e1r sokan azt gondolj\u00e1k, hogy a Namoro alkalmaz\u00e1sok csak a fiataloknak val\u00f3k, a val\u00f3s\u00e1g eg\u00e9szen m\u00e1s.<\/p>\n\n\n\n<p>Egyre t\u00f6bb id\u0151s ember tal\u00e1l partnert, bar\u00e1tot vagy t\u00e1rsas\u00e1got ezeken a platformokon kereszt\u00fcl.<\/p>\n\n\n\n<p>Ezen alkalmaz\u00e1sok k\u00f6z\u00fcl sokat \u00fagy terveztek, hogy k\u00f6nnyen haszn\u00e1lhat\u00f3ak legyenek, nagy gombokkal, egyszer\u0171 utas\u00edt\u00e1sokkal \u00e9s \u00e1ttekinthet\u0151 be\u00e1ll\u00edt\u00e1sokkal.<\/p>\n\n\n\n<p>Nem kell tech szak\u00e9rt\u0151nek lenned, vagy akt\u00edv k\u00f6z\u00f6ss\u00e9gi m\u00e9dia jelenl\u00e9ted. Csup\u00e1n a telefonodra, internetkapcsolatra \u00e9s a v\u00e1gyra van sz\u00fcks\u00e9ged, hogy tal\u00e1lkozz valakivel, aki k\u00fcl\u00f6nleges.<\/p>\n\n\n\n<p>Ide\u00e1lis hely azoknak is, akik egyed\u00fcl \u00e9lnek, nyugd\u00edjasok, vagy nehezen tudnak elk\u00f6lt\u00f6zni otthonr\u00f3l.<\/p>\n\n\n\n<p>Nem sz\u00e1m\u00edt, hogy 30, 50 vagy 70 \u00e9ves vagy: a szerelem \u00e9s a t\u00e1rsas\u00e1g \u00f6r\u00f6k \u00e9rv\u00e9ny\u0171.<\/p>\n\n\n\n<h2 class=\"wp-block-heading\">Mi\u00e9rt \u00e9rdemes Namoro alkalmaz\u00e1st haszn\u00e1lni?<\/h2>\n\n\n\n<p>A namoro alkalmaz\u00e1s haszn\u00e1lat\u00e1nak okai szem\u00e9lyenk\u00e9nt v\u00e1ltozhatnak, de \u00edme n\u00e9h\u00e1ny a leggyakoribbak:<\/p>\n\n\n\n<ul>\n<li><strong>K\u00f6nny\u0171 hozz\u00e1f\u00e9r\u00e9s<\/strong>: A mobiltelefonodr\u00f3l, b\u00e1rmikor<\/li>\n\n\n\n<li><strong>Sokf\u00e9le ember<\/strong>Tal\u00e1lkozhatsz a szok\u00e1sos k\u00f6r\u00f6d\u00f6n k\u00edv\u00fcli emberekkel is<\/li>\n\n\n\n<li><strong>A saj\u00e1t temp\u00f3dban<\/strong>Nincs nyom\u00e1s, nincsenek er\u0151ltetett id\u0151k<\/li>\n\n\n\n<li><strong>\u00c9rdekl\u0151d\u00e9si k\u00f6r\u00f6k szerint sz\u0171rve<\/strong>Kiv\u00e1laszthatod, kivel besz\u00e9lsz<\/li>\n\n\n\n<li><strong>Val\u00f3di besz\u00e9lget\u00e9sek<\/strong>A l\u00e1tszaton t\u00fal a kapcsolat a l\u00e9nyeg<\/li>\n\n\n\n<li><strong>Garant\u00e1lt sz\u00f3rakoz\u00e1s<\/strong>: M\u00e9g ha nem is tal\u00e1lsz partnert, akkor is j\u00f3l \u00e9rezheted magad<\/li>\n<\/ul>\n\n\n\n<p>Sok ember sz\u00e1m\u00e1ra az els\u0151 l\u00e9p\u00e9s neh\u00e9znek t\u0171nhet. De ha egyszer bel\u00e9psz, egy teljesen \u00faj vil\u00e1g t\u00e1rul el\u00e9d.<\/p>\n\n\n\n<h2 class=\"wp-block-heading\">Mit kell szem el\u0151tt tartanom, miel\u0151tt elkezdem?<\/h2>\n\n\n\n<p>Miel\u0151tt belev\u00e1gn\u00e1l ebbe a digit\u00e1lis kalandba, \u00edme n\u00e9h\u00e1ny gyakorlati tipp:<\/p>\n\n\n\n<ul>\n<li><strong>Hat\u00e1rozza meg, mit keres<\/strong>Bar\u00e1ts\u00e1g? Rom\u00e1nc? V\u00e1llalat?<\/li>\n\n\n\n<li><strong>L\u00e9gy \u0151szinte a profilodban<\/strong>Egy j\u00f3 fot\u00f3 \u00e9s egy \u0151szinte le\u00edr\u00e1s sokat seg\u00edt.<\/li>\n\n\n\n<li><strong>Ne gyakorolj magadnak nyom\u00e1st<\/strong>A saj\u00e1t temp\u00f3dban haladhatsz an\u00e9lk\u00fcl, hogy mindenkinek v\u00e1laszolnod kellene.<\/li>\n\n\n\n<li><strong>B\u00edzz az intu\u00edci\u00f3dban<\/strong>Ha valami nem t\u0171nik helyesnek, letilthatja vagy jelentheti.<\/li>\n\n\n\n<li><strong>\u00c9lvezd a folyamatot<\/strong>Az \u00faj emberekkel val\u00f3 tal\u00e1lkoz\u00e1s nagyon gazdag\u00edt\u00f3 lehet.<\/li>\n<\/ul>\n\n\n\n<p>Az is j\u00f3 tudni, hogy b\u00e1rmikor t\u00f6r\u00f6lheted a fi\u00f3kodat, ha nem vagy el\u00e9gedett, vagy ha egyszer\u0171en csak megtal\u00e1ltad, amit kerest\u00e9l.<\/p>\n\n\n\n<h2 class=\"wp-block-heading\">Hogyan kezdj\u00fcnk hozz\u00e1 l\u00e9p\u00e9sr\u0151l l\u00e9p\u00e9sre?<\/h2>\n\n\n\n<ol>\n<li><strong>T\u00f6lts le egyet az aj\u00e1nlott alkalmaz\u00e1sok k\u00f6z\u00fcl<\/strong> amelyet al\u00e1bb tal\u00e1l.<\/li>\n\n\n\n<li><strong>Fi\u00f3k l\u00e9trehoz\u00e1sa<\/strong> e-mail c\u00edmmel vagy mobiltelefonsz\u00e1mmal.<\/li>\n\n\n\n<li><strong>V\u00e1laszd ki a profilk\u00e9pedet<\/strong> (lehet term\u00e9szetes mosoly is, nem kell p\u00f3zolni).<\/li>\n\n\n\n<li><strong>\u00cdrj egy r\u00f6vid prezent\u00e1ci\u00f3t<\/strong> az \u00edzl\u00e9seddel \u00e9s azzal, amit szeretn\u00e9l tal\u00e1lni.<\/li>\n\n\n\n<li><strong>Kezdje el a profilok b\u00f6ng\u00e9sz\u00e9s\u00e9t<\/strong> m\u00e1sokt\u00f3l \u00e9s olyanokt\u00f3l, akik ir\u00e1nt \u00e9rdekl\u0151dsz.<\/li>\n\n\n\n<li><strong>Amikor m\u00e9rk\u0151z\u00e9s van<\/strong>, megny\u00edlik a cseveg\u00e9s a besz\u00e9lget\u00e9s megkezd\u00e9s\u00e9hez.<\/li>\n<\/ol>\n\n\n\n<p>Ilyen egyszer\u0171. Mindezt a telefonodr\u00f3l, technikai bonyodalmak n\u00e9lk\u00fcl.<\/p>\n\n\n\n<h2 class=\"wp-block-heading\">Mi van, ha zavarban vagyok vagy bizonytalan vagyok?<\/h2>\n\n\n\n<p>Teljesen norm\u00e1lis, ha n\u00e9mi idegess\u00e9get \u00e9rzel a kezd\u00e9skor. De ne feledd:<\/p>\n\n\n\n<ul>\n<li>Nem vagy egyed\u00fcl: emberek milli\u00f3i haszn\u00e1lj\u00e1k ezeket az alkalmaz\u00e1sokat naponta.<\/li>\n\n\n\n<li>Nem k\u00f6teles vagy v\u00e1laszolni, ha nem \u00e9rzed j\u00f3l magad.<\/li>\n\n\n\n<li>Blokkolhatsz vagy jelenthetsz b\u00e1rmilyen nem megfelel\u0151 viselked\u00e9st.<\/li>\n\n\n\n<li>Mindent te ir\u00e1ny\u00edtasz: te d\u00f6nt\u00f6d el, mikor, hogyan \u00e9s kivel.<\/li>\n<\/ul>\n\n\n\n<p>Ezenk\u00edv\u00fcl sz\u00e1mos alkalmaz\u00e1s k\u00edn\u00e1l eszk\u00f6z\u00f6ket a profilok ellen\u0151rz\u00e9s\u00e9re, az \u00d6nnek \u00edr\u00f3 szem\u00e9lyek korl\u00e1toz\u00e1s\u00e1ra, vagy ak\u00e1r az \u00fczenetek leford\u00edt\u00e1s\u00e1ra, ha m\u00e1s nyelven besz\u00e9l.<\/p>\n\n\n\n<h2 class=\"wp-block-heading\">Mi van, ha nem tetszik az \u00e9lm\u00e9ny?<\/h2>\n\n\n\n<p>Nem probl\u00e9ma. Az alkalmaz\u00e1st b\u00e1rmikor t\u00f6r\u00f6lheti. A l\u00e9nyeg az, hogy megpr\u00f3b\u00e1ltad.<\/p>\n\n\n\n<p>N\u00e9ha csak id\u0151re van sz\u00fcks\u00e9ged az alkalmazkod\u00e1shoz. Vagy tal\u00e1n egy m\u00e1sik t\u00edpus\u00fa alkalmaz\u00e1sra van sz\u00fcks\u00e9ge, amely jobban megfelel annak, amit keres.<\/p>\n\n\n\n<p>Ez\u00e9rt most h\u00e1rom val\u00f3di, megb\u00edzhat\u00f3 \u00e9s v\u00e1ltozatos lehet\u0151s\u00e9get mutatunk be. Te v\u00e1lasztod ki, melyik illik hozz\u00e1d a legjobban.<\/p>\n\n\n\n<h2 class=\"wp-block-heading\">\ud83e\udd47 A 3 legjobb Namoro alkalmaz\u00e1s, amivel m\u00e1ris elkezdheted<\/h2>\n\n\n\n<p>\u00cdme h\u00e1rom alkalmaz\u00e1s, amelyek kiv\u00e1l\u00f3 h\u00edrn\u00e9vvel, t\u00f6bb milli\u00f3 let\u00f6lt\u00e9ssel \u00e9s egyszer\u0171 fel\u00fclettel rendelkeznek, m\u00e9g azok sz\u00e1m\u00e1ra is, akiknek nincs technikai tapasztalatuk.<\/p>\n\n\n\n<h3 class=\"wp-block-heading\">1. <strong><a href=\"https:\/\/tinder.com\/pt\/download\">Tapl\u00f3<\/a><\/strong><\/h3>\n\n\n\n<p>A Tinder a legh\u00edresebb vil\u00e1gszerte. H\u00faz\u00e1si rendszerrel m\u0171k\u00f6dik: ha tetszik valaki, jobbra h\u00fazol; ha nem, akkor balra.<\/p>\n\n\n\n<p>Ha mindketten kedvelik egym\u00e1st, megny\u00edlik egy cseveg\u00e9s.<\/p>\n\n\n\n<p><strong>El\u0151ny\u00f6k<\/strong>:<\/p>\n\n\n\n<ul>\n<li>Intuit\u00edv, k\u00f6nnyen haszn\u00e1lhat\u00f3 fel\u00fclet<\/li>\n\n\n\n<li>Minden koroszt\u00e1ly\u00fa \u00e9s st\u00edlus\u00fa ember<\/li>\n\n\n\n<li>Kiz\u00e1r\u00f3lag ingyenes f\u00fcggv\u00e9nyek haszn\u00e1lat\u00e1nak lehet\u0151s\u00e9ge<\/li>\n\n\n\n<li>Sok a tev\u00e9kenys\u00e9g: mindig vannak \u00faj emberek<\/li>\n<\/ul>\n\n\n\n<p>Ide\u00e1lis azoknak, akik el\u0151sz\u00f6r szeretn\u00e9k kipr\u00f3b\u00e1lni, vagy egy kellemes, gondtalan \u00e9lm\u00e9nyre v\u00e1gynak.<\/p>\n\n\n\n<p><\/p>\n\n\n\n<hr class=\"wp-block-separator has-alpha-channel-opacity is-style-wide\" \/>\n\n\n\n<h5 class=\"wp-block-heading has-text-align-left\"><strong><mark class=\"has-inline-color has-luminous-vivid-amber-color\"><strong><mark class=\"has-inline-color has-luminous-vivid-amber-color\"><a>\ud83d\udc49 <\/a><strong><mark class=\"has-inline-color has-luminous-vivid-amber-color\"><strong>T\u00f6ltsd le az alkalmaz\u00e1st:<\/strong><\/mark><\/strong><\/mark><\/strong><\/mark><\/strong><\/h5>\n\n\n    <section class=\"mx-1 my-10\">\n                                                <a href=\"https:\/\/tinder.com\/pt\/download\" class=\"text-white\" data-analytics-label=\"optionsButton\"\n                    data-action=\"analytics#trackCTA\">\n                    <div data-options-target=\"option\"\n                        class=\"custom-section rounded-xl border p-3 shadow-md w-full bg-green-700 my-3\">\n                        <div class=\"flex w-full items-center justify-between\">\n                            <div class=\"flex items-center space-x-3\">\n                                <div class=\"text-lg font-bold\">\n                                    Tinder \u279d\n                                <\/div>\n                            <\/div>\n                        <\/div>\n                    <\/div>\n                <\/a>\n                            <p class=\"text-xs text-gray-500 text-right\"\n            style=\"margin-left: 50%; margin-bottom: 50px; margin-top: 5px;\">\n            <!-- You will be redirected to another website -->\n        <\/p>\n    <\/section>\n\n\n\n\n<p class=\"has-text-align-right\"><em><strong><em><strong><em><strong><em><strong><em><strong><em><strong><em><strong><em><strong><em><strong><em><strong>\u00c1t leszel ir\u00e1ny\u00edtva egy m\u00e1sik oldalra!<\/strong><\/em><\/strong><\/em><\/strong><\/em><\/strong><\/em><\/strong><\/em><\/strong><\/em><\/strong><\/em><\/strong><\/em><\/strong><\/em><\/strong><\/em><\/p>\n\n\n\n<hr class=\"wp-block-separator has-alpha-channel-opacity is-style-wide\" \/>\n\n\n\n<p><\/p>\n\n\n\n<h3 class=\"wp-block-heading\">2. <strong>Badoo<\/strong><\/h3>\n\n\n\n<p><\/p>\n\n\n\n<p>A Badoo k\u00fcl\u00f6n\u00f6sen n\u00e9pszer\u0171 Latin-Amerik\u00e1ban, \u00e9s lehet\u0151v\u00e9 teszi, hogy l\u00e1sd, kik l\u00e1togatt\u00e1k meg a profilodat, valamint videochat lehet\u0151s\u00e9geket \u00e9s ellen\u0151rz\u00f6tt profilokat is tartalmaz a fokozott biztons\u00e1g \u00e9rdek\u00e9ben.<\/p>\n\n\n\n<p><strong>El\u0151ny\u00f6k<\/strong>:<\/p>\n\n\n\n<ul>\n<li>Sz\u0171r\u0151k a helysz\u00edn, \u00e9letkor \u00e9s \u00e9rdekl\u0151d\u00e9si k\u00f6r szerinti keres\u00e9shez<\/li>\n\n\n\n<li>Biztons\u00e1gi funkci\u00f3k, mint p\u00e9ld\u00e1ul az arcfelismer\u00e9s<\/li>\n\n\n\n<li>Tudhatod, kit \u00e9rdekelsz<\/li>\n\n\n\n<li>Nagy, 40 \u00e9v feletti felhaszn\u00e1l\u00f3i b\u00e1zis<\/li>\n<\/ul>\n\n\n\n<p>Remek v\u00e1laszt\u00e1s, ha valami komolyabbra vagy egyszer\u0171en csak eredetibbre v\u00e1gysz.<\/p>\n\n\n\n<p><\/p>\n\n\n\n<hr class=\"wp-block-separator has-alpha-channel-opacity is-style-wide\" \/>\n\n\n\n<h5 class=\"wp-block-heading has-text-align-left\"><strong><mark class=\"has-inline-color has-luminous-vivid-amber-color\"><strong><mark class=\"has-inline-color has-luminous-vivid-amber-color\"><a>\ud83d\udc49 <\/a><strong><mark class=\"has-inline-color has-luminous-vivid-amber-color\"><strong>T\u00f6ltsd le az alkalmaz\u00e1st:<\/strong><\/mark><\/strong><\/mark><\/strong><\/mark><\/strong><\/h5>\n\n\n    <section class=\"mx-1 my-10\">\n                                                <a href=\"https:\/\/badoo.com\/pt\/\" class=\"text-white\" data-analytics-label=\"optionsButton\"\n                    data-action=\"analytics#trackCTA\">\n                    <div data-options-target=\"option\"\n                        class=\"custom-section rounded-xl border p-3 shadow-md w-full bg-green-700 my-3\">\n                        <div class=\"flex w-full items-center justify-between\">\n                            <div class=\"flex items-center space-x-3\">\n                                <div class=\"text-lg font-bold\">\n                                    Badoo \u279d\n                                <\/div>\n                            <\/div>\n                        <\/div>\n                    <\/div>\n                <\/a>\n                            <p class=\"text-xs text-gray-500 text-right\"\n            style=\"margin-left: 50%; margin-bottom: 50px; margin-top: 5px;\">\n            <!-- You will be redirected to another website -->\n        <\/p>\n    <\/section>\n\n\n\n\n<p class=\"has-text-align-right\"><em><strong><em><strong><em><strong><em><strong><em><strong><em><strong><em><strong><em><strong><em><strong><em><strong>\u00c1t leszel ir\u00e1ny\u00edtva egy m\u00e1sik oldalra!<\/strong><\/em><\/strong><\/em><\/strong><\/em><\/strong><\/em><\/strong><\/em><\/strong><\/em><\/strong><\/em><\/strong><\/em><\/strong><\/em><\/strong><\/em><\/p>\n\n\n\n<hr class=\"wp-block-separator has-alpha-channel-opacity is-style-wide\" \/>\n\n\n\n<p><\/p>\n\n\n\n<h3 class=\"wp-block-heading\">3. <strong>Happn<\/strong><\/h3>\n\n\n\n<p>A Happn m\u00e1s megk\u00f6zel\u00edt\u00e9st alkalmaz: megmutatja, kikkel keresztezted m\u00e1r az utad a val\u00f3 \u00e9letben.<\/p>\n\n\n\n<p>Elment valaki arra, \u00e9s felkeltette a figyelmedet? Ha annak a szem\u00e9lynek is van Happn-ja, akkor megtal\u00e1lhatj\u00e1tok egym\u00e1st az alkalmaz\u00e1son bel\u00fcl!<\/p>\n\n\n\n<p><strong>El\u0151ny\u00f6k<\/strong>:<\/p>\n\n\n\n<ul>\n<li>A val\u00f3di helyi kapcsolatokra \u00f6sszpontos\u00edtva<\/li>\n\n\n\n<li>Adatv\u00e9delem: csak \u00d6n d\u00f6nti el, hogy kivel besz\u00e9l<\/li>\n\n\n\n<li>Ide\u00e1lis spont\u00e1n tal\u00e1lkoz\u00e1sokhoz<\/li>\n<\/ul>\n\n\n\n<p>T\u00f6k\u00e9letes, ha hosszas cseveg\u00e9s n\u00e9lk\u00fcl szeretn\u00e9l tal\u00e1lkozni a k\u00f6rny\u00e9keden vagy a v\u00e1rosodban \u00e9l\u0151 emberekkel.<\/p>\n\n\n\n<p><\/p>\n\n\n\n<hr class=\"wp-block-separator has-alpha-channel-opacity is-style-wide\" \/>\n\n\n\n<h5 class=\"wp-block-heading has-text-align-left\"><strong><mark class=\"has-inline-color has-luminous-vivid-amber-color\"><strong><mark class=\"has-inline-color has-luminous-vivid-amber-color\"><a>\ud83d\udc49 <\/a><strong><mark class=\"has-inline-color has-luminous-vivid-amber-color\"><strong>T\u00f6ltsd le az alkalmaz\u00e1st:<\/strong><\/mark><\/strong><\/mark><\/strong><\/mark><\/strong><\/h5>\n\n\n    <section class=\"mx-1 my-10\">\n                                                <a href=\"https:\/\/www.happn.com\/pt\/\" class=\"text-white\" data-analytics-label=\"optionsButton\"\n                    data-action=\"analytics#trackCTA\">\n                    <div data-options-target=\"option\"\n                        class=\"custom-section rounded-xl border p-3 shadow-md w-full bg-green-700 my-3\">\n                        <div class=\"flex w-full items-center justify-between\">\n                            <div class=\"flex items-center space-x-3\">\n                                <div class=\"text-lg font-bold\">\n                                    Boldog \u279d\n                                <\/div>\n                            <\/div>\n                        <\/div>\n                    <\/div>\n                <\/a>\n                            <p class=\"text-xs text-gray-500 text-right\"\n            style=\"margin-left: 50%; margin-bottom: 50px; margin-top: 5px;\">\n            <!-- You will be redirected to another website -->\n        <\/p>\n    <\/section>\n\n\n\n\n<p class=\"has-text-align-right\"><em><strong><em><strong><em><strong><em><strong><em><strong><em><strong><em><strong><em><strong><em><strong><em><strong>\u00c1t leszel ir\u00e1ny\u00edtva egy m\u00e1sik oldalra!<\/strong><\/em><\/strong><\/em><\/strong><\/em><\/strong><\/em><\/strong><\/em><\/strong><\/em><\/strong><\/em><\/strong><\/em><\/strong><\/em><\/strong><\/em><\/p>\n\n\n\n<hr class=\"wp-block-separator has-alpha-channel-opacity is-style-wide\" \/>\n\n\n\n<p><\/p>\n\n\n\n<h2 class=\"wp-block-heading\">Mit tegyek egyez\u00e9s ut\u00e1n?<\/h2>\n\n\n\n<p>Ha megkedvelitek egym\u00e1st, elkezdhettek besz\u00e9lgetni. \u00cdme n\u00e9h\u00e1ny \u00f6tlet a kezd\u00e9shez:<\/p>\n\n\n\n<ul>\n<li>Mit szeretsz csin\u00e1lni h\u00e9tv\u00e9g\u00e9n?<\/li>\n\n\n\n<li>Szeretsz f\u0151zni? Mi a kedvenc \u00e9teled?<\/li>\n\n\n\n<li>A hegyeket vagy a tengerpartot r\u00e9szes\u00edted el\u0151nyben?<\/li>\n\n\n\n<li>Melyik filmet l\u00e1tt\u00e1l utolj\u00e1ra?<\/li>\n<\/ul>\n\n\n\n<p>Ne feledd: l\u00e9gy \u00f6nmagad. A term\u00e9szetess\u00e9g az, ami legink\u00e1bb \u00f6sszek\u00f6t.<\/p>\n\n\n\n<h2 class=\"wp-block-heading\">Alapvet\u0151 biztons\u00e1gi tippek<\/h2>\n\n\n\n<p>A j\u00f3ll\u00e9ted a legfontosabb. \u00cdme n\u00e9h\u00e1ny alapvet\u0151 aj\u00e1nl\u00e1s:<\/p>\n\n\n\n<ul>\n<li>Soha ne oszd meg el\u0151sz\u00f6r a szem\u00e9lyes c\u00edmedet<\/li>\n\n\n\n<li>Ker\u00fcld a priv\u00e1t vagy kompromitt\u00e1l\u00f3 fot\u00f3k k\u00fcld\u00e9s\u00e9t<\/li>\n\n\n\n<li>Haszn\u00e1lja az alkalmaz\u00e1s videoh\u00edv\u00e1si rendszer\u00e9t egy megbesz\u00e9l\u00e9s el\u0151tt<\/li>\n\n\n\n<li>Mindig a nyilv\u00e1nos helyeket r\u00e9szes\u00edtem el\u0151nyben, ha valakivel szeretn\u00e9k tal\u00e1lkozni<\/li>\n\n\n\n<li>\u00c9rtes\u00edtsd egy bar\u00e1todat vagy csal\u00e1dtagodat, ha id\u0151pontra m\u00e9sz.<\/li>\n<\/ul>\n\n\n\n<p>Az alkalmaz\u00e1sokat \u00fagy tervezt\u00e9k, hogy megv\u00e9dj\u00e9k \u00d6nt, de mindig \u00e9rdemes plusz \u00f3vint\u00e9zked\u00e9seket tenni.<\/p>\n\n\n<div class=\"wp-block-image\">\n<figure class=\"aligncenter size-full\"><img loading=\"lazy\" decoding=\"async\" width=\"550\" height=\"350\" src=\"https:\/\/universofamilia.com\/wp-content\/uploads\/sites\/148\/2025\/05\/DESTAQUE-UNIVERSO-550-x-350-1-1.jpg\" alt=\"\" class=\"wp-image-9425\" srcset=\"http:\/\/universofamilia.com\/wp-content\/uploads\/sites\/148\/2025\/05\/DESTAQUE-UNIVERSO-550-x-350-1-1.jpg 550w, http:\/\/universofamilia.com\/wp-content\/uploads\/sites\/148\/2025\/05\/DESTAQUE-UNIVERSO-550-x-350-1-1-300x191.jpg 300w, http:\/\/universofamilia.com\/wp-content\/uploads\/sites\/148\/2025\/05\/DESTAQUE-UNIVERSO-550-x-350-1-1-18x12.jpg 18w\" sizes=\"(max-width: 550px) 100vw, 550px\" \/><figcaption class=\"wp-element-caption\">K\u00e9szen \u00e1llsz egy igazi m\u00f3k\u00e1ra ma? <\/figcaption><\/figure><\/div>\n\n\n<h2 class=\"wp-block-heading\">Igaz t\u00f6rt\u00e9netek: Szerelem a digit\u00e1lis korban<\/h2>\n\n\n\n<p>A 64 \u00e9ves guadalajarai Mar\u00eda m\u00e9g soha nem haszn\u00e1lt t\u00e1rskeres\u0151 alkalmaz\u00e1st. Unok\u00e1ja tan\u00e1cs\u00e1ra \u00fagy d\u00f6nt\u00f6tt, hogy kipr\u00f3b\u00e1lja a Badoo-t. K\u00e9t h\u00e9ten bel\u00fcl tal\u00e1lkozott Robert\u00f3val, egy hozz\u00e1 hasonl\u00f3 \u00f6zvegyemberrel.<\/p>\n\n\n\n<p>Most minden h\u00e9tv\u00e9g\u00e9n tal\u00e1lkoznak, \u00e9s azt mondj\u00e1k, \u00fajra tin\u00e9dzsereknek \u00e9rzik magukat.<\/p>\n\n\n\n<p>A 51 \u00e9ves, Puebl\u00e1b\u00f3l sz\u00e1rmaz\u00f3 Luis azt hitte, hogy a Tinder csak a fiataloknak val\u00f3. K\u00edv\u00e1ncsis\u00e1gb\u00f3l let\u00f6lt\u00f6tte az alkalmaz\u00e1st. Ma m\u00e1r nyolc h\u00f3napja j\u00e1r Patrici\u00e1val, akivel k\u00f6z\u00f6s a kert\u00e9szked\u00e9s szeretete.<\/p>\n\n\n\n<p>Az ehhez hasonl\u00f3 t\u00f6rt\u00e9netek b\u0151ven akadnak. \u00c9s mindegyik egy kattan\u00e1ssal kezd\u0151d\u00f6tt.<\/p>\n\n\n\n<h2 class=\"wp-block-heading\">A szereteten t\u00falmutat\u00f3 el\u0151ny\u00f6k<\/h2>\n\n\n\n<p>M\u00e9g ha nem is tal\u00e1lsz azonnal egyez\u00e9st, a Namoro alkalmaz\u00e1sok a k\u00f6vetkez\u0151ket ny\u00fajthatj\u00e1k:<\/p>\n\n\n\n<ul>\n<li>\u00daj bar\u00e1ts\u00e1gok<\/li>\n\n\n\n<li>\u00d6nbizalom<\/li>\n\n\n\n<li>Jav\u00edtott kommunik\u00e1ci\u00f3<\/li>\n\n\n\n<li>Motiv\u00e1ci\u00f3 az \u00f6lt\u00f6zk\u00f6d\u00e9sre \u00e9s a kimozdul\u00e1sra<\/li>\n\n\n\n<li>Mindennapi sz\u00f3rakoz\u00e1s, k\u00f6telezetts\u00e9gek n\u00e9lk\u00fcl<\/li>\n<\/ul>\n\n\n\n<p>Mert n\u00e9ha egyszer\u0171en csak arra van sz\u00fcks\u00e9g\u00fcnk, hogy \u00e9rezz\u00e9k magukat, hogy l\u00e1tnak, meghallanak, \u00e9rt\u00e9kelnek minket.<\/p>\n\n\n\n<h2 class=\"wp-block-heading\">A mai nap egy j\u00f3 alkalom arra, hogy valami \u00fajat kezdj\u00fcnk!<\/h2>\n\n\n\n<p>A technol\u00f3gia nem lehet akad\u00e1ly. \u00c9pp ellenkez\u0151leg: hat\u00e9kony eszk\u00f6z lehet a t\u00e1rsadalmi, \u00e9rzelmi \u00e9s ak\u00e1r spiritu\u00e1lis \u00e9leted jav\u00edt\u00e1s\u00e1ra.<\/p>\n\n\n\n<p>Ha megvan a v\u00e1gy, a kor nem sz\u00e1m\u00edt. A l\u00e9nyeg a hozz\u00e1\u00e1ll\u00e1sod.<\/p>\n\n\n\n<p>Sz\u00f3val azt javaslom, hogy pr\u00f3b\u00e1ld ki az egyik aj\u00e1nlott alkalmaz\u00e1st. Nincs mit vesztened.<\/p>\n\n\n\n<p>De \u00faj kapcsolatokat, mosolyokat, besz\u00e9lget\u00e9seket \u00e9s \u2013 mi\u00e9rt ne \u2013 szerelmet is szerezhetsz.<\/p>\n\n\n\n<h2 class=\"wp-block-heading\">\ud83c\udf1f Tedd meg az els\u0151 l\u00e9p\u00e9st most<\/h2>\n\n\n\n<p>A szerelem nem ismer kort vagy id\u0151beoszt\u00e1st. B\u00e1rmikor elj\u00f6het\u2026 ak\u00e1r ma is. Telep\u00edtsd az \u00e1ltalunk javasolt Namoro alkalmaz\u00e1sok egyik\u00e9t, \u00e9s kezdd el ezt a kalandot.<\/p>\n\n\n\n<p>Mert az \u00e9let pillanatokb\u00f3l \u00e1ll. \u00c9s tal\u00e1n, ez a ti\u00e9d.<\/p>\n\n\n\n<p>Kattints, telep\u00edtsd\u2026 \u00e9s \u00e9rezd \u00fajra a pillang\u00f3kat.<\/p>","protected":false},"excerpt":{"rendered":"<p>\u00bfTe has preguntado alguna vez si todav\u00eda es posible encontrar a alguien especial? \u00a1Elija una de las opciones! \u00bfSientes que las salidas tradicionales ya no te ofrecen lo que buscas? Hoy puede ser el inicio de algo emocionante, real y divertido&#8230; sin salir de casa Aplicativo de namoro. Puede sonar t\u00e9cnico, moderno o incluso lejano [&hellip;]<\/p>","protected":false},"author":139,"featured_media":9425,"comment_status":"closed","ping_status":"open","sticky":false,"template":"","format":"standard","meta":{"footnotes":""},"categories":[2],"tags":[2215,2270,565,669,2273],"yoast_head":"<!-- This site is optimized with the Yoast SEO plugin v23.3 - https:\/\/yoast.com\/wordpress\/plugins\/seo\/ -->\n<title>\u00bfListo para una diversi\u00f3n real hoy mismo? - Universo Fam\u00edlia<\/title>\n<meta name=\"description\" content=\"\u00bfListo para una diversi\u00f3n real hoy mismo? \u00bfTe has preguntado alguna vez si todav\u00eda es posible encontrar a alguien especial?...\" \/>\n<meta name=\"robots\" content=\"index, follow, max-snippet:-1, max-image-preview:large, max-video-preview:-1\" \/>\n<link rel=\"canonical\" href=\"http:\/\/universofamilia.com\/hu\/keszen-allsz-egy-igazi-mokara-ma\/\" \/>\n<meta property=\"og:locale\" content=\"hu_HU\" \/>\n<meta property=\"og:type\" content=\"article\" \/>\n<meta property=\"og:title\" content=\"\u00bfListo para una diversi\u00f3n real hoy mismo? - Universo Fam\u00edlia\" \/>\n<meta property=\"og:description\" content=\"\u00bfListo para una diversi\u00f3n real hoy mismo? \u00bfTe has preguntado alguna vez si todav\u00eda es posible encontrar a alguien especial?...\" \/>\n<meta property=\"og:url\" content=\"http:\/\/universofamilia.com\/hu\/keszen-allsz-egy-igazi-mokara-ma\/\" \/>\n<meta property=\"og:site_name\" content=\"Universo Fam\u00edlia\" \/>\n<meta property=\"article:published_time\" content=\"2025-05-05T20:19:33+00:00\" \/>\n<meta property=\"article:modified_time\" content=\"2025-05-05T20:19:34+00:00\" \/>\n<meta property=\"og:image\" content=\"http:\/\/universofamilia.com\/wp-content\/uploads\/sites\/148\/2025\/05\/DESTAQUE-UNIVERSO-550-x-350-1-1.jpg\" \/>\n\t<meta property=\"og:image:width\" content=\"550\" \/>\n\t<meta property=\"og:image:height\" content=\"350\" \/>\n\t<meta property=\"og:image:type\" content=\"image\/jpeg\" \/>\n<meta name=\"author\" content=\"Pedro Henrique\" \/>\n<meta name=\"twitter:card\" content=\"summary_large_image\" \/>\n<meta name=\"twitter:label1\" content=\"Written by\" \/>\n\t<meta name=\"twitter:data1\" content=\"Pedro Henrique\" \/>\n\t<meta name=\"twitter:label2\" content=\"Est. reading time\" \/>\n\t<meta name=\"twitter:data2\" content=\"9 perc\" \/>\n<script type=\"application\/ld+json\" class=\"yoast-schema-graph\">{\"@context\":\"https:\/\/schema.org\",\"@graph\":[{\"@type\":\"WebPage\",\"@id\":\"http:\/\/universofamilia.com\/listo-para-una-diversion-real-hoy-mismo\/\",\"url\":\"http:\/\/universofamilia.com\/listo-para-una-diversion-real-hoy-mismo\/\",\"name\":\"\u00bfListo para una diversi\u00f3n real hoy mismo? - Universo Fam\u00edlia\",\"isPartOf\":{\"@id\":\"https:\/\/universofamilia.com\/el\/#website\"},\"primaryImageOfPage\":{\"@id\":\"http:\/\/universofamilia.com\/listo-para-una-diversion-real-hoy-mismo\/#primaryimage\"},\"image\":{\"@id\":\"http:\/\/universofamilia.com\/listo-para-una-diversion-real-hoy-mismo\/#primaryimage\"},\"thumbnailUrl\":\"http:\/\/universofamilia.com\/wp-content\/uploads\/sites\/148\/2025\/05\/DESTAQUE-UNIVERSO-550-x-350-1-1.jpg\",\"datePublished\":\"2025-05-05T20:19:33+00:00\",\"dateModified\":\"2025-05-05T20:19:34+00:00\",\"author\":{\"@id\":\"https:\/\/universofamilia.com\/el\/#\/schema\/person\/f07ce98187dd84d31154262e79b3b7ca\"},\"description\":\"\u00bfListo para una diversi\u00f3n real hoy mismo? \u00bfTe has preguntado alguna vez si todav\u00eda es posible encontrar a alguien especial?...\",\"breadcrumb\":{\"@id\":\"http:\/\/universofamilia.com\/listo-para-una-diversion-real-hoy-mismo\/#breadcrumb\"},\"inLanguage\":\"hu\",\"potentialAction\":[{\"@type\":\"ReadAction\",\"target\":[\"http:\/\/universofamilia.com\/listo-para-una-diversion-real-hoy-mismo\/\"]}]},{\"@type\":\"ImageObject\",\"inLanguage\":\"hu\",\"@id\":\"http:\/\/universofamilia.com\/listo-para-una-diversion-real-hoy-mismo\/#primaryimage\",\"url\":\"http:\/\/universofamilia.com\/wp-content\/uploads\/sites\/148\/2025\/05\/DESTAQUE-UNIVERSO-550-x-350-1-1.jpg\",\"contentUrl\":\"http:\/\/universofamilia.com\/wp-content\/uploads\/sites\/148\/2025\/05\/DESTAQUE-UNIVERSO-550-x-350-1-1.jpg\",\"width\":550,\"height\":350,\"caption\":\"\u00bfListo para una diversi\u00f3n real hoy mismo?\"},{\"@type\":\"BreadcrumbList\",\"@id\":\"http:\/\/universofamilia.com\/listo-para-una-diversion-real-hoy-mismo\/#breadcrumb\",\"itemListElement\":[{\"@type\":\"ListItem\",\"position\":1,\"name\":\"Home\",\"item\":\"https:\/\/universofamilia.com\/el\/\"},{\"@type\":\"ListItem\",\"position\":2,\"name\":\"\u00bfListo para una diversi\u00f3n real hoy mismo?\"}]},{\"@type\":\"WebSite\",\"@id\":\"https:\/\/universofamilia.com\/el\/#website\",\"url\":\"https:\/\/universofamilia.com\/el\/\",\"name\":\"Universo Fam\u00edlia\",\"description\":\"\",\"potentialAction\":[{\"@type\":\"SearchAction\",\"target\":{\"@type\":\"EntryPoint\",\"urlTemplate\":\"https:\/\/universofamilia.com\/el\/?s={search_term_string}\"},\"query-input\":\"required name=search_term_string\"}],\"inLanguage\":\"hu\"},{\"@type\":\"Person\",\"@id\":\"https:\/\/universofamilia.com\/el\/#\/schema\/person\/f07ce98187dd84d31154262e79b3b7ca\",\"name\":\"Pedro Henrique\",\"image\":{\"@type\":\"ImageObject\",\"inLanguage\":\"hu\",\"@id\":\"https:\/\/universofamilia.com\/el\/#\/schema\/person\/image\/\",\"url\":\"http:\/\/0.gravatar.com\/avatar\/9edfeb808cb4e1599f64d6e45b130154?s=96&d=mm&r=g\",\"contentUrl\":\"http:\/\/0.gravatar.com\/avatar\/9edfeb808cb4e1599f64d6e45b130154?s=96&d=mm&r=g\",\"caption\":\"Pedro Henrique\"},\"url\":\"http:\/\/universofamilia.com\/hu\/author\/editor01\/\"}]}<\/script>\n<!-- \/ Yoast SEO plugin. -->","yoast_head_json":{"title":"\u00bfListo para una diversi\u00f3n real hoy mismo? - Universo Fam\u00edlia","description":"\u00bfListo para una diversi\u00f3n real hoy mismo? \u00bfTe has preguntado alguna vez si todav\u00eda es posible encontrar a alguien especial?...","robots":{"index":"index","follow":"follow","max-snippet":"max-snippet:-1","max-image-preview":"max-image-preview:large","max-video-preview":"max-video-preview:-1"},"canonical":"http:\/\/universofamilia.com\/hu\/keszen-allsz-egy-igazi-mokara-ma\/","og_locale":"hu_HU","og_type":"article","og_title":"\u00bfListo para una diversi\u00f3n real hoy mismo? - Universo Fam\u00edlia","og_description":"\u00bfListo para una diversi\u00f3n real hoy mismo? \u00bfTe has preguntado alguna vez si todav\u00eda es posible encontrar a alguien especial?...","og_url":"http:\/\/universofamilia.com\/hu\/keszen-allsz-egy-igazi-mokara-ma\/","og_site_name":"Universo Fam\u00edlia","article_published_time":"2025-05-05T20:19:33+00:00","article_modified_time":"2025-05-05T20:19:34+00:00","og_image":[{"width":550,"height":350,"url":"http:\/\/universofamilia.com\/wp-content\/uploads\/sites\/148\/2025\/05\/DESTAQUE-UNIVERSO-550-x-350-1-1.jpg","type":"image\/jpeg"}],"author":"Pedro Henrique","twitter_card":"summary_large_image","twitter_misc":{"Written by":"Pedro Henrique","Est. reading time":"9 perc"},"schema":{"@context":"https:\/\/schema.org","@graph":[{"@type":"WebPage","@id":"http:\/\/universofamilia.com\/listo-para-una-diversion-real-hoy-mismo\/","url":"http:\/\/universofamilia.com\/listo-para-una-diversion-real-hoy-mismo\/","name":"\u00bfListo para una diversi\u00f3n real hoy mismo? - Universo Fam\u00edlia","isPartOf":{"@id":"https:\/\/universofamilia.com\/el\/#website"},"primaryImageOfPage":{"@id":"http:\/\/universofamilia.com\/listo-para-una-diversion-real-hoy-mismo\/#primaryimage"},"image":{"@id":"http:\/\/universofamilia.com\/listo-para-una-diversion-real-hoy-mismo\/#primaryimage"},"thumbnailUrl":"http:\/\/universofamilia.com\/wp-content\/uploads\/sites\/148\/2025\/05\/DESTAQUE-UNIVERSO-550-x-350-1-1.jpg","datePublished":"2025-05-05T20:19:33+00:00","dateModified":"2025-05-05T20:19:34+00:00","author":{"@id":"https:\/\/universofamilia.com\/el\/#\/schema\/person\/f07ce98187dd84d31154262e79b3b7ca"},"description":"\u00bfListo para una diversi\u00f3n real hoy mismo? \u00bfTe has preguntado alguna vez si todav\u00eda es posible encontrar a alguien especial?...","breadcrumb":{"@id":"http:\/\/universofamilia.com\/listo-para-una-diversion-real-hoy-mismo\/#breadcrumb"},"inLanguage":"hu","potentialAction":[{"@type":"ReadAction","target":["http:\/\/universofamilia.com\/listo-para-una-diversion-real-hoy-mismo\/"]}]},{"@type":"ImageObject","inLanguage":"hu","@id":"http:\/\/universofamilia.com\/listo-para-una-diversion-real-hoy-mismo\/#primaryimage","url":"http:\/\/universofamilia.com\/wp-content\/uploads\/sites\/148\/2025\/05\/DESTAQUE-UNIVERSO-550-x-350-1-1.jpg","contentUrl":"http:\/\/universofamilia.com\/wp-content\/uploads\/sites\/148\/2025\/05\/DESTAQUE-UNIVERSO-550-x-350-1-1.jpg","width":550,"height":350,"caption":"\u00bfListo para una diversi\u00f3n real hoy mismo?"},{"@type":"BreadcrumbList","@id":"http:\/\/universofamilia.com\/listo-para-una-diversion-real-hoy-mismo\/#breadcrumb","itemListElement":[{"@type":"ListItem","position":1,"name":"Home","item":"https:\/\/universofamilia.com\/el\/"},{"@type":"ListItem","position":2,"name":"\u00bfListo para una diversi\u00f3n real hoy mismo?"}]},{"@type":"WebSite","@id":"https:\/\/universofamilia.com\/el\/#website","url":"https:\/\/universofamilia.com\/el\/","name":"Universo Fam\u00edlia","description":"","potentialAction":[{"@type":"SearchAction","target":{"@type":"EntryPoint","urlTemplate":"https:\/\/universofamilia.com\/el\/?s={search_term_string}"},"query-input":"required name=search_term_string"}],"inLanguage":"hu"},{"@type":"Person","@id":"https:\/\/universofamilia.com\/el\/#\/schema\/person\/f07ce98187dd84d31154262e79b3b7ca","name":"Pedro Henrique","image":{"@type":"ImageObject","inLanguage":"hu","@id":"https:\/\/universofamilia.com\/el\/#\/schema\/person\/image\/","url":"http:\/\/0.gravatar.com\/avatar\/9edfeb808cb4e1599f64d6e45b130154?s=96&d=mm&r=g","contentUrl":"http:\/\/0.gravatar.com\/avatar\/9edfeb808cb4e1599f64d6e45b130154?s=96&d=mm&r=g","caption":"Pedro Henrique"},"url":"http:\/\/universofamilia.com\/hu\/author\/editor01\/"}]}},"_links":{"self":[{"href":"http:\/\/universofamilia.com\/hu\/wp-json\/wp\/v2\/posts\/9423"}],"collection":[{"href":"http:\/\/universofamilia.com\/hu\/wp-json\/wp\/v2\/posts"}],"about":[{"href":"http:\/\/universofamilia.com\/hu\/wp-json\/wp\/v2\/types\/post"}],"author":[{"embeddable":true,"href":"http:\/\/universofamilia.com\/hu\/wp-json\/wp\/v2\/users\/139"}],"replies":[{"embeddable":true,"href":"http:\/\/universofamilia.com\/hu\/wp-json\/wp\/v2\/comments?post=9423"}],"version-history":[{"count":1,"href":"http:\/\/universofamilia.com\/hu\/wp-json\/wp\/v2\/posts\/9423\/revisions"}],"predecessor-version":[{"id":9426,"href":"http:\/\/universofamilia.com\/hu\/wp-json\/wp\/v2\/posts\/9423\/revisions\/9426"}],"wp:featuredmedia":[{"embeddable":true,"href":"http:\/\/universofamilia.com\/hu\/wp-json\/wp\/v2\/media\/9425"}],"wp:attachment":[{"href":"http:\/\/universofamilia.com\/hu\/wp-json\/wp\/v2\/media?parent=9423"}],"wp:term":[{"taxonomy":"category","embeddable":true,"href":"http:\/\/universofamilia.com\/hu\/wp-json\/wp\/v2\/categories?post=9423"},{"taxonomy":"post_tag","embeddable":true,"href":"http:\/\/universofamilia.com\/hu\/wp-json\/wp\/v2\/tags?post=9423"}],"curies":[{"name":"wp","href":"https:\/\/api.w.org\/{rel}","templated":true}]}}