{"id":9430,"date":"2025-05-09T15:06:57","date_gmt":"2025-05-09T15:06:57","guid":{"rendered":"https:\/\/universofamilia.com\/?p=9430"},"modified":"2025-08-02T15:35:51","modified_gmt":"2025-08-02T18:35:51","slug":"el-amor-no-espera-y-tu","status":"publish","type":"post","link":"http:\/\/universofamilia.com\/hu\/el-amor-no-espera-y-tu\/","title":{"rendered":"A szerelem nem v\u00e1r | \u00c9s te?"},"content":{"rendered":"<h4 class=\"wp-block-heading has-text-align-center\">Nem sz\u00e1m\u00edt, milyen nap van ma, mindig j\u00f3 nap szerelmesnek lenni.<\/h4>\n\n\n\n<p><\/p>\n\n\n\n<h5 class=\"wp-block-heading has-text-align-center\"><strong><mark class=\"has-inline-color has-vivid-cyan-blue-color\">V\u00e1lasszon egyet a lehet\u0151s\u00e9gek k\u00f6z\u00fcl!<\/mark><\/strong><\/h5>\n\n\n    <section class=\"mx-1 my-10\">\n                                                <a href=\"http:\/\/universofamilia.com\/hu\/randialkalmazasok\/\" class=\"text-white\" data-analytics-label=\"optionsButton\"\n                    data-action=\"analytics#trackCTA\">\n                    <div data-options-target=\"option\"\n                        class=\"custom-section rounded-xl border p-3 shadow-md w-full bg-green-700 my-3\">\n                        <div class=\"flex w-full items-center justify-between\">\n                            <div class=\"flex items-center space-x-3\">\n                                <div class=\"text-lg font-bold\">\n                                    Szia, besz\u00e9lj most!   \u279d\n                                <\/div>\n                            <\/div>\n                        <\/div>\n                    <\/div>\n                <\/a>\n                                                            <a href=\"http:\/\/universofamilia.com\/hu\/mejor-app-de-citas-real\/\" class=\"text-white\" data-analytics-label=\"optionsButton\"\n                    data-action=\"analytics#trackCTA\">\n                    <div data-options-target=\"option\"\n                        class=\"custom-section rounded-xl border p-3 shadow-md w-full bg-green-700 my-3\">\n                        <div class=\"flex w-full items-center justify-between\">\n                            <div class=\"flex items-center space-x-3\">\n                                <div class=\"text-lg font-bold\">\n                                    Egy kis aj\u00e1nd\u00e9k neked \u279d\n                                <\/div>\n                            <\/div>\n                        <\/div>\n                    <\/div>\n                <\/a>\n                                                            <a href=\"http:\/\/universofamilia.com\/hu\/el-amor-a-un-clic\/\" class=\"text-white\" data-analytics-label=\"optionsButton\"\n                    data-action=\"analytics#trackCTA\">\n                    <div data-options-target=\"option\"\n                        class=\"custom-section rounded-xl border p-3 shadow-md w-full bg-green-700 my-3\">\n                        <div class=\"flex w-full items-center justify-between\">\n                            <div class=\"flex items-center space-x-3\">\n                                <div class=\"text-lg font-bold\">\n                                    Komoly kapcsolat \u279d\n                                <\/div>\n                            <\/div>\n                        <\/div>\n                    <\/div>\n                <\/a>\n                            <p class=\"text-xs text-gray-500 text-right hidden\"\n            style=\"margin-left: 50%; margin-bottom: 50px; margin-top: 5px;\">\n            <!-- You will be redirected to another website -->\n        <\/p>\n    <\/section>\n\n\n\n\n<p><\/p>\n\n\n\n<p><strong>Nem sz\u00e1m\u00edt, milyen nap van ma, mindig j\u00f3 nap szerelmesnek lenni.<\/strong><\/p>\n\n\n\n<p>N\u00e9ha k\u00fcl\u00f6nleges d\u00e1tumokra, ide\u00e1lis pillanatokra v\u00e1runk,<strong> <a href=\"http:\/\/universofamilia.com\/hu\/randialkalmazasok\/\">Jelek az univerzumt\u00f3l, hogy megnyisd a sz\u00edved<\/a><\/strong>.<\/p>\n\n\n\n<p>De mi lenne, ha azt mondan\u00e1m, hogy most j\u00f6tt el a t\u00f6k\u00e9letes id\u0151?<\/p>\n\n\n\n<p>Minden nap egy \u00faj lehet\u0151s\u00e9g arra, hogy tal\u00e1lkozz egy k\u00fcl\u00f6nleges emberrel.<\/p>\n\n\n\n<p>Nem sz\u00e1m\u00edt a korod, a tapasztalatod, vagy ha fogalmad sincs, hogyan m\u0171k\u00f6dnek a modern telefonok.<\/p>\n\n\n\n<p>Itt l\u00e9p\u00e9sr\u0151l l\u00e9p\u00e9sre v\u00e9gigvezetlek rajta.<\/p>\n\n\n\n<p>Ez a cikk az\u00e9rt k\u00e9sz\u00fclt, hogy seg\u00edtsen megtal\u00e1lni a szerelmet, a vonzalmat, a t\u00e1rsas\u00e1got, vagy csak egy j\u00f3 besz\u00e9lget\u00e9st.<\/p>\n\n\n\n<p>\u00c9s a legjobb az eg\u00e9szben: k\u00f6nnyen haszn\u00e1lhat\u00f3, megb\u00edzhat\u00f3 alkalmaz\u00e1sok seg\u00edts\u00e9g\u00e9vel, amelyek tele vannak hozz\u00e1d hasonl\u00f3 emberekkel, akik ugyanazt keresik.<\/p>\n\n\n\n<p>K\u00e9sz\u00fclj fel, hogy felfedezd, hogyan alak\u00edthatj\u00e1k \u00e1t ezek az alkalmaz\u00e1sok a rutinodat... \u00e9s a sz\u00edvedet.<\/p>\n\n\n\n<h2 class=\"wp-block-heading\">Szerelem a mobiltelefonok kor\u00e1ban<\/h2>\n\n\n\n<h3 class=\"wp-block-heading\">Lehets\u00e9ges beleszeretni a mobiltelefonodb\u00f3l?<\/h3>\n\n\n\n<p>Term\u00e9szetesen! A technol\u00f3gia a sz\u00edv nagyszer\u0171 sz\u00f6vets\u00e9gese lehet. Egyetlen \u00e9rint\u00e9ssel a k\u00e9perny\u0151n a k\u00f6vetkez\u0151ket teheti:<\/p>\n\n\n\n<ul>\n<li>Ismerkedj meg \u00faj emberekkel a v\u00e1rosodban vagy egy m\u00e1sik orsz\u00e1gban<\/li>\n\n\n\n<li>Kellemes besz\u00e9lget\u00e9seket folytathatsz nyom\u00e1s n\u00e9lk\u00fcl<\/li>\n\n\n\n<li>Megosztjuk az \u00e9rdekl\u0151d\u00e9si k\u00f6r\u00f6ket \u00e9s az \u00e9rt\u00e9keket<\/li>\n\n\n\n<li>\u00c9rezd magad otthon is t\u00e1rsas\u00e1gban<\/li>\n<\/ul>\n\n\n\n<p>\u00c9s a legjobb az eg\u00e9szben: nem kell hozz\u00e1 m\u0171szaki szak\u00e9rt\u0151nek lenned. Az \u00e1ltalunk bemutatott alkalmaz\u00e1sok egyszer\u0171ek, spanyol nyelv\u0171ek \u00e9s minden koroszt\u00e1ly sz\u00e1m\u00e1ra k\u00e9sz\u00fcltek.<\/p>\n\n\n\n<p><\/p>\n\n\n\n<hr class=\"wp-block-separator has-alpha-channel-opacity is-style-wide\" \/>\n\n\n\n<h4 class=\"wp-block-heading has-text-align-center\"><strong><mark class=\"has-inline-color has-luminous-vivid-orange-color\">Olvasd el ezt is<\/mark><\/strong><\/h4>\n\n\n    <section class=\"mx-1 my-10\">\n                                                <a href=\"http:\/\/universofamilia.com\/hu\/lp-filmes-asiaticos\/\" class=\"text-white\" data-analytics-label=\"optionsButton\"\n                    data-action=\"analytics#trackCTA\">\n                    <div data-options-target=\"option\"\n                        class=\"custom-section rounded-xl border p-3 shadow-md w-full bg-green-700 my-3\">\n                        <div class=\"flex w-full items-center justify-between\">\n                            <div class=\"flex items-center space-x-3\">\n                                <div class=\"text-lg font-bold\">\n                                    App koreai dr\u00e1m\u00e1k n\u00e9z\u00e9s\u00e9hez \u279d\n                                <\/div>\n                            <\/div>\n                        <\/div>\n                    <\/div>\n                <\/a>\n                                                            <a href=\"http:\/\/universofamilia.com\/hu\/lp-recuperar-fotos\/\" class=\"text-white\" data-analytics-label=\"optionsButton\"\n                    data-action=\"analytics#trackCTA\">\n                    <div data-options-target=\"option\"\n                        class=\"custom-section rounded-xl border p-3 shadow-md w-full bg-green-700 my-3\">\n                        <div class=\"flex w-full items-center justify-between\">\n                            <div class=\"flex items-center space-x-3\">\n                                <div class=\"text-lg font-bold\">\n                                    T\u00f6r\u00f6lt fot\u00f3k helyre\u00e1ll\u00edt\u00e1sa ezzel az alkalmaz\u00e1ssal!  \u279d\n                                <\/div>\n                            <\/div>\n                        <\/div>\n                    <\/div>\n                <\/a>\n                                                            <a href=\"http:\/\/universofamilia.com\/hu\/el-amor-a-un-clic\/\" class=\"text-white\" data-analytics-label=\"optionsButton\"\n                    data-action=\"analytics#trackCTA\">\n                    <div data-options-target=\"option\"\n                        class=\"custom-section rounded-xl border p-3 shadow-md w-full bg-green-700 my-3\">\n                        <div class=\"flex w-full items-center justify-between\">\n                            <div class=\"flex items-center space-x-3\">\n                                <div class=\"text-lg font-bold\">\n                                    Fedezd fel az ide\u00e1lis t\u00e1rskeres\u0151 alkalmaz\u00e1st \u279d\n                                <\/div>\n                            <\/div>\n                        <\/div>\n                    <\/div>\n                <\/a>\n                            <p class=\"text-xs text-gray-500 text-right hidden\"\n            style=\"margin-left: 50%; margin-bottom: 50px; margin-top: 5px;\">\n            <!-- You will be redirected to another website -->\n        <\/p>\n    <\/section>\n\n\n\n\n<p class=\"has-text-align-right\"><em><strong><em><strong><em><strong><em><strong><em><strong>Ugyanott fog maradni!<\/strong><\/em><\/strong><\/em><\/strong><\/em><\/strong><\/em><\/strong><\/em><\/p>\n\n\n\n<hr class=\"wp-block-separator has-alpha-channel-opacity is-style-wide\" \/>\n\n\n\n<p><\/p>\n\n\n\n<h3 class=\"wp-block-heading\">Mi van, ha m\u00e9g soha nem haszn\u00e1ltam t\u00e1rskeres\u0151 alkalmaz\u00e1st?<\/h3>\n\n\n\n<p>Ne agg\u00f3dj. Ezek az alkalmaz\u00e1sok \u00fagy m\u0171k\u00f6dnek, mint egy val\u00f3s besz\u00e9lget\u00e9s, csak \u00fczeneteken vagy vide\u00f3n kereszt\u00fcl.<\/p>\n\n\n\n<p>Tal\u00e1lkozol emberekkel, eld\u00f6nt\u00f6d, kivel besz\u00e9lsz t\u00f6bbet, \u00e9s ha kialakul k\u00f6zt\u00fck kapcsolat... ki tudja.<\/p>\n\n\n\n<p>Nem kell szem\u00e9lyes adatokat megadnod, \u00e9s nem kell fizetned semmit, ha nem akarsz. Saj\u00e1t temp\u00f3dban, biztons\u00e1gos k\u00f6rnyezetben fedezheted fel a vil\u00e1got.<\/p>\n\n\n\n<h2 class=\"wp-block-heading\">Els\u0151 l\u00e9p\u00e9sek: Amit tudnia kell egy alkalmaz\u00e1s telep\u00edt\u00e9se el\u0151tt<\/h2>\n\n\n\n<h3 class=\"wp-block-heading\">Az alapok, amikkel rendelkezned kell<\/h3>\n\n\n\n<p>Miel\u0151tt let\u00f6lten\u00e9l egy t\u00e1rskeres\u0151 alkalmaz\u00e1st, gy\u0151z\u0151dj meg r\u00f3la, hogy a k\u00f6vetkez\u0151kkel rendelkezel:<\/p>\n\n\n\n<ul>\n<li>Egy okostelefon (Android)<\/li>\n\n\n\n<li>Internetkapcsolat (Wi-Fi vagy mobil adatforgalom)<\/li>\n\n\n\n<li>Szabad hely az alkalmaz\u00e1s telep\u00edt\u00e9s\u00e9hez<\/li>\n\n\n\n<li>Google-fi\u00f3k (a Play \u00c1ruh\u00e1zba val\u00f3 bel\u00e9p\u00e9shez)<\/li>\n<\/ul>\n\n\n\n<h3 class=\"wp-block-heading\">Biztons\u00e1gi aj\u00e1nl\u00e1sok<\/h3>\n\n\n\n<ul>\n<li>Soha ne oszd meg el\u0151sz\u00f6r a pontos c\u00edmedet<\/li>\n\n\n\n<li>Ne k\u00fcldj\u00f6n p\u00e9nzt vagy banki adatokat<\/li>\n\n\n\n<li>Csak olyan emberekkel besz\u00e9lj, akikkel j\u00f3l \u00e9rzed magad.<\/li>\n\n\n\n<li>Ha valaki zavar, k\u00f6nnyen letilthatod.<\/li>\n<\/ul>\n\n\n\n<p>Az \u00e1ltalunk aj\u00e1nlott alkalmaz\u00e1sok ellen\u0151rz\u0151 rendszerekkel, ellen\u0151rz\u00f6tt profilokkal \u00e9s a szokatlan viselked\u00e9s jelent\u00e9s\u00e9re szolg\u00e1l\u00f3 funkci\u00f3kkal rendelkeznek. V\u00e9dett vagy.<\/p>\n\n\n\n<h2 class=\"wp-block-heading\">A legjobb alkalmaz\u00e1sok a szerelem megtal\u00e1l\u00e1s\u00e1hoz<\/h2>\n\n\n\n<h3 class=\"wp-block-heading\">1. <a href=\"https:\/\/tinder.com\/pt\/download\">Tapl\u00f3 <\/a>\u2013 Tal\u00e1lkoz\u00e1sok, amelyek megv\u00e1ltoztathatj\u00e1k a napodat<\/h3>\n\n\n\n<p><strong>Tapl\u00f3<\/strong> a vil\u00e1g egyik legn\u00e9pszer\u0171bb t\u00e1rskeres\u0151 alkalmaz\u00e1sa.<\/p>\n\n\n\n<p>Naponta emberek milli\u00f3i haszn\u00e1lj\u00e1k \u00faj linkek keres\u00e9s\u00e9re.<\/p>\n\n\n\n<p><strong>El\u0151ny\u00f6k:<\/strong><\/p>\n\n\n\n<ul>\n<li>L\u00e1thatod a k\u00f6zeledben l\u00e9v\u0151 embereket<\/li>\n\n\n\n<li>D\u00f6ntsd el, kivel besz\u00e9lsz (csak akkor csevegj, ha mindketten akartok)<\/li>\n\n\n\n<li>K\u00f6nnyen haszn\u00e1lhat\u00f3, letisztult fel\u00fclettel<\/li>\n\n\n\n<li>Kiv\u00e1laszthatod, milyen t\u00edpus\u00fa kapcsolatot keresel<\/li>\n<\/ul>\n\n\n\n<p><strong>Ide\u00e1lis a k\u00f6vetkez\u0151kh\u00f6z:<\/strong> azoknak, akik gyors, modern \u00e9s probl\u00e9mamentes kapcsolatot keresnek.<\/p>\n\n\n\n<p><\/p>\n\n\n\n<hr class=\"wp-block-separator has-alpha-channel-opacity is-style-wide\" \/>\n\n\n\n<h5 class=\"wp-block-heading has-text-align-left\"><strong><mark class=\"has-inline-color has-luminous-vivid-amber-color\"><strong><mark class=\"has-inline-color has-luminous-vivid-amber-color\"><a>\ud83d\udc49 <\/a><strong><mark class=\"has-inline-color has-luminous-vivid-amber-color\"><strong>T\u00f6ltsd le az alkalmaz\u00e1st:<\/strong><\/mark><\/strong><\/mark><\/strong><\/mark><\/strong><\/h5>\n\n\n    <section class=\"mx-1 my-10\">\n                                                <a href=\"https:\/\/tinder.com\/pt\/download\" class=\"text-white\" data-analytics-label=\"optionsButton\"\n                    data-action=\"analytics#trackCTA\">\n                    <div data-options-target=\"option\"\n                        class=\"custom-section rounded-xl border p-3 shadow-md w-full bg-green-700 my-3\">\n                        <div class=\"flex w-full items-center justify-between\">\n                            <div class=\"flex items-center space-x-3\">\n                                <div class=\"text-lg font-bold\">\n                                    Tinder \u279d\n                                <\/div>\n                            <\/div>\n                        <\/div>\n                    <\/div>\n                <\/a>\n                            <p class=\"text-xs text-gray-500 text-right\"\n            style=\"margin-left: 50%; margin-bottom: 50px; margin-top: 5px;\">\n            <!-- You will be redirected to another website -->\n        <\/p>\n    <\/section>\n\n\n\n\n<p class=\"has-text-align-right\"><em><strong><em><strong><em><strong><em><strong><em><strong><em><strong><em><strong><em><strong><em><strong><em><strong>\u00c1t leszel ir\u00e1ny\u00edtva egy m\u00e1sik oldalra!<\/strong><\/em><\/strong><\/em><\/strong><\/em><\/strong><\/em><\/strong><\/em><\/strong><\/em><\/strong><\/em><\/strong><\/em><\/strong><\/em><\/strong><\/em><\/p>\n\n\n\n<hr class=\"wp-block-separator has-alpha-channel-opacity is-style-wide\" \/>\n\n\n\n<p><\/p>\n\n\n\n<h3 class=\"wp-block-heading\">2. OurTime \u2013 K\u00fcl\u00f6nleges aj\u00e1nlat 50 \u00e9v felettieknek<\/h3>\n\n\n\n<p><strong>A mi id\u0151nk<\/strong> T\u00f6k\u00e9letes, ha elm\u00falt\u00e1l 50 \u00e9s szeretn\u00e9l a gener\u00e1ci\u00f3dhoz hasonl\u00f3 emberekkel tal\u00e1lkozni.<\/p>\n\n\n\n<p>Ez egy nyugodt, biztons\u00e1gos k\u00f6rnyezet, amelyet azok sz\u00e1m\u00e1ra terveztek, akik nem a technol\u00f3gi\u00e1val n\u0151ttek fel.<\/p>\n\n\n\n<p><strong>El\u0151ny\u00f6k:<\/strong><\/p>\n\n\n\n<ul>\n<li>Id\u0151seknek tervezve<\/li>\n\n\n\n<li>\u00c1tl\u00e1that\u00f3 fel\u00fclet, nagy bet\u0171k<\/li>\n\n\n\n<li>K\u00f6nnyen megl\u00e1thatod a k\u00f6z\u00f6s \u00e9rdekl\u0151d\u00e9si k\u00f6r\u00f6ket<\/li>\n\n\n\n<li>Ellen\u0151rz\u00f6tt profilok<\/li>\n<\/ul>\n\n\n\n<p><strong>Ide\u00e1lis a k\u00f6vetkez\u0151kh\u00f6z:<\/strong> azoknak, akik \u00e9rt\u00e9kelik az \u00e9rett, hiteles kapcsolatot, amely val\u00f3di \u00e9rdekl\u0151d\u00e9sen alapul.<\/p>\n\n\n\n<p><\/p>\n\n\n\n<hr class=\"wp-block-separator has-alpha-channel-opacity is-style-wide\" \/>\n\n\n\n<h5 class=\"wp-block-heading has-text-align-left\"><strong><mark class=\"has-inline-color has-luminous-vivid-amber-color\"><strong><mark class=\"has-inline-color has-luminous-vivid-amber-color\"><a>\ud83d\udc49 <\/a><strong><mark class=\"has-inline-color has-luminous-vivid-amber-color\"><strong>T\u00f6ltsd le az alkalmaz\u00e1st:<\/strong><\/mark><\/strong><\/mark><\/strong><\/mark><\/strong><\/h5>\n\n\n    <section class=\"mx-1 my-10\">\n                                                <a href=\"https:\/\/ourtime.com\/\" class=\"text-white\" data-analytics-label=\"optionsButton\"\n                    data-action=\"analytics#trackCTA\">\n                    <div data-options-target=\"option\"\n                        class=\"custom-section rounded-xl border p-3 shadow-md w-full bg-green-700 my-3\">\n                        <div class=\"flex w-full items-center justify-between\">\n                            <div class=\"flex items-center space-x-3\">\n                                <div class=\"text-lg font-bold\">\n                                    A mi id\u0151nk \u279d\n                                <\/div>\n                            <\/div>\n                        <\/div>\n                    <\/div>\n                <\/a>\n                            <p class=\"text-xs text-gray-500 text-right\"\n            style=\"margin-left: 50%; margin-bottom: 50px; margin-top: 5px;\">\n            <!-- You will be redirected to another website -->\n        <\/p>\n    <\/section>\n\n\n\n\n<p class=\"has-text-align-right\"><em><strong><em><strong><em><strong><em><strong><em><strong><em><strong><em><strong><em><strong><em><strong><em><strong>\u00c1t leszel ir\u00e1ny\u00edtva egy m\u00e1sik oldalra!<\/strong><\/em><\/strong><\/em><\/strong><\/em><\/strong><\/em><\/strong><\/em><\/strong><\/em><\/strong><\/em><\/strong><\/em><\/strong><\/em><\/strong><\/em><\/p>\n\n\n\n<hr class=\"wp-block-separator has-alpha-channel-opacity is-style-wide\" \/>\n\n\n\n<p><\/p>\n\n\n\n<h3 class=\"wp-block-heading\">3. Badoo \u2013 Ismerkedj meg val\u00f3di emberekkel<\/h3>\n\n\n\n<p><strong>Badoo<\/strong> Ez egy randev\u00faz\u00e1sra f\u00f3kusz\u00e1l\u00f3 k\u00f6z\u00f6ss\u00e9gi oldal. Lehet\u0151v\u00e9 teszi, hogy szabadon, nyom\u00e1s n\u00e9lk\u00fcl, \u00e9s t\u00f6bbf\u00e9lek\u00e9ppen is tal\u00e1lkozz emberekkel.<\/p>\n\n\n\n<p><strong>El\u0151ny\u00f6k:<\/strong><\/p>\n\n\n\n<ul>\n<li>L\u00e1thatod, hogy kinek tetszett\u00e9l<\/li>\n\n\n\n<li>\u00c9l\u0151 k\u00f6zvet\u00edt\u00e9sek, hogy jobban megismerj\u00fck egym\u00e1st<\/li>\n\n\n\n<li>Profil ellen\u0151rz\u00e9se fot\u00f3val<\/li>\n\n\n\n<li>Teljes spanyol nyelven el\u00e9rhet\u0151<\/li>\n<\/ul>\n\n\n\n<p><strong>Ide\u00e1lis a k\u00f6vetkez\u0151kh\u00f6z:<\/strong> azoknak, akik k\u00f6telezetts\u00e9g n\u00e9lk\u00fcl szeretn\u00e9nek felfedezni, bar\u00e1ts\u00e1g, besz\u00e9lget\u00e9s vagy romantika lehet\u0151s\u00e9g\u00e9vel.<\/p>\n\n\n\n<p><\/p>\n\n\n\n<hr class=\"wp-block-separator has-alpha-channel-opacity is-style-wide\" \/>\n\n\n\n<h5 class=\"wp-block-heading has-text-align-left\"><strong><mark class=\"has-inline-color has-luminous-vivid-amber-color\"><strong><mark class=\"has-inline-color has-luminous-vivid-amber-color\"><a>\ud83d\udc49 <\/a><strong><mark class=\"has-inline-color has-luminous-vivid-amber-color\"><strong>T\u00f6ltsd le az alkalmaz\u00e1st:<\/strong><\/mark><\/strong><\/mark><\/strong><\/mark><\/strong><\/h5>\n\n\n    <section class=\"mx-1 my-10\">\n                                                <a href=\"https:\/\/badoo.com\/pt\/\" class=\"text-white\" data-analytics-label=\"optionsButton\"\n                    data-action=\"analytics#trackCTA\">\n                    <div data-options-target=\"option\"\n                        class=\"custom-section rounded-xl border p-3 shadow-md w-full bg-green-700 my-3\">\n                        <div class=\"flex w-full items-center justify-between\">\n                            <div class=\"flex items-center space-x-3\">\n                                <div class=\"text-lg font-bold\">\n                                    Badoo \u279d\n                                <\/div>\n                            <\/div>\n                        <\/div>\n                    <\/div>\n                <\/a>\n                            <p class=\"text-xs text-gray-500 text-right\"\n            style=\"margin-left: 50%; margin-bottom: 50px; margin-top: 5px;\">\n            <!-- You will be redirected to another website -->\n        <\/p>\n    <\/section>\n\n\n\n\n<p class=\"has-text-align-right\"><em><strong><em><strong><em><strong><em><strong><em><strong><em><strong><em><strong><em><strong><em><strong><em><strong>\u00c1t leszel ir\u00e1ny\u00edtva egy m\u00e1sik oldalra!<\/strong><\/em><\/strong><\/em><\/strong><\/em><\/strong><\/em><\/strong><\/em><\/strong><\/em><\/strong><\/em><\/strong><\/em><\/strong><\/em><\/strong><\/em><\/p>\n\n\n\n<hr class=\"wp-block-separator has-alpha-channel-opacity is-style-wide\" \/>\n\n\n\n<p><\/p>\n\n\n\n<h2 class=\"wp-block-heading\">Igaz t\u00f6rt\u00e9netek a digit\u00e1lis szerelemr\u0151l<\/h2>\n\n\n\n<h3 class=\"wp-block-heading\">Juan \u00e9s Marta: szerelem 67 \u00e9vesen<\/h3>\n\n\n\n<p>A mexik\u00f3v\u00e1rosi Juan az unok\u00e1ja seg\u00edts\u00e9g\u00e9vel t\u00f6lt\u00f6tte le az OurTime alkalmaz\u00e1st. \u201eSemmit sem \u00e9rtettem, de \u0151 elmagyar\u00e1zta nekem.\u201d<\/p>\n\n\n\n<p>K\u00e9t h\u00e9t m\u00falva tal\u00e1lkoztam M\u00e1rt\u00e1val. \u201eMost m\u00e1r minden nap vide\u00f3n kereszt\u00fcl besz\u00e9l\u00fcnk\u201d \u2013 mondja mosolyogva.<\/p>\n\n\n\n<p>A guadalajarai Mart\u00e1nak is voltak k\u00e9ts\u00e9gei. \u201eAzt hittem, senki sem akar besz\u00e9lgetni egy velem egykor\u00fa n\u0151vel. T\u00e9vedtem. Juan kedves, sz\u00f3rakoztat\u00f3, \u00e9s nem \u00e9rzem magam egyed\u00fcl.\u201d<\/p>\n\n\n\n<h3 class=\"wp-block-heading\">Clara: \u00daj bar\u00e1ts\u00e1gok v\u00e1l\u00e1s ut\u00e1n<\/h3>\n\n\n\n<p>Egy neh\u00e9z v\u00e1l\u00e1s ut\u00e1n Clara (58) \u00fagy d\u00f6nt\u00f6tt, hogy a Badoo-t haszn\u00e1lja. \u201eEl\u0151sz\u00f6r csak besz\u00e9lgetni akartam. Kedves emberekkel tal\u00e1lkoztam. Ma m\u00e1r t\u00f6bb \u00e1llamban is vannak \u00faj bar\u00e1taim, \u00e9s \u00e9l\u00e9nkebbnek \u00e9rzem magam, mint valaha.\u201d<\/p>\n\n\n\n<h3 class=\"wp-block-heading\">Tom\u00e1s: A f\u00e9l\u00e9nks\u00e9g legy\u0151z\u00e9se a Tinderrel<\/h3>\n\n\n\n<p>Tom\u00e1s (46) mindig is f\u00e9l\u00e9nk volt szem\u00e9lyesen. \u201eA Tinder lehet\u0151v\u00e9 tette, hogy el\u0151sz\u00f6r \u00fczenetekkel kezdjem. Azt\u00e1n h\u00edv\u00e1sokkal.<\/p>\n\n\n\n<p>Megismerkedtem Lilivel, \u00e9s m\u00e1r 3 h\u00f3napja randizunk. \u201eSoha nem gondoltam volna, hogy egy alkalmaz\u00e1s ezt megadja nekem.\u201d<\/p>\n\n\n\n<h2 class=\"wp-block-heading\">Tippek a randialkalmaz\u00e1sokban val\u00f3 sikerhez<\/h2>\n\n\n\n<h3 class=\"wp-block-heading\">Vigy\u00e1zz a profilodra<\/h3>\n\n\n\n<ul>\n<li>Haszn\u00e1ljon tiszta, aktu\u00e1lis \u00e9s term\u00e9szetes fot\u00f3t<\/li>\n\n\n\n<li>\u00cdrj egy r\u00f6vid le\u00edr\u00e1st magadr\u00f3l: \u00edzl\u00e9sed, mit keresel<\/li>\n\n\n\n<li>L\u00e9gy \u00f6nmagad, an\u00e9lk\u00fcl, hogy b\u00e1rmit is elt\u00falozn\u00e1l, vagy eltitkoln\u00e1l.<\/li>\n<\/ul>\n\n\n\n<h3 class=\"wp-block-heading\">L\u00e9gy t\u00fcrelmes \u00e9s nyitott<\/h3>\n\n\n\n<ul>\n<li>N\u00e9ha id\u0151be telik, mire tal\u00e1lsz valakit, akivel kapcsolatba ker\u00fclsz.<\/li>\n\n\n\n<li>Lesznek olyanok, akik nem v\u00e1laszolnak, vagy nem kedveled \u0151ket \u2013 ez rendben van.<\/li>\n\n\n\n<li>A l\u00e9nyeg az, hogy ne add fel \u00e9s folytasd a tanul\u00e1st.<\/li>\n<\/ul>\n\n\n\n<h3 class=\"wp-block-heading\">\u00cdrj \u00fczeneteket kedvesen<\/h3>\n\n\n\n<ul>\n<li>Egy sz\u00edv\u00e9lyes \u00fcdv\u00f6zl\u00e9s nyitja meg az ajt\u00f3kat<\/li>\n\n\n\n<li>A k\u00e9rd\u00e9sek feltev\u00e9se \u00e9rdekl\u0151d\u00e9st mutat<\/li>\n\n\n\n<li>Ker\u00fcld az \u00fczenetek m\u00e1sol\u00e1s\u00e1t: l\u00e9gy hiteles<\/li>\n<\/ul>\n\n\n<div class=\"wp-block-image\">\n<figure class=\"aligncenter size-full\"><img loading=\"lazy\" decoding=\"async\" width=\"550\" height=\"350\" src=\"https:\/\/universofamilia.com\/wp-content\/uploads\/sites\/148\/2025\/05\/DESTAQUE-UNIVERSO-550-x-350-5.jpg\" alt=\"\" class=\"wp-image-9433\" srcset=\"http:\/\/universofamilia.com\/wp-content\/uploads\/sites\/148\/2025\/05\/DESTAQUE-UNIVERSO-550-x-350-5.jpg 550w, http:\/\/universofamilia.com\/wp-content\/uploads\/sites\/148\/2025\/05\/DESTAQUE-UNIVERSO-550-x-350-5-300x191.jpg 300w, http:\/\/universofamilia.com\/wp-content\/uploads\/sites\/148\/2025\/05\/DESTAQUE-UNIVERSO-550-x-350-5-18x12.jpg 18w\" sizes=\"(max-width: 550px) 100vw, 550px\" \/><figcaption class=\"wp-element-caption\">A szerelem nem v\u00e1r | \u00c9s te?<\/figcaption><\/figure><\/div>\n\n\n<h2 class=\"wp-block-heading\">A t\u00e1rsas\u00e1gkeres\u00e9s \u00e9rzelmi el\u0151nyei<\/h2>\n\n\n\n<h3 class=\"wp-block-heading\">Jav\u00edtsd az \u00f6nbecs\u00fcl\u00e9sedet<\/h3>\n\n\n\n<p>Az az \u00e9rz\u00e9s, hogy valaki besz\u00e9lni akar veled, hogy meghallgat \u00e9s \u00e9rt\u00e9kel t\u00e9ged, n\u00f6veli az \u00f6nbizalmadat. Mindannyian meg\u00e9rdeml\u00fcnk a t\u00f6r\u0151d\u00e9st, \u00e9let\u00fcnk b\u00e1rmely szakasz\u00e1ban.<\/p>\n\n\n\n<h3 class=\"wp-block-heading\">Cs\u00f6kkenti a mag\u00e1nyt<\/h3>\n\n\n\n<p>Az, hogy van kivel megosztani a napot, m\u00e9g ha csak SMS-ben is, mindent megv\u00e1ltoztat. N\u00e9ha egy sz\u00edvb\u0151l j\u00f6v\u0151 besz\u00e9lget\u00e9s el\u00e9g ahhoz, hogy jobban \u00e9rezz\u00fck magunkat.<\/p>\n\n\n\n<h3 class=\"wp-block-heading\">Adj \u00e9rtelmet a napjaidnak<\/h3>\n\n\n\n<p>Egy ill\u00fazi\u00f3, egy randi, egy f\u00fcgg\u0151ben l\u00e9v\u0151 besz\u00e9lget\u00e9s... megv\u00e1ltoztatja a megszokott rutint. Az \u00e9let sz\u00ednesebb\u00e9, emberibb\u00e9 v\u00e1lik.<\/p>\n\n\n\n<h2 class=\"wp-block-heading\">Mi van, ha f\u00e9lek vagy zavarban vagyok?<\/h2>\n\n\n\n<p>Term\u00e9szetes. Sokan eleinte bizonytalannak \u00e9rzik magukat. De gondold \u00edgy:<\/p>\n\n\n\n<ul>\n<li>Nem vagy egyed\u00fcl. Ezrek vannak hozz\u00e1d hasonl\u00f3an, akik ugyanazt keresik.<\/li>\n\n\n\n<li>Teljesen ti\u00e9d az ir\u00e1ny\u00edt\u00e1s: te d\u00f6nt\u00f6d el, kivel besz\u00e9lsz<\/li>\n\n\n\n<li>A technol\u00f3gia az\u00e9rt van ott, hogy seg\u00edtsen, nem pedig hogy bonyol\u00edtsa a dolgokat.<\/li>\n<\/ul>\n\n\n\n<p>Ak\u00e1r egy gyermeket, unok\u00e1t vagy bar\u00e1tot is megk\u00e9rhetsz, hogy seg\u00edtsen telep\u00edteni az alkalmaz\u00e1st. \u00d6r\u00f6mmel seg\u00edtenek majd megtal\u00e1lni a boldogs\u00e1got!<\/p>\n\n\n\n<h2 class=\"wp-block-heading\">Cselekedj m\u00e9g ma!<\/h2>\n\n\n\n<p>Tudtad, hogy naponta ezrek tal\u00e1lnak partnert a mobiltelefonjuk seg\u00edts\u00e9g\u00e9vel? Nem sz\u00e1m\u00edt, milyen nap van ma, mindig j\u00f3 nap szerelmesnek lenni.<\/p>\n\n\n\n<p>M\u00e1r felfedezt\u00e9l 3 val\u00f3di, egyszer\u0171 \u00e9s biztons\u00e1gos alkalmaz\u00e1st. M\u00e1r tudod, hogyan m\u0171k\u00f6dnek, hogyan v\u00e9dd meg magad, \u00e9s hogyan mutasd be magad.<\/p>\n\n\n\n<p>Most rajtad a sor.<\/p>\n\n\n\n<p>T\u00f6ltsd le az egyik alkalmaz\u00e1st, amit eml\u00edtett\u00fcnk. Fedezz fel, besz\u00e9lgess, tanulj. A szerelem k\u00f6zelebb lehet, mint gondoln\u00e1d.<\/p>\n\n\n\n<p>\u00c9s ne feledd: a kor nem korl\u00e1tozott. A szeretet, a nevet\u00e9s \u00e9s az \u00fajrakezd\u00e9sek mindenkinek j\u00e1rnak.<\/p>","protected":false},"excerpt":{"rendered":"<p>No importa qu\u00e9 d\u00eda sea hoy, siempre es un buen d\u00eda para enamorarse. \u00a1Elija una de las opciones! No importa qu\u00e9 d\u00eda sea hoy, siempre es un buen d\u00eda para enamorarse. A veces esperamos fechas especiales, momentos ideales o se\u00f1ales del universo para abrir el coraz\u00f3n. Pero, \u00bfqu\u00e9 tal si te dijera que el momento [&hellip;]<\/p>","protected":false},"author":139,"featured_media":9433,"comment_status":"closed","ping_status":"open","sticky":false,"template":"","format":"standard","meta":{"footnotes":""},"categories":[2],"tags":[1805,2274,410,667,1413],"yoast_head":"<!-- This site is optimized with the Yoast SEO plugin v23.3 - https:\/\/yoast.com\/wordpress\/plugins\/seo\/ -->\n<title>El amor no espera | \u00bfY t\u00fa? - Universo Fam\u00edlia<\/title>\n<meta name=\"description\" content=\"El amor no espera | \u00bfY t\u00fa? No importa qu\u00e9 d\u00eda sea hoy, siempre es un buen d\u00eda para enamorarse. No importa qu\u00e9 d\u00eda sea hoy, siempre...\" \/>\n<meta name=\"robots\" content=\"index, follow, max-snippet:-1, max-image-preview:large, max-video-preview:-1\" \/>\n<link rel=\"canonical\" href=\"http:\/\/universofamilia.com\/hu\/kaerligheden-venter-ikke-og-du\/\" \/>\n<meta property=\"og:locale\" content=\"hu_HU\" \/>\n<meta property=\"og:type\" content=\"article\" \/>\n<meta property=\"og:title\" content=\"El amor no espera | \u00bfY t\u00fa? - Universo Fam\u00edlia\" \/>\n<meta property=\"og:description\" content=\"El amor no espera | \u00bfY t\u00fa? No importa qu\u00e9 d\u00eda sea hoy, siempre es un buen d\u00eda para enamorarse. No importa qu\u00e9 d\u00eda sea hoy, siempre...\" \/>\n<meta property=\"og:url\" content=\"http:\/\/universofamilia.com\/hu\/kaerligheden-venter-ikke-og-du\/\" \/>\n<meta property=\"og:site_name\" content=\"Universo Fam\u00edlia\" \/>\n<meta property=\"article:published_time\" content=\"2025-05-09T15:06:57+00:00\" \/>\n<meta property=\"article:modified_time\" content=\"2025-08-02T18:35:51+00:00\" \/>\n<meta property=\"og:image\" content=\"http:\/\/universofamilia.com\/wp-content\/uploads\/sites\/148\/2025\/05\/DESTAQUE-UNIVERSO-550-x-350-5.jpg\" \/>\n\t<meta property=\"og:image:width\" content=\"550\" \/>\n\t<meta property=\"og:image:height\" content=\"350\" \/>\n\t<meta property=\"og:image:type\" content=\"image\/jpeg\" \/>\n<meta name=\"author\" content=\"Pedro Henrique\" \/>\n<meta name=\"twitter:card\" content=\"summary_large_image\" \/>\n<meta name=\"twitter:label1\" content=\"Written by\" \/>\n\t<meta name=\"twitter:data1\" content=\"Pedro Henrique\" \/>\n\t<meta name=\"twitter:label2\" content=\"Est. reading time\" \/>\n\t<meta name=\"twitter:data2\" content=\"7 perc\" \/>\n<script type=\"application\/ld+json\" class=\"yoast-schema-graph\">{\"@context\":\"https:\/\/schema.org\",\"@graph\":[{\"@type\":\"WebPage\",\"@id\":\"http:\/\/universofamilia.com\/da\/kaerligheden-venter-ikke-og-du\/\",\"url\":\"http:\/\/universofamilia.com\/da\/kaerligheden-venter-ikke-og-du\/\",\"name\":\"El amor no espera | \u00bfY t\u00fa? - Universo Fam\u00edlia\",\"isPartOf\":{\"@id\":\"https:\/\/universofamilia.com\/el\/#website\"},\"primaryImageOfPage\":{\"@id\":\"http:\/\/universofamilia.com\/da\/kaerligheden-venter-ikke-og-du\/#primaryimage\"},\"image\":{\"@id\":\"http:\/\/universofamilia.com\/da\/kaerligheden-venter-ikke-og-du\/#primaryimage\"},\"thumbnailUrl\":\"http:\/\/universofamilia.com\/wp-content\/uploads\/sites\/148\/2025\/05\/DESTAQUE-UNIVERSO-550-x-350-5.jpg\",\"datePublished\":\"2025-05-09T15:06:57+00:00\",\"dateModified\":\"2025-08-02T18:35:51+00:00\",\"author\":{\"@id\":\"https:\/\/universofamilia.com\/el\/#\/schema\/person\/f07ce98187dd84d31154262e79b3b7ca\"},\"description\":\"El amor no espera | \u00bfY t\u00fa? No importa qu\u00e9 d\u00eda sea hoy, siempre es un buen d\u00eda para enamorarse. No importa qu\u00e9 d\u00eda sea hoy, siempre...\",\"breadcrumb\":{\"@id\":\"http:\/\/universofamilia.com\/da\/kaerligheden-venter-ikke-og-du\/#breadcrumb\"},\"inLanguage\":\"hu\",\"potentialAction\":[{\"@type\":\"ReadAction\",\"target\":[\"http:\/\/universofamilia.com\/da\/kaerligheden-venter-ikke-og-du\/\"]}]},{\"@type\":\"ImageObject\",\"inLanguage\":\"hu\",\"@id\":\"http:\/\/universofamilia.com\/da\/kaerligheden-venter-ikke-og-du\/#primaryimage\",\"url\":\"http:\/\/universofamilia.com\/wp-content\/uploads\/sites\/148\/2025\/05\/DESTAQUE-UNIVERSO-550-x-350-5.jpg\",\"contentUrl\":\"http:\/\/universofamilia.com\/wp-content\/uploads\/sites\/148\/2025\/05\/DESTAQUE-UNIVERSO-550-x-350-5.jpg\",\"width\":550,\"height\":350,\"caption\":\"El amor no espera | \u00bfY t\u00fa?\"},{\"@type\":\"BreadcrumbList\",\"@id\":\"http:\/\/universofamilia.com\/da\/kaerligheden-venter-ikke-og-du\/#breadcrumb\",\"itemListElement\":[{\"@type\":\"ListItem\",\"position\":1,\"name\":\"Home\",\"item\":\"https:\/\/universofamilia.com\/el\/\"},{\"@type\":\"ListItem\",\"position\":2,\"name\":\"El amor no espera | \u00bfY t\u00fa?\"}]},{\"@type\":\"WebSite\",\"@id\":\"https:\/\/universofamilia.com\/el\/#website\",\"url\":\"https:\/\/universofamilia.com\/el\/\",\"name\":\"Universo Fam\u00edlia\",\"description\":\"\",\"potentialAction\":[{\"@type\":\"SearchAction\",\"target\":{\"@type\":\"EntryPoint\",\"urlTemplate\":\"https:\/\/universofamilia.com\/el\/?s={search_term_string}\"},\"query-input\":\"required name=search_term_string\"}],\"inLanguage\":\"hu\"},{\"@type\":\"Person\",\"@id\":\"https:\/\/universofamilia.com\/el\/#\/schema\/person\/f07ce98187dd84d31154262e79b3b7ca\",\"name\":\"Pedro Henrique\",\"image\":{\"@type\":\"ImageObject\",\"inLanguage\":\"hu\",\"@id\":\"https:\/\/universofamilia.com\/el\/#\/schema\/person\/image\/\",\"url\":\"http:\/\/0.gravatar.com\/avatar\/9edfeb808cb4e1599f64d6e45b130154?s=96&d=mm&r=g\",\"contentUrl\":\"http:\/\/0.gravatar.com\/avatar\/9edfeb808cb4e1599f64d6e45b130154?s=96&d=mm&r=g\",\"caption\":\"Pedro Henrique\"},\"url\":\"http:\/\/universofamilia.com\/hu\/author\/editor01\/\"}]}<\/script>\n<!-- \/ Yoast SEO plugin. -->","yoast_head_json":{"title":"El amor no espera | \u00bfY t\u00fa? - Universo Fam\u00edlia","description":"El amor no espera | \u00bfY t\u00fa? No importa qu\u00e9 d\u00eda sea hoy, siempre es un buen d\u00eda para enamorarse. No importa qu\u00e9 d\u00eda sea hoy, siempre...","robots":{"index":"index","follow":"follow","max-snippet":"max-snippet:-1","max-image-preview":"max-image-preview:large","max-video-preview":"max-video-preview:-1"},"canonical":"http:\/\/universofamilia.com\/hu\/kaerligheden-venter-ikke-og-du\/","og_locale":"hu_HU","og_type":"article","og_title":"El amor no espera | \u00bfY t\u00fa? - Universo Fam\u00edlia","og_description":"El amor no espera | \u00bfY t\u00fa? No importa qu\u00e9 d\u00eda sea hoy, siempre es un buen d\u00eda para enamorarse. No importa qu\u00e9 d\u00eda sea hoy, siempre...","og_url":"http:\/\/universofamilia.com\/hu\/kaerligheden-venter-ikke-og-du\/","og_site_name":"Universo Fam\u00edlia","article_published_time":"2025-05-09T15:06:57+00:00","article_modified_time":"2025-08-02T18:35:51+00:00","og_image":[{"width":550,"height":350,"url":"http:\/\/universofamilia.com\/wp-content\/uploads\/sites\/148\/2025\/05\/DESTAQUE-UNIVERSO-550-x-350-5.jpg","type":"image\/jpeg"}],"author":"Pedro Henrique","twitter_card":"summary_large_image","twitter_misc":{"Written by":"Pedro Henrique","Est. reading time":"7 perc"},"schema":{"@context":"https:\/\/schema.org","@graph":[{"@type":"WebPage","@id":"http:\/\/universofamilia.com\/da\/kaerligheden-venter-ikke-og-du\/","url":"http:\/\/universofamilia.com\/da\/kaerligheden-venter-ikke-og-du\/","name":"El amor no espera | \u00bfY t\u00fa? - Universo Fam\u00edlia","isPartOf":{"@id":"https:\/\/universofamilia.com\/el\/#website"},"primaryImageOfPage":{"@id":"http:\/\/universofamilia.com\/da\/kaerligheden-venter-ikke-og-du\/#primaryimage"},"image":{"@id":"http:\/\/universofamilia.com\/da\/kaerligheden-venter-ikke-og-du\/#primaryimage"},"thumbnailUrl":"http:\/\/universofamilia.com\/wp-content\/uploads\/sites\/148\/2025\/05\/DESTAQUE-UNIVERSO-550-x-350-5.jpg","datePublished":"2025-05-09T15:06:57+00:00","dateModified":"2025-08-02T18:35:51+00:00","author":{"@id":"https:\/\/universofamilia.com\/el\/#\/schema\/person\/f07ce98187dd84d31154262e79b3b7ca"},"description":"El amor no espera | \u00bfY t\u00fa? No importa qu\u00e9 d\u00eda sea hoy, siempre es un buen d\u00eda para enamorarse. No importa qu\u00e9 d\u00eda sea hoy, siempre...","breadcrumb":{"@id":"http:\/\/universofamilia.com\/da\/kaerligheden-venter-ikke-og-du\/#breadcrumb"},"inLanguage":"hu","potentialAction":[{"@type":"ReadAction","target":["http:\/\/universofamilia.com\/da\/kaerligheden-venter-ikke-og-du\/"]}]},{"@type":"ImageObject","inLanguage":"hu","@id":"http:\/\/universofamilia.com\/da\/kaerligheden-venter-ikke-og-du\/#primaryimage","url":"http:\/\/universofamilia.com\/wp-content\/uploads\/sites\/148\/2025\/05\/DESTAQUE-UNIVERSO-550-x-350-5.jpg","contentUrl":"http:\/\/universofamilia.com\/wp-content\/uploads\/sites\/148\/2025\/05\/DESTAQUE-UNIVERSO-550-x-350-5.jpg","width":550,"height":350,"caption":"El amor no espera | \u00bfY t\u00fa?"},{"@type":"BreadcrumbList","@id":"http:\/\/universofamilia.com\/da\/kaerligheden-venter-ikke-og-du\/#breadcrumb","itemListElement":[{"@type":"ListItem","position":1,"name":"Home","item":"https:\/\/universofamilia.com\/el\/"},{"@type":"ListItem","position":2,"name":"El amor no espera | \u00bfY t\u00fa?"}]},{"@type":"WebSite","@id":"https:\/\/universofamilia.com\/el\/#website","url":"https:\/\/universofamilia.com\/el\/","name":"Universo Fam\u00edlia","description":"","potentialAction":[{"@type":"SearchAction","target":{"@type":"EntryPoint","urlTemplate":"https:\/\/universofamilia.com\/el\/?s={search_term_string}"},"query-input":"required name=search_term_string"}],"inLanguage":"hu"},{"@type":"Person","@id":"https:\/\/universofamilia.com\/el\/#\/schema\/person\/f07ce98187dd84d31154262e79b3b7ca","name":"Pedro Henrique","image":{"@type":"ImageObject","inLanguage":"hu","@id":"https:\/\/universofamilia.com\/el\/#\/schema\/person\/image\/","url":"http:\/\/0.gravatar.com\/avatar\/9edfeb808cb4e1599f64d6e45b130154?s=96&d=mm&r=g","contentUrl":"http:\/\/0.gravatar.com\/avatar\/9edfeb808cb4e1599f64d6e45b130154?s=96&d=mm&r=g","caption":"Pedro Henrique"},"url":"http:\/\/universofamilia.com\/hu\/author\/editor01\/"}]}},"_links":{"self":[{"href":"http:\/\/universofamilia.com\/hu\/wp-json\/wp\/v2\/posts\/9430"}],"collection":[{"href":"http:\/\/universofamilia.com\/hu\/wp-json\/wp\/v2\/posts"}],"about":[{"href":"http:\/\/universofamilia.com\/hu\/wp-json\/wp\/v2\/types\/post"}],"author":[{"embeddable":true,"href":"http:\/\/universofamilia.com\/hu\/wp-json\/wp\/v2\/users\/139"}],"replies":[{"embeddable":true,"href":"http:\/\/universofamilia.com\/hu\/wp-json\/wp\/v2\/comments?post=9430"}],"version-history":[{"count":2,"href":"http:\/\/universofamilia.com\/hu\/wp-json\/wp\/v2\/posts\/9430\/revisions"}],"predecessor-version":[{"id":9646,"href":"http:\/\/universofamilia.com\/hu\/wp-json\/wp\/v2\/posts\/9430\/revisions\/9646"}],"wp:featuredmedia":[{"embeddable":true,"href":"http:\/\/universofamilia.com\/hu\/wp-json\/wp\/v2\/media\/9433"}],"wp:attachment":[{"href":"http:\/\/universofamilia.com\/hu\/wp-json\/wp\/v2\/media?parent=9430"}],"wp:term":[{"taxonomy":"category","embeddable":true,"href":"http:\/\/universofamilia.com\/hu\/wp-json\/wp\/v2\/categories?post=9430"},{"taxonomy":"post_tag","embeddable":true,"href":"http:\/\/universofamilia.com\/hu\/wp-json\/wp\/v2\/tags?post=9430"}],"curies":[{"name":"wp","href":"https:\/\/api.w.org\/{rel}","templated":true}]}}