{"id":9730,"date":"2025-09-02T16:45:44","date_gmt":"2025-09-02T19:45:44","guid":{"rendered":"https:\/\/universofamilia.com\/?p=9730"},"modified":"2025-09-02T17:52:10","modified_gmt":"2025-09-02T20:52:10","slug":"usa2-me-siento-sola-y-quiero-platicar-contigo-por-estos-apps-de-citas","status":"publish","type":"post","link":"http:\/\/universofamilia.com\/hu\/usa2-me-siento-sola-y-quiero-platicar-contigo-por-estos-apps-de-citas\/","title":{"rendered":"Mag\u00e1nyosnak \u00e9rzem magam, \u00e9s szeretn\u00e9k veled besz\u00e9lgetni ezeken a t\u00e1rskeres\u0151 alkalmaz\u00e1sokon kereszt\u00fcl."},"content":{"rendered":"<p class=\"has-text-align-center\"><mark class=\"has-inline-color has-vivid-cyan-blue-color\">Mag\u00e1nyosnak \u00e9rzem magam<\/mark> \u00e9s szeretn\u00e9k veled besz\u00e9lni ezekr\u0151l a randialkalmaz\u00e1sokr\u00f3l... Mire v\u00e1rsz m\u00e9g, hogy megtedd az els\u0151 l\u00e9p\u00e9st \u00e9s elkezdj <strong><mark class=\"has-inline-color has-black-color\">ma kapcsolatba l\u00e9pni valakivel<\/mark><\/strong> Ki keres t\u00e1rsas\u00e1got?<\/p>\n\n\n\n<h5 class=\"wp-block-heading has-text-align-center\"><strong><mark class=\"has-inline-color has-vivid-cyan-blue-color\">Mit szeretn\u00e9l el\u0151sz\u00f6r csin\u00e1lni?<\/mark><\/strong><\/h5>\n\n\n    <section class=\"mx-1 my-10\">\n                                                <a href=\"http:\/\/universofamilia.com\/hu\/randialkalmazasok\/\" class=\"text-white\" data-analytics-label=\"optionsButton\"\n                    data-action=\"analytics#trackCTA\">\n                    <div data-options-target=\"option\"\n                        class=\"custom-section rounded-xl border p-3 shadow-md w-full bg-green-700 my-3\">\n                        <div class=\"flex w-full items-center justify-between\">\n                            <div class=\"flex items-center space-x-3\">\n                                <div class=\"text-lg font-bold\">\n                                    Ismerd meg most \u279d\n                                <\/div>\n                            <\/div>\n                        <\/div>\n                    <\/div>\n                <\/a>\n                                                            <a href=\"http:\/\/universofamilia.com\/hu\/mejor-app-de-citas-real\/\" class=\"text-white\" data-analytics-label=\"optionsButton\"\n                    data-action=\"analytics#trackCTA\">\n                    <div data-options-target=\"option\"\n                        class=\"custom-section rounded-xl border p-3 shadow-md w-full bg-green-700 my-3\">\n                        <div class=\"flex w-full items-center justify-between\">\n                            <div class=\"flex items-center space-x-3\">\n                                <div class=\"text-lg font-bold\">\n                                    Szia, besz\u00e9lj most!  \u279d\n                                <\/div>\n                            <\/div>\n                        <\/div>\n                    <\/div>\n                <\/a>\n                                                            <a href=\"http:\/\/universofamilia.com\/hu\/el-amor-a-un-clic\/\" class=\"text-white\" data-analytics-label=\"optionsButton\"\n                    data-action=\"analytics#trackCTA\">\n                    <div data-options-target=\"option\"\n                        class=\"custom-section rounded-xl border p-3 shadow-md w-full bg-green-700 my-3\">\n                        <div class=\"flex w-full items-center justify-between\">\n                            <div class=\"flex items-center space-x-3\">\n                                <div class=\"text-lg font-bold\">\n                                    Egy kis aj\u00e1nd\u00e9k neked \u279d\n                                <\/div>\n                            <\/div>\n                        <\/div>\n                    <\/div>\n                <\/a>\n                            <p class=\"text-xs text-gray-500 text-right hidden\"\n            style=\"margin-left: 50%; margin-bottom: 50px; margin-top: 5px;\">\n            <!-- You will be redirected to another website -->\n        <\/p>\n    <\/section>\n\n\n\n\n<p class=\"has-text-align-center\">\u26a0\ufe0f <strong>Fontos k\u00f6zlem\u00e9ny:<\/strong> <em>A fenti gombokra kattintva ugyanerre az oldalra ker\u00fclsz \u00e1tir\u00e1ny\u00edtva, ahol kiv\u00e1laszthatod a k\u00edv\u00e1nt hivatalos alkalmaz\u00e1st. Innen regisztr\u00e1lhatsz, \u00e9s eld\u00f6ntheted, hogyan szeretn\u00e9l csevegni: SMS-ben vagy videoh\u00edv\u00e1ssal, a k\u00f6zeledben l\u00e9v\u0151kkel vagy a vil\u00e1g minden t\u00e1j\u00e1r\u00f3l \u00e9rkez\u0151kkel, az egyes alkalmaz\u00e1sok \u00e1ltal k\u00edn\u00e1lt funkci\u00f3kt\u00f3l f\u00fcgg\u0151en.<\/em><\/p>\n\n\n\n<hr class=\"wp-block-separator has-alpha-channel-opacity is-style-wide\" \/>\n\n\n\n<p><\/p>\n\n\n\n<p><strong>Mag\u00e1nyosnak \u00e9rzem magam, \u00e9s szeretn\u00e9k veled besz\u00e9lgetni ezeken a t\u00e1rskeres\u0151 alkalmaz\u00e1sokon kereszt\u00fcl.<\/strong>.<\/p>\n\n\n\n<p>Volt m\u00e1r olyan \u00fcress\u00e9g \u00e9rz\u00e9sed az \u00e9jszaka k\u00f6zep\u00e9n, amikor csak egy bar\u00e1ts\u00e1gos hangra v\u00e1gyt\u00e1l?<\/p>\n\n\n\n<p>A mag\u00e1ny nem tesz k\u00fcl\u00f6nbs\u00e9get kor vagy helyzet k\u00f6z\u00f6tt.<\/p>\n\n\n\n<p>B\u00e1rmikor elj\u00f6het, \u00e9s norm\u00e1lis, ha v\u00e1gysz egy \u0151szinte t\u00e1rsas\u00e1gra, valakire, aki meghallgat \u00e9s megosztja veled a gondolataidat.<\/p>\n\n\n\n<p>Manaps\u00e1g, a technol\u00f3gi\u00e1nak k\u00f6sz\u00f6nhet\u0151en, nem kell elhagyni az otthonunkat ahhoz, hogy \u00faj emberekkel ismerkedj\u00fcnk meg.<\/p>\n\n\n\n<p>A <strong>randialkalmaz\u00e1sok<\/strong> K\u00f6zeli, praktikus, s\u0151t sz\u00f3rakoztat\u00f3 eszk\u00f6zz\u00e9 v\u00e1ltak.<\/p>\n\n\n\n<p>Ebben a cikkben felfedezheted, hogyan seg\u00edthetnek ezek az alkalmaz\u00e1sok a mag\u00e1nyt igazi t\u00e1rsas\u00e1g pillanataiv\u00e1 alak\u00edtani.<\/p>\n\n\n\n<h2 class=\"wp-block-heading\">Mi\u00e9rt seg\u00edtenek a t\u00e1rskeres\u0151 alkalmaz\u00e1sok, ha mag\u00e1nyos vagyok?<\/h2>\n\n\n\n<p>A mag\u00e1ny \u00e9rz\u00e9se nem csup\u00e1n \u00e9rzelmi \u00e1llapot, hanem a kommunik\u00e1ci\u00f3 ir\u00e1nti emberi ig\u00e9ny is.<\/p>\n\n\n\n<p>Ezek az alkalmaz\u00e1sok a k\u00f6vetkez\u0151kre lettek tervezve:<\/p>\n\n\n\n<ul>\n<li>Azonnali besz\u00e9lget\u00e9sek el\u0151seg\u00edt\u00e9se.<\/li>\n\n\n\n<li>L\u00e9pj kapcsolatba a k\u00f6zeledben vagy a vil\u00e1g minden t\u00e1j\u00e1r\u00f3l sz\u00e1rmaz\u00f3 emberekkel.<\/li>\n\n\n\n<li>Biztos\u00edts biztons\u00e1gos tereket, ahol kifejezheted magad.<\/li>\n\n\n\n<li>Szabads\u00e1got adva neked, hogy eld\u00f6nthesd, kivel \u00e9s mikor besz\u00e9lsz.<\/li>\n<\/ul>\n\n\n\n<p>Az adatok szerint <a>Statista<\/a>Naponta t\u00f6bb milli\u00f3 ember haszn\u00e1l t\u00e1rskeres\u0151 alkalmaz\u00e1sokat.<\/p>\n\n\n\n<p>Ez azt jelenti, hogy t\u00f6bb ezer felhaszn\u00e1l\u00f3 keresi ugyanazt, mint te: valakit, akivel cseveghet.<\/p>\n\n\n\n<h2 class=\"wp-block-heading\">A randialkalmaz\u00e1sok haszn\u00e1lat\u00e1nak el\u0151nyei, amikor csevegni szeretn\u00e9l<\/h2>\n\n\n\n<ul>\n<li>Csevegj k\u00f6telezetts\u00e9gek n\u00e9lk\u00fcl.<\/li>\n\n\n\n<li>Ismerj meg \u00faj kult\u00far\u00e1kat \u00e9s gondolkod\u00e1sm\u00f3dokat.<\/li>\n\n\n\n<li>Nyerd vissza az \u00f6nbizalmad a t\u00e1rsas interakci\u00f3kban.<\/li>\n\n\n\n<li>\u00c9rezze az \u00e9rzelmi t\u00e1mogat\u00e1st a neh\u00e9z id\u0151kben.<\/li>\n\n\n\n<li>Tal\u00e1lj bar\u00e1ts\u00e1got, t\u00e1rsas\u00e1got, vagy ak\u00e1r szerelmet is.<\/li>\n<\/ul>\n\n\n\n<h2 class=\"wp-block-heading\">Legjobb alkalmaz\u00e1sok ahhoz, hogy kimondd: \u201eMag\u00e1nyos vagyok \u00e9s besz\u00e9lni szeretn\u00e9k veled\u201d.<\/h2>\n\n\n\n<p>Az al\u00e1bbiakban megosztok n\u00e9h\u00e1ny megb\u00edzhat\u00f3, biztons\u00e1gos \u00e9s nagyon n\u00e9pszer\u0171 alkalmaz\u00e1st.<\/p>\n\n\n\n<h3 class=\"wp-block-heading\">Szikra<\/h3>\n\n\n\n<p>A Sparkot azoknak tervezt\u00e9k, akik \u00e9rt\u00e9kelik a m\u00e9ly, hiteles besz\u00e9lget\u00e9seket. Algoritmusa a k\u00f6z\u00f6s \u00e9rdekl\u0151d\u00e9si k\u00f6r\u00f6ket helyezi el\u0151t\u00e9rbe, hogy a besz\u00e9lget\u00e9s term\u00e9szetesebb legyen.<\/p>\n\n\n\n<p>El\u0151ny\u00f6k:<\/p>\n\n\n\n<ul>\n<li>Jelent\u0151s tal\u00e1lkoz\u00e1sok a l\u00e1tszaton t\u00fal.<\/li>\n\n\n\n<li>Fejlett biztons\u00e1gi eszk\u00f6z\u00f6k.<\/li>\n\n\n\n<li>Bar\u00e1ts\u00e1gos \u00e9s k\u00f6nnyen haszn\u00e1lhat\u00f3 fel\u00fclet.<\/li>\n<\/ul>\n\n\n\n<ul>\n<li>\u2705El\u00e9rhet\u0151: <a href=\"https:\/\/spark.com\/\">Android App Store<\/a><\/li>\n\n\n\n<li>\u2705El\u00e9rhet\u0151: <a href=\"https:\/\/apps.apple.com\/br\/app\/love-sparks-amor-chat-jogos\/id1580105392\">Apple App Store<\/a><\/li>\n<\/ul>\n\n\n\n<h3 class=\"wp-block-heading\">eHarm\u00f3nia<\/h3>\n\n\n\n<p>Az eHarmony \u00fatt\u00f6r\u0151 szerepet j\u00e1tszik a hossz\u00fa t\u00e1v\u00fa p\u00e1rok \u00f6sszekapcsol\u00e1s\u00e1ban.<\/p>\n\n\n\n<p>A kompatibilit\u00e1si tesztj\u00fck lehet\u0151v\u00e9 teszi, hogy a besz\u00e9lget\u00e9sek m\u00e1r az els\u0151 \u00fczenett\u0151l kezdve g\u00f6rd\u00fcl\u00e9kenyek legyenek.<\/p>\n\n\n\n<p>El\u0151ny\u00f6k:<\/p>\n\n\n\n<ul>\n<li>T\u00f6bb mint 20 \u00e9ves piaci tapasztalat.<\/li>\n\n\n\n<li>Komoly kapcsolatokra orient\u00e1lt.<\/li>\n\n\n\n<li>\u00c1lland\u00f3 t\u00e1mogat\u00e1s \u00e9s biztons\u00e1gi sz\u0171r\u0151k.<\/li>\n<\/ul>\n\n\n\n<ul>\n<li>\u2705El\u00e9rhet\u0151: <a href=\"https:\/\/www.eharmony.com\/\">Android App Store<\/a><\/li>\n\n\n\n<li>\u2705El\u00e9rhet\u0151: <a href=\"https:\/\/apps.apple.com\/us\/app\/eharmony-dating-real-love\/id458272450?l=pt-BR\">Apple App Store<\/a><\/li>\n<\/ul>\n\n\n\n<h3 class=\"wp-block-heading\">M\u00e9rk\u0151z\u00e9s<\/h3>\n\n\n\n<p>Ha sz\u00e9lesk\u00f6r\u0171 lehet\u0151s\u00e9geket keresel, a Match ide\u00e1lis v\u00e1laszt\u00e1s. Ez az egyik olyan alkalmaz\u00e1s, amely Latin-Amerika legnagyobb sz\u00e1m\u00fa akt\u00edv felhaszn\u00e1l\u00f3j\u00e1val rendelkezik.<\/p>\n\n\n\n<p>El\u0151ny\u00f6k:<\/p>\n\n\n\n<ul>\n<li>Nagyszer\u0171 nemzetk\u00f6zi k\u00f6z\u00f6ss\u00e9g.<\/li>\n\n\n\n<li>Cseveg\u00e9si \u00e9s videoh\u00edv\u00e1si funkci\u00f3k.<\/li>\n\n\n\n<li>Lehet\u0151s\u00e9g virtu\u00e1lis esem\u00e9nyeken val\u00f3 r\u00e9szv\u00e9telre.<\/li>\n<\/ul>\n\n\n\n<ul>\n<li>\u2705El\u00e9rhet\u0151: <a href=\"https:\/\/match-com.br.uptodown.com\/android\/download\">Android App Store<\/a><\/li>\n\n\n\n<li>\u2705El\u00e9rhet\u0151: <a href=\"https:\/\/apps.apple.com\/br\/app\/match-and-meet-app-de-namoro\/id1535615149\">Apple App Store<\/a><\/li>\n<\/ul>\n\n\n\n<h3 class=\"wp-block-heading\">Zsan\u00e9r<\/h3>\n\n\n\n<p>A Hinge mott\u00f3ja: \u201earra tervezt\u00e9k, hogy t\u00f6r\u00f6lj\u00e9k \u0151ket\u201d. C\u00e9ljuk, hogy seg\u00edtsenek megtal\u00e1lni egy k\u00fcl\u00f6nleges szem\u00e9lyt, \u00e9s soha t\u00f6bb\u00e9 nem kell tov\u00e1bb keresg\u00e9lned.<\/p>\n\n\n\n<p>El\u0151ny\u00f6k:<\/p>\n\n\n\n<ul>\n<li>M\u00e9ly kapcsolatokat el\u0151seg\u00edt.<\/li>\n\n\n\n<li>Kreat\u00edv j\u00e9gt\u00f6r\u0151 k\u00e9rd\u00e9sek.<\/li>\n\n\n\n<li>A val\u00f3di kapcsolatokra \u00f6sszpontos\u00edt\u00f3 k\u00f6z\u00f6ss\u00e9g.<\/li>\n<\/ul>\n\n\n\n<ul>\n<li>\u2705El\u00e9rhet\u0151: <a href=\"https:\/\/hinge.co\/pt-br\">Android App Store<\/a><\/li>\n\n\n\n<li>\u2705El\u00e9rhet\u0151: <a href=\"https:\/\/apps.apple.com\/us\/app\/hinge-dating-app-match-meet\/id595287172\">Apple App Store<\/a><\/li>\n<\/ul>\n\n\n\n<h3 class=\"wp-block-heading\">Z\u00fcmm\u00f6g<\/h3>\n\n\n\n<p>A Bumble a n\u0151k kez\u00e9be adja az els\u0151 sz\u00f3 kimond\u00e1s\u00e1nak ir\u00e1ny\u00edt\u00e1s\u00e1t. T\u00f6k\u00e9letes azok sz\u00e1m\u00e1ra, akik szeretn\u00e9k \u00e1tvenni a vezet\u00e9st a besz\u00e9lget\u00e9sben.<\/p>\n\n\n\n<p>El\u0151ny\u00f6k:<\/p>\n\n\n\n<ul>\n<li>Randiz\u00e1si, bar\u00e1ti \u00e9s kapcsolat\u00e9p\u00edt\u00e9si funkci\u00f3k.<\/li>\n\n\n\n<li>A biztons\u00e1g els\u0151dleges szempont.<\/li>\n\n\n\n<li>Befogad\u00f3 terek minden profil sz\u00e1m\u00e1ra.<\/li>\n<\/ul>\n\n\n\n<ul>\n<li>\u2705El\u00e9rhet\u0151: <a href=\"https:\/\/hinge.co\/pt-br\">Android App Store<\/a><\/li>\n\n\n\n<li>\u2705El\u00e9rhet\u0151: <a href=\"https:\/\/apps.apple.com\/us\/app\/hinge-dating-app-match-meet\/id595287172\">Apple App Store<\/a><\/li>\n<\/ul>\n\n\n\n<h3 class=\"wp-block-heading\">Szikra<\/h3>\n\n\n\n<p>A kifejezetten a latin k\u00f6z\u00f6ss\u00e9g sz\u00e1m\u00e1ra tervezett Chispa lehet\u0151v\u00e9 teszi, hogy hasonl\u00f3 gy\u00f6kerekkel \u00e9s kult\u00far\u00e1val rendelkez\u0151 embereket tal\u00e1lj.<\/p>\n\n\n\n<p>El\u0151ny\u00f6k:<\/p>\n\n\n\n<ul>\n<li>Meleg \u00e9s \u00f6sszetart\u00f3 k\u00f6z\u00f6ss\u00e9g.<\/li>\n\n\n\n<li>Sz\u0171r\u0151k, amelyek a sz\u00e1rmaz\u00e1st \u00e9s az affinit\u00e1sokat rangsorolj\u00e1k.<\/li>\n\n\n\n<li>Vid\u00e1m \u00e9s megb\u00edzhat\u00f3 k\u00f6rnyezet.<\/li>\n<\/ul>\n\n\n\n<ul>\n<li>\u2705El\u00e9rhet\u0151: <a href=\"https:\/\/chispa-chispa-dating.br.aptoide.com\/app\">Android App Store<\/a><\/li>\n\n\n\n<li>\u2705El\u00e9rhet\u0151: <a href=\"https:\/\/apps.apple.com\/br\/app\/chispa-dating-app-for-latinos\/id1289684085\">Apple App Store<\/a><\/li>\n<\/ul>\n\n\n\n<h3 class=\"wp-block-heading\">Bado<\/h3>\n\n\n\n<p>A digit\u00e1lis randev\u00faz\u00e1s vil\u00e1g\u00e1nak egyik veter\u00e1njak\u00e9nt a Badoo az egyszer\u0171s\u00e9get a vil\u00e1gszerte elterjedt felhaszn\u00e1l\u00f3i b\u00e1zissal \u00f6tv\u00f6zi.<\/p>\n\n\n\n<p>El\u0151ny\u00f6k:<\/p>\n\n\n\n<ul>\n<li>Gyors \u00e9s rugalmas regisztr\u00e1ci\u00f3.<\/li>\n\n\n\n<li>Videoh\u00edv\u00e1sok lehet\u0151s\u00e9ge az alkalmaz\u00e1s elhagy\u00e1sa n\u00e9lk\u00fcl.<\/li>\n\n\n\n<li>Ellen\u0151rz\u00f6tt profilok a nagyobb magabiztoss\u00e1g \u00e9rdek\u00e9ben.<\/li>\n<\/ul>\n\n\n\n<ul>\n<li>\u2705El\u00e9rhet\u0151: <a href=\"https:\/\/badoo.com\/pt\/\">Android App Store<\/a><\/li>\n\n\n\n<li>\u2705El\u00e9rhet\u0151: <a href=\"https:\/\/apps.apple.com\/br\/app\/badoo-bate-papo-e-encontros\/id351331194\">Apple App Store<\/a><\/li>\n<\/ul>\n\n\n\n<h2 class=\"wp-block-heading\">Gyakorlati tippek a randialkalmaz\u00e1sok haszn\u00e1lat\u00e1hoz<\/h2>\n\n\n\n<ol>\n<li>Mindig \u0151rizd meg a hiteless\u00e9gedet.<\/li>\n\n\n\n<li>Hat\u00e1rozd meg, mit keresel: bar\u00e1ts\u00e1got, besz\u00e9lget\u00e9st vagy t\u00e1rsat.<\/li>\n\n\n\n<li>Haszn\u00e1lj val\u00f3di \u00e9s friss fot\u00f3kat.<\/li>\n\n\n\n<li>Ne ossz meg bizalmas inform\u00e1ci\u00f3kat az els\u0151 besz\u00e9lget\u00e9s sor\u00e1n.<\/li>\n\n\n\n<li>Ha egy besz\u00e9lget\u00e9s nem g\u00f6rd\u00fcl\u00e9keny, akkor l\u00e9pj tov\u00e1bb.<\/li>\n<\/ol>\n\n\n\n<h2 class=\"wp-block-heading\">Val\u00f3di p\u00e9lda<\/h2>\n\n\n\n<p>A 45 \u00e9ves Maria azt mondja, hogy miut\u00e1n a vil\u00e1gj\u00e1rv\u00e1ny alatt mag\u00e1nyosnak \u00e9rezte mag\u00e1t, \u00fagy d\u00f6nt\u00f6tt, hogy megpr\u00f3b\u00e1lja <strong>Z\u00fcmm\u00f6g<\/strong>.<\/p>\n\n\n\n<p>Kevesebb mint egy h\u00e9t alatt elkezdett hasonl\u00f3 gondolkod\u00e1s\u00fa emberekkel besz\u00e9lgetni, \u00e9s ma m\u00e1r egy olyan bar\u00e1ti k\u00f6re van, akik mindennapi t\u00e1rsas\u00e1got ny\u00fajtanak neki.<\/p>\n\n\n\n<h2 class=\"wp-block-heading\">K\u00f6vetkeztet\u00e9s<\/h2>\n\n\n\n<p>Mondd <strong>\u201eMag\u00e1nyosnak \u00e9rzem magam, \u00e9s szeretn\u00e9k veled besz\u00e9lgetni ezeken a t\u00e1rskeres\u0151 alkalmaz\u00e1sokon.\u201d<\/strong> Ez nem a gyenges\u00e9g jele, hanem annak felismer\u00e9se, hogy sz\u00fcks\u00e9ged van emberi kapcsolatra. \u00c9s ez \u00edgy van rendj\u00e9n.<\/p>\n\n\n\n<p>Olyan eszk\u00f6z\u00f6kkel, mint a Spark, az eHarmony, a Match, a Hinge, a Bumble \u00e9s a Badoo, nemcsak a mag\u00e1ny ellen k\u00fczdhetsz, hanem \u00faj lehet\u0151s\u00e9geket is nyithatsz meg magadnak a bar\u00e1ts\u00e1g \u00e9s a szerelem ter\u00e9n.<\/p>\n\n\n\n<p>\ud83d\udc49 <strong>T\u00f6ltsd le most az egyik alkalmaz\u00e1st, \u00e9s kezdj el csevegni egy k\u00fcl\u00f6nleges szem\u00e9llyel. A k\u00f6vetkez\u0151 tal\u00e1lkoz\u00e1sod csak egy kattint\u00e1snyira lehet!<\/strong><\/p>\n\n\n\n<h2 class=\"wp-block-heading\">Gyakran Ism\u00e9telt K\u00e9rd\u00e9sek (GYIK)<\/h2>\n\n\n\n<h3 class=\"wp-block-heading\">1. Mit jelent az, hogy <em>\u201eMag\u00e1nyosnak \u00e9rzem magam, \u00e9s szeretn\u00e9k veled besz\u00e9lgetni ezeken a t\u00e1rskeres\u0151 alkalmaz\u00e1sokon.\u201d<\/em>?<\/h3>\n\n\n\n<p>Ez azt jelenti, hogy felismerj\u00fck a t\u00e1rsas\u00e1g ir\u00e1nti ig\u00e9nyt, \u00e9s digit\u00e1lis eszk\u00f6z\u00f6ket haszn\u00e1lunk az \u00faj emberekkel val\u00f3 kapcsolatteremt\u00e9shez, legyen sz\u00f3 bar\u00e1ts\u00e1gr\u00f3l, besz\u00e9lget\u00e9sr\u0151l vagy romantikus kapcsolatr\u00f3l.<\/p>\n\n\n\n<h3 class=\"wp-block-heading\">2. Biztons\u00e1gos t\u00e1rskeres\u0151 alkalmaz\u00e1sokat haszn\u00e1lni idegenekkel val\u00f3 cseveg\u00e9sre?<\/h3>\n\n\n\n<p>Igen, amennyiben \u00f3vint\u00e9zked\u00e9seket teszel: el\u0151sz\u00f6r ne ossz meg bizalmas inform\u00e1ci\u00f3kat, haszn\u00e1ld a profil-ellen\u0151rz\u00e9si funkci\u00f3kat, \u00e9s a besz\u00e9lget\u00e9seket az alkalmaz\u00e1son bel\u00fcl tartsd, miel\u0151tt megtenn\u00e9d a k\u00f6vetkez\u0151 l\u00e9p\u00e9st.<\/p>\n\n\n\n<h3 class=\"wp-block-heading\">3. Melyik a legjobb t\u00e1rskeres\u0151 alkalmaz\u00e1s azoknak a n\u0151knek, akik besz\u00e9lget\u00e9st szeretn\u00e9nek kezdem\u00e9nyezni?<\/h3>\n\n\n\n<p>A Bumble ide\u00e1lis, mert a n\u0151knek kontrollt ad az els\u0151 \u00fczenet felett, biztons\u00e1got \u00e9s k\u00e9nyelmet ny\u00fajtva a kapcsolatfelv\u00e9tel kezdet\u00e9t\u0151l fogva.<\/p>\n\n\n\n<h3 class=\"wp-block-heading\">4. Melyik t\u00e1rskeres\u0151 alkalmaz\u00e1s a legjobb, ha komoly \u00e9s hossz\u00fa t\u00e1v\u00fa kapcsolatot keresek?<\/h3>\n\n\n\n<p>Az eHarmony \u00e9s a Hinge aj\u00e1nlott opci\u00f3k, mivel f\u0151 hangs\u00falyt fektetnek a m\u00e9ly kompatibilit\u00e1sra \u00e9s a stabil kapcsolatokra.<\/p>\n\n\n\n<h3 class=\"wp-block-heading\">5. Vannak t\u00e1rskeres\u0151 alkalmaz\u00e1sok a latin k\u00f6z\u00f6ss\u00e9g tagjai sz\u00e1m\u00e1ra?<\/h3>\n\n\n\n<p>Igen, <strong>Szikra<\/strong> Kifejezetten latin\u00f3k sz\u00e1m\u00e1ra tervezt\u00e9k, kultur\u00e1lisan k\u00f6zeli teret k\u00edn\u00e1lva k\u00f6z\u00f6s vonzalmakkal.<\/p>\n\n\n\n<h3 class=\"wp-block-heading\">6. Haszn\u00e1lhatom ezeket a t\u00e1rskeres\u0151 alkalmaz\u00e1sokat csak cseveg\u00e9sre \u00e9s bar\u00e1tkoz\u00e1sra?<\/h3>\n\n\n\n<p>Term\u00e9szetesen. Sok felhaszn\u00e1l\u00f3 bar\u00e1ts\u00e1got vagy alkalmi t\u00e1rsas\u00e1got keres. Az olyan alkalmaz\u00e1sok, mint a Spark \u00e9s a Badoo, rugalmasak, \u00e9s lehet\u0151v\u00e9 teszik a besz\u00e9lget\u00e9st an\u00e9lk\u00fcl, hogy azonnali romantikus elk\u00f6telez\u0151d\u00e9sre lenne sz\u00fcks\u00e9g.<\/p>\n\n\n\n<h3 class=\"wp-block-heading\">7. Mit tegyek, ha nem tetszik egy besz\u00e9lget\u00e9s egy t\u00e1rskeres\u0151 alkalmaz\u00e1sban?<\/h3>\n\n\n\n<p>Egyszer\u0171en hagyd abba a v\u00e1laszad\u00e1st, vagy haszn\u00e1ld a blokkol\u00e1s opci\u00f3t. Ne feledd, nem vagy k\u00f6teles folytatni egy olyan cseveg\u00e9st, amiben nem \u00e9rzed j\u00f3l magad.<\/p>","protected":false},"excerpt":{"rendered":"<p>Mag\u00e1nyosnak \u00e9rzem magam, \u00e9s szeretn\u00e9k veled besz\u00e9lgetni ezeken a t\u00e1rskeres\u0151 alkalmaz\u00e1sokon kereszt\u00fcl... Mire v\u00e1rsz m\u00e9g, hogy megtedd az els\u0151 l\u00e9p\u00e9st, \u00e9s kapcsolatba l\u00e9pj valakivel, aki szint\u00e9n t\u00e1rsas\u00e1got keres ma? Mit szeretn\u00e9l el\u0151sz\u00f6r tenni? \u26a0\ufe0f Fontos k\u00f6zlem\u00e9ny: A fenti gombokra kattintva ugyanazon az oldalon maradsz, ahol megtal\u00e1lod a [\u2026] lehet\u0151s\u00e9get.<\/p>","protected":false},"author":139,"featured_media":9731,"comment_status":"closed","ping_status":"open","sticky":false,"template":"","format":"standard","meta":{"footnotes":""},"categories":[2],"tags":[],"yoast_head":"<!-- This site is optimized with the Yoast SEO plugin v23.3 - https:\/\/yoast.com\/wordpress\/plugins\/seo\/ -->\n<title>Me siento sola y quiero platicar contigo por estos apps de citas - Universo Fam\u00edlia<\/title>\n<meta name=\"description\" content=\"Me siento sola y quiero platicar contigo por estos apps de citas. Me siento sola y quiero platicar contigo por estos apps de citas\u2026\" \/>\n<meta name=\"robots\" content=\"index, follow, max-snippet:-1, max-image-preview:large, max-video-preview:-1\" \/>\n<link rel=\"canonical\" href=\"http:\/\/universofamilia.com\/hu\/usa2-me-siento-sola-y-quiero-platicar-contigo-por-estos-apps-de-citas\/\" \/>\n<meta property=\"og:locale\" content=\"hu_HU\" \/>\n<meta property=\"og:type\" content=\"article\" \/>\n<meta property=\"og:title\" content=\"Me siento sola y quiero platicar contigo por estos apps de citas - Universo Fam\u00edlia\" \/>\n<meta property=\"og:description\" content=\"Me siento sola y quiero platicar contigo por estos apps de citas. Me siento sola y quiero platicar contigo por estos apps de citas\u2026\" \/>\n<meta property=\"og:url\" content=\"http:\/\/universofamilia.com\/hu\/usa2-me-siento-sola-y-quiero-platicar-contigo-por-estos-apps-de-citas\/\" \/>\n<meta property=\"og:site_name\" content=\"Universo Fam\u00edlia\" \/>\n<meta property=\"article:published_time\" content=\"2025-09-02T19:45:44+00:00\" \/>\n<meta property=\"article:modified_time\" content=\"2025-09-02T20:52:10+00:00\" \/>\n<meta property=\"og:image\" content=\"http:\/\/universofamilia.com\/wp-content\/uploads\/sites\/148\/2025\/09\/DESTAQUE-UNIVERSO-550-x-350.jpg\" \/>\n\t<meta property=\"og:image:width\" content=\"550\" \/>\n\t<meta property=\"og:image:height\" content=\"350\" \/>\n\t<meta property=\"og:image:type\" content=\"image\/jpeg\" \/>\n<meta name=\"author\" content=\"Pedro Henrique\" \/>\n<meta name=\"twitter:card\" content=\"summary_large_image\" \/>\n<meta name=\"twitter:label1\" content=\"Written by\" \/>\n\t<meta name=\"twitter:data1\" content=\"Pedro Henrique\" \/>\n\t<meta name=\"twitter:label2\" content=\"Est. reading time\" \/>\n\t<meta name=\"twitter:data2\" content=\"7 perc\" \/>\n<script type=\"application\/ld+json\" class=\"yoast-schema-graph\">{\"@context\":\"https:\/\/schema.org\",\"@graph\":[{\"@type\":\"WebPage\",\"@id\":\"http:\/\/universofamilia.com\/hr\/usa2-me-siento-sola-y-quiero-platicar-contigo-por-estos-apps-de-citas\/\",\"url\":\"http:\/\/universofamilia.com\/hr\/usa2-me-siento-sola-y-quiero-platicar-contigo-por-estos-apps-de-citas\/\",\"name\":\"Me siento sola y quiero platicar contigo por estos apps de citas - Universo Fam\u00edlia\",\"isPartOf\":{\"@id\":\"https:\/\/universofamilia.com\/el\/#website\"},\"primaryImageOfPage\":{\"@id\":\"http:\/\/universofamilia.com\/hr\/usa2-me-siento-sola-y-quiero-platicar-contigo-por-estos-apps-de-citas\/#primaryimage\"},\"image\":{\"@id\":\"http:\/\/universofamilia.com\/hr\/usa2-me-siento-sola-y-quiero-platicar-contigo-por-estos-apps-de-citas\/#primaryimage\"},\"thumbnailUrl\":\"http:\/\/universofamilia.com\/wp-content\/uploads\/sites\/148\/2025\/09\/DESTAQUE-UNIVERSO-550-x-350.jpg\",\"datePublished\":\"2025-09-02T19:45:44+00:00\",\"dateModified\":\"2025-09-02T20:52:10+00:00\",\"author\":{\"@id\":\"https:\/\/universofamilia.com\/el\/#\/schema\/person\/f07ce98187dd84d31154262e79b3b7ca\"},\"description\":\"Me siento sola y quiero platicar contigo por estos apps de citas. Me siento sola y quiero platicar contigo por estos apps de citas\u2026\",\"breadcrumb\":{\"@id\":\"http:\/\/universofamilia.com\/hr\/usa2-me-siento-sola-y-quiero-platicar-contigo-por-estos-apps-de-citas\/#breadcrumb\"},\"inLanguage\":\"hu\",\"potentialAction\":[{\"@type\":\"ReadAction\",\"target\":[\"http:\/\/universofamilia.com\/hr\/usa2-me-siento-sola-y-quiero-platicar-contigo-por-estos-apps-de-citas\/\"]}]},{\"@type\":\"ImageObject\",\"inLanguage\":\"hu\",\"@id\":\"http:\/\/universofamilia.com\/hr\/usa2-me-siento-sola-y-quiero-platicar-contigo-por-estos-apps-de-citas\/#primaryimage\",\"url\":\"http:\/\/universofamilia.com\/wp-content\/uploads\/sites\/148\/2025\/09\/DESTAQUE-UNIVERSO-550-x-350.jpg\",\"contentUrl\":\"http:\/\/universofamilia.com\/wp-content\/uploads\/sites\/148\/2025\/09\/DESTAQUE-UNIVERSO-550-x-350.jpg\",\"width\":550,\"height\":350,\"caption\":\"Me siento sola y quiero platicar contigo por estos apps de citas\"},{\"@type\":\"BreadcrumbList\",\"@id\":\"http:\/\/universofamilia.com\/hr\/usa2-me-siento-sola-y-quiero-platicar-contigo-por-estos-apps-de-citas\/#breadcrumb\",\"itemListElement\":[{\"@type\":\"ListItem\",\"position\":1,\"name\":\"Home\",\"item\":\"https:\/\/universofamilia.com\/el\/\"},{\"@type\":\"ListItem\",\"position\":2,\"name\":\"Me siento sola y quiero platicar contigo por estos apps de citas\"}]},{\"@type\":\"WebSite\",\"@id\":\"https:\/\/universofamilia.com\/el\/#website\",\"url\":\"https:\/\/universofamilia.com\/el\/\",\"name\":\"Universo Fam\u00edlia\",\"description\":\"\",\"potentialAction\":[{\"@type\":\"SearchAction\",\"target\":{\"@type\":\"EntryPoint\",\"urlTemplate\":\"https:\/\/universofamilia.com\/el\/?s={search_term_string}\"},\"query-input\":\"required name=search_term_string\"}],\"inLanguage\":\"hu\"},{\"@type\":\"Person\",\"@id\":\"https:\/\/universofamilia.com\/el\/#\/schema\/person\/f07ce98187dd84d31154262e79b3b7ca\",\"name\":\"Pedro Henrique\",\"image\":{\"@type\":\"ImageObject\",\"inLanguage\":\"hu\",\"@id\":\"https:\/\/universofamilia.com\/el\/#\/schema\/person\/image\/\",\"url\":\"http:\/\/0.gravatar.com\/avatar\/9edfeb808cb4e1599f64d6e45b130154?s=96&d=mm&r=g\",\"contentUrl\":\"http:\/\/0.gravatar.com\/avatar\/9edfeb808cb4e1599f64d6e45b130154?s=96&d=mm&r=g\",\"caption\":\"Pedro Henrique\"},\"url\":\"http:\/\/universofamilia.com\/hu\/author\/editor01\/\"}]}<\/script>\n<!-- \/ Yoast SEO plugin. -->","yoast_head_json":{"title":"Me siento sola y quiero platicar contigo por estos apps de citas - Universo Fam\u00edlia","description":"Me siento sola y quiero platicar contigo por estos apps de citas. Me siento sola y quiero platicar contigo por estos apps de citas\u2026","robots":{"index":"index","follow":"follow","max-snippet":"max-snippet:-1","max-image-preview":"max-image-preview:large","max-video-preview":"max-video-preview:-1"},"canonical":"http:\/\/universofamilia.com\/hu\/usa2-me-siento-sola-y-quiero-platicar-contigo-por-estos-apps-de-citas\/","og_locale":"hu_HU","og_type":"article","og_title":"Me siento sola y quiero platicar contigo por estos apps de citas - Universo Fam\u00edlia","og_description":"Me siento sola y quiero platicar contigo por estos apps de citas. Me siento sola y quiero platicar contigo por estos apps de citas\u2026","og_url":"http:\/\/universofamilia.com\/hu\/usa2-me-siento-sola-y-quiero-platicar-contigo-por-estos-apps-de-citas\/","og_site_name":"Universo Fam\u00edlia","article_published_time":"2025-09-02T19:45:44+00:00","article_modified_time":"2025-09-02T20:52:10+00:00","og_image":[{"width":550,"height":350,"url":"http:\/\/universofamilia.com\/wp-content\/uploads\/sites\/148\/2025\/09\/DESTAQUE-UNIVERSO-550-x-350.jpg","type":"image\/jpeg"}],"author":"Pedro Henrique","twitter_card":"summary_large_image","twitter_misc":{"Written by":"Pedro Henrique","Est. reading time":"7 perc"},"schema":{"@context":"https:\/\/schema.org","@graph":[{"@type":"WebPage","@id":"http:\/\/universofamilia.com\/hr\/usa2-me-siento-sola-y-quiero-platicar-contigo-por-estos-apps-de-citas\/","url":"http:\/\/universofamilia.com\/hr\/usa2-me-siento-sola-y-quiero-platicar-contigo-por-estos-apps-de-citas\/","name":"Me siento sola y quiero platicar contigo por estos apps de citas - Universo Fam\u00edlia","isPartOf":{"@id":"https:\/\/universofamilia.com\/el\/#website"},"primaryImageOfPage":{"@id":"http:\/\/universofamilia.com\/hr\/usa2-me-siento-sola-y-quiero-platicar-contigo-por-estos-apps-de-citas\/#primaryimage"},"image":{"@id":"http:\/\/universofamilia.com\/hr\/usa2-me-siento-sola-y-quiero-platicar-contigo-por-estos-apps-de-citas\/#primaryimage"},"thumbnailUrl":"http:\/\/universofamilia.com\/wp-content\/uploads\/sites\/148\/2025\/09\/DESTAQUE-UNIVERSO-550-x-350.jpg","datePublished":"2025-09-02T19:45:44+00:00","dateModified":"2025-09-02T20:52:10+00:00","author":{"@id":"https:\/\/universofamilia.com\/el\/#\/schema\/person\/f07ce98187dd84d31154262e79b3b7ca"},"description":"Me siento sola y quiero platicar contigo por estos apps de citas. Me siento sola y quiero platicar contigo por estos apps de citas\u2026","breadcrumb":{"@id":"http:\/\/universofamilia.com\/hr\/usa2-me-siento-sola-y-quiero-platicar-contigo-por-estos-apps-de-citas\/#breadcrumb"},"inLanguage":"hu","potentialAction":[{"@type":"ReadAction","target":["http:\/\/universofamilia.com\/hr\/usa2-me-siento-sola-y-quiero-platicar-contigo-por-estos-apps-de-citas\/"]}]},{"@type":"ImageObject","inLanguage":"hu","@id":"http:\/\/universofamilia.com\/hr\/usa2-me-siento-sola-y-quiero-platicar-contigo-por-estos-apps-de-citas\/#primaryimage","url":"http:\/\/universofamilia.com\/wp-content\/uploads\/sites\/148\/2025\/09\/DESTAQUE-UNIVERSO-550-x-350.jpg","contentUrl":"http:\/\/universofamilia.com\/wp-content\/uploads\/sites\/148\/2025\/09\/DESTAQUE-UNIVERSO-550-x-350.jpg","width":550,"height":350,"caption":"Me siento sola y quiero platicar contigo por estos apps de citas"},{"@type":"BreadcrumbList","@id":"http:\/\/universofamilia.com\/hr\/usa2-me-siento-sola-y-quiero-platicar-contigo-por-estos-apps-de-citas\/#breadcrumb","itemListElement":[{"@type":"ListItem","position":1,"name":"Home","item":"https:\/\/universofamilia.com\/el\/"},{"@type":"ListItem","position":2,"name":"Me siento sola y quiero platicar contigo por estos apps de citas"}]},{"@type":"WebSite","@id":"https:\/\/universofamilia.com\/el\/#website","url":"https:\/\/universofamilia.com\/el\/","name":"Universo Fam\u00edlia","description":"","potentialAction":[{"@type":"SearchAction","target":{"@type":"EntryPoint","urlTemplate":"https:\/\/universofamilia.com\/el\/?s={search_term_string}"},"query-input":"required name=search_term_string"}],"inLanguage":"hu"},{"@type":"Person","@id":"https:\/\/universofamilia.com\/el\/#\/schema\/person\/f07ce98187dd84d31154262e79b3b7ca","name":"Pedro Henrique","image":{"@type":"ImageObject","inLanguage":"hu","@id":"https:\/\/universofamilia.com\/el\/#\/schema\/person\/image\/","url":"http:\/\/0.gravatar.com\/avatar\/9edfeb808cb4e1599f64d6e45b130154?s=96&d=mm&r=g","contentUrl":"http:\/\/0.gravatar.com\/avatar\/9edfeb808cb4e1599f64d6e45b130154?s=96&d=mm&r=g","caption":"Pedro Henrique"},"url":"http:\/\/universofamilia.com\/hu\/author\/editor01\/"}]}},"_links":{"self":[{"href":"http:\/\/universofamilia.com\/hu\/wp-json\/wp\/v2\/posts\/9730"}],"collection":[{"href":"http:\/\/universofamilia.com\/hu\/wp-json\/wp\/v2\/posts"}],"about":[{"href":"http:\/\/universofamilia.com\/hu\/wp-json\/wp\/v2\/types\/post"}],"author":[{"embeddable":true,"href":"http:\/\/universofamilia.com\/hu\/wp-json\/wp\/v2\/users\/139"}],"replies":[{"embeddable":true,"href":"http:\/\/universofamilia.com\/hu\/wp-json\/wp\/v2\/comments?post=9730"}],"version-history":[{"count":3,"href":"http:\/\/universofamilia.com\/hu\/wp-json\/wp\/v2\/posts\/9730\/revisions"}],"predecessor-version":[{"id":9734,"href":"http:\/\/universofamilia.com\/hu\/wp-json\/wp\/v2\/posts\/9730\/revisions\/9734"}],"wp:featuredmedia":[{"embeddable":true,"href":"http:\/\/universofamilia.com\/hu\/wp-json\/wp\/v2\/media\/9731"}],"wp:attachment":[{"href":"http:\/\/universofamilia.com\/hu\/wp-json\/wp\/v2\/media?parent=9730"}],"wp:term":[{"taxonomy":"category","embeddable":true,"href":"http:\/\/universofamilia.com\/hu\/wp-json\/wp\/v2\/categories?post=9730"},{"taxonomy":"post_tag","embeddable":true,"href":"http:\/\/universofamilia.com\/hu\/wp-json\/wp\/v2\/tags?post=9730"}],"curies":[{"name":"wp","href":"https:\/\/api.w.org\/{rel}","templated":true}]}}