{"id":9976,"date":"2025-10-10T18:06:16","date_gmt":"2025-10-10T21:06:16","guid":{"rendered":"https:\/\/universofamilia.com\/?p=9976"},"modified":"2025-10-15T16:11:40","modified_gmt":"2025-10-15T19:11:40","slug":"como-montar-un-home-office-productivo-gastando-poco","status":"publish","type":"post","link":"http:\/\/universofamilia.com\/hu\/como-montar-un-home-office-productivo-gastando-poco\/","title":{"rendered":"Hogyan hozzunk l\u00e9tre egy produkt\u00edv otthoni irod\u00e1t k\u00f6lts\u00e9gvet\u00e9sb\u0151l?"},"content":{"rendered":"<p class=\"has-text-align-center\"><strong>Hogyan hozzunk l\u00e9tre egy produkt\u00edv otthoni irod\u00e1t k\u00f6lts\u00e9gvet\u00e9sb\u0151l?<\/strong> Kih\u00edv\u00e1snak t\u0171nhet, de ha gyakorlati elveket \u00e9s okos d\u00f6nt\u00e9seket alkalmazol, akkor funkcion\u00e1lis teret \u00e9rhetsz el t\u00falk\u00f6ltekez\u00e9s n\u00e9lk\u00fcl.<\/p>\n\n\n\n<figure class=\"wp-block-gallery aligncenter has-nested-images columns-default is-cropped wp-block-gallery-1 is-layout-flex wp-block-gallery-is-layout-flex\">\n<figure class=\"wp-block-image size-full\"><img loading=\"lazy\" decoding=\"async\" width=\"450\" height=\"250\" data-id=\"9987\" src=\"https:\/\/universofamilia.com\/wp-content\/uploads\/sites\/148\/2025\/10\/Destaque-Universo.png\" alt=\"\" class=\"wp-image-9987\" srcset=\"http:\/\/universofamilia.com\/wp-content\/uploads\/sites\/148\/2025\/10\/Destaque-Universo.png 450w, http:\/\/universofamilia.com\/wp-content\/uploads\/sites\/148\/2025\/10\/Destaque-Universo-300x167.png 300w, http:\/\/universofamilia.com\/wp-content\/uploads\/sites\/148\/2025\/10\/Destaque-Universo-18x10.png 18w\" sizes=\"(max-width: 450px) 100vw, 450px\" \/><\/figure>\n<\/figure>\n\n\n\n<p>Ebben a cikkben felfedezheted:<\/p>\n\n\n\n<ul>\n<li>Milyen alapvet\u0151 dolgokra van sz\u00fcks\u00e9ged ahhoz, hogy sz\u0171k\u00f6s k\u00f6lts\u00e9gvet\u00e9s mellett is maximaliz\u00e1lni tudd a termel\u00e9kenys\u00e9gedet?<\/li>\n\n\n\n<li>Hol lehet sp\u00f3rolni an\u00e9lk\u00fcl, hogy fel\u00e1ldozn\u00e1nk a fizikai vagy ment\u00e1lis eg\u00e9szs\u00e9g\u00fcnket.<\/li>\n\n\n\n<li>Gyakorlati tippek \u00e9s eredeti p\u00e9ld\u00e1k az ide\u00e1lis t\u00e9r megteremt\u00e9s\u00e9hez.<\/li>\n<\/ul>\n\n\n\n<p>El tudod k\u00e9pzelni, hogy k\u00e9nyelmesen, koncentr\u00e1ltan dolgozol, \u00e9s a p\u00e9nzt\u00e1rc\u00e1d nem szenved t\u00fal nagy k\u00e1rt?<\/p>\n\n\n\n<h2 class=\"wp-block-heading\">Aktu\u00e1lis helyzet: mi\u00e9rt fontos ak\u00e1r csak egy kicsit is befektetni<\/h2>\n\n\n\n<p>A mexik\u00f3i irodab\u00fator-piac n\u00f6vekedett: a becsl\u00e9sek szerint 2025-ben a piac a k\u00f6vetkez\u0151kre terjed ki: <strong>Otthoni irodai b\u00fatorok<\/strong> Mexik\u00f3ban bev\u00e9telt gener\u00e1l <strong>US$442,32 milli\u00f3<\/strong>. <\/p>\n\n\n\n<p>Ezenk\u00edv\u00fcl a b\u00fatorok \u00e9s az otthoni irodaszerek e-kereskedelme az online kereskedelem egyre n\u00f6vekv\u0151 r\u00e9sz\u00e9t teszi ki: a szegmens v\u00e1rhat\u00f3an <em>Otthoni irodai \u00e9s munkahelyi b\u00fatorok<\/em> 2025-re el\u00e9ri az $253,6 milli\u00f3 USD-t, csak a B2C online \u00e9rt\u00e9kes\u00edt\u00e9s r\u00e9v\u00e9n. <\/p>\n\n\n\n<p>Ezek az adatok azt mutatj\u00e1k, hogy sokan m\u00e1r most is \u00e9rt\u00e9kelik az otthoni munkav\u00e9gz\u00e9st; a kih\u00edv\u00e1s az, hogy ezt ne k\u00f6lts\u00e9k t\u00fal.<\/p>\n\n\n\n<h2 class=\"wp-block-heading\"> A produkt\u00edv otthoni iroda legfontosabb elemei<\/h2>\n\n\n\n<p>Ahhoz, hogy otthoni irod\u00e1d val\u00f3ban lehet\u0151v\u00e9 tegye a koncentr\u00e1ci\u00f3t \u00e9s a hat\u00e9kony munk\u00e1t, a k\u00f6vetkez\u0151k a legfontosabb \u00f6sszetev\u0151k:<\/p>\n\n\n\n<ol>\n<li><strong>Ergonomikus asztal vagy \u00edr\u00f3asztal<\/strong>Ide\u00e1lis esetben \u00e1ll\u00edthat\u00f3 vagy az \u00d6n sz\u00e1m\u00e1ra megfelel\u0151 magass\u00e1g\u00fa, lehet\u0151v\u00e9 t\u00e9ve a karok 90\u00b0-os sz\u00f6gben t\u00f6rt\u00e9n\u0151 elhelyez\u00e9s\u00e9t.<\/li>\n\n\n\n<li><strong>Der\u00e9kt\u00e1maszos sz\u00e9k<\/strong>Ha odafigyelsz a testtart\u00e1sodra, megel\u0151z\u00f6d a h\u00e1tf\u00e1j\u00e1st, ami rontja a teljes\u00edtm\u00e9nyedet.<\/li>\n\n\n\n<li><strong>J\u00f3 vil\u00e1g\u00edt\u00e1s<\/strong>Lehet\u0151leg term\u00e9szetes f\u00e9ny; meleg, feh\u00e9r f\u00e9nnyel rendelkez\u0151 asztali l\u00e1mpa, amely nem er\u0151lteti a szemet.<\/li>\n\n\n\n<li><strong>Stabil internetkapcsolat<\/strong>Elegend\u0151 s\u00e1vsz\u00e9less\u00e9g videoh\u00edv\u00e1sokhoz, f\u00e1jl\u00e1tvitelhez \u00e9s t\u00e1voli hozz\u00e1f\u00e9r\u00e9shez.<\/li>\n\n\n\n<li><strong>Egyszer\u0171 szervez\u00e9s<\/strong>polcok, dobozok vagy elv\u00e1laszt\u00f3k a rend fenntart\u00e1sa \u00e9s a vizu\u00e1lis zavar\u00f3 t\u00e9nyez\u0151k elker\u00fcl\u00e9se \u00e9rdek\u00e9ben.<\/li>\n<\/ol>\n\n\n\n<h2 class=\"wp-block-heading\"> Strat\u00e9gi\u00e1k a kev\u00e9s k\u00f6lt\u00e9sre a min\u0151s\u00e9g fel\u00e1ldoz\u00e1sa n\u00e9lk\u00fcl<\/h2>\n\n\n\n<p>\u00cdme n\u00e9h\u00e1ny technika a befektet\u00e9s optimaliz\u00e1l\u00e1s\u00e1ra:<\/p>\n\n\n\n<ul>\n<li><strong>V\u00e1s\u00e1rolj j\u00f3 min\u0151s\u00e9g\u0171 haszn\u00e1ltat<\/strong>A j\u00f3l karbantartott haszn\u00e1lt b\u00fatorok ak\u00e1r feleannyiba is ker\u00fclhetnek, mint egy \u00faj b\u00fator, mik\u00f6zben meg\u0151rzik ergon\u00f3mi\u00e1jukat \u00e9s megjelen\u00e9s\u00fcket. Ellen\u0151rizze az \u00e1llapotukat, stabilit\u00e1sukat, magass\u00e1g\u00e1ll\u00edt\u00e1sukat \u00e9s a g\u00f6rg\u0151k m\u0171k\u00f6d\u00e9s\u00e9t.<\/li>\n\n\n\n<li><strong>Haszn\u00e1ld \u00fajra, amid m\u00e1r van<\/strong>Egy egyszer\u0171 asztal, egy iskolapad, fa t\u00e1bl\u00e1k vagy r\u00e9gi fi\u00f3kok mind bet\u00f6lthetik a c\u00e9ljukat, ha \u00e1talak\u00edtjuk \u0151ket: \u00fajrafestj\u00fck, meger\u0151s\u00edtj\u00fck, vagy k\u00e9nyelmes fel\u00fcletet adunk hozz\u00e1.<\/li>\n\n\n\n<li><strong>Modul\u00e1ris kialak\u00edt\u00e1s<\/strong>\u00d6sszecsukhat\u00f3, rugalmasan alak\u00edthat\u00f3 vagy sokoldal\u00fa b\u00fatorok (\u00f6sszecsukhat\u00f3 asztal, \u00f6sszecsukhat\u00f3 t\u00e1rol\u00f3) kis helyis\u00e9gekbe.<\/li>\n\n\n\n<li><strong>El\u0151sz\u00f6r abba fektess be, amit a legt\u00f6bbet fogsz haszn\u00e1lni<\/strong>Ha sok \u00f3r\u00e1t t\u00f6ltesz \u00fcl\u00e9ssel, egy sz\u00e9kbe val\u00f3 befektet\u00e9s k\u00f6lts\u00e9ghat\u00e9konyabb, mint egy dr\u00e1ga dekor\u00e1ci\u00f3; akkor eg\u00e9sz\u00edtsd ki azt.<\/li>\n\n\n\n<li><strong>Alapvet\u0151, de hat\u00e9kony technol\u00f3gia<\/strong>Haszn\u00e1lj egy j\u00f3 laptopot, egy j\u00f3 webkamer\u00e1t \u00e9s egy olcs\u00f3, de m\u00e9gis megb\u00edzhat\u00f3 mikrofont. Nem kell a legdr\u00e1g\u00e1bb dolog a kezd\u00e9shez, de sz\u00fcks\u00e9ged van valami m\u0171k\u00f6d\u0151k\u00e9pesre \u00e9s megb\u00edzhat\u00f3ra.<\/li>\n<\/ul>\n\n\n\n<h2 class=\"wp-block-heading\"> Hogyan maximaliz\u00e1lhat\u00f3 a termel\u00e9kenys\u00e9g az \u0171rben an\u00e9lk\u00fcl, hogy sokat k\u00f6lten\u00e9nk?<\/h2>\n\n\n\n<p>Nem csak a b\u00fatorokr\u00f3l \u00e9s a felszerel\u00e9sekr\u0151l van sz\u00f3; a k\u00f6rnyezetednek, a szok\u00e1saidnak \u00e9s a szervezetts\u00e9gednek is sok k\u00f6ze van hozz\u00e1.<\/p>\n\n\n\n<ul>\n<li>Hat\u00e1rozz meg egy dedik\u00e1lt munkater\u00fcletet: m\u00e9g ha csak egy sarokban is van, vizu\u00e1lisan hat\u00e1rold le, hogy az agyad a munk\u00e1val t\u00e1rs\u00edtsa.<\/li>\n\n\n\n<li>Cs\u00f6kkentse a zavar\u00f3 t\u00e9nyez\u0151k minimaliz\u00e1l\u00e1s\u00e1t: t\u00e1vol\u00edtson el minden felesleges t\u00e1rgyat, szab\u00e1lyozza a vil\u00e1g\u00edt\u00e1st \u00e9s ker\u00fclje a zajt; sz\u00fcks\u00e9g eset\u00e9n haszn\u00e1ljon zajsz\u0171r\u0151 fejhallgat\u00f3t vagy hallgasson halk hangszeres zen\u00e9t.<\/li>\n\n\n\n<li>\u00c1ll\u00edts be egy fix beoszt\u00e1st, ak\u00e1r sz\u00fcneteket is. A rendszeres munkaid\u0151 jav\u00edtja a fegyelmet, a pihen\u00e9st \u00e9s megel\u0151zi a ment\u00e1lis ki\u00e9g\u00e9st.<\/li>\n\n\n\n<li>Motiv\u00e1l\u00f3 elemekkel dekor\u00e1lj: n\u00f6v\u00e9nyekkel, egyszer\u0171 festm\u00e9nyekkel, n\u00e9h\u00e1ny inspir\u00e1l\u00f3 sz\u00ednnel, de ne t\u00fal tel\u00edtettel. A kellemes k\u00f6rnyezet jav\u00edtja a hangulatot \u00e9s a kreativit\u00e1st.<\/li>\n\n\n\n<li>Haszn\u00e1lj digit\u00e1lis eszk\u00f6z\u00f6ket a feladatok rendszerez\u00e9s\u00e9hez, legyen sz\u00f3 ak\u00e1r egy ingyenes kezel\u0151alkalmaz\u00e1sr\u00f3l, id\u0151z\u00edt\u0151kr\u0151l vagy eml\u00e9keztet\u0151kr\u0151l.<\/li>\n<\/ul>\n\n\n\n<h2 class=\"wp-block-heading\">Eredeti p\u00e9ld\u00e1k<\/h2>\n\n\n\n<p><strong>1. p\u00e9lda:<\/strong> Mar\u00eda, egy monterrey-i szabad\u00fasz\u00f3, egy r\u00e9gi \u00f6sszecsukhat\u00f3 asztalt haszn\u00e1lt, meger\u0151s\u00edtette \u00e9s lelakkozta.<\/p>\n\n\n\n<p>Vett egy haszn\u00e1lt ergonomikus sz\u00e9ket, \u00e9s felszerelt egy f\u00e9nyer\u0151szab\u00e1lyz\u00f3s LED-es asztali l\u00e1mp\u00e1t.<\/p>\n\n\n\n<p>Kevesebb mint 1 TP4 100 amerikai doll\u00e1rnak megfelel\u0151 \u00f6sszeget k\u00f6lt\u00f6tt, \u00e9s a k\u00fcl\u00f6nbs\u00e9g hatalmas volt: a h\u00e1ta m\u00e1r nem f\u00e1j, k\u00e9nyelmesebben dolgozik, \u00e9s a termel\u00e9kenys\u00e9ge is n\u0151, mivel kevesebb id\u0151t t\u00f6lt a testtart\u00e1s\u00e1nak be\u00e1ll\u00edt\u00e1s\u00e1val.<\/p>\n\n\n\n<p><strong>2. p\u00e9lda:<\/strong> Javier r\u00e9szmunkaid\u0151ben, t\u00e1vmunk\u00e1ban dolgozik Mexik\u00f3v\u00e1rosban.<\/p>\n\n\n\n<p>\u00dagy d\u00f6nt\u00f6tt, hogy el\u0151sz\u00f6r egy j\u00f3 internetkapcsolatba fektet be: gyorsabb felt\u00f6lt\u00e9s\u0171 internet-el\u0151fizet\u00e9sre v\u00e1ltott. Emellett vett egy m\u00e1sodik, olcs\u00f3 monitort is, hogy meghosszabb\u00edtsa a laptopja idej\u00e9t.<\/p>\n\n\n\n<p>\u00dajrahasznos\u00edtott fa elv\u00e1laszt\u00f3kat haszn\u00e1lt a k\u00e1belek rendszerez\u00e9s\u00e9hez. Az eredm\u00e9ny: a megbesz\u00e9l\u00e9sek jobban n\u00e9znek ki, a multitasking g\u00f6rd\u00fcl\u00e9kenyebben folyik, \u00e9s a f\u0151n\u00f6ke elismeri a teljes\u00edtm\u00e9ny\u00e9t.<\/p>\n\n\n\n<h2 class=\"wp-block-heading\"> Mennyit takar\u00edthat meg, \u00e9s mikor \u00e9rdemes befektetni<\/h2>\n\n\n\n<p>A v\u00e1s\u00e1rl\u00e1sok j\u00f3 megtervez\u00e9s\u00e9hez \u00e9rdemes \u00e1ttekinteni a t\u00e9nyleges k\u00f6lts\u00e9geket:<\/p>\n\n\n\n<figure class=\"wp-block-table\"><table><thead><tr><th>\u00d6sszetev\u0151<\/th><th>Becs\u00fclt gazdas\u00e1gi lehet\u0151s\u00e9g*<\/th><th>Ide\u00e1lis lehet\u0151s\u00e9g (de dr\u00e1g\u00e1bb)<\/th><\/tr><\/thead><tbody><tr><td>\u00cdr\u00f3asztal<\/td><td>US$50-US$100<\/td><td>\u00c1ll\u00edthat\u00f3 asztal + nagy fel\u00fclet<\/td><\/tr><tr><td>Alapvet\u0151 ergonomikus sz\u00e9k<\/td><td>US$70-US$150<\/td><td>Ergonomikus professzion\u00e1lis sz\u00e9k<\/td><\/tr><tr><td>Vill\u00e1m<\/td><td>US$15-US$40<\/td><td>\u00c1ll\u00edthat\u00f3 h\u0151m\u00e9rs\u00e9klet\u0171 l\u00e1mp\u00e1k + kieg\u00e9sz\u00edt\u0151 term\u00e9szetes f\u00e9ny<\/td><\/tr><tr><td>Tov\u00e1bbi monitor<\/td><td>US$80-US$120<\/td><td>Nagy felbont\u00e1s\u00fa, kalibr\u00e1lt monitor<\/td><\/tr><tr><td>Tartoz\u00e9kok (eg\u00e9r, billenty\u0171zet, \u00e1llv\u00e1ny)<\/td><td>US$20-US$60<\/td><td>Ergonomikus kieg\u00e9sz\u00edt\u0151k egy ismert m\u00e1rk\u00e1t\u00f3l<\/td><\/tr><\/tbody><\/table><figcaption class=\"wp-element-caption\">Hogyan hozzunk l\u00e9tre egy produkt\u00edv otthoni irod\u00e1t k\u00f6lts\u00e9gvet\u00e9sb\u0151l?<\/figcaption><\/figure>\n\n\n\n<p>*A becsl\u00e9sek az import\u00e1lt \u00e9s belf\u00f6ldi term\u00e9kek helyi \u00e1rain alapulnak; r\u00e9gi\u00f3nk\u00e9nt, min\u0151s\u00e9genk\u00e9nt \u00e9s prom\u00f3ci\u00f3k szerint elt\u00e9r\u0151ek lehetnek.<\/p>\n\n\n\n<p>Tov\u00e1bb\u00e1, bizonyos ter\u00fcletekbe (p\u00e9ld\u00e1ul egy sz\u00e9kbe vagy egy j\u00f3 internetkapcsolatba) t\u00f6rt\u00e9n\u0151 befektet\u00e9s magas megt\u00e9r\u00fcl\u00e9ssel j\u00e1r: kisebb az eg\u00e9szs\u00e9g\u00fcgyi hat\u00e1s, kevesebb a megszak\u00edt\u00e1s, \u00e9s nagyobb a teljes\u00edtm\u00e9ny.<\/p>\n\n\n\n<figure class=\"wp-block-image size-full is-resized\"><img loading=\"lazy\" decoding=\"async\" width=\"450\" height=\"250\" src=\"https:\/\/universofamilia.com\/wp-content\/uploads\/sites\/148\/2025\/10\/Destaque-Universo-1.jpg\" alt=\"\" class=\"wp-image-9989\" style=\"width:840px;height:auto\" srcset=\"http:\/\/universofamilia.com\/wp-content\/uploads\/sites\/148\/2025\/10\/Destaque-Universo-1.jpg 450w, http:\/\/universofamilia.com\/wp-content\/uploads\/sites\/148\/2025\/10\/Destaque-Universo-1-300x167.jpg 300w, http:\/\/universofamilia.com\/wp-content\/uploads\/sites\/148\/2025\/10\/Destaque-Universo-1-18x10.jpg 18w\" sizes=\"(max-width: 450px) 100vw, 450px\" \/><\/figure>\n\n\n\n<p>B\u0151vebben:\u00a0<a href=\"http:\/\/universofamilia.com\/hu\/el-teletrabajo-en-2025-las-nuevas-tendencias-del-home-office\/\">T\u00e1vmunka 2025-ben: \u00daj otthoni irodai trendek<\/a><\/p>\n\n\n\n<h2 class=\"wp-block-heading\">Val\u00f3di adatok, amelyek al\u00e1t\u00e1masztj\u00e1k a fontos dolgokat<\/h2>\n\n\n\n<ul>\n<li>A mexik\u00f3i irodab\u00fator-piac \u00e9rt\u00e9ke 2024-ben hozz\u00e1vet\u0151legesen a k\u00f6vetkez\u0151 volt: <strong>840,32 milli\u00f3 USD<\/strong>\u00e9s a n\u00f6veked\u00e9s el\u0151rel\u00e1that\u00f3lag <strong>3,60 % \u00e9ves<\/strong> 2025 \u00e9s 2034 k\u00f6z\u00f6tt.<\/li>\n\n\n\n<li>A Statista szerint a mexik\u00f3i otthoni irodai b\u00fatorok piac\u00e1n egyre nagyobb a kereslet az ergonomikus kialak\u00edt\u00e1s\u00fa \u00e9s multifunkcion\u00e1lis b\u00fatorokra.<\/li>\n<\/ul>\n\n\n\n<p>Ezek az adatok meger\u0151s\u00edtik, hogy a funkcion\u00e1lis \u00e9s ergonomikus b\u00fatorokba val\u00f3 befektet\u00e9s nem luxus, hanem egyre n\u00f6vekv\u0151 sz\u00fcks\u00e9gszer\u0171s\u00e9g, m\u00e9g akkor is, ha a k\u00f6lts\u00e9gvet\u00e9s korl\u00e1tozott.<\/p>\n\n\n\n<h2 class=\"wp-block-heading\">Anal\u00f3gia, amely seg\u00edt jobban meg\u00e9rteni a befektet\u00e9seket<\/h2>\n\n\n\n<p>Gondolj az otthoni irod\u00e1dra \u00fagy, mint egy j\u00e1rm\u0171re: ha veszel egy \u00faj, luxus aut\u00f3t, de nem vigy\u00e1zol a f\u00e9kekre vagy a gumiabroncsokra, rengeteg probl\u00e9m\u00e1ba \u00fctk\u00f6zhetsz.<\/p>\n\n\n\n<p>De ha haszn\u00e1lt vagy alap aut\u00f3t veszel, j\u00f3 alapvet\u0151 alkatr\u00e9szekkel (motor, f\u00e9kek, felf\u00fcggeszt\u00e9s), biztons\u00e1gos \u00e9s hat\u00e9kony utaz\u00e1sban lesz r\u00e9szed.<\/p>\n\n\n\n<p>Az otthoni irod\u00e1dban ezek a kulcsfontoss\u00e1g\u00fa elemek a sz\u00e9k, az asztal, a vil\u00e1g\u00edt\u00e1s \u00e9s az internetkapcsolat.<\/p>\n\n\n\n<h2 class=\"wp-block-heading\">K\u00f6vetkeztet\u00e9s<\/h2>\n\n\n\n<p>Ha val\u00f3s \u00e9s c\u00e9lzott tan\u00e1csokat alkalmazol, <strong>Hogyan hozzunk l\u00e9tre egy produkt\u00edv otthoni irod\u00e1t k\u00f6lts\u00e9gvet\u00e9sb\u0151l?<\/strong> Ez m\u00e1r nem t\u00e1voli \u00f6tlet, hanem el\u00e9rhet\u0151 c\u00e9ll\u00e1 v\u00e1lik.<\/p>\n\n\n\n<p>Nem kell vagyonokat k\u00f6ltened; gondosan kell eld\u00f6ntened, hov\u00e1 fektetsz be, hogyan hasznos\u00edtod \u00fajra a dolgokat, az ergon\u00f3mi\u00e1ra \u00e9s az eg\u00e9szs\u00e9gre kell \u00f6sszpontos\u00edtanod, valamint optimaliz\u00e1lnod kell a k\u00f6rnyezetedet \u00e9s a szok\u00e1saidat.<\/p>\n\n\n\n<p>Ha m\u00e1r van egy rendes \u00edr\u00f3asztalod, egy h\u00e1tk\u00edm\u00e9l\u0151 sz\u00e9ked, j\u00f3 vil\u00e1g\u00edt\u00e1sod \u00e9s megb\u00edzhat\u00f3 csatlakoz\u00e1sod, akkor m\u00e1r j\u00f3 \u00faton j\u00e1rsz. A t\u00f6bbi l\u00e9p\u00e9sr\u0151l l\u00e9p\u00e9sre fejleszthet\u0151.<\/p>\n\n\n\n<p>B\u0151vebben:&nbsp;<a href=\"http:\/\/universofamilia.com\/hu\/los-paises-mas-avanzados-en-regulacion-de-ia-en-2025\/\">A mesters\u00e9ges intelligencia szab\u00e1lyoz\u00e1s\u00e1ban legfejlettebb orsz\u00e1gok 2025-ben<\/a><\/p>\n\n\n\n<h2 class=\"wp-block-heading\">Gyakran Ism\u00e9telt K\u00e9rd\u00e9sek<\/h2>\n\n\n\n<p><strong>1. Mi a priorit\u00e1s egy otthoni iroda kialak\u00edt\u00e1sakor korl\u00e1tozott k\u00f6lts\u00e9gvet\u00e9ssel?<\/strong><br>A priorit\u00e1snak az ergon\u00f3mi\u00e1nak (megfelel\u0151 sz\u00e9k + asztal) \u00e9s a stabil internetkapcsolatnak kell lennie.<\/p>\n\n\n\n<p>J\u00f3 testtart\u00e1s vagy a megszak\u00edt\u00e1sok n\u00e9lk\u00fcli kapcsolatteremt\u00e9s k\u00e9pess\u00e9ge n\u00e9lk\u00fcl a termel\u00e9kenys\u00e9ged jelent\u0151sen cs\u00f6kken.<\/p>\n\n\n\n<p><strong>2. Mennyit kellene legal\u00e1bb k\u00f6ltenem?<\/strong><br>Ez a v\u00e1rosodt\u00f3l\/r\u00e9gi\u00f3dt\u00f3l f\u00fcgg, de k\u00f6r\u00fclbel\u00fcl $100-200 USD fedezi az alapvet\u0151 k\u00f6lts\u00e9geket, ha k\u00f6r\u00fcln\u00e9zel az akci\u00f3s aj\u00e1nlatok, a haszn\u00e1lt b\u00fatorok \u00e9s a helyi v\u00e1s\u00e1rl\u00e1sok k\u00f6z\u00f6tt.<\/p>\n\n\n\n<p>Ez az alap lehet\u0151v\u00e9 teszi a k\u00e9nyelmes munk\u00e1t, b\u00e1r a k\u00e9s\u0151bbi fejleszt\u00e9sek \u00e9rt\u00e9ket k\u00e9pviselnek.<\/p>\n\n\n\n<p><strong>3. Hogyan ker\u00fclhetem el a h\u00e1t- vagy nyakf\u00e1j\u00e1st professzion\u00e1lis sz\u00e9k n\u00e9lk\u00fcl?<\/strong><br>P\u00e1rn\u00e1kat helyezhetsz el, k\u00f6nyvek vagy polcok seg\u00edts\u00e9g\u00e9vel \u00e1ll\u00edthatod be az asztal magass\u00e1g\u00e1t, \u00fcgyelhetsz arra, hogy a monitor szemmagass\u00e1gban legyen, haszn\u00e1lhatsz laptop\u00e1llv\u00e1nyt, \u00e9s tarthatsz akt\u00edv sz\u00fcneteket: ny\u00fajt\u00f3zkodj id\u0151nk\u00e9nt.<\/p>\n\n\n\n<p><strong>4. \u00c9rdemes-e dekor\u00e1ci\u00f3ba vagy eszt\u00e9tik\u00e1ba fektetni?<\/strong><br>Igen, r\u00e9szben az\u00e9rt, mert a kellemes k\u00f6rnyezet jav\u00edtja a motiv\u00e1ci\u00f3dat \u00e9s cs\u00f6kkenti a stresszt. De a funkcionalit\u00e1st helyezd el\u0151t\u00e9rbe.<\/p>\n\n\n\n<p>A dekor\u00e1ci\u00f3 nem foglalhat sok helyet, \u00e9s nem vesz\u00e9lyeztetheti az ergon\u00f3mi\u00e1t.<\/p>","protected":false},"excerpt":{"rendered":"<p>Egy produkt\u00edv otthoni iroda kialak\u00edt\u00e1sa korl\u00e1tozott k\u00f6lts\u00e9gvet\u00e9ssel kih\u00edv\u00e1snak t\u0171nhet, de ha gyakorlatias elveket \u00e9s okos d\u00f6nt\u00e9seket alkalmaz, akkor funkcion\u00e1lis teret hozhat l\u00e9tre t\u00falk\u00f6ltekez\u00e9s n\u00e9lk\u00fcl. Ebben a cikkben felfedezheti: El tudja k\u00e9pzelni, hogy k\u00e9nyelmesen, koncentr\u00e1ltan \u00e9s a p\u00e9nzt\u00e1rc\u00e1j\u00e1t t\u00falzottan megterhel\u0151 munka k\u00f6zben dolgozzon? A jelenlegi helyzet: mi\u00e9rt fontos befektetni, m\u00e9g akkor is, ha [\u2026]<\/p>","protected":false},"author":219,"featured_media":9987,"comment_status":"closed","ping_status":"open","sticky":true,"template":"","format":"standard","meta":{"footnotes":""},"categories":[5],"tags":[],"yoast_head":"<!-- This site is optimized with the Yoast SEO plugin v23.3 - https:\/\/yoast.com\/wordpress\/plugins\/seo\/ -->\n<title>Como montar un home office productivo gastando poco - Universo Fam\u00edlia<\/title>\n<meta name=\"description\" content=\"Como montar un home office productivo gastando poco puede parecer un reto, pero si aplicas principios pr\u00e1cticos y decisiones inteligentes...\" \/>\n<meta name=\"robots\" content=\"index, follow, max-snippet:-1, max-image-preview:large, max-video-preview:-1\" \/>\n<link rel=\"canonical\" href=\"https:\/\/universofamilia.com\/hu\/como-montar-un-home-office-productivo-gastando-poco\/\" \/>\n<meta property=\"og:locale\" content=\"hu_HU\" \/>\n<meta property=\"og:type\" content=\"article\" \/>\n<meta property=\"og:title\" content=\"Como montar un home office productivo gastando poco - Universo Fam\u00edlia\" \/>\n<meta property=\"og:description\" content=\"Como montar un home office productivo gastando poco puede parecer un reto, pero si aplicas principios pr\u00e1cticos y decisiones inteligentes...\" \/>\n<meta property=\"og:url\" content=\"https:\/\/universofamilia.com\/hu\/como-montar-un-home-office-productivo-gastando-poco\/\" \/>\n<meta property=\"og:site_name\" content=\"Universo Fam\u00edlia\" \/>\n<meta property=\"article:published_time\" content=\"2025-10-10T21:06:16+00:00\" \/>\n<meta property=\"article:modified_time\" content=\"2025-10-15T19:11:40+00:00\" \/>\n<meta property=\"og:image\" content=\"https:\/\/universofamilia.com\/wp-content\/uploads\/sites\/148\/2025\/10\/Destaque-Universo.png\" \/>\n\t<meta property=\"og:image:width\" content=\"450\" \/>\n\t<meta property=\"og:image:height\" content=\"250\" \/>\n\t<meta property=\"og:image:type\" content=\"image\/png\" \/>\n<meta name=\"author\" content=\"Matheus Sangaletti\" \/>\n<meta name=\"twitter:card\" content=\"summary_large_image\" \/>\n<meta name=\"twitter:label1\" content=\"Written by\" \/>\n\t<meta name=\"twitter:data1\" content=\"Matheus Sangaletti\" \/>\n\t<meta name=\"twitter:label2\" content=\"Est. reading time\" \/>\n\t<meta name=\"twitter:data2\" content=\"8 perc\" \/>\n<script type=\"application\/ld+json\" class=\"yoast-schema-graph\">{\"@context\":\"https:\/\/schema.org\",\"@graph\":[{\"@type\":\"WebPage\",\"@id\":\"https:\/\/universofamilia.com\/fr\/como-montar-un-home-office-productivo-gastando-poco\/\",\"url\":\"https:\/\/universofamilia.com\/fr\/como-montar-un-home-office-productivo-gastando-poco\/\",\"name\":\"Como montar un home office productivo gastando poco - Universo Fam\u00edlia\",\"isPartOf\":{\"@id\":\"https:\/\/universofamilia.com\/el\/#website\"},\"primaryImageOfPage\":{\"@id\":\"https:\/\/universofamilia.com\/fr\/como-montar-un-home-office-productivo-gastando-poco\/#primaryimage\"},\"image\":{\"@id\":\"https:\/\/universofamilia.com\/fr\/como-montar-un-home-office-productivo-gastando-poco\/#primaryimage\"},\"thumbnailUrl\":\"http:\/\/universofamilia.com\/wp-content\/uploads\/sites\/148\/2025\/10\/Destaque-Universo.png\",\"datePublished\":\"2025-10-10T21:06:16+00:00\",\"dateModified\":\"2025-10-15T19:11:40+00:00\",\"author\":{\"@id\":\"https:\/\/universofamilia.com\/el\/#\/schema\/person\/92fcd07e9b1f4323bf74f3170fc0f78a\"},\"description\":\"Como montar un home office productivo gastando poco puede parecer un reto, pero si aplicas principios pr\u00e1cticos y decisiones inteligentes...\",\"breadcrumb\":{\"@id\":\"https:\/\/universofamilia.com\/fr\/como-montar-un-home-office-productivo-gastando-poco\/#breadcrumb\"},\"inLanguage\":\"hu\",\"potentialAction\":[{\"@type\":\"ReadAction\",\"target\":[\"https:\/\/universofamilia.com\/fr\/como-montar-un-home-office-productivo-gastando-poco\/\"]}]},{\"@type\":\"ImageObject\",\"inLanguage\":\"hu\",\"@id\":\"https:\/\/universofamilia.com\/fr\/como-montar-un-home-office-productivo-gastando-poco\/#primaryimage\",\"url\":\"http:\/\/universofamilia.com\/wp-content\/uploads\/sites\/148\/2025\/10\/Destaque-Universo.png\",\"contentUrl\":\"http:\/\/universofamilia.com\/wp-content\/uploads\/sites\/148\/2025\/10\/Destaque-Universo.png\",\"width\":450,\"height\":250,\"caption\":\"Como montar un home office productivo gastando poco\"},{\"@type\":\"BreadcrumbList\",\"@id\":\"https:\/\/universofamilia.com\/fr\/como-montar-un-home-office-productivo-gastando-poco\/#breadcrumb\",\"itemListElement\":[{\"@type\":\"ListItem\",\"position\":1,\"name\":\"Home\",\"item\":\"https:\/\/universofamilia.com\/el\/\"},{\"@type\":\"ListItem\",\"position\":2,\"name\":\"Como montar un home office productivo gastando poco\"}]},{\"@type\":\"WebSite\",\"@id\":\"https:\/\/universofamilia.com\/el\/#website\",\"url\":\"https:\/\/universofamilia.com\/el\/\",\"name\":\"Universo Fam\u00edlia\",\"description\":\"\",\"potentialAction\":[{\"@type\":\"SearchAction\",\"target\":{\"@type\":\"EntryPoint\",\"urlTemplate\":\"https:\/\/universofamilia.com\/el\/?s={search_term_string}\"},\"query-input\":\"required name=search_term_string\"}],\"inLanguage\":\"hu\"},{\"@type\":\"Person\",\"@id\":\"https:\/\/universofamilia.com\/el\/#\/schema\/person\/92fcd07e9b1f4323bf74f3170fc0f78a\",\"name\":\"Matheus Sangaletti\",\"image\":{\"@type\":\"ImageObject\",\"inLanguage\":\"hu\",\"@id\":\"https:\/\/universofamilia.com\/el\/#\/schema\/person\/image\/\",\"url\":\"http:\/\/2.gravatar.com\/avatar\/280ea957a14a48e6a1ad2133d2cc27c9?s=96&d=mm&r=g\",\"contentUrl\":\"http:\/\/2.gravatar.com\/avatar\/280ea957a14a48e6a1ad2133d2cc27c9?s=96&d=mm&r=g\",\"caption\":\"Matheus Sangaletti\"},\"url\":\"http:\/\/universofamilia.com\/hu\/author\/matheuss\/\"}]}<\/script>\n<!-- \/ Yoast SEO plugin. -->","yoast_head_json":{"title":"Como montar un home office productivo gastando poco - Universo Fam\u00edlia","description":"Como montar un home office productivo gastando poco puede parecer un reto, pero si aplicas principios pr\u00e1cticos y decisiones inteligentes...","robots":{"index":"index","follow":"follow","max-snippet":"max-snippet:-1","max-image-preview":"max-image-preview:large","max-video-preview":"max-video-preview:-1"},"canonical":"https:\/\/universofamilia.com\/hu\/como-montar-un-home-office-productivo-gastando-poco\/","og_locale":"hu_HU","og_type":"article","og_title":"Como montar un home office productivo gastando poco - Universo Fam\u00edlia","og_description":"Como montar un home office productivo gastando poco puede parecer un reto, pero si aplicas principios pr\u00e1cticos y decisiones inteligentes...","og_url":"https:\/\/universofamilia.com\/hu\/como-montar-un-home-office-productivo-gastando-poco\/","og_site_name":"Universo Fam\u00edlia","article_published_time":"2025-10-10T21:06:16+00:00","article_modified_time":"2025-10-15T19:11:40+00:00","og_image":[{"width":450,"height":250,"url":"https:\/\/universofamilia.com\/wp-content\/uploads\/sites\/148\/2025\/10\/Destaque-Universo.png","type":"image\/png"}],"author":"Matheus Sangaletti","twitter_card":"summary_large_image","twitter_misc":{"Written by":"Matheus Sangaletti","Est. reading time":"8 perc"},"schema":{"@context":"https:\/\/schema.org","@graph":[{"@type":"WebPage","@id":"https:\/\/universofamilia.com\/fr\/como-montar-un-home-office-productivo-gastando-poco\/","url":"https:\/\/universofamilia.com\/fr\/como-montar-un-home-office-productivo-gastando-poco\/","name":"Como montar un home office productivo gastando poco - Universo Fam\u00edlia","isPartOf":{"@id":"https:\/\/universofamilia.com\/el\/#website"},"primaryImageOfPage":{"@id":"https:\/\/universofamilia.com\/fr\/como-montar-un-home-office-productivo-gastando-poco\/#primaryimage"},"image":{"@id":"https:\/\/universofamilia.com\/fr\/como-montar-un-home-office-productivo-gastando-poco\/#primaryimage"},"thumbnailUrl":"http:\/\/universofamilia.com\/wp-content\/uploads\/sites\/148\/2025\/10\/Destaque-Universo.png","datePublished":"2025-10-10T21:06:16+00:00","dateModified":"2025-10-15T19:11:40+00:00","author":{"@id":"https:\/\/universofamilia.com\/el\/#\/schema\/person\/92fcd07e9b1f4323bf74f3170fc0f78a"},"description":"Como montar un home office productivo gastando poco puede parecer un reto, pero si aplicas principios pr\u00e1cticos y decisiones inteligentes...","breadcrumb":{"@id":"https:\/\/universofamilia.com\/fr\/como-montar-un-home-office-productivo-gastando-poco\/#breadcrumb"},"inLanguage":"hu","potentialAction":[{"@type":"ReadAction","target":["https:\/\/universofamilia.com\/fr\/como-montar-un-home-office-productivo-gastando-poco\/"]}]},{"@type":"ImageObject","inLanguage":"hu","@id":"https:\/\/universofamilia.com\/fr\/como-montar-un-home-office-productivo-gastando-poco\/#primaryimage","url":"http:\/\/universofamilia.com\/wp-content\/uploads\/sites\/148\/2025\/10\/Destaque-Universo.png","contentUrl":"http:\/\/universofamilia.com\/wp-content\/uploads\/sites\/148\/2025\/10\/Destaque-Universo.png","width":450,"height":250,"caption":"Como montar un home office productivo gastando poco"},{"@type":"BreadcrumbList","@id":"https:\/\/universofamilia.com\/fr\/como-montar-un-home-office-productivo-gastando-poco\/#breadcrumb","itemListElement":[{"@type":"ListItem","position":1,"name":"Home","item":"https:\/\/universofamilia.com\/el\/"},{"@type":"ListItem","position":2,"name":"Como montar un home office productivo gastando poco"}]},{"@type":"WebSite","@id":"https:\/\/universofamilia.com\/el\/#website","url":"https:\/\/universofamilia.com\/el\/","name":"Universo Fam\u00edlia","description":"","potentialAction":[{"@type":"SearchAction","target":{"@type":"EntryPoint","urlTemplate":"https:\/\/universofamilia.com\/el\/?s={search_term_string}"},"query-input":"required name=search_term_string"}],"inLanguage":"hu"},{"@type":"Person","@id":"https:\/\/universofamilia.com\/el\/#\/schema\/person\/92fcd07e9b1f4323bf74f3170fc0f78a","name":"Matheus Sangaletti","image":{"@type":"ImageObject","inLanguage":"hu","@id":"https:\/\/universofamilia.com\/el\/#\/schema\/person\/image\/","url":"http:\/\/2.gravatar.com\/avatar\/280ea957a14a48e6a1ad2133d2cc27c9?s=96&d=mm&r=g","contentUrl":"http:\/\/2.gravatar.com\/avatar\/280ea957a14a48e6a1ad2133d2cc27c9?s=96&d=mm&r=g","caption":"Matheus Sangaletti"},"url":"http:\/\/universofamilia.com\/hu\/author\/matheuss\/"}]}},"_links":{"self":[{"href":"http:\/\/universofamilia.com\/hu\/wp-json\/wp\/v2\/posts\/9976"}],"collection":[{"href":"http:\/\/universofamilia.com\/hu\/wp-json\/wp\/v2\/posts"}],"about":[{"href":"http:\/\/universofamilia.com\/hu\/wp-json\/wp\/v2\/types\/post"}],"author":[{"embeddable":true,"href":"http:\/\/universofamilia.com\/hu\/wp-json\/wp\/v2\/users\/219"}],"replies":[{"embeddable":true,"href":"http:\/\/universofamilia.com\/hu\/wp-json\/wp\/v2\/comments?post=9976"}],"version-history":[{"count":6,"href":"http:\/\/universofamilia.com\/hu\/wp-json\/wp\/v2\/posts\/9976\/revisions"}],"predecessor-version":[{"id":10161,"href":"http:\/\/universofamilia.com\/hu\/wp-json\/wp\/v2\/posts\/9976\/revisions\/10161"}],"wp:featuredmedia":[{"embeddable":true,"href":"http:\/\/universofamilia.com\/hu\/wp-json\/wp\/v2\/media\/9987"}],"wp:attachment":[{"href":"http:\/\/universofamilia.com\/hu\/wp-json\/wp\/v2\/media?parent=9976"}],"wp:term":[{"taxonomy":"category","embeddable":true,"href":"http:\/\/universofamilia.com\/hu\/wp-json\/wp\/v2\/categories?post=9976"},{"taxonomy":"post_tag","embeddable":true,"href":"http:\/\/universofamilia.com\/hu\/wp-json\/wp\/v2\/tags?post=9976"}],"curies":[{"name":"wp","href":"https:\/\/api.w.org\/{rel}","templated":true}]}}