{"id":10479,"date":"2025-12-29T09:09:19","date_gmt":"2025-12-29T12:09:19","guid":{"rendered":"https:\/\/universofamilia.com\/?p=10479"},"modified":"2025-12-29T09:11:25","modified_gmt":"2025-12-29T12:11:25","slug":"la-salud-mental-en-la-mira","status":"publish","type":"post","link":"http:\/\/universofamilia.com\/id\/la-salud-mental-en-la-mira\/","title":{"rendered":"Kesehatan mental menjadi sorotan: tantangan global baru abad ke-21"},"content":{"rendered":"<p class=\"has-text-align-center\"><strong>Kesehatan mental menjadi sorotan: tantangan global baru abad ke-21.<\/strong> Ini bukan lagi sekadar slogan yang menimbulkan kepanikan atau isu yang hanya terbatas pada bidang medis.<\/p>\n\n\n\n<figure class=\"wp-block-gallery has-nested-images columns-default is-cropped wp-block-gallery-1 is-layout-flex wp-block-gallery-is-layout-flex\">\n<figure class=\"wp-block-image size-full\"><img loading=\"lazy\" decoding=\"async\" width=\"450\" height=\"250\" data-id=\"10481\" src=\"https:\/\/universofamilia.com\/wp-content\/uploads\/sites\/148\/2025\/12\/Destaque-Novo-Universo-20-1.jpg\" alt=\"\" class=\"wp-image-10481\" srcset=\"http:\/\/universofamilia.com\/wp-content\/uploads\/sites\/148\/2025\/12\/Destaque-Novo-Universo-20-1.jpg 450w, http:\/\/universofamilia.com\/wp-content\/uploads\/sites\/148\/2025\/12\/Destaque-Novo-Universo-20-1-300x167.jpg 300w, http:\/\/universofamilia.com\/wp-content\/uploads\/sites\/148\/2025\/12\/Destaque-Novo-Universo-20-1-18x10.jpg 18w\" sizes=\"(max-width: 450px) 100vw, 450px\" \/><figcaption class=\"wp-element-caption\">Kesehatan mental menjadi sorotan: tantangan global baru abad ke-21.<\/figcaption><\/figure>\n<\/figure>\n\n\n\n<p class=\"has-text-align-center\">Hal itu menjadi prioritas sosial, ekonomi, dan politik yang melampaui usia, profesi, dan budaya.<\/p>\n\n\n\n<p class=\"has-text-align-center\">Pada tahun 2025, berbicara tentang kesejahteraan emosional berarti berbicara tentang produktivitas, hubungan, pendidikan, teknologi, dan kualitas hidup.<\/p>\n\n\n\n<p>Sebelum membahas lebih dalam, ada baiknya kita meninjau ringkasan singkat: mengapa kesehatan mental menjadi pusat perdebatan global saat ini, faktor-faktor apa yang menjelaskan kemerosotannya, dan bagaimana dampaknya terhadap ekonomi dan kehidupan sehari-hari.<\/p>\n\n\n\n<p>Statistik kunci yang didukung oleh organisasi internasional, dua contoh dunia nyata, analogi yang mencerahkan, tabel dengan tantangan saat ini, dan bagian tanya jawab.<\/p>\n\n\n\n<h2 class=\"wp-block-heading\"><strong>Mengapa kesehatan mental menjadi pusat perhatian dalam percakapan global?<\/strong><\/h2>\n\n\n\n<p>Selama beberapa dekade, kesejahteraan psikologis terpinggirkan. Namun, perubahan pesat abad ke-21 memaksa kita untuk menghadapi masalah yang telah berkembang secara diam-diam.<\/p>\n\n\n\n<p>Ritme kerja yang intens, konektivitas yang sangat tinggi, ketidakpastian ekonomi, dan transformasi sosial yang mendalam menciptakan lingkungan yang kompleks dan subur.<\/p>\n\n\n\n<p>Dalam konteks ini, <strong>Kesehatan mental menjadi sorotan: tantangan global baru abad ke-21.<\/strong> Ungkapan itu berhenti menjadi sekadar frasa akademis dan menjadi realitas sehari-hari.<\/p>\n\n\n\n<p>Saat ini, pemerintah, dunia usaha, dan sistem pendidikan menyadari bahwa mengabaikan aspek ini memiliki konsekuensi nyata dan mahal.<\/p>\n\n\n\n<h2 class=\"wp-block-heading\"><strong>Sebuah masalah yang tidak mengenal batas negara atau usia.<\/strong><\/h2>\n\n\n\n<p>Kesehatan mental tidak hanya memengaruhi negara atau kelompok sosial tertentu.<\/p>\n\n\n\n<p>Ini adalah fenomena yang meluas. Kaum muda, dewasa, dan lansia menghadapi peningkatan tingkat stres, kecemasan, dan kelelahan emosional.<\/p>\n\n\n\n<p>Menurut data dari <strong>Organisasi Kesehatan Dunia (WHO)<\/strong>, sekitar <strong>1 dari 8 orang di seluruh dunia hidup dengan beberapa bentuk gangguan mental.<\/strong>Angka ini mencerminkan besarnya tantangan dan dampaknya secara langsung terhadap sistem kesehatan dan ekonomi global.<\/p>\n\n\n\n<p>Data ini, yang diperbarui dalam laporan terbaru dari lembaga tersebut, menegaskan bahwa ini bukan kasus terisolasi, melainkan masalah struktural.<\/p>\n\n\n\n<h2 class=\"wp-block-heading\"><strong>Dampak diam-diam terhadap ekonomi dan pekerjaan<\/strong><\/h2>\n\n\n\n<p>Selain penderitaan individu, gangguan kesehatan mental memengaruhi produktivitas, meningkatkan ketidakhadiran, dan menaikkan biaya perawatan kesehatan.<\/p>\n\n\n\n<p>Perusahaan mulai memahami bahwa menjaga kesejahteraan emosional bukanlah keuntungan tambahan, melainkan investasi strategis.<\/p>\n\n\n\n<p>Pada tahun 2025, banyak organisasi akan mengintegrasikan program dukungan psikologis, jadwal kerja yang fleksibel, dan kebijakan pemutusan koneksi digital.<\/p>\n\n\n\n<p>Mereka melakukannya bukan hanya karena tanggung jawab sosial, tetapi karena hasilnya menunjukkan peningkatan yang jelas dalam kinerja dan komitmen.<\/p>\n\n\n\n<h2 class=\"wp-block-heading\"><strong>Teknologi: sekutu sekaligus risiko<\/strong><\/h2>\n\n\n\n<p>Teknologi memainkan peran yang ambivalen. Di satu sisi, teknologi memfasilitasi akses ke informasi, terapi daring, dan komunitas pendukung.<\/p>\n\n\n\n<p>Di sisi lain, hal itu memperparah perbandingan sosial, paparan berlebihan, dan kesulitan untuk melepaskan diri.<\/p>\n\n\n\n<p>Tantangannya adalah menggunakan perangkat digital dengan bijak.<\/p>\n\n\n\n<p>Kuncinya bukanlah menjelek-jelekkan teknologi, tetapi menetapkan batasan sehat yang memungkinkan kita memanfaatkan manfaatnya tanpa mengorbankan keseimbangan emosional.<\/p>\n\n\n\n<h2 class=\"wp-block-heading\"><strong>Pendidikan emosional: hutang sejarah<\/strong><\/h2>\n\n\n\n<p>Selama bertahun-tahun, sistem pendidikan memprioritaskan konten akademis, mengabaikan keterampilan emosional dasar. Kini, kelalaian itu mulai membuahkan hasil.<\/p>\n\n\n\n<p>Literasi emosional muncul sebagai kebutuhan yang mendesak.<\/p>\n\n\n\n<p>Mengintegrasikan manajemen stres, empati, dan kesadaran diri sejak usia dini tidak hanya mencegah gangguan di masa depan, tetapi juga menciptakan warga negara yang lebih tangguh dan sadar.<\/p>\n\n\n\n<h3 class=\"wp-block-heading\"><strong>Contoh 1<\/strong><\/h3>\n\n\n\n<p>Sebuah sekolah negeri di Amerika Latin mengintegrasikan lokakarya pendidikan emosional mingguan.<\/p>\n\n\n\n<p>Dalam waktu kurang dari satu tahun, konflik antar siswa menurun dan prestasi akademik secara keseluruhan meningkat, menurut laporan internal dari pusat pendidikan tersebut.<\/p>\n\n\n\n<h2 class=\"wp-block-heading\"><strong>Stigma: musuh yang paling gigih<\/strong><\/h2>\n\n\n\n<p>Meskipun wacana telah berubah, stigma tetap ada. Banyak orang menghindari meminta bantuan karena takut akan penilaian sosial atau profesional.<\/p>\n\n\n\n<p>Keheningan ini memperburuk gejala dan menunda pengobatan yang efektif.<\/p>\n\n\n\n<p>Menjadikan kesehatan mental sebagai bagian integral dari kesehatan secara keseluruhan sangat penting. Menormalisasi percakapan tentang kesehatan mental menghemat waktu, sumber daya, dan, dalam beberapa kasus, nyawa.<\/p>\n\n\n\n<h2 class=\"wp-block-heading\"><strong>Analogi yang membantu memahami urgensi<\/strong><\/h2>\n\n\n\n<p>Merawat kesehatan mental Anda sama dengan <strong>memelihara sistem operasi suatu perangkat<\/strong>.<\/p>\n\n\n\n<p>Anda bisa memiliki perangkat keras terbaik, tetapi jika perangkat lunak gagal, seluruh sistem akan menjadi lambat, tidak stabil, dan rentan. Mengabaikan tanda-tanda peringatan hanya akan memperburuk kinerja secara keseluruhan.<\/p>\n\n\n\n<h2 class=\"wp-block-heading\"><strong>Kebijakan publik dan tanggung jawab kolektif<\/strong><\/h2>\n\n\n\n<p>Pemerintah menghadapi tantangan dalam merancang kebijakan yang komprehensif, mudah diakses, dan berkelanjutan.<\/p>\n\n\n\n<p>Meningkatkan anggaran saja tidak cukup; diperlukan koordinasi antara sektor kesehatan, pendidikan, ketenagakerjaan, dan pembangunan sosial.<\/p>\n\n\n\n<p>Pada saat yang sama, tanggung jawab tidak hanya dibebankan kepada lembaga-lembaga.<\/p>\n\n\n\n<p>Komunitas, keluarga, dan lingkungan kerja memainkan peran mendasar dalam pencegahan dan dukungan.<\/p>\n\n\n\n<h2 class=\"wp-block-heading\"><strong>Tabel: Tantangan utama saat ini dalam kesehatan mental<\/strong><\/h2>\n\n\n\n<figure class=\"wp-block-table\"><table><thead><tr><th>Tantangan global<\/th><th>Dampak utama<\/th><\/tr><\/thead><tbody><tr><td>Stres kerja kronis<\/td><td>Kelelahan dan produktivitas rendah<\/td><\/tr><tr><td>Stigma sosial<\/td><td>Kurangnya diagnosis dini<\/td><\/tr><tr><td>Akses terbatas terhadap layanan kesehatan<\/td><td>Kesenjangan dalam kesehatan masyarakat<\/td><\/tr><tr><td>Penggunaan teknologi yang berlebihan<\/td><td>Kecemasan dan keterputusan emosional<\/td><\/tr><tr><td>Kurangnya pendidikan emosional<\/td><td>Ketahanan sosial yang lebih rendah<\/td><\/tr><\/tbody><\/table><figcaption class=\"wp-element-caption\">Kesehatan mental menjadi sorotan: tantangan global baru abad ke-21.<\/figcaption><\/figure>\n\n\n\n<figure class=\"wp-block-gallery has-nested-images columns-default is-cropped wp-block-gallery-2 is-layout-flex wp-block-gallery-is-layout-flex\">\n<figure class=\"wp-block-image size-full\"><img loading=\"lazy\" decoding=\"async\" width=\"450\" height=\"250\" data-id=\"10482\" src=\"https:\/\/universofamilia.com\/wp-content\/uploads\/sites\/148\/2025\/12\/Destaque-Novo-Universo-21.jpg\" alt=\"\" class=\"wp-image-10482\" srcset=\"http:\/\/universofamilia.com\/wp-content\/uploads\/sites\/148\/2025\/12\/Destaque-Novo-Universo-21.jpg 450w, http:\/\/universofamilia.com\/wp-content\/uploads\/sites\/148\/2025\/12\/Destaque-Novo-Universo-21-300x167.jpg 300w, http:\/\/universofamilia.com\/wp-content\/uploads\/sites\/148\/2025\/12\/Destaque-Novo-Universo-21-18x10.jpg 18w\" sizes=\"(max-width: 450px) 100vw, 450px\" \/><figcaption class=\"wp-element-caption\">Kesehatan mental menjadi sorotan: tantangan global baru abad ke-21.<\/figcaption><\/figure>\n<\/figure>\n\n\n\n<p>Baca selengkapnya:\u00a0<a href=\"http:\/\/universofamilia.com\/id\/descubrimientos-cientificos-que-cambiaran-el-futuro\/\">Penemuan ilmiah yang akan mengubah masa depan<\/a><\/p>\n\n\n\n<h2 class=\"wp-block-heading\"><strong>Pentingnya berbicara, mendengarkan, dan bertindak<\/strong><\/h2>\n\n\n\n<p>Menciptakan ruang untuk dialog yang tulus benar-benar membuat perbedaan. Mendengarkan tanpa menghakimi dan memvalidasi emosi memperkuat ikatan dan mengurangi isolasi.<\/p>\n\n\n\n<p>Selain itu, hal ini mendorong budaya di mana meminta bantuan tidak dianggap sebagai kelemahan, melainkan sebagai tanggung jawab pribadi.<\/p>\n\n\n\n<h3 class=\"wp-block-heading\"><strong>Contoh 2<\/strong><\/h3>\n\n\n\n<p>Sebuah perusahaan jasa menerapkan sesi dukungan psikologis sukarela.<\/p>\n\n\n\n<p>Setelah enam bulan, tim-tim tersebut melaporkan peningkatan kekompakan dan penurunan tingkat stres yang dirasakan, yang tercermin dalam penilaian iklim tempat kerja internal.<\/p>\n\n\n\n<h2 class=\"wp-block-heading\"><strong>Mengapa tantangan ini mendefinisikan abad ke-21?<\/strong><\/h2>\n\n\n\n<p>Karena belum pernah sebelumnya umat manusia memiliki begitu banyak informasi dan, pada saat yang sama, begitu banyak faktor tekanan yang terjadi secara bersamaan.<\/p>\n\n\n\n<p>Globalisasi, krisis iklim, perubahan teknologi, dan ketegangan geopolitik secara langsung memengaruhi stabilitas emosional.<\/p>\n\n\n\n<p>Apakah masuk akal membicarakan kemajuan jika kesejahteraan psikologis masyarakat diabaikan?<\/p>\n\n\n\n<h2 class=\"wp-block-heading\"><strong>Menatap masa depan dengan penuh tanggung jawab.<\/strong><\/h2>\n\n\n\n<p>Pada tahun 2025, <strong>Kesehatan mental menjadi sorotan: tantangan global baru abad ke-21.<\/strong> Hal itu menuntut tindakan nyata, bukan sekadar pidato.<\/p>\n\n\n\n<p>Berinvestasi dalam pencegahan, pendidikan, dan akses terhadap pengobatan sama pentingnya dengan infrastruktur fisik apa pun.<\/p>\n\n\n\n<p>Masa depan akan bergantung pada kemampuan kolektif untuk menyadari bahwa kesehatan mental bukanlah kemewahan, melainkan pilar pembangunan berkelanjutan.<\/p>\n\n\n\n<h2 class=\"wp-block-heading\"><strong>Kesimpulan<\/strong><\/h2>\n\n\n\n<p>Kesehatan mental menentukan bagaimana kita bekerja, belajar, berhubungan dengan orang lain, dan merencanakan masa depan. Mengabaikannya berarti menanggung biaya manusia dan ekonomi yang terus meningkat.<\/p>\n\n\n\n<p>Sebaliknya, menanganinya dengan serius, empati, dan strategi membuka pintu menuju masyarakat yang lebih seimbang dan tangguh.<\/p>\n\n\n\n<p>Tantangan telah ditetapkan. Pertanyaannya bukan lagi apakah kita harus bertindak, tetapi bagaimana dan dengan urgensi apa.<\/p>\n\n\n\n<p>Baca selengkapnya:\u00a0<a href=\"http:\/\/universofamilia.com\/id\/el-crecimiento-del-comercio-electronico-mundial-en-2025\/\">Pertumbuhan e-commerce global pada tahun 2025<\/a><\/p>\n\n\n\n<h2 class=\"wp-block-heading\"><strong>Pertanyaan yang Sering Diajukan<\/strong><\/h2>\n\n\n\n<p><strong>Apakah kesehatan mental hanya masalah individu saja?<\/strong><br>Tidak. Hal ini melibatkan faktor sosial, ekonomi, dan budaya yang membutuhkan respons kolektif.<\/p>\n\n\n\n<p><strong>Apakah mencari bantuan psikologis masih dipandang negatif?<\/strong><br>Stigma tersebut telah berkurang, tetapi masih tetap ada di beberapa kalangan. Berbicara secara terbuka membantu mengubah persepsi tersebut.<\/p>\n\n\n\n<p><strong>Apakah teknologi memperburuk kesehatan mental?<\/strong><br>Itu tergantung pada penggunaannya. Bisa menjadi alat pendukung atau faktor risiko jika tidak diatur.<\/p>\n\n\n\n<p><strong>Haruskah perusahaan terlibat dalam masalah ini?<\/strong><br>Ya. Kesejahteraan emosional secara langsung memengaruhi kinerja dan keberlanjutan organisasi.<\/p>\n\n\n\n<p><strong>Apakah pencegahan benar-benar efektif?<\/strong><br>Berbagai program menunjukkan bahwa pendidikan emosional dan deteksi dini mengurangi masalah jangka panjang.<\/p>\n\n\n\n<p>Menangani kesehatan mental dengan serius dan manusiawi tidak hanya meningkatkan kehidupan individu; tetapi juga mendefinisikan kembali arah abad ke-21.<\/p>","protected":false},"excerpt":{"rendered":"<p>La salud mental en la mira: el nuevo desaf\u00edo global del siglo XXI. ya no es una consigna alarmista ni un tema exclusivo del \u00e1mbito m\u00e9dico. Se convirti\u00f3 en una prioridad social, econ\u00f3mica y pol\u00edtica que atraviesa edades, profesiones y culturas. En 2025, hablar de bienestar emocional implica hablar de productividad, v\u00ednculos, educaci\u00f3n, tecnolog\u00eda y [&hellip;]<\/p>","protected":false},"author":219,"featured_media":10480,"comment_status":"closed","ping_status":"open","sticky":false,"template":"","format":"standard","meta":{"footnotes":""},"categories":[4],"tags":[],"yoast_head":"<!-- This site is optimized with the Yoast SEO plugin v23.3 - https:\/\/yoast.com\/wordpress\/plugins\/seo\/ -->\n<title>La salud mental en la mira: el nuevo desaf\u00edo global del siglo XXI - Universo Fam\u00edlia<\/title>\n<meta name=\"description\" content=\"La salud mental en la mira: el nuevo desaf\u00edo global del siglo XXI. ya no es una consigna alarmista ni un tema exclusivo del \u00e1mbito m\u00e9dico.\" \/>\n<meta name=\"robots\" content=\"index, follow, max-snippet:-1, max-image-preview:large, max-video-preview:-1\" \/>\n<link rel=\"canonical\" href=\"https:\/\/universofamilia.com\/id\/la-salud-mental-en-la-mira\/\" \/>\n<meta property=\"og:locale\" content=\"id_ID\" \/>\n<meta property=\"og:type\" content=\"article\" \/>\n<meta property=\"og:title\" content=\"La salud mental en la mira: el nuevo desaf\u00edo global del siglo XXI - Universo Fam\u00edlia\" \/>\n<meta property=\"og:description\" content=\"La salud mental en la mira: el nuevo desaf\u00edo global del siglo XXI. ya no es una consigna alarmista ni un tema exclusivo del \u00e1mbito m\u00e9dico.\" \/>\n<meta property=\"og:url\" content=\"https:\/\/universofamilia.com\/id\/la-salud-mental-en-la-mira\/\" \/>\n<meta property=\"og:site_name\" content=\"Universo Fam\u00edlia\" \/>\n<meta property=\"article:published_time\" content=\"2025-12-29T12:09:19+00:00\" \/>\n<meta property=\"article:modified_time\" content=\"2025-12-29T12:11:25+00:00\" \/>\n<meta property=\"og:image\" content=\"https:\/\/universofamilia.com\/wp-content\/uploads\/sites\/148\/2025\/12\/Destaque-Novo-Universo-20.jpg\" \/>\n\t<meta property=\"og:image:width\" content=\"450\" \/>\n\t<meta property=\"og:image:height\" content=\"250\" \/>\n\t<meta property=\"og:image:type\" content=\"image\/jpeg\" \/>\n<meta name=\"author\" content=\"Matheus Sangaletti\" \/>\n<meta name=\"twitter:card\" content=\"summary_large_image\" \/>\n<meta name=\"twitter:label1\" content=\"Written by\" \/>\n\t<meta name=\"twitter:data1\" content=\"Matheus Sangaletti\" \/>\n\t<meta name=\"twitter:label2\" content=\"Est. reading time\" \/>\n\t<meta name=\"twitter:data2\" content=\"1 menit\" \/>\n<script type=\"application\/ld+json\" class=\"yoast-schema-graph\">{\"@context\":\"https:\/\/schema.org\",\"@graph\":[{\"@type\":\"WebPage\",\"@id\":\"https:\/\/universofamilia.com\/zh_hk\/la-salud-mental-en-la-mira\/\",\"url\":\"https:\/\/universofamilia.com\/zh_hk\/la-salud-mental-en-la-mira\/\",\"name\":\"La salud mental en la mira: el nuevo desaf\u00edo global del siglo XXI - Universo Fam\u00edlia\",\"isPartOf\":{\"@id\":\"http:\/\/universofamilia.com\/zh_hk\/#website\"},\"primaryImageOfPage\":{\"@id\":\"https:\/\/universofamilia.com\/zh_hk\/la-salud-mental-en-la-mira\/#primaryimage\"},\"image\":{\"@id\":\"https:\/\/universofamilia.com\/zh_hk\/la-salud-mental-en-la-mira\/#primaryimage\"},\"thumbnailUrl\":\"http:\/\/universofamilia.com\/wp-content\/uploads\/sites\/148\/2025\/12\/Destaque-Novo-Universo-20.jpg\",\"datePublished\":\"2025-12-29T12:09:19+00:00\",\"dateModified\":\"2025-12-29T12:11:25+00:00\",\"author\":{\"@id\":\"http:\/\/universofamilia.com\/zh_hk\/#\/schema\/person\/92fcd07e9b1f4323bf74f3170fc0f78a\"},\"description\":\"La salud mental en la mira: el nuevo desaf\u00edo global del siglo XXI. ya no es una consigna alarmista ni un tema exclusivo del \u00e1mbito m\u00e9dico.\",\"breadcrumb\":{\"@id\":\"https:\/\/universofamilia.com\/zh_hk\/la-salud-mental-en-la-mira\/#breadcrumb\"},\"inLanguage\":\"id\",\"potentialAction\":[{\"@type\":\"ReadAction\",\"target\":[\"https:\/\/universofamilia.com\/zh_hk\/la-salud-mental-en-la-mira\/\"]}]},{\"@type\":\"ImageObject\",\"inLanguage\":\"id\",\"@id\":\"https:\/\/universofamilia.com\/zh_hk\/la-salud-mental-en-la-mira\/#primaryimage\",\"url\":\"http:\/\/universofamilia.com\/wp-content\/uploads\/sites\/148\/2025\/12\/Destaque-Novo-Universo-20.jpg\",\"contentUrl\":\"http:\/\/universofamilia.com\/wp-content\/uploads\/sites\/148\/2025\/12\/Destaque-Novo-Universo-20.jpg\",\"width\":450,\"height\":250,\"caption\":\"La salud mental en la mira: el nuevo desaf\u00edo global del siglo XXI.\"},{\"@type\":\"BreadcrumbList\",\"@id\":\"https:\/\/universofamilia.com\/zh_hk\/la-salud-mental-en-la-mira\/#breadcrumb\",\"itemListElement\":[{\"@type\":\"ListItem\",\"position\":1,\"name\":\"Home\",\"item\":\"http:\/\/universofamilia.com\/zh_hk\/\"},{\"@type\":\"ListItem\",\"position\":2,\"name\":\"La salud mental en la mira: el nuevo desaf\u00edo global del siglo XXI\"}]},{\"@type\":\"WebSite\",\"@id\":\"http:\/\/universofamilia.com\/zh_hk\/#website\",\"url\":\"http:\/\/universofamilia.com\/zh_hk\/\",\"name\":\"Universo Fam\u00edlia\",\"description\":\"\",\"potentialAction\":[{\"@type\":\"SearchAction\",\"target\":{\"@type\":\"EntryPoint\",\"urlTemplate\":\"http:\/\/universofamilia.com\/zh_hk\/?s={search_term_string}\"},\"query-input\":\"required name=search_term_string\"}],\"inLanguage\":\"id\"},{\"@type\":\"Person\",\"@id\":\"http:\/\/universofamilia.com\/zh_hk\/#\/schema\/person\/92fcd07e9b1f4323bf74f3170fc0f78a\",\"name\":\"Matheus Sangaletti\",\"image\":{\"@type\":\"ImageObject\",\"inLanguage\":\"id\",\"@id\":\"http:\/\/universofamilia.com\/zh_hk\/#\/schema\/person\/image\/\",\"url\":\"http:\/\/2.gravatar.com\/avatar\/280ea957a14a48e6a1ad2133d2cc27c9?s=96&d=mm&r=g\",\"contentUrl\":\"http:\/\/2.gravatar.com\/avatar\/280ea957a14a48e6a1ad2133d2cc27c9?s=96&d=mm&r=g\",\"caption\":\"Matheus Sangaletti\"},\"url\":\"http:\/\/universofamilia.com\/id\/author\/matheuss\/\"}]}<\/script>\n<!-- \/ Yoast SEO plugin. -->","yoast_head_json":{"title":"La salud mental en la mira: el nuevo desaf\u00edo global del siglo XXI - Universo Fam\u00edlia","description":"La salud mental en la mira: el nuevo desaf\u00edo global del siglo XXI. ya no es una consigna alarmista ni un tema exclusivo del \u00e1mbito m\u00e9dico.","robots":{"index":"index","follow":"follow","max-snippet":"max-snippet:-1","max-image-preview":"max-image-preview:large","max-video-preview":"max-video-preview:-1"},"canonical":"https:\/\/universofamilia.com\/id\/la-salud-mental-en-la-mira\/","og_locale":"id_ID","og_type":"article","og_title":"La salud mental en la mira: el nuevo desaf\u00edo global del siglo XXI - Universo Fam\u00edlia","og_description":"La salud mental en la mira: el nuevo desaf\u00edo global del siglo XXI. ya no es una consigna alarmista ni un tema exclusivo del \u00e1mbito m\u00e9dico.","og_url":"https:\/\/universofamilia.com\/id\/la-salud-mental-en-la-mira\/","og_site_name":"Universo Fam\u00edlia","article_published_time":"2025-12-29T12:09:19+00:00","article_modified_time":"2025-12-29T12:11:25+00:00","og_image":[{"width":450,"height":250,"url":"https:\/\/universofamilia.com\/wp-content\/uploads\/sites\/148\/2025\/12\/Destaque-Novo-Universo-20.jpg","type":"image\/jpeg"}],"author":"Matheus Sangaletti","twitter_card":"summary_large_image","twitter_misc":{"Written by":"Matheus Sangaletti","Est. reading time":"1 menit"},"schema":{"@context":"https:\/\/schema.org","@graph":[{"@type":"WebPage","@id":"https:\/\/universofamilia.com\/zh_hk\/la-salud-mental-en-la-mira\/","url":"https:\/\/universofamilia.com\/zh_hk\/la-salud-mental-en-la-mira\/","name":"La salud mental en la mira: el nuevo desaf\u00edo global del siglo XXI - Universo Fam\u00edlia","isPartOf":{"@id":"http:\/\/universofamilia.com\/zh_hk\/#website"},"primaryImageOfPage":{"@id":"https:\/\/universofamilia.com\/zh_hk\/la-salud-mental-en-la-mira\/#primaryimage"},"image":{"@id":"https:\/\/universofamilia.com\/zh_hk\/la-salud-mental-en-la-mira\/#primaryimage"},"thumbnailUrl":"http:\/\/universofamilia.com\/wp-content\/uploads\/sites\/148\/2025\/12\/Destaque-Novo-Universo-20.jpg","datePublished":"2025-12-29T12:09:19+00:00","dateModified":"2025-12-29T12:11:25+00:00","author":{"@id":"http:\/\/universofamilia.com\/zh_hk\/#\/schema\/person\/92fcd07e9b1f4323bf74f3170fc0f78a"},"description":"La salud mental en la mira: el nuevo desaf\u00edo global del siglo XXI. ya no es una consigna alarmista ni un tema exclusivo del \u00e1mbito m\u00e9dico.","breadcrumb":{"@id":"https:\/\/universofamilia.com\/zh_hk\/la-salud-mental-en-la-mira\/#breadcrumb"},"inLanguage":"id","potentialAction":[{"@type":"ReadAction","target":["https:\/\/universofamilia.com\/zh_hk\/la-salud-mental-en-la-mira\/"]}]},{"@type":"ImageObject","inLanguage":"id","@id":"https:\/\/universofamilia.com\/zh_hk\/la-salud-mental-en-la-mira\/#primaryimage","url":"http:\/\/universofamilia.com\/wp-content\/uploads\/sites\/148\/2025\/12\/Destaque-Novo-Universo-20.jpg","contentUrl":"http:\/\/universofamilia.com\/wp-content\/uploads\/sites\/148\/2025\/12\/Destaque-Novo-Universo-20.jpg","width":450,"height":250,"caption":"La salud mental en la mira: el nuevo desaf\u00edo global del siglo XXI."},{"@type":"BreadcrumbList","@id":"https:\/\/universofamilia.com\/zh_hk\/la-salud-mental-en-la-mira\/#breadcrumb","itemListElement":[{"@type":"ListItem","position":1,"name":"Home","item":"http:\/\/universofamilia.com\/zh_hk\/"},{"@type":"ListItem","position":2,"name":"La salud mental en la mira: el nuevo desaf\u00edo global del siglo XXI"}]},{"@type":"WebSite","@id":"http:\/\/universofamilia.com\/zh_hk\/#website","url":"http:\/\/universofamilia.com\/zh_hk\/","name":"Universo Fam\u00edlia","description":"","potentialAction":[{"@type":"SearchAction","target":{"@type":"EntryPoint","urlTemplate":"http:\/\/universofamilia.com\/zh_hk\/?s={search_term_string}"},"query-input":"required name=search_term_string"}],"inLanguage":"id"},{"@type":"Person","@id":"http:\/\/universofamilia.com\/zh_hk\/#\/schema\/person\/92fcd07e9b1f4323bf74f3170fc0f78a","name":"Matheus Sangaletti","image":{"@type":"ImageObject","inLanguage":"id","@id":"http:\/\/universofamilia.com\/zh_hk\/#\/schema\/person\/image\/","url":"http:\/\/2.gravatar.com\/avatar\/280ea957a14a48e6a1ad2133d2cc27c9?s=96&d=mm&r=g","contentUrl":"http:\/\/2.gravatar.com\/avatar\/280ea957a14a48e6a1ad2133d2cc27c9?s=96&d=mm&r=g","caption":"Matheus Sangaletti"},"url":"http:\/\/universofamilia.com\/id\/author\/matheuss\/"}]}},"_links":{"self":[{"href":"http:\/\/universofamilia.com\/id\/wp-json\/wp\/v2\/posts\/10479"}],"collection":[{"href":"http:\/\/universofamilia.com\/id\/wp-json\/wp\/v2\/posts"}],"about":[{"href":"http:\/\/universofamilia.com\/id\/wp-json\/wp\/v2\/types\/post"}],"author":[{"embeddable":true,"href":"http:\/\/universofamilia.com\/id\/wp-json\/wp\/v2\/users\/219"}],"replies":[{"embeddable":true,"href":"http:\/\/universofamilia.com\/id\/wp-json\/wp\/v2\/comments?post=10479"}],"version-history":[{"count":2,"href":"http:\/\/universofamilia.com\/id\/wp-json\/wp\/v2\/posts\/10479\/revisions"}],"predecessor-version":[{"id":10484,"href":"http:\/\/universofamilia.com\/id\/wp-json\/wp\/v2\/posts\/10479\/revisions\/10484"}],"wp:featuredmedia":[{"embeddable":true,"href":"http:\/\/universofamilia.com\/id\/wp-json\/wp\/v2\/media\/10480"}],"wp:attachment":[{"href":"http:\/\/universofamilia.com\/id\/wp-json\/wp\/v2\/media?parent=10479"}],"wp:term":[{"taxonomy":"category","embeddable":true,"href":"http:\/\/universofamilia.com\/id\/wp-json\/wp\/v2\/categories?post=10479"},{"taxonomy":"post_tag","embeddable":true,"href":"http:\/\/universofamilia.com\/id\/wp-json\/wp\/v2\/tags?post=10479"}],"curies":[{"name":"wp","href":"https:\/\/api.w.org\/{rel}","templated":true}]}}