{"id":1797,"date":"2023-05-25T21:01:58","date_gmt":"2023-05-25T21:01:58","guid":{"rendered":"https:\/\/universofamilia.com\/?p=1797"},"modified":"2023-05-25T21:01:58","modified_gmt":"2023-05-25T21:01:58","slug":"muco-nas-fezes-do-bebe-quando-e-normal-e-quando-se-preocupar","status":"publish","type":"post","link":"http:\/\/universofamilia.com\/ja\/muco-nas-fezes-do-bebe-quando-e-normal-e-quando-se-preocupar\/","title":{"rendered":"\u8d64\u3061\u3083\u3093\u306e\u767a\u75b9\u306b\u3064\u3044\u3066\u3067\u3059\u304c\u3001\u3069\u306e\u3088\u3046\u306a\u5834\u5408\u306f\u6b63\u5e38\u3067\u3001\u3069\u306e\u3088\u3046\u306a\u5834\u5408\u306f\u5fc3\u914d\u3059\u3079\u304d\u3067\u3057\u3087\u3046\u304b?"},"content":{"rendered":"<p>\u4e73\u5150\u306e\u30d5\u30a7\u30bc\u30b9\uff08\u4e73\u5e7c\u5150\u7a81\u7136\u6b7b\uff09\u306f\u3001\u5404\u56fd\u3067\u5171\u901a\u306e\u61f8\u5ff5\u4e8b\u9805\u3068\u306a\u3063\u3066\u3044\u307e\u3059\u3002\u3053\u308c\u306f\u4e0d\u5b89\u3092\u62b1\u304b\u305b\u308b\u304b\u3082\u3057\u308c\u307e\u305b\u3093\u304c\u3001\u72b6\u6cc1\u306b\u3088\u3063\u3066\u306f\u6b63\u5e38\u306a\u5834\u5408\u3082\u591a\u3044\u3053\u3068\u3092\u7406\u89e3\u3059\u308b\u3053\u3068\u304c\u91cd\u8981\u3067\u3059\u3002<\/p>\n\n\n\n<p>\u3053\u306e\u8a18\u4e8b\u3067\u306f\u3001\u30d5\u30a7\u30bc\u30b9\u304c\u3069\u306e\u7a0b\u5ea6\u3067\u3042\u308c\u3070\u6b63\u5e38\u3068\u8a00\u3048\u308b\u306e\u304b\u3001\u307e\u305f\u3001\u3069\u306e\u3088\u3046\u306a\u5834\u5408\u306b\u6ce8\u610f\u3059\u3079\u304d\u306a\u306e\u304b\u306b\u3064\u3044\u3066\u89e3\u8aac\u3057\u307e\u3059\u3002\u3055\u3089\u306b\u8a73\u3057\u3044\u60c5\u5831\u3068\u5b89\u5fc3\u3092\u5f97\u308b\u305f\u3081\u306b\u3001\u305c\u3072\u8aad\u307f\u9032\u3081\u3066\u304f\u3060\u3055\u3044\u3002<\/p>\n\n\n\n<h3 class=\"wp-block-heading\">\u305d\u308c\u3068\u3082\u8d64\u3061\u3083\u3093\u306e\u30d5\u30a7\u30ba\u306b\u305f\u304f\u3055\u3093\u5165\u3063\u3066\u3044\u307e\u3059\u304b\uff1f<\/h3>\n\n\n\n<p>\u8d64\u3061\u3083\u3093\u306e\u4fbf\u306b\u542b\u307e\u308c\u308b\u7c98\u6db2\u3068\u306f\u3001\u30bc\u30e9\u30c1\u30f3\u72b6\u306e\u7c98\u7740\u6027\u306e\u3042\u308b\u7269\u8cea\u304c\u4fbf\u306b\u542b\u307e\u308c\u3066\u3044\u308b\u3053\u3068\u3092\u6307\u3057\u307e\u3059\u3002\u7c98\u6db2\u306e\u6fc3\u5ea6\u3001\u786c\u3055\u3001\u91cf\u306f\u3001\u8d64\u3061\u3083\u3093\u306b\u3088\u3063\u3066\u5927\u304d\u304f\u7570\u306a\u308a\u307e\u3059\u3002<\/p>\n\n\n\n<p>\u5834\u5408\u306b\u3088\u3063\u3066\u306f\u3001\u6392\u4fbf\u304c\u5b8c\u5168\u306b\u6b63\u5e38\u3067\u3042\u308a\u3001\u5065\u5eb7\u4e0a\u306e\u554f\u984c\u3092\u793a\u3057\u3066\u3044\u306a\u3044\u3053\u3068\u306b\u6ce8\u610f\u3059\u308b\u3053\u3068\u304c\u91cd\u8981\u3067\u3059\u3002<\/p>\n\n\n\n<h3 class=\"wp-block-heading\">\u8d64\u3061\u3083\u3093\u306e\u6392\u4fbf\u304c\u6b63\u5e38\u307e\u305f\u306f\u6975\u3081\u3066\u6b63\u5e38\u3067\u3042\u308b\u3068\u307f\u306a\u3055\u308c\u308b\u306e\u306f\u3069\u306e\u3088\u3046\u306a\u5834\u5408\u3067\u3059\u304b?<\/h3>\n\n\n\n<p>\u72b6\u6cc1\u306b\u3088\u3063\u3066\u306f\u3001\u8d64\u3061\u3083\u3093\u306e\u4fbf\u306b\u7c98\u6db2\u304c\u542b\u307e\u308c\u3066\u3044\u308b\u3053\u3068\u306f\u6b63\u5e38\u3067\u3042\u308a\u3001\u5fc3\u914d\u3059\u308b\u5fc5\u8981\u306f\u3042\u308a\u307e\u305b\u3093\u3002<\/p>\n\n\n\n<p>\u305f\u3068\u3048\u3070\u3001\u6b6f\u304c\u751f\u3048\u3066\u3044\u308b\u9593\u306f\u3001\u8d64\u3061\u3083\u3093\u304c\u3088\u308a\u591a\u304f\u306e\u7c98\u6db2\u3092\u5206\u6ccc\u3057\u3001\u305d\u308c\u304c\u4fbf\u306b\u6df7\u3056\u308b\u3053\u3068\u304c\u3088\u304f\u3042\u308a\u307e\u3059\u3002<\/p>\n\n\n\n<p>\u307e\u305f\u3001\u8d64\u3061\u3083\u3093\u306e\u98df\u4e8b\u306b\u56fa\u5f62\u98df\u3092\u53d6\u308a\u5165\u308c\u308b\u3053\u3068\u3067\u3001\u7c98\u6db2\u306e\u5b58\u5728\u306a\u3069\u3001\u80ce\u5150\u306b\u4e00\u6642\u7684\u306a\u5909\u5316\u304c\u751f\u3058\u308b\u3053\u3068\u3082\u3042\u308a\u307e\u3059\u3002<\/p>\n\n\n\n<h3 class=\"wp-block-heading\">\u8d64\u3061\u3083\u3093\u306e\u7c98\u6db2\u306b\u3064\u3044\u3066\u5fc3\u914d\u3059\u3079\u304d\u306a\u306e\u306f\u3044\u3064\u3067\u3059\u304b?<\/h3>\n\n\n<div class=\"wp-block-image\">\n<figure class=\"aligncenter size-full\"><img loading=\"lazy\" decoding=\"async\" width=\"550\" height=\"350\" src=\"http:\/\/universofamilia.com\/wp-content\/uploads\/sites\/148\/2023\/05\/FOTO-POST-muco-fese-bebe-universo-familia-.png\" alt=\"\" class=\"wp-image-1911\" srcset=\"http:\/\/universofamilia.com\/wp-content\/uploads\/sites\/148\/2023\/05\/FOTO-POST-muco-fese-bebe-universo-familia-.png 550w, http:\/\/universofamilia.com\/wp-content\/uploads\/sites\/148\/2023\/05\/FOTO-POST-muco-fese-bebe-universo-familia--300x191.png 300w\" sizes=\"(max-width: 550px) 100vw, 550px\" \/><\/figure><\/div>\n\n\n<p>\u8d64\u3061\u3083\u3093\u306e\u4fbf\u306e\u4e2d\u306b\u585e\u6813\u3084\u7c98\u6db2\u304c\u6df7\u3058\u3063\u3066\u3044\u308b\u3053\u3068\u306f\u3001\u72b6\u6cc1\u306b\u3088\u3063\u3066\u306f\u6b63\u5e38\u306a\u5834\u5408\u3082\u3042\u308a\u307e\u3059\u304c\u3001\u6ce8\u610f\u6df1\u304f\u89b3\u5bdf\u3057\u3001\u533b\u5e2b\u306e\u8a3a\u5bdf\u3092\u53d7\u3051\u308b\u3053\u3068\u304c\u91cd\u8981\u306a\u5834\u5408\u3082\u3042\u308a\u307e\u3059\u3002<\/p>\n\n\n\n<p>\u767a\u71b1\u306b\u8840\u304c\u6df7\u3058\u3063\u305f\u308a\u3001\u4e0b\u75e2\u3084\u5614\u5410\u304c\u7d9a\u3044\u305f\u308a\u3001\u767a\u71b1\u3057\u305f\u308a\u3001\u305d\u306e\u4ed6\u5fc3\u914d\u306a\u75c7\u72b6\u304c\u3042\u308b\u5834\u5408\u306f\u3001\u5c0f\u5150\u79d1\u533b\u306b\u76f8\u8ac7\u3059\u308b\u3053\u3068\u3092\u304a\u52e7\u3081\u3057\u307e\u3059\u3002<\/p>\n\n\n\n<p>\u3053\u308c\u3089\u306e\u75c7\u72b6\u306f\u3001\u80c3\u8178\u611f\u67d3\u75c7\u3084\u305d\u306e\u4ed6\u306e\u57fa\u790e\u75be\u60a3\u3092\u793a\u3057\u3066\u3044\u308b\u53ef\u80fd\u6027\u304c\u3042\u308a\u3001\u9069\u5207\u306a\u8a55\u4fa1\u3068\u6cbb\u7642\u304c\u5fc5\u8981\u3067\u3059\u3002<\/p>\n\n\n\n<h3 class=\"wp-block-heading\">\u8d64\u3061\u3083\u3093\u306e\u4fbf\u306b\u7c98\u6db2\u304c\u51fa\u308b\u539f\u56e0<\/h3>\n\n\n\n<p>\u8d64\u3061\u3083\u3093\u306e\u4fbf\u306e\u7c98\u819c\u304c\u767d\u304f\u306a\u308b\u539f\u56e0\u306f\u3044\u304f\u3064\u304b\u8003\u3048\u3089\u308c\u307e\u3059\u3002\u6b6f\u304c\u751f\u3048\u59cb\u3081\u305f\u308a\u3001\u96e2\u4e73\u98df\u3092\u59cb\u3081\u305f\u308a\u3068\u3044\u3063\u305f\u524d\u8ff0\u306e\u539f\u56e0\u4ee5\u5916\u306b\u3082\u3001\u611f\u67d3\u75c7\u3001\u98df\u7269\u30a2\u30ec\u30eb\u30ae\u30fc\u3001\u4e0d\u8010\u75c7\u3001\u4fbf\u79d8\u3001\u8178\u306e\u708e\u75c7\u306a\u3069\u304c\u539f\u56e0\u3068\u306a\u308b\u3053\u3068\u3082\u3042\u308a\u307e\u3059\u3002<\/p>\n\n\n\n<p>\u305d\u308c\u305e\u308c\u306e\u539f\u56e0\u306b\u306f\u7279\u5b9a\u306e\u7279\u5fb4\u304c\u3042\u308b\u5834\u5408\u304c\u3042\u308a\u3001\u7c98\u6db2\u306e\u767a\u751f\u6e90\u3092\u7279\u5b9a\u3057\u3001\u5fc5\u8981\u306b\u5fdc\u3058\u3066\u9069\u5207\u306a\u6cbb\u7642\u3092\u6c7a\u5b9a\u3059\u308b\u305f\u3081\u306b\u533b\u5b66\u7684\u30b5\u30dd\u30fc\u30c8\u3092\u53d7\u3051\u308b\u3053\u3068\u304c\u4e0d\u53ef\u6b20\u3067\u3059\u3002<\/p>\n\n\n\n<h3 class=\"wp-block-heading\">\u7d50\u8ad6<\/h3>\n\n\n\n<p>\u3064\u307e\u308a\u3001\u6b6f\u304c\u751f\u3048\u3066\u3044\u308b\u3068\u304d\u3084\u56fa\u5f62\u98df\u3092\u98df\u3079\u3066\u3044\u308b\u3068\u304d\u306a\u3069\u3001\u7279\u5b9a\u306e\u72b6\u6cc1\u3067\u306f\u3001\u8d64\u3061\u3083\u3093\u306e\u6392\u4fbf\u306e\u4e00\u90e8\u306f\u6b63\u5e38\u306a\u5834\u5408\u304c\u3042\u308a\u307e\u3059\u3002<\/p>\n\n\n\n<p>\u305f\u3060\u3057\u3001\u4fbf\u304b\u3089\u306e\u51fa\u8840\u3084\u305d\u306e\u4ed6\u306e\u75c7\u72b6\u306a\u3069\u3001\u5fc3\u914d\u306a\u5146\u5019\u306b\u6c17\u4ed8\u304f\u3053\u3068\u304c\u91cd\u8981\u3067\u3059\u3002<\/p>\n\n\n\n<p>\u6b63\u78ba\u306a\u8a3a\u65ad\u3092\u53d7\u3051\u3001\u8d64\u3061\u3083\u3093\u306e\u5065\u5eb7\u3092\u4fdd\u8a3c\u3059\u308b\u305f\u3081\u306b\u306f\u3001\u5c0f\u5150\u79d1\u533b\u306b\u76f8\u8ac7\u3059\u308b\u3053\u3068\u304c\u4e0d\u53ef\u6b20\u3067\u3059\u3002<\/p>\n\n\n\n<p>\u79c1\u305f\u3061\u306b\u3068\u3063\u3066\u3068\u3066\u3082\u5f79\u7acb\u3064\u30b3\u30f3\u30d1\u30fc\u30c8\u30e1\u30f3\u30c8\u306b\u3064\u3044\u3066\u3001\u7686\u3055\u3093\u3082\u305c\u3072\u304a\u5f79\u306b\u7acb\u3066\u3066\u3044\u305f\u3060\u3051\u308c\u3070\u5e78\u3044\u3067\u3059\u3002\u3042\u3042\uff01\u3053\u306e\u6295\u7a3f\u306f\u7d20\u6674\u3089\u3057\u3044\u3067\u3059\u306d\u3002<\/p>\n\n\n\n<blockquote class=\"wp-block-quote\">\n<h5 class=\"wp-block-heading\"><em>\u6ce8\u610f: Universo Fam\u00edlia \u30da\u30fc\u30b8\u306e\u8cc7\u6599\u304a\u3088\u3073\u60c5\u5831\u306f\u3001\u533b\u5b66\u7684\u8a3a\u65ad\u3092\u76ee\u7684\u3068\u3057\u305f\u3082\u306e\u3067\u306f\u306a\u304f\u3001\u307e\u305f\u305d\u306e\u3088\u3046\u306b\u4f7f\u7528\u3055\u308c\u308b\u3079\u304d\u3067\u306f\u3042\u308a\u307e\u305b\u3093\u3002 <strong>\u5b9f\u969b\u306e\u30cb\u30fc\u30ba\u306b\u3064\u3044\u3066\u306f\u3001\u5fc5\u305a\u533b\u5e2b\u307e\u305f\u306f\u8cc7\u683c\u306e\u3042\u308b\u533b\u7642\u5c02\u9580\u5bb6\u306b\u76f8\u8ac7\u3057\u3066\u304f\u3060\u3055\u3044\u3002<\/strong>.<\/em><\/h5>\n<\/blockquote>\n\n\n\n<h4 class=\"wp-block-heading\">\u53c2\u7167:<\/h4>\n\n\n\n<p><a href=\"http:\/\/universofamilia.com\/ja\/rotina-ideal-para-a-familia-dormir-bem\/\" target=\"_blank\" rel=\"noreferrer noopener\">\u30ed\u30c6\u30a3\u30fc\u30ca \u5bb6\u65cf\u304c\u3050\u3063\u3059\u308a\u7720\u308b\u306e\u306b\u6700\u9069<\/a><\/p>\n\n\n\n<p><a href=\"https:\/\/www.luzbaby.com.br\/\" target=\"_blank\" rel=\"noreferrer noopener\">A Luz Baby \u306f\u3001\u5e7c\u5150\u5411\u3051\u88fd\u54c1\u3092\u6271\u3046\u6700\u9ad8\u306e\u304a\u5e97\u306e\u3072\u3068\u3064\u3067\u3059\u3002\u3053\u3053\u3092\u30af\u30ea\u30c3\u30af\u3002<\/a><\/p>","protected":false},"excerpt":{"rendered":"<p>\u4e73\u5150\u306e\u30d5\u30a7\u30bc\u30b9\uff08\u4e73\u5e7c\u5150\u7a81\u7136\u6b7b\uff09\u306f\u3001\u5404\u56fd\u3067\u5171\u901a\u306e\u61f8\u5ff5\u4e8b\u9805\u3068\u306a\u3063\u3066\u3044\u307e\u3059\u3002\u3053\u308c\u306f\u4e0d\u5b89\u3092\u62b1\u304b\u305b\u308b\u304b\u3082\u3057\u308c\u307e\u305b\u3093\u304c\u3001\u72b6\u6cc1\u306b\u3088\u3063\u3066\u306f\u6b63\u5e38\u306a\u5834\u5408\u3082\u591a\u3044\u3053\u3068\u3092\u7406\u89e3\u3059\u308b\u3053\u3068\u304c\u91cd\u8981\u3067\u3059\u3002<br \/>\n\u3053\u306e\u8a18\u4e8b\u3067\u306f\u3001\u8d64\u3061\u3083\u3093\u306e\u4fbf\u306b\u542b\u307e\u308c\u308b\u7c98\u6db2\u304c\u6b63\u5e38\u3068\u307f\u306a\u3055\u308c\u308b\u5834\u5408\u3068\u3001\u5fc3\u914d\u306a\u5834\u5408\u306b\u3064\u3044\u3066\u89e3\u8aac\u3057\u307e\u3059\u3002\u3055\u3089\u306b\u8a73\u3057\u3044\u60c5\u5831\u3068\u5b89\u5fc3\u3092\u5f97\u308b\u305f\u3081\u306b\u3001\u305c\u3072\u8aad\u307f\u9032\u3081\u3066\u304f\u3060\u3055\u3044\u3002<\/p>","protected":false},"author":0,"featured_media":1912,"comment_status":"closed","ping_status":"open","sticky":false,"template":"","format":"standard","meta":{"footnotes":""},"categories":[5],"tags":[1023,1161,1437],"yoast_head":"<!-- This site is optimized with the Yoast SEO plugin v23.3 - https:\/\/yoast.com\/wordpress\/plugins\/seo\/ -->\n<title>Muco nas fezes do beb\u00ea, quando \u00e9 normal e quando se preocupar? - Universo Fam\u00edlia<\/title>\n<meta name=\"description\" content=\"O muco nas fezes do beb\u00ea \u00e9 uma preocupa\u00e7\u00e3o comum entre os pais. Embora possa ser alarmante, \u00e9 importante entender que o muco pode ser normal em certas situa\u00e7\u00f5es.\" \/>\n<meta name=\"robots\" content=\"index, follow, max-snippet:-1, max-image-preview:large, max-video-preview:-1\" \/>\n<link rel=\"canonical\" href=\"https:\/\/universofamilia.com\/ja\/muco-nas-fezes-do-bebe-quando-e-normal-e-quando-se-preocupar\/\" \/>\n<meta property=\"og:locale\" content=\"ja_JP\" \/>\n<meta property=\"og:type\" content=\"article\" \/>\n<meta property=\"og:title\" content=\"Muco nas fezes do beb\u00ea, quando \u00e9 normal e quando se preocupar? - Universo Fam\u00edlia\" \/>\n<meta property=\"og:description\" content=\"O muco nas fezes do beb\u00ea \u00e9 uma preocupa\u00e7\u00e3o comum entre os pais. Embora possa ser alarmante, \u00e9 importante entender que o muco pode ser normal em certas situa\u00e7\u00f5es.\" \/>\n<meta property=\"og:url\" content=\"https:\/\/universofamilia.com\/ja\/muco-nas-fezes-do-bebe-quando-e-normal-e-quando-se-preocupar\/\" \/>\n<meta property=\"og:site_name\" content=\"Universo Fam\u00edlia\" \/>\n<meta property=\"article:published_time\" content=\"2023-05-25T21:01:58+00:00\" \/>\n<meta property=\"og:image\" content=\"https:\/\/universofamilia.com\/wp-content\/uploads\/sites\/148\/2023\/05\/FOTO-DESTAQUE-muco-fezes-bebe-universo-familia-448x350-.png\" \/>\n\t<meta property=\"og:image:width\" content=\"448\" \/>\n\t<meta property=\"og:image:height\" content=\"350\" \/>\n\t<meta property=\"og:image:type\" content=\"image\/png\" \/>\n<meta name=\"twitter:card\" content=\"summary_large_image\" \/>\n<meta name=\"twitter:label1\" content=\"Est. reading time\" \/>\n\t<meta name=\"twitter:data1\" content=\"3\u5206\" \/>\n<script type=\"application\/ld+json\" class=\"yoast-schema-graph\">{\"@context\":\"https:\/\/schema.org\",\"@graph\":[{\"@type\":\"WebPage\",\"@id\":\"https:\/\/universofamilia.com\/hu\/muco-nas-fezes-do-bebe-quando-e-normal-e-quando-se-preocupar\/\",\"url\":\"https:\/\/universofamilia.com\/hu\/muco-nas-fezes-do-bebe-quando-e-normal-e-quando-se-preocupar\/\",\"name\":\"Muco nas fezes do beb\u00ea, quando \u00e9 normal e quando se preocupar? - Universo Fam\u00edlia\",\"isPartOf\":{\"@id\":\"https:\/\/universofamilia.com\/el\/#website\"},\"primaryImageOfPage\":{\"@id\":\"https:\/\/universofamilia.com\/hu\/muco-nas-fezes-do-bebe-quando-e-normal-e-quando-se-preocupar\/#primaryimage\"},\"image\":{\"@id\":\"https:\/\/universofamilia.com\/hu\/muco-nas-fezes-do-bebe-quando-e-normal-e-quando-se-preocupar\/#primaryimage\"},\"thumbnailUrl\":\"http:\/\/universofamilia.com\/wp-content\/uploads\/sites\/148\/2023\/05\/FOTO-DESTAQUE-muco-fezes-bebe-universo-familia-448x350-.png\",\"datePublished\":\"2023-05-25T21:01:58+00:00\",\"dateModified\":\"2023-05-25T21:01:58+00:00\",\"author\":{\"@id\":\"\"},\"description\":\"O muco nas fezes do beb\u00ea \u00e9 uma preocupa\u00e7\u00e3o comum entre os pais. Embora possa ser alarmante, \u00e9 importante entender que o muco pode ser normal em certas situa\u00e7\u00f5es.\",\"breadcrumb\":{\"@id\":\"https:\/\/universofamilia.com\/hu\/muco-nas-fezes-do-bebe-quando-e-normal-e-quando-se-preocupar\/#breadcrumb\"},\"inLanguage\":\"ja\",\"potentialAction\":[{\"@type\":\"ReadAction\",\"target\":[\"https:\/\/universofamilia.com\/hu\/muco-nas-fezes-do-bebe-quando-e-normal-e-quando-se-preocupar\/\"]}]},{\"@type\":\"ImageObject\",\"inLanguage\":\"ja\",\"@id\":\"https:\/\/universofamilia.com\/hu\/muco-nas-fezes-do-bebe-quando-e-normal-e-quando-se-preocupar\/#primaryimage\",\"url\":\"http:\/\/universofamilia.com\/wp-content\/uploads\/sites\/148\/2023\/05\/FOTO-DESTAQUE-muco-fezes-bebe-universo-familia-448x350-.png\",\"contentUrl\":\"http:\/\/universofamilia.com\/wp-content\/uploads\/sites\/148\/2023\/05\/FOTO-DESTAQUE-muco-fezes-bebe-universo-familia-448x350-.png\",\"width\":448,\"height\":350},{\"@type\":\"BreadcrumbList\",\"@id\":\"https:\/\/universofamilia.com\/hu\/muco-nas-fezes-do-bebe-quando-e-normal-e-quando-se-preocupar\/#breadcrumb\",\"itemListElement\":[{\"@type\":\"ListItem\",\"position\":1,\"name\":\"Home\",\"item\":\"https:\/\/universofamilia.com\/el\/\"},{\"@type\":\"ListItem\",\"position\":2,\"name\":\"Muco nas fezes do beb\u00ea, quando \u00e9 normal e quando se preocupar?\"}]},{\"@type\":\"WebSite\",\"@id\":\"https:\/\/universofamilia.com\/el\/#website\",\"url\":\"https:\/\/universofamilia.com\/el\/\",\"name\":\"Universo Fam\u00edlia\",\"description\":\"\",\"potentialAction\":[{\"@type\":\"SearchAction\",\"target\":{\"@type\":\"EntryPoint\",\"urlTemplate\":\"https:\/\/universofamilia.com\/el\/?s={search_term_string}\"},\"query-input\":\"required name=search_term_string\"}],\"inLanguage\":\"ja\"}]}<\/script>\n<!-- \/ Yoast SEO plugin. -->","yoast_head_json":{"title":"Muco nas fezes do beb\u00ea, quando \u00e9 normal e quando se preocupar? - Universo Fam\u00edlia","description":"O muco nas fezes do beb\u00ea \u00e9 uma preocupa\u00e7\u00e3o comum entre os pais. Embora possa ser alarmante, \u00e9 importante entender que o muco pode ser normal em certas situa\u00e7\u00f5es.","robots":{"index":"index","follow":"follow","max-snippet":"max-snippet:-1","max-image-preview":"max-image-preview:large","max-video-preview":"max-video-preview:-1"},"canonical":"https:\/\/universofamilia.com\/ja\/muco-nas-fezes-do-bebe-quando-e-normal-e-quando-se-preocupar\/","og_locale":"ja_JP","og_type":"article","og_title":"Muco nas fezes do beb\u00ea, quando \u00e9 normal e quando se preocupar? - Universo Fam\u00edlia","og_description":"O muco nas fezes do beb\u00ea \u00e9 uma preocupa\u00e7\u00e3o comum entre os pais. Embora possa ser alarmante, \u00e9 importante entender que o muco pode ser normal em certas situa\u00e7\u00f5es.","og_url":"https:\/\/universofamilia.com\/ja\/muco-nas-fezes-do-bebe-quando-e-normal-e-quando-se-preocupar\/","og_site_name":"Universo Fam\u00edlia","article_published_time":"2023-05-25T21:01:58+00:00","og_image":[{"width":448,"height":350,"url":"https:\/\/universofamilia.com\/wp-content\/uploads\/sites\/148\/2023\/05\/FOTO-DESTAQUE-muco-fezes-bebe-universo-familia-448x350-.png","type":"image\/png"}],"twitter_card":"summary_large_image","twitter_misc":{"Est. reading time":"3\u5206"},"schema":{"@context":"https:\/\/schema.org","@graph":[{"@type":"WebPage","@id":"https:\/\/universofamilia.com\/hu\/muco-nas-fezes-do-bebe-quando-e-normal-e-quando-se-preocupar\/","url":"https:\/\/universofamilia.com\/hu\/muco-nas-fezes-do-bebe-quando-e-normal-e-quando-se-preocupar\/","name":"Muco nas fezes do beb\u00ea, quando \u00e9 normal e quando se preocupar? - Universo Fam\u00edlia","isPartOf":{"@id":"https:\/\/universofamilia.com\/el\/#website"},"primaryImageOfPage":{"@id":"https:\/\/universofamilia.com\/hu\/muco-nas-fezes-do-bebe-quando-e-normal-e-quando-se-preocupar\/#primaryimage"},"image":{"@id":"https:\/\/universofamilia.com\/hu\/muco-nas-fezes-do-bebe-quando-e-normal-e-quando-se-preocupar\/#primaryimage"},"thumbnailUrl":"http:\/\/universofamilia.com\/wp-content\/uploads\/sites\/148\/2023\/05\/FOTO-DESTAQUE-muco-fezes-bebe-universo-familia-448x350-.png","datePublished":"2023-05-25T21:01:58+00:00","dateModified":"2023-05-25T21:01:58+00:00","author":{"@id":""},"description":"O muco nas fezes do beb\u00ea \u00e9 uma preocupa\u00e7\u00e3o comum entre os pais. Embora possa ser alarmante, \u00e9 importante entender que o muco pode ser normal em certas situa\u00e7\u00f5es.","breadcrumb":{"@id":"https:\/\/universofamilia.com\/hu\/muco-nas-fezes-do-bebe-quando-e-normal-e-quando-se-preocupar\/#breadcrumb"},"inLanguage":"ja","potentialAction":[{"@type":"ReadAction","target":["https:\/\/universofamilia.com\/hu\/muco-nas-fezes-do-bebe-quando-e-normal-e-quando-se-preocupar\/"]}]},{"@type":"ImageObject","inLanguage":"ja","@id":"https:\/\/universofamilia.com\/hu\/muco-nas-fezes-do-bebe-quando-e-normal-e-quando-se-preocupar\/#primaryimage","url":"http:\/\/universofamilia.com\/wp-content\/uploads\/sites\/148\/2023\/05\/FOTO-DESTAQUE-muco-fezes-bebe-universo-familia-448x350-.png","contentUrl":"http:\/\/universofamilia.com\/wp-content\/uploads\/sites\/148\/2023\/05\/FOTO-DESTAQUE-muco-fezes-bebe-universo-familia-448x350-.png","width":448,"height":350},{"@type":"BreadcrumbList","@id":"https:\/\/universofamilia.com\/hu\/muco-nas-fezes-do-bebe-quando-e-normal-e-quando-se-preocupar\/#breadcrumb","itemListElement":[{"@type":"ListItem","position":1,"name":"Home","item":"https:\/\/universofamilia.com\/el\/"},{"@type":"ListItem","position":2,"name":"Muco nas fezes do beb\u00ea, quando \u00e9 normal e quando se preocupar?"}]},{"@type":"WebSite","@id":"https:\/\/universofamilia.com\/el\/#website","url":"https:\/\/universofamilia.com\/el\/","name":"Universo Fam\u00edlia","description":"","potentialAction":[{"@type":"SearchAction","target":{"@type":"EntryPoint","urlTemplate":"https:\/\/universofamilia.com\/el\/?s={search_term_string}"},"query-input":"required name=search_term_string"}],"inLanguage":"ja"}]}},"_links":{"self":[{"href":"http:\/\/universofamilia.com\/ja\/wp-json\/wp\/v2\/posts\/1797"}],"collection":[{"href":"http:\/\/universofamilia.com\/ja\/wp-json\/wp\/v2\/posts"}],"about":[{"href":"http:\/\/universofamilia.com\/ja\/wp-json\/wp\/v2\/types\/post"}],"replies":[{"embeddable":true,"href":"http:\/\/universofamilia.com\/ja\/wp-json\/wp\/v2\/comments?post=1797"}],"version-history":[{"count":0,"href":"http:\/\/universofamilia.com\/ja\/wp-json\/wp\/v2\/posts\/1797\/revisions"}],"wp:featuredmedia":[{"embeddable":true,"href":"http:\/\/universofamilia.com\/ja\/wp-json\/wp\/v2\/media\/1912"}],"wp:attachment":[{"href":"http:\/\/universofamilia.com\/ja\/wp-json\/wp\/v2\/media?parent=1797"}],"wp:term":[{"taxonomy":"category","embeddable":true,"href":"http:\/\/universofamilia.com\/ja\/wp-json\/wp\/v2\/categories?post=1797"},{"taxonomy":"post_tag","embeddable":true,"href":"http:\/\/universofamilia.com\/ja\/wp-json\/wp\/v2\/tags?post=1797"}],"curies":[{"name":"wp","href":"https:\/\/api.w.org\/{rel}","templated":true}]}}