{"id":1800,"date":"2023-05-25T21:25:20","date_gmt":"2023-05-25T21:25:20","guid":{"rendered":"https:\/\/universofamilia.com\/?p=1800"},"modified":"2023-05-25T21:25:20","modified_gmt":"2023-05-25T21:25:20","slug":"bebe-com-saliva-espumosa","status":"publish","type":"post","link":"http:\/\/universofamilia.com\/ja\/bebe-com-saliva-espumosa\/","title":{"rendered":"\u6ce1\u72b6\u306e\u553e\u6db2\u304c\u51fa\u308b\u8d64\u3061\u3083\u3093\uff1a\u539f\u56e0\u3001\u75c7\u72b6\u3001\u6cbb\u7642\u6cd5"},"content":{"rendered":"<p>\u8d64\u3061\u3083\u3093\u306e\u553e\u6db2\u304c\u6ce1\u72b6\u306b\u306a\u3063\u3066\u3044\u308b\u3053\u3068\u306b\u6c17\u3065\u304d\u3001\u5fc3\u914d\u3057\u3066\u3044\u308b\u4fdd\u8b77\u8005\u306e\u65b9\u306f\u3001\u3053\u306e\u8a18\u4e8b\u304c\u539f\u56e0\u3001\u95a2\u9023\u3059\u308b\u75c7\u72b6\u3001\u305d\u3057\u3066\u6cbb\u7642\u6cd5\u306b\u3064\u3044\u3066\u7406\u89e3\u3059\u308b\u306e\u306b\u5f79\u7acb\u3061\u307e\u3059\u3002\u3053\u306e\u4ef6\u306b\u95a2\u3059\u308b\u91cd\u8981\u306a\u60c5\u5831\u306b\u3064\u3044\u3066\u306f\u3001\u5f15\u304d\u7d9a\u304d\u304a\u8aad\u307f\u304f\u3060\u3055\u3044\u3002<\/p>\n\n\n\n<h3 class=\"wp-block-heading\">\u3042\u308b\u3044\u306f\u3001\u8d64\u3061\u3083\u3093\u306e\u6ce1\u72b6\u306e\u553e\u6db2\u3068\u306f\u4f55\u3067\u3057\u3087\u3046\u304b?<\/h3>\n\n\n\n<p>\u6ce1\u6cab\u553e\u6db2\u3068\u306f\u3001\u8d64\u3061\u3083\u3093\u306e\u553e\u6db2\u306e\u4e2d\u306b\u7802\u7c92\u306e\u3088\u3046\u306a\u584a\u304c\u3067\u304d\u3001\u305d\u308c\u304c\u84c4\u7a4d\u3057\u3066\u6ce1\u306e\u3088\u3046\u306a\u5916\u89b3\u306b\u306a\u308b\u72b6\u614b\u3092\u6307\u3057\u307e\u3059\u3002\u3053\u306e\u75c7\u72b6\u306f\u901a\u5e38\u306f\u7121\u5bb3\u3067\u3059\u304c\u3001\u304a\u5b50\u69d8\u306e\u5065\u5eb7\u3068\u5e78\u798f\u3092\u5b88\u308b\u305f\u3081\u306b\u3001\u305d\u306e\u539f\u56e0\u3068\u75c7\u72b6\u3092\u7406\u89e3\u3059\u308b\u3053\u3068\u304c\u91cd\u8981\u3067\u3059\u3002<\/p>\n\n\n<div class=\"wp-block-image\">\n<figure class=\"aligncenter size-full\"><img loading=\"lazy\" decoding=\"async\" width=\"550\" height=\"350\" src=\"http:\/\/universofamilia.com\/wp-content\/uploads\/sites\/148\/2023\/05\/FOTO-POST-bebe-salivando-universo-familia-.png\" alt=\"\" class=\"wp-image-1908\" srcset=\"http:\/\/universofamilia.com\/wp-content\/uploads\/sites\/148\/2023\/05\/FOTO-POST-bebe-salivando-universo-familia-.png 550w, http:\/\/universofamilia.com\/wp-content\/uploads\/sites\/148\/2023\/05\/FOTO-POST-bebe-salivando-universo-familia--300x191.png 300w\" sizes=\"(max-width: 550px) 100vw, 550px\" \/><\/figure><\/div>\n\n\n<h3 class=\"wp-block-heading\">\u8d64\u3061\u3083\u3093\u306e\u553e\u6db2\u304c\u6ce1\u7acb\u3064\u539f\u56e0<\/h3>\n\n\n\n<p>\u8d64\u3061\u3083\u3093\u306e\u553e\u6db2\u304c\u6ce1\u7acb\u3064\u7406\u7531\u306f\u3044\u304f\u3064\u304b\u3042\u308a\u307e\u3059\u3002\u6700\u3082\u4e00\u822c\u7684\u306a\u539f\u56e0\u306f\u4ee5\u4e0b\u306e\u3068\u304a\u308a\u3067\u3059\u3002<\/p>\n\n\n\n<p>\u6b6f\u304c\u751f\u3048\u59cb\u3081\u308b\u6642\u671f\u306b\u306f\u3001\u8d64\u3061\u3083\u3093\u304c\u553e\u6db2\u306e\u5206\u6ccc\u91cf\u3092\u5897\u3084\u3059\u306e\u306f\u6b63\u5e38\u306a\u3053\u3068\u3067\u3059\u3002\u553e\u6db2\u306e\u5206\u6ccc\u91cf\u306e\u5897\u52a0\u3068\u8a00\u8a9e\u52d5\u4f5c\u306e\u7d44\u307f\u5408\u308f\u305b\u306b\u3088\u308a\u3001\u6ce1\u72b6\u306e\u553e\u6db2\u304c\u51fa\u308b\u3053\u3068\u304c\u3042\u308a\u307e\u3059\u3002<\/p>\n\n\n\n<p>\u80c3\u98df\u9053\u9006\u6d41\uff1a\u80c3\u9178\u306e\u9006\u6d41\u306b\u3088\u308a\u553e\u6db2\u304c\u80c3\u9178\u3068\u6df7\u3056\u308a\u3001\u6ce1\u72b6\u306e\u5916\u89b3\u304c\u751f\u3058\u308b\u3053\u3068\u304c\u3042\u308a\u307e\u3059\u3002<\/p>\n\n\n\n<p>\u547c\u5438\u5668\u611f\u67d3\u75c7: \u98a8\u90aa\u3084\u30a4\u30f3\u30d5\u30eb\u30a8\u30f3\u30b6\u306a\u3069\u306e\u611f\u67d3\u75c7\u306f\u3001\u553e\u6db2\u306e\u5206\u6ccc\u91cf\u306e\u5897\u52a0\u306b\u3064\u306a\u304c\u308a\u3001\u6ce1\u7acb\u3061\u3092\u5f15\u304d\u8d77\u3053\u3059\u3053\u3068\u304c\u3042\u308a\u307e\u3059\u3002<\/p>\n\n\n\n<h3 class=\"wp-block-heading\">\u8d64\u3061\u3083\u3093\u306e\u6ce1\u72b6\u306e\u553e\u6db2\u306b\u95a2\u9023\u3059\u308b\u75c7\u72b6<\/h3>\n\n\n\n<p>\u539f\u56e0\u306b\u3088\u3063\u3066\u306f\u3001\u6ce1\u72b6\u306e\u553e\u6db2\u306b\u52a0\u3048\u3066\u3001\u3044\u304f\u3064\u304b\u306e\u75c7\u72b6\u304c\u73fe\u308c\u308b\u5834\u5408\u304c\u3042\u308a\u307e\u3059\u3002\u4ee5\u4e0b\u306e\u70b9\u306b\u6ce8\u610f\u3057\u3066\u304f\u3060\u3055\u3044\u3002<\/p>\n\n\n\n<p>\u6b6f\u8089\u306e\u708e\u75c7: \u8d64\u3061\u3083\u3093\u304c\u6b6f\u304c\u751f\u3048\u3066\u3044\u308b\u6bb5\u968e\u3067\u3042\u308c\u3070\u3001\u30c1\u30af\u30c1\u30af\u3059\u308b\u611f\u3058\u3001\u523a\u3059\u3088\u3046\u306a\u611f\u3058\u3001\u4e0d\u5feb\u611f\u306a\u3069\u306e\u75c7\u72b6\u304c\u73fe\u308c\u308b\u3053\u3068\u3082\u3042\u308a\u307e\u3059\u3002<\/p>\n\n\n\n<p>\u9006\u6d41: \u80c3\u98df\u9053\u9006\u6d41\u75c7\u306e\u5834\u5408\u3001\u8d64\u3061\u3083\u3093\u306f\u6ce1\u72b6\u306e\u553e\u6db2\u306e\u4ed6\u306b\u3001\u9178\u306e\u9006\u6d41\u3092\u8d77\u3053\u3059\u3053\u3068\u304c\u3042\u308a\u307e\u3059\u3002<\/p>\n\n\n\n<p>\u547c\u5438\u5668\u75c7\u72b6: \u547c\u5438\u5668\u611f\u67d3\u75c7\u304c\u767a\u751f\u3059\u308b\u3068\u3001\u54b3\u3001\u9f3b\u3065\u307e\u308a\u3001\u6c17\u9580\u306a\u3069\u306e\u75c7\u72b6\u304c\u73fe\u308c\u308b\u3053\u3068\u304c\u3042\u308a\u307e\u3059\u3002<\/p>\n\n\n\n<h3 class=\"wp-block-heading\">\u6cbb\u7642\u3068\u30b1\u30a2<\/h3>\n\n\n\n<p>\u8d64\u3061\u3083\u3093\u306e\u6ce1\u72b6\u306e\u553e\u6db2\u306e\u6cbb\u7642\u6cd5\u306f\u3001\u6839\u672c\u7684\u306a\u539f\u56e0\u306b\u3088\u3063\u3066\u7570\u306a\u308a\u307e\u3059\u3002\u4ee5\u4e0b\u306b\u3044\u304f\u3064\u304b\u306e\u5bfe\u7b56\u3092\u3054\u7d39\u4ecb\u3057\u307e\u3059\u3002<\/p>\n\n\n\n<p>\u6b6f\uff1a\u8d64\u3061\u3083\u3093\u306b\u6b6f\u56fa\u3081\u3084\u565b\u3081\u308b\u5b89\u5168\u306a\u3082\u306e\u3092\u4e0e\u3048\u307e\u3057\u3087\u3046\u3002\u6b6f\u830e\u306e\u75db\u307f\u3092\u548c\u3089\u3052\u3001\u553e\u6db2\u306e\u904e\u5270\u5206\u6ccc\u3092\u6291\u3048\u308b\u306e\u306b\u5f79\u7acb\u3061\u307e\u3059\u3002<\/p>\n\n\n\n<p>\u80c3\u98df\u9053\u9006\u6d41\u75c7: \u80c3\u9178\u9006\u6d41\u3092\u6291\u3048\u308b\u306e\u306b\u9069\u3057\u305f\u98df\u4e8b\u3084\u85ac\u306b\u95a2\u3059\u308b\u5177\u4f53\u7684\u306a\u30a2\u30c9\u30d0\u30a4\u30b9\u306b\u3064\u3044\u3066\u306f\u3001\u5c0f\u5150\u79d1\u533b\u306b\u76f8\u8ac7\u3057\u3066\u304f\u3060\u3055\u3044\u3002<\/p>\n\n\n\n<p>\u547c\u5438\u5668\u611f\u67d3\u75c7\uff1a\u6e05\u6f54\u3067\u7d30\u83cc\u306e\u306a\u3044\u74b0\u5883\u3092\u4fdd\u3061\u307e\u3057\u3087\u3046\u3002\u9f3b\u3065\u307e\u308a\u3092\u548c\u3089\u3052\u308b\u305f\u3081\u306b\u52a0\u6e7f\u5668\u3092\u4f7f\u7528\u3057\u3001\u85ac\u3084\u305d\u306e\u4ed6\u306e\u30b1\u30a2\u306b\u3064\u3044\u3066\u306f\u533b\u5e2b\u306e\u6307\u793a\u306b\u5f93\u3063\u3066\u304f\u3060\u3055\u3044\u3002<\/p>\n\n\n\n<h3 class=\"wp-block-heading\">\u7d50\u8ad6<\/h3>\n\n\n\n<p>\u8d64\u3061\u3083\u3093\u306e\u553e\u6db2\u306e\u6ce1\u7acb\u3061\u306f\u3001\u3042\u306a\u305f\u306e\u56fd\u3067\u306f\u61f8\u5ff5\u4e8b\u9805\u3068\u306a\u308b\u53ef\u80fd\u6027\u304c\u3042\u308a\u307e\u3059\u3002\u3053\u306e\u75c7\u72b6\u306f\u307b\u3068\u3093\u3069\u306e\u5834\u5408\u3001\u826f\u6027\u3067\u4e00\u6642\u7684\u306a\u3082\u306e\u3067\u3042\u308b\u3053\u3068\u3092\u7406\u89e3\u3059\u308b\u3053\u3068\u304c\u91cd\u8981\u3067\u3059\u3002\u6839\u672c\u7684\u306a\u539f\u56e0\u30682\u3064\u306e\u95a2\u9023\u3059\u308b\u75c7\u72b6\u3092\u7406\u89e3\u3059\u308b\u3053\u3068\u3067\u3001\u3044\u3064\u533b\u7642\u6a5f\u95a2\u3092\u53d7\u8a3a\u3059\u308b\u5fc5\u8981\u304c\u3042\u308b\u304b\u3092\u5224\u65ad\u3059\u308b\u306e\u306b\u5f79\u7acb\u3061\u307e\u3059\u3002<\/p>\n\n\n\n<p>\u8d64\u3061\u3083\u3093\u306f\u4e00\u4eba\u3072\u3068\u308a\u9055\u3044\u307e\u3059\u3002\u3042\u308b\u8d64\u3061\u3083\u3093\u306b\u52b9\u679c\u304c\u3042\u308b\u65b9\u6cd5\u304c\u3001\u5225\u306e\u8d64\u3061\u3083\u3093\u306b\u306f\u5fc5\u305a\u3057\u3082\u52b9\u679c\u7684\u3068\u306f\u9650\u308a\u307e\u305b\u3093\u3002\u305d\u306e\u305f\u3081\u3001\u304a\u5b50\u69d8\u306e\u884c\u52d5\u3092\u89b3\u5bdf\u3057\u3001\u4f55\u304b\u6c17\u306b\u306a\u308b\u3053\u3068\u304c\u3042\u308c\u3070\u533b\u5e2b\u306e\u8a3a\u5bdf\u3092\u53d7\u3051\u308b\u3053\u3068\u304c\u91cd\u8981\u3067\u3059\u3002<\/p>\n\n\n\n<p>\u79c1\u305f\u3061\u306b\u3068\u3063\u3066\u3068\u3066\u3082\u5f79\u7acb\u3064\u30b3\u30f3\u30d1\u30fc\u30c8\u30e1\u30f3\u30c8\u306b\u3064\u3044\u3066\u3001\u7686\u3055\u3093\u3082\u305c\u3072\u304a\u5f79\u306b\u7acb\u3066\u3066\u3044\u305f\u3060\u3051\u308c\u3070\u5e78\u3044\u3067\u3059\u3002\u3042\u3042\uff01\u3053\u306e\u6295\u7a3f\u306f\u7d20\u6674\u3089\u3057\u3044\u3067\u3059\u306d\u3002<\/p>\n\n\n\n<blockquote class=\"wp-block-quote\">\n<h5 class=\"wp-block-heading\"><em>\u6ce8\u610f: Universo Fam\u00edlia \u30da\u30fc\u30b8\u306e\u8cc7\u6599\u304a\u3088\u3073\u60c5\u5831\u306f\u3001\u533b\u5b66\u7684\u8a3a\u65ad\u3092\u76ee\u7684\u3068\u3057\u305f\u3082\u306e\u3067\u306f\u306a\u304f\u3001\u307e\u305f\u305d\u306e\u3088\u3046\u306b\u4f7f\u7528\u3055\u308c\u308b\u3079\u304d\u3067\u306f\u3042\u308a\u307e\u305b\u3093\u3002 <strong>\u5b9f\u969b\u306e\u30cb\u30fc\u30ba\u306b\u3064\u3044\u3066\u306f\u3001\u5fc5\u305a\u533b\u5e2b\u307e\u305f\u306f\u8cc7\u683c\u306e\u3042\u308b\u533b\u7642\u5c02\u9580\u5bb6\u306b\u76f8\u8ac7\u3057\u3066\u304f\u3060\u3055\u3044\u3002<\/strong>.<\/em><\/h5>\n<\/blockquote>\n\n\n\n<h3 class=\"wp-block-heading\">\u53c2\u7167:<\/h3>\n\n\n\n<p><a href=\"http:\/\/universofamilia.com\/ja\/rotina-ideal-para-a-familia-dormir-bem\/\" target=\"_blank\" rel=\"noreferrer noopener\">\u30ed\u30c6\u30a3\u30fc\u30ca \u5bb6\u65cf\u304c\u3050\u3063\u3059\u308a\u7720\u308b\u306e\u306b\u6700\u9069<\/a><\/p>\n\n\n\n<p><a href=\"http:\/\/universofamilia.com\/ja\/muco-nas-fezes-do-bebe-quando-e-normal-e-quando-se-preocupar\/\" target=\"_blank\" rel=\"noreferrer noopener\">\u9f3b\u6c34\u304c\u51fa\u308b\u5834\u5408\uff1a\u3069\u306e\u3088\u3046\u306a\u5834\u5408\u306f\u6b63\u5e38\u3067\u3001\u3069\u306e\u3088\u3046\u306a\u5834\u5408\u306f\u5fc3\u914d\u3059\u3079\u304d\u3067\u3057\u3087\u3046\u304b\uff1f<\/a><\/p>\n\n\n\n<p><a href=\"https:\/\/www.luzbaby.com.br\/\" target=\"_blank\" rel=\"noreferrer noopener\">A Luz Baby \u306f\u3001\u5e7c\u5150\u5411\u3051\u88fd\u54c1\u3092\u6271\u3046\u6700\u9ad8\u306e\u304a\u5e97\u306e\u3072\u3068\u3064\u3067\u3059\u3002\u3053\u3053\u3092\u30af\u30ea\u30c3\u30af\u3002<\/a><\/p>","protected":false},"excerpt":{"rendered":"<p>\u8d64\u3061\u3083\u3093\u306e\u553e\u6db2\u304c\u6ce1\u72b6\u306b\u306a\u3063\u3066\u3044\u308b\u3053\u3068\u306b\u6c17\u3065\u304d\u3001\u5fc3\u914d\u3057\u3066\u3044\u308b\u4fdd\u8b77\u8005\u306e\u65b9\u306f\u3001\u3053\u306e\u8a18\u4e8b\u304c\u539f\u56e0\u3001\u95a2\u9023\u3059\u308b\u75c7\u72b6\u3001\u305d\u3057\u3066\u6cbb\u7642\u6cd5\u306b\u3064\u3044\u3066\u7406\u89e3\u3059\u308b\u306e\u306b\u5f79\u7acb\u3061\u307e\u3059\u3002\u3053\u306e\u4ef6\u306b\u95a2\u3059\u308b\u91cd\u8981\u306a\u60c5\u5831\u306b\u3064\u3044\u3066\u306f\u3001\u5f15\u304d\u7d9a\u304d\u304a\u8aad\u307f\u304f\u3060\u3055\u3044\u3002<\/p>","protected":false},"author":0,"featured_media":1909,"comment_status":"closed","ping_status":"open","sticky":false,"template":"","format":"standard","meta":{"footnotes":""},"categories":[5],"tags":[508,1161,1437],"yoast_head":"<!-- This site is optimized with the Yoast SEO plugin v23.3 - https:\/\/yoast.com\/wordpress\/plugins\/seo\/ -->\n<title>Beb\u00ea com Saliva Espumosa: Causas, Sintomas e Tratamento - Universo Fam\u00edlia<\/title>\n<meta name=\"description\" content=\"Se voc\u00ea \u00e9 um pai ou m\u00e3e preocupado, que notou que o seu beb\u00ea est\u00e1 produzindo saliva espumosa\" \/>\n<meta name=\"robots\" content=\"index, follow, max-snippet:-1, max-image-preview:large, max-video-preview:-1\" \/>\n<link rel=\"canonical\" href=\"http:\/\/universofamilia.com\/ja\/bebe-com-saliva-espumosa\/\" \/>\n<meta property=\"og:locale\" content=\"ja_JP\" \/>\n<meta property=\"og:type\" content=\"article\" \/>\n<meta property=\"og:title\" content=\"Beb\u00ea com Saliva Espumosa: Causas, Sintomas e Tratamento - Universo Fam\u00edlia\" \/>\n<meta property=\"og:description\" content=\"Se voc\u00ea \u00e9 um pai ou m\u00e3e preocupado, que notou que o seu beb\u00ea est\u00e1 produzindo saliva espumosa\" \/>\n<meta property=\"og:url\" content=\"http:\/\/universofamilia.com\/ja\/bebe-com-saliva-espumosa\/\" \/>\n<meta property=\"og:site_name\" content=\"Universo Fam\u00edlia\" \/>\n<meta property=\"article:published_time\" content=\"2023-05-25T21:25:20+00:00\" \/>\n<meta property=\"og:image\" content=\"http:\/\/universofamilia.com\/wp-content\/uploads\/sites\/148\/2023\/05\/FOTO-DESTAQUE-bebe-salivando-universo-familia-448x350-.png\" \/>\n\t<meta property=\"og:image:width\" content=\"448\" \/>\n\t<meta property=\"og:image:height\" content=\"350\" \/>\n\t<meta property=\"og:image:type\" content=\"image\/png\" \/>\n<meta name=\"twitter:card\" content=\"summary_large_image\" \/>\n<meta name=\"twitter:label1\" content=\"Est. reading time\" \/>\n\t<meta name=\"twitter:data1\" content=\"4\u5206\" \/>\n<script type=\"application\/ld+json\" class=\"yoast-schema-graph\">{\"@context\":\"https:\/\/schema.org\",\"@graph\":[{\"@type\":\"WebPage\",\"@id\":\"http:\/\/universofamilia.com\/ko\/bebe-com-saliva-espumosa\/\",\"url\":\"http:\/\/universofamilia.com\/ko\/bebe-com-saliva-espumosa\/\",\"name\":\"Beb\u00ea com Saliva Espumosa: Causas, Sintomas e Tratamento - Universo Fam\u00edlia\",\"isPartOf\":{\"@id\":\"https:\/\/universofamilia.com\/el\/#website\"},\"primaryImageOfPage\":{\"@id\":\"http:\/\/universofamilia.com\/ko\/bebe-com-saliva-espumosa\/#primaryimage\"},\"image\":{\"@id\":\"http:\/\/universofamilia.com\/ko\/bebe-com-saliva-espumosa\/#primaryimage\"},\"thumbnailUrl\":\"http:\/\/universofamilia.com\/wp-content\/uploads\/sites\/148\/2023\/05\/FOTO-DESTAQUE-bebe-salivando-universo-familia-448x350-.png\",\"datePublished\":\"2023-05-25T21:25:20+00:00\",\"dateModified\":\"2023-05-25T21:25:20+00:00\",\"author\":{\"@id\":\"\"},\"description\":\"Se voc\u00ea \u00e9 um pai ou m\u00e3e preocupado, que notou que o seu beb\u00ea est\u00e1 produzindo saliva espumosa\",\"breadcrumb\":{\"@id\":\"http:\/\/universofamilia.com\/ko\/bebe-com-saliva-espumosa\/#breadcrumb\"},\"inLanguage\":\"ja\",\"potentialAction\":[{\"@type\":\"ReadAction\",\"target\":[\"http:\/\/universofamilia.com\/ko\/bebe-com-saliva-espumosa\/\"]}]},{\"@type\":\"ImageObject\",\"inLanguage\":\"ja\",\"@id\":\"http:\/\/universofamilia.com\/ko\/bebe-com-saliva-espumosa\/#primaryimage\",\"url\":\"http:\/\/universofamilia.com\/wp-content\/uploads\/sites\/148\/2023\/05\/FOTO-DESTAQUE-bebe-salivando-universo-familia-448x350-.png\",\"contentUrl\":\"http:\/\/universofamilia.com\/wp-content\/uploads\/sites\/148\/2023\/05\/FOTO-DESTAQUE-bebe-salivando-universo-familia-448x350-.png\",\"width\":448,\"height\":350},{\"@type\":\"BreadcrumbList\",\"@id\":\"http:\/\/universofamilia.com\/ko\/bebe-com-saliva-espumosa\/#breadcrumb\",\"itemListElement\":[{\"@type\":\"ListItem\",\"position\":1,\"name\":\"Home\",\"item\":\"https:\/\/universofamilia.com\/el\/\"},{\"@type\":\"ListItem\",\"position\":2,\"name\":\"Beb\u00ea com Saliva Espumosa: Causas, Sintomas e Tratamento\"}]},{\"@type\":\"WebSite\",\"@id\":\"https:\/\/universofamilia.com\/el\/#website\",\"url\":\"https:\/\/universofamilia.com\/el\/\",\"name\":\"Universo Fam\u00edlia\",\"description\":\"\",\"potentialAction\":[{\"@type\":\"SearchAction\",\"target\":{\"@type\":\"EntryPoint\",\"urlTemplate\":\"https:\/\/universofamilia.com\/el\/?s={search_term_string}\"},\"query-input\":\"required name=search_term_string\"}],\"inLanguage\":\"ja\"}]}<\/script>\n<!-- \/ Yoast SEO plugin. -->","yoast_head_json":{"title":"Beb\u00ea com Saliva Espumosa: Causas, Sintomas e Tratamento - Universo Fam\u00edlia","description":"Se voc\u00ea \u00e9 um pai ou m\u00e3e preocupado, que notou que o seu beb\u00ea est\u00e1 produzindo saliva espumosa","robots":{"index":"index","follow":"follow","max-snippet":"max-snippet:-1","max-image-preview":"max-image-preview:large","max-video-preview":"max-video-preview:-1"},"canonical":"http:\/\/universofamilia.com\/ja\/bebe-com-saliva-espumosa\/","og_locale":"ja_JP","og_type":"article","og_title":"Beb\u00ea com Saliva Espumosa: Causas, Sintomas e Tratamento - Universo Fam\u00edlia","og_description":"Se voc\u00ea \u00e9 um pai ou m\u00e3e preocupado, que notou que o seu beb\u00ea est\u00e1 produzindo saliva espumosa","og_url":"http:\/\/universofamilia.com\/ja\/bebe-com-saliva-espumosa\/","og_site_name":"Universo Fam\u00edlia","article_published_time":"2023-05-25T21:25:20+00:00","og_image":[{"width":448,"height":350,"url":"http:\/\/universofamilia.com\/wp-content\/uploads\/sites\/148\/2023\/05\/FOTO-DESTAQUE-bebe-salivando-universo-familia-448x350-.png","type":"image\/png"}],"twitter_card":"summary_large_image","twitter_misc":{"Est. reading time":"4\u5206"},"schema":{"@context":"https:\/\/schema.org","@graph":[{"@type":"WebPage","@id":"http:\/\/universofamilia.com\/ko\/bebe-com-saliva-espumosa\/","url":"http:\/\/universofamilia.com\/ko\/bebe-com-saliva-espumosa\/","name":"Beb\u00ea com Saliva Espumosa: Causas, Sintomas e Tratamento - Universo Fam\u00edlia","isPartOf":{"@id":"https:\/\/universofamilia.com\/el\/#website"},"primaryImageOfPage":{"@id":"http:\/\/universofamilia.com\/ko\/bebe-com-saliva-espumosa\/#primaryimage"},"image":{"@id":"http:\/\/universofamilia.com\/ko\/bebe-com-saliva-espumosa\/#primaryimage"},"thumbnailUrl":"http:\/\/universofamilia.com\/wp-content\/uploads\/sites\/148\/2023\/05\/FOTO-DESTAQUE-bebe-salivando-universo-familia-448x350-.png","datePublished":"2023-05-25T21:25:20+00:00","dateModified":"2023-05-25T21:25:20+00:00","author":{"@id":""},"description":"Se voc\u00ea \u00e9 um pai ou m\u00e3e preocupado, que notou que o seu beb\u00ea est\u00e1 produzindo saliva espumosa","breadcrumb":{"@id":"http:\/\/universofamilia.com\/ko\/bebe-com-saliva-espumosa\/#breadcrumb"},"inLanguage":"ja","potentialAction":[{"@type":"ReadAction","target":["http:\/\/universofamilia.com\/ko\/bebe-com-saliva-espumosa\/"]}]},{"@type":"ImageObject","inLanguage":"ja","@id":"http:\/\/universofamilia.com\/ko\/bebe-com-saliva-espumosa\/#primaryimage","url":"http:\/\/universofamilia.com\/wp-content\/uploads\/sites\/148\/2023\/05\/FOTO-DESTAQUE-bebe-salivando-universo-familia-448x350-.png","contentUrl":"http:\/\/universofamilia.com\/wp-content\/uploads\/sites\/148\/2023\/05\/FOTO-DESTAQUE-bebe-salivando-universo-familia-448x350-.png","width":448,"height":350},{"@type":"BreadcrumbList","@id":"http:\/\/universofamilia.com\/ko\/bebe-com-saliva-espumosa\/#breadcrumb","itemListElement":[{"@type":"ListItem","position":1,"name":"Home","item":"https:\/\/universofamilia.com\/el\/"},{"@type":"ListItem","position":2,"name":"Beb\u00ea com Saliva Espumosa: Causas, Sintomas e Tratamento"}]},{"@type":"WebSite","@id":"https:\/\/universofamilia.com\/el\/#website","url":"https:\/\/universofamilia.com\/el\/","name":"Universo Fam\u00edlia","description":"","potentialAction":[{"@type":"SearchAction","target":{"@type":"EntryPoint","urlTemplate":"https:\/\/universofamilia.com\/el\/?s={search_term_string}"},"query-input":"required name=search_term_string"}],"inLanguage":"ja"}]}},"_links":{"self":[{"href":"http:\/\/universofamilia.com\/ja\/wp-json\/wp\/v2\/posts\/1800"}],"collection":[{"href":"http:\/\/universofamilia.com\/ja\/wp-json\/wp\/v2\/posts"}],"about":[{"href":"http:\/\/universofamilia.com\/ja\/wp-json\/wp\/v2\/types\/post"}],"replies":[{"embeddable":true,"href":"http:\/\/universofamilia.com\/ja\/wp-json\/wp\/v2\/comments?post=1800"}],"version-history":[{"count":0,"href":"http:\/\/universofamilia.com\/ja\/wp-json\/wp\/v2\/posts\/1800\/revisions"}],"wp:featuredmedia":[{"embeddable":true,"href":"http:\/\/universofamilia.com\/ja\/wp-json\/wp\/v2\/media\/1909"}],"wp:attachment":[{"href":"http:\/\/universofamilia.com\/ja\/wp-json\/wp\/v2\/media?parent=1800"}],"wp:term":[{"taxonomy":"category","embeddable":true,"href":"http:\/\/universofamilia.com\/ja\/wp-json\/wp\/v2\/categories?post=1800"},{"taxonomy":"post_tag","embeddable":true,"href":"http:\/\/universofamilia.com\/ja\/wp-json\/wp\/v2\/tags?post=1800"}],"curies":[{"name":"wp","href":"https:\/\/api.w.org\/{rel}","templated":true}]}}