{"id":2752,"date":"2023-06-18T20:42:37","date_gmt":"2023-06-18T23:42:37","guid":{"rendered":"https:\/\/universofamilia.com\/?p=2752"},"modified":"2025-02-07T01:22:33","modified_gmt":"2025-02-07T01:22:33","slug":"posso-utilizar-ventilador-no-quarto-do-bebe","status":"publish","type":"post","link":"http:\/\/universofamilia.com\/ja\/posso-utilizar-ventilador-no-quarto-do-bebe\/","title":{"rendered":"\u8d64\u3061\u3083\u3093\u306e\u90e8\u5c4b\u3067\u6247\u98a8\u6a5f\u3092\u4f7f\u3063\u3066\u3082\u3044\u3044\u3067\u3059\u304b\uff1f"},"content":{"rendered":"<p>\u8d64\u3061\u3083\u3093\u306e\u90e8\u5c4b\u3067\u6247\u98a8\u6a5f\u3092\u4f7f\u3063\u3066\u3082\u3044\u3044\u3067\u3059\u304b\uff1f\u8d64\u3061\u3083\u3093\u306b\u3068\u3063\u3066\u5feb\u9069\u306a\u74b0\u5883\u3092\u4f5c\u308b\u3068\u306a\u308b\u3068\u3001\u72ed\u3044\u90e8\u5c4b\u3067\u6247\u98a8\u6a5f\u3092\u4f7f\u3046\u306e\u306f\u5b89\u5168\u3067\u6709\u76ca\u306a\u3053\u3068\u306a\u306e\u304b\u3069\u3046\u304b\u7591\u554f\u306b\u601d\u3046\u4eba\u3082\u591a\u3044\u3067\u3057\u3087\u3046\u3002<\/p>\n\n\n\n<p>\u3055\u3089\u306b\u3001\u8d64\u3061\u3083\u3093\u306e\u90e8\u5c4b\u3067\u6247\u98a8\u6a5f\u3092\u4f7f\u7528\u3059\u308b\u3053\u3068\u306e\u5229\u70b9\u3068\u6ce8\u610f\u306b\u3064\u3044\u3066\u306e\u60c5\u5831\u3092\u63d0\u4f9b\u3057\u3001\u8d64\u3061\u3083\u3093\u7528\u4eba\u5de5\u547c\u5438\u5668\u3068\u4e00\u822c\u7684\u306a\u4eba\u5de5\u547c\u5438\u5668\u306e\u9577\u6240\u3068\u77ed\u6240\u3092\u5f37\u8abf\u3057\u306a\u304c\u3089\u3001\u3053\u306e\u8cea\u554f\u306b\u7b54\u3048\u307e\u3059\u3002<\/p>\n\n\n\n<p>\u4eca\u5f8c\u6570\u65e5\u9593\u3001\u8d64\u3061\u3083\u3093\u306e\u5feb\u9069\u3055\u3092\u78ba\u4fdd\u3059\u308b\u305f\u3081\u306b\u5f79\u7acb\u3064\u30ac\u30a4\u30c0\u30f3\u30b9\u3092\u8aad\u307f\u7d9a\u3051\u3066\u304f\u3060\u3055\u3044\u3002<\/p>\n\n\n\n<p>\u307e\u305f\u3001\u81ea\u5b85\u3067\u30d6\u30ea\u30f3\u30b1\u30c9\u30c6\u30ab\u3092\u80b2\u3066\u308b\u65b9\u6cd5\u3082\u8aad\u3093\u3067\u304f\u3060\u3055\u3044<\/p>\n\n\n<div class=\"wp-block-image\">\n<figure class=\"aligncenter size-full\"><img loading=\"lazy\" decoding=\"async\" width=\"550\" height=\"350\" src=\"http:\/\/universofamilia.com\/wp-content\/uploads\/sites\/148\/2023\/06\/POST-ventilador-de-teto-universo-familia-.png\" alt=\"\" class=\"wp-image-2755\" srcset=\"http:\/\/universofamilia.com\/wp-content\/uploads\/sites\/148\/2023\/06\/POST-ventilador-de-teto-universo-familia-.png 550w, http:\/\/universofamilia.com\/wp-content\/uploads\/sites\/148\/2023\/06\/POST-ventilador-de-teto-universo-familia--300x191.png 300w\" sizes=\"(max-width: 550px) 100vw, 550px\" \/><figcaption class=\"wp-element-caption\"><em>\u5199\u771f\uff1a\uff08\u8907\u88fd\uff0f\u30a4\u30f3\u30bf\u30fc\u30cd\u30c3\u30c8\uff09<\/em><\/figcaption><\/figure><\/div>\n\n\n<h3 class=\"wp-block-heading\"><strong>\u8d64\u3061\u3083\u3093\u306e\u90e8\u5c4b\u3067\u6247\u98a8\u6a5f\u3092\u4f7f\u3046\u30e1\u30ea\u30c3\u30c8\u3068\u6ce8\u610f\u70b9<\/strong><\/h3>\n\n\n\n<p>\u8d64\u3061\u3083\u3093\u306e\u90e8\u5c4b\u3067\u6247\u98a8\u6a5f\u3092\u4f7f\u7528\u3059\u308b\u3068\u3001\u7279\u306b\u6dbc\u3057\u3044\u5b63\u7bc0\u306b\u306f\u3044\u304f\u3064\u304b\u306e\u5229\u70b9\u304c\u3042\u308a\u307e\u3059\u3002\u4ee5\u4e0b\u306b\u3001\u30d5\u30a1\u30f3\u3092\u4f7f\u7528\u3059\u308b\u5229\u70b9\u3092\u3044\u304f\u3064\u304b\u793a\u3057\u307e\u3059\u3002<\/p>\n\n\n\n<p><strong>\u6e29\u5ea6\u8abf\u7bc0<\/strong>: \u9069\u5207\u306a\u30d5\u30a1\u30f3\u3092\u4f7f\u7528\u3059\u308b\u3068\u3001\u8d64\u3061\u3083\u3093\u306b\u3068\u3063\u3066\u6dbc\u3057\u304f\u5feb\u9069\u306a\u74b0\u5883\u3092\u7dad\u6301\u3057\u3001\u904e\u5ea6\u306e\u71b1\u306b\u3088\u308b\u4e0d\u5feb\u611f\u3092\u56de\u907f\u3059\u308b\u3053\u3068\u304c\u3067\u304d\u307e\u3059\u3002<\/p>\n\n\n\n<p><strong>\u7a7a\u6c17\u5faa\u74b0<\/strong>: \u30d5\u30a1\u30f3\u306f\u8d64\u3061\u3083\u3093\u306e\u90e8\u5c4b\u306e\u7a7a\u6c17\u306e\u5faa\u74b0\u3092\u4fc3\u9032\u3057\u3001\u75b2\u52b4\u611f\u3092\u8efd\u6e1b\u3057\u3001\u30ac\u30b9\u3084\u81ed\u3044\u306e\u6fc3\u5ea6\u3092\u4e0b\u3052\u307e\u3059\u3002<\/p>\n\n\n\n<p><strong>\u30db\u30ef\u30a4\u30c8\u30ce\u30a4\u30ba<\/strong>: \u30d5\u30a1\u30f3\u306e\u67d4\u3089\u304b\u306a\u5149\u304c\u5fc3\u3092\u843d\u3061\u7740\u304b\u305b\u308b\u30db\u30ef\u30a4\u30c8\u30ce\u30a4\u30ba\u3092\u4f5c\u308a\u51fa\u3057\u3001\u8d64\u3061\u3083\u3093\u304c\u30ea\u30e9\u30c3\u30af\u30b9\u3057\u3066\u7720\u308a\u306b\u3064\u304d\u3084\u3059\u304f\u306a\u308a\u307e\u3059\u3002<\/p>\n\n\n\n<p>\u6247\u98a8\u6a5f\u3092\u4f7f\u7528\u3059\u308b\u3068\u30e1\u30ea\u30c3\u30c8\u304c\u3042\u308a\u307e\u3059\u304c\u3001\u8d64\u3061\u3083\u3093\u306e\u5065\u5eb7\u306e\u5b89\u5168\u3092\u78ba\u4fdd\u3059\u308b\u305f\u3081\u306b\u3044\u304f\u3064\u304b\u306e\u4e88\u9632\u63aa\u7f6e\u3092\u8b1b\u3058\u308b\u3053\u3068\u304c\u91cd\u8981\u3067\u3059\u3002<\/p>\n\n\n\n<p><strong>\u5b89\u5168\u306a\u8ddd\u96e2<\/strong>: \u30d5\u30a1\u30f3\u304c\u5b89\u5168\u306a\u5834\u6240\u306b\u8a2d\u7f6e\u3055\u308c\u3001\u8d64\u3061\u3083\u3093\u306e\u624b\u306e\u5c4a\u304b\u306a\u3044\u5834\u6240\u306b\u3042\u308b\u3053\u3068\u3092\u78ba\u8a8d\u3057\u3066\u304f\u3060\u3055\u3044\u3002\u307e\u305f\u3001\u30c9\u30a2\u3084\u5b50\u4f9b\u306e\u624b\u306e\u5c4a\u304f\u3068\u3053\u308d\u306b\u7f6e\u304f\u306e\u306f\u907f\u3051\u3066\u304f\u3060\u3055\u3044\u3002<\/p>\n\n\n\n<p><strong>\u5b9a\u671f\u7684\u306a\u6e05\u6383<\/strong>: \u74b0\u5883\u4e2d\u306e\u30a2\u30ec\u30eb\u30b2\u30f3\u306e\u62e1\u6563\u3092\u9632\u3050\u305f\u3081\u3001\u30d5\u30a1\u30f3\u3092\u6e05\u6f54\u306b\u4fdd\u3061\u3001\u307b\u3053\u308a\u3092\u53d6\u308a\u9664\u3044\u3066\u304f\u3060\u3055\u3044\u3002<\/p>\n\n\n\n<p><strong>\u9069\u5207\u306a\u63db\u6c17<\/strong>: \u6247\u98a8\u6a5f\u3092\u4f7f\u7528\u3059\u308b\u5834\u5408\u306f\u3001\u90e8\u5c4b\u306e\u63db\u6c17\u3092\u826f\u304f\u3057\u3001\u30c9\u30a2\u3084\u7a93\u3092\u958b\u3051\u3066\u65b0\u9bae\u306a\u7a7a\u6c17\u304c\u5165\u308b\u3088\u3046\u306b\u3059\u308b\u3053\u3068\u304c\u91cd\u8981\u3067\u3059\u3002<\/p>\n\n\n\n<h4 class=\"wp-block-heading\"><strong>\u30b7\u30fc\u30ea\u30f3\u30b0\u30d5\u30a1\u30f3\u3068\u4e00\u822c\u7684\u306a\u30d5\u30a1\u30f3<\/strong><\/h4>\n\n\n\n<p>\u305d\u308c\u3067\u306f\u3001\u30b7\u30fc\u30ea\u30f3\u30b0\u30d5\u30a1\u30f3\u3068\u4e00\u822c\u7684\u306a\u30d5\u30a1\u30f3\u306e\u30e1\u30ea\u30c3\u30c8\u3068\u30c7\u30e1\u30ea\u30c3\u30c8\u3092\u6bd4\u8f03\u3057\u3066\u307f\u307e\u3057\u3087\u3046\u3002<\/p>\n\n\n\n<h4 class=\"wp-block-heading\"><strong>\u5929\u4e95\u30d5\u30a1\u30f3<\/strong><\/h4>\n\n\n<div class=\"wp-block-image\">\n<figure class=\"aligncenter size-full\"><img loading=\"lazy\" decoding=\"async\" width=\"550\" height=\"350\" src=\"http:\/\/universofamilia.com\/wp-content\/uploads\/sites\/148\/2023\/06\/POST-ventilador-de-teto-universo-familia-1-1.png\" alt=\"\" class=\"wp-image-2754\" srcset=\"http:\/\/universofamilia.com\/wp-content\/uploads\/sites\/148\/2023\/06\/POST-ventilador-de-teto-universo-familia-1-1.png 550w, http:\/\/universofamilia.com\/wp-content\/uploads\/sites\/148\/2023\/06\/POST-ventilador-de-teto-universo-familia-1-1-300x191.png 300w\" sizes=\"(max-width: 550px) 100vw, 550px\" \/><figcaption class=\"wp-element-caption\"><em>\u5199\u771f\uff1a\uff08\u8907\u88fd\uff0f\u30a4\u30f3\u30bf\u30fc\u30cd\u30c3\u30c8\uff09<\/em><\/figcaption><\/figure><\/div>\n\n\n<h5 class=\"wp-block-heading\"><strong>\u5229\u70b9<\/strong><\/h5>\n\n\n\n<p><strong>\u5b87\u5b99\u7d4c\u6e08<\/strong>: \u30b7\u30fc\u30ea\u30f3\u30b0\u30d5\u30a1\u30f3\u306f\u5929\u4e95\u306b\u56fa\u5b9a\u3055\u308c\u3066\u304a\u308a\u3001\u8d64\u3061\u3083\u3093\u306e\u90e8\u5c4b\u306e\u30b9\u30da\u30fc\u30b9\u3092\u3042\u307e\u308a\u5360\u6709\u3057\u307e\u305b\u3093\u3002<\/p>\n\n\n\n<p><strong>\u5747\u4e00\u5206\u5e03<\/strong>: \u80cc\u9762\u30d5\u30a1\u30f3\u304c\u74b0\u5883\u5185\u3067\u3088\u308a\u5747\u4e00\u306b\u52d5\u4f5c\u3057\u3001\u5feb\u9069\u306a\u611f\u899a\u3092\u63d0\u4f9b\u3057\u307e\u3059\u3002<\/p>\n\n\n\n<p><strong>\u5b89\u5168<\/strong>: \u5929\u4e95\u30d5\u30a1\u30f3\u304c\u9ad8\u304f\u306a\u3044\u306e\u3067\u3001\u8d64\u3061\u3083\u3093\u306e\u624b\u306e\u5c4a\u304b\u306a\u3044\u3068\u3053\u308d\u306b\u3042\u308a\u3001\u4e8b\u6545\u306e\u30ea\u30b9\u30af\u3092\u8efd\u6e1b\u3057\u307e\u3059\u3002<\/p>\n\n\n\n<h5 class=\"wp-block-heading\"><strong>\u30c7\u30e1\u30ea\u30c3\u30c8<\/strong><\/h5>\n\n\n\n<p><strong>\u98a8\u5411\u304d\u3092\u5236\u5fa1\u3059\u308b\u306e\u304c\u96e3\u3057\u3044<\/strong>: \u4e00\u90e8\u306e\u30e2\u30c7\u30eb\u3067\u306f\u3001\u98a8\u306e\u65b9\u5411\u3092\u8abf\u6574\u3059\u308b\u306e\u304c\u96e3\u3057\u304b\u3063\u305f\u308a\u3001\u8d64\u3061\u3083\u3093\u306b\u4e0d\u5feb\u611f\u3092\u4e0e\u3048\u308b\u5834\u5408\u304c\u3042\u308a\u307e\u3059\u3002<\/p>\n\n\n\n<p><strong>\u6383\u9664\u304c\u96e3\u3057\u3044<\/strong>: \u30d8\u30c3\u30c9\u4e0a\u306e\u4f4d\u7f6e\u306b\u3088\u308a\u3001\u30d8\u30c3\u30c9\u30d5\u30a1\u30f3\u306e\u30af\u30ea\u30fc\u30cb\u30f3\u30b0\u304c\u96e3\u3057\u304f\u306a\u308b\u5834\u5408\u304c\u3042\u308a\u307e\u3059\u3002<\/p>\n\n\n\n<h4 class=\"wp-block-heading\"><strong>\u4e00\u822c\u7684\u306a\u6247\u98a8\u6a5f<\/strong><\/h4>\n\n\n<div class=\"wp-block-image\">\n<figure class=\"aligncenter size-full\"><img loading=\"lazy\" decoding=\"async\" width=\"550\" height=\"350\" src=\"http:\/\/universofamilia.com\/wp-content\/uploads\/sites\/148\/2023\/06\/POST-ventilador-de-teto-universo-familia-2.png\" alt=\"\" class=\"wp-image-2756\" srcset=\"http:\/\/universofamilia.com\/wp-content\/uploads\/sites\/148\/2023\/06\/POST-ventilador-de-teto-universo-familia-2.png 550w, http:\/\/universofamilia.com\/wp-content\/uploads\/sites\/148\/2023\/06\/POST-ventilador-de-teto-universo-familia-2-300x191.png 300w\" sizes=\"(max-width: 550px) 100vw, 550px\" \/><figcaption class=\"wp-element-caption\"><em>\u5199\u771f\uff1a\uff08\u8907\u88fd\uff0f\u30a4\u30f3\u30bf\u30fc\u30cd\u30c3\u30c8\uff09<\/em><\/figcaption><\/figure><\/div>\n\n\n<h5 class=\"wp-block-heading\"><strong>\u5229\u70b9<\/strong><\/h5>\n\n\n\n<p><strong>\u643a\u5e2f\u6027<\/strong>: \u5171\u901a\u306e\u30d5\u30a1\u30f3\u306f\u90e8\u5c4b\u304b\u3089\u90e8\u5c4b\u3078\u7c21\u5358\u306b\u79fb\u52d5\u3067\u304d\u3001\u5fc5\u8981\u306b\u5fdc\u3058\u3066\u7a7a\u6c17\u306e\u6d41\u308c\u3092\u8abf\u6574\u3067\u304d\u307e\u3059\u3002<\/p>\n\n\n\n<p><strong>\u8abf\u6574\u53ef\u80fd\u306a\u30b3\u30f3\u30c8\u30ed\u30fc\u30eb<\/strong>: \u4e00\u822c\u7684\u306a\u30d5\u30a1\u30f3\u306e\u307b\u3068\u3093\u3069\u306e 2 \u3064\u306e\u30e2\u30c7\u30eb\u306b\u306f\u3001\u901f\u5ea6\u3068\u98a8\u5411\u306e\u8abf\u6574\u30aa\u30d7\u30b7\u30e7\u30f3\u304c\u3042\u308a\u3001\u8d64\u3061\u3083\u3093\u306b\u3055\u3089\u306a\u308b\u5feb\u9069\u3055\u3092\u63d0\u4f9b\u3057\u307e\u3059\u3002<\/p>\n\n\n\n<p><strong>\u304a\u624b\u5165\u308c\u7c21\u5358<\/strong>: \u4e00\u822c\u7684\u306a\u30d5\u30a1\u30f3\u306f\u30a2\u30af\u30bb\u30b9\u3057\u3084\u3059\u3044\u69cb\u9020\u306b\u306a\u3063\u3066\u3044\u308b\u305f\u3081\u3001\u6383\u9664\u304c\u7c21\u5358\u3067\u3059\u3002<\/p>\n\n\n\n<h5 class=\"wp-block-heading\"><strong>\u30c7\u30e1\u30ea\u30c3\u30c8<\/strong><\/h5>\n\n\n\n<p><strong>\u7a7a\u9593\u306e\u5360\u6709<\/strong>: \u4e00\u822c\u7684\u306a\u30d5\u30a1\u30f3\u306f\u5ba4\u5185\u3067\u8ffd\u52a0\u306e\u30b9\u30da\u30fc\u30b9\u3092\u5360\u6709\u3059\u308b\u305f\u3081\u3001\u72ed\u3044\u74b0\u5883\u3067\u306f\u4e0d\u4fbf\u3068\u306a\u308b\u5834\u5408\u304c\u3042\u308a\u307e\u3059\u3002<\/p>\n\n\n\n<p><strong>\u4e8b\u6545\u306e\u30ea\u30b9\u30af\u304c\u9ad8\u307e\u308b<\/strong>: \u53ef\u52d5\u5f0f\u306e\u305f\u3081\u3001\u7a3c\u50cd\u4e2d\u306e\u30d5\u30a1\u30f3\u306b\u8d64\u3061\u3083\u3093\u304c\u76f4\u63a5\u89e6\u308c\u306a\u3044\u3088\u3046\u306b\u6ce8\u610f\u3059\u308b\u5fc5\u8981\u304c\u3042\u308a\u307e\u3059\u3002<\/p>\n\n\n\n<p>\u30d9\u30d3\u30fc\u30eb\u30fc\u30e0\u3092\u6e96\u5099\u3059\u308b\u305f\u3081\u306e10\u306e\u5b9f\u7528\u7684\u306a\u30d2\u30f3\u30c8\u3082\u8aad\u3093\u3067\u304f\u3060\u3055\u3044<\/p>\n\n\n\n<h3 class=\"wp-block-heading\"><strong>\u7d50\u8ad6<\/strong><\/h3>\n\n\n<div class=\"wp-block-image\">\n<figure class=\"aligncenter size-full\"><img loading=\"lazy\" decoding=\"async\" width=\"550\" height=\"350\" src=\"http:\/\/universofamilia.com\/wp-content\/uploads\/sites\/148\/2023\/06\/POST-ventilador-de-teto-universo-familia-3.png\" alt=\"\" class=\"wp-image-2757\" srcset=\"http:\/\/universofamilia.com\/wp-content\/uploads\/sites\/148\/2023\/06\/POST-ventilador-de-teto-universo-familia-3.png 550w, http:\/\/universofamilia.com\/wp-content\/uploads\/sites\/148\/2023\/06\/POST-ventilador-de-teto-universo-familia-3-300x191.png 300w\" sizes=\"(max-width: 550px) 100vw, 550px\" \/><figcaption class=\"wp-element-caption\"><em>\u5199\u771f\uff1a\uff08\u8907\u88fd\uff0f\u30a4\u30f3\u30bf\u30fc\u30cd\u30c3\u30c8\uff09<\/em><\/figcaption><\/figure><\/div>\n\n\n<p>\u8d64\u3061\u3083\u3093\u306e\u90e8\u5c4b\u3067\u6247\u98a8\u6a5f\u306e\u4f7f\u7528\u3092\u691c\u8a0e\u3059\u308b\u3068\u304d\u306f\u3001\u305d\u306e\u5229\u70b9\u3068\u5fc5\u8981\u306a\u6ce8\u610f\u3092\u8a55\u4fa1\u3059\u308b\u3053\u3068\u304c\u91cd\u8981\u3067\u3059\u3002<\/p>\n\n\n\n<p>\u30d5\u30a1\u30f3\u306b\u3088\u308b\u6e29\u5ea6\u8abf\u7bc0\u3001\u7a7a\u6c17\u5faa\u74b0\u3001\u30db\u30ef\u30a4\u30c8\u30ce\u30a4\u30ba\u306b\u3088\u308a\u3001\u8d64\u3061\u3083\u3093\u306b\u5feb\u9069\u3055\u3092\u63d0\u4f9b\u3057\u307e\u3059\u3002<\/p>\n\n\n\n<p>\u305f\u3060\u3057\u3001\u30d5\u30a1\u30f3\u3092\u8d64\u3061\u3083\u3093\u306e\u624b\u306e\u5c4a\u304b\u306a\u3044\u5834\u6240\u306b\u7f6e\u3044\u305f\u308a\u3001\u5b9a\u671f\u7684\u306b\u6383\u9664\u3057\u305f\u308a\u3059\u308b\u306a\u3069\u3001\u5b89\u5168\u3092\u78ba\u4fdd\u3059\u308b\u305f\u3081\u306e\u4e88\u9632\u63aa\u7f6e\u3092\u8b1b\u3058\u308b\u3053\u3068\u304c\u91cd\u8981\u3067\u3059\u3002<\/p>\n\n\n\n<p>\u307e\u305f\u3001\u5929\u4e95\u30d5\u30a1\u30f3\u3068\u4e00\u822c\u7684\u306a\u30d5\u30a1\u30f3\u306e\u3069\u3061\u3089\u304b\u3092\u9078\u629e\u3059\u308b\u3068\u304d\u306f\u3001\u305d\u308c\u305e\u308c\u306e\u30aa\u30d7\u30b7\u30e7\u30f3\u306e\u9577\u6240\u3068\u77ed\u6240\u3092\u8003\u616e\u3057\u3066\u304f\u3060\u3055\u3044\u3002<\/p>\n\n\n\n<p>\u3055\u3089\u306b\u3001\u9069\u5207\u306a\u4e88\u9632\u63aa\u7f6e\u3068\u5b89\u5168\u5bfe\u7b56\u3092\u8b1b\u3058\u308c\u3070\u3001\u8d64\u3061\u3083\u3093\u306e\u90e8\u5c4b\u3067\u6247\u98a8\u6a5f\u3092\u4f7f\u7528\u3059\u308b\u3053\u3068\u3067\u3001\u5feb\u9069\u3067\u5fc3\u5730\u3088\u3044\u74b0\u5883\u3092\u5b9f\u73fe\u3067\u304d\u307e\u3059\u3002<\/p>\n\n\n\n<h3 class=\"wp-block-heading\"><strong>\u8d64\u3061\u3083\u3093\u306e\u90e8\u5c4b\u3067\u306e\u6247\u98a8\u6a5f\u306e\u4f7f\u7528\u306b\u95a2\u3059\u308b\u8a73\u7d30\u306b\u3064\u3044\u3066\u306f\u3001\u6b21\u306e\u4fe1\u983c\u3067\u304d\u308b\u60c5\u5831\u6e90\u3092\u53c2\u7167\u3057\u3066\u304f\u3060\u3055\u3044\u3002<\/strong><\/h3>\n\n\n\n<p>\u30d6\u30e9\u30b8\u30eb\u5c0f\u5150\u79d1\u5354\u4f1a (SBP) \u2013 SBP \u306f\u3001\u8d64\u3061\u3083\u3093\u306e\u30b1\u30a2\u306b\u95a2\u3059\u308b\u30ac\u30a4\u30c9\u30e9\u30a4\u30f3\u3084\u63a8\u5968\u4e8b\u9805\u3092\u63d0\u4f9b\u3059\u308b\u8a8d\u5b9a\u533b\u7642\u6a5f\u95a2\u3067\u3059\u3002<\/p>\n\n\n\n<p>SBP \u516c\u5f0f\u30b5\u30a4\u30c8\u306b\u306f\u3001\u5b50\u3069\u3082\u306e\u5b89\u5168\u3068\u5065\u5eb7\u306b\u95a2\u3059\u308b\u95a2\u9023\u60c5\u5831\u304c\u63b2\u8f09\u3055\u308c\u3066\u3044\u307e\u3059\u3002<\/p>\n\n\n\n<p>\u7c73\u56fd\u5c0f\u5150\u79d1\u5b66\u4f1a (AAP) \u2013 AAP \u306f\u7c73\u56fd\u3092\u62e0\u70b9\u3068\u3059\u308b\u6709\u540d\u306a\u5c0f\u5150\u79d1\u5b66\u4f1a\u3067\u3059\u3002<\/p>\n\n\n\n<p>AAP \u30b5\u30a4\u30c8\u306f\u3001\u5b50\u3069\u3082\u306e\u5065\u5eb7\u3068\u5b89\u5168\u306b\u95a2\u3059\u308b\u30ac\u30a4\u30c0\u30f3\u30b9\u306a\u3069\u3001\u5404\u56fd\u3084\u533b\u7642\u5c02\u9580\u5bb6\u306b\u3068\u3063\u3066\u8cb4\u91cd\u306a\u30ea\u30bd\u30fc\u30b9\u3092\u63d0\u4f9b\u3057\u3066\u3044\u307e\u3059\u3002<\/p>\n\n\n\n<p>\u5fc5\u305a\u5c0f\u5150\u79d1\u533b\u307e\u305f\u306f\u7279\u5b9a\u306e\u30b1\u30fc\u30b9\u3092\u5c02\u9580\u3068\u3059\u308b\u533b\u5e2b\u306b\u76f8\u8ac7\u3059\u308b\u3053\u3068\u3092\u691c\u8a0e\u3057\u3066\u304f\u3060\u3055\u3044\u3002\u307e\u305f\u3001\u8d64\u3061\u3083\u3093\u306e\u72b6\u6cc1\u306b\u5408\u308f\u305b\u305f\u500b\u5225\u306e\u9069\u5207\u306a\u60c5\u5831\u3092\u5f97\u308b\u305f\u3081\u306b\u3001\u5c0f\u5150\u79d1\u533b\u307e\u305f\u306f\u5c02\u9580\u533b\u306e\u6307\u5c0e\u3092\u6c42\u3081\u308b\u3053\u3068\u3092\u5f37\u304f\u304a\u52e7\u3081\u3057\u307e\u3059\u3002<\/p>\n\n\n\n<p>\u8d64\u3061\u3083\u3093\u306e\u5065\u5eb7\u72b6\u614b\u3084\u500b\u3005\u306e\u30cb\u30fc\u30ba\u306b\u57fa\u3065\u3044\u3066\u3001\u30d1\u30fc\u30bd\u30ca\u30e9\u30a4\u30ba\u3055\u308c\u305f\u30ac\u30a4\u30c0\u30f3\u30b9\u3092\u63d0\u4f9b\u3059\u308b\u529b\u3002<\/p>\n\n\n\n<p>\u6307\u793a\u3084\u63a8\u5968\u4e8b\u9805\u306f\u6642\u9593\u306e\u7d4c\u904e\u3068\u3068\u3082\u306b\u66f4\u65b0\u3055\u308c\u308b\u53ef\u80fd\u6027\u304c\u3042\u308b\u305f\u3081\u3001\u3053\u308c\u3089\u306e\u60c5\u5831\u6e90\u306e\u60c5\u5831\u306e\u66f4\u65b0\u3092\u78ba\u8a8d\u3059\u308b\u3053\u3068\u304c\u91cd\u8981\u3067\u3042\u308b\u3053\u3068\u3092\u899a\u3048\u3066\u304a\u304f\u5fc5\u8981\u304c\u3042\u308a\u307e\u3059\u3002<\/p>\n\n\n\n<p>\u307e\u305f\u3001<a href=\"https:\/\/www.luzbaby.com.br\/\" target=\"_blank\" rel=\"noreferrer noopener\"> Luz Baby \u306f\u3001\u5e7c\u5150\u5411\u3051\u88fd\u54c1\u3084\u98df\u54c1\u7d39\u4ecb\u3092\u6271\u3046\u6700\u9ad8\u306e\u304a\u5e97\u306e\u3072\u3068\u3064\u3067\u3059\u3002\u3053\u3053\u3092\u30af\u30ea\u30c3\u30af\u3002<\/a><\/p>","protected":false},"excerpt":{"rendered":"<p>\u8d64\u3061\u3083\u3093\u306e\u90e8\u5c4b\u3067\u6247\u98a8\u6a5f\u3092\u4f7f\u3063\u3066\u3082\u3044\u3044\u3067\u3059\u304b\uff1f\u8d64\u3061\u3083\u3093\u306b\u3068\u3063\u3066\u5feb\u9069\u306a\u74b0\u5883\u3092\u4f5c\u308b\u3068\u306a\u308b\u3068\u3001\u5c0f\u3055\u306a\u90e8\u5c4b\u3067\u6247\u98a8\u6a5f\u3092\u4f7f\u3046\u306e\u306f\u5b89\u5168\u3067\u52b9\u679c\u7684\u306a\u306e\u304b\u3001\u3068\u7591\u554f\u306b\u601d\u3046\u65b9\u3082\u591a\u3044\u3067\u3057\u3087\u3046\u3002\u305d\u3053\u3067\u4eca\u56de\u306f\u3001\u8d64\u3061\u3083\u3093\u306e\u90e8\u5c4b\u3067\u6247\u98a8\u6a5f\u3092\u4f7f\u3046\u30e1\u30ea\u30c3\u30c8\u3068\u6ce8\u610f\u70b9\u3001\u305d\u3057\u3066\u30d9\u30d3\u30fc\u30d9\u30f3\u30c1\u30ec\u30fc\u30bf\u30fc\u3068\u4e00\u822c\u7684\u306a\u4eba\u5de5\u547c\u5438\u5668\u306e\u30e1\u30ea\u30c3\u30c8\u3068\u30c7\u30e1\u30ea\u30c3\u30c8\u306b\u3064\u3044\u3066\u89e3\u8aac\u3057\u307e\u3059\u3002\u3053\u308c\u304b\u3089\u6570\u65e5\u9593\u3001\u8d64\u3061\u3083\u3093\u304c\u5feb\u9069\u306b\u904e\u3054\u305b\u308b\u3088\u3046\u3001\u305c\u3072\u3053\u306e\u8a18\u4e8b\u3092\u8aad\u307f\u9032\u3081\u3066\u304f\u3060\u3055\u3044\u3002\u307e\u305f\u3001\u81ea\u5b85\u3067\u30d6\u30ea\u30f3\u30b1\u30c9\u30c6\u30ab\u3092\u80b2\u3066\u308b\u65b9\u6cd5\u3001\u8d64\u3061\u3083\u3093\u306e\u90e8\u5c4b\u3067\u6247\u98a8\u6a5f\u3092\u4f7f\u3046\u30e1\u30ea\u30c3\u30c8\u3068\u6ce8\u610f\u70b9\u306b\u3064\u3044\u3066\u3082\u8aad\u3093\u3067\u307f\u3066\u304f\u3060\u3055\u3044\u3002[\u2026]<\/p>","protected":false},"author":139,"featured_media":2759,"comment_status":"closed","ping_status":"open","sticky":false,"template":"","format":"standard","meta":{"footnotes":""},"categories":[4],"tags":[1310,1540,1541],"yoast_head":"<!-- This site is optimized with the Yoast SEO plugin v23.3 - https:\/\/yoast.com\/wordpress\/plugins\/seo\/ -->\n<title>Posso utilizar ventilador no quarto do beb\u00ea? - Universo Fam\u00edlia<\/title>\n<meta name=\"description\" content=\"Posso utilizar ventilador no quarto do beb\u00ea? Quando se trata de criar um ambiente confort\u00e1vel para o beb\u00ea,\" \/>\n<meta name=\"robots\" content=\"index, follow, max-snippet:-1, max-image-preview:large, max-video-preview:-1\" \/>\n<link rel=\"canonical\" href=\"https:\/\/universofamilia.com\/ja\/posso-utilizar-ventilador-no-quarto-do-bebe\/\" \/>\n<meta property=\"og:locale\" content=\"ja_JP\" \/>\n<meta property=\"og:type\" content=\"article\" \/>\n<meta property=\"og:title\" content=\"Posso utilizar ventilador no quarto do beb\u00ea? - Universo Fam\u00edlia\" \/>\n<meta property=\"og:description\" content=\"Posso utilizar ventilador no quarto do beb\u00ea? Quando se trata de criar um ambiente confort\u00e1vel para o beb\u00ea,\" \/>\n<meta property=\"og:url\" content=\"https:\/\/universofamilia.com\/ja\/posso-utilizar-ventilador-no-quarto-do-bebe\/\" \/>\n<meta property=\"og:site_name\" content=\"Universo Fam\u00edlia\" \/>\n<meta property=\"article:published_time\" content=\"2023-06-18T23:42:37+00:00\" \/>\n<meta property=\"article:modified_time\" content=\"2025-02-07T01:22:33+00:00\" \/>\n<meta property=\"og:image\" content=\"https:\/\/universofamilia.com\/wp-content\/uploads\/sites\/148\/2023\/06\/FOTO-DESTAQUE-ventilador-de-teto-universo-familia-.png\" \/>\n\t<meta property=\"og:image:width\" content=\"448\" \/>\n\t<meta property=\"og:image:height\" content=\"350\" \/>\n\t<meta property=\"og:image:type\" content=\"image\/png\" \/>\n<meta name=\"author\" content=\"Pedro Henrique\" \/>\n<meta name=\"twitter:card\" content=\"summary_large_image\" \/>\n<meta name=\"twitter:label1\" content=\"Written by\" \/>\n\t<meta name=\"twitter:data1\" content=\"Pedro Henrique\" \/>\n\t<meta name=\"twitter:label2\" content=\"Est. reading time\" \/>\n\t<meta name=\"twitter:data2\" content=\"6\u5206\" \/>\n<script type=\"application\/ld+json\" class=\"yoast-schema-graph\">{\"@context\":\"https:\/\/schema.org\",\"@graph\":[{\"@type\":\"WebPage\",\"@id\":\"https:\/\/universofamilia.com\/da\/posso-utilizar-ventilador-no-quarto-do-bebe\/\",\"url\":\"https:\/\/universofamilia.com\/da\/posso-utilizar-ventilador-no-quarto-do-bebe\/\",\"name\":\"Posso utilizar ventilador no quarto do beb\u00ea? - Universo Fam\u00edlia\",\"isPartOf\":{\"@id\":\"https:\/\/universofamilia.com\/el\/#website\"},\"primaryImageOfPage\":{\"@id\":\"https:\/\/universofamilia.com\/da\/posso-utilizar-ventilador-no-quarto-do-bebe\/#primaryimage\"},\"image\":{\"@id\":\"https:\/\/universofamilia.com\/da\/posso-utilizar-ventilador-no-quarto-do-bebe\/#primaryimage\"},\"thumbnailUrl\":\"http:\/\/universofamilia.com\/wp-content\/uploads\/sites\/148\/2023\/06\/FOTO-DESTAQUE-ventilador-de-teto-universo-familia-.png\",\"datePublished\":\"2023-06-18T23:42:37+00:00\",\"dateModified\":\"2025-02-07T01:22:33+00:00\",\"author\":{\"@id\":\"https:\/\/universofamilia.com\/el\/#\/schema\/person\/f07ce98187dd84d31154262e79b3b7ca\"},\"description\":\"Posso utilizar ventilador no quarto do beb\u00ea? Quando se trata de criar um ambiente confort\u00e1vel para o beb\u00ea,\",\"breadcrumb\":{\"@id\":\"https:\/\/universofamilia.com\/da\/posso-utilizar-ventilador-no-quarto-do-bebe\/#breadcrumb\"},\"inLanguage\":\"ja\",\"potentialAction\":[{\"@type\":\"ReadAction\",\"target\":[\"https:\/\/universofamilia.com\/da\/posso-utilizar-ventilador-no-quarto-do-bebe\/\"]}]},{\"@type\":\"ImageObject\",\"inLanguage\":\"ja\",\"@id\":\"https:\/\/universofamilia.com\/da\/posso-utilizar-ventilador-no-quarto-do-bebe\/#primaryimage\",\"url\":\"http:\/\/universofamilia.com\/wp-content\/uploads\/sites\/148\/2023\/06\/FOTO-DESTAQUE-ventilador-de-teto-universo-familia-.png\",\"contentUrl\":\"http:\/\/universofamilia.com\/wp-content\/uploads\/sites\/148\/2023\/06\/FOTO-DESTAQUE-ventilador-de-teto-universo-familia-.png\",\"width\":448,\"height\":350},{\"@type\":\"BreadcrumbList\",\"@id\":\"https:\/\/universofamilia.com\/da\/posso-utilizar-ventilador-no-quarto-do-bebe\/#breadcrumb\",\"itemListElement\":[{\"@type\":\"ListItem\",\"position\":1,\"name\":\"Home\",\"item\":\"https:\/\/universofamilia.com\/el\/\"},{\"@type\":\"ListItem\",\"position\":2,\"name\":\"Posso utilizar ventilador no quarto do beb\u00ea?\"}]},{\"@type\":\"WebSite\",\"@id\":\"https:\/\/universofamilia.com\/el\/#website\",\"url\":\"https:\/\/universofamilia.com\/el\/\",\"name\":\"Universo Fam\u00edlia\",\"description\":\"\",\"potentialAction\":[{\"@type\":\"SearchAction\",\"target\":{\"@type\":\"EntryPoint\",\"urlTemplate\":\"https:\/\/universofamilia.com\/el\/?s={search_term_string}\"},\"query-input\":\"required name=search_term_string\"}],\"inLanguage\":\"ja\"},{\"@type\":\"Person\",\"@id\":\"https:\/\/universofamilia.com\/el\/#\/schema\/person\/f07ce98187dd84d31154262e79b3b7ca\",\"name\":\"Pedro Henrique\",\"image\":{\"@type\":\"ImageObject\",\"inLanguage\":\"ja\",\"@id\":\"https:\/\/universofamilia.com\/el\/#\/schema\/person\/image\/\",\"url\":\"http:\/\/0.gravatar.com\/avatar\/9edfeb808cb4e1599f64d6e45b130154?s=96&d=mm&r=g\",\"contentUrl\":\"http:\/\/0.gravatar.com\/avatar\/9edfeb808cb4e1599f64d6e45b130154?s=96&d=mm&r=g\",\"caption\":\"Pedro Henrique\"},\"url\":\"http:\/\/universofamilia.com\/ja\/author\/editor01\/\"}]}<\/script>\n<!-- \/ Yoast SEO plugin. -->","yoast_head_json":{"title":"Posso utilizar ventilador no quarto do beb\u00ea? - Universo Fam\u00edlia","description":"Posso utilizar ventilador no quarto do beb\u00ea? Quando se trata de criar um ambiente confort\u00e1vel para o beb\u00ea,","robots":{"index":"index","follow":"follow","max-snippet":"max-snippet:-1","max-image-preview":"max-image-preview:large","max-video-preview":"max-video-preview:-1"},"canonical":"https:\/\/universofamilia.com\/ja\/posso-utilizar-ventilador-no-quarto-do-bebe\/","og_locale":"ja_JP","og_type":"article","og_title":"Posso utilizar ventilador no quarto do beb\u00ea? - Universo Fam\u00edlia","og_description":"Posso utilizar ventilador no quarto do beb\u00ea? Quando se trata de criar um ambiente confort\u00e1vel para o beb\u00ea,","og_url":"https:\/\/universofamilia.com\/ja\/posso-utilizar-ventilador-no-quarto-do-bebe\/","og_site_name":"Universo Fam\u00edlia","article_published_time":"2023-06-18T23:42:37+00:00","article_modified_time":"2025-02-07T01:22:33+00:00","og_image":[{"width":448,"height":350,"url":"https:\/\/universofamilia.com\/wp-content\/uploads\/sites\/148\/2023\/06\/FOTO-DESTAQUE-ventilador-de-teto-universo-familia-.png","type":"image\/png"}],"author":"Pedro Henrique","twitter_card":"summary_large_image","twitter_misc":{"Written by":"Pedro Henrique","Est. reading time":"6\u5206"},"schema":{"@context":"https:\/\/schema.org","@graph":[{"@type":"WebPage","@id":"https:\/\/universofamilia.com\/da\/posso-utilizar-ventilador-no-quarto-do-bebe\/","url":"https:\/\/universofamilia.com\/da\/posso-utilizar-ventilador-no-quarto-do-bebe\/","name":"Posso utilizar ventilador no quarto do beb\u00ea? - Universo Fam\u00edlia","isPartOf":{"@id":"https:\/\/universofamilia.com\/el\/#website"},"primaryImageOfPage":{"@id":"https:\/\/universofamilia.com\/da\/posso-utilizar-ventilador-no-quarto-do-bebe\/#primaryimage"},"image":{"@id":"https:\/\/universofamilia.com\/da\/posso-utilizar-ventilador-no-quarto-do-bebe\/#primaryimage"},"thumbnailUrl":"http:\/\/universofamilia.com\/wp-content\/uploads\/sites\/148\/2023\/06\/FOTO-DESTAQUE-ventilador-de-teto-universo-familia-.png","datePublished":"2023-06-18T23:42:37+00:00","dateModified":"2025-02-07T01:22:33+00:00","author":{"@id":"https:\/\/universofamilia.com\/el\/#\/schema\/person\/f07ce98187dd84d31154262e79b3b7ca"},"description":"Posso utilizar ventilador no quarto do beb\u00ea? Quando se trata de criar um ambiente confort\u00e1vel para o beb\u00ea,","breadcrumb":{"@id":"https:\/\/universofamilia.com\/da\/posso-utilizar-ventilador-no-quarto-do-bebe\/#breadcrumb"},"inLanguage":"ja","potentialAction":[{"@type":"ReadAction","target":["https:\/\/universofamilia.com\/da\/posso-utilizar-ventilador-no-quarto-do-bebe\/"]}]},{"@type":"ImageObject","inLanguage":"ja","@id":"https:\/\/universofamilia.com\/da\/posso-utilizar-ventilador-no-quarto-do-bebe\/#primaryimage","url":"http:\/\/universofamilia.com\/wp-content\/uploads\/sites\/148\/2023\/06\/FOTO-DESTAQUE-ventilador-de-teto-universo-familia-.png","contentUrl":"http:\/\/universofamilia.com\/wp-content\/uploads\/sites\/148\/2023\/06\/FOTO-DESTAQUE-ventilador-de-teto-universo-familia-.png","width":448,"height":350},{"@type":"BreadcrumbList","@id":"https:\/\/universofamilia.com\/da\/posso-utilizar-ventilador-no-quarto-do-bebe\/#breadcrumb","itemListElement":[{"@type":"ListItem","position":1,"name":"Home","item":"https:\/\/universofamilia.com\/el\/"},{"@type":"ListItem","position":2,"name":"Posso utilizar ventilador no quarto do beb\u00ea?"}]},{"@type":"WebSite","@id":"https:\/\/universofamilia.com\/el\/#website","url":"https:\/\/universofamilia.com\/el\/","name":"Universo Fam\u00edlia","description":"","potentialAction":[{"@type":"SearchAction","target":{"@type":"EntryPoint","urlTemplate":"https:\/\/universofamilia.com\/el\/?s={search_term_string}"},"query-input":"required name=search_term_string"}],"inLanguage":"ja"},{"@type":"Person","@id":"https:\/\/universofamilia.com\/el\/#\/schema\/person\/f07ce98187dd84d31154262e79b3b7ca","name":"Pedro Henrique","image":{"@type":"ImageObject","inLanguage":"ja","@id":"https:\/\/universofamilia.com\/el\/#\/schema\/person\/image\/","url":"http:\/\/0.gravatar.com\/avatar\/9edfeb808cb4e1599f64d6e45b130154?s=96&d=mm&r=g","contentUrl":"http:\/\/0.gravatar.com\/avatar\/9edfeb808cb4e1599f64d6e45b130154?s=96&d=mm&r=g","caption":"Pedro Henrique"},"url":"http:\/\/universofamilia.com\/ja\/author\/editor01\/"}]}},"_links":{"self":[{"href":"http:\/\/universofamilia.com\/ja\/wp-json\/wp\/v2\/posts\/2752"}],"collection":[{"href":"http:\/\/universofamilia.com\/ja\/wp-json\/wp\/v2\/posts"}],"about":[{"href":"http:\/\/universofamilia.com\/ja\/wp-json\/wp\/v2\/types\/post"}],"author":[{"embeddable":true,"href":"http:\/\/universofamilia.com\/ja\/wp-json\/wp\/v2\/users\/139"}],"replies":[{"embeddable":true,"href":"http:\/\/universofamilia.com\/ja\/wp-json\/wp\/v2\/comments?post=2752"}],"version-history":[{"count":1,"href":"http:\/\/universofamilia.com\/ja\/wp-json\/wp\/v2\/posts\/2752\/revisions"}],"predecessor-version":[{"id":8591,"href":"http:\/\/universofamilia.com\/ja\/wp-json\/wp\/v2\/posts\/2752\/revisions\/8591"}],"wp:featuredmedia":[{"embeddable":true,"href":"http:\/\/universofamilia.com\/ja\/wp-json\/wp\/v2\/media\/2759"}],"wp:attachment":[{"href":"http:\/\/universofamilia.com\/ja\/wp-json\/wp\/v2\/media?parent=2752"}],"wp:term":[{"taxonomy":"category","embeddable":true,"href":"http:\/\/universofamilia.com\/ja\/wp-json\/wp\/v2\/categories?post=2752"},{"taxonomy":"post_tag","embeddable":true,"href":"http:\/\/universofamilia.com\/ja\/wp-json\/wp\/v2\/tags?post=2752"}],"curies":[{"name":"wp","href":"https:\/\/api.w.org\/{rel}","templated":true}]}}