{"id":2760,"date":"2023-06-18T21:39:10","date_gmt":"2023-06-19T00:39:10","guid":{"rendered":"https:\/\/universofamilia.com\/?p=2760"},"modified":"2025-10-05T22:57:48","modified_gmt":"2025-10-06T01:57:48","slug":"posso-utilizar-ar-condicionado-no-quarto-do-bebe","status":"publish","type":"post","link":"http:\/\/universofamilia.com\/ja\/posso-utilizar-ar-condicionado-no-quarto-do-bebe\/","title":{"rendered":"\u8d64\u3061\u3083\u3093\u306e\u90e8\u5c4b\u3067\u30b3\u30f3\u30c7\u30a3\u30b7\u30e7\u30ca\u30fc\u3092\u4f7f\u3063\u3066\u3082\u3044\u3044\u3067\u3059\u304b\uff1f"},"content":{"rendered":"<p>\u81ea\u5b85\u3067\u8d64\u3061\u3083\u3093\u3092\u7523\u3080\u306e\u306f\u7d20\u6674\u3089\u3057\u3044\u7d4c\u9a13\u3067\u3059\u304c\u3001\u56fd\u306b\u3068\u3063\u3066\u306f\u3055\u307e\u3056\u307e\u306a\u61f8\u5ff5\u3082\u751f\u3058\u307e\u3059\u3002<\/p>\n\n\n\n<p>\u8d64\u3061\u3083\u3093\u306e\u90e8\u5c4b\u3067\u30b3\u30f3\u30c7\u30a3\u30b7\u30e7\u30ca\u30fc\u3092\u4f7f\u3063\u3066\u3082\u3044\u3044\u3067\u3059\u304b\uff1f\u5b89\u5168\u306a\u30d9\u30d3\u30fc\u30eb\u30fc\u30e0\u3067\u306f\u3001\u30a8\u30a2\u30b3\u30f3\u3092\u4f7f\u3046\u3053\u3068\u306b\u4e0d\u5b89\u3092\u611f\u3058\u308b\u4eba\u304c\u591a\u3044\u3088\u3046\u3067\u3059\u3002<\/p>\n\n\n\n<p>\u3053\u306e\u30af\u30a8\u30b9\u30c8\u306b\u95a2\u9023\u3059\u308b\u5229\u70b9\u3068\u6ce8\u610f\u70b9\u3001\u304a\u3088\u3073\u6a5f\u5668\u306e\u8a2d\u7f6e\u306b\u9069\u3057\u305f\u9ad8\u3055\u3068\u5834\u6240\u306b\u3064\u3044\u3066\u691c\u8a0e\u3057\u3066\u307f\u307e\u3057\u3087\u3046\u3002<\/p>\n\n\n<div class=\"wp-block-image\">\n<figure class=\"aligncenter size-full\"><img loading=\"lazy\" decoding=\"async\" width=\"550\" height=\"350\" src=\"http:\/\/universofamilia.com\/wp-content\/uploads\/sites\/148\/2023\/06\/POST-ar-condicionado-universo-familia-2.png\" alt=\"\" class=\"wp-image-2762\" srcset=\"http:\/\/universofamilia.com\/wp-content\/uploads\/sites\/148\/2023\/06\/POST-ar-condicionado-universo-familia-2.png 550w, http:\/\/universofamilia.com\/wp-content\/uploads\/sites\/148\/2023\/06\/POST-ar-condicionado-universo-familia-2-300x191.png 300w\" sizes=\"(max-width: 550px) 100vw, 550px\" \/><figcaption class=\"wp-element-caption\"><em>\u5199\u771f\uff1a\uff08\u8907\u88fd\uff0f\u30a4\u30f3\u30bf\u30fc\u30cd\u30c3\u30c8\uff09<\/em><\/figcaption><\/figure><\/div>\n\n\n<h3 class=\"wp-block-heading\"><strong>\u8d64\u3061\u3083\u3093\u306e\u90e8\u5c4b\u306b\u30a8\u30a2\u30b3\u30f3\u3092\u8a2d\u7f6e\u3059\u308b\u30e1\u30ea\u30c3\u30c8<\/strong><\/h3>\n\n\n\n<p><strong>\u6e29\u5ea6\u5236\u5fa1<\/strong>: \u30a8\u30a2\u30b3\u30f3\u306f\u5ba4\u6e29\u3092\u8abf\u7bc0\u3067\u304d\u308b\u3068\u3044\u3046\u5229\u70b9\u304c\u3042\u308a\u3001\u7279\u306b\u6dbc\u3057\u3044\u5b63\u7bc0\u306b\u306f\u8d64\u3061\u3083\u3093\u306e\u90e8\u5c4b\u304c\u5e38\u306b\u5feb\u9069\u3067\u3042\u308b\u3053\u3068\u3092\u4fdd\u8a3c\u3057\u307e\u3059\u3002<\/p>\n\n\n\n<p>\u9069\u5207\u306a\u6e29\u5ea6\u3092\u7dad\u6301\u3059\u308b\u3053\u3068\u3067\u3001\u8d64\u3061\u3083\u3093\u304c\u7a4f\u3084\u304b\u3067\u5feb\u9069\u306a\u97f3\u3092\u767a\u3059\u308b\u306e\u306b\u5f79\u7acb\u3061\u307e\u3059\u3002<\/p>\n\n\n\n<p><strong>\u6e7f\u5ea6\u306e\u4f4e\u4e0b<\/strong>\u6e29\u5ea6\u3084\u7a7a\u8abf\u3092\u5236\u5fa1\u3059\u308b\u3060\u3051\u3067\u306a\u304f\u3001\u5468\u56f2\u306e\u6e7f\u5ea6\u3092\u4e0b\u3052\u308b\u306e\u306b\u3082\u5f79\u7acb\u3061\u307e\u3059\u3002<\/p>\n\n\n\n<p>\u3053\u308c\u306f\u3001\u8d64\u3061\u3083\u3093\u306e\u547c\u5438\u5668\u7cfb\u306e\u5065\u5eb7\u306b\u5bb3\u3092\u53ca\u307c\u3059\u53ef\u80fd\u6027\u306e\u3042\u308b\u3001\u7d30\u83cc\u3084\u30c0\u30cb\u306e\u84c4\u7a4d\u3092\u9632\u3050\u305f\u3081\u306b\u7279\u306b\u91cd\u8981\u3067\u3059\u3002<\/p>\n\n\n\n<p><strong>\u7a7a\u6c17\u308d\u904e<\/strong>\u591a\u304f\u306e\u7a7a\u8abf\u30b7\u30b9\u30c6\u30e0\u306b\u306f\u3001\u7a7a\u6c17\u3092\u6d44\u5316\u3057\u3001\u547c\u5438\u5668\u7cfb\u306e\u4e0d\u5feb\u611f\u3092\u5f15\u304d\u8d77\u3053\u3059\u53ef\u80fd\u6027\u306e\u3042\u308b\u6c5a\u67d3\u7269\u8cea\u3001\u82b1\u7c89\u3001\u305d\u306e\u4ed6\u306e\u30a2\u30ec\u30eb\u30b2\u30f3\u3092\u9664\u53bb\u3059\u308b\u30d5\u30a3\u30eb\u30bf\u30fc\u304c\u642d\u8f09\u3055\u308c\u3066\u3044\u307e\u3059\u3002<\/p>\n\n\n\n<p>\u307e\u305f\u3001\u547c\u5438\u5668\u7cfb\u304c\u654f\u611f\u306a\u8d64\u3061\u3083\u3093\u3084\u30a2\u30ec\u30eb\u30ae\u30fc\u306e\u3042\u308b\u8d64\u3061\u3083\u3093\u306b\u3082\u7279\u306b\u6709\u76ca\u3067\u3059\u3002<\/p>\n\n\n\n<p>\u30ec\u30a4\u30a2\u3082 <a href=\"http:\/\/universofamilia.com\/ja\/posso-utilizar-ventilador-no-quarto-do-bebe\/\" target=\"_blank\" rel=\"noreferrer noopener\">\u8d64\u3061\u3083\u3093\u306e\u90e8\u5c4b\u3067\u6247\u98a8\u6a5f\u3092\u4f7f\u3063\u3066\u3082\u3044\u3044\u3067\u3059\u304b\uff1f<\/a><\/p>\n\n\n\n<h3 class=\"wp-block-heading\"><strong>\u8d64\u3061\u3083\u3093\u306e\u90e8\u5c4b\u3067\u30a8\u30a2\u30b3\u30f3\u3092\u4f7f\u7528\u3059\u308b\u969b\u306e\u6ce8\u610f<\/strong><\/h3>\n\n\n\n<p><strong>2\u3064\u306e\u30d5\u30a3\u30eb\u30bf\u30fc\u306e\u5b9a\u671f\u7684\u306a\u6e05\u6383<\/strong>: \u7a7a\u6c17\u306e\u8cea\u3092\u4fdd\u8a3c\u3059\u308b\u306b\u306f\u30012 \u3064\u306e\u8abf\u6574\u3055\u308c\u305f\u7a7a\u6c17\u30d5\u30a3\u30eb\u30bf\u30fc\u3092\u5b9a\u671f\u7684\u306b\u6e05\u6383\u3059\u308b\u3053\u3068\u304c\u4e0d\u53ef\u6b20\u3067\u3059\u3002<\/p>\n\n\n\n<p>\u3053\u306e\u51e6\u7f6e\u306b\u3088\u308a\u3001\u6c5a\u67d3\u7269\u8cea\u3084\u30a2\u30ec\u30eb\u30b2\u30f3\u306e\u84c4\u7a4d\u3092\u9632\u304e\u3001\u8d64\u3061\u3083\u3093\u306b\u3068\u3063\u3066\u5065\u5eb7\u7684\u306a\u74b0\u5883\u3092\u78ba\u4fdd\u3059\u308b\u3053\u3068\u304c\u3067\u304d\u307e\u3059\u3002<\/p>\n\n\n\n<p><strong>\u9069\u5207\u306a\u6e29\u5ea6<\/strong>: \u8d64\u3061\u3083\u3093\u306b\u3068\u3063\u3066\u9069\u5207\u306a\u6e29\u5ea6\u306b\u8abf\u7bc0\u30fb\u8abf\u6574\u3059\u308b\u3053\u3068\u304c\u5927\u5207\u3067\u3059\u3002<\/p>\n\n\n\n<p>\u74b0\u5883\u304c\u975e\u5e38\u306b\u5bd2\u3044\u5834\u5408\u3067\u3082\u5feb\u9069\u306a\u6e29\u5ea6\u3092\u4fdd\u3064\u305f\u3081\u306b\u3001\u6e29\u5ea6\u3092 23\u00b0C \uff5e 25\u00b0C \u306b\u7dad\u6301\u3059\u308b\u3053\u3068\u3092\u304a\u52e7\u3081\u3057\u307e\u3059\u3002<\/p>\n\n\n\n<p><strong>\u76f4\u9032\u7684\u306a\u7a7a\u6c17\u306e\u6d41\u308c\u3092\u907f\u3051\u308b<\/strong>: \u8d64\u3061\u3083\u3093\u304c\u5bdd\u3066\u3044\u308b\u5834\u6240\u306b\u98a8\u304c\u76f4\u63a5\u5f53\u305f\u3089\u306a\u3044\u3088\u3046\u306b\u30b3\u30f3\u30c7\u30a3\u30b7\u30e7\u30ca\u30fc\u3092\u914d\u7f6e\u3057\u3066\u304f\u3060\u3055\u3044\u3002<\/p>\n\n\n\n<p>\u547c\u5438\u56f0\u96e3\u3084\u98a8\u90aa\u3092\u5f15\u304d\u8d77\u3053\u3059\u53ef\u80fd\u6027\u3082\u3042\u308a\u307e\u3059\u3002<\/p>\n\n\n\n<h3 class=\"wp-block-heading\"><strong>\u8d64\u3061\u3083\u3093\u306e\u90e8\u5c4b\u306e\u72b6\u614b\u306e\u9ad8\u3055\u3068\u5834\u6240<\/strong><\/h3>\n\n\n\n<p>\u8d64\u3061\u3083\u3093\u306e\u90e8\u5c4b\u306e\u8a2d\u7f6e\u3084\u8abf\u6574\u306b\u95a2\u3057\u3066\u306f\u3001\u9ad8\u3055\u3068\u9069\u5207\u306a\u5834\u6240\u3092\u8003\u616e\u3059\u308b\u3053\u3068\u304c\u91cd\u8981\u3067\u3059\u3002\u4ee5\u4e0b\u306b\u3044\u304f\u3064\u304b\u306e\u30d2\u30f3\u30c8\u3092\u793a\u3057\u307e\u3059\u3002<\/p>\n\n\n\n<p><strong>\u7406\u60f3\u7684\u306a\u8eab\u9577<\/strong>: \u8d64\u3061\u3083\u3093\u306e\u624b\u306e\u5c4a\u304b\u306a\u3044\u5b89\u5168\u306a\u9ad8\u3055\u306b\u8a2d\u7f6e\u307e\u305f\u306f\u8abf\u6574\u3057\u3066\u304f\u3060\u3055\u3044\u3002\u63a8\u5968\u9ad8\u3055\u306f\u5929\u4e95\u304b\u3089\u7d041.8\u30e1\u30fc\u30c8\u30eb\u3067\u3059\u3002<\/p>\n\n\n\n<p>\u3053\u308c\u306b\u3088\u308a\u3001\u8d64\u3061\u3083\u3093\u304c\u6a5f\u5668\u306b\u8fd1\u3065\u304f\u306e\u3092\u9632\u304e\u3001\u4e8b\u6545\u306e\u53ef\u80fd\u6027\u3092\u9632\u304e\u307e\u3059\u3002<\/p>\n\n\n<div class=\"wp-block-image\">\n<figure class=\"aligncenter size-full\"><img loading=\"lazy\" decoding=\"async\" width=\"550\" height=\"350\" src=\"http:\/\/universofamilia.com\/wp-content\/uploads\/sites\/148\/2023\/06\/POST-ar-condicionado-universo-familia-.png\" alt=\"\" class=\"wp-image-2763\" srcset=\"http:\/\/universofamilia.com\/wp-content\/uploads\/sites\/148\/2023\/06\/POST-ar-condicionado-universo-familia-.png 550w, http:\/\/universofamilia.com\/wp-content\/uploads\/sites\/148\/2023\/06\/POST-ar-condicionado-universo-familia--300x191.png 300w\" sizes=\"(max-width: 550px) 100vw, 550px\" \/><figcaption class=\"wp-element-caption\"><em>\u5199\u771f\uff1a\uff08\u8907\u88fd\uff0f\u30a4\u30f3\u30bf\u30fc\u30cd\u30c3\u30c8\uff09<\/em><\/figcaption><\/figure><\/div>\n\n\n<p><strong>\u30d9\u30eb\u30bd\u304b\u3089\u306e\u8ddd\u96e2<\/strong>: \u30b3\u30f3\u30c7\u30a3\u30b7\u30e7\u30ca\u30fc\u304c\u30d9\u30fc\u30b9\u304b\u3089\u5b89\u5168\u306a\u8ddd\u96e2\u306b\u914d\u7f6e\u3055\u308c\u3066\u3044\u308b\u3053\u3068\u3092\u78ba\u8a8d\u3057\u3066\u304f\u3060\u3055\u3044\u3002<\/p>\n\n\n\n<p>\u8d64\u3061\u3083\u3093\u304c\u7720\u3063\u3066\u3044\u308b\u9593\u306b\u4e0d\u5feb\u306b\u611f\u3058\u308b\u53ef\u80fd\u6027\u304c\u3042\u308b\u306e\u3067\u3001\u7a7a\u6c17\u3092\u591a\u3059\u304e\u305f\u308a\u3001\u7a7a\u6c17\u306b\u8fd1\u3059\u304e\u305f\u308a\u3001\u76f4\u63a5\u7a7a\u6c17\u304c\u6d41\u308c\u308b\u3053\u3068\u306f\u907f\u3051\u3066\u304f\u3060\u3055\u3044\u3002<\/p>\n\n\n\n<p><strong>\u969c\u5bb3\u7269\u3092\u907f\u3051\u308b<\/strong>: \u8abf\u7bc0\u3055\u308c\u305f\u71b1\u306e\u6d41\u308c\u3092\u59a8\u3052\u308b\u3082\u306e\u304c\u306a\u3044\u3053\u3068\u3092\u78ba\u8a8d\u3057\u3066\u304f\u3060\u3055\u3044\u3002<\/p>\n\n\n\n<p>\u307e\u305f\u3001\u74b0\u5883\u5185\u306e\u9069\u5207\u306a\u5faa\u74b0\u3092\u78ba\u4fdd\u3059\u308b\u305f\u3081\u306b\u3001\u6a5f\u5668\u306e\u5468\u56f2\u306b\u30b9\u30da\u30fc\u30b9\u3092\u78ba\u4fdd\u3057\u3066\u304f\u3060\u3055\u3044\u3002<\/p>\n\n\n\n<h3 class=\"wp-block-heading\"><strong>\u30d9\u30d3\u30fc\u30eb\u30fc\u30e0\u3078\u306e\u30a8\u30a2\u30b3\u30f3\u8a2d\u7f6e\u306e\u3054\u63d0\u6848<\/strong><\/h3>\n\n\n\n<p>\u6a5f\u5668\u306e\u52b9\u7387\u3068\u5b50\u4f9b\u306e\u5b89\u5168\u3092\u4fdd\u8a3c\u3059\u308b\u306b\u306f\u3001\u8d64\u3061\u3083\u3093\u306e\u90e8\u5c4b\u3067\u306e\u72b6\u614b\u3092\u6b63\u3057\u304f\u8a2d\u7f6e\u3059\u308b\u3053\u3068\u304c\u4e0d\u53ef\u6b20\u3067\u3059\u3002<\/p>\n\n\n\n<p>\u8a2d\u7f6e\u65b9\u6cd5\u3068\u3001\u914d\u7f6e\u3084\u8abf\u6574\u306b\u9069\u3057\u305f\u9ad8\u3055\u306b\u95a2\u3059\u308b\u30ac\u30a4\u30c9\u30e9\u30a4\u30f3\u3092\u4ee5\u4e0b\u306b\u793a\u3057\u307e\u3059\u3002<\/p>\n\n\n\n<p><strong>\u5c02\u9580\u5bb6\u3092\u96c7\u3046<\/strong>: \u6761\u4ef6\u306e\u30a4\u30f3\u30b9\u30c8\u30fc\u30eb\u306f\u8cc7\u683c\u306e\u3042\u308b\u5c02\u9580\u5bb6\u304c\u884c\u3046\u3053\u3068\u3092\u304a\u52e7\u3081\u3057\u307e\u3059\u3002<\/p>\n\n\n\n<p>\u307e\u305f\u3001\u3053\u306e\u5c02\u9580\u5bb6\u306f\u3001\u5b89\u5168\u304b\u3064\u9069\u5207\u306a\u8a2d\u7f6e\u3092\u5b9f\u884c\u3057\u3001\u30ea\u30b9\u30af\u3092\u6700\u5c0f\u9650\u306b\u6291\u3048\u3001\u6a5f\u5668\u306e\u9069\u5207\u306a\u6a5f\u80fd\u3092\u4fdd\u8a3c\u3059\u308b\u305f\u3081\u306b\u5fc5\u8981\u306a\u6280\u8853\u7684\u77e5\u8b58\u3092\u6301\u3063\u3066\u3044\u307e\u3059\u3002<\/p>\n\n\n\n<p><strong>\u58c1\u307e\u305f\u306f\u7a93\u3092\u9078\u629e<\/strong>: \u8a2d\u7f6e\u307e\u305f\u306f\u8abf\u6574\u3092\u884c\u3046\u524d\u306b\u3001\u6a5f\u5668\u3092\u58c1\u306b\u56fa\u5b9a\u3059\u308b\u304b\u30c9\u30a2\u306b\u56fa\u5b9a\u3059\u308b\u304b\u3092\u6c7a\u3081\u308b\u3053\u3068\u304c\u91cd\u8981\u3067\u3059\u3002<\/p>\n\n\n\n<p>\u3053\u306e\u9078\u629e\u306f\u3001\u74b0\u5883\u306e\u7279\u6027\u3068\u8d64\u3061\u3083\u3093\u306e\u90e8\u5c4b\u306e\u69cb\u9020\u306b\u3088\u3063\u3066\u7570\u306a\u308a\u307e\u3059\u3002<\/p>\n\n\n\n<p><strong>\u63a8\u5968\u9ad8\u3055<\/strong>: \u8d64\u3061\u3083\u3093\u306e\u90e8\u5c4b\u306e\u4f4d\u7f6e\u3084\u8abf\u6574\u306b\u7406\u60f3\u7684\u306a\u9ad8\u3055\u306f\u3001\u5b50\u4f9b\u90e8\u5c4b\u306e\u7d04 1.8 \u30e1\u30fc\u30c8\u30eb\u3067\u3059\u3002\u3057\u305f\u304c\u3063\u3066\u3001\u3053\u306e\u9ad8\u3055\u306b\u3088\u308a\u7a7a\u6c17\u304c\u52b9\u7387\u7684\u306b\u5468\u56f2\u306b\u5206\u6563\u3055\u308c\u3001\u8d64\u3061\u3083\u3093\u306e\u6e29\u71b1\u7684\u5feb\u9069\u6027\u304c\u7dad\u6301\u3055\u308c\u307e\u3059\u3002<\/p>\n\n\n<div class=\"wp-block-image\">\n<figure class=\"aligncenter size-full\"><img loading=\"lazy\" decoding=\"async\" width=\"550\" height=\"350\" src=\"http:\/\/universofamilia.com\/wp-content\/uploads\/sites\/148\/2023\/06\/POST-ar-condicionado-universo-familia-1-1.png\" alt=\"\" class=\"wp-image-2765\" srcset=\"http:\/\/universofamilia.com\/wp-content\/uploads\/sites\/148\/2023\/06\/POST-ar-condicionado-universo-familia-1-1.png 550w, http:\/\/universofamilia.com\/wp-content\/uploads\/sites\/148\/2023\/06\/POST-ar-condicionado-universo-familia-1-1-300x191.png 300w\" sizes=\"(max-width: 550px) 100vw, 550px\" \/><figcaption class=\"wp-element-caption\"><em>\u5199\u771f\uff1a\uff08\u8907\u88fd\uff0f\u30a4\u30f3\u30bf\u30fc\u30cd\u30c3\u30c8\uff09<\/em><\/figcaption><\/figure><\/div>\n\n\n<p><strong>\u969c\u5bb3\u7269\u3092\u907f\u3051\u308b<\/strong>: \u6761\u4ef6\u306e\u5468\u56f2\u306b\u52d5\u304f\u3082\u306e\u3084\u969c\u5bb3\u7269\u304c\u306a\u3044\u3053\u3068\u3092\u78ba\u8a8d\u3057\u3066\u304f\u3060\u3055\u3044\u3002\u3053\u308c\u3089\u306e\u969c\u5bb3\u7269\u306f\u7a7a\u6c17\u306e\u5faa\u74b0\u3092\u59a8\u3052\u3001\u6a5f\u5668\u306e\u52b9\u7387\u306b\u5f71\u97ff\u3092\u4e0e\u3048\u308b\u53ef\u80fd\u6027\u304c\u3042\u308a\u307e\u3059\u3002<\/p>\n\n\n\n<p><strong>\u7a7a\u6c17\u306e\u6d41\u308c\u306e\u65b9\u5411<\/strong>: \u7a7a\u6c17\u306e\u6d41\u308c\u304c\u5e8a\u3084\u8d64\u3061\u3083\u3093\u304c\u5bdd\u3066\u3044\u308b\u5834\u6240\u306b\u76f4\u63a5\u5f53\u305f\u3089\u306a\u3044\u3088\u3046\u306b\u30b3\u30f3\u30c7\u30a3\u30b7\u30e7\u30ca\u30fc\u3092\u914d\u7f6e\u3057\u307e\u3059\u3002 Isso \u306f\u3001\u76f4\u63a5\u7684\u306a\u7a7a\u6c17\u306e\u6d41\u308c\u306b\u3088\u3063\u3066\u5f15\u304d\u8d77\u3053\u3055\u308c\u308b\u547c\u5438\u5668\u7cfb\u306e\u4e0d\u5feb\u611f\u3092\u9632\u304e\u307e\u3059\u3002<\/p>\n\n\n\n<p><strong>\u5b89\u5168\u306a\u8ddd\u96e2<\/strong>: \u8a13\u7df4\u3092\u53d7\u3051\u305f\u4eba\u3068\u30d9\u30eb\u30b3\u3068\u306e\u9593\u306b\u5b89\u5168\u306a\u8ddd\u96e2\u3092\u4fdd\u3061\u3001\u4e21\u8005\u304c\u8fd1\u3065\u304d\u3059\u304e\u306a\u3044\u3088\u3046\u306b\u3057\u307e\u3059\u3002<\/p>\n\n\n\n<p>\u3057\u305f\u304c\u3063\u3066\u3001\u3053\u306e\u5bfe\u7b56\u306b\u3088\u308a\u3001\u8d64\u3061\u3083\u3093\u304c\u51b7\u305f\u3044\u7a7a\u6c17\u306e\u6d41\u308c\u306b\u76f4\u63a5\u3055\u3089\u3055\u308c\u308b\u3053\u3068\u304c\u306a\u304f\u306a\u308a\u3001\u98a8\u90aa\u3084\u4e0d\u5feb\u611f\u3092\u9632\u3050\u3053\u3068\u304c\u3067\u304d\u307e\u3059\u3002<\/p>\n\n\n\n<p>\u30a8\u30a2\u30b3\u30f3\u3092\u8a2d\u7f6e\u3059\u308b\u969b\u306f\u5fc5\u305a\u88fd\u9020\u5143\u306e\u6307\u793a\u306b\u5f93\u3044\u3001\u4e0d\u660e\u306a\u70b9\u304c\u3042\u308b\u5834\u5408\u306f\u5c02\u9580\u5bb6\u306b\u76f8\u8ac7\u3057\u3066\u304f\u3060\u3055\u3044\u3002<\/p>\n\n\n\n<p>\u307e\u305f\u3001\u9069\u5207\u306a\u8a2d\u7f6e\u3068\u4f4d\u7f6e\u3001\u307e\u305f\u306f\u9ad8\u3055\u306e\u8abf\u6574\u3092\u78ba\u5b9f\u306b\u884c\u3046\u3053\u3068\u3067\u3001\u8d64\u3061\u3083\u3093\u306e\u5065\u5eb7\u306e\u305f\u3081\u306b\u5b89\u5168\u3067\u5feb\u9069\u306a\u6e29\u5ea6\u7ba1\u7406\u3055\u308c\u305f\u74b0\u5883\u3092\u63d0\u4f9b\u3067\u304d\u307e\u3059\u3002<\/p>\n\n\n\n<h3 class=\"wp-block-heading\"><strong>\u7d50\u8ad6<\/strong><\/h3>\n\n\n\n<p>\u9069\u5207\u306a\u6ce8\u610f\u3092\u6255\u3048\u3070\u3001\u8d64\u3061\u3083\u3093\u306e\u90e8\u5c4b\u306b\u7a7a\u8abf\u8a2d\u5099\u3092\u8a2d\u7f6e\u3059\u308b\u3068\u5927\u304d\u306a\u30e1\u30ea\u30c3\u30c8\u304c\u5f97\u3089\u308c\u307e\u3059\u3002<\/p>\n\n\n\n<p>\u6e29\u5ea6\u3092\u30b3\u30f3\u30c8\u30ed\u30fc\u30eb\u3057\u3001\u6e7f\u5ea6\u3092\u4e0b\u3052\u3001\u30d5\u30a3\u30eb\u30bf\u30fc\u3092\u304b\u3051\u308b\u3068\u3044\u3046\u91cd\u8981\u306a\u30b9\u30c6\u30c3\u30d7\u306f\u3001\u8d64\u3061\u3083\u3093\u306b\u3068\u3063\u3066\u5b89\u5168\u306a\u74b0\u5883\u3092\u78ba\u4fdd\u3059\u308b\u305f\u3081\u306b\u91cd\u8981\u3067\u3059\u3002<\/p>\n\n\n\n<p>2 \u3064\u306e\u30d5\u30a3\u30eb\u30bf\u30fc\u3092\u5b9a\u671f\u7684\u306b\u6e05\u6383\u3057\u3001\u8d64\u3061\u3083\u3093\u306e\u30cb\u30fc\u30ba\u3084\u4f4d\u7f6e\u3001\u72b6\u614b\u306b\u5fdc\u3058\u3066\u6e29\u5ea6\u3092\u8abf\u6574\u3057\u3001\u5b50\u4f9b\u306e\u624b\u306e\u5c4a\u304b\u306a\u3044\u3068\u3053\u308d\u306b\u4fdd\u7ba1\u3059\u308b\u5fc5\u8981\u304c\u3042\u308a\u307e\u3059\u3002<\/p>\n\n\n\n<p>\u3057\u305f\u304c\u3063\u3066\u3001\u3053\u308c\u3089\u306e\u30ac\u30a4\u30c9\u30e9\u30a4\u30f3\u306b\u5f93\u3046\u3053\u3068\u3067\u3001\u8d64\u3061\u3083\u3093\u306b\u3068\u3063\u3066\u5feb\u9069\u3067\u5fc3\u5730\u3088\u3044\u74b0\u5883\u3092\u697d\u3057\u3080\u3053\u3068\u304c\u3067\u304d\u3001\u8d64\u3061\u3083\u3093\u306e\u5065\u5eb7\u3068\u826f\u597d\u306a\u97f3\u8cea\u3092\u4fc3\u9032\u3067\u304d\u307e\u3059\u3002<\/p>\n\n\n\n<p>\u30a2\u30af\u30bb\u30b5\u30ea\u30fc\u3084\u8863\u985e\u304c\u5fc5\u8981\u3067\u3059\u3001conhe\u00e7a |&nbsp;<a href=\"https:\/\/www.luzbaby.com.br\/\" target=\"_blank\" rel=\"noreferrer noopener\">A Luz Baby \u306f\u3001\u5e7c\u5150\u5411\u3051\u88fd\u54c1\u3092\u6271\u3046\u6700\u9ad8\u306e\u304a\u5e97\u306e\u3072\u3068\u3064\u3067\u3059\u3002\u3053\u3053\u3092\u30af\u30ea\u30c3\u30af<\/a><\/p>\n\n\n\n<h3 class=\"wp-block-heading\"><strong>\u8a73\u7d30\u60c5\u5831<\/strong><\/h3>\n\n\n\n<p>\u8d64\u3061\u3083\u3093\u306e\u90e8\u5c4b\u3067\u306e\u30a8\u30a2\u30b3\u30f3\u306e\u4f7f\u7528\u306b\u95a2\u3059\u308b\u3088\u308a\u8a73\u7d30\u3067\u5305\u62ec\u7684\u306a\u60c5\u5831\u306b\u3064\u3044\u3066\u306f\u3001\u8ffd\u52a0\u306e\u60c5\u5831\u6e90\u3092\u53c2\u7167\u3057\u3001\u5c02\u9580\u5bb6\u306e\u610f\u898b\u3092\u8003\u616e\u3059\u308b\u3053\u3068\u3092\u304a\u52e7\u3081\u3057\u307e\u3059\u3002<\/p>\n\n\n\n<p><strong>\u4ee5\u4e0b\u306b\u3001\u53c2\u8003\u306b\u3057\u3066\u3044\u305f\u3060\u3051\u308b\u4fe1\u983c\u3067\u304d\u308b\u53c2\u8003\u8cc7\u6599\u3092\u3044\u304f\u3064\u304b\u793a\u3057\u307e\u3059\u3002<\/strong><\/p>\n\n\n\n<p><strong>\u30d6\u30e9\u30b8\u30eb\u5c0f\u5150\u79d1\u5b66\u4f1a\uff08SBP\uff09\uff1a<\/strong> SBP \u306f\u3001\u80b2\u5150\u306b\u95a2\u3059\u308b\u30ac\u30a4\u30c9\u30e9\u30a4\u30f3\u3084\u60c5\u5831\u3092\u63d0\u4f9b\u3059\u308b\u6709\u540d\u306a\u6a5f\u95a2\u3067\u3059\u3002\u516c\u5f0f\u30b5\u30a4\u30c8\uff08https:\/\/www.sbp.com.br\/\uff09\u3067\u306f\u3001\u8d64\u3061\u3083\u3093\u306e\u90e8\u5c4b\u3067\u306e\u30a8\u30a2\u30b3\u30f3\u306e\u4f7f\u7528\u306b\u95a2\u3059\u308b\u30ac\u30a4\u30c0\u30f3\u30b9\u304c\u63d0\u4f9b\u3055\u308c\u3066\u3044\u307e\u3059\u3002<\/p>\n\n\n\n<p><strong>\u30d6\u30e9\u30b8\u30eb\u51b7\u51cd\u7a7a\u8abf\u63db\u6c17\u6c34\u9053\u5354\u4f1a\uff08ABRAVA\uff09<\/strong> ABRAVA \u306f\u3001\u7a7a\u8abf\u5206\u91ce\u306e\u5c02\u9580\u5bb6\u3068\u4f01\u696d\u3092\u7d50\u96c6\u3059\u308b\u5354\u4f1a\u3067\u3059\u3002\u3053\u306e\u30b5\u30a4\u30c8 (https:\/\/abrava.com.br\/) \u3067\u306f\u3001\u6761\u4ef6\u306e\u9069\u5207\u306a\u30a4\u30f3\u30b9\u30c8\u30fc\u30eb\u306b\u95a2\u3059\u308b\u6280\u8853\u60c5\u5831\u3092\u63d0\u4f9b\u3067\u304d\u307e\u3059\u3002<\/p>\n\n\n\n<p><strong>\u5c0f\u5150\u79d1\u533b\u3068\u30a8\u30a2\u30b3\u30f3\u5c02\u9580\u533b\u306b\u76f8\u8ac7\u3059\u308b<\/strong>\u8d64\u3061\u3083\u3093\u306e\u90e8\u5c4b\u3067\u306e\u30a8\u30a2\u30b3\u30f3\u306e\u4f7f\u7528\u306b\u3064\u3044\u3066\u8a71\u3057\u5408\u3046\u3068\u304d\u306f\u3001\u5fc5\u305a\u533b\u7642\u5c02\u9580\u5bb6\u3084\u30a8\u30a2\u30b3\u30f3\u306e\u5c02\u9580\u5bb6\u306e\u610f\u898b\u3092\u6c42\u3081\u308b\u3053\u3068\u304c\u6709\u52b9\u3067\u3059\u3002<\/p>\n\n\n\n<p>\u304a\u5b50\u69d8\u306e\u5065\u5eb7\u5c65\u6b74\u306b\u57fa\u3065\u3044\u305f\u5177\u4f53\u7684\u306a\u30a2\u30c9\u30d0\u30a4\u30b9\u3092\u5f97\u308b\u305f\u3081\u306b\u3001\u5c0f\u5150\u79d1\u533b\u3068\u306e\u76f8\u8ac7\u3092\u30b9\u30b1\u30b8\u30e5\u30fc\u30eb\u3057\u3066\u304f\u3060\u3055\u3044\u3002<\/p>\n\n\n\n<p>\u307e\u305f\u3001\u7a7a\u8abf\u306e\u5c02\u9580\u5bb6\u306b\u76f8\u8ac7\u3059\u308c\u3070\u3001\u74b0\u5883\u306e\u7279\u6027\u306b\u5408\u308f\u305b\u305f\u500b\u5225\u306e\u30a2\u30c9\u30d0\u30a4\u30b9\u3092\u53d7\u3051\u308b\u3053\u3068\u3082\u3067\u304d\u307e\u3059\u3002<\/p>\n\n\n\n<p>\u8d64\u3061\u3083\u3093\u306e\u500b\u3005\u306e\u30cb\u30fc\u30ba\u3084\u74b0\u5883\u306e\u7279\u5b9a\u306e\u6761\u4ef6\u306b\u5fdc\u3058\u3066\u3001\u5411\u304d\u304c\u5909\u308f\u308b\u5834\u5408\u304c\u3042\u308b\u3053\u3068\u306b\u6ce8\u610f\u3057\u3066\u304f\u3060\u3055\u3044\u3002<\/p>\n\n\n\n<p>\u3057\u305f\u304c\u3063\u3066\u3001\u4fe1\u983c\u3067\u304d\u308b\u8cc7\u683c\u306e\u3042\u308b\u5c02\u9580\u5bb6\u306e\u60c5\u5831\u6e90\u304b\u3089\u3001\u6700\u65b0\u306e\u500b\u5225\u306e\u60c5\u5831\u3092\u5165\u624b\u3059\u308b\u3053\u3068\u304c\u91cd\u8981\u3067\u3059\u3002<\/p>","protected":false},"excerpt":{"rendered":"<p>Ter um beb\u00ea em casa \u00e9 uma experi\u00eancia incr\u00edvel, mas tamb\u00e9m traz diversas preocupa\u00e7\u00f5es para os pais. Posso Utilizar Ar Condicionado no Quarto do Beb\u00ea ? As pessoas frequentemente t\u00eam a d\u00favida se utilizar um ar condicionado no quarto do beb\u00ea \u00e9 seguro Vamos explorar os benef\u00edcios e cuidados relacionados a essa quest\u00e3o, al\u00e9m de abordar a altura e a localiza\u00e7\u00e3o adequada para a instala\u00e7\u00e3o do aparelho. Benef\u00edcios de utilizar um ar condicionado no quarto do beb\u00ea Controle da temperatura: O ar condicionado oferece a vantagem de regular a temperatura do ambiente, garantindo que o quarto do beb\u00ea esteja sempre agrad\u00e1vel, especialmente durante as esta\u00e7\u00f5es mais quentes do ano. Manter [&hellip;]<\/p>","protected":false},"author":219,"featured_media":2766,"comment_status":"closed","ping_status":"open","sticky":false,"template":"","format":"standard","meta":{"footnotes":""},"categories":[4],"tags":[486,487,1310],"yoast_head":"<!-- This site is optimized with the Yoast SEO plugin v23.3 - https:\/\/yoast.com\/wordpress\/plugins\/seo\/ -->\n<title>Posso Utilizar Ar Condicionado no Quarto do Beb\u00ea? - Universo Fam\u00edlia<\/title>\n<meta name=\"description\" content=\"Posso Utilizar Ar Condicionado no Quarto do Beb\u00ea? Ter um beb\u00ea em casa \u00e9 uma experi\u00eancia incr\u00edvel, mas tamb\u00e9m traz diversas preocupa\u00e7\u00f5es para\" \/>\n<meta name=\"robots\" content=\"index, follow, max-snippet:-1, max-image-preview:large, max-video-preview:-1\" \/>\n<link rel=\"canonical\" href=\"https:\/\/universofamilia.com\/ja\/posso-utilizar-ar-condicionado-no-quarto-do-bebe\/\" \/>\n<meta property=\"og:locale\" content=\"ja_JP\" \/>\n<meta property=\"og:type\" content=\"article\" \/>\n<meta property=\"og:title\" content=\"Posso Utilizar Ar Condicionado no Quarto do Beb\u00ea? - Universo Fam\u00edlia\" \/>\n<meta property=\"og:description\" content=\"Posso Utilizar Ar Condicionado no Quarto do Beb\u00ea? Ter um beb\u00ea em casa \u00e9 uma experi\u00eancia incr\u00edvel, mas tamb\u00e9m traz diversas preocupa\u00e7\u00f5es para\" \/>\n<meta property=\"og:url\" content=\"https:\/\/universofamilia.com\/ja\/posso-utilizar-ar-condicionado-no-quarto-do-bebe\/\" \/>\n<meta property=\"og:site_name\" content=\"Universo Fam\u00edlia\" \/>\n<meta property=\"article:published_time\" content=\"2023-06-19T00:39:10+00:00\" \/>\n<meta property=\"article:modified_time\" content=\"2025-10-06T01:57:48+00:00\" \/>\n<meta property=\"og:image\" content=\"https:\/\/universofamilia.com\/wp-content\/uploads\/sites\/148\/2023\/06\/FOTO-DESTAQUE-ar-condicionado-universo-familia-.png\" \/>\n\t<meta property=\"og:image:width\" content=\"448\" \/>\n\t<meta property=\"og:image:height\" content=\"350\" \/>\n\t<meta property=\"og:image:type\" content=\"image\/png\" \/>\n<meta name=\"author\" content=\"Matheus Sangaletti\" \/>\n<meta name=\"twitter:card\" content=\"summary_large_image\" \/>\n<meta name=\"twitter:label1\" content=\"Written by\" \/>\n\t<meta name=\"twitter:data1\" content=\"Matheus Sangaletti\" \/>\n\t<meta name=\"twitter:label2\" content=\"Est. reading time\" \/>\n\t<meta name=\"twitter:data2\" content=\"8\u5206\" \/>\n<script type=\"application\/ld+json\" class=\"yoast-schema-graph\">{\"@context\":\"https:\/\/schema.org\",\"@graph\":[{\"@type\":\"WebPage\",\"@id\":\"https:\/\/universofamilia.com\/da\/posso-utilizar-ar-condicionado-no-quarto-do-bebe\/\",\"url\":\"https:\/\/universofamilia.com\/da\/posso-utilizar-ar-condicionado-no-quarto-do-bebe\/\",\"name\":\"Posso Utilizar Ar Condicionado no Quarto do Beb\u00ea? - Universo Fam\u00edlia\",\"isPartOf\":{\"@id\":\"https:\/\/universofamilia.com\/el\/#website\"},\"primaryImageOfPage\":{\"@id\":\"https:\/\/universofamilia.com\/da\/posso-utilizar-ar-condicionado-no-quarto-do-bebe\/#primaryimage\"},\"image\":{\"@id\":\"https:\/\/universofamilia.com\/da\/posso-utilizar-ar-condicionado-no-quarto-do-bebe\/#primaryimage\"},\"thumbnailUrl\":\"http:\/\/universofamilia.com\/wp-content\/uploads\/sites\/148\/2023\/06\/FOTO-DESTAQUE-ar-condicionado-universo-familia-.png\",\"datePublished\":\"2023-06-19T00:39:10+00:00\",\"dateModified\":\"2025-10-06T01:57:48+00:00\",\"author\":{\"@id\":\"https:\/\/universofamilia.com\/el\/#\/schema\/person\/92fcd07e9b1f4323bf74f3170fc0f78a\"},\"description\":\"Posso Utilizar Ar Condicionado no Quarto do Beb\u00ea? Ter um beb\u00ea em casa \u00e9 uma experi\u00eancia incr\u00edvel, mas tamb\u00e9m traz diversas preocupa\u00e7\u00f5es para\",\"breadcrumb\":{\"@id\":\"https:\/\/universofamilia.com\/da\/posso-utilizar-ar-condicionado-no-quarto-do-bebe\/#breadcrumb\"},\"inLanguage\":\"ja\",\"potentialAction\":[{\"@type\":\"ReadAction\",\"target\":[\"https:\/\/universofamilia.com\/da\/posso-utilizar-ar-condicionado-no-quarto-do-bebe\/\"]}]},{\"@type\":\"ImageObject\",\"inLanguage\":\"ja\",\"@id\":\"https:\/\/universofamilia.com\/da\/posso-utilizar-ar-condicionado-no-quarto-do-bebe\/#primaryimage\",\"url\":\"http:\/\/universofamilia.com\/wp-content\/uploads\/sites\/148\/2023\/06\/FOTO-DESTAQUE-ar-condicionado-universo-familia-.png\",\"contentUrl\":\"http:\/\/universofamilia.com\/wp-content\/uploads\/sites\/148\/2023\/06\/FOTO-DESTAQUE-ar-condicionado-universo-familia-.png\",\"width\":448,\"height\":350},{\"@type\":\"BreadcrumbList\",\"@id\":\"https:\/\/universofamilia.com\/da\/posso-utilizar-ar-condicionado-no-quarto-do-bebe\/#breadcrumb\",\"itemListElement\":[{\"@type\":\"ListItem\",\"position\":1,\"name\":\"Home\",\"item\":\"https:\/\/universofamilia.com\/el\/\"},{\"@type\":\"ListItem\",\"position\":2,\"name\":\"Posso Utilizar Ar Condicionado no Quarto do Beb\u00ea?\"}]},{\"@type\":\"WebSite\",\"@id\":\"https:\/\/universofamilia.com\/el\/#website\",\"url\":\"https:\/\/universofamilia.com\/el\/\",\"name\":\"Universo Fam\u00edlia\",\"description\":\"\",\"potentialAction\":[{\"@type\":\"SearchAction\",\"target\":{\"@type\":\"EntryPoint\",\"urlTemplate\":\"https:\/\/universofamilia.com\/el\/?s={search_term_string}\"},\"query-input\":\"required name=search_term_string\"}],\"inLanguage\":\"ja\"},{\"@type\":\"Person\",\"@id\":\"https:\/\/universofamilia.com\/el\/#\/schema\/person\/92fcd07e9b1f4323bf74f3170fc0f78a\",\"name\":\"Matheus Sangaletti\",\"image\":{\"@type\":\"ImageObject\",\"inLanguage\":\"ja\",\"@id\":\"https:\/\/universofamilia.com\/el\/#\/schema\/person\/image\/\",\"url\":\"http:\/\/2.gravatar.com\/avatar\/280ea957a14a48e6a1ad2133d2cc27c9?s=96&d=mm&r=g\",\"contentUrl\":\"http:\/\/2.gravatar.com\/avatar\/280ea957a14a48e6a1ad2133d2cc27c9?s=96&d=mm&r=g\",\"caption\":\"Matheus Sangaletti\"},\"url\":\"http:\/\/universofamilia.com\/ja\/author\/matheuss\/\"}]}<\/script>\n<!-- \/ Yoast SEO plugin. -->","yoast_head_json":{"title":"Posso Utilizar Ar Condicionado no Quarto do Beb\u00ea? - Universo Fam\u00edlia","description":"Posso Utilizar Ar Condicionado no Quarto do Beb\u00ea? Ter um beb\u00ea em casa \u00e9 uma experi\u00eancia incr\u00edvel, mas tamb\u00e9m traz diversas preocupa\u00e7\u00f5es para","robots":{"index":"index","follow":"follow","max-snippet":"max-snippet:-1","max-image-preview":"max-image-preview:large","max-video-preview":"max-video-preview:-1"},"canonical":"https:\/\/universofamilia.com\/ja\/posso-utilizar-ar-condicionado-no-quarto-do-bebe\/","og_locale":"ja_JP","og_type":"article","og_title":"Posso Utilizar Ar Condicionado no Quarto do Beb\u00ea? - Universo Fam\u00edlia","og_description":"Posso Utilizar Ar Condicionado no Quarto do Beb\u00ea? Ter um beb\u00ea em casa \u00e9 uma experi\u00eancia incr\u00edvel, mas tamb\u00e9m traz diversas preocupa\u00e7\u00f5es para","og_url":"https:\/\/universofamilia.com\/ja\/posso-utilizar-ar-condicionado-no-quarto-do-bebe\/","og_site_name":"Universo Fam\u00edlia","article_published_time":"2023-06-19T00:39:10+00:00","article_modified_time":"2025-10-06T01:57:48+00:00","og_image":[{"width":448,"height":350,"url":"https:\/\/universofamilia.com\/wp-content\/uploads\/sites\/148\/2023\/06\/FOTO-DESTAQUE-ar-condicionado-universo-familia-.png","type":"image\/png"}],"author":"Matheus Sangaletti","twitter_card":"summary_large_image","twitter_misc":{"Written by":"Matheus Sangaletti","Est. reading time":"8\u5206"},"schema":{"@context":"https:\/\/schema.org","@graph":[{"@type":"WebPage","@id":"https:\/\/universofamilia.com\/da\/posso-utilizar-ar-condicionado-no-quarto-do-bebe\/","url":"https:\/\/universofamilia.com\/da\/posso-utilizar-ar-condicionado-no-quarto-do-bebe\/","name":"Posso Utilizar Ar Condicionado no Quarto do Beb\u00ea? - Universo Fam\u00edlia","isPartOf":{"@id":"https:\/\/universofamilia.com\/el\/#website"},"primaryImageOfPage":{"@id":"https:\/\/universofamilia.com\/da\/posso-utilizar-ar-condicionado-no-quarto-do-bebe\/#primaryimage"},"image":{"@id":"https:\/\/universofamilia.com\/da\/posso-utilizar-ar-condicionado-no-quarto-do-bebe\/#primaryimage"},"thumbnailUrl":"http:\/\/universofamilia.com\/wp-content\/uploads\/sites\/148\/2023\/06\/FOTO-DESTAQUE-ar-condicionado-universo-familia-.png","datePublished":"2023-06-19T00:39:10+00:00","dateModified":"2025-10-06T01:57:48+00:00","author":{"@id":"https:\/\/universofamilia.com\/el\/#\/schema\/person\/92fcd07e9b1f4323bf74f3170fc0f78a"},"description":"Posso Utilizar Ar Condicionado no Quarto do Beb\u00ea? Ter um beb\u00ea em casa \u00e9 uma experi\u00eancia incr\u00edvel, mas tamb\u00e9m traz diversas preocupa\u00e7\u00f5es para","breadcrumb":{"@id":"https:\/\/universofamilia.com\/da\/posso-utilizar-ar-condicionado-no-quarto-do-bebe\/#breadcrumb"},"inLanguage":"ja","potentialAction":[{"@type":"ReadAction","target":["https:\/\/universofamilia.com\/da\/posso-utilizar-ar-condicionado-no-quarto-do-bebe\/"]}]},{"@type":"ImageObject","inLanguage":"ja","@id":"https:\/\/universofamilia.com\/da\/posso-utilizar-ar-condicionado-no-quarto-do-bebe\/#primaryimage","url":"http:\/\/universofamilia.com\/wp-content\/uploads\/sites\/148\/2023\/06\/FOTO-DESTAQUE-ar-condicionado-universo-familia-.png","contentUrl":"http:\/\/universofamilia.com\/wp-content\/uploads\/sites\/148\/2023\/06\/FOTO-DESTAQUE-ar-condicionado-universo-familia-.png","width":448,"height":350},{"@type":"BreadcrumbList","@id":"https:\/\/universofamilia.com\/da\/posso-utilizar-ar-condicionado-no-quarto-do-bebe\/#breadcrumb","itemListElement":[{"@type":"ListItem","position":1,"name":"Home","item":"https:\/\/universofamilia.com\/el\/"},{"@type":"ListItem","position":2,"name":"Posso Utilizar Ar Condicionado no Quarto do Beb\u00ea?"}]},{"@type":"WebSite","@id":"https:\/\/universofamilia.com\/el\/#website","url":"https:\/\/universofamilia.com\/el\/","name":"Universo Fam\u00edlia","description":"","potentialAction":[{"@type":"SearchAction","target":{"@type":"EntryPoint","urlTemplate":"https:\/\/universofamilia.com\/el\/?s={search_term_string}"},"query-input":"required name=search_term_string"}],"inLanguage":"ja"},{"@type":"Person","@id":"https:\/\/universofamilia.com\/el\/#\/schema\/person\/92fcd07e9b1f4323bf74f3170fc0f78a","name":"Matheus Sangaletti","image":{"@type":"ImageObject","inLanguage":"ja","@id":"https:\/\/universofamilia.com\/el\/#\/schema\/person\/image\/","url":"http:\/\/2.gravatar.com\/avatar\/280ea957a14a48e6a1ad2133d2cc27c9?s=96&d=mm&r=g","contentUrl":"http:\/\/2.gravatar.com\/avatar\/280ea957a14a48e6a1ad2133d2cc27c9?s=96&d=mm&r=g","caption":"Matheus Sangaletti"},"url":"http:\/\/universofamilia.com\/ja\/author\/matheuss\/"}]}},"_links":{"self":[{"href":"http:\/\/universofamilia.com\/ja\/wp-json\/wp\/v2\/posts\/2760"}],"collection":[{"href":"http:\/\/universofamilia.com\/ja\/wp-json\/wp\/v2\/posts"}],"about":[{"href":"http:\/\/universofamilia.com\/ja\/wp-json\/wp\/v2\/types\/post"}],"author":[{"embeddable":true,"href":"http:\/\/universofamilia.com\/ja\/wp-json\/wp\/v2\/users\/219"}],"replies":[{"embeddable":true,"href":"http:\/\/universofamilia.com\/ja\/wp-json\/wp\/v2\/comments?post=2760"}],"version-history":[{"count":1,"href":"http:\/\/universofamilia.com\/ja\/wp-json\/wp\/v2\/posts\/2760\/revisions"}],"predecessor-version":[{"id":9885,"href":"http:\/\/universofamilia.com\/ja\/wp-json\/wp\/v2\/posts\/2760\/revisions\/9885"}],"wp:featuredmedia":[{"embeddable":true,"href":"http:\/\/universofamilia.com\/ja\/wp-json\/wp\/v2\/media\/2766"}],"wp:attachment":[{"href":"http:\/\/universofamilia.com\/ja\/wp-json\/wp\/v2\/media?parent=2760"}],"wp:term":[{"taxonomy":"category","embeddable":true,"href":"http:\/\/universofamilia.com\/ja\/wp-json\/wp\/v2\/categories?post=2760"},{"taxonomy":"post_tag","embeddable":true,"href":"http:\/\/universofamilia.com\/ja\/wp-json\/wp\/v2\/tags?post=2760"}],"curies":[{"name":"wp","href":"https:\/\/api.w.org\/{rel}","templated":true}]}}