{"id":1797,"date":"2023-05-25T21:01:58","date_gmt":"2023-05-25T21:01:58","guid":{"rendered":"https:\/\/universofamilia.com\/?p=1797"},"modified":"2023-05-25T21:01:58","modified_gmt":"2023-05-25T21:01:58","slug":"muco-nas-fezes-do-bebe-quando-e-normal-e-quando-se-preocupar","status":"publish","type":"post","link":"http:\/\/universofamilia.com\/ko\/muco-nas-fezes-do-bebe-quando-e-normal-e-quando-se-preocupar\/","title":{"rendered":"\uc544\uae30\uc758 \ud398\uc988\uc5d0 \uc774\ub7f0 \uc99d\uc0c1\uc774 \ub098\ud0c0\ub098\ub294 \uac74 \uc5b8\uc81c\uac00 \uc815\uc0c1\uc774\uace0 \uc5b8\uc81c \uac71\uc815\ud574\uc57c \ud560\uae4c\uc694?"},"content":{"rendered":"<p>\uc544\uae30\uc758 \ud398\uc988(feze)\uc5d0 \ub300\ud55c \uc6b0\ub824\ub294 \uc5ec\ub7ec \ub098\ub77c\uc5d0\uc11c \ud754\ud788 \ub098\ud0c0\ub098\ub294 \ubb38\uc81c\uc785\ub2c8\ub2e4. \uc774\ub294 \uc6b0\ub824\uc2a4\ub7ec\uc6b8 \uc218 \uc788\uc73c\uba70, \ud2b9\uc815 \uc0c1\ud669\uc5d0\uc11c\ub294 \uc774\ub7ec\ud55c \uc99d\uc0c1\uc758 \uc0c1\ub2f9 \ubd80\ubd84\uc774 \uc815\uc0c1\uc77c \uc218 \uc788\ub2e4\ub294 \uc810\uc744 \uc774\ud574\ud558\ub294 \uac83\uc774 \uc911\uc694\ud569\ub2c8\ub2e4.<\/p>\n\n\n\n<p>\uc774 \uae00\uc5d0\uc11c\ub294 \uc5b8\uc81c \ub610\ub294 \uc5bc\ub9c8\ub098 \ub9ce\uc740 \uc591\uc758 \ud398\uc988\uac00 \uc815\uc0c1\uc77c \uc218 \uc788\ub294\uc9c0, \uadf8\ub9ac\uace0 \uc5b8\uc81c \uc6b0\ub824\ud574\uc57c \ud560\uc9c0\uc5d0 \ub300\ud574 \uc54c\uc544\ubcf4\uaca0\uc2b5\ub2c8\ub2e4. \ub354 \uc790\uc138\ud55c \uc815\ubcf4\uc640 \uc548\uc2ec\uc744 \uc6d0\ud558\uc2dc\uba74 \uacc4\uc18d \uc77d\uc5b4\uc8fc\uc138\uc694.<\/p>\n\n\n\n<h3 class=\"wp-block-heading\">\uc544\ub2c8\uba74 \uc544\uae30\uc758 \ud398\uc988\uc5d0 \ub9ce\uc740 \uac83\uc774 \ub4e4\uc5b4\uc788\ub098\uc694?<\/h3>\n\n\n\n<p>\uc544\uae30 \ub300\ubcc0\uc758 \uc810\uc561\uc740 \uc544\uae30 \ub300\ubcc0\uc5d0 \uc824\ub77c\ud2f4\ucc98\ub7fc \ub048\uc801\ub048\uc801\ud55c \ubb3c\uc9c8\uc774 \uc874\uc7ac\ud558\ub294 \uac83\uc744 \ub9d0\ud569\ub2c8\ub2e4. \uc810\uc561\uc758 \ub18d\ub3c4, \ub18d\ub3c4, \uc591\uc740 \ub9e4\uc6b0 \ub2e4\uc591\ud560 \uc218 \uc788\uc2b5\ub2c8\ub2e4.<\/p>\n\n\n\n<p>\uc5b4\ub5a4 \uacbd\uc6b0\uc5d0\ub294 \uc77c\ubd80 \ub300\ubcc0\uc774 \uc644\uc804\ud788 \uc815\uc0c1\uc801\uc774\uba70 \uac74\uac15 \ubb38\uc81c\ub97c \ub098\ud0c0\ub0b4\uc9c0 \uc54a\ub294\ub2e4\ub294 \uc810\uc744 \uc54c\uc544\ub450\ub294 \uac83\uc774 \uc911\uc694\ud569\ub2c8\ub2e4.<\/p>\n\n\n\n<h3 class=\"wp-block-heading\">\uc544\uae30\uc758 \ubc30\ubcc0\uc744 \uc815\uc0c1 \ub610\ub294 \ub9e4\uc6b0 \uc815\uc0c1\uc73c\ub85c \uac04\uc8fc\ud558\ub294 \uacbd\uc6b0\ub294 \uc5b8\uc81c\uc77c\uae4c\uc694?<\/h3>\n\n\n\n<p>\uc5b4\ub5a4 \uacbd\uc6b0\uc5d0\ub294 \uc544\uae30\uc758 \ub300\ubcc0\uc5d0 \uc810\uc561\uc774 \uc874\uc7ac\ud558\ub294 \uac83\uc774 \uc815\uc0c1\uc801\uc778 \ud604\uc0c1\uc774\uba70 \uac71\uc815\ud560 \ud544\uc694\uac00 \uc5c6\uc2b5\ub2c8\ub2e4.<\/p>\n\n\n\n<p>\uc608\ub97c \ub4e4\uc5b4, \uc774\uac00 \ub0a0 \ub54c \uc544\uae30\uac00 \ub354 \ub9ce\uc740 \uc810\uc561\uc744 \uc0dd\uc131\ud558\ub294 \uac83\uc740 \ud754\ud55c \uc77c\uc774\uba70, \uc774\ub294 \uacb0\uad6d \ub300\ubcc0\uc73c\ub85c \ubc30\ucd9c\ub420 \uc218 \uc788\uc2b5\ub2c8\ub2e4.<\/p>\n\n\n\n<p>\ub610\ud55c, \uc544\uae30\uc758 \uc2dd\ub2e8\uc5d0 \uace0\ud615\uc2dd\ud488\uc744 \ub3c4\uc785\ud558\uba74 \uc810\uc561\uc774 \ub098\ud0c0\ub098\ub294 \ub4f1 \ud0dc\uc544\uc5d0 \uc77c\uc2dc\uc801\uc778 \ubcc0\ud654\uac00 \uc0dd\uae38 \uc218\ub3c4 \uc788\uc2b5\ub2c8\ub2e4.<\/p>\n\n\n\n<h3 class=\"wp-block-heading\">\uc544\uae30\uc758 \uc810\uc561\uc5d0 \ub300\ud574 \uc5b8\uc81c \uac71\uc815\ud574\uc57c \ud560\uae4c\uc694?<\/h3>\n\n\n<div class=\"wp-block-image\">\n<figure class=\"aligncenter size-full\"><img loading=\"lazy\" decoding=\"async\" width=\"550\" height=\"350\" src=\"http:\/\/universofamilia.com\/wp-content\/uploads\/sites\/148\/2023\/05\/FOTO-POST-muco-fese-bebe-universo-familia-.png\" alt=\"\" class=\"wp-image-1911\" srcset=\"http:\/\/universofamilia.com\/wp-content\/uploads\/sites\/148\/2023\/05\/FOTO-POST-muco-fese-bebe-universo-familia-.png 550w, http:\/\/universofamilia.com\/wp-content\/uploads\/sites\/148\/2023\/05\/FOTO-POST-muco-fese-bebe-universo-familia--300x191.png 300w\" sizes=\"(max-width: 550px) 100vw, 550px\" \/><\/figure><\/div>\n\n\n<p>\uc5b4\ub5a4 \uacbd\uc6b0\uc5d0\ub294 \uc544\uae30\uc758 \ub300\ubcc0\uc5d0 \uc810\uc561\uc774\ub098 \ud608\uc885\uc774 \uc0dd\uae30\ub294 \uac83\uc774 \uc815\uc0c1\uc77c \uc218 \uc788\uc9c0\ub9cc, \uc8fc\uc758\ub97c \uae30\uc6b8\uc774\uace0 \uc758\uc0ac\uc758 \uc9c4\ub8cc\ub97c \ubc1b\ub294 \uac83\uc774 \uc911\uc694\ud55c \uacbd\uc6b0\ub3c4 \uc788\uc2b5\ub2c8\ub2e4.<\/p>\n\n\n\n<p>\uc2ec\ud55c \uc5f4\uacfc \ud568\uaed8 \ud608\uc561\uc774 \uc11e\uc5ec \ub098\uc624\uac70\ub098, \uc9c0\uc18d\uc801\uc778 \uc124\uc0ac, \uad6c\ud1a0, \ubc1c\uc5f4\uc774 \uc788\uac70\ub098, \uc544\uae30\uc5d0\uac8c \ub2e4\ub978 \uac71\uc815\uc2a4\ub7ec\uc6b4 \uc99d\uc0c1\uc774 \ub098\ud0c0\ub098\uba74 \uc18c\uc544\uacfc \uc758\uc0ac\uc5d0\uac8c \uc5f0\ub77d\ud558\ub294 \uac83\uc774 \uc88b\uc2b5\ub2c8\ub2e4.<\/p>\n\n\n\n<p>\uc774\ub7ec\ud55c \uc99d\uc0c1\uc740 \uc704\uc7a5\uad00 \uac10\uc5fc\uc774\ub098 \uae30\ud0c0 \uadfc\ubcf8\uc801\uc778 \uc9c8\ud658\uc744 \ub098\ud0c0\ub0bc \uc218 \uc788\uc73c\uba70, \uc774\ub97c \ud3c9\uac00\ud558\uace0 \uc801\uc808\ud788 \uce58\ub8cc\ud574\uc57c \ud569\ub2c8\ub2e4.<\/p>\n\n\n\n<h3 class=\"wp-block-heading\">\uc544\uae30\uc758 \ub300\ubcc0\uc5d0 \uc810\uc561\uc774 \ub098\uc624\ub294 \uac00\ub2a5\ud55c \uc6d0\uc778<\/h3>\n\n\n\n<p>\uc544\uae30\uc758 \ubcc0 \uc810\ub9c9\uc5d0 \uc5bc\ub8e9\uc774 \uc0dd\uae30\ub294 \ub370\uc5d0\ub294 \uc5ec\ub7ec \uac00\uc9c0 \uc6d0\uc778\uc774 \uc788\uc744 \uc218 \uc788\uc2b5\ub2c8\ub2e4. \uc774\uac00 \ub098\uac70\ub098 \uace0\ud615\uc2dd\uc744 \uba39\uae30 \uc2dc\uc791\ud558\ub294 \ub4f1 \uc55e\uc11c \uc5b8\uae09\ud55c \uc774\uc720 \uc678\uc5d0\ub3c4 \uac10\uc5fc, \uc74c\uc2dd \uc54c\ub808\ub974\uae30, \ubd88\ub0b4\uc99d, \ubcc0\ube44 \ub610\ub294 \uc7a5 \uc790\uadf9\uc774 \uc6d0\uc778\uc77c \uc218\ub3c4 \uc788\uc2b5\ub2c8\ub2e4.<\/p>\n\n\n\n<p>\uac01 \uc6d0\uc778\uc5d0\ub294 \ud2b9\uc815\ud55c \ud2b9\uc9d5\uc774 \uc788\uc744 \uc218 \uc788\uc73c\uba70, \uc810\uc561\uc758 \uc6d0\uc778\uc744 \ud30c\uc545\ud558\uace0 \ud544\uc694\ud55c \uacbd\uc6b0 \uc801\uc808\ud55c \uce58\ub8cc\ubc95\uc744 \uacb0\uc815\ud558\uae30 \uc704\ud574 \uc758\ud559\uc801 \uc9c0\uc6d0\uc744 \ubc1b\ub294 \uac83\uc774 \ud544\uc218\uc801\uc785\ub2c8\ub2e4.<\/p>\n\n\n\n<h3 class=\"wp-block-heading\">\uacb0\ub860<\/h3>\n\n\n\n<p>\uac04\ub2e8\ud788 \ub9d0\ud574\uc11c, \uc544\uae30\uc758 \ubcc0 \uc911 \uc77c\ubd80\ub294 \uc774\uac00 \ub0a0 \ub54c\ub098 \uace0\ud615\uc2dd\ud488\uc744 \uba39\uae30 \uc2dc\uc791\ud560 \ub54c \ub4f1 \ud2b9\uc815 \uc0c1\ud669\uc5d0\uc11c\ub294 \uc815\uc0c1\uc801\uc77c \uc218 \uc788\uc2b5\ub2c8\ub2e4.<\/p>\n\n\n\n<p>\uadf8\ub7ec\ub098 \ub300\ubcc0 \ucd9c\ud608\uc774\ub098 \ub2e4\ub978 \uc99d\uc0c1 \ub4f1 \uc6b0\ub824\ub418\ub294 \uc9d5\ud6c4\uac00 \ub098\ud0c0\ub098\uba74 \uc8fc\uc758 \uae4a\uac8c \uc0b4\ud3b4\ubcf4\ub294 \uac83\uc774 \uc911\uc694\ud569\ub2c8\ub2e4.<\/p>\n\n\n\n<p>\uc815\ud655\ud55c \uc9c4\ub2e8\uc744 \ubc1b\uace0 \uc544\uae30\uc758 \uac74\uac15\uc744 \ubcf4\uc7a5\ud558\ub824\uba74 \uc18c\uc544\uacfc \uc758\uc0ac\uc640 \uc0c1\ub2f4\ud558\ub294 \uac83\uc774 \ud544\uc218\uc801\uc785\ub2c8\ub2e4.<\/p>\n\n\n\n<p>\uc800\ud76c\uc5d0\uac8c \uc815\ub9d0 \ub3c4\uc6c0\uc774 \ub418\ub294 \uce78\ub9c9\uc774\uc5d0 \ub300\ud574 \ub3c4\uc6c0\uc744 \ubc1b\uace0 \uc54c\ub824\ub4dc\ub838\uc73c\uba74 \uc88b\uaca0\uc2b5\ub2c8\ub2e4. \uc544! \uc774 \uac8c\uc2dc\ubb3c\uc744 \uc77d\uc73c\uc168\uad70\uc694.<\/p>\n\n\n\n<blockquote class=\"wp-block-quote\">\n<h5 class=\"wp-block-heading\"><em>\ucc38\uace0\uc0ac\ud56d: Universo Fam\u00edlia \ud398\uc774\uc9c0\uc758 \uc790\ub8cc\uc640 \uc815\ubcf4\ub294 \uc758\ud559\uc801 \uc9c4\ub2e8\uc744 \uc704\ud55c \uac83\uc774 \uc544\ub2c8\uba70, \uadf8\ub807\uac8c \uc0ac\uc6a9\ub418\uc5b4\uc11c\ub294 \uc548 \ub429\ub2c8\ub2e4. <strong>\uc2e4\uc81c\uc801\uc778 \ud544\uc694 \uc0ac\ud56d\uc5d0 \ub300\ud574\uc11c\ub294 \ud56d\uc0c1 \uc758\uc0ac\ub098 \uc790\uaca9\uc744 \uac16\ucd98 \uc758\ub8cc \uc804\ubb38\uac00\uc640 \uc0c1\ub2f4\ud558\uc2dc\uae30 \ubc14\ub78d\ub2c8\ub2e4.<\/strong>.<\/em><\/h5>\n<\/blockquote>\n\n\n\n<h4 class=\"wp-block-heading\">\ub610\ud55c \ucc38\uc870\ud558\uc138\uc694:<\/h4>\n\n\n\n<p><a href=\"http:\/\/universofamilia.com\/ko\/rotina-ideal-para-a-familia-dormir-bem\/\" target=\"_blank\" rel=\"noreferrer noopener\">\ub85c\ud2f0\ub098 \uac00\uc871\uc774 \ud3b8\uc548\ud55c \uc219\uba74\uc744 \ucde8\ud558\uae30\uc5d0 \uc774\uc0c1\uc801\uc785\ub2c8\ub2e4<\/a><\/p>\n\n\n\n<p><a href=\"https:\/\/www.luzbaby.com.br\/\" target=\"_blank\" rel=\"noreferrer noopener\">\ub8e8\uc988 \ubca0\uc774\ube44\ub294 \ucd5c\uace0\uc758 \uc720\uc544\uc6a9\ud488 \ub9e4\uc7a5 \uc911 \ud558\ub098\uc785\ub2c8\ub2e4. \uc5ec\uae30\ub97c \ud074\ub9ad\ud558\uc138\uc694.<\/a><\/p>","protected":false},"excerpt":{"rendered":"<p>\uc544\uae30\uc758 \ud398\uc988(feze)\uc5d0 \ub300\ud55c \uc6b0\ub824\ub294 \uc5ec\ub7ec \ub098\ub77c\uc5d0\uc11c \ud754\ud788 \ub098\ud0c0\ub098\ub294 \ubb38\uc81c\uc785\ub2c8\ub2e4. \uc774\ub294 \uc6b0\ub824\uc2a4\ub7ec\uc6b8 \uc218 \uc788\uc73c\uba70, \ud2b9\uc815 \uc0c1\ud669\uc5d0\uc11c\ub294 \uc774\ub7ec\ud55c \uc99d\uc0c1\uc758 \uc0c1\ub2f9 \ubd80\ubd84\uc774 \uc815\uc0c1\uc77c \uc218 \uc788\ub2e4\ub294 \uc810\uc744 \uc774\ud574\ud558\ub294 \uac83\uc774 \uc911\uc694\ud569\ub2c8\ub2e4.<br \/>\n\uc774 \uae00\uc5d0\uc11c\ub294 \uc544\uae30 \ubcc0\uc758 \uc810\uc561\uc774 \uc815\uc0c1\uc73c\ub85c \uac04\uc8fc\ub418\ub294 \uacbd\uc6b0\uc640 \uc6b0\ub824\ub418\ub294 \uacbd\uc6b0\ub97c \uc54c\uc544\ubcf4\uaca0\uc2b5\ub2c8\ub2e4. \ub354 \uc790\uc138\ud55c \uc815\ubcf4\uc640 \uc548\uc2ec\uc744 \uc6d0\ud558\uc2dc\uba74 \uacc4\uc18d \uc77d\uc5b4\uc8fc\uc138\uc694.<\/p>","protected":false},"author":0,"featured_media":1912,"comment_status":"closed","ping_status":"open","sticky":false,"template":"","format":"standard","meta":{"footnotes":""},"categories":[5],"tags":[1023,1161,1437],"yoast_head":"<!-- This site is optimized with the Yoast SEO plugin v23.3 - https:\/\/yoast.com\/wordpress\/plugins\/seo\/ -->\n<title>Muco nas fezes do beb\u00ea, quando \u00e9 normal e quando se preocupar? - Universo Fam\u00edlia<\/title>\n<meta name=\"description\" content=\"O muco nas fezes do beb\u00ea \u00e9 uma preocupa\u00e7\u00e3o comum entre os pais. Embora possa ser alarmante, \u00e9 importante entender que o muco pode ser normal em certas situa\u00e7\u00f5es.\" \/>\n<meta name=\"robots\" content=\"index, follow, max-snippet:-1, max-image-preview:large, max-video-preview:-1\" \/>\n<link rel=\"canonical\" href=\"https:\/\/universofamilia.com\/ko\/muco-nas-fezes-do-bebe-quando-e-normal-e-quando-se-preocupar\/\" \/>\n<meta property=\"og:locale\" content=\"ko_KR\" \/>\n<meta property=\"og:type\" content=\"article\" \/>\n<meta property=\"og:title\" content=\"Muco nas fezes do beb\u00ea, quando \u00e9 normal e quando se preocupar? - Universo Fam\u00edlia\" \/>\n<meta property=\"og:description\" content=\"O muco nas fezes do beb\u00ea \u00e9 uma preocupa\u00e7\u00e3o comum entre os pais. Embora possa ser alarmante, \u00e9 importante entender que o muco pode ser normal em certas situa\u00e7\u00f5es.\" \/>\n<meta property=\"og:url\" content=\"https:\/\/universofamilia.com\/ko\/muco-nas-fezes-do-bebe-quando-e-normal-e-quando-se-preocupar\/\" \/>\n<meta property=\"og:site_name\" content=\"Universo Fam\u00edlia\" \/>\n<meta property=\"article:published_time\" content=\"2023-05-25T21:01:58+00:00\" \/>\n<meta property=\"og:image\" content=\"https:\/\/universofamilia.com\/wp-content\/uploads\/sites\/148\/2023\/05\/FOTO-DESTAQUE-muco-fezes-bebe-universo-familia-448x350-.png\" \/>\n\t<meta property=\"og:image:width\" content=\"448\" \/>\n\t<meta property=\"og:image:height\" content=\"350\" \/>\n\t<meta property=\"og:image:type\" content=\"image\/png\" \/>\n<meta name=\"twitter:card\" content=\"summary_large_image\" \/>\n<meta name=\"twitter:label1\" content=\"Est. reading time\" \/>\n\t<meta name=\"twitter:data1\" content=\"3\ubd84\" \/>\n<script type=\"application\/ld+json\" class=\"yoast-schema-graph\">{\"@context\":\"https:\/\/schema.org\",\"@graph\":[{\"@type\":\"WebPage\",\"@id\":\"https:\/\/universofamilia.com\/hu\/muco-nas-fezes-do-bebe-quando-e-normal-e-quando-se-preocupar\/\",\"url\":\"https:\/\/universofamilia.com\/hu\/muco-nas-fezes-do-bebe-quando-e-normal-e-quando-se-preocupar\/\",\"name\":\"Muco nas fezes do beb\u00ea, quando \u00e9 normal e quando se preocupar? - Universo Fam\u00edlia\",\"isPartOf\":{\"@id\":\"https:\/\/universofamilia.com\/el\/#website\"},\"primaryImageOfPage\":{\"@id\":\"https:\/\/universofamilia.com\/hu\/muco-nas-fezes-do-bebe-quando-e-normal-e-quando-se-preocupar\/#primaryimage\"},\"image\":{\"@id\":\"https:\/\/universofamilia.com\/hu\/muco-nas-fezes-do-bebe-quando-e-normal-e-quando-se-preocupar\/#primaryimage\"},\"thumbnailUrl\":\"http:\/\/universofamilia.com\/wp-content\/uploads\/sites\/148\/2023\/05\/FOTO-DESTAQUE-muco-fezes-bebe-universo-familia-448x350-.png\",\"datePublished\":\"2023-05-25T21:01:58+00:00\",\"dateModified\":\"2023-05-25T21:01:58+00:00\",\"author\":{\"@id\":\"\"},\"description\":\"O muco nas fezes do beb\u00ea \u00e9 uma preocupa\u00e7\u00e3o comum entre os pais. Embora possa ser alarmante, \u00e9 importante entender que o muco pode ser normal em certas situa\u00e7\u00f5es.\",\"breadcrumb\":{\"@id\":\"https:\/\/universofamilia.com\/hu\/muco-nas-fezes-do-bebe-quando-e-normal-e-quando-se-preocupar\/#breadcrumb\"},\"inLanguage\":\"ko-KR\",\"potentialAction\":[{\"@type\":\"ReadAction\",\"target\":[\"https:\/\/universofamilia.com\/hu\/muco-nas-fezes-do-bebe-quando-e-normal-e-quando-se-preocupar\/\"]}]},{\"@type\":\"ImageObject\",\"inLanguage\":\"ko-KR\",\"@id\":\"https:\/\/universofamilia.com\/hu\/muco-nas-fezes-do-bebe-quando-e-normal-e-quando-se-preocupar\/#primaryimage\",\"url\":\"http:\/\/universofamilia.com\/wp-content\/uploads\/sites\/148\/2023\/05\/FOTO-DESTAQUE-muco-fezes-bebe-universo-familia-448x350-.png\",\"contentUrl\":\"http:\/\/universofamilia.com\/wp-content\/uploads\/sites\/148\/2023\/05\/FOTO-DESTAQUE-muco-fezes-bebe-universo-familia-448x350-.png\",\"width\":448,\"height\":350},{\"@type\":\"BreadcrumbList\",\"@id\":\"https:\/\/universofamilia.com\/hu\/muco-nas-fezes-do-bebe-quando-e-normal-e-quando-se-preocupar\/#breadcrumb\",\"itemListElement\":[{\"@type\":\"ListItem\",\"position\":1,\"name\":\"Home\",\"item\":\"https:\/\/universofamilia.com\/el\/\"},{\"@type\":\"ListItem\",\"position\":2,\"name\":\"Muco nas fezes do beb\u00ea, quando \u00e9 normal e quando se preocupar?\"}]},{\"@type\":\"WebSite\",\"@id\":\"https:\/\/universofamilia.com\/el\/#website\",\"url\":\"https:\/\/universofamilia.com\/el\/\",\"name\":\"Universo Fam\u00edlia\",\"description\":\"\",\"potentialAction\":[{\"@type\":\"SearchAction\",\"target\":{\"@type\":\"EntryPoint\",\"urlTemplate\":\"https:\/\/universofamilia.com\/el\/?s={search_term_string}\"},\"query-input\":\"required name=search_term_string\"}],\"inLanguage\":\"ko-KR\"}]}<\/script>\n<!-- \/ Yoast SEO plugin. -->","yoast_head_json":{"title":"Muco nas fezes do beb\u00ea, quando \u00e9 normal e quando se preocupar? - Universo Fam\u00edlia","description":"O muco nas fezes do beb\u00ea \u00e9 uma preocupa\u00e7\u00e3o comum entre os pais. Embora possa ser alarmante, \u00e9 importante entender que o muco pode ser normal em certas situa\u00e7\u00f5es.","robots":{"index":"index","follow":"follow","max-snippet":"max-snippet:-1","max-image-preview":"max-image-preview:large","max-video-preview":"max-video-preview:-1"},"canonical":"https:\/\/universofamilia.com\/ko\/muco-nas-fezes-do-bebe-quando-e-normal-e-quando-se-preocupar\/","og_locale":"ko_KR","og_type":"article","og_title":"Muco nas fezes do beb\u00ea, quando \u00e9 normal e quando se preocupar? - Universo Fam\u00edlia","og_description":"O muco nas fezes do beb\u00ea \u00e9 uma preocupa\u00e7\u00e3o comum entre os pais. Embora possa ser alarmante, \u00e9 importante entender que o muco pode ser normal em certas situa\u00e7\u00f5es.","og_url":"https:\/\/universofamilia.com\/ko\/muco-nas-fezes-do-bebe-quando-e-normal-e-quando-se-preocupar\/","og_site_name":"Universo Fam\u00edlia","article_published_time":"2023-05-25T21:01:58+00:00","og_image":[{"width":448,"height":350,"url":"https:\/\/universofamilia.com\/wp-content\/uploads\/sites\/148\/2023\/05\/FOTO-DESTAQUE-muco-fezes-bebe-universo-familia-448x350-.png","type":"image\/png"}],"twitter_card":"summary_large_image","twitter_misc":{"Est. reading time":"3\ubd84"},"schema":{"@context":"https:\/\/schema.org","@graph":[{"@type":"WebPage","@id":"https:\/\/universofamilia.com\/hu\/muco-nas-fezes-do-bebe-quando-e-normal-e-quando-se-preocupar\/","url":"https:\/\/universofamilia.com\/hu\/muco-nas-fezes-do-bebe-quando-e-normal-e-quando-se-preocupar\/","name":"Muco nas fezes do beb\u00ea, quando \u00e9 normal e quando se preocupar? - Universo Fam\u00edlia","isPartOf":{"@id":"https:\/\/universofamilia.com\/el\/#website"},"primaryImageOfPage":{"@id":"https:\/\/universofamilia.com\/hu\/muco-nas-fezes-do-bebe-quando-e-normal-e-quando-se-preocupar\/#primaryimage"},"image":{"@id":"https:\/\/universofamilia.com\/hu\/muco-nas-fezes-do-bebe-quando-e-normal-e-quando-se-preocupar\/#primaryimage"},"thumbnailUrl":"http:\/\/universofamilia.com\/wp-content\/uploads\/sites\/148\/2023\/05\/FOTO-DESTAQUE-muco-fezes-bebe-universo-familia-448x350-.png","datePublished":"2023-05-25T21:01:58+00:00","dateModified":"2023-05-25T21:01:58+00:00","author":{"@id":""},"description":"O muco nas fezes do beb\u00ea \u00e9 uma preocupa\u00e7\u00e3o comum entre os pais. Embora possa ser alarmante, \u00e9 importante entender que o muco pode ser normal em certas situa\u00e7\u00f5es.","breadcrumb":{"@id":"https:\/\/universofamilia.com\/hu\/muco-nas-fezes-do-bebe-quando-e-normal-e-quando-se-preocupar\/#breadcrumb"},"inLanguage":"ko-KR","potentialAction":[{"@type":"ReadAction","target":["https:\/\/universofamilia.com\/hu\/muco-nas-fezes-do-bebe-quando-e-normal-e-quando-se-preocupar\/"]}]},{"@type":"ImageObject","inLanguage":"ko-KR","@id":"https:\/\/universofamilia.com\/hu\/muco-nas-fezes-do-bebe-quando-e-normal-e-quando-se-preocupar\/#primaryimage","url":"http:\/\/universofamilia.com\/wp-content\/uploads\/sites\/148\/2023\/05\/FOTO-DESTAQUE-muco-fezes-bebe-universo-familia-448x350-.png","contentUrl":"http:\/\/universofamilia.com\/wp-content\/uploads\/sites\/148\/2023\/05\/FOTO-DESTAQUE-muco-fezes-bebe-universo-familia-448x350-.png","width":448,"height":350},{"@type":"BreadcrumbList","@id":"https:\/\/universofamilia.com\/hu\/muco-nas-fezes-do-bebe-quando-e-normal-e-quando-se-preocupar\/#breadcrumb","itemListElement":[{"@type":"ListItem","position":1,"name":"Home","item":"https:\/\/universofamilia.com\/el\/"},{"@type":"ListItem","position":2,"name":"Muco nas fezes do beb\u00ea, quando \u00e9 normal e quando se preocupar?"}]},{"@type":"WebSite","@id":"https:\/\/universofamilia.com\/el\/#website","url":"https:\/\/universofamilia.com\/el\/","name":"Universo Fam\u00edlia","description":"","potentialAction":[{"@type":"SearchAction","target":{"@type":"EntryPoint","urlTemplate":"https:\/\/universofamilia.com\/el\/?s={search_term_string}"},"query-input":"required name=search_term_string"}],"inLanguage":"ko-KR"}]}},"_links":{"self":[{"href":"http:\/\/universofamilia.com\/ko\/wp-json\/wp\/v2\/posts\/1797"}],"collection":[{"href":"http:\/\/universofamilia.com\/ko\/wp-json\/wp\/v2\/posts"}],"about":[{"href":"http:\/\/universofamilia.com\/ko\/wp-json\/wp\/v2\/types\/post"}],"replies":[{"embeddable":true,"href":"http:\/\/universofamilia.com\/ko\/wp-json\/wp\/v2\/comments?post=1797"}],"version-history":[{"count":0,"href":"http:\/\/universofamilia.com\/ko\/wp-json\/wp\/v2\/posts\/1797\/revisions"}],"wp:featuredmedia":[{"embeddable":true,"href":"http:\/\/universofamilia.com\/ko\/wp-json\/wp\/v2\/media\/1912"}],"wp:attachment":[{"href":"http:\/\/universofamilia.com\/ko\/wp-json\/wp\/v2\/media?parent=1797"}],"wp:term":[{"taxonomy":"category","embeddable":true,"href":"http:\/\/universofamilia.com\/ko\/wp-json\/wp\/v2\/categories?post=1797"},{"taxonomy":"post_tag","embeddable":true,"href":"http:\/\/universofamilia.com\/ko\/wp-json\/wp\/v2\/tags?post=1797"}],"curies":[{"name":"wp","href":"https:\/\/api.w.org\/{rel}","templated":true}]}}