{"id":2752,"date":"2023-06-18T20:42:37","date_gmt":"2023-06-18T23:42:37","guid":{"rendered":"https:\/\/universofamilia.com\/?p=2752"},"modified":"2025-02-07T01:22:33","modified_gmt":"2025-02-07T01:22:33","slug":"posso-utilizar-ventilador-no-quarto-do-bebe","status":"publish","type":"post","link":"http:\/\/universofamilia.com\/ko\/posso-utilizar-ventilador-no-quarto-do-bebe\/","title":{"rendered":"\uc544\uae30\ubc29\uc5d0 \uc120\ud48d\uae30\ub97c \uc0ac\uc6a9\ud574\ub3c4 \ub418\ub098\uc694?"},"content":{"rendered":"<p>\uc544\uae30 \ubc29\uc5d0 \uc120\ud48d\uae30\ub97c \uc0ac\uc6a9\ud574\ub3c4 \ub420\uae4c\uc694? \uc544\uae30\uc5d0\uac8c \ud3b8\uc548\ud55c \ud658\uacbd\uc744 \uc870\uc131\ud558\ub294 \ub370 \uc788\uc5b4, \uc791\uc740 \ubc29\uc5d0\uc11c \uc120\ud48d\uae30\ub97c \uc0ac\uc6a9\ud558\ub294 \uac83\uc774 \uc548\uc804\ud558\uace0 \uc720\uc775\ud55c\uc9c0 \uad81\uae08\ud574\ud558\ub294 \ubd84\ub4e4\uc774 \ub9ce\uc2b5\ub2c8\ub2e4.<\/p>\n\n\n\n<p>\ub098\uc544\uac00, \uc544\uae30 \ubc29\uc5d0\uc11c \uc120\ud48d\uae30\ub97c \uc0ac\uc6a9\ud558\ub294 \ub370 \ub530\ub978 \uc774\uc810\uacfc \uad00\ub9ac \ubc29\ubc95\uc5d0 \ub300\ud55c \uc815\ubcf4\ub97c \uc81c\uacf5\ud558\uace0, \uc544\uae30\uc6a9 \uc778\uacf5\ud638\ud761\uae30\uc640 \uc77c\ubc18 \uc778\uacf5\ud638\ud761\uae30\uc758 \uc7a5\ub2e8\uc810\uc744 \uac15\uc870\ud558\uc5ec \uc774 \uc9c8\ubb38\uc5d0 \ub2f5\ud558\uaca0\uc2b5\ub2c8\ub2e4.<\/p>\n\n\n\n<p>\uc720\uc6a9\ud55c \uc9c0\uce68\uc744 \uc77d\uace0 \uc55e\uc73c\ub85c \uba70\uce60 \ub3d9\uc548 \uc544\uae30\uac00 \ud3b8\uc548\ud558\uac8c \uc9c0\ub0bc \uc218 \uc788\ub3c4\ub85d \ud558\uc138\uc694.<\/p>\n\n\n\n<p>\ub610\ud55c \uc9d1\uc5d0\uc11c Brinquedoteca\ub97c \ud0a4\uc6b0\ub294 \ubc29\ubc95\ub3c4 \uc77d\uc5b4\ubcf4\uc138\uc694.<\/p>\n\n\n<div class=\"wp-block-image\">\n<figure class=\"aligncenter size-full\"><img loading=\"lazy\" decoding=\"async\" width=\"550\" height=\"350\" src=\"http:\/\/universofamilia.com\/wp-content\/uploads\/sites\/148\/2023\/06\/POST-ventilador-de-teto-universo-familia-.png\" alt=\"\" class=\"wp-image-2755\" srcset=\"http:\/\/universofamilia.com\/wp-content\/uploads\/sites\/148\/2023\/06\/POST-ventilador-de-teto-universo-familia-.png 550w, http:\/\/universofamilia.com\/wp-content\/uploads\/sites\/148\/2023\/06\/POST-ventilador-de-teto-universo-familia--300x191.png 300w\" sizes=\"(max-width: 550px) 100vw, 550px\" \/><figcaption class=\"wp-element-caption\"><em>\uc0ac\uc9c4: (\ubcf5\uc81c\/\uc778\ud130\ub137)<\/em><\/figcaption><\/figure><\/div>\n\n\n<h3 class=\"wp-block-heading\"><strong>\uc544\uae30\ubc29\uc5d0 \uc120\ud48d\uae30\ub97c \uc0ac\uc6a9\ud558\ub294 \uc774\uc810\uacfc \uad00\ub9ac\ubc95<\/strong><\/h3>\n\n\n\n<p>\uc544\uae30 \ubc29\uc5d0 \uc120\ud48d\uae30\ub97c \uc0ac\uc6a9\ud558\uba74 \uc5ec\ub7ec \uac00\uc9c0 \uc774\uc810\uc744 \uc5bb\uc744 \uc218 \uc788\ub294\ub370, \ud2b9\ud788 \ucd94\uc6b4 \uacc4\uc808\uc5d0 \ub354\uc6b1 \uadf8\ub807\uc2b5\ub2c8\ub2e4. \uc544\ub798\uc5d0\uc11c \uc120\ud48d\uae30 \uc0ac\uc6a9\uc758 \uba87 \uac00\uc9c0 \uc7a5\uc810\uc744 \uc18c\uac1c\ud569\ub2c8\ub2e4.<\/p>\n\n\n\n<p><strong>\uc628\ub3c4 \uc870\uc808<\/strong>: \uc801\uc808\ud55c \uc120\ud48d\uae30\ub294 \uc544\uae30\uc5d0\uac8c \uc2dc\uc6d0\ud558\uace0 \ud3b8\uc548\ud55c \ud658\uacbd\uc744 \uc720\uc9c0\ud558\ub294 \ub370 \ub3c4\uc6c0\uc774 \ub418\uba70, \uacfc\ub3c4\ud55c \ub354\uc704\ub85c \uc778\ud55c \ubd88\ud3b8\ud568\uc744 \ud53c\ud560 \uc218 \uc788\uc2b5\ub2c8\ub2e4.<\/p>\n\n\n\n<p><strong>\uacf5\uae30 \uc21c\ud658<\/strong>: \uc120\ud48d\uae30\ub294 \uc544\uae30 \ubc29\uc758 \uc21c\ud658\uc744 \ucd09\uc9c4\ud558\uc5ec \ud53c\ub85c\uac10\uc744 \uc904\uc774\uace0 \uac00\uc2a4\uc640 \ub0c4\uc0c8\uc758 \ub18d\ub3c4\ub97c \uc904\uc5ec\uc90d\ub2c8\ub2e4.<\/p>\n\n\n\n<p><strong>\ubc31\uc0c9 \uc7a1\uc74c<\/strong>: \uc120\ud48d\uae30\uc758 \ubd80\ub4dc\ub7ec\uc6b4 \ube5b\uc740 \ucc28\ubd84\ud55c \ubc31\uc0c9 \uc18c\uc74c\uc744 \ubc1c\uc0dd\uc2dc\ucf1c \uc544\uae30\uac00 \uae34\uc7a5\uc744 \ud480\uace0 \ub354 \uc27d\uac8c \uc7a0\ub4e4 \uc218 \uc788\ub3c4\ub85d \ub3c4\uc640\uc90d\ub2c8\ub2e4.<\/p>\n\n\n\n<p>\uc120\ud48d\uae30\ub97c \uc0ac\uc6a9\ud560 \ub54c\ub294 \uc5ec\ub7ec \uac00\uc9c0 \uc774\uc810\uc774 \uc788\uc9c0\ub9cc, \uc544\uae30\uc758 \uac74\uac15\uc744 \uc548\uc804\ud558\uac8c \uc9c0\ud0a4\uae30 \uc704\ud574 \uba87 \uac00\uc9c0 \uc608\ubc29 \uc870\uce58\ub97c \ucde8\ud558\ub294 \uac83\uc774 \ud544\uc218\uc801\uc785\ub2c8\ub2e4.<\/p>\n\n\n\n<p><strong>\uc548\uc804\uac70\ub9ac<\/strong>: \uc120\ud48d\uae30\ub294 \uc544\uae30\uc758 \uc190\uc774 \ub2ff\uc9c0 \uc54a\ub294 \uc548\uc804\ud55c \uacf3\uc5d0 \uc124\uce58\ud558\uc138\uc694. \ub610\ud55c, \ubb38\uc774\ub098 \uc5b4\ub9b0\uc774\uc758 \uc190\uc774 \ub2ff\ub294 \ubb3c\uac74 \uadfc\ucc98\uc5d0\ub294 \ub450\uc9c0 \ub9c8\uc138\uc694.<\/p>\n\n\n\n<p><strong>\uc815\uae30\uc801\uc778 \uccad\uc18c<\/strong>: \uc54c\ub808\ub974\uae30 \uc720\ubc1c \ubb3c\uc9c8\uc774 \ud658\uacbd\uc5d0 \ud37c\uc9c0\ub294 \uac83\uc744 \ub9c9\uae30 \uc704\ud574 \uc120\ud48d\uae30\ub97c \uae68\ub057\ud558\uace0 \uba3c\uc9c0\uac00 \uc5c6\ub294 \uc0c1\ud0dc\ub85c \uc720\uc9c0\ud558\uc138\uc694.<\/p>\n\n\n\n<p><strong>\uc801\uc808\ud55c \ud658\uae30<\/strong>: \uc120\ud48d\uae30\ub97c \uc0ac\uc6a9\ud558\uae30\ub85c \ud588\ub2e4\uba74, \uc2e4\ub0b4 \ud658\uae30\ub97c \uc798 \uc2dc\ud0a4\uace0, \ubb38\uc744 \ud65c\uc9dd \uc5f4\uc5b4 \uc2e0\uc120\ud55c \uacf5\uae30\uac00 \ub4e4\uc5b4\uc624\ub3c4\ub85d \ud558\ub294 \uac83\uc774 \uc911\uc694\ud569\ub2c8\ub2e4.<\/p>\n\n\n\n<h4 class=\"wp-block-heading\"><strong>\ud14c\ud1a0 \ud32c vs. \uc77c\ubc18 \ud32c<\/strong><\/h4>\n\n\n\n<p>\uc774\uc81c \ucc9c\uc7a5\uc120\ud48d\uae30\uc640 \uc77c\ubc18 \uc120\ud48d\uae30\uc758 \uc7a5\ub2e8\uc810\uc744 \ube44\uad50\ud574 \ubcf4\uaca0\uc2b5\ub2c8\ub2e4.<\/p>\n\n\n\n<h4 class=\"wp-block-heading\"><strong>\ucc9c\uc7a5\uc120\ud48d\uae30<\/strong><\/h4>\n\n\n<div class=\"wp-block-image\">\n<figure class=\"aligncenter size-full\"><img loading=\"lazy\" decoding=\"async\" width=\"550\" height=\"350\" src=\"http:\/\/universofamilia.com\/wp-content\/uploads\/sites\/148\/2023\/06\/POST-ventilador-de-teto-universo-familia-1-1.png\" alt=\"\" class=\"wp-image-2754\" srcset=\"http:\/\/universofamilia.com\/wp-content\/uploads\/sites\/148\/2023\/06\/POST-ventilador-de-teto-universo-familia-1-1.png 550w, http:\/\/universofamilia.com\/wp-content\/uploads\/sites\/148\/2023\/06\/POST-ventilador-de-teto-universo-familia-1-1-300x191.png 300w\" sizes=\"(max-width: 550px) 100vw, 550px\" \/><figcaption class=\"wp-element-caption\"><em>\uc0ac\uc9c4: (\ubcf5\uc81c\/\uc778\ud130\ub137)<\/em><\/figcaption><\/figure><\/div>\n\n\n<h5 class=\"wp-block-heading\"><strong>\uc7a5\uc810<\/strong><\/h5>\n\n\n\n<p><strong>\uc6b0\uc8fc \uacbd\uc81c<\/strong>: \ucc9c\uc7a5\uc120\ud48d\uae30\ub294 \ucc9c\uc7a5\uc5d0 \uace0\uc815\ub418\uc5b4 \uc788\uc5b4 \uc544\uae30\ubc29 \uacf5\uac04\uc744 \ub35c \ucc28\uc9c0\ud569\ub2c8\ub2e4.<\/p>\n\n\n\n<p><strong>\uade0\uc77c \ubd84\ud3ec<\/strong>: \ub4a4\ucabd \ud32c\uc774 \uc8fc\ubcc0 \ud658\uacbd\uc5d0\uc11c \ub354 \uade0\ub4f1\ud558\uac8c \uc791\ub3d9\ud558\uc5ec \ucf8c\uc801\ud55c \ub290\ub08c\uc744 \uc81c\uacf5\ud569\ub2c8\ub2e4.<\/p>\n\n\n\n<p><strong>\ubcf4\uc548<\/strong>: \ub192\uc774\uac00 \ub192\uc9c0 \uc54a\uc544 \ucc9c\uc7a5\uc120\ud48d\uae30\uac00 \uc544\uae30\uc758 \uc190\uc774 \ub2ff\uc9c0 \uc54a\ub294 \uacf3\uc5d0 \uc788\uc5b4 \uc0ac\uace0 \uc704\ud5d8\uc744 \uc904\uc77c \uc218 \uc788\uc2b5\ub2c8\ub2e4.<\/p>\n\n\n\n<h5 class=\"wp-block-heading\"><strong>\ub2e8\uc810<\/strong><\/h5>\n\n\n\n<p><strong>\ubc14\ub78c\uc758 \ubc29\ud5a5\uc744 \uc870\uc808\ud558\uae30 \uc5b4\ub835\ub2e4<\/strong>: \uc77c\ubd80 \ubaa8\ub378\uc5d0\uc11c\ub294 \uacf5\uae30 \ud750\ub984\uc758 \ubc29\ud5a5\uc744 \uc870\uc808\ud558\uae30 \uc5b4\ub824\uc6b8 \uc218 \uc788\uc73c\uba70, \uc544\uae30\uc5d0\uac8c \ubd88\ud3b8\ud568\uc744 \uc904 \uc218\ub3c4 \uc788\uc2b5\ub2c8\ub2e4.<\/p>\n\n\n\n<p><strong>\uccad\uc18c\uc758 \uc5b4\ub824\uc6c0<\/strong>: \ud5e4\ub4dc \ud32c\uc740 \uba38\ub9ac \ubd80\ubd84\uc5d0 \uc704\uce58\ud558\uae30 \ub54c\ubb38\uc5d0 \uccad\uc18c\ud558\uae30\uac00 \ub354 \uc5b4\ub824\uc6b8 \uc218 \uc788\uc2b5\ub2c8\ub2e4.<\/p>\n\n\n\n<h4 class=\"wp-block-heading\"><strong>\uc77c\ubc18 \ud32c<\/strong><\/h4>\n\n\n<div class=\"wp-block-image\">\n<figure class=\"aligncenter size-full\"><img loading=\"lazy\" decoding=\"async\" width=\"550\" height=\"350\" src=\"http:\/\/universofamilia.com\/wp-content\/uploads\/sites\/148\/2023\/06\/POST-ventilador-de-teto-universo-familia-2.png\" alt=\"\" class=\"wp-image-2756\" srcset=\"http:\/\/universofamilia.com\/wp-content\/uploads\/sites\/148\/2023\/06\/POST-ventilador-de-teto-universo-familia-2.png 550w, http:\/\/universofamilia.com\/wp-content\/uploads\/sites\/148\/2023\/06\/POST-ventilador-de-teto-universo-familia-2-300x191.png 300w\" sizes=\"(max-width: 550px) 100vw, 550px\" \/><figcaption class=\"wp-element-caption\"><em>\uc0ac\uc9c4: (\ubcf5\uc81c\/\uc778\ud130\ub137)<\/em><\/figcaption><\/figure><\/div>\n\n\n<h5 class=\"wp-block-heading\"><strong>\uc7a5\uc810<\/strong><\/h5>\n\n\n\n<p><strong>\ud734\ub300\uc131<\/strong>: \uacf5\uc6a9 \uc120\ud48d\uae30\ub97c \ud55c \ubc29\uc5d0\uc11c \ub2e4\ub978 \ubc29\uc73c\ub85c \uc27d\uac8c \uc62e\uae38 \uc218 \uc788\uc5b4, \ud544\uc694\uc5d0 \ub530\ub77c \uacf5\uae30 \ud750\ub984\uc744 \uc870\uc808\ud560 \uc218 \uc788\uc2b5\ub2c8\ub2e4.<\/p>\n\n\n\n<p><strong>\uc870\uc808 \uac00\ub2a5\ud55c \uc81c\uc5b4<\/strong>: \uac00\uc7a5 \ud754\ud55c \ub450 \uac00\uc9c0 \uc120\ud48d\uae30 \ubaa8\ub378\uc740 \uc18d\ub3c4\uc640 \ud48d\ud5a5 \uc870\uc808 \uc635\uc158\uc744 \uc81c\uacf5\ud558\uc5ec \uc544\uae30\uc5d0\uac8c \ub354\uc6b1 \ud070 \ud3b8\uc548\ud568\uc744 \uc81c\uacf5\ud569\ub2c8\ub2e4.<\/p>\n\n\n\n<p><strong>\uac04\ud3b8\ud55c \uccad\uc18c<\/strong>: \uc77c\ubc18 \uc120\ud48d\uae30\ub294 \uad6c\uc870\uac00 \uc811\uadfc\ud558\uae30 \uc26c\uc6cc \uccad\uc18c\ud558\uae30\uac00 \ub354 \uc27d\uc2b5\ub2c8\ub2e4.<\/p>\n\n\n\n<h5 class=\"wp-block-heading\"><strong>\ub2e8\uc810<\/strong><\/h5>\n\n\n\n<p><strong>\uacf5\uac04\uc758 \uc810\uc720<\/strong>: \uc77c\ubc18 \uc120\ud48d\uae30\ub294 \uc2e4\ub0b4 \uacf5\uac04\uc744 \ub354 \ub9ce\uc774 \ucc28\uc9c0\ud558\ubbc0\ub85c \uc791\uc740 \ud658\uacbd\uc5d0\uc11c\ub294 \ubd88\ud3b8\ud560 \uc218 \uc788\uc2b5\ub2c8\ub2e4.<\/p>\n\n\n\n<p><strong>\uc0ac\uace0 \uc704\ud5d8\uc774 \ub354 \ud06c\ub2e4<\/strong>: \uc544\uae30\uac00 \uc774\ub3d9\ud558\uae30 \uc27d\uae30 \ub54c\ubb38\uc5d0, \uc544\uae30\uac00 \uc791\ub3d9\ud558\ub294 \uc120\ud48d\uae30\uc5d0 \uc9c1\uc811 \ub2ff\uc9c0 \uc54a\ub3c4\ub85d \uc8fc\uc758\ud558\ub294 \uac83\uc774 \ud544\uc694\ud569\ub2c8\ub2e4.<\/p>\n\n\n\n<p>\uc544\uae30\ubc29 \uafb8\ubbf8\uae30 \uc704\ud55c 10\uac00\uc9c0 \uc2e4\uc6a9\uc801\uc778 \ud301\ub3c4 \uc77d\uc5b4\ubcf4\uc138\uc694<\/p>\n\n\n\n<h3 class=\"wp-block-heading\"><strong>\uacb0\ub860<\/strong><\/h3>\n\n\n<div class=\"wp-block-image\">\n<figure class=\"aligncenter size-full\"><img loading=\"lazy\" decoding=\"async\" width=\"550\" height=\"350\" src=\"http:\/\/universofamilia.com\/wp-content\/uploads\/sites\/148\/2023\/06\/POST-ventilador-de-teto-universo-familia-3.png\" alt=\"\" class=\"wp-image-2757\" srcset=\"http:\/\/universofamilia.com\/wp-content\/uploads\/sites\/148\/2023\/06\/POST-ventilador-de-teto-universo-familia-3.png 550w, http:\/\/universofamilia.com\/wp-content\/uploads\/sites\/148\/2023\/06\/POST-ventilador-de-teto-universo-familia-3-300x191.png 300w\" sizes=\"(max-width: 550px) 100vw, 550px\" \/><figcaption class=\"wp-element-caption\"><em>\uc0ac\uc9c4: (\ubcf5\uc81c\/\uc778\ud130\ub137)<\/em><\/figcaption><\/figure><\/div>\n\n\n<p>\uc544\uae30 \ubc29\uc5d0 \uc120\ud48d\uae30\ub97c \uc0ac\uc6a9\ud560 \ub54c\ub294 \uadf8 \uc774\uc810\uacfc \ud544\uc694\ud55c \uad00\ub9ac \ubc29\ubc95\uc744 \ud3c9\uac00\ud558\ub294 \uac83\uc774 \uc911\uc694\ud569\ub2c8\ub2e4.<\/p>\n\n\n\n<p>\uc120\ud48d\uae30\uac00 \uc81c\uacf5\ud558\ub294 \uc628\ub3c4 \uc870\uc808, \uacf5\uae30 \uc21c\ud658, \ubc31\uc0c9 \uc18c\uc74c\uc740 \uc544\uae30\uc5d0\uac8c \ud3b8\uc548\ud568\uc744 \uc81c\uacf5\ud560 \uc218 \uc788\uc2b5\ub2c8\ub2e4.<\/p>\n\n\n\n<p>\uadf8\ub7ec\ub098 \uc548\uc804\uc744 \ubcf4\uc7a5\ud558\uae30 \uc704\ud574 \uc608\ubc29 \uc870\uce58\ub97c \ucde8\ud558\ub294 \uac83\uc774 \ud544\uc218\uc801\uc785\ub2c8\ub2e4. \uc608\ub97c \ub4e4\uc5b4, \uc544\uae30\uac00 \uc190\uc774 \ub2ff\uc9c0 \uc54a\ub294 \uacf3\uc5d0 \uc120\ud48d\uae30\ub97c \ub450\uac70\ub098 \uc815\uae30\uc801\uc73c\ub85c \uccad\uc18c\ud558\ub294 \uac83\uc774 \uc88b\uc2b5\ub2c8\ub2e4.<\/p>\n\n\n\n<p>\ub610\ud55c \ucc9c\uc7a5\uc120\ud48d\uae30\uc640 \uc77c\ubc18 \uc120\ud48d\uae30 \uc911\uc5d0\uc11c \uc120\ud0dd\ud560 \ub54c \uac01 \uc635\uc158\uc758 \uc7a5\ub2e8\uc810\uc744 \uace0\ub824\ud558\uc138\uc694.<\/p>\n\n\n\n<p>\ub610\ud55c, \uc801\uc808\ud55c \uc608\ubc29 \uc870\uce58\uc640 \uc548\uc804 \uc870\uce58\ub97c \ucde8\ud558\uba74 \uc544\uae30 \ubc29\uc5d0\uc11c \uc120\ud48d\uae30\ub97c \uc0ac\uc6a9\ud558\uba74 \ucf8c\uc801\ud558\uace0 \ud3b8\uc548\ud55c \ud658\uacbd\uc744 \uc870\uc131\ud558\ub294 \ub370 \ub3c4\uc6c0\uc774 \ub420 \uc218 \uc788\uc2b5\ub2c8\ub2e4.<\/p>\n\n\n\n<h3 class=\"wp-block-heading\"><strong>\uc544\uae30 \ubc29\uc5d0\uc11c \uc120\ud48d\uae30\ub97c \uc0ac\uc6a9\ud558\ub294 \uac83\uc5d0 \ub300\ud55c \uc790\uc138\ud55c \ub0b4\uc6a9\uc740 \ub2e4\uc74c\uc758 \uc2e0\ub8b0\ud560 \uc218 \uc788\ub294 \ucd9c\ucc98\uc5d0\uc11c \ud655\uc778\ud560 \uc218 \uc788\uc2b5\ub2c8\ub2e4.<\/strong><\/h3>\n\n\n\n<p>\ube0c\ub77c\uc9c8 \uc18c\uc544\uacfc \ud611\ud68c(SBP) \u2013 SBP\ub294 \uc544\uae30 \uad00\ub9ac\uc5d0 \ub300\ud55c \uc9c0\uce68\uacfc \uad8c\uc7a5 \uc0ac\ud56d\uc744 \uc81c\uacf5\ud558\ub294 \uacf5\uc778 \uc758\ub8cc \uae30\uad00\uc785\ub2c8\ub2e4.<\/p>\n\n\n\n<p>SBP \uacf5\uc2dd \uc0ac\uc774\ud2b8\uc5d0\ub294 \uc544\ub3d9 \uc548\uc804 \ubc0f \uac74\uac15\uc5d0 \ub300\ud55c \uad00\ub828 \uc815\ubcf4\uac00 \ub098\uc640 \uc788\uc2b5\ub2c8\ub2e4.<\/p>\n\n\n\n<p>\ubbf8\uad6d \uc18c\uc544\uacfc \ud559\ud68c(AAP) \u2013 AAP\ub294 \ubbf8\uad6d\uc5d0 \ubcf8\uc0ac\ub97c \ub454 \uc720\uba85\ud55c \uc18c\uc544\uacfc \uc870\uc9c1\uc785\ub2c8\ub2e4.<\/p>\n\n\n\n<p>AAP \uc0ac\uc774\ud2b8\ub294 \uc544\ub3d9 \uac74\uac15\uacfc \uc548\uc804\uc5d0 \ub300\ud55c \uc9c0\uce68\uc744 \ud3ec\ud568\ud558\uc5ec \uad6d\uac00\uc640 \uc758\ub8cc \uc804\ubb38\uac00\uc5d0\uac8c \uadc0\uc911\ud55c \uc790\ub8cc\ub97c \uc81c\uacf5\ud569\ub2c8\ub2e4.<\/p>\n\n\n\n<p>\uc18c\uc544\uacfc \uc758\uc0ac\ub098 \ud2b9\uc815 \uc9c8\ud658 \uc804\ubb38\uc758\uc640 \uc0c1\ub2f4\ud558\ub294 \uac83\uc744 \ud56d\uc0c1 \uace0\ub824\ud574 \ubcf4\uc138\uc694. \ub610\ud55c, \uc544\uae30\uc758 \uc0c1\ud669\uc5d0 \ub9de\ub294 \ub9de\ucda4\ud615 \uc815\ubcf4\ub97c \uc5bb\uae30 \uc704\ud574 \uc18c\uc544\uacfc \uc758\uc0ac\ub098 \uc804\ubb38\uc758\uc758 \uc9c0\ub3c4\ub97c \ubc1b\ub294 \uac83\uc774 \uc88b\uc2b5\ub2c8\ub2e4.<\/p>\n\n\n\n<p>\uc544\uae30\uc758 \uac74\uac15 \uc0c1\ud0dc\uc640 \uac1c\ubcc4\uc801\uc778 \ud544\uc694\uc5d0 \ub530\ub77c \uac1c\uc778\ud654\ub41c \uc9c0\uce68\uc744 \uc81c\uacf5\ud558\ub294 \uae30\ub2a5\uc785\ub2c8\ub2e4.<\/p>\n\n\n\n<p>\uc2dc\uac04\uc774 \uc9c0\ub0a8\uc5d0 \ub530\ub77c \uc9c0\uce68\uacfc \uad8c\uc7a5 \uc0ac\ud56d\uc774 \uc5c5\ub370\uc774\ud2b8\ub418\uba74 \uc774\ub7ec\ud55c \ucd9c\ucc98\uc758 \uc815\ubcf4 \uc5c5\ub370\uc774\ud2b8\ub97c \ud655\uc778\ud558\ub294 \uac83\uc774 \ud544\uc218\uc801\uc774\ub77c\ub294 \uc810\uc744 \uae30\uc5b5\ud558\uc138\uc694.<\/p>\n\n\n\n<p>\ub610\ud55c, \uc54c\uc544\ub450\uc138\uc694<a href=\"https:\/\/www.luzbaby.com.br\/\" target=\"_blank\" rel=\"noreferrer noopener\"> Luz Baby\ub294 \ucd5c\uace0\uc758 \uc720\uc544\uc6a9\ud488 \ubc0f \uc720\uc544\uc2dd \uc785\ubb38 \ub9e4\uc7a5 \uc911 \ud558\ub098\uc785\ub2c8\ub2e4. \uc5ec\uae30\ub97c \ud074\ub9ad\ud558\uc138\uc694.<\/a><\/p>","protected":false},"excerpt":{"rendered":"<p>\uc544\uae30 \ubc29\uc5d0 \uc120\ud48d\uae30\ub97c \uc0ac\uc6a9\ud574\ub3c4 \ub420\uae4c\uc694? \uc544\uae30\uc5d0\uac8c \ud3b8\uc548\ud55c \ud658\uacbd\uc744 \uc870\uc131\ud558\ub294 \ub370 \uc788\uc5b4 \ub9ce\uc740 \uc0ac\ub78c\ub4e4\uc774 \uc791\uc740 \ubc29\uc5d0\uc11c \uc120\ud48d\uae30\ub97c \uc0ac\uc6a9\ud558\ub294 \uac83\uc774 \uc548\uc804\ud558\uace0 \uc720\uc775\ud55c\uc9c0 \uad81\uae08\ud574\ud569\ub2c8\ub2e4. \ub610\ud55c, \uc544\uae30 \ubc29\uc5d0\uc11c \uc120\ud48d\uae30\ub97c \uc0ac\uc6a9\ud560 \ub54c\uc758 \uc774\uc810\uacfc \uc8fc\uc758 \uc0ac\ud56d\uc5d0 \ub300\ud55c \uc815\ubcf4\ub97c \ud1b5\ud574 \uc774 \uc9c8\ubb38\uc5d0 \ub300\ud55c \ub2f5\uc744 \ub4dc\ub9ac\uaca0\uc2b5\ub2c8\ub2e4. [\u2026]<\/p>","protected":false},"author":139,"featured_media":2759,"comment_status":"closed","ping_status":"open","sticky":false,"template":"","format":"standard","meta":{"footnotes":""},"categories":[4],"tags":[1310,1540,1541],"yoast_head":"<!-- This site is optimized with the Yoast SEO plugin v23.3 - https:\/\/yoast.com\/wordpress\/plugins\/seo\/ -->\n<title>Posso utilizar ventilador no quarto do beb\u00ea? - Universo Fam\u00edlia<\/title>\n<meta name=\"description\" content=\"Posso utilizar ventilador no quarto do beb\u00ea? Quando se trata de criar um ambiente confort\u00e1vel para o beb\u00ea,\" \/>\n<meta name=\"robots\" content=\"index, follow, max-snippet:-1, max-image-preview:large, max-video-preview:-1\" \/>\n<link rel=\"canonical\" href=\"https:\/\/universofamilia.com\/ko\/posso-utilizar-ventilador-no-quarto-do-bebe\/\" \/>\n<meta property=\"og:locale\" content=\"ko_KR\" \/>\n<meta property=\"og:type\" content=\"article\" \/>\n<meta property=\"og:title\" content=\"Posso utilizar ventilador no quarto do beb\u00ea? - Universo Fam\u00edlia\" \/>\n<meta property=\"og:description\" content=\"Posso utilizar ventilador no quarto do beb\u00ea? Quando se trata de criar um ambiente confort\u00e1vel para o beb\u00ea,\" \/>\n<meta property=\"og:url\" content=\"https:\/\/universofamilia.com\/ko\/posso-utilizar-ventilador-no-quarto-do-bebe\/\" \/>\n<meta property=\"og:site_name\" content=\"Universo Fam\u00edlia\" \/>\n<meta property=\"article:published_time\" content=\"2023-06-18T23:42:37+00:00\" \/>\n<meta property=\"article:modified_time\" content=\"2025-02-07T01:22:33+00:00\" \/>\n<meta property=\"og:image\" content=\"https:\/\/universofamilia.com\/wp-content\/uploads\/sites\/148\/2023\/06\/FOTO-DESTAQUE-ventilador-de-teto-universo-familia-.png\" \/>\n\t<meta property=\"og:image:width\" content=\"448\" \/>\n\t<meta property=\"og:image:height\" content=\"350\" \/>\n\t<meta property=\"og:image:type\" content=\"image\/png\" \/>\n<meta name=\"author\" content=\"Pedro Henrique\" \/>\n<meta name=\"twitter:card\" content=\"summary_large_image\" \/>\n<meta name=\"twitter:label1\" content=\"Written by\" \/>\n\t<meta name=\"twitter:data1\" content=\"Pedro Henrique\" \/>\n\t<meta name=\"twitter:label2\" content=\"Est. reading time\" \/>\n\t<meta name=\"twitter:data2\" content=\"6\ubd84\" \/>\n<script type=\"application\/ld+json\" class=\"yoast-schema-graph\">{\"@context\":\"https:\/\/schema.org\",\"@graph\":[{\"@type\":\"WebPage\",\"@id\":\"https:\/\/universofamilia.com\/da\/posso-utilizar-ventilador-no-quarto-do-bebe\/\",\"url\":\"https:\/\/universofamilia.com\/da\/posso-utilizar-ventilador-no-quarto-do-bebe\/\",\"name\":\"Posso utilizar ventilador no quarto do beb\u00ea? - Universo Fam\u00edlia\",\"isPartOf\":{\"@id\":\"https:\/\/universofamilia.com\/el\/#website\"},\"primaryImageOfPage\":{\"@id\":\"https:\/\/universofamilia.com\/da\/posso-utilizar-ventilador-no-quarto-do-bebe\/#primaryimage\"},\"image\":{\"@id\":\"https:\/\/universofamilia.com\/da\/posso-utilizar-ventilador-no-quarto-do-bebe\/#primaryimage\"},\"thumbnailUrl\":\"http:\/\/universofamilia.com\/wp-content\/uploads\/sites\/148\/2023\/06\/FOTO-DESTAQUE-ventilador-de-teto-universo-familia-.png\",\"datePublished\":\"2023-06-18T23:42:37+00:00\",\"dateModified\":\"2025-02-07T01:22:33+00:00\",\"author\":{\"@id\":\"https:\/\/universofamilia.com\/el\/#\/schema\/person\/f07ce98187dd84d31154262e79b3b7ca\"},\"description\":\"Posso utilizar ventilador no quarto do beb\u00ea? Quando se trata de criar um ambiente confort\u00e1vel para o beb\u00ea,\",\"breadcrumb\":{\"@id\":\"https:\/\/universofamilia.com\/da\/posso-utilizar-ventilador-no-quarto-do-bebe\/#breadcrumb\"},\"inLanguage\":\"ko-KR\",\"potentialAction\":[{\"@type\":\"ReadAction\",\"target\":[\"https:\/\/universofamilia.com\/da\/posso-utilizar-ventilador-no-quarto-do-bebe\/\"]}]},{\"@type\":\"ImageObject\",\"inLanguage\":\"ko-KR\",\"@id\":\"https:\/\/universofamilia.com\/da\/posso-utilizar-ventilador-no-quarto-do-bebe\/#primaryimage\",\"url\":\"http:\/\/universofamilia.com\/wp-content\/uploads\/sites\/148\/2023\/06\/FOTO-DESTAQUE-ventilador-de-teto-universo-familia-.png\",\"contentUrl\":\"http:\/\/universofamilia.com\/wp-content\/uploads\/sites\/148\/2023\/06\/FOTO-DESTAQUE-ventilador-de-teto-universo-familia-.png\",\"width\":448,\"height\":350},{\"@type\":\"BreadcrumbList\",\"@id\":\"https:\/\/universofamilia.com\/da\/posso-utilizar-ventilador-no-quarto-do-bebe\/#breadcrumb\",\"itemListElement\":[{\"@type\":\"ListItem\",\"position\":1,\"name\":\"Home\",\"item\":\"https:\/\/universofamilia.com\/el\/\"},{\"@type\":\"ListItem\",\"position\":2,\"name\":\"Posso utilizar ventilador no quarto do beb\u00ea?\"}]},{\"@type\":\"WebSite\",\"@id\":\"https:\/\/universofamilia.com\/el\/#website\",\"url\":\"https:\/\/universofamilia.com\/el\/\",\"name\":\"Universo Fam\u00edlia\",\"description\":\"\",\"potentialAction\":[{\"@type\":\"SearchAction\",\"target\":{\"@type\":\"EntryPoint\",\"urlTemplate\":\"https:\/\/universofamilia.com\/el\/?s={search_term_string}\"},\"query-input\":\"required name=search_term_string\"}],\"inLanguage\":\"ko-KR\"},{\"@type\":\"Person\",\"@id\":\"https:\/\/universofamilia.com\/el\/#\/schema\/person\/f07ce98187dd84d31154262e79b3b7ca\",\"name\":\"Pedro Henrique\",\"image\":{\"@type\":\"ImageObject\",\"inLanguage\":\"ko-KR\",\"@id\":\"https:\/\/universofamilia.com\/el\/#\/schema\/person\/image\/\",\"url\":\"http:\/\/0.gravatar.com\/avatar\/9edfeb808cb4e1599f64d6e45b130154?s=96&d=mm&r=g\",\"contentUrl\":\"http:\/\/0.gravatar.com\/avatar\/9edfeb808cb4e1599f64d6e45b130154?s=96&d=mm&r=g\",\"caption\":\"Pedro Henrique\"},\"url\":\"http:\/\/universofamilia.com\/ko\/author\/editor01\/\"}]}<\/script>\n<!-- \/ Yoast SEO plugin. -->","yoast_head_json":{"title":"Posso utilizar ventilador no quarto do beb\u00ea? - Universo Fam\u00edlia","description":"Posso utilizar ventilador no quarto do beb\u00ea? Quando se trata de criar um ambiente confort\u00e1vel para o beb\u00ea,","robots":{"index":"index","follow":"follow","max-snippet":"max-snippet:-1","max-image-preview":"max-image-preview:large","max-video-preview":"max-video-preview:-1"},"canonical":"https:\/\/universofamilia.com\/ko\/posso-utilizar-ventilador-no-quarto-do-bebe\/","og_locale":"ko_KR","og_type":"article","og_title":"Posso utilizar ventilador no quarto do beb\u00ea? - Universo Fam\u00edlia","og_description":"Posso utilizar ventilador no quarto do beb\u00ea? Quando se trata de criar um ambiente confort\u00e1vel para o beb\u00ea,","og_url":"https:\/\/universofamilia.com\/ko\/posso-utilizar-ventilador-no-quarto-do-bebe\/","og_site_name":"Universo Fam\u00edlia","article_published_time":"2023-06-18T23:42:37+00:00","article_modified_time":"2025-02-07T01:22:33+00:00","og_image":[{"width":448,"height":350,"url":"https:\/\/universofamilia.com\/wp-content\/uploads\/sites\/148\/2023\/06\/FOTO-DESTAQUE-ventilador-de-teto-universo-familia-.png","type":"image\/png"}],"author":"Pedro Henrique","twitter_card":"summary_large_image","twitter_misc":{"Written by":"Pedro Henrique","Est. reading time":"6\ubd84"},"schema":{"@context":"https:\/\/schema.org","@graph":[{"@type":"WebPage","@id":"https:\/\/universofamilia.com\/da\/posso-utilizar-ventilador-no-quarto-do-bebe\/","url":"https:\/\/universofamilia.com\/da\/posso-utilizar-ventilador-no-quarto-do-bebe\/","name":"Posso utilizar ventilador no quarto do beb\u00ea? - Universo Fam\u00edlia","isPartOf":{"@id":"https:\/\/universofamilia.com\/el\/#website"},"primaryImageOfPage":{"@id":"https:\/\/universofamilia.com\/da\/posso-utilizar-ventilador-no-quarto-do-bebe\/#primaryimage"},"image":{"@id":"https:\/\/universofamilia.com\/da\/posso-utilizar-ventilador-no-quarto-do-bebe\/#primaryimage"},"thumbnailUrl":"http:\/\/universofamilia.com\/wp-content\/uploads\/sites\/148\/2023\/06\/FOTO-DESTAQUE-ventilador-de-teto-universo-familia-.png","datePublished":"2023-06-18T23:42:37+00:00","dateModified":"2025-02-07T01:22:33+00:00","author":{"@id":"https:\/\/universofamilia.com\/el\/#\/schema\/person\/f07ce98187dd84d31154262e79b3b7ca"},"description":"Posso utilizar ventilador no quarto do beb\u00ea? Quando se trata de criar um ambiente confort\u00e1vel para o beb\u00ea,","breadcrumb":{"@id":"https:\/\/universofamilia.com\/da\/posso-utilizar-ventilador-no-quarto-do-bebe\/#breadcrumb"},"inLanguage":"ko-KR","potentialAction":[{"@type":"ReadAction","target":["https:\/\/universofamilia.com\/da\/posso-utilizar-ventilador-no-quarto-do-bebe\/"]}]},{"@type":"ImageObject","inLanguage":"ko-KR","@id":"https:\/\/universofamilia.com\/da\/posso-utilizar-ventilador-no-quarto-do-bebe\/#primaryimage","url":"http:\/\/universofamilia.com\/wp-content\/uploads\/sites\/148\/2023\/06\/FOTO-DESTAQUE-ventilador-de-teto-universo-familia-.png","contentUrl":"http:\/\/universofamilia.com\/wp-content\/uploads\/sites\/148\/2023\/06\/FOTO-DESTAQUE-ventilador-de-teto-universo-familia-.png","width":448,"height":350},{"@type":"BreadcrumbList","@id":"https:\/\/universofamilia.com\/da\/posso-utilizar-ventilador-no-quarto-do-bebe\/#breadcrumb","itemListElement":[{"@type":"ListItem","position":1,"name":"Home","item":"https:\/\/universofamilia.com\/el\/"},{"@type":"ListItem","position":2,"name":"Posso utilizar ventilador no quarto do beb\u00ea?"}]},{"@type":"WebSite","@id":"https:\/\/universofamilia.com\/el\/#website","url":"https:\/\/universofamilia.com\/el\/","name":"Universo Fam\u00edlia","description":"","potentialAction":[{"@type":"SearchAction","target":{"@type":"EntryPoint","urlTemplate":"https:\/\/universofamilia.com\/el\/?s={search_term_string}"},"query-input":"required name=search_term_string"}],"inLanguage":"ko-KR"},{"@type":"Person","@id":"https:\/\/universofamilia.com\/el\/#\/schema\/person\/f07ce98187dd84d31154262e79b3b7ca","name":"Pedro Henrique","image":{"@type":"ImageObject","inLanguage":"ko-KR","@id":"https:\/\/universofamilia.com\/el\/#\/schema\/person\/image\/","url":"http:\/\/0.gravatar.com\/avatar\/9edfeb808cb4e1599f64d6e45b130154?s=96&d=mm&r=g","contentUrl":"http:\/\/0.gravatar.com\/avatar\/9edfeb808cb4e1599f64d6e45b130154?s=96&d=mm&r=g","caption":"Pedro Henrique"},"url":"http:\/\/universofamilia.com\/ko\/author\/editor01\/"}]}},"_links":{"self":[{"href":"http:\/\/universofamilia.com\/ko\/wp-json\/wp\/v2\/posts\/2752"}],"collection":[{"href":"http:\/\/universofamilia.com\/ko\/wp-json\/wp\/v2\/posts"}],"about":[{"href":"http:\/\/universofamilia.com\/ko\/wp-json\/wp\/v2\/types\/post"}],"author":[{"embeddable":true,"href":"http:\/\/universofamilia.com\/ko\/wp-json\/wp\/v2\/users\/139"}],"replies":[{"embeddable":true,"href":"http:\/\/universofamilia.com\/ko\/wp-json\/wp\/v2\/comments?post=2752"}],"version-history":[{"count":1,"href":"http:\/\/universofamilia.com\/ko\/wp-json\/wp\/v2\/posts\/2752\/revisions"}],"predecessor-version":[{"id":8591,"href":"http:\/\/universofamilia.com\/ko\/wp-json\/wp\/v2\/posts\/2752\/revisions\/8591"}],"wp:featuredmedia":[{"embeddable":true,"href":"http:\/\/universofamilia.com\/ko\/wp-json\/wp\/v2\/media\/2759"}],"wp:attachment":[{"href":"http:\/\/universofamilia.com\/ko\/wp-json\/wp\/v2\/media?parent=2752"}],"wp:term":[{"taxonomy":"category","embeddable":true,"href":"http:\/\/universofamilia.com\/ko\/wp-json\/wp\/v2\/categories?post=2752"},{"taxonomy":"post_tag","embeddable":true,"href":"http:\/\/universofamilia.com\/ko\/wp-json\/wp\/v2\/tags?post=2752"}],"curies":[{"name":"wp","href":"https:\/\/api.w.org\/{rel}","templated":true}]}}