{"id":10464,"date":"2025-12-26T12:09:03","date_gmt":"2025-12-26T15:09:03","guid":{"rendered":"https:\/\/universofamilia.com\/?p=10464"},"modified":"2025-12-26T12:09:05","modified_gmt":"2025-12-26T15:09:05","slug":"las-preguntas-de-entrevista-mas-comunes-de-2025","status":"publish","type":"post","link":"http:\/\/universofamilia.com\/nl\/las-preguntas-de-entrevista-mas-comunes-de-2025\/","title":{"rendered":"De meest gestelde interviewvragen van 2025"},"content":{"rendered":"<p class=\"has-text-align-center\"><strong>De meest gestelde interviewvragen van 2025<\/strong> Ze weerspiegelen een arbeidsmarkt die digitaler, menselijker en strategischer is dan ooit tevoren.<\/p>\n\n\n\n<figure class=\"wp-block-gallery has-nested-images columns-default is-cropped wp-block-gallery-1 is-layout-flex wp-block-gallery-is-layout-flex\">\n<figure class=\"wp-block-image size-full\"><img loading=\"lazy\" decoding=\"async\" width=\"450\" height=\"250\" data-id=\"10465\" src=\"https:\/\/universofamilia.com\/wp-content\/uploads\/sites\/148\/2025\/12\/Destaque-Novo-Universo-18.jpg\" alt=\"\" class=\"wp-image-10465\" srcset=\"http:\/\/universofamilia.com\/wp-content\/uploads\/sites\/148\/2025\/12\/Destaque-Novo-Universo-18.jpg 450w, http:\/\/universofamilia.com\/wp-content\/uploads\/sites\/148\/2025\/12\/Destaque-Novo-Universo-18-300x167.jpg 300w, http:\/\/universofamilia.com\/wp-content\/uploads\/sites\/148\/2025\/12\/Destaque-Novo-Universo-18-18x10.jpg 18w\" sizes=\"(max-width: 450px) 100vw, 450px\" \/><figcaption class=\"wp-element-caption\">De meest gestelde interviewvragen van 2025<\/figcaption><\/figure>\n<\/figure>\n\n\n\n<p class=\"has-text-align-center\">In een context waarin virtuele processen, kunstmatige intelligentie bij werving en selectie en wereldwijde teams naast elkaar bestaan, draait het bij sollicitatiegesprekken niet langer uitsluitend om het cv.<\/p>\n\n\n\n<p class=\"has-text-align-center\">Tegenwoordig worden kritisch denkvermogen, aanpassingsvermogen en professionele consistentie beoordeeld.<\/p>\n\n\n\n<p>Voordat we verdergaan, volgt hier een korte samenvatting om u op weg te helpen: hoe de aanpak van sollicitatiegesprekken in 2025 is veranderd, waar bedrijven echt naar op zoek zijn en de meest gestelde vraagcategorie\u00ebn.<\/p>\n\n\n\n<p>Hoe je antwoordt zonder algemeen te klinken, een relevante statistiek, twee concrete voorbeelden, een duidelijke analogie, een praktische tabel en een lijst met veelgestelde vragen.<\/p>\n\n\n\n<h2 class=\"wp-block-heading\"><strong>Waarom sollicitatiegesprekken in 2025 zo sterk veranderd zijn.<\/strong><\/h2>\n\n\n\n<p>De transformatie van werk heeft een ingrijpende evolutie in selectieprocessen versneld.<\/p>\n\n\n\n<p>Automatisering, thuiswerken en een tekort aan gespecialiseerd talent dwongen bedrijven hun vragen te verfijnen.<\/p>\n\n\n\n<p>Het is niet langer voldoende om ervaringen te bevestigen; nu is het belangrijk om te begrijpen hoe je denkt, beslissingen neemt en je aanpast.<\/p>\n\n\n\n<p>Volgens de <strong>Rapport over de toekomst van banen van het Wereld Economisch Forum<\/strong>Soft skills, het vermogen om continu te leren en het vermogen om complexe problemen op te lossen, behoren tot de meest gewaardeerde vaardigheden door werkgevers wereldwijd.<\/p>\n\n\n\n<p>Deze trend verklaart waarom interviews tegenwoordig dieper ingaan op persoonlijk gedrag en criteria.<\/p>\n\n\n\n<h2 class=\"wp-block-heading\"><strong>Waar recruiters tegenwoordig echt naar op zoek zijn<\/strong><\/h2>\n\n\n\n<p>Achter elke vraag schuilt een duidelijke intentie. De recruiter zoekt naar consistentie tussen wat je zegt, wat je hebt gedaan en wat je zou kunnen bijdragen.<\/p>\n\n\n\n<p>Hij merkte ook op dat de communicatie van idee\u00ebn helder was, dat de kandidaat goed met druk omging en dat er sprake was van professionele eerlijkheid.<\/p>\n\n\n\n<p>Goed reageren betekent niet dat je zinnen uit je hoofd moet leren, maar dat je de bedoeling van elke uitspraak begrijpt. Als je die logica doorziet, wordt je betoog natuurlijker en geloofwaardiger.<\/p>\n\n\n\n<h2 class=\"wp-block-heading\"><strong>Vragen over loopbaanmogelijkheden<\/strong><\/h2>\n\n\n\n<p>Ervaring blijft een van de belangrijkste categorie\u00ebn, zij het met een andere focus. De vorige functie is niet langer de enige factor; de gegenereerde impact is nu wat telt.<\/p>\n\n\n\n<p>Vragen zoals deze verschijnen hier:<\/p>\n\n\n\n<ul>\n<li>Vertel me over je meest relevante ervaring voor deze functie.<\/li>\n\n\n\n<li>Wat heb je in je vorige functie geleerd dat je nu beter kunt toepassen?<\/li>\n<\/ul>\n\n\n\n<p>De focus ligt op leren en evolutie, niet op een lijst met functies.<\/p>\n\n\n\n<h3 class=\"wp-block-heading\"><strong>Voorbeeld 1<\/strong><\/h3>\n\n\n\n<p>Een data-analist legde uit hoe ze van het opstellen van rapporten is overgestapt naar het voorstellen van bedrijfsverbeteringen op basis van inzichten.<\/p>\n\n\n\n<p>Dat verhaal toonde groei, initiatief en afstemming op de bedrijfsdoelstellingen.<\/p>\n\n\n\n<h2 class=\"wp-block-heading\"><strong>Vragen over belangrijke vaardigheden en competenties<\/strong><\/h2>\n\n\n\n<p>Tegen 2025 zullen bedrijven prioriteit geven aan overdraagbare vaardigheden. Daarom ontstaan er vragen die zich richten op praktijksituaties, in plaats van op theorie\u00ebn.<\/p>\n\n\n\n<p>Enkele van de meest voorkomende zijn:<\/p>\n\n\n\n<ul>\n<li>Hoe ga je om met een onverwachte verandering in je prioriteiten?<\/li>\n\n\n\n<li>Beschrijf een situatie waarin je snel iets nieuws moest leren.<\/li>\n<\/ul>\n\n\n\n<p>Dit type vraag meet aanpassingsvermogen en een groeimindset.<\/p>\n\n\n\n<h2 class=\"wp-block-heading\"><strong>Beoordeling van digitale vaardigheden en werken op afstand<\/strong><\/h2>\n\n\n\n<p>Technologische vaardigheden zijn niet langer voorbehouden aan technische profielen. Vrijwel elke functie vereist digitale vaardigheid en effectieve communicatie op afstand.<\/p>\n\n\n\n<p>Daarom hoor je vaak vragen over organisatie, virtuele samenwerking en zelfmanagement. Ze zijn niet op zoek naar software-experts, maar naar functionele professionals in digitale omgevingen.<\/p>\n\n\n\n<h2 class=\"wp-block-heading\"><strong>Vragen over cultuur en waarden<\/strong><\/h2>\n\n\n\n<p>Bedrijven hebben geleerd dat het aannemen van personeel uitsluitend op basis van technische vaardigheden op de lange termijn tot wrijving leidt. Daardoor werd culturele compatibiliteit steeds belangrijker.<\/p>\n\n\n\n<p>Vragen zoals &quot;Wat waardeer je in een team?&quot; of &quot;Welk type leiderschap motiveert je?&quot; onthullen verwachtingen, grenzen en professionele stijl.<\/p>\n\n\n\n<p>Eerlijk antwoorden is effectiever dan proberen anderen te behagen.<\/p>\n\n\n\n<h2 class=\"wp-block-heading\"><strong>De vraag die bijna altijd terugkomt<\/strong><\/h2>\n\n\n\n<p>Tussen <strong>De meest gestelde interviewvragen van 2025<\/strong>Er is er \u00e9\u00e9n die nog steeds geldig is, zij het met nuances:<br><strong>Wat zijn je sterke punten en waar kun je je nog verbeteren?<\/strong><\/p>\n\n\n\n<p>Het draait om evenwicht. Het erkennen van een re\u00eble zwakte, in combinatie met concrete acties om deze te verbeteren, getuigt van volwassenheid en zelfbewustzijn.<\/p>\n\n\n\n<p>Het vermijden van van tevoren opgestelde antwoorden maakt een wereld van verschil.<\/p>\n\n\n\n<h2 class=\"wp-block-heading\"><strong>Vragen over probleemoplossing<\/strong><\/h2>\n\n\n\n<p>Organisaties zoeken mensen die in staat zijn te analyseren, te beslissen en te handelen. Daarom worden er tijdens sollicitatiegesprekken vaak hypothetische scenario&#039;s of ervaringen uit het verleden aangehaald.<\/p>\n\n\n\n<p>Er is geen eenduidig antwoord. Het gaat erom dat je je redenering uitlegt, de alternatieven die je hebt overwogen en het resultaat dat je hebt bereikt. Dit proces onthult je manier van denken.<\/p>\n\n\n\n<h3 class=\"wp-block-heading\"><strong>Voorbeeld 2<\/strong><\/h3>\n\n\n\n<p>Een junior manager vertelde hoe hij een conflict tussen afdelingen had opgelost door prioriteit te geven aan data, dialoog en duidelijke afspraken. Meer dan de uiteindelijke oplossing benadrukte hij zijn gestructureerde en empathische aanpak.<\/p>\n\n\n\n<h2 class=\"wp-block-heading\"><strong>Vragen over motivatie en doel<\/strong><\/h2>\n\n\n\n<p>In een markt met een hoog personeelsverloop willen bedrijven graag weten waarom je ge\u00efnteresseerd bent in de functie.<\/p>\n\n\n\n<p>Vragen als &quot;Wat motiveert je in deze functie?&quot; of &quot;Waar zie je jezelf over drie jaar?&quot; geven inzicht in verwachtingen en betrokkenheid.<\/p>\n\n\n\n<p>Door vanuit het perspectief van professionele doelen te antwoorden, en niet alleen vanuit het salarisperspectief, cre\u00eber je een sterkere band met de interviewer.<\/p>\n\n\n\n<h2 class=\"wp-block-heading\"><strong>De analogie die helpt om het proces te begrijpen<\/strong><\/h2>\n\n\n\n<p>Een interview in 2025 beantwoorden zal zoiets zijn als... <strong>Navigeren met GPS<\/strong>.<\/p>\n\n\n\n<p>De bestemming is duidelijk, maar de werkelijke waarde schuilt in hoe je de route kiest, hoe je reageert op omwegen en hoe bewust je bent van het pad dat je hebt afgelegd.<\/p>\n\n\n\n<h2 class=\"wp-block-heading\"><strong>Tabel: Meest voorkomende vraagtypen in 2025<\/strong><\/h2>\n\n\n\n<figure class=\"wp-block-table\"><table><thead><tr><th>Vraagtype<\/th><th>Wat het in de eerste plaats evalueert<\/th><\/tr><\/thead><tbody><tr><td>Professionele carri\u00e8re<\/td><td>Evolutie en leren<\/td><\/tr><tr><td>Vaardigheden<\/td><td>Aanpassingsvermogen en sociale vaardigheden<\/td><\/tr><tr><td>Digitaal en op afstand<\/td><td>Autonomie en organisatie<\/td><\/tr><tr><td>Cultuur en waarden<\/td><td>Bedrijfscompatibiliteit<\/td><\/tr><tr><td>Probleemoplossing<\/td><td>Kritisch denken<\/td><\/tr><\/tbody><\/table><figcaption class=\"wp-element-caption\">De meest gestelde interviewvragen van 2025<\/figcaption><\/figure>\n\n\n\n<figure class=\"wp-block-gallery has-nested-images columns-default is-cropped wp-block-gallery-2 is-layout-flex wp-block-gallery-is-layout-flex\">\n<figure class=\"wp-block-image size-full\"><img loading=\"lazy\" decoding=\"async\" width=\"450\" height=\"250\" data-id=\"10467\" src=\"https:\/\/universofamilia.com\/wp-content\/uploads\/sites\/148\/2025\/12\/Destaque-Novo-Universo-19.jpg\" alt=\"\" class=\"wp-image-10467\" srcset=\"http:\/\/universofamilia.com\/wp-content\/uploads\/sites\/148\/2025\/12\/Destaque-Novo-Universo-19.jpg 450w, http:\/\/universofamilia.com\/wp-content\/uploads\/sites\/148\/2025\/12\/Destaque-Novo-Universo-19-300x167.jpg 300w, http:\/\/universofamilia.com\/wp-content\/uploads\/sites\/148\/2025\/12\/Destaque-Novo-Universo-19-18x10.jpg 18w\" sizes=\"(max-width: 450px) 100vw, 450px\" \/><figcaption class=\"wp-element-caption\">De meest gestelde interviewvragen van 2025<\/figcaption><\/figure>\n<\/figure>\n\n\n\n<p>Lees verder:\u00a0<a href=\"http:\/\/universofamilia.com\/nl\/el-teletrabajo-en-2025-las-nuevas-tendencias-del-home-office\/\">Telewerken in 2025: nieuwe trends voor thuiswerken<\/a><\/p>\n\n\n\n<h2 class=\"wp-block-heading\"><strong>Hoe je je kunt voorbereiden zonder dat het ingestudeerd klinkt.<\/strong><\/h2>\n\n\n\n<p>Effectieve voorbereiding draait niet om het memoriseren van antwoorden, maar om het reflecteren op echte ervaringen. Door successen, uitdagingen en geleerde lessen te identificeren, kun je natuurlijk reageren.<\/p>\n\n\n\n<p>Hardop oefenen helpt de spreekvaardigheid te verbeteren, maar het is ook belangrijk om ruimte te laten voor spontaniteit. Bij sollicitatiegesprekken draait het om authenticiteit, niet om perfectie.<\/p>\n\n\n\n<h2 class=\"wp-block-heading\"><strong>Veelgemaakte fouten die steeds weer kansen kosten<\/strong><\/h2>\n\n\n\n<p>Te veel praten, antwoorden ontwijken of fouten niet toegeven is nog steeds schadelijk. Dat geldt ook voor algemeenheden zonder context.<\/p>\n\n\n\n<p>Daarentegen bouwen duidelijkheid, concrete voorbeelden en actief luisteren vertrouwen op. De interviewer merkt het op wanneer er overeenstemming is tussen wat er gezegd wordt en wat er daadwerkelijk gebeurd is.<\/p>\n\n\n\n<h2 class=\"wp-block-heading\"><strong>Conclusie<\/strong><\/h2>\n\n\n\n<p>Grijpen <strong>De meest gestelde interviewvragen van 2025<\/strong> Het stelt je in staat om selectieprocessen met meer zelfvertrouwen en strategie aan te pakken.<\/p>\n\n\n\n<p>Bij sollicitatiegesprekken tegenwoordig zoeken we naar veelzijdige personen: met vaardigheden, waarden en aanpassingsvermogen.<\/p>\n\n\n\n<p>Door je voor te bereiden op basis van zelfkennis in plaats van rigide formules, vergroot je je kans op succes.<\/p>\n\n\n\n<p>In een concurrerende markt vallen degenen op die helder en authentiek communiceren, zonder dat ze hoeven te overdrijven.<\/p>\n\n\n\n<p>Lees verder:\u00a0<a href=\"http:\/\/universofamilia.com\/nl\/carreras-sostenibles-empleos-verdes-en-auge\/\">Duurzame carri\u00e8res: bloeiende groene banen<\/a><\/p>\n\n\n\n<h2 class=\"wp-block-heading\"><strong>Veelgestelde vragen<\/strong><\/h2>\n\n\n\n<p><strong>Zijn de interviewvragen in alle sectoren hetzelfde?<\/strong><br>Nee. Hoewel er gemeenschappelijke patronen zijn, geeft elke branche prioriteit aan specifieke vaardigheden.<\/p>\n\n\n\n<p><strong>Is het raadzaam om schriftelijke antwoorden voor te bereiden?<\/strong><br>Het dient als een voorbereidende oefening, maar tijdens het interview is het beter om spontaan te antwoorden.<\/p>\n\n\n\n<p><strong>Hoe belangrijk is eerlijkheid?<\/strong><br>Het is cruciaal. Recruiters kunnen inconsistenties gemakkelijk opmerken.<\/p>\n\n\n\n<p><strong>Veranderen virtuele sollicitatiegesprekken het soort vragen dat gesteld wordt?<\/strong><br>De focus blijft hetzelfde, hoewel de evaluatie van communicatie en zelfmanagement toeneemt.<\/p>\n\n\n\n<p><strong>Leidt het beantwoorden van een vraag met een onjuist antwoord tot diskwalificatie van een kandidaat?<\/strong><br>Niet per se. Houding, duidelijkheid en het vermogen om te reflecteren zijn net zo belangrijk als een tijdig antwoord.<\/p>\n\n\n\n<p>In 2025 betekent goed voorbereid zijn niet dat je er perfect uit moet zien, maar dat je laat zien wie je bent, hoe je denkt en welke echte waarde je kunt toevoegen.<\/p>\n\n\n\n<p>Dat blijft het meest overtuigende antwoord in elk sollicitatiegesprek.<\/p>","protected":false},"excerpt":{"rendered":"<p>De meest voorkomende interviewvragen in 2025 weerspiegelen een arbeidsmarkt die digitaler, menselijker en strategischer is dan ooit tevoren. In een context waarin virtuele processen, kunstmatige intelligentie bij werving en selectie en wereldwijde teams naast elkaar bestaan, richten interviews zich niet langer alleen op het cv. Tegenwoordig worden kritisch denkvermogen, aanpassingsvermogen en professionele consistentie beoordeeld. Voordat we verdergaan, volgt hier [\u2026]<\/p>","protected":false},"author":219,"featured_media":10466,"comment_status":"closed","ping_status":"open","sticky":false,"template":"","format":"standard","meta":{"footnotes":""},"categories":[5],"tags":[],"yoast_head":"<!-- This site is optimized with the Yoast SEO plugin v23.3 - https:\/\/yoast.com\/wordpress\/plugins\/seo\/ -->\n<title>Las preguntas de entrevista m\u00e1s comunes de 2025 - Universo Fam\u00edlia<\/title>\n<meta name=\"description\" content=\"Las preguntas de entrevista m\u00e1s comunes de 2025 reflejan un mercado laboral m\u00e1s digital, humano y estrat\u00e9gico que nunca.\" \/>\n<meta name=\"robots\" content=\"index, follow, max-snippet:-1, max-image-preview:large, max-video-preview:-1\" \/>\n<link rel=\"canonical\" href=\"https:\/\/universofamilia.com\/nl\/las-preguntas-de-entrevista-mas-comunes-de-2025\/\" \/>\n<meta property=\"og:locale\" content=\"nl_NL\" \/>\n<meta property=\"og:type\" content=\"article\" \/>\n<meta property=\"og:title\" content=\"Las preguntas de entrevista m\u00e1s comunes de 2025 - Universo Fam\u00edlia\" \/>\n<meta property=\"og:description\" content=\"Las preguntas de entrevista m\u00e1s comunes de 2025 reflejan un mercado laboral m\u00e1s digital, humano y estrat\u00e9gico que nunca.\" \/>\n<meta property=\"og:url\" content=\"https:\/\/universofamilia.com\/nl\/las-preguntas-de-entrevista-mas-comunes-de-2025\/\" \/>\n<meta property=\"og:site_name\" content=\"Universo Fam\u00edlia\" \/>\n<meta property=\"article:published_time\" content=\"2025-12-26T15:09:03+00:00\" \/>\n<meta property=\"article:modified_time\" content=\"2025-12-26T15:09:05+00:00\" \/>\n<meta property=\"og:image\" content=\"https:\/\/universofamilia.com\/wp-content\/uploads\/sites\/148\/2025\/12\/Destaque-Novo-Universo-18-1.jpg\" \/>\n\t<meta property=\"og:image:width\" content=\"450\" \/>\n\t<meta property=\"og:image:height\" content=\"250\" \/>\n\t<meta property=\"og:image:type\" content=\"image\/jpeg\" \/>\n<meta name=\"author\" content=\"Matheus Sangaletti\" \/>\n<meta name=\"twitter:card\" content=\"summary_large_image\" \/>\n<meta name=\"twitter:label1\" content=\"Written by\" \/>\n\t<meta name=\"twitter:data1\" content=\"Matheus Sangaletti\" \/>\n\t<meta name=\"twitter:label2\" content=\"Est. reading time\" \/>\n\t<meta name=\"twitter:data2\" content=\"7 minuten\" \/>\n<script type=\"application\/ld+json\" class=\"yoast-schema-graph\">{\"@context\":\"https:\/\/schema.org\",\"@graph\":[{\"@type\":\"WebPage\",\"@id\":\"https:\/\/universofamilia.com\/sk\/las-preguntas-de-entrevista-mas-comunes-de-2025\/\",\"url\":\"https:\/\/universofamilia.com\/sk\/las-preguntas-de-entrevista-mas-comunes-de-2025\/\",\"name\":\"Las preguntas de entrevista m\u00e1s comunes de 2025 - Universo Fam\u00edlia\",\"isPartOf\":{\"@id\":\"http:\/\/universofamilia.com\/zh_hk\/#website\"},\"primaryImageOfPage\":{\"@id\":\"https:\/\/universofamilia.com\/sk\/las-preguntas-de-entrevista-mas-comunes-de-2025\/#primaryimage\"},\"image\":{\"@id\":\"https:\/\/universofamilia.com\/sk\/las-preguntas-de-entrevista-mas-comunes-de-2025\/#primaryimage\"},\"thumbnailUrl\":\"http:\/\/universofamilia.com\/wp-content\/uploads\/sites\/148\/2025\/12\/Destaque-Novo-Universo-18-1.jpg\",\"datePublished\":\"2025-12-26T15:09:03+00:00\",\"dateModified\":\"2025-12-26T15:09:05+00:00\",\"author\":{\"@id\":\"http:\/\/universofamilia.com\/zh_hk\/#\/schema\/person\/92fcd07e9b1f4323bf74f3170fc0f78a\"},\"description\":\"Las preguntas de entrevista m\u00e1s comunes de 2025 reflejan un mercado laboral m\u00e1s digital, humano y estrat\u00e9gico que nunca.\",\"breadcrumb\":{\"@id\":\"https:\/\/universofamilia.com\/sk\/las-preguntas-de-entrevista-mas-comunes-de-2025\/#breadcrumb\"},\"inLanguage\":\"nl\",\"potentialAction\":[{\"@type\":\"ReadAction\",\"target\":[\"https:\/\/universofamilia.com\/sk\/las-preguntas-de-entrevista-mas-comunes-de-2025\/\"]}]},{\"@type\":\"ImageObject\",\"inLanguage\":\"nl\",\"@id\":\"https:\/\/universofamilia.com\/sk\/las-preguntas-de-entrevista-mas-comunes-de-2025\/#primaryimage\",\"url\":\"http:\/\/universofamilia.com\/wp-content\/uploads\/sites\/148\/2025\/12\/Destaque-Novo-Universo-18-1.jpg\",\"contentUrl\":\"http:\/\/universofamilia.com\/wp-content\/uploads\/sites\/148\/2025\/12\/Destaque-Novo-Universo-18-1.jpg\",\"width\":450,\"height\":250,\"caption\":\"Las preguntas de entrevista m\u00e1s comunes de 2025\"},{\"@type\":\"BreadcrumbList\",\"@id\":\"https:\/\/universofamilia.com\/sk\/las-preguntas-de-entrevista-mas-comunes-de-2025\/#breadcrumb\",\"itemListElement\":[{\"@type\":\"ListItem\",\"position\":1,\"name\":\"Home\",\"item\":\"http:\/\/universofamilia.com\/zh_hk\/\"},{\"@type\":\"ListItem\",\"position\":2,\"name\":\"Las preguntas de entrevista m\u00e1s comunes de 2025\"}]},{\"@type\":\"WebSite\",\"@id\":\"http:\/\/universofamilia.com\/zh_hk\/#website\",\"url\":\"http:\/\/universofamilia.com\/zh_hk\/\",\"name\":\"Universo Fam\u00edlia\",\"description\":\"\",\"potentialAction\":[{\"@type\":\"SearchAction\",\"target\":{\"@type\":\"EntryPoint\",\"urlTemplate\":\"http:\/\/universofamilia.com\/zh_hk\/?s={search_term_string}\"},\"query-input\":\"required name=search_term_string\"}],\"inLanguage\":\"nl\"},{\"@type\":\"Person\",\"@id\":\"http:\/\/universofamilia.com\/zh_hk\/#\/schema\/person\/92fcd07e9b1f4323bf74f3170fc0f78a\",\"name\":\"Matheus Sangaletti\",\"image\":{\"@type\":\"ImageObject\",\"inLanguage\":\"nl\",\"@id\":\"http:\/\/universofamilia.com\/zh_hk\/#\/schema\/person\/image\/\",\"url\":\"http:\/\/2.gravatar.com\/avatar\/280ea957a14a48e6a1ad2133d2cc27c9?s=96&d=mm&r=g\",\"contentUrl\":\"http:\/\/2.gravatar.com\/avatar\/280ea957a14a48e6a1ad2133d2cc27c9?s=96&d=mm&r=g\",\"caption\":\"Matheus Sangaletti\"},\"url\":\"http:\/\/universofamilia.com\/nl\/author\/matheuss\/\"}]}<\/script>\n<!-- \/ Yoast SEO plugin. -->","yoast_head_json":{"title":"Las preguntas de entrevista m\u00e1s comunes de 2025 - Universo Fam\u00edlia","description":"Las preguntas de entrevista m\u00e1s comunes de 2025 reflejan un mercado laboral m\u00e1s digital, humano y estrat\u00e9gico que nunca.","robots":{"index":"index","follow":"follow","max-snippet":"max-snippet:-1","max-image-preview":"max-image-preview:large","max-video-preview":"max-video-preview:-1"},"canonical":"https:\/\/universofamilia.com\/nl\/las-preguntas-de-entrevista-mas-comunes-de-2025\/","og_locale":"nl_NL","og_type":"article","og_title":"Las preguntas de entrevista m\u00e1s comunes de 2025 - Universo Fam\u00edlia","og_description":"Las preguntas de entrevista m\u00e1s comunes de 2025 reflejan un mercado laboral m\u00e1s digital, humano y estrat\u00e9gico que nunca.","og_url":"https:\/\/universofamilia.com\/nl\/las-preguntas-de-entrevista-mas-comunes-de-2025\/","og_site_name":"Universo Fam\u00edlia","article_published_time":"2025-12-26T15:09:03+00:00","article_modified_time":"2025-12-26T15:09:05+00:00","og_image":[{"width":450,"height":250,"url":"https:\/\/universofamilia.com\/wp-content\/uploads\/sites\/148\/2025\/12\/Destaque-Novo-Universo-18-1.jpg","type":"image\/jpeg"}],"author":"Matheus Sangaletti","twitter_card":"summary_large_image","twitter_misc":{"Written by":"Matheus Sangaletti","Est. reading time":"7 minuten"},"schema":{"@context":"https:\/\/schema.org","@graph":[{"@type":"WebPage","@id":"https:\/\/universofamilia.com\/sk\/las-preguntas-de-entrevista-mas-comunes-de-2025\/","url":"https:\/\/universofamilia.com\/sk\/las-preguntas-de-entrevista-mas-comunes-de-2025\/","name":"Las preguntas de entrevista m\u00e1s comunes de 2025 - Universo Fam\u00edlia","isPartOf":{"@id":"http:\/\/universofamilia.com\/zh_hk\/#website"},"primaryImageOfPage":{"@id":"https:\/\/universofamilia.com\/sk\/las-preguntas-de-entrevista-mas-comunes-de-2025\/#primaryimage"},"image":{"@id":"https:\/\/universofamilia.com\/sk\/las-preguntas-de-entrevista-mas-comunes-de-2025\/#primaryimage"},"thumbnailUrl":"http:\/\/universofamilia.com\/wp-content\/uploads\/sites\/148\/2025\/12\/Destaque-Novo-Universo-18-1.jpg","datePublished":"2025-12-26T15:09:03+00:00","dateModified":"2025-12-26T15:09:05+00:00","author":{"@id":"http:\/\/universofamilia.com\/zh_hk\/#\/schema\/person\/92fcd07e9b1f4323bf74f3170fc0f78a"},"description":"Las preguntas de entrevista m\u00e1s comunes de 2025 reflejan un mercado laboral m\u00e1s digital, humano y estrat\u00e9gico que nunca.","breadcrumb":{"@id":"https:\/\/universofamilia.com\/sk\/las-preguntas-de-entrevista-mas-comunes-de-2025\/#breadcrumb"},"inLanguage":"nl","potentialAction":[{"@type":"ReadAction","target":["https:\/\/universofamilia.com\/sk\/las-preguntas-de-entrevista-mas-comunes-de-2025\/"]}]},{"@type":"ImageObject","inLanguage":"nl","@id":"https:\/\/universofamilia.com\/sk\/las-preguntas-de-entrevista-mas-comunes-de-2025\/#primaryimage","url":"http:\/\/universofamilia.com\/wp-content\/uploads\/sites\/148\/2025\/12\/Destaque-Novo-Universo-18-1.jpg","contentUrl":"http:\/\/universofamilia.com\/wp-content\/uploads\/sites\/148\/2025\/12\/Destaque-Novo-Universo-18-1.jpg","width":450,"height":250,"caption":"Las preguntas de entrevista m\u00e1s comunes de 2025"},{"@type":"BreadcrumbList","@id":"https:\/\/universofamilia.com\/sk\/las-preguntas-de-entrevista-mas-comunes-de-2025\/#breadcrumb","itemListElement":[{"@type":"ListItem","position":1,"name":"Home","item":"http:\/\/universofamilia.com\/zh_hk\/"},{"@type":"ListItem","position":2,"name":"Las preguntas de entrevista m\u00e1s comunes de 2025"}]},{"@type":"WebSite","@id":"http:\/\/universofamilia.com\/zh_hk\/#website","url":"http:\/\/universofamilia.com\/zh_hk\/","name":"Universo Fam\u00edlia","description":"","potentialAction":[{"@type":"SearchAction","target":{"@type":"EntryPoint","urlTemplate":"http:\/\/universofamilia.com\/zh_hk\/?s={search_term_string}"},"query-input":"required name=search_term_string"}],"inLanguage":"nl"},{"@type":"Person","@id":"http:\/\/universofamilia.com\/zh_hk\/#\/schema\/person\/92fcd07e9b1f4323bf74f3170fc0f78a","name":"Matheus Sangaletti","image":{"@type":"ImageObject","inLanguage":"nl","@id":"http:\/\/universofamilia.com\/zh_hk\/#\/schema\/person\/image\/","url":"http:\/\/2.gravatar.com\/avatar\/280ea957a14a48e6a1ad2133d2cc27c9?s=96&d=mm&r=g","contentUrl":"http:\/\/2.gravatar.com\/avatar\/280ea957a14a48e6a1ad2133d2cc27c9?s=96&d=mm&r=g","caption":"Matheus Sangaletti"},"url":"http:\/\/universofamilia.com\/nl\/author\/matheuss\/"}]}},"_links":{"self":[{"href":"http:\/\/universofamilia.com\/nl\/wp-json\/wp\/v2\/posts\/10464"}],"collection":[{"href":"http:\/\/universofamilia.com\/nl\/wp-json\/wp\/v2\/posts"}],"about":[{"href":"http:\/\/universofamilia.com\/nl\/wp-json\/wp\/v2\/types\/post"}],"author":[{"embeddable":true,"href":"http:\/\/universofamilia.com\/nl\/wp-json\/wp\/v2\/users\/219"}],"replies":[{"embeddable":true,"href":"http:\/\/universofamilia.com\/nl\/wp-json\/wp\/v2\/comments?post=10464"}],"version-history":[{"count":1,"href":"http:\/\/universofamilia.com\/nl\/wp-json\/wp\/v2\/posts\/10464\/revisions"}],"predecessor-version":[{"id":10468,"href":"http:\/\/universofamilia.com\/nl\/wp-json\/wp\/v2\/posts\/10464\/revisions\/10468"}],"wp:featuredmedia":[{"embeddable":true,"href":"http:\/\/universofamilia.com\/nl\/wp-json\/wp\/v2\/media\/10466"}],"wp:attachment":[{"href":"http:\/\/universofamilia.com\/nl\/wp-json\/wp\/v2\/media?parent=10464"}],"wp:term":[{"taxonomy":"category","embeddable":true,"href":"http:\/\/universofamilia.com\/nl\/wp-json\/wp\/v2\/categories?post=10464"},{"taxonomy":"post_tag","embeddable":true,"href":"http:\/\/universofamilia.com\/nl\/wp-json\/wp\/v2\/tags?post=10464"}],"curies":[{"name":"wp","href":"https:\/\/api.w.org\/{rel}","templated":true}]}}