{"id":2752,"date":"2023-06-18T20:42:37","date_gmt":"2023-06-18T23:42:37","guid":{"rendered":"https:\/\/universofamilia.com\/?p=2752"},"modified":"2025-02-07T01:22:33","modified_gmt":"2025-02-07T01:22:33","slug":"posso-utilizar-ventilador-no-quarto-do-bebe","status":"publish","type":"post","link":"http:\/\/universofamilia.com\/nl\/posso-utilizar-ventilador-no-quarto-do-bebe\/","title":{"rendered":"Kan ik een ventilator in de babykamer gebruiken?"},"content":{"rendered":"<p>Kan ik een ventilator gebruiken in de babykamer? Als het gaat om het cre\u00ebren van een comfortabele omgeving voor je baby, vragen veel mensen zich af of het veilig en nuttig is om een ventilator te gebruiken in een kleine kamer.<\/p>\n\n\n\n<p>Daarnaast gaan we dieper in op deze vraag door informatie te geven over de voordelen en het onderhoud van ventilatoren in de babykamer. Ook bespreken we de voor- en nadelen van de babyventilator ten opzichte van de gewone ventilator.<\/p>\n\n\n\n<p>Lees verder voor nuttig advies en om ervoor te zorgen dat uw baby zich de komende dagen comfortabel voelt.<\/p>\n\n\n\n<p>Lees ook: Hoe je thuis een Brinquedoteca opvoedt<\/p>\n\n\n<div class=\"wp-block-image\">\n<figure class=\"aligncenter size-full\"><img loading=\"lazy\" decoding=\"async\" width=\"550\" height=\"350\" src=\"http:\/\/universofamilia.com\/wp-content\/uploads\/sites\/148\/2023\/06\/POST-ventilador-de-teto-universo-familia-.png\" alt=\"\" class=\"wp-image-2755\" srcset=\"http:\/\/universofamilia.com\/wp-content\/uploads\/sites\/148\/2023\/06\/POST-ventilador-de-teto-universo-familia-.png 550w, http:\/\/universofamilia.com\/wp-content\/uploads\/sites\/148\/2023\/06\/POST-ventilador-de-teto-universo-familia--300x191.png 300w\" sizes=\"(max-width: 550px) 100vw, 550px\" \/><figcaption class=\"wp-element-caption\"><em>Foto: (reproductie\/internet)<\/em><\/figcaption><\/figure><\/div>\n\n\n<h3 class=\"wp-block-heading\"><strong>Voordelen en onderhoud van een ventilator in de babykamer<\/strong><\/h3>\n\n\n\n<p>Het gebruik van een ventilator in de babykamer kan verschillende voordelen hebben, vooral in de koudere seizoenen. Hieronder presenteren we enkele voordelen van het gebruik van de ventilator:<\/p>\n\n\n\n<p><strong>Temperatuurregeling<\/strong>:Een geschikte ventilator kan de omgeving koel en comfortabel houden voor de baby, waardoor ongemak door overmatige hitte wordt voorkomen.<\/p>\n\n\n\n<p><strong>Luchtcirculatie<\/strong>:De ventilator bevordert de circulatie in de babykamer, waardoor het gevoel van vermoeidheid wordt verminderd en de concentratie van gassen en geuren afneemt.<\/p>\n\n\n\n<p><strong>Witte ruis<\/strong>:Het zachte licht van de ventilator kan een kalmerend wit geluid cre\u00ebren, waardoor de baby kan ontspannen en gemakkelijker in slaap kan vallen.<\/p>\n\n\n\n<p>Hoewel het gebruik van de ventilator voordelen met zich meebrengt, is het belangrijk om een aantal voorzorgsmaatregelen te nemen om de gezondheid van uw baby te beschermen:<\/p>\n\n\n\n<p><strong>Veilige afstand<\/strong>Zorg ervoor dat de ventilator op een veilige plek staat, buiten bereik van de baby. Plaats hem ook niet in de buurt van de deur of voorwerpen die voor kinderen bereikbaar zijn.<\/p>\n\n\n\n<p><strong>Regelmatig schoonmaken<\/strong>: Houd de ventilator schoon en stofvrij om de verspreiding van allergenen in de omgeving te voorkomen.<\/p>\n\n\n\n<p><strong>Voldoende ventilatie<\/strong>:Als u besluit een ventilator te gebruiken, is het belangrijk om te zorgen voor een goede ventilatie in de kamer. Zet deuren en deuren open om frisse lucht binnen te laten.<\/p>\n\n\n\n<h4 class=\"wp-block-heading\"><strong>Teto-fan versus gewone fan<\/strong><\/h4>\n\n\n\n<p>Laten we nu de voor- en nadelen van de plafondventilator en de gewone ventilator vergelijken.<\/p>\n\n\n\n<h4 class=\"wp-block-heading\"><strong>Plafondventilator<\/strong><\/h4>\n\n\n<div class=\"wp-block-image\">\n<figure class=\"aligncenter size-full\"><img loading=\"lazy\" decoding=\"async\" width=\"550\" height=\"350\" src=\"http:\/\/universofamilia.com\/wp-content\/uploads\/sites\/148\/2023\/06\/POST-ventilador-de-teto-universo-familia-1-1.png\" alt=\"\" class=\"wp-image-2754\" srcset=\"http:\/\/universofamilia.com\/wp-content\/uploads\/sites\/148\/2023\/06\/POST-ventilador-de-teto-universo-familia-1-1.png 550w, http:\/\/universofamilia.com\/wp-content\/uploads\/sites\/148\/2023\/06\/POST-ventilador-de-teto-universo-familia-1-1-300x191.png 300w\" sizes=\"(max-width: 550px) 100vw, 550px\" \/><figcaption class=\"wp-element-caption\"><em>Foto: (reproductie\/internet)<\/em><\/figcaption><\/figure><\/div>\n\n\n<h5 class=\"wp-block-heading\"><strong>Voordelen<\/strong><\/h5>\n\n\n\n<p><strong>Ruimte-economie<\/strong>:De plafondventilator wordt aan het plafond bevestigd en neemt daardoor minder ruimte in beslag in de babykamer.<\/p>\n\n\n\n<p><strong>Uniforme verdeling<\/strong>:De achterste ventilator verdeelt de lucht gelijkmatiger over de omgeving en zorgt voor een aangenaam gevoel.<\/p>\n\n\n\n<p><strong>Beveiliging<\/strong>:Omdat de plafondventilator niet hoog is, hangt hij buiten het bereik van de baby. Dit verkleint de kans op ongelukken.<\/p>\n\n\n\n<h5 class=\"wp-block-heading\"><strong>Nadelen<\/strong><\/h5>\n\n\n\n<p><strong>Moeilijk om de windrichting te controleren<\/strong>:Bij sommige modellen kan het lastig zijn om de richting van de luchtstroom aan te passen, of kan dit ongemak voor de baby veroorzaken.<\/p>\n\n\n\n<p><strong>Moeilijkheden bij het schoonmaken<\/strong>:Door de positie van de ventilator op de kop kan het lastiger zijn om de kopventilator schoon te maken.<\/p>\n\n\n\n<h4 class=\"wp-block-heading\"><strong>Gewone ventilator<\/strong><\/h4>\n\n\n<div class=\"wp-block-image\">\n<figure class=\"aligncenter size-full\"><img loading=\"lazy\" decoding=\"async\" width=\"550\" height=\"350\" src=\"http:\/\/universofamilia.com\/wp-content\/uploads\/sites\/148\/2023\/06\/POST-ventilador-de-teto-universo-familia-2.png\" alt=\"\" class=\"wp-image-2756\" srcset=\"http:\/\/universofamilia.com\/wp-content\/uploads\/sites\/148\/2023\/06\/POST-ventilador-de-teto-universo-familia-2.png 550w, http:\/\/universofamilia.com\/wp-content\/uploads\/sites\/148\/2023\/06\/POST-ventilador-de-teto-universo-familia-2-300x191.png 300w\" sizes=\"(max-width: 550px) 100vw, 550px\" \/><figcaption class=\"wp-element-caption\"><em>Foto: (reproductie\/internet)<\/em><\/figcaption><\/figure><\/div>\n\n\n<h5 class=\"wp-block-heading\"><strong>Voordelen<\/strong><\/h5>\n\n\n\n<p><strong>Draagbaarheid<\/strong>:Je kunt de gemeenschappelijke ventilator eenvoudig van de ene kamer naar de andere verplaatsen, zodat je de luchtstroom naar wens kunt richten.<\/p>\n\n\n\n<p><strong>Verstelbare bediening<\/strong>:De twee meest voorkomende ventilatormodellen bieden opties om de snelheid en windrichting aan te passen, wat zorgt voor meer comfort voor de baby.<\/p>\n\n\n\n<p><strong>Gemakkelijk schoon te maken<\/strong>:De gewone ventilatoren zijn gemakkelijker schoon te maken vanwege hun toegankelijke structuur.<\/p>\n\n\n\n<h5 class=\"wp-block-heading\"><strong>Nadelen<\/strong><\/h5>\n\n\n\n<p><strong>Bezetting van de ruimte<\/strong>:Gewone ventilatoren nemen meer ruimte in beslag in de kamer, wat onhandig kan zijn in kleinere ruimtes.<\/p>\n\n\n\n<p><strong>Groter risico op ongelukken<\/strong>:Gezien de mobiliteit van de baby is het noodzakelijk om ervoor te zorgen dat de baby geen directe toegang heeft tot de werkende ventilator.<\/p>\n\n\n\n<p>Lees ook 10 bruikbare tips voor het inrichten van een babykamer<\/p>\n\n\n\n<h3 class=\"wp-block-heading\"><strong>Conclusie<\/strong><\/h3>\n\n\n<div class=\"wp-block-image\">\n<figure class=\"aligncenter size-full\"><img loading=\"lazy\" decoding=\"async\" width=\"550\" height=\"350\" src=\"http:\/\/universofamilia.com\/wp-content\/uploads\/sites\/148\/2023\/06\/POST-ventilador-de-teto-universo-familia-3.png\" alt=\"\" class=\"wp-image-2757\" srcset=\"http:\/\/universofamilia.com\/wp-content\/uploads\/sites\/148\/2023\/06\/POST-ventilador-de-teto-universo-familia-3.png 550w, http:\/\/universofamilia.com\/wp-content\/uploads\/sites\/148\/2023\/06\/POST-ventilador-de-teto-universo-familia-3-300x191.png 300w\" sizes=\"(max-width: 550px) 100vw, 550px\" \/><figcaption class=\"wp-element-caption\"><em>Foto: (reproductie\/internet)<\/em><\/figcaption><\/figure><\/div>\n\n\n<p>Bij het overwegen van het gebruik van een ventilator in een babykamer is het belangrijk om de voordelen en het benodigde onderhoud te evalueren.<\/p>\n\n\n\n<p>De temperatuurregeling, luchtcirculatie en het witte geluid van de ventilator zorgen ervoor dat de baby zich op zijn gemak voelt.<\/p>\n\n\n\n<p>Het is echter van essentieel belang dat u voorzorgsmaatregelen neemt om de veiligheid te garanderen. Plaats de ventilator bijvoorbeeld buiten bereik van de baby en maak hem regelmatig schoon.<\/p>\n\n\n\n<p>Bij de keuze tussen een plafondventilator en een gewone ventilator moet u ook rekening houden met de voor- en nadelen van beide opties.<\/p>\n\n\n\n<p>Bovendien kan het gebruik van de ventilator in de babykamer, met de juiste voorzorgsmaatregelen en veiligheidsmaatregelen, bijdragen aan een prettige en comfortabele omgeving.<\/p>\n\n\n\n<h3 class=\"wp-block-heading\"><strong>Voor meer informatie over het gebruik van ventilatoren in een babykamer kunt u de volgende betrouwbare bronnen raadplegen.<\/strong><\/h3>\n\n\n\n<p>Sociedade Brasileira de Pediatria (SBP) \u2013 De SBP is een erkende medische instelling die richtlijnen en aanbevelingen biedt voor de verzorging van baby&#039;s.<\/p>\n\n\n\n<p>De offici\u00eble website van SBP bevat relevante informatie over de veiligheid en gezondheid van kinderen.<\/p>\n\n\n\n<p>American Academy of Pediatrics (AAP) \u2013 De AAP is een gerenommeerde pediatrische organisatie gevestigd in de Verenigde Staten.<\/p>\n\n\n\n<p>De AAP-website biedt waardevolle informatiebronnen voor landen en professionals in de gezondheidszorg, waaronder richtlijnen voor de gezondheid en veiligheid van kinderen.<\/p>\n\n\n\n<p>Overweeg altijd om een kinderarts of een arts te raadplegen die gespecialiseerd is in specifieke gevallen. Het is ook sterk aan te raden om advies te vragen aan een kinderarts of een specialist voor persoonlijke en passende informatie over de situatie van uw baby.<\/p>\n\n\n\n<p>De mogelijkheid om persoonlijke begeleiding te bieden, gebaseerd op de gezondheid en individuele behoeften van uw baby.<\/p>\n\n\n\n<p>U moet er rekening mee houden dat het van groot belang is om te controleren of de informatie in deze bronnen actueel is. De aanwijzingen en aanbevelingen kunnen na verloop van tijd worden bijgewerkt.<\/p>\n\n\n\n<p>Weet ook dat<a href=\"https:\/\/www.luzbaby.com.br\/\" target=\"_blank\" rel=\"noreferrer noopener\"> Luz Baby is een van de beste winkels voor babyproducten en babyvoeding. Klik hier.<\/a><\/p>","protected":false},"excerpt":{"rendered":"<p>Kan ik een ventilator gebruiken in de babykamer? Als het gaat om het cre\u00ebren van een comfortabele omgeving voor je baby, vragen veel mensen zich af of het veilig en nuttig is om een ventilator te gebruiken in een kleine kamer. We zullen deze vraag ook beantwoorden met informatie over de voordelen en het onderhoud van ventilatoren in de babykamer, [\u2026]<\/p>","protected":false},"author":139,"featured_media":2759,"comment_status":"closed","ping_status":"open","sticky":false,"template":"","format":"standard","meta":{"footnotes":""},"categories":[4],"tags":[1310,1540,1541],"yoast_head":"<!-- This site is optimized with the Yoast SEO plugin v23.3 - https:\/\/yoast.com\/wordpress\/plugins\/seo\/ -->\n<title>Posso utilizar ventilador no quarto do beb\u00ea? - Universo Fam\u00edlia<\/title>\n<meta name=\"description\" content=\"Posso utilizar ventilador no quarto do beb\u00ea? Quando se trata de criar um ambiente confort\u00e1vel para o beb\u00ea,\" \/>\n<meta name=\"robots\" content=\"index, follow, max-snippet:-1, max-image-preview:large, max-video-preview:-1\" \/>\n<link rel=\"canonical\" href=\"http:\/\/universofamilia.com\/nl\/posso-utilizar-ventilador-no-quarto-do-bebe\/\" \/>\n<meta property=\"og:locale\" content=\"nl_NL\" \/>\n<meta property=\"og:type\" content=\"article\" \/>\n<meta property=\"og:title\" content=\"Posso utilizar ventilador no quarto do beb\u00ea? - Universo Fam\u00edlia\" \/>\n<meta property=\"og:description\" content=\"Posso utilizar ventilador no quarto do beb\u00ea? Quando se trata de criar um ambiente confort\u00e1vel para o beb\u00ea,\" \/>\n<meta property=\"og:url\" content=\"http:\/\/universofamilia.com\/nl\/posso-utilizar-ventilador-no-quarto-do-bebe\/\" \/>\n<meta property=\"og:site_name\" content=\"Universo Fam\u00edlia\" \/>\n<meta property=\"article:published_time\" content=\"2023-06-18T23:42:37+00:00\" \/>\n<meta property=\"article:modified_time\" content=\"2025-02-07T01:22:33+00:00\" \/>\n<meta property=\"og:image\" content=\"http:\/\/universofamilia.com\/wp-content\/uploads\/sites\/148\/2023\/06\/FOTO-DESTAQUE-ventilador-de-teto-universo-familia-.png\" \/>\n\t<meta property=\"og:image:width\" content=\"448\" \/>\n\t<meta property=\"og:image:height\" content=\"350\" \/>\n\t<meta property=\"og:image:type\" content=\"image\/png\" \/>\n<meta name=\"author\" content=\"Pedro Henrique\" \/>\n<meta name=\"twitter:card\" content=\"summary_large_image\" \/>\n<meta name=\"twitter:label1\" content=\"Written by\" \/>\n\t<meta name=\"twitter:data1\" content=\"Pedro Henrique\" \/>\n\t<meta name=\"twitter:label2\" content=\"Est. reading time\" \/>\n\t<meta name=\"twitter:data2\" content=\"6 minuten\" \/>\n<script type=\"application\/ld+json\" class=\"yoast-schema-graph\">{\"@context\":\"https:\/\/schema.org\",\"@graph\":[{\"@type\":\"WebPage\",\"@id\":\"http:\/\/universofamilia.com\/en\/posso-utilizar-ventilador-no-quarto-do-bebe\/\",\"url\":\"http:\/\/universofamilia.com\/en\/posso-utilizar-ventilador-no-quarto-do-bebe\/\",\"name\":\"Posso utilizar ventilador no quarto do beb\u00ea? - Universo Fam\u00edlia\",\"isPartOf\":{\"@id\":\"http:\/\/universofamilia.com\/zh_hk\/#website\"},\"primaryImageOfPage\":{\"@id\":\"http:\/\/universofamilia.com\/en\/posso-utilizar-ventilador-no-quarto-do-bebe\/#primaryimage\"},\"image\":{\"@id\":\"http:\/\/universofamilia.com\/en\/posso-utilizar-ventilador-no-quarto-do-bebe\/#primaryimage\"},\"thumbnailUrl\":\"http:\/\/universofamilia.com\/wp-content\/uploads\/sites\/148\/2023\/06\/FOTO-DESTAQUE-ventilador-de-teto-universo-familia-.png\",\"datePublished\":\"2023-06-18T23:42:37+00:00\",\"dateModified\":\"2025-02-07T01:22:33+00:00\",\"author\":{\"@id\":\"http:\/\/universofamilia.com\/zh_hk\/#\/schema\/person\/f07ce98187dd84d31154262e79b3b7ca\"},\"description\":\"Posso utilizar ventilador no quarto do beb\u00ea? Quando se trata de criar um ambiente confort\u00e1vel para o beb\u00ea,\",\"breadcrumb\":{\"@id\":\"http:\/\/universofamilia.com\/en\/posso-utilizar-ventilador-no-quarto-do-bebe\/#breadcrumb\"},\"inLanguage\":\"nl\",\"potentialAction\":[{\"@type\":\"ReadAction\",\"target\":[\"http:\/\/universofamilia.com\/en\/posso-utilizar-ventilador-no-quarto-do-bebe\/\"]}]},{\"@type\":\"ImageObject\",\"inLanguage\":\"nl\",\"@id\":\"http:\/\/universofamilia.com\/en\/posso-utilizar-ventilador-no-quarto-do-bebe\/#primaryimage\",\"url\":\"http:\/\/universofamilia.com\/wp-content\/uploads\/sites\/148\/2023\/06\/FOTO-DESTAQUE-ventilador-de-teto-universo-familia-.png\",\"contentUrl\":\"http:\/\/universofamilia.com\/wp-content\/uploads\/sites\/148\/2023\/06\/FOTO-DESTAQUE-ventilador-de-teto-universo-familia-.png\",\"width\":448,\"height\":350},{\"@type\":\"BreadcrumbList\",\"@id\":\"http:\/\/universofamilia.com\/en\/posso-utilizar-ventilador-no-quarto-do-bebe\/#breadcrumb\",\"itemListElement\":[{\"@type\":\"ListItem\",\"position\":1,\"name\":\"Home\",\"item\":\"http:\/\/universofamilia.com\/zh_hk\/\"},{\"@type\":\"ListItem\",\"position\":2,\"name\":\"Posso utilizar ventilador no quarto do beb\u00ea?\"}]},{\"@type\":\"WebSite\",\"@id\":\"http:\/\/universofamilia.com\/zh_hk\/#website\",\"url\":\"http:\/\/universofamilia.com\/zh_hk\/\",\"name\":\"Universo Fam\u00edlia\",\"description\":\"\",\"potentialAction\":[{\"@type\":\"SearchAction\",\"target\":{\"@type\":\"EntryPoint\",\"urlTemplate\":\"http:\/\/universofamilia.com\/zh_hk\/?s={search_term_string}\"},\"query-input\":\"required name=search_term_string\"}],\"inLanguage\":\"nl\"},{\"@type\":\"Person\",\"@id\":\"http:\/\/universofamilia.com\/zh_hk\/#\/schema\/person\/f07ce98187dd84d31154262e79b3b7ca\",\"name\":\"Pedro Henrique\",\"image\":{\"@type\":\"ImageObject\",\"inLanguage\":\"nl\",\"@id\":\"http:\/\/universofamilia.com\/zh_hk\/#\/schema\/person\/image\/\",\"url\":\"http:\/\/0.gravatar.com\/avatar\/9edfeb808cb4e1599f64d6e45b130154?s=96&d=mm&r=g\",\"contentUrl\":\"http:\/\/0.gravatar.com\/avatar\/9edfeb808cb4e1599f64d6e45b130154?s=96&d=mm&r=g\",\"caption\":\"Pedro Henrique\"},\"url\":\"http:\/\/universofamilia.com\/nl\/author\/editor01\/\"}]}<\/script>\n<!-- \/ Yoast SEO plugin. -->","yoast_head_json":{"title":"Posso utilizar ventilador no quarto do beb\u00ea? - Universo Fam\u00edlia","description":"Posso utilizar ventilador no quarto do beb\u00ea? Quando se trata de criar um ambiente confort\u00e1vel para o beb\u00ea,","robots":{"index":"index","follow":"follow","max-snippet":"max-snippet:-1","max-image-preview":"max-image-preview:large","max-video-preview":"max-video-preview:-1"},"canonical":"http:\/\/universofamilia.com\/nl\/posso-utilizar-ventilador-no-quarto-do-bebe\/","og_locale":"nl_NL","og_type":"article","og_title":"Posso utilizar ventilador no quarto do beb\u00ea? - Universo Fam\u00edlia","og_description":"Posso utilizar ventilador no quarto do beb\u00ea? Quando se trata de criar um ambiente confort\u00e1vel para o beb\u00ea,","og_url":"http:\/\/universofamilia.com\/nl\/posso-utilizar-ventilador-no-quarto-do-bebe\/","og_site_name":"Universo Fam\u00edlia","article_published_time":"2023-06-18T23:42:37+00:00","article_modified_time":"2025-02-07T01:22:33+00:00","og_image":[{"width":448,"height":350,"url":"http:\/\/universofamilia.com\/wp-content\/uploads\/sites\/148\/2023\/06\/FOTO-DESTAQUE-ventilador-de-teto-universo-familia-.png","type":"image\/png"}],"author":"Pedro Henrique","twitter_card":"summary_large_image","twitter_misc":{"Written by":"Pedro Henrique","Est. reading time":"6 minuten"},"schema":{"@context":"https:\/\/schema.org","@graph":[{"@type":"WebPage","@id":"http:\/\/universofamilia.com\/en\/posso-utilizar-ventilador-no-quarto-do-bebe\/","url":"http:\/\/universofamilia.com\/en\/posso-utilizar-ventilador-no-quarto-do-bebe\/","name":"Posso utilizar ventilador no quarto do beb\u00ea? - Universo Fam\u00edlia","isPartOf":{"@id":"http:\/\/universofamilia.com\/zh_hk\/#website"},"primaryImageOfPage":{"@id":"http:\/\/universofamilia.com\/en\/posso-utilizar-ventilador-no-quarto-do-bebe\/#primaryimage"},"image":{"@id":"http:\/\/universofamilia.com\/en\/posso-utilizar-ventilador-no-quarto-do-bebe\/#primaryimage"},"thumbnailUrl":"http:\/\/universofamilia.com\/wp-content\/uploads\/sites\/148\/2023\/06\/FOTO-DESTAQUE-ventilador-de-teto-universo-familia-.png","datePublished":"2023-06-18T23:42:37+00:00","dateModified":"2025-02-07T01:22:33+00:00","author":{"@id":"http:\/\/universofamilia.com\/zh_hk\/#\/schema\/person\/f07ce98187dd84d31154262e79b3b7ca"},"description":"Posso utilizar ventilador no quarto do beb\u00ea? Quando se trata de criar um ambiente confort\u00e1vel para o beb\u00ea,","breadcrumb":{"@id":"http:\/\/universofamilia.com\/en\/posso-utilizar-ventilador-no-quarto-do-bebe\/#breadcrumb"},"inLanguage":"nl","potentialAction":[{"@type":"ReadAction","target":["http:\/\/universofamilia.com\/en\/posso-utilizar-ventilador-no-quarto-do-bebe\/"]}]},{"@type":"ImageObject","inLanguage":"nl","@id":"http:\/\/universofamilia.com\/en\/posso-utilizar-ventilador-no-quarto-do-bebe\/#primaryimage","url":"http:\/\/universofamilia.com\/wp-content\/uploads\/sites\/148\/2023\/06\/FOTO-DESTAQUE-ventilador-de-teto-universo-familia-.png","contentUrl":"http:\/\/universofamilia.com\/wp-content\/uploads\/sites\/148\/2023\/06\/FOTO-DESTAQUE-ventilador-de-teto-universo-familia-.png","width":448,"height":350},{"@type":"BreadcrumbList","@id":"http:\/\/universofamilia.com\/en\/posso-utilizar-ventilador-no-quarto-do-bebe\/#breadcrumb","itemListElement":[{"@type":"ListItem","position":1,"name":"Home","item":"http:\/\/universofamilia.com\/zh_hk\/"},{"@type":"ListItem","position":2,"name":"Posso utilizar ventilador no quarto do beb\u00ea?"}]},{"@type":"WebSite","@id":"http:\/\/universofamilia.com\/zh_hk\/#website","url":"http:\/\/universofamilia.com\/zh_hk\/","name":"Universo Fam\u00edlia","description":"","potentialAction":[{"@type":"SearchAction","target":{"@type":"EntryPoint","urlTemplate":"http:\/\/universofamilia.com\/zh_hk\/?s={search_term_string}"},"query-input":"required name=search_term_string"}],"inLanguage":"nl"},{"@type":"Person","@id":"http:\/\/universofamilia.com\/zh_hk\/#\/schema\/person\/f07ce98187dd84d31154262e79b3b7ca","name":"Pedro Henrique","image":{"@type":"ImageObject","inLanguage":"nl","@id":"http:\/\/universofamilia.com\/zh_hk\/#\/schema\/person\/image\/","url":"http:\/\/0.gravatar.com\/avatar\/9edfeb808cb4e1599f64d6e45b130154?s=96&d=mm&r=g","contentUrl":"http:\/\/0.gravatar.com\/avatar\/9edfeb808cb4e1599f64d6e45b130154?s=96&d=mm&r=g","caption":"Pedro Henrique"},"url":"http:\/\/universofamilia.com\/nl\/author\/editor01\/"}]}},"_links":{"self":[{"href":"http:\/\/universofamilia.com\/nl\/wp-json\/wp\/v2\/posts\/2752"}],"collection":[{"href":"http:\/\/universofamilia.com\/nl\/wp-json\/wp\/v2\/posts"}],"about":[{"href":"http:\/\/universofamilia.com\/nl\/wp-json\/wp\/v2\/types\/post"}],"author":[{"embeddable":true,"href":"http:\/\/universofamilia.com\/nl\/wp-json\/wp\/v2\/users\/139"}],"replies":[{"embeddable":true,"href":"http:\/\/universofamilia.com\/nl\/wp-json\/wp\/v2\/comments?post=2752"}],"version-history":[{"count":1,"href":"http:\/\/universofamilia.com\/nl\/wp-json\/wp\/v2\/posts\/2752\/revisions"}],"predecessor-version":[{"id":8591,"href":"http:\/\/universofamilia.com\/nl\/wp-json\/wp\/v2\/posts\/2752\/revisions\/8591"}],"wp:featuredmedia":[{"embeddable":true,"href":"http:\/\/universofamilia.com\/nl\/wp-json\/wp\/v2\/media\/2759"}],"wp:attachment":[{"href":"http:\/\/universofamilia.com\/nl\/wp-json\/wp\/v2\/media?parent=2752"}],"wp:term":[{"taxonomy":"category","embeddable":true,"href":"http:\/\/universofamilia.com\/nl\/wp-json\/wp\/v2\/categories?post=2752"},{"taxonomy":"post_tag","embeddable":true,"href":"http:\/\/universofamilia.com\/nl\/wp-json\/wp\/v2\/tags?post=2752"}],"curies":[{"name":"wp","href":"https:\/\/api.w.org\/{rel}","templated":true}]}}