{"id":9186,"date":"2025-04-02T20:40:24","date_gmt":"2025-04-02T20:40:24","guid":{"rendered":"https:\/\/universofamilia.com\/?p=9186"},"modified":"2025-10-13T22:06:25","modified_gmt":"2025-10-14T01:06:25","slug":"aplicativo-para-leer-y-escuchar-la-biblia-catolica","status":"publish","type":"post","link":"http:\/\/universofamilia.com\/nl\/aplicativo-para-leer-y-escuchar-la-biblia-catolica\/","title":{"rendered":"Aanvraag voor het lezen en beluisteren van de katholieke Bijbel"},"content":{"rendered":"<h5 class=\"wp-block-heading has-text-align-center\"><strong>Neem het Woord van God met je mee<\/strong><\/h5>\n\n\n\n<p><\/p>\n\n\n\n<h4 class=\"wp-block-heading has-text-align-center\"><mark class=\"has-inline-color has-vivid-cyan-blue-color\">Waar bent u naar op zoek?<\/mark><\/h4>\n\n\n    <section class=\"mx-1 my-10\">\n                                                <a href=\"http:\/\/universofamilia.com\/nl\/la-aplicacion-mas-completa-de-la-biblia-catolica-conoce-laudate\/\" class=\"text-white\" data-analytics-label=\"optionsButton\"\n                    data-action=\"analytics#trackCTA\">\n                    <div data-options-target=\"option\"\n                        class=\"custom-section rounded-xl border p-3 shadow-md w-full bg-green-700 my-3\">\n                        <div class=\"flex w-full items-center justify-between\">\n                            <div class=\"flex items-center space-x-3\">\n                                <div class=\"text-lg font-bold\">\n                                    Katholieke Bijbel \u279d\n                                <\/div>\n                            <\/div>\n                        <\/div>\n                    <\/div>\n                <\/a>\n                                                            <a href=\"http:\/\/universofamilia.com\/nl\/biblia-ave-maria\/\" class=\"text-white\" data-analytics-label=\"optionsButton\"\n                    data-action=\"analytics#trackCTA\">\n                    <div data-options-target=\"option\"\n                        class=\"custom-section rounded-xl border p-3 shadow-md w-full bg-green-700 my-3\">\n                        <div class=\"flex w-full items-center justify-between\">\n                            <div class=\"flex items-center space-x-3\">\n                                <div class=\"text-lg font-bold\">\n                                    Wees gegroet Bijbel \u279d\n                                <\/div>\n                            <\/div>\n                        <\/div>\n                    <\/div>\n                <\/a>\n                                                            <a href=\"http:\/\/universofamilia.com\/nl\/la-aplicacion-de-la-biblia-esencial-para-la-vida\/\" class=\"text-white\" data-analytics-label=\"optionsButton\"\n                    data-action=\"analytics#trackCTA\">\n                    <div data-options-target=\"option\"\n                        class=\"custom-section rounded-xl border p-3 shadow-md w-full bg-green-700 my-3\">\n                        <div class=\"flex w-full items-center justify-between\">\n                            <div class=\"flex items-center space-x-3\">\n                                <div class=\"text-lg font-bold\">\n                                    Katholieke Bijbelstudie \u279d\n                                <\/div>\n                            <\/div>\n                        <\/div>\n                    <\/div>\n                <\/a>\n                            <p class=\"text-xs text-gray-500 text-right hidden\"\n            style=\"margin-left: 50%; margin-bottom: 50px; margin-top: 5px;\">\n            <!-- You will be redirected to another website -->\n        <\/p>\n    <\/section>\n\n\n\n\n<p><\/p>\n\n\n\n<h3 class=\"wp-block-heading\">Ontdek een nieuwe manier om contact te maken met je geloof<\/h3>\n\n\n\n<p><strong>Aanvraag voor het lezen en beluisteren van de katholieke Bijbel<\/strong>:Deze tool heeft de manier waarop miljoenen mensen het Woord benaderen, veranderd.<\/p>\n\n\n\n    <div class=\"d-sm-block py-3 mx-auto px-3 mb-3\"\n        style=\"border-top: 1px solid rgb(204, 204, 204); border-bottom: 1px solid rgb(204, 204, 204);\">\n        <div class=\"text-center mb-4\">\n            <h6 class=\"pt-3 text-center text-gray-900 text-2xl title-font font-medium mb-12\">De beste katholieke Bijbel-apps<\/h6>\n        <\/div>\n        <div class=\"row\">\n            <div class=\"col-lg-5 col-md-5 col-sm-12 mb-4 mb-lg-0\">\n                <img decoding=\"async\" alt=\"kaart\" style=\"height: 190px; object-fit: cover;\"\n                    class=\"w-100 h-100 object-cover object-center rounded border\" src=\"http:\/\/universofamilia.com\/wp-content\/uploads\/sites\/148\/2025\/02\/POST-PARA-APP-ARTIGO-1-1.jpg\">\n            <\/div>\n            <div class=\"col-lg-7 col-md-7 col-sm-12 d-flex flex-column justify-content-between\">\n                <h3 class=\"text-gray-900 text-3xl title-font font-medium mb-1\"><\/h3>\n\n                                <div class=\"d-block text-justify py-3\">Krijg altijd en overal toegang tot Gods Woord met de beste katholieke Bijbel-app. Met opties voor het lezen en luisteren naar de Bijbel bevordert deze tool je verbinding met God via dagelijkse Bijbelpassages, spirituele reflecties en leesplannen.<\/div>\n                <div class=\"mt-auto d-flex flex-column align-items-end\">\n                    <a class=\"d-inline-block text-center text-white border-0 py-2 px-8 text-lg focus:outline-none rounded bg-green-700 hover:bg-green-800 btn-block\"\n                        href=\"http:\/\/universofamilia.com\/nl\/aplicaciones-para-leer-y-escuchar-la-biblia-catolica\/\"                         data-analytics-label=\"landingPageFirstButton\" data-action=\"analytics#trackCTA\">\n                        IK WIL MEER WETEN                    <\/a>\n                                            <div class=\"text-xs text-muted mt-3 d-block col-12 text-center\">Je blijft op dezelfde plek<\/div>\n                                    <\/div>\n            <\/div>\n        <\/div>\n    <\/div>\n\n\n\n<p>Wilt u de Bijbel altijd bij de hand hebben, maar hem niet zwaar dragen?<a href=\"http:\/\/universofamilia.com\/nl\/la-aplicacion-mas-completa-de-la-biblia-catolica-conoce-laudate\/\">?<\/a><\/p>\n\n\n\n<p>Vindt u het lastig om de tijd of concentratie te vinden om het te lezen?<\/p>\n\n\n\n<p>Vandaag presenteer ik u een praktische, eenvoudige en gratis oplossing.<\/p>\n\n\n\n<p>U hoeft geen technisch expert meer te zijn of veel vrije tijd te hebben.<\/p>\n\n\n\n<p>Met deze <strong>Apps om de Bijbel te lezen en te beluisteren<\/strong>Je kunt God overal benaderen. En het mooiste is: met slechts een paar tikken op je telefoon.<\/p>\n\n\n\n<p><\/p>\n\n\n\n<hr class=\"wp-block-separator has-alpha-channel-opacity is-style-wide\" \/>\n\n\n\n<h4 class=\"wp-block-heading has-text-align-center\"><strong><mark class=\"has-inline-color has-luminous-vivid-orange-color\">Lees ook<\/mark><\/strong><\/h4>\n\n\n    <section class=\"mx-1 my-10\">\n                                                <a href=\"http:\/\/universofamilia.com\/nl\/lp-filmes-asiaticos\/\" class=\"text-white\" data-analytics-label=\"optionsButton\"\n                    data-action=\"analytics#trackCTA\">\n                    <div data-options-target=\"option\"\n                        class=\"custom-section rounded-xl border p-3 shadow-md w-full bg-green-700 my-3\">\n                        <div class=\"flex w-full items-center justify-between\">\n                            <div class=\"flex items-center space-x-3\">\n                                <div class=\"text-lg font-bold\">\n                                    App om Koreaanse drama&#039;s te bekijken \u279d\n                                <\/div>\n                            <\/div>\n                        <\/div>\n                    <\/div>\n                <\/a>\n                                                            <a href=\"http:\/\/universofamilia.com\/nl\/lp-recuperar-fotos\/\" class=\"text-white\" data-analytics-label=\"optionsButton\"\n                    data-action=\"analytics#trackCTA\">\n                    <div data-options-target=\"option\"\n                        class=\"custom-section rounded-xl border p-3 shadow-md w-full bg-green-700 my-3\">\n                        <div class=\"flex w-full items-center justify-between\">\n                            <div class=\"flex items-center space-x-3\">\n                                <div class=\"text-lg font-bold\">\n                                    Herstel verwijderde foto&#039;s met deze app!  \u279d\n                                <\/div>\n                            <\/div>\n                        <\/div>\n                    <\/div>\n                <\/a>\n                                                            <a href=\"http:\/\/universofamilia.com\/nl\/el-amor-a-un-clic\/\" class=\"text-white\" data-analytics-label=\"optionsButton\"\n                    data-action=\"analytics#trackCTA\">\n                    <div data-options-target=\"option\"\n                        class=\"custom-section rounded-xl border p-3 shadow-md w-full bg-green-700 my-3\">\n                        <div class=\"flex w-full items-center justify-between\">\n                            <div class=\"flex items-center space-x-3\">\n                                <div class=\"text-lg font-bold\">\n                                    Ontdek de ideale datingapp voor jou \u279d\n                                <\/div>\n                            <\/div>\n                        <\/div>\n                    <\/div>\n                <\/a>\n                            <p class=\"text-xs text-gray-500 text-right hidden\"\n            style=\"margin-left: 50%; margin-bottom: 50px; margin-top: 5px;\">\n            <!-- You will be redirected to another website -->\n        <\/p>\n    <\/section>\n\n\n\n\n<p class=\"has-text-align-right\"><em><strong><em><strong><em><strong><em><strong><em><strong>Het blijft op dezelfde plaats!<\/strong><\/em><\/strong><\/em><\/strong><\/em><\/strong><\/em><\/strong><\/em><\/p>\n\n\n\n<hr class=\"wp-block-separator has-alpha-channel-opacity is-style-wide\" \/>\n\n\n\n<p><\/p>\n\n\n\n<h2 class=\"wp-block-heading\">Waarom een app gebruiken om de katholieke Bijbel te lezen en te beluisteren?<\/h2>\n\n\n\n<h3 class=\"wp-block-heading\">Technologie kan ook spiritueel zijn<\/h3>\n\n\n\n<p>Soms denken we dat onze mobiele telefoons alleen goed zijn voor sociale media of entertainment. Maar ze kunnen ook een brug naar het geloof zijn. <strong>Katholieke toepassing<\/strong> kan u helpen:<\/p>\n\n\n\n<ul>\n<li><strong>Lees de volledige Bijbel<\/strong> met een duidelijk handschrift en betrouwbare vertalingen.<\/li>\n\n\n\n<li><strong>Luister naar audiohoofdstukken<\/strong>, zelfs met je ogen dicht.<\/li>\n\n\n\n<li><strong>Bid dagelijks<\/strong> met devotionals en inspirerende verzen.<\/li>\n\n\n\n<li><strong>Dagelijkse herinneringen<\/strong>, zodat u uw moment met God niet vergeet.<\/li>\n<\/ul>\n\n\n\n<h3 class=\"wp-block-heading\">Voordelen voor alle leeftijden<\/h3>\n\n\n\n<p>Ben je ouder dan 50? Ben je jong maar heb je weinig vrije tijd? Het maakt niet uit. Deze apps zijn voor iedereen ontworpen:<\/p>\n\n\n\n<ul>\n<li>Grote letters voor meer comfort.<\/li>\n\n\n\n<li>Intu\u00eftieve en eenvoudige navigatie.<\/li>\n\n\n\n<li>Duidelijke audio, met vriendelijke stemmen.<\/li>\n\n\n\n<li>Mogelijkheid om uw favoriete passages op te slaan.<\/li>\n<\/ul>\n\n\n\n<h3 class=\"wp-block-heading\">Draag geloof in je zak<\/h3>\n\n\n\n<p>Stel je voor dat je je Bijbel kunt openslaan terwijl je in de rij staat, in de bus zit of pauze neemt. Je hoeft geen zware boeken te dragen. De Bijbel is altijd bij je.<\/p>\n\n\n\n<h2 class=\"wp-block-heading\">De 3 beste apps om de katholieke Bijbel te lezen en te beluisteren<\/h2>\n\n\n\n<p>Nadat we de populariteit, beoordelingen en gebruikerservaring hadden geanalyseerd, selecteerden we de <strong>3 beste apps beschikbaar in de Play Store<\/strong>.<\/p>\n\n\n\n<h3 class=\"wp-block-heading\">Katholieke Audiobijbel<\/h3>\n\n\n\n<p>Een van de meest complete en gewaardeerde apps onder katholieke gelovigen. Het belangrijkste voordeel is de <strong>lezen en audio zonder internetverbinding<\/strong>.<\/p>\n\n\n\n<p><strong>Uitgelichte functies:<\/strong><\/p>\n\n\n\n<ul>\n<li>Offici\u00eble katholieke vertaling.<\/li>\n\n\n\n<li>Audio&#039;s met een heldere, langzame vertelling.<\/li>\n\n\n\n<li>Leesplannen voor 7, 30 of 90 dagen.<\/li>\n\n\n\n<li>Nachtmodus om oogvermoeidheid te voorkomen.<\/li>\n\n\n\n<li>Bladwijzers, notities en versmarkering.<\/li>\n<\/ul>\n\n\n\n<p>Ideaal voor hen die hun geloof op een eenvoudige manier willen verdiepen.<\/p>\n\n\n\n<h3 class=\"wp-block-heading\">De Heilige Katholieke Bijbel<\/h3>\n\n\n\n<p>Zeer gebruiksvriendelijk, met een interface die speciaal is ontworpen voor ouderen of mensen met beperkte digitale ervaring. Sterke punten: <strong>verzen van de dag met korte reflecties<\/strong>.<\/p>\n\n\n\n<p><strong>Wat gebruikers het leukst vinden:<\/strong><\/p>\n\n\n\n<ul>\n<li>Navigatie per boek, hoofdstuk en vers.<\/li>\n\n\n\n<li>Audiofunctie voor elk hoofdstuk.<\/li>\n\n\n\n<li>Dagelijkse reflecties in tekst en stem.<\/li>\n\n\n\n<li>Je kunt het eenvoudig delen via WhatsApp.<\/li>\n<\/ul>\n\n\n\n<p>Ideaal om te beginnen met dagelijks Bijbellezen.<\/p>\n\n\n\n<h3 class=\"wp-block-heading\">Latijns-Amerikaanse katholieke Bijbel<\/h3>\n\n\n\n<p>Speciaal ontworpen voor gebruikers in Latijns-Amerika. De vertaling is herkenbaar van de zondagsmis.<\/p>\n\n\n\n<p><strong>Unieke voordelen:<\/strong><\/p>\n\n\n\n<ul>\n<li>Vertaling <a href=\"https:\/\/biblia-catolica-latinoamericana-completa.br.uptodown.com\/android\">Latijns-Amerikaans <\/a>(CELAM).<\/li>\n\n\n\n<li>Dramatisch audiolezen: stemmen en omgeving.<\/li>\n\n\n\n<li>Dagelijkse meldingen, zodat u niet vergeet wat u moet lezen.<\/li>\n\n\n\n<li>Inclusief katholieke devotionalia.<\/li>\n<\/ul>\n\n\n\n<p>Aanbevolen voor iedereen die op zoek is naar een diepe emotionele verbinding.<\/p>\n\n\n\n<p><\/p>\n\n\n\n<hr class=\"wp-block-separator has-alpha-channel-opacity is-style-wide\" \/>\n\n\n\n<h3 class=\"wp-block-heading\"><mark class=\"has-inline-color has-luminous-vivid-amber-color\"><strong>Download de apps<\/strong>.<\/mark><\/h3>\n\n\n    <section class=\"mx-1 my-10\">\n                                                <a href=\"https:\/\/audiobibleapp.com\/biblia-catolica-2\/\" class=\"text-white\" data-analytics-label=\"optionsButton\"\n                    data-action=\"analytics#trackCTA\">\n                    <div data-options-target=\"option\"\n                        class=\"custom-section rounded-xl border p-3 shadow-md w-full bg-green-700 my-3\">\n                        <div class=\"flex w-full items-center justify-between\">\n                            <div class=\"flex items-center space-x-3\">\n                                <div class=\"text-lg font-bold\">\n                                    Katholieke Audiobijbel \u279d\n                                <\/div>\n                            <\/div>\n                        <\/div>\n                    <\/div>\n                <\/a>\n                                                            <a href=\"https:\/\/la-santa-biblia-catolica.br.uptodown.com\/android\/download\" class=\"text-white\" data-analytics-label=\"optionsButton\"\n                    data-action=\"analytics#trackCTA\">\n                    <div data-options-target=\"option\"\n                        class=\"custom-section rounded-xl border p-3 shadow-md w-full bg-green-700 my-3\">\n                        <div class=\"flex w-full items-center justify-between\">\n                            <div class=\"flex items-center space-x-3\">\n                                <div class=\"text-lg font-bold\">\n                                    De Heilige Katholieke Bijbel \u279d\n                                <\/div>\n                            <\/div>\n                        <\/div>\n                    <\/div>\n                <\/a>\n                                                            <a href=\"https:\/\/biblia-catolica-latinoamericana-completa.br.uptodown.com\/android\" class=\"text-white\" data-analytics-label=\"optionsButton\"\n                    data-action=\"analytics#trackCTA\">\n                    <div data-options-target=\"option\"\n                        class=\"custom-section rounded-xl border p-3 shadow-md w-full bg-green-700 my-3\">\n                        <div class=\"flex w-full items-center justify-between\">\n                            <div class=\"flex items-center space-x-3\">\n                                <div class=\"text-lg font-bold\">\n                                    Latijns-Amerikaanse Katholieke Bijbel \u279d\n                                <\/div>\n                            <\/div>\n                        <\/div>\n                    <\/div>\n                <\/a>\n                            <p class=\"text-xs text-gray-500 text-right\"\n            style=\"margin-left: 50%; margin-bottom: 50px; margin-top: 5px;\">\n            <!-- You will be redirected to another website -->\n        <\/p>\n    <\/section>\n\n\n\n\n<p class=\"has-text-align-right\"><strong><em>U wordt doorgestuurd naar een andere site<\/em><\/strong><\/p>\n\n\n\n<hr class=\"wp-block-separator has-alpha-channel-opacity is-style-wide\" \/>\n\n\n\n<p><\/p>\n\n\n\n<h2 class=\"wp-block-heading\">Hoe veranderen deze apps jouw dag?<\/h2>\n\n\n\n<h3 class=\"wp-block-heading\">Een routine met een doel<\/h3>\n\n\n\n<p>Je kunt je ochtend beginnen met een bemoedigend vers. Of de dag afsluiten met een psalm die je rust geeft. Met deze apps kun je lezen en <strong>luister naar de katholieke Bijbel<\/strong> Het wordt vanzelfsprekend en onderdeel van uw dagelijkse routine.<\/p>\n\n\n\n<h3 class=\"wp-block-heading\">Voorbeelden van gebruik in de praktijk:<\/h3>\n\n\n\n<ul>\n<li>Terwijl u kookt, kunt u luisteren naar het Evangelie van de dag.<\/li>\n\n\n\n<li>In de bus maak je van de gelegenheid gebruik om in stilte te bidden.<\/li>\n\n\n\n<li>Op momenten van angst lees je een troostende passage.<\/li>\n<\/ul>\n\n\n\n<h2 class=\"wp-block-heading\">Wat als ik geen ervaring heb met technologie?<\/h2>\n\n\n\n<p>Maak je geen zorgen! Alle apps die we aanbevelen, hebben:<\/p>\n\n\n\n<ul>\n<li>Eenvoudige stapsgewijze instructies.<\/li>\n\n\n\n<li>Grote en zichtbare knoppen.<\/li>\n\n\n\n<li>Ondersteuning in het Spaans.<\/li>\n\n\n\n<li>Regelmatige updates.<\/li>\n<\/ul>\n\n\n\n<p>En als u kinderen of kleinkinderen hebt, helpen zij u zeker met de opzet!<\/p>\n\n\n\n<h2 class=\"wp-block-heading\">Woord van God, in cijfers<\/h2>\n\n\n\n<ul>\n<li>Meer dan <strong>100 miljoen mensen<\/strong> Ze gebruiken al Bijbel-apps op hun mobiele telefoons.<\/li>\n\n\n\n<li>De Katholieke Audiobijbel wordt door meer dan <strong>300.000 mensen per maand<\/strong>.<\/li>\n\n\n\n<li>Uit onderzoek blijkt dat <strong>Luisteren naar de Bijbel verhoogt het onthouden<\/strong> van berichten op een 60% versus alleen lezen.<\/li>\n<\/ul>\n\n\n<div class=\"wp-block-image\">\n<figure class=\"aligncenter size-full\"><img loading=\"lazy\" decoding=\"async\" width=\"550\" height=\"350\" src=\"https:\/\/universofamilia.com\/wp-content\/uploads\/sites\/148\/2025\/04\/DESTAQUE-UNIVERSO-550-x-350-19-2.jpg\" alt=\"\" class=\"wp-image-9190\" srcset=\"http:\/\/universofamilia.com\/wp-content\/uploads\/sites\/148\/2025\/04\/DESTAQUE-UNIVERSO-550-x-350-19-2.jpg 550w, http:\/\/universofamilia.com\/wp-content\/uploads\/sites\/148\/2025\/04\/DESTAQUE-UNIVERSO-550-x-350-19-2-300x191.jpg 300w, http:\/\/universofamilia.com\/wp-content\/uploads\/sites\/148\/2025\/04\/DESTAQUE-UNIVERSO-550-x-350-19-2-18x12.jpg 18w\" sizes=\"(max-width: 550px) 100vw, 550px\" \/><figcaption class=\"wp-element-caption\">Aanvraag voor het lezen en beluisteren van de katholieke Bijbel<\/figcaption><\/figure><\/div>\n\n\n<h2 class=\"wp-block-heading\">Tips om het maximale uit uw Bijbel-app te halen<\/h2>\n\n\n\n<h3 class=\"wp-block-heading\">Stel een vast schema in<\/h3>\n\n\n\n<p>Neem elke dag 10 minuten de tijd, als u wakker wordt of voordat u gaat slapen.<\/p>\n\n\n\n<h3 class=\"wp-block-heading\">Gebruik bladwijzers en notities<\/h3>\n\n\n\n<p>Zo kunt u eenvoudig terugkeren naar uw favoriete passages.<\/p>\n\n\n\n<h3 class=\"wp-block-heading\">Deel met je familie<\/h3>\n\n\n\n<p>Lees of luister samen met uw kinderen of partner.<\/p>\n\n\n\n<h3 class=\"wp-block-heading\">Doe mee aan leesuitdagingen<\/h3>\n\n\n\n<p>Sommige apps hebben wekelijkse of maandelijkse uitdagingen.<\/p>\n\n\n\n<h2 class=\"wp-block-heading\">Meer dan alleen lezen: een spirituele ervaring<\/h2>\n\n\n\n<h3 class=\"wp-block-heading\">Een echt getuigenis<\/h3>\n\n\n\n<p>Maria, 64, schreef ons:<\/p>\n\n\n\n<p>Ik dacht dat ik nooit zou begrijpen hoe je een app moet gebruiken. Maar met de hulp van mijn kleinzoon heb ik de Katholieke Audiobijbel gedownload. Nu begin ik elke dag met het Woord van God. Mijn geloof is sterker geworden en ik voel me altijd gesteund.<\/p>\n\n\n\n<h2 class=\"wp-block-heading\">Welke Bijbelvertaling is de beste?<\/h2>\n\n\n\n<p>Voor katholieken wordt het volgende aanbevolen:<\/p>\n\n\n\n<ul>\n<li>Jeruzalem Bijbel<\/li>\n\n\n\n<li>Latijns-Amerikaanse Bijbel<\/li>\n\n\n\n<li>Parelmoer-Colunga Bijbel<\/li>\n<\/ul>\n\n\n\n<p>Ze zijn allemaal aanwezig in de apps die wij voorstellen.<\/p>\n\n\n\n<h2 class=\"wp-block-heading\">Zet de eerste stap naar een spiritueel leven<\/h2>\n\n\n\n<p>Er zijn geen excuses meer. Met je mobiele telefoon en een van deze apps kun je de <strong>Katholieke Bijbel<\/strong> waar en wanneer u maar wilt.<\/p>\n\n\n\n<p>Onthoud: je hebt geen constante verbinding of technische kennis nodig. Alleen het verlangen om dichter bij God te zijn.<\/p>\n\n\n\n<p>Klik op de links, installeer de app die u het leukst vindt en ga vandaag nog aan de slag.<\/p>\n\n\n\n<h2 class=\"wp-block-heading\">Onderneem vandaag nog actie<\/h2>\n\n\n\n<p>Als je tot hier bent gekomen, heb je de eerste stap al gezet. Nu hoef je alleen nog maar een van de aanbevolen apps te installeren.<\/p>\n\n\n\n<p>Ontdek hoe technologie uw geloof kan voeden, troost kan bieden en uw geest kan versterken.<\/p>\n\n\n\n<p>Klik, installeer en laat het Woord uw dag transformeren. \ud83d\ude4f<\/p>","protected":false},"excerpt":{"rendered":"<p>Lleva la Palabra de Dios contigo \u00bfQu\u00e9 est\u00e1s buscando? Conoce una nueva forma de conectarte con tu fe Aplicativo para leer y escuchar la Biblia Cat\u00f3lica: esta herramienta ha transformado la forma en que millones se acercan a la Palabra. \u00bfTe gustar\u00eda tener la Biblia siempre a mano, sin cargar peso? \u00bfTe cuesta encontrar tiempo [&hellip;]<\/p>","protected":false},"author":139,"featured_media":9190,"comment_status":"closed","ping_status":"open","sticky":false,"template":"","format":"standard","meta":{"footnotes":""},"categories":[2],"tags":[2162,2163,2161,2164,1018],"yoast_head":"<!-- This site is optimized with the Yoast SEO plugin v23.3 - https:\/\/yoast.com\/wordpress\/plugins\/seo\/ -->\n<title>Aplicativo para leer y escuchar la Biblia Cat\u00f3lica - Universo Fam\u00edlia<\/title>\n<meta name=\"description\" content=\"Aplicativo para leer y escuchar la Biblia Cat\u00f3lica. Aplicativo para leer y escuchar la Biblia Cat\u00f3lica: esta herramienta ha transformado...\" \/>\n<meta name=\"robots\" content=\"index, follow, max-snippet:-1, max-image-preview:large, max-video-preview:-1\" \/>\n<link rel=\"canonical\" href=\"http:\/\/universofamilia.com\/nl\/aplicativo-para-leer-y-escuchar-la-biblia-catolica\/\" \/>\n<meta property=\"og:locale\" content=\"nl_NL\" \/>\n<meta property=\"og:type\" content=\"article\" \/>\n<meta property=\"og:title\" content=\"Aplicativo para leer y escuchar la Biblia Cat\u00f3lica - Universo Fam\u00edlia\" \/>\n<meta property=\"og:description\" content=\"Aplicativo para leer y escuchar la Biblia Cat\u00f3lica. Aplicativo para leer y escuchar la Biblia Cat\u00f3lica: esta herramienta ha transformado...\" \/>\n<meta property=\"og:url\" content=\"http:\/\/universofamilia.com\/nl\/aplicativo-para-leer-y-escuchar-la-biblia-catolica\/\" \/>\n<meta property=\"og:site_name\" content=\"Universo Fam\u00edlia\" \/>\n<meta property=\"article:published_time\" content=\"2025-04-02T20:40:24+00:00\" \/>\n<meta property=\"article:modified_time\" content=\"2025-10-14T01:06:25+00:00\" \/>\n<meta property=\"og:image\" content=\"https:\/\/universofamilia.com\/wp-content\/uploads\/sites\/148\/2025\/04\/DESTAQUE-UNIVERSO-550-x-350-19-2.jpg\" \/>\n\t<meta property=\"og:image:width\" content=\"550\" \/>\n\t<meta property=\"og:image:height\" content=\"350\" \/>\n\t<meta property=\"og:image:type\" content=\"image\/jpeg\" \/>\n<meta name=\"author\" content=\"Pedro Henrique\" \/>\n<meta name=\"twitter:card\" content=\"summary_large_image\" \/>\n<meta name=\"twitter:label1\" content=\"Written by\" \/>\n\t<meta name=\"twitter:data1\" content=\"Pedro Henrique\" \/>\n\t<meta name=\"twitter:label2\" content=\"Est. reading time\" \/>\n\t<meta name=\"twitter:data2\" content=\"6 minuten\" \/>\n<script type=\"application\/ld+json\" class=\"yoast-schema-graph\">{\"@context\":\"https:\/\/schema.org\",\"@graph\":[{\"@type\":\"WebPage\",\"@id\":\"https:\/\/universofamilia.com\/aplicativo-para-leer-y-escuchar-la-biblia-catolica\/\",\"url\":\"https:\/\/universofamilia.com\/aplicativo-para-leer-y-escuchar-la-biblia-catolica\/\",\"name\":\"Aplicativo para leer y escuchar la Biblia Cat\u00f3lica - Universo Fam\u00edlia\",\"isPartOf\":{\"@id\":\"https:\/\/universofamilia.com\/el\/#website\"},\"primaryImageOfPage\":{\"@id\":\"https:\/\/universofamilia.com\/aplicativo-para-leer-y-escuchar-la-biblia-catolica\/#primaryimage\"},\"image\":{\"@id\":\"https:\/\/universofamilia.com\/aplicativo-para-leer-y-escuchar-la-biblia-catolica\/#primaryimage\"},\"thumbnailUrl\":\"http:\/\/universofamilia.com\/wp-content\/uploads\/sites\/148\/2025\/04\/DESTAQUE-UNIVERSO-550-x-350-19-2.jpg\",\"datePublished\":\"2025-04-02T20:40:24+00:00\",\"dateModified\":\"2025-10-14T01:06:25+00:00\",\"author\":{\"@id\":\"https:\/\/universofamilia.com\/el\/#\/schema\/person\/f07ce98187dd84d31154262e79b3b7ca\"},\"description\":\"Aplicativo para leer y escuchar la Biblia Cat\u00f3lica. Aplicativo para leer y escuchar la Biblia Cat\u00f3lica: esta herramienta ha transformado...\",\"breadcrumb\":{\"@id\":\"https:\/\/universofamilia.com\/aplicativo-para-leer-y-escuchar-la-biblia-catolica\/#breadcrumb\"},\"inLanguage\":\"nl\",\"potentialAction\":[{\"@type\":\"ReadAction\",\"target\":[\"https:\/\/universofamilia.com\/aplicativo-para-leer-y-escuchar-la-biblia-catolica\/\"]}]},{\"@type\":\"ImageObject\",\"inLanguage\":\"nl\",\"@id\":\"https:\/\/universofamilia.com\/aplicativo-para-leer-y-escuchar-la-biblia-catolica\/#primaryimage\",\"url\":\"http:\/\/universofamilia.com\/wp-content\/uploads\/sites\/148\/2025\/04\/DESTAQUE-UNIVERSO-550-x-350-19-2.jpg\",\"contentUrl\":\"http:\/\/universofamilia.com\/wp-content\/uploads\/sites\/148\/2025\/04\/DESTAQUE-UNIVERSO-550-x-350-19-2.jpg\",\"width\":550,\"height\":350,\"caption\":\"Aplicativo para leer y escuchar la Biblia Cat\u00f3lica\"},{\"@type\":\"BreadcrumbList\",\"@id\":\"https:\/\/universofamilia.com\/aplicativo-para-leer-y-escuchar-la-biblia-catolica\/#breadcrumb\",\"itemListElement\":[{\"@type\":\"ListItem\",\"position\":1,\"name\":\"Home\",\"item\":\"https:\/\/universofamilia.com\/el\/\"},{\"@type\":\"ListItem\",\"position\":2,\"name\":\"Aplicativo para leer y escuchar la Biblia Cat\u00f3lica\"}]},{\"@type\":\"WebSite\",\"@id\":\"https:\/\/universofamilia.com\/el\/#website\",\"url\":\"https:\/\/universofamilia.com\/el\/\",\"name\":\"Universo Fam\u00edlia\",\"description\":\"\",\"potentialAction\":[{\"@type\":\"SearchAction\",\"target\":{\"@type\":\"EntryPoint\",\"urlTemplate\":\"https:\/\/universofamilia.com\/el\/?s={search_term_string}\"},\"query-input\":\"required name=search_term_string\"}],\"inLanguage\":\"nl\"},{\"@type\":\"Person\",\"@id\":\"https:\/\/universofamilia.com\/el\/#\/schema\/person\/f07ce98187dd84d31154262e79b3b7ca\",\"name\":\"Pedro Henrique\",\"image\":{\"@type\":\"ImageObject\",\"inLanguage\":\"nl\",\"@id\":\"https:\/\/universofamilia.com\/el\/#\/schema\/person\/image\/\",\"url\":\"http:\/\/0.gravatar.com\/avatar\/9edfeb808cb4e1599f64d6e45b130154?s=96&d=mm&r=g\",\"contentUrl\":\"http:\/\/0.gravatar.com\/avatar\/9edfeb808cb4e1599f64d6e45b130154?s=96&d=mm&r=g\",\"caption\":\"Pedro Henrique\"},\"url\":\"http:\/\/universofamilia.com\/nl\/author\/editor01\/\"}]}<\/script>\n<!-- \/ Yoast SEO plugin. -->","yoast_head_json":{"title":"Aplicativo para leer y escuchar la Biblia Cat\u00f3lica - Universo Fam\u00edlia","description":"Aplicativo para leer y escuchar la Biblia Cat\u00f3lica. Aplicativo para leer y escuchar la Biblia Cat\u00f3lica: esta herramienta ha transformado...","robots":{"index":"index","follow":"follow","max-snippet":"max-snippet:-1","max-image-preview":"max-image-preview:large","max-video-preview":"max-video-preview:-1"},"canonical":"http:\/\/universofamilia.com\/nl\/aplicativo-para-leer-y-escuchar-la-biblia-catolica\/","og_locale":"nl_NL","og_type":"article","og_title":"Aplicativo para leer y escuchar la Biblia Cat\u00f3lica - Universo Fam\u00edlia","og_description":"Aplicativo para leer y escuchar la Biblia Cat\u00f3lica. Aplicativo para leer y escuchar la Biblia Cat\u00f3lica: esta herramienta ha transformado...","og_url":"http:\/\/universofamilia.com\/nl\/aplicativo-para-leer-y-escuchar-la-biblia-catolica\/","og_site_name":"Universo Fam\u00edlia","article_published_time":"2025-04-02T20:40:24+00:00","article_modified_time":"2025-10-14T01:06:25+00:00","og_image":[{"width":550,"height":350,"url":"https:\/\/universofamilia.com\/wp-content\/uploads\/sites\/148\/2025\/04\/DESTAQUE-UNIVERSO-550-x-350-19-2.jpg","type":"image\/jpeg"}],"author":"Pedro Henrique","twitter_card":"summary_large_image","twitter_misc":{"Written by":"Pedro Henrique","Est. reading time":"6 minuten"},"schema":{"@context":"https:\/\/schema.org","@graph":[{"@type":"WebPage","@id":"https:\/\/universofamilia.com\/aplicativo-para-leer-y-escuchar-la-biblia-catolica\/","url":"https:\/\/universofamilia.com\/aplicativo-para-leer-y-escuchar-la-biblia-catolica\/","name":"Aplicativo para leer y escuchar la Biblia Cat\u00f3lica - Universo Fam\u00edlia","isPartOf":{"@id":"https:\/\/universofamilia.com\/el\/#website"},"primaryImageOfPage":{"@id":"https:\/\/universofamilia.com\/aplicativo-para-leer-y-escuchar-la-biblia-catolica\/#primaryimage"},"image":{"@id":"https:\/\/universofamilia.com\/aplicativo-para-leer-y-escuchar-la-biblia-catolica\/#primaryimage"},"thumbnailUrl":"http:\/\/universofamilia.com\/wp-content\/uploads\/sites\/148\/2025\/04\/DESTAQUE-UNIVERSO-550-x-350-19-2.jpg","datePublished":"2025-04-02T20:40:24+00:00","dateModified":"2025-10-14T01:06:25+00:00","author":{"@id":"https:\/\/universofamilia.com\/el\/#\/schema\/person\/f07ce98187dd84d31154262e79b3b7ca"},"description":"Aplicativo para leer y escuchar la Biblia Cat\u00f3lica. Aplicativo para leer y escuchar la Biblia Cat\u00f3lica: esta herramienta ha transformado...","breadcrumb":{"@id":"https:\/\/universofamilia.com\/aplicativo-para-leer-y-escuchar-la-biblia-catolica\/#breadcrumb"},"inLanguage":"nl","potentialAction":[{"@type":"ReadAction","target":["https:\/\/universofamilia.com\/aplicativo-para-leer-y-escuchar-la-biblia-catolica\/"]}]},{"@type":"ImageObject","inLanguage":"nl","@id":"https:\/\/universofamilia.com\/aplicativo-para-leer-y-escuchar-la-biblia-catolica\/#primaryimage","url":"http:\/\/universofamilia.com\/wp-content\/uploads\/sites\/148\/2025\/04\/DESTAQUE-UNIVERSO-550-x-350-19-2.jpg","contentUrl":"http:\/\/universofamilia.com\/wp-content\/uploads\/sites\/148\/2025\/04\/DESTAQUE-UNIVERSO-550-x-350-19-2.jpg","width":550,"height":350,"caption":"Aplicativo para leer y escuchar la Biblia Cat\u00f3lica"},{"@type":"BreadcrumbList","@id":"https:\/\/universofamilia.com\/aplicativo-para-leer-y-escuchar-la-biblia-catolica\/#breadcrumb","itemListElement":[{"@type":"ListItem","position":1,"name":"Home","item":"https:\/\/universofamilia.com\/el\/"},{"@type":"ListItem","position":2,"name":"Aplicativo para leer y escuchar la Biblia Cat\u00f3lica"}]},{"@type":"WebSite","@id":"https:\/\/universofamilia.com\/el\/#website","url":"https:\/\/universofamilia.com\/el\/","name":"Universo Fam\u00edlia","description":"","potentialAction":[{"@type":"SearchAction","target":{"@type":"EntryPoint","urlTemplate":"https:\/\/universofamilia.com\/el\/?s={search_term_string}"},"query-input":"required name=search_term_string"}],"inLanguage":"nl"},{"@type":"Person","@id":"https:\/\/universofamilia.com\/el\/#\/schema\/person\/f07ce98187dd84d31154262e79b3b7ca","name":"Pedro Henrique","image":{"@type":"ImageObject","inLanguage":"nl","@id":"https:\/\/universofamilia.com\/el\/#\/schema\/person\/image\/","url":"http:\/\/0.gravatar.com\/avatar\/9edfeb808cb4e1599f64d6e45b130154?s=96&d=mm&r=g","contentUrl":"http:\/\/0.gravatar.com\/avatar\/9edfeb808cb4e1599f64d6e45b130154?s=96&d=mm&r=g","caption":"Pedro Henrique"},"url":"http:\/\/universofamilia.com\/nl\/author\/editor01\/"}]}},"_links":{"self":[{"href":"http:\/\/universofamilia.com\/nl\/wp-json\/wp\/v2\/posts\/9186"}],"collection":[{"href":"http:\/\/universofamilia.com\/nl\/wp-json\/wp\/v2\/posts"}],"about":[{"href":"http:\/\/universofamilia.com\/nl\/wp-json\/wp\/v2\/types\/post"}],"author":[{"embeddable":true,"href":"http:\/\/universofamilia.com\/nl\/wp-json\/wp\/v2\/users\/139"}],"replies":[{"embeddable":true,"href":"http:\/\/universofamilia.com\/nl\/wp-json\/wp\/v2\/comments?post=9186"}],"version-history":[{"count":4,"href":"http:\/\/universofamilia.com\/nl\/wp-json\/wp\/v2\/posts\/9186\/revisions"}],"predecessor-version":[{"id":9537,"href":"http:\/\/universofamilia.com\/nl\/wp-json\/wp\/v2\/posts\/9186\/revisions\/9537"}],"wp:featuredmedia":[{"embeddable":true,"href":"http:\/\/universofamilia.com\/nl\/wp-json\/wp\/v2\/media\/9190"}],"wp:attachment":[{"href":"http:\/\/universofamilia.com\/nl\/wp-json\/wp\/v2\/media?parent=9186"}],"wp:term":[{"taxonomy":"category","embeddable":true,"href":"http:\/\/universofamilia.com\/nl\/wp-json\/wp\/v2\/categories?post=9186"},{"taxonomy":"post_tag","embeddable":true,"href":"http:\/\/universofamilia.com\/nl\/wp-json\/wp\/v2\/tags?post=9186"}],"curies":[{"name":"wp","href":"https:\/\/api.w.org\/{rel}","templated":true}]}}