{"id":10165,"date":"2025-10-16T15:39:54","date_gmt":"2025-10-16T18:39:54","guid":{"rendered":"https:\/\/universofamilia.com\/?p=10165"},"modified":"2025-10-16T15:39:57","modified_gmt":"2025-10-16T18:39:57","slug":"elecciones-en-todo-el-mundo-en-2025-tendencias-y-retos","status":"publish","type":"post","link":"http:\/\/universofamilia.com\/pl\/elecciones-en-todo-el-mundo-en-2025-tendencias-y-retos\/","title":{"rendered":"Wybory na \u015bwiecie w 2025 r.: trendy i wyzwania"},"content":{"rendered":"<p class=\"has-text-align-center\">Z pierwszego akapitu: <strong>Wybory na \u015bwiecie w 2025 r.: trendy i wyzwania<\/strong> To nie tylko nag\u0142\u00f3wek: to sugestywny obraz konflikt\u00f3w politycznych, innowacji demokratycznych i zagro\u017ce\u0144, kt\u00f3re definiuj\u0105 kurs \u015bwiata.<\/p>\n\n\n\n<figure class=\"wp-block-gallery aligncenter has-nested-images columns-default is-cropped wp-block-gallery-1 is-layout-flex wp-block-gallery-is-layout-flex\">\n<figure class=\"wp-block-image size-full\"><img loading=\"lazy\" decoding=\"async\" width=\"450\" height=\"250\" data-id=\"10167\" src=\"https:\/\/universofamilia.com\/wp-content\/uploads\/sites\/148\/2025\/10\/Destaque-Novo-Universo-9-1.jpg\" alt=\"\" class=\"wp-image-10167\" srcset=\"http:\/\/universofamilia.com\/wp-content\/uploads\/sites\/148\/2025\/10\/Destaque-Novo-Universo-9-1.jpg 450w, http:\/\/universofamilia.com\/wp-content\/uploads\/sites\/148\/2025\/10\/Destaque-Novo-Universo-9-1-300x167.jpg 300w, http:\/\/universofamilia.com\/wp-content\/uploads\/sites\/148\/2025\/10\/Destaque-Novo-Universo-9-1-18x10.jpg 18w\" sizes=\"(max-width: 450px) 100vw, 450px\" \/><figcaption class=\"wp-element-caption\">CANVA<\/figcaption><\/figure>\n<\/figure>\n\n\n\n<p class=\"has-text-align-center\">Oto celowa analiza: zrozumiesz si\u0142y kszta\u0142tuj\u0105ce obecne wybory, najbardziej pal\u0105ce przeszkody i to, w jaki spos\u00f3b obywatele mog\u0105 wzmocni\u0107 swoje systemy reprezentacji.<\/p>\n\n\n\n<p><strong>Streszczenie<\/strong><\/p>\n\n\n\n<ul>\n<li>Przegl\u0105d: Dlaczego rok 2025 ma znaczenie<\/li>\n\n\n\n<li>Dominuj\u0105ce trendy w procesach wyborczych<\/li>\n\n\n\n<li>Wyzwania zagra\u017caj\u0105ce legitymacji demokratycznej<\/li>\n\n\n\n<li>Dwa ilustratywne przypadki<\/li>\n\n\n\n<li>Strategie ochrony wiarygodnych wybor\u00f3w<\/li>\n\n\n\n<li>Wniosek refleksyjny<\/li>\n\n\n\n<li>Cz\u0119sto zadawane pytania<\/li>\n<\/ul>\n\n\n\n<h2 class=\"wp-block-heading\">Przegl\u0105d: Dlaczego rok 2025 ma znaczenie<\/h2>\n\n\n\n<p>Ten rok jest punktem zwrotnym: po d\u0142ugich cyklach wyborczych w 2023 i 2024 roku spodziewane s\u0105 utrwalenie post\u0119pu lub pog\u0142\u0119bienie niepowodze\u0144.<\/p>\n\n\n\n<p>Wed\u0142ug Mi\u0119dzynarodowego Indeksu IDEA wiarygodno\u015b\u0107 wyborc\u00f3w spad\u0142a na ca\u0142ym \u015bwiecie, a w 2023 r. odnotowano najwi\u0119kszy w historii spadek liczby wolnych i uczciwych wybor\u00f3w.<\/p>\n\n\n\n<p>W prawie 20 ostatnich wyborach krajowych co najmniej jeden pokonany kandydat odrzuci\u0142 wyniki.<\/p>\n\n\n\n<p>Kiedy m\u00f3wisz o <strong>Wybory na \u015bwiecie w 2025 r.: trendy i wyzwania<\/strong>Nie wymagasz optymistycznego nastawienia, ale jasnej i krytycznej wizji: wiesz, \u017ce pewno\u015b\u0107 siebie ulega erozji, ale te\u017c, \u017ce jest miejsce na dzia\u0142anie.<\/p>\n\n\n\n<h2 class=\"wp-block-heading\">Dominuj\u0105ce trendy w procesach wyborczych<\/h2>\n\n\n\n<h3 class=\"wp-block-heading\">Digitalizacja i nowe metody g\u0142osowania<\/h3>\n\n\n\n<p>Coraz powszechniejsze staje si\u0119 wdra\u017canie mechanizm\u00f3w cyfrowych, takich jak g\u0142osowanie zdalne, platformy szyfrowane i audyty technologiczne. <\/p>\n\n\n\n<p>Najnowsze badanie proponuje systemy oparte na <strong>blockchain<\/strong> w celu zwi\u0119kszenia przejrzysto\u015bci i ograniczenia podatno\u015bci na zagro\u017cenia.<\/p>\n\n\n\n<p>Ta zmiana technologiczna mo\u017ce okaza\u0107 si\u0119 pot\u0119\u017cnym sojusznikiem, cho\u0107 wymaga solidnych warunk\u00f3w bezpiecze\u0144stwa i nadzoru.<\/p>\n\n\n\n<h3 class=\"wp-block-heading\">Spadek uczestnictwa i wzrost liczby pyta\u0144<\/h3>\n\n\n\n<p>Spadaj\u0105cy wska\u017anik uczestnictwa jest widocznym objawem: demokratyczny rynek traci nabywc\u00f3w.<\/p>\n\n\n\n<p>W latach 2008\u20132023 \u015brednia globalna frekwencja wyborcza wzros\u0142a z 65,2% w regionie % do 55,5% w regionie %.<\/p>\n\n\n\n<p>Ta r\u00f3\u017cnica nie jest tylko statystyczna: dotyczy tysi\u0119cy g\u0142os\u00f3w, kt\u00f3re wydaj\u0105 si\u0119 ju\u017c niereprezentowane.<\/p>\n\n\n\n<p>Wiarygodno\u015b\u0107 wybor\u00f3w jest wystawiona na pr\u00f3b\u0119: raport IDEA wskazuje, \u017ce w 2024 r. jedna trzecia wyborc\u00f3w odda g\u0142os w krajach, w kt\u00f3rych jako\u015b\u0107 proces\u00f3w jest ni\u017csza ni\u017c w poprzednich wyborach.<\/p>\n\n\n\n<h3 class=\"wp-block-heading\">Polaryzacja, manipulacja cyfrowa i krucho\u015b\u0107 instytucjonalna<\/h3>\n\n\n\n<p>Czyhaj\u0105 ukierunkowana propaganda, zautomatyzowane kampanie, deepfake&#039;i i astroturfing.<\/p>\n\n\n\n<p>W Europie udokumentowano przypadki, w kt\u00f3rych wykorzystanie algorytm\u00f3w faworyzowa\u0142o konkretnych kandydat\u00f3w i prowadzi\u0142o do cz\u0119\u015bciowego uniewa\u017cnienia wynik\u00f3w.<\/p>\n\n\n\n<p>Po\u0142\u0105czenie technologii i sporu politycznego sprawia, \u017ce ka\u017cde wybory staj\u0105 si\u0119 niewidzialnym polem bitwy.<\/p>\n\n\n\n<p>W tym scenariuszu decyduj\u0105c\u0105 rol\u0119 odgrywaj\u0105 instytucje wyborcze, niezale\u017cne media i audyty.<\/p>\n\n\n\n<h2 class=\"wp-block-heading\">Wyzwania zagra\u017caj\u0105ce legitymacji demokratycznej<\/h2>\n\n\n\n<h3 class=\"wp-block-heading\">Systemowa dezinformacja<\/h3>\n\n\n\n<p>Maj\u0105c na uwadze fakt, \u017ce media spo\u0142eczno\u015bciowe stanowi\u0105 pot\u0119\u017cny no\u015bnik, rozprzestrzenianie fa\u0142szywych wiadomo\u015bci mo\u017ce wypacza\u0107 porz\u0105dek obrad, polaryzowa\u0107 spo\u0142ecze\u0144stwa i os\u0142abia\u0107 zaufanie do instytucji.<\/p>\n\n\n\n<p>To cichy, ale \u015bmiertelny wr\u00f3g.<\/p>\n\n\n\n<h3 class=\"wp-block-heading\">Przej\u0119cie instytucjonalne i oszustwo mi\u0119kkie<\/h3>\n\n\n\n<p>Kiedy partia rz\u0105dz\u0105ca manipuluje zasadami wyborczymi, kontroluje niezale\u017cne organy lub wykorzystuje zasoby pa\u0144stwowe dla w\u0142asnych korzy\u015bci, szanse staj\u0105 si\u0119 nier\u00f3wne.<\/p>\n\n\n\n<p>Na przyk\u0142ad w Burundi wybory parlamentarne w 2025 r. zako\u0144czy\u0142y si\u0119 wykluczeniem opozycji i absolutnym zwyci\u0119stwem partii rz\u0105dz\u0105cej.<\/p>\n\n\n\n<p>Innym znacz\u0105cym przypadkiem jest Bia\u0142oru\u015b: prezydent \u0141ukaszenka zdoby\u0142 ponad 85% g\u0142os\u00f3w w wyborach powszechnie uznanych za fikcyjne.<\/p>\n\n\n\n<p>Jest to metafora systemu wyborczego zamienionego w ceremoni\u0119.<\/p>\n\n\n\n<h3 class=\"wp-block-heading\">Luki spo\u0142eczne i dost\u0119powe<\/h3>\n\n\n\n<p>Nier\u00f3wno\u015bci strukturalne, brak us\u0142ug, bariery geograficzne i deficyt cyfrowy marginalizuj\u0105 ca\u0142e segmenty elektoratu. Je\u015bli obywatel nie mo\u017ce uzyska\u0107 informacji, zarejestrowa\u0107 si\u0119 ani dotrze\u0107 do lokalu wyborczego, jego prawa polityczne s\u0105 ograniczane.<\/p>\n\n\n\n<h3 class=\"wp-block-heading\">Przemoc wyborcza i brak bezpiecze\u0144stwa<\/h3>\n\n\n\n<p>W wielu krajach kandydaci spotykaj\u0105 si\u0119 z gro\u017abami, lokale wyborcze s\u0105 atakowane, a protestuj\u0105cy s\u0105 represjonowani.<\/p>\n\n\n\n<p>Wed\u0142ug Freedom House w 2024 r. w ponad 40 terytoriach, w kt\u00f3rych odbywa\u0142y si\u0119 wybory krajowe, dosz\u0142o do akt\u00f3w przemocy, zastraszania i agresji.<\/p>\n\n\n\n<p>Zagro\u017cenie to nie jest hipotetyczne: ma ono oblicze, wp\u0142yw i realne konsekwencje dla postrzegania legalno\u015bci.<\/p>\n\n\n\n<h2 class=\"wp-block-heading\">Dwa przyk\u0142ady ilustruj\u0105ce<\/h2>\n\n\n\n<p><strong>Przypadek 1: Ekwador 2025 (Ameryka \u0141aci\u0144ska)<\/strong><br>Wybory powszechne w Ekwadorze, kt\u00f3re odby\u0142y si\u0119 w lutym i kwietniu 2025 r., wykaza\u0142y frekwencj\u0119 na poziomie 82% w okr\u0119gu %.<\/p>\n\n\n\n<p>Nasuwa si\u0119 pytanie: co jest motorem tej mobilizacji, pomimo powszechnego rozczarowania?<\/p>\n\n\n\n<p>W\u015br\u00f3d czynnik\u00f3w wymieniono wysok\u0105 polaryzacj\u0119, obecno\u015b\u0107 kandydat\u00f3w przyjaznych mediom i aktywn\u0105 \u015bwiadomo\u015b\u0107 obywatelsk\u0105. <\/p>\n\n\n\n<p>To przyk\u0142ad na to, \u017ce nawet w napi\u0119tych sytuacjach wsp\u00f3lne dzia\u0142anie mo\u017ce odwr\u00f3ci\u0107 trendy.<\/p>\n\n\n\n<p><strong>Przypadek 2: Liechtenstein 2025 (Europa)<\/strong><br>W znacznie bardziej zinstytucjonalizowanym kontek\u015bcie, w Liechtensteinie odby\u0142y si\u0119 wybory parlamentarne z frekwencj\u0105 wynosz\u0105c\u0105 76,3 %.<\/p>\n\n\n\n<p>Rezultat nie by\u0142 ani spektakularny, ani dramatyczny, ale pokazuje, \u017ce nawet w mikropa\u0144stwach liczy si\u0119 jako\u015b\u0107 procesu: przejrzysto\u015b\u0107, pluralizm i jasne zasady podtrzymuj\u0105 zaufanie.<\/p>\n\n\n\n<p>Pr\u00f3by te zestawiaj\u0105 ze sob\u0105 r\u00f3\u017cne scenariusze, jeden z napi\u0119ciami strukturalnymi demokracji, a drugi ze stabilno\u015bci\u0105 instytucjonaln\u0105, ale oba potwierdzaj\u0105, \u017ce <strong>Wybory na \u015bwiecie w 2025 r.: trendy i wyzwania<\/strong> Dzia\u0142aj\u0105 w r\u00f3\u017cnych rzeczywisto\u015bciach.<\/p>\n\n\n\n<h2 class=\"wp-block-heading\">Strategie ochrony wiarygodnych wybor\u00f3w<\/h2>\n\n\n\n<h3 class=\"wp-block-heading\">Cyfrowa edukacja obywatelska<\/h3>\n\n\n\n<p>Edukowa\u0107 spo\u0142ecze\u0144stwo na temat edukacji medialnej, funkcjonowania instytucji, weryfikacji \u017ar\u00f3de\u0142 i kana\u0142\u00f3w raportowania.<\/p>\n\n\n\n<p>Je\u015bli obywatele wiedz\u0105, jak dzia\u0142a oszustwo, reaguj\u0105 szybciej.<\/p>\n\n\n\n<h3 class=\"wp-block-heading\">Kompleksowa obserwacja i niezale\u017cne audyty<\/h3>\n\n\n\n<p>Promowanie misji lokalnych i mi\u0119dzynarodowych, publicznego dost\u0119pu do liczenia g\u0142os\u00f3w, audyt\u00f3w przejrzysto\u015bci i udzia\u0142u organizacji spo\u0142ecze\u0144stwa obywatelskiego.<\/p>\n\n\n\n<p>Nadz\u00f3r zbiorowy pe\u0142ni funkcj\u0119 odstraszaj\u0105c\u0105 i kontroln\u0105.<\/p>\n\n\n\n<h3 class=\"wp-block-heading\">Szczeg\u00f3\u0142owe przepisy dotycz\u0105ce kampanii cyfrowych<\/h3>\n\n\n\n<p>Ustanowi\u0107 limity finansowania sieci, wymaga\u0107 przejrzysto\u015bci algorytm\u00f3w, regulowa\u0107 wykorzystanie sztucznej inteligencji w propagandzie politycznej i kara\u0107 za korzystanie z anonimowych bot\u00f3w.<\/p>\n\n\n\n<p>Cyfrowe ramy prawne musz\u0105 nad\u0105\u017ca\u0107 za post\u0119pem technologicznym.<\/p>\n\n\n\n<h3 class=\"wp-block-heading\">U\u0142atwianie g\u0142osowania<\/h3>\n\n\n\n<p>Wprowad\u017a mechanizmy wczesnego g\u0142osowania, wyd\u0142u\u017cone godziny otwarcia, mobilne centra wyborcze, g\u0142osowanie za granic\u0105 i wyeliminuj arbitralne bariery rejestracyjne, aby ka\u017cdy obywatel m\u00f3g\u0142 korzysta\u0107 ze swoich praw.<\/p>\n\n\n\n<h3 class=\"wp-block-heading\">Solidna ochrona instytucjonalna<\/h3>\n\n\n\n<p>Zapewni\u0107 autonomi\u0119 organ\u00f3w wyborczych, odpowiednie finansowanie i nadz\u00f3r cywilny. Je\u015bli zostan\u0105 przej\u0119te, ca\u0142y proces legnie w gruzach.<\/p>\n\n\n\n<figure class=\"wp-block-gallery aligncenter has-nested-images columns-default is-cropped wp-block-gallery-2 is-layout-flex wp-block-gallery-is-layout-flex\">\n<figure class=\"wp-block-image size-full\"><img loading=\"lazy\" decoding=\"async\" width=\"450\" height=\"250\" data-id=\"10168\" src=\"https:\/\/universofamilia.com\/wp-content\/uploads\/sites\/148\/2025\/10\/Destaque-Novo-Universo-10.jpg\" alt=\"\" class=\"wp-image-10168\" srcset=\"http:\/\/universofamilia.com\/wp-content\/uploads\/sites\/148\/2025\/10\/Destaque-Novo-Universo-10.jpg 450w, http:\/\/universofamilia.com\/wp-content\/uploads\/sites\/148\/2025\/10\/Destaque-Novo-Universo-10-300x167.jpg 300w, http:\/\/universofamilia.com\/wp-content\/uploads\/sites\/148\/2025\/10\/Destaque-Novo-Universo-10-18x10.jpg 18w\" sizes=\"(max-width: 450px) 100vw, 450px\" \/><figcaption class=\"wp-element-caption\">CANVA<\/figcaption><\/figure>\n<\/figure>\n\n\n\n<p>Czytaj wi\u0119cej:\u00a0<a href=\"http:\/\/universofamilia.com\/pl\/crisis-climatica-global\/\">Globalny kryzys klimatyczny: skutki, kt\u00f3re ju\u017c dotykaj\u0105 miliony ludzi<\/a><\/p>\n\n\n\n<h2 class=\"wp-block-heading\">Wniosek refleksyjny<\/h2>\n\n\n\n<p>Kiedy bierzesz pod uwag\u0119 <strong>Wybory na \u015bwiecie w 2025 r.: trendy i wyzwania<\/strong>, nie stoisz przed zadaniem akademickim: stoisz przed zbiorow\u0105 odpowiedzialno\u015bci\u0105 obrony przestrzeni prawdziwego wyboru.<\/p>\n\n\n\n<p>Samo udanie si\u0119 do lokalu wyborczego nie wystarczy; konieczne jest \u017c\u0105danie uczciwo\u015bci, czujno\u015bci i uczciwo\u015bci.<\/p>\n\n\n\n<p>Wybory musz\u0105 pozosta\u0107 momentem, w kt\u00f3rym g\u0142os obywateli decyduje, a nie symuluje decyzj\u0119.<\/p>\n\n\n\n<p>Je\u015bli pozwolisz, aby w\u0142adza przyzwyczai\u0142a si\u0119 do manipulacji bez konsekwencji, nie b\u0119dzie ju\u017c odwrotu.<\/p>\n\n\n\n<p>Jednak ka\u017cda reforma, ka\u017cdy obserwator domagaj\u0105cy si\u0119 przejrzysto\u015bci i ka\u017cdy s\u0105siad, kt\u00f3ry pot\u0119pia nieprawid\u0142owo\u015bci, buduje barier\u0119 przeciwko autorytaryzmowi.<\/p>\n\n\n\n<p>A Ty? Pozwolisz, by proces ten przebiega\u0142 bez oporu, czy te\u017c staniesz si\u0119 aktywnym obro\u0144c\u0105 legalnego g\u0142osu?<\/p>\n\n\n\n<p>Czytaj wi\u0119cej:\u00a0<a href=\"http:\/\/universofamilia.com\/pl\/ambiental\/\">10 zr\u00f3wnowa\u017conych dzia\u0142a\u0144 maj\u0105cych na celu z\u0142agodzenie kryzysu \u015brodowiskowego<\/a><\/p>\n\n\n\n<h2 class=\"wp-block-heading\">Cz\u0119sto zadawane pytania<\/h2>\n\n\n\n<p><strong>Dlaczego zaanga\u017cowanie obywateli jest dzi\u015b tak niskie?<\/strong><br>Poniewa\u017c wiele os\u00f3b nie ufa partiom politycznym, uwa\u017ca, \u017ce ich g\u0142os si\u0119 nie liczy, brakuje im wiarygodnych informacji lub napotykaj\u0105 na praktyczne przeszkody w g\u0142osowaniu.<\/p>\n\n\n\n<p><strong>Czy wykorzystanie technologii wyborczej gwarantuje uczciwo\u015b\u0107?<\/strong><br>Niekoniecznie. Je\u015bli nie towarzysz\u0105 temu rygorystyczne audyty, pe\u0142na transparentno\u015b\u0107 i jasne standardy, mo\u017ce to stworzy\u0107 wi\u0119cej luk w zabezpieczeniach ni\u017c rozwi\u0105za\u0144.<\/p>\n\n\n\n<p><strong>W kt\u00f3rych krajach obserwuje si\u0119 niepokoj\u0105ce regresy demokracji?<\/strong><br>W kilku pa\u0144stwach o silnej w\u0142adzy, takich jak Bia\u0142oru\u015b, Burundi i innych, gdzie opozycja jest systematycznie wykluczana lub represjonowana.<\/p>\n\n\n\n<p><strong>W jaki spos\u00f3b obywatele mog\u0105 w\u0142\u0105czy\u0107 si\u0119 w obron\u0119 uczciwych wybor\u00f3w?<\/strong><br>Zg\u0142aszanie nieprawid\u0142owo\u015bci, wspieranie obserwatori\u00f3w, \u017c\u0105danie dost\u0119pu do danych wyborczych, udzia\u0142 w debatach publicznych i wzywanie do reform prawnych.<\/p>","protected":false},"excerpt":{"rendered":"<p>Desde el primer p\u00e1rrafo: Elecciones en todo el mundo en 2025: tendencias y retos no es solo un titular: implica una radiograf\u00eda viva de conflictos pol\u00edticos, innovaciones democr\u00e1ticas y riesgos que definen el rumbo global. Aqu\u00ed tienes un an\u00e1lisis con prop\u00f3sito: comprender\u00e1s qu\u00e9 fuerzas moldean los comicios actuales, cu\u00e1les son sus obst\u00e1culos m\u00e1s urgentes y [&hellip;]<\/p>","protected":false},"author":219,"featured_media":10166,"comment_status":"closed","ping_status":"open","sticky":false,"template":"","format":"standard","meta":{"footnotes":""},"categories":[4],"tags":[],"yoast_head":"<!-- This site is optimized with the Yoast SEO plugin v23.3 - https:\/\/yoast.com\/wordpress\/plugins\/seo\/ -->\n<title>Elecciones en todo el mundo en 2025: tendencias y retos - Universo Fam\u00edlia<\/title>\n<meta name=\"description\" content=\"Desde el primer p\u00e1rrafo: Elecciones en todo el mundo en 2025: tendencias y retos no es solo un titular: implica una radiograf\u00eda viva de...\" \/>\n<meta name=\"robots\" content=\"index, follow, max-snippet:-1, max-image-preview:large, max-video-preview:-1\" \/>\n<link rel=\"canonical\" href=\"http:\/\/universofamilia.com\/pl\/elecciones-en-todo-el-mundo-en-2025-tendencias-y-retos\/\" \/>\n<meta property=\"og:locale\" content=\"pl_PL\" \/>\n<meta property=\"og:type\" content=\"article\" \/>\n<meta property=\"og:title\" content=\"Elecciones en todo el mundo en 2025: tendencias y retos - Universo Fam\u00edlia\" \/>\n<meta property=\"og:description\" content=\"Desde el primer p\u00e1rrafo: Elecciones en todo el mundo en 2025: tendencias y retos no es solo un titular: implica una radiograf\u00eda viva de...\" \/>\n<meta property=\"og:url\" content=\"http:\/\/universofamilia.com\/pl\/elecciones-en-todo-el-mundo-en-2025-tendencias-y-retos\/\" \/>\n<meta property=\"og:site_name\" content=\"Universo Fam\u00edlia\" \/>\n<meta property=\"article:published_time\" content=\"2025-10-16T18:39:54+00:00\" \/>\n<meta property=\"article:modified_time\" content=\"2025-10-16T18:39:57+00:00\" \/>\n<meta property=\"og:image\" content=\"http:\/\/universofamilia.com\/wp-content\/uploads\/sites\/148\/2025\/10\/Destaque-Novo-Universo-9.jpg\" \/>\n\t<meta property=\"og:image:width\" content=\"450\" \/>\n\t<meta property=\"og:image:height\" content=\"250\" \/>\n\t<meta property=\"og:image:type\" content=\"image\/jpeg\" \/>\n<meta name=\"author\" content=\"Matheus Sangaletti\" \/>\n<meta name=\"twitter:card\" content=\"summary_large_image\" \/>\n<meta name=\"twitter:label1\" content=\"Written by\" \/>\n\t<meta name=\"twitter:data1\" content=\"Matheus Sangaletti\" \/>\n\t<meta name=\"twitter:label2\" content=\"Est. reading time\" \/>\n\t<meta name=\"twitter:data2\" content=\"8 minut\" \/>\n<script type=\"application\/ld+json\" class=\"yoast-schema-graph\">{\"@context\":\"https:\/\/schema.org\",\"@graph\":[{\"@type\":\"WebPage\",\"@id\":\"http:\/\/universofamilia.com\/zh_hk\/elecciones-en-todo-el-mundo-en-2025-tendencias-y-retos\/\",\"url\":\"http:\/\/universofamilia.com\/zh_hk\/elecciones-en-todo-el-mundo-en-2025-tendencias-y-retos\/\",\"name\":\"Elecciones en todo el mundo en 2025: tendencias y retos - Universo Fam\u00edlia\",\"isPartOf\":{\"@id\":\"https:\/\/universofamilia.com\/el\/#website\"},\"primaryImageOfPage\":{\"@id\":\"http:\/\/universofamilia.com\/zh_hk\/elecciones-en-todo-el-mundo-en-2025-tendencias-y-retos\/#primaryimage\"},\"image\":{\"@id\":\"http:\/\/universofamilia.com\/zh_hk\/elecciones-en-todo-el-mundo-en-2025-tendencias-y-retos\/#primaryimage\"},\"thumbnailUrl\":\"http:\/\/universofamilia.com\/wp-content\/uploads\/sites\/148\/2025\/10\/Destaque-Novo-Universo-9.jpg\",\"datePublished\":\"2025-10-16T18:39:54+00:00\",\"dateModified\":\"2025-10-16T18:39:57+00:00\",\"author\":{\"@id\":\"https:\/\/universofamilia.com\/el\/#\/schema\/person\/92fcd07e9b1f4323bf74f3170fc0f78a\"},\"description\":\"Desde el primer p\u00e1rrafo: Elecciones en todo el mundo en 2025: tendencias y retos no es solo un titular: implica una radiograf\u00eda viva de...\",\"breadcrumb\":{\"@id\":\"http:\/\/universofamilia.com\/zh_hk\/elecciones-en-todo-el-mundo-en-2025-tendencias-y-retos\/#breadcrumb\"},\"inLanguage\":\"pl-PL\",\"potentialAction\":[{\"@type\":\"ReadAction\",\"target\":[\"http:\/\/universofamilia.com\/zh_hk\/elecciones-en-todo-el-mundo-en-2025-tendencias-y-retos\/\"]}]},{\"@type\":\"ImageObject\",\"inLanguage\":\"pl-PL\",\"@id\":\"http:\/\/universofamilia.com\/zh_hk\/elecciones-en-todo-el-mundo-en-2025-tendencias-y-retos\/#primaryimage\",\"url\":\"http:\/\/universofamilia.com\/wp-content\/uploads\/sites\/148\/2025\/10\/Destaque-Novo-Universo-9.jpg\",\"contentUrl\":\"http:\/\/universofamilia.com\/wp-content\/uploads\/sites\/148\/2025\/10\/Destaque-Novo-Universo-9.jpg\",\"width\":450,\"height\":250},{\"@type\":\"BreadcrumbList\",\"@id\":\"http:\/\/universofamilia.com\/zh_hk\/elecciones-en-todo-el-mundo-en-2025-tendencias-y-retos\/#breadcrumb\",\"itemListElement\":[{\"@type\":\"ListItem\",\"position\":1,\"name\":\"Home\",\"item\":\"https:\/\/universofamilia.com\/el\/\"},{\"@type\":\"ListItem\",\"position\":2,\"name\":\"Elecciones en todo el mundo en 2025: tendencias y retos\"}]},{\"@type\":\"WebSite\",\"@id\":\"https:\/\/universofamilia.com\/el\/#website\",\"url\":\"https:\/\/universofamilia.com\/el\/\",\"name\":\"Universo Fam\u00edlia\",\"description\":\"\",\"potentialAction\":[{\"@type\":\"SearchAction\",\"target\":{\"@type\":\"EntryPoint\",\"urlTemplate\":\"https:\/\/universofamilia.com\/el\/?s={search_term_string}\"},\"query-input\":\"required name=search_term_string\"}],\"inLanguage\":\"pl-PL\"},{\"@type\":\"Person\",\"@id\":\"https:\/\/universofamilia.com\/el\/#\/schema\/person\/92fcd07e9b1f4323bf74f3170fc0f78a\",\"name\":\"Matheus Sangaletti\",\"image\":{\"@type\":\"ImageObject\",\"inLanguage\":\"pl-PL\",\"@id\":\"https:\/\/universofamilia.com\/el\/#\/schema\/person\/image\/\",\"url\":\"http:\/\/2.gravatar.com\/avatar\/280ea957a14a48e6a1ad2133d2cc27c9?s=96&d=mm&r=g\",\"contentUrl\":\"http:\/\/2.gravatar.com\/avatar\/280ea957a14a48e6a1ad2133d2cc27c9?s=96&d=mm&r=g\",\"caption\":\"Matheus Sangaletti\"},\"url\":\"http:\/\/universofamilia.com\/pl\/author\/matheuss\/\"}]}<\/script>\n<!-- \/ Yoast SEO plugin. -->","yoast_head_json":{"title":"Elecciones en todo el mundo en 2025: tendencias y retos - Universo Fam\u00edlia","description":"Desde el primer p\u00e1rrafo: Elecciones en todo el mundo en 2025: tendencias y retos no es solo un titular: implica una radiograf\u00eda viva de...","robots":{"index":"index","follow":"follow","max-snippet":"max-snippet:-1","max-image-preview":"max-image-preview:large","max-video-preview":"max-video-preview:-1"},"canonical":"http:\/\/universofamilia.com\/pl\/elecciones-en-todo-el-mundo-en-2025-tendencias-y-retos\/","og_locale":"pl_PL","og_type":"article","og_title":"Elecciones en todo el mundo en 2025: tendencias y retos - Universo Fam\u00edlia","og_description":"Desde el primer p\u00e1rrafo: Elecciones en todo el mundo en 2025: tendencias y retos no es solo un titular: implica una radiograf\u00eda viva de...","og_url":"http:\/\/universofamilia.com\/pl\/elecciones-en-todo-el-mundo-en-2025-tendencias-y-retos\/","og_site_name":"Universo Fam\u00edlia","article_published_time":"2025-10-16T18:39:54+00:00","article_modified_time":"2025-10-16T18:39:57+00:00","og_image":[{"width":450,"height":250,"url":"http:\/\/universofamilia.com\/wp-content\/uploads\/sites\/148\/2025\/10\/Destaque-Novo-Universo-9.jpg","type":"image\/jpeg"}],"author":"Matheus Sangaletti","twitter_card":"summary_large_image","twitter_misc":{"Written by":"Matheus Sangaletti","Est. reading time":"8 minut"},"schema":{"@context":"https:\/\/schema.org","@graph":[{"@type":"WebPage","@id":"http:\/\/universofamilia.com\/zh_hk\/elecciones-en-todo-el-mundo-en-2025-tendencias-y-retos\/","url":"http:\/\/universofamilia.com\/zh_hk\/elecciones-en-todo-el-mundo-en-2025-tendencias-y-retos\/","name":"Elecciones en todo el mundo en 2025: tendencias y retos - Universo Fam\u00edlia","isPartOf":{"@id":"https:\/\/universofamilia.com\/el\/#website"},"primaryImageOfPage":{"@id":"http:\/\/universofamilia.com\/zh_hk\/elecciones-en-todo-el-mundo-en-2025-tendencias-y-retos\/#primaryimage"},"image":{"@id":"http:\/\/universofamilia.com\/zh_hk\/elecciones-en-todo-el-mundo-en-2025-tendencias-y-retos\/#primaryimage"},"thumbnailUrl":"http:\/\/universofamilia.com\/wp-content\/uploads\/sites\/148\/2025\/10\/Destaque-Novo-Universo-9.jpg","datePublished":"2025-10-16T18:39:54+00:00","dateModified":"2025-10-16T18:39:57+00:00","author":{"@id":"https:\/\/universofamilia.com\/el\/#\/schema\/person\/92fcd07e9b1f4323bf74f3170fc0f78a"},"description":"Desde el primer p\u00e1rrafo: Elecciones en todo el mundo en 2025: tendencias y retos no es solo un titular: implica una radiograf\u00eda viva de...","breadcrumb":{"@id":"http:\/\/universofamilia.com\/zh_hk\/elecciones-en-todo-el-mundo-en-2025-tendencias-y-retos\/#breadcrumb"},"inLanguage":"pl-PL","potentialAction":[{"@type":"ReadAction","target":["http:\/\/universofamilia.com\/zh_hk\/elecciones-en-todo-el-mundo-en-2025-tendencias-y-retos\/"]}]},{"@type":"ImageObject","inLanguage":"pl-PL","@id":"http:\/\/universofamilia.com\/zh_hk\/elecciones-en-todo-el-mundo-en-2025-tendencias-y-retos\/#primaryimage","url":"http:\/\/universofamilia.com\/wp-content\/uploads\/sites\/148\/2025\/10\/Destaque-Novo-Universo-9.jpg","contentUrl":"http:\/\/universofamilia.com\/wp-content\/uploads\/sites\/148\/2025\/10\/Destaque-Novo-Universo-9.jpg","width":450,"height":250},{"@type":"BreadcrumbList","@id":"http:\/\/universofamilia.com\/zh_hk\/elecciones-en-todo-el-mundo-en-2025-tendencias-y-retos\/#breadcrumb","itemListElement":[{"@type":"ListItem","position":1,"name":"Home","item":"https:\/\/universofamilia.com\/el\/"},{"@type":"ListItem","position":2,"name":"Elecciones en todo el mundo en 2025: tendencias y retos"}]},{"@type":"WebSite","@id":"https:\/\/universofamilia.com\/el\/#website","url":"https:\/\/universofamilia.com\/el\/","name":"Universo Fam\u00edlia","description":"","potentialAction":[{"@type":"SearchAction","target":{"@type":"EntryPoint","urlTemplate":"https:\/\/universofamilia.com\/el\/?s={search_term_string}"},"query-input":"required name=search_term_string"}],"inLanguage":"pl-PL"},{"@type":"Person","@id":"https:\/\/universofamilia.com\/el\/#\/schema\/person\/92fcd07e9b1f4323bf74f3170fc0f78a","name":"Matheus Sangaletti","image":{"@type":"ImageObject","inLanguage":"pl-PL","@id":"https:\/\/universofamilia.com\/el\/#\/schema\/person\/image\/","url":"http:\/\/2.gravatar.com\/avatar\/280ea957a14a48e6a1ad2133d2cc27c9?s=96&d=mm&r=g","contentUrl":"http:\/\/2.gravatar.com\/avatar\/280ea957a14a48e6a1ad2133d2cc27c9?s=96&d=mm&r=g","caption":"Matheus Sangaletti"},"url":"http:\/\/universofamilia.com\/pl\/author\/matheuss\/"}]}},"_links":{"self":[{"href":"http:\/\/universofamilia.com\/pl\/wp-json\/wp\/v2\/posts\/10165"}],"collection":[{"href":"http:\/\/universofamilia.com\/pl\/wp-json\/wp\/v2\/posts"}],"about":[{"href":"http:\/\/universofamilia.com\/pl\/wp-json\/wp\/v2\/types\/post"}],"author":[{"embeddable":true,"href":"http:\/\/universofamilia.com\/pl\/wp-json\/wp\/v2\/users\/219"}],"replies":[{"embeddable":true,"href":"http:\/\/universofamilia.com\/pl\/wp-json\/wp\/v2\/comments?post=10165"}],"version-history":[{"count":1,"href":"http:\/\/universofamilia.com\/pl\/wp-json\/wp\/v2\/posts\/10165\/revisions"}],"predecessor-version":[{"id":10169,"href":"http:\/\/universofamilia.com\/pl\/wp-json\/wp\/v2\/posts\/10165\/revisions\/10169"}],"wp:featuredmedia":[{"embeddable":true,"href":"http:\/\/universofamilia.com\/pl\/wp-json\/wp\/v2\/media\/10166"}],"wp:attachment":[{"href":"http:\/\/universofamilia.com\/pl\/wp-json\/wp\/v2\/media?parent=10165"}],"wp:term":[{"taxonomy":"category","embeddable":true,"href":"http:\/\/universofamilia.com\/pl\/wp-json\/wp\/v2\/categories?post=10165"},{"taxonomy":"post_tag","embeddable":true,"href":"http:\/\/universofamilia.com\/pl\/wp-json\/wp\/v2\/tags?post=10165"}],"curies":[{"name":"wp","href":"https:\/\/api.w.org\/{rel}","templated":true}]}}