{"id":10213,"date":"2025-10-27T12:35:00","date_gmt":"2025-10-27T15:35:00","guid":{"rendered":"https:\/\/universofamilia.com\/?p=10213"},"modified":"2025-10-27T12:35:18","modified_gmt":"2025-10-27T15:35:18","slug":"economia-mundial-en-2025-recesion-o-recuperacion","status":"publish","type":"post","link":"http:\/\/universofamilia.com\/pl\/economia-mundial-en-2025-recesion-o-recuperacion\/","title":{"rendered":"Gospodarka \u015bwiatowa w 2025 roku: recesja czy o\u017cywienie?"},"content":{"rendered":"<p class=\"has-text-align-center\">Przeanalizujemy perspektywy MFW na <strong>gospodarka \u015bwiatowa w 2025 roku<\/strong>, czynniki wskazuj\u0105ce na recesj\u0119 lub o\u017cywienie gospodarcze i ich wp\u0142yw na Ameryk\u0119 \u0141aci\u0144sk\u0105.<\/p>\n\n\n\n<figure class=\"wp-block-gallery aligncenter has-nested-images columns-default is-cropped wp-block-gallery-1 is-layout-flex wp-block-gallery-is-layout-flex\">\n<figure class=\"wp-block-image size-full\"><img loading=\"lazy\" decoding=\"async\" width=\"450\" height=\"250\" data-id=\"10215\" src=\"https:\/\/universofamilia.com\/wp-content\/uploads\/sites\/148\/2025\/10\/Destaque-Novo-Universo-23-1.jpg\" alt=\"\" class=\"wp-image-10215\" srcset=\"http:\/\/universofamilia.com\/wp-content\/uploads\/sites\/148\/2025\/10\/Destaque-Novo-Universo-23-1.jpg 450w, http:\/\/universofamilia.com\/wp-content\/uploads\/sites\/148\/2025\/10\/Destaque-Novo-Universo-23-1-300x167.jpg 300w, http:\/\/universofamilia.com\/wp-content\/uploads\/sites\/148\/2025\/10\/Destaque-Novo-Universo-23-1-18x10.jpg 18w\" sizes=\"(max-width: 450px) 100vw, 450px\" \/><figcaption class=\"wp-element-caption\">CANVA<\/figcaption><\/figure>\n<\/figure>\n\n\n\n<p class=\"has-text-align-center\">Przyjrzymy si\u0119 r\u00f3wnie\u017c, jakie decyzje strategiczne mog\u0105 mie\u0107 znaczenie dla kraj\u00f3w i przedsi\u0119biorstw.<\/p>\n\n\n\n<p class=\"has-text-align-center\">Z ludzkim i realistycznym podej\u015bciem jasno wyja\u015bni\u0119, dlaczego pytanie <strong>\u201eMi\u0119dzynarodowy Fundusz Walutowy 2025: Recesja czy o\u017cywienie?\u201d<\/strong> jest bardziej aktualne ni\u017c kiedykolwiek.<\/p>\n\n\n\n<p><br><strong>Gospodarka \u015bwiatowa w 2025 r.: recesja czy o\u017cywienie?<\/strong><\/p>\n\n\n\n<p>W tym roku jest to centralny punkt debaty ekonomicznej i w zasadzie s\u0142owo kluczowe pojawia si\u0119 ju\u017c w pierwszym wierszu, co naturalnie wzmacnia jego obecno\u015b\u0107.<\/p>\n\n\n\n<p>Nie jest to hipotetyczny scenariusz; najnowsze dane MFW wskazuj\u0105, \u017ce globalny wzrost gospodarczy w tym roku ma wynie\u015b\u0107 oko\u0142o 3,2% w trzecim kwartale 2013 r., co oznacza jedynie nieznaczne spowolnienie w stosunku do 3,3% w trzecim kwartale 2013 r. w 2024 r.<\/p>\n\n\n\n<p>M\u00f3wi\u0105c wprost, globalna gospodarka nie stoi na skraju za\u0142amania, ale porusza si\u0119 po trudnym terenie.<\/p>\n\n\n\n<p>To jak jazda autostrad\u0105 z dobr\u0105 nawierzchni\u0105, ale z niespodziewan\u0105 burz\u0105 na horyzoncie. Mo\u017cesz utrzyma\u0107 kurs, ale musisz dostosowa\u0107 pr\u0119dko\u015b\u0107, hamulce i uwag\u0119.<\/p>\n\n\n\n<p>Ta analogia pomaga zrozumie\u0107, dlaczego w tej sytuacji konieczna jest roztropno\u015b\u0107 i determinacja.<\/p>\n\n\n\n<p>Nast\u0119pnie przeanalizujemy g\u0142\u00f3wne wektory ryzyka i szans, r\u00f3\u017cnice w przeszkodach dla kraj\u00f3w rozwini\u0119tych i rozwijaj\u0105cych si\u0119, a na koniec, jakie scenariusze w \u015bwiecie rzeczywistym mog\u0105 mie\u0107 zastosowanie do Ciebie, Twojej firmy lub Twojego kraju Ameryki \u0141aci\u0144skiej.<\/p>\n\n\n\n<h2 class=\"wp-block-heading\">Perspektywy globalne: umiarkowany wzrost, wysokie ryzyko<\/h2>\n\n\n\n<p>W najnowszym wydaniu raportu World Economic Outlook (WEO) Mi\u0119dzynarodowego Funduszu Walutowego ostrzega si\u0119, \u017ce globalny wzrost gospodarczy b\u0119dzie stopniowo zwalnia\u0142: z 3,3 % w 2024 r. do oko\u0142o 3,2 % w 2025 r. i 3,1 % w 2026 r.<\/p>\n\n\n\n<ul>\n<li>W gospodarkach rozwini\u0119tych oczekuje si\u0119, \u017ce wzrost w 2025 r. wyniesie ok. 1,5 %.<\/li>\n\n\n\n<li>Na rynkach wschodz\u0105cych i rozwijaj\u0105cych si\u0119 spodziewany jest wynik nieco ponad 4 %, aczkolwiek z wyra\u017anie rosn\u0105c\u0105 tendencj\u0105.<\/li>\n<\/ul>\n\n\n\n<p>Spowolnienie wzrostu gospodarczego nie oznacza automatycznie recesji, jednak pole manewru jest znacznie mniejsze.<\/p>\n\n\n\n<p>Na odporno\u015b\u0107 wp\u0142ywaj\u0105 takie czynniki, jak napi\u0119cia handlowe, problemy z poda\u017c\u0105 si\u0142y roboczej i narastaj\u0105cy d\u0142ug publiczny.<\/p>\n\n\n\n<p>Na przyk\u0142ad w raporcie zauwa\u017cono, \u017ce \u201eryzyko jest przechylone w stron\u0119 spadkow\u0105\u201d.<\/p>\n\n\n\n<p>Istotna statystyka: wed\u0142ug WEO z pa\u017adziernika 2025 r. szacowany globalny wzrost wynosi <strong>3.2 %<\/strong> na ten rok.<\/p>\n\n\n\n<p>Obraz, kt\u00f3ry nam pozosta\u0142, to balon, kt\u00f3ry ci\u0105gle si\u0119 pompuje, ale ma ma\u0142e nieszczelno\u015bci: pozostaje w powietrzu, ale wymaga to dodatkowego wysi\u0142ku i wi\u0105\u017ce si\u0119 z ryzykiem uj\u015bcia powietrza w razie wyst\u0105pienia kolejnych wstrz\u0105s\u00f3w.<\/p>\n\n\n\n<p>W tym sensie tytu\u0142 <strong>\u201eGospodarka \u015bwiatowa w 2025 roku: recesja czy o\u017cywienie?\u201d<\/strong> Jest to istotne pytanie, wymagaj\u0105ce dok\u0142adnej analizy.<\/p>\n\n\n\n<h2 class=\"wp-block-heading\">Czynniki sprzyjaj\u0105ce recesji<\/h2>\n\n\n\n<h3 class=\"wp-block-heading\">a) Napi\u0119cia handlowe i fragmentacja<\/h3>\n\n\n\n<p>Reorganizacja \u0142a\u0144cuch\u00f3w warto\u015bci, a tak\u017ce wy\u017csze c\u0142a i bariery handlowe powoduj\u0105 niepewno\u015b\u0107. <\/p>\n\n\n\n<p>WEO ostrzega, \u017ce nadmierne zaostrzanie polityki handlowej i globalna fragmentacja mog\u0105 utrudnia\u0107 inwestycje.<\/p>\n\n\n\n<h3 class=\"wp-block-heading\">b) Problemy na rynku pracy i demografia<\/h3>\n\n\n\n<p>Ograniczeniami strukturalnymi s\u0105 starzenie si\u0119 spo\u0142ecze\u0144stwa, ni\u017cszy wska\u017anik aktywno\u015bci zawodowej i niedob\u00f3r wykwalifikowanej si\u0142y roboczej w\u015br\u00f3d m\u0142odych ludzi.<\/p>\n\n\n\n<p>W raporcie wskazano, \u017ce stymulowanie wzrostu gospodarczego wymaga zwi\u0119kszenia uczestnictwa os\u00f3b starszych i kobiet w rynku pracy.<\/p>\n\n\n\n<h3 class=\"wp-block-heading\">c) Wysokie zad\u0142u\u017cenie i podatno\u015b\u0107 finansowa<\/h3>\n\n\n\n<p>Po\u0142\u0105czenie powolnego wzrostu gospodarczego i wysokiego poziomu zad\u0142u\u017cenia sprawia, \u017ce wiele kraj\u00f3w ma ograniczone pole manewru w razie kryzysu.<\/p>\n\n\n\n<p>MFW ostrzega, \u017ce korekta finansowa, scenariusz uwa\u017cany przez wielu za ma\u0142o prawdopodobny, pozostaje ukrytym zagro\u017ceniem.<\/p>\n\n\n\n<h3 class=\"wp-block-heading\">d) Nieoczekiwane wstrz\u0105sy: klimat, geopolityka, technologia<\/h3>\n\n\n\n<p>Przyk\u0142adem mo\u017ce by\u0107 konflikt regionalny zak\u0142\u00f3caj\u0105cy kluczowe dostawy towar\u00f3w eksportowych lub nag\u0142y kryzys energetyczny.<\/p>\n\n\n\n<p>W takich przypadkach ryzyko popadni\u0119cia w recesj\u0119 drastycznie wzrasta.<\/p>\n\n\n\n<p>Jako analogi\u0119 mo\u017cna tu pos\u0142u\u017cy\u0107 si\u0119 rowerem jad\u0105cym przy sprzyjaj\u0105cym wietrze: gdy tylko wiatr zmienia kierunek, tracimy r\u00f3wnowag\u0119.<\/p>\n\n\n\n<p>Dlatego scenariusz recesji nie wydaje si\u0119 najbardziej prawdopodobny w roku 2025, cho\u0107 nie mo\u017cna go wykluczy\u0107.<\/p>\n\n\n\n<p>I w\u0142a\u015bnie z powodu tego wysokiego poziomu ryzyka pojawia si\u0119 pytanie <strong>\u201eGospodarka \u015bwiatowa w 2025 roku: recesja czy o\u017cywienie?\u201d<\/strong> nale\u017cy traktowa\u0107 powa\u017cnie.<\/p>\n\n\n\n<h2 class=\"wp-block-heading\">Czynniki wp\u0142ywaj\u0105ce na o\u017cywienie gospodarcze<\/h2>\n\n\n\n<h3 class=\"wp-block-heading\">a) Adaptacja i odporno\u015b\u0107<\/h3>\n\n\n\n<p>Fakt, \u017ce globalny wzrost gospodarczy nie za\u0142ama\u0142 si\u0119 (3,2 %), wskazuje na istnienie potencja\u0142u odporno\u015bci: przyczyniaj\u0105 si\u0119 do tego sektory technologiczne, konsumpcja krajowa na rynkach wschodz\u0105cych i redukcja niekt\u00f3rych barier handlowych.<\/p>\n\n\n\n<h3 class=\"wp-block-heading\">b) Potencja\u0142 zmian strukturalnych (sztuczna inteligencja, digitalizacja)<\/h3>\n\n\n\n<p>Najnowsze badanie analizuje, w jaki spos\u00f3b wdro\u017cenie sztucznej inteligencji (AI) wp\u0142ywa na globalny Produkt Krajowy Brutto (PKB), sugeruj\u0105c, \u017ce produktywno\u015b\u0107 mo\u017ce wzrosn\u0105\u0107, je\u015bli b\u0119dzie jej towarzyszy\u0107 odpowiednia polityka.<\/p>\n\n\n\n<h3 class=\"wp-block-heading\">c) Odbudowa sektora po pandemii<\/h3>\n\n\n\n<p>Sektory, kt\u00f3re pozostawa\u0142y w tyle podczas pandemii (podr\u00f3\u017ce, wypoczynek, us\u0142ugi osobiste) wykazuj\u0105 oznaki o\u017cywienia, co pozwala na reaktywacj\u0119 cz\u0119\u015bci \u201eu\u015bpionego kapita\u0142u\u201d.<\/p>\n\n\n\n<h3 class=\"wp-block-heading\">d) Wsp\u00f3\u0142praca mi\u0119dzynarodowa i reformy strukturalne<\/h3>\n\n\n\n<p>Je\u015bli rz\u0105dy zdecyduj\u0105 si\u0119 na bardziej skoordynowan\u0105 polityk\u0119, redukcj\u0119 barier handlowych i wdro\u017cenie reform w zakresie produktywno\u015bci, mog\u0105 one przynie\u015b\u0107 znacz\u0105ce zmiany.<\/p>\n\n\n\n<p>W raporcie WEO wspomniano, \u017ce kluczowe znaczenie ma \u201ekonstruktywne dzia\u0142anie na rzecz promowania stabilnego i przewidywalnego \u015brodowiska handlowego\u201d.<\/p>\n\n\n\n<p>Konkretny przyk\u0142ad: kraj Ameryki \u0141aci\u0144skiej, kt\u00f3ry systematycznie inwestuje w infrastruktur\u0119 cyfrow\u0105 i edukacj\u0119 w zakresie umiej\u0119tno\u015bci technologicznych, mo\u017ce odnie\u015b\u0107 korzy\u015bci znacznie szybciej ni\u017c kraj, kt\u00f3ry kontynuuje wy\u0142\u0105cznie tradycyjn\u0105 polityk\u0119. <\/p>\n\n\n\n<p>To ilustracja tego, jak mo\u017cna przyspieszy\u0107 o\u017cywienie gospodarcze, podejmuj\u0105c decyzje w oparciu o globalny kontekst.<\/p>\n\n\n\n<h2 class=\"wp-block-heading\">4. Mo\u017cliwe scenariusze na rok 2025 i ich konsekwencje<\/h2>\n\n\n\n<h3 class=\"wp-block-heading\">Scenariusz A \u2013 \u0141agodna stagnacja<\/h3>\n\n\n\n<p>W tym przypadku wzrost utrzymuje si\u0119 blisko globalnego wska\u017anika 3 %, bez recesji, ale te\u017c bez silnego o\u017cywienia.<\/p>\n\n\n\n<p>Przedsi\u0119biorstwa rozwijaj\u0105 si\u0119 umiarkowanie, ale mo\u017cliwo\u015bci innowacji s\u0105 coraz mniejsze.<\/p>\n\n\n\n<p>W tym scenariuszu wiele gospodarek wschodz\u0105cych nadal b\u0119dzie przewodzi\u0107, podczas gdy gospodarki rozwini\u0119te nieznacznie s\u0142abn\u0105.<\/p>\n\n\n\n<h3 class=\"wp-block-heading\">Scenariusz B \u2013 Umiarkowana, \u015blimacza regeneracja<\/h3>\n\n\n\n<p>W tym przypadku po\u0142\u0105czenie dostosowania technologicznego, poprawy produktywno\u015bci i wsp\u00f3\u0142pracy mi\u0119dzynarodowej umo\u017cliwia osi\u0105gni\u0119cie wzrostu na poziomie 3,5 % lub wi\u0119cej w skali globalnej.<\/p>\n\n\n\n<p>W przypadku kraj\u00f3w, w kt\u00f3rych przeprowadzane s\u0105 aktywne reformy, oznacza to wzrost inwestycji zagranicznych, wzrost warto\u015bci dodanej eksportu i popraw\u0119 zatrudnienia.<\/p>\n\n\n\n<h3 class=\"wp-block-heading\">Scenariusz C \u2013 Lokalna lub og\u00f3lna recesja<\/h3>\n\n\n\n<p>Cho\u0107 jest to ma\u0142o prawdopodobne w skali globalnej, niekt\u00f3re kraje lub regiony mog\u0105 popa\u015b\u0107 w recesj\u0119. Dotyczy to na przyk\u0142ad gospodarek o wysokim zad\u0142u\u017ceniu, kryzys\u00f3w bankowych lub kluczowych sektor\u00f3w dotkni\u0119tych wstrz\u0105sami zewn\u0119trznymi.<\/p>\n\n\n\n<p>Tytu\u0142 <strong>\u201eGospodarka \u015bwiatowa w 2025 roku: recesja czy o\u017cywienie?\u201d<\/strong> To jest w tym przypadku ca\u0142kowicie istotne: nie chodzi o to, czy nast\u0105pi ca\u0142kowita globalna recesja, ale o to, ile i kt\u00f3re kraje mog\u0105 zosta\u0107 pomini\u0119te w pozytywnym cyklu.<\/p>\n\n\n\n<p>Dla tych, kt\u00f3rzy dzia\u0142aj\u0105 w Ameryce \u0141aci\u0144skiej lub Meksyku, oznacza to, \u017ce nie nale\u017cy zak\u0142ada\u0107, \u017ce \u201ekontekst jest neutralny\u201d.<\/p>\n\n\n\n<p>Je\u015bli Twoja gospodarka nale\u017cy do grupy gospodarek nara\u017conych na surowce, turystyk\u0119 lub sektory wra\u017cliwe, powiniene\u015b zaplanowa\u0107 scenariusz B lub C, a nie tylko A.<\/p>\n\n\n\n<h2 class=\"wp-block-heading\">Co mog\u0105 zrobi\u0107 kraje i firmy Ameryki \u0141aci\u0144skiej?<\/h2>\n\n\n\n<h3 class=\"wp-block-heading\">Dla kraj\u00f3w<\/h3>\n\n\n\n<ul>\n<li>Nadaj priorytet politykom maj\u0105cym na celu zwi\u0119kszenie produktywno\u015bci: inwestycjom w kapita\u0142 ludzki, cyfryzacji i infrastrukturze.<\/li>\n\n\n\n<li>Konsolidacja finans\u00f3w publicznych: dost\u0119pny d\u0142ug, wystarczaj\u0105ce pole manewru w obliczu wstrz\u0105s\u00f3w zewn\u0119trznych.<\/li>\n\n\n\n<li>Promowa\u0107 otwarto\u015b\u0107 handlu i dywersyfikacj\u0119 rynku w celu zmniejszenia zale\u017cno\u015bci od jednego regionu.<\/li>\n<\/ul>\n\n\n\n<h3 class=\"wp-block-heading\">Dla firm<\/h3>\n\n\n\n<ul>\n<li>Przewiduj scenariusz umiarkowanego wzrostu: optymalizuj koszty, szukaj nisz rynkowych, wdra\u017caj technologie, kt\u00f3re pozwol\u0105 Ci si\u0119 wyr\u00f3\u017cni\u0107.<\/li>\n\n\n\n<li>Zbuduj odporno\u015b\u0107 finansow\u0105: zapewnij sobie p\u0142ynno\u015b\u0107 finansow\u0105, mniejsze zad\u0142u\u017cenie i plany awaryjne na wypadek spowolnienia gospodarczego.<\/li>\n\n\n\n<li>Postrzegaj prze\u0142om technologiczny nie tylko jako zagro\u017cenie, ale r\u00f3wnie\u017c jako szans\u0119: wyobra\u017a sobie dwa meksyka\u0144skie startupy, jeden, kt\u00f3ry zainwestowa\u0142 w sztuczn\u0105 inteligencj\u0119 w logistyce, i drugi, kt\u00f3ry tego nie zrobi\u0142: pierwszy mo\u017ce przyspieszy\u0107 sw\u00f3j rozw\u00f3j w \u015bwiecie, w kt\u00f3rym wydajno\u015b\u0107 ma kluczowe znaczenie.<\/li>\n<\/ul>\n\n\n\n<p>Przydatna analogia: firma jest jak \u017cagl\u00f3wka p\u0142yn\u0105ca po morzu ze s\u0142abymi pr\u0105dami i nieregularnymi wiatrami.<\/p>\n\n\n\n<p>Je\u015bli odpowiednio ustawisz \u017cagle (technologia), b\u0119dziesz dba\u0142 o czysto\u015b\u0107 kad\u0142uba (produktywno\u015b\u0107) i b\u0119dziesz mia\u0142 aktualne mapy (dane ekonomiczne), b\u0119dziesz w stanie posuwa\u0107 si\u0119 naprz\u00f3d nawet przy s\u0142abym wietrze.<\/p>\n\n\n\n<p>Ci, kt\u00f3rzy pod\u0105\u017caj\u0105 wy\u0142\u0105cznie tradycyjn\u0105 \u015bcie\u017ck\u0105, zostan\u0105 w tyle.<\/p>\n\n\n\n<figure class=\"wp-block-gallery aligncenter has-nested-images columns-default is-cropped wp-block-gallery-2 is-layout-flex wp-block-gallery-is-layout-flex\">\n<figure class=\"wp-block-image size-full\"><img loading=\"lazy\" decoding=\"async\" width=\"450\" height=\"250\" data-id=\"10216\" src=\"https:\/\/universofamilia.com\/wp-content\/uploads\/sites\/148\/2025\/10\/Destaque-Novo-Universo-24.jpg\" alt=\"\" class=\"wp-image-10216\" srcset=\"http:\/\/universofamilia.com\/wp-content\/uploads\/sites\/148\/2025\/10\/Destaque-Novo-Universo-24.jpg 450w, http:\/\/universofamilia.com\/wp-content\/uploads\/sites\/148\/2025\/10\/Destaque-Novo-Universo-24-300x167.jpg 300w, http:\/\/universofamilia.com\/wp-content\/uploads\/sites\/148\/2025\/10\/Destaque-Novo-Universo-24-18x10.jpg 18w\" sizes=\"(max-width: 450px) 100vw, 450px\" \/><figcaption class=\"wp-element-caption\">CANVA<\/figcaption><\/figure>\n<\/figure>\n\n\n\n<p>Czytaj wi\u0119cej:\u00a0<a href=\"http:\/\/universofamilia.com\/pl\/crisis-climatica-global\/\">Globalny kryzys klimatyczny: skutki, kt\u00f3re ju\u017c dotykaj\u0105 miliony ludzi<\/a><\/p>\n\n\n\n<h2 class=\"wp-block-heading\">Czy zatem czeka nas recesja czy o\u017cywienie gospodarcze?<\/h2>\n\n\n\n<p>Odpowied\u017a brzmi: <strong>oba w r\u00f3\u017cnych dawkach<\/strong>.<\/p>\n\n\n\n<p>Globalna recesja i gwa\u0142towne o\u017cywienie gospodarcze nie s\u0105 nieuniknione w roku 2025.<\/p>\n\n\n\n<p>Przeciwnie, znajdujemy si\u0119 w punkcie zwrotnym, w kt\u00f3rym wiele b\u0119dzie zale\u017ca\u0142o od podj\u0119tych decyzji \u2013 zar\u00f3wno na poziomie makroekonomicznym, jak i biznesowym.<\/p>\n\n\n\n<p>Tytu\u0142 <strong>\u201eGospodarka \u015bwiatowa w 2025 roku: recesja czy o\u017cywienie?\u201d<\/strong> zawiera t\u0119 dualizm.<\/p>\n\n\n\n<p>Je\u015bli rz\u0105dy i organizacje podejm\u0105 dzia\u0142ania z wizj\u0105, mo\u017cemy by\u0107 \u015bwiadkami umiarkowanego o\u017cywienia gospodarczego.<\/p>\n\n\n\n<p>Je\u015bli przewa\u017cy bezw\u0142adno\u015b\u0107, rozdrobnienie i niekontrolowane zad\u0142u\u017cenie, niekt\u00f3re obszary mog\u0105 popa\u015b\u0107 w recesj\u0119.<\/p>\n\n\n\n<p>Kluczem jest dzia\u0142anie z wyprzedzeniem, a nie reagowanie, gdy spadek jest ju\u017c zauwa\u017calny.<\/p>\n\n\n\n<p>Je\u015bli firma lub kraj b\u0119dzie czeka\u0107 na \u201eburz\u0119\u201d, zanim podejmie dzia\u0142ania, znajdzie si\u0119 w niekorzystnej sytuacji w por\u00f3wnaniu z tymi, kt\u00f3rzy ju\u017c dostosowali swoje dzia\u0142ania.<\/p>\n\n\n\n<h2 class=\"wp-block-heading\">Wniosek<\/h2>\n\n\n\n<p>Rok 2025 stanowi bardzo szczeg\u00f3lne wyzwanie dla \u015bwiatowej gospodarki.<\/p>\n\n\n\n<p>Bior\u0105c pod uwag\u0119 prognozy globalnego wzrostu na poziomie oko\u0142o 3,2% w pierwszym kwartale 2013 r., jeste\u015bmy daleko od gwa\u0142townego o\u017cywienia gospodarczego i nie stoimy jeszcze na kraw\u0119dzi za\u0142amania.<\/p>\n\n\n\n<p>Jednak mar\u017ce malej\u0105, ryzyko ro\u015bnie, a t\u0119 szans\u0119 trzeba wykorzysta\u0107 ju\u017c teraz.<\/p>\n\n\n\n<p>Pytanie <strong>\u201eGospodarka \u015bwiatowa w 2025 roku: recesja czy o\u017cywienie?\u201d<\/strong> To nie tylko retoryka, to wezwanie do dzia\u0142ania.<\/p>\n\n\n\n<p>Dla gospodarek wschodz\u0105cych, dla przedsi\u0119biorstw i inwestor\u00f3w nadszed\u0142 czas na planowanie.<\/p>\n\n\n\n<p>R\u00f3\u017cnica mi\u0119dzy tymi, kt\u00f3rzy potrafi\u0105 dobrze zarz\u0105dza\u0107 tym cyklem, a tymi, kt\u00f3rzy go lekcewa\u017c\u0105, mo\u017ce zadecydowa\u0107 o nast\u0119pnych pi\u0119ciu do dziesi\u0119ciu latach korzy\u015bci lub op\u00f3\u017anienia.<\/p>\n\n\n\n<p>Zapraszam Ci\u0119 do analizy: Czy jeste\u015b na \u0142\u00f3dce, kt\u00f3ra poprawia \u017cagle i czy\u015bci kad\u0142ub, czy na tej, kt\u00f3ra czeka, a\u017c wiatr sam si\u0119 podniesie?<\/p>\n\n\n\n<p>Czytaj wi\u0119cej:\u00a0<a href=\"http:\/\/universofamilia.com\/pl\/el-papel-de-la-tecnologia-en-las-elecciones-internacionales\/\">Rola technologii w wyborach mi\u0119dzynarodowych<\/a><\/p>\n\n\n\n<h2 class=\"wp-block-heading\">Cz\u0119sto zadawane pytania (FAQ)<\/h2>\n\n\n\n<p><strong>Czy powinni\u015bmy przygotowa\u0107 si\u0119 na globaln\u0105 recesj\u0119 w 2025 roku?<\/strong><br>Recesja nie jest nieunikniona dla ca\u0142ej planety.<\/p>\n\n\n\n<p>Warto jednak przygotowa\u0107 si\u0119 przynajmniej na okres stagnacji lub umiarkowanego wzrostu.<\/p>\n\n\n\n<p>Wi\u0105\u017ce si\u0119 to z konieczno\u015bci\u0105 dostosowania finans\u00f3w, maszyn produkcyjnych i oczekiwa\u0144.<\/p>\n\n\n\n<p><strong>Czy Meksyk mo\u017ce skorzysta\u0107 na globalnym o\u017cywieniu gospodarczym?<\/strong><br>Tak, Meksyk mo\u017ce skorzysta\u0107 na wykorzystaniu rynk\u00f3w eksportowych, wdra\u017caniu technologii i pozycjonowaniu si\u0119 w niszach o warto\u015bci dodanej.<\/p>\n\n\n\n<p>Ale jest te\u017c nara\u017cone, je\u015bli w nadmiernym stopniu opiera si\u0119 na surowcach lub tradycyjnych sektorach.<\/p>\n\n\n\n<p><strong>Kt\u00f3re sektory maj\u0105 w tym kontek\u015bcie najwi\u0119ksze szanse na wzrost?<\/strong><br><\/p>\n\n\n\n<p>Sektory zwi\u0105zane z technologi\u0105, cyfryzacj\u0105, energi\u0105 odnawialn\u0105, inteligentn\u0105 logistyk\u0105 i produkcj\u0105 nastawion\u0105 na eksport maj\u0105 wi\u0119ksze szanse na osi\u0105gni\u0119cie sukcesu.<\/p>\n\n\n\n<p>Z kolei sektory silnie uzale\u017cnione od surowc\u00f3w i pozbawione dywersyfikacji mog\u0105 pozostawa\u0107 w tyle.<\/p>\n\n\n\n<p><strong>Jak\u0105 rol\u0119 odgrywa wsp\u00f3\u0142praca mi\u0119dzynarodowa?<\/strong><br>To kluczowe. Zmniejszanie barier handlowych, usprawnianie globalnych \u0142a\u0144cuch\u00f3w dostaw i koordynacja polityk makroekonomicznych pomagaj\u0105 stworzy\u0107 bardziej sprzyjaj\u0105ce \u015brodowisko dla wzrostu.<\/p>\n\n\n\n<p>Je\u015bli fragmentacja si\u0119 nasili, obci\u0105\u017cenie recesj\u0105 wzro\u015bnie.<\/p>\n\n\n\n<p><strong>Jaka jest g\u0142\u00f3wna rekomendacja dla firmy w Ameryce \u0141aci\u0144skiej?<\/strong><br><\/p>\n\n\n\n<p>Oce\u0144 swoje nara\u017cenie na ryzyko mi\u0119dzynarodowe, inwestuj w technologie i produktywno\u015b\u0107, zmniejszaj podatno\u015b\u0107 na zagro\u017cenia finansowe i d\u0105\u017c do dywersyfikacji rynk\u00f3w.<\/p>\n\n\n\n<p>Nie zak\u0142adaj, \u017ce ten cykl przyniesie wy\u0142\u0105cznie sprzyjaj\u0105ce wiatry; przygotuj si\u0119 na porywy wiatru i cisz\u0119.<\/p>","protected":false},"excerpt":{"rendered":"<p>Analizaremos el panorama del FMI sobre la econom\u00eda mundial en 2025, los factores que apuntan a recesi\u00f3n o recuperaci\u00f3n y sus implicaciones para Am\u00e9rica Latina. Tambi\u00e9n exploraremos qu\u00e9 decisiones estrat\u00e9gicas podr\u00edan marcar la diferencia para los pa\u00edses y las empresas. Con enfoque humano y realista, explicar\u00e9 con claridad por qu\u00e9 la interrogante \u201cInternational Monetary Fund [&hellip;]<\/p>","protected":false},"author":219,"featured_media":10214,"comment_status":"closed","ping_status":"open","sticky":false,"template":"","format":"standard","meta":{"footnotes":""},"categories":[4],"tags":[],"yoast_head":"<!-- This site is optimized with the Yoast SEO plugin v23.3 - https:\/\/yoast.com\/wordpress\/plugins\/seo\/ -->\n<title>Econom\u00eda mundial en 2025: \u00bfrecesi\u00f3n o recuperaci\u00f3n? - Universo Fam\u00edlia<\/title>\n<meta name=\"description\" content=\"Analizaremos el panorama del FMI sobre la econom\u00eda mundial en 2025, los factores que apuntan a recesi\u00f3n o recuperaci\u00f3n y sus implicaciones..\" \/>\n<meta name=\"robots\" content=\"index, follow, max-snippet:-1, max-image-preview:large, max-video-preview:-1\" \/>\n<link rel=\"canonical\" href=\"https:\/\/universofamilia.com\/pl\/economia-mundial-en-2025-recesion-o-recuperacion\/\" \/>\n<meta property=\"og:locale\" content=\"pl_PL\" \/>\n<meta property=\"og:type\" content=\"article\" \/>\n<meta property=\"og:title\" content=\"Econom\u00eda mundial en 2025: \u00bfrecesi\u00f3n o recuperaci\u00f3n? - Universo Fam\u00edlia\" \/>\n<meta property=\"og:description\" content=\"Analizaremos el panorama del FMI sobre la econom\u00eda mundial en 2025, los factores que apuntan a recesi\u00f3n o recuperaci\u00f3n y sus implicaciones..\" \/>\n<meta property=\"og:url\" content=\"https:\/\/universofamilia.com\/pl\/economia-mundial-en-2025-recesion-o-recuperacion\/\" \/>\n<meta property=\"og:site_name\" content=\"Universo Fam\u00edlia\" \/>\n<meta property=\"article:published_time\" content=\"2025-10-27T15:35:00+00:00\" \/>\n<meta property=\"article:modified_time\" content=\"2025-10-27T15:35:18+00:00\" \/>\n<meta property=\"og:image\" content=\"https:\/\/universofamilia.com\/wp-content\/uploads\/sites\/148\/2025\/10\/Destaque-Novo-Universo-23.jpg\" \/>\n\t<meta property=\"og:image:width\" content=\"450\" \/>\n\t<meta property=\"og:image:height\" content=\"250\" \/>\n\t<meta property=\"og:image:type\" content=\"image\/jpeg\" \/>\n<meta name=\"author\" content=\"Matheus Sangaletti\" \/>\n<meta name=\"twitter:card\" content=\"summary_large_image\" \/>\n<meta name=\"twitter:label1\" content=\"Written by\" \/>\n\t<meta name=\"twitter:data1\" content=\"Matheus Sangaletti\" \/>\n\t<meta name=\"twitter:label2\" content=\"Est. reading time\" \/>\n\t<meta name=\"twitter:data2\" content=\"11 minut\" \/>\n<script type=\"application\/ld+json\" class=\"yoast-schema-graph\">{\"@context\":\"https:\/\/schema.org\",\"@graph\":[{\"@type\":\"WebPage\",\"@id\":\"https:\/\/universofamilia.com\/el\/economia-mundial-en-2025-recesion-o-recuperacion\/\",\"url\":\"https:\/\/universofamilia.com\/el\/economia-mundial-en-2025-recesion-o-recuperacion\/\",\"name\":\"Econom\u00eda mundial en 2025: \u00bfrecesi\u00f3n o recuperaci\u00f3n? - Universo Fam\u00edlia\",\"isPartOf\":{\"@id\":\"https:\/\/universofamilia.com\/el\/#website\"},\"primaryImageOfPage\":{\"@id\":\"https:\/\/universofamilia.com\/el\/economia-mundial-en-2025-recesion-o-recuperacion\/#primaryimage\"},\"image\":{\"@id\":\"https:\/\/universofamilia.com\/el\/economia-mundial-en-2025-recesion-o-recuperacion\/#primaryimage\"},\"thumbnailUrl\":\"http:\/\/universofamilia.com\/wp-content\/uploads\/sites\/148\/2025\/10\/Destaque-Novo-Universo-23.jpg\",\"datePublished\":\"2025-10-27T15:35:00+00:00\",\"dateModified\":\"2025-10-27T15:35:18+00:00\",\"author\":{\"@id\":\"https:\/\/universofamilia.com\/el\/#\/schema\/person\/92fcd07e9b1f4323bf74f3170fc0f78a\"},\"description\":\"Analizaremos el panorama del FMI sobre la econom\u00eda mundial en 2025, los factores que apuntan a recesi\u00f3n o recuperaci\u00f3n y sus implicaciones..\",\"breadcrumb\":{\"@id\":\"https:\/\/universofamilia.com\/el\/economia-mundial-en-2025-recesion-o-recuperacion\/#breadcrumb\"},\"inLanguage\":\"pl-PL\",\"potentialAction\":[{\"@type\":\"ReadAction\",\"target\":[\"https:\/\/universofamilia.com\/el\/economia-mundial-en-2025-recesion-o-recuperacion\/\"]}]},{\"@type\":\"ImageObject\",\"inLanguage\":\"pl-PL\",\"@id\":\"https:\/\/universofamilia.com\/el\/economia-mundial-en-2025-recesion-o-recuperacion\/#primaryimage\",\"url\":\"http:\/\/universofamilia.com\/wp-content\/uploads\/sites\/148\/2025\/10\/Destaque-Novo-Universo-23.jpg\",\"contentUrl\":\"http:\/\/universofamilia.com\/wp-content\/uploads\/sites\/148\/2025\/10\/Destaque-Novo-Universo-23.jpg\",\"width\":450,\"height\":250},{\"@type\":\"BreadcrumbList\",\"@id\":\"https:\/\/universofamilia.com\/el\/economia-mundial-en-2025-recesion-o-recuperacion\/#breadcrumb\",\"itemListElement\":[{\"@type\":\"ListItem\",\"position\":1,\"name\":\"Home\",\"item\":\"https:\/\/universofamilia.com\/el\/\"},{\"@type\":\"ListItem\",\"position\":2,\"name\":\"Econom\u00eda mundial en 2025: \u00bfrecesi\u00f3n o recuperaci\u00f3n?\"}]},{\"@type\":\"WebSite\",\"@id\":\"https:\/\/universofamilia.com\/el\/#website\",\"url\":\"https:\/\/universofamilia.com\/el\/\",\"name\":\"Universo Fam\u00edlia\",\"description\":\"\",\"potentialAction\":[{\"@type\":\"SearchAction\",\"target\":{\"@type\":\"EntryPoint\",\"urlTemplate\":\"https:\/\/universofamilia.com\/el\/?s={search_term_string}\"},\"query-input\":\"required name=search_term_string\"}],\"inLanguage\":\"pl-PL\"},{\"@type\":\"Person\",\"@id\":\"https:\/\/universofamilia.com\/el\/#\/schema\/person\/92fcd07e9b1f4323bf74f3170fc0f78a\",\"name\":\"Matheus Sangaletti\",\"image\":{\"@type\":\"ImageObject\",\"inLanguage\":\"pl-PL\",\"@id\":\"https:\/\/universofamilia.com\/el\/#\/schema\/person\/image\/\",\"url\":\"http:\/\/2.gravatar.com\/avatar\/280ea957a14a48e6a1ad2133d2cc27c9?s=96&d=mm&r=g\",\"contentUrl\":\"http:\/\/2.gravatar.com\/avatar\/280ea957a14a48e6a1ad2133d2cc27c9?s=96&d=mm&r=g\",\"caption\":\"Matheus Sangaletti\"},\"url\":\"http:\/\/universofamilia.com\/pl\/author\/matheuss\/\"}]}<\/script>\n<!-- \/ Yoast SEO plugin. -->","yoast_head_json":{"title":"Econom\u00eda mundial en 2025: \u00bfrecesi\u00f3n o recuperaci\u00f3n? - Universo Fam\u00edlia","description":"Analizaremos el panorama del FMI sobre la econom\u00eda mundial en 2025, los factores que apuntan a recesi\u00f3n o recuperaci\u00f3n y sus implicaciones..","robots":{"index":"index","follow":"follow","max-snippet":"max-snippet:-1","max-image-preview":"max-image-preview:large","max-video-preview":"max-video-preview:-1"},"canonical":"https:\/\/universofamilia.com\/pl\/economia-mundial-en-2025-recesion-o-recuperacion\/","og_locale":"pl_PL","og_type":"article","og_title":"Econom\u00eda mundial en 2025: \u00bfrecesi\u00f3n o recuperaci\u00f3n? - Universo Fam\u00edlia","og_description":"Analizaremos el panorama del FMI sobre la econom\u00eda mundial en 2025, los factores que apuntan a recesi\u00f3n o recuperaci\u00f3n y sus implicaciones..","og_url":"https:\/\/universofamilia.com\/pl\/economia-mundial-en-2025-recesion-o-recuperacion\/","og_site_name":"Universo Fam\u00edlia","article_published_time":"2025-10-27T15:35:00+00:00","article_modified_time":"2025-10-27T15:35:18+00:00","og_image":[{"width":450,"height":250,"url":"https:\/\/universofamilia.com\/wp-content\/uploads\/sites\/148\/2025\/10\/Destaque-Novo-Universo-23.jpg","type":"image\/jpeg"}],"author":"Matheus Sangaletti","twitter_card":"summary_large_image","twitter_misc":{"Written by":"Matheus Sangaletti","Est. reading time":"11 minut"},"schema":{"@context":"https:\/\/schema.org","@graph":[{"@type":"WebPage","@id":"https:\/\/universofamilia.com\/el\/economia-mundial-en-2025-recesion-o-recuperacion\/","url":"https:\/\/universofamilia.com\/el\/economia-mundial-en-2025-recesion-o-recuperacion\/","name":"Econom\u00eda mundial en 2025: \u00bfrecesi\u00f3n o recuperaci\u00f3n? - Universo Fam\u00edlia","isPartOf":{"@id":"https:\/\/universofamilia.com\/el\/#website"},"primaryImageOfPage":{"@id":"https:\/\/universofamilia.com\/el\/economia-mundial-en-2025-recesion-o-recuperacion\/#primaryimage"},"image":{"@id":"https:\/\/universofamilia.com\/el\/economia-mundial-en-2025-recesion-o-recuperacion\/#primaryimage"},"thumbnailUrl":"http:\/\/universofamilia.com\/wp-content\/uploads\/sites\/148\/2025\/10\/Destaque-Novo-Universo-23.jpg","datePublished":"2025-10-27T15:35:00+00:00","dateModified":"2025-10-27T15:35:18+00:00","author":{"@id":"https:\/\/universofamilia.com\/el\/#\/schema\/person\/92fcd07e9b1f4323bf74f3170fc0f78a"},"description":"Analizaremos el panorama del FMI sobre la econom\u00eda mundial en 2025, los factores que apuntan a recesi\u00f3n o recuperaci\u00f3n y sus implicaciones..","breadcrumb":{"@id":"https:\/\/universofamilia.com\/el\/economia-mundial-en-2025-recesion-o-recuperacion\/#breadcrumb"},"inLanguage":"pl-PL","potentialAction":[{"@type":"ReadAction","target":["https:\/\/universofamilia.com\/el\/economia-mundial-en-2025-recesion-o-recuperacion\/"]}]},{"@type":"ImageObject","inLanguage":"pl-PL","@id":"https:\/\/universofamilia.com\/el\/economia-mundial-en-2025-recesion-o-recuperacion\/#primaryimage","url":"http:\/\/universofamilia.com\/wp-content\/uploads\/sites\/148\/2025\/10\/Destaque-Novo-Universo-23.jpg","contentUrl":"http:\/\/universofamilia.com\/wp-content\/uploads\/sites\/148\/2025\/10\/Destaque-Novo-Universo-23.jpg","width":450,"height":250},{"@type":"BreadcrumbList","@id":"https:\/\/universofamilia.com\/el\/economia-mundial-en-2025-recesion-o-recuperacion\/#breadcrumb","itemListElement":[{"@type":"ListItem","position":1,"name":"Home","item":"https:\/\/universofamilia.com\/el\/"},{"@type":"ListItem","position":2,"name":"Econom\u00eda mundial en 2025: \u00bfrecesi\u00f3n o recuperaci\u00f3n?"}]},{"@type":"WebSite","@id":"https:\/\/universofamilia.com\/el\/#website","url":"https:\/\/universofamilia.com\/el\/","name":"Universo Fam\u00edlia","description":"","potentialAction":[{"@type":"SearchAction","target":{"@type":"EntryPoint","urlTemplate":"https:\/\/universofamilia.com\/el\/?s={search_term_string}"},"query-input":"required name=search_term_string"}],"inLanguage":"pl-PL"},{"@type":"Person","@id":"https:\/\/universofamilia.com\/el\/#\/schema\/person\/92fcd07e9b1f4323bf74f3170fc0f78a","name":"Matheus Sangaletti","image":{"@type":"ImageObject","inLanguage":"pl-PL","@id":"https:\/\/universofamilia.com\/el\/#\/schema\/person\/image\/","url":"http:\/\/2.gravatar.com\/avatar\/280ea957a14a48e6a1ad2133d2cc27c9?s=96&d=mm&r=g","contentUrl":"http:\/\/2.gravatar.com\/avatar\/280ea957a14a48e6a1ad2133d2cc27c9?s=96&d=mm&r=g","caption":"Matheus Sangaletti"},"url":"http:\/\/universofamilia.com\/pl\/author\/matheuss\/"}]}},"_links":{"self":[{"href":"http:\/\/universofamilia.com\/pl\/wp-json\/wp\/v2\/posts\/10213"}],"collection":[{"href":"http:\/\/universofamilia.com\/pl\/wp-json\/wp\/v2\/posts"}],"about":[{"href":"http:\/\/universofamilia.com\/pl\/wp-json\/wp\/v2\/types\/post"}],"author":[{"embeddable":true,"href":"http:\/\/universofamilia.com\/pl\/wp-json\/wp\/v2\/users\/219"}],"replies":[{"embeddable":true,"href":"http:\/\/universofamilia.com\/pl\/wp-json\/wp\/v2\/comments?post=10213"}],"version-history":[{"count":1,"href":"http:\/\/universofamilia.com\/pl\/wp-json\/wp\/v2\/posts\/10213\/revisions"}],"predecessor-version":[{"id":10217,"href":"http:\/\/universofamilia.com\/pl\/wp-json\/wp\/v2\/posts\/10213\/revisions\/10217"}],"wp:featuredmedia":[{"embeddable":true,"href":"http:\/\/universofamilia.com\/pl\/wp-json\/wp\/v2\/media\/10214"}],"wp:attachment":[{"href":"http:\/\/universofamilia.com\/pl\/wp-json\/wp\/v2\/media?parent=10213"}],"wp:term":[{"taxonomy":"category","embeddable":true,"href":"http:\/\/universofamilia.com\/pl\/wp-json\/wp\/v2\/categories?post=10213"},{"taxonomy":"post_tag","embeddable":true,"href":"http:\/\/universofamilia.com\/pl\/wp-json\/wp\/v2\/tags?post=10213"}],"curies":[{"name":"wp","href":"https:\/\/api.w.org\/{rel}","templated":true}]}}