{"id":10328,"date":"2025-11-13T10:26:37","date_gmt":"2025-11-13T13:26:37","guid":{"rendered":"https:\/\/universofamilia.com\/?p=10328"},"modified":"2025-11-13T10:26:40","modified_gmt":"2025-11-13T13:26:40","slug":"privacidad-en-linea","status":"publish","type":"post","link":"http:\/\/universofamilia.com\/pl\/privacidad-en-linea\/","title":{"rendered":"Jak chroni\u0107 swoje dane osobowe w erze cyfrowej"},"content":{"rendered":"<p class=\"has-text-align-center\">W \u015bwiecie, w kt\u00f3rym niemal wszystko dzieje si\u0119 za po\u015brednictwem ekranu, <strong>Prywatno\u015b\u0107 w sieci: jak chroni\u0107 swoje dane osobowe w erze cyfrowej<\/strong> sta\u0142o si\u0119 kwesti\u0105 centraln\u0105.<\/p>\n\n\n\n<figure class=\"wp-block-gallery aligncenter has-nested-images columns-default is-cropped wp-block-gallery-1 is-layout-flex wp-block-gallery-is-layout-flex\">\n<figure class=\"wp-block-image size-full\"><img loading=\"lazy\" decoding=\"async\" width=\"450\" height=\"250\" data-id=\"10330\" src=\"https:\/\/universofamilia.com\/wp-content\/uploads\/sites\/148\/2025\/11\/Destaque-Novo-Universo-2.jpg\" alt=\"\" class=\"wp-image-10330\" srcset=\"http:\/\/universofamilia.com\/wp-content\/uploads\/sites\/148\/2025\/11\/Destaque-Novo-Universo-2.jpg 450w, http:\/\/universofamilia.com\/wp-content\/uploads\/sites\/148\/2025\/11\/Destaque-Novo-Universo-2-300x167.jpg 300w, http:\/\/universofamilia.com\/wp-content\/uploads\/sites\/148\/2025\/11\/Destaque-Novo-Universo-2-18x10.jpg 18w\" sizes=\"(max-width: 450px) 100vw, 450px\" \/><figcaption class=\"wp-element-caption\">CANVA<\/figcaption><\/figure>\n<\/figure>\n\n\n\n<p class=\"has-text-align-center\">W tym artykule dowiesz si\u0119 o g\u0142\u00f3wnych zagro\u017ceniach dla Twoich danych, najlepszych narz\u0119dziach do ich ochrony, prawdziwych statystykach, dw\u00f3ch przejrzystych przyk\u0142adach i praktycznych poradach z odpowiedziami na najcz\u0119\u015bciej zadawane pytania.<\/p>\n\n\n\n<p class=\"has-text-align-center\"><br>Czy zastanawia\u0142e\u015b si\u0119 kiedy\u015b, ile danych osobowych nie\u015bwiadomie udost\u0119pniasz?<\/p>\n\n\n\n<h2 class=\"wp-block-heading\"><strong>Nowa podatno\u015b\u0107 cyfrowa: dlaczego prywatno\u015b\u0107 nie jest ju\u017c opcjonalna<\/strong><\/h2>\n\n\n\n<p>Dziesi\u0119\u0107 lat temu wi\u0119kszo\u015b\u0107 u\u017cytkownik\u00f3w uwa\u017ca\u0142a prywatno\u015b\u0107 za kwesti\u0119 drugorz\u0119dn\u0105; dzi\u015b, w roku 2025, jest to prawo i pilna potrzeba.<\/p>\n\n\n\n<p>Ka\u017cde klikni\u0119cie, wyszukiwanie lub zakup pozostawia cyfrowy \u015blad, kt\u00f3ry mo\u017cna \u015bledzi\u0107, przechowywa\u0107 i sprzedawa\u0107.<\/p>\n\n\n\n<p>Du\u017ce platformy technologiczne tworz\u0105 szczeg\u00f3\u0142owe profile na podstawie nawyk\u00f3w milion\u00f3w ludzi, aby spersonalizowa\u0107 reklamy lub udoskonali\u0107 algorytmy, jednak praktyka ta otwiera r\u00f3wnie\u017c drog\u0119 nadu\u017cyciom i przeciekom.<\/p>\n\n\n\n<p>Symbolicznym przypadkiem by\u0142a sytuacja mi\u0119dzynarodowej sieci sklep\u00f3w, kt\u00f3rej baza danych w 2024 r. pad\u0142a ofiar\u0105 powa\u017cnego naruszenia bezpiecze\u0144stwa.<\/p>\n\n\n\n<p>Napastnicy uzyskali dost\u0119p do ponad <strong>50 milion\u00f3w rekord\u00f3w klient\u00f3w<\/strong>w tym adresy i preferencje zakupowe.<\/p>\n\n\n\n<p>Firma zwleka\u0142a z powiadomieniem u\u017cytkownik\u00f3w przez kilka tygodni, a tysi\u0105ce z nich pad\u0142o ofiar\u0105 oszustwa.<\/p>\n\n\n\n<p>Ten przyk\u0142ad pokazuje, \u017ce nikt nie jest w pe\u0142ni bezpieczny: prywatno\u015b\u0107 cyfrowa nie jest ju\u017c opcjonalna, jest kwesti\u0105 technologicznego przetrwania.<\/p>\n\n\n\n<h2 class=\"wp-block-heading\"><strong>Najcz\u0119stsze zagro\u017cenia dla Twoich danych osobowych<\/strong><\/h2>\n\n\n\n<p>Wi\u0119kszo\u015b\u0107 zagro\u017ce\u0144 dla prywatno\u015bci nie pochodzi od wyrafinowanych haker\u00f3w, ale z drobnych, codziennych niedopatrze\u0144. Do najcz\u0119stszych zagro\u017ce\u0144 nale\u017c\u0105:<\/p>\n\n\n\n<p><strong>Phishing<\/strong>: fa\u0142szywe e-maile lub wiadomo\u015bci podszywaj\u0105ce si\u0119 pod oficjalne us\u0142ugi.<\/p>\n\n\n\n<p><strong>Aplikacje inwazyjne<\/strong>: darmowe programy, kt\u00f3re \u017c\u0105daj\u0105 nadmiernych uprawnie\u0144.<\/p>\n\n\n\n<p><strong>\u015aledzenie plik\u00f3w cookie<\/strong>Ka\u017cda odwiedzana przez Ciebie witryna zbiera dane przegl\u0105dania.<\/p>\n\n\n\n<p><strong>Publiczna sie\u0107 Wi-Fi<\/strong>:otwarte sieci, w kt\u00f3rych \u0142atwo jest przechwyci\u0107 informacje.<\/p>\n\n\n\n<p><strong>S\u0142abe lub powtarzaj\u0105ce si\u0119 has\u0142a<\/strong>:najcz\u0119stszy punkt wej\u015bcia dla atak\u00f3w.<\/p>\n\n\n\n<p>Zgodnie z <strong>Raport Norton Cyber Safety Insights 2024<\/strong>, On <strong>77% od u\u017cytkownik\u00f3w z Meksyku<\/strong> czy pad\u0142e\u015b ofiar\u0105 jakiejkolwiek pr\u00f3by oszustwa lub naruszenia prywatno\u015bci w Internecie?<\/p>\n\n\n\n<p>Liczba ta odzwierciedla niepokoj\u0105c\u0105 rzeczywisto\u015b\u0107: ochrona danych osobowych nie jest ju\u017c opcj\u0105 zapobiegawcz\u0105, lecz konieczn\u0105 rutyn\u0105.<\/p>\n\n\n\n<figure class=\"wp-block-table\"><table><thead><tr><th><strong>Rodzaj zagro\u017cenia<\/strong><\/th><th><strong>Procent zachorowa\u0144 w Meksyku (2024)<\/strong><\/th><\/tr><\/thead><tbody><tr><td>Phishing i fa\u0142szywe e-maile<\/td><td>42%<\/td><\/tr><tr><td>Kradzie\u017c has\u0142a<\/td><td>27%<\/td><\/tr><tr><td>Wycieki danych<\/td><td>19%<\/td><\/tr><tr><td>Z\u0142o\u015bliwe oprogramowanie w aplikacjach mobilnych<\/td><td>8%<\/td><\/tr><tr><td>\u015aledzenie i sprzeda\u017c danych<\/td><td>4%<\/td><\/tr><\/tbody><\/table><figcaption class=\"wp-element-caption\">Prywatno\u015b\u0107 w sieci: jak chroni\u0107 swoje dane osobowe w erze cyfrowej<\/figcaption><\/figure>\n\n\n\n<p>Dane te pokazuj\u0105, \u017ce zagro\u017cenia s\u0105 nie tylko r\u00f3\u017cnorodne, ale tak\u017ce coraz bardziej wyrafinowane i ukierunkowane.<\/p>\n\n\n\n<p>Ludzie cz\u0119sto zabezpieczaj\u0105 swoje domy za pomoc\u0105 zamk\u00f3w, ale bez zastanowienia pozostawiaj\u0105 otwarte \u201ecyfrowe drzwi\u201d.<\/p>\n\n\n\n<figure class=\"wp-block-gallery aligncenter has-nested-images columns-default is-cropped wp-block-gallery-2 is-layout-flex wp-block-gallery-is-layout-flex\">\n<figure class=\"wp-block-image size-full\"><img loading=\"lazy\" decoding=\"async\" width=\"450\" height=\"250\" data-id=\"10331\" src=\"https:\/\/universofamilia.com\/wp-content\/uploads\/sites\/148\/2025\/11\/Destaque-Novo-Universo-1-1.jpg\" alt=\"\" class=\"wp-image-10331\" srcset=\"http:\/\/universofamilia.com\/wp-content\/uploads\/sites\/148\/2025\/11\/Destaque-Novo-Universo-1-1.jpg 450w, http:\/\/universofamilia.com\/wp-content\/uploads\/sites\/148\/2025\/11\/Destaque-Novo-Universo-1-1-300x167.jpg 300w, http:\/\/universofamilia.com\/wp-content\/uploads\/sites\/148\/2025\/11\/Destaque-Novo-Universo-1-1-18x10.jpg 18w\" sizes=\"(max-width: 450px) 100vw, 450px\" \/><figcaption class=\"wp-element-caption\">CANVA<\/figcaption><\/figure>\n<\/figure>\n\n\n\n<p>Czytaj wi\u0119cej:<a href=\"http:\/\/universofamilia.com\/pl\/inteligencia-artificial-en-el-dia-a-dia\/\">\u00a0Sztuczna inteligencja w \u017cyciu codziennym<\/a><\/p>\n\n\n\n<h2 class=\"wp-block-heading\"><strong>Jak krok po kroku chroni\u0107 swoj\u0105 prywatno\u015b\u0107 w sieci<\/strong><\/h2>\n\n\n\n<p>Dobra wiadomo\u015b\u0107 jest taka, \u017ce istniej\u0105 skuteczne strategie, kt\u00f3re mog\u0105 wzmocni\u0107 Twoj\u0105 prywatno\u015b\u0107.<\/p>\n\n\n\n<p>Nie chodzi o \u017cycie w strachu, ale o \u015bwiadome poruszanie si\u0119. Oto kilka konkretnych krok\u00f3w, kt\u00f3re mo\u017cesz podj\u0105\u0107 ju\u017c dzi\u015b:<\/p>\n\n\n\n<p><strong>U\u017cywaj unikalnych i bezpiecznych hase\u0142<\/strong>Mened\u017cerowie hase\u0142, np. 1Password czy Bitwarden, pomog\u0105 Ci bez trudu zachowa\u0107 kontrol\u0119.<\/p>\n\n\n\n<p><strong>W\u0142\u0105cz weryfikacj\u0119 dwuetapow\u0105 (2FA)<\/strong>Ta dodatkowa warstwa mo\u017ce zatrzyma\u0107 atakuj\u0105cego, nawet je\u015bli zdob\u0119dzie on Tw\u00f3j klucz.<\/p>\n\n\n\n<p><strong>U\u017cyj niezawodnej sieci VPN<\/strong> \u0141\u0105cz\u0105c si\u0119 z sieciami publicznymi, szyfruj po\u0142\u0105czenie i zapobiegaj \u015bledzeniu.<\/p>\n\n\n\n<p><strong>Sprawd\u017a uprawnienia swojej aplikacji<\/strong>Wiele os\u00f3b prosi o dost\u0119p do kontakt\u00f3w lub lokalizacji bez rzeczywistej potrzeby.<\/p>\n\n\n\n<p><strong>Zaktualizuj swoje urz\u0105dzenia<\/strong>Aktualizacje usuwaj\u0105 krytyczne luki w zabezpieczeniach.<\/p>\n\n\n\n<p><strong>Zaszyfruj swoje poufne pliki<\/strong> i unikaj ich przechowywania w us\u0142ugach bez silnego uwierzytelniania.<\/p>\n\n\n\n<p>Inspiruj\u0105cym przyk\u0142adem jest ma\u0142a firma projektowa z Guadalajary, kt\u00f3ra po ataku hakerskim wdro\u017cy\u0142a zasady higieny cybernetycznej:<\/p>\n\n\n\n<p>Silne has\u0142a, szyfrowane kopie zapasowe i ograniczona liczba sesji. W ci\u0105gu sze\u015bciu miesi\u0119cy liczba incydent\u00f3w spad\u0142a do zera.<\/p>\n\n\n\n<p>Ochrona prywatno\u015bci jest bardzo podobna do dbania o fizyczne bezpiecze\u0144stwo domu: mo\u017cesz mie\u0107 stalowe drzwi, ale je\u015bli zostawisz otwarte okna, ryzyko nadal b\u0119dzie istnia\u0142o.<\/p>\n\n\n\n<p>Ten <strong>Prywatno\u015b\u0107 w sieci: jak chroni\u0107 swoje dane osobowe w erze cyfrowej<\/strong> Wymaga ci\u0105g\u0142ej uwagi i m\u0105drych nawyk\u00f3w.<\/p>\n\n\n\n<h2 class=\"wp-block-heading\"><strong>Wsp\u00f3lna odpowiedzialno\u015b\u0107: u\u017cytkownicy, przedsi\u0119biorstwa i rz\u0105dy<\/strong><\/h2>\n\n\n\n<p>Ochrona danych nie jest wy\u0142\u0105czn\u0105 odpowiedzialno\u015bci\u0105 u\u017cytkownik\u00f3w. Firmy przetwarzaj\u0105ce dane osobowe musz\u0105 przestrzega\u0107 rygorystycznych standard\u00f3w bezpiecze\u0144stwa i przejrzysto\u015bci.<\/p>\n\n\n\n<p>W Meksyku <strong>Federalna ustawa o ochronie danych osobowych przechowywanych przez podmioty prywatne (LFPDPPP)<\/strong> Wymaga raportowania sposobu gromadzenia i wykorzystywania danych oraz zagwarantowania ich ochrony.<\/p>\n\n\n\n<p>Ponadto w\u0142adze Meksyku zintensyfikowa\u0142y kontrole i nak\u0142ada\u0142y sankcje za wycieki, post\u0119puj\u0105c zgodnie z og\u00f3lnym rozporz\u0105dzeniem UE o ochronie danych (RODO).<\/p>\n\n\n\n<p>Jednak\u017ce przepisy b\u0119d\u0105 skuteczne tylko wtedy, gdy firmy i obywatele b\u0119d\u0105 post\u0119powa\u0107 odpowiedzialnie.<\/p>\n\n\n\n<p>Jako u\u017cytkownicy mo\u017cemy domaga\u0107 si\u0119 wi\u0119kszej przejrzysto\u015bci w zakresie polityki prywatno\u015bci, przeczyta\u0107 regulamin przed zaakceptowaniem warunk\u00f3w i wspiera\u0107 inicjatywy promuj\u0105ce edukacj\u0119 cyfrow\u0105.<\/p>\n\n\n\n<p>Prywatno\u015bci nie da si\u0119 broni\u0107 w milczeniu: potrzebna jest zbiorowa \u015bwiadomo\u015b\u0107 i kultura ochrony.<\/p>\n\n\n\n<h2 class=\"wp-block-heading\"><strong>Przysz\u0142o\u015b\u0107 prywatno\u015bci: sztuczna inteligencja i nowe wyzwania<\/strong><\/h2>\n\n\n\n<p>Pojawienie si\u0119 generatywnej sztucznej inteligencji i algorytm\u00f3w predykcyjnych zmieni\u0142o debat\u0119 na temat prywatno\u015bci.<\/p>\n\n\n\n<p>Obecnie systemy potrafi\u0105 odtworzy\u0107 to\u017csamo\u015b\u0107 danej osoby na podstawie niewielkiej ilo\u015bci danych, nawet bez jej wyra\u017anej zgody.<\/p>\n\n\n\n<p>The <strong>deepfake&#039;i<\/strong>\u015alady biometryczne i historia g\u0142osu rodz\u0105 niespotykane dot\u0105d dylematy etyczne.<\/p>\n\n\n\n<p>Z drugiej strony rz\u0105dy i przedsi\u0119biorstwa staraj\u0105 si\u0119 znale\u017a\u0107 r\u00f3wnowag\u0119 mi\u0119dzy innowacyjno\u015bci\u0105 a bezpiecze\u0144stwem.<\/p>\n\n\n\n<p>W roku 2025 w kilku krajach Ameryki \u0141aci\u0144skiej, w tym w Meksyku, trwaj\u0105 dyskusje na temat przepis\u00f3w dotycz\u0105cych odpowiedzialnego korzystania ze sztucznej inteligencji i ogranicze\u0144 w przetwarzaniu danych wra\u017cliwych.<\/p>\n\n\n\n<p>Prywatno\u015b\u0107 przysz\u0142o\u015bci b\u0119dzie zale\u017ce\u0107 w r\u00f3wnym stopniu od technologii, co od edukacji cyfrowej: b\u0119dziesz wiedzie\u0107, czym si\u0119 dzielisz, z kim i w jakim celu.<\/p>\n\n\n\n<p>\u015awiadomy u\u017cytkownik staje si\u0119 swoj\u0105 najlepsz\u0105 zapor\u0105 sieciow\u0105. Zrozumienie dzia\u0142ania sieci, jej algorytm\u00f3w i zasad u\u017cytkowania jest r\u00f3wnie wa\u017cne, jak posiadanie oprogramowania antywirusowego czy VPN.<\/p>\n\n\n\n<p>Ten <strong>Prywatno\u015b\u0107 w sieci: jak chroni\u0107 swoje dane osobowe w erze cyfrowej<\/strong> Nie rozwi\u0105zuje si\u0119 tego poprzez aplikacj\u0119, ale poprzez \u015bwiadome podej\u015bcie.<\/p>\n\n\n\n<h2 class=\"wp-block-heading\"><strong>Wniosek<\/strong><\/h2>\n\n\n\n<p>Prywatno\u015b\u0107 nie jest ju\u017c luksusem, lecz wsp\u00f3\u0142czesn\u0105 form\u0105 wolno\u015bci.<\/p>\n\n\n\n<p>W \u015brodowisku, w kt\u00f3rym dane stanowi\u0105 najcenniejsz\u0105 walut\u0119, ich ochrona oznacza dbanie o swoj\u0105 to\u017csamo\u015b\u0107, reputacj\u0119 i spok\u00f3j ducha.<\/p>\n\n\n\n<p><br>Wdra\u017canie dobrych praktyk cyfrowych, wymaganie przejrzysto\u015bci od platform i pozostawanie na bie\u017c\u0105co to filary \u017cycia w \u0142\u0105czno\u015bci, a jednocze\u015bnie bezpiecznego.<\/p>\n\n\n\n<p>Ochrona prywatno\u015bci jest w istocie ochron\u0105 samego siebie.<\/p>\n\n\n\n<p>Czytaj wi\u0119cej: <a href=\"http:\/\/universofamilia.com\/pl\/guia-practica-para-un-hogar-inteligente-y-conectado\/\">Praktyczny przewodnik po inteligentnym i po\u0142\u0105czonym domu<\/a><\/p>\n\n\n\n<h2 class=\"wp-block-heading\"><strong>Cz\u0119sto zadawane pytania dotycz\u0105ce prywatno\u015bci w Internecie<\/strong><\/h2>\n\n\n\n<p><strong>1. Czy naprawd\u0119 musz\u0119 u\u017cywa\u0107 VPN-u, je\u015bli tylko przegl\u0105dam media spo\u0142eczno\u015bciowe?<\/strong><\/p>\n\n\n\n<p><br>Tak. Sie\u0107 VPN chroni Tw\u00f3j adres IP i uniemo\u017cliwia osobom trzecim \u015bledzenie Twojej aktywno\u015bci, nawet je\u015bli korzystasz wy\u0142\u0105cznie z popularnych platform.<\/p>\n\n\n\n<p><strong>2. Jak bezpieczne s\u0105 has\u0142a zapisywane przez przegl\u0105dark\u0119?<\/strong><\/p>\n\n\n\n<p><br>S\u0105 praktyczne, ale nie najbezpieczniejsze. Przegl\u0105darki mog\u0105 by\u0107 podatne na ataki; specjalistyczne mened\u017cery hase\u0142 oferuj\u0105 lepsze szyfrowanie i kontrol\u0119.<\/p>\n\n\n\n<p><strong>3. Co mam zrobi\u0107, je\u015bli podejrzewam, \u017ce moje dane wyciek\u0142y?<\/strong><\/p>\n\n\n\n<p><br>Natychmiast zmie\u0144 swoje has\u0142a, aktywuj uwierzytelnianie dwusk\u0142adnikowe i sprawd\u017a, czy Twoje wiadomo\u015bci e-mail widniej\u0105 w zagro\u017conych bazach danych jako \u201eCzy zosta\u0142em zhakowany?\u201d.<\/p>\n\n\n\n<p>Nast\u0119pnie powiadom swoje kontakty, aby zapobiec oszustwu.<\/p>\n\n\n\n<h3 class=\"wp-block-heading\"><strong>Ostateczna refleksja<\/strong><\/h3>\n\n\n\n<p>Twoja prywatno\u015b\u0107 cyfrowa jest jak Tw\u00f3j cie\u0144: zawsze jest z Tob\u0105, nawet je\u015bli czasami o niej zapominasz.<\/p>\n\n\n\n<p><br>Od Ciebie zale\u017cy, czy je ochronisz i czy b\u0119d\u0105 widoczne tylko dla tych, kt\u00f3rzy naprawd\u0119 musz\u0105 je zobaczy\u0107.<\/p>","protected":false},"excerpt":{"rendered":"<p>W \u015bwiecie, w kt\u00f3rym niemal wszystko dzieje si\u0119 za po\u015brednictwem ekranu, prywatno\u015b\u0107 w sieci \u2013 czyli jak chroni\u0107 swoje dane osobowe w erze cyfrowej \u2013 sta\u0142a si\u0119 kwesti\u0105 priorytetow\u0105. W tym artykule dowiesz si\u0119 o g\u0142\u00f3wnych zagro\u017ceniach dla Twoich informacji, najlepszych narz\u0119dziach do ich ochrony, prawdziwych statystykach, dw\u00f3ch jasnych przyk\u0142adach i wskaz\u00f3wkach [\u2026]<\/p>","protected":false},"author":219,"featured_media":10329,"comment_status":"closed","ping_status":"open","sticky":false,"template":"","format":"standard","meta":{"footnotes":""},"categories":[3],"tags":[],"yoast_head":"<!-- This site is optimized with the Yoast SEO plugin v23.3 - https:\/\/yoast.com\/wordpress\/plugins\/seo\/ -->\n<title>C\u00f3mo proteger tus datos personales en la era digital - Universo Fam\u00edlia<\/title>\n<meta name=\"description\" content=\"En un mundo donde casi todo ocurre a trav\u00e9s de una pantalla, la privacidad en l\u00ednea: c\u00f3mo proteger tus datos personales en la era digital...\" \/>\n<meta name=\"robots\" content=\"index, follow, max-snippet:-1, max-image-preview:large, max-video-preview:-1\" \/>\n<link rel=\"canonical\" href=\"http:\/\/universofamilia.com\/pl\/privacidad-en-linea\/\" \/>\n<meta property=\"og:locale\" content=\"pl_PL\" \/>\n<meta property=\"og:type\" content=\"article\" \/>\n<meta property=\"og:title\" content=\"C\u00f3mo proteger tus datos personales en la era digital - Universo Fam\u00edlia\" \/>\n<meta property=\"og:description\" content=\"En un mundo donde casi todo ocurre a trav\u00e9s de una pantalla, la privacidad en l\u00ednea: c\u00f3mo proteger tus datos personales en la era digital...\" \/>\n<meta property=\"og:url\" content=\"http:\/\/universofamilia.com\/pl\/privacidad-en-linea\/\" \/>\n<meta property=\"og:site_name\" content=\"Universo Fam\u00edlia\" \/>\n<meta property=\"article:published_time\" content=\"2025-11-13T13:26:37+00:00\" \/>\n<meta property=\"article:modified_time\" content=\"2025-11-13T13:26:40+00:00\" \/>\n<meta property=\"og:image\" content=\"http:\/\/universofamilia.com\/wp-content\/uploads\/sites\/148\/2025\/11\/Destaque-Novo-Universo-1.jpg\" \/>\n\t<meta property=\"og:image:width\" content=\"450\" \/>\n\t<meta property=\"og:image:height\" content=\"250\" \/>\n\t<meta property=\"og:image:type\" content=\"image\/jpeg\" \/>\n<meta name=\"author\" content=\"Matheus Sangaletti\" \/>\n<meta name=\"twitter:card\" content=\"summary_large_image\" \/>\n<meta name=\"twitter:label1\" content=\"Written by\" \/>\n\t<meta name=\"twitter:data1\" content=\"Matheus Sangaletti\" \/>\n\t<meta name=\"twitter:label2\" content=\"Est. reading time\" \/>\n\t<meta name=\"twitter:data2\" content=\"8 minut\" \/>\n<script type=\"application\/ld+json\" class=\"yoast-schema-graph\">{\"@context\":\"https:\/\/schema.org\",\"@graph\":[{\"@type\":\"WebPage\",\"@id\":\"http:\/\/universofamilia.com\/ar\/privacidad-en-linea\/\",\"url\":\"http:\/\/universofamilia.com\/ar\/privacidad-en-linea\/\",\"name\":\"C\u00f3mo proteger tus datos personales en la era digital - Universo Fam\u00edlia\",\"isPartOf\":{\"@id\":\"https:\/\/universofamilia.com\/el\/#website\"},\"primaryImageOfPage\":{\"@id\":\"http:\/\/universofamilia.com\/ar\/privacidad-en-linea\/#primaryimage\"},\"image\":{\"@id\":\"http:\/\/universofamilia.com\/ar\/privacidad-en-linea\/#primaryimage\"},\"thumbnailUrl\":\"http:\/\/universofamilia.com\/wp-content\/uploads\/sites\/148\/2025\/11\/Destaque-Novo-Universo-1.jpg\",\"datePublished\":\"2025-11-13T13:26:37+00:00\",\"dateModified\":\"2025-11-13T13:26:40+00:00\",\"author\":{\"@id\":\"https:\/\/universofamilia.com\/el\/#\/schema\/person\/92fcd07e9b1f4323bf74f3170fc0f78a\"},\"description\":\"En un mundo donde casi todo ocurre a trav\u00e9s de una pantalla, la privacidad en l\u00ednea: c\u00f3mo proteger tus datos personales en la era digital...\",\"breadcrumb\":{\"@id\":\"http:\/\/universofamilia.com\/ar\/privacidad-en-linea\/#breadcrumb\"},\"inLanguage\":\"pl-PL\",\"potentialAction\":[{\"@type\":\"ReadAction\",\"target\":[\"http:\/\/universofamilia.com\/ar\/privacidad-en-linea\/\"]}]},{\"@type\":\"ImageObject\",\"inLanguage\":\"pl-PL\",\"@id\":\"http:\/\/universofamilia.com\/ar\/privacidad-en-linea\/#primaryimage\",\"url\":\"http:\/\/universofamilia.com\/wp-content\/uploads\/sites\/148\/2025\/11\/Destaque-Novo-Universo-1.jpg\",\"contentUrl\":\"http:\/\/universofamilia.com\/wp-content\/uploads\/sites\/148\/2025\/11\/Destaque-Novo-Universo-1.jpg\",\"width\":450,\"height\":250},{\"@type\":\"BreadcrumbList\",\"@id\":\"http:\/\/universofamilia.com\/ar\/privacidad-en-linea\/#breadcrumb\",\"itemListElement\":[{\"@type\":\"ListItem\",\"position\":1,\"name\":\"Home\",\"item\":\"https:\/\/universofamilia.com\/el\/\"},{\"@type\":\"ListItem\",\"position\":2,\"name\":\"C\u00f3mo proteger tus datos personales en la era digital\"}]},{\"@type\":\"WebSite\",\"@id\":\"https:\/\/universofamilia.com\/el\/#website\",\"url\":\"https:\/\/universofamilia.com\/el\/\",\"name\":\"Universo Fam\u00edlia\",\"description\":\"\",\"potentialAction\":[{\"@type\":\"SearchAction\",\"target\":{\"@type\":\"EntryPoint\",\"urlTemplate\":\"https:\/\/universofamilia.com\/el\/?s={search_term_string}\"},\"query-input\":\"required name=search_term_string\"}],\"inLanguage\":\"pl-PL\"},{\"@type\":\"Person\",\"@id\":\"https:\/\/universofamilia.com\/el\/#\/schema\/person\/92fcd07e9b1f4323bf74f3170fc0f78a\",\"name\":\"Matheus Sangaletti\",\"image\":{\"@type\":\"ImageObject\",\"inLanguage\":\"pl-PL\",\"@id\":\"https:\/\/universofamilia.com\/el\/#\/schema\/person\/image\/\",\"url\":\"http:\/\/2.gravatar.com\/avatar\/280ea957a14a48e6a1ad2133d2cc27c9?s=96&d=mm&r=g\",\"contentUrl\":\"http:\/\/2.gravatar.com\/avatar\/280ea957a14a48e6a1ad2133d2cc27c9?s=96&d=mm&r=g\",\"caption\":\"Matheus Sangaletti\"},\"url\":\"http:\/\/universofamilia.com\/pl\/author\/matheuss\/\"}]}<\/script>\n<!-- \/ Yoast SEO plugin. -->","yoast_head_json":{"title":"C\u00f3mo proteger tus datos personales en la era digital - Universo Fam\u00edlia","description":"En un mundo donde casi todo ocurre a trav\u00e9s de una pantalla, la privacidad en l\u00ednea: c\u00f3mo proteger tus datos personales en la era digital...","robots":{"index":"index","follow":"follow","max-snippet":"max-snippet:-1","max-image-preview":"max-image-preview:large","max-video-preview":"max-video-preview:-1"},"canonical":"http:\/\/universofamilia.com\/pl\/privacidad-en-linea\/","og_locale":"pl_PL","og_type":"article","og_title":"C\u00f3mo proteger tus datos personales en la era digital - Universo Fam\u00edlia","og_description":"En un mundo donde casi todo ocurre a trav\u00e9s de una pantalla, la privacidad en l\u00ednea: c\u00f3mo proteger tus datos personales en la era digital...","og_url":"http:\/\/universofamilia.com\/pl\/privacidad-en-linea\/","og_site_name":"Universo Fam\u00edlia","article_published_time":"2025-11-13T13:26:37+00:00","article_modified_time":"2025-11-13T13:26:40+00:00","og_image":[{"width":450,"height":250,"url":"http:\/\/universofamilia.com\/wp-content\/uploads\/sites\/148\/2025\/11\/Destaque-Novo-Universo-1.jpg","type":"image\/jpeg"}],"author":"Matheus Sangaletti","twitter_card":"summary_large_image","twitter_misc":{"Written by":"Matheus Sangaletti","Est. reading time":"8 minut"},"schema":{"@context":"https:\/\/schema.org","@graph":[{"@type":"WebPage","@id":"http:\/\/universofamilia.com\/ar\/privacidad-en-linea\/","url":"http:\/\/universofamilia.com\/ar\/privacidad-en-linea\/","name":"C\u00f3mo proteger tus datos personales en la era digital - Universo Fam\u00edlia","isPartOf":{"@id":"https:\/\/universofamilia.com\/el\/#website"},"primaryImageOfPage":{"@id":"http:\/\/universofamilia.com\/ar\/privacidad-en-linea\/#primaryimage"},"image":{"@id":"http:\/\/universofamilia.com\/ar\/privacidad-en-linea\/#primaryimage"},"thumbnailUrl":"http:\/\/universofamilia.com\/wp-content\/uploads\/sites\/148\/2025\/11\/Destaque-Novo-Universo-1.jpg","datePublished":"2025-11-13T13:26:37+00:00","dateModified":"2025-11-13T13:26:40+00:00","author":{"@id":"https:\/\/universofamilia.com\/el\/#\/schema\/person\/92fcd07e9b1f4323bf74f3170fc0f78a"},"description":"En un mundo donde casi todo ocurre a trav\u00e9s de una pantalla, la privacidad en l\u00ednea: c\u00f3mo proteger tus datos personales en la era digital...","breadcrumb":{"@id":"http:\/\/universofamilia.com\/ar\/privacidad-en-linea\/#breadcrumb"},"inLanguage":"pl-PL","potentialAction":[{"@type":"ReadAction","target":["http:\/\/universofamilia.com\/ar\/privacidad-en-linea\/"]}]},{"@type":"ImageObject","inLanguage":"pl-PL","@id":"http:\/\/universofamilia.com\/ar\/privacidad-en-linea\/#primaryimage","url":"http:\/\/universofamilia.com\/wp-content\/uploads\/sites\/148\/2025\/11\/Destaque-Novo-Universo-1.jpg","contentUrl":"http:\/\/universofamilia.com\/wp-content\/uploads\/sites\/148\/2025\/11\/Destaque-Novo-Universo-1.jpg","width":450,"height":250},{"@type":"BreadcrumbList","@id":"http:\/\/universofamilia.com\/ar\/privacidad-en-linea\/#breadcrumb","itemListElement":[{"@type":"ListItem","position":1,"name":"Home","item":"https:\/\/universofamilia.com\/el\/"},{"@type":"ListItem","position":2,"name":"C\u00f3mo proteger tus datos personales en la era digital"}]},{"@type":"WebSite","@id":"https:\/\/universofamilia.com\/el\/#website","url":"https:\/\/universofamilia.com\/el\/","name":"Universo Fam\u00edlia","description":"","potentialAction":[{"@type":"SearchAction","target":{"@type":"EntryPoint","urlTemplate":"https:\/\/universofamilia.com\/el\/?s={search_term_string}"},"query-input":"required name=search_term_string"}],"inLanguage":"pl-PL"},{"@type":"Person","@id":"https:\/\/universofamilia.com\/el\/#\/schema\/person\/92fcd07e9b1f4323bf74f3170fc0f78a","name":"Matheus Sangaletti","image":{"@type":"ImageObject","inLanguage":"pl-PL","@id":"https:\/\/universofamilia.com\/el\/#\/schema\/person\/image\/","url":"http:\/\/2.gravatar.com\/avatar\/280ea957a14a48e6a1ad2133d2cc27c9?s=96&d=mm&r=g","contentUrl":"http:\/\/2.gravatar.com\/avatar\/280ea957a14a48e6a1ad2133d2cc27c9?s=96&d=mm&r=g","caption":"Matheus Sangaletti"},"url":"http:\/\/universofamilia.com\/pl\/author\/matheuss\/"}]}},"_links":{"self":[{"href":"http:\/\/universofamilia.com\/pl\/wp-json\/wp\/v2\/posts\/10328"}],"collection":[{"href":"http:\/\/universofamilia.com\/pl\/wp-json\/wp\/v2\/posts"}],"about":[{"href":"http:\/\/universofamilia.com\/pl\/wp-json\/wp\/v2\/types\/post"}],"author":[{"embeddable":true,"href":"http:\/\/universofamilia.com\/pl\/wp-json\/wp\/v2\/users\/219"}],"replies":[{"embeddable":true,"href":"http:\/\/universofamilia.com\/pl\/wp-json\/wp\/v2\/comments?post=10328"}],"version-history":[{"count":1,"href":"http:\/\/universofamilia.com\/pl\/wp-json\/wp\/v2\/posts\/10328\/revisions"}],"predecessor-version":[{"id":10332,"href":"http:\/\/universofamilia.com\/pl\/wp-json\/wp\/v2\/posts\/10328\/revisions\/10332"}],"wp:featuredmedia":[{"embeddable":true,"href":"http:\/\/universofamilia.com\/pl\/wp-json\/wp\/v2\/media\/10329"}],"wp:attachment":[{"href":"http:\/\/universofamilia.com\/pl\/wp-json\/wp\/v2\/media?parent=10328"}],"wp:term":[{"taxonomy":"category","embeddable":true,"href":"http:\/\/universofamilia.com\/pl\/wp-json\/wp\/v2\/categories?post=10328"},{"taxonomy":"post_tag","embeddable":true,"href":"http:\/\/universofamilia.com\/pl\/wp-json\/wp\/v2\/tags?post=10328"}],"curies":[{"name":"wp","href":"https:\/\/api.w.org\/{rel}","templated":true}]}}