{"id":10357,"date":"2025-11-20T19:32:48","date_gmt":"2025-11-20T22:32:48","guid":{"rendered":"https:\/\/universofamilia.com\/?p=10357"},"modified":"2025-11-20T19:32:51","modified_gmt":"2025-11-20T22:32:51","slug":"energias-renovables-en-el-mundo-avances-y-desafios-para-2030","status":"publish","type":"post","link":"http:\/\/universofamilia.com\/pl\/energias-renovables-en-el-mundo-avances-y-desafios-para-2030\/","title":{"rendered":"Odnawialne \u017ar\u00f3d\u0142a energii na \u015bwiecie: post\u0119p i wyzwania na rok 2030"},"content":{"rendered":"<p class=\"has-text-align-center\">Rozpocznij szczer\u0105 rozmow\u0119 na temat <strong>Odnawialne \u017ar\u00f3d\u0142a energii na \u015bwiecie: post\u0119p i wyzwania na rok 2030<\/strong> Oznacza to za\u0142o\u017cenie, \u017ce nie s\u0105 one ju\u017c futurystyczn\u0105 ide\u0105, lecz globalnym priorytetem.<\/p>\n\n\n\n<figure class=\"wp-block-gallery aligncenter has-nested-images columns-default is-cropped wp-block-gallery-1 is-layout-flex wp-block-gallery-is-layout-flex\">\n<figure class=\"wp-block-image size-full\"><img loading=\"lazy\" decoding=\"async\" width=\"450\" height=\"250\" data-id=\"10359\" src=\"https:\/\/universofamilia.com\/wp-content\/uploads\/sites\/148\/2025\/11\/Destaque-Novo-Universo-6.jpg\" alt=\"\" class=\"wp-image-10359\" srcset=\"http:\/\/universofamilia.com\/wp-content\/uploads\/sites\/148\/2025\/11\/Destaque-Novo-Universo-6.jpg 450w, http:\/\/universofamilia.com\/wp-content\/uploads\/sites\/148\/2025\/11\/Destaque-Novo-Universo-6-300x167.jpg 300w, http:\/\/universofamilia.com\/wp-content\/uploads\/sites\/148\/2025\/11\/Destaque-Novo-Universo-6-18x10.jpg 18w\" sizes=\"(max-width: 450px) 100vw, 450px\" \/><figcaption class=\"wp-element-caption\">Canva<\/figcaption><\/figure>\n<\/figure>\n\n\n\n<p class=\"has-text-align-center\">Zanim przejdziemy dalej, warto przejrze\u0107 kr\u00f3tkie podsumowanie.<\/p>\n\n\n\n<p class=\"has-text-align-center\">Na czym polega ta transformacja, jej najwa\u017cniejsze osi\u0105gni\u0119cia, przeszkody, kt\u00f3re nadal wyst\u0119puj\u0105, istotne statystyki, dwa aktualne przyk\u0142ady, wyra\u017ana analogia i tabela podsumowuj\u0105ca perspektywy na rok 2030.<\/p>\n\n\n\n<p class=\"has-text-align-center\">Jak mo\u017cna podj\u0105\u0107 m\u0105dr\u0105 decyzj\u0119, nie rozumiej\u0105c punktu wyj\u015bcia?<\/p>\n\n\n\n<h2 class=\"wp-block-heading\"><strong>Transformacja energetyczna, kt\u00f3ra na nowo definiuje priorytety<\/strong><\/h2>\n\n\n\n<p>Dyskusja na temat globalnego boomu na energi\u0119 odnawialn\u0105 ujawnia jeden oczywisty fakt: rz\u0105dy, firmy i osoby prywatne przyspieszaj\u0105 przechodzenie na czystsze technologie.<\/p>\n\n\n\n<p>Logika stoj\u0105ca za tym ruchem nie jest wy\u0142\u0105cznie ekologiczna; odpowiada ona r\u00f3wnie\u017c przyczynom ekonomicznym, spo\u0142ecznym i geopolitycznym.<\/p>\n\n\n\n<p>Ka\u017cdy kraj rozwija si\u0119 we w\u0142asnym tempie, jednak og\u00f3lny trend wskazuje na potrzeb\u0119 bardziej elastycznych i mniej zanieczyszczaj\u0105cych system\u00f3w energetycznych, kt\u00f3re b\u0119d\u0105 w stanie sprosta\u0107 rosn\u0105cemu zapotrzebowaniu.<\/p>\n\n\n\n<p>Najnowszy raport Mi\u0119dzynarodowej Agencji Energetycznej (IEA) potwierdzi\u0142, \u017ce \u015bwiatowa moc elektrowni s\u0142onecznych i wiatrowych przekroczy barier\u0119 90% wzrostu netto zainstalowanej mocy elektrycznej w roku 2023, co stanowi punkt zwrotny, kt\u00f3ry wyznacza kurs do roku 2030.<\/p>\n\n\n\n<p>Dane te pokazuj\u0105, \u017ce transformacja, kt\u00f3ra ju\u017c trwa i kt\u00f3ra ma wp\u0142yw na inwestycje, zatrudnienie i struktury produkcyjne.<\/p>\n\n\n\n<h2 class=\"wp-block-heading\"><strong>Sektor energii odnawialnej jako si\u0142a nap\u0119dowa globalnej gospodarki<\/strong><\/h2>\n\n\n\n<p>Rozw\u00f3j czystej energii zale\u017cy nie tylko od przekona\u0144 ekologicznych. Jest on r\u00f3wnie\u017c odpowiedzi\u0105 na coraz bardziej konkurencyjne koszty.<\/p>\n\n\n\n<p>Przyk\u0142adowo energia s\u0142oneczna, fotowoltaiczna, sta\u0142a si\u0119 najta\u0144sz\u0105 opcj\u0105 wytwarzania energii elektrycznej w ponad 60 krajach, w tym w kilku krajach Ameryki \u0141aci\u0144skiej.<\/p>\n\n\n\n<p>Ta zmiana gospodarcza otworzy\u0142a drzwi nowym modelom biznesowym, przyci\u0105gn\u0119\u0142a inwestor\u00f3w i wygenerowa\u0142a \u0142a\u0144cuchy warto\u015bci, kt\u00f3re nie istnia\u0142y jeszcze dekad\u0119 temu.<\/p>\n\n\n\n<p>W mi\u0119dzyczasie energia wiatrowa ugruntowa\u0142a swoj\u0105 pozycj\u0119 jako podstawa w regionach o du\u017cej dost\u0119pno\u015bci zasob\u00f3w naturalnych \u2013 od p\u00f3\u0142nocnego Meksyku po atlantyckie wybrze\u017ce Brazylii i po\u0142udniow\u0105 Hiszpani\u0119.<\/p>\n\n\n\n<p>Scenariusz ten pokazuje, \u017ce zielony wzrost nie jest zarezerwowany wy\u0142\u0105cznie dla gospodarek rozwini\u0119tych; sta\u0142 si\u0119 on r\u00f3wnie\u017c szans\u0105 dla rynk\u00f3w wschodz\u0105cych, d\u0105\u017c\u0105cych do wi\u0119kszej niezale\u017cno\u015bci energetycznej.<\/p>\n\n\n\n<h2 class=\"wp-block-heading\"><strong>Przyjrzyjmy si\u0119 technologiom wiod\u0105cym transformacji<\/strong><\/h2>\n\n\n\n<p>W miastach, w kt\u00f3rych rosn\u0105 ceny pr\u0105du, liczba domowych i komercyjnych instalacji solarnych znacznie wzros\u0142a.<\/p>\n\n\n\n<p>Tymczasem baterie litowe, kluczowe w procesie magazynowania energii, odnotowa\u0142y spadek cen o ponad 80% w ci\u0105gu ostatnich dziesi\u0119ciu lat, co pozwoli\u0142o domom i firmom na wdro\u017cenie bardziej niezawodnych rozwi\u0105za\u0144 hybrydowych.<\/p>\n\n\n\n<p>Energetyka wiatrowa na morzu r\u00f3wnie\u017c rozwija si\u0119 dynamicznie, zw\u0142aszcza w Europie i Azji.<\/p>\n\n\n\n<p>Cho\u0107 jego wdro\u017cenie wymaga wi\u0119kszych inwestycji, zapewnia sta\u0142\u0105 i wydajn\u0105 produkcj\u0119, co u\u0142atwia zast\u0119powanie elektrowni opalanych paliwami kopalnymi bez konieczno\u015bci uzale\u017cniania si\u0119 od nieprzewidywalnych warunk\u00f3w pogodowych.<\/p>\n\n\n\n<h2 class=\"wp-block-heading\"><strong>Analogia do wizualizacji zmian<\/strong><\/h2>\n\n\n\n<p>Wyobra\u017amy sobie ewolucj\u0119 systemu transportowego: przez dziesi\u0119ciolecia na \u015bwiecie u\u017cywano tylko jednego rodzaju paliwa.<\/p>\n\n\n\n<p>Dzisiaj jednak zmierzamy w kierunku zr\u00f3\u017cnicowanej sieci, w kt\u00f3rej ka\u017cda technologia niesie ze sob\u0105 inne korzy\u015bci.<\/p>\n\n\n\n<p>Niekt\u00f3re trasy s\u0105 szybsze, inne bardziej stabilne, a r\u00f3\u017cne kombinacje pozwalaj\u0105 dotrze\u0107 dalej, zu\u017cywaj\u0105c mniej zasob\u00f3w.<\/p>\n\n\n\n<p>Transformacja energetyczna dzia\u0142a w podobny spos\u00f3b: wiele \u017ar\u00f3de\u0142 wsp\u00f3\u0142pracuje ze sob\u0105, aby zbudowa\u0107 bardziej niezawodny system.<\/p>\n\n\n\n<h2 class=\"wp-block-heading\"><strong>Prawdziwe wyzwania utrudniaj\u0105ce post\u0119p w kierunku roku 2030<\/strong><\/h2>\n\n\n\n<p>Cho\u0107 post\u0119p jest niezaprzeczalny, nadal istniej\u0105 bariery ograniczaj\u0105ce rozw\u00f3j odnawialnych \u017ar\u00f3de\u0142 energii.<\/p>\n\n\n\n<p>G\u0142\u00f3wny problem le\u017cy w infrastrukturze elektrycznej. Wiele kraj\u00f3w korzysta z przestarza\u0142ych sieci, kt\u00f3re nie s\u0105 w stanie na masow\u0105 skal\u0119 integrowa\u0107 niestabilnych \u017ar\u00f3de\u0142 energii, takich jak energia wiatrowa czy s\u0142oneczna.<\/p>\n\n\n\n<p>Modernizacja tych system\u00f3w wymaga inwestycji, wizji i koordynacji instytucjonalnej.<\/p>\n\n\n\n<p>Kolejne ograniczenie dotyczy dost\u0119pu do kluczowych minera\u0142\u00f3w.<\/p>\n\n\n\n<p>Popyt na lit, nikiel i mied\u017a znacznie wzro\u015bnie, aby sprosta\u0107 rozwojowi baterii i zielonych technologii.<\/p>\n\n\n\n<p>Zarz\u0105dzanie tym wydobyciem w spos\u00f3b odpowiedzialny spo\u0142ecznie i ekologicznie sta\u0142o si\u0119 wyzwaniem o zasi\u0119gu globalnym.<\/p>\n\n\n\n<p>Dochodzi do tego konieczno\u015b\u0107 profesjonalizacji si\u0142y roboczej.<\/p>\n\n\n\n<p>In\u017cynierowie, technicy i wyspecjalizowani operatorzy nie zawsze s\u0105 szkoleni w tempie wymaganym przez rynek, dlatego wiele kraj\u00f3w pracuje nad wzmocnieniem program\u00f3w edukacyjnych zwi\u0105zanych z sektorem energetycznym.<\/p>\n\n\n\n<h2 class=\"wp-block-heading\"><strong>Tabela por\u00f3wnawcza: kluczowe post\u0119py do roku 2030<\/strong><\/h2>\n\n\n\n<figure class=\"wp-block-table\"><table><thead><tr><th>Region \/ Wska\u017anik<\/th><th>G\u0142\u00f3wne post\u0119py<\/th><th>G\u0142\u00f3wne wyzwania<\/th><\/tr><\/thead><tbody><tr><td>Ameryka \u0141aci\u0144ska<\/td><td>Konkurencyjny potencja\u0142 energii s\u0142onecznej i wiatrowej; rozwijaj\u0105ce si\u0119 projekty hybrydowe<\/td><td>Przeci\u0105\u017cone sieci elektroenergetyczne; niesp\u00f3jne ramy regulacyjne<\/td><\/tr><tr><td>Europa<\/td><td>Lider w dziedzinie energii wiatrowej na morzu i magazynowania<\/td><td>Wysokie koszty przej\u015bciowe; zale\u017cno\u015b\u0107 od importowanych minera\u0142\u00f3w<\/td><\/tr><tr><td>Azja<\/td><td>Przyspieszona ekspansja paneli s\u0142onecznych i baterii<\/td><td>Zanieczyszczenie miejskie i wysokie zapotrzebowanie na energi\u0119<\/td><\/tr><tr><td>Ameryka P\u00f3\u0142nocna<\/td><td>Ulgi podatkowe i rozw\u00f3j technologiczny<\/td><td>Spory polityczne i op\u00f3\u017anienia w infrastrukturze<\/td><\/tr><\/tbody><\/table><figcaption class=\"wp-element-caption\">Odnawialne \u017ar\u00f3d\u0142a energii na \u015bwiecie: post\u0119p i wyzwania na rok 2030<\/figcaption><\/figure>\n\n\n\n<figure class=\"wp-block-gallery aligncenter has-nested-images columns-default is-cropped wp-block-gallery-2 is-layout-flex wp-block-gallery-is-layout-flex\">\n<figure class=\"wp-block-image size-full\"><img loading=\"lazy\" decoding=\"async\" width=\"450\" height=\"250\" data-id=\"10360\" src=\"https:\/\/universofamilia.com\/wp-content\/uploads\/sites\/148\/2025\/11\/Destaque-Novo-Universo-1-3.jpg\" alt=\"\" class=\"wp-image-10360\" srcset=\"http:\/\/universofamilia.com\/wp-content\/uploads\/sites\/148\/2025\/11\/Destaque-Novo-Universo-1-3.jpg 450w, http:\/\/universofamilia.com\/wp-content\/uploads\/sites\/148\/2025\/11\/Destaque-Novo-Universo-1-3-300x167.jpg 300w, http:\/\/universofamilia.com\/wp-content\/uploads\/sites\/148\/2025\/11\/Destaque-Novo-Universo-1-3-18x10.jpg 18w\" sizes=\"(max-width: 450px) 100vw, 450px\" \/><figcaption class=\"wp-element-caption\">Canva<\/figcaption><\/figure>\n<\/figure>\n\n\n\n<p>Czytaj wi\u0119cej:\u00a0<a href=\"http:\/\/universofamilia.com\/pl\/economia-mundial-en-2025-recesion-o-recuperacion\/\">Gospodarka \u015bwiatowa w 2025 roku: recesja czy o\u017cywienie?<\/a><\/p>\n\n\n\n<h2 class=\"wp-block-heading\"><strong>Jak kraje przyspieszaj\u0105 transformacj\u0119<\/strong><\/h2>\n\n\n\n<p>Aby stawi\u0107 czo\u0142a wy\u017cej wymienionym wyzwaniom, r\u00f3\u017cne rz\u0105dy opracowa\u0142y strategie maj\u0105ce na celu zr\u00f3wnowa\u017cenie wzrostu gospodarczego i zr\u00f3wnowa\u017conego rozwoju.<\/p>\n\n\n\n<p>Niekt\u00f3re pa\u0144stwa przyj\u0119\u0142y cele neutralno\u015bci w\u0119glowej, co da\u0142o impuls do realizacji projekt\u00f3w na du\u017c\u0105 skal\u0119 w zakresie wytwarzania energii odnawialnej.<\/p>\n\n\n\n<p>Inne pa\u0144stwa zaostrzy\u0142y zach\u0119ty podatkowe, u\u0142atwiaj\u0105c gospodarstwom domowym instalacj\u0119 paneli s\u0142onecznych lub przedsi\u0119biorstwom przej\u015bcie na model gospodarki o obiegu zamkni\u0119tym.<\/p>\n\n\n\n<p>Na przyk\u0142ad w Meksyku dyskusje na temat transformacji energetycznej nabra\u0142y tempa dzi\u0119ki inwestycjom w farmy s\u0142oneczne i wiatrowe na p\u00f3\u0142nocy kraju.<\/p>\n\n\n\n<p>Mimo \u017ce ramy regulacyjne s\u0105 nadal przedmiotem dyskusji, moc zainstalowana odnawialnych \u017ar\u00f3de\u0142 energii stale ro\u015bnie, zw\u0142aszcza w przypadku projekt\u00f3w prywatnych, kt\u00f3rych celem jest obni\u017cenie koszt\u00f3w operacyjnych.<\/p>\n\n\n\n<h2 class=\"wp-block-heading\"><strong>Przyk\u0142ad 1: Integracja spo\u0142eczna na obszarach wiejskich<\/strong><\/h2>\n\n\n\n<p>W wielu regionach Ameryki \u0141aci\u0144skiej odizolowane spo\u0142eczno\u015bci wdra\u017caj\u0105 mikrosieci s\u0142oneczne, aby zapewni\u0107 sobie sta\u0142y dost\u0119p do energii elektrycznej.<\/p>\n\n\n\n<p>Model ten zmniejsza zale\u017cno\u015b\u0107 od generator\u00f3w diesla i pozwala szko\u0142om, klinikom i ma\u0142ym przedsi\u0119biorstwom dzia\u0142a\u0107 z wi\u0119ksz\u0105 stabilno\u015bci\u0105.<\/p>\n\n\n\n<p>Ponadto mikrosieci sprzyjaj\u0105 niezale\u017cno\u015bci energetycznej, co jest istotn\u0105 zalet\u0105 na obszarach o s\u0142abo rozwini\u0119tej infrastrukturze publicznej.<\/p>\n\n\n\n<h2 class=\"wp-block-heading\"><strong>Przyk\u0142ad 2: Farmy wiatrowe jako silnik przemys\u0142owy<\/strong><\/h2>\n\n\n\n<p>W Europie P\u00f3\u0142nocnej rozw\u00f3j energetyki wiatrowej na morzu przyczyni\u0142 si\u0119 do powstania klastr\u00f3w przemys\u0142owych specjalizuj\u0105cych si\u0119 w turbinach, kablach podmorskich i us\u0142ugach logistycznych.<\/p>\n\n\n\n<p>Ma\u0142e i \u015brednie przedsi\u0119biorstwa dostrzeg\u0142y szanse w tym \u0142a\u0144cuchu produkcyjnym, co pokazuje, \u017ce transformacja energetyczna mo\u017ce wzmocni\u0107 ca\u0142e regiony i stworzy\u0107 trwa\u0142e miejsca pracy.<\/p>\n\n\n\n<h2 class=\"wp-block-heading\"><strong>Globalne mo\u017cliwo\u015bci do roku 2030<\/strong><\/h2>\n\n\n\n<p>Innowacje b\u0119d\u0105 mia\u0142y kluczowe znaczenie dla osi\u0105gni\u0119cia cel\u00f3w klimatycznych i zwi\u0119kszenia udzia\u0142u czystej energii. Oczekuje si\u0119 zr\u00f3wnowa\u017conego wzrostu w:<\/p>\n\n\n\n<p>Inteligentne sieci umo\u017cliwiaj\u0105ce r\u00f3wnowa\u017cenie poda\u017cy i popytu.<\/p>\n\n\n\n<p>Technologie zielonego wodoru dla proces\u00f3w przemys\u0142owych.<\/p>\n\n\n\n<p>Wychwytywanie i sk\u0142adowanie dwutlenku w\u0119gla w sektorach, w kt\u00f3rych trudno przeprowadzi\u0107 dekarbonizacj\u0119.<\/p>\n\n\n\n<p>Systemy hybrydowe integruj\u0105ce baterie, panele i turbiny w tej samej przestrzeni.<\/p>\n\n\n\n<p>Rozw\u00f3j tych rozwi\u0105za\u0144 sprawi, \u017ce transformacja energetyczna nie b\u0119dzie opiera\u0107 si\u0119 na jednym \u017ar\u00f3dle, lecz na ca\u0142ym ekosystemie, kt\u00f3ry b\u0119dzie w stanie sprosta\u0107 przysz\u0142ym wymaganiom.<\/p>\n\n\n\n<h2 class=\"wp-block-heading\"><strong>Wnioski: jasna wizja mo\u017cliwej przysz\u0142o\u015bci<\/strong><\/h2>\n\n\n\n<p>Pomy\u015bl o <strong>Odnawialne \u017ar\u00f3d\u0142a energii na \u015bwiecie: post\u0119p i wyzwania na rok 2030<\/strong> Chodzi o refleksj\u0119 nad decyzjami, kt\u00f3re ju\u017c teraz kszta\u0142tuj\u0105 globaln\u0105 gospodark\u0119 i dobrobyt.<\/p>\n\n\n\n<p>Mo\u017cliwo\u015bci s\u0105 coraz wi\u0119ksze, cho\u0107 wymagaj\u0105 planowania, inwestycji i wsp\u00f3\u0142pracy.<\/p>\n\n\n\n<p>Przej\u015bcie to nie b\u0119dzie jednorodne ani natychmiastowe, ale post\u0119puje z pr\u0119dko\u015bci\u0105, kt\u00f3ra wyznacza granic\u0119 mi\u0119dzy przesz\u0142o\u015bci\u0105 a przysz\u0142o\u015bci\u0105 w historii energetyki.<\/p>\n\n\n\n<p>Wyzwaniem jest nie tylko wytwarzanie czystej energii elektrycznej, ale tak\u017ce zbudowanie system\u00f3w zdolnych do jej wytwarzania przez dziesi\u0119ciolecia.<\/p>\n\n\n\n<p>Czytaj wi\u0119cej:\u00a0<a href=\"http:\/\/universofamilia.com\/pl\/descubrimientos-cientificos-que-cambiaran-el-futuro\/\">Odkrycia naukowe, kt\u00f3re zmieni\u0105 przysz\u0142o\u015b\u0107<\/a><\/p>\n\n\n\n<h2 class=\"wp-block-heading\"><strong>Cz\u0119sto zadawane pytania<\/strong><\/h2>\n\n\n\n<p><strong>Czy odnawialne \u017ar\u00f3d\u0142a energii mog\u0105 zaspokoi\u0107 ca\u0142e \u015bwiatowe zapotrzebowanie?<\/strong><\/p>\n\n\n\n<p><br>Na razie nie, cho\u0107 IEA prognozuje, \u017ce w roku 2030 ponad 501 TP3T nowej energii elektrycznej na \u015bwiecie b\u0119dzie wytwarzane ze \u017ar\u00f3de\u0142 odnawialnych.<\/p>\n\n\n\n<p>Kluczowe b\u0119dzie po\u0142\u0105czenie technologii.<\/p>\n\n\n\n<p><strong>Czy magazynowanie energii jest wystarczaj\u0105co niezawodne?<\/strong><\/p>\n\n\n\n<p><br>Tak, cho\u0107 technologia ta jest stale udoskonalana. Obecne baterie oferuj\u0105 d\u0142u\u017csz\u0105 \u017cywotno\u015b\u0107 i ni\u017csze koszty, a nowe systemy wodorowe mog\u0142yby uzupe\u0142ni\u0107 t\u0119 funkcjonalno\u015b\u0107.<\/p>\n\n\n\n<p><strong>Czy transformacja energetyczna powoduje wzrost cen energii elektrycznej?<\/strong><\/p>\n\n\n\n<p><br>To zale\u017cy od kraju. W wielu przypadkach odnawialne \u017ar\u00f3d\u0142a energii obni\u017caj\u0105 koszty w perspektywie \u015brednioterminowej, poniewa\u017c utrzymuj\u0105 bardziej stabilne taryfy w por\u00f3wnaniu z paliwami kopalnymi.<\/p>\n\n\n\n<p><strong>Czy kraje rozwijaj\u0105ce si\u0119 mog\u0105 szybko przej\u015b\u0107 na czyst\u0105 energi\u0119?<\/strong><\/p>\n\n\n\n<p><br>Mog\u0105 to zrobi\u0107, zw\u0142aszcza w regionach o du\u017cym nas\u0142onecznieniu lub sta\u0142ych wiatrach. Musz\u0105 jednak zmodernizowa\u0107 sieci i wdro\u017cy\u0107 jasne ramy regulacyjne.<\/p>","protected":false},"excerpt":{"rendered":"<p>Rozpocz\u0119cie szczerej rozmowy o energii odnawialnej na \u015bwiecie \u2013 post\u0119pie i wyzwaniach na rok 2030 \u2013 oznacza uznanie, \u017ce nie jest to ju\u017c futurystyczna idea, lecz globalny priorytet. Zanim zag\u0142\u0119bimy si\u0119 w temat, kr\u00f3tkie podsumowanie b\u0119dzie pomocne. Na czym polega ta transformacja? Jakie s\u0105 jej najwa\u017cniejsze osi\u0105gni\u0119cia? Jakie przeszkody wci\u0105\u017c istniej\u0105? Jakie s\u0105 istotne statystyki? Czy istniej\u0105 dwa aktualne przyk\u0142ady? [\u2026]<\/p>","protected":false},"author":219,"featured_media":10358,"comment_status":"closed","ping_status":"open","sticky":false,"template":"","format":"standard","meta":{"footnotes":""},"categories":[4],"tags":[],"yoast_head":"<!-- This site is optimized with the Yoast SEO plugin v23.3 - https:\/\/yoast.com\/wordpress\/plugins\/seo\/ -->\n<title>Energ\u00edas renovables en el mundo: avances y desaf\u00edos para 2030 - Universo Fam\u00edlia<\/title>\n<meta name=\"description\" content=\"Iniciar una conversaci\u00f3n honesta sobre Energ\u00edas renovables en el mundo: avances y desaf\u00edos para 2030 significa asumir que ya no son una...\" \/>\n<meta name=\"robots\" content=\"index, follow, max-snippet:-1, max-image-preview:large, max-video-preview:-1\" \/>\n<link rel=\"canonical\" href=\"http:\/\/universofamilia.com\/pl\/energias-renovables-en-el-mundo-avances-y-desafios-para-2030\/\" \/>\n<meta property=\"og:locale\" content=\"pl_PL\" \/>\n<meta property=\"og:type\" content=\"article\" \/>\n<meta property=\"og:title\" content=\"Energ\u00edas renovables en el mundo: avances y desaf\u00edos para 2030 - Universo Fam\u00edlia\" \/>\n<meta property=\"og:description\" content=\"Iniciar una conversaci\u00f3n honesta sobre Energ\u00edas renovables en el mundo: avances y desaf\u00edos para 2030 significa asumir que ya no son una...\" \/>\n<meta property=\"og:url\" content=\"http:\/\/universofamilia.com\/pl\/energias-renovables-en-el-mundo-avances-y-desafios-para-2030\/\" \/>\n<meta property=\"og:site_name\" content=\"Universo Fam\u00edlia\" \/>\n<meta property=\"article:published_time\" content=\"2025-11-20T22:32:48+00:00\" \/>\n<meta property=\"article:modified_time\" content=\"2025-11-20T22:32:51+00:00\" \/>\n<meta property=\"og:image\" content=\"http:\/\/universofamilia.com\/wp-content\/uploads\/sites\/148\/2025\/11\/Destaque-Novo-Universo-5.jpg\" \/>\n\t<meta property=\"og:image:width\" content=\"450\" \/>\n\t<meta property=\"og:image:height\" content=\"250\" \/>\n\t<meta property=\"og:image:type\" content=\"image\/jpeg\" \/>\n<meta name=\"author\" content=\"Matheus Sangaletti\" \/>\n<meta name=\"twitter:card\" content=\"summary_large_image\" \/>\n<meta name=\"twitter:label1\" content=\"Written by\" \/>\n\t<meta name=\"twitter:data1\" content=\"Matheus Sangaletti\" \/>\n\t<meta name=\"twitter:label2\" content=\"Est. reading time\" \/>\n\t<meta name=\"twitter:data2\" content=\"8 minut\" \/>\n<script type=\"application\/ld+json\" class=\"yoast-schema-graph\">{\"@context\":\"https:\/\/schema.org\",\"@graph\":[{\"@type\":\"WebPage\",\"@id\":\"http:\/\/universofamilia.com\/ar\/energias-renovables-en-el-mundo-avances-y-desafios-para-2030\/\",\"url\":\"http:\/\/universofamilia.com\/ar\/energias-renovables-en-el-mundo-avances-y-desafios-para-2030\/\",\"name\":\"Energ\u00edas renovables en el mundo: avances y desaf\u00edos para 2030 - Universo Fam\u00edlia\",\"isPartOf\":{\"@id\":\"https:\/\/universofamilia.com\/el\/#website\"},\"primaryImageOfPage\":{\"@id\":\"http:\/\/universofamilia.com\/ar\/energias-renovables-en-el-mundo-avances-y-desafios-para-2030\/#primaryimage\"},\"image\":{\"@id\":\"http:\/\/universofamilia.com\/ar\/energias-renovables-en-el-mundo-avances-y-desafios-para-2030\/#primaryimage\"},\"thumbnailUrl\":\"http:\/\/universofamilia.com\/wp-content\/uploads\/sites\/148\/2025\/11\/Destaque-Novo-Universo-5.jpg\",\"datePublished\":\"2025-11-20T22:32:48+00:00\",\"dateModified\":\"2025-11-20T22:32:51+00:00\",\"author\":{\"@id\":\"https:\/\/universofamilia.com\/el\/#\/schema\/person\/92fcd07e9b1f4323bf74f3170fc0f78a\"},\"description\":\"Iniciar una conversaci\u00f3n honesta sobre Energ\u00edas renovables en el mundo: avances y desaf\u00edos para 2030 significa asumir que ya no son una...\",\"breadcrumb\":{\"@id\":\"http:\/\/universofamilia.com\/ar\/energias-renovables-en-el-mundo-avances-y-desafios-para-2030\/#breadcrumb\"},\"inLanguage\":\"pl-PL\",\"potentialAction\":[{\"@type\":\"ReadAction\",\"target\":[\"http:\/\/universofamilia.com\/ar\/energias-renovables-en-el-mundo-avances-y-desafios-para-2030\/\"]}]},{\"@type\":\"ImageObject\",\"inLanguage\":\"pl-PL\",\"@id\":\"http:\/\/universofamilia.com\/ar\/energias-renovables-en-el-mundo-avances-y-desafios-para-2030\/#primaryimage\",\"url\":\"http:\/\/universofamilia.com\/wp-content\/uploads\/sites\/148\/2025\/11\/Destaque-Novo-Universo-5.jpg\",\"contentUrl\":\"http:\/\/universofamilia.com\/wp-content\/uploads\/sites\/148\/2025\/11\/Destaque-Novo-Universo-5.jpg\",\"width\":450,\"height\":250},{\"@type\":\"BreadcrumbList\",\"@id\":\"http:\/\/universofamilia.com\/ar\/energias-renovables-en-el-mundo-avances-y-desafios-para-2030\/#breadcrumb\",\"itemListElement\":[{\"@type\":\"ListItem\",\"position\":1,\"name\":\"Home\",\"item\":\"https:\/\/universofamilia.com\/el\/\"},{\"@type\":\"ListItem\",\"position\":2,\"name\":\"Energ\u00edas renovables en el mundo: avances y desaf\u00edos para 2030\"}]},{\"@type\":\"WebSite\",\"@id\":\"https:\/\/universofamilia.com\/el\/#website\",\"url\":\"https:\/\/universofamilia.com\/el\/\",\"name\":\"Universo Fam\u00edlia\",\"description\":\"\",\"potentialAction\":[{\"@type\":\"SearchAction\",\"target\":{\"@type\":\"EntryPoint\",\"urlTemplate\":\"https:\/\/universofamilia.com\/el\/?s={search_term_string}\"},\"query-input\":\"required name=search_term_string\"}],\"inLanguage\":\"pl-PL\"},{\"@type\":\"Person\",\"@id\":\"https:\/\/universofamilia.com\/el\/#\/schema\/person\/92fcd07e9b1f4323bf74f3170fc0f78a\",\"name\":\"Matheus Sangaletti\",\"image\":{\"@type\":\"ImageObject\",\"inLanguage\":\"pl-PL\",\"@id\":\"https:\/\/universofamilia.com\/el\/#\/schema\/person\/image\/\",\"url\":\"http:\/\/2.gravatar.com\/avatar\/280ea957a14a48e6a1ad2133d2cc27c9?s=96&d=mm&r=g\",\"contentUrl\":\"http:\/\/2.gravatar.com\/avatar\/280ea957a14a48e6a1ad2133d2cc27c9?s=96&d=mm&r=g\",\"caption\":\"Matheus Sangaletti\"},\"url\":\"http:\/\/universofamilia.com\/pl\/author\/matheuss\/\"}]}<\/script>\n<!-- \/ Yoast SEO plugin. -->","yoast_head_json":{"title":"Energ\u00edas renovables en el mundo: avances y desaf\u00edos para 2030 - Universo Fam\u00edlia","description":"Iniciar una conversaci\u00f3n honesta sobre Energ\u00edas renovables en el mundo: avances y desaf\u00edos para 2030 significa asumir que ya no son una...","robots":{"index":"index","follow":"follow","max-snippet":"max-snippet:-1","max-image-preview":"max-image-preview:large","max-video-preview":"max-video-preview:-1"},"canonical":"http:\/\/universofamilia.com\/pl\/energias-renovables-en-el-mundo-avances-y-desafios-para-2030\/","og_locale":"pl_PL","og_type":"article","og_title":"Energ\u00edas renovables en el mundo: avances y desaf\u00edos para 2030 - Universo Fam\u00edlia","og_description":"Iniciar una conversaci\u00f3n honesta sobre Energ\u00edas renovables en el mundo: avances y desaf\u00edos para 2030 significa asumir que ya no son una...","og_url":"http:\/\/universofamilia.com\/pl\/energias-renovables-en-el-mundo-avances-y-desafios-para-2030\/","og_site_name":"Universo Fam\u00edlia","article_published_time":"2025-11-20T22:32:48+00:00","article_modified_time":"2025-11-20T22:32:51+00:00","og_image":[{"width":450,"height":250,"url":"http:\/\/universofamilia.com\/wp-content\/uploads\/sites\/148\/2025\/11\/Destaque-Novo-Universo-5.jpg","type":"image\/jpeg"}],"author":"Matheus Sangaletti","twitter_card":"summary_large_image","twitter_misc":{"Written by":"Matheus Sangaletti","Est. reading time":"8 minut"},"schema":{"@context":"https:\/\/schema.org","@graph":[{"@type":"WebPage","@id":"http:\/\/universofamilia.com\/ar\/energias-renovables-en-el-mundo-avances-y-desafios-para-2030\/","url":"http:\/\/universofamilia.com\/ar\/energias-renovables-en-el-mundo-avances-y-desafios-para-2030\/","name":"Energ\u00edas renovables en el mundo: avances y desaf\u00edos para 2030 - Universo Fam\u00edlia","isPartOf":{"@id":"https:\/\/universofamilia.com\/el\/#website"},"primaryImageOfPage":{"@id":"http:\/\/universofamilia.com\/ar\/energias-renovables-en-el-mundo-avances-y-desafios-para-2030\/#primaryimage"},"image":{"@id":"http:\/\/universofamilia.com\/ar\/energias-renovables-en-el-mundo-avances-y-desafios-para-2030\/#primaryimage"},"thumbnailUrl":"http:\/\/universofamilia.com\/wp-content\/uploads\/sites\/148\/2025\/11\/Destaque-Novo-Universo-5.jpg","datePublished":"2025-11-20T22:32:48+00:00","dateModified":"2025-11-20T22:32:51+00:00","author":{"@id":"https:\/\/universofamilia.com\/el\/#\/schema\/person\/92fcd07e9b1f4323bf74f3170fc0f78a"},"description":"Iniciar una conversaci\u00f3n honesta sobre Energ\u00edas renovables en el mundo: avances y desaf\u00edos para 2030 significa asumir que ya no son una...","breadcrumb":{"@id":"http:\/\/universofamilia.com\/ar\/energias-renovables-en-el-mundo-avances-y-desafios-para-2030\/#breadcrumb"},"inLanguage":"pl-PL","potentialAction":[{"@type":"ReadAction","target":["http:\/\/universofamilia.com\/ar\/energias-renovables-en-el-mundo-avances-y-desafios-para-2030\/"]}]},{"@type":"ImageObject","inLanguage":"pl-PL","@id":"http:\/\/universofamilia.com\/ar\/energias-renovables-en-el-mundo-avances-y-desafios-para-2030\/#primaryimage","url":"http:\/\/universofamilia.com\/wp-content\/uploads\/sites\/148\/2025\/11\/Destaque-Novo-Universo-5.jpg","contentUrl":"http:\/\/universofamilia.com\/wp-content\/uploads\/sites\/148\/2025\/11\/Destaque-Novo-Universo-5.jpg","width":450,"height":250},{"@type":"BreadcrumbList","@id":"http:\/\/universofamilia.com\/ar\/energias-renovables-en-el-mundo-avances-y-desafios-para-2030\/#breadcrumb","itemListElement":[{"@type":"ListItem","position":1,"name":"Home","item":"https:\/\/universofamilia.com\/el\/"},{"@type":"ListItem","position":2,"name":"Energ\u00edas renovables en el mundo: avances y desaf\u00edos para 2030"}]},{"@type":"WebSite","@id":"https:\/\/universofamilia.com\/el\/#website","url":"https:\/\/universofamilia.com\/el\/","name":"Universo Fam\u00edlia","description":"","potentialAction":[{"@type":"SearchAction","target":{"@type":"EntryPoint","urlTemplate":"https:\/\/universofamilia.com\/el\/?s={search_term_string}"},"query-input":"required name=search_term_string"}],"inLanguage":"pl-PL"},{"@type":"Person","@id":"https:\/\/universofamilia.com\/el\/#\/schema\/person\/92fcd07e9b1f4323bf74f3170fc0f78a","name":"Matheus Sangaletti","image":{"@type":"ImageObject","inLanguage":"pl-PL","@id":"https:\/\/universofamilia.com\/el\/#\/schema\/person\/image\/","url":"http:\/\/2.gravatar.com\/avatar\/280ea957a14a48e6a1ad2133d2cc27c9?s=96&d=mm&r=g","contentUrl":"http:\/\/2.gravatar.com\/avatar\/280ea957a14a48e6a1ad2133d2cc27c9?s=96&d=mm&r=g","caption":"Matheus Sangaletti"},"url":"http:\/\/universofamilia.com\/pl\/author\/matheuss\/"}]}},"_links":{"self":[{"href":"http:\/\/universofamilia.com\/pl\/wp-json\/wp\/v2\/posts\/10357"}],"collection":[{"href":"http:\/\/universofamilia.com\/pl\/wp-json\/wp\/v2\/posts"}],"about":[{"href":"http:\/\/universofamilia.com\/pl\/wp-json\/wp\/v2\/types\/post"}],"author":[{"embeddable":true,"href":"http:\/\/universofamilia.com\/pl\/wp-json\/wp\/v2\/users\/219"}],"replies":[{"embeddable":true,"href":"http:\/\/universofamilia.com\/pl\/wp-json\/wp\/v2\/comments?post=10357"}],"version-history":[{"count":1,"href":"http:\/\/universofamilia.com\/pl\/wp-json\/wp\/v2\/posts\/10357\/revisions"}],"predecessor-version":[{"id":10361,"href":"http:\/\/universofamilia.com\/pl\/wp-json\/wp\/v2\/posts\/10357\/revisions\/10361"}],"wp:featuredmedia":[{"embeddable":true,"href":"http:\/\/universofamilia.com\/pl\/wp-json\/wp\/v2\/media\/10358"}],"wp:attachment":[{"href":"http:\/\/universofamilia.com\/pl\/wp-json\/wp\/v2\/media?parent=10357"}],"wp:term":[{"taxonomy":"category","embeddable":true,"href":"http:\/\/universofamilia.com\/pl\/wp-json\/wp\/v2\/categories?post=10357"},{"taxonomy":"post_tag","embeddable":true,"href":"http:\/\/universofamilia.com\/pl\/wp-json\/wp\/v2\/tags?post=10357"}],"curies":[{"name":"wp","href":"https:\/\/api.w.org\/{rel}","templated":true}]}}