{"id":10459,"date":"2025-12-26T11:16:37","date_gmt":"2025-12-26T14:16:37","guid":{"rendered":"https:\/\/universofamilia.com\/?p=10459"},"modified":"2025-12-26T11:16:39","modified_gmt":"2025-12-26T14:16:39","slug":"como-prepararse-para-entrevistas-de-trabajo-virtuales","status":"publish","type":"post","link":"http:\/\/universofamilia.com\/pl\/como-prepararse-para-entrevistas-de-trabajo-virtuales\/","title":{"rendered":"Jak przygotowa\u0107 si\u0119 do wirtualnych rozm\u00f3w kwalifikacyjnych"},"content":{"rendered":"<p class=\"has-text-align-center\"><strong>Jak przygotowa\u0107 si\u0119 do wirtualnych rozm\u00f3w kwalifikacyjnych<\/strong> Do 2025 roku stanie si\u0119 to niezb\u0119dn\u0105 umiej\u0119tno\u015bci\u0105 zawodow\u0105.<\/p>\n\n\n\n<figure class=\"wp-block-gallery has-nested-images columns-default is-cropped wp-block-gallery-1 is-layout-flex wp-block-gallery-is-layout-flex\">\n<figure class=\"wp-block-image size-full\"><img loading=\"lazy\" decoding=\"async\" width=\"450\" height=\"250\" data-id=\"10461\" src=\"https:\/\/universofamilia.com\/wp-content\/uploads\/sites\/148\/2025\/12\/Destaque-Novo-Universo-16-1.jpg\" alt=\"\" class=\"wp-image-10461\" srcset=\"http:\/\/universofamilia.com\/wp-content\/uploads\/sites\/148\/2025\/12\/Destaque-Novo-Universo-16-1.jpg 450w, http:\/\/universofamilia.com\/wp-content\/uploads\/sites\/148\/2025\/12\/Destaque-Novo-Universo-16-1-300x167.jpg 300w, http:\/\/universofamilia.com\/wp-content\/uploads\/sites\/148\/2025\/12\/Destaque-Novo-Universo-16-1-18x10.jpg 18w\" sizes=\"(max-width: 450px) 100vw, 450px\" \/><figcaption class=\"wp-element-caption\">Jak przygotowa\u0107 si\u0119 do wirtualnych rozm\u00f3w kwalifikacyjnych<\/figcaption><\/figure>\n<\/figure>\n\n\n\n<p class=\"has-text-align-center\">Rozw\u00f3j pracy zdalnej, hybrydowe procesy rekrutacyjne i digitalizacja talent\u00f3w na zawsze zmieni\u0142y spos\u00f3b, w jaki firmy oceniaj\u0105 kandydat\u00f3w.<\/p>\n\n\n\n<p>Dobre CV ju\u017c nie wystarczy: teraz liczy si\u0119 r\u00f3wnie\u017c to, jak komunikujesz si\u0119 za po\u015brednictwem ekranu, jak radzisz sobie z technologi\u0105 i jak bardzo potrafisz by\u0107 autentyczny w \u015brodowisku cyfrowym.<\/p>\n\n\n\n<p>Zanim przejdziemy dalej, warto przedstawi\u0107 kr\u00f3tkie podsumowanie, kt\u00f3re u\u0142atwi lektur\u0119: dlaczego wirtualne rozmowy kwalifikacyjne sta\u0142y si\u0119 norm\u0105 i jakie b\u0142\u0119dy nadal pozbawiaj\u0105 szans.<\/p>\n\n\n\n<p>Jak przygotowa\u0107 \u015brodowisko i technologi\u0119, co tak naprawd\u0119 oceniaj\u0105 rekruterzy, kluczowe statystyki, dwa przyk\u0142ady z \u017cycia wzi\u0119te, inspiruj\u0105ca analogia, praktyczna tabela i jasne odpowiedzi na cz\u0119sto zadawane pytania.<\/p>\n\n\n\n<h2 class=\"wp-block-heading\"><strong>Nowy kontekst wirtualnych rozm\u00f3w kwalifikacyjnych w 2025 roku<\/strong><\/h2>\n\n\n\n<p>Wirtualne rozmowy kwalifikacyjne nie s\u0105 ju\u017c rozwi\u0105zaniem tymczasowym. Platformy takie jak Zoom, Microsoft Teams i Google Meet sta\u0142y si\u0119 integraln\u0105 cz\u0119\u015bci\u0105 proces\u00f3w rekrutacyjnych, nawet w tradycyjnych firmach.<\/p>\n\n\n\n<p>Format ten pozwala na obni\u017cenie koszt\u00f3w, poszerzenie globalnego zasi\u0119gu talent\u00f3w i szybsze podejmowanie decyzji.<\/p>\n\n\n\n<p>Jednak zmiana ta podnios\u0142a r\u00f3wnie\u017c poprzeczk\u0119.<\/p>\n\n\n\n<p>Osoby bior\u0105ce udzia\u0142 w rozmowie kwalifikacyjnej online wykazuj\u0105 si\u0119 nie tylko wiedz\u0105 techniczn\u0105, ale tak\u017ce umiej\u0119tno\u015bciami cyfrowymi, jasn\u0105 komunikacj\u0105 i zdolno\u015bci\u0105 adaptacji.<\/p>\n\n\n\n<p>Bycie przygotowanym nie jest ju\u017c opcjonalne; teraz decyduje o tym, czy p\u00f3jdziemy naprz\u00f3d, czy zostaniemy w tyle.<\/p>\n\n\n\n<h2 class=\"wp-block-heading\"><strong>Czego rekruterzy szukaj\u0105 dzi\u015b na wirtualnych rozmowach kwalifikacyjnych<\/strong><\/h2>\n\n\n\n<p>Wielu kandydat\u00f3w uwa\u017ca, \u017ce rekruter zajmuje si\u0119 wy\u0142\u0105cznie ocen\u0105 odpowiedzi. W rzeczywisto\u015bci analiza idzie znacznie dalej.<\/p>\n\n\n\n<p>Obserwujemy ich spos\u00f3b wyra\u017cania si\u0119, umiej\u0119tno\u015b\u0107 syntezy informacji, mow\u0119 cia\u0142a przed kamer\u0105 i spos\u00f3b radzenia sobie z nieoczekiwanymi problemami technicznymi.<\/p>\n\n\n\n<p>Wed\u0142ug raportu <strong>Raport LinkedIn Workplace Learning<\/strong>, wi\u0119cej ni\u017c <strong>70% rekruter\u00f3w uwa\u017ca, \u017ce umiej\u0119tno\u015bci komunikacyjne i umiej\u0119tno\u015b\u0107 adaptacji cyfrowej s\u0105 tak samo wa\u017cne, jak wiedza techniczna.<\/strong> w procesach wirtualnych.<\/p>\n\n\n\n<p>Dane te potwierdzaj\u0105, \u017ce przygotowania musz\u0105 by\u0107 kompleksowe i nie mog\u0105 ogranicza\u0107 si\u0119 do profesjonalnej dyskusji.<\/p>\n\n\n\n<h2 class=\"wp-block-heading\"><strong>Przygotowanie techniczne: fundament, kt\u00f3ry nie pozostawia miejsca na b\u0142\u0105d<\/strong><\/h2>\n\n\n\n<p>Cho\u0107 mo\u017ce si\u0119 to wydawa\u0107 oczywiste, wiele proces\u00f3w tracimy z powodu prostych b\u0142\u0119d\u00f3w. S\u0142abe po\u0142\u0105czenie, uszkodzony mikrofon lub ha\u0142a\u015bliwe otoczenie od razu negatywnie wp\u0142ywaj\u0105 na odbi\u00f3r.<\/p>\n\n\n\n<p>Zaleca si\u0119 sprawdzenie technologii co najmniej dzie\u0144 wcze\u015bniej. Kamera na wysoko\u015bci oczu, wyra\u017any d\u017awi\u0119k i stabilne po\u0142\u0105czenie \u015bwiadcz\u0105 o profesjonalizmie.<\/p>\n\n\n\n<p>Ponadto zamkni\u0119cie niepotrzebnych aplikacji zapobiega nieoczekiwanym przerwom.<\/p>\n\n\n\n<p>Tutaj w\u0142a\u015bnie wchodzi w gr\u0119 rzadko wspominana zasada: prostota.<\/p>\n\n\n\n<p>Schludne i neutralne t\u0142o podkre\u015bla skupienie. Nie chodzi o imponowanie technologi\u0105, ale o u\u0142atwianie rozmowy.<\/p>\n\n\n\n<h2 class=\"wp-block-heading\"><strong>\u015arodowisko: wa\u017cniejsze ni\u017c my\u015blisz<\/strong><\/h2>\n\n\n\n<p>Przestrze\u0144, z kt\u00f3rej si\u0119 komunikujesz, r\u00f3wnie\u017c co\u015b komunikuje. Naturalne \u015bwiat\u0142o, czysta \u015bciana lub dyskretne wirtualne t\u0142o i wygodne krzes\u0142o \u2013 wszystko to wp\u0142ywa na Twoj\u0105 wydajno\u015b\u0107.<\/p>\n\n\n\n<p>Wyprostowana postawa \u015bwiadczy o pewno\u015bci siebie i energii, nawet przez ekran.<\/p>\n\n\n\n<p>Co wi\u0119cej, powiadamianie bliskich os\u00f3b w celu unikni\u0119cia zak\u0142\u00f3ce\u0144 \u015bwiadczy o dalekowzroczno\u015bci. Ten szczeg\u00f3\u0142, cho\u0107 cz\u0119sto pomijany, zmniejsza stres i poprawia przep\u0142yw komunikacji.<\/p>\n\n\n\n<h2 class=\"wp-block-heading\"><strong>Komunikacja werbalna i niewerbalna na ekranie<\/strong><\/h2>\n\n\n\n<p>M\u00f3wienie przed kamer\u0105 wymaga pewnych zmian. Patrzenie bezpo\u015brednio w obiektyw, a nie na sw\u00f3j wizerunek, stwarza wra\u017cenie kontaktu wzrokowego.<\/p>\n\n\n\n<p>Modulowanie g\u0142osu, robienie pauz i unikanie s\u0142\u00f3w-wype\u0142niaczy wzmacnia jasno\u015b\u0107 przekazu.<\/p>\n\n\n\n<p>Mimika twarzy r\u00f3wnie\u017c ma znaczenie. Naturalny u\u015bmiech, kiwanie g\u0142ow\u0105 i okazywanie zainteresowania podtrzymuj\u0105 kontakt mi\u0119dzyludzki.<\/p>\n\n\n\n<p>Mimo \u017ce \u015brodowisko jest cyfrowe, wywiad nadal jest rozmow\u0105 mi\u0119dzy lud\u017ami.<\/p>\n\n\n\n<p>Nasuwa si\u0119 zatem kluczowe pytanie do przemy\u015blenia: <strong>Gdyby rekruter zna\u0142 tylko Tw\u00f3j wizerunek i g\u0142os, jak\u0105 histori\u0119 zawodow\u0105 by dostrzeg\u0142?<\/strong><\/p>\n\n\n\n<h2 class=\"wp-block-heading\"><strong>Jak strategicznie strukturyzowa\u0107 odpowiedzi<\/strong><\/h2>\n\n\n\n<p>Improwizacja rzadko dzia\u0142a. Przygotowanie odpowiedzi z konkretnymi przyk\u0142adami dodaje wiarygodno\u015bci.<\/p>\n\n\n\n<p>Przydatn\u0105 technik\u0105 jest kr\u00f3tkie opisanie sytuacji, wyja\u015bnienie podj\u0119tych dzia\u0142a\u0144 i zako\u0144czenie z uzyskanymi rezultatami.<\/p>\n\n\n\n<h3 class=\"wp-block-heading\"><strong>Przyk\u0142ad 1<\/strong><\/h3>\n\n\n\n<p>Kandydatka na stanowisko w dziale marketingu cyfrowego wyja\u015bni\u0142a, w jaki spos\u00f3b dostosowa\u0142a kampani\u0119 twarz\u0105 w twarz do formatu online w czasie kryzysu, zwracaj\u0105c uwag\u0119 na rzeczywiste wska\u017aniki konwersji.<\/p>\n\n\n\n<p>Przejrzysto\u015b\u0107 i koncentracja na wynikach wzmocni\u0142y jej pozycj\u0119, nawet bez wcze\u015bniejszego do\u015bwiadczenia w pracy zdalnej.<\/p>\n\n\n\n<p>Ten typ narracji \u0142\u0105czy do\u015bwiadczenie z bie\u017c\u0105cym kontekstem, co jest bardzo cenione w przypadku wywiad\u00f3w wirtualnych.<\/p>\n\n\n\n<h2 class=\"wp-block-heading\"><strong>Profesjonalny ubi\u00f3r i wygl\u0105d<\/strong><\/h2>\n\n\n\n<p>Nawet je\u015bli rozmowa kwalifikacyjna odbywa si\u0119 w domu, wizerunek kandydata powinien by\u0107 zgodny z kultur\u0105 firmy.<\/p>\n\n\n\n<p>Profesjonalny ubi\u00f3r, stonowane kolory i unikanie jaskrawych nadruk\u00f3w pomagaj\u0105 skupi\u0107 uwag\u0119 na przem\u00f3wieniu.<\/p>\n\n\n\n<p>Odpowiedni ubi\u00f3r r\u00f3wnie\u017c wp\u0142ywa na nastawienie. Ubranie dzia\u0142a jak psychologiczna kotwica, przygotowuj\u0105c umys\u0142 do bardziej pewnej siebie i skoncentrowanej gry.<\/p>\n\n\n\n<h2 class=\"wp-block-heading\"><strong>Poprzednie badania: cichy mechanizm r\u00f3\u017cnicowy<\/strong><\/h2>\n\n\n\n<p>Znajomo\u015b\u0107 firmy, jej kultury i bie\u017c\u0105cych wyzwa\u0144 \u015bwiadczy o szczerym zainteresowaniu.<\/p>\n\n\n\n<p>Przegl\u0105danie ich strony internetowej, sieci kontakt\u00f3w zawodowych i najnowszych wiadomo\u015bci pozwala na formu\u0142owanie inteligentnych pyta\u0144.<\/p>\n\n\n\n<p>Naukowcy wykazuj\u0105 zaanga\u017cowanie. Co wi\u0119cej, powi\u0105zanie umiej\u0119tno\u015bci z rzeczywistymi potrzebami biznesowymi wzmacnia poczucie warto\u015bci.<\/p>\n\n\n\n<h2 class=\"wp-block-heading\"><strong>Analogia, kt\u00f3ra wszystko wyja\u015bnia<\/strong><\/h2>\n\n\n\n<p>Przygotowanie do wirtualnej rozmowy kwalifikacyjnej jest bardzo podobne do <strong>nastroi\u0107 instrument przed koncertem<\/strong>Talent ju\u017c istnieje, ale bez wcze\u015bniejszego dostosowania, d\u017awi\u0119k traci sw\u0105 moc.<\/p>\n\n\n\n<p>Przygotowanie nie zmienia tego, kim jeste\u015b, pozwala jedynie wyra\u017anie us\u0142ysze\u0107 twoj\u0105 najlepsz\u0105 wersj\u0119.<\/p>\n\n\n\n<h2 class=\"wp-block-heading\"><strong>Praktyczny przewodnik: kluczowe aspekty udanej rozmowy kwalifikacyjnej online<\/strong><\/h2>\n\n\n\n<figure class=\"wp-block-table\"><table><thead><tr><th>Oceniony obszar<\/th><th>Co sprawdzi\u0107 przed rozmow\u0105 kwalifikacyjn\u0105<\/th><\/tr><\/thead><tbody><tr><td>Technologia<\/td><td>Kamera, mikrofon i po\u0142\u0105czenie<\/td><\/tr><tr><td>Wok\u00f3\u0142<\/td><td>\u015awiat\u0142o, t\u0142o i cisza<\/td><\/tr><tr><td>Komunikacja<\/td><td>Przejrzysto\u015b\u0107, pauzy i kontakt wzrokowy<\/td><\/tr><tr><td>Tre\u015b\u0107<\/td><td>Ustrukturyzowane odpowiedzi<\/td><\/tr><tr><td>Profesjonalny wizerunek<\/td><td>Ubranie odpowiednie do roli<\/td><\/tr><\/tbody><\/table><figcaption class=\"wp-element-caption\">Jak przygotowa\u0107 si\u0119 do wirtualnych rozm\u00f3w kwalifikacyjnych<\/figcaption><\/figure>\n\n\n\n<figure class=\"wp-block-gallery has-nested-images columns-default is-cropped wp-block-gallery-2 is-layout-flex wp-block-gallery-is-layout-flex\">\n<figure class=\"wp-block-image size-full\"><img loading=\"lazy\" decoding=\"async\" width=\"450\" height=\"250\" data-id=\"10462\" src=\"https:\/\/universofamilia.com\/wp-content\/uploads\/sites\/148\/2025\/12\/Destaque-Novo-Universo-17.jpg\" alt=\"\" class=\"wp-image-10462\" srcset=\"http:\/\/universofamilia.com\/wp-content\/uploads\/sites\/148\/2025\/12\/Destaque-Novo-Universo-17.jpg 450w, http:\/\/universofamilia.com\/wp-content\/uploads\/sites\/148\/2025\/12\/Destaque-Novo-Universo-17-300x167.jpg 300w, http:\/\/universofamilia.com\/wp-content\/uploads\/sites\/148\/2025\/12\/Destaque-Novo-Universo-17-18x10.jpg 18w\" sizes=\"(max-width: 450px) 100vw, 450px\" \/><figcaption class=\"wp-element-caption\">Jak przygotowa\u0107 si\u0119 do wirtualnych rozm\u00f3w kwalifikacyjnych<\/figcaption><\/figure>\n<\/figure>\n\n\n\n<p>Czytaj wi\u0119cej:\u00a0<a href=\"http:\/\/universofamilia.com\/pl\/carreras-sostenibles-empleos-verdes-en-auge\/\">Zr\u00f3wnowa\u017cone kariery: rozkwit zielonych miejsc pracy<\/a><\/p>\n\n\n\n<h2 class=\"wp-block-heading\"><strong>Radzenie sobie z nieoczekiwanymi zdarzeniami bez utraty wiarygodno\u015bci<\/strong><\/h2>\n\n\n\n<p>Problemy techniczne mog\u0105 pojawi\u0107 si\u0119 nawet w trakcie przygotowa\u0144.<\/p>\n\n\n\n<p>R\u00f3\u017cnica tkwi w sposobie ich obs\u0142ugi. Spokojne powiadomienie, zaproponowanie szybkiego rozwi\u0105zania i zachowanie profesjonalizmu chroni\u0105 Tw\u00f3j wizerunek.<\/p>\n\n\n\n<h3 class=\"wp-block-heading\"><strong>Przyk\u0142ad 2<\/strong><\/h3>\n\n\n\n<p>Programista straci\u0142 po\u0142\u0105czenie podczas mi\u0119dzynarodowej rozmowy kwalifikacyjnej.<\/p>\n\n\n\n<p>Zamiast wpa\u015b\u0107 w panik\u0119, od razu nawi\u0105za\u0142a kontakt, kr\u00f3tko przeprosi\u0142a i spokojnie wr\u00f3ci\u0142a do rozmowy.<\/p>\n\n\n\n<p>T\u0119 reakcj\u0119 uznano za oznak\u0119 dojrza\u0142o\u015bci zawodowej.<\/p>\n\n\n\n<h2 class=\"wp-block-heading\"><strong>Zamkni\u0119cie: zmarnowana szansa<\/strong><\/h2>\n\n\n\n<p>Wielu kandydat\u00f3w zaniedbuje zamkni\u0119cie rozmowy. Podzi\u0119kowanie im za po\u015bwi\u0119cony czas, kr\u00f3tkie podsumowanie zainteresowania i pytanie o dalsze kroki pozostawia pozytywne i profesjonalne wra\u017cenie.<\/p>\n\n\n\n<p>Wys\u0142anie wiadomo\u015bci z podzi\u0119kowaniami wzmacnia wi\u0119\u017a i \u015bwiadczy o profesjonalnej uprzejmo\u015bci, a cecha ta jest nadal bardzo ceniona.<\/p>\n\n\n\n<h2 class=\"wp-block-heading\"><strong>Wniosek<\/strong><\/h2>\n\n\n\n<p>Gospodarz <strong>Jak przygotowa\u0107 si\u0119 do wirtualnych rozm\u00f3w kwalifikacyjnych<\/strong> Wymaga to znacznie wi\u0119cej, ni\u017c tylko w\u0142\u0105czenia kamery i odpowiadania na pytania.<\/p>\n\n\n\n<p>Wymaga to strategii, samo\u015bwiadomo\u015bci i dostosowania si\u0119 do nowego cyfrowego j\u0119zyka rynku pracy.<\/p>\n\n\n\n<p>Ci, kt\u00f3rzy s\u0105 przygotowani, potrafi\u0105 przekaza\u0107 pewno\u015b\u0107 siebie, jasno\u015b\u0107 i profesjonalizm, nawet przez ekran.<\/p>\n\n\n\n<p>W konkurencyjnym i globalnym \u015brodowisku wirtualna rozmowa kwalifikacyjna nie jest przeszkod\u0105, lecz szans\u0105 na pokazanie si\u0119.<\/p>\n\n\n\n<p>Dobre przygotowanie pozwoli Ci pokaza\u0107 swoj\u0105 prawdziw\u0105 warto\u015b\u0107 i podej\u015b\u0107 do szansy, kt\u00f3rej szukasz, z wi\u0119ksz\u0105 pewno\u015bci\u0105 siebie.<\/p>\n\n\n\n<p>Czytaj wi\u0119cej:\u00a0<a href=\"http:\/\/universofamilia.com\/pl\/el-teletrabajo-en-2025-las-nuevas-tendencias-del-home-office\/\">Telepraca w 2025 roku: Nowe trendy w pracy zdalnej<\/a><\/p>\n\n\n\n<h2 class=\"wp-block-heading\"><strong>Cz\u0119sto zadawane pytania<\/strong><\/h2>\n\n\n\n<p><strong>Czy rozmowy kwalifikacyjne online s\u0105 mniej formalne ni\u017c rozmowy osobiste?<\/strong><\/p>\n\n\n\n<p>Nie. Mimo \u017ce \u015brodowisko jest cyfrowe, oczekiwany poziom profesjonalizmu pozostaje taki sam, a nawet wy\u017cszy.<\/p>\n\n\n\n<p><strong>Czy warto korzysta\u0107 z wirtualnych \u015brodk\u00f3w?<\/strong><\/p>\n\n\n\n<p>Tak, o ile s\u0105 dyskretne i stabilne. Dobrze zorganizowane, naturalne t\u0142o zazwyczaj tworzy bardziej naturalny wygl\u0105d.<\/p>\n\n\n\n<p><strong>Jak wcze\u015bnie powinienem si\u0119 zalogowa\u0107?<\/strong><\/p>\n\n\n\n<p>Wystarczy przyby\u0107 5\u201310 minut wcze\u015bniej, aby sprawdzi\u0107 szczeg\u00f3\u0142y bez powodowania dyskomfortu.<\/p>\n\n\n\n<p><strong>Czy wskazane jest robienie notatek podczas rozmowy kwalifikacyjnej?<\/strong><\/p>\n\n\n\n<p>Tak, pod warunkiem, \u017ce odbywa si\u0119 to kr\u00f3tko i bez utraty kontaktu wzrokowego.<\/p>\n\n\n\n<p><strong>Czy przygotowanie techniczne mo\u017ce zrekompensowa\u0107 brak do\u015bwiadczenia?<\/strong><\/p>\n\n\n\n<p>Nie zast\u0119puje do\u015bwiadczenia, ale wzmacnia poczucie kompetencji i profesjonalizmu.<\/p>\n\n\n\n<p>Przygotowanie si\u0119 dzisiaj nie tylko poprawi Twoje wyniki, ale tak\u017ce zwi\u0119kszy Twoj\u0105 pewno\u015b\u0107 siebie.<\/p>\n\n\n\n<p>Na zdigitalizowanym rynku pracy takie po\u0142\u0105czenie pozostaje jednym z najcenniejszych atut\u00f3w.<\/p>","protected":false},"excerpt":{"rendered":"<p>C\u00f3mo prepararse para entrevistas de trabajo virtuales se ha convertido en una habilidad profesional imprescindible en 2025. El crecimiento del trabajo remoto, los procesos h\u00edbridos de reclutamiento y la digitalizaci\u00f3n del talento cambiaron para siempre la forma en que las empresas eval\u00faan candidatos. Ya no basta con tener un buen curr\u00edculum: ahora tambi\u00e9n importa c\u00f3mo [&hellip;]<\/p>","protected":false},"author":219,"featured_media":10460,"comment_status":"closed","ping_status":"open","sticky":false,"template":"","format":"standard","meta":{"footnotes":""},"categories":[5],"tags":[],"yoast_head":"<!-- This site is optimized with the Yoast SEO plugin v23.3 - https:\/\/yoast.com\/wordpress\/plugins\/seo\/ -->\n<title>C\u00f3mo prepararse para entrevistas de trabajo virtuales - Universo Fam\u00edlia<\/title>\n<meta name=\"description\" content=\"C\u00f3mo prepararse para entrevistas de trabajo virtuales se ha convertido en una habilidad profesional imprescindible en 2025.\" \/>\n<meta name=\"robots\" content=\"index, follow, max-snippet:-1, max-image-preview:large, max-video-preview:-1\" \/>\n<link rel=\"canonical\" href=\"https:\/\/universofamilia.com\/pl\/como-prepararse-para-entrevistas-de-trabajo-virtuales\/\" \/>\n<meta property=\"og:locale\" content=\"pl_PL\" \/>\n<meta property=\"og:type\" content=\"article\" \/>\n<meta property=\"og:title\" content=\"C\u00f3mo prepararse para entrevistas de trabajo virtuales - Universo Fam\u00edlia\" \/>\n<meta property=\"og:description\" content=\"C\u00f3mo prepararse para entrevistas de trabajo virtuales se ha convertido en una habilidad profesional imprescindible en 2025.\" \/>\n<meta property=\"og:url\" content=\"https:\/\/universofamilia.com\/pl\/como-prepararse-para-entrevistas-de-trabajo-virtuales\/\" \/>\n<meta property=\"og:site_name\" content=\"Universo Fam\u00edlia\" \/>\n<meta property=\"article:published_time\" content=\"2025-12-26T14:16:37+00:00\" \/>\n<meta property=\"article:modified_time\" content=\"2025-12-26T14:16:39+00:00\" \/>\n<meta property=\"og:image\" content=\"https:\/\/universofamilia.com\/wp-content\/uploads\/sites\/148\/2025\/12\/Destaque-Novo-Universo-16.jpg\" \/>\n\t<meta property=\"og:image:width\" content=\"450\" \/>\n\t<meta property=\"og:image:height\" content=\"250\" \/>\n\t<meta property=\"og:image:type\" content=\"image\/jpeg\" \/>\n<meta name=\"author\" content=\"Matheus Sangaletti\" \/>\n<meta name=\"twitter:card\" content=\"summary_large_image\" \/>\n<meta name=\"twitter:label1\" content=\"Written by\" \/>\n\t<meta name=\"twitter:data1\" content=\"Matheus Sangaletti\" \/>\n\t<meta name=\"twitter:label2\" content=\"Est. reading time\" \/>\n\t<meta name=\"twitter:data2\" content=\"8 minut\" \/>\n<script type=\"application\/ld+json\" class=\"yoast-schema-graph\">{\"@context\":\"https:\/\/schema.org\",\"@graph\":[{\"@type\":\"WebPage\",\"@id\":\"https:\/\/universofamilia.com\/ja\/como-prepararse-para-entrevistas-de-trabajo-virtuales\/\",\"url\":\"https:\/\/universofamilia.com\/ja\/como-prepararse-para-entrevistas-de-trabajo-virtuales\/\",\"name\":\"C\u00f3mo prepararse para entrevistas de trabajo virtuales - Universo Fam\u00edlia\",\"isPartOf\":{\"@id\":\"http:\/\/universofamilia.com\/zh_hk\/#website\"},\"primaryImageOfPage\":{\"@id\":\"https:\/\/universofamilia.com\/ja\/como-prepararse-para-entrevistas-de-trabajo-virtuales\/#primaryimage\"},\"image\":{\"@id\":\"https:\/\/universofamilia.com\/ja\/como-prepararse-para-entrevistas-de-trabajo-virtuales\/#primaryimage\"},\"thumbnailUrl\":\"http:\/\/universofamilia.com\/wp-content\/uploads\/sites\/148\/2025\/12\/Destaque-Novo-Universo-16.jpg\",\"datePublished\":\"2025-12-26T14:16:37+00:00\",\"dateModified\":\"2025-12-26T14:16:39+00:00\",\"author\":{\"@id\":\"http:\/\/universofamilia.com\/zh_hk\/#\/schema\/person\/92fcd07e9b1f4323bf74f3170fc0f78a\"},\"description\":\"C\u00f3mo prepararse para entrevistas de trabajo virtuales se ha convertido en una habilidad profesional imprescindible en 2025.\",\"breadcrumb\":{\"@id\":\"https:\/\/universofamilia.com\/ja\/como-prepararse-para-entrevistas-de-trabajo-virtuales\/#breadcrumb\"},\"inLanguage\":\"pl-PL\",\"potentialAction\":[{\"@type\":\"ReadAction\",\"target\":[\"https:\/\/universofamilia.com\/ja\/como-prepararse-para-entrevistas-de-trabajo-virtuales\/\"]}]},{\"@type\":\"ImageObject\",\"inLanguage\":\"pl-PL\",\"@id\":\"https:\/\/universofamilia.com\/ja\/como-prepararse-para-entrevistas-de-trabajo-virtuales\/#primaryimage\",\"url\":\"http:\/\/universofamilia.com\/wp-content\/uploads\/sites\/148\/2025\/12\/Destaque-Novo-Universo-16.jpg\",\"contentUrl\":\"http:\/\/universofamilia.com\/wp-content\/uploads\/sites\/148\/2025\/12\/Destaque-Novo-Universo-16.jpg\",\"width\":450,\"height\":250,\"caption\":\"C\u00f3mo prepararse para entrevistas de trabajo virtuales\"},{\"@type\":\"BreadcrumbList\",\"@id\":\"https:\/\/universofamilia.com\/ja\/como-prepararse-para-entrevistas-de-trabajo-virtuales\/#breadcrumb\",\"itemListElement\":[{\"@type\":\"ListItem\",\"position\":1,\"name\":\"Home\",\"item\":\"http:\/\/universofamilia.com\/zh_hk\/\"},{\"@type\":\"ListItem\",\"position\":2,\"name\":\"C\u00f3mo prepararse para entrevistas de trabajo virtuales\"}]},{\"@type\":\"WebSite\",\"@id\":\"http:\/\/universofamilia.com\/zh_hk\/#website\",\"url\":\"http:\/\/universofamilia.com\/zh_hk\/\",\"name\":\"Universo Fam\u00edlia\",\"description\":\"\",\"potentialAction\":[{\"@type\":\"SearchAction\",\"target\":{\"@type\":\"EntryPoint\",\"urlTemplate\":\"http:\/\/universofamilia.com\/zh_hk\/?s={search_term_string}\"},\"query-input\":\"required name=search_term_string\"}],\"inLanguage\":\"pl-PL\"},{\"@type\":\"Person\",\"@id\":\"http:\/\/universofamilia.com\/zh_hk\/#\/schema\/person\/92fcd07e9b1f4323bf74f3170fc0f78a\",\"name\":\"Matheus Sangaletti\",\"image\":{\"@type\":\"ImageObject\",\"inLanguage\":\"pl-PL\",\"@id\":\"http:\/\/universofamilia.com\/zh_hk\/#\/schema\/person\/image\/\",\"url\":\"http:\/\/2.gravatar.com\/avatar\/280ea957a14a48e6a1ad2133d2cc27c9?s=96&d=mm&r=g\",\"contentUrl\":\"http:\/\/2.gravatar.com\/avatar\/280ea957a14a48e6a1ad2133d2cc27c9?s=96&d=mm&r=g\",\"caption\":\"Matheus Sangaletti\"},\"url\":\"http:\/\/universofamilia.com\/pl\/author\/matheuss\/\"}]}<\/script>\n<!-- \/ Yoast SEO plugin. -->","yoast_head_json":{"title":"C\u00f3mo prepararse para entrevistas de trabajo virtuales - Universo Fam\u00edlia","description":"C\u00f3mo prepararse para entrevistas de trabajo virtuales se ha convertido en una habilidad profesional imprescindible en 2025.","robots":{"index":"index","follow":"follow","max-snippet":"max-snippet:-1","max-image-preview":"max-image-preview:large","max-video-preview":"max-video-preview:-1"},"canonical":"https:\/\/universofamilia.com\/pl\/como-prepararse-para-entrevistas-de-trabajo-virtuales\/","og_locale":"pl_PL","og_type":"article","og_title":"C\u00f3mo prepararse para entrevistas de trabajo virtuales - Universo Fam\u00edlia","og_description":"C\u00f3mo prepararse para entrevistas de trabajo virtuales se ha convertido en una habilidad profesional imprescindible en 2025.","og_url":"https:\/\/universofamilia.com\/pl\/como-prepararse-para-entrevistas-de-trabajo-virtuales\/","og_site_name":"Universo Fam\u00edlia","article_published_time":"2025-12-26T14:16:37+00:00","article_modified_time":"2025-12-26T14:16:39+00:00","og_image":[{"width":450,"height":250,"url":"https:\/\/universofamilia.com\/wp-content\/uploads\/sites\/148\/2025\/12\/Destaque-Novo-Universo-16.jpg","type":"image\/jpeg"}],"author":"Matheus Sangaletti","twitter_card":"summary_large_image","twitter_misc":{"Written by":"Matheus Sangaletti","Est. reading time":"8 minut"},"schema":{"@context":"https:\/\/schema.org","@graph":[{"@type":"WebPage","@id":"https:\/\/universofamilia.com\/ja\/como-prepararse-para-entrevistas-de-trabajo-virtuales\/","url":"https:\/\/universofamilia.com\/ja\/como-prepararse-para-entrevistas-de-trabajo-virtuales\/","name":"C\u00f3mo prepararse para entrevistas de trabajo virtuales - Universo Fam\u00edlia","isPartOf":{"@id":"http:\/\/universofamilia.com\/zh_hk\/#website"},"primaryImageOfPage":{"@id":"https:\/\/universofamilia.com\/ja\/como-prepararse-para-entrevistas-de-trabajo-virtuales\/#primaryimage"},"image":{"@id":"https:\/\/universofamilia.com\/ja\/como-prepararse-para-entrevistas-de-trabajo-virtuales\/#primaryimage"},"thumbnailUrl":"http:\/\/universofamilia.com\/wp-content\/uploads\/sites\/148\/2025\/12\/Destaque-Novo-Universo-16.jpg","datePublished":"2025-12-26T14:16:37+00:00","dateModified":"2025-12-26T14:16:39+00:00","author":{"@id":"http:\/\/universofamilia.com\/zh_hk\/#\/schema\/person\/92fcd07e9b1f4323bf74f3170fc0f78a"},"description":"C\u00f3mo prepararse para entrevistas de trabajo virtuales se ha convertido en una habilidad profesional imprescindible en 2025.","breadcrumb":{"@id":"https:\/\/universofamilia.com\/ja\/como-prepararse-para-entrevistas-de-trabajo-virtuales\/#breadcrumb"},"inLanguage":"pl-PL","potentialAction":[{"@type":"ReadAction","target":["https:\/\/universofamilia.com\/ja\/como-prepararse-para-entrevistas-de-trabajo-virtuales\/"]}]},{"@type":"ImageObject","inLanguage":"pl-PL","@id":"https:\/\/universofamilia.com\/ja\/como-prepararse-para-entrevistas-de-trabajo-virtuales\/#primaryimage","url":"http:\/\/universofamilia.com\/wp-content\/uploads\/sites\/148\/2025\/12\/Destaque-Novo-Universo-16.jpg","contentUrl":"http:\/\/universofamilia.com\/wp-content\/uploads\/sites\/148\/2025\/12\/Destaque-Novo-Universo-16.jpg","width":450,"height":250,"caption":"C\u00f3mo prepararse para entrevistas de trabajo virtuales"},{"@type":"BreadcrumbList","@id":"https:\/\/universofamilia.com\/ja\/como-prepararse-para-entrevistas-de-trabajo-virtuales\/#breadcrumb","itemListElement":[{"@type":"ListItem","position":1,"name":"Home","item":"http:\/\/universofamilia.com\/zh_hk\/"},{"@type":"ListItem","position":2,"name":"C\u00f3mo prepararse para entrevistas de trabajo virtuales"}]},{"@type":"WebSite","@id":"http:\/\/universofamilia.com\/zh_hk\/#website","url":"http:\/\/universofamilia.com\/zh_hk\/","name":"Universo Fam\u00edlia","description":"","potentialAction":[{"@type":"SearchAction","target":{"@type":"EntryPoint","urlTemplate":"http:\/\/universofamilia.com\/zh_hk\/?s={search_term_string}"},"query-input":"required name=search_term_string"}],"inLanguage":"pl-PL"},{"@type":"Person","@id":"http:\/\/universofamilia.com\/zh_hk\/#\/schema\/person\/92fcd07e9b1f4323bf74f3170fc0f78a","name":"Matheus Sangaletti","image":{"@type":"ImageObject","inLanguage":"pl-PL","@id":"http:\/\/universofamilia.com\/zh_hk\/#\/schema\/person\/image\/","url":"http:\/\/2.gravatar.com\/avatar\/280ea957a14a48e6a1ad2133d2cc27c9?s=96&d=mm&r=g","contentUrl":"http:\/\/2.gravatar.com\/avatar\/280ea957a14a48e6a1ad2133d2cc27c9?s=96&d=mm&r=g","caption":"Matheus Sangaletti"},"url":"http:\/\/universofamilia.com\/pl\/author\/matheuss\/"}]}},"_links":{"self":[{"href":"http:\/\/universofamilia.com\/pl\/wp-json\/wp\/v2\/posts\/10459"}],"collection":[{"href":"http:\/\/universofamilia.com\/pl\/wp-json\/wp\/v2\/posts"}],"about":[{"href":"http:\/\/universofamilia.com\/pl\/wp-json\/wp\/v2\/types\/post"}],"author":[{"embeddable":true,"href":"http:\/\/universofamilia.com\/pl\/wp-json\/wp\/v2\/users\/219"}],"replies":[{"embeddable":true,"href":"http:\/\/universofamilia.com\/pl\/wp-json\/wp\/v2\/comments?post=10459"}],"version-history":[{"count":1,"href":"http:\/\/universofamilia.com\/pl\/wp-json\/wp\/v2\/posts\/10459\/revisions"}],"predecessor-version":[{"id":10463,"href":"http:\/\/universofamilia.com\/pl\/wp-json\/wp\/v2\/posts\/10459\/revisions\/10463"}],"wp:featuredmedia":[{"embeddable":true,"href":"http:\/\/universofamilia.com\/pl\/wp-json\/wp\/v2\/media\/10460"}],"wp:attachment":[{"href":"http:\/\/universofamilia.com\/pl\/wp-json\/wp\/v2\/media?parent=10459"}],"wp:term":[{"taxonomy":"category","embeddable":true,"href":"http:\/\/universofamilia.com\/pl\/wp-json\/wp\/v2\/categories?post=10459"},{"taxonomy":"post_tag","embeddable":true,"href":"http:\/\/universofamilia.com\/pl\/wp-json\/wp\/v2\/tags?post=10459"}],"curies":[{"name":"wp","href":"https:\/\/api.w.org\/{rel}","templated":true}]}}