{"id":10464,"date":"2025-12-26T12:09:03","date_gmt":"2025-12-26T15:09:03","guid":{"rendered":"https:\/\/universofamilia.com\/?p=10464"},"modified":"2025-12-26T12:09:05","modified_gmt":"2025-12-26T15:09:05","slug":"las-preguntas-de-entrevista-mas-comunes-de-2025","status":"publish","type":"post","link":"http:\/\/universofamilia.com\/pl\/las-preguntas-de-entrevista-mas-comunes-de-2025\/","title":{"rendered":"Najcz\u0119stsze pytania na rozmowach kwalifikacyjnych w 2025 roku"},"content":{"rendered":"<p class=\"has-text-align-center\"><strong>Najcz\u0119stsze pytania na rozmowach kwalifikacyjnych w 2025 roku<\/strong> Odzwierciedlaj\u0105 one rynek pracy, kt\u00f3ry jest bardziej cyfrowy, ludzki i strategiczny ni\u017c kiedykolwiek wcze\u015bniej.<\/p>\n\n\n\n<figure class=\"wp-block-gallery has-nested-images columns-default is-cropped wp-block-gallery-1 is-layout-flex wp-block-gallery-is-layout-flex\">\n<figure class=\"wp-block-image size-full\"><img loading=\"lazy\" decoding=\"async\" width=\"450\" height=\"250\" data-id=\"10465\" src=\"https:\/\/universofamilia.com\/wp-content\/uploads\/sites\/148\/2025\/12\/Destaque-Novo-Universo-18.jpg\" alt=\"\" class=\"wp-image-10465\" srcset=\"http:\/\/universofamilia.com\/wp-content\/uploads\/sites\/148\/2025\/12\/Destaque-Novo-Universo-18.jpg 450w, http:\/\/universofamilia.com\/wp-content\/uploads\/sites\/148\/2025\/12\/Destaque-Novo-Universo-18-300x167.jpg 300w, http:\/\/universofamilia.com\/wp-content\/uploads\/sites\/148\/2025\/12\/Destaque-Novo-Universo-18-18x10.jpg 18w\" sizes=\"(max-width: 450px) 100vw, 450px\" \/><figcaption class=\"wp-element-caption\">Najcz\u0119stsze pytania na rozmowach kwalifikacyjnych w 2025 roku<\/figcaption><\/figure>\n<\/figure>\n\n\n\n<p class=\"has-text-align-center\">W kontek\u015bcie wsp\u00f3\u0142istnienia proces\u00f3w wirtualnych, sztucznej inteligencji w rekrutacji i globalnych zespo\u0142\u00f3w, rozmowy kwalifikacyjne przesta\u0142y koncentrowa\u0107 si\u0119 wy\u0142\u0105cznie na CV.<\/p>\n\n\n\n<p class=\"has-text-align-center\">Obecnie oceniane s\u0105 takie cechy jak my\u015blenie krytyczne, zdolno\u015b\u0107 adaptacji i konsekwencja zawodowa.<\/p>\n\n\n\n<p>Zanim przejdziemy dalej, przedstawiamy kr\u00f3tkie podsumowanie, kt\u00f3re u\u0142atwi lektur\u0119: jak zmieni\u0142o si\u0119 podej\u015bcie do rozm\u00f3w kwalifikacyjnych w 2025 r., czego tak naprawd\u0119 szukaj\u0105 firmy i jakie kategorie pyta\u0144 s\u0105 najcz\u0119\u015bciej zadawane.<\/p>\n\n\n\n<p>Jak odpowiedzie\u0107, aby nie brzmie\u0107 og\u00f3lnikowo, odpowiednie statystyki, dwa prawdziwe przyk\u0142ady, jasna analogia, praktyczna tabela i blok najcz\u0119\u015bciej zadawanych pyta\u0144.<\/p>\n\n\n\n<h2 class=\"wp-block-heading\"><strong>Dlaczego wywiady zmieni\u0142y si\u0119 tak bardzo w 2025 roku<\/strong><\/h2>\n\n\n\n<p>Zmiany w pracy przyspieszy\u0142y g\u0142\u0119bok\u0105 ewolucj\u0119 proces\u00f3w selekcji.<\/p>\n\n\n\n<p>Automatyzacja, praca zdalna i niedob\u00f3r wyspecjalizowanych talent\u00f3w zmusi\u0142y firmy do doprecyzowania swoich pyta\u0144.<\/p>\n\n\n\n<p>Ju\u017c nie wystarczy potwierdzi\u0107 do\u015bwiadczenie; teraz wa\u017cne jest zrozumienie, w jaki spos\u00f3b my\u015blisz, podejmujesz decyzje i dostosowujesz si\u0119.<\/p>\n\n\n\n<p>Zgodnie z <strong>Raport o przysz\u0142o\u015bci miejsc pracy ze \u015awiatowego Forum Ekonomicznego<\/strong>Umiej\u0119tno\u015bci interpersonalne, umiej\u0119tno\u015b\u0107 ci\u0105g\u0142ego uczenia si\u0119 i zdolno\u015b\u0107 rozwi\u0105zywania z\u0142o\u017conych problem\u00f3w nale\u017c\u0105 do cech najwy\u017cej cenionych przez pracodawc\u00f3w na ca\u0142ym \u015bwiecie.<\/p>\n\n\n\n<p>Trend ten wyja\u015bnia, dlaczego wsp\u00f3\u0142czesne wywiady wnikaj\u0105 coraz g\u0142\u0119biej w kwestie zachowa\u0144 i kryteri\u00f3w osobistych.<\/p>\n\n\n\n<h2 class=\"wp-block-heading\"><strong>Czego rekruterzy naprawd\u0119 szukaj\u0105 dzisiaj<\/strong><\/h2>\n\n\n\n<p>Za ka\u017cdym pytaniem kryje si\u0119 jasna intencja. Rekruter szuka sp\u00f3jno\u015bci mi\u0119dzy tym, co m\u00f3wisz, tym, co zrobi\u0142e\u015b i tym, co mo\u017cesz wnie\u015b\u0107.<\/p>\n\n\n\n<p>Wykazuje si\u0119 r\u00f3wnie\u017c jasnym przekazem my\u015bli, umiej\u0119tno\u015bci\u0105 radzenia sobie z presj\u0105 i zawodow\u0105 uczciwo\u015bci\u0105.<\/p>\n\n\n\n<p>Dobre reagowanie nie oznacza zapami\u0119tywania fraz, ale zrozumienie celu ka\u017cdego stwierdzenia. Kiedy rozpoznasz t\u0119 logik\u0119, tw\u00f3j dyskurs stanie si\u0119 bardziej naturalny i wiarygodny.<\/p>\n\n\n\n<h2 class=\"wp-block-heading\"><strong>Pytania dotycz\u0105ce \u015bcie\u017cki kariery<\/strong><\/h2>\n\n\n\n<p>Do\u015bwiadczenie pozostaje jedn\u0105 z g\u0142\u00f3wnych kategorii, cho\u0107 z innym naciskiem. Poprzednia pozycja nie jest ju\u017c jedynym czynnikiem; teraz liczy si\u0119 wytworzony wp\u0142yw.<\/p>\n\n\n\n<p>Tutaj pojawiaj\u0105 si\u0119 takie pytania:<\/p>\n\n\n\n<ul>\n<li>Opowiedz mi o swoim do\u015bwiadczeniu najbardziej odpowiednim dla tego stanowiska.<\/li>\n\n\n\n<li>Czego nauczy\u0142e\u015b si\u0119 na swoim poprzednim stanowisku, co chcia\u0142by\u015b lepiej wykorzysta\u0107 dzi\u015b?<\/li>\n<\/ul>\n\n\n\n<p>Nacisk po\u0142o\u017cony jest na nauk\u0119 i ewolucj\u0119, a nie na list\u0119 funkcji.<\/p>\n\n\n\n<h3 class=\"wp-block-heading\"><strong>Przyk\u0142ad 1<\/strong><\/h3>\n\n\n\n<p>Analityk danych opowiedzia\u0142a, jak przesz\u0142a od generowania raport\u00f3w do proponowania usprawnie\u0144 biznesowych na podstawie spostrze\u017ce\u0144.<\/p>\n\n\n\n<p>Ta opowie\u015b\u0107 pokaza\u0142a rozw\u00f3j, inicjatyw\u0119 i zgodno\u015b\u0107 z celami biznesowymi.<\/p>\n\n\n\n<h2 class=\"wp-block-heading\"><strong>Pytania dotycz\u0105ce kluczowych umiej\u0119tno\u015bci i kompetencji<\/strong><\/h2>\n\n\n\n<p>Do 2025 roku firmy b\u0119d\u0105 priorytetowo traktowa\u0107 umiej\u0119tno\u015bci transferowalne. W\u0142a\u015bnie dlatego pojawiaj\u0105 si\u0119 pytania koncentruj\u0105ce si\u0119 na sytuacjach z \u017cycia wzi\u0119tych, a nie na teoriach.<\/p>\n\n\n\n<p>Do najcz\u0119stszych nale\u017c\u0105:<\/p>\n\n\n\n<ul>\n<li>Jak sobie radzisz z nieoczekiwan\u0105 zmian\u0105 priorytet\u00f3w?<\/li>\n\n\n\n<li>Opisz sytuacj\u0119, w kt\u00f3rej musia\u0142e\u015b szybko nauczy\u0107 si\u0119 czego\u015b nowego.<\/li>\n<\/ul>\n\n\n\n<p>Tego typu pytania mierz\u0105 zdolno\u015b\u0107 adaptacji i nastawienie na rozw\u00f3j.<\/p>\n\n\n\n<h2 class=\"wp-block-heading\"><strong>Ocena umiej\u0119tno\u015bci cyfrowych i praca zdalna<\/strong><\/h2>\n\n\n\n<p>Kompetencje technologiczne nie s\u0105 ju\u017c zarezerwowane wy\u0142\u0105cznie dla profili technicznych. Niemal ka\u017cde stanowisko wymaga bieg\u0142o\u015bci cyfrowej i skutecznej komunikacji zdalnej.<\/p>\n\n\n\n<p>Z tego powodu cz\u0119sto pojawiaj\u0105 si\u0119 pytania dotycz\u0105ce organizacji, wsp\u00f3\u0142pracy wirtualnej i samozarz\u0105dzania. Nie szukaj\u0105 ekspert\u00f3w od oprogramowania, ale raczej specjalist\u00f3w od spraw funkcjonalnych w \u015brodowiskach cyfrowych.<\/p>\n\n\n\n<h2 class=\"wp-block-heading\"><strong>Pytania o kultur\u0119 i warto\u015bci<\/strong><\/h2>\n\n\n\n<p>Firmy zrozumia\u0142y, \u017ce zatrudnianie wy\u0142\u0105cznie ze wzgl\u0119du na umiej\u0119tno\u015bci techniczne prowadzi do d\u0142ugotrwa\u0142ych tar\u0107. W rezultacie kompatybilno\u015b\u0107 kulturowa sta\u0142a si\u0119 wa\u017cniejsza.<\/p>\n\n\n\n<p>Pytania takie jak \u201eco cenisz w zespole roboczym?\u201d lub \u201ejaki typ przyw\u00f3dztwa ci\u0119 motywuje?\u201d ujawniaj\u0105 oczekiwania, ograniczenia i styl zawodowy.<\/p>\n\n\n\n<p>Szczere odpowiedzi s\u0105 skuteczniejsze ni\u017c pr\u00f3ba przypodobania si\u0119 komu\u015b.<\/p>\n\n\n\n<h2 class=\"wp-block-heading\"><strong>Pytanie, kt\u00f3re prawie zawsze si\u0119 pojawia<\/strong><\/h2>\n\n\n\n<p>Mi\u0119dzy <strong>Najcz\u0119stsze pytania na rozmowach kwalifikacyjnych w 2025 roku<\/strong>Jest jedno, kt\u00f3re pozostaje aktualne, cho\u0107 ma pewne niuanse:<br><strong>Jakie s\u0105 Twoje mocne strony i obszary wymagaj\u0105ce poprawy?<\/strong><\/p>\n\n\n\n<p>Kluczem jest r\u00f3wnowaga. Przyznanie si\u0119 do realnej s\u0142abo\u015bci, po\u0142\u0105czone z podj\u0119ciem konkretnych dzia\u0142a\u0144 w celu jej poprawy, \u015bwiadczy o dojrza\u0142o\u015bci i samo\u015bwiadomo\u015bci.<\/p>\n\n\n\n<p>Omijanie wcze\u015bniej przygotowanych odpowiedzi mo\u017ce mie\u0107 du\u017ce znaczenie.<\/p>\n\n\n\n<h2 class=\"wp-block-heading\"><strong>Pytania dotycz\u0105ce rozwi\u0105zywania problem\u00f3w<\/strong><\/h2>\n\n\n\n<p>Organizacje poszukuj\u0105 os\u00f3b zdolnych do analizowania, podejmowania decyzji i dzia\u0142ania. Dlatego wywiady obejmuj\u0105 hipotetyczne scenariusze lub do\u015bwiadczenia z przesz\u0142o\u015bci.<\/p>\n\n\n\n<p>Nie ma tu jednej odpowiedzi. Wa\u017cne jest wyja\u015bnienie swojego toku rozumowania, rozwa\u017canych alternatyw i uzyskanego wyniku. Ten proces ujawnia Tw\u00f3j spos\u00f3b my\u015blenia.<\/p>\n\n\n\n<h3 class=\"wp-block-heading\"><strong>Przyk\u0142ad 2<\/strong><\/h3>\n\n\n\n<p>M\u0142odszy mened\u017cer opowiedzia\u0142, jak rozwi\u0105za\u0142 konflikt mi\u0119dzy dzia\u0142ami, stawiaj\u0105c na pierwszym miejscu dane, dialog i jasne porozumienia. Bardziej ni\u017c na ostateczne rozwi\u0105zanie, podkre\u015bli\u0142 swoje ustrukturyzowane i empatyczne podej\u015bcie.<\/p>\n\n\n\n<h2 class=\"wp-block-heading\"><strong>Pytania o motywacj\u0119 i cel<\/strong><\/h2>\n\n\n\n<p>Na rynku o du\u017cej rotacji firmy chc\u0105 wiedzie\u0107, dlaczego interesuje Ci\u0119 dane stanowisko.<\/p>\n\n\n\n<p>Pytania takie jak \u201eCo motywuje Ci\u0119 do tej roli?\u201d lub \u201eGdzie widzisz siebie za trzy lata?\u201d wskazuj\u0105 na oczekiwania i zaanga\u017cowanie.<\/p>\n\n\n\n<p>Odpowiadanie z perspektywy celu zawodowego, a nie tylko wynagrodzenia, pozwala nawi\u0105za\u0107 silniejsz\u0105 wi\u0119\u017a z osob\u0105 przeprowadzaj\u0105c\u0105 rozmow\u0119.<\/p>\n\n\n\n<h2 class=\"wp-block-heading\"><strong>Analogia, kt\u00f3ra pomaga zrozumie\u0107 proces<\/strong><\/h2>\n\n\n\n<p>Odpowiadanie na pytania w wywiadzie w 2025 roku b\u0119dzie wygl\u0105da\u0107 tak: <strong>nawiguj za pomoc\u0105 GPS-u<\/strong>.<\/p>\n\n\n\n<p>Cel jest jasny, ale prawdziwa warto\u015b\u0107 le\u017cy w tym, jak wybierzesz tras\u0119, jak zareagujesz na objazdy i jak \u015bwiadomy b\u0119dziesz pod\u0105\u017ca\u0107 \u015bcie\u017ck\u0105, kt\u00f3r\u0105 przeby\u0142e\u015b.<\/p>\n\n\n\n<h2 class=\"wp-block-heading\"><strong>Tabela: Najcz\u0119\u015bciej zadawane pytania w 2025 roku<\/strong><\/h2>\n\n\n\n<figure class=\"wp-block-table\"><table><thead><tr><th>Typ pytania<\/th><th>Co przede wszystkim ocenia<\/th><\/tr><\/thead><tbody><tr><td>Kariera zawodowa<\/td><td>Ewolucja i nauka<\/td><\/tr><tr><td>Umiej\u0119tno\u015bci<\/td><td>Zdolno\u015b\u0107 adaptacji i umiej\u0119tno\u015bci interpersonalne<\/td><\/tr><tr><td>Cyfrowe i zdalne<\/td><td>Autonomia i organizacja<\/td><\/tr><tr><td>Kultura i warto\u015bci<\/td><td>Zgodno\u015b\u0107 firmy<\/td><\/tr><tr><td>Rozwi\u0105zywanie problem\u00f3w<\/td><td>My\u015blenie krytyczne<\/td><\/tr><\/tbody><\/table><figcaption class=\"wp-element-caption\">Najcz\u0119stsze pytania na rozmowach kwalifikacyjnych w 2025 roku<\/figcaption><\/figure>\n\n\n\n<figure class=\"wp-block-gallery has-nested-images columns-default is-cropped wp-block-gallery-2 is-layout-flex wp-block-gallery-is-layout-flex\">\n<figure class=\"wp-block-image size-full\"><img loading=\"lazy\" decoding=\"async\" width=\"450\" height=\"250\" data-id=\"10467\" src=\"https:\/\/universofamilia.com\/wp-content\/uploads\/sites\/148\/2025\/12\/Destaque-Novo-Universo-19.jpg\" alt=\"\" class=\"wp-image-10467\" srcset=\"http:\/\/universofamilia.com\/wp-content\/uploads\/sites\/148\/2025\/12\/Destaque-Novo-Universo-19.jpg 450w, http:\/\/universofamilia.com\/wp-content\/uploads\/sites\/148\/2025\/12\/Destaque-Novo-Universo-19-300x167.jpg 300w, http:\/\/universofamilia.com\/wp-content\/uploads\/sites\/148\/2025\/12\/Destaque-Novo-Universo-19-18x10.jpg 18w\" sizes=\"(max-width: 450px) 100vw, 450px\" \/><figcaption class=\"wp-element-caption\">Najcz\u0119stsze pytania na rozmowach kwalifikacyjnych w 2025 roku<\/figcaption><\/figure>\n<\/figure>\n\n\n\n<p>Czytaj wi\u0119cej:\u00a0<a href=\"http:\/\/universofamilia.com\/pl\/el-teletrabajo-en-2025-las-nuevas-tendencias-del-home-office\/\">Telepraca w 2025 roku: Nowe trendy w pracy zdalnej<\/a><\/p>\n\n\n\n<h2 class=\"wp-block-heading\"><strong>Jak si\u0119 przygotowa\u0107, nie brzmi\u0105c jak wyuczony<\/strong><\/h2>\n\n\n\n<p>Skuteczne przygotowanie nie polega na zapami\u0119tywaniu odpowiedzi, ale na refleksji nad rzeczywistymi do\u015bwiadczeniami. Identyfikacja osi\u0105gni\u0119\u0107, wyzwa\u0144 i wyci\u0105gni\u0119tych wniosk\u00f3w pozwala reagowa\u0107 naturalnie.<\/p>\n\n\n\n<p>\u0106wiczenie na g\u0142os pomaga poprawi\u0107 p\u0142ynno\u015b\u0107, ale wa\u017cne jest r\u00f3wnie\u017c pozostawienie miejsca na spontaniczno\u015b\u0107. Wywiady ceni\u0105 autentyczno\u015b\u0107, a nie perfekcj\u0119.<\/p>\n\n\n\n<h2 class=\"wp-block-heading\"><strong>Typowe b\u0142\u0119dy, kt\u00f3re nadal kosztuj\u0105 szanse<\/strong><\/h2>\n\n\n\n<p>Nadmierne gadanie, unikanie odpowiedzi lub unikanie przyznawania si\u0119 do b\u0142\u0119d\u00f3w nadal jest szkodliwe. Podobnie jak odpowiadanie og\u00f3lnikami, kt\u00f3re nie maj\u0105 zwi\u0105zku z kontekstem.<\/p>\n\n\n\n<p>Natomiast jasno\u015b\u0107, konkretne przyk\u0142ady i aktywne s\u0142uchanie buduj\u0105 zaufanie. Osoba przeprowadzaj\u0105ca wywiad zauwa\u017ca sp\u00f3jno\u015b\u0107 mi\u0119dzy dyskursem a do\u015bwiadczeniem.<\/p>\n\n\n\n<h2 class=\"wp-block-heading\"><strong>Wniosek<\/strong><\/h2>\n\n\n\n<p>Chwyt <strong>Najcz\u0119stsze pytania na rozmowach kwalifikacyjnych w 2025 roku<\/strong> Dzi\u0119ki temu mo\u017cesz stawi\u0107 czo\u0142a procesom selekcji z wi\u0119ksz\u0105 pewno\u015bci\u0105 siebie i strategi\u0105.<\/p>\n\n\n\n<p>W dzisiejszych rozmowach kwalifikacyjnych poszukujemy os\u00f3b wszechstronnych: z umiej\u0119tno\u015bciami, warto\u015bciami i zdolno\u015bci\u0105 adaptacji.<\/p>\n\n\n\n<p>Przygotowanie si\u0119 poprzez samopoznanie, a nie sztywne schematy, zwi\u0119ksza szanse na sukces.<\/p>\n\n\n\n<p>Na konkurencyjnym rynku wyr\u00f3\u017cniaj\u0105 si\u0119 ci, kt\u00f3rzy komunikuj\u0105 si\u0119 jasno i autentycznie, bez potrzeby przesady.<\/p>\n\n\n\n<p>Czytaj wi\u0119cej:\u00a0<a href=\"http:\/\/universofamilia.com\/pl\/carreras-sostenibles-empleos-verdes-en-auge\/\">Zr\u00f3wnowa\u017cone kariery: rozkwit zielonych miejsc pracy<\/a><\/p>\n\n\n\n<h2 class=\"wp-block-heading\"><strong>Cz\u0119sto zadawane pytania<\/strong><\/h2>\n\n\n\n<p><strong>Czy pytania podczas rozm\u00f3w kwalifikacyjnych s\u0105 takie same we wszystkich sektorach?<\/strong><br>Nie. Mimo \u017ce istniej\u0105 pewne wsp\u00f3lne wzorce, ka\u017cda bran\u017ca k\u0142adzie nacisk na okre\u015blone umiej\u0119tno\u015bci.<\/p>\n\n\n\n<p><strong>Czy wskazane jest przygotowanie pisemnych odpowiedzi?<\/strong><br>Stanowi to \u0107wiczenie wst\u0119pne, ale w trakcie rozmowy lepiej jest odpowiada\u0107 naturalnie.<\/p>\n\n\n\n<p><strong>Jak wa\u017cne jest zachowanie uczciwo\u015bci?<\/strong><br>To kluczowe. Rekruterzy z \u0142atwo\u015bci\u0105 wykryj\u0105 nie\u015bcis\u0142o\u015bci.<\/p>\n\n\n\n<p><strong>Czy wirtualne wywiady zmieniaj\u0105 rodzaj zadawanych pyta\u0144?<\/strong><br>Uwaga pozostaje ta sama, chocia\u017c ocena komunikacji i samokontroli wzrasta.<\/p>\n\n\n\n<p><strong>Czy b\u0142\u0119dna odpowied\u017a na pytanie dyskwalifikuje kandydata?<\/strong><br>Niekoniecznie. Postawa, jasno\u015b\u0107 my\u015blenia i umiej\u0119tno\u015b\u0107 refleksji s\u0105 r\u00f3wnie wa\u017cne, jak szybka odpowied\u017a.<\/p>\n\n\n\n<p>W roku 2025 dobre przygotowanie nie oznacza idealnego wygl\u0105du, ale pokazanie tego, kim jeste\u015b, jak my\u015blisz i jak\u0105 rzeczywist\u0105 warto\u015b\u0107 mo\u017cesz wnie\u015b\u0107.<\/p>\n\n\n\n<p>To pozostaje najmocniejsz\u0105 odpowiedzi\u0105 w ka\u017cdym wywiadzie.<\/p>","protected":false},"excerpt":{"rendered":"<p>Najcz\u0119stsze pytania zadawane na rozmowach kwalifikacyjnych w 2025 roku odzwierciedlaj\u0105 rynek pracy, kt\u00f3ry jest bardziej cyfrowy, ludzki i strategiczny ni\u017c kiedykolwiek wcze\u015bniej. W kontek\u015bcie wsp\u00f3\u0142istnienia proces\u00f3w wirtualnych, sztucznej inteligencji w rekrutacji i globalnych zespo\u0142\u00f3w, rozmowy kwalifikacyjne nie skupiaj\u0105 si\u0119 ju\u017c wy\u0142\u0105cznie na CV. Dzi\u015b oceniaj\u0105 one krytyczne my\u015blenie, zdolno\u015b\u0107 adaptacji i sp\u00f3jno\u015b\u0107 zawodow\u0105. Zanim przejdziemy dalej, [\u2026]<\/p>","protected":false},"author":219,"featured_media":10466,"comment_status":"closed","ping_status":"open","sticky":false,"template":"","format":"standard","meta":{"footnotes":""},"categories":[5],"tags":[],"yoast_head":"<!-- This site is optimized with the Yoast SEO plugin v23.3 - https:\/\/yoast.com\/wordpress\/plugins\/seo\/ -->\n<title>Las preguntas de entrevista m\u00e1s comunes de 2025 - Universo Fam\u00edlia<\/title>\n<meta name=\"description\" content=\"Las preguntas de entrevista m\u00e1s comunes de 2025 reflejan un mercado laboral m\u00e1s digital, humano y estrat\u00e9gico que nunca.\" \/>\n<meta name=\"robots\" content=\"index, follow, max-snippet:-1, max-image-preview:large, max-video-preview:-1\" \/>\n<link rel=\"canonical\" href=\"https:\/\/universofamilia.com\/pl\/las-preguntas-de-entrevista-mas-comunes-de-2025\/\" \/>\n<meta property=\"og:locale\" content=\"pl_PL\" \/>\n<meta property=\"og:type\" content=\"article\" \/>\n<meta property=\"og:title\" content=\"Las preguntas de entrevista m\u00e1s comunes de 2025 - Universo Fam\u00edlia\" \/>\n<meta property=\"og:description\" content=\"Las preguntas de entrevista m\u00e1s comunes de 2025 reflejan un mercado laboral m\u00e1s digital, humano y estrat\u00e9gico que nunca.\" \/>\n<meta property=\"og:url\" content=\"https:\/\/universofamilia.com\/pl\/las-preguntas-de-entrevista-mas-comunes-de-2025\/\" \/>\n<meta property=\"og:site_name\" content=\"Universo Fam\u00edlia\" \/>\n<meta property=\"article:published_time\" content=\"2025-12-26T15:09:03+00:00\" \/>\n<meta property=\"article:modified_time\" content=\"2025-12-26T15:09:05+00:00\" \/>\n<meta property=\"og:image\" content=\"https:\/\/universofamilia.com\/wp-content\/uploads\/sites\/148\/2025\/12\/Destaque-Novo-Universo-18-1.jpg\" \/>\n\t<meta property=\"og:image:width\" content=\"450\" \/>\n\t<meta property=\"og:image:height\" content=\"250\" \/>\n\t<meta property=\"og:image:type\" content=\"image\/jpeg\" \/>\n<meta name=\"author\" content=\"Matheus Sangaletti\" \/>\n<meta name=\"twitter:card\" content=\"summary_large_image\" \/>\n<meta name=\"twitter:label1\" content=\"Written by\" \/>\n\t<meta name=\"twitter:data1\" content=\"Matheus Sangaletti\" \/>\n\t<meta name=\"twitter:label2\" content=\"Est. reading time\" \/>\n\t<meta name=\"twitter:data2\" content=\"7 minut\" \/>\n<script type=\"application\/ld+json\" class=\"yoast-schema-graph\">{\"@context\":\"https:\/\/schema.org\",\"@graph\":[{\"@type\":\"WebPage\",\"@id\":\"https:\/\/universofamilia.com\/sk\/las-preguntas-de-entrevista-mas-comunes-de-2025\/\",\"url\":\"https:\/\/universofamilia.com\/sk\/las-preguntas-de-entrevista-mas-comunes-de-2025\/\",\"name\":\"Las preguntas de entrevista m\u00e1s comunes de 2025 - Universo Fam\u00edlia\",\"isPartOf\":{\"@id\":\"http:\/\/universofamilia.com\/zh_hk\/#website\"},\"primaryImageOfPage\":{\"@id\":\"https:\/\/universofamilia.com\/sk\/las-preguntas-de-entrevista-mas-comunes-de-2025\/#primaryimage\"},\"image\":{\"@id\":\"https:\/\/universofamilia.com\/sk\/las-preguntas-de-entrevista-mas-comunes-de-2025\/#primaryimage\"},\"thumbnailUrl\":\"http:\/\/universofamilia.com\/wp-content\/uploads\/sites\/148\/2025\/12\/Destaque-Novo-Universo-18-1.jpg\",\"datePublished\":\"2025-12-26T15:09:03+00:00\",\"dateModified\":\"2025-12-26T15:09:05+00:00\",\"author\":{\"@id\":\"http:\/\/universofamilia.com\/zh_hk\/#\/schema\/person\/92fcd07e9b1f4323bf74f3170fc0f78a\"},\"description\":\"Las preguntas de entrevista m\u00e1s comunes de 2025 reflejan un mercado laboral m\u00e1s digital, humano y estrat\u00e9gico que nunca.\",\"breadcrumb\":{\"@id\":\"https:\/\/universofamilia.com\/sk\/las-preguntas-de-entrevista-mas-comunes-de-2025\/#breadcrumb\"},\"inLanguage\":\"pl-PL\",\"potentialAction\":[{\"@type\":\"ReadAction\",\"target\":[\"https:\/\/universofamilia.com\/sk\/las-preguntas-de-entrevista-mas-comunes-de-2025\/\"]}]},{\"@type\":\"ImageObject\",\"inLanguage\":\"pl-PL\",\"@id\":\"https:\/\/universofamilia.com\/sk\/las-preguntas-de-entrevista-mas-comunes-de-2025\/#primaryimage\",\"url\":\"http:\/\/universofamilia.com\/wp-content\/uploads\/sites\/148\/2025\/12\/Destaque-Novo-Universo-18-1.jpg\",\"contentUrl\":\"http:\/\/universofamilia.com\/wp-content\/uploads\/sites\/148\/2025\/12\/Destaque-Novo-Universo-18-1.jpg\",\"width\":450,\"height\":250,\"caption\":\"Las preguntas de entrevista m\u00e1s comunes de 2025\"},{\"@type\":\"BreadcrumbList\",\"@id\":\"https:\/\/universofamilia.com\/sk\/las-preguntas-de-entrevista-mas-comunes-de-2025\/#breadcrumb\",\"itemListElement\":[{\"@type\":\"ListItem\",\"position\":1,\"name\":\"Home\",\"item\":\"http:\/\/universofamilia.com\/zh_hk\/\"},{\"@type\":\"ListItem\",\"position\":2,\"name\":\"Las preguntas de entrevista m\u00e1s comunes de 2025\"}]},{\"@type\":\"WebSite\",\"@id\":\"http:\/\/universofamilia.com\/zh_hk\/#website\",\"url\":\"http:\/\/universofamilia.com\/zh_hk\/\",\"name\":\"Universo Fam\u00edlia\",\"description\":\"\",\"potentialAction\":[{\"@type\":\"SearchAction\",\"target\":{\"@type\":\"EntryPoint\",\"urlTemplate\":\"http:\/\/universofamilia.com\/zh_hk\/?s={search_term_string}\"},\"query-input\":\"required name=search_term_string\"}],\"inLanguage\":\"pl-PL\"},{\"@type\":\"Person\",\"@id\":\"http:\/\/universofamilia.com\/zh_hk\/#\/schema\/person\/92fcd07e9b1f4323bf74f3170fc0f78a\",\"name\":\"Matheus Sangaletti\",\"image\":{\"@type\":\"ImageObject\",\"inLanguage\":\"pl-PL\",\"@id\":\"http:\/\/universofamilia.com\/zh_hk\/#\/schema\/person\/image\/\",\"url\":\"http:\/\/2.gravatar.com\/avatar\/280ea957a14a48e6a1ad2133d2cc27c9?s=96&d=mm&r=g\",\"contentUrl\":\"http:\/\/2.gravatar.com\/avatar\/280ea957a14a48e6a1ad2133d2cc27c9?s=96&d=mm&r=g\",\"caption\":\"Matheus Sangaletti\"},\"url\":\"http:\/\/universofamilia.com\/pl\/author\/matheuss\/\"}]}<\/script>\n<!-- \/ Yoast SEO plugin. -->","yoast_head_json":{"title":"Las preguntas de entrevista m\u00e1s comunes de 2025 - Universo Fam\u00edlia","description":"Las preguntas de entrevista m\u00e1s comunes de 2025 reflejan un mercado laboral m\u00e1s digital, humano y estrat\u00e9gico que nunca.","robots":{"index":"index","follow":"follow","max-snippet":"max-snippet:-1","max-image-preview":"max-image-preview:large","max-video-preview":"max-video-preview:-1"},"canonical":"https:\/\/universofamilia.com\/pl\/las-preguntas-de-entrevista-mas-comunes-de-2025\/","og_locale":"pl_PL","og_type":"article","og_title":"Las preguntas de entrevista m\u00e1s comunes de 2025 - Universo Fam\u00edlia","og_description":"Las preguntas de entrevista m\u00e1s comunes de 2025 reflejan un mercado laboral m\u00e1s digital, humano y estrat\u00e9gico que nunca.","og_url":"https:\/\/universofamilia.com\/pl\/las-preguntas-de-entrevista-mas-comunes-de-2025\/","og_site_name":"Universo Fam\u00edlia","article_published_time":"2025-12-26T15:09:03+00:00","article_modified_time":"2025-12-26T15:09:05+00:00","og_image":[{"width":450,"height":250,"url":"https:\/\/universofamilia.com\/wp-content\/uploads\/sites\/148\/2025\/12\/Destaque-Novo-Universo-18-1.jpg","type":"image\/jpeg"}],"author":"Matheus Sangaletti","twitter_card":"summary_large_image","twitter_misc":{"Written by":"Matheus Sangaletti","Est. reading time":"7 minut"},"schema":{"@context":"https:\/\/schema.org","@graph":[{"@type":"WebPage","@id":"https:\/\/universofamilia.com\/sk\/las-preguntas-de-entrevista-mas-comunes-de-2025\/","url":"https:\/\/universofamilia.com\/sk\/las-preguntas-de-entrevista-mas-comunes-de-2025\/","name":"Las preguntas de entrevista m\u00e1s comunes de 2025 - Universo Fam\u00edlia","isPartOf":{"@id":"http:\/\/universofamilia.com\/zh_hk\/#website"},"primaryImageOfPage":{"@id":"https:\/\/universofamilia.com\/sk\/las-preguntas-de-entrevista-mas-comunes-de-2025\/#primaryimage"},"image":{"@id":"https:\/\/universofamilia.com\/sk\/las-preguntas-de-entrevista-mas-comunes-de-2025\/#primaryimage"},"thumbnailUrl":"http:\/\/universofamilia.com\/wp-content\/uploads\/sites\/148\/2025\/12\/Destaque-Novo-Universo-18-1.jpg","datePublished":"2025-12-26T15:09:03+00:00","dateModified":"2025-12-26T15:09:05+00:00","author":{"@id":"http:\/\/universofamilia.com\/zh_hk\/#\/schema\/person\/92fcd07e9b1f4323bf74f3170fc0f78a"},"description":"Las preguntas de entrevista m\u00e1s comunes de 2025 reflejan un mercado laboral m\u00e1s digital, humano y estrat\u00e9gico que nunca.","breadcrumb":{"@id":"https:\/\/universofamilia.com\/sk\/las-preguntas-de-entrevista-mas-comunes-de-2025\/#breadcrumb"},"inLanguage":"pl-PL","potentialAction":[{"@type":"ReadAction","target":["https:\/\/universofamilia.com\/sk\/las-preguntas-de-entrevista-mas-comunes-de-2025\/"]}]},{"@type":"ImageObject","inLanguage":"pl-PL","@id":"https:\/\/universofamilia.com\/sk\/las-preguntas-de-entrevista-mas-comunes-de-2025\/#primaryimage","url":"http:\/\/universofamilia.com\/wp-content\/uploads\/sites\/148\/2025\/12\/Destaque-Novo-Universo-18-1.jpg","contentUrl":"http:\/\/universofamilia.com\/wp-content\/uploads\/sites\/148\/2025\/12\/Destaque-Novo-Universo-18-1.jpg","width":450,"height":250,"caption":"Las preguntas de entrevista m\u00e1s comunes de 2025"},{"@type":"BreadcrumbList","@id":"https:\/\/universofamilia.com\/sk\/las-preguntas-de-entrevista-mas-comunes-de-2025\/#breadcrumb","itemListElement":[{"@type":"ListItem","position":1,"name":"Home","item":"http:\/\/universofamilia.com\/zh_hk\/"},{"@type":"ListItem","position":2,"name":"Las preguntas de entrevista m\u00e1s comunes de 2025"}]},{"@type":"WebSite","@id":"http:\/\/universofamilia.com\/zh_hk\/#website","url":"http:\/\/universofamilia.com\/zh_hk\/","name":"Universo Fam\u00edlia","description":"","potentialAction":[{"@type":"SearchAction","target":{"@type":"EntryPoint","urlTemplate":"http:\/\/universofamilia.com\/zh_hk\/?s={search_term_string}"},"query-input":"required name=search_term_string"}],"inLanguage":"pl-PL"},{"@type":"Person","@id":"http:\/\/universofamilia.com\/zh_hk\/#\/schema\/person\/92fcd07e9b1f4323bf74f3170fc0f78a","name":"Matheus Sangaletti","image":{"@type":"ImageObject","inLanguage":"pl-PL","@id":"http:\/\/universofamilia.com\/zh_hk\/#\/schema\/person\/image\/","url":"http:\/\/2.gravatar.com\/avatar\/280ea957a14a48e6a1ad2133d2cc27c9?s=96&d=mm&r=g","contentUrl":"http:\/\/2.gravatar.com\/avatar\/280ea957a14a48e6a1ad2133d2cc27c9?s=96&d=mm&r=g","caption":"Matheus Sangaletti"},"url":"http:\/\/universofamilia.com\/pl\/author\/matheuss\/"}]}},"_links":{"self":[{"href":"http:\/\/universofamilia.com\/pl\/wp-json\/wp\/v2\/posts\/10464"}],"collection":[{"href":"http:\/\/universofamilia.com\/pl\/wp-json\/wp\/v2\/posts"}],"about":[{"href":"http:\/\/universofamilia.com\/pl\/wp-json\/wp\/v2\/types\/post"}],"author":[{"embeddable":true,"href":"http:\/\/universofamilia.com\/pl\/wp-json\/wp\/v2\/users\/219"}],"replies":[{"embeddable":true,"href":"http:\/\/universofamilia.com\/pl\/wp-json\/wp\/v2\/comments?post=10464"}],"version-history":[{"count":1,"href":"http:\/\/universofamilia.com\/pl\/wp-json\/wp\/v2\/posts\/10464\/revisions"}],"predecessor-version":[{"id":10468,"href":"http:\/\/universofamilia.com\/pl\/wp-json\/wp\/v2\/posts\/10464\/revisions\/10468"}],"wp:featuredmedia":[{"embeddable":true,"href":"http:\/\/universofamilia.com\/pl\/wp-json\/wp\/v2\/media\/10466"}],"wp:attachment":[{"href":"http:\/\/universofamilia.com\/pl\/wp-json\/wp\/v2\/media?parent=10464"}],"wp:term":[{"taxonomy":"category","embeddable":true,"href":"http:\/\/universofamilia.com\/pl\/wp-json\/wp\/v2\/categories?post=10464"},{"taxonomy":"post_tag","embeddable":true,"href":"http:\/\/universofamilia.com\/pl\/wp-json\/wp\/v2\/tags?post=10464"}],"curies":[{"name":"wp","href":"https:\/\/api.w.org\/{rel}","templated":true}]}}