{"id":10479,"date":"2025-12-29T09:09:19","date_gmt":"2025-12-29T12:09:19","guid":{"rendered":"https:\/\/universofamilia.com\/?p=10479"},"modified":"2025-12-29T09:11:25","modified_gmt":"2025-12-29T12:11:25","slug":"la-salud-mental-en-la-mira","status":"publish","type":"post","link":"http:\/\/universofamilia.com\/pl\/la-salud-mental-en-la-mira\/","title":{"rendered":"Zdrowie psychiczne w centrum uwagi: nowe globalne wyzwanie XXI wieku"},"content":{"rendered":"<p class=\"has-text-align-center\"><strong>Zdrowie psychiczne w centrum uwagi: nowe globalne wyzwanie XXI wieku.<\/strong> Nie jest to ju\u017c alarmistyczne has\u0142o ani problem dotycz\u0105cy wy\u0142\u0105cznie \u015brodowiska medycznego.<\/p>\n\n\n\n<figure class=\"wp-block-gallery has-nested-images columns-default is-cropped wp-block-gallery-1 is-layout-flex wp-block-gallery-is-layout-flex\">\n<figure class=\"wp-block-image size-full\"><img loading=\"lazy\" decoding=\"async\" width=\"450\" height=\"250\" data-id=\"10481\" src=\"https:\/\/universofamilia.com\/wp-content\/uploads\/sites\/148\/2025\/12\/Destaque-Novo-Universo-20-1.jpg\" alt=\"\" class=\"wp-image-10481\" srcset=\"http:\/\/universofamilia.com\/wp-content\/uploads\/sites\/148\/2025\/12\/Destaque-Novo-Universo-20-1.jpg 450w, http:\/\/universofamilia.com\/wp-content\/uploads\/sites\/148\/2025\/12\/Destaque-Novo-Universo-20-1-300x167.jpg 300w, http:\/\/universofamilia.com\/wp-content\/uploads\/sites\/148\/2025\/12\/Destaque-Novo-Universo-20-1-18x10.jpg 18w\" sizes=\"(max-width: 450px) 100vw, 450px\" \/><figcaption class=\"wp-element-caption\">Zdrowie psychiczne w centrum uwagi: nowe globalne wyzwanie XXI wieku.<\/figcaption><\/figure>\n<\/figure>\n\n\n\n<p class=\"has-text-align-center\">Sta\u0142o si\u0119 to priorytetem spo\u0142ecznym, ekonomicznym i politycznym, kt\u00f3ry przekracza granice wieku, zawodu i kultury.<\/p>\n\n\n\n<p class=\"has-text-align-center\">W roku 2025 m\u00f3wienie o dobrostanie emocjonalnym oznacza rozmow\u0119 o produktywno\u015bci, relacjach, edukacji, technologii i jako\u015bci \u017cycia.<\/p>\n\n\n\n<p>Zanim przejdziemy do szczeg\u00f3\u0142\u00f3w, warto przejrze\u0107 kr\u00f3tkie podsumowanie: dlaczego zdrowie psychiczne jest obecnie w centrum globalnej debaty, jakie czynniki odpowiadaj\u0105 za jego pogarszanie si\u0119 i jak wp\u0142ywa ono na gospodark\u0119 i codzienne \u017cycie.<\/p>\n\n\n\n<p>Kluczowe statystyki poparte przez organizacje mi\u0119dzynarodowe, dwa przyk\u0142ady z \u017cycia wzi\u0119te, rzucaj\u0105ca \u015bwiat\u0142o analogia, tabela przedstawiaj\u0105ca bie\u017c\u0105ce wyzwania oraz sekcja z odpowiedziami na cz\u0119sto zadawane pytania.<\/p>\n\n\n\n<h2 class=\"wp-block-heading\"><strong>Dlaczego zdrowie psychiczne sta\u0142o si\u0119 centralnym tematem globalnej dyskusji<\/strong><\/h2>\n\n\n\n<p>Przez dekady dobrostan psychiczny by\u0142 spychany na dalszy plan. Jednak gwa\u0142towne zmiany XXI wieku zmusi\u0142y nas do zmierzenia si\u0119 z problemem, kt\u00f3ry po cichu narasta\u0142.<\/p>\n\n\n\n<p>Intensywny rytm pracy, hiper\u0142\u0105czno\u015b\u0107, niepewno\u015b\u0107 gospodarcza i g\u0142\u0119bokie przemiany spo\u0142eczne stworzy\u0142y z\u0142o\u017cone pod\u0142o\u017ce dla rozwoju tej choroby.<\/p>\n\n\n\n<p>W tym kontek\u015bcie, <strong>Zdrowie psychiczne w centrum uwagi: nowe globalne wyzwanie XXI wieku.<\/strong> Przesta\u0142o by\u0107 to sformu\u0142owanie akademickie, a sta\u0142o si\u0119 codzienn\u0105 rzeczywisto\u015bci\u0105.<\/p>\n\n\n\n<p>Obecnie rz\u0105dy, przedsi\u0119biorstwa i systemy edukacyjne zdaj\u0105 sobie spraw\u0119, \u017ce ignorowanie tego aspektu mo\u017ce mie\u0107 namacalne i kosztowne konsekwencje.<\/p>\n\n\n\n<h2 class=\"wp-block-heading\"><strong>Problem, kt\u00f3ry nie zna granic ani wieku<\/strong><\/h2>\n\n\n\n<p>Zdrowie psychiczne nie dotyczy tylko niekt\u00f3rych kraj\u00f3w lub grup spo\u0142ecznych.<\/p>\n\n\n\n<p>To powszechne zjawisko. M\u0142odzi ludzie, doro\u015bli i osoby starsze zmagaj\u0105 si\u0119 z rosn\u0105cym poziomem stresu, l\u0119ku i wyczerpania emocjonalnego.<\/p>\n\n\n\n<p>Wed\u0142ug danych z <strong>\u015awiatowa Organizacja Zdrowia (WHO)<\/strong>, oko\u0142o <strong>1 na 8 os\u00f3b na \u015bwiecie \u017cyje z jak\u0105\u015b form\u0105 zaburze\u0144 psychicznych<\/strong>Liczba ta odzwierciedla skal\u0119 wyzwania i jego bezpo\u015bredni wp\u0142yw na systemy opieki zdrowotnej i gospodark\u0119 \u015bwiatow\u0105.<\/p>\n\n\n\n<p>Dane te, zaktualizowane w ostatnich raportach agencji, potwierdzaj\u0105, \u017ce nie s\u0105 to odosobnione przypadki, lecz problem strukturalny.<\/p>\n\n\n\n<h2 class=\"wp-block-heading\"><strong>Cichy wp\u0142yw na gospodark\u0119 i prac\u0119<\/strong><\/h2>\n\n\n\n<p>Opr\u00f3cz cierpienia jednostki, upo\u015bledzenie zdrowia psychicznego wp\u0142ywa na produktywno\u015b\u0107, zwi\u0119ksza liczb\u0119 nieobecno\u015bci i podnosi koszty opieki zdrowotnej.<\/p>\n\n\n\n<p>Przedsi\u0119biorstwa zacz\u0119\u0142y zdawa\u0107 sobie spraw\u0119, \u017ce dbanie o dobre samopoczucie emocjonalne nie jest dodatkow\u0105 korzy\u015bci\u0105, ale strategiczn\u0105 inwestycj\u0105.<\/p>\n\n\n\n<p>Do 2025 roku wiele organizacji wprowadzi programy wsparcia psychologicznego, elastyczne harmonogramy pracy i polityk\u0119 od\u0142\u0105czenia cyfrowego.<\/p>\n\n\n\n<p>Robi\u0105 to nie tylko z poczucia odpowiedzialno\u015bci spo\u0142ecznej, ale dlatego, \u017ce wyniki wyra\u017anie pokazuj\u0105 popraw\u0119 wydajno\u015bci i zaanga\u017cowania.<\/p>\n\n\n\n<h2 class=\"wp-block-heading\"><strong>Technologia: sojusznik i ryzyko<\/strong><\/h2>\n\n\n\n<p>Technologia odgrywa ambiwalentn\u0105 rol\u0119. Z jednej strony u\u0142atwia dost\u0119p do informacji, terapii online i spo\u0142eczno\u015bci wsparcia.<\/p>\n\n\n\n<p>Z drugiej strony, nasila por\u00f3wnywanie si\u0119 z innymi lud\u017ami, nadmiern\u0105 ekspozycj\u0119 i trudno\u015b\u0107 w od\u0142\u0105czeniu si\u0119 od otoczenia.<\/p>\n\n\n\n<p>Wyzwaniem jest m\u0105dre wykorzystanie narz\u0119dzi cyfrowych.<\/p>\n\n\n\n<p>Kluczem nie jest demonizowanie technologii, lecz ustalenie zdrowych granic, kt\u00f3re pozwol\u0105 nam korzysta\u0107 z jej dobrodziejstw bez po\u015bwi\u0119cania r\u00f3wnowagi emocjonalnej.<\/p>\n\n\n\n<h2 class=\"wp-block-heading\"><strong>Edukacja emocjonalna: d\u0142ug historyczny<\/strong><\/h2>\n\n\n\n<p>Przez lata systemy edukacyjne priorytetowo traktowa\u0142y tre\u015bci akademickie, zaniedbuj\u0105c podstawowe umiej\u0119tno\u015bci emocjonalne. Dzi\u015b to zaniedbanie zbiera swoje \u017cniwo.<\/p>\n\n\n\n<p>Wiedza o emocjach staje si\u0119 coraz bardziej piln\u0105 potrzeb\u0105.<\/p>\n\n\n\n<p>W\u0142\u0105czenie umiej\u0119tno\u015bci radzenia sobie ze stresem, empatii i samo\u015bwiadomo\u015bci od najm\u0142odszych lat nie tylko zapobiega przysz\u0142ym zaburzeniom, ale tak\u017ce kszta\u0142tuje bardziej odpornych i \u015bwiadomych obywateli.<\/p>\n\n\n\n<h3 class=\"wp-block-heading\"><strong>Przyk\u0142ad 1<\/strong><\/h3>\n\n\n\n<p>Publiczna szko\u0142a w Ameryce \u0141aci\u0144skiej prowadzi\u0142a cotygodniowe warsztaty z zakresu edukacji emocjonalnej.<\/p>\n\n\n\n<p>Wed\u0142ug wewn\u0119trznych raport\u00f3w o\u015brodka edukacyjnego, w ci\u0105gu nieca\u0142ego roku konflikty mi\u0119dzy uczniami zmniejszy\u0142y si\u0119, a ich og\u00f3lne wyniki w nauce uleg\u0142y poprawie.<\/p>\n\n\n\n<h2 class=\"wp-block-heading\"><strong>Pi\u0119tno: najbardziej uporczywy wr\u00f3g<\/strong><\/h2>\n\n\n\n<p>Cho\u0107 dyskurs si\u0119 zmieni\u0142, pi\u0119tno pozosta\u0142o. Wiele os\u00f3b unika proszenia o pomoc z obawy przed ocen\u0105 spo\u0142eczn\u0105 lub zawodow\u0105.<\/p>\n\n\n\n<p>Taka cisza pogarsza objawy i op\u00f3\u017ania podj\u0119cie skutecznego leczenia.<\/p>\n\n\n\n<p>Kluczowe jest ukazanie zdrowia psychicznego jako integralnej cz\u0119\u015bci og\u00f3lnego stanu zdrowia. Normalizacja rozm\u00f3w na ten temat oszcz\u0119dza czas, zasoby, a w niekt\u00f3rych przypadkach \u017cycie.<\/p>\n\n\n\n<h2 class=\"wp-block-heading\"><strong>Analogia, kt\u00f3ra pomaga zrozumie\u0107 pilno\u015b\u0107<\/strong><\/h2>\n\n\n\n<p>Dbanie o zdrowie psychiczne jest podobne do <strong>utrzymywa\u0107 system operacyjny urz\u0105dzenia<\/strong>.<\/p>\n\n\n\n<p>Mo\u017cesz mie\u0107 najlepszy sprz\u0119t, ale je\u015bli oprogramowanie zawiedzie, ca\u0142y system stanie si\u0119 powolny, niestabilny i podatny na ataki. Ignorowanie sygna\u0142\u00f3w ostrzegawczych tylko pogorszy og\u00f3ln\u0105 wydajno\u015b\u0107.<\/p>\n\n\n\n<h2 class=\"wp-block-heading\"><strong>Polityki publiczne i odpowiedzialno\u015b\u0107 zbiorowa<\/strong><\/h2>\n\n\n\n<p>Rz\u0105dy stoj\u0105 przed wyzwaniem zaprojektowania kompleksowej, dost\u0119pnej i zr\u00f3wnowa\u017conej polityki.<\/p>\n\n\n\n<p>Samo zwi\u0119kszenie bud\u017cet\u00f3w nie wystarczy; konieczna jest koordynacja dzia\u0142a\u0144 sektora ochrony zdrowia, edukacji, zatrudnienia i rozwoju spo\u0142ecznego.<\/p>\n\n\n\n<p>Jednocze\u015bnie odpowiedzialno\u015b\u0107 nie spoczywa wy\u0142\u0105cznie na instytucjach.<\/p>\n\n\n\n<p>Spo\u0142eczno\u015bci, rodziny i \u015brodowisko pracy odgrywaj\u0105 podstawow\u0105 rol\u0119 w zapobieganiu i wspieraniu.<\/p>\n\n\n\n<h2 class=\"wp-block-heading\"><strong>Tabela: G\u0142\u00f3wne aktualne wyzwania w zakresie zdrowia psychicznego<\/strong><\/h2>\n\n\n\n<figure class=\"wp-block-table\"><table><thead><tr><th>Globalne wyzwanie<\/th><th>G\u0142\u00f3wny wp\u0142yw<\/th><\/tr><\/thead><tbody><tr><td>Przewlek\u0142y stres w pracy<\/td><td>Wypalenie zawodowe i niska produktywno\u015b\u0107<\/td><\/tr><tr><td>Stygmatyzacja spo\u0142eczna<\/td><td>Brak wczesnej diagnozy<\/td><\/tr><tr><td>Ograniczony dost\u0119p do opieki<\/td><td>Luki w zdrowiu publicznym<\/td><\/tr><tr><td>Nadmierne korzystanie z technologii<\/td><td>L\u0119k i od\u0142\u0105czenie emocjonalne<\/td><\/tr><tr><td>Brak edukacji emocjonalnej<\/td><td>Ni\u017csza odporno\u015b\u0107 spo\u0142eczna<\/td><\/tr><\/tbody><\/table><figcaption class=\"wp-element-caption\">Zdrowie psychiczne w centrum uwagi: nowe globalne wyzwanie XXI wieku.<\/figcaption><\/figure>\n\n\n\n<figure class=\"wp-block-gallery has-nested-images columns-default is-cropped wp-block-gallery-2 is-layout-flex wp-block-gallery-is-layout-flex\">\n<figure class=\"wp-block-image size-full\"><img loading=\"lazy\" decoding=\"async\" width=\"450\" height=\"250\" data-id=\"10482\" src=\"https:\/\/universofamilia.com\/wp-content\/uploads\/sites\/148\/2025\/12\/Destaque-Novo-Universo-21.jpg\" alt=\"\" class=\"wp-image-10482\" srcset=\"http:\/\/universofamilia.com\/wp-content\/uploads\/sites\/148\/2025\/12\/Destaque-Novo-Universo-21.jpg 450w, http:\/\/universofamilia.com\/wp-content\/uploads\/sites\/148\/2025\/12\/Destaque-Novo-Universo-21-300x167.jpg 300w, http:\/\/universofamilia.com\/wp-content\/uploads\/sites\/148\/2025\/12\/Destaque-Novo-Universo-21-18x10.jpg 18w\" sizes=\"(max-width: 450px) 100vw, 450px\" \/><figcaption class=\"wp-element-caption\">Zdrowie psychiczne w centrum uwagi: nowe globalne wyzwanie XXI wieku.<\/figcaption><\/figure>\n<\/figure>\n\n\n\n<p>Czytaj wi\u0119cej:\u00a0<a href=\"http:\/\/universofamilia.com\/pl\/descubrimientos-cientificos-que-cambiaran-el-futuro\/\">Odkrycia naukowe, kt\u00f3re zmieni\u0105 przysz\u0142o\u015b\u0107<\/a><\/p>\n\n\n\n<h2 class=\"wp-block-heading\"><strong>Znaczenie m\u00f3wienia, s\u0142uchania i dzia\u0142ania<\/strong><\/h2>\n\n\n\n<p>Stworzenie przestrzeni do szczerego dialogu naprawd\u0119 wiele zmienia. S\u0142uchanie bez os\u0105dzania i akceptowanie emocji wzmacnia wi\u0119zi i zmniejsza izolacj\u0119.<\/p>\n\n\n\n<p>Ponadto promuje kultur\u0119, w kt\u00f3rej proszenie o pomoc nie jest postrzegane jako s\u0142abo\u015b\u0107, ale jako osobista odpowiedzialno\u015b\u0107.<\/p>\n\n\n\n<h3 class=\"wp-block-heading\"><strong>Przyk\u0142ad 2<\/strong><\/h3>\n\n\n\n<p>Firma us\u0142ugowa wprowadzi\u0142a dobrowolne sesje wsparcia psychologicznego.<\/p>\n\n\n\n<p>Po sze\u015bciu miesi\u0105cach zespo\u0142y zg\u0142osi\u0142y wi\u0119ksz\u0105 sp\u00f3jno\u015b\u0107 i mniejsze odczuwanie stresu, co znalaz\u0142o odzwierciedlenie w wewn\u0119trznej ocenie klimatu w miejscu pracy.<\/p>\n\n\n\n<h2 class=\"wp-block-heading\"><strong>Dlaczego to wyzwanie definiuje XXI wiek?<\/strong><\/h2>\n\n\n\n<p>Poniewa\u017c nigdy wcze\u015bniej ludzko\u015b\u0107 nie mia\u0142a do dyspozycji tak du\u017cej ilo\u015bci informacji i jednocze\u015bnie nie by\u0142a nara\u017cona na tak wiele czynnik\u00f3w nacisku.<\/p>\n\n\n\n<p>Globalizacja, kryzys klimatyczny, zmiany technologiczne i napi\u0119cia geopolityczne bezpo\u015brednio wp\u0142ywaj\u0105 na stabilno\u015b\u0107 emocjonaln\u0105.<\/p>\n\n\n\n<p>Czy ma sens m\u00f3wi\u0107 o post\u0119pie, je\u015bli zaniedbujemy ludzkie zdrowie psychiczne?<\/p>\n\n\n\n<h2 class=\"wp-block-heading\"><strong>Patrz\u0105c w przysz\u0142o\u015b\u0107 z odpowiedzialno\u015bci\u0105<\/strong><\/h2>\n\n\n\n<p>W 2025 roku <strong>Zdrowie psychiczne w centrum uwagi: nowe globalne wyzwanie XXI wieku.<\/strong> Wymaga to konkretnych dzia\u0142a\u0144, a nie tylko przem\u00f3wie\u0144.<\/p>\n\n\n\n<p>Inwestowanie w profilaktyk\u0119, edukacj\u0119 i dost\u0119p do leczenia jest tak samo wa\u017cne jak inwestowanie w infrastruktur\u0119 fizyczn\u0105.<\/p>\n\n\n\n<p>Przysz\u0142o\u015b\u0107 zale\u017ce\u0107 b\u0119dzie od zbiorowej zdolno\u015bci zrozumienia, \u017ce zdrowie psychiczne nie jest luksusem, ale filarem zr\u00f3wnowa\u017conego rozwoju.<\/p>\n\n\n\n<h2 class=\"wp-block-heading\"><strong>Wniosek<\/strong><\/h2>\n\n\n\n<p>Zdrowie psychiczne definiuje spos\u00f3b, w jaki pracujemy, uczymy si\u0119, komunikujemy z innymi i planujemy przysz\u0142o\u015b\u0107. Ignorowanie go oznacza ponoszenie stale rosn\u0105cych koszt\u00f3w ludzkich i ekonomicznych.<\/p>\n\n\n\n<p>Natomiast podej\u015bcie do tego problemu z powag\u0105, empati\u0105 i strategi\u0105 otwiera drzwi do bardziej zr\u00f3wnowa\u017conych i odpornych spo\u0142ecze\u0144stw.<\/p>\n\n\n\n<p>Wyzwanie zosta\u0142o postawione. Pytanie nie brzmi ju\u017c, czy powinni\u015bmy dzia\u0142a\u0107, ale jak i z jak\u0105 pilno\u015bci\u0105.<\/p>\n\n\n\n<p>Czytaj wi\u0119cej:\u00a0<a href=\"http:\/\/universofamilia.com\/pl\/el-crecimiento-del-comercio-electronico-mundial-en-2025\/\">Wzrost globalnego handlu elektronicznego w 2025 r.<\/a><\/p>\n\n\n\n<h2 class=\"wp-block-heading\"><strong>Cz\u0119sto zadawane pytania<\/strong><\/h2>\n\n\n\n<p><strong>Czy zdrowie psychiczne to tylko kwestia indywidualna?<\/strong><br>Nie. Chodzi o czynniki spo\u0142eczne, ekonomiczne i kulturowe, kt\u00f3re wymagaj\u0105 zbiorowej reakcji.<\/p>\n\n\n\n<p><strong>Czy szukanie pomocy psychologicznej jest nadal \u017ale widziane?<\/strong><br>Pi\u0119tno zmala\u0142o, ale w niekt\u00f3rych kr\u0119gach nadal si\u0119 utrzymuje. Otwarte m\u00f3wienie pomaga zmieni\u0107 to postrzeganie.<\/p>\n\n\n\n<p><strong>Czy technologia pogarsza zdrowie psychiczne?<\/strong><br>Zale\u017cy to od sposobu u\u017cytkowania. Mo\u017ce by\u0107 narz\u0119dziem wspomagaj\u0105cym lub czynnikiem ryzyka, je\u015bli nie jest regulowany.<\/p>\n\n\n\n<p><strong>Czy firmy powinny anga\u017cowa\u0107 si\u0119 w t\u0119 spraw\u0119?<\/strong><br>Tak. Dobre samopoczucie emocjonalne ma bezpo\u015bredni wp\u0142yw na wydajno\u015b\u0107 i zr\u00f3wnowa\u017cony rozw\u00f3j organizacji.<\/p>\n\n\n\n<p><strong>Czy profilaktyka naprawd\u0119 dzia\u0142a?<\/strong><br>R\u00f3\u017cne programy pokazuj\u0105, \u017ce edukacja emocjonalna i wczesne wykrywanie problem\u00f3w redukuj\u0105 problemy d\u0142ugoterminowe.<\/p>\n\n\n\n<p>Powa\u017cne i ludzkie podej\u015bcie do kwestii zdrowia psychicznego nie tylko poprawia jako\u015b\u0107 \u017cycia poszczeg\u00f3lnych os\u00f3b, ale tak\u017ce zmienia oblicze XXI wieku.<\/p>","protected":false},"excerpt":{"rendered":"<p>La salud mental en la mira: el nuevo desaf\u00edo global del siglo XXI. ya no es una consigna alarmista ni un tema exclusivo del \u00e1mbito m\u00e9dico. Se convirti\u00f3 en una prioridad social, econ\u00f3mica y pol\u00edtica que atraviesa edades, profesiones y culturas. En 2025, hablar de bienestar emocional implica hablar de productividad, v\u00ednculos, educaci\u00f3n, tecnolog\u00eda y [&hellip;]<\/p>","protected":false},"author":219,"featured_media":10480,"comment_status":"closed","ping_status":"open","sticky":false,"template":"","format":"standard","meta":{"footnotes":""},"categories":[4],"tags":[],"yoast_head":"<!-- This site is optimized with the Yoast SEO plugin v23.3 - https:\/\/yoast.com\/wordpress\/plugins\/seo\/ -->\n<title>La salud mental en la mira: el nuevo desaf\u00edo global del siglo XXI - Universo Fam\u00edlia<\/title>\n<meta name=\"description\" content=\"La salud mental en la mira: el nuevo desaf\u00edo global del siglo XXI. ya no es una consigna alarmista ni un tema exclusivo del \u00e1mbito m\u00e9dico.\" \/>\n<meta name=\"robots\" content=\"index, follow, max-snippet:-1, max-image-preview:large, max-video-preview:-1\" \/>\n<link rel=\"canonical\" href=\"https:\/\/universofamilia.com\/pl\/la-salud-mental-en-la-mira\/\" \/>\n<meta property=\"og:locale\" content=\"pl_PL\" \/>\n<meta property=\"og:type\" content=\"article\" \/>\n<meta property=\"og:title\" content=\"La salud mental en la mira: el nuevo desaf\u00edo global del siglo XXI - Universo Fam\u00edlia\" \/>\n<meta property=\"og:description\" content=\"La salud mental en la mira: el nuevo desaf\u00edo global del siglo XXI. ya no es una consigna alarmista ni un tema exclusivo del \u00e1mbito m\u00e9dico.\" \/>\n<meta property=\"og:url\" content=\"https:\/\/universofamilia.com\/pl\/la-salud-mental-en-la-mira\/\" \/>\n<meta property=\"og:site_name\" content=\"Universo Fam\u00edlia\" \/>\n<meta property=\"article:published_time\" content=\"2025-12-29T12:09:19+00:00\" \/>\n<meta property=\"article:modified_time\" content=\"2025-12-29T12:11:25+00:00\" \/>\n<meta property=\"og:image\" content=\"https:\/\/universofamilia.com\/wp-content\/uploads\/sites\/148\/2025\/12\/Destaque-Novo-Universo-20.jpg\" \/>\n\t<meta property=\"og:image:width\" content=\"450\" \/>\n\t<meta property=\"og:image:height\" content=\"250\" \/>\n\t<meta property=\"og:image:type\" content=\"image\/jpeg\" \/>\n<meta name=\"author\" content=\"Matheus Sangaletti\" \/>\n<meta name=\"twitter:card\" content=\"summary_large_image\" \/>\n<meta name=\"twitter:label1\" content=\"Written by\" \/>\n\t<meta name=\"twitter:data1\" content=\"Matheus Sangaletti\" \/>\n\t<meta name=\"twitter:label2\" content=\"Est. reading time\" \/>\n\t<meta name=\"twitter:data2\" content=\"1 minuta\" \/>\n<script type=\"application\/ld+json\" class=\"yoast-schema-graph\">{\"@context\":\"https:\/\/schema.org\",\"@graph\":[{\"@type\":\"WebPage\",\"@id\":\"https:\/\/universofamilia.com\/zh_hk\/la-salud-mental-en-la-mira\/\",\"url\":\"https:\/\/universofamilia.com\/zh_hk\/la-salud-mental-en-la-mira\/\",\"name\":\"La salud mental en la mira: el nuevo desaf\u00edo global del siglo XXI - Universo Fam\u00edlia\",\"isPartOf\":{\"@id\":\"http:\/\/universofamilia.com\/zh_hk\/#website\"},\"primaryImageOfPage\":{\"@id\":\"https:\/\/universofamilia.com\/zh_hk\/la-salud-mental-en-la-mira\/#primaryimage\"},\"image\":{\"@id\":\"https:\/\/universofamilia.com\/zh_hk\/la-salud-mental-en-la-mira\/#primaryimage\"},\"thumbnailUrl\":\"http:\/\/universofamilia.com\/wp-content\/uploads\/sites\/148\/2025\/12\/Destaque-Novo-Universo-20.jpg\",\"datePublished\":\"2025-12-29T12:09:19+00:00\",\"dateModified\":\"2025-12-29T12:11:25+00:00\",\"author\":{\"@id\":\"http:\/\/universofamilia.com\/zh_hk\/#\/schema\/person\/92fcd07e9b1f4323bf74f3170fc0f78a\"},\"description\":\"La salud mental en la mira: el nuevo desaf\u00edo global del siglo XXI. ya no es una consigna alarmista ni un tema exclusivo del \u00e1mbito m\u00e9dico.\",\"breadcrumb\":{\"@id\":\"https:\/\/universofamilia.com\/zh_hk\/la-salud-mental-en-la-mira\/#breadcrumb\"},\"inLanguage\":\"pl-PL\",\"potentialAction\":[{\"@type\":\"ReadAction\",\"target\":[\"https:\/\/universofamilia.com\/zh_hk\/la-salud-mental-en-la-mira\/\"]}]},{\"@type\":\"ImageObject\",\"inLanguage\":\"pl-PL\",\"@id\":\"https:\/\/universofamilia.com\/zh_hk\/la-salud-mental-en-la-mira\/#primaryimage\",\"url\":\"http:\/\/universofamilia.com\/wp-content\/uploads\/sites\/148\/2025\/12\/Destaque-Novo-Universo-20.jpg\",\"contentUrl\":\"http:\/\/universofamilia.com\/wp-content\/uploads\/sites\/148\/2025\/12\/Destaque-Novo-Universo-20.jpg\",\"width\":450,\"height\":250,\"caption\":\"La salud mental en la mira: el nuevo desaf\u00edo global del siglo XXI.\"},{\"@type\":\"BreadcrumbList\",\"@id\":\"https:\/\/universofamilia.com\/zh_hk\/la-salud-mental-en-la-mira\/#breadcrumb\",\"itemListElement\":[{\"@type\":\"ListItem\",\"position\":1,\"name\":\"Home\",\"item\":\"http:\/\/universofamilia.com\/zh_hk\/\"},{\"@type\":\"ListItem\",\"position\":2,\"name\":\"La salud mental en la mira: el nuevo desaf\u00edo global del siglo XXI\"}]},{\"@type\":\"WebSite\",\"@id\":\"http:\/\/universofamilia.com\/zh_hk\/#website\",\"url\":\"http:\/\/universofamilia.com\/zh_hk\/\",\"name\":\"Universo Fam\u00edlia\",\"description\":\"\",\"potentialAction\":[{\"@type\":\"SearchAction\",\"target\":{\"@type\":\"EntryPoint\",\"urlTemplate\":\"http:\/\/universofamilia.com\/zh_hk\/?s={search_term_string}\"},\"query-input\":\"required name=search_term_string\"}],\"inLanguage\":\"pl-PL\"},{\"@type\":\"Person\",\"@id\":\"http:\/\/universofamilia.com\/zh_hk\/#\/schema\/person\/92fcd07e9b1f4323bf74f3170fc0f78a\",\"name\":\"Matheus Sangaletti\",\"image\":{\"@type\":\"ImageObject\",\"inLanguage\":\"pl-PL\",\"@id\":\"http:\/\/universofamilia.com\/zh_hk\/#\/schema\/person\/image\/\",\"url\":\"http:\/\/2.gravatar.com\/avatar\/280ea957a14a48e6a1ad2133d2cc27c9?s=96&d=mm&r=g\",\"contentUrl\":\"http:\/\/2.gravatar.com\/avatar\/280ea957a14a48e6a1ad2133d2cc27c9?s=96&d=mm&r=g\",\"caption\":\"Matheus Sangaletti\"},\"url\":\"http:\/\/universofamilia.com\/pl\/author\/matheuss\/\"}]}<\/script>\n<!-- \/ Yoast SEO plugin. -->","yoast_head_json":{"title":"La salud mental en la mira: el nuevo desaf\u00edo global del siglo XXI - Universo Fam\u00edlia","description":"La salud mental en la mira: el nuevo desaf\u00edo global del siglo XXI. ya no es una consigna alarmista ni un tema exclusivo del \u00e1mbito m\u00e9dico.","robots":{"index":"index","follow":"follow","max-snippet":"max-snippet:-1","max-image-preview":"max-image-preview:large","max-video-preview":"max-video-preview:-1"},"canonical":"https:\/\/universofamilia.com\/pl\/la-salud-mental-en-la-mira\/","og_locale":"pl_PL","og_type":"article","og_title":"La salud mental en la mira: el nuevo desaf\u00edo global del siglo XXI - Universo Fam\u00edlia","og_description":"La salud mental en la mira: el nuevo desaf\u00edo global del siglo XXI. ya no es una consigna alarmista ni un tema exclusivo del \u00e1mbito m\u00e9dico.","og_url":"https:\/\/universofamilia.com\/pl\/la-salud-mental-en-la-mira\/","og_site_name":"Universo Fam\u00edlia","article_published_time":"2025-12-29T12:09:19+00:00","article_modified_time":"2025-12-29T12:11:25+00:00","og_image":[{"width":450,"height":250,"url":"https:\/\/universofamilia.com\/wp-content\/uploads\/sites\/148\/2025\/12\/Destaque-Novo-Universo-20.jpg","type":"image\/jpeg"}],"author":"Matheus Sangaletti","twitter_card":"summary_large_image","twitter_misc":{"Written by":"Matheus Sangaletti","Est. reading time":"1 minuta"},"schema":{"@context":"https:\/\/schema.org","@graph":[{"@type":"WebPage","@id":"https:\/\/universofamilia.com\/zh_hk\/la-salud-mental-en-la-mira\/","url":"https:\/\/universofamilia.com\/zh_hk\/la-salud-mental-en-la-mira\/","name":"La salud mental en la mira: el nuevo desaf\u00edo global del siglo XXI - Universo Fam\u00edlia","isPartOf":{"@id":"http:\/\/universofamilia.com\/zh_hk\/#website"},"primaryImageOfPage":{"@id":"https:\/\/universofamilia.com\/zh_hk\/la-salud-mental-en-la-mira\/#primaryimage"},"image":{"@id":"https:\/\/universofamilia.com\/zh_hk\/la-salud-mental-en-la-mira\/#primaryimage"},"thumbnailUrl":"http:\/\/universofamilia.com\/wp-content\/uploads\/sites\/148\/2025\/12\/Destaque-Novo-Universo-20.jpg","datePublished":"2025-12-29T12:09:19+00:00","dateModified":"2025-12-29T12:11:25+00:00","author":{"@id":"http:\/\/universofamilia.com\/zh_hk\/#\/schema\/person\/92fcd07e9b1f4323bf74f3170fc0f78a"},"description":"La salud mental en la mira: el nuevo desaf\u00edo global del siglo XXI. ya no es una consigna alarmista ni un tema exclusivo del \u00e1mbito m\u00e9dico.","breadcrumb":{"@id":"https:\/\/universofamilia.com\/zh_hk\/la-salud-mental-en-la-mira\/#breadcrumb"},"inLanguage":"pl-PL","potentialAction":[{"@type":"ReadAction","target":["https:\/\/universofamilia.com\/zh_hk\/la-salud-mental-en-la-mira\/"]}]},{"@type":"ImageObject","inLanguage":"pl-PL","@id":"https:\/\/universofamilia.com\/zh_hk\/la-salud-mental-en-la-mira\/#primaryimage","url":"http:\/\/universofamilia.com\/wp-content\/uploads\/sites\/148\/2025\/12\/Destaque-Novo-Universo-20.jpg","contentUrl":"http:\/\/universofamilia.com\/wp-content\/uploads\/sites\/148\/2025\/12\/Destaque-Novo-Universo-20.jpg","width":450,"height":250,"caption":"La salud mental en la mira: el nuevo desaf\u00edo global del siglo XXI."},{"@type":"BreadcrumbList","@id":"https:\/\/universofamilia.com\/zh_hk\/la-salud-mental-en-la-mira\/#breadcrumb","itemListElement":[{"@type":"ListItem","position":1,"name":"Home","item":"http:\/\/universofamilia.com\/zh_hk\/"},{"@type":"ListItem","position":2,"name":"La salud mental en la mira: el nuevo desaf\u00edo global del siglo XXI"}]},{"@type":"WebSite","@id":"http:\/\/universofamilia.com\/zh_hk\/#website","url":"http:\/\/universofamilia.com\/zh_hk\/","name":"Universo Fam\u00edlia","description":"","potentialAction":[{"@type":"SearchAction","target":{"@type":"EntryPoint","urlTemplate":"http:\/\/universofamilia.com\/zh_hk\/?s={search_term_string}"},"query-input":"required name=search_term_string"}],"inLanguage":"pl-PL"},{"@type":"Person","@id":"http:\/\/universofamilia.com\/zh_hk\/#\/schema\/person\/92fcd07e9b1f4323bf74f3170fc0f78a","name":"Matheus Sangaletti","image":{"@type":"ImageObject","inLanguage":"pl-PL","@id":"http:\/\/universofamilia.com\/zh_hk\/#\/schema\/person\/image\/","url":"http:\/\/2.gravatar.com\/avatar\/280ea957a14a48e6a1ad2133d2cc27c9?s=96&d=mm&r=g","contentUrl":"http:\/\/2.gravatar.com\/avatar\/280ea957a14a48e6a1ad2133d2cc27c9?s=96&d=mm&r=g","caption":"Matheus Sangaletti"},"url":"http:\/\/universofamilia.com\/pl\/author\/matheuss\/"}]}},"_links":{"self":[{"href":"http:\/\/universofamilia.com\/pl\/wp-json\/wp\/v2\/posts\/10479"}],"collection":[{"href":"http:\/\/universofamilia.com\/pl\/wp-json\/wp\/v2\/posts"}],"about":[{"href":"http:\/\/universofamilia.com\/pl\/wp-json\/wp\/v2\/types\/post"}],"author":[{"embeddable":true,"href":"http:\/\/universofamilia.com\/pl\/wp-json\/wp\/v2\/users\/219"}],"replies":[{"embeddable":true,"href":"http:\/\/universofamilia.com\/pl\/wp-json\/wp\/v2\/comments?post=10479"}],"version-history":[{"count":2,"href":"http:\/\/universofamilia.com\/pl\/wp-json\/wp\/v2\/posts\/10479\/revisions"}],"predecessor-version":[{"id":10484,"href":"http:\/\/universofamilia.com\/pl\/wp-json\/wp\/v2\/posts\/10479\/revisions\/10484"}],"wp:featuredmedia":[{"embeddable":true,"href":"http:\/\/universofamilia.com\/pl\/wp-json\/wp\/v2\/media\/10480"}],"wp:attachment":[{"href":"http:\/\/universofamilia.com\/pl\/wp-json\/wp\/v2\/media?parent=10479"}],"wp:term":[{"taxonomy":"category","embeddable":true,"href":"http:\/\/universofamilia.com\/pl\/wp-json\/wp\/v2\/categories?post=10479"},{"taxonomy":"post_tag","embeddable":true,"href":"http:\/\/universofamilia.com\/pl\/wp-json\/wp\/v2\/tags?post=10479"}],"curies":[{"name":"wp","href":"https:\/\/api.w.org\/{rel}","templated":true}]}}