{"id":1797,"date":"2023-05-25T21:01:58","date_gmt":"2023-05-25T21:01:58","guid":{"rendered":"https:\/\/universofamilia.com\/?p=1797"},"modified":"2023-05-25T21:01:58","modified_gmt":"2023-05-25T21:01:58","slug":"muco-nas-fezes-do-bebe-quando-e-normal-e-quando-se-preocupar","status":"publish","type":"post","link":"http:\/\/universofamilia.com\/pl\/muco-nas-fezes-do-bebe-quando-e-normal-e-quando-se-preocupar\/","title":{"rendered":"Kiedy cz\u0119ste oddawanie stolca przez dziecko jest normalne, a kiedy powinno budzi\u0107 niepok\u00f3j?"},"content":{"rendered":"<p>Bardzo cz\u0119sto feze niemowl\u0105t jest powszechnym problemem w krajach. Mo\u017ce to by\u0107 alarmuj\u0105ce i wa\u017cne jest, aby zrozumie\u0107, \u017ce wiele z tego mo\u017ce by\u0107 normalne w pewnych sytuacjach.<\/p>\n\n\n\n<p>W tym artykule om\u00f3wimy, kiedy lub ile fezes mo\u017ce by\u0107 normalne, a kiedy jest powodem do niepokoju. Czytaj dalej, aby uzyska\u0107 wi\u0119cej informacji i uspokojenie.<\/p>\n\n\n\n<h3 class=\"wp-block-heading\">A mo\u017ce w kale dziecka jest go du\u017co?<\/h3>\n\n\n\n<p>\u015aluz w kale dziecka odnosi si\u0119 do obecno\u015bci galaretowatej i lepkiej substancji w kale dziecka. Mo\u017ce si\u0119 ona znacznie r\u00f3\u017cni\u0107 pod wzgl\u0119dem konsystencji, konsystencji i ilo\u015bci.<\/p>\n\n\n\n<p>Nale\u017cy pami\u0119ta\u0107, \u017ce w niekt\u00f3rych przypadkach cz\u0119\u015b\u0107 stolca jest ca\u0142kowicie normalna i nie stanowi problemu zdrowotnego.<\/p>\n\n\n\n<h3 class=\"wp-block-heading\">Kiedy ka\u0142 dziecka uznajemy za normalny lub bardzo normalny?<\/h3>\n\n\n\n<p>W pewnych okoliczno\u015bciach obecno\u015b\u0107 \u015bluzu w kale dziecka jest normalna i nie powinna budzi\u0107 niepokoju.<\/p>\n\n\n\n<p>Na przyk\u0142ad w okresie z\u0105bkowania dziecko cz\u0119sto produkuje wi\u0119cej \u015bluzu, kt\u00f3ry mo\u017ce trafia\u0107 do ka\u0142u.<\/p>\n\n\n\n<p>Ponadto wprowadzenie sta\u0142ych pokarm\u00f3w do diety dziecka mo\u017ce spowodowa\u0107 przej\u015bciowe zmiany u p\u0142odu, w tym pojawienie si\u0119 \u015bluzu.<\/p>\n\n\n\n<h3 class=\"wp-block-heading\">Kiedy nale\u017cy zacz\u0105\u0107 martwi\u0107 si\u0119 \u015bluzem u dziecka?<\/h3>\n\n\n<div class=\"wp-block-image\">\n<figure class=\"aligncenter size-full\"><img loading=\"lazy\" decoding=\"async\" width=\"550\" height=\"350\" src=\"http:\/\/universofamilia.com\/wp-content\/uploads\/sites\/148\/2023\/05\/FOTO-POST-muco-fese-bebe-universo-familia-.png\" alt=\"\" class=\"wp-image-1911\" srcset=\"http:\/\/universofamilia.com\/wp-content\/uploads\/sites\/148\/2023\/05\/FOTO-POST-muco-fese-bebe-universo-familia-.png 550w, http:\/\/universofamilia.com\/wp-content\/uploads\/sites\/148\/2023\/05\/FOTO-POST-muco-fese-bebe-universo-familia--300x191.png 300w\" sizes=\"(max-width: 550px) 100vw, 550px\" \/><\/figure><\/div>\n\n\n<p>Obecno\u015b\u0107 \u015bluzu w kale dziecka mo\u017ce by\u0107 w niekt\u00f3rych sytuacjach normalna, ale zdarzaj\u0105 si\u0119 sytuacje, w kt\u00f3rych nale\u017cy zachowa\u0107 czujno\u015b\u0107 i zasi\u0119gn\u0105\u0107 porady lekarza.<\/p>\n\n\n\n<p>Je\u015bli masz wysok\u0105 gor\u0105czk\u0119 z towarzysz\u0105c\u0105 krwi\u0105, uporczyw\u0105 biegunk\u0119, wymioty, gor\u0105czk\u0119 lub je\u015bli u Twojego dziecka wyst\u0119puj\u0105 inne niepokoj\u0105ce objawy, zaleca si\u0119 kontakt z pediatr\u0105.<\/p>\n\n\n\n<p>Objawy te mog\u0105 \u015bwiadczy\u0107 o infekcji przewodu pokarmowego lub innych schorzeniach, kt\u00f3re wymagaj\u0105 diagnozy i odpowiedniego leczenia.<\/p>\n\n\n\n<h3 class=\"wp-block-heading\">Mo\u017cliwe przyczyny \u015bluzu w kale dziecka<\/h3>\n\n\n\n<p>Istnieje kilka mo\u017cliwych przyczyn wyst\u0119powania b\u0142on \u015bluzowych ka\u0142u u niemowl\u0105t. Opr\u00f3cz przyczyn ju\u017c wymienionych, takich jak z\u0105bkowanie i wprowadzanie pokarm\u00f3w sta\u0142ych, mo\u017ce to by\u0107 r\u00f3wnie\u017c wynik infekcji, alergii pokarmowych, nietolerancji, zapar\u0107 lub podra\u017cnienia jelit.<\/p>\n\n\n\n<p>Ka\u017cda przyczyna mo\u017ce mie\u0107 specyficzne cechy, dlatego te\u017c niezb\u0119dna jest pomoc medyczna w celu ustalenia \u017ar\u00f3d\u0142a \u015bluzu i, je\u015bli to konieczne, ustalenia odpowiedniego leczenia.<\/p>\n\n\n\n<h3 class=\"wp-block-heading\">Wniosek<\/h3>\n\n\n\n<p>Kr\u00f3tko m\u00f3wi\u0105c, w pewnych sytuacjach, na przyk\u0142ad podczas z\u0105bkowania lub wprowadzania do diety dziecka pokarm\u00f3w sta\u0142ych, cz\u0119\u015b\u0107 stolca dziecka mo\u017ce by\u0107 normalna.<\/p>\n\n\n\n<p>Nale\u017cy jednak zwraca\u0107 uwag\u0119 na niepokoj\u0105ce objawy, takie jak krwawienie ze stolca lub inne dodatkowe objawy.<\/p>\n\n\n\n<p>Konsultacja z pediatr\u0105 jest niezb\u0119dna, aby uzyska\u0107 dok\u0142adn\u0105 diagnoz\u0119 i zagwarantowa\u0107 zdrowie dziecka.<\/p>\n\n\n\n<p>Mam nadziej\u0119, \u017ce ci pomogli i powiedziano o twoim przedziale, kt\u00f3ry jest dla nas tak pomocny. Ah! Se voc\u00ea gostou desse post.<\/p>\n\n\n\n<blockquote class=\"wp-block-quote\">\n<h5 class=\"wp-block-heading\"><em>Uwagi: Materia\u0142y i informacje zamieszczone na stronie Universo Fam\u00edlia nie s\u0105 przeznaczone do cel\u00f3w diagnostyki medycznej i nie powinny by\u0107 w tym celu wykorzystywane. <strong>Zawsze nale\u017cy skonsultowa\u0107 si\u0119 z lekarzem lub wykwalifikowanym pracownikiem s\u0142u\u017cby zdrowia, aby pozna\u0107 swoje rzeczywiste potrzeby.<\/strong>.<\/em><\/h5>\n<\/blockquote>\n\n\n\n<h4 class=\"wp-block-heading\">Zobacz tak\u017ce:<\/h4>\n\n\n\n<p><a href=\"http:\/\/universofamilia.com\/pl\/rotina-ideal-para-a-familia-dormir-bem\/\" target=\"_blank\" rel=\"noreferrer noopener\">Rotina Idealna dla rodziny, aby dobrze si\u0119 wyspa\u0107<\/a><\/p>\n\n\n\n<p><a href=\"https:\/\/www.luzbaby.com.br\/\" target=\"_blank\" rel=\"noreferrer noopener\">A Luz Baby to jeden z najlepszych sklep\u00f3w z artyku\u0142ami dla niemowl\u0105t. Kliknij tutaj.<\/a><\/p>","protected":false},"excerpt":{"rendered":"<p>Bardzo cz\u0119sto feze niemowl\u0105t jest powszechnym problemem w krajach. Mo\u017ce to by\u0107 alarmuj\u0105ce i wa\u017cne jest, aby zrozumie\u0107, \u017ce wiele z tego mo\u017ce by\u0107 normalne w pewnych sytuacjach.<br \/>\nW tym artykule om\u00f3wimy, kiedy \u015bluz w kale dziecka jest uwa\u017cany za normalny, a kiedy jest powodem do niepokoju. Czytaj dalej, aby uzyska\u0107 wi\u0119cej informacji i uspokojenie.<\/p>","protected":false},"author":0,"featured_media":1912,"comment_status":"closed","ping_status":"open","sticky":false,"template":"","format":"standard","meta":{"footnotes":""},"categories":[5],"tags":[1023,1161,1437],"yoast_head":"<!-- This site is optimized with the Yoast SEO plugin v23.3 - https:\/\/yoast.com\/wordpress\/plugins\/seo\/ -->\n<title>Muco nas fezes do beb\u00ea, quando \u00e9 normal e quando se preocupar? - Universo Fam\u00edlia<\/title>\n<meta name=\"description\" content=\"O muco nas fezes do beb\u00ea \u00e9 uma preocupa\u00e7\u00e3o comum entre os pais. Embora possa ser alarmante, \u00e9 importante entender que o muco pode ser normal em certas situa\u00e7\u00f5es.\" \/>\n<meta name=\"robots\" content=\"index, follow, max-snippet:-1, max-image-preview:large, max-video-preview:-1\" \/>\n<link rel=\"canonical\" href=\"https:\/\/universofamilia.com\/pl\/muco-nas-fezes-do-bebe-quando-e-normal-e-quando-se-preocupar\/\" \/>\n<meta property=\"og:locale\" content=\"pl_PL\" \/>\n<meta property=\"og:type\" content=\"article\" \/>\n<meta property=\"og:title\" content=\"Muco nas fezes do beb\u00ea, quando \u00e9 normal e quando se preocupar? - Universo Fam\u00edlia\" \/>\n<meta property=\"og:description\" content=\"O muco nas fezes do beb\u00ea \u00e9 uma preocupa\u00e7\u00e3o comum entre os pais. Embora possa ser alarmante, \u00e9 importante entender que o muco pode ser normal em certas situa\u00e7\u00f5es.\" \/>\n<meta property=\"og:url\" content=\"https:\/\/universofamilia.com\/pl\/muco-nas-fezes-do-bebe-quando-e-normal-e-quando-se-preocupar\/\" \/>\n<meta property=\"og:site_name\" content=\"Universo Fam\u00edlia\" \/>\n<meta property=\"article:published_time\" content=\"2023-05-25T21:01:58+00:00\" \/>\n<meta property=\"og:image\" content=\"https:\/\/universofamilia.com\/wp-content\/uploads\/sites\/148\/2023\/05\/FOTO-DESTAQUE-muco-fezes-bebe-universo-familia-448x350-.png\" \/>\n\t<meta property=\"og:image:width\" content=\"448\" \/>\n\t<meta property=\"og:image:height\" content=\"350\" \/>\n\t<meta property=\"og:image:type\" content=\"image\/png\" \/>\n<meta name=\"twitter:card\" content=\"summary_large_image\" \/>\n<meta name=\"twitter:label1\" content=\"Est. reading time\" \/>\n\t<meta name=\"twitter:data1\" content=\"3 minuty\" \/>\n<script type=\"application\/ld+json\" class=\"yoast-schema-graph\">{\"@context\":\"https:\/\/schema.org\",\"@graph\":[{\"@type\":\"WebPage\",\"@id\":\"https:\/\/universofamilia.com\/hu\/muco-nas-fezes-do-bebe-quando-e-normal-e-quando-se-preocupar\/\",\"url\":\"https:\/\/universofamilia.com\/hu\/muco-nas-fezes-do-bebe-quando-e-normal-e-quando-se-preocupar\/\",\"name\":\"Muco nas fezes do beb\u00ea, quando \u00e9 normal e quando se preocupar? - Universo Fam\u00edlia\",\"isPartOf\":{\"@id\":\"https:\/\/universofamilia.com\/el\/#website\"},\"primaryImageOfPage\":{\"@id\":\"https:\/\/universofamilia.com\/hu\/muco-nas-fezes-do-bebe-quando-e-normal-e-quando-se-preocupar\/#primaryimage\"},\"image\":{\"@id\":\"https:\/\/universofamilia.com\/hu\/muco-nas-fezes-do-bebe-quando-e-normal-e-quando-se-preocupar\/#primaryimage\"},\"thumbnailUrl\":\"http:\/\/universofamilia.com\/wp-content\/uploads\/sites\/148\/2023\/05\/FOTO-DESTAQUE-muco-fezes-bebe-universo-familia-448x350-.png\",\"datePublished\":\"2023-05-25T21:01:58+00:00\",\"dateModified\":\"2023-05-25T21:01:58+00:00\",\"author\":{\"@id\":\"\"},\"description\":\"O muco nas fezes do beb\u00ea \u00e9 uma preocupa\u00e7\u00e3o comum entre os pais. Embora possa ser alarmante, \u00e9 importante entender que o muco pode ser normal em certas situa\u00e7\u00f5es.\",\"breadcrumb\":{\"@id\":\"https:\/\/universofamilia.com\/hu\/muco-nas-fezes-do-bebe-quando-e-normal-e-quando-se-preocupar\/#breadcrumb\"},\"inLanguage\":\"pl-PL\",\"potentialAction\":[{\"@type\":\"ReadAction\",\"target\":[\"https:\/\/universofamilia.com\/hu\/muco-nas-fezes-do-bebe-quando-e-normal-e-quando-se-preocupar\/\"]}]},{\"@type\":\"ImageObject\",\"inLanguage\":\"pl-PL\",\"@id\":\"https:\/\/universofamilia.com\/hu\/muco-nas-fezes-do-bebe-quando-e-normal-e-quando-se-preocupar\/#primaryimage\",\"url\":\"http:\/\/universofamilia.com\/wp-content\/uploads\/sites\/148\/2023\/05\/FOTO-DESTAQUE-muco-fezes-bebe-universo-familia-448x350-.png\",\"contentUrl\":\"http:\/\/universofamilia.com\/wp-content\/uploads\/sites\/148\/2023\/05\/FOTO-DESTAQUE-muco-fezes-bebe-universo-familia-448x350-.png\",\"width\":448,\"height\":350},{\"@type\":\"BreadcrumbList\",\"@id\":\"https:\/\/universofamilia.com\/hu\/muco-nas-fezes-do-bebe-quando-e-normal-e-quando-se-preocupar\/#breadcrumb\",\"itemListElement\":[{\"@type\":\"ListItem\",\"position\":1,\"name\":\"Home\",\"item\":\"https:\/\/universofamilia.com\/el\/\"},{\"@type\":\"ListItem\",\"position\":2,\"name\":\"Muco nas fezes do beb\u00ea, quando \u00e9 normal e quando se preocupar?\"}]},{\"@type\":\"WebSite\",\"@id\":\"https:\/\/universofamilia.com\/el\/#website\",\"url\":\"https:\/\/universofamilia.com\/el\/\",\"name\":\"Universo Fam\u00edlia\",\"description\":\"\",\"potentialAction\":[{\"@type\":\"SearchAction\",\"target\":{\"@type\":\"EntryPoint\",\"urlTemplate\":\"https:\/\/universofamilia.com\/el\/?s={search_term_string}\"},\"query-input\":\"required name=search_term_string\"}],\"inLanguage\":\"pl-PL\"}]}<\/script>\n<!-- \/ Yoast SEO plugin. -->","yoast_head_json":{"title":"Muco nas fezes do beb\u00ea, quando \u00e9 normal e quando se preocupar? - Universo Fam\u00edlia","description":"O muco nas fezes do beb\u00ea \u00e9 uma preocupa\u00e7\u00e3o comum entre os pais. Embora possa ser alarmante, \u00e9 importante entender que o muco pode ser normal em certas situa\u00e7\u00f5es.","robots":{"index":"index","follow":"follow","max-snippet":"max-snippet:-1","max-image-preview":"max-image-preview:large","max-video-preview":"max-video-preview:-1"},"canonical":"https:\/\/universofamilia.com\/pl\/muco-nas-fezes-do-bebe-quando-e-normal-e-quando-se-preocupar\/","og_locale":"pl_PL","og_type":"article","og_title":"Muco nas fezes do beb\u00ea, quando \u00e9 normal e quando se preocupar? - Universo Fam\u00edlia","og_description":"O muco nas fezes do beb\u00ea \u00e9 uma preocupa\u00e7\u00e3o comum entre os pais. Embora possa ser alarmante, \u00e9 importante entender que o muco pode ser normal em certas situa\u00e7\u00f5es.","og_url":"https:\/\/universofamilia.com\/pl\/muco-nas-fezes-do-bebe-quando-e-normal-e-quando-se-preocupar\/","og_site_name":"Universo Fam\u00edlia","article_published_time":"2023-05-25T21:01:58+00:00","og_image":[{"width":448,"height":350,"url":"https:\/\/universofamilia.com\/wp-content\/uploads\/sites\/148\/2023\/05\/FOTO-DESTAQUE-muco-fezes-bebe-universo-familia-448x350-.png","type":"image\/png"}],"twitter_card":"summary_large_image","twitter_misc":{"Est. reading time":"3 minuty"},"schema":{"@context":"https:\/\/schema.org","@graph":[{"@type":"WebPage","@id":"https:\/\/universofamilia.com\/hu\/muco-nas-fezes-do-bebe-quando-e-normal-e-quando-se-preocupar\/","url":"https:\/\/universofamilia.com\/hu\/muco-nas-fezes-do-bebe-quando-e-normal-e-quando-se-preocupar\/","name":"Muco nas fezes do beb\u00ea, quando \u00e9 normal e quando se preocupar? - Universo Fam\u00edlia","isPartOf":{"@id":"https:\/\/universofamilia.com\/el\/#website"},"primaryImageOfPage":{"@id":"https:\/\/universofamilia.com\/hu\/muco-nas-fezes-do-bebe-quando-e-normal-e-quando-se-preocupar\/#primaryimage"},"image":{"@id":"https:\/\/universofamilia.com\/hu\/muco-nas-fezes-do-bebe-quando-e-normal-e-quando-se-preocupar\/#primaryimage"},"thumbnailUrl":"http:\/\/universofamilia.com\/wp-content\/uploads\/sites\/148\/2023\/05\/FOTO-DESTAQUE-muco-fezes-bebe-universo-familia-448x350-.png","datePublished":"2023-05-25T21:01:58+00:00","dateModified":"2023-05-25T21:01:58+00:00","author":{"@id":""},"description":"O muco nas fezes do beb\u00ea \u00e9 uma preocupa\u00e7\u00e3o comum entre os pais. Embora possa ser alarmante, \u00e9 importante entender que o muco pode ser normal em certas situa\u00e7\u00f5es.","breadcrumb":{"@id":"https:\/\/universofamilia.com\/hu\/muco-nas-fezes-do-bebe-quando-e-normal-e-quando-se-preocupar\/#breadcrumb"},"inLanguage":"pl-PL","potentialAction":[{"@type":"ReadAction","target":["https:\/\/universofamilia.com\/hu\/muco-nas-fezes-do-bebe-quando-e-normal-e-quando-se-preocupar\/"]}]},{"@type":"ImageObject","inLanguage":"pl-PL","@id":"https:\/\/universofamilia.com\/hu\/muco-nas-fezes-do-bebe-quando-e-normal-e-quando-se-preocupar\/#primaryimage","url":"http:\/\/universofamilia.com\/wp-content\/uploads\/sites\/148\/2023\/05\/FOTO-DESTAQUE-muco-fezes-bebe-universo-familia-448x350-.png","contentUrl":"http:\/\/universofamilia.com\/wp-content\/uploads\/sites\/148\/2023\/05\/FOTO-DESTAQUE-muco-fezes-bebe-universo-familia-448x350-.png","width":448,"height":350},{"@type":"BreadcrumbList","@id":"https:\/\/universofamilia.com\/hu\/muco-nas-fezes-do-bebe-quando-e-normal-e-quando-se-preocupar\/#breadcrumb","itemListElement":[{"@type":"ListItem","position":1,"name":"Home","item":"https:\/\/universofamilia.com\/el\/"},{"@type":"ListItem","position":2,"name":"Muco nas fezes do beb\u00ea, quando \u00e9 normal e quando se preocupar?"}]},{"@type":"WebSite","@id":"https:\/\/universofamilia.com\/el\/#website","url":"https:\/\/universofamilia.com\/el\/","name":"Universo Fam\u00edlia","description":"","potentialAction":[{"@type":"SearchAction","target":{"@type":"EntryPoint","urlTemplate":"https:\/\/universofamilia.com\/el\/?s={search_term_string}"},"query-input":"required name=search_term_string"}],"inLanguage":"pl-PL"}]}},"_links":{"self":[{"href":"http:\/\/universofamilia.com\/pl\/wp-json\/wp\/v2\/posts\/1797"}],"collection":[{"href":"http:\/\/universofamilia.com\/pl\/wp-json\/wp\/v2\/posts"}],"about":[{"href":"http:\/\/universofamilia.com\/pl\/wp-json\/wp\/v2\/types\/post"}],"replies":[{"embeddable":true,"href":"http:\/\/universofamilia.com\/pl\/wp-json\/wp\/v2\/comments?post=1797"}],"version-history":[{"count":0,"href":"http:\/\/universofamilia.com\/pl\/wp-json\/wp\/v2\/posts\/1797\/revisions"}],"wp:featuredmedia":[{"embeddable":true,"href":"http:\/\/universofamilia.com\/pl\/wp-json\/wp\/v2\/media\/1912"}],"wp:attachment":[{"href":"http:\/\/universofamilia.com\/pl\/wp-json\/wp\/v2\/media?parent=1797"}],"wp:term":[{"taxonomy":"category","embeddable":true,"href":"http:\/\/universofamilia.com\/pl\/wp-json\/wp\/v2\/categories?post=1797"},{"taxonomy":"post_tag","embeddable":true,"href":"http:\/\/universofamilia.com\/pl\/wp-json\/wp\/v2\/tags?post=1797"}],"curies":[{"name":"wp","href":"https:\/\/api.w.org\/{rel}","templated":true}]}}