{"id":1800,"date":"2023-05-25T21:25:20","date_gmt":"2023-05-25T21:25:20","guid":{"rendered":"https:\/\/universofamilia.com\/?p=1800"},"modified":"2023-05-25T21:25:20","modified_gmt":"2023-05-25T21:25:20","slug":"bebe-com-saliva-espumosa","status":"publish","type":"post","link":"http:\/\/universofamilia.com\/pl\/bebe-com-saliva-espumosa\/","title":{"rendered":"Dziecko z pienist\u0105 \u015blin\u0105: przyczyny, objawy i leczenie"},"content":{"rendered":"<p>Je\u015bli jeste\u015b zaniepokojonym rodzicem i zauwa\u017cy\u0142e\u015b, \u017ce Twoje dziecko produkuje pienist\u0105 \u015blin\u0119, ten artyku\u0142 pomo\u017ce Ci zrozumie\u0107 mo\u017cliwe przyczyny, towarzysz\u0105ce objawy i mo\u017cliwo\u015bci leczenia. Czytaj dalej, aby uzyska\u0107 wa\u017cne informacje na ten temat.<\/p>\n\n\n\n<h3 class=\"wp-block-heading\">Albo czym jest pienista \u015blina u niemowl\u0105t?<\/h3>\n\n\n\n<p>Spieniona \u015blina to stan, w kt\u00f3rym w \u015blinie dziecka tworz\u0105 si\u0119 grudki piasku, kt\u00f3re mog\u0105 si\u0119 gromadzi\u0107 i powodowa\u0107 pienienie. Stan ten jest zazwyczaj niegro\u017any, ale wa\u017cne jest, aby zrozumie\u0107 jego przyczyny i objawy, aby zapewni\u0107 zdrowie i dobre samopoczucie dziecka.<\/p>\n\n\n<div class=\"wp-block-image\">\n<figure class=\"aligncenter size-full\"><img loading=\"lazy\" decoding=\"async\" width=\"550\" height=\"350\" src=\"http:\/\/universofamilia.com\/wp-content\/uploads\/sites\/148\/2023\/05\/FOTO-POST-bebe-salivando-universo-familia-.png\" alt=\"\" class=\"wp-image-1908\" srcset=\"http:\/\/universofamilia.com\/wp-content\/uploads\/sites\/148\/2023\/05\/FOTO-POST-bebe-salivando-universo-familia-.png 550w, http:\/\/universofamilia.com\/wp-content\/uploads\/sites\/148\/2023\/05\/FOTO-POST-bebe-salivando-universo-familia--300x191.png 300w\" sizes=\"(max-width: 550px) 100vw, 550px\" \/><\/figure><\/div>\n\n\n<h3 class=\"wp-block-heading\">Przyczyny pienistej \u015bliny u niemowl\u0105t<\/h3>\n\n\n\n<p>Istnieje kilka przyczyn pienienia si\u0119 \u015bliny u niemowl\u0105t. Do najcz\u0119stszych nale\u017c\u0105:<\/p>\n\n\n\n<p>W okresie z\u0105bkowania niemowl\u0119ta naturalnie wydzielaj\u0105 wi\u0119cej \u015bliny. Po\u0142\u0105czenie nadmiaru \u015bliny i ruchu j\u0119zyka mo\u017ce skutkowa\u0107 spienieniem \u015bliny.<\/p>\n\n\n\n<p>Refluks \u017co\u0142\u0105dkowo-prze\u0142ykowy: Refluks kwa\u015bny mo\u017ce powodowa\u0107 mieszanie si\u0119 \u015bliny z kwasem \u017co\u0142\u0105dkowym, co prowadzi do powstania piany.<\/p>\n\n\n\n<p>Infekcje uk\u0142adu oddechowego: Niekt\u00f3re infekcje, takie jak przezi\u0119bienia i grypa, mog\u0105 powodowa\u0107 zwi\u0119kszon\u0105 produkcj\u0119 \u015bliny, co powoduje pienienie si\u0119.<\/p>\n\n\n\n<h3 class=\"wp-block-heading\">Objawy zwi\u0105zane z pienist\u0105 \u015blin\u0105 u niemowl\u0105t<\/h3>\n\n\n\n<p>Opr\u00f3cz w\u0142asnej spienionej \u015bliny, mog\u0105 wyst\u0119powa\u0107 pewne objawy, w zale\u017cno\u015bci od przyczyny. Zwr\u00f3\u0107 uwag\u0119 na:<\/p>\n\n\n\n<p>Podra\u017cnienie dzi\u0105se\u0142: Je\u015bli Twoje dziecko jest w fazie z\u0105bkowania, mo\u017cliwe, \u017ce mog\u0105 u niego wyst\u0105pi\u0107 r\u00f3wnie\u017c takie objawy, jak mrowienie, k\u0142ucie i dyskomfort.<\/p>\n\n\n\n<p>Cofanie si\u0119 tre\u015bci \u017co\u0142\u0105dkowej: W przypadku refluksu \u017co\u0142\u0105dkowo-prze\u0142ykowego u dziecka mog\u0105 wyst\u0119powa\u0107 epizody cofania si\u0119 kwa\u015bnej tre\u015bci pokarmowej, innej ni\u017c pienista \u015blina.<\/p>\n\n\n\n<p>Objawy ze strony uk\u0142adu oddechowego: Je\u015bli wyst\u0105pi infekcja uk\u0142adu oddechowego, mo\u017cesz zaobserwowa\u0107 takie objawy, jak kaszel, zatkany nos i przetchlinki.<\/p>\n\n\n\n<h3 class=\"wp-block-heading\">Leczenie i opieka<\/h3>\n\n\n\n<p>Leczenie pienistej \u015bliny u niemowl\u0105t zale\u017cy od przyczyny. Oto kilka sposob\u00f3w, kt\u00f3re mo\u017cesz podj\u0105\u0107:<\/p>\n\n\n\n<p>Z\u0119by: Zaoferuj dziecku gryzaki i bezpieczne przedmioty do gryzienia. To mo\u017ce pom\u00f3c z\u0142agodzi\u0107 b\u00f3l dzi\u0105se\u0142 i zmniejszy\u0107 nadmiern\u0105 produkcj\u0119 \u015bliny.<\/p>\n\n\n\n<p>Refluks \u017co\u0142\u0105dkowo-prze\u0142ykowy: Skonsultuj si\u0119 z pediatr\u0105, aby uzyska\u0107 szczeg\u00f3\u0142owe wskaz\u00f3wki dotycz\u0105ce diety i lek\u00f3w odpowiednich do kontrolowania refluksu.<\/p>\n\n\n\n<p>Infekcje dr\u00f3g oddechowych: Utrzymuj czysto\u015b\u0107 i brak zarazk\u00f3w w otoczeniu. U\u017cywaj nawil\u017cacza powietrza, aby z\u0142agodzi\u0107 zatkany nos i post\u0119puj zgodnie z zaleceniami lekarza dotycz\u0105cymi lek\u00f3w i dodatkowej opieki.<\/p>\n\n\n\n<h3 class=\"wp-block-heading\">Wniosek<\/h3>\n\n\n\n<p>Poniewa\u017c pienista \u015blina u niemowl\u0105t mo\u017ce by\u0107 problemem w Twoim kraju, wa\u017cne jest, aby zrozumie\u0107, \u017ce w wi\u0119kszo\u015bci przypadk\u00f3w ten stan jest \u0142agodny i przej\u015bciowy. Zrozumienie przyczyn i dw\u00f3ch towarzysz\u0105cych objaw\u00f3w mo\u017ce pom\u00f3c w ustaleniu, kiedy nale\u017cy zwr\u00f3ci\u0107 si\u0119 o pomoc lekarsk\u0105.<\/p>\n\n\n\n<p>Pami\u0119taj, \u017ce ka\u017cde dziecko jest wyj\u0105tkowe i to, co sprawdza si\u0119 u jednego, mo\u017ce nie sprawdzi\u0107 si\u0119 u drugiego. Dlatego tak wa\u017cne jest obserwowanie zachowania dziecka i zasi\u0119gni\u0119cie porady lekarskiej w razie jakichkolwiek w\u0105tpliwo\u015bci.<\/p>\n\n\n\n<p>Mam nadziej\u0119, \u017ce ci pomogli i powiedziano o twoim przedziale, kt\u00f3ry jest dla nas tak pomocny. Ah! Se voc\u00ea gostou desse post.<\/p>\n\n\n\n<blockquote class=\"wp-block-quote\">\n<h5 class=\"wp-block-heading\"><em>Uwagi: Materia\u0142y i informacje zamieszczone na stronie Universo Fam\u00edlia nie s\u0105 przeznaczone do cel\u00f3w diagnostyki medycznej i nie powinny by\u0107 w tym celu wykorzystywane. <strong>Zawsze nale\u017cy skonsultowa\u0107 si\u0119 z lekarzem lub wykwalifikowanym pracownikiem s\u0142u\u017cby zdrowia, aby pozna\u0107 swoje rzeczywiste potrzeby.<\/strong>.<\/em><\/h5>\n<\/blockquote>\n\n\n\n<h3 class=\"wp-block-heading\">Zobacz tak\u017ce:<\/h3>\n\n\n\n<p><a href=\"http:\/\/universofamilia.com\/pl\/rotina-ideal-para-a-familia-dormir-bem\/\" target=\"_blank\" rel=\"noreferrer noopener\">Rotina Idealna dla rodziny, aby dobrze si\u0119 wyspa\u0107<\/a><\/p>\n\n\n\n<p><a href=\"http:\/\/universofamilia.com\/pl\/muco-nas-fezes-do-bebe-quando-e-normal-e-quando-se-preocupar\/\" target=\"_blank\" rel=\"noreferrer noopener\">\u015aluz\u00f3wki dr\u00f3g moczowych: kiedy s\u0105 normalne, a kiedy powinny budzi\u0107 niepok\u00f3j?<\/a><\/p>\n\n\n\n<p><a href=\"https:\/\/www.luzbaby.com.br\/\" target=\"_blank\" rel=\"noreferrer noopener\">A Luz Baby to jeden z najlepszych sklep\u00f3w z artyku\u0142ami dla niemowl\u0105t. Kliknij tutaj.<\/a><\/p>","protected":false},"excerpt":{"rendered":"<p>Je\u015bli jeste\u015b zaniepokojonym rodzicem i zauwa\u017cy\u0142e\u015b, \u017ce Twoje dziecko produkuje pienist\u0105 \u015blin\u0119, ten artyku\u0142 pomo\u017ce Ci zrozumie\u0107 mo\u017cliwe przyczyny, towarzysz\u0105ce objawy i mo\u017cliwo\u015bci leczenia. Czytaj dalej, aby uzyska\u0107 wa\u017cne informacje na ten temat.<\/p>","protected":false},"author":0,"featured_media":1909,"comment_status":"closed","ping_status":"open","sticky":false,"template":"","format":"standard","meta":{"footnotes":""},"categories":[5],"tags":[508,1161,1437],"yoast_head":"<!-- This site is optimized with the Yoast SEO plugin v23.3 - https:\/\/yoast.com\/wordpress\/plugins\/seo\/ -->\n<title>Beb\u00ea com Saliva Espumosa: Causas, Sintomas e Tratamento - Universo Fam\u00edlia<\/title>\n<meta name=\"description\" content=\"Se voc\u00ea \u00e9 um pai ou m\u00e3e preocupado, que notou que o seu beb\u00ea est\u00e1 produzindo saliva espumosa\" \/>\n<meta name=\"robots\" content=\"index, follow, max-snippet:-1, max-image-preview:large, max-video-preview:-1\" \/>\n<link rel=\"canonical\" href=\"http:\/\/universofamilia.com\/pl\/bebe-com-saliva-espumosa\/\" \/>\n<meta property=\"og:locale\" content=\"pl_PL\" \/>\n<meta property=\"og:type\" content=\"article\" \/>\n<meta property=\"og:title\" content=\"Beb\u00ea com Saliva Espumosa: Causas, Sintomas e Tratamento - Universo Fam\u00edlia\" \/>\n<meta property=\"og:description\" content=\"Se voc\u00ea \u00e9 um pai ou m\u00e3e preocupado, que notou que o seu beb\u00ea est\u00e1 produzindo saliva espumosa\" \/>\n<meta property=\"og:url\" content=\"http:\/\/universofamilia.com\/pl\/bebe-com-saliva-espumosa\/\" \/>\n<meta property=\"og:site_name\" content=\"Universo Fam\u00edlia\" \/>\n<meta property=\"article:published_time\" content=\"2023-05-25T21:25:20+00:00\" \/>\n<meta property=\"og:image\" content=\"http:\/\/universofamilia.com\/wp-content\/uploads\/sites\/148\/2023\/05\/FOTO-DESTAQUE-bebe-salivando-universo-familia-448x350-.png\" \/>\n\t<meta property=\"og:image:width\" content=\"448\" \/>\n\t<meta property=\"og:image:height\" content=\"350\" \/>\n\t<meta property=\"og:image:type\" content=\"image\/png\" \/>\n<meta name=\"twitter:card\" content=\"summary_large_image\" \/>\n<meta name=\"twitter:label1\" content=\"Est. reading time\" \/>\n\t<meta name=\"twitter:data1\" content=\"4 minuty\" \/>\n<script type=\"application\/ld+json\" class=\"yoast-schema-graph\">{\"@context\":\"https:\/\/schema.org\",\"@graph\":[{\"@type\":\"WebPage\",\"@id\":\"http:\/\/universofamilia.com\/ko\/bebe-com-saliva-espumosa\/\",\"url\":\"http:\/\/universofamilia.com\/ko\/bebe-com-saliva-espumosa\/\",\"name\":\"Beb\u00ea com Saliva Espumosa: Causas, Sintomas e Tratamento - Universo Fam\u00edlia\",\"isPartOf\":{\"@id\":\"https:\/\/universofamilia.com\/el\/#website\"},\"primaryImageOfPage\":{\"@id\":\"http:\/\/universofamilia.com\/ko\/bebe-com-saliva-espumosa\/#primaryimage\"},\"image\":{\"@id\":\"http:\/\/universofamilia.com\/ko\/bebe-com-saliva-espumosa\/#primaryimage\"},\"thumbnailUrl\":\"http:\/\/universofamilia.com\/wp-content\/uploads\/sites\/148\/2023\/05\/FOTO-DESTAQUE-bebe-salivando-universo-familia-448x350-.png\",\"datePublished\":\"2023-05-25T21:25:20+00:00\",\"dateModified\":\"2023-05-25T21:25:20+00:00\",\"author\":{\"@id\":\"\"},\"description\":\"Se voc\u00ea \u00e9 um pai ou m\u00e3e preocupado, que notou que o seu beb\u00ea est\u00e1 produzindo saliva espumosa\",\"breadcrumb\":{\"@id\":\"http:\/\/universofamilia.com\/ko\/bebe-com-saliva-espumosa\/#breadcrumb\"},\"inLanguage\":\"pl-PL\",\"potentialAction\":[{\"@type\":\"ReadAction\",\"target\":[\"http:\/\/universofamilia.com\/ko\/bebe-com-saliva-espumosa\/\"]}]},{\"@type\":\"ImageObject\",\"inLanguage\":\"pl-PL\",\"@id\":\"http:\/\/universofamilia.com\/ko\/bebe-com-saliva-espumosa\/#primaryimage\",\"url\":\"http:\/\/universofamilia.com\/wp-content\/uploads\/sites\/148\/2023\/05\/FOTO-DESTAQUE-bebe-salivando-universo-familia-448x350-.png\",\"contentUrl\":\"http:\/\/universofamilia.com\/wp-content\/uploads\/sites\/148\/2023\/05\/FOTO-DESTAQUE-bebe-salivando-universo-familia-448x350-.png\",\"width\":448,\"height\":350},{\"@type\":\"BreadcrumbList\",\"@id\":\"http:\/\/universofamilia.com\/ko\/bebe-com-saliva-espumosa\/#breadcrumb\",\"itemListElement\":[{\"@type\":\"ListItem\",\"position\":1,\"name\":\"Home\",\"item\":\"https:\/\/universofamilia.com\/el\/\"},{\"@type\":\"ListItem\",\"position\":2,\"name\":\"Beb\u00ea com Saliva Espumosa: Causas, Sintomas e Tratamento\"}]},{\"@type\":\"WebSite\",\"@id\":\"https:\/\/universofamilia.com\/el\/#website\",\"url\":\"https:\/\/universofamilia.com\/el\/\",\"name\":\"Universo Fam\u00edlia\",\"description\":\"\",\"potentialAction\":[{\"@type\":\"SearchAction\",\"target\":{\"@type\":\"EntryPoint\",\"urlTemplate\":\"https:\/\/universofamilia.com\/el\/?s={search_term_string}\"},\"query-input\":\"required name=search_term_string\"}],\"inLanguage\":\"pl-PL\"}]}<\/script>\n<!-- \/ Yoast SEO plugin. -->","yoast_head_json":{"title":"Beb\u00ea com Saliva Espumosa: Causas, Sintomas e Tratamento - Universo Fam\u00edlia","description":"Se voc\u00ea \u00e9 um pai ou m\u00e3e preocupado, que notou que o seu beb\u00ea est\u00e1 produzindo saliva espumosa","robots":{"index":"index","follow":"follow","max-snippet":"max-snippet:-1","max-image-preview":"max-image-preview:large","max-video-preview":"max-video-preview:-1"},"canonical":"http:\/\/universofamilia.com\/pl\/bebe-com-saliva-espumosa\/","og_locale":"pl_PL","og_type":"article","og_title":"Beb\u00ea com Saliva Espumosa: Causas, Sintomas e Tratamento - Universo Fam\u00edlia","og_description":"Se voc\u00ea \u00e9 um pai ou m\u00e3e preocupado, que notou que o seu beb\u00ea est\u00e1 produzindo saliva espumosa","og_url":"http:\/\/universofamilia.com\/pl\/bebe-com-saliva-espumosa\/","og_site_name":"Universo Fam\u00edlia","article_published_time":"2023-05-25T21:25:20+00:00","og_image":[{"width":448,"height":350,"url":"http:\/\/universofamilia.com\/wp-content\/uploads\/sites\/148\/2023\/05\/FOTO-DESTAQUE-bebe-salivando-universo-familia-448x350-.png","type":"image\/png"}],"twitter_card":"summary_large_image","twitter_misc":{"Est. reading time":"4 minuty"},"schema":{"@context":"https:\/\/schema.org","@graph":[{"@type":"WebPage","@id":"http:\/\/universofamilia.com\/ko\/bebe-com-saliva-espumosa\/","url":"http:\/\/universofamilia.com\/ko\/bebe-com-saliva-espumosa\/","name":"Beb\u00ea com Saliva Espumosa: Causas, Sintomas e Tratamento - Universo Fam\u00edlia","isPartOf":{"@id":"https:\/\/universofamilia.com\/el\/#website"},"primaryImageOfPage":{"@id":"http:\/\/universofamilia.com\/ko\/bebe-com-saliva-espumosa\/#primaryimage"},"image":{"@id":"http:\/\/universofamilia.com\/ko\/bebe-com-saliva-espumosa\/#primaryimage"},"thumbnailUrl":"http:\/\/universofamilia.com\/wp-content\/uploads\/sites\/148\/2023\/05\/FOTO-DESTAQUE-bebe-salivando-universo-familia-448x350-.png","datePublished":"2023-05-25T21:25:20+00:00","dateModified":"2023-05-25T21:25:20+00:00","author":{"@id":""},"description":"Se voc\u00ea \u00e9 um pai ou m\u00e3e preocupado, que notou que o seu beb\u00ea est\u00e1 produzindo saliva espumosa","breadcrumb":{"@id":"http:\/\/universofamilia.com\/ko\/bebe-com-saliva-espumosa\/#breadcrumb"},"inLanguage":"pl-PL","potentialAction":[{"@type":"ReadAction","target":["http:\/\/universofamilia.com\/ko\/bebe-com-saliva-espumosa\/"]}]},{"@type":"ImageObject","inLanguage":"pl-PL","@id":"http:\/\/universofamilia.com\/ko\/bebe-com-saliva-espumosa\/#primaryimage","url":"http:\/\/universofamilia.com\/wp-content\/uploads\/sites\/148\/2023\/05\/FOTO-DESTAQUE-bebe-salivando-universo-familia-448x350-.png","contentUrl":"http:\/\/universofamilia.com\/wp-content\/uploads\/sites\/148\/2023\/05\/FOTO-DESTAQUE-bebe-salivando-universo-familia-448x350-.png","width":448,"height":350},{"@type":"BreadcrumbList","@id":"http:\/\/universofamilia.com\/ko\/bebe-com-saliva-espumosa\/#breadcrumb","itemListElement":[{"@type":"ListItem","position":1,"name":"Home","item":"https:\/\/universofamilia.com\/el\/"},{"@type":"ListItem","position":2,"name":"Beb\u00ea com Saliva Espumosa: Causas, Sintomas e Tratamento"}]},{"@type":"WebSite","@id":"https:\/\/universofamilia.com\/el\/#website","url":"https:\/\/universofamilia.com\/el\/","name":"Universo Fam\u00edlia","description":"","potentialAction":[{"@type":"SearchAction","target":{"@type":"EntryPoint","urlTemplate":"https:\/\/universofamilia.com\/el\/?s={search_term_string}"},"query-input":"required name=search_term_string"}],"inLanguage":"pl-PL"}]}},"_links":{"self":[{"href":"http:\/\/universofamilia.com\/pl\/wp-json\/wp\/v2\/posts\/1800"}],"collection":[{"href":"http:\/\/universofamilia.com\/pl\/wp-json\/wp\/v2\/posts"}],"about":[{"href":"http:\/\/universofamilia.com\/pl\/wp-json\/wp\/v2\/types\/post"}],"replies":[{"embeddable":true,"href":"http:\/\/universofamilia.com\/pl\/wp-json\/wp\/v2\/comments?post=1800"}],"version-history":[{"count":0,"href":"http:\/\/universofamilia.com\/pl\/wp-json\/wp\/v2\/posts\/1800\/revisions"}],"wp:featuredmedia":[{"embeddable":true,"href":"http:\/\/universofamilia.com\/pl\/wp-json\/wp\/v2\/media\/1909"}],"wp:attachment":[{"href":"http:\/\/universofamilia.com\/pl\/wp-json\/wp\/v2\/media?parent=1800"}],"wp:term":[{"taxonomy":"category","embeddable":true,"href":"http:\/\/universofamilia.com\/pl\/wp-json\/wp\/v2\/categories?post=1800"},{"taxonomy":"post_tag","embeddable":true,"href":"http:\/\/universofamilia.com\/pl\/wp-json\/wp\/v2\/tags?post=1800"}],"curies":[{"name":"wp","href":"https:\/\/api.w.org\/{rel}","templated":true}]}}