{"id":2752,"date":"2023-06-18T20:42:37","date_gmt":"2023-06-18T23:42:37","guid":{"rendered":"https:\/\/universofamilia.com\/?p=2752"},"modified":"2025-02-07T01:22:33","modified_gmt":"2025-02-07T01:22:33","slug":"posso-utilizar-ventilador-no-quarto-do-bebe","status":"publish","type":"post","link":"http:\/\/universofamilia.com\/pl\/posso-utilizar-ventilador-no-quarto-do-bebe\/","title":{"rendered":"Czy mog\u0119 u\u017cywa\u0107 wentylatora w pokoju dzieci\u0119cym?"},"content":{"rendered":"<p>Czy mog\u0119 u\u017cywa\u0107 wentylatora w pokoju dziecka? Je\u015bli chodzi o stworzenie komfortowego otoczenia dla dziecka, wiele os\u00f3b zastanawia si\u0119, czy u\u017cywanie wentylatora w ma\u0142ym pokoju jest bezpieczne i korzystne.<\/p>\n\n\n\n<p>Ponadto zajmiemy si\u0119 t\u0105 kwesti\u0105, podaj\u0105c informacje na temat korzy\u015bci i piel\u0119gnacji zwi\u0105zanych z u\u017cywaniem wentylator\u00f3w w pokoju dzieci\u0119cym, a tak\u017ce podkre\u015blaj\u0105c zalety i wady respiratora dla niemowl\u0105t i zwyk\u0142ego respiratora.<\/p>\n\n\n\n<p>Czytaj dalej, aby uzyska\u0107 przydatne wskaz\u00f3wki i zadba\u0107 o komfort swojego dziecka w ci\u0105gu najbli\u017cszych kilku dni.<\/p>\n\n\n\n<p>Przeczytaj tak\u017ce Jak wyhodowa\u0107 Brinquedoteca w domu<\/p>\n\n\n<div class=\"wp-block-image\">\n<figure class=\"aligncenter size-full\"><img loading=\"lazy\" decoding=\"async\" width=\"550\" height=\"350\" src=\"http:\/\/universofamilia.com\/wp-content\/uploads\/sites\/148\/2023\/06\/POST-ventilador-de-teto-universo-familia-.png\" alt=\"\" class=\"wp-image-2755\" srcset=\"http:\/\/universofamilia.com\/wp-content\/uploads\/sites\/148\/2023\/06\/POST-ventilador-de-teto-universo-familia-.png 550w, http:\/\/universofamilia.com\/wp-content\/uploads\/sites\/148\/2023\/06\/POST-ventilador-de-teto-universo-familia--300x191.png 300w\" sizes=\"(max-width: 550px) 100vw, 550px\" \/><figcaption class=\"wp-element-caption\"><em>Zdj\u0119cie: (reprodukcja\/internet)<\/em><\/figcaption><\/figure><\/div>\n\n\n<h3 class=\"wp-block-heading\"><strong>Korzy\u015bci i piel\u0119gnacja wentylatora w pokoju dzieci\u0119cym<\/strong><\/h3>\n\n\n\n<p>U\u017cywanie wentylatora w pokoju Twojego dziecka mo\u017ce mie\u0107 kilka zalet, szczeg\u00f3lnie w ch\u0142odniejszych porach roku. Poni\u017cej przedstawiamy kilka zalet korzystania z wentylatora:<\/p>\n\n\n\n<p><strong>Regulacja temperatury<\/strong>:Odpowiedni wentylator mo\u017ce pom\u00f3c utrzyma\u0107 ch\u0142\u00f3d i komfort dziecka, eliminuj\u0105c dyskomfort spowodowany nadmiernym ciep\u0142em.<\/p>\n\n\n\n<p><strong>Cyrkulacja powietrza<\/strong>:Wentylator poprawia cyrkulacj\u0119 powietrza w pokoju dziecka, zmniejszaj\u0105c uczucie zm\u0119czenia i redukuj\u0105c st\u0119\u017cenie gaz\u00f3w i zapach\u00f3w.<\/p>\n\n\n\n<p><strong>Bia\u0142y szum<\/strong>:Delikatne \u015bwiat\u0142o wentylatora mo\u017ce wytwarza\u0107 uspokajaj\u0105cy, bia\u0142y szum, kt\u00f3ry pomaga dziecku si\u0119 zrelaksowa\u0107 i \u0142atwiej zasn\u0105\u0107.<\/p>\n\n\n\n<p>Cho\u0107 korzystanie z wentylatora niesie ze sob\u0105 pewne korzy\u015bci, nale\u017cy zachowa\u0107 pewne \u015brodki ostro\u017cno\u015bci, aby zapewni\u0107 bezpiecze\u0144stwo zdrowia dziecka:<\/p>\n\n\n\n<p><strong>Bezpieczna odleg\u0142o\u015b\u0107<\/strong>: Upewnij si\u0119, \u017ce wentylator jest umieszczony w bezpiecznym miejscu i poza zasi\u0119giem dziecka. Unikaj r\u00f3wnie\u017c umieszczania go w pobli\u017cu drzwi lub przedmiot\u00f3w, do kt\u00f3rych dzieci mog\u0105 si\u0119gn\u0105\u0107.<\/p>\n\n\n\n<p><strong>Regularne czyszczenie<\/strong>: Utrzymuj wentylator w czysto\u015bci i bez kurzu, aby zapobiec rozprzestrzenianiu si\u0119 alergen\u00f3w w otoczeniu.<\/p>\n\n\n\n<p><strong>Odpowiednia wentylacja<\/strong>:Je\u015bli zdecydujesz si\u0119 na u\u017cycie wentylatora, wa\u017cne jest, aby zapewni\u0107 odpowiedni\u0105 wentylacj\u0119 pomieszczenia. Otwieraj drzwi i drzwi, aby umo\u017cliwi\u0107 dop\u0142yw \u015bwie\u017cego powietrza.<\/p>\n\n\n\n<h4 class=\"wp-block-heading\"><strong>Fan Teto kontra Fan Zwyk\u0142y<\/strong><\/h4>\n\n\n\n<p>Por\u00f3wnajmy teraz zalety i wady wentylatora sufitowego i zwyk\u0142ego wentylatora.<\/p>\n\n\n\n<h4 class=\"wp-block-heading\"><strong>Wentylator sufitowy<\/strong><\/h4>\n\n\n<div class=\"wp-block-image\">\n<figure class=\"aligncenter size-full\"><img loading=\"lazy\" decoding=\"async\" width=\"550\" height=\"350\" src=\"http:\/\/universofamilia.com\/wp-content\/uploads\/sites\/148\/2023\/06\/POST-ventilador-de-teto-universo-familia-1-1.png\" alt=\"\" class=\"wp-image-2754\" srcset=\"http:\/\/universofamilia.com\/wp-content\/uploads\/sites\/148\/2023\/06\/POST-ventilador-de-teto-universo-familia-1-1.png 550w, http:\/\/universofamilia.com\/wp-content\/uploads\/sites\/148\/2023\/06\/POST-ventilador-de-teto-universo-familia-1-1-300x191.png 300w\" sizes=\"(max-width: 550px) 100vw, 550px\" \/><figcaption class=\"wp-element-caption\"><em>Zdj\u0119cie: (reprodukcja\/internet)<\/em><\/figcaption><\/figure><\/div>\n\n\n<h5 class=\"wp-block-heading\"><strong>Zalety<\/strong><\/h5>\n\n\n\n<p><strong>Gospodarka kosmiczna<\/strong>:Wentylator sufitowy jest zamontowany na suficie, dzi\u0119ki czemu zajmuje mniej miejsca w pokoju dzieci\u0119cym.<\/p>\n\n\n\n<p><strong>Jednolity rozk\u0142ad<\/strong>:Wentylator tylny pracuje r\u00f3wnomierniej w pomieszczeniu, zapewniaj\u0105c przyjemne doznania.<\/p>\n\n\n\n<p><strong>Bezpiecze\u0144stwo<\/strong>:Poniewa\u017c wentylator sufitowy nie jest umieszczony wysoko, jest on poza zasi\u0119giem dziecka, co zmniejsza ryzyko wypadk\u00f3w.<\/p>\n\n\n\n<h5 class=\"wp-block-heading\"><strong>Wady<\/strong><\/h5>\n\n\n\n<p><strong>Trudno kontrolowa\u0107 kierunek wiatru<\/strong>:W niekt\u00f3rych modelach trudno jest dostosowa\u0107 kierunek przep\u0142ywu powietrza, co mo\u017ce powodowa\u0107 dyskomfort u dziecka.<\/p>\n\n\n\n<p><strong>Trudno\u015bci w czyszczeniu<\/strong>:Ze wzgl\u0119du na umiejscowienie wentylatora na g\u0142owie, jego czyszczenie mo\u017ce by\u0107 trudniejsze.<\/p>\n\n\n\n<h4 class=\"wp-block-heading\"><strong>Wentylator pospolity<\/strong><\/h4>\n\n\n<div class=\"wp-block-image\">\n<figure class=\"aligncenter size-full\"><img loading=\"lazy\" decoding=\"async\" width=\"550\" height=\"350\" src=\"http:\/\/universofamilia.com\/wp-content\/uploads\/sites\/148\/2023\/06\/POST-ventilador-de-teto-universo-familia-2.png\" alt=\"\" class=\"wp-image-2756\" srcset=\"http:\/\/universofamilia.com\/wp-content\/uploads\/sites\/148\/2023\/06\/POST-ventilador-de-teto-universo-familia-2.png 550w, http:\/\/universofamilia.com\/wp-content\/uploads\/sites\/148\/2023\/06\/POST-ventilador-de-teto-universo-familia-2-300x191.png 300w\" sizes=\"(max-width: 550px) 100vw, 550px\" \/><figcaption class=\"wp-element-caption\"><em>Zdj\u0119cie: (reprodukcja\/internet)<\/em><\/figcaption><\/figure><\/div>\n\n\n<h5 class=\"wp-block-heading\"><strong>Zalety<\/strong><\/h5>\n\n\n\n<p><strong>Ruchliwo\u015b\u0107<\/strong>:Mo\u017cesz \u0142atwo przenie\u015b\u0107 zwyk\u0142y wentylator z jednego pomieszczenia do drugiego, co pozwoli Ci skierowa\u0107 przep\u0142yw powietrza wed\u0142ug potrzeb.<\/p>\n\n\n\n<p><strong>Regulowana kontrola<\/strong>:Dwa najpopularniejsze modele wentylator\u00f3w oferuj\u0105 mo\u017cliwo\u015b\u0107 regulacji pr\u0119dko\u015bci i kierunku wiatru, zapewniaj\u0105c dziecku wi\u0119kszy komfort.<\/p>\n\n\n\n<p><strong>\u0141atwe czyszczenie<\/strong>:Zwyk\u0142e wentylatory s\u0105 \u0142atwiejsze do czyszczenia ze wzgl\u0119du na ich dost\u0119pn\u0105 konstrukcj\u0119.<\/p>\n\n\n\n<h5 class=\"wp-block-heading\"><strong>Wady<\/strong><\/h5>\n\n\n\n<p><strong>Zajmowanie przestrzeni kosmicznej<\/strong>:Zwyk\u0142e wentylatory zajmuj\u0105 dodatkow\u0105 przestrze\u0144 w pomieszczeniu, co mo\u017ce by\u0107 uci\u0105\u017cliwe w ma\u0142ych pomieszczeniach.<\/p>\n\n\n\n<p><strong>Wi\u0119ksze ryzyko wypadk\u00f3w<\/strong>:Z uwagi na jego mobilno\u015b\u0107 nale\u017cy zachowa\u0107 ostro\u017cno\u015b\u0107, aby uniemo\u017cliwi\u0107 dziecku bezpo\u015bredni dost\u0119p do pracuj\u0105cego wentylatora.<\/p>\n\n\n\n<p>Przeczytaj tak\u017ce 10 praktycznych wskaz\u00f3wek dotycz\u0105cych urz\u0105dzenia pokoju dzieci\u0119cego<\/p>\n\n\n\n<h3 class=\"wp-block-heading\"><strong>Wniosek<\/strong><\/h3>\n\n\n<div class=\"wp-block-image\">\n<figure class=\"aligncenter size-full\"><img loading=\"lazy\" decoding=\"async\" width=\"550\" height=\"350\" src=\"http:\/\/universofamilia.com\/wp-content\/uploads\/sites\/148\/2023\/06\/POST-ventilador-de-teto-universo-familia-3.png\" alt=\"\" class=\"wp-image-2757\" srcset=\"http:\/\/universofamilia.com\/wp-content\/uploads\/sites\/148\/2023\/06\/POST-ventilador-de-teto-universo-familia-3.png 550w, http:\/\/universofamilia.com\/wp-content\/uploads\/sites\/148\/2023\/06\/POST-ventilador-de-teto-universo-familia-3-300x191.png 300w\" sizes=\"(max-width: 550px) 100vw, 550px\" \/><figcaption class=\"wp-element-caption\"><em>Zdj\u0119cie: (reprodukcja\/internet)<\/em><\/figcaption><\/figure><\/div>\n\n\n<p>Rozwa\u017caj\u0105c instalacj\u0119 wentylatora w pokoju dzieci\u0119cym, nale\u017cy wzi\u0105\u0107 pod uwag\u0119 korzy\u015bci i konieczno\u015b\u0107 konserwacji.<\/p>\n\n\n\n<p>Regulacja temperatury, cyrkulacja powietrza i bia\u0142y szum wentylatora zapewniaj\u0105 dziecku komfort.<\/p>\n\n\n\n<p>Nale\u017cy jednak zachowa\u0107 \u015brodki ostro\u017cno\u015bci, aby zapewni\u0107 bezpiecze\u0144stwo, np. ustawi\u0107 wentylator poza zasi\u0119giem dziecka i regularnie go czy\u015bci\u0107.<\/p>\n\n\n\n<p>Wybieraj\u0105c pomi\u0119dzy wentylatorem sufitowym a zwyk\u0142ym, nale\u017cy wzi\u0105\u0107 pod uwag\u0119 zalety i wady ka\u017cdej opcji.<\/p>\n\n\n\n<p>Ponadto, przy zachowaniu odpowiednich \u015brodk\u00f3w ostro\u017cno\u015bci i bezpiecze\u0144stwa, u\u017cycie wentylatora w pokoju dzieci\u0119cym mo\u017ce przyczyni\u0107 si\u0119 do stworzenia przyjemnego i komfortowego otoczenia.<\/p>\n\n\n\n<h3 class=\"wp-block-heading\"><strong>Wi\u0119cej informacji na temat wykorzystania wentylator\u00f3w w pokoju dzieci\u0119cym mo\u017cna znale\u017a\u0107 w poni\u017cszych sprawdzonych \u017ar\u00f3d\u0142ach.<\/strong><\/h3>\n\n\n\n<p>Sociedade Brasileira de Pediatria (SBP) \u2013 SBP to uznana instytucja medyczna, kt\u00f3ra oferuje wytyczne i zalecenia dotycz\u0105ce opieki nad dzie\u0107mi.<\/p>\n\n\n\n<p>Oficjalna strona internetowa SBP zawiera istotne informacje na temat bezpiecze\u0144stwa i zdrowia dzieci.<\/p>\n\n\n\n<p>Ameryka\u0144ska Akademia Pediatrii (AAP) \u2013 AAP jest uznan\u0105 organizacj\u0105 pediatryczn\u0105 z siedzib\u0105 w Stanach Zjednoczonych.<\/p>\n\n\n\n<p>Strona internetowa AAP udost\u0119pnia krajom i pracownikom s\u0142u\u017cby zdrowia cenne zasoby, w tym wskaz\u00f3wki dotycz\u0105ce zdrowia i bezpiecze\u0144stwa dzieci.<\/p>\n\n\n\n<p>Zawsze powiniene\u015b rozwa\u017cy\u0107 konsultacj\u0119 z pediatr\u0105 lub lekarzem specjalizuj\u0105cym si\u0119 w konkretnych przypadkach. Ponadto, zdecydowanie zaleca si\u0119 zasi\u0119gni\u0119cie porady u pediatry lub lekarza specjalisty, aby uzyska\u0107 spersonalizowane i odpowiednie informacje dotycz\u0105ce sytuacji Twojego dziecka.<\/p>\n\n\n\n<p>Mo\u017cliwo\u015b\u0107 zapewnienia spersonalizowanego doradztwa, uwzgl\u0119dniaj\u0105cego stan zdrowia i indywidualne potrzeby Twojego dziecka.<\/p>\n\n\n\n<p>Nale\u017cy pami\u0119ta\u0107, \u017ce niezwykle wa\u017cne jest sprawdzanie aktualno\u015bci informacji w tych \u017ar\u00f3d\u0142ach, gdy\u017c wskaz\u00f3wki i zalecenia mog\u0105 si\u0119 z czasem zmienia\u0107.<\/p>\n\n\n\n<p>Wiedz r\u00f3wnie\u017c, \u017ce<a href=\"https:\/\/www.luzbaby.com.br\/\" target=\"_blank\" rel=\"noreferrer noopener\"> Luz Baby to jeden z najlepszych sklep\u00f3w z produktami dla niemowl\u0105t i wprowadzaniem \u017cywno\u015bci. Kliknij tutaj.<\/a><\/p>","protected":false},"excerpt":{"rendered":"<p>Czy mog\u0119 u\u017cywa\u0107 wentylatora w pokoju dzieci\u0119cym? Wiele os\u00f3b zastanawia si\u0119, czy korzystanie z wentylatora w ma\u0142ym pokoju jest bezpieczne i korzystne, je\u015bli chodzi o stworzenie komfortowego \u015brodowiska dla dziecka. Postaramy si\u0119 r\u00f3wnie\u017c odpowiedzie\u0107 na to pytanie, podaj\u0105c informacje o korzy\u015bciach i piel\u0119gnacji zwi\u0105zanej z u\u017cywaniem wentylatora w pokoju dzieci\u0119cym, [\u2026]<\/p>","protected":false},"author":139,"featured_media":2759,"comment_status":"closed","ping_status":"open","sticky":false,"template":"","format":"standard","meta":{"footnotes":""},"categories":[4],"tags":[1310,1540,1541],"yoast_head":"<!-- This site is optimized with the Yoast SEO plugin v23.3 - https:\/\/yoast.com\/wordpress\/plugins\/seo\/ -->\n<title>Posso utilizar ventilador no quarto do beb\u00ea? - Universo Fam\u00edlia<\/title>\n<meta name=\"description\" content=\"Posso utilizar ventilador no quarto do beb\u00ea? Quando se trata de criar um ambiente confort\u00e1vel para o beb\u00ea,\" \/>\n<meta name=\"robots\" content=\"index, follow, max-snippet:-1, max-image-preview:large, max-video-preview:-1\" \/>\n<link rel=\"canonical\" href=\"https:\/\/universofamilia.com\/pl\/posso-utilizar-ventilador-no-quarto-do-bebe\/\" \/>\n<meta property=\"og:locale\" content=\"pl_PL\" \/>\n<meta property=\"og:type\" content=\"article\" \/>\n<meta property=\"og:title\" content=\"Posso utilizar ventilador no quarto do beb\u00ea? - Universo Fam\u00edlia\" \/>\n<meta property=\"og:description\" content=\"Posso utilizar ventilador no quarto do beb\u00ea? Quando se trata de criar um ambiente confort\u00e1vel para o beb\u00ea,\" \/>\n<meta property=\"og:url\" content=\"https:\/\/universofamilia.com\/pl\/posso-utilizar-ventilador-no-quarto-do-bebe\/\" \/>\n<meta property=\"og:site_name\" content=\"Universo Fam\u00edlia\" \/>\n<meta property=\"article:published_time\" content=\"2023-06-18T23:42:37+00:00\" \/>\n<meta property=\"article:modified_time\" content=\"2025-02-07T01:22:33+00:00\" \/>\n<meta property=\"og:image\" content=\"https:\/\/universofamilia.com\/wp-content\/uploads\/sites\/148\/2023\/06\/FOTO-DESTAQUE-ventilador-de-teto-universo-familia-.png\" \/>\n\t<meta property=\"og:image:width\" content=\"448\" \/>\n\t<meta property=\"og:image:height\" content=\"350\" \/>\n\t<meta property=\"og:image:type\" content=\"image\/png\" \/>\n<meta name=\"author\" content=\"Pedro Henrique\" \/>\n<meta name=\"twitter:card\" content=\"summary_large_image\" \/>\n<meta name=\"twitter:label1\" content=\"Written by\" \/>\n\t<meta name=\"twitter:data1\" content=\"Pedro Henrique\" \/>\n\t<meta name=\"twitter:label2\" content=\"Est. reading time\" \/>\n\t<meta name=\"twitter:data2\" content=\"6 minut\" \/>\n<script type=\"application\/ld+json\" class=\"yoast-schema-graph\">{\"@context\":\"https:\/\/schema.org\",\"@graph\":[{\"@type\":\"WebPage\",\"@id\":\"https:\/\/universofamilia.com\/da\/posso-utilizar-ventilador-no-quarto-do-bebe\/\",\"url\":\"https:\/\/universofamilia.com\/da\/posso-utilizar-ventilador-no-quarto-do-bebe\/\",\"name\":\"Posso utilizar ventilador no quarto do beb\u00ea? - Universo Fam\u00edlia\",\"isPartOf\":{\"@id\":\"https:\/\/universofamilia.com\/el\/#website\"},\"primaryImageOfPage\":{\"@id\":\"https:\/\/universofamilia.com\/da\/posso-utilizar-ventilador-no-quarto-do-bebe\/#primaryimage\"},\"image\":{\"@id\":\"https:\/\/universofamilia.com\/da\/posso-utilizar-ventilador-no-quarto-do-bebe\/#primaryimage\"},\"thumbnailUrl\":\"http:\/\/universofamilia.com\/wp-content\/uploads\/sites\/148\/2023\/06\/FOTO-DESTAQUE-ventilador-de-teto-universo-familia-.png\",\"datePublished\":\"2023-06-18T23:42:37+00:00\",\"dateModified\":\"2025-02-07T01:22:33+00:00\",\"author\":{\"@id\":\"https:\/\/universofamilia.com\/el\/#\/schema\/person\/f07ce98187dd84d31154262e79b3b7ca\"},\"description\":\"Posso utilizar ventilador no quarto do beb\u00ea? Quando se trata de criar um ambiente confort\u00e1vel para o beb\u00ea,\",\"breadcrumb\":{\"@id\":\"https:\/\/universofamilia.com\/da\/posso-utilizar-ventilador-no-quarto-do-bebe\/#breadcrumb\"},\"inLanguage\":\"pl-PL\",\"potentialAction\":[{\"@type\":\"ReadAction\",\"target\":[\"https:\/\/universofamilia.com\/da\/posso-utilizar-ventilador-no-quarto-do-bebe\/\"]}]},{\"@type\":\"ImageObject\",\"inLanguage\":\"pl-PL\",\"@id\":\"https:\/\/universofamilia.com\/da\/posso-utilizar-ventilador-no-quarto-do-bebe\/#primaryimage\",\"url\":\"http:\/\/universofamilia.com\/wp-content\/uploads\/sites\/148\/2023\/06\/FOTO-DESTAQUE-ventilador-de-teto-universo-familia-.png\",\"contentUrl\":\"http:\/\/universofamilia.com\/wp-content\/uploads\/sites\/148\/2023\/06\/FOTO-DESTAQUE-ventilador-de-teto-universo-familia-.png\",\"width\":448,\"height\":350},{\"@type\":\"BreadcrumbList\",\"@id\":\"https:\/\/universofamilia.com\/da\/posso-utilizar-ventilador-no-quarto-do-bebe\/#breadcrumb\",\"itemListElement\":[{\"@type\":\"ListItem\",\"position\":1,\"name\":\"Home\",\"item\":\"https:\/\/universofamilia.com\/el\/\"},{\"@type\":\"ListItem\",\"position\":2,\"name\":\"Posso utilizar ventilador no quarto do beb\u00ea?\"}]},{\"@type\":\"WebSite\",\"@id\":\"https:\/\/universofamilia.com\/el\/#website\",\"url\":\"https:\/\/universofamilia.com\/el\/\",\"name\":\"Universo Fam\u00edlia\",\"description\":\"\",\"potentialAction\":[{\"@type\":\"SearchAction\",\"target\":{\"@type\":\"EntryPoint\",\"urlTemplate\":\"https:\/\/universofamilia.com\/el\/?s={search_term_string}\"},\"query-input\":\"required name=search_term_string\"}],\"inLanguage\":\"pl-PL\"},{\"@type\":\"Person\",\"@id\":\"https:\/\/universofamilia.com\/el\/#\/schema\/person\/f07ce98187dd84d31154262e79b3b7ca\",\"name\":\"Pedro Henrique\",\"image\":{\"@type\":\"ImageObject\",\"inLanguage\":\"pl-PL\",\"@id\":\"https:\/\/universofamilia.com\/el\/#\/schema\/person\/image\/\",\"url\":\"http:\/\/0.gravatar.com\/avatar\/9edfeb808cb4e1599f64d6e45b130154?s=96&d=mm&r=g\",\"contentUrl\":\"http:\/\/0.gravatar.com\/avatar\/9edfeb808cb4e1599f64d6e45b130154?s=96&d=mm&r=g\",\"caption\":\"Pedro Henrique\"},\"url\":\"http:\/\/universofamilia.com\/pl\/author\/editor01\/\"}]}<\/script>\n<!-- \/ Yoast SEO plugin. -->","yoast_head_json":{"title":"Posso utilizar ventilador no quarto do beb\u00ea? - Universo Fam\u00edlia","description":"Posso utilizar ventilador no quarto do beb\u00ea? Quando se trata de criar um ambiente confort\u00e1vel para o beb\u00ea,","robots":{"index":"index","follow":"follow","max-snippet":"max-snippet:-1","max-image-preview":"max-image-preview:large","max-video-preview":"max-video-preview:-1"},"canonical":"https:\/\/universofamilia.com\/pl\/posso-utilizar-ventilador-no-quarto-do-bebe\/","og_locale":"pl_PL","og_type":"article","og_title":"Posso utilizar ventilador no quarto do beb\u00ea? - Universo Fam\u00edlia","og_description":"Posso utilizar ventilador no quarto do beb\u00ea? Quando se trata de criar um ambiente confort\u00e1vel para o beb\u00ea,","og_url":"https:\/\/universofamilia.com\/pl\/posso-utilizar-ventilador-no-quarto-do-bebe\/","og_site_name":"Universo Fam\u00edlia","article_published_time":"2023-06-18T23:42:37+00:00","article_modified_time":"2025-02-07T01:22:33+00:00","og_image":[{"width":448,"height":350,"url":"https:\/\/universofamilia.com\/wp-content\/uploads\/sites\/148\/2023\/06\/FOTO-DESTAQUE-ventilador-de-teto-universo-familia-.png","type":"image\/png"}],"author":"Pedro Henrique","twitter_card":"summary_large_image","twitter_misc":{"Written by":"Pedro Henrique","Est. reading time":"6 minut"},"schema":{"@context":"https:\/\/schema.org","@graph":[{"@type":"WebPage","@id":"https:\/\/universofamilia.com\/da\/posso-utilizar-ventilador-no-quarto-do-bebe\/","url":"https:\/\/universofamilia.com\/da\/posso-utilizar-ventilador-no-quarto-do-bebe\/","name":"Posso utilizar ventilador no quarto do beb\u00ea? - Universo Fam\u00edlia","isPartOf":{"@id":"https:\/\/universofamilia.com\/el\/#website"},"primaryImageOfPage":{"@id":"https:\/\/universofamilia.com\/da\/posso-utilizar-ventilador-no-quarto-do-bebe\/#primaryimage"},"image":{"@id":"https:\/\/universofamilia.com\/da\/posso-utilizar-ventilador-no-quarto-do-bebe\/#primaryimage"},"thumbnailUrl":"http:\/\/universofamilia.com\/wp-content\/uploads\/sites\/148\/2023\/06\/FOTO-DESTAQUE-ventilador-de-teto-universo-familia-.png","datePublished":"2023-06-18T23:42:37+00:00","dateModified":"2025-02-07T01:22:33+00:00","author":{"@id":"https:\/\/universofamilia.com\/el\/#\/schema\/person\/f07ce98187dd84d31154262e79b3b7ca"},"description":"Posso utilizar ventilador no quarto do beb\u00ea? Quando se trata de criar um ambiente confort\u00e1vel para o beb\u00ea,","breadcrumb":{"@id":"https:\/\/universofamilia.com\/da\/posso-utilizar-ventilador-no-quarto-do-bebe\/#breadcrumb"},"inLanguage":"pl-PL","potentialAction":[{"@type":"ReadAction","target":["https:\/\/universofamilia.com\/da\/posso-utilizar-ventilador-no-quarto-do-bebe\/"]}]},{"@type":"ImageObject","inLanguage":"pl-PL","@id":"https:\/\/universofamilia.com\/da\/posso-utilizar-ventilador-no-quarto-do-bebe\/#primaryimage","url":"http:\/\/universofamilia.com\/wp-content\/uploads\/sites\/148\/2023\/06\/FOTO-DESTAQUE-ventilador-de-teto-universo-familia-.png","contentUrl":"http:\/\/universofamilia.com\/wp-content\/uploads\/sites\/148\/2023\/06\/FOTO-DESTAQUE-ventilador-de-teto-universo-familia-.png","width":448,"height":350},{"@type":"BreadcrumbList","@id":"https:\/\/universofamilia.com\/da\/posso-utilizar-ventilador-no-quarto-do-bebe\/#breadcrumb","itemListElement":[{"@type":"ListItem","position":1,"name":"Home","item":"https:\/\/universofamilia.com\/el\/"},{"@type":"ListItem","position":2,"name":"Posso utilizar ventilador no quarto do beb\u00ea?"}]},{"@type":"WebSite","@id":"https:\/\/universofamilia.com\/el\/#website","url":"https:\/\/universofamilia.com\/el\/","name":"Universo Fam\u00edlia","description":"","potentialAction":[{"@type":"SearchAction","target":{"@type":"EntryPoint","urlTemplate":"https:\/\/universofamilia.com\/el\/?s={search_term_string}"},"query-input":"required name=search_term_string"}],"inLanguage":"pl-PL"},{"@type":"Person","@id":"https:\/\/universofamilia.com\/el\/#\/schema\/person\/f07ce98187dd84d31154262e79b3b7ca","name":"Pedro Henrique","image":{"@type":"ImageObject","inLanguage":"pl-PL","@id":"https:\/\/universofamilia.com\/el\/#\/schema\/person\/image\/","url":"http:\/\/0.gravatar.com\/avatar\/9edfeb808cb4e1599f64d6e45b130154?s=96&d=mm&r=g","contentUrl":"http:\/\/0.gravatar.com\/avatar\/9edfeb808cb4e1599f64d6e45b130154?s=96&d=mm&r=g","caption":"Pedro Henrique"},"url":"http:\/\/universofamilia.com\/pl\/author\/editor01\/"}]}},"_links":{"self":[{"href":"http:\/\/universofamilia.com\/pl\/wp-json\/wp\/v2\/posts\/2752"}],"collection":[{"href":"http:\/\/universofamilia.com\/pl\/wp-json\/wp\/v2\/posts"}],"about":[{"href":"http:\/\/universofamilia.com\/pl\/wp-json\/wp\/v2\/types\/post"}],"author":[{"embeddable":true,"href":"http:\/\/universofamilia.com\/pl\/wp-json\/wp\/v2\/users\/139"}],"replies":[{"embeddable":true,"href":"http:\/\/universofamilia.com\/pl\/wp-json\/wp\/v2\/comments?post=2752"}],"version-history":[{"count":1,"href":"http:\/\/universofamilia.com\/pl\/wp-json\/wp\/v2\/posts\/2752\/revisions"}],"predecessor-version":[{"id":8591,"href":"http:\/\/universofamilia.com\/pl\/wp-json\/wp\/v2\/posts\/2752\/revisions\/8591"}],"wp:featuredmedia":[{"embeddable":true,"href":"http:\/\/universofamilia.com\/pl\/wp-json\/wp\/v2\/media\/2759"}],"wp:attachment":[{"href":"http:\/\/universofamilia.com\/pl\/wp-json\/wp\/v2\/media?parent=2752"}],"wp:term":[{"taxonomy":"category","embeddable":true,"href":"http:\/\/universofamilia.com\/pl\/wp-json\/wp\/v2\/categories?post=2752"},{"taxonomy":"post_tag","embeddable":true,"href":"http:\/\/universofamilia.com\/pl\/wp-json\/wp\/v2\/tags?post=2752"}],"curies":[{"name":"wp","href":"https:\/\/api.w.org\/{rel}","templated":true}]}}