{"id":2760,"date":"2023-06-18T21:39:10","date_gmt":"2023-06-19T00:39:10","guid":{"rendered":"https:\/\/universofamilia.com\/?p=2760"},"modified":"2025-10-05T22:57:48","modified_gmt":"2025-10-06T01:57:48","slug":"posso-utilizar-ar-condicionado-no-quarto-do-bebe","status":"publish","type":"post","link":"http:\/\/universofamilia.com\/pl\/posso-utilizar-ar-condicionado-no-quarto-do-bebe\/","title":{"rendered":"Czy mog\u0119 u\u017cywa\u0107 od\u017cywki w pokoju dzieci\u0119cym?"},"content":{"rendered":"<p>Posiadanie dziecka w domu jest niesamowitym prze\u017cyciem, ale rodzi te\u017c wiele obaw dotycz\u0105cych kraju, w kt\u00f3rym \u017cyjesz.<\/p>\n\n\n\n<p>Czy mog\u0119 u\u017cywa\u0107 klimatyzatora w pokoju dzieci\u0119cym? Ludzie cz\u0119sto boj\u0105 si\u0119 u\u017cywa\u0107 klimatyzowanego klimatyzatora w bezpiecznym pokoju dzieci\u0119cym.<\/p>\n\n\n\n<p>Przyjrzyjmy si\u0119 bli\u017cej korzy\u015bciom i wymaganiom zwi\u0105zanym z tym zadaniem, a tak\u017ce zajmijmy si\u0119 kwesti\u0105 odpowiedniej wysoko\u015bci i miejsca monta\u017cu urz\u0105dzenia.<\/p>\n\n\n<div class=\"wp-block-image\">\n<figure class=\"aligncenter size-full\"><img loading=\"lazy\" decoding=\"async\" width=\"550\" height=\"350\" src=\"http:\/\/universofamilia.com\/wp-content\/uploads\/sites\/148\/2023\/06\/POST-ar-condicionado-universo-familia-2.png\" alt=\"\" class=\"wp-image-2762\" srcset=\"http:\/\/universofamilia.com\/wp-content\/uploads\/sites\/148\/2023\/06\/POST-ar-condicionado-universo-familia-2.png 550w, http:\/\/universofamilia.com\/wp-content\/uploads\/sites\/148\/2023\/06\/POST-ar-condicionado-universo-familia-2-300x191.png 300w\" sizes=\"(max-width: 550px) 100vw, 550px\" \/><figcaption class=\"wp-element-caption\"><em>Zdj\u0119cie: (reprodukcja\/internet)<\/em><\/figcaption><\/figure><\/div>\n\n\n<h3 class=\"wp-block-heading\"><strong>Korzy\u015bci ze stosowania klimatyzowanego powietrza w pokoju dzieci\u0119cym<\/strong><\/h3>\n\n\n\n<p><strong>Kontrola temperatury<\/strong>:Klimatyzacja ma t\u0119 zalet\u0119, \u017ce pozwala regulowa\u0107 temperatur\u0119 w pokoju, dzi\u0119ki czemu w pokoju dziecka zawsze jest przyjemnie, zw\u0142aszcza w ch\u0142odniejszych porach roku.<\/p>\n\n\n\n<p>Utrzymanie odpowiedniej temperatury mo\u017ce pom\u00f3c w zapewnieniu dziecku spokoju i komfortu.<\/p>\n\n\n\n<p><strong>Redukcja wilgotno\u015bci<\/strong>Opr\u00f3cz kontrolowania temperatury i klimatyzacji pomaga tak\u017ce obni\u017cy\u0107 wilgotno\u015b\u0107 otoczenia.<\/p>\n\n\n\n<p>Jest to szczeg\u00f3lnie wa\u017cne, aby zapobiec gromadzeniu si\u0119 roztoczy i paso\u017cyt\u00f3w, kt\u00f3re mog\u0105 by\u0107 szkodliwe dla zdrowia uk\u0142adu oddechowego dziecka.<\/p>\n\n\n\n<p><strong>Filtracja powietrza<\/strong>:Wiele modeli klimatyzator\u00f3w jest wyposa\u017conych w filtry, kt\u00f3re pomagaj\u0105 oczyszcza\u0107 powietrze, usuwaj\u0105c zanieczyszczenia, py\u0142ki i inne alergeny, mog\u0105ce powodowa\u0107 dyskomfort uk\u0142adu oddechowego.<\/p>\n\n\n\n<p>Jest to szczeg\u00f3lnie korzystne dla dzieci, kt\u00f3re maj\u0105 wra\u017cliwe drogi oddechowe lub alergie.<\/p>\n\n\n\n<p>Leia r\u00f3wnie\u017c <a href=\"http:\/\/universofamilia.com\/pl\/posso-utilizar-ventilador-no-quarto-do-bebe\/\" target=\"_blank\" rel=\"noreferrer noopener\">Czy mog\u0119 u\u017cywa\u0107 wentylatora w pokoju dzieci\u0119cym?<\/a><\/p>\n\n\n\n<h3 class=\"wp-block-heading\"><strong>Zachowaj ostro\u017cno\u015b\u0107 podczas korzystania z klimatyzowanego pomieszczenia w pokoju dzieci\u0119cym<\/strong><\/h3>\n\n\n\n<p><strong>Regularne czyszczenie dw\u00f3ch filtr\u00f3w<\/strong>:Aby zagwarantowa\u0107 odpowiedni\u0105 jako\u015b\u0107 powietrza, nale\u017cy regularnie czy\u015bci\u0107 dwa filtry powietrza w klimatyzowanym pomieszczeniu.<\/p>\n\n\n\n<p>Dzia\u0142anie to pomaga zapobiega\u0107 gromadzeniu si\u0119 zanieczyszcze\u0144 i alergen\u00f3w, zapewniaj\u0105c zdrowe \u015brodowisko dla Twojego dziecka.<\/p>\n\n\n\n<p><strong>Odpowiednia temperatura<\/strong>:Wa\u017cne jest, aby regulowa\u0107 lub utrzymywa\u0107 temperatur\u0119 na odpowiednim poziomie dla dziecka.<\/p>\n\n\n\n<p>Zaleca si\u0119 utrzymanie temperatury pomi\u0119dzy 23\u00b0C a 25\u00b0C, co zapewni komfort cieplny nawet w przypadku bardzo zimnej pogody.<\/p>\n\n\n\n<p><strong>Unikaj bezpo\u015brednich pr\u0105d\u00f3w powietrza<\/strong>:Umie\u015b\u0107 klimatyzator tak, aby strumie\u0144 powietrza nie dociera\u0142 bezpo\u015brednio do miejsca, w kt\u00f3rym \u015bpi dziecko.<\/p>\n\n\n\n<p>Mo\u017ce r\u00f3wnie\u017c powodowa\u0107 problemy z oddychaniem, a nawet przezi\u0119bienia.<\/p>\n\n\n\n<h3 class=\"wp-block-heading\"><strong>Wysoko\u015b\u0107 i umiejscowienie schorzenia w pokoju dzieci\u0119cym<\/strong><\/h3>\n\n\n\n<p>Je\u015bli chodzi o instalacj\u0119 lub klimatyzacj\u0119 pokoju dzieci\u0119cego, wa\u017cne jest, aby wzi\u0105\u0107 pod uwag\u0119 wysoko\u015b\u0107 i odpowiedni\u0105 lokalizacj\u0119. Oto kilka wskaz\u00f3wek, kt\u00f3rych nale\u017cy przestrzega\u0107:<\/p>\n\n\n\n<p><strong>Idealna wysoko\u015b\u0107<\/strong>: Zainstaluj lub ustaw na bezpiecznej wysoko\u015bci, poza zasi\u0119giem dziecka. Zalecana wysoko\u015b\u0107 to oko\u0142o 1,8 metra od sufitu.<\/p>\n\n\n\n<p>Zapobiega to dost\u0119powi dziecka do urz\u0105dzenia i ewentualnym wypadkom.<\/p>\n\n\n<div class=\"wp-block-image\">\n<figure class=\"aligncenter size-full\"><img loading=\"lazy\" decoding=\"async\" width=\"550\" height=\"350\" src=\"http:\/\/universofamilia.com\/wp-content\/uploads\/sites\/148\/2023\/06\/POST-ar-condicionado-universo-familia-.png\" alt=\"\" class=\"wp-image-2763\" srcset=\"http:\/\/universofamilia.com\/wp-content\/uploads\/sites\/148\/2023\/06\/POST-ar-condicionado-universo-familia-.png 550w, http:\/\/universofamilia.com\/wp-content\/uploads\/sites\/148\/2023\/06\/POST-ar-condicionado-universo-familia--300x191.png 300w\" sizes=\"(max-width: 550px) 100vw, 550px\" \/><figcaption class=\"wp-element-caption\"><em>Zdj\u0119cie: (reprodukcja\/internet)<\/em><\/figcaption><\/figure><\/div>\n\n\n<p><strong>Odleg\u0142o\u015b\u0107 od ber\u00e7o<\/strong>: Upewnij si\u0119, \u017ce klimatyzator jest umieszczony w bezpiecznej odleg\u0142o\u015bci od podstawy.<\/p>\n\n\n\n<p>Unikaj umieszczania zbyt du\u017cej ilo\u015bci powietrza lub zbyt blisko niego, a tak\u017ce bezpo\u015bredniego przep\u0142ywu powietrza, poniewa\u017c mo\u017ce to powodowa\u0107 dyskomfort u dziecka podczas snu.<\/p>\n\n\n\n<p><strong>Unikaj przeszk\u00f3d<\/strong>:Upewnij si\u0119, \u017ce nie ma \u017cadnych obiekt\u00f3w, kt\u00f3re mog\u0142yby blokowa\u0107 przep\u0142yw klimatyzowanego ciep\u0142a.<\/p>\n\n\n\n<p>Nale\u017cy r\u00f3wnie\u017c zachowa\u0107 woln\u0105 przestrze\u0144 wok\u00f3\u0142 urz\u0105dzenia, aby zapewni\u0107 odpowiedni\u0105 cyrkulacj\u0119 powietrza w pomieszczeniu.<\/p>\n\n\n\n<h3 class=\"wp-block-heading\"><strong>Propozycja monta\u017cu klimatyzacji w pokoju dzieci\u0119cym<\/strong><\/h3>\n\n\n\n<p>Prawid\u0142owy monta\u017c urz\u0105dzenia w pokoju dzieci\u0119cym jest kluczowy dla zapewnienia prawid\u0142owego dzia\u0142ania sprz\u0119tu i bezpiecze\u0144stwa dzieci.<\/p>\n\n\n\n<p>Poni\u017cej przedstawiono wskaz\u00f3wki dotycz\u0105ce sposobu przeprowadzenia instalacji oraz tego, jaka wysoko\u015b\u0107 jest odpowiednia do jej umiejscowienia lub kondycjonowania:<\/p>\n\n\n\n<p><strong>Zatrudnij profesjonalist\u0119<\/strong>:Zaleca si\u0119, aby instalacj\u0119 urz\u0105dzenia wykona\u0142 wykwalifikowany specjalista.<\/p>\n\n\n\n<p>Ponadto specjalista ten posiada niezb\u0119dn\u0105 wiedz\u0119 techniczn\u0105, aby wykona\u0107 bezpieczn\u0105 i prawid\u0142ow\u0105 instalacj\u0119, minimalizuj\u0105c ryzyko i gwarantuj\u0105c prawid\u0142owe dzia\u0142anie urz\u0105dzenia.<\/p>\n\n\n\n<p><strong>Wybierz \u015bcian\u0119 lub okno<\/strong>:Przed instalacj\u0105 lub klimatyzacj\u0105 wa\u017cne jest, aby podj\u0105\u0107 decyzj\u0119, czy urz\u0105dzenie b\u0119dzie montowane na \u015bcianie czy na drzwiach.<\/p>\n\n\n\n<p>Wyb\u00f3r ten b\u0119dzie zale\u017ca\u0142 od specyfiki otoczenia i uk\u0142adu pokoju dzieci\u0119cego.<\/p>\n\n\n\n<p><strong>Zalecana wysoko\u015b\u0107<\/strong>:Idealna wysoko\u015b\u0107 do ustawienia lub klimatyzacji pokoju dzieci\u0119cego wynosi oko\u0142o 1,8 metra pokoju dzieci\u0119cego. Dlatego te\u017c wysoko\u015b\u0107 ta pozwala na efektywne rozprowadzanie powietrza w otoczeniu, utrzymuj\u0105c komfort termiczny dziecka.<\/p>\n\n\n<div class=\"wp-block-image\">\n<figure class=\"aligncenter size-full\"><img loading=\"lazy\" decoding=\"async\" width=\"550\" height=\"350\" src=\"http:\/\/universofamilia.com\/wp-content\/uploads\/sites\/148\/2023\/06\/POST-ar-condicionado-universo-familia-1-1.png\" alt=\"\" class=\"wp-image-2765\" srcset=\"http:\/\/universofamilia.com\/wp-content\/uploads\/sites\/148\/2023\/06\/POST-ar-condicionado-universo-familia-1-1.png 550w, http:\/\/universofamilia.com\/wp-content\/uploads\/sites\/148\/2023\/06\/POST-ar-condicionado-universo-familia-1-1-300x191.png 300w\" sizes=\"(max-width: 550px) 100vw, 550px\" \/><figcaption class=\"wp-element-caption\"><em>Zdj\u0119cie: (reprodukcja\/internet)<\/em><\/figcaption><\/figure><\/div>\n\n\n<p><strong>Unikaj przeszk\u00f3d<\/strong>: Upewnij si\u0119, \u017ce nie ma \u017cadnych ruchomych lub blokuj\u0105cych przestrze\u0144 wok\u00f3\u0142 urz\u0105dzenia obiekt\u00f3w. Mog\u0105 one utrudnia\u0107 cyrkulacj\u0119 powietrza i wp\u0142ywa\u0107 na wydajno\u015b\u0107 urz\u0105dzenia.<\/p>\n\n\n\n<p><strong>Kierunek przep\u0142ywu powietrza<\/strong>: Ustaw klimatyzator tak, aby strumie\u0144 powietrza nie by\u0142 skierowany bezpo\u015brednio na pod\u0142og\u0119 lub obszar, w kt\u00f3rym \u015bpi dziecko. Isso zapobiega dyskomfortowi oddechowemu spowodowanemu przez bezpo\u015brednie pr\u0105dy powietrza.<\/p>\n\n\n\n<p><strong>Bezpieczna odleg\u0142o\u015b\u0107<\/strong>: Zachowaj bezpieczn\u0105 odleg\u0142o\u015b\u0107 mi\u0119dzy klimatyzatorem a ber\u00e7o, unikaj\u0105c umieszczania ich zbyt blisko siebie.<\/p>\n\n\n\n<p>Dzi\u0119ki temu rozwi\u0105zaniu mo\u017cemy mie\u0107 pewno\u015b\u0107, \u017ce dziecko nie b\u0119dzie nara\u017cone na bezpo\u015bredni kontakt z zimnym powietrzem, co pomo\u017ce zapobiec przezi\u0119bieniom lub innym dolegliwo\u015bciom.<\/p>\n\n\n\n<p>Nale\u017cy zawsze przestrzega\u0107 instrukcji producenta dotycz\u0105cych monta\u017cu klimatyzacji. W razie w\u0105tpliwo\u015bci nale\u017cy zasi\u0119gn\u0105\u0107 porady specjalisty.<\/p>\n\n\n\n<p>Ponadto, zapewniaj\u0105c prawid\u0142ow\u0105 instalacj\u0119 i ustawienie na w\u0142a\u015bciwej wysoko\u015bci, zapewnisz dziecku bezpieczne, wygodne i kontrolowane pod wzgl\u0119dem temperatury \u015brodowisko, co wp\u0142ynie pozytywnie na jego samopoczucie.<\/p>\n\n\n\n<h3 class=\"wp-block-heading\"><strong>Wniosek<\/strong><\/h3>\n\n\n\n<p>U\u017cywanie klimatyzowanego powietrza w pokoju dziecka mo\u017ce przynie\u015b\u0107 znaczne korzy\u015bci, pod warunkiem, \u017ce b\u0119dziesz o nie odpowiednio dba\u0107.<\/p>\n\n\n\n<p>Kontroluj temperatur\u0119, zmniejszaj wilgotno\u015b\u0107 i filtruj wa\u017cne kroki, aby zapewni\u0107 bezpieczne \u015brodowisko dla swojego dziecka.<\/p>\n\n\n\n<p>Nale\u017cy regularnie czy\u015bci\u0107 oba filtry, regulowa\u0107 temperatur\u0119 zgodnie z potrzebami dziecka i jego pozycj\u0105 lub stanem zdrowia, umieszczaj\u0105c je poza zasi\u0119giem dziecka.<\/p>\n\n\n\n<p>Post\u0119puj\u0105c zgodnie z tymi wskaz\u00f3wkami, b\u0119dziesz m\u00f3g\u0142 zapewni\u0107 swojemu dziecku przyjemne i komfortowe otoczenie, co wp\u0142ynie pozytywnie na jego samopoczucie i jako\u015b\u0107 d\u017awi\u0119ku.<\/p>\n\n\n\n<p>Potrzebuj\u0119 akcesori\u00f3w i ubra\u0144, conhe\u00e7a |&nbsp;<a href=\"https:\/\/www.luzbaby.com.br\/\" target=\"_blank\" rel=\"noreferrer noopener\">A Luz Baby to jeden z najlepszych sklep\u00f3w z artyku\u0142ami dla niemowl\u0105t. Kliknij tutaj<\/a><\/p>\n\n\n\n<h3 class=\"wp-block-heading\"><strong>Wi\u0119cej informacji<\/strong><\/h3>\n\n\n\n<p>Aby uzyska\u0107 bardziej szczeg\u00f3\u0142owe i kompleksowe informacje na temat wykorzystania klimatyzacji w pokoju dzieci\u0119cym, warto zapozna\u0107 si\u0119 z dodatkowymi \u017ar\u00f3d\u0142ami i zapozna\u0107 si\u0119 z opini\u0105 specjalist\u00f3w.<\/p>\n\n\n\n<p><strong>Oto kilka \u017ar\u00f3de\u0142, do kt\u00f3rych mo\u017cesz si\u0119 odwo\u0142a\u0107:<\/strong><\/p>\n\n\n\n<p><strong>Brazylijskie Towarzystwo Pediatryczne (SBP):<\/strong> SBP to renomowana instytucja oferuj\u0105ca wytyczne i informacje na temat opieki nad dzie\u0107mi. Oficjalna strona (https:\/\/www.sbp.com.br\/) mo\u017ce udzieli\u0107 wskaz\u00f3wek dotycz\u0105cych korzystania z klimatyzacji w pokoju dzieci\u0119cym.<\/p>\n\n\n\n<p><strong>Brazylijskie Stowarzyszenie Ch\u0142odnictwa, Klimatyzacji, Wentylacji i Aquecimento (ABRAVA):<\/strong> ABRAVA to stowarzyszenie zrzeszaj\u0105ce profesjonalist\u00f3w i firmy z bran\u017cy klimatyzacyjnej. Ta strona (https:\/\/abrava.com.br\/) mo\u017ce zaoferowa\u0107 informacje techniczne na temat prawid\u0142owej instalacji urz\u0105dzenia.<\/p>\n\n\n\n<p><strong>Skonsultuj si\u0119 z pediatr\u0105 i specjalist\u0105 od klimatyzacji<\/strong>:Rozwa\u017caj\u0105c zastosowanie klimatyzacji w pokoju dzieci\u0119cym, zawsze warto zasi\u0119gn\u0105\u0107 opinii specjalist\u00f3w od zdrowia i klimatyzacji.<\/p>\n\n\n\n<p>Um\u00f3w si\u0119 na konsultacj\u0119 z pediatr\u0105 Twojego dziecka, aby uzyska\u0107 szczeg\u00f3\u0142owe wskaz\u00f3wki na podstawie historii zdrowia dziecka.<\/p>\n\n\n\n<p>Mo\u017cesz r\u00f3wnie\u017c skonsultowa\u0107 si\u0119 ze specjalist\u0105 od klimatyzacji, aby uzyska\u0107 spersonalizowane zalecenia uwzgl\u0119dniaj\u0105ce charakterystyk\u0119 otoczenia.<\/p>\n\n\n\n<p>Nale\u017cy pami\u0119ta\u0107, \u017ce orientacje mog\u0105 si\u0119 r\u00f3\u017cni\u0107 w zale\u017cno\u015bci od indywidualnych potrzeb dziecka i konkretnych warunk\u00f3w otoczenia.<\/p>\n\n\n\n<p>Dlatego wa\u017cne jest, aby czerpa\u0107 aktualne i spersonalizowane informacje ze sprawdzonych i wykwalifikowanych \u017ar\u00f3de\u0142 profesjonalnych.<\/p>","protected":false},"excerpt":{"rendered":"<p>Posiadanie dziecka w domu to niesamowite do\u015bwiadczenie, ale rodzi te\u017c wiele obaw w Twoim kraju. Czy mog\u0119 korzysta\u0107 z klimatyzacji w pokoju dzieci\u0119cym? Poniewa\u017c ludzie cz\u0119sto martwi\u0105 si\u0119 o bezpieczny, klimatyzowany pok\u00f3j dzieci\u0119cy, przyjrzyjmy si\u0119 korzy\u015bciom i opiece zwi\u0105zanej z tym pytaniem, a tak\u017ce [\u2026]<\/p>","protected":false},"author":219,"featured_media":2766,"comment_status":"closed","ping_status":"open","sticky":false,"template":"","format":"standard","meta":{"footnotes":""},"categories":[4],"tags":[486,487,1310],"yoast_head":"<!-- This site is optimized with the Yoast SEO plugin v23.3 - https:\/\/yoast.com\/wordpress\/plugins\/seo\/ -->\n<title>Posso Utilizar Ar Condicionado no Quarto do Beb\u00ea? - Universo Fam\u00edlia<\/title>\n<meta name=\"description\" content=\"Posso Utilizar Ar Condicionado no Quarto do Beb\u00ea? Ter um beb\u00ea em casa \u00e9 uma experi\u00eancia incr\u00edvel, mas tamb\u00e9m traz diversas preocupa\u00e7\u00f5es para\" \/>\n<meta name=\"robots\" content=\"index, follow, max-snippet:-1, max-image-preview:large, max-video-preview:-1\" \/>\n<link rel=\"canonical\" href=\"https:\/\/universofamilia.com\/pl\/posso-utilizar-ar-condicionado-no-quarto-do-bebe\/\" \/>\n<meta property=\"og:locale\" content=\"pl_PL\" \/>\n<meta property=\"og:type\" content=\"article\" \/>\n<meta property=\"og:title\" content=\"Posso Utilizar Ar Condicionado no Quarto do Beb\u00ea? - Universo Fam\u00edlia\" \/>\n<meta property=\"og:description\" content=\"Posso Utilizar Ar Condicionado no Quarto do Beb\u00ea? Ter um beb\u00ea em casa \u00e9 uma experi\u00eancia incr\u00edvel, mas tamb\u00e9m traz diversas preocupa\u00e7\u00f5es para\" \/>\n<meta property=\"og:url\" content=\"https:\/\/universofamilia.com\/pl\/posso-utilizar-ar-condicionado-no-quarto-do-bebe\/\" \/>\n<meta property=\"og:site_name\" content=\"Universo Fam\u00edlia\" \/>\n<meta property=\"article:published_time\" content=\"2023-06-19T00:39:10+00:00\" \/>\n<meta property=\"article:modified_time\" content=\"2025-10-06T01:57:48+00:00\" \/>\n<meta property=\"og:image\" content=\"https:\/\/universofamilia.com\/wp-content\/uploads\/sites\/148\/2023\/06\/FOTO-DESTAQUE-ar-condicionado-universo-familia-.png\" \/>\n\t<meta property=\"og:image:width\" content=\"448\" \/>\n\t<meta property=\"og:image:height\" content=\"350\" \/>\n\t<meta property=\"og:image:type\" content=\"image\/png\" \/>\n<meta name=\"author\" content=\"Matheus Sangaletti\" \/>\n<meta name=\"twitter:card\" content=\"summary_large_image\" \/>\n<meta name=\"twitter:label1\" content=\"Written by\" \/>\n\t<meta name=\"twitter:data1\" content=\"Matheus Sangaletti\" \/>\n\t<meta name=\"twitter:label2\" content=\"Est. reading time\" \/>\n\t<meta name=\"twitter:data2\" content=\"8 minut\" \/>\n<script type=\"application\/ld+json\" class=\"yoast-schema-graph\">{\"@context\":\"https:\/\/schema.org\",\"@graph\":[{\"@type\":\"WebPage\",\"@id\":\"https:\/\/universofamilia.com\/da\/posso-utilizar-ar-condicionado-no-quarto-do-bebe\/\",\"url\":\"https:\/\/universofamilia.com\/da\/posso-utilizar-ar-condicionado-no-quarto-do-bebe\/\",\"name\":\"Posso Utilizar Ar Condicionado no Quarto do Beb\u00ea? - Universo Fam\u00edlia\",\"isPartOf\":{\"@id\":\"https:\/\/universofamilia.com\/el\/#website\"},\"primaryImageOfPage\":{\"@id\":\"https:\/\/universofamilia.com\/da\/posso-utilizar-ar-condicionado-no-quarto-do-bebe\/#primaryimage\"},\"image\":{\"@id\":\"https:\/\/universofamilia.com\/da\/posso-utilizar-ar-condicionado-no-quarto-do-bebe\/#primaryimage\"},\"thumbnailUrl\":\"http:\/\/universofamilia.com\/wp-content\/uploads\/sites\/148\/2023\/06\/FOTO-DESTAQUE-ar-condicionado-universo-familia-.png\",\"datePublished\":\"2023-06-19T00:39:10+00:00\",\"dateModified\":\"2025-10-06T01:57:48+00:00\",\"author\":{\"@id\":\"https:\/\/universofamilia.com\/el\/#\/schema\/person\/92fcd07e9b1f4323bf74f3170fc0f78a\"},\"description\":\"Posso Utilizar Ar Condicionado no Quarto do Beb\u00ea? Ter um beb\u00ea em casa \u00e9 uma experi\u00eancia incr\u00edvel, mas tamb\u00e9m traz diversas preocupa\u00e7\u00f5es para\",\"breadcrumb\":{\"@id\":\"https:\/\/universofamilia.com\/da\/posso-utilizar-ar-condicionado-no-quarto-do-bebe\/#breadcrumb\"},\"inLanguage\":\"pl-PL\",\"potentialAction\":[{\"@type\":\"ReadAction\",\"target\":[\"https:\/\/universofamilia.com\/da\/posso-utilizar-ar-condicionado-no-quarto-do-bebe\/\"]}]},{\"@type\":\"ImageObject\",\"inLanguage\":\"pl-PL\",\"@id\":\"https:\/\/universofamilia.com\/da\/posso-utilizar-ar-condicionado-no-quarto-do-bebe\/#primaryimage\",\"url\":\"http:\/\/universofamilia.com\/wp-content\/uploads\/sites\/148\/2023\/06\/FOTO-DESTAQUE-ar-condicionado-universo-familia-.png\",\"contentUrl\":\"http:\/\/universofamilia.com\/wp-content\/uploads\/sites\/148\/2023\/06\/FOTO-DESTAQUE-ar-condicionado-universo-familia-.png\",\"width\":448,\"height\":350},{\"@type\":\"BreadcrumbList\",\"@id\":\"https:\/\/universofamilia.com\/da\/posso-utilizar-ar-condicionado-no-quarto-do-bebe\/#breadcrumb\",\"itemListElement\":[{\"@type\":\"ListItem\",\"position\":1,\"name\":\"Home\",\"item\":\"https:\/\/universofamilia.com\/el\/\"},{\"@type\":\"ListItem\",\"position\":2,\"name\":\"Posso Utilizar Ar Condicionado no Quarto do Beb\u00ea?\"}]},{\"@type\":\"WebSite\",\"@id\":\"https:\/\/universofamilia.com\/el\/#website\",\"url\":\"https:\/\/universofamilia.com\/el\/\",\"name\":\"Universo Fam\u00edlia\",\"description\":\"\",\"potentialAction\":[{\"@type\":\"SearchAction\",\"target\":{\"@type\":\"EntryPoint\",\"urlTemplate\":\"https:\/\/universofamilia.com\/el\/?s={search_term_string}\"},\"query-input\":\"required name=search_term_string\"}],\"inLanguage\":\"pl-PL\"},{\"@type\":\"Person\",\"@id\":\"https:\/\/universofamilia.com\/el\/#\/schema\/person\/92fcd07e9b1f4323bf74f3170fc0f78a\",\"name\":\"Matheus Sangaletti\",\"image\":{\"@type\":\"ImageObject\",\"inLanguage\":\"pl-PL\",\"@id\":\"https:\/\/universofamilia.com\/el\/#\/schema\/person\/image\/\",\"url\":\"http:\/\/2.gravatar.com\/avatar\/280ea957a14a48e6a1ad2133d2cc27c9?s=96&d=mm&r=g\",\"contentUrl\":\"http:\/\/2.gravatar.com\/avatar\/280ea957a14a48e6a1ad2133d2cc27c9?s=96&d=mm&r=g\",\"caption\":\"Matheus Sangaletti\"},\"url\":\"http:\/\/universofamilia.com\/pl\/author\/matheuss\/\"}]}<\/script>\n<!-- \/ Yoast SEO plugin. -->","yoast_head_json":{"title":"Posso Utilizar Ar Condicionado no Quarto do Beb\u00ea? - Universo Fam\u00edlia","description":"Posso Utilizar Ar Condicionado no Quarto do Beb\u00ea? Ter um beb\u00ea em casa \u00e9 uma experi\u00eancia incr\u00edvel, mas tamb\u00e9m traz diversas preocupa\u00e7\u00f5es para","robots":{"index":"index","follow":"follow","max-snippet":"max-snippet:-1","max-image-preview":"max-image-preview:large","max-video-preview":"max-video-preview:-1"},"canonical":"https:\/\/universofamilia.com\/pl\/posso-utilizar-ar-condicionado-no-quarto-do-bebe\/","og_locale":"pl_PL","og_type":"article","og_title":"Posso Utilizar Ar Condicionado no Quarto do Beb\u00ea? - Universo Fam\u00edlia","og_description":"Posso Utilizar Ar Condicionado no Quarto do Beb\u00ea? Ter um beb\u00ea em casa \u00e9 uma experi\u00eancia incr\u00edvel, mas tamb\u00e9m traz diversas preocupa\u00e7\u00f5es para","og_url":"https:\/\/universofamilia.com\/pl\/posso-utilizar-ar-condicionado-no-quarto-do-bebe\/","og_site_name":"Universo Fam\u00edlia","article_published_time":"2023-06-19T00:39:10+00:00","article_modified_time":"2025-10-06T01:57:48+00:00","og_image":[{"width":448,"height":350,"url":"https:\/\/universofamilia.com\/wp-content\/uploads\/sites\/148\/2023\/06\/FOTO-DESTAQUE-ar-condicionado-universo-familia-.png","type":"image\/png"}],"author":"Matheus Sangaletti","twitter_card":"summary_large_image","twitter_misc":{"Written by":"Matheus Sangaletti","Est. reading time":"8 minut"},"schema":{"@context":"https:\/\/schema.org","@graph":[{"@type":"WebPage","@id":"https:\/\/universofamilia.com\/da\/posso-utilizar-ar-condicionado-no-quarto-do-bebe\/","url":"https:\/\/universofamilia.com\/da\/posso-utilizar-ar-condicionado-no-quarto-do-bebe\/","name":"Posso Utilizar Ar Condicionado no Quarto do Beb\u00ea? - Universo Fam\u00edlia","isPartOf":{"@id":"https:\/\/universofamilia.com\/el\/#website"},"primaryImageOfPage":{"@id":"https:\/\/universofamilia.com\/da\/posso-utilizar-ar-condicionado-no-quarto-do-bebe\/#primaryimage"},"image":{"@id":"https:\/\/universofamilia.com\/da\/posso-utilizar-ar-condicionado-no-quarto-do-bebe\/#primaryimage"},"thumbnailUrl":"http:\/\/universofamilia.com\/wp-content\/uploads\/sites\/148\/2023\/06\/FOTO-DESTAQUE-ar-condicionado-universo-familia-.png","datePublished":"2023-06-19T00:39:10+00:00","dateModified":"2025-10-06T01:57:48+00:00","author":{"@id":"https:\/\/universofamilia.com\/el\/#\/schema\/person\/92fcd07e9b1f4323bf74f3170fc0f78a"},"description":"Posso Utilizar Ar Condicionado no Quarto do Beb\u00ea? Ter um beb\u00ea em casa \u00e9 uma experi\u00eancia incr\u00edvel, mas tamb\u00e9m traz diversas preocupa\u00e7\u00f5es para","breadcrumb":{"@id":"https:\/\/universofamilia.com\/da\/posso-utilizar-ar-condicionado-no-quarto-do-bebe\/#breadcrumb"},"inLanguage":"pl-PL","potentialAction":[{"@type":"ReadAction","target":["https:\/\/universofamilia.com\/da\/posso-utilizar-ar-condicionado-no-quarto-do-bebe\/"]}]},{"@type":"ImageObject","inLanguage":"pl-PL","@id":"https:\/\/universofamilia.com\/da\/posso-utilizar-ar-condicionado-no-quarto-do-bebe\/#primaryimage","url":"http:\/\/universofamilia.com\/wp-content\/uploads\/sites\/148\/2023\/06\/FOTO-DESTAQUE-ar-condicionado-universo-familia-.png","contentUrl":"http:\/\/universofamilia.com\/wp-content\/uploads\/sites\/148\/2023\/06\/FOTO-DESTAQUE-ar-condicionado-universo-familia-.png","width":448,"height":350},{"@type":"BreadcrumbList","@id":"https:\/\/universofamilia.com\/da\/posso-utilizar-ar-condicionado-no-quarto-do-bebe\/#breadcrumb","itemListElement":[{"@type":"ListItem","position":1,"name":"Home","item":"https:\/\/universofamilia.com\/el\/"},{"@type":"ListItem","position":2,"name":"Posso Utilizar Ar Condicionado no Quarto do Beb\u00ea?"}]},{"@type":"WebSite","@id":"https:\/\/universofamilia.com\/el\/#website","url":"https:\/\/universofamilia.com\/el\/","name":"Universo Fam\u00edlia","description":"","potentialAction":[{"@type":"SearchAction","target":{"@type":"EntryPoint","urlTemplate":"https:\/\/universofamilia.com\/el\/?s={search_term_string}"},"query-input":"required name=search_term_string"}],"inLanguage":"pl-PL"},{"@type":"Person","@id":"https:\/\/universofamilia.com\/el\/#\/schema\/person\/92fcd07e9b1f4323bf74f3170fc0f78a","name":"Matheus Sangaletti","image":{"@type":"ImageObject","inLanguage":"pl-PL","@id":"https:\/\/universofamilia.com\/el\/#\/schema\/person\/image\/","url":"http:\/\/2.gravatar.com\/avatar\/280ea957a14a48e6a1ad2133d2cc27c9?s=96&d=mm&r=g","contentUrl":"http:\/\/2.gravatar.com\/avatar\/280ea957a14a48e6a1ad2133d2cc27c9?s=96&d=mm&r=g","caption":"Matheus Sangaletti"},"url":"http:\/\/universofamilia.com\/pl\/author\/matheuss\/"}]}},"_links":{"self":[{"href":"http:\/\/universofamilia.com\/pl\/wp-json\/wp\/v2\/posts\/2760"}],"collection":[{"href":"http:\/\/universofamilia.com\/pl\/wp-json\/wp\/v2\/posts"}],"about":[{"href":"http:\/\/universofamilia.com\/pl\/wp-json\/wp\/v2\/types\/post"}],"author":[{"embeddable":true,"href":"http:\/\/universofamilia.com\/pl\/wp-json\/wp\/v2\/users\/219"}],"replies":[{"embeddable":true,"href":"http:\/\/universofamilia.com\/pl\/wp-json\/wp\/v2\/comments?post=2760"}],"version-history":[{"count":1,"href":"http:\/\/universofamilia.com\/pl\/wp-json\/wp\/v2\/posts\/2760\/revisions"}],"predecessor-version":[{"id":9885,"href":"http:\/\/universofamilia.com\/pl\/wp-json\/wp\/v2\/posts\/2760\/revisions\/9885"}],"wp:featuredmedia":[{"embeddable":true,"href":"http:\/\/universofamilia.com\/pl\/wp-json\/wp\/v2\/media\/2766"}],"wp:attachment":[{"href":"http:\/\/universofamilia.com\/pl\/wp-json\/wp\/v2\/media?parent=2760"}],"wp:term":[{"taxonomy":"category","embeddable":true,"href":"http:\/\/universofamilia.com\/pl\/wp-json\/wp\/v2\/categories?post=2760"},{"taxonomy":"post_tag","embeddable":true,"href":"http:\/\/universofamilia.com\/pl\/wp-json\/wp\/v2\/tags?post=2760"}],"curies":[{"name":"wp","href":"https:\/\/api.w.org\/{rel}","templated":true}]}}