{"id":8905,"date":"2025-03-05T20:35:12","date_gmt":"2025-03-05T20:35:12","guid":{"rendered":"https:\/\/universofamilia.com\/?p=8905"},"modified":"2025-03-05T20:36:20","modified_gmt":"2025-03-05T20:36:20","slug":"asistencia-de-transicion","status":"publish","type":"post","link":"http:\/\/universofamilia.com\/pl\/pomoc-w-przejsciu\/","title":{"rendered":"Pomoc w przej\u015bciu na emerytur\u0119: programy wsparcia dla weteran\u00f3w w \u017cyciu cywilnym"},"content":{"rendered":"<p>Przej\u015bcie ze s\u0142u\u017cby wojskowej do cywila mo\u017ce by\u0107 dla wielu weteran\u00f3w wyzwaniem.<\/p>\n\n\n<div class=\"wp-block-image\">\n<figure class=\"aligncenter size-full\"><img loading=\"lazy\" decoding=\"async\" width=\"550\" height=\"350\" src=\"https:\/\/universofamilia.com\/wp-content\/uploads\/sites\/148\/2025\/03\/DESTAQUE-UNIVERSO-550-x-350-1.jpg\" alt=\"\" class=\"wp-image-8906\" srcset=\"http:\/\/universofamilia.com\/wp-content\/uploads\/sites\/148\/2025\/03\/DESTAQUE-UNIVERSO-550-x-350-1.jpg 550w, http:\/\/universofamilia.com\/wp-content\/uploads\/sites\/148\/2025\/03\/DESTAQUE-UNIVERSO-550-x-350-1-300x191.jpg 300w, http:\/\/universofamilia.com\/wp-content\/uploads\/sites\/148\/2025\/03\/DESTAQUE-UNIVERSO-550-x-350-1-18x12.jpg 18w\" sizes=\"(max-width: 550px) 100vw, 550px\" \/><figcaption class=\"wp-element-caption\">Pomoc przej\u015bciowa<\/figcaption><\/figure><\/div>\n\n\n<p>Na szcz\u0119\u015bcie istnieje wiele program\u00f3w wsparcia, kt\u00f3re pomagaj\u0105 w tym procesie. Oferuj\u0105 one szeroki zakres us\u0142ug, od wsparcia emocjonalnego po szkolenia dotycz\u0105ce reintegracji z rynkiem pracy.<\/p>\n\n\n\n<p>W tym artykule przyjrzymy si\u0119 g\u0142\u00f3wnym zasobom dost\u0119pnym dla weteran\u00f3w i sposobom dost\u0119pu do nich.<\/p>\n\n\n\n<h2 class=\"wp-block-heading\">Czym s\u0105 programy pomocy w okresie przej\u015bciowym i dlaczego s\u0105 wa\u017cne?<\/h2>\n\n\n\n<p>Programy pomocy w okresie przej\u015bciowym zosta\u0142y stworzone, aby pom\u00f3c weteranom przystosowa\u0107 si\u0119 do \u017cycia cywilnego po zako\u0144czeniu s\u0142u\u017cby wojskowej.<\/p>\n\n\n\n<p>Zapewniaj\u0105 wsparcie finansowe, emocjonalne i zawodowe, aby zapewni\u0107 weteranom dost\u0119p do stabilnego i udanego \u017cycia poza wojskiem.<\/p>\n\n\n\n<p>Znaczenie tych program\u00f3w jest ogromne, poniewa\u017c wielu weteran\u00f3w ma trudno\u015bci ze znalezieniem zatrudnienia, cierpi na zesp\u00f3\u0142 stresu pourazowego (PTSD) lub zmaga si\u0119 z problemami zdrowotnymi.<\/p>\n\n\n\n<p>Ponadto readaptacja spo\u0142eczna mo\u017ce by\u0107 skomplikowana, poniewa\u017c struktura i rutyna \u017cycia cywilnego znacznie r\u00f3\u017cni\u0105 si\u0119 od do\u015bwiadcze\u0144 zwi\u0105zanych ze s\u0142u\u017cb\u0105 wojskow\u0105.<\/p>\n\n\n\n<p>Dzi\u0119ki odpowiedniemu wsparciu weterani mog\u0105 pokona\u0107 te bariery i wytyczy\u0107 now\u0105 drog\u0119 do sukcesu, zapewniaj\u0105c sobie nie tylko stabilno\u015b\u0107 ekonomiczn\u0105, ale tak\u017ce jako\u015b\u0107 \u017cycia i dobre samopoczucie emocjonalne.<\/p>\n\n\n<div class=\"wp-block-image\">\n<figure class=\"aligncenter size-full\"><img loading=\"lazy\" decoding=\"async\" width=\"550\" height=\"350\" src=\"https:\/\/universofamilia.com\/wp-content\/uploads\/sites\/148\/2025\/03\/DESTAQUE-UNIVERSO-550-x-350-2.jpg\" alt=\"\" class=\"wp-image-8907\" srcset=\"http:\/\/universofamilia.com\/wp-content\/uploads\/sites\/148\/2025\/03\/DESTAQUE-UNIVERSO-550-x-350-2.jpg 550w, http:\/\/universofamilia.com\/wp-content\/uploads\/sites\/148\/2025\/03\/DESTAQUE-UNIVERSO-550-x-350-2-300x191.jpg 300w, http:\/\/universofamilia.com\/wp-content\/uploads\/sites\/148\/2025\/03\/DESTAQUE-UNIVERSO-550-x-350-2-18x12.jpg 18w\" sizes=\"(max-width: 550px) 100vw, 550px\" \/><figcaption class=\"wp-element-caption\">Pomoc przej\u015bciowa<\/figcaption><\/figure><\/div>\n\n\n<h2 class=\"wp-block-heading\">Najlepsze \u017ar\u00f3d\u0142a pomocy weteranom w przystosowaniu si\u0119 do \u017cycia cywilnego<\/h2>\n\n\n\n<p>Istnieje wiele program\u00f3w i organizacji zajmuj\u0105cych si\u0119 \u015bwiadczeniem specjalistycznego wsparcia weteranom, pomagaj\u0105c im w r\u00f3\u017cnych aspektach \u017cycia cywilnego.<\/p>\n\n\n\n<h3 class=\"wp-block-heading\">Nawi\u0105zywanie kontakt\u00f3w z innymi weteranami<\/h3>\n\n\n\n<p>Nawi\u0105zanie kontakt\u00f3w z innymi weteranami jest niezb\u0119dne do zapewnienia p\u0142ynniejszego przej\u015bcia.<\/p>\n\n\n\n<p>Organizacje takie jak <strong>Ameryka\u0144ski Legion<\/strong> I <strong>Weterani Wojen Zagranicznych (VFW)<\/strong> Promuj\u0105 sieci wsparcia, wydarzenia towarzyskie i mo\u017cliwo\u015bci wolontariatu.<\/p>\n\n\n\n<p>Sieci te odgrywaj\u0105 kluczow\u0105 rol\u0119, umo\u017cliwiaj\u0105c weteranom dzielenie si\u0119 do\u015bwiadczeniami, znajdowanie wsparcia emocjonalnego i poczucie przynale\u017cno\u015bci do spo\u0142eczno\u015bci, kt\u00f3ra rozumie ich wyzwania.<\/p>\n\n\n\n<h3 class=\"wp-block-heading\">Poruszamy si\u0119 do przodu<\/h3>\n\n\n\n<p><strong>Poruszamy si\u0119 do przodu<\/strong> jest programem internetowym opracowanym, aby pom\u00f3c weteranom radzi\u0107 sobie z codziennymi wyzwaniami, stosuj\u0105c strategie oparte na terapii poznawczo-behawioralnej.<\/p>\n\n\n\n<p>Program uczy technik radzenia sobie ze stresem, rozwi\u0105zywania problem\u00f3w i podejmowania decyzji, co pomaga w przystosowaniu si\u0119 do \u017cycia w cywilu.<\/p>\n\n\n\n<h3 class=\"wp-block-heading\">Zapobieganie samob\u00f3jstwom<\/h3>\n\n\n\n<p>Zdrowie psychiczne weteran\u00f3w jest priorytetem. Organizacje takie jak <strong>Infolinia kryzysowa dla weteran\u00f3w<\/strong> Oferuj\u0105 ca\u0142odobowe wsparcie weteranom w kryzysie, gwarantuj\u0105c natychmiastow\u0105 pomoc.<\/p>\n\n\n\n<p>Niestety, wska\u017anik samob\u00f3jstw w\u015br\u00f3d weteran\u00f3w jest wy\u017cszy ni\u017c w populacji og\u00f3lnej, dlatego dost\u0119p do us\u0142ug w zakresie zdrowia psychicznego i zapobiegania samob\u00f3jstwom jest niezb\u0119dny.<\/p>\n\n\n\n<h3 class=\"wp-block-heading\">Opieka nad osobami z urazem m\u00f3zgu (TBI)<\/h3>\n\n\n\n<p>Wielu weteran\u00f3w cierpi na <strong>urazowe uszkodzenie m\u00f3zgu (TBI)<\/strong> z powodu nara\u017cenia na eksplozje i obra\u017ce\u0144 odniesionych w trakcie s\u0142u\u017cby wojskowej.<\/p>\n\n\n\n<p>VA (Department of Veterans Affairs) oferuje specjalistyczne programy leczenia i rehabilitacji uraz\u00f3w m\u00f3zgu, pomagaj\u0105ce weteranom odzyska\u0107 funkcje poznawcze i motoryczne.<\/p>\n\n\n\n<h2 class=\"wp-block-heading\">W jaki spos\u00f3b mog\u0119 uzyska\u0107 dost\u0119p do bezp\u0142atnego wsparcia i szkole\u0144 zawodowych jako weteran?<\/h2>\n\n\n\n<p>On <strong>Departament Spraw Weteran\u00f3w Stan\u00f3w Zjednoczonych (VA)<\/strong> oferuje r\u00f3\u017cnorodne inicjatywy maj\u0105ce na celu pomoc weteranom w powrocie na rynek pracy.<\/p>\n\n\n    <section class=\"mx-1 my-10\">\n                                                <a href=\"https:\/\/www.mentalhealth.va.gov\/transitioning-service\/resources.asp\" class=\"text-white\" data-analytics-label=\"optionsButton\"\n                    data-action=\"analytics#trackCTA\">\n                    <div data-options-target=\"option\"\n                        class=\"custom-section rounded-xl border p-3 shadow-md w-full bg-green-700 my-3\">\n                        <div class=\"flex w-full items-center justify-between\">\n                            <div class=\"flex items-center space-x-3\">\n                                <div class=\"text-lg font-bold\">\n                                    Departament Spraw Weteran\u00f3w Stan\u00f3w Zjednoczonych (VA) \u279d\n                                <\/div>\n                            <\/div>\n                        <\/div>\n                    <\/div>\n                <\/a>\n                            <p class=\"text-xs text-gray-500 text-right\"\n            style=\"margin-left: 50%; margin-bottom: 50px; margin-top: 5px;\">\n            <!-- You will be redirected to another website -->\n        <\/p>\n    <\/section>\n\n\n\n\n<p class=\"has-text-align-center\"><em><strong><em><strong><em><strong><em><strong><em><strong><strong><em><strong><em><strong><em><strong><em><strong><em><strong><em><strong><em><strong><em><strong><em><strong><em><strong><strong><em><strong><em><strong><em><strong><em><strong><em><strong><em><strong><em><strong><em><strong><em><strong><em><strong><strong>Zostaniesz przekierowany do innej witryny<\/strong><\/strong><\/em><\/strong><\/em><\/strong><\/em><\/strong><\/em><\/strong><\/em><\/strong><\/em><\/strong><\/em><\/strong><\/em><\/strong><\/em><\/strong><\/em><\/strong><\/strong><\/em><\/strong><\/em><\/strong><\/em><\/strong><\/em><\/strong><\/em><\/strong><\/em><\/strong><\/em><\/strong><\/em><\/strong><\/em><\/strong><\/em><\/strong><\/strong><\/em><\/strong><\/em><\/strong><\/em><\/strong><\/em><\/strong><\/em><\/p>\n\n\n\n<hr class=\"wp-block-separator has-alpha-channel-opacity is-style-wide\" \/>\n\n\n\n<p><\/p>\n\n\n\n<h3 class=\"wp-block-heading\">Program Rehabilitacji Zawodowej (VR&amp;E)<\/h3>\n\n\n\n<p>Program ten zapewnia szkolenia zawodowe, wsparcie w poszukiwaniu pracy i pomoc weteranom z niepe\u0142nosprawno\u015bciami zwi\u0105zanymi z wojskiem.<\/p>\n\n\n\n<p>Jest to doskona\u0142a opcja dla os\u00f3b chc\u0105cych rozwin\u0105\u0107 nowe umiej\u0119tno\u015bci i zapewni\u0107 sobie stabilno\u015b\u0107 finansow\u0105.<\/p>\n\n\n\n<p>Ponadto VA oferuje bezp\u0142atne kursy we wsp\u00f3\u0142pracy z instytucjami szkolnictwa wy\u017cszego, umo\u017cliwiaj\u0105c weteranom zdobycie nowych kwalifikacji niezb\u0119dnych w karierze cywilnej.<\/p>\n\n\n    <section class=\"mx-1 my-10\">\n                                                <a href=\"https:\/\/www.va.gov\/health-care\/eligibility\/\" class=\"text-white\" data-analytics-label=\"optionsButton\"\n                    data-action=\"analytics#trackCTA\">\n                    <div data-options-target=\"option\"\n                        class=\"custom-section rounded-xl border p-3 shadow-md w-full bg-green-700 my-3\">\n                        <div class=\"flex w-full items-center justify-between\">\n                            <div class=\"flex items-center space-x-3\">\n                                <div class=\"text-lg font-bold\">\n                                    Program Rehabilitacji Zawodowej (VR&amp;E) \u279d\n                                <\/div>\n                            <\/div>\n                        <\/div>\n                    <\/div>\n                <\/a>\n                            <p class=\"text-xs text-gray-500 text-right\"\n            style=\"margin-left: 50%; margin-bottom: 50px; margin-top: 5px;\">\n            <!-- You will be redirected to another website -->\n        <\/p>\n    <\/section>\n\n\n\n\n<p class=\"has-text-align-center\"><em><strong><em><strong><em><strong><em><strong><em><strong><strong><em><strong><em><strong><em><strong><em><strong><em><strong><em><strong><em><strong><em><strong><em><strong><em><strong><strong><em><strong><em><strong><em><strong><em><strong><em><strong><em><strong><em><strong><em><strong><em><strong><em><strong><strong>Zostaniesz przekierowany do innej witryny<\/strong><\/strong><\/em><\/strong><\/em><\/strong><\/em><\/strong><\/em><\/strong><\/em><\/strong><\/em><\/strong><\/em><\/strong><\/em><\/strong><\/em><\/strong><\/em><\/strong><\/strong><\/em><\/strong><\/em><\/strong><\/em><\/strong><\/em><\/strong><\/em><\/strong><\/em><\/strong><\/em><\/strong><\/em><\/strong><\/em><\/strong><\/em><\/strong><\/strong><\/em><\/strong><\/em><\/strong><\/em><\/strong><\/em><\/strong><\/em><\/p>\n\n\n\n<hr class=\"wp-block-separator has-alpha-channel-opacity is-style-wide\" \/>\n\n\n\n<p><\/p>\n\n\n\n<h2 class=\"wp-block-heading\">Planowanie finansowe i pomoc mieszkaniowa dla weteran\u00f3w w okresie przej\u015bciowym<\/h2>\n\n\n\n<p>Stabilno\u015b\u0107 finansowa jest jednym z najwa\u017cniejszych filar\u00f3w przej\u015bcia do \u017cycia cywilnego.<\/p>\n\n\n\n<p>Istnieje kilka program\u00f3w oferuj\u0105cych weteranom pomoc finansow\u0105 i mieszkaniow\u0105:<\/p>\n\n\n\n<ul>\n<li><strong>\u015awiadczenia mieszkaniowe VA<\/strong>VA oferuje gwarancje kredytowe, dzi\u0119ki kt\u00f3rym weterani mog\u0105 naby\u0107 domy na specjalnych warunkach.<\/li>\n\n\n\n<li><strong>Szkolenie z zakresu edukacji finansowej<\/strong>Organizacje takie jak USAA udzielaj\u0105 wsparcia finansowego, aby pom\u00f3c weteranom lepiej zarz\u0105dza\u0107 swoimi pieni\u0119dzmi.<\/li>\n<\/ul>\n\n\n\n<h2 class=\"wp-block-heading\">Historie sukcesu: Weterani odnosz\u0105cy sukcesy dzi\u0119ki korzystaniu z us\u0142ug TAP<\/h2>\n\n\n\n<p>On <strong>Program Pomocy w Przej\u015bciu (TAP)<\/strong> pomog\u0142a tysi\u0105com weteran\u00f3w osi\u0105gn\u0105\u0107 sukces po odbyciu s\u0142u\u017cby wojskowej.<\/p>\n\n\n\n<p>Wielu z nich zdo\u0142a\u0142o za\u0142o\u017cy\u0107 w\u0142asn\u0105 dzia\u0142alno\u015b\u0107 gospodarcz\u0105, uko\u0144czy\u0107 studia uniwersyteckie i osi\u0105gn\u0105\u0107 znakomite wyniki w karierze w s\u0142u\u017cbie cywilnej.<\/p>\n\n\n\n<h2 class=\"wp-block-heading\">Programy pomocy w okresie przej\u015bciowym s\u0105 niezb\u0119dne<\/h2>\n\n\n\n<p>Przej\u015bcie do \u017cycia cywilnego mo\u017ce by\u0107 trudne, ale przy odpowiednich zasobach weterani mog\u0105 zbudowa\u0107 \u015bwietlan\u0105 przysz\u0142o\u015b\u0107.<\/p>\n\n\n\n<p>W\u0142a\u015bciwe wsparcie robi ogromn\u0105 r\u00f3\u017cnic\u0119, gwarantuj\u0105c, \u017ce ci, kt\u00f3rzy s\u0142u\u017cyli naszemu krajowi, otrzymaj\u0105 pomoc, kt\u00f3rej potrzebuj\u0105, aby si\u0119 rozwija\u0107.<\/p>\n\n\n\n<p>Je\u015bli jeste\u015b weteranem lub znasz kogo\u015b, kto potrzebuje pomocy, dowiedz si\u0119 wi\u0119cej o tych programach i do\u0142\u0105cz do tej sieci wsparcia.<\/p>\n\n\n\n<h2 class=\"wp-block-heading\">\u0179r\u00f3d\u0142a<\/h2>\n\n\n\n<ul>\n<li>Departament Spraw Weteran\u00f3w Stan\u00f3w Zjednoczonych (VA)<\/li>\n\n\n\n<li>Ameryka\u0144ski Legion<\/li>\n\n\n\n<li>Infolinia kryzysowa dla weteran\u00f3w<\/li>\n\n\n\n<li>Program Pomocy w Przej\u015bciu (TAP)<\/li>\n\n\n\n<li>Us\u0142ugi finansowe USAA<\/li>\n<\/ul>\n\n\n\n<h2 class=\"wp-block-heading\"><strong>Cz\u0119sto zadawane pytania dotycz\u0105ce pomocy w przej\u015bciu weteran\u00f3w<\/strong><\/h2>\n\n\n\n<h3 class=\"wp-block-heading\">Czym jest pomoc w okresie przej\u015bciowym dla weteran\u00f3w wojskowych?<\/h3>\n\n\n\n<p>Pomoc w okresie przej\u015bciowym to zestaw program\u00f3w i zasob\u00f3w maj\u0105cych na celu pomoc <strong>weterani wojskowi<\/strong> dostosowa\u0107 si\u0119 do <strong>\u017cycie cywilne<\/strong> po odbyciu s\u0142u\u017cby w si\u0142ach zbrojnych.<\/p>\n\n\n\n<p>Programy te obejmuj\u0105 wsparcie finansowe, poradnictwo w zakresie zdrowia psychicznego, mo\u017cliwo\u015bci zatrudnienia i szkolenia zawodowe. Celem jest zapewnienie pomy\u015blnej reintegracji i zminimalizowanie wyzwa\u0144, z jakimi borykaj\u0105 si\u0119 weterani po przej\u015bciu na emerytur\u0119 ze s\u0142u\u017cby wojskowej.<\/p>\n\n\n\n<h3 class=\"wp-block-heading\">Jakie s\u0105 g\u0142\u00f3wne korzy\u015bci dla weteran\u00f3w w okresie przechodzenia do \u017cycia cywilnego?<\/h3>\n\n\n\n<p>The <strong>\u015bwiadczenia dla weteran\u00f3w<\/strong> w okresie przej\u015bciowym obejmuj\u0105 pomoc dla <strong>poszukiwanie pracy<\/strong>, dost\u0119p do szkolnictwa wy\u017cszego dzi\u0119ki stypendiom i dotacjom, wsparcie w <strong>zdrowie psychiczne<\/strong> do leczenia <strong>PTSD<\/strong> i innych zaburze\u0144 zwi\u0105zanych z us\u0142ugami, a tak\u017ce dost\u0119pu do program\u00f3w <strong>rehabilitacja zawodowa<\/strong> i pomoc finansowa na zakup mieszkania.<\/p>\n\n\n\n<h3 class=\"wp-block-heading\">Jakie programy oferuj\u0105 weteranom wsparcie w zakresie zdrowia psychicznego?<\/h3>\n\n\n\n<p>Istnieje wiele inicjatyw skupiaj\u0105cych si\u0119 na dobrostanie psychicznym <strong>weterani wojskowi<\/strong>. On <strong>Infolinia kryzysowa dla weteran\u00f3w<\/strong> zapewnia ca\u0142odobow\u0105 pomoc osobom cierpi\u0105cym na kryzysy emocjonalne lub maj\u0105cym my\u015bli samob\u00f3jcze.<\/p>\n\n\n\n<p>Istniej\u0105 r\u00f3wnie\u017c programy takie jak <strong>Poruszamy si\u0119 do przodu<\/strong>, kt\u00f3ra oferuje strategie oparte na terapii poznawczo-behawioralnej s\u0142u\u017c\u0105ce radzeniu sobie ze stresem i l\u0119kiem.<\/p>\n\n\n\n<p>Ponadto Departament Spraw Weteran\u00f3w zapewnia leczenie <strong>zesp\u00f3\u0142 stresu pourazowego (PTSD)<\/strong> i <strong>urazowe uszkodzenie m\u00f3zgu (TBI)<\/strong>.<\/p>\n\n\n\n<h3 class=\"wp-block-heading\">W jaki spos\u00f3b weteran mo\u017ce uzyska\u0107 dost\u0119p do program\u00f3w rehabilitacji zawodowej?<\/h3>\n\n\n\n<p>On <strong>Program Rehabilitacji Zawodowej (VR&amp;E)<\/strong> w Departamencie Spraw Weteran\u00f3w jest doskona\u0142\u0105 opcj\u0105 dla os\u00f3b poszukuj\u0105cych bezp\u0142atnego szkolenia zawodowego.<\/p>\n\n\n\n<p>Ten program pomaga <strong>weterani wojskowi<\/strong> z niepe\u0142nosprawno\u015bciami zwi\u0105zanymi ze s\u0142u\u017cb\u0105 w celu uzyskania szkole\u0144 technicznych, wsparcia edukacyjnego i doradztwa w zakresie poszukiwania pracy.<\/p>\n\n\n\n<p>Osoby zainteresowane mog\u0105 dokona\u0107 rejestracji za po\u015brednictwem oficjalnego portalu <strong>WCHODZI<\/strong> lub odwied\u017a o\u015brodek opieki dla weteran\u00f3w.<\/p>\n\n\n\n<h3 class=\"wp-block-heading\">Jakiego rodzaju pomoc mieszkaniowa jest dost\u0119pna dla weteran\u00f3w?<\/h3>\n\n\n\n<p>The <strong>weterani wojskowi<\/strong> mog\u0105 uzyska\u0107 dost\u0119p do po\u017cyczek gwarantowanych przez <strong>WCHODZI<\/strong> na zakup domu przy niskim oprocentowaniu i bez konieczno\u015bci wp\u0142aty pocz\u0105tkowej.<\/p>\n\n\n\n<p>Dost\u0119pne s\u0105 r\u00f3wnie\u017c dotacje dla weteran\u00f3w niepe\u0142nosprawnych, kt\u00f3rzy wymagaj\u0105 modernizacji domu. Ponadto istniej\u0105 organizacje oferuj\u0105ce pomoc w wynajmie i wsparcie <strong>bezdomni weterani<\/strong>.<\/p>\n\n\n\n<h3 class=\"wp-block-heading\">W jaki spos\u00f3b weteran mo\u017ce poprawi\u0107 swoj\u0105 stabilno\u015b\u0107 finansow\u0105 po odbyciu s\u0142u\u017cby wojskowej?<\/h3>\n\n\n\n<p>Stabilno\u015b\u0107 finansowa jest kluczowa w <strong>przej\u015bcie do \u017cycia cywilnego<\/strong>. Istniej\u0105 programy <strong>edukacja finansowa<\/strong> takie jak te dostarczane przez USAA, kt\u00f3re ucz\u0105 student\u00f3w <strong>weterani wojskowi<\/strong> na temat zarz\u0105dzania pieni\u0119dzmi, inwestowania i planowania emerytalnego.<\/p>\n\n\n\n<p>Ponadto organizacje rz\u0105dowe i prywatne oferuj\u0105 pomoc w zarz\u0105dzaniu \u015bwiadczeniami i maksymalizacji zasob\u00f3w finansowych.<\/p>\n\n\n\n<h3 class=\"wp-block-heading\">Dlaczego dla weteran\u00f3w wa\u017cne jest uczestnictwo w sieciach wsparcia?<\/h3>\n\n\n\n<p>Po\u0142\u0105cz si\u0119 z innymi <strong>weterani wojskowi<\/strong> jest niezb\u0119dny do pomy\u015blnej reintegracji.<\/p>\n\n\n\n<p>Organizacje takie jak <strong>Ameryka\u0144ski Legion<\/strong> I <strong>Weterani Wojen Zagranicznych (VFW)<\/strong> Organizuj\u0105 wydarzenia, udzielaj\u0105 porad i oferuj\u0105 mo\u017cliwo\u015bci wolontariatu, dzi\u0119ki czemu weterani mog\u0105 dzieli\u0107 si\u0119 swoimi do\u015bwiadczeniami, otrzymywa\u0107 wsparcie emocjonalne i znajdowa\u0107 mo\u017cliwo\u015bci zatrudnienia.<\/p>\n\n\n\n<p>Bycie cz\u0119\u015bci\u0105 spo\u0142eczno\u015bci pomaga zmniejszy\u0107 poczucie izolacji i wzmacnia poczucie przynale\u017cno\u015bci.<\/p>","protected":false},"excerpt":{"rendered":"<p>Przej\u015bcie ze s\u0142u\u017cby wojskowej do cywila mo\u017ce by\u0107 trudne dla wielu weteran\u00f3w. Na szcz\u0119\u015bcie istnieje wiele program\u00f3w wsparcia, kt\u00f3re pomagaj\u0105 w tym procesie, oferuj\u0105c wszystko, od wsparcia emocjonalnego po szkolenia z zakresu reintegracji zawodowej. W tym artykule omawiamy g\u0142\u00f3wne zasoby dost\u0119pne dla weteran\u00f3w i sposoby korzystania z nich.<\/p>","protected":false},"author":139,"featured_media":8907,"comment_status":"closed","ping_status":"open","sticky":false,"template":"","format":"standard","meta":{"footnotes":""},"categories":[5],"tags":[1983,1984,1982,1981,1980],"yoast_head":"<!-- This site is optimized with the Yoast SEO plugin v23.3 - https:\/\/yoast.com\/wordpress\/plugins\/seo\/ -->\n<title>Asistencia de Transici\u00f3n: Programas de Apoyo a Veteranos en la Vida Civil - Universo Fam\u00edlia<\/title>\n<meta name=\"description\" content=\"Asistencia de Transici\u00f3n. La transici\u00f3n de la vida militar a la vida civil puede ser un desaf\u00edo para muchos veteranos.\" \/>\n<meta name=\"robots\" content=\"index, follow, max-snippet:-1, max-image-preview:large, max-video-preview:-1\" \/>\n<link rel=\"canonical\" href=\"http:\/\/universofamilia.com\/pl\/asistencia-de-transicion\/\" \/>\n<meta property=\"og:locale\" content=\"pl_PL\" \/>\n<meta property=\"og:type\" content=\"article\" \/>\n<meta property=\"og:title\" content=\"Asistencia de Transici\u00f3n: Programas de Apoyo a Veteranos en la Vida Civil - Universo Fam\u00edlia\" \/>\n<meta property=\"og:description\" content=\"Asistencia de Transici\u00f3n. La transici\u00f3n de la vida militar a la vida civil puede ser un desaf\u00edo para muchos veteranos.\" \/>\n<meta property=\"og:url\" content=\"http:\/\/universofamilia.com\/pl\/asistencia-de-transicion\/\" \/>\n<meta property=\"og:site_name\" content=\"Universo Fam\u00edlia\" \/>\n<meta property=\"article:published_time\" content=\"2025-03-05T20:35:12+00:00\" \/>\n<meta property=\"article:modified_time\" content=\"2025-03-05T20:36:20+00:00\" \/>\n<meta property=\"og:image\" content=\"http:\/\/universofamilia.com\/wp-content\/uploads\/sites\/148\/2025\/03\/DESTAQUE-UNIVERSO-550-x-350-2.jpg\" \/>\n\t<meta property=\"og:image:width\" content=\"550\" \/>\n\t<meta property=\"og:image:height\" content=\"350\" \/>\n\t<meta property=\"og:image:type\" content=\"image\/jpeg\" \/>\n<meta name=\"author\" content=\"Pedro Henrique\" \/>\n<meta name=\"twitter:card\" content=\"summary_large_image\" \/>\n<meta name=\"twitter:label1\" content=\"Written by\" \/>\n\t<meta name=\"twitter:data1\" content=\"Pedro Henrique\" \/>\n\t<meta name=\"twitter:label2\" content=\"Est. reading time\" \/>\n\t<meta name=\"twitter:data2\" content=\"8 minut\" \/>\n<script type=\"application\/ld+json\" class=\"yoast-schema-graph\">{\"@context\":\"https:\/\/schema.org\",\"@graph\":[{\"@type\":\"WebPage\",\"@id\":\"http:\/\/universofamilia.com\/sk\/asistencia-de-transicion\/\",\"url\":\"http:\/\/universofamilia.com\/sk\/asistencia-de-transicion\/\",\"name\":\"Asistencia de Transici\u00f3n: Programas de Apoyo a Veteranos en la Vida Civil - Universo Fam\u00edlia\",\"isPartOf\":{\"@id\":\"https:\/\/universofamilia.com\/el\/#website\"},\"primaryImageOfPage\":{\"@id\":\"http:\/\/universofamilia.com\/sk\/asistencia-de-transicion\/#primaryimage\"},\"image\":{\"@id\":\"http:\/\/universofamilia.com\/sk\/asistencia-de-transicion\/#primaryimage\"},\"thumbnailUrl\":\"http:\/\/universofamilia.com\/wp-content\/uploads\/sites\/148\/2025\/03\/DESTAQUE-UNIVERSO-550-x-350-2.jpg\",\"datePublished\":\"2025-03-05T20:35:12+00:00\",\"dateModified\":\"2025-03-05T20:36:20+00:00\",\"author\":{\"@id\":\"https:\/\/universofamilia.com\/el\/#\/schema\/person\/f07ce98187dd84d31154262e79b3b7ca\"},\"description\":\"Asistencia de Transici\u00f3n. La transici\u00f3n de la vida militar a la vida civil puede ser un desaf\u00edo para muchos veteranos.\",\"breadcrumb\":{\"@id\":\"http:\/\/universofamilia.com\/sk\/asistencia-de-transicion\/#breadcrumb\"},\"inLanguage\":\"pl-PL\",\"potentialAction\":[{\"@type\":\"ReadAction\",\"target\":[\"http:\/\/universofamilia.com\/sk\/asistencia-de-transicion\/\"]}]},{\"@type\":\"ImageObject\",\"inLanguage\":\"pl-PL\",\"@id\":\"http:\/\/universofamilia.com\/sk\/asistencia-de-transicion\/#primaryimage\",\"url\":\"http:\/\/universofamilia.com\/wp-content\/uploads\/sites\/148\/2025\/03\/DESTAQUE-UNIVERSO-550-x-350-2.jpg\",\"contentUrl\":\"http:\/\/universofamilia.com\/wp-content\/uploads\/sites\/148\/2025\/03\/DESTAQUE-UNIVERSO-550-x-350-2.jpg\",\"width\":550,\"height\":350,\"caption\":\"Asistencia de Transici\u00f3n\"},{\"@type\":\"BreadcrumbList\",\"@id\":\"http:\/\/universofamilia.com\/sk\/asistencia-de-transicion\/#breadcrumb\",\"itemListElement\":[{\"@type\":\"ListItem\",\"position\":1,\"name\":\"Home\",\"item\":\"https:\/\/universofamilia.com\/el\/\"},{\"@type\":\"ListItem\",\"position\":2,\"name\":\"Asistencia de Transici\u00f3n: Programas de Apoyo a Veteranos en la Vida Civil\"}]},{\"@type\":\"WebSite\",\"@id\":\"https:\/\/universofamilia.com\/el\/#website\",\"url\":\"https:\/\/universofamilia.com\/el\/\",\"name\":\"Universo Fam\u00edlia\",\"description\":\"\",\"potentialAction\":[{\"@type\":\"SearchAction\",\"target\":{\"@type\":\"EntryPoint\",\"urlTemplate\":\"https:\/\/universofamilia.com\/el\/?s={search_term_string}\"},\"query-input\":\"required name=search_term_string\"}],\"inLanguage\":\"pl-PL\"},{\"@type\":\"Person\",\"@id\":\"https:\/\/universofamilia.com\/el\/#\/schema\/person\/f07ce98187dd84d31154262e79b3b7ca\",\"name\":\"Pedro Henrique\",\"image\":{\"@type\":\"ImageObject\",\"inLanguage\":\"pl-PL\",\"@id\":\"https:\/\/universofamilia.com\/el\/#\/schema\/person\/image\/\",\"url\":\"http:\/\/0.gravatar.com\/avatar\/9edfeb808cb4e1599f64d6e45b130154?s=96&d=mm&r=g\",\"contentUrl\":\"http:\/\/0.gravatar.com\/avatar\/9edfeb808cb4e1599f64d6e45b130154?s=96&d=mm&r=g\",\"caption\":\"Pedro Henrique\"},\"url\":\"http:\/\/universofamilia.com\/pl\/author\/editor01\/\"}]}<\/script>\n<!-- \/ Yoast SEO plugin. -->","yoast_head_json":{"title":"Asistencia de Transici\u00f3n: Programas de Apoyo a Veteranos en la Vida Civil - Universo Fam\u00edlia","description":"Asistencia de Transici\u00f3n. La transici\u00f3n de la vida militar a la vida civil puede ser un desaf\u00edo para muchos veteranos.","robots":{"index":"index","follow":"follow","max-snippet":"max-snippet:-1","max-image-preview":"max-image-preview:large","max-video-preview":"max-video-preview:-1"},"canonical":"http:\/\/universofamilia.com\/pl\/asistencia-de-transicion\/","og_locale":"pl_PL","og_type":"article","og_title":"Asistencia de Transici\u00f3n: Programas de Apoyo a Veteranos en la Vida Civil - Universo Fam\u00edlia","og_description":"Asistencia de Transici\u00f3n. La transici\u00f3n de la vida militar a la vida civil puede ser un desaf\u00edo para muchos veteranos.","og_url":"http:\/\/universofamilia.com\/pl\/asistencia-de-transicion\/","og_site_name":"Universo Fam\u00edlia","article_published_time":"2025-03-05T20:35:12+00:00","article_modified_time":"2025-03-05T20:36:20+00:00","og_image":[{"width":550,"height":350,"url":"http:\/\/universofamilia.com\/wp-content\/uploads\/sites\/148\/2025\/03\/DESTAQUE-UNIVERSO-550-x-350-2.jpg","type":"image\/jpeg"}],"author":"Pedro Henrique","twitter_card":"summary_large_image","twitter_misc":{"Written by":"Pedro Henrique","Est. reading time":"8 minut"},"schema":{"@context":"https:\/\/schema.org","@graph":[{"@type":"WebPage","@id":"http:\/\/universofamilia.com\/sk\/asistencia-de-transicion\/","url":"http:\/\/universofamilia.com\/sk\/asistencia-de-transicion\/","name":"Asistencia de Transici\u00f3n: Programas de Apoyo a Veteranos en la Vida Civil - Universo Fam\u00edlia","isPartOf":{"@id":"https:\/\/universofamilia.com\/el\/#website"},"primaryImageOfPage":{"@id":"http:\/\/universofamilia.com\/sk\/asistencia-de-transicion\/#primaryimage"},"image":{"@id":"http:\/\/universofamilia.com\/sk\/asistencia-de-transicion\/#primaryimage"},"thumbnailUrl":"http:\/\/universofamilia.com\/wp-content\/uploads\/sites\/148\/2025\/03\/DESTAQUE-UNIVERSO-550-x-350-2.jpg","datePublished":"2025-03-05T20:35:12+00:00","dateModified":"2025-03-05T20:36:20+00:00","author":{"@id":"https:\/\/universofamilia.com\/el\/#\/schema\/person\/f07ce98187dd84d31154262e79b3b7ca"},"description":"Asistencia de Transici\u00f3n. La transici\u00f3n de la vida militar a la vida civil puede ser un desaf\u00edo para muchos veteranos.","breadcrumb":{"@id":"http:\/\/universofamilia.com\/sk\/asistencia-de-transicion\/#breadcrumb"},"inLanguage":"pl-PL","potentialAction":[{"@type":"ReadAction","target":["http:\/\/universofamilia.com\/sk\/asistencia-de-transicion\/"]}]},{"@type":"ImageObject","inLanguage":"pl-PL","@id":"http:\/\/universofamilia.com\/sk\/asistencia-de-transicion\/#primaryimage","url":"http:\/\/universofamilia.com\/wp-content\/uploads\/sites\/148\/2025\/03\/DESTAQUE-UNIVERSO-550-x-350-2.jpg","contentUrl":"http:\/\/universofamilia.com\/wp-content\/uploads\/sites\/148\/2025\/03\/DESTAQUE-UNIVERSO-550-x-350-2.jpg","width":550,"height":350,"caption":"Asistencia de Transici\u00f3n"},{"@type":"BreadcrumbList","@id":"http:\/\/universofamilia.com\/sk\/asistencia-de-transicion\/#breadcrumb","itemListElement":[{"@type":"ListItem","position":1,"name":"Home","item":"https:\/\/universofamilia.com\/el\/"},{"@type":"ListItem","position":2,"name":"Asistencia de Transici\u00f3n: Programas de Apoyo a Veteranos en la Vida Civil"}]},{"@type":"WebSite","@id":"https:\/\/universofamilia.com\/el\/#website","url":"https:\/\/universofamilia.com\/el\/","name":"Universo Fam\u00edlia","description":"","potentialAction":[{"@type":"SearchAction","target":{"@type":"EntryPoint","urlTemplate":"https:\/\/universofamilia.com\/el\/?s={search_term_string}"},"query-input":"required name=search_term_string"}],"inLanguage":"pl-PL"},{"@type":"Person","@id":"https:\/\/universofamilia.com\/el\/#\/schema\/person\/f07ce98187dd84d31154262e79b3b7ca","name":"Pedro Henrique","image":{"@type":"ImageObject","inLanguage":"pl-PL","@id":"https:\/\/universofamilia.com\/el\/#\/schema\/person\/image\/","url":"http:\/\/0.gravatar.com\/avatar\/9edfeb808cb4e1599f64d6e45b130154?s=96&d=mm&r=g","contentUrl":"http:\/\/0.gravatar.com\/avatar\/9edfeb808cb4e1599f64d6e45b130154?s=96&d=mm&r=g","caption":"Pedro Henrique"},"url":"http:\/\/universofamilia.com\/pl\/author\/editor01\/"}]}},"_links":{"self":[{"href":"http:\/\/universofamilia.com\/pl\/wp-json\/wp\/v2\/posts\/8905"}],"collection":[{"href":"http:\/\/universofamilia.com\/pl\/wp-json\/wp\/v2\/posts"}],"about":[{"href":"http:\/\/universofamilia.com\/pl\/wp-json\/wp\/v2\/types\/post"}],"author":[{"embeddable":true,"href":"http:\/\/universofamilia.com\/pl\/wp-json\/wp\/v2\/users\/139"}],"replies":[{"embeddable":true,"href":"http:\/\/universofamilia.com\/pl\/wp-json\/wp\/v2\/comments?post=8905"}],"version-history":[{"count":3,"href":"http:\/\/universofamilia.com\/pl\/wp-json\/wp\/v2\/posts\/8905\/revisions"}],"predecessor-version":[{"id":8910,"href":"http:\/\/universofamilia.com\/pl\/wp-json\/wp\/v2\/posts\/8905\/revisions\/8910"}],"wp:featuredmedia":[{"embeddable":true,"href":"http:\/\/universofamilia.com\/pl\/wp-json\/wp\/v2\/media\/8907"}],"wp:attachment":[{"href":"http:\/\/universofamilia.com\/pl\/wp-json\/wp\/v2\/media?parent=8905"}],"wp:term":[{"taxonomy":"category","embeddable":true,"href":"http:\/\/universofamilia.com\/pl\/wp-json\/wp\/v2\/categories?post=8905"},{"taxonomy":"post_tag","embeddable":true,"href":"http:\/\/universofamilia.com\/pl\/wp-json\/wp\/v2\/tags?post=8905"}],"curies":[{"name":"wp","href":"https:\/\/api.w.org\/{rel}","templated":true}]}}