{"id":9970,"date":"2025-10-10T17:48:08","date_gmt":"2025-10-10T20:48:08","guid":{"rendered":"https:\/\/universofamilia.com\/?p=9970"},"modified":"2025-10-15T16:09:34","modified_gmt":"2025-10-15T19:09:34","slug":"el-teletrabajo-en-2025-las-nuevas-tendencias-del-home-office","status":"publish","type":"post","link":"http:\/\/universofamilia.com\/pl\/el-teletrabajo-en-2025-las-nuevas-tendencias-del-home-office\/","title":{"rendered":"Telepraca w 2025 roku: Nowe trendy w pracy zdalnej"},"content":{"rendered":"<p class=\"has-text-align-center\"><strong>Telepraca w 2025 roku: Nowe trendy w pracy zdalnej<\/strong> Jest to ju\u017c cz\u0119\u015b\u0107 struktury organizacyjnej wielu firm; nie jest to chwilowa moda, lecz g\u0142\u0119boka transformacja.<\/p>\n\n\n\n<figure class=\"wp-block-gallery aligncenter has-nested-images columns-default is-cropped wp-block-gallery-1 is-layout-flex wp-block-gallery-is-layout-flex\">\n<figure class=\"wp-block-image size-full\"><img loading=\"lazy\" decoding=\"async\" width=\"450\" height=\"250\" data-id=\"9992\" src=\"https:\/\/universofamilia.com\/wp-content\/uploads\/sites\/148\/2025\/10\/Destaque-Universo-3-1.jpg\" alt=\"\" class=\"wp-image-9992\" srcset=\"http:\/\/universofamilia.com\/wp-content\/uploads\/sites\/148\/2025\/10\/Destaque-Universo-3-1.jpg 450w, http:\/\/universofamilia.com\/wp-content\/uploads\/sites\/148\/2025\/10\/Destaque-Universo-3-1-300x167.jpg 300w, http:\/\/universofamilia.com\/wp-content\/uploads\/sites\/148\/2025\/10\/Destaque-Universo-3-1-18x10.jpg 18w\" sizes=\"(max-width: 450px) 100vw, 450px\" \/><\/figure>\n<\/figure>\n\n\n\n<p>W tym artykule dowiesz si\u0119:<\/p>\n\n\n\n<ul>\n<li>Najnowsze zmiany i nowe trendy w pracy zdalnej w tym roku.<\/li>\n\n\n\n<li>Jak te trendy wp\u0142ywaj\u0105 na pracownik\u00f3w i pracodawc\u00f3w.<\/li>\n\n\n\n<li>Konkretne strategie adaptacji i uzyskania przewagi.<\/li>\n<\/ul>\n\n\n\n<p>Czy wiesz, jakie b\u0119d\u0105 charakterystyczne cechy pracy zdalnej w tym roku?<\/p>\n\n\n\n<h4 class=\"wp-block-heading\"><strong>Aktualny stan pracy zdalnej w Meksyku i na \u015bwiecie<\/strong><\/h4>\n\n\n\n<p>W Meksyku, wed\u0142ug raportu <em>Trendy biznesowe w Meksyku na rok 2025<\/em>, wi\u0119cej ni\u017c <strong>65 firm %<\/strong> przyj\u0119to pewien spos\u00f3b pracy zdalnej podczas pandemii.<\/p>\n\n\n\n<p>Prognozuje si\u0119, \u017ce do 2025 r. odsetek ten wzro\u015bnie do <strong>ponad 75 %<\/strong>, zw\u0142aszcza w takich sektorach jak technologia, us\u0142ugi finansowe i edukacja. <\/p>\n\n\n\n<p>Badania wskazuj\u0105, \u017ce na ca\u0142ym \u015bwiecie oko\u0142o <strong>28 % si\u0142y roboczej<\/strong> pracowa\u0107 zdalnie, w trybie hybrydowym lub ca\u0142kowicie z domu.<\/p>\n\n\n\n<p>Dane te pokazuj\u0105, \u017ce praca zdalna nie jest ju\u017c wyj\u0105tkiem, lecz cz\u0119\u015bci\u0105 nowej normalno\u015bci.<\/p>\n\n\n\n<h4 class=\"wp-block-heading\"> <strong>G\u0142\u00f3wne trendy, kt\u00f3re b\u0119d\u0105 kszta\u0142towa\u0107 domowe biuro w 2025 roku<\/strong><\/h4>\n\n\n\n<p>Oto trendy, kt\u00f3re b\u0119d\u0105 definiuj\u0105 prac\u0119 zdaln\u0105 w tym i prawdopodobnie w przysz\u0142o\u015bci.<\/p>\n\n\n\n<h5 class=\"wp-block-heading\"><strong>1. Zaawansowane modele hybrydowe<\/strong><\/h5>\n\n\n\n<p>Wiele organizacji preferuje obecnie modele hybrydowe, \u0142\u0105cz\u0105ce prac\u0119 zdaln\u0105 z prac\u0105 stacjonarn\u0105. <\/p>\n\n\n\n<p>Nie chodzi tylko o to, \u017ceby \u201eprzyjecha\u0107 za kilka dni\u201d, ale o ustalenie harmonogram\u00f3w, przestrzeni do wsp\u00f3lnej pracy oraz jasnych zasad dotycz\u0105cych fizycznego i wirtualnego biura.<\/p>\n\n\n\n<h5 class=\"wp-block-heading\"><strong>2. Zdecentralizowane biura i lokalne przestrzenie coworkingowe<\/strong><\/h5>\n\n\n\n<p>Firmy u\u0142atwiaj\u0105 swoim pracownikom prac\u0119 w pobliskich przestrzeniach poza ich tradycyjnymi domami, tworz\u0105c przestrzenie coworkingowe w dzielnicach mieszkaniowych lub biurach satelitarnych.<\/p>\n\n\n\n<p>Czas dojazdu do pracy ulega skr\u00f3ceniu, wzrasta motywacja i poprawia si\u0119 jako\u015b\u0107 \u017cycia.<\/p>\n\n\n\n<h5 class=\"wp-block-heading\"><strong>3. Technologia jako podstawa fundamentalna<\/strong><\/h5>\n\n\n\n<p>Narz\u0119dzia do wsp\u00f3\u0142pracy w czasie rzeczywistym, wysokiej jako\u015bci wideokonferencje, rozszerzona i wirtualna rzeczywisto\u015b\u0107 do spotka\u0144 oraz platformy integruj\u0105ce zarz\u0105dzanie zadaniami, dobre samopoczucie i produktywno\u015b\u0107.<\/p>\n\n\n\n<p>Pr\u0119dko\u015b\u0107 \u0142\u0105cza internetowego i bezpiecze\u0144stwo po\u0142\u0105czenia maj\u0105 znaczenie.<\/p>\n\n\n\n<h5 class=\"wp-block-heading\"><strong>4. Rzeczywista elastyczno\u015b\u0107 harmonogram\u00f3w<\/strong><\/h5>\n\n\n\n<p>Samo umo\u017cliwienie ludziom pracy z domu nie wystarczy: oczekuje si\u0119 elastycznych grafik\u00f3w, z mo\u017cliwo\u015bci\u0105 dostosowania ich do osobistego planu dnia, pod warunkiem, \u017ce odpowiadaj\u0105 one zamierzonym celom.<\/p>\n\n\n\n<p>Obejmuje to dostosowanie godzin pracy do zmieniaj\u0105cych si\u0119 potrzeb, aby unikn\u0105\u0107 godzin szczytu, dbanie o zdrowie psychiczne i promowanie r\u00f3wnowagi mi\u0119dzy \u017cyciem zawodowym a prywatnym.<\/p>\n\n\n\n<h5 class=\"wp-block-heading\"><strong>5. Priorytetem jest dobre samopoczucie, zdrowie psychiczne i ergonomia<\/strong><\/h5>\n\n\n\n<p>Izolacja lub d\u0142ugie godziny pracy bez fizycznego oddzielenia domu od pracy odbijaj\u0105 si\u0119 na naszym zdrowiu.<\/p>\n\n\n\n<p>Firmy inwestuj\u0105 w programy wsparcia emocjonalnego, ergonomi\u0119 domu (krzes\u0142a, biurka, o\u015bwietlenie), aktywne przerwy i promuj\u0105 zdrowe nawyki.<\/p>\n\n\n\n<h5 class=\"wp-block-heading\"><strong>6. W\u0142\u0105czenie i r\u00f3wno\u015b\u0107 na odleg\u0142o\u015b\u0107<\/strong><\/h5>\n\n\n\n<p>Upewnij si\u0119, \u017ce wszyscy pracownicy maj\u0105 dost\u0119p do zasob\u00f3w: niezawodnej \u0142\u0105czno\u015bci, odpowiedniego sprz\u0119tu i bezpiecznego \u015brodowiska pracy.<\/p>\n\n\n\n<p>Nale\u017cy r\u00f3wnie\u017c zadba\u0107 o to, aby osoby pracuj\u0105ce zdalnie nie traci\u0142y mo\u017cliwo\u015bci awansu i nie stawa\u0142y si\u0119 niewidoczne dla kadry zarz\u0105dzaj\u0105cej.<\/p>\n\n\n\n<h4 class=\"wp-block-heading\"><strong> Zalety i zagro\u017cenia zaawansowanej pracy zdalnej<\/strong><\/h4>\n\n\n\n<p>Realistyczna analiza zalet i wad pozwoli Ci podj\u0105\u0107 lepsze decyzje.<\/p>\n\n\n\n<h5 class=\"wp-block-heading\"><strong>Zalety<\/strong><\/h5>\n\n\n\n<ul>\n<li>Wi\u0119ksza produktywno\u015b\u0107: Wielu pracownik\u00f3w deklaruje r\u00f3wn\u0105 lub wy\u017csz\u0105 wydajno\u015b\u0107 podczas pracy zdalnej lub w \u015brodowisku hybrydowym, poniewa\u017c wyst\u0119puje tam mniej zak\u0142\u00f3ce\u0144 fizycznych.<\/li>\n\n\n\n<li>Oszcz\u0119dno\u015bci: dla firm oznacza to mniej miejsca, mniej energii i mniej koszt\u00f3w sta\u0142ych; dla pracownik\u00f3w oznacza to mniej wydatk\u00f3w na transport i mniej jedzenia wydawanego poza domem.<\/li>\n\n\n\n<li>Przyci\u0105ganie talent\u00f3w: Elastyczno\u015b\u0107 jest czynnikiem decyduj\u0105cym dla potencjalnych pracownik\u00f3w.<\/li>\n<\/ul>\n\n\n\n<h5 class=\"wp-block-heading\"><strong>Ryzyka<\/strong><\/h5>\n\n\n\n<ul>\n<li>Zm\u0119czenie cyfrowe i zatarcie granic mi\u0119dzy \u017cyciem prywatnym i zawodowym: praca bez \u201ezamkni\u0119cia drzwi\u201d do fizycznego biura mo\u017ce prowadzi\u0107 do wypalenia zawodowego.<\/li>\n\n\n\n<li>Nier\u00f3wno\u015bci technologiczne: Nie ka\u017cdy ma dost\u0119p do szybkiego Internetu, odpowiedniej przestrzeni i nowoczesnego sprz\u0119tu.<\/li>\n\n\n\n<li>Utrata kultury korporacyjnej i nieformalnej komunikacji: Spontaniczne rozmowy w biurze zanikaj\u0105, co mo\u017ce mie\u0107 wp\u0142yw na kreatywno\u015b\u0107 i sp\u00f3jno\u015b\u0107.<\/li>\n<\/ul>\n\n\n\n<h4 class=\"wp-block-heading\"> <strong>Strategie adaptacji do pracy zdalnej w 2025 roku: nowe trendy w pracy zdalnej<\/strong><\/h4>\n\n\n\n<p>Aby mie\u0107 pewno\u015b\u0107, \u017ce Ty lub Twoja firma jako profesjonalista nie pozostaniecie w tyle, przedstawiamy praktyczne strategie.<\/p>\n\n\n\n<h5 class=\"wp-block-heading\"><strong>A. Ustanowienie jasnych zasad<\/strong><\/h5>\n\n\n\n<p>Okre\u015bl oczekiwania: kiedy obecno\u015b\u0107 osobista jest obowi\u0105zkowa, kryteria korzystania z przestrzeni coworkingowych i elastyczny harmonogram.<\/p>\n\n\n\n<p>Poinformuj wszystkich, kiedy, jak i czego si\u0119 od nich oczekuje.<\/p>\n\n\n\n<h5 class=\"wp-block-heading\"><strong>B. Inwestycje w odpowiedni\u0105 infrastruktur\u0119<\/strong><\/h5>\n\n\n\n<p>Zadbaj o to, aby Twoi pracownicy zdalni mieli dobry dost\u0119p do Internetu, niezawodny sprz\u0119t i dobrze utrzymane pomieszczenia.<\/p>\n\n\n\n<p>Je\u015bli pracujesz w domu, rozwa\u017c dofinansowanie zakupu ergonomicznych mebli, ekran\u00f3w i krzese\u0142.<\/p>\n\n\n\n<h5 class=\"wp-block-heading\"><strong>C. Cz\u0119sta komunikacja i kultura zdalna<\/strong><\/h5>\n\n\n\n<p>Regularne spotkania, ale tak\u017ce nieformalne, wirtualne przestrzenie do rekreacji i spotka\u0144 towarzyskich. Ci\u0105g\u0142y feedback: co dzia\u0142a, co nie i jakie s\u0105 mo\u017cliwo\u015bci modyfikacji.<\/p>\n\n\n\n<h5 class=\"wp-block-heading\"><strong>D. Szkolenie i zdrowie psychiczne<\/strong><\/h5>\n\n\n\n<p>Szkolenia z zakresu zdalnego zarz\u0105dzania czasem, narz\u0119dzi cyfrowych i dbania o siebie. W razie potrzeby programy wsparcia psychologicznego.<\/p>\n\n\n\n<p>Pami\u0119taj, \u017ce praca zdalna nie oznacza, \u017ce musisz by\u0107 zawsze \u201edost\u0119pny\u201d.<\/p>\n\n\n\n<p>Czytaj wi\u0119cej:&nbsp;<a href=\"http:\/\/universofamilia.com\/pl\/los-paises-mas-avanzados-en-regulacion-de-ia-en-2025\/\">Najbardziej zaawansowane kraje w zakresie regulacji dotycz\u0105cych sztucznej inteligencji w 2025 r.<\/a><\/p>\n\n\n\n<h4 class=\"wp-block-heading\"><strong>Oryginalne przyk\u0142ady<\/strong><\/h4>\n\n\n\n<p><strong>Przyk\u0142ad 1:<\/strong> Firma zajmuj\u0105ca si\u0119 tworzeniem oprogramowania z Guadalajary wdro\u017cy\u0142a w 2025 r. model hybrydowy: praca zdalna w poniedzia\u0142ki, wtorki i czwartki; walne zgromadzenia odbywaj\u0105 si\u0119 osobi\u015bcie w \u015brody; a w pi\u0105tki mo\u017cna skorzysta\u0107 z opcjonalnej przestrzeni coworkingowej.<\/p>\n\n\n\n<p>Zaoferowa\u0142 miesi\u0119czn\u0105 dotacj\u0119 ka\u017cdemu deweloperowi na zakup ergonomicznego biurka domowego, dzi\u0119ki czemu uda\u0142o mu si\u0119 zmniejszy\u0107 liczb\u0119 b\u0142\u0119d\u00f3w w kodzie o 15 % w por\u00f3wnaniu ze 100 % w poprzednim roku.<\/p>\n\n\n\n<p><strong>Przyk\u0142ad 2:<\/strong> Plac\u00f3wka edukacyjna w mie\u015bcie Meksyk uruchomi\u0142a zaj\u0119cia wirtualne i zdaln\u0105 prac\u0119 administracyjn\u0105, ale utrzyma\u0142a kwartalne zaj\u0119cia stacjonarne.<\/p>\n\n\n\n<p>Ponadto firma wprowadzi\u0142a harmonogramy pracy dla swoich pracownik\u00f3w i wdro\u017cy\u0142a wewn\u0119trzn\u0105 platform\u0119 umo\u017cliwiaj\u0105c\u0105 rezerwowanie lokalnych przestrzeni coworkingowych.<\/p>\n\n\n\n<p>Wynik: wzrost zadowolenia personelu (wed\u0142ug badania wewn\u0119trznego) i obni\u017cenie koszt\u00f3w transportu dla ponad 50 nauczycieli %.<\/p>\n\n\n\n<h4 class=\"wp-block-heading\"><strong>Istotne statystyki<\/strong><\/h4>\n\n\n\n<p>Globalne badania pokazuj\u0105, \u017ce liczba pracownik\u00f3w zdalnych ostatnio si\u0119 ustabilizowa\u0142a: \u015brednio <strong>1,23 dnia w tygodniu<\/strong> pracowa\u0142o z domu w przypadku os\u00f3b z wy\u017cszym wykszta\u0142ceniem, co stanowi oko\u0142o <strong>25 % dni roboczych<\/strong> w takich przypadkach. <\/p>\n\n\n\n<h3 class=\"wp-block-heading\"><strong>Kr\u00f3tkie por\u00f3wnanie: praca zdalna kontra praca w tradycyjnym biurze<\/strong><\/h3>\n\n\n\n<figure class=\"wp-block-table\"><table><thead><tr><th>Aspekt<\/th><th>Tradycyjne biuro<\/th><th>Zaawansowana praca zdalna\/hybrydowa<\/th><\/tr><\/thead><tbody><tr><td>Elastyczne godziny pracy<\/td><td>Ograniczony, sztywny<\/td><td>Wysoki, adaptowalny do osobistych cel\u00f3w<\/td><\/tr><tr><td>Koszty fizyczne<\/td><td>Przystanki na transport i konserwacj\u0119 biura<\/td><td>Nieletni dla pracownik\u00f3w i firm<\/td><\/tr><tr><td>Interakcje spo\u0142eczne<\/td><td>Wysoki, spontaniczny<\/td><td>Mo\u017cliwy spadek, wymaga aktywnych strategii<\/td><\/tr><tr><td>Wymagania technologiczne<\/td><td>Podstawowe w biurze<\/td><td>Dobre narz\u0119dzia internetowe i cyfrowe s\u0105 niezb\u0119dne.<\/td><\/tr><tr><td>R\u00f3wnowaga mi\u0119dzy \u017cyciem zawodowym a prywatnym<\/td><td>Bardziej ograniczony<\/td><td>Wiele zale\u017cy od dyscypliny i organizacji<\/td><\/tr><\/tbody><\/table><figcaption class=\"wp-element-caption\">Telepraca w 2025 roku: Nowe trendy w pracy zdalnej<\/figcaption><\/figure>\n\n\n\n<figure class=\"wp-block-gallery aligncenter has-nested-images columns-default is-cropped wp-block-gallery-2 is-layout-flex wp-block-gallery-is-layout-flex\">\n<figure class=\"wp-block-image size-full\"><img loading=\"lazy\" decoding=\"async\" width=\"550\" height=\"350\" data-id=\"9973\" src=\"https:\/\/universofamilia.com\/wp-content\/uploads\/sites\/148\/2025\/10\/DESTAQUE-UNIVERSO-550-x-350-14.jpg\" alt=\"\" class=\"wp-image-9973\" srcset=\"http:\/\/universofamilia.com\/wp-content\/uploads\/sites\/148\/2025\/10\/DESTAQUE-UNIVERSO-550-x-350-14.jpg 550w, http:\/\/universofamilia.com\/wp-content\/uploads\/sites\/148\/2025\/10\/DESTAQUE-UNIVERSO-550-x-350-14-300x191.jpg 300w, http:\/\/universofamilia.com\/wp-content\/uploads\/sites\/148\/2025\/10\/DESTAQUE-UNIVERSO-550-x-350-14-18x12.jpg 18w\" sizes=\"(max-width: 550px) 100vw, 550px\" \/><figcaption class=\"wp-element-caption\">CANVA<\/figcaption><\/figure>\n<\/figure>\n\n\n\n<h3 class=\"wp-block-heading\"><strong>Wniosek<\/strong><\/h3>\n\n\n\n<p><strong>Telepraca w 2025 roku: Nowe trendy w pracy zdalnej<\/strong> Nie jest to po prostu nowoczesna wytw\u00f3rnia, ale naturalna ewolucja tw\u00f3rczo\u015bci w erze cyfrowej.<\/p>\n\n\n\n<p>Firmy, kt\u00f3re inwestuj\u0105 w rzeczywist\u0105 elastyczno\u015b\u0107, odpowiedni\u0105 infrastruktur\u0119 i opiek\u0119 ludzk\u0105, maj\u0105 wi\u0119ksze szanse na zatrzymanie talent\u00f3w i zachowanie konkurencyjno\u015bci.<\/p>\n\n\n\n<p>Nie chodzi o powr\u00f3t do przesz\u0142o\u015bci z zat\u0142oczonymi biurami ani o narzucanie nieustrukturyzowanej pracy zdalnej. R\u00f3wnowaga, jasno\u015b\u0107 i adaptacja b\u0119d\u0105 Twoimi najlepszymi sprzymierze\u0144cami.<\/p>\n\n\n\n<p>Czytaj wi\u0119cej:<a href=\"http:\/\/universofamilia.com\/pl\/inteligencia-artificial-en-el-dia-a-dia\/\">&nbsp;Sztuczna inteligencja w \u017cyciu codziennym<\/a><\/p>\n\n\n\n<h3 class=\"wp-block-heading\"><strong>Cz\u0119sto zadawane pytania<\/strong><\/h3>\n\n\n\n<p><strong>1. Ile dni w tygodniu uwa\u017ca si\u0119 za optymalne do pracy z domu?<\/strong><br>Zale\u017cy to od rodzaju zadania, kultury firmy i osobistych preferencji.<\/p>\n\n\n\n<p>Wiele modelek wskazuje na 2\u20133 dni pracy zdalnej w tygodniu jako idealne rozwi\u0105zanie w przypadku \u0142\u0105czonych r\u00f3l, przy jednoczesnym zachowaniu interakcji osobistych w celu zachowania sp\u00f3jno\u015bci, kultury i kreatywno\u015bci.<\/p>\n\n\n\n<p><strong>2. Jak mog\u0119 zapobiec temu, aby praca zdalna wp\u0142ywa\u0142a na moj\u0105 widoczno\u015b\u0107 i mo\u017cliwo\u015bci awansu?<\/strong><br>B\u0105d\u017a obecny wirtualnie: bierz udzia\u0142 w spotkaniach, proponuj projekty, komunikuj swoje osi\u0105gni\u0119cia.<\/p>\n\n\n\n<p>Kluczowe jest, aby kierownictwo uzna\u0142o prac\u0119 zdaln\u0105 za legaln\u0105 i aby istnia\u0142y wska\u017aniki efektywno\u015bci oparte na wynikach.<\/p>\n\n\n\n<p><strong>3. Jakie narz\u0119dzia s\u0105 niezb\u0119dne do nowoczesnej pracy zdalnej?<\/strong><br><\/p>\n\n\n\n<p>Stabilne po\u0142\u0105czenie i <a href=\"http:\/\/universofamilia.com\/pl\/como-montar-un-home-office-productivo-gastando-poco\/\">Internet<\/a> Szybko\u015b\u0107; platformy do wsp\u00f3\u0142pracy, takie jak Slack, Microsoft Teams i podobne; oprogramowanie do zarz\u0105dzania zadaniami (Trello, Asana, Notion); narz\u0119dzia do wideokonferencji; tworzenie kopii zapasowych danych i rozwi\u0105zania z zakresu bezpiecze\u0144stwa IT.<\/p>\n\n\n\n<p><strong>4. Jak zadba\u0107 o dobre samopoczucie psychiczne i fizyczne, pracuj\u0105c z domu?<\/strong><br>Ustal harmonogram z zaplanowanymi przerwami, wydzielonym miejscem pracy, kt\u00f3re b\u0119dzie sprzyja\u0107 koncentracji, odci\u0105\u017ceniu oczu i regularnym \u0107wiczeniom.<\/p>\n\n\n\n<p>Oddzielenie przestrzeni roboczej od strefy odpoczynku jest r\u00f3wnie wa\u017cne jak korzystanie z dobrych narz\u0119dzi cyfrowych.<\/p>","protected":false},"excerpt":{"rendered":"<p>El teletrabajo en 2025: las nuevas tendencias del home office ya forma parte de la estructura laboral de muchas empresas; no es una moda temporal sino una transformaci\u00f3n profunda. En este art\u00edculo vas a conocer: \u00bfSabes cu\u00e1les ser\u00e1n los rasgos que definir\u00e1n el trabajo remoto este a\u00f1o? El estado actual del trabajo remoto en M\u00e9xico [&hellip;]<\/p>","protected":false},"author":219,"featured_media":9992,"comment_status":"closed","ping_status":"open","sticky":false,"template":"","format":"standard","meta":{"footnotes":""},"categories":[5],"tags":[],"yoast_head":"<!-- This site is optimized with the Yoast SEO plugin v23.3 - https:\/\/yoast.com\/wordpress\/plugins\/seo\/ -->\n<title>El teletrabajo en 2025: las nuevas tendencias del home office - Universo Fam\u00edlia<\/title>\n<meta name=\"description\" content=\"El teletrabajo en 2025: las nuevas tendencias del home office ya forma parte de la estructura laboral de muchas empresas; no es una moda...\" \/>\n<meta name=\"robots\" content=\"index, follow, max-snippet:-1, max-image-preview:large, max-video-preview:-1\" \/>\n<link rel=\"canonical\" href=\"http:\/\/universofamilia.com\/pl\/el-teletrabajo-en-2025-las-nuevas-tendencias-del-home-office\/\" \/>\n<meta property=\"og:locale\" content=\"pl_PL\" \/>\n<meta property=\"og:type\" content=\"article\" \/>\n<meta property=\"og:title\" content=\"El teletrabajo en 2025: las nuevas tendencias del home office - Universo Fam\u00edlia\" \/>\n<meta property=\"og:description\" content=\"El teletrabajo en 2025: las nuevas tendencias del home office ya forma parte de la estructura laboral de muchas empresas; no es una moda...\" \/>\n<meta property=\"og:url\" content=\"http:\/\/universofamilia.com\/pl\/el-teletrabajo-en-2025-las-nuevas-tendencias-del-home-office\/\" \/>\n<meta property=\"og:site_name\" content=\"Universo Fam\u00edlia\" \/>\n<meta property=\"article:published_time\" content=\"2025-10-10T20:48:08+00:00\" \/>\n<meta property=\"article:modified_time\" content=\"2025-10-15T19:09:34+00:00\" \/>\n<meta property=\"og:image\" content=\"http:\/\/universofamilia.com\/wp-content\/uploads\/sites\/148\/2025\/10\/Destaque-Universo-3-1.jpg\" \/>\n\t<meta property=\"og:image:width\" content=\"450\" \/>\n\t<meta property=\"og:image:height\" content=\"250\" \/>\n\t<meta property=\"og:image:type\" content=\"image\/jpeg\" \/>\n<meta name=\"author\" content=\"Matheus Sangaletti\" \/>\n<meta name=\"twitter:card\" content=\"summary_large_image\" \/>\n<meta name=\"twitter:label1\" content=\"Written by\" \/>\n\t<meta name=\"twitter:data1\" content=\"Matheus Sangaletti\" \/>\n\t<meta name=\"twitter:label2\" content=\"Est. reading time\" \/>\n\t<meta name=\"twitter:data2\" content=\"8 minut\" \/>\n<script type=\"application\/ld+json\" class=\"yoast-schema-graph\">{\"@context\":\"https:\/\/schema.org\",\"@graph\":[{\"@type\":\"WebPage\",\"@id\":\"http:\/\/universofamilia.com\/sr\/el-teletrabajo-en-2025-las-nuevas-tendencias-del-home-office\/\",\"url\":\"http:\/\/universofamilia.com\/sr\/el-teletrabajo-en-2025-las-nuevas-tendencias-del-home-office\/\",\"name\":\"El teletrabajo en 2025: las nuevas tendencias del home office - Universo Fam\u00edlia\",\"isPartOf\":{\"@id\":\"http:\/\/universofamilia.com\/zh_hk\/#website\"},\"primaryImageOfPage\":{\"@id\":\"http:\/\/universofamilia.com\/sr\/el-teletrabajo-en-2025-las-nuevas-tendencias-del-home-office\/#primaryimage\"},\"image\":{\"@id\":\"http:\/\/universofamilia.com\/sr\/el-teletrabajo-en-2025-las-nuevas-tendencias-del-home-office\/#primaryimage\"},\"thumbnailUrl\":\"http:\/\/universofamilia.com\/wp-content\/uploads\/sites\/148\/2025\/10\/Destaque-Universo-3-1.jpg\",\"datePublished\":\"2025-10-10T20:48:08+00:00\",\"dateModified\":\"2025-10-15T19:09:34+00:00\",\"author\":{\"@id\":\"http:\/\/universofamilia.com\/zh_hk\/#\/schema\/person\/92fcd07e9b1f4323bf74f3170fc0f78a\"},\"description\":\"El teletrabajo en 2025: las nuevas tendencias del home office ya forma parte de la estructura laboral de muchas empresas; no es una moda...\",\"breadcrumb\":{\"@id\":\"http:\/\/universofamilia.com\/sr\/el-teletrabajo-en-2025-las-nuevas-tendencias-del-home-office\/#breadcrumb\"},\"inLanguage\":\"pl-PL\",\"potentialAction\":[{\"@type\":\"ReadAction\",\"target\":[\"http:\/\/universofamilia.com\/sr\/el-teletrabajo-en-2025-las-nuevas-tendencias-del-home-office\/\"]}]},{\"@type\":\"ImageObject\",\"inLanguage\":\"pl-PL\",\"@id\":\"http:\/\/universofamilia.com\/sr\/el-teletrabajo-en-2025-las-nuevas-tendencias-del-home-office\/#primaryimage\",\"url\":\"http:\/\/universofamilia.com\/wp-content\/uploads\/sites\/148\/2025\/10\/Destaque-Universo-3-1.jpg\",\"contentUrl\":\"http:\/\/universofamilia.com\/wp-content\/uploads\/sites\/148\/2025\/10\/Destaque-Universo-3-1.jpg\",\"width\":450,\"height\":250,\"caption\":\"Trabalho remoto em 2025: as novas tend\u00eancias do home office\"},{\"@type\":\"BreadcrumbList\",\"@id\":\"http:\/\/universofamilia.com\/sr\/el-teletrabajo-en-2025-las-nuevas-tendencias-del-home-office\/#breadcrumb\",\"itemListElement\":[{\"@type\":\"ListItem\",\"position\":1,\"name\":\"Home\",\"item\":\"http:\/\/universofamilia.com\/zh_hk\/\"},{\"@type\":\"ListItem\",\"position\":2,\"name\":\"El teletrabajo en 2025: las nuevas tendencias del home office\"}]},{\"@type\":\"WebSite\",\"@id\":\"http:\/\/universofamilia.com\/zh_hk\/#website\",\"url\":\"http:\/\/universofamilia.com\/zh_hk\/\",\"name\":\"Universo Fam\u00edlia\",\"description\":\"\",\"potentialAction\":[{\"@type\":\"SearchAction\",\"target\":{\"@type\":\"EntryPoint\",\"urlTemplate\":\"http:\/\/universofamilia.com\/zh_hk\/?s={search_term_string}\"},\"query-input\":\"required name=search_term_string\"}],\"inLanguage\":\"pl-PL\"},{\"@type\":\"Person\",\"@id\":\"http:\/\/universofamilia.com\/zh_hk\/#\/schema\/person\/92fcd07e9b1f4323bf74f3170fc0f78a\",\"name\":\"Matheus Sangaletti\",\"image\":{\"@type\":\"ImageObject\",\"inLanguage\":\"pl-PL\",\"@id\":\"http:\/\/universofamilia.com\/zh_hk\/#\/schema\/person\/image\/\",\"url\":\"http:\/\/2.gravatar.com\/avatar\/280ea957a14a48e6a1ad2133d2cc27c9?s=96&d=mm&r=g\",\"contentUrl\":\"http:\/\/2.gravatar.com\/avatar\/280ea957a14a48e6a1ad2133d2cc27c9?s=96&d=mm&r=g\",\"caption\":\"Matheus Sangaletti\"},\"url\":\"http:\/\/universofamilia.com\/pl\/author\/matheuss\/\"}]}<\/script>\n<!-- \/ Yoast SEO plugin. -->","yoast_head_json":{"title":"El teletrabajo en 2025: las nuevas tendencias del home office - Universo Fam\u00edlia","description":"El teletrabajo en 2025: las nuevas tendencias del home office ya forma parte de la estructura laboral de muchas empresas; no es una moda...","robots":{"index":"index","follow":"follow","max-snippet":"max-snippet:-1","max-image-preview":"max-image-preview:large","max-video-preview":"max-video-preview:-1"},"canonical":"http:\/\/universofamilia.com\/pl\/el-teletrabajo-en-2025-las-nuevas-tendencias-del-home-office\/","og_locale":"pl_PL","og_type":"article","og_title":"El teletrabajo en 2025: las nuevas tendencias del home office - Universo Fam\u00edlia","og_description":"El teletrabajo en 2025: las nuevas tendencias del home office ya forma parte de la estructura laboral de muchas empresas; no es una moda...","og_url":"http:\/\/universofamilia.com\/pl\/el-teletrabajo-en-2025-las-nuevas-tendencias-del-home-office\/","og_site_name":"Universo Fam\u00edlia","article_published_time":"2025-10-10T20:48:08+00:00","article_modified_time":"2025-10-15T19:09:34+00:00","og_image":[{"width":450,"height":250,"url":"http:\/\/universofamilia.com\/wp-content\/uploads\/sites\/148\/2025\/10\/Destaque-Universo-3-1.jpg","type":"image\/jpeg"}],"author":"Matheus Sangaletti","twitter_card":"summary_large_image","twitter_misc":{"Written by":"Matheus Sangaletti","Est. reading time":"8 minut"},"schema":{"@context":"https:\/\/schema.org","@graph":[{"@type":"WebPage","@id":"http:\/\/universofamilia.com\/sr\/el-teletrabajo-en-2025-las-nuevas-tendencias-del-home-office\/","url":"http:\/\/universofamilia.com\/sr\/el-teletrabajo-en-2025-las-nuevas-tendencias-del-home-office\/","name":"El teletrabajo en 2025: las nuevas tendencias del home office - Universo Fam\u00edlia","isPartOf":{"@id":"http:\/\/universofamilia.com\/zh_hk\/#website"},"primaryImageOfPage":{"@id":"http:\/\/universofamilia.com\/sr\/el-teletrabajo-en-2025-las-nuevas-tendencias-del-home-office\/#primaryimage"},"image":{"@id":"http:\/\/universofamilia.com\/sr\/el-teletrabajo-en-2025-las-nuevas-tendencias-del-home-office\/#primaryimage"},"thumbnailUrl":"http:\/\/universofamilia.com\/wp-content\/uploads\/sites\/148\/2025\/10\/Destaque-Universo-3-1.jpg","datePublished":"2025-10-10T20:48:08+00:00","dateModified":"2025-10-15T19:09:34+00:00","author":{"@id":"http:\/\/universofamilia.com\/zh_hk\/#\/schema\/person\/92fcd07e9b1f4323bf74f3170fc0f78a"},"description":"El teletrabajo en 2025: las nuevas tendencias del home office ya forma parte de la estructura laboral de muchas empresas; no es una moda...","breadcrumb":{"@id":"http:\/\/universofamilia.com\/sr\/el-teletrabajo-en-2025-las-nuevas-tendencias-del-home-office\/#breadcrumb"},"inLanguage":"pl-PL","potentialAction":[{"@type":"ReadAction","target":["http:\/\/universofamilia.com\/sr\/el-teletrabajo-en-2025-las-nuevas-tendencias-del-home-office\/"]}]},{"@type":"ImageObject","inLanguage":"pl-PL","@id":"http:\/\/universofamilia.com\/sr\/el-teletrabajo-en-2025-las-nuevas-tendencias-del-home-office\/#primaryimage","url":"http:\/\/universofamilia.com\/wp-content\/uploads\/sites\/148\/2025\/10\/Destaque-Universo-3-1.jpg","contentUrl":"http:\/\/universofamilia.com\/wp-content\/uploads\/sites\/148\/2025\/10\/Destaque-Universo-3-1.jpg","width":450,"height":250,"caption":"Trabalho remoto em 2025: as novas tend\u00eancias do home office"},{"@type":"BreadcrumbList","@id":"http:\/\/universofamilia.com\/sr\/el-teletrabajo-en-2025-las-nuevas-tendencias-del-home-office\/#breadcrumb","itemListElement":[{"@type":"ListItem","position":1,"name":"Home","item":"http:\/\/universofamilia.com\/zh_hk\/"},{"@type":"ListItem","position":2,"name":"El teletrabajo en 2025: las nuevas tendencias del home office"}]},{"@type":"WebSite","@id":"http:\/\/universofamilia.com\/zh_hk\/#website","url":"http:\/\/universofamilia.com\/zh_hk\/","name":"Universo Fam\u00edlia","description":"","potentialAction":[{"@type":"SearchAction","target":{"@type":"EntryPoint","urlTemplate":"http:\/\/universofamilia.com\/zh_hk\/?s={search_term_string}"},"query-input":"required name=search_term_string"}],"inLanguage":"pl-PL"},{"@type":"Person","@id":"http:\/\/universofamilia.com\/zh_hk\/#\/schema\/person\/92fcd07e9b1f4323bf74f3170fc0f78a","name":"Matheus Sangaletti","image":{"@type":"ImageObject","inLanguage":"pl-PL","@id":"http:\/\/universofamilia.com\/zh_hk\/#\/schema\/person\/image\/","url":"http:\/\/2.gravatar.com\/avatar\/280ea957a14a48e6a1ad2133d2cc27c9?s=96&d=mm&r=g","contentUrl":"http:\/\/2.gravatar.com\/avatar\/280ea957a14a48e6a1ad2133d2cc27c9?s=96&d=mm&r=g","caption":"Matheus Sangaletti"},"url":"http:\/\/universofamilia.com\/pl\/author\/matheuss\/"}]}},"_links":{"self":[{"href":"http:\/\/universofamilia.com\/pl\/wp-json\/wp\/v2\/posts\/9970"}],"collection":[{"href":"http:\/\/universofamilia.com\/pl\/wp-json\/wp\/v2\/posts"}],"about":[{"href":"http:\/\/universofamilia.com\/pl\/wp-json\/wp\/v2\/types\/post"}],"author":[{"embeddable":true,"href":"http:\/\/universofamilia.com\/pl\/wp-json\/wp\/v2\/users\/219"}],"replies":[{"embeddable":true,"href":"http:\/\/universofamilia.com\/pl\/wp-json\/wp\/v2\/comments?post=9970"}],"version-history":[{"count":4,"href":"http:\/\/universofamilia.com\/pl\/wp-json\/wp\/v2\/posts\/9970\/revisions"}],"predecessor-version":[{"id":10159,"href":"http:\/\/universofamilia.com\/pl\/wp-json\/wp\/v2\/posts\/9970\/revisions\/10159"}],"wp:featuredmedia":[{"embeddable":true,"href":"http:\/\/universofamilia.com\/pl\/wp-json\/wp\/v2\/media\/9992"}],"wp:attachment":[{"href":"http:\/\/universofamilia.com\/pl\/wp-json\/wp\/v2\/media?parent=9970"}],"wp:term":[{"taxonomy":"category","embeddable":true,"href":"http:\/\/universofamilia.com\/pl\/wp-json\/wp\/v2\/categories?post=9970"},{"taxonomy":"post_tag","embeddable":true,"href":"http:\/\/universofamilia.com\/pl\/wp-json\/wp\/v2\/tags?post=9970"}],"curies":[{"name":"wp","href":"https:\/\/api.w.org\/{rel}","templated":true}]}}