{"id":10213,"date":"2025-10-27T12:35:00","date_gmt":"2025-10-27T15:35:00","guid":{"rendered":"https:\/\/universofamilia.com\/?p=10213"},"modified":"2025-10-27T12:35:18","modified_gmt":"2025-10-27T15:35:18","slug":"economia-mundial-en-2025-recesion-o-recuperacion","status":"publish","type":"post","link":"http:\/\/universofamilia.com\/pt\/economia-mundial-en-2025-recesion-o-recuperacion\/","title":{"rendered":"Economia mundial em 2025: recess\u00e3o ou recupera\u00e7\u00e3o?"},"content":{"rendered":"<p class=\"has-text-align-center\">Analisaremos a perspectiva do FMI sobre a <strong>economia mundial em 2025<\/strong>, os fatores que apontam para recess\u00e3o ou recupera\u00e7\u00e3o e suas implica\u00e7\u00f5es para a Am\u00e9rica Latina.<\/p>\n\n\n\n<figure class=\"wp-block-gallery aligncenter has-nested-images columns-default is-cropped wp-block-gallery-1 is-layout-flex wp-block-gallery-is-layout-flex\">\n<figure class=\"wp-block-image size-full\"><img loading=\"lazy\" decoding=\"async\" width=\"450\" height=\"250\" data-id=\"10215\" src=\"https:\/\/universofamilia.com\/wp-content\/uploads\/sites\/148\/2025\/10\/Destaque-Novo-Universo-23-1.jpg\" alt=\"\" class=\"wp-image-10215\" srcset=\"http:\/\/universofamilia.com\/wp-content\/uploads\/sites\/148\/2025\/10\/Destaque-Novo-Universo-23-1.jpg 450w, http:\/\/universofamilia.com\/wp-content\/uploads\/sites\/148\/2025\/10\/Destaque-Novo-Universo-23-1-300x167.jpg 300w, http:\/\/universofamilia.com\/wp-content\/uploads\/sites\/148\/2025\/10\/Destaque-Novo-Universo-23-1-18x10.jpg 18w\" sizes=\"(max-width: 450px) 100vw, 450px\" \/><figcaption class=\"wp-element-caption\">CANVA<\/figcaption><\/figure>\n<\/figure>\n\n\n\n<p class=\"has-text-align-center\">Tamb\u00e9m exploraremos quais decis\u00f5es estrat\u00e9gicas podem fazer a diferen\u00e7a para pa\u00edses e empresas.<\/p>\n\n\n\n<p class=\"has-text-align-center\">Com uma abordagem humana e realista, explicarei claramente o porqu\u00ea da quest\u00e3o <strong>\u201cFundo Monet\u00e1rio Internacional 2025: Recess\u00e3o ou Recupera\u00e7\u00e3o?\u201d<\/strong> \u00e9 mais relevante do que nunca.<\/p>\n\n\n\n<p><br><strong>Economia global em 2025: recess\u00e3o ou recupera\u00e7\u00e3o?<\/strong><\/p>\n\n\n\n<p>Est\u00e1 no centro do debate econ\u00f4mico deste ano e, de fato, a palavra-chave aparece desde a primeira linha para refor\u00e7ar naturalmente sua presen\u00e7a.<\/p>\n\n\n\n<p>Este n\u00e3o \u00e9 um cen\u00e1rio hipot\u00e9tico; dados recentes do FMI mostram que o crescimento global est\u00e1 projetado em torno de 3,2% no 3T13 para este ano, apenas uma ligeira desacelera\u00e7\u00e3o em rela\u00e7\u00e3o aos 3,3% do 3T13 em 2024.<\/p>\n\n\n\n<p>Simplificando, a economia global n\u00e3o est\u00e1 \u00e0 beira do colapso, mas est\u00e1 navegando em terreno dif\u00edcil.<\/p>\n\n\n\n<p>\u00c9 como dirigir em uma rodovia com bom pavimento, mas com uma tempestade inesperada no horizonte. Voc\u00ea pode manter o curso, mas precisa ajustar a velocidade, os freios e a aten\u00e7\u00e3o.<\/p>\n\n\n\n<p>Essa analogia ajuda a entender por que este momento exige prud\u00eancia e determina\u00e7\u00e3o.<\/p>\n\n\n\n<p>Em seguida, examinaremos os principais vetores de risco e oportunidade, como os obst\u00e1culos diferem para pa\u00edses desenvolvidos e emergentes e, finalmente, quais poderiam ser os cen\u00e1rios do mundo real para voc\u00ea, sua empresa ou seu pa\u00eds latino-americano.<\/p>\n\n\n\n<h2 class=\"wp-block-heading\">Perspectiva global: crescimento moderado, riscos elevados<\/h2>\n\n\n\n<p>A \u00faltima edi\u00e7\u00e3o do World Economic Outlook (WEO) do Fundo Monet\u00e1rio Internacional alerta que o crescimento global diminuir\u00e1 gradualmente: de 3,3 % em 2024 para aproximadamente 3,2 % em 2025 e 3,1 % em 2026.<\/p>\n\n\n\n<ul>\n<li>Nas economias avan\u00e7adas, espera-se que o crescimento fique em torno de 1,5 % em 2025.<\/li>\n\n\n\n<li>Nos mercados emergentes e em desenvolvimento, espera-se um pouco mais de 4 %, embora com uma tend\u00eancia claramente ascendente.<\/li>\n<\/ul>\n\n\n\n<p>Essa desacelera\u00e7\u00e3o no crescimento n\u00e3o implica automaticamente uma recess\u00e3o; no entanto, a margem de manobra \u00e9 muito menor.<\/p>\n\n\n\n<p>Fatores como tens\u00f5es comerciais, problemas de oferta de m\u00e3o de obra e acumula\u00e7\u00e3o de d\u00edvida p\u00fablica est\u00e3o afetando a resili\u00eancia.<\/p>\n\n\n\n<p>Por exemplo, o relat\u00f3rio observa que \u201cos riscos est\u00e3o enviesados para o lado negativo\u201d.<\/p>\n\n\n\n<p>Uma estat\u00edstica relevante: de acordo com o WEO de outubro de 2025, o crescimento global estimado \u00e9 <strong>3.2 %<\/strong> para este ano.<\/p>\n\n\n\n<p>A imagem que nos resta \u00e9 a de um bal\u00e3o que continua a encher, mas com pequenas fugas: continua no ar, mas com esfor\u00e7o adicional e com o risco de esvaziar caso ocorram novos choques.<\/p>\n\n\n\n<p>Nesse sentido, o t\u00edtulo <strong>\u201cEconomia mundial em 2025: recess\u00e3o ou recupera\u00e7\u00e3o?\u201d<\/strong> \u00c9 uma quest\u00e3o pertinente que exige uma an\u00e1lise cuidadosa.<\/p>\n\n\n\n<h2 class=\"wp-block-heading\">Fatores que impulsionam a recess\u00e3o<\/h2>\n\n\n\n<h3 class=\"wp-block-heading\">a) Tens\u00f5es comerciais e fragmenta\u00e7\u00e3o<\/h3>\n\n\n\n<p>A reorganiza\u00e7\u00e3o das cadeias de valor, juntamente com tarifas mais altas e barreiras comerciais, est\u00e1 gerando incerteza. <\/p>\n\n\n\n<p>O WEO alerta que o aperto excessivo da pol\u00edtica comercial e a fragmenta\u00e7\u00e3o global podem prejudicar o investimento.<\/p>\n\n\n\n<h3 class=\"wp-block-heading\">b) Problemas no mercado de trabalho e demografia<\/h3>\n\n\n\n<p>O envelhecimento da popula\u00e7\u00e3o, uma menor taxa de participa\u00e7\u00e3o na for\u00e7a de trabalho e a escassez de m\u00e3o de obra qualificada entre os jovens s\u00e3o restri\u00e7\u00f5es estruturais.<\/p>\n\n\n\n<p>O relat\u00f3rio indica que estimular o crescimento exige melhorar a participa\u00e7\u00e3o na for\u00e7a de trabalho entre adultos mais velhos e mulheres.<\/p>\n\n\n\n<h3 class=\"wp-block-heading\">c) Alto endividamento e vulnerabilidade financeira<\/h3>\n\n\n\n<p>A combina\u00e7\u00e3o de crescimento lento e altos n\u00edveis de d\u00edvida deixa muitos pa\u00edses com espa\u00e7o limitado de manobra em caso de crise.<\/p>\n\n\n\n<p>O FMI alerta que uma corre\u00e7\u00e3o financeira, um cen\u00e1rio que muitos consideram improv\u00e1vel, continua sendo uma amea\u00e7a latente.<\/p>\n\n\n\n<h3 class=\"wp-block-heading\">d) Choques inesperados: clima, geopol\u00edtica, tecnologia<\/h3>\n\n\n\n<p>Um exemplo poderia ser um conflito regional que interrompe exporta\u00e7\u00f5es importantes ou uma crise energ\u00e9tica repentina.<\/p>\n\n\n\n<p>Nesses casos, o risco de entrar em recess\u00e3o aumenta drasticamente.<\/p>\n\n\n\n<p>A analogia aqui seria a de uma bicicleta viajando com vento favor\u00e1vel: assim que o vento muda de dire\u00e7\u00e3o, o equil\u00edbrio \u00e9 perdido.<\/p>\n\n\n\n<p>Portanto, um cen\u00e1rio de recess\u00e3o n\u00e3o parece ser o mais prov\u00e1vel em 2025, mas n\u00e3o pode ser descartado.<\/p>\n\n\n\n<p>E \u00e9 justamente por esse alto n\u00edvel de risco que surge a quest\u00e3o <strong>\u201cEconomia mundial em 2025: recess\u00e3o ou recupera\u00e7\u00e3o?\u201d<\/strong> deve ser levado a s\u00e9rio.<\/p>\n\n\n\n<h2 class=\"wp-block-heading\">Fatores que impulsionam a recupera\u00e7\u00e3o<\/h2>\n\n\n\n<h3 class=\"wp-block-heading\">a) Adapta\u00e7\u00e3o e resili\u00eancia<\/h3>\n\n\n\n<p>O fato de o crescimento global n\u00e3o ter entrado em colapso (3,2 %) indica que h\u00e1 capacidade de resili\u00eancia: os setores de tecnologia, o consumo interno em mercados emergentes e a redu\u00e7\u00e3o de certas barreiras comerciais contribuem.<\/p>\n\n\n\n<h3 class=\"wp-block-heading\">b) Potencial para mudan\u00e7a estrutural (IA, digitaliza\u00e7\u00e3o)<\/h3>\n\n\n\n<p>Um estudo recente analisa como a ado\u00e7\u00e3o da intelig\u00eancia artificial (IA) afeta o Produto Interno Bruto (PIB) global, sugerindo que a produtividade pode receber um impulso se acompanhada de pol\u00edticas corretas.<\/p>\n\n\n\n<h3 class=\"wp-block-heading\">c) Recupera\u00e7\u00e3o do setor p\u00f3s-pandemia<\/h3>\n\n\n\n<p>Setores que ficaram para tr\u00e1s durante a pandemia (viagens, lazer, servi\u00e7os presenciais) est\u00e3o mostrando sinais de recupera\u00e7\u00e3o, permitindo que parte do &quot;capital adormecido&quot; seja reativado.<\/p>\n\n\n\n<h3 class=\"wp-block-heading\">d) Coopera\u00e7\u00e3o internacional e reformas estruturais<\/h3>\n\n\n\n<p>Se os governos optarem por pol\u00edticas mais coordenadas, reduzindo barreiras comerciais e implementando reformas de produtividade, eles podem trazer mudan\u00e7as significativas.<\/p>\n\n\n\n<p>O relat\u00f3rio do WEO menciona que \u201ca\u00e7\u00f5es construtivas para promover um ambiente comercial est\u00e1vel e previs\u00edvel\u201d s\u00e3o fundamentais.<\/p>\n\n\n\n<p>Um exemplo concreto: um pa\u00eds latino-americano que investe sistematicamente em infraestrutura digital e educa\u00e7\u00e3o em habilidades tecnol\u00f3gicas pode se beneficiar muito mais rapidamente do que um que continua apenas com pol\u00edticas tradicionais. <\/p>\n\n\n\n<p>Esta \u00e9 uma ilustra\u00e7\u00e3o de como a recupera\u00e7\u00e3o pode ser acelerada se as decis\u00f5es forem tomadas de acordo com o contexto global.<\/p>\n\n\n\n<h2 class=\"wp-block-heading\">4. Poss\u00edveis cen\u00e1rios para 2025 e o que eles implicam<\/h2>\n\n\n\n<h3 class=\"wp-block-heading\">Cen\u00e1rio A \u2013 Estagna\u00e7\u00e3o suave<\/h3>\n\n\n\n<p>Neste caso, o crescimento permanece pr\u00f3ximo ao global 3 %, sem recess\u00e3o, mas tamb\u00e9m sem uma recupera\u00e7\u00e3o vigorosa.<\/p>\n\n\n\n<p>As empresas est\u00e3o crescendo moderadamente, mas a janela para inova\u00e7\u00e3o est\u00e1 se estreitando.<\/p>\n\n\n\n<p>Nesse cen\u00e1rio, muitas economias emergentes continuam liderando o caminho, enquanto as economias avan\u00e7adas vacilam um pouco.<\/p>\n\n\n\n<h3 class=\"wp-block-heading\">Cen\u00e1rio B \u2013 Recupera\u00e7\u00e3o moderada tipo caracol<\/h3>\n\n\n\n<p>Aqui, a adapta\u00e7\u00e3o tecnol\u00f3gica, as melhorias de produtividade e a coopera\u00e7\u00e3o internacional se combinam para permitir que o crescimento chegue a 3,5 % ou mais globalmente.<\/p>\n\n\n\n<p>Para pa\u00edses com reformas ativas, isso significa aumento do investimento estrangeiro, aumento das exporta\u00e7\u00f5es de valor agregado e melhoria do emprego.<\/p>\n\n\n\n<h3 class=\"wp-block-heading\">Cen\u00e1rio C \u2013 Recess\u00e3o localizada ou generalizada<\/h3>\n\n\n\n<p>Embora seja improv\u00e1vel globalmente, certos pa\u00edses ou regi\u00f5es podem entrar em recess\u00e3o \u2014 por exemplo, economias com alta d\u00edvida, crises banc\u00e1rias ou setores-chave afetados por choques externos.<\/p>\n\n\n\n<p>O t\u00edtulo <strong>\u201cEconomia mundial em 2025: recess\u00e3o ou recupera\u00e7\u00e3o?\u201d<\/strong> Isso \u00e9 totalmente relevante aqui: n\u00e3o se trata tanto de saber se haver\u00e1 uma recess\u00e3o global total, mas sim de quantos e quais pa\u00edses podem ficar de fora do ciclo positivo.<\/p>\n\n\n\n<p>Para quem opera na Am\u00e9rica Latina ou no M\u00e9xico, isso significa que \u00e9 essencial n\u00e3o presumir que &quot;o contexto \u00e9 neutro&quot;.<\/p>\n\n\n\n<p>Se voc\u00ea faz parte do grupo de economias com exposi\u00e7\u00e3o a mat\u00e9rias-primas, turismo ou setores sens\u00edveis, voc\u00ea deve planejar o cen\u00e1rio B ou C, n\u00e3o apenas o A.<\/p>\n\n\n\n<h2 class=\"wp-block-heading\">O que os pa\u00edses e as empresas latino-americanas podem fazer?<\/h2>\n\n\n\n<h3 class=\"wp-block-heading\">Para pa\u00edses<\/h3>\n\n\n\n<ul>\n<li>Priorizar pol\u00edticas para aumentar a produtividade: investimento em capital humano, digitaliza\u00e7\u00e3o e infraestrutura.<\/li>\n\n\n\n<li>Consolidar as finan\u00e7as p\u00fablicas: d\u00edvida acess\u00edvel, margem de manobra suficiente diante de choques externos.<\/li>\n\n\n\n<li>Promover a abertura comercial e a diversifica\u00e7\u00e3o do mercado para reduzir a depend\u00eancia de uma \u00fanica regi\u00e3o.<\/li>\n<\/ul>\n\n\n\n<h3 class=\"wp-block-heading\">Para empresas<\/h3>\n\n\n\n<ul>\n<li>Antecipe o cen\u00e1rio de crescimento moderado: otimize custos, busque nichos de mercado, adote tecnologia para se diferenciar.<\/li>\n\n\n\n<li>Crie resili\u00eancia financeira: tenha liquidez, menor alavancagem e planos de conting\u00eancia para crises.<\/li>\n\n\n\n<li>Veja a disrup\u00e7\u00e3o tecnol\u00f3gica n\u00e3o apenas como uma amea\u00e7a, mas como uma oportunidade: imagine duas startups mexicanas, uma que investiu em IA em log\u00edstica e a outra que n\u00e3o: a primeira pode impulsionar seu crescimento em um mundo onde a efici\u00eancia \u00e9 primordial.<\/li>\n<\/ul>\n\n\n\n<p>Uma analogia \u00fatil: uma empresa \u00e9 como um veleiro navegando em um mar com correntes fracas e ventos irregulares.<\/p>\n\n\n\n<p>Se voc\u00ea aparar suas velas (tecnologia), mantiver seu casco limpo (produtividade) e tiver mapas atualizados (dados econ\u00f4micos), voc\u00ea conseguir\u00e1 seguir em frente mesmo quando o vento estiver fraco.<\/p>\n\n\n\n<p>Aqueles que seguirem apenas a rota tradicional ficar\u00e3o para tr\u00e1s.<\/p>\n\n\n\n<figure class=\"wp-block-gallery aligncenter has-nested-images columns-default is-cropped wp-block-gallery-2 is-layout-flex wp-block-gallery-is-layout-flex\">\n<figure class=\"wp-block-image size-full\"><img loading=\"lazy\" decoding=\"async\" width=\"450\" height=\"250\" data-id=\"10216\" src=\"https:\/\/universofamilia.com\/wp-content\/uploads\/sites\/148\/2025\/10\/Destaque-Novo-Universo-24.jpg\" alt=\"\" class=\"wp-image-10216\" srcset=\"http:\/\/universofamilia.com\/wp-content\/uploads\/sites\/148\/2025\/10\/Destaque-Novo-Universo-24.jpg 450w, http:\/\/universofamilia.com\/wp-content\/uploads\/sites\/148\/2025\/10\/Destaque-Novo-Universo-24-300x167.jpg 300w, http:\/\/universofamilia.com\/wp-content\/uploads\/sites\/148\/2025\/10\/Destaque-Novo-Universo-24-18x10.jpg 18w\" sizes=\"(max-width: 450px) 100vw, 450px\" \/><figcaption class=\"wp-element-caption\">CANVA<\/figcaption><\/figure>\n<\/figure>\n\n\n\n<p>Leia mais:\u00a0<a href=\"http:\/\/universofamilia.com\/pt\/crisis-climatica-global\/\">Crise clim\u00e1tica global: os impactos que j\u00e1 afetam milh\u00f5es<\/a><\/p>\n\n\n\n<h2 class=\"wp-block-heading\">Ent\u00e3o estamos enfrentando uma recess\u00e3o ou uma recupera\u00e7\u00e3o?<\/h2>\n\n\n\n<p>A resposta \u00e9: <strong>ambos em doses diferentes<\/strong>.<\/p>\n\n\n\n<p>Uma recess\u00e3o global n\u00e3o \u00e9 inevit\u00e1vel em 2025, nem uma recupera\u00e7\u00e3o exuberante.<\/p>\n\n\n\n<p>Em vez disso, estamos em um ponto de virada em que muito depender\u00e1 das decis\u00f5es tomadas, tanto em n\u00edvel macroecon\u00f4mico quanto empresarial.<\/p>\n\n\n\n<p>O t\u00edtulo <strong>\u201cEconomia mundial em 2025: recess\u00e3o ou recupera\u00e7\u00e3o?\u201d<\/strong> cont\u00e9m essa dualidade.<\/p>\n\n\n\n<p>Se governos e organiza\u00e7\u00f5es agirem com vis\u00e3o, poderemos ver uma recupera\u00e7\u00e3o moderada.<\/p>\n\n\n\n<p>Se a in\u00e9rcia, a fragmenta\u00e7\u00e3o e a d\u00edvida descontrolada prevalecerem, algumas \u00e1reas poder\u00e3o entrar em recess\u00e3o.<\/p>\n\n\n\n<p>O segredo \u00e9 agir com anteced\u00eancia, em vez de reagir quando o decl\u00ednio j\u00e1 \u00e9 percept\u00edvel.<\/p>\n\n\n\n<p>Se uma empresa ou pa\u00eds esperar a &quot;tempestade&quot; chegar antes de agir, estar\u00e1 em desvantagem em compara\u00e7\u00e3o com aqueles que j\u00e1 ajustaram suas velas.<\/p>\n\n\n\n<h2 class=\"wp-block-heading\">Conclus\u00e3o<\/h2>\n\n\n\n<p>O ano de 2025 representa um desafio muito espec\u00edfico para a economia global.<\/p>\n\n\n\n<p>Com o crescimento global projetado em torno de 3,2% no 1TP3Q, estamos longe de uma recupera\u00e7\u00e3o explosiva e ainda n\u00e3o estamos \u00e0 beira do colapso.<\/p>\n\n\n\n<p>Mas as margens est\u00e3o diminuindo, os riscos est\u00e3o aumentando e a janela de oportunidade deve ser aproveitada agora.<\/p>\n\n\n\n<p>A quest\u00e3o <strong>\u201cEconomia mundial em 2025: recess\u00e3o ou recupera\u00e7\u00e3o?\u201d<\/strong> N\u00e3o \u00e9 apenas ret\u00f3rica; \u00e9 um chamado \u00e0 a\u00e7\u00e3o.<\/p>\n\n\n\n<p>Para economias emergentes, empresas e investidores, o momento de planejar \u00e9 agora.<\/p>\n\n\n\n<p>A diferen\u00e7a entre quem administra bem esse ciclo e quem o subestima pode determinar os pr\u00f3ximos cinco a dez anos de vantagem ou atraso.<\/p>\n\n\n\n<p>Convido voc\u00ea a analisar: Voc\u00ea est\u00e1 no barco que ajusta suas velas e limpa seu casco, ou naquele que espera o vento nascer sozinho?<\/p>\n\n\n\n<p>Leia mais:\u00a0<a href=\"http:\/\/universofamilia.com\/pt\/el-papel-de-la-tecnologia-en-las-elecciones-internacionales\/\">O papel da tecnologia nas elei\u00e7\u00f5es internacionais<\/a><\/p>\n\n\n\n<h2 class=\"wp-block-heading\">Perguntas Frequentes (FAQ)<\/h2>\n\n\n\n<p><strong>Devemos nos preparar para uma recess\u00e3o global em 2025?<\/strong><br>Uma recess\u00e3o n\u00e3o \u00e9 inevit\u00e1vel para todo o planeta.<\/p>\n\n\n\n<p>No entanto, \u00e9 aconselh\u00e1vel se preparar para pelo menos um per\u00edodo de estagna\u00e7\u00e3o ou crescimento moderado.<\/p>\n\n\n\n<p>Isso envolve ajustar finan\u00e7as, maquin\u00e1rio de produ\u00e7\u00e3o e expectativas.<\/p>\n\n\n\n<p><strong>O M\u00e9xico pode se beneficiar da recupera\u00e7\u00e3o global?<\/strong><br>Sim, o M\u00e9xico pode se beneficiar aproveitando os mercados de exporta\u00e7\u00e3o, adotando tecnologia e se posicionando em nichos de valor agregado.<\/p>\n\n\n\n<p>Mas tamb\u00e9m fica exposto se depende excessivamente de mat\u00e9rias-primas ou de setores tradicionais.<\/p>\n\n\n\n<p><strong>Quais setores t\u00eam maiores chances de crescimento nesse contexto?<\/strong><br><\/p>\n\n\n\n<p>Setores ligados \u00e0 tecnologia, digitaliza\u00e7\u00e3o, energia renov\u00e1vel, log\u00edstica inteligente e produ\u00e7\u00e3o voltada para exporta\u00e7\u00e3o t\u00eam mais chances de se destacar.<\/p>\n\n\n\n<p>Em contraste, setores fortemente expostos a mat\u00e9rias-primas sem diversifica\u00e7\u00e3o podem ficar para tr\u00e1s.<\/p>\n\n\n\n<p><strong>Qual o papel da coopera\u00e7\u00e3o internacional?<\/strong><br>\u00c9 essencial. Reduzir barreiras comerciais, aprimorar as cadeias de suprimentos globais e coordenar pol\u00edticas macroecon\u00f4micas ajudam a criar um ambiente mais prop\u00edcio ao crescimento.<\/p>\n\n\n\n<p>Se a fragmenta\u00e7\u00e3o se intensifica, o arrasto da recess\u00e3o aumenta.<\/p>\n\n\n\n<p><strong>Qual \u00e9 a principal recomenda\u00e7\u00e3o para uma empresa na Am\u00e9rica Latina?<\/strong><br><\/p>\n\n\n\n<p>Avalie sua exposi\u00e7\u00e3o ao risco internacional, invista em tecnologia e produtividade, reduza vulnerabilidades financeiras e busque diversificar mercados.<\/p>\n\n\n\n<p>N\u00e3o presuma que o ciclo trar\u00e1 apenas ventos favor\u00e1veis; prepare-se para rajadas e calmaria.<\/p>","protected":false},"excerpt":{"rendered":"<p>Analizaremos el panorama del FMI sobre la econom\u00eda mundial en 2025, los factores que apuntan a recesi\u00f3n o recuperaci\u00f3n y sus implicaciones para Am\u00e9rica Latina. Tambi\u00e9n exploraremos qu\u00e9 decisiones estrat\u00e9gicas podr\u00edan marcar la diferencia para los pa\u00edses y las empresas. Con enfoque humano y realista, explicar\u00e9 con claridad por qu\u00e9 la interrogante \u201cInternational Monetary Fund [&hellip;]<\/p>","protected":false},"author":219,"featured_media":10214,"comment_status":"closed","ping_status":"open","sticky":false,"template":"","format":"standard","meta":{"footnotes":""},"categories":[4],"tags":[],"yoast_head":"<!-- This site is optimized with the Yoast SEO plugin v23.3 - https:\/\/yoast.com\/wordpress\/plugins\/seo\/ -->\n<title>Econom\u00eda mundial en 2025: \u00bfrecesi\u00f3n o recuperaci\u00f3n? - Universo Fam\u00edlia<\/title>\n<meta name=\"description\" content=\"Analizaremos el panorama del FMI sobre la econom\u00eda mundial en 2025, los factores que apuntan a recesi\u00f3n o recuperaci\u00f3n y sus implicaciones..\" \/>\n<meta name=\"robots\" content=\"index, follow, max-snippet:-1, max-image-preview:large, max-video-preview:-1\" \/>\n<link rel=\"canonical\" href=\"https:\/\/universofamilia.com\/pt\/economia-mundial-en-2025-recesion-o-recuperacion\/\" \/>\n<meta property=\"og:locale\" content=\"pt_BR\" \/>\n<meta property=\"og:type\" content=\"article\" \/>\n<meta property=\"og:title\" content=\"Econom\u00eda mundial en 2025: \u00bfrecesi\u00f3n o recuperaci\u00f3n? - Universo Fam\u00edlia\" \/>\n<meta property=\"og:description\" content=\"Analizaremos el panorama del FMI sobre la econom\u00eda mundial en 2025, los factores que apuntan a recesi\u00f3n o recuperaci\u00f3n y sus implicaciones..\" \/>\n<meta property=\"og:url\" content=\"https:\/\/universofamilia.com\/pt\/economia-mundial-en-2025-recesion-o-recuperacion\/\" \/>\n<meta property=\"og:site_name\" content=\"Universo Fam\u00edlia\" \/>\n<meta property=\"article:published_time\" content=\"2025-10-27T15:35:00+00:00\" \/>\n<meta property=\"article:modified_time\" content=\"2025-10-27T15:35:18+00:00\" \/>\n<meta property=\"og:image\" content=\"https:\/\/universofamilia.com\/wp-content\/uploads\/sites\/148\/2025\/10\/Destaque-Novo-Universo-23.jpg\" \/>\n\t<meta property=\"og:image:width\" content=\"450\" \/>\n\t<meta property=\"og:image:height\" content=\"250\" \/>\n\t<meta property=\"og:image:type\" content=\"image\/jpeg\" \/>\n<meta name=\"author\" content=\"Matheus Sangaletti\" \/>\n<meta name=\"twitter:card\" content=\"summary_large_image\" \/>\n<meta name=\"twitter:label1\" content=\"Written by\" \/>\n\t<meta name=\"twitter:data1\" content=\"Matheus Sangaletti\" \/>\n\t<meta name=\"twitter:label2\" content=\"Est. reading time\" \/>\n\t<meta name=\"twitter:data2\" content=\"11 minutos\" \/>\n<script type=\"application\/ld+json\" class=\"yoast-schema-graph\">{\"@context\":\"https:\/\/schema.org\",\"@graph\":[{\"@type\":\"WebPage\",\"@id\":\"https:\/\/universofamilia.com\/el\/economia-mundial-en-2025-recesion-o-recuperacion\/\",\"url\":\"https:\/\/universofamilia.com\/el\/economia-mundial-en-2025-recesion-o-recuperacion\/\",\"name\":\"Econom\u00eda mundial en 2025: \u00bfrecesi\u00f3n o recuperaci\u00f3n? - Universo Fam\u00edlia\",\"isPartOf\":{\"@id\":\"https:\/\/universofamilia.com\/el\/#website\"},\"primaryImageOfPage\":{\"@id\":\"https:\/\/universofamilia.com\/el\/economia-mundial-en-2025-recesion-o-recuperacion\/#primaryimage\"},\"image\":{\"@id\":\"https:\/\/universofamilia.com\/el\/economia-mundial-en-2025-recesion-o-recuperacion\/#primaryimage\"},\"thumbnailUrl\":\"http:\/\/universofamilia.com\/wp-content\/uploads\/sites\/148\/2025\/10\/Destaque-Novo-Universo-23.jpg\",\"datePublished\":\"2025-10-27T15:35:00+00:00\",\"dateModified\":\"2025-10-27T15:35:18+00:00\",\"author\":{\"@id\":\"https:\/\/universofamilia.com\/el\/#\/schema\/person\/92fcd07e9b1f4323bf74f3170fc0f78a\"},\"description\":\"Analizaremos el panorama del FMI sobre la econom\u00eda mundial en 2025, los factores que apuntan a recesi\u00f3n o recuperaci\u00f3n y sus implicaciones..\",\"breadcrumb\":{\"@id\":\"https:\/\/universofamilia.com\/el\/economia-mundial-en-2025-recesion-o-recuperacion\/#breadcrumb\"},\"inLanguage\":\"pt-BR\",\"potentialAction\":[{\"@type\":\"ReadAction\",\"target\":[\"https:\/\/universofamilia.com\/el\/economia-mundial-en-2025-recesion-o-recuperacion\/\"]}]},{\"@type\":\"ImageObject\",\"inLanguage\":\"pt-BR\",\"@id\":\"https:\/\/universofamilia.com\/el\/economia-mundial-en-2025-recesion-o-recuperacion\/#primaryimage\",\"url\":\"http:\/\/universofamilia.com\/wp-content\/uploads\/sites\/148\/2025\/10\/Destaque-Novo-Universo-23.jpg\",\"contentUrl\":\"http:\/\/universofamilia.com\/wp-content\/uploads\/sites\/148\/2025\/10\/Destaque-Novo-Universo-23.jpg\",\"width\":450,\"height\":250},{\"@type\":\"BreadcrumbList\",\"@id\":\"https:\/\/universofamilia.com\/el\/economia-mundial-en-2025-recesion-o-recuperacion\/#breadcrumb\",\"itemListElement\":[{\"@type\":\"ListItem\",\"position\":1,\"name\":\"Home\",\"item\":\"https:\/\/universofamilia.com\/el\/\"},{\"@type\":\"ListItem\",\"position\":2,\"name\":\"Econom\u00eda mundial en 2025: \u00bfrecesi\u00f3n o recuperaci\u00f3n?\"}]},{\"@type\":\"WebSite\",\"@id\":\"https:\/\/universofamilia.com\/el\/#website\",\"url\":\"https:\/\/universofamilia.com\/el\/\",\"name\":\"Universo Fam\u00edlia\",\"description\":\"\",\"potentialAction\":[{\"@type\":\"SearchAction\",\"target\":{\"@type\":\"EntryPoint\",\"urlTemplate\":\"https:\/\/universofamilia.com\/el\/?s={search_term_string}\"},\"query-input\":\"required name=search_term_string\"}],\"inLanguage\":\"pt-BR\"},{\"@type\":\"Person\",\"@id\":\"https:\/\/universofamilia.com\/el\/#\/schema\/person\/92fcd07e9b1f4323bf74f3170fc0f78a\",\"name\":\"Matheus Sangaletti\",\"image\":{\"@type\":\"ImageObject\",\"inLanguage\":\"pt-BR\",\"@id\":\"https:\/\/universofamilia.com\/el\/#\/schema\/person\/image\/\",\"url\":\"http:\/\/2.gravatar.com\/avatar\/280ea957a14a48e6a1ad2133d2cc27c9?s=96&d=mm&r=g\",\"contentUrl\":\"http:\/\/2.gravatar.com\/avatar\/280ea957a14a48e6a1ad2133d2cc27c9?s=96&d=mm&r=g\",\"caption\":\"Matheus Sangaletti\"},\"url\":\"http:\/\/universofamilia.com\/pt\/author\/matheuss\/\"}]}<\/script>\n<!-- \/ Yoast SEO plugin. -->","yoast_head_json":{"title":"Econom\u00eda mundial en 2025: \u00bfrecesi\u00f3n o recuperaci\u00f3n? - Universo Fam\u00edlia","description":"Analizaremos el panorama del FMI sobre la econom\u00eda mundial en 2025, los factores que apuntan a recesi\u00f3n o recuperaci\u00f3n y sus implicaciones..","robots":{"index":"index","follow":"follow","max-snippet":"max-snippet:-1","max-image-preview":"max-image-preview:large","max-video-preview":"max-video-preview:-1"},"canonical":"https:\/\/universofamilia.com\/pt\/economia-mundial-en-2025-recesion-o-recuperacion\/","og_locale":"pt_BR","og_type":"article","og_title":"Econom\u00eda mundial en 2025: \u00bfrecesi\u00f3n o recuperaci\u00f3n? - Universo Fam\u00edlia","og_description":"Analizaremos el panorama del FMI sobre la econom\u00eda mundial en 2025, los factores que apuntan a recesi\u00f3n o recuperaci\u00f3n y sus implicaciones..","og_url":"https:\/\/universofamilia.com\/pt\/economia-mundial-en-2025-recesion-o-recuperacion\/","og_site_name":"Universo Fam\u00edlia","article_published_time":"2025-10-27T15:35:00+00:00","article_modified_time":"2025-10-27T15:35:18+00:00","og_image":[{"width":450,"height":250,"url":"https:\/\/universofamilia.com\/wp-content\/uploads\/sites\/148\/2025\/10\/Destaque-Novo-Universo-23.jpg","type":"image\/jpeg"}],"author":"Matheus Sangaletti","twitter_card":"summary_large_image","twitter_misc":{"Written by":"Matheus Sangaletti","Est. reading time":"11 minutos"},"schema":{"@context":"https:\/\/schema.org","@graph":[{"@type":"WebPage","@id":"https:\/\/universofamilia.com\/el\/economia-mundial-en-2025-recesion-o-recuperacion\/","url":"https:\/\/universofamilia.com\/el\/economia-mundial-en-2025-recesion-o-recuperacion\/","name":"Econom\u00eda mundial en 2025: \u00bfrecesi\u00f3n o recuperaci\u00f3n? - Universo Fam\u00edlia","isPartOf":{"@id":"https:\/\/universofamilia.com\/el\/#website"},"primaryImageOfPage":{"@id":"https:\/\/universofamilia.com\/el\/economia-mundial-en-2025-recesion-o-recuperacion\/#primaryimage"},"image":{"@id":"https:\/\/universofamilia.com\/el\/economia-mundial-en-2025-recesion-o-recuperacion\/#primaryimage"},"thumbnailUrl":"http:\/\/universofamilia.com\/wp-content\/uploads\/sites\/148\/2025\/10\/Destaque-Novo-Universo-23.jpg","datePublished":"2025-10-27T15:35:00+00:00","dateModified":"2025-10-27T15:35:18+00:00","author":{"@id":"https:\/\/universofamilia.com\/el\/#\/schema\/person\/92fcd07e9b1f4323bf74f3170fc0f78a"},"description":"Analizaremos el panorama del FMI sobre la econom\u00eda mundial en 2025, los factores que apuntan a recesi\u00f3n o recuperaci\u00f3n y sus implicaciones..","breadcrumb":{"@id":"https:\/\/universofamilia.com\/el\/economia-mundial-en-2025-recesion-o-recuperacion\/#breadcrumb"},"inLanguage":"pt-BR","potentialAction":[{"@type":"ReadAction","target":["https:\/\/universofamilia.com\/el\/economia-mundial-en-2025-recesion-o-recuperacion\/"]}]},{"@type":"ImageObject","inLanguage":"pt-BR","@id":"https:\/\/universofamilia.com\/el\/economia-mundial-en-2025-recesion-o-recuperacion\/#primaryimage","url":"http:\/\/universofamilia.com\/wp-content\/uploads\/sites\/148\/2025\/10\/Destaque-Novo-Universo-23.jpg","contentUrl":"http:\/\/universofamilia.com\/wp-content\/uploads\/sites\/148\/2025\/10\/Destaque-Novo-Universo-23.jpg","width":450,"height":250},{"@type":"BreadcrumbList","@id":"https:\/\/universofamilia.com\/el\/economia-mundial-en-2025-recesion-o-recuperacion\/#breadcrumb","itemListElement":[{"@type":"ListItem","position":1,"name":"Home","item":"https:\/\/universofamilia.com\/el\/"},{"@type":"ListItem","position":2,"name":"Econom\u00eda mundial en 2025: \u00bfrecesi\u00f3n o recuperaci\u00f3n?"}]},{"@type":"WebSite","@id":"https:\/\/universofamilia.com\/el\/#website","url":"https:\/\/universofamilia.com\/el\/","name":"Universo Fam\u00edlia","description":"","potentialAction":[{"@type":"SearchAction","target":{"@type":"EntryPoint","urlTemplate":"https:\/\/universofamilia.com\/el\/?s={search_term_string}"},"query-input":"required name=search_term_string"}],"inLanguage":"pt-BR"},{"@type":"Person","@id":"https:\/\/universofamilia.com\/el\/#\/schema\/person\/92fcd07e9b1f4323bf74f3170fc0f78a","name":"Matheus Sangaletti","image":{"@type":"ImageObject","inLanguage":"pt-BR","@id":"https:\/\/universofamilia.com\/el\/#\/schema\/person\/image\/","url":"http:\/\/2.gravatar.com\/avatar\/280ea957a14a48e6a1ad2133d2cc27c9?s=96&d=mm&r=g","contentUrl":"http:\/\/2.gravatar.com\/avatar\/280ea957a14a48e6a1ad2133d2cc27c9?s=96&d=mm&r=g","caption":"Matheus Sangaletti"},"url":"http:\/\/universofamilia.com\/pt\/author\/matheuss\/"}]}},"_links":{"self":[{"href":"http:\/\/universofamilia.com\/pt\/wp-json\/wp\/v2\/posts\/10213"}],"collection":[{"href":"http:\/\/universofamilia.com\/pt\/wp-json\/wp\/v2\/posts"}],"about":[{"href":"http:\/\/universofamilia.com\/pt\/wp-json\/wp\/v2\/types\/post"}],"author":[{"embeddable":true,"href":"http:\/\/universofamilia.com\/pt\/wp-json\/wp\/v2\/users\/219"}],"replies":[{"embeddable":true,"href":"http:\/\/universofamilia.com\/pt\/wp-json\/wp\/v2\/comments?post=10213"}],"version-history":[{"count":1,"href":"http:\/\/universofamilia.com\/pt\/wp-json\/wp\/v2\/posts\/10213\/revisions"}],"predecessor-version":[{"id":10217,"href":"http:\/\/universofamilia.com\/pt\/wp-json\/wp\/v2\/posts\/10213\/revisions\/10217"}],"wp:featuredmedia":[{"embeddable":true,"href":"http:\/\/universofamilia.com\/pt\/wp-json\/wp\/v2\/media\/10214"}],"wp:attachment":[{"href":"http:\/\/universofamilia.com\/pt\/wp-json\/wp\/v2\/media?parent=10213"}],"wp:term":[{"taxonomy":"category","embeddable":true,"href":"http:\/\/universofamilia.com\/pt\/wp-json\/wp\/v2\/categories?post=10213"},{"taxonomy":"post_tag","embeddable":true,"href":"http:\/\/universofamilia.com\/pt\/wp-json\/wp\/v2\/tags?post=10213"}],"curies":[{"name":"wp","href":"https:\/\/api.w.org\/{rel}","templated":true}]}}