{"id":10464,"date":"2025-12-26T12:09:03","date_gmt":"2025-12-26T15:09:03","guid":{"rendered":"https:\/\/universofamilia.com\/?p=10464"},"modified":"2025-12-26T12:09:05","modified_gmt":"2025-12-26T15:09:05","slug":"las-preguntas-de-entrevista-mas-comunes-de-2025","status":"publish","type":"post","link":"http:\/\/universofamilia.com\/pt\/las-preguntas-de-entrevista-mas-comunes-de-2025\/","title":{"rendered":"As perguntas mais comuns em entrevistas de emprego em 2025"},"content":{"rendered":"<p class=\"has-text-align-center\"><strong>As perguntas mais comuns em entrevistas de emprego em 2025<\/strong> Elas refletem um mercado de trabalho mais digital, humano e estrat\u00e9gico do que nunca.<\/p>\n\n\n\n<figure class=\"wp-block-gallery has-nested-images columns-default is-cropped wp-block-gallery-1 is-layout-flex wp-block-gallery-is-layout-flex\">\n<figure class=\"wp-block-image size-full\"><img loading=\"lazy\" decoding=\"async\" width=\"450\" height=\"250\" data-id=\"10465\" src=\"https:\/\/universofamilia.com\/wp-content\/uploads\/sites\/148\/2025\/12\/Destaque-Novo-Universo-18.jpg\" alt=\"\" class=\"wp-image-10465\" srcset=\"http:\/\/universofamilia.com\/wp-content\/uploads\/sites\/148\/2025\/12\/Destaque-Novo-Universo-18.jpg 450w, http:\/\/universofamilia.com\/wp-content\/uploads\/sites\/148\/2025\/12\/Destaque-Novo-Universo-18-300x167.jpg 300w, http:\/\/universofamilia.com\/wp-content\/uploads\/sites\/148\/2025\/12\/Destaque-Novo-Universo-18-18x10.jpg 18w\" sizes=\"(max-width: 450px) 100vw, 450px\" \/><figcaption class=\"wp-element-caption\">As perguntas mais comuns em entrevistas de emprego em 2025<\/figcaption><\/figure>\n<\/figure>\n\n\n\n<p class=\"has-text-align-center\">Num contexto em que coexistem processos virtuais, intelig\u00eancia artificial no recrutamento e equipes globais, as entrevistas deixaram de se concentrar exclusivamente no curr\u00edculo.<\/p>\n\n\n\n<p class=\"has-text-align-center\">Hoje, eles avaliam o pensamento cr\u00edtico, a adaptabilidade e a consist\u00eancia profissional.<\/p>\n\n\n\n<p>Antes de prosseguirmos, aqui est\u00e1 um breve resumo para orientar sua leitura: como a abordagem \u00e0s entrevistas mudou em 2025, o que as empresas realmente procuram e as categorias de perguntas mais frequentes.<\/p>\n\n\n\n<p>Como responder sem parecer gen\u00e9rico, uma estat\u00edstica relevante, dois exemplos reais, uma analogia clara, uma tabela pr\u00e1tica e um bloco de perguntas frequentes.<\/p>\n\n\n\n<h2 class=\"wp-block-heading\"><strong>Por que as entrevistas mudaram tanto em 2025?<\/strong><\/h2>\n\n\n\n<p>A transforma\u00e7\u00e3o do trabalho acelerou uma profunda evolu\u00e7\u00e3o nos processos de sele\u00e7\u00e3o.<\/p>\n\n\n\n<p>A automa\u00e7\u00e3o, o trabalho remoto e a escassez de talentos especializados obrigaram as empresas a refinar suas perguntas.<\/p>\n\n\n\n<p>J\u00e1 n\u00e3o basta confirmar a experi\u00eancia; agora \u00e9 importante entender como voc\u00ea pensa, decide e se adapta.<\/p>\n\n\n\n<p>De acordo com o <strong>Relat\u00f3rio sobre o Futuro do Trabalho do F\u00f3rum Econ\u00f4mico Mundial<\/strong>Habilidades interpessoais, a capacidade de aprendizado cont\u00ednuo e a capacidade de resolver problemas complexos est\u00e3o entre as mais valorizadas pelos empregadores em todo o mundo.<\/p>\n\n\n\n<p>Essa tend\u00eancia explica por que as entrevistas atuais se aprofundam mais em comportamentos e crit\u00e9rios pessoais.<\/p>\n\n\n\n<h2 class=\"wp-block-heading\"><strong>O que os recrutadores realmente procuram hoje em dia<\/strong><\/h2>\n\n\n\n<p>Por tr\u00e1s de cada pergunta, existe uma inten\u00e7\u00e3o clara. O recrutador busca coer\u00eancia entre o que voc\u00ea diz, o que voc\u00ea j\u00e1 fez e o que voc\u00ea poderia contribuir.<\/p>\n\n\n\n<p>Ele tamb\u00e9m demonstra clareza na comunica\u00e7\u00e3o de ideias, habilidade para lidar com press\u00e3o e honestidade profissional.<\/p>\n\n\n\n<p>Responder bem n\u00e3o significa memorizar frases, mas sim compreender o prop\u00f3sito de cada afirma\u00e7\u00e3o. Quando voc\u00ea identifica essa l\u00f3gica, seu discurso se torna mais natural e cr\u00edvel.<\/p>\n\n\n\n<h2 class=\"wp-block-heading\"><strong>Perguntas sobre trajet\u00f3ria profissional<\/strong><\/h2>\n\n\n\n<p>A experi\u00eancia continua sendo uma das principais categorias, embora com um foco diferente. O cargo anterior n\u00e3o \u00e9 mais o \u00fanico fator; o impacto gerado \u00e9 o que importa agora.<\/p>\n\n\n\n<p>Perguntas como essas aparecem aqui:<\/p>\n\n\n\n<ul>\n<li>Descreva sua experi\u00eancia mais relevante para esta vaga.<\/li>\n\n\n\n<li>O que voc\u00ea aprendeu em sua \u00faltima fun\u00e7\u00e3o que aplicaria melhor hoje?<\/li>\n<\/ul>\n\n\n\n<p>O foco est\u00e1 na aprendizagem e na evolu\u00e7\u00e3o, n\u00e3o numa lista de fun\u00e7\u00f5es.<\/p>\n\n\n\n<h3 class=\"wp-block-heading\"><strong>Exemplo 1<\/strong><\/h3>\n\n\n\n<p>Uma analista de dados explicou como passou de gerar relat\u00f3rios a propor melhorias de neg\u00f3cios com base em insights.<\/p>\n\n\n\n<p>Essa narrativa demonstrou crescimento, iniciativa e alinhamento com os objetivos de neg\u00f3cios.<\/p>\n\n\n\n<h2 class=\"wp-block-heading\"><strong>Quest\u00f5es sobre habilidades e compet\u00eancias essenciais<\/strong><\/h2>\n\n\n\n<p>At\u00e9 2025, as empresas dar\u00e3o prioridade \u00e0s compet\u00eancias transfer\u00edveis. \u00c9 por isso que est\u00e3o surgindo perguntas focadas em situa\u00e7\u00f5es do mundo real, e n\u00e3o em teorias.<\/p>\n\n\n\n<p>Algumas das mais comuns incluem:<\/p>\n\n\n\n<ul>\n<li>Como voc\u00ea lida com uma mudan\u00e7a inesperada em suas prioridades?<\/li>\n\n\n\n<li>Descreva uma situa\u00e7\u00e3o em que voc\u00ea teve que aprender algo novo rapidamente.<\/li>\n<\/ul>\n\n\n\n<p>Esse tipo de pergunta mede a adaptabilidade e uma mentalidade de crescimento.<\/p>\n\n\n\n<h2 class=\"wp-block-heading\"><strong>Avalia\u00e7\u00e3o de compet\u00eancias digitais e trabalho remoto<\/strong><\/h2>\n\n\n\n<p>A profici\u00eancia tecnol\u00f3gica j\u00e1 n\u00e3o \u00e9 exclusiva de perfis t\u00e9cnicos. Quase todas as fun\u00e7\u00f5es exigem flu\u00eancia digital e comunica\u00e7\u00e3o remota eficaz.<\/p>\n\n\n\n<p>Por isso, \u00e9 comum ouvir perguntas relacionadas \u00e0 organiza\u00e7\u00e3o, colabora\u00e7\u00e3o virtual e autogest\u00e3o. Eles n\u00e3o est\u00e3o procurando por especialistas em software, mas sim por profissionais funcionais em ambientes digitais.<\/p>\n\n\n\n<h2 class=\"wp-block-heading\"><strong>Quest\u00f5es sobre cultura e valores<\/strong><\/h2>\n\n\n\n<p>As empresas perceberam que contratar exclusivamente com base em habilidades t\u00e9cnicas gera atritos a longo prazo. Consequentemente, a compatibilidade cultural tornou-se mais importante.<\/p>\n\n\n\n<p>Perguntas como &quot;o que voc\u00ea valoriza em uma equipe de trabalho?&quot; ou &quot;que tipo de lideran\u00e7a te motiva?&quot; revelam expectativas, limites e estilo profissional.<\/p>\n\n\n\n<p>Responder honestamente \u00e9 mais eficaz do que tentar agradar.<\/p>\n\n\n\n<h2 class=\"wp-block-heading\"><strong>A pergunta que quase sempre surge<\/strong><\/h2>\n\n\n\n<p>Entre <strong>As perguntas mais comuns em entrevistas de emprego em 2025<\/strong>Existe uma que permanece v\u00e1lida, embora com nuances:<br><strong>Quais s\u00e3o seus pontos fortes e \u00e1reas que precisam ser aprimoradas?<\/strong><\/p>\n\n\n\n<p>O segredo \u00e9 o equil\u00edbrio. Reconhecer uma fraqueza real, aliado a a\u00e7\u00f5es concretas para melhor\u00e1-la, transmite maturidade e autoconhecimento.<\/p>\n\n\n\n<p>Evitar respostas pr\u00e9-elaboradas faz toda a diferen\u00e7a.<\/p>\n\n\n\n<h2 class=\"wp-block-heading\"><strong>Quest\u00f5es sobre resolu\u00e7\u00e3o de problemas<\/strong><\/h2>\n\n\n\n<p>As organiza\u00e7\u00f5es procuram indiv\u00edduos capazes de analisar, decidir e agir. Portanto, as entrevistas incluem cen\u00e1rios hipot\u00e9ticos ou experi\u00eancias passadas.<\/p>\n\n\n\n<p>N\u00e3o existe uma \u00fanica resposta. O que importa \u00e9 explicar seu racioc\u00ednio, as alternativas que voc\u00ea considerou e o resultado que obteve. Esse processo revela sua maneira de pensar.<\/p>\n\n\n\n<h3 class=\"wp-block-heading\"><strong>Exemplo 2<\/strong><\/h3>\n\n\n\n<p>Um gerente j\u00fanior relatou como resolveu um conflito interdepartamental priorizando dados, di\u00e1logo e acordos claros. Mais do que a solu\u00e7\u00e3o final, ele enfatizou sua abordagem estruturada e emp\u00e1tica.<\/p>\n\n\n\n<h2 class=\"wp-block-heading\"><strong>Quest\u00f5es sobre motiva\u00e7\u00e3o e prop\u00f3sito<\/strong><\/h2>\n\n\n\n<p>Em um mercado com alta rotatividade, as empresas querem entender por que voc\u00ea est\u00e1 interessado na vaga.<\/p>\n\n\n\n<p>Perguntas como \u201cO que te motiva nesta fun\u00e7\u00e3o?\u201d ou \u201cOnde voc\u00ea se v\u00ea daqui a tr\u00eas anos?\u201d demonstram expectativas e comprometimento.<\/p>\n\n\n\n<p>Responder a partir da perspectiva de objetivos profissionais, e n\u00e3o apenas do sal\u00e1rio, cria uma conex\u00e3o mais forte com o entrevistador.<\/p>\n\n\n\n<h2 class=\"wp-block-heading\"><strong>A analogia que ajuda a compreender o processo<\/strong><\/h2>\n\n\n\n<p>Responder a uma entrevista em 2025 ser\u00e1 como... <strong>Navegue com GPS<\/strong>.<\/p>\n\n\n\n<p>O destino \u00e9 claro, mas o verdadeiro valor reside em como voc\u00ea escolhe a rota, como reage aos desvios e qu\u00e3o consciente voc\u00ea est\u00e1 do caminho que percorreu.<\/p>\n\n\n\n<h2 class=\"wp-block-heading\"><strong>Tabela: Tipos de perguntas mais frequentes em 2025<\/strong><\/h2>\n\n\n\n<figure class=\"wp-block-table\"><table><thead><tr><th>Tipo de pergunta<\/th><th>O que avalia principalmente<\/th><\/tr><\/thead><tbody><tr><td>Carreira profissional<\/td><td>Evolu\u00e7\u00e3o e aprendizagem<\/td><\/tr><tr><td>Habilidades<\/td><td>Adaptabilidade e habilidades interpessoais<\/td><\/tr><tr><td>Digital e remoto<\/td><td>Autonomia e organiza\u00e7\u00e3o<\/td><\/tr><tr><td>Cultura e valores<\/td><td>Compatibilidade da empresa<\/td><\/tr><tr><td>Resolu\u00e7\u00e3o de problemas<\/td><td>Pensamento cr\u00edtico<\/td><\/tr><\/tbody><\/table><figcaption class=\"wp-element-caption\">As perguntas mais comuns em entrevistas de emprego em 2025<\/figcaption><\/figure>\n\n\n\n<figure class=\"wp-block-gallery has-nested-images columns-default is-cropped wp-block-gallery-2 is-layout-flex wp-block-gallery-is-layout-flex\">\n<figure class=\"wp-block-image size-full\"><img loading=\"lazy\" decoding=\"async\" width=\"450\" height=\"250\" data-id=\"10467\" src=\"https:\/\/universofamilia.com\/wp-content\/uploads\/sites\/148\/2025\/12\/Destaque-Novo-Universo-19.jpg\" alt=\"\" class=\"wp-image-10467\" srcset=\"http:\/\/universofamilia.com\/wp-content\/uploads\/sites\/148\/2025\/12\/Destaque-Novo-Universo-19.jpg 450w, http:\/\/universofamilia.com\/wp-content\/uploads\/sites\/148\/2025\/12\/Destaque-Novo-Universo-19-300x167.jpg 300w, http:\/\/universofamilia.com\/wp-content\/uploads\/sites\/148\/2025\/12\/Destaque-Novo-Universo-19-18x10.jpg 18w\" sizes=\"(max-width: 450px) 100vw, 450px\" \/><figcaption class=\"wp-element-caption\">As perguntas mais comuns em entrevistas de emprego em 2025<\/figcaption><\/figure>\n<\/figure>\n\n\n\n<p>Leia mais:\u00a0<a href=\"http:\/\/universofamilia.com\/pt\/el-teletrabajo-en-2025-las-nuevas-tendencias-del-home-office\/\">Teletrabalho em 2025: Novas tend\u00eancias do home office<\/a><\/p>\n\n\n\n<h2 class=\"wp-block-heading\"><strong>Como se preparar sem parecer ensaiado<\/strong><\/h2>\n\n\n\n<p>Uma prepara\u00e7\u00e3o eficaz n\u00e3o se resume a memorizar respostas, mas sim a refletir sobre experi\u00eancias reais. Identificar conquistas, desafios e li\u00e7\u00f5es aprendidas permite que voc\u00ea responda de forma natural.<\/p>\n\n\n\n<p>Praticar em voz alta ajuda a melhorar a flu\u00eancia, mas tamb\u00e9m \u00e9 importante deixar espa\u00e7o para a espontaneidade. Em entrevistas, a autenticidade \u00e9 valorizada, n\u00e3o a perfei\u00e7\u00e3o.<\/p>\n\n\n\n<h2 class=\"wp-block-heading\"><strong>Erros comuns que continuam a custar oportunidades<\/strong><\/h2>\n\n\n\n<p>Falar em excesso, esquivar-se das respostas ou evitar admitir erros ainda \u00e9 prejudicial. O mesmo acontece com respostas gen\u00e9ricas e sem contexto.<\/p>\n\n\n\n<p>Em contrapartida, clareza, exemplos concretos e escuta ativa constroem confian\u00e7a. O entrevistador percebe quando h\u00e1 coer\u00eancia entre o discurso e a experi\u00eancia.<\/p>\n\n\n\n<h2 class=\"wp-block-heading\"><strong>Conclus\u00e3o<\/strong><\/h2>\n\n\n\n<p>Entender <strong>As perguntas mais comuns em entrevistas de emprego em 2025<\/strong> Isso permite que voc\u00ea enfrente os processos seletivos com maior confian\u00e7a e estrat\u00e9gia.<\/p>\n\n\n\n<p>As entrevistas de hoje buscam indiv\u00edduos completos: com habilidades, valores e capacidade de adapta\u00e7\u00e3o.<\/p>\n\n\n\n<p>Preparar-se atrav\u00e9s do autoconhecimento, em vez de f\u00f3rmulas r\u00edgidas, aumenta suas chances de sucesso.<\/p>\n\n\n\n<p>Em um mercado competitivo, aqueles que se comunicam de forma clara e aut\u00eantica se destacam sem precisar exagerar.<\/p>\n\n\n\n<p>Leia mais:\u00a0<a href=\"http:\/\/universofamilia.com\/pt\/carreras-sostenibles-empleos-verdes-en-auge\/\">Carreiras sustent\u00e1veis: empregos verdes em expans\u00e3o<\/a><\/p>\n\n\n\n<h2 class=\"wp-block-heading\"><strong>Perguntas frequentes<\/strong><\/h2>\n\n\n\n<p><strong>As perguntas de entrevista s\u00e3o as mesmas em todos os setores?<\/strong><br>N\u00e3o. Embora existam padr\u00f5es comuns, cada setor prioriza habilidades espec\u00edficas.<\/p>\n\n\n\n<p><strong>\u00c9 aconselh\u00e1vel preparar respostas por escrito?<\/strong><br>Serve como um exerc\u00edcio preliminar, mas durante a entrevista \u00e9 melhor responder naturalmente.<\/p>\n\n\n\n<p><strong>Qu\u00e3o importante \u00e9 a honestidade?<\/strong><br>\u00c9 crucial. Os recrutadores conseguem identificar facilmente inconsist\u00eancias.<\/p>\n\n\n\n<p><strong>As entrevistas virtuais alteram o tipo de perguntas feitas?<\/strong><br>O foco permanece o mesmo, embora a avalia\u00e7\u00e3o da comunica\u00e7\u00e3o e da autogest\u00e3o aumente.<\/p>\n\n\n\n<p><strong>Responder incorretamente a uma pergunta desqualifica um candidato?<\/strong><br>N\u00e3o necessariamente. Atitude, clareza e capacidade de reflex\u00e3o s\u00e3o t\u00e3o importantes quanto uma resposta r\u00e1pida.<\/p>\n\n\n\n<p>Em 2025, estar bem preparado n\u00e3o significa parecer perfeito, mas sim mostrar quem voc\u00ea \u00e9, como voc\u00ea pensa e qual o valor real que voc\u00ea pode agregar.<\/p>\n\n\n\n<p>Essa continua sendo a resposta mais impactante em qualquer entrevista.<\/p>","protected":false},"excerpt":{"rendered":"<p>As perguntas mais comuns em entrevistas de emprego em 2025 refletem um mercado de trabalho mais digital, humano e estrat\u00e9gico do que nunca. Em um contexto onde processos virtuais, intelig\u00eancia artificial no recrutamento e equipes globais coexistem, as entrevistas deixaram de se concentrar apenas no curr\u00edculo. Hoje, elas avaliam o pensamento cr\u00edtico, a adaptabilidade e a consist\u00eancia profissional. Antes de prosseguir, \u00e9 importante entender melhor o que significa ser um candidato.<\/p>","protected":false},"author":219,"featured_media":10466,"comment_status":"closed","ping_status":"open","sticky":false,"template":"","format":"standard","meta":{"footnotes":""},"categories":[5],"tags":[],"yoast_head":"<!-- This site is optimized with the Yoast SEO plugin v23.3 - https:\/\/yoast.com\/wordpress\/plugins\/seo\/ -->\n<title>Las preguntas de entrevista m\u00e1s comunes de 2025 - Universo Fam\u00edlia<\/title>\n<meta name=\"description\" content=\"Las preguntas de entrevista m\u00e1s comunes de 2025 reflejan un mercado laboral m\u00e1s digital, humano y estrat\u00e9gico que nunca.\" \/>\n<meta name=\"robots\" content=\"index, follow, max-snippet:-1, max-image-preview:large, max-video-preview:-1\" \/>\n<link rel=\"canonical\" href=\"https:\/\/universofamilia.com\/pt\/las-preguntas-de-entrevista-mas-comunes-de-2025\/\" \/>\n<meta property=\"og:locale\" content=\"pt_BR\" \/>\n<meta property=\"og:type\" content=\"article\" \/>\n<meta property=\"og:title\" content=\"Las preguntas de entrevista m\u00e1s comunes de 2025 - Universo Fam\u00edlia\" \/>\n<meta property=\"og:description\" content=\"Las preguntas de entrevista m\u00e1s comunes de 2025 reflejan un mercado laboral m\u00e1s digital, humano y estrat\u00e9gico que nunca.\" \/>\n<meta property=\"og:url\" content=\"https:\/\/universofamilia.com\/pt\/las-preguntas-de-entrevista-mas-comunes-de-2025\/\" \/>\n<meta property=\"og:site_name\" content=\"Universo Fam\u00edlia\" \/>\n<meta property=\"article:published_time\" content=\"2025-12-26T15:09:03+00:00\" \/>\n<meta property=\"article:modified_time\" content=\"2025-12-26T15:09:05+00:00\" \/>\n<meta property=\"og:image\" content=\"https:\/\/universofamilia.com\/wp-content\/uploads\/sites\/148\/2025\/12\/Destaque-Novo-Universo-18-1.jpg\" \/>\n\t<meta property=\"og:image:width\" content=\"450\" \/>\n\t<meta property=\"og:image:height\" content=\"250\" \/>\n\t<meta property=\"og:image:type\" content=\"image\/jpeg\" \/>\n<meta name=\"author\" content=\"Matheus Sangaletti\" \/>\n<meta name=\"twitter:card\" content=\"summary_large_image\" \/>\n<meta name=\"twitter:label1\" content=\"Written by\" \/>\n\t<meta name=\"twitter:data1\" content=\"Matheus Sangaletti\" \/>\n\t<meta name=\"twitter:label2\" content=\"Est. reading time\" \/>\n\t<meta name=\"twitter:data2\" content=\"7 minutos\" \/>\n<script type=\"application\/ld+json\" class=\"yoast-schema-graph\">{\"@context\":\"https:\/\/schema.org\",\"@graph\":[{\"@type\":\"WebPage\",\"@id\":\"https:\/\/universofamilia.com\/sk\/las-preguntas-de-entrevista-mas-comunes-de-2025\/\",\"url\":\"https:\/\/universofamilia.com\/sk\/las-preguntas-de-entrevista-mas-comunes-de-2025\/\",\"name\":\"Las preguntas de entrevista m\u00e1s comunes de 2025 - Universo Fam\u00edlia\",\"isPartOf\":{\"@id\":\"http:\/\/universofamilia.com\/zh_hk\/#website\"},\"primaryImageOfPage\":{\"@id\":\"https:\/\/universofamilia.com\/sk\/las-preguntas-de-entrevista-mas-comunes-de-2025\/#primaryimage\"},\"image\":{\"@id\":\"https:\/\/universofamilia.com\/sk\/las-preguntas-de-entrevista-mas-comunes-de-2025\/#primaryimage\"},\"thumbnailUrl\":\"http:\/\/universofamilia.com\/wp-content\/uploads\/sites\/148\/2025\/12\/Destaque-Novo-Universo-18-1.jpg\",\"datePublished\":\"2025-12-26T15:09:03+00:00\",\"dateModified\":\"2025-12-26T15:09:05+00:00\",\"author\":{\"@id\":\"http:\/\/universofamilia.com\/zh_hk\/#\/schema\/person\/92fcd07e9b1f4323bf74f3170fc0f78a\"},\"description\":\"Las preguntas de entrevista m\u00e1s comunes de 2025 reflejan un mercado laboral m\u00e1s digital, humano y estrat\u00e9gico que nunca.\",\"breadcrumb\":{\"@id\":\"https:\/\/universofamilia.com\/sk\/las-preguntas-de-entrevista-mas-comunes-de-2025\/#breadcrumb\"},\"inLanguage\":\"pt-BR\",\"potentialAction\":[{\"@type\":\"ReadAction\",\"target\":[\"https:\/\/universofamilia.com\/sk\/las-preguntas-de-entrevista-mas-comunes-de-2025\/\"]}]},{\"@type\":\"ImageObject\",\"inLanguage\":\"pt-BR\",\"@id\":\"https:\/\/universofamilia.com\/sk\/las-preguntas-de-entrevista-mas-comunes-de-2025\/#primaryimage\",\"url\":\"http:\/\/universofamilia.com\/wp-content\/uploads\/sites\/148\/2025\/12\/Destaque-Novo-Universo-18-1.jpg\",\"contentUrl\":\"http:\/\/universofamilia.com\/wp-content\/uploads\/sites\/148\/2025\/12\/Destaque-Novo-Universo-18-1.jpg\",\"width\":450,\"height\":250,\"caption\":\"Las preguntas de entrevista m\u00e1s comunes de 2025\"},{\"@type\":\"BreadcrumbList\",\"@id\":\"https:\/\/universofamilia.com\/sk\/las-preguntas-de-entrevista-mas-comunes-de-2025\/#breadcrumb\",\"itemListElement\":[{\"@type\":\"ListItem\",\"position\":1,\"name\":\"Home\",\"item\":\"http:\/\/universofamilia.com\/zh_hk\/\"},{\"@type\":\"ListItem\",\"position\":2,\"name\":\"Las preguntas de entrevista m\u00e1s comunes de 2025\"}]},{\"@type\":\"WebSite\",\"@id\":\"http:\/\/universofamilia.com\/zh_hk\/#website\",\"url\":\"http:\/\/universofamilia.com\/zh_hk\/\",\"name\":\"Universo Fam\u00edlia\",\"description\":\"\",\"potentialAction\":[{\"@type\":\"SearchAction\",\"target\":{\"@type\":\"EntryPoint\",\"urlTemplate\":\"http:\/\/universofamilia.com\/zh_hk\/?s={search_term_string}\"},\"query-input\":\"required name=search_term_string\"}],\"inLanguage\":\"pt-BR\"},{\"@type\":\"Person\",\"@id\":\"http:\/\/universofamilia.com\/zh_hk\/#\/schema\/person\/92fcd07e9b1f4323bf74f3170fc0f78a\",\"name\":\"Matheus Sangaletti\",\"image\":{\"@type\":\"ImageObject\",\"inLanguage\":\"pt-BR\",\"@id\":\"http:\/\/universofamilia.com\/zh_hk\/#\/schema\/person\/image\/\",\"url\":\"http:\/\/2.gravatar.com\/avatar\/280ea957a14a48e6a1ad2133d2cc27c9?s=96&d=mm&r=g\",\"contentUrl\":\"http:\/\/2.gravatar.com\/avatar\/280ea957a14a48e6a1ad2133d2cc27c9?s=96&d=mm&r=g\",\"caption\":\"Matheus Sangaletti\"},\"url\":\"http:\/\/universofamilia.com\/pt\/author\/matheuss\/\"}]}<\/script>\n<!-- \/ Yoast SEO plugin. -->","yoast_head_json":{"title":"Las preguntas de entrevista m\u00e1s comunes de 2025 - Universo Fam\u00edlia","description":"Las preguntas de entrevista m\u00e1s comunes de 2025 reflejan un mercado laboral m\u00e1s digital, humano y estrat\u00e9gico que nunca.","robots":{"index":"index","follow":"follow","max-snippet":"max-snippet:-1","max-image-preview":"max-image-preview:large","max-video-preview":"max-video-preview:-1"},"canonical":"https:\/\/universofamilia.com\/pt\/las-preguntas-de-entrevista-mas-comunes-de-2025\/","og_locale":"pt_BR","og_type":"article","og_title":"Las preguntas de entrevista m\u00e1s comunes de 2025 - Universo Fam\u00edlia","og_description":"Las preguntas de entrevista m\u00e1s comunes de 2025 reflejan un mercado laboral m\u00e1s digital, humano y estrat\u00e9gico que nunca.","og_url":"https:\/\/universofamilia.com\/pt\/las-preguntas-de-entrevista-mas-comunes-de-2025\/","og_site_name":"Universo Fam\u00edlia","article_published_time":"2025-12-26T15:09:03+00:00","article_modified_time":"2025-12-26T15:09:05+00:00","og_image":[{"width":450,"height":250,"url":"https:\/\/universofamilia.com\/wp-content\/uploads\/sites\/148\/2025\/12\/Destaque-Novo-Universo-18-1.jpg","type":"image\/jpeg"}],"author":"Matheus Sangaletti","twitter_card":"summary_large_image","twitter_misc":{"Written by":"Matheus Sangaletti","Est. reading time":"7 minutos"},"schema":{"@context":"https:\/\/schema.org","@graph":[{"@type":"WebPage","@id":"https:\/\/universofamilia.com\/sk\/las-preguntas-de-entrevista-mas-comunes-de-2025\/","url":"https:\/\/universofamilia.com\/sk\/las-preguntas-de-entrevista-mas-comunes-de-2025\/","name":"Las preguntas de entrevista m\u00e1s comunes de 2025 - Universo Fam\u00edlia","isPartOf":{"@id":"http:\/\/universofamilia.com\/zh_hk\/#website"},"primaryImageOfPage":{"@id":"https:\/\/universofamilia.com\/sk\/las-preguntas-de-entrevista-mas-comunes-de-2025\/#primaryimage"},"image":{"@id":"https:\/\/universofamilia.com\/sk\/las-preguntas-de-entrevista-mas-comunes-de-2025\/#primaryimage"},"thumbnailUrl":"http:\/\/universofamilia.com\/wp-content\/uploads\/sites\/148\/2025\/12\/Destaque-Novo-Universo-18-1.jpg","datePublished":"2025-12-26T15:09:03+00:00","dateModified":"2025-12-26T15:09:05+00:00","author":{"@id":"http:\/\/universofamilia.com\/zh_hk\/#\/schema\/person\/92fcd07e9b1f4323bf74f3170fc0f78a"},"description":"Las preguntas de entrevista m\u00e1s comunes de 2025 reflejan un mercado laboral m\u00e1s digital, humano y estrat\u00e9gico que nunca.","breadcrumb":{"@id":"https:\/\/universofamilia.com\/sk\/las-preguntas-de-entrevista-mas-comunes-de-2025\/#breadcrumb"},"inLanguage":"pt-BR","potentialAction":[{"@type":"ReadAction","target":["https:\/\/universofamilia.com\/sk\/las-preguntas-de-entrevista-mas-comunes-de-2025\/"]}]},{"@type":"ImageObject","inLanguage":"pt-BR","@id":"https:\/\/universofamilia.com\/sk\/las-preguntas-de-entrevista-mas-comunes-de-2025\/#primaryimage","url":"http:\/\/universofamilia.com\/wp-content\/uploads\/sites\/148\/2025\/12\/Destaque-Novo-Universo-18-1.jpg","contentUrl":"http:\/\/universofamilia.com\/wp-content\/uploads\/sites\/148\/2025\/12\/Destaque-Novo-Universo-18-1.jpg","width":450,"height":250,"caption":"Las preguntas de entrevista m\u00e1s comunes de 2025"},{"@type":"BreadcrumbList","@id":"https:\/\/universofamilia.com\/sk\/las-preguntas-de-entrevista-mas-comunes-de-2025\/#breadcrumb","itemListElement":[{"@type":"ListItem","position":1,"name":"Home","item":"http:\/\/universofamilia.com\/zh_hk\/"},{"@type":"ListItem","position":2,"name":"Las preguntas de entrevista m\u00e1s comunes de 2025"}]},{"@type":"WebSite","@id":"http:\/\/universofamilia.com\/zh_hk\/#website","url":"http:\/\/universofamilia.com\/zh_hk\/","name":"Universo Fam\u00edlia","description":"","potentialAction":[{"@type":"SearchAction","target":{"@type":"EntryPoint","urlTemplate":"http:\/\/universofamilia.com\/zh_hk\/?s={search_term_string}"},"query-input":"required name=search_term_string"}],"inLanguage":"pt-BR"},{"@type":"Person","@id":"http:\/\/universofamilia.com\/zh_hk\/#\/schema\/person\/92fcd07e9b1f4323bf74f3170fc0f78a","name":"Matheus Sangaletti","image":{"@type":"ImageObject","inLanguage":"pt-BR","@id":"http:\/\/universofamilia.com\/zh_hk\/#\/schema\/person\/image\/","url":"http:\/\/2.gravatar.com\/avatar\/280ea957a14a48e6a1ad2133d2cc27c9?s=96&d=mm&r=g","contentUrl":"http:\/\/2.gravatar.com\/avatar\/280ea957a14a48e6a1ad2133d2cc27c9?s=96&d=mm&r=g","caption":"Matheus Sangaletti"},"url":"http:\/\/universofamilia.com\/pt\/author\/matheuss\/"}]}},"_links":{"self":[{"href":"http:\/\/universofamilia.com\/pt\/wp-json\/wp\/v2\/posts\/10464"}],"collection":[{"href":"http:\/\/universofamilia.com\/pt\/wp-json\/wp\/v2\/posts"}],"about":[{"href":"http:\/\/universofamilia.com\/pt\/wp-json\/wp\/v2\/types\/post"}],"author":[{"embeddable":true,"href":"http:\/\/universofamilia.com\/pt\/wp-json\/wp\/v2\/users\/219"}],"replies":[{"embeddable":true,"href":"http:\/\/universofamilia.com\/pt\/wp-json\/wp\/v2\/comments?post=10464"}],"version-history":[{"count":1,"href":"http:\/\/universofamilia.com\/pt\/wp-json\/wp\/v2\/posts\/10464\/revisions"}],"predecessor-version":[{"id":10468,"href":"http:\/\/universofamilia.com\/pt\/wp-json\/wp\/v2\/posts\/10464\/revisions\/10468"}],"wp:featuredmedia":[{"embeddable":true,"href":"http:\/\/universofamilia.com\/pt\/wp-json\/wp\/v2\/media\/10466"}],"wp:attachment":[{"href":"http:\/\/universofamilia.com\/pt\/wp-json\/wp\/v2\/media?parent=10464"}],"wp:term":[{"taxonomy":"category","embeddable":true,"href":"http:\/\/universofamilia.com\/pt\/wp-json\/wp\/v2\/categories?post=10464"},{"taxonomy":"post_tag","embeddable":true,"href":"http:\/\/universofamilia.com\/pt\/wp-json\/wp\/v2\/tags?post=10464"}],"curies":[{"name":"wp","href":"https:\/\/api.w.org\/{rel}","templated":true}]}}