{"id":10068,"date":"2025-10-13T12:28:29","date_gmt":"2025-10-13T15:28:29","guid":{"rendered":"https:\/\/universofamilia.com\/?p=10068"},"modified":"2025-10-13T18:26:17","modified_gmt":"2025-10-13T21:26:17","slug":"crisis-climatica-global","status":"publish","type":"post","link":"http:\/\/universofamilia.com\/pt_pt\/crisis-climatica-global\/","title":{"rendered":"Crise clim\u00e1tica global: os impactos que j\u00e1 afetam milh\u00f5es"},"content":{"rendered":"<p class=\"has-text-align-center\">O <strong>Crise clim\u00e1tica global: os impactos que j\u00e1 afetam milh\u00f5es<\/strong> tornou-se um dos desafios mais urgentes do s\u00e9culo XXI.<\/p>\n\n\n\n<figure class=\"wp-block-gallery aligncenter has-nested-images columns-default is-cropped wp-block-gallery-1 is-layout-flex wp-block-gallery-is-layout-flex\">\n<figure class=\"wp-block-image size-full\"><img loading=\"lazy\" decoding=\"async\" width=\"450\" height=\"250\" data-id=\"10070\" src=\"https:\/\/universofamilia.com\/wp-content\/uploads\/sites\/148\/2025\/10\/Destaque-Novo-Universo-1.jpg\" alt=\"\" class=\"wp-image-10070\" srcset=\"http:\/\/universofamilia.com\/wp-content\/uploads\/sites\/148\/2025\/10\/Destaque-Novo-Universo-1.jpg 450w, http:\/\/universofamilia.com\/wp-content\/uploads\/sites\/148\/2025\/10\/Destaque-Novo-Universo-1-300x167.jpg 300w, http:\/\/universofamilia.com\/wp-content\/uploads\/sites\/148\/2025\/10\/Destaque-Novo-Universo-1-18x10.jpg 18w\" sizes=\"(max-width: 450px) 100vw, 450px\" \/><figcaption class=\"wp-element-caption\">CANVA<\/figcaption><\/figure>\n<\/figure>\n\n\n\n<p>Secas prolongadas, ondas de calor extremas, inc\u00eandios florestais, derretimento acelerado do gelo e migra\u00e7\u00f5es em massa s\u00e3o apenas algumas das consequ\u00eancias vis\u00edveis.<br><strong>Resumo:<\/strong><\/p>\n\n\n\n<ol>\n<li>O que a crise clim\u00e1tica global realmente significa<\/li>\n\n\n\n<li>Como isso est\u00e1 afetando milh\u00f5es de pessoas ao redor do mundo<\/li>\n\n\n\n<li>Setores mais vulner\u00e1veis: sa\u00fade, economia e seguran\u00e7a alimentar<\/li>\n\n\n\n<li>Exemplos atuais e reais de impacto clim\u00e1tico<\/li>\n\n\n\n<li>O que est\u00e1 sendo feito e o que mais deve ser feito<\/li>\n\n\n\n<li>Conclus\u00e3o e perguntas frequentes<\/li>\n<\/ol>\n\n\n\n<h3 class=\"wp-block-heading\"><strong>O que a crise clim\u00e1tica global realmente significa?<\/strong><\/h3>\n\n\n\n<p>O <strong>Crise clim\u00e1tica global: os impactos que j\u00e1 afetam milh\u00f5es de pessoas<\/strong> N\u00e3o \u00e9 apenas uma quest\u00e3o de aumento de temperatura.<\/p>\n\n\n\n<p>\u00c9 um fen\u00f4meno sist\u00eamico que altera ecossistemas, economias e comunidades inteiras. De acordo com a <em>Painel Intergovernamental sobre Mudan\u00e7as Clim\u00e1ticas (IPCC)<\/em>, o planeta j\u00e1 ultrapassou um aumento m\u00e9dio de <strong>1,2 \u00b0C<\/strong> comparado \u00e0 era pr\u00e9-industrial.<\/p>\n\n\n\n<p>Embora possa parecer pequena, essa mudan\u00e7a alterou os padr\u00f5es de chuva, intensificou os furac\u00f5es e reduziu a disponibilidade de \u00e1gua doce.<\/p>\n\n\n\n<p>Uma maneira simples de entender isso \u00e9 imaginar a Terra como um corpo humano: uma febre de apenas um grau pode parecer uma coisa pequena, mas quando permanece constante, enfraquece todos os sistemas vitais.<\/p>\n\n\n\n<p>\u00c9 precisamente essa analogia que explica o atual desequil\u00edbrio clim\u00e1tico.<\/p>\n\n\n\n<h3 class=\"wp-block-heading\"><strong>Milh\u00f5es de pessoas j\u00e1 est\u00e3o vivendo com as consequ\u00eancias.<\/strong> <strong>da crise clim\u00e1tica global<\/strong><\/h3>\n\n\n\n<p>Em 2025, as repercuss\u00f5es n\u00e3o pertencem mais ao futuro. <\/p>\n\n\n\n<p>As Na\u00e7\u00f5es Unidas estimam que <strong>mais de 3,6 bilh\u00f5es de pessoas<\/strong> vivem em regi\u00f5es altamente vulner\u00e1veis \u00e0s mudan\u00e7as clim\u00e1ticas.<\/p>\n\n\n\n<p>Cidades como Cidade do M\u00e9xico, S\u00e3o Paulo e Lima est\u00e3o enfrentando ondas de calor superiores a 40\u00b0C, acompanhadas de restri\u00e7\u00f5es de \u00e1gua.<\/p>\n\n\n\n<p>As \u00e1reas rurais est\u00e3o sofrendo ainda mais: a quebra de safras e a desertifica\u00e7\u00e3o est\u00e3o for\u00e7ando fam\u00edlias inteiras a abandonar suas terras.<\/p>\n\n\n\n<p>Na \u00c1frica Subsaariana, comunidades inteiras est\u00e3o se deslocando em busca de comida e \u00e1gua; na Am\u00e9rica Central, a migra\u00e7\u00e3o clim\u00e1tica est\u00e1 se tornando uma realidade silenciosa, mas constante.<\/p>\n\n\n\n<h3 class=\"wp-block-heading\"><strong>Impactos na sa\u00fade, na economia e na nutri\u00e7\u00e3o<\/strong><\/h3>\n\n\n\n<p>O aquecimento global j\u00e1 tem consequ\u00eancias tang\u00edveis para a sa\u00fade p\u00fablica.<\/p>\n\n\n\n<p>A Organiza\u00e7\u00e3o Mundial da Sa\u00fade alerta que doen\u00e7as transmitidas por mosquitos, como dengue e zika, est\u00e3o expandindo seu alcance geogr\u00e1fico.<\/p>\n\n\n\n<p>Os hospitais, por outro lado, est\u00e3o enfrentando um aumento nos casos de desidrata\u00e7\u00e3o e exaust\u00e3o pelo calor, especialmente entre idosos e crian\u00e7as.<\/p>\n\n\n\n<p>A economia n\u00e3o \u00e9 exce\u00e7\u00e3o a esta realidade. Um estudo da <em>Banco Mundial<\/em> de 2024 revelou que as perdas econ\u00f3micas associadas a cat\u00e1strofes naturais atingiram mais de <strong>US$ 380 bilh\u00f5es anualmente<\/strong>.<\/p>\n\n\n\n<p>Turismo, agricultura e pesca s\u00e3o os setores mais afetados.<\/p>\n\n\n\n<p>Em rela\u00e7\u00e3o \u00e0 seguran\u00e7a alimentar, mudan\u00e7as nos padr\u00f5es de chuva e o aumento de pragas agr\u00edcolas amea\u00e7am a produ\u00e7\u00e3o de gr\u00e3os b\u00e1sicos.<\/p>\n\n\n\n<p>O M\u00e9xico, por exemplo, viu a sua produ\u00e7\u00e3o de milho reduzida em 15 % nos \u00faltimos anos devido a secas prolongadas, de acordo com dados do <em>FAO<\/em>.<\/p>\n\n\n\n<figure class=\"wp-block-table\"><table><thead><tr><th><strong>Impacto clim\u00e1tico (2025)<\/strong><\/th><th><strong>Regi\u00e3o mais afetada<\/strong><\/th><th><strong>Consequ\u00eancia principal<\/strong><\/th><\/tr><\/thead><tbody><tr><td>Secas prolongadas<\/td><td>Am\u00e9rica Latina e \u00c1frica<\/td><td>Escassez de \u00e1gua e perdas de colheitas<\/td><\/tr><tr><td>Ondas de calor extremas<\/td><td>Europa e Am\u00e9rica do Norte<\/td><td>Aumento de doen\u00e7as respirat\u00f3rias<\/td><\/tr><tr><td>Inunda\u00e7\u00f5es e tempestades<\/td><td>\u00c1sia e Pac\u00edfico<\/td><td>Deslocamentos e danos \u00e0 infraestrutura<\/td><\/tr><tr><td>Derretimento polar<\/td><td>\u00c1rtico e Ant\u00e1rtico<\/td><td>Aumento do n\u00edvel do mar<\/td><\/tr><\/tbody><\/table><figcaption class=\"wp-element-caption\">Crise clim\u00e1tica global: os impactos que j\u00e1 afetam milh\u00f5es<\/figcaption><\/figure>\n\n\n\n<figure class=\"wp-block-gallery aligncenter has-nested-images columns-default is-cropped wp-block-gallery-2 is-layout-flex wp-block-gallery-is-layout-flex\">\n<figure class=\"wp-block-image size-full\"><img loading=\"lazy\" decoding=\"async\" width=\"450\" height=\"250\" data-id=\"10071\" src=\"https:\/\/universofamilia.com\/wp-content\/uploads\/sites\/148\/2025\/10\/Destaque-Novo-Universo-1-1.jpg\" alt=\"\" class=\"wp-image-10071\" srcset=\"http:\/\/universofamilia.com\/wp-content\/uploads\/sites\/148\/2025\/10\/Destaque-Novo-Universo-1-1.jpg 450w, http:\/\/universofamilia.com\/wp-content\/uploads\/sites\/148\/2025\/10\/Destaque-Novo-Universo-1-1-300x167.jpg 300w, http:\/\/universofamilia.com\/wp-content\/uploads\/sites\/148\/2025\/10\/Destaque-Novo-Universo-1-1-18x10.jpg 18w\" sizes=\"(max-width: 450px) 100vw, 450px\" \/><figcaption class=\"wp-element-caption\">CANVA<\/figcaption><\/figure>\n<\/figure>\n\n\n\n<p>Leia mais:&nbsp;<a href=\"http:\/\/universofamilia.com\/pt_pt\/los-paises-mas-avanzados-en-regulacion-de-ia-en-2025\/\">Os pa\u00edses mais avan\u00e7ados na regulamenta\u00e7\u00e3o da IA em 2025<\/a><\/p>\n\n\n\n<h3 class=\"wp-block-heading\"><strong>Dois exemplos que mostram a seriedade<\/strong><\/h3>\n\n\n\n<p><strong>Exemplo 1:<\/strong> Em 2024, a cidade de Chennai, na \u00cdndia, ficou sem \u00e1gua pot\u00e1vel por semanas.<\/p>\n\n\n\n<p>A causa: uma combina\u00e7\u00e3o de secas intensas e gest\u00e3o ineficiente de recursos.<\/p>\n\n\n\n<p>O que come\u00e7ou como um problema local se tornou um alerta global sobre o risco de colapso h\u00eddrico em grandes cidades.<\/p>\n\n\n\n<p><strong>Exemplo 2:<\/strong> No M\u00e9xico, comunidades em Chiapas relatam que os padr\u00f5es de precipita\u00e7\u00e3o mudaram drasticamente na \u00faltima d\u00e9cada.<\/p>\n\n\n\n<p>Os produtores tradicionais de caf\u00e9 viram suas colheitas fracassarem, o que os for\u00e7ou a migrar para altitudes mais elevadas ou a recorrer a outras culturas.<\/p>\n\n\n\n<p>Esses casos ilustram como a <strong>Crise clim\u00e1tica global: os impactos que j\u00e1 afetam milh\u00f5es de pessoas<\/strong> N\u00e3o \u00e9 um fen\u00f4meno distante ou te\u00f3rico: est\u00e1 mudando realidades cotidianas.<\/p>\n\n\n\n<h3 class=\"wp-block-heading\"><strong>O que est\u00e1 sendo feito para conter o impacto<\/strong><\/h3>\n\n\n\n<p>No n\u00edvel internacional, os acordos clim\u00e1ticos visam conter o aquecimento global.<\/p>\n\n\n\n<p>Ele <em>Acordo de Paris<\/em> continua a ser o quadro de refer\u00eancia, embora os compromissos nacionais ainda n\u00e3o sejam suficientes. <\/p>\n\n\n\n<p>No <em>COP29<\/em>, realizada em 2024, os pa\u00edses foram instados a reduzir suas emiss\u00f5es em 45% at\u00e9 2030.<\/p>\n\n\n\n<p>No entanto, os resultados s\u00e3o mistos: enquanto a Uni\u00e3o Europeia est\u00e1 caminhando em dire\u00e7\u00e3o \u00e0 energia renov\u00e1vel, outras regi\u00f5es ainda dependem de carv\u00e3o e petr\u00f3leo.<\/p>\n\n\n\n<p>Na Am\u00e9rica Latina, iniciativas como a <em>Plano de A\u00e7\u00e3o Clim\u00e1tica da CEPAL<\/em> Eles buscam promover uma transi\u00e7\u00e3o energ\u00e9tica justa, impulsionando a energia solar e e\u00f3lica. O M\u00e9xico, por exemplo, inaugurou um dos maiores parques solares da Am\u00e9rica Latina em Sonora, capaz de abastecer mais de um milh\u00e3o de resid\u00eancias.<\/p>\n\n\n\n<p>No n\u00edvel individual, a mudan\u00e7a tamb\u00e9m come\u00e7a em casa. <\/p>\n\n\n\n<p>Reduzir o consumo de carne, optar por transporte p\u00fablico ou el\u00e9trico e apoiar marcas sustent\u00e1veis s\u00e3o pequenas a\u00e7\u00f5es com grande impacto coletivo.<\/p>\n\n\n\n<h3 class=\"wp-block-heading\"><strong>Podemos reverter a crise clim\u00e1tica global?<\/strong><\/h3>\n\n\n\n<p>Essa \u00e9 a grande quest\u00e3o ret\u00f3rica que desafia governos, empresas e cidad\u00e3os.<\/p>\n\n\n\n<p>Embora os danos j\u00e1 sejam consider\u00e1veis, os especialistas concordam que os efeitos mais graves ainda podem ser mitigados com a\u00e7\u00f5es decisivas.<\/p>\n\n\n\n<p>O planeta tem tecnologia suficiente para acelerar a transi\u00e7\u00e3o verde, mas falta vontade pol\u00edtica e consci\u00eancia social.<\/p>\n\n\n\n<p>O futuro depender\u00e1 da capacidade de coopera\u00e7\u00e3o global e de um compromisso real com a sustentabilidade.<\/p>\n\n\n\n<p>N\u00e3o se trata apenas de salvar ecossistemas, mas de proteger nossa sobreviv\u00eancia como esp\u00e9cie.<\/p>\n\n\n\n<h3 class=\"wp-block-heading\"><strong>Conclus\u00e3o<\/strong><\/h3>\n\n\n\n<p>O <strong>Crise clim\u00e1tica global: os impactos que j\u00e1 afetam milh\u00f5es de pessoas<\/strong> \u00c9 a maior evid\u00eancia de que a humanidade est\u00e1 ultrapassando os limites do planeta.<\/p>\n\n\n\n<p>N\u00e3o se trata de medo, mas de responsabilidade. Cada onda de calor, cada inunda\u00e7\u00e3o e cada inc\u00eandio nos lembram que a natureza responde \u00e0s nossas a\u00e7\u00f5es.<\/p>\n\n\n\n<p>A mudan\u00e7a clim\u00e1tica n\u00e3o \u00e9 uma amea\u00e7a distante, mas um presente que exige a\u00e7\u00e3o imediata.<\/p>\n\n\n\n<p>Conhecimento, inova\u00e7\u00e3o e empatia s\u00e3o nossas melhores ferramentas para enfrent\u00e1-lo. Se o s\u00e9culo XX foi um s\u00e9culo de industrializa\u00e7\u00e3o, o XXI deve ser um s\u00e9culo de restaura\u00e7\u00e3o planet\u00e1ria.<\/p>\n\n\n\n<p>Leia mais:&nbsp;<a href=\"http:\/\/universofamilia.com\/pt_pt\/inteligencia-artificial-y-politica\/\">Intelig\u00eancia artificial e pol\u00edtica<\/a><\/p>\n\n\n\n<h3 class=\"wp-block-heading\"><strong>Perguntas frequentes<\/strong><\/h3>\n\n\n\n<p><strong>1. Quais s\u00e3o as principais causas da crise clim\u00e1tica global?<\/strong><br>Emiss\u00f5es de gases de efeito estufa, principalmente di\u00f3xido de carbono e metano, provenientes do uso de combust\u00edveis f\u00f3sseis, desmatamento e agricultura intensiva.<\/p>\n\n\n\n<p><strong>2. Quais regi\u00f5es do mundo s\u00e3o mais vulner\u00e1veis?<\/strong><br>\u00c1frica, Am\u00e9rica Latina e Sudeste Asi\u00e1tico enfrentam os maiores riscos devido \u00e0 alta depend\u00eancia da agricultura e \u00e0 infraestrutura limitada de adapta\u00e7\u00e3o.<\/p>\n\n\n\n<p><strong>3. O que uma pessoa comum pode fazer?<\/strong><br>Economize energia, reduza o consumo de pl\u00e1stico, recicle, apoie pol\u00edticas verdes e eduque outras pessoas sobre o impacto clim\u00e1tico.<\/p>\n\n\n\n<p>A\u00e7\u00f5es individuais, multiplicadas por milh\u00f5es, geram mudan\u00e7as.<\/p>\n\n\n\n<p><strong>4. O que acontecer\u00e1 se medidas urgentes n\u00e3o forem tomadas?<\/strong><br>As temperaturas podem subir at\u00e9 2,8\u00b0C at\u00e9 2100, provocando colapso dos ecossistemas, escassez de alimentos, migra\u00e7\u00e3o em massa e impactos econ\u00f4micos graves.<\/p>\n\n\n\n<p><strong>5. Existe esperan\u00e7a real de mudan\u00e7a?<\/strong><br>Sim. Todo <a href=\"http:\/\/universofamilia.com\/pt_pt\/los-paises-mas-avanzados-en-regulacion-de-ia-en-2025\/\">inova\u00e7\u00e3o<\/a> <a href=\"http:\/\/universofamilia.com\/pt_pt\/inteligencia-artificial-y-politica\/\">tecnol\u00f3gica<\/a>, toda pol\u00edtica clim\u00e1tica eficaz e toda decis\u00e3o consciente contam.<\/p>\n\n\n\n<p>As mudan\u00e7as clim\u00e1ticas s\u00e3o um desafio, mas tamb\u00e9m uma oportunidade para redefinir a rela\u00e7\u00e3o entre a humanidade e o planeta.<\/p>","protected":false},"excerpt":{"rendered":"<p>La crise clim\u00e1tica global: los impactos que ya afectan a millones se ha convertido en uno de los desaf\u00edos m\u00e1s urgentes del siglo XXI. Sequ\u00edas prolongadas, olas de calor extremo, incendios forestales, deshielos acelerados y migraciones masivas son apenas algunas de sus consecuencias visibles.Sumario: \u00bfQu\u00e9 significa realmente la Crisi clim\u00e1tica global? La Crisis clim\u00e1tica global: [&hellip;]<\/p>","protected":false},"author":219,"featured_media":10069,"comment_status":"closed","ping_status":"open","sticky":false,"template":"","format":"standard","meta":{"footnotes":""},"categories":[4],"tags":[],"yoast_head":"<!-- This site is optimized with the Yoast SEO plugin v23.3 - https:\/\/yoast.com\/wordpress\/plugins\/seo\/ -->\n<title>Crisis clim\u00e1tica global: los impactos que ya est\u00e1n afectando a millones - Universo Fam\u00edlia<\/title>\n<meta name=\"description\" content=\"La crise clim\u00e1tica global: los impactos que ya afectan a millones se ha convertido en uno de los desaf\u00edos m\u00e1s urgentes del siglo XXI.\" \/>\n<meta name=\"robots\" content=\"index, follow, max-snippet:-1, max-image-preview:large, max-video-preview:-1\" \/>\n<link rel=\"canonical\" href=\"http:\/\/universofamilia.com\/pt_pt\/crisis-climatica-global\/\" \/>\n<meta property=\"og:locale\" content=\"pt_PT\" \/>\n<meta property=\"og:type\" content=\"article\" \/>\n<meta property=\"og:title\" content=\"Crisis clim\u00e1tica global: los impactos que ya est\u00e1n afectando a millones - Universo Fam\u00edlia\" \/>\n<meta property=\"og:description\" content=\"La crise clim\u00e1tica global: los impactos que ya afectan a millones se ha convertido en uno de los desaf\u00edos m\u00e1s urgentes del siglo XXI.\" \/>\n<meta property=\"og:url\" content=\"http:\/\/universofamilia.com\/pt_pt\/crisis-climatica-global\/\" \/>\n<meta property=\"og:site_name\" content=\"Universo Fam\u00edlia\" \/>\n<meta property=\"article:published_time\" content=\"2025-10-13T15:28:29+00:00\" \/>\n<meta property=\"article:modified_time\" content=\"2025-10-13T21:26:17+00:00\" \/>\n<meta property=\"og:image\" content=\"http:\/\/universofamilia.com\/wp-content\/uploads\/sites\/148\/2025\/10\/Destaque-Novo-Universo.jpg\" \/>\n\t<meta property=\"og:image:width\" content=\"450\" \/>\n\t<meta property=\"og:image:height\" content=\"250\" \/>\n\t<meta property=\"og:image:type\" content=\"image\/jpeg\" \/>\n<meta name=\"author\" content=\"Matheus Sangaletti\" \/>\n<meta name=\"twitter:card\" content=\"summary_large_image\" \/>\n<meta name=\"twitter:label1\" content=\"Written by\" \/>\n\t<meta name=\"twitter:data1\" content=\"Matheus Sangaletti\" \/>\n\t<meta name=\"twitter:label2\" content=\"Est. reading time\" \/>\n\t<meta name=\"twitter:data2\" content=\"8 minutos\" \/>\n<script type=\"application\/ld+json\" class=\"yoast-schema-graph\">{\"@context\":\"https:\/\/schema.org\",\"@graph\":[{\"@type\":\"WebPage\",\"@id\":\"http:\/\/universofamilia.com\/crisis-climatica-global\/\",\"url\":\"http:\/\/universofamilia.com\/crisis-climatica-global\/\",\"name\":\"Crisis clim\u00e1tica global: los impactos que ya est\u00e1n afectando a millones - Universo Fam\u00edlia\",\"isPartOf\":{\"@id\":\"https:\/\/universofamilia.com\/el\/#website\"},\"primaryImageOfPage\":{\"@id\":\"http:\/\/universofamilia.com\/crisis-climatica-global\/#primaryimage\"},\"image\":{\"@id\":\"http:\/\/universofamilia.com\/crisis-climatica-global\/#primaryimage\"},\"thumbnailUrl\":\"http:\/\/universofamilia.com\/wp-content\/uploads\/sites\/148\/2025\/10\/Destaque-Novo-Universo.jpg\",\"datePublished\":\"2025-10-13T15:28:29+00:00\",\"dateModified\":\"2025-10-13T21:26:17+00:00\",\"author\":{\"@id\":\"https:\/\/universofamilia.com\/el\/#\/schema\/person\/92fcd07e9b1f4323bf74f3170fc0f78a\"},\"description\":\"La crise clim\u00e1tica global: los impactos que ya afectan a millones se ha convertido en uno de los desaf\u00edos m\u00e1s urgentes del siglo XXI.\",\"breadcrumb\":{\"@id\":\"http:\/\/universofamilia.com\/crisis-climatica-global\/#breadcrumb\"},\"inLanguage\":\"pt-PT\",\"potentialAction\":[{\"@type\":\"ReadAction\",\"target\":[\"http:\/\/universofamilia.com\/crisis-climatica-global\/\"]}]},{\"@type\":\"ImageObject\",\"inLanguage\":\"pt-PT\",\"@id\":\"http:\/\/universofamilia.com\/crisis-climatica-global\/#primaryimage\",\"url\":\"http:\/\/universofamilia.com\/wp-content\/uploads\/sites\/148\/2025\/10\/Destaque-Novo-Universo.jpg\",\"contentUrl\":\"http:\/\/universofamilia.com\/wp-content\/uploads\/sites\/148\/2025\/10\/Destaque-Novo-Universo.jpg\",\"width\":450,\"height\":250},{\"@type\":\"BreadcrumbList\",\"@id\":\"http:\/\/universofamilia.com\/crisis-climatica-global\/#breadcrumb\",\"itemListElement\":[{\"@type\":\"ListItem\",\"position\":1,\"name\":\"Home\",\"item\":\"https:\/\/universofamilia.com\/el\/\"},{\"@type\":\"ListItem\",\"position\":2,\"name\":\"Crisis clim\u00e1tica global: los impactos que ya est\u00e1n afectando a millones\"}]},{\"@type\":\"WebSite\",\"@id\":\"https:\/\/universofamilia.com\/el\/#website\",\"url\":\"https:\/\/universofamilia.com\/el\/\",\"name\":\"Universo Fam\u00edlia\",\"description\":\"\",\"potentialAction\":[{\"@type\":\"SearchAction\",\"target\":{\"@type\":\"EntryPoint\",\"urlTemplate\":\"https:\/\/universofamilia.com\/el\/?s={search_term_string}\"},\"query-input\":\"required name=search_term_string\"}],\"inLanguage\":\"pt-PT\"},{\"@type\":\"Person\",\"@id\":\"https:\/\/universofamilia.com\/el\/#\/schema\/person\/92fcd07e9b1f4323bf74f3170fc0f78a\",\"name\":\"Matheus Sangaletti\",\"image\":{\"@type\":\"ImageObject\",\"inLanguage\":\"pt-PT\",\"@id\":\"https:\/\/universofamilia.com\/el\/#\/schema\/person\/image\/\",\"url\":\"http:\/\/2.gravatar.com\/avatar\/280ea957a14a48e6a1ad2133d2cc27c9?s=96&d=mm&r=g\",\"contentUrl\":\"http:\/\/2.gravatar.com\/avatar\/280ea957a14a48e6a1ad2133d2cc27c9?s=96&d=mm&r=g\",\"caption\":\"Matheus Sangaletti\"},\"url\":\"http:\/\/universofamilia.com\/pt_pt\/author\/matheuss\/\"}]}<\/script>\n<!-- \/ Yoast SEO plugin. -->","yoast_head_json":{"title":"Crisis clim\u00e1tica global: los impactos que ya est\u00e1n afectando a millones - Universo Fam\u00edlia","description":"La crise clim\u00e1tica global: los impactos que ya afectan a millones se ha convertido en uno de los desaf\u00edos m\u00e1s urgentes del siglo XXI.","robots":{"index":"index","follow":"follow","max-snippet":"max-snippet:-1","max-image-preview":"max-image-preview:large","max-video-preview":"max-video-preview:-1"},"canonical":"http:\/\/universofamilia.com\/pt_pt\/crisis-climatica-global\/","og_locale":"pt_PT","og_type":"article","og_title":"Crisis clim\u00e1tica global: los impactos que ya est\u00e1n afectando a millones - Universo Fam\u00edlia","og_description":"La crise clim\u00e1tica global: los impactos que ya afectan a millones se ha convertido en uno de los desaf\u00edos m\u00e1s urgentes del siglo XXI.","og_url":"http:\/\/universofamilia.com\/pt_pt\/crisis-climatica-global\/","og_site_name":"Universo Fam\u00edlia","article_published_time":"2025-10-13T15:28:29+00:00","article_modified_time":"2025-10-13T21:26:17+00:00","og_image":[{"width":450,"height":250,"url":"http:\/\/universofamilia.com\/wp-content\/uploads\/sites\/148\/2025\/10\/Destaque-Novo-Universo.jpg","type":"image\/jpeg"}],"author":"Matheus Sangaletti","twitter_card":"summary_large_image","twitter_misc":{"Written by":"Matheus Sangaletti","Est. reading time":"8 minutos"},"schema":{"@context":"https:\/\/schema.org","@graph":[{"@type":"WebPage","@id":"http:\/\/universofamilia.com\/crisis-climatica-global\/","url":"http:\/\/universofamilia.com\/crisis-climatica-global\/","name":"Crisis clim\u00e1tica global: los impactos que ya est\u00e1n afectando a millones - Universo Fam\u00edlia","isPartOf":{"@id":"https:\/\/universofamilia.com\/el\/#website"},"primaryImageOfPage":{"@id":"http:\/\/universofamilia.com\/crisis-climatica-global\/#primaryimage"},"image":{"@id":"http:\/\/universofamilia.com\/crisis-climatica-global\/#primaryimage"},"thumbnailUrl":"http:\/\/universofamilia.com\/wp-content\/uploads\/sites\/148\/2025\/10\/Destaque-Novo-Universo.jpg","datePublished":"2025-10-13T15:28:29+00:00","dateModified":"2025-10-13T21:26:17+00:00","author":{"@id":"https:\/\/universofamilia.com\/el\/#\/schema\/person\/92fcd07e9b1f4323bf74f3170fc0f78a"},"description":"La crise clim\u00e1tica global: los impactos que ya afectan a millones se ha convertido en uno de los desaf\u00edos m\u00e1s urgentes del siglo XXI.","breadcrumb":{"@id":"http:\/\/universofamilia.com\/crisis-climatica-global\/#breadcrumb"},"inLanguage":"pt-PT","potentialAction":[{"@type":"ReadAction","target":["http:\/\/universofamilia.com\/crisis-climatica-global\/"]}]},{"@type":"ImageObject","inLanguage":"pt-PT","@id":"http:\/\/universofamilia.com\/crisis-climatica-global\/#primaryimage","url":"http:\/\/universofamilia.com\/wp-content\/uploads\/sites\/148\/2025\/10\/Destaque-Novo-Universo.jpg","contentUrl":"http:\/\/universofamilia.com\/wp-content\/uploads\/sites\/148\/2025\/10\/Destaque-Novo-Universo.jpg","width":450,"height":250},{"@type":"BreadcrumbList","@id":"http:\/\/universofamilia.com\/crisis-climatica-global\/#breadcrumb","itemListElement":[{"@type":"ListItem","position":1,"name":"Home","item":"https:\/\/universofamilia.com\/el\/"},{"@type":"ListItem","position":2,"name":"Crisis clim\u00e1tica global: los impactos que ya est\u00e1n afectando a millones"}]},{"@type":"WebSite","@id":"https:\/\/universofamilia.com\/el\/#website","url":"https:\/\/universofamilia.com\/el\/","name":"Universo Fam\u00edlia","description":"","potentialAction":[{"@type":"SearchAction","target":{"@type":"EntryPoint","urlTemplate":"https:\/\/universofamilia.com\/el\/?s={search_term_string}"},"query-input":"required name=search_term_string"}],"inLanguage":"pt-PT"},{"@type":"Person","@id":"https:\/\/universofamilia.com\/el\/#\/schema\/person\/92fcd07e9b1f4323bf74f3170fc0f78a","name":"Matheus Sangaletti","image":{"@type":"ImageObject","inLanguage":"pt-PT","@id":"https:\/\/universofamilia.com\/el\/#\/schema\/person\/image\/","url":"http:\/\/2.gravatar.com\/avatar\/280ea957a14a48e6a1ad2133d2cc27c9?s=96&d=mm&r=g","contentUrl":"http:\/\/2.gravatar.com\/avatar\/280ea957a14a48e6a1ad2133d2cc27c9?s=96&d=mm&r=g","caption":"Matheus Sangaletti"},"url":"http:\/\/universofamilia.com\/pt_pt\/author\/matheuss\/"}]}},"_links":{"self":[{"href":"http:\/\/universofamilia.com\/pt_pt\/wp-json\/wp\/v2\/posts\/10068"}],"collection":[{"href":"http:\/\/universofamilia.com\/pt_pt\/wp-json\/wp\/v2\/posts"}],"about":[{"href":"http:\/\/universofamilia.com\/pt_pt\/wp-json\/wp\/v2\/types\/post"}],"author":[{"embeddable":true,"href":"http:\/\/universofamilia.com\/pt_pt\/wp-json\/wp\/v2\/users\/219"}],"replies":[{"embeddable":true,"href":"http:\/\/universofamilia.com\/pt_pt\/wp-json\/wp\/v2\/comments?post=10068"}],"version-history":[{"count":2,"href":"http:\/\/universofamilia.com\/pt_pt\/wp-json\/wp\/v2\/posts\/10068\/revisions"}],"predecessor-version":[{"id":10122,"href":"http:\/\/universofamilia.com\/pt_pt\/wp-json\/wp\/v2\/posts\/10068\/revisions\/10122"}],"wp:featuredmedia":[{"embeddable":true,"href":"http:\/\/universofamilia.com\/pt_pt\/wp-json\/wp\/v2\/media\/10069"}],"wp:attachment":[{"href":"http:\/\/universofamilia.com\/pt_pt\/wp-json\/wp\/v2\/media?parent=10068"}],"wp:term":[{"taxonomy":"category","embeddable":true,"href":"http:\/\/universofamilia.com\/pt_pt\/wp-json\/wp\/v2\/categories?post=10068"},{"taxonomy":"post_tag","embeddable":true,"href":"http:\/\/universofamilia.com\/pt_pt\/wp-json\/wp\/v2\/tags?post=10068"}],"curies":[{"name":"wp","href":"https:\/\/api.w.org\/{rel}","templated":true}]}}