{"id":10165,"date":"2025-10-16T15:39:54","date_gmt":"2025-10-16T18:39:54","guid":{"rendered":"https:\/\/universofamilia.com\/?p=10165"},"modified":"2025-10-16T15:39:57","modified_gmt":"2025-10-16T18:39:57","slug":"elecciones-en-todo-el-mundo-en-2025-tendencias-y-retos","status":"publish","type":"post","link":"http:\/\/universofamilia.com\/pt_pt\/elecciones-en-todo-el-mundo-en-2025-tendencias-y-retos\/","title":{"rendered":"Elei\u00e7\u00f5es ao redor do mundo em 2025: tend\u00eancias e desafios"},"content":{"rendered":"<p class=\"has-text-align-center\">Do primeiro par\u00e1grafo: <strong>Elei\u00e7\u00f5es ao redor do mundo em 2025: tend\u00eancias e desafios<\/strong> N\u00e3o \u00e9 apenas uma manchete: fornece um instant\u00e2neo v\u00edvido de conflitos pol\u00edticos, inova\u00e7\u00f5es democr\u00e1ticas e riscos que definem o curso global.<\/p>\n\n\n\n<figure class=\"wp-block-gallery aligncenter has-nested-images columns-default is-cropped wp-block-gallery-1 is-layout-flex wp-block-gallery-is-layout-flex\">\n<figure class=\"wp-block-image size-full\"><img loading=\"lazy\" decoding=\"async\" width=\"450\" height=\"250\" data-id=\"10167\" src=\"https:\/\/universofamilia.com\/wp-content\/uploads\/sites\/148\/2025\/10\/Destaque-Novo-Universo-9-1.jpg\" alt=\"\" class=\"wp-image-10167\" srcset=\"http:\/\/universofamilia.com\/wp-content\/uploads\/sites\/148\/2025\/10\/Destaque-Novo-Universo-9-1.jpg 450w, http:\/\/universofamilia.com\/wp-content\/uploads\/sites\/148\/2025\/10\/Destaque-Novo-Universo-9-1-300x167.jpg 300w, http:\/\/universofamilia.com\/wp-content\/uploads\/sites\/148\/2025\/10\/Destaque-Novo-Universo-9-1-18x10.jpg 18w\" sizes=\"(max-width: 450px) 100vw, 450px\" \/><figcaption class=\"wp-element-caption\">CANVA<\/figcaption><\/figure>\n<\/figure>\n\n\n\n<p class=\"has-text-align-center\">Aqui est\u00e1 uma an\u00e1lise proposital: voc\u00ea entender\u00e1 as for\u00e7as que moldam as elei\u00e7\u00f5es atuais, os obst\u00e1culos mais urgentes e como os cidad\u00e3os podem fortalecer seus sistemas de representa\u00e7\u00e3o.<\/p>\n\n\n\n<p><strong>Resumo<\/strong><\/p>\n\n\n\n<ul>\n<li>Vis\u00e3o geral: Por que 2025 \u00e9 importante<\/li>\n\n\n\n<li>Tend\u00eancias dominantes nos processos eleitorais<\/li>\n\n\n\n<li>Desafios que amea\u00e7am a legitimidade democr\u00e1tica<\/li>\n\n\n\n<li>Dois casos ilustrativos<\/li>\n\n\n\n<li>Estrat\u00e9gias para proteger elei\u00e7\u00f5es cred\u00edveis<\/li>\n\n\n\n<li>Conclus\u00e3o reflexiva<\/li>\n\n\n\n<li>Perguntas frequentes<\/li>\n<\/ul>\n\n\n\n<h2 class=\"wp-block-heading\">Vis\u00e3o geral: Por que 2025 \u00e9 importante<\/h2>\n\n\n\n<p>Este ano marca um ponto de virada: ap\u00f3s grandes ciclos eleitorais em 2023 e 2024, as expectativas est\u00e3o voltadas para a consolida\u00e7\u00e3o do progresso ou para o agravamento dos retrocessos.<\/p>\n\n\n\n<p>A credibilidade eleitoral sofreu um decl\u00ednio global, de acordo com o \u00cdndice Internacional IDEA, que registra o maior decl\u00ednio hist\u00f3rico em elei\u00e7\u00f5es livres e justas em 2023.<\/p>\n\n\n\n<p>Em quase 20 elei\u00e7\u00f5es nacionais recentes, pelo menos um candidato derrotado rejeitou os resultados.<\/p>\n\n\n\n<p>Quando voc\u00ea fala sobre <strong>Elei\u00e7\u00f5es ao redor do mundo em 2025: tend\u00eancias e desafios<\/strong>Voc\u00ea n\u00e3o exige uma vis\u00e3o otimista, mas sim uma vis\u00e3o clara e cr\u00edtica: voc\u00ea sabe que a confian\u00e7a est\u00e1 corro\u00edda, mas tamb\u00e9m que h\u00e1 espa\u00e7o para a\u00e7\u00e3o.<\/p>\n\n\n\n<h2 class=\"wp-block-heading\">Tend\u00eancias dominantes nos processos eleitorais<\/h2>\n\n\n\n<h3 class=\"wp-block-heading\">Digitaliza\u00e7\u00e3o e novos m\u00e9todos de vota\u00e7\u00e3o<\/h3>\n\n\n\n<p>A ado\u00e7\u00e3o de mecanismos digitais como vota\u00e7\u00e3o remota, plataformas criptografadas e auditorias tecnol\u00f3gicas est\u00e1 se intensificando. <\/p>\n\n\n\n<p>Um estudo recente prop\u00f5e sistemas baseados em <strong>blockchain<\/strong> para aumentar a transpar\u00eancia e reduzir vulnerabilidades.<\/p>\n\n\n\n<p>Essa mudan\u00e7a tecnol\u00f3gica pode ser uma poderosa aliada, embora exija condi\u00e7\u00f5es robustas de seguran\u00e7a e supervis\u00e3o.<\/p>\n\n\n\n<h3 class=\"wp-block-heading\">Decl\u00ednio na participa\u00e7\u00e3o e aumento de questionamentos<\/h3>\n\n\n\n<p>A queda na taxa de participa\u00e7\u00e3o \u00e9 um sintoma vis\u00edvel: o mercado democr\u00e1tico est\u00e1 perdendo compradores.<\/p>\n\n\n\n<p>De 2008 a 2023, a participa\u00e7\u00e3o eleitoral m\u00e9dia global aumentou de 65,2% em % para 55,5% em %.<\/p>\n\n\n\n<p>Essa diferen\u00e7a n\u00e3o \u00e9 apenas estat\u00edstica: envolve milhares de vozes que n\u00e3o se sentem mais representadas.<\/p>\n\n\n\n<p>A credibilidade das elei\u00e7\u00f5es est\u00e1 sob press\u00e3o: o relat\u00f3rio da IDEA indica que, em 2024, um ter\u00e7o dos eleitores votar\u00e1 em pa\u00edses com processos de qualidade inferior aos das elei\u00e7\u00f5es anteriores.<\/p>\n\n\n\n<h3 class=\"wp-block-heading\">Polariza\u00e7\u00e3o, manipula\u00e7\u00e3o digital e fragilidade institucional<\/h3>\n\n\n\n<p>Propaganda direcionada, campanhas automatizadas, deepfakes e astroturfing est\u00e3o \u00e0 espreita.<\/p>\n\n\n\n<p>Na Europa, foram documentados casos em que o uso de algoritmos favoreceu candidatos espec\u00edficos e levou \u00e0 anula\u00e7\u00e3o parcial dos resultados.<\/p>\n\n\n\n<p>Essa converg\u00eancia de tecnologia e disputa pol\u00edtica transforma cada elei\u00e7\u00e3o em um campo de batalha invis\u00edvel.<\/p>\n\n\n\n<p>Nesse cen\u00e1rio, institui\u00e7\u00f5es eleitorais, m\u00eddia independente e auditorias desempenham um papel decisivo.<\/p>\n\n\n\n<h2 class=\"wp-block-heading\">Desafios que amea\u00e7am a legitimidade democr\u00e1tica<\/h2>\n\n\n\n<h3 class=\"wp-block-heading\">Desinforma\u00e7\u00e3o sist\u00eamica<\/h3>\n\n\n\n<p>Com as m\u00eddias sociais como um vetor poderoso, a dissemina\u00e7\u00e3o de not\u00edcias falsas pode distorcer a agenda, polarizar sociedades e enfraquecer a confian\u00e7a institucional.<\/p>\n\n\n\n<p>Este \u00e9 um inimigo silencioso, mas letal.<\/p>\n\n\n\n<h3 class=\"wp-block-heading\">Captura institucional e fraude branda<\/h3>\n\n\n\n<p>Quando o partido no poder manipula regras eleitorais, controla \u00f3rg\u00e3os independentes ou usa recursos estatais para seu pr\u00f3prio benef\u00edcio, o campo de jogo \u00e9 desigual.<\/p>\n\n\n\n<p>No Burundi, por exemplo, as elei\u00e7\u00f5es parlamentares de 2025 resultaram na exclus\u00e3o da oposi\u00e7\u00e3o e na vit\u00f3ria absoluta do partido no poder.<\/p>\n\n\n\n<p>Outro caso not\u00e1vel \u00e9 a Bielorr\u00fassia: o presidente Lukashenko obteve mais de 85% dos votos em uma elei\u00e7\u00e3o amplamente descrita como uma farsa.<\/p>\n\n\n\n<p>\u00c9 uma met\u00e1fora para o sistema eleitoral transformado em cerim\u00f4nia.<\/p>\n\n\n\n<h3 class=\"wp-block-heading\">Lacunas sociais e de acesso<\/h3>\n\n\n\n<p>Desigualdade estrutural, falta de servi\u00e7os, barreiras geogr\u00e1ficas e d\u00e9ficit digital marginalizam segmentos inteiros do eleitorado. Se um cidad\u00e3o n\u00e3o consegue obter informa\u00e7\u00f5es, se registrar ou ir a uma se\u00e7\u00e3o eleitoral, seus direitos pol\u00edticos s\u00e3o sufocados.<\/p>\n\n\n\n<h3 class=\"wp-block-heading\">Viol\u00eancia eleitoral e inseguran\u00e7a<\/h3>\n\n\n\n<p>Em muitos pa\u00edses, candidatos s\u00e3o amea\u00e7ados, se\u00e7\u00f5es eleitorais atacadas e manifestantes reprimidos.<\/p>\n\n\n\n<p>De acordo com a Freedom House, atos de viol\u00eancia, intimida\u00e7\u00e3o ou agress\u00e3o ocorreram em mais de 40 territ\u00f3rios com elei\u00e7\u00f5es nacionais em 2024.<\/p>\n\n\n\n<p>A amea\u00e7a n\u00e3o \u00e9 hipot\u00e9tica: ela tem rosto, impacto e consequ\u00eancias reais para a percep\u00e7\u00e3o de legitimidade.<\/p>\n\n\n\n<h2 class=\"wp-block-heading\">Dois exemplos ilustrativos<\/h2>\n\n\n\n<p><strong>Caso 1: Equador 2025 (Am\u00e9rica Latina)<\/strong><br>As elei\u00e7\u00f5es gerais de fevereiro a abril de 2025 no Equador mostraram uma taxa de participa\u00e7\u00e3o de 82% no %.<\/p>\n\n\n\n<p>Surgem perguntas: o que est\u00e1 impulsionando essa mobiliza\u00e7\u00e3o apesar do desencanto generalizado?<\/p>\n\n\n\n<p>Os fatores mencionados incluem alta polariza\u00e7\u00e3o, presen\u00e7a de candidatos favor\u00e1veis \u00e0 m\u00eddia e consci\u00eancia c\u00edvica ativa. <\/p>\n\n\n\n<p>\u00c9 um exemplo de que, mesmo em contextos tensos, a a\u00e7\u00e3o coletiva pode reverter tend\u00eancias.<\/p>\n\n\n\n<p><strong>Caso 2: Liechtenstein 2025 (Europa)<\/strong><br>Em um contexto muito mais institucionalizado, Liechtenstein realizou elei\u00e7\u00f5es legislativas com uma participa\u00e7\u00e3o de 76,3 %.<\/p>\n\n\n\n<p>O resultado n\u00e3o foi nem espetacular nem dram\u00e1tico, mas reflete que, mesmo em microestados, a qualidade do processo importa: transpar\u00eancia, pluralismo e regras claras sustentam a confian\u00e7a.<\/p>\n\n\n\n<p>Estas amostras contrastam diferentes cen\u00e1rios, um com tens\u00f5es estruturais da democracia e outro com estabilidade institucional, mas ambos confirmam que a <strong>Elei\u00e7\u00f5es ao redor do mundo em 2025: tend\u00eancias e desafios<\/strong> Eles operam em realidades diversas.<\/p>\n\n\n\n<h2 class=\"wp-block-heading\">Estrat\u00e9gias para proteger elei\u00e7\u00f5es cred\u00edveis<\/h2>\n\n\n\n<h3 class=\"wp-block-heading\">Educa\u00e7\u00e3o c\u00edvica digital<\/h3>\n\n\n\n<p>Educar o p\u00fablico sobre educa\u00e7\u00e3o midi\u00e1tica, funcionamento institucional, verifica\u00e7\u00e3o de fontes e canais de den\u00fancia.<\/p>\n\n\n\n<p>Se os cidad\u00e3os souberem como a fraude funciona, eles reagem mais rapidamente.<\/p>\n\n\n\n<h3 class=\"wp-block-heading\">Observa\u00e7\u00e3o inclusiva e auditorias independentes<\/h3>\n\n\n\n<p>Promover miss\u00f5es locais e internacionais, acesso p\u00fablico \u00e0 contagem de votos, auditorias de transpar\u00eancia e participa\u00e7\u00e3o de organiza\u00e7\u00f5es da sociedade civil.<\/p>\n\n\n\n<p>A vigil\u00e2ncia coletiva atua como um controle dissuasor.<\/p>\n\n\n\n<h3 class=\"wp-block-heading\">Regulamenta\u00e7\u00e3o espec\u00edfica sobre campanhas digitais<\/h3>\n\n\n\n<p>Estabele\u00e7a limites para o financiamento da rede, exija transpar\u00eancia algor\u00edtmica, regule o uso de IA em propaganda pol\u00edtica e penalize o uso de bots an\u00f4nimos.<\/p>\n\n\n\n<p>O quadro jur\u00eddico digital deve acompanhar o progresso tecnol\u00f3gico.<\/p>\n\n\n\n<h3 class=\"wp-block-heading\">Facilita\u00e7\u00e3o da vota\u00e7\u00e3o<\/h3>\n\n\n\n<p>Adotar mecanismos de vota\u00e7\u00e3o antecipada, hor\u00e1rios estendidos, centros de vota\u00e7\u00e3o m\u00f3veis, vota\u00e7\u00e3o no exterior e eliminar barreiras arbitr\u00e1rias de registro para que cada cidad\u00e3o possa exercer seu direito.<\/p>\n\n\n\n<h3 class=\"wp-block-heading\">Prote\u00e7\u00e3o institucional robusta<\/h3>\n\n\n\n<p>Garantir que os \u00f3rg\u00e3os eleitorais sejam aut\u00f4nomos, adequadamente financiados e sujeitos \u00e0 supervis\u00e3o civil. Se forem capturados, todo o processo fracassa.<\/p>\n\n\n\n<figure class=\"wp-block-gallery aligncenter has-nested-images columns-default is-cropped wp-block-gallery-2 is-layout-flex wp-block-gallery-is-layout-flex\">\n<figure class=\"wp-block-image size-full\"><img loading=\"lazy\" decoding=\"async\" width=\"450\" height=\"250\" data-id=\"10168\" src=\"https:\/\/universofamilia.com\/wp-content\/uploads\/sites\/148\/2025\/10\/Destaque-Novo-Universo-10.jpg\" alt=\"\" class=\"wp-image-10168\" srcset=\"http:\/\/universofamilia.com\/wp-content\/uploads\/sites\/148\/2025\/10\/Destaque-Novo-Universo-10.jpg 450w, http:\/\/universofamilia.com\/wp-content\/uploads\/sites\/148\/2025\/10\/Destaque-Novo-Universo-10-300x167.jpg 300w, http:\/\/universofamilia.com\/wp-content\/uploads\/sites\/148\/2025\/10\/Destaque-Novo-Universo-10-18x10.jpg 18w\" sizes=\"(max-width: 450px) 100vw, 450px\" \/><figcaption class=\"wp-element-caption\">CANVA<\/figcaption><\/figure>\n<\/figure>\n\n\n\n<p>Leia mais:\u00a0<a href=\"http:\/\/universofamilia.com\/pt_pt\/crisis-climatica-global\/\">Crise clim\u00e1tica global: os impactos que j\u00e1 afetam milh\u00f5es<\/a><\/p>\n\n\n\n<h2 class=\"wp-block-heading\">Conclus\u00e3o reflexiva<\/h2>\n\n\n\n<p>Quando voc\u00ea considera <strong>Elei\u00e7\u00f5es ao redor do mundo em 2025: tend\u00eancias e desafios<\/strong>, voc\u00ea n\u00e3o est\u00e1 diante de um exerc\u00edcio acad\u00eamico: voc\u00ea est\u00e1 diante da responsabilidade coletiva de defender espa\u00e7os de escolha genu\u00edna.<\/p>\n\n\n\n<p>N\u00e3o basta simplesmente ir a uma se\u00e7\u00e3o eleitoral; \u00e9 essencial exigir integridade, vigil\u00e2ncia e justi\u00e7a.<\/p>\n\n\n\n<p>As elei\u00e7\u00f5es devem continuar sendo um momento em que a voz do cidad\u00e3o decide, n\u00e3o a simula.<\/p>\n\n\n\n<p>Se voc\u00ea permitir que o poder se acostume a manipular sem consequ\u00eancias, n\u00e3o haver\u00e1 como voltar atr\u00e1s.<\/p>\n\n\n\n<p>No entanto, cada reforma, cada observador que exige transpar\u00eancia e cada vizinho que denuncia irregularidades constr\u00f3i uma barreira contra o autoritarismo.<\/p>\n\n\n\n<p>E voc\u00ea? Permitir\u00e1 que o processo se desenrole sem resist\u00eancia ou tamb\u00e9m se tornar\u00e1 um guardi\u00e3o ativo do voto leg\u00edtimo?<\/p>\n\n\n\n<p>Leia mais:\u00a0<a href=\"http:\/\/universofamilia.com\/pt_pt\/ambiental\/\">10 a\u00e7\u00f5es sustent\u00e1veis para reduzir a crise ambiental<\/a><\/p>\n\n\n\n<h2 class=\"wp-block-heading\">Perguntas frequentes<\/h2>\n\n\n\n<p><strong>Por que a participa\u00e7\u00e3o dos cidad\u00e3os \u00e9 t\u00e3o baixa hoje?<\/strong><br>Porque muitas pessoas n\u00e3o confiam em partidos pol\u00edticos, sentem que sua voz n\u00e3o importa, n\u00e3o t\u00eam informa\u00e7\u00f5es confi\u00e1veis ou enfrentam obst\u00e1culos pr\u00e1ticos para votar.<\/p>\n\n\n\n<p><strong>O uso da tecnologia eleitoral garante a integridade?<\/strong><br>N\u00e3o necessariamente. Se n\u00e3o for acompanhado de auditorias rigorosas, transpar\u00eancia total e padr\u00f5es claros, pode criar mais vulnerabilidades do que solu\u00e7\u00f5es.<\/p>\n\n\n\n<p><strong>Em quais pa\u00edses est\u00e3o sendo observados retrocessos democr\u00e1ticos alarmantes?<\/strong><br>Em v\u00e1rios estados com poder forte, como Bielorr\u00fassia, Burundi e outros, onde a oposi\u00e7\u00e3o \u00e9 sistematicamente exclu\u00edda ou reprimida.<\/p>\n\n\n\n<p><strong>Como os cidad\u00e3os podem participar da defesa de elei\u00e7\u00f5es justas?<\/strong><br>Denunciar irregularidades, apoiar observat\u00f3rios, exigir acesso a dados eleitorais, participar de debates p\u00fablicos e pedir reformas legais.<\/p>","protected":false},"excerpt":{"rendered":"<p>Desde el primer p\u00e1rrafo: Elecciones en todo el mundo en 2025: tendencias y retos no es solo un titular: implica una radiograf\u00eda viva de conflictos pol\u00edticos, innovaciones democr\u00e1ticas y riesgos que definen el rumbo global. Aqu\u00ed tienes un an\u00e1lisis con prop\u00f3sito: comprender\u00e1s qu\u00e9 fuerzas moldean los comicios actuales, cu\u00e1les son sus obst\u00e1culos m\u00e1s urgentes y [&hellip;]<\/p>","protected":false},"author":219,"featured_media":10166,"comment_status":"closed","ping_status":"open","sticky":false,"template":"","format":"standard","meta":{"footnotes":""},"categories":[4],"tags":[],"yoast_head":"<!-- This site is optimized with the Yoast SEO plugin v23.3 - https:\/\/yoast.com\/wordpress\/plugins\/seo\/ -->\n<title>Elecciones en todo el mundo en 2025: tendencias y retos - Universo Fam\u00edlia<\/title>\n<meta name=\"description\" content=\"Desde el primer p\u00e1rrafo: Elecciones en todo el mundo en 2025: tendencias y retos no es solo un titular: implica una radiograf\u00eda viva de...\" \/>\n<meta name=\"robots\" content=\"index, follow, max-snippet:-1, max-image-preview:large, max-video-preview:-1\" \/>\n<link rel=\"canonical\" href=\"http:\/\/universofamilia.com\/pt_pt\/elecciones-en-todo-el-mundo-en-2025-tendencias-y-retos\/\" \/>\n<meta property=\"og:locale\" content=\"pt_PT\" \/>\n<meta property=\"og:type\" content=\"article\" \/>\n<meta property=\"og:title\" content=\"Elecciones en todo el mundo en 2025: tendencias y retos - Universo Fam\u00edlia\" \/>\n<meta property=\"og:description\" content=\"Desde el primer p\u00e1rrafo: Elecciones en todo el mundo en 2025: tendencias y retos no es solo un titular: implica una radiograf\u00eda viva de...\" \/>\n<meta property=\"og:url\" content=\"http:\/\/universofamilia.com\/pt_pt\/elecciones-en-todo-el-mundo-en-2025-tendencias-y-retos\/\" \/>\n<meta property=\"og:site_name\" content=\"Universo Fam\u00edlia\" \/>\n<meta property=\"article:published_time\" content=\"2025-10-16T18:39:54+00:00\" \/>\n<meta property=\"article:modified_time\" content=\"2025-10-16T18:39:57+00:00\" \/>\n<meta property=\"og:image\" content=\"http:\/\/universofamilia.com\/wp-content\/uploads\/sites\/148\/2025\/10\/Destaque-Novo-Universo-9.jpg\" \/>\n\t<meta property=\"og:image:width\" content=\"450\" \/>\n\t<meta property=\"og:image:height\" content=\"250\" \/>\n\t<meta property=\"og:image:type\" content=\"image\/jpeg\" \/>\n<meta name=\"author\" content=\"Matheus Sangaletti\" \/>\n<meta name=\"twitter:card\" content=\"summary_large_image\" \/>\n<meta name=\"twitter:label1\" content=\"Written by\" \/>\n\t<meta name=\"twitter:data1\" content=\"Matheus Sangaletti\" \/>\n\t<meta name=\"twitter:label2\" content=\"Est. reading time\" \/>\n\t<meta name=\"twitter:data2\" content=\"8 minutos\" \/>\n<script type=\"application\/ld+json\" class=\"yoast-schema-graph\">{\"@context\":\"https:\/\/schema.org\",\"@graph\":[{\"@type\":\"WebPage\",\"@id\":\"http:\/\/universofamilia.com\/zh_hk\/elecciones-en-todo-el-mundo-en-2025-tendencias-y-retos\/\",\"url\":\"http:\/\/universofamilia.com\/zh_hk\/elecciones-en-todo-el-mundo-en-2025-tendencias-y-retos\/\",\"name\":\"Elecciones en todo el mundo en 2025: tendencias y retos - Universo Fam\u00edlia\",\"isPartOf\":{\"@id\":\"https:\/\/universofamilia.com\/el\/#website\"},\"primaryImageOfPage\":{\"@id\":\"http:\/\/universofamilia.com\/zh_hk\/elecciones-en-todo-el-mundo-en-2025-tendencias-y-retos\/#primaryimage\"},\"image\":{\"@id\":\"http:\/\/universofamilia.com\/zh_hk\/elecciones-en-todo-el-mundo-en-2025-tendencias-y-retos\/#primaryimage\"},\"thumbnailUrl\":\"http:\/\/universofamilia.com\/wp-content\/uploads\/sites\/148\/2025\/10\/Destaque-Novo-Universo-9.jpg\",\"datePublished\":\"2025-10-16T18:39:54+00:00\",\"dateModified\":\"2025-10-16T18:39:57+00:00\",\"author\":{\"@id\":\"https:\/\/universofamilia.com\/el\/#\/schema\/person\/92fcd07e9b1f4323bf74f3170fc0f78a\"},\"description\":\"Desde el primer p\u00e1rrafo: Elecciones en todo el mundo en 2025: tendencias y retos no es solo un titular: implica una radiograf\u00eda viva de...\",\"breadcrumb\":{\"@id\":\"http:\/\/universofamilia.com\/zh_hk\/elecciones-en-todo-el-mundo-en-2025-tendencias-y-retos\/#breadcrumb\"},\"inLanguage\":\"pt-PT\",\"potentialAction\":[{\"@type\":\"ReadAction\",\"target\":[\"http:\/\/universofamilia.com\/zh_hk\/elecciones-en-todo-el-mundo-en-2025-tendencias-y-retos\/\"]}]},{\"@type\":\"ImageObject\",\"inLanguage\":\"pt-PT\",\"@id\":\"http:\/\/universofamilia.com\/zh_hk\/elecciones-en-todo-el-mundo-en-2025-tendencias-y-retos\/#primaryimage\",\"url\":\"http:\/\/universofamilia.com\/wp-content\/uploads\/sites\/148\/2025\/10\/Destaque-Novo-Universo-9.jpg\",\"contentUrl\":\"http:\/\/universofamilia.com\/wp-content\/uploads\/sites\/148\/2025\/10\/Destaque-Novo-Universo-9.jpg\",\"width\":450,\"height\":250},{\"@type\":\"BreadcrumbList\",\"@id\":\"http:\/\/universofamilia.com\/zh_hk\/elecciones-en-todo-el-mundo-en-2025-tendencias-y-retos\/#breadcrumb\",\"itemListElement\":[{\"@type\":\"ListItem\",\"position\":1,\"name\":\"Home\",\"item\":\"https:\/\/universofamilia.com\/el\/\"},{\"@type\":\"ListItem\",\"position\":2,\"name\":\"Elecciones en todo el mundo en 2025: tendencias y retos\"}]},{\"@type\":\"WebSite\",\"@id\":\"https:\/\/universofamilia.com\/el\/#website\",\"url\":\"https:\/\/universofamilia.com\/el\/\",\"name\":\"Universo Fam\u00edlia\",\"description\":\"\",\"potentialAction\":[{\"@type\":\"SearchAction\",\"target\":{\"@type\":\"EntryPoint\",\"urlTemplate\":\"https:\/\/universofamilia.com\/el\/?s={search_term_string}\"},\"query-input\":\"required name=search_term_string\"}],\"inLanguage\":\"pt-PT\"},{\"@type\":\"Person\",\"@id\":\"https:\/\/universofamilia.com\/el\/#\/schema\/person\/92fcd07e9b1f4323bf74f3170fc0f78a\",\"name\":\"Matheus Sangaletti\",\"image\":{\"@type\":\"ImageObject\",\"inLanguage\":\"pt-PT\",\"@id\":\"https:\/\/universofamilia.com\/el\/#\/schema\/person\/image\/\",\"url\":\"http:\/\/2.gravatar.com\/avatar\/280ea957a14a48e6a1ad2133d2cc27c9?s=96&d=mm&r=g\",\"contentUrl\":\"http:\/\/2.gravatar.com\/avatar\/280ea957a14a48e6a1ad2133d2cc27c9?s=96&d=mm&r=g\",\"caption\":\"Matheus Sangaletti\"},\"url\":\"http:\/\/universofamilia.com\/pt_pt\/author\/matheuss\/\"}]}<\/script>\n<!-- \/ Yoast SEO plugin. -->","yoast_head_json":{"title":"Elecciones en todo el mundo en 2025: tendencias y retos - Universo Fam\u00edlia","description":"Desde el primer p\u00e1rrafo: Elecciones en todo el mundo en 2025: tendencias y retos no es solo un titular: implica una radiograf\u00eda viva de...","robots":{"index":"index","follow":"follow","max-snippet":"max-snippet:-1","max-image-preview":"max-image-preview:large","max-video-preview":"max-video-preview:-1"},"canonical":"http:\/\/universofamilia.com\/pt_pt\/elecciones-en-todo-el-mundo-en-2025-tendencias-y-retos\/","og_locale":"pt_PT","og_type":"article","og_title":"Elecciones en todo el mundo en 2025: tendencias y retos - Universo Fam\u00edlia","og_description":"Desde el primer p\u00e1rrafo: Elecciones en todo el mundo en 2025: tendencias y retos no es solo un titular: implica una radiograf\u00eda viva de...","og_url":"http:\/\/universofamilia.com\/pt_pt\/elecciones-en-todo-el-mundo-en-2025-tendencias-y-retos\/","og_site_name":"Universo Fam\u00edlia","article_published_time":"2025-10-16T18:39:54+00:00","article_modified_time":"2025-10-16T18:39:57+00:00","og_image":[{"width":450,"height":250,"url":"http:\/\/universofamilia.com\/wp-content\/uploads\/sites\/148\/2025\/10\/Destaque-Novo-Universo-9.jpg","type":"image\/jpeg"}],"author":"Matheus Sangaletti","twitter_card":"summary_large_image","twitter_misc":{"Written by":"Matheus Sangaletti","Est. reading time":"8 minutos"},"schema":{"@context":"https:\/\/schema.org","@graph":[{"@type":"WebPage","@id":"http:\/\/universofamilia.com\/zh_hk\/elecciones-en-todo-el-mundo-en-2025-tendencias-y-retos\/","url":"http:\/\/universofamilia.com\/zh_hk\/elecciones-en-todo-el-mundo-en-2025-tendencias-y-retos\/","name":"Elecciones en todo el mundo en 2025: tendencias y retos - Universo Fam\u00edlia","isPartOf":{"@id":"https:\/\/universofamilia.com\/el\/#website"},"primaryImageOfPage":{"@id":"http:\/\/universofamilia.com\/zh_hk\/elecciones-en-todo-el-mundo-en-2025-tendencias-y-retos\/#primaryimage"},"image":{"@id":"http:\/\/universofamilia.com\/zh_hk\/elecciones-en-todo-el-mundo-en-2025-tendencias-y-retos\/#primaryimage"},"thumbnailUrl":"http:\/\/universofamilia.com\/wp-content\/uploads\/sites\/148\/2025\/10\/Destaque-Novo-Universo-9.jpg","datePublished":"2025-10-16T18:39:54+00:00","dateModified":"2025-10-16T18:39:57+00:00","author":{"@id":"https:\/\/universofamilia.com\/el\/#\/schema\/person\/92fcd07e9b1f4323bf74f3170fc0f78a"},"description":"Desde el primer p\u00e1rrafo: Elecciones en todo el mundo en 2025: tendencias y retos no es solo un titular: implica una radiograf\u00eda viva de...","breadcrumb":{"@id":"http:\/\/universofamilia.com\/zh_hk\/elecciones-en-todo-el-mundo-en-2025-tendencias-y-retos\/#breadcrumb"},"inLanguage":"pt-PT","potentialAction":[{"@type":"ReadAction","target":["http:\/\/universofamilia.com\/zh_hk\/elecciones-en-todo-el-mundo-en-2025-tendencias-y-retos\/"]}]},{"@type":"ImageObject","inLanguage":"pt-PT","@id":"http:\/\/universofamilia.com\/zh_hk\/elecciones-en-todo-el-mundo-en-2025-tendencias-y-retos\/#primaryimage","url":"http:\/\/universofamilia.com\/wp-content\/uploads\/sites\/148\/2025\/10\/Destaque-Novo-Universo-9.jpg","contentUrl":"http:\/\/universofamilia.com\/wp-content\/uploads\/sites\/148\/2025\/10\/Destaque-Novo-Universo-9.jpg","width":450,"height":250},{"@type":"BreadcrumbList","@id":"http:\/\/universofamilia.com\/zh_hk\/elecciones-en-todo-el-mundo-en-2025-tendencias-y-retos\/#breadcrumb","itemListElement":[{"@type":"ListItem","position":1,"name":"Home","item":"https:\/\/universofamilia.com\/el\/"},{"@type":"ListItem","position":2,"name":"Elecciones en todo el mundo en 2025: tendencias y retos"}]},{"@type":"WebSite","@id":"https:\/\/universofamilia.com\/el\/#website","url":"https:\/\/universofamilia.com\/el\/","name":"Universo Fam\u00edlia","description":"","potentialAction":[{"@type":"SearchAction","target":{"@type":"EntryPoint","urlTemplate":"https:\/\/universofamilia.com\/el\/?s={search_term_string}"},"query-input":"required name=search_term_string"}],"inLanguage":"pt-PT"},{"@type":"Person","@id":"https:\/\/universofamilia.com\/el\/#\/schema\/person\/92fcd07e9b1f4323bf74f3170fc0f78a","name":"Matheus Sangaletti","image":{"@type":"ImageObject","inLanguage":"pt-PT","@id":"https:\/\/universofamilia.com\/el\/#\/schema\/person\/image\/","url":"http:\/\/2.gravatar.com\/avatar\/280ea957a14a48e6a1ad2133d2cc27c9?s=96&d=mm&r=g","contentUrl":"http:\/\/2.gravatar.com\/avatar\/280ea957a14a48e6a1ad2133d2cc27c9?s=96&d=mm&r=g","caption":"Matheus Sangaletti"},"url":"http:\/\/universofamilia.com\/pt_pt\/author\/matheuss\/"}]}},"_links":{"self":[{"href":"http:\/\/universofamilia.com\/pt_pt\/wp-json\/wp\/v2\/posts\/10165"}],"collection":[{"href":"http:\/\/universofamilia.com\/pt_pt\/wp-json\/wp\/v2\/posts"}],"about":[{"href":"http:\/\/universofamilia.com\/pt_pt\/wp-json\/wp\/v2\/types\/post"}],"author":[{"embeddable":true,"href":"http:\/\/universofamilia.com\/pt_pt\/wp-json\/wp\/v2\/users\/219"}],"replies":[{"embeddable":true,"href":"http:\/\/universofamilia.com\/pt_pt\/wp-json\/wp\/v2\/comments?post=10165"}],"version-history":[{"count":1,"href":"http:\/\/universofamilia.com\/pt_pt\/wp-json\/wp\/v2\/posts\/10165\/revisions"}],"predecessor-version":[{"id":10169,"href":"http:\/\/universofamilia.com\/pt_pt\/wp-json\/wp\/v2\/posts\/10165\/revisions\/10169"}],"wp:featuredmedia":[{"embeddable":true,"href":"http:\/\/universofamilia.com\/pt_pt\/wp-json\/wp\/v2\/media\/10166"}],"wp:attachment":[{"href":"http:\/\/universofamilia.com\/pt_pt\/wp-json\/wp\/v2\/media?parent=10165"}],"wp:term":[{"taxonomy":"category","embeddable":true,"href":"http:\/\/universofamilia.com\/pt_pt\/wp-json\/wp\/v2\/categories?post=10165"},{"taxonomy":"post_tag","embeddable":true,"href":"http:\/\/universofamilia.com\/pt_pt\/wp-json\/wp\/v2\/tags?post=10165"}],"curies":[{"name":"wp","href":"https:\/\/api.w.org\/{rel}","templated":true}]}}