{"id":10395,"date":"2025-11-21T22:52:32","date_gmt":"2025-11-22T01:52:32","guid":{"rendered":"https:\/\/universofamilia.com\/?p=10395"},"modified":"2025-11-21T22:52:36","modified_gmt":"2025-11-22T01:52:36","slug":"como-resguardar-tu-informacion-personal-en-la-era-digital","status":"publish","type":"post","link":"http:\/\/universofamilia.com\/pt_pt\/como-resguardar-tu-informacion-personal-en-la-era-digital\/","title":{"rendered":"Como proteger suas informa\u00e7\u00f5es pessoais na era digital."},"content":{"rendered":"<p class=\"has-text-align-center\">A frase <strong>\u201c<em>Como proteger suas informa\u00e7\u00f5es pessoais na era digital.<\/em>&quot;<\/strong> Em 2025, isso se tornou uma preocupa\u00e7\u00e3o di\u00e1ria, especialmente devido ao aumento dos vazamentos e ao uso intensivo de dados por aplicativos, plataformas e servi\u00e7os.<\/p>\n\n\n\n<figure class=\"wp-block-gallery has-nested-images columns-default is-cropped wp-block-gallery-1 is-layout-flex wp-block-gallery-is-layout-flex\">\n<figure class=\"wp-block-image size-full\"><img loading=\"lazy\" decoding=\"async\" width=\"450\" height=\"250\" data-id=\"10399\" src=\"https:\/\/universofamilia.com\/wp-content\/uploads\/sites\/148\/2025\/11\/Destaque-Novo-Universo-9.jpg\" alt=\"\" class=\"wp-image-10399\" srcset=\"http:\/\/universofamilia.com\/wp-content\/uploads\/sites\/148\/2025\/11\/Destaque-Novo-Universo-9.jpg 450w, http:\/\/universofamilia.com\/wp-content\/uploads\/sites\/148\/2025\/11\/Destaque-Novo-Universo-9-300x167.jpg 300w, http:\/\/universofamilia.com\/wp-content\/uploads\/sites\/148\/2025\/11\/Destaque-Novo-Universo-9-18x10.jpg 18w\" sizes=\"(max-width: 450px) 100vw, 450px\" \/><figcaption class=\"wp-element-caption\">Canva<\/figcaption><\/figure>\n<\/figure>\n\n\n\n<p class=\"has-text-align-center\">Antes de abordar o tema em detalhes, \u00e9 \u00fatil revisar um breve resumo:<\/p>\n\n\n\n<p class=\"has-text-align-center\">Por que os dados pessoais se tornaram t\u00e3o valiosos, quais pr\u00e1ticas oferecem maior prote\u00e7\u00e3o, estat\u00edsticas oficiais recentes, dois exemplos reais, uma analogia clara, uma tabela com medidas essenciais e respostas r\u00e1pidas para perguntas frequentes.<\/p>\n\n\n\n<p class=\"has-text-align-center\">Voc\u00ea n\u00e3o acha que est\u00e1 na hora de proteger sua vida digital antes que um deslize coloque voc\u00ea em risco?<\/p>\n\n\n\n<h2 class=\"wp-block-heading\"><strong>O novo valor da sua identidade digital.<\/strong><\/h2>\n\n\n\n<p>Com cada vez mais procedimentos, compras e conversas migrando para o ambiente online, a privacidade deixou de ser um detalhe t\u00e9cnico e se tornou uma responsabilidade cotidiana.<\/p>\n\n\n\n<p>A Comiss\u00e3o Federal de Com\u00e9rcio dos EUA (FTC) registrou mais de <strong>1,1 milh\u00e3o de den\u00fancias de roubo de identidade<\/strong>Esse n\u00famero tamb\u00e9m impacta o M\u00e9xico, devido \u00e0 constante troca transfronteiri\u00e7a de plataformas, m\u00e9todos de pagamento e servi\u00e7os.<\/p>\n\n\n\n<p>Dado esse cen\u00e1rio, compreender <strong>Como proteger suas informa\u00e7\u00f5es pessoais na era digital.<\/strong> Torna-se uma habilidade b\u00e1sica para qualquer pessoa conectada.<\/p>\n\n\n\n<p>Proteger dados envolve mais do que apenas ter senhas fortes; inclui decis\u00f5es di\u00e1rias que reduzem sua exposi\u00e7\u00e3o.<\/p>\n\n\n\n<p>Assim como voc\u00ea n\u00e3o deixaria sua casa destrancada ao sair, a seguran\u00e7a digital funciona como instalar uma boa fechadura, escolher quem tem uma c\u00f3pia e verificar se algu\u00e9m tentou entrar sem permiss\u00e3o.<\/p>\n\n\n\n<p>Essa analogia ajuda a entender que a privacidade exige discernimento, consist\u00eancia e aten\u00e7\u00e3o.<\/p>\n\n\n\n<h2 class=\"wp-block-heading\"><strong>Informa\u00e7\u00f5es pessoais como moeda de troca<\/strong><\/h2>\n\n\n\n<p>At\u00e9 2025, a maioria dos servi\u00e7os digitais operar\u00e1 com base em um modelo orientado por dados.<\/p>\n\n\n\n<p>Seus h\u00e1bitos de compra, localiza\u00e7\u00e3o, prefer\u00eancias, ritmo de navega\u00e7\u00e3o e intera\u00e7\u00f5es servem como dados de entrada para personalizar conte\u00fado, aprimorar sistemas de intelig\u00eancia artificial ou definir estrat\u00e9gias de neg\u00f3cios.<\/p>\n\n\n\n<p>N\u00e3o se trata de demonizar essa corretora; muitas plataformas mant\u00eam pol\u00edticas claras e cumprem as regulamenta\u00e7\u00f5es.<\/p>\n\n\n\n<p>O ponto central reside em compreender o que voc\u00ea compartilha, com quem e com que prop\u00f3sito.<\/p>\n\n\n\n<p>\u00c0s vezes, as pessoas aceitam permiss\u00f5es em aplicativos apenas para progredir rapidamente, sem perceber que permitir o acesso a fotos, microfone ou contatos pode abrir portas desnecess\u00e1rias para terceiros.<\/p>\n\n\n\n<h2 class=\"wp-block-heading\"><strong>Melhores pr\u00e1ticas para fortalecer sua privacidade digital<\/strong><\/h2>\n\n\n\n<h3 class=\"wp-block-heading\"><strong>1. Revis\u00f5es peri\u00f3dicas das suas contas<\/strong><\/h3>\n\n\n\n<p>Verificar quais dispositivos est\u00e3o conectados, quais permiss\u00f5es voc\u00ea concedeu e quais informa\u00e7\u00f5es est\u00e3o armazenadas ajuda a detectar acessos incomuns.<\/p>\n\n\n\n<p>Muitos usu\u00e1rios deixam sess\u00f5es ativas em celulares antigos ou dispositivos compartilhados, o que amplifica os riscos sem que eles percebam.<\/p>\n\n\n\n<h3 class=\"wp-block-heading\"><strong>2. Autentica\u00e7\u00e3o multifatorial<\/strong><\/h3>\n\n\n\n<p>A ativa\u00e7\u00e3o de c\u00f3digos tempor\u00e1rios, chaves de seguran\u00e7a ou aplicativos de autentica\u00e7\u00e3o cria uma forte barreira contra o acesso n\u00e3o autorizado.<\/p>\n\n\n\n<p>\u00c9 uma das medidas mais confi\u00e1veis para <strong>Como proteger suas informa\u00e7\u00f5es pessoais na era digital.<\/strong>mesmo sem conhecimento avan\u00e7ado.<\/p>\n\n\n\n<h3 class=\"wp-block-heading\"><strong>3. Gerenciamento inteligente de senhas<\/strong><\/h3>\n\n\n\n<p>Escolher frases longas e f\u00e1ceis de lembrar ou usar gerenciadores de senhas dificulta os ataques de for\u00e7a bruta.<\/p>\n\n\n\n<p>Esque\u00e7a o uso de anivers\u00e1rios ou nomes comuns; isso \u00e9 coisa do passado.<\/p>\n\n\n\n<h3 class=\"wp-block-heading\"><strong>4. Higiene digital cont\u00ednua<\/strong><\/h3>\n\n\n\n<p>Remover aplicativos que voc\u00ea n\u00e3o usa mais, cancelar servi\u00e7os inativos e limpar as informa\u00e7\u00f5es salvas no seu navegador reduz a quantidade de dados dispon\u00edveis.<\/p>\n\n\n\n<p>Quanto menos rastros voc\u00ea deixar, menor ser\u00e1 a exposi\u00e7\u00e3o.<\/p>\n\n\n\n<h3 class=\"wp-block-heading\"><strong>5. C\u00f3pias de seguran\u00e7a<\/strong><\/h3>\n\n\n\n<p>Armazenar documentos importantes em servi\u00e7os confi\u00e1veis com criptografia e autentica\u00e7\u00e3o em duas etapas evita perdas inesperadas.<\/p>\n\n\n\n<p>Depender exclusivamente do armazenamento local \u00e9 arriscado em um mundo onde as falhas de hardware e os ataques de ransomware continuam a aumentar.<\/p>\n\n\n\n<h2 class=\"wp-block-heading\"><strong>Exemplos da vida real que mostram por que a preven\u00e7\u00e3o \u00e9 importante.<\/strong><\/h2>\n\n\n\n<p><strong>Exemplo 1:<\/strong><br>Uma profissional na Cidade do M\u00e9xico detectou cobran\u00e7as banc\u00e1rias estranhas ap\u00f3s se conectar a uma rede Wi-Fi p\u00fablica em um caf\u00e9.<\/p>\n\n\n\n<p>N\u00e3o foi um ataque sofisticado: o cibercriminoso apenas interceptou tr\u00e1fego n\u00e3o criptografado. Seu banco confirmou que a rede insegura foi o ponto de entrada.<\/p>\n\n\n\n<p><strong>Exemplo 2:<\/strong><br>Um empreendedor compartilhou documentos estrat\u00e9gicos por meio de um link aberto na nuvem. Sem que ele soubesse, o link foi indexado por mecanismos de busca.<\/p>\n\n\n\n<p>Semanas depois, informa\u00e7\u00f5es sens\u00edveis circularam nas redes sociais. O problema n\u00e3o foi um ataque hacker, mas uma configura\u00e7\u00e3o incorreta de permiss\u00f5es.<\/p>\n\n\n\n<p>Ambos os casos refor\u00e7am a import\u00e2ncia da aprendizagem. <strong>Como proteger suas informa\u00e7\u00f5es pessoais na era digital.<\/strong> antes de sofrer consequ\u00eancias maiores.<\/p>\n\n\n\n<h2 class=\"wp-block-heading\"><strong>A tecnologia ajuda, mas suas decis\u00f5es s\u00e3o mais importantes.<\/strong><\/h2>\n\n\n\n<p>VPNs confi\u00e1veis, navegadores seguros, sistemas atualizados e extens\u00f5es de privacidade refor\u00e7am sua prote\u00e7\u00e3o.<\/p>\n\n\n\n<p>Ainda assim, a melhor defesa continua sendo o bom senso: evite abrir links suspeitos, negue permiss\u00f5es desnecess\u00e1rias e verifique os endere\u00e7os da web antes de inserir dados.<\/p>\n\n\n\n<p>As plataformas alteram constantemente suas pol\u00edticas; manter-se informado evita que seus dados sejam expostos devido a configura\u00e7\u00f5es padr\u00e3o que voc\u00ea talvez nunca tenha revisado.<\/p>\n\n\n\n<h2 class=\"wp-block-heading\">Tabela chave para fortalecer sua estrat\u00e9gia pessoal<\/h2>\n\n\n\n<figure class=\"wp-block-table\"><table><thead><tr><th>Pr\u00e1tica recomendada<\/th><th>Principal benef\u00edcio<\/th><\/tr><\/thead><tbody><tr><td>Autentica\u00e7\u00e3o multifatorial<\/td><td>Reduz o acesso n\u00e3o autorizado<\/td><\/tr><tr><td>Analisando as permiss\u00f5es do aplicativo<\/td><td>Limitar vazamentos desnecess\u00e1rios<\/td><\/tr><tr><td>Senhas fortes ou gerenciador de senhas<\/td><td>Complica ataques automatizados<\/td><\/tr><tr><td>Conex\u00f5es seguras (Wi-Fi confi\u00e1vel + HTTPS)<\/td><td>Minimiza a espionagem de tr\u00e1fego<\/td><\/tr><tr><td>C\u00f3pias de seguran\u00e7a criptografadas<\/td><td>Impede a perda ou o roubo de dados.<\/td><\/tr><\/tbody><\/table><figcaption class=\"wp-element-caption\">Como proteger suas informa\u00e7\u00f5es pessoais na era digital.<\/figcaption><\/figure>\n\n\n\n<figure class=\"wp-block-gallery has-nested-images columns-default is-cropped wp-block-gallery-2 is-layout-flex wp-block-gallery-is-layout-flex\">\n<figure class=\"wp-block-image size-full\"><img loading=\"lazy\" decoding=\"async\" width=\"450\" height=\"250\" data-id=\"10400\" src=\"https:\/\/universofamilia.com\/wp-content\/uploads\/sites\/148\/2025\/11\/Destaque-Novo-Universo-1-5.jpg\" alt=\"\" class=\"wp-image-10400\" srcset=\"http:\/\/universofamilia.com\/wp-content\/uploads\/sites\/148\/2025\/11\/Destaque-Novo-Universo-1-5.jpg 450w, http:\/\/universofamilia.com\/wp-content\/uploads\/sites\/148\/2025\/11\/Destaque-Novo-Universo-1-5-300x167.jpg 300w, http:\/\/universofamilia.com\/wp-content\/uploads\/sites\/148\/2025\/11\/Destaque-Novo-Universo-1-5-18x10.jpg 18w\" sizes=\"(max-width: 450px) 100vw, 450px\" \/><figcaption class=\"wp-element-caption\">Canva<\/figcaption><\/figure>\n<\/figure>\n\n\n\n<p>Leia mais:<a href=\"http:\/\/universofamilia.com\/pt_pt\/inteligencia-artificial-en-el-dia-a-dia\/\">&nbsp;Intelig\u00eancia Artificial na vida cotidiana<\/a><\/p>\n\n\n\n<h2 class=\"wp-block-heading\"><strong>A import\u00e2ncia da educa\u00e7\u00e3o digital continuada<\/strong><\/h2>\n\n\n\n<p>A alfabetiza\u00e7\u00e3o digital \u00e9 hoje t\u00e3o essencial quanto aprender a dirigir. As amea\u00e7as evoluem, as ferramentas mudam e as regulamenta\u00e7\u00f5es avan\u00e7am.<\/p>\n\n\n\n<p>Seguir fontes confi\u00e1veis, fazer cursos de curta dura\u00e7\u00e3o ou consultar o INAI (Instituto Nacional de Transpar\u00eancia, Acesso \u00e0 Informa\u00e7\u00e3o e Prote\u00e7\u00e3o de Dados Pessoais) fortalece seu discernimento.<\/p>\n\n\n\n<p>Al\u00e9m disso, compartilhar boas pr\u00e1ticas com familiares, especialmente jovens e idosos, reduz a probabilidade de serem v\u00edtimas de golpes, falsifica\u00e7\u00e3o de identidade ou manipula\u00e7\u00e3o emocional.<\/p>\n\n\n\n<h2 class=\"wp-block-heading\"><strong>Conclus\u00e3o: Proteger seus dados \u00e9 proteger sua tranquilidade.<\/strong><\/h2>\n\n\n\n<p>Privacidade n\u00e3o \u00e9 um luxo, \u00e9 um direito. Dedicar alguns minutos por semana para revisar seu ambiente digital pode evitar perdas financeiras, estresse e viola\u00e7\u00f5es de seguran\u00e7a desnecess\u00e1rias.<\/p>\n\n\n\n<p>A combina\u00e7\u00e3o de h\u00e1bitos consistentes, tecnologia confi\u00e1vel e aten\u00e7\u00e3o ativa constitui o caminho mais seguro.<\/p>\n\n\n\n<p>Em um ambiente onde quase tudo acontece atrav\u00e9s do seu celular, computador ou nuvem, proteger suas informa\u00e7\u00f5es permite que voc\u00ea navegue com mais liberdade e menos incerteza.<\/p>\n\n\n\n<p>Leia mais: <a href=\"http:\/\/universofamilia.com\/pt_pt\/privacidad-en-linea\/\">Como proteger seus dados pessoais na era digital.<\/a><\/p>\n\n\n\n<h1 class=\"wp-block-heading\"><strong>Perguntas Frequentes (FAQ)<\/strong><\/h1>\n\n\n\n<p><strong>1. Com que frequ\u00eancia devo alterar minhas senhas?<\/strong><\/p>\n\n\n\n<p>Entre 3 e 6 meses, dependendo do tipo de conta. Para servi\u00e7os banc\u00e1rios e e-mail, intervalos mais curtos funcionam melhor.<\/p>\n\n\n\n<p><strong>2. Uma VPN realmente protege minhas informa\u00e7\u00f5es?<\/strong><\/p>\n\n\n\n<p>Sim, desde que seja uma VPN confi\u00e1vel com regras claras de n\u00e3o registro de dados. \u00c9 especialmente \u00fatil em redes p\u00fablicas.<\/p>\n\n\n\n<p><strong>3. \u00c9 seguro armazenar documentos na nuvem?<\/strong><\/p>\n\n\n\n<p>Sim, desde que o servi\u00e7o implemente uma boa criptografia, autentica\u00e7\u00e3o de dois fatores e permiss\u00f5es privadas configuradas corretamente.<\/p>\n\n\n\n<p><strong>4. O que devo verificar antes de instalar um aplicativo?<\/strong><\/p>\n\n\n\n<p>Permiss\u00f5es solicitadas, reputa\u00e7\u00e3o do desenvolvedor, avalia\u00e7\u00f5es e pol\u00edtica de privacidade. Qualquer permiss\u00e3o que n\u00e3o fa\u00e7a sentido \u00e9 um sinal de alerta.<\/p>\n\n\n\n<p><strong>5. Como posso descobrir se meus dados foram vazados?<\/strong><\/p>\n\n\n\n<p>Ferramentas como &quot;Have I Been Pwned&quot; permitem verificar se seu e-mail apareceu em vazamentos de dados conhecidos, e diversos bancos emitem alertas sobre atividades suspeitas.<\/p>","protected":false},"excerpt":{"rendered":"<p>A frase \u201cComo proteger suas informa\u00e7\u00f5es pessoais na era digital\u201d tornou-se uma preocupa\u00e7\u00e3o di\u00e1ria em 2025, especialmente devido ao aumento de viola\u00e7\u00f5es de dados e ao uso intensivo de dados por aplicativos, plataformas e servi\u00e7os. Antes de nos aprofundarmos no assunto, vale a pena revisar um breve resumo: Por que os dados pessoais [\u2026]<\/p>","protected":false},"author":219,"featured_media":10396,"comment_status":"closed","ping_status":"open","sticky":false,"template":"","format":"standard","meta":{"footnotes":""},"categories":[3],"tags":[],"yoast_head":"<!-- This site is optimized with the Yoast SEO plugin v23.3 - https:\/\/yoast.com\/wordpress\/plugins\/seo\/ -->\n<title>C\u00f3mo resguardar tu informaci\u00f3n personal en la era digital - Universo Fam\u00edlia<\/title>\n<meta name=\"description\" content=\"La frase \u201cC\u00f3mo resguardar tu informaci\u00f3n personal en la era digital\u201d se ha vuelto una preocupaci\u00f3n diaria en 2025, especialmente por el...\" \/>\n<meta name=\"robots\" content=\"index, follow, max-snippet:-1, max-image-preview:large, max-video-preview:-1\" \/>\n<link rel=\"canonical\" href=\"http:\/\/universofamilia.com\/pt_pt\/como-resguardar-tu-informacion-personal-en-la-era-digital\/\" \/>\n<meta property=\"og:locale\" content=\"pt_PT\" \/>\n<meta property=\"og:type\" content=\"article\" \/>\n<meta property=\"og:title\" content=\"C\u00f3mo resguardar tu informaci\u00f3n personal en la era digital - Universo Fam\u00edlia\" \/>\n<meta property=\"og:description\" content=\"La frase \u201cC\u00f3mo resguardar tu informaci\u00f3n personal en la era digital\u201d se ha vuelto una preocupaci\u00f3n diaria en 2025, especialmente por el...\" \/>\n<meta property=\"og:url\" content=\"http:\/\/universofamilia.com\/pt_pt\/como-resguardar-tu-informacion-personal-en-la-era-digital\/\" \/>\n<meta property=\"og:site_name\" content=\"Universo Fam\u00edlia\" \/>\n<meta property=\"article:published_time\" content=\"2025-11-22T01:52:32+00:00\" \/>\n<meta property=\"article:modified_time\" content=\"2025-11-22T01:52:36+00:00\" \/>\n<meta property=\"og:image\" content=\"http:\/\/universofamilia.com\/wp-content\/uploads\/sites\/148\/2025\/11\/Destaque-Novo-Universo-7.jpg\" \/>\n\t<meta property=\"og:image:width\" content=\"450\" \/>\n\t<meta property=\"og:image:height\" content=\"250\" \/>\n\t<meta property=\"og:image:type\" content=\"image\/jpeg\" \/>\n<meta name=\"author\" content=\"Matheus Sangaletti\" \/>\n<meta name=\"twitter:card\" content=\"summary_large_image\" \/>\n<meta name=\"twitter:label1\" content=\"Written by\" \/>\n\t<meta name=\"twitter:data1\" content=\"Matheus Sangaletti\" \/>\n\t<meta name=\"twitter:label2\" content=\"Est. reading time\" \/>\n\t<meta name=\"twitter:data2\" content=\"7 minutos\" \/>\n<script type=\"application\/ld+json\" class=\"yoast-schema-graph\">{\"@context\":\"https:\/\/schema.org\",\"@graph\":[{\"@type\":\"WebPage\",\"@id\":\"http:\/\/universofamilia.com\/ja\/como-resguardar-tu-informacion-personal-en-la-era-digital\/\",\"url\":\"http:\/\/universofamilia.com\/ja\/como-resguardar-tu-informacion-personal-en-la-era-digital\/\",\"name\":\"C\u00f3mo resguardar tu informaci\u00f3n personal en la era digital - Universo Fam\u00edlia\",\"isPartOf\":{\"@id\":\"https:\/\/universofamilia.com\/el\/#website\"},\"primaryImageOfPage\":{\"@id\":\"http:\/\/universofamilia.com\/ja\/como-resguardar-tu-informacion-personal-en-la-era-digital\/#primaryimage\"},\"image\":{\"@id\":\"http:\/\/universofamilia.com\/ja\/como-resguardar-tu-informacion-personal-en-la-era-digital\/#primaryimage\"},\"thumbnailUrl\":\"http:\/\/universofamilia.com\/wp-content\/uploads\/sites\/148\/2025\/11\/Destaque-Novo-Universo-7.jpg\",\"datePublished\":\"2025-11-22T01:52:32+00:00\",\"dateModified\":\"2025-11-22T01:52:36+00:00\",\"author\":{\"@id\":\"https:\/\/universofamilia.com\/el\/#\/schema\/person\/92fcd07e9b1f4323bf74f3170fc0f78a\"},\"description\":\"La frase \u201cC\u00f3mo resguardar tu informaci\u00f3n personal en la era digital\u201d se ha vuelto una preocupaci\u00f3n diaria en 2025, especialmente por el...\",\"breadcrumb\":{\"@id\":\"http:\/\/universofamilia.com\/ja\/como-resguardar-tu-informacion-personal-en-la-era-digital\/#breadcrumb\"},\"inLanguage\":\"pt-PT\",\"potentialAction\":[{\"@type\":\"ReadAction\",\"target\":[\"http:\/\/universofamilia.com\/ja\/como-resguardar-tu-informacion-personal-en-la-era-digital\/\"]}]},{\"@type\":\"ImageObject\",\"inLanguage\":\"pt-PT\",\"@id\":\"http:\/\/universofamilia.com\/ja\/como-resguardar-tu-informacion-personal-en-la-era-digital\/#primaryimage\",\"url\":\"http:\/\/universofamilia.com\/wp-content\/uploads\/sites\/148\/2025\/11\/Destaque-Novo-Universo-7.jpg\",\"contentUrl\":\"http:\/\/universofamilia.com\/wp-content\/uploads\/sites\/148\/2025\/11\/Destaque-Novo-Universo-7.jpg\",\"width\":450,\"height\":250},{\"@type\":\"BreadcrumbList\",\"@id\":\"http:\/\/universofamilia.com\/ja\/como-resguardar-tu-informacion-personal-en-la-era-digital\/#breadcrumb\",\"itemListElement\":[{\"@type\":\"ListItem\",\"position\":1,\"name\":\"Home\",\"item\":\"https:\/\/universofamilia.com\/el\/\"},{\"@type\":\"ListItem\",\"position\":2,\"name\":\"C\u00f3mo resguardar tu informaci\u00f3n personal en la era digital\"}]},{\"@type\":\"WebSite\",\"@id\":\"https:\/\/universofamilia.com\/el\/#website\",\"url\":\"https:\/\/universofamilia.com\/el\/\",\"name\":\"Universo Fam\u00edlia\",\"description\":\"\",\"potentialAction\":[{\"@type\":\"SearchAction\",\"target\":{\"@type\":\"EntryPoint\",\"urlTemplate\":\"https:\/\/universofamilia.com\/el\/?s={search_term_string}\"},\"query-input\":\"required name=search_term_string\"}],\"inLanguage\":\"pt-PT\"},{\"@type\":\"Person\",\"@id\":\"https:\/\/universofamilia.com\/el\/#\/schema\/person\/92fcd07e9b1f4323bf74f3170fc0f78a\",\"name\":\"Matheus Sangaletti\",\"image\":{\"@type\":\"ImageObject\",\"inLanguage\":\"pt-PT\",\"@id\":\"https:\/\/universofamilia.com\/el\/#\/schema\/person\/image\/\",\"url\":\"http:\/\/2.gravatar.com\/avatar\/280ea957a14a48e6a1ad2133d2cc27c9?s=96&d=mm&r=g\",\"contentUrl\":\"http:\/\/2.gravatar.com\/avatar\/280ea957a14a48e6a1ad2133d2cc27c9?s=96&d=mm&r=g\",\"caption\":\"Matheus Sangaletti\"},\"url\":\"http:\/\/universofamilia.com\/pt_pt\/author\/matheuss\/\"}]}<\/script>\n<!-- \/ Yoast SEO plugin. -->","yoast_head_json":{"title":"C\u00f3mo resguardar tu informaci\u00f3n personal en la era digital - Universo Fam\u00edlia","description":"La frase \u201cC\u00f3mo resguardar tu informaci\u00f3n personal en la era digital\u201d se ha vuelto una preocupaci\u00f3n diaria en 2025, especialmente por el...","robots":{"index":"index","follow":"follow","max-snippet":"max-snippet:-1","max-image-preview":"max-image-preview:large","max-video-preview":"max-video-preview:-1"},"canonical":"http:\/\/universofamilia.com\/pt_pt\/como-resguardar-tu-informacion-personal-en-la-era-digital\/","og_locale":"pt_PT","og_type":"article","og_title":"C\u00f3mo resguardar tu informaci\u00f3n personal en la era digital - Universo Fam\u00edlia","og_description":"La frase \u201cC\u00f3mo resguardar tu informaci\u00f3n personal en la era digital\u201d se ha vuelto una preocupaci\u00f3n diaria en 2025, especialmente por el...","og_url":"http:\/\/universofamilia.com\/pt_pt\/como-resguardar-tu-informacion-personal-en-la-era-digital\/","og_site_name":"Universo Fam\u00edlia","article_published_time":"2025-11-22T01:52:32+00:00","article_modified_time":"2025-11-22T01:52:36+00:00","og_image":[{"width":450,"height":250,"url":"http:\/\/universofamilia.com\/wp-content\/uploads\/sites\/148\/2025\/11\/Destaque-Novo-Universo-7.jpg","type":"image\/jpeg"}],"author":"Matheus Sangaletti","twitter_card":"summary_large_image","twitter_misc":{"Written by":"Matheus Sangaletti","Est. reading time":"7 minutos"},"schema":{"@context":"https:\/\/schema.org","@graph":[{"@type":"WebPage","@id":"http:\/\/universofamilia.com\/ja\/como-resguardar-tu-informacion-personal-en-la-era-digital\/","url":"http:\/\/universofamilia.com\/ja\/como-resguardar-tu-informacion-personal-en-la-era-digital\/","name":"C\u00f3mo resguardar tu informaci\u00f3n personal en la era digital - Universo Fam\u00edlia","isPartOf":{"@id":"https:\/\/universofamilia.com\/el\/#website"},"primaryImageOfPage":{"@id":"http:\/\/universofamilia.com\/ja\/como-resguardar-tu-informacion-personal-en-la-era-digital\/#primaryimage"},"image":{"@id":"http:\/\/universofamilia.com\/ja\/como-resguardar-tu-informacion-personal-en-la-era-digital\/#primaryimage"},"thumbnailUrl":"http:\/\/universofamilia.com\/wp-content\/uploads\/sites\/148\/2025\/11\/Destaque-Novo-Universo-7.jpg","datePublished":"2025-11-22T01:52:32+00:00","dateModified":"2025-11-22T01:52:36+00:00","author":{"@id":"https:\/\/universofamilia.com\/el\/#\/schema\/person\/92fcd07e9b1f4323bf74f3170fc0f78a"},"description":"La frase \u201cC\u00f3mo resguardar tu informaci\u00f3n personal en la era digital\u201d se ha vuelto una preocupaci\u00f3n diaria en 2025, especialmente por el...","breadcrumb":{"@id":"http:\/\/universofamilia.com\/ja\/como-resguardar-tu-informacion-personal-en-la-era-digital\/#breadcrumb"},"inLanguage":"pt-PT","potentialAction":[{"@type":"ReadAction","target":["http:\/\/universofamilia.com\/ja\/como-resguardar-tu-informacion-personal-en-la-era-digital\/"]}]},{"@type":"ImageObject","inLanguage":"pt-PT","@id":"http:\/\/universofamilia.com\/ja\/como-resguardar-tu-informacion-personal-en-la-era-digital\/#primaryimage","url":"http:\/\/universofamilia.com\/wp-content\/uploads\/sites\/148\/2025\/11\/Destaque-Novo-Universo-7.jpg","contentUrl":"http:\/\/universofamilia.com\/wp-content\/uploads\/sites\/148\/2025\/11\/Destaque-Novo-Universo-7.jpg","width":450,"height":250},{"@type":"BreadcrumbList","@id":"http:\/\/universofamilia.com\/ja\/como-resguardar-tu-informacion-personal-en-la-era-digital\/#breadcrumb","itemListElement":[{"@type":"ListItem","position":1,"name":"Home","item":"https:\/\/universofamilia.com\/el\/"},{"@type":"ListItem","position":2,"name":"C\u00f3mo resguardar tu informaci\u00f3n personal en la era digital"}]},{"@type":"WebSite","@id":"https:\/\/universofamilia.com\/el\/#website","url":"https:\/\/universofamilia.com\/el\/","name":"Universo Fam\u00edlia","description":"","potentialAction":[{"@type":"SearchAction","target":{"@type":"EntryPoint","urlTemplate":"https:\/\/universofamilia.com\/el\/?s={search_term_string}"},"query-input":"required name=search_term_string"}],"inLanguage":"pt-PT"},{"@type":"Person","@id":"https:\/\/universofamilia.com\/el\/#\/schema\/person\/92fcd07e9b1f4323bf74f3170fc0f78a","name":"Matheus Sangaletti","image":{"@type":"ImageObject","inLanguage":"pt-PT","@id":"https:\/\/universofamilia.com\/el\/#\/schema\/person\/image\/","url":"http:\/\/2.gravatar.com\/avatar\/280ea957a14a48e6a1ad2133d2cc27c9?s=96&d=mm&r=g","contentUrl":"http:\/\/2.gravatar.com\/avatar\/280ea957a14a48e6a1ad2133d2cc27c9?s=96&d=mm&r=g","caption":"Matheus Sangaletti"},"url":"http:\/\/universofamilia.com\/pt_pt\/author\/matheuss\/"}]}},"_links":{"self":[{"href":"http:\/\/universofamilia.com\/pt_pt\/wp-json\/wp\/v2\/posts\/10395"}],"collection":[{"href":"http:\/\/universofamilia.com\/pt_pt\/wp-json\/wp\/v2\/posts"}],"about":[{"href":"http:\/\/universofamilia.com\/pt_pt\/wp-json\/wp\/v2\/types\/post"}],"author":[{"embeddable":true,"href":"http:\/\/universofamilia.com\/pt_pt\/wp-json\/wp\/v2\/users\/219"}],"replies":[{"embeddable":true,"href":"http:\/\/universofamilia.com\/pt_pt\/wp-json\/wp\/v2\/comments?post=10395"}],"version-history":[{"count":1,"href":"http:\/\/universofamilia.com\/pt_pt\/wp-json\/wp\/v2\/posts\/10395\/revisions"}],"predecessor-version":[{"id":10401,"href":"http:\/\/universofamilia.com\/pt_pt\/wp-json\/wp\/v2\/posts\/10395\/revisions\/10401"}],"wp:featuredmedia":[{"embeddable":true,"href":"http:\/\/universofamilia.com\/pt_pt\/wp-json\/wp\/v2\/media\/10396"}],"wp:attachment":[{"href":"http:\/\/universofamilia.com\/pt_pt\/wp-json\/wp\/v2\/media?parent=10395"}],"wp:term":[{"taxonomy":"category","embeddable":true,"href":"http:\/\/universofamilia.com\/pt_pt\/wp-json\/wp\/v2\/categories?post=10395"},{"taxonomy":"post_tag","embeddable":true,"href":"http:\/\/universofamilia.com\/pt_pt\/wp-json\/wp\/v2\/tags?post=10395"}],"curies":[{"name":"wp","href":"https:\/\/api.w.org\/{rel}","templated":true}]}}