{"id":10459,"date":"2025-12-26T11:16:37","date_gmt":"2025-12-26T14:16:37","guid":{"rendered":"https:\/\/universofamilia.com\/?p=10459"},"modified":"2025-12-26T11:16:39","modified_gmt":"2025-12-26T14:16:39","slug":"como-prepararse-para-entrevistas-de-trabajo-virtuales","status":"publish","type":"post","link":"http:\/\/universofamilia.com\/pt_pt\/como-prepararse-para-entrevistas-de-trabajo-virtuales\/","title":{"rendered":"Como se preparar para entrevistas de emprego virtuais"},"content":{"rendered":"<p class=\"has-text-align-center\"><strong>Como se preparar para entrevistas de emprego virtuais<\/strong> Tornar-se-\u00e1 uma compet\u00eancia profissional essencial at\u00e9 2025.<\/p>\n\n\n\n<figure class=\"wp-block-gallery has-nested-images columns-default is-cropped wp-block-gallery-1 is-layout-flex wp-block-gallery-is-layout-flex\">\n<figure class=\"wp-block-image size-full\"><img loading=\"lazy\" decoding=\"async\" width=\"450\" height=\"250\" data-id=\"10461\" src=\"https:\/\/universofamilia.com\/wp-content\/uploads\/sites\/148\/2025\/12\/Destaque-Novo-Universo-16-1.jpg\" alt=\"\" class=\"wp-image-10461\" srcset=\"http:\/\/universofamilia.com\/wp-content\/uploads\/sites\/148\/2025\/12\/Destaque-Novo-Universo-16-1.jpg 450w, http:\/\/universofamilia.com\/wp-content\/uploads\/sites\/148\/2025\/12\/Destaque-Novo-Universo-16-1-300x167.jpg 300w, http:\/\/universofamilia.com\/wp-content\/uploads\/sites\/148\/2025\/12\/Destaque-Novo-Universo-16-1-18x10.jpg 18w\" sizes=\"(max-width: 450px) 100vw, 450px\" \/><figcaption class=\"wp-element-caption\">Como se preparar para entrevistas de emprego virtuais<\/figcaption><\/figure>\n<\/figure>\n\n\n\n<p class=\"has-text-align-center\">O crescimento do trabalho remoto, os processos de recrutamento h\u00edbridos e a digitaliza\u00e7\u00e3o do talento mudaram para sempre a forma como as empresas avaliam os candidatos.<\/p>\n\n\n\n<p>Ter um bom curr\u00edculo j\u00e1 n\u00e3o basta: agora, a forma como voc\u00ea se comunica por meio de uma tela, como voc\u00ea lida com a tecnologia e o qu\u00e3o aut\u00eantico voc\u00ea consegue ser em um ambiente digital tamb\u00e9m importam.<\/p>\n\n\n\n<p>Antes de aprofundar o assunto, vale a pena apresentar um breve resumo para orientar a leitura: por que as entrevistas virtuais se tornaram a norma e quais erros continuam a custar oportunidades.<\/p>\n\n\n\n<p>Como preparar o ambiente e a tecnologia, o que os recrutadores realmente avaliam, uma estat\u00edstica fundamental, dois exemplos reais, uma analogia esclarecedora, uma tabela pr\u00e1tica e respostas claras para perguntas frequentes.<\/p>\n\n\n\n<h2 class=\"wp-block-heading\"><strong>O novo contexto das entrevistas virtuais em 2025<\/strong><\/h2>\n\n\n\n<p>As entrevistas virtuais deixaram de ser uma solu\u00e7\u00e3o tempor\u00e1ria. Plataformas como Zoom, Microsoft Teams e Google Meet se integraram firmemente aos processos de recrutamento, mesmo em empresas tradicionais.<\/p>\n\n\n\n<p>Esse formato permite a redu\u00e7\u00e3o de custos, a amplia\u00e7\u00e3o do alcance global de talentos e uma tomada de decis\u00e3o mais \u00e1gil.<\/p>\n\n\n\n<p>No entanto, a mudan\u00e7a tamb\u00e9m elevou o padr\u00e3o.<\/p>\n\n\n\n<p>Os participantes de uma entrevista online demonstram n\u00e3o apenas conhecimento t\u00e9cnico, mas tamb\u00e9m habilidades digitais, comunica\u00e7\u00e3o clara e adaptabilidade.<\/p>\n\n\n\n<p>Estar preparado deixou de ser opcional; faz toda a diferen\u00e7a entre avan\u00e7ar ou ficar para tr\u00e1s.<\/p>\n\n\n\n<h2 class=\"wp-block-heading\"><strong>O que os recrutadores procuram em uma entrevista virtual hoje em dia<\/strong><\/h2>\n\n\n\n<p>Muitos candidatos acreditam que o recrutador avalia apenas as respostas. Na realidade, a an\u00e1lise vai muito al\u00e9m disso.<\/p>\n\n\n\n<p>Observamos sua maneira de se expressar, sua capacidade de sintetizar informa\u00e7\u00f5es, sua linguagem corporal diante da c\u00e2mera e como lidam com problemas t\u00e9cnicos inesperados.<\/p>\n\n\n\n<p>De acordo com um relat\u00f3rio de <strong>Relat\u00f3rio de Aprendizagem no Local de Trabalho do LinkedIn<\/strong>, mais do que <strong>70% dos recrutadores consideram as habilidades de comunica\u00e7\u00e3o e adaptabilidade digital t\u00e3o importantes quanto a expertise t\u00e9cnica.<\/strong> em processos virtuais.<\/p>\n\n\n\n<p>Esses dados confirmam que a prepara\u00e7\u00e3o deve ser abrangente e n\u00e3o se limitar ao discurso profissional.<\/p>\n\n\n\n<h2 class=\"wp-block-heading\"><strong>Prepara\u00e7\u00e3o t\u00e9cnica: a base que n\u00e3o admite erros.<\/strong><\/h2>\n\n\n\n<p>Embora possa parecer \u00f3bvio, muitos processos s\u00e3o perdidos devido a erros simples. Uma m\u00e1 conex\u00e3o, um microfone com defeito ou um ambiente ruidoso criam uma impress\u00e3o negativa imediata.<\/p>\n\n\n\n<p>\u00c9 recomend\u00e1vel verificar a tecnologia com pelo menos um dia de anteced\u00eancia. Uma c\u00e2mera na altura dos olhos, \u00e1udio n\u00edtido e uma conex\u00e3o est\u00e1vel transmitem profissionalismo.<\/p>\n\n\n\n<p>Al\u00e9m disso, fechar aplicativos desnecess\u00e1rios evita interrup\u00e7\u00f5es inesperadas.<\/p>\n\n\n\n<p>\u00c9 aqui que entra em jogo uma regra pouco mencionada: a simplicidade.<\/p>\n\n\n\n<p>Um fundo neutro e organizado transmite foco. N\u00e3o se trata de impressionar com tecnologia, mas sim de facilitar a conversa.<\/p>\n\n\n\n<h2 class=\"wp-block-heading\"><strong>O meio ambiente: mais importante do que voc\u00ea imagina.<\/strong><\/h2>\n\n\n\n<p>O espa\u00e7o de onde voc\u00ea se conecta tamb\u00e9m comunica algo. Luz natural, uma parede limpa ou um fundo virtual discreto e uma cadeira confort\u00e1vel influenciam seu desempenho.<\/p>\n\n\n\n<p>Uma postura ereta transmite confian\u00e7a e energia, mesmo atrav\u00e9s da tela.<\/p>\n\n\n\n<p>Al\u00e9m disso, avisar os contatos pr\u00f3ximos para evitar interrup\u00e7\u00f5es demonstra previd\u00eancia. Esse detalhe, embora muitas vezes negligenciado, reduz o estresse e melhora o fluxo de comunica\u00e7\u00e3o.<\/p>\n\n\n\n<h2 class=\"wp-block-heading\"><strong>Comunica\u00e7\u00e3o verbal e n\u00e3o verbal na tela<\/strong><\/h2>\n\n\n\n<p>Falar em frente a uma c\u00e2mera exige alguns ajustes. Olhar diretamente para a lente, e n\u00e3o para a pr\u00f3pria imagem, cria uma sensa\u00e7\u00e3o de contato visual.<\/p>\n\n\n\n<p>Modular a voz, fazer pausas e evitar palavras de preenchimento refor\u00e7a a clareza da mensagem.<\/p>\n\n\n\n<p>As express\u00f5es faciais tamb\u00e9m s\u00e3o importantes. Sorrir naturalmente, acenar com a cabe\u00e7a e demonstrar interesse mant\u00eam a conex\u00e3o humana.<\/p>\n\n\n\n<p>Embora o ambiente seja digital, a entrevista ainda \u00e9 uma conversa entre pessoas.<\/p>\n\n\n\n<p>Isso levanta uma quest\u00e3o fundamental para reflex\u00e3o: <strong>Se o recrutador tivesse apenas sua imagem e sua voz, que tipo de hist\u00f3ria profissional ele perceberia?<\/strong><\/p>\n\n\n\n<h2 class=\"wp-block-heading\"><strong>Como estruturar respostas estrategicamente<\/strong><\/h2>\n\n\n\n<p>A improvisa\u00e7\u00e3o raramente funciona. Preparar respostas com exemplos concretos confere credibilidade.<\/p>\n\n\n\n<p>Uma t\u00e9cnica \u00fatil consiste em descrever brevemente a situa\u00e7\u00e3o, explicar a a\u00e7\u00e3o tomada e concluir com o resultado obtido.<\/p>\n\n\n\n<h3 class=\"wp-block-heading\"><strong>Exemplo 1<\/strong><\/h3>\n\n\n\n<p>Uma candidata a uma vaga de marketing digital explicou como adaptou uma campanha presencial para um formato online durante uma crise, destacando m\u00e9tricas reais de convers\u00e3o.<\/p>\n\n\n\n<p>Clareza e foco em resultados fortaleceram seu perfil, mesmo sem experi\u00eancia pr\u00e9via em trabalho remoto.<\/p>\n\n\n\n<p>Esse tipo de narrativa conecta a experi\u00eancia com o contexto atual, algo muito valorizado em entrevistas virtuais.<\/p>\n\n\n\n<h2 class=\"wp-block-heading\"><strong>Traje e apar\u00eancia profissionais<\/strong><\/h2>\n\n\n\n<p>Mesmo que a entrevista seja realizada em casa, a imagem deve estar alinhada com a cultura da empresa.<\/p>\n\n\n\n<p>Trajes profissionais, cores s\u00f3brias e evitar estampas chamativas ajudam a manter o foco no discurso.<\/p>\n\n\n\n<p>Vestir-se adequadamente tamb\u00e9m influencia a atitude. As roupas funcionam como uma \u00e2ncora psicol\u00f3gica, preparando a mente para um desempenho mais confiante e focado.<\/p>\n\n\n\n<h2 class=\"wp-block-heading\"><strong>Pesquisas anteriores: o diferencial silencioso<\/strong><\/h2>\n\n\n\n<p>Conhecer a empresa, sua cultura e seus desafios atuais demonstra um interesse genu\u00edno.<\/p>\n\n\n\n<p>Analisar o site, as redes profissionais e as not\u00edcias recentes permite formular perguntas inteligentes.<\/p>\n\n\n\n<p>Os pesquisadores demonstram comprometimento. Al\u00e9m disso, conectar suas habilidades com necessidades reais de neg\u00f3cios refor\u00e7a a percep\u00e7\u00e3o de valor.<\/p>\n\n\n\n<h2 class=\"wp-block-heading\"><strong>A analogia que explica tudo<\/strong><\/h2>\n\n\n\n<p>Preparar-se para uma entrevista virtual \u00e9 muito semelhante a... <strong>Afinar um instrumento antes de um concerto.<\/strong>O talento j\u00e1 existe, mas sem ajustes pr\u00e9vios, o som perde sua for\u00e7a.<\/p>\n\n\n\n<p>A prepara\u00e7\u00e3o n\u00e3o muda quem voc\u00ea \u00e9, apenas permite que a sua melhor vers\u00e3o seja ouvida com clareza.<\/p>\n\n\n\n<h2 class=\"wp-block-heading\"><strong>Guia pr\u00e1tico: aspectos essenciais para uma entrevista virtual bem-sucedida<\/strong><\/h2>\n\n\n\n<figure class=\"wp-block-table\"><table><thead><tr><th>\u00c1rea avaliada<\/th><th>O que verificar antes da entrevista<\/th><\/tr><\/thead><tbody><tr><td>Tecnologia<\/td><td>C\u00e2mera, microfone e conex\u00e3o<\/td><\/tr><tr><td>Em volta<\/td><td>Luz, fundo e sil\u00eancio<\/td><\/tr><tr><td>Comunica\u00e7\u00e3o<\/td><td>Clareza, pausas e contato visual.<\/td><\/tr><tr><td>Contente<\/td><td>Respostas estruturadas<\/td><\/tr><tr><td>Imagem profissional<\/td><td>Vestu\u00e1rio adequado \u00e0 fun\u00e7\u00e3o<\/td><\/tr><\/tbody><\/table><figcaption class=\"wp-element-caption\">Como se preparar para entrevistas de emprego virtuais<\/figcaption><\/figure>\n\n\n\n<figure class=\"wp-block-gallery has-nested-images columns-default is-cropped wp-block-gallery-2 is-layout-flex wp-block-gallery-is-layout-flex\">\n<figure class=\"wp-block-image size-full\"><img loading=\"lazy\" decoding=\"async\" width=\"450\" height=\"250\" data-id=\"10462\" src=\"https:\/\/universofamilia.com\/wp-content\/uploads\/sites\/148\/2025\/12\/Destaque-Novo-Universo-17.jpg\" alt=\"\" class=\"wp-image-10462\" srcset=\"http:\/\/universofamilia.com\/wp-content\/uploads\/sites\/148\/2025\/12\/Destaque-Novo-Universo-17.jpg 450w, http:\/\/universofamilia.com\/wp-content\/uploads\/sites\/148\/2025\/12\/Destaque-Novo-Universo-17-300x167.jpg 300w, http:\/\/universofamilia.com\/wp-content\/uploads\/sites\/148\/2025\/12\/Destaque-Novo-Universo-17-18x10.jpg 18w\" sizes=\"(max-width: 450px) 100vw, 450px\" \/><figcaption class=\"wp-element-caption\">Como se preparar para entrevistas de emprego virtuais<\/figcaption><\/figure>\n<\/figure>\n\n\n\n<p>Leia mais:\u00a0<a href=\"http:\/\/universofamilia.com\/pt_pt\/carreras-sostenibles-empleos-verdes-en-auge\/\">Carreiras sustent\u00e1veis: empregos verdes em expans\u00e3o<\/a><\/p>\n\n\n\n<h2 class=\"wp-block-heading\"><strong>Lidar com eventos inesperados sem perder a credibilidade<\/strong><\/h2>\n\n\n\n<p>Problemas t\u00e9cnicos podem ocorrer mesmo com prepara\u00e7\u00e3o.<\/p>\n\n\n\n<p>A diferen\u00e7a reside na forma como s\u00e3o tratadas. Notificar as pessoas com calma, propor uma solu\u00e7\u00e3o r\u00e1pida e manter uma postura profissional protege a sua imagem.<\/p>\n\n\n\n<h3 class=\"wp-block-heading\"><strong>Exemplo 2<\/strong><\/h3>\n\n\n\n<p>Um desenvolvedor perdeu a conex\u00e3o durante uma entrevista internacional.<\/p>\n\n\n\n<p>Em vez de entrar em p\u00e2nico, ela retomou a conversa, pediu desculpas brevemente e a retomou calmamente.<\/p>\n\n\n\n<p>Essa rea\u00e7\u00e3o foi valorizada como um sinal de maturidade profissional.<\/p>\n\n\n\n<h2 class=\"wp-block-heading\"><strong>O encerramento: uma oportunidade perdida<\/strong><\/h2>\n\n\n\n<p>Muitos candidatos negligenciam o encerramento. Agradecer pelo tempo dedicado, resumir brevemente seu interesse e perguntar sobre os pr\u00f3ximos passos deixa uma impress\u00e3o positiva e profissional.<\/p>\n\n\n\n<p>Enviar uma mensagem de agradecimento posterior fortalece o v\u00ednculo e demonstra cortesia profissional, uma qualidade que continua sendo muito valorizada.<\/p>\n\n\n\n<h2 class=\"wp-block-heading\"><strong>Conclus\u00e3o<\/strong><\/h2>\n\n\n\n<p>Mestre <strong>Como se preparar para entrevistas de emprego virtuais<\/strong> Envolve muito mais do que ligar a c\u00e2mera e responder a perguntas.<\/p>\n\n\n\n<p>Isso exige estrat\u00e9gia, autoconhecimento e adapta\u00e7\u00e3o \u00e0 nova linguagem digital do mercado de trabalho.<\/p>\n\n\n\n<p>Aqueles que est\u00e3o preparados transmitem confian\u00e7a, clareza e profissionalismo, mesmo atrav\u00e9s de uma tela.<\/p>\n\n\n\n<p>Em um ambiente competitivo e global, a entrevista virtual n\u00e3o \u00e9 um obst\u00e1culo, mas sim uma vitrine.<\/p>\n\n\n\n<p>Uma boa prepara\u00e7\u00e3o permite que voc\u00ea demonstre seu verdadeiro valor e aborde a oportunidade desejada com maior confian\u00e7a.<\/p>\n\n\n\n<p>Leia mais:\u00a0<a href=\"http:\/\/universofamilia.com\/pt_pt\/el-teletrabajo-en-2025-las-nuevas-tendencias-del-home-office\/\">Teletrabalho em 2025: Novas tend\u00eancias do home office<\/a><\/p>\n\n\n\n<h2 class=\"wp-block-heading\"><strong>Perguntas frequentes<\/strong><\/h2>\n\n\n\n<p><strong>As entrevistas virtuais s\u00e3o menos formais do que as entrevistas presenciais?<\/strong><\/p>\n\n\n\n<p>N\u00e3o. Mesmo que o ambiente seja digital, o n\u00edvel de profissionalismo esperado permanece o mesmo ou at\u00e9 mesmo superior.<\/p>\n\n\n\n<p><strong>\u00c9 aconselh\u00e1vel usar fundos virtuais?<\/strong><\/p>\n\n\n\n<p>Sim, desde que sejam discretos e est\u00e1veis. Um fundo real e bem organizado geralmente cria uma apar\u00eancia mais natural.<\/p>\n\n\n\n<p><strong>Com quanta anteced\u00eancia devo fazer login?<\/strong><\/p>\n\n\n\n<p>Chegar de 5 a 10 minutos antes \u00e9 suficiente para verificar os detalhes sem causar desconforto.<\/p>\n\n\n\n<p><strong>\u00c9 aconselh\u00e1vel fazer anota\u00e7\u00f5es durante a entrevista?<\/strong><\/p>\n\n\n\n<p>Sim, desde que seja feito brevemente e sem perder o contato visual.<\/p>\n\n\n\n<p><strong>A prepara\u00e7\u00e3o t\u00e9cnica pode compensar a falta de experi\u00eancia?<\/strong><\/p>\n\n\n\n<p>N\u00e3o substitui a experi\u00eancia, mas refor\u00e7a a percep\u00e7\u00e3o de compet\u00eancia e profissionalismo.<\/p>\n\n\n\n<p>Preparar-se hoje n\u00e3o s\u00f3 melhora seu desempenho, como tamb\u00e9m aumenta sua confian\u00e7a.<\/p>\n\n\n\n<p>Em um mercado de trabalho digitalizado, essa combina\u00e7\u00e3o continua sendo um dos ativos mais valiosos.<\/p>","protected":false},"excerpt":{"rendered":"<p>C\u00f3mo prepararse para entrevistas de trabajo virtuales se ha convertido en una habilidad profesional imprescindible en 2025. El crecimiento del trabajo remoto, los procesos h\u00edbridos de reclutamiento y la digitalizaci\u00f3n del talento cambiaron para siempre la forma en que las empresas eval\u00faan candidatos. Ya no basta con tener un buen curr\u00edculum: ahora tambi\u00e9n importa c\u00f3mo [&hellip;]<\/p>","protected":false},"author":219,"featured_media":10460,"comment_status":"closed","ping_status":"open","sticky":false,"template":"","format":"standard","meta":{"footnotes":""},"categories":[5],"tags":[],"yoast_head":"<!-- This site is optimized with the Yoast SEO plugin v23.3 - https:\/\/yoast.com\/wordpress\/plugins\/seo\/ -->\n<title>C\u00f3mo prepararse para entrevistas de trabajo virtuales - Universo Fam\u00edlia<\/title>\n<meta name=\"description\" content=\"C\u00f3mo prepararse para entrevistas de trabajo virtuales se ha convertido en una habilidad profesional imprescindible en 2025.\" \/>\n<meta name=\"robots\" content=\"index, follow, max-snippet:-1, max-image-preview:large, max-video-preview:-1\" \/>\n<link rel=\"canonical\" href=\"https:\/\/universofamilia.com\/pt_pt\/como-prepararse-para-entrevistas-de-trabajo-virtuales\/\" \/>\n<meta property=\"og:locale\" content=\"pt_PT\" \/>\n<meta property=\"og:type\" content=\"article\" \/>\n<meta property=\"og:title\" content=\"C\u00f3mo prepararse para entrevistas de trabajo virtuales - Universo Fam\u00edlia\" \/>\n<meta property=\"og:description\" content=\"C\u00f3mo prepararse para entrevistas de trabajo virtuales se ha convertido en una habilidad profesional imprescindible en 2025.\" \/>\n<meta property=\"og:url\" content=\"https:\/\/universofamilia.com\/pt_pt\/como-prepararse-para-entrevistas-de-trabajo-virtuales\/\" \/>\n<meta property=\"og:site_name\" content=\"Universo Fam\u00edlia\" \/>\n<meta property=\"article:published_time\" content=\"2025-12-26T14:16:37+00:00\" \/>\n<meta property=\"article:modified_time\" content=\"2025-12-26T14:16:39+00:00\" \/>\n<meta property=\"og:image\" content=\"https:\/\/universofamilia.com\/wp-content\/uploads\/sites\/148\/2025\/12\/Destaque-Novo-Universo-16.jpg\" \/>\n\t<meta property=\"og:image:width\" content=\"450\" \/>\n\t<meta property=\"og:image:height\" content=\"250\" \/>\n\t<meta property=\"og:image:type\" content=\"image\/jpeg\" \/>\n<meta name=\"author\" content=\"Matheus Sangaletti\" \/>\n<meta name=\"twitter:card\" content=\"summary_large_image\" \/>\n<meta name=\"twitter:label1\" content=\"Written by\" \/>\n\t<meta name=\"twitter:data1\" content=\"Matheus Sangaletti\" \/>\n\t<meta name=\"twitter:label2\" content=\"Est. reading time\" \/>\n\t<meta name=\"twitter:data2\" content=\"8 minutos\" \/>\n<script type=\"application\/ld+json\" class=\"yoast-schema-graph\">{\"@context\":\"https:\/\/schema.org\",\"@graph\":[{\"@type\":\"WebPage\",\"@id\":\"https:\/\/universofamilia.com\/ja\/como-prepararse-para-entrevistas-de-trabajo-virtuales\/\",\"url\":\"https:\/\/universofamilia.com\/ja\/como-prepararse-para-entrevistas-de-trabajo-virtuales\/\",\"name\":\"C\u00f3mo prepararse para entrevistas de trabajo virtuales - Universo Fam\u00edlia\",\"isPartOf\":{\"@id\":\"http:\/\/universofamilia.com\/zh_hk\/#website\"},\"primaryImageOfPage\":{\"@id\":\"https:\/\/universofamilia.com\/ja\/como-prepararse-para-entrevistas-de-trabajo-virtuales\/#primaryimage\"},\"image\":{\"@id\":\"https:\/\/universofamilia.com\/ja\/como-prepararse-para-entrevistas-de-trabajo-virtuales\/#primaryimage\"},\"thumbnailUrl\":\"http:\/\/universofamilia.com\/wp-content\/uploads\/sites\/148\/2025\/12\/Destaque-Novo-Universo-16.jpg\",\"datePublished\":\"2025-12-26T14:16:37+00:00\",\"dateModified\":\"2025-12-26T14:16:39+00:00\",\"author\":{\"@id\":\"http:\/\/universofamilia.com\/zh_hk\/#\/schema\/person\/92fcd07e9b1f4323bf74f3170fc0f78a\"},\"description\":\"C\u00f3mo prepararse para entrevistas de trabajo virtuales se ha convertido en una habilidad profesional imprescindible en 2025.\",\"breadcrumb\":{\"@id\":\"https:\/\/universofamilia.com\/ja\/como-prepararse-para-entrevistas-de-trabajo-virtuales\/#breadcrumb\"},\"inLanguage\":\"pt-PT\",\"potentialAction\":[{\"@type\":\"ReadAction\",\"target\":[\"https:\/\/universofamilia.com\/ja\/como-prepararse-para-entrevistas-de-trabajo-virtuales\/\"]}]},{\"@type\":\"ImageObject\",\"inLanguage\":\"pt-PT\",\"@id\":\"https:\/\/universofamilia.com\/ja\/como-prepararse-para-entrevistas-de-trabajo-virtuales\/#primaryimage\",\"url\":\"http:\/\/universofamilia.com\/wp-content\/uploads\/sites\/148\/2025\/12\/Destaque-Novo-Universo-16.jpg\",\"contentUrl\":\"http:\/\/universofamilia.com\/wp-content\/uploads\/sites\/148\/2025\/12\/Destaque-Novo-Universo-16.jpg\",\"width\":450,\"height\":250,\"caption\":\"C\u00f3mo prepararse para entrevistas de trabajo virtuales\"},{\"@type\":\"BreadcrumbList\",\"@id\":\"https:\/\/universofamilia.com\/ja\/como-prepararse-para-entrevistas-de-trabajo-virtuales\/#breadcrumb\",\"itemListElement\":[{\"@type\":\"ListItem\",\"position\":1,\"name\":\"Home\",\"item\":\"http:\/\/universofamilia.com\/zh_hk\/\"},{\"@type\":\"ListItem\",\"position\":2,\"name\":\"C\u00f3mo prepararse para entrevistas de trabajo virtuales\"}]},{\"@type\":\"WebSite\",\"@id\":\"http:\/\/universofamilia.com\/zh_hk\/#website\",\"url\":\"http:\/\/universofamilia.com\/zh_hk\/\",\"name\":\"Universo Fam\u00edlia\",\"description\":\"\",\"potentialAction\":[{\"@type\":\"SearchAction\",\"target\":{\"@type\":\"EntryPoint\",\"urlTemplate\":\"http:\/\/universofamilia.com\/zh_hk\/?s={search_term_string}\"},\"query-input\":\"required name=search_term_string\"}],\"inLanguage\":\"pt-PT\"},{\"@type\":\"Person\",\"@id\":\"http:\/\/universofamilia.com\/zh_hk\/#\/schema\/person\/92fcd07e9b1f4323bf74f3170fc0f78a\",\"name\":\"Matheus Sangaletti\",\"image\":{\"@type\":\"ImageObject\",\"inLanguage\":\"pt-PT\",\"@id\":\"http:\/\/universofamilia.com\/zh_hk\/#\/schema\/person\/image\/\",\"url\":\"http:\/\/2.gravatar.com\/avatar\/280ea957a14a48e6a1ad2133d2cc27c9?s=96&d=mm&r=g\",\"contentUrl\":\"http:\/\/2.gravatar.com\/avatar\/280ea957a14a48e6a1ad2133d2cc27c9?s=96&d=mm&r=g\",\"caption\":\"Matheus Sangaletti\"},\"url\":\"http:\/\/universofamilia.com\/pt_pt\/author\/matheuss\/\"}]}<\/script>\n<!-- \/ Yoast SEO plugin. -->","yoast_head_json":{"title":"C\u00f3mo prepararse para entrevistas de trabajo virtuales - Universo Fam\u00edlia","description":"C\u00f3mo prepararse para entrevistas de trabajo virtuales se ha convertido en una habilidad profesional imprescindible en 2025.","robots":{"index":"index","follow":"follow","max-snippet":"max-snippet:-1","max-image-preview":"max-image-preview:large","max-video-preview":"max-video-preview:-1"},"canonical":"https:\/\/universofamilia.com\/pt_pt\/como-prepararse-para-entrevistas-de-trabajo-virtuales\/","og_locale":"pt_PT","og_type":"article","og_title":"C\u00f3mo prepararse para entrevistas de trabajo virtuales - Universo Fam\u00edlia","og_description":"C\u00f3mo prepararse para entrevistas de trabajo virtuales se ha convertido en una habilidad profesional imprescindible en 2025.","og_url":"https:\/\/universofamilia.com\/pt_pt\/como-prepararse-para-entrevistas-de-trabajo-virtuales\/","og_site_name":"Universo Fam\u00edlia","article_published_time":"2025-12-26T14:16:37+00:00","article_modified_time":"2025-12-26T14:16:39+00:00","og_image":[{"width":450,"height":250,"url":"https:\/\/universofamilia.com\/wp-content\/uploads\/sites\/148\/2025\/12\/Destaque-Novo-Universo-16.jpg","type":"image\/jpeg"}],"author":"Matheus Sangaletti","twitter_card":"summary_large_image","twitter_misc":{"Written by":"Matheus Sangaletti","Est. reading time":"8 minutos"},"schema":{"@context":"https:\/\/schema.org","@graph":[{"@type":"WebPage","@id":"https:\/\/universofamilia.com\/ja\/como-prepararse-para-entrevistas-de-trabajo-virtuales\/","url":"https:\/\/universofamilia.com\/ja\/como-prepararse-para-entrevistas-de-trabajo-virtuales\/","name":"C\u00f3mo prepararse para entrevistas de trabajo virtuales - Universo Fam\u00edlia","isPartOf":{"@id":"http:\/\/universofamilia.com\/zh_hk\/#website"},"primaryImageOfPage":{"@id":"https:\/\/universofamilia.com\/ja\/como-prepararse-para-entrevistas-de-trabajo-virtuales\/#primaryimage"},"image":{"@id":"https:\/\/universofamilia.com\/ja\/como-prepararse-para-entrevistas-de-trabajo-virtuales\/#primaryimage"},"thumbnailUrl":"http:\/\/universofamilia.com\/wp-content\/uploads\/sites\/148\/2025\/12\/Destaque-Novo-Universo-16.jpg","datePublished":"2025-12-26T14:16:37+00:00","dateModified":"2025-12-26T14:16:39+00:00","author":{"@id":"http:\/\/universofamilia.com\/zh_hk\/#\/schema\/person\/92fcd07e9b1f4323bf74f3170fc0f78a"},"description":"C\u00f3mo prepararse para entrevistas de trabajo virtuales se ha convertido en una habilidad profesional imprescindible en 2025.","breadcrumb":{"@id":"https:\/\/universofamilia.com\/ja\/como-prepararse-para-entrevistas-de-trabajo-virtuales\/#breadcrumb"},"inLanguage":"pt-PT","potentialAction":[{"@type":"ReadAction","target":["https:\/\/universofamilia.com\/ja\/como-prepararse-para-entrevistas-de-trabajo-virtuales\/"]}]},{"@type":"ImageObject","inLanguage":"pt-PT","@id":"https:\/\/universofamilia.com\/ja\/como-prepararse-para-entrevistas-de-trabajo-virtuales\/#primaryimage","url":"http:\/\/universofamilia.com\/wp-content\/uploads\/sites\/148\/2025\/12\/Destaque-Novo-Universo-16.jpg","contentUrl":"http:\/\/universofamilia.com\/wp-content\/uploads\/sites\/148\/2025\/12\/Destaque-Novo-Universo-16.jpg","width":450,"height":250,"caption":"C\u00f3mo prepararse para entrevistas de trabajo virtuales"},{"@type":"BreadcrumbList","@id":"https:\/\/universofamilia.com\/ja\/como-prepararse-para-entrevistas-de-trabajo-virtuales\/#breadcrumb","itemListElement":[{"@type":"ListItem","position":1,"name":"Home","item":"http:\/\/universofamilia.com\/zh_hk\/"},{"@type":"ListItem","position":2,"name":"C\u00f3mo prepararse para entrevistas de trabajo virtuales"}]},{"@type":"WebSite","@id":"http:\/\/universofamilia.com\/zh_hk\/#website","url":"http:\/\/universofamilia.com\/zh_hk\/","name":"Universo Fam\u00edlia","description":"","potentialAction":[{"@type":"SearchAction","target":{"@type":"EntryPoint","urlTemplate":"http:\/\/universofamilia.com\/zh_hk\/?s={search_term_string}"},"query-input":"required name=search_term_string"}],"inLanguage":"pt-PT"},{"@type":"Person","@id":"http:\/\/universofamilia.com\/zh_hk\/#\/schema\/person\/92fcd07e9b1f4323bf74f3170fc0f78a","name":"Matheus Sangaletti","image":{"@type":"ImageObject","inLanguage":"pt-PT","@id":"http:\/\/universofamilia.com\/zh_hk\/#\/schema\/person\/image\/","url":"http:\/\/2.gravatar.com\/avatar\/280ea957a14a48e6a1ad2133d2cc27c9?s=96&d=mm&r=g","contentUrl":"http:\/\/2.gravatar.com\/avatar\/280ea957a14a48e6a1ad2133d2cc27c9?s=96&d=mm&r=g","caption":"Matheus Sangaletti"},"url":"http:\/\/universofamilia.com\/pt_pt\/author\/matheuss\/"}]}},"_links":{"self":[{"href":"http:\/\/universofamilia.com\/pt_pt\/wp-json\/wp\/v2\/posts\/10459"}],"collection":[{"href":"http:\/\/universofamilia.com\/pt_pt\/wp-json\/wp\/v2\/posts"}],"about":[{"href":"http:\/\/universofamilia.com\/pt_pt\/wp-json\/wp\/v2\/types\/post"}],"author":[{"embeddable":true,"href":"http:\/\/universofamilia.com\/pt_pt\/wp-json\/wp\/v2\/users\/219"}],"replies":[{"embeddable":true,"href":"http:\/\/universofamilia.com\/pt_pt\/wp-json\/wp\/v2\/comments?post=10459"}],"version-history":[{"count":1,"href":"http:\/\/universofamilia.com\/pt_pt\/wp-json\/wp\/v2\/posts\/10459\/revisions"}],"predecessor-version":[{"id":10463,"href":"http:\/\/universofamilia.com\/pt_pt\/wp-json\/wp\/v2\/posts\/10459\/revisions\/10463"}],"wp:featuredmedia":[{"embeddable":true,"href":"http:\/\/universofamilia.com\/pt_pt\/wp-json\/wp\/v2\/media\/10460"}],"wp:attachment":[{"href":"http:\/\/universofamilia.com\/pt_pt\/wp-json\/wp\/v2\/media?parent=10459"}],"wp:term":[{"taxonomy":"category","embeddable":true,"href":"http:\/\/universofamilia.com\/pt_pt\/wp-json\/wp\/v2\/categories?post=10459"},{"taxonomy":"post_tag","embeddable":true,"href":"http:\/\/universofamilia.com\/pt_pt\/wp-json\/wp\/v2\/tags?post=10459"}],"curies":[{"name":"wp","href":"https:\/\/api.w.org\/{rel}","templated":true}]}}