{"id":2752,"date":"2023-06-18T20:42:37","date_gmt":"2023-06-18T23:42:37","guid":{"rendered":"https:\/\/universofamilia.com\/?p=2752"},"modified":"2025-02-07T01:22:33","modified_gmt":"2025-02-07T01:22:33","slug":"posso-utilizar-ventilador-no-quarto-do-bebe","status":"publish","type":"post","link":"http:\/\/universofamilia.com\/pt_pt\/posso-utilizar-ventilador-no-quarto-do-bebe\/","title":{"rendered":"Posso usar um ventilador no quarto do beb\u00ea?"},"content":{"rendered":"<p>Posso usar um ventilador no quarto do beb\u00ea? Quando se trata de criar um ambiente confort\u00e1vel para o seu beb\u00ea, muitas pessoas se perguntam se \u00e9 seguro e ben\u00e9fico usar um ventilador em um quarto pequeno.<\/p>\n\n\n\n<p>Al\u00e9m disso, abordaremos essa quest\u00e3o com informa\u00e7\u00f5es sobre os benef\u00edcios e cuidados relacionados ao uso de ventiladores no quarto do beb\u00ea, al\u00e9m de destacar as vantagens e desvantagens entre o ventilador para beb\u00eas e o ventilador comum.<\/p>\n\n\n\n<p>Continue lendo para obter orienta\u00e7\u00f5es \u00fateis e garantir o conforto do seu beb\u00ea durante os pr\u00f3ximos dias.<\/p>\n\n\n\n<p>Leia tamb\u00e9m Como Criar uma Brinquedoteca em Casa<\/p>\n\n\n<div class=\"wp-block-image\">\n<figure class=\"aligncenter size-full\"><img loading=\"lazy\" decoding=\"async\" width=\"550\" height=\"350\" src=\"http:\/\/universofamilia.com\/wp-content\/uploads\/sites\/148\/2023\/06\/POST-ventilador-de-teto-universo-familia-.png\" alt=\"\" class=\"wp-image-2755\" srcset=\"http:\/\/universofamilia.com\/wp-content\/uploads\/sites\/148\/2023\/06\/POST-ventilador-de-teto-universo-familia-.png 550w, http:\/\/universofamilia.com\/wp-content\/uploads\/sites\/148\/2023\/06\/POST-ventilador-de-teto-universo-familia--300x191.png 300w\" sizes=\"(max-width: 550px) 100vw, 550px\" \/><figcaption class=\"wp-element-caption\"><em>Foto: (reprodu\u00e7\u00e3o\/internet)<\/em><\/figcaption><\/figure><\/div>\n\n\n<h3 class=\"wp-block-heading\"><strong>Benef\u00edcios e cuidados ao usar um ventilador no quarto do beb\u00ea<\/strong><\/h3>\n\n\n\n<p>Usar um ventilador no quarto do seu beb\u00ea pode trazer diversos benef\u00edcios, principalmente nas esta\u00e7\u00f5es mais frias. Abaixo, apresentamos algumas vantagens do uso do ventilador:<\/p>\n\n\n\n<p><strong>Regula\u00e7\u00e3o de temperatura<\/strong>: Um ventilador adequado pode ajudar a manter o ambiente fresco e confort\u00e1vel para o beb\u00ea, evitando desconfortos causados pelo calor excessivo.<\/p>\n\n\n\n<p><strong>Circula\u00e7\u00e3o de ar<\/strong>: O ventilador promove a circula\u00e7\u00e3o no quarto do beb\u00ea, reduzindo a sensa\u00e7\u00e3o de cansa\u00e7o e diminuindo a concentra\u00e7\u00e3o de gases e odores.<\/p>\n\n\n\n<p><strong>Ru\u00eddo branco<\/strong>: A luz suave do ventilador pode criar um ru\u00eddo branco calmante, o que ajuda o beb\u00ea a relaxar e adormecer mais facilmente.<\/p>\n\n\n\n<p>Ao utilizar o ventilador h\u00e1 benef\u00edcios, \u00e9 fundamental tomar alguns cuidados para garantir a seguran\u00e7a da sa\u00fade do seu beb\u00ea:<\/p>\n\n\n\n<p><strong>Dist\u00e2ncia segura<\/strong>: Certifique-se de que o ventilador esteja posicionado em um local seguro e fora do alcance do beb\u00ea. Al\u00e9m disso, evite coloc\u00e1-lo perto de portas ou objetos que possam ser alcan\u00e7ados por crian\u00e7as.<\/p>\n\n\n\n<p><strong>Limpeza regular<\/strong>: Mantenha o ventilador limpo e livre de poeira, para evitar a propaga\u00e7\u00e3o de al\u00e9rgenos no ambiente.<\/p>\n\n\n\n<p><strong>Ventila\u00e7\u00e3o adequada<\/strong>:Se optar por utilizar um ventilador, \u00e9 importante garantir uma boa ventila\u00e7\u00e3o no ambiente, abrindo portas e frestas para permitir a entrada de ar fresco.<\/p>\n\n\n\n<h4 class=\"wp-block-heading\"><strong>Ventilador Teto vs. Ventilador Comum<\/strong><\/h4>\n\n\n\n<p>Agora, vamos comparar as vantagens e desvantagens entre o ventilador de teto e o ventilador comum.<\/p>\n\n\n\n<h4 class=\"wp-block-heading\"><strong>Ventilador de teto<\/strong><\/h4>\n\n\n<div class=\"wp-block-image\">\n<figure class=\"aligncenter size-full\"><img loading=\"lazy\" decoding=\"async\" width=\"550\" height=\"350\" src=\"http:\/\/universofamilia.com\/wp-content\/uploads\/sites\/148\/2023\/06\/POST-ventilador-de-teto-universo-familia-1-1.png\" alt=\"\" class=\"wp-image-2754\" srcset=\"http:\/\/universofamilia.com\/wp-content\/uploads\/sites\/148\/2023\/06\/POST-ventilador-de-teto-universo-familia-1-1.png 550w, http:\/\/universofamilia.com\/wp-content\/uploads\/sites\/148\/2023\/06\/POST-ventilador-de-teto-universo-familia-1-1-300x191.png 300w\" sizes=\"(max-width: 550px) 100vw, 550px\" \/><figcaption class=\"wp-element-caption\"><em>Foto: (reprodu\u00e7\u00e3o\/internet)<\/em><\/figcaption><\/figure><\/div>\n\n\n<h5 class=\"wp-block-heading\"><strong>Vantagens<\/strong><\/h5>\n\n\n\n<p><strong>Economia espacial<\/strong>: O ventilador de teto \u00e9 fixado no teto, ocupando menos espa\u00e7o no quarto do beb\u00ea.<\/p>\n\n\n\n<p><strong>Distribui\u00e7\u00e3o uniforme<\/strong>: O ventilador traseiro opera de forma mais uniforme no ambiente, proporcionando uma sensa\u00e7\u00e3o agrad\u00e1vel.<\/p>\n\n\n\n<p><strong>Seguran\u00e7a<\/strong>: Por n\u00e3o ser alto, o ventilador de teto fica fora do alcance do beb\u00ea, reduzindo os riscos de acidentes.<\/p>\n\n\n\n<h5 class=\"wp-block-heading\"><strong>Desvantagens<\/strong><\/h5>\n\n\n\n<p><strong>Dif\u00edcil controlar a dire\u00e7\u00e3o do vento<\/strong>: Em alguns modelos, pode ser dif\u00edcil ajustar a dire\u00e7\u00e3o do fluxo de ar ou pode causar desconforto ao beb\u00ea.<\/p>\n\n\n\n<p><strong>Dificuldade na limpeza<\/strong>: Devido \u00e0 sua posi\u00e7\u00e3o na cabe\u00e7a, a limpeza do ventilador pode ser mais dif\u00edcil.<\/p>\n\n\n\n<h4 class=\"wp-block-heading\"><strong>F\u00e3 comum<\/strong><\/h4>\n\n\n<div class=\"wp-block-image\">\n<figure class=\"aligncenter size-full\"><img loading=\"lazy\" decoding=\"async\" width=\"550\" height=\"350\" src=\"http:\/\/universofamilia.com\/wp-content\/uploads\/sites\/148\/2023\/06\/POST-ventilador-de-teto-universo-familia-2.png\" alt=\"\" class=\"wp-image-2756\" srcset=\"http:\/\/universofamilia.com\/wp-content\/uploads\/sites\/148\/2023\/06\/POST-ventilador-de-teto-universo-familia-2.png 550w, http:\/\/universofamilia.com\/wp-content\/uploads\/sites\/148\/2023\/06\/POST-ventilador-de-teto-universo-familia-2-300x191.png 300w\" sizes=\"(max-width: 550px) 100vw, 550px\" \/><figcaption class=\"wp-element-caption\"><em>Foto: (reprodu\u00e7\u00e3o\/internet)<\/em><\/figcaption><\/figure><\/div>\n\n\n<h5 class=\"wp-block-heading\"><strong>Vantagens<\/strong><\/h5>\n\n\n\n<p><strong>Portabilidade<\/strong>: Voc\u00ea pode mover facilmente o ventilador comum de um c\u00f4modo para outro, permitindo direcionar o fluxo de ar conforme necess\u00e1rio.<\/p>\n\n\n\n<p><strong>Controle ajust\u00e1vel<\/strong>: A maioria dos dois modelos mais comuns de ventiladores oferece op\u00e7\u00f5es de ajuste de velocidade e dire\u00e7\u00e3o do vento, proporcionando maior conforto ao beb\u00ea.<\/p>\n\n\n\n<p><strong>F\u00e1cil limpeza<\/strong>:Os ventiladores comuns s\u00e3o mais f\u00e1ceis de limpar devido \u00e0 sua estrutura acess\u00edvel.<\/p>\n\n\n\n<h5 class=\"wp-block-heading\"><strong>Desvantagens<\/strong><\/h5>\n\n\n\n<p><strong>Ocupa\u00e7\u00e3o do espa\u00e7o<\/strong>: Ventiladores comuns ocupam espa\u00e7o adicional no ambiente, o que pode ser inconveniente em ambientes menores.<\/p>\n\n\n\n<p><strong>Maior risco de acidentes<\/strong>: Devido \u00e0 sua mobilidade, \u00e9 necess\u00e1rio ter cuidado para evitar que o beb\u00ea tenha acesso direto ao ventilador em funcionamento.<\/p>\n\n\n\n<p>Leia tamb\u00e9m 10 dicas pr\u00e1ticas para montar um quarto de beb\u00ea<\/p>\n\n\n\n<h3 class=\"wp-block-heading\"><strong>Conclus\u00e3o<\/strong><\/h3>\n\n\n<div class=\"wp-block-image\">\n<figure class=\"aligncenter size-full\"><img loading=\"lazy\" decoding=\"async\" width=\"550\" height=\"350\" src=\"http:\/\/universofamilia.com\/wp-content\/uploads\/sites\/148\/2023\/06\/POST-ventilador-de-teto-universo-familia-3.png\" alt=\"\" class=\"wp-image-2757\" srcset=\"http:\/\/universofamilia.com\/wp-content\/uploads\/sites\/148\/2023\/06\/POST-ventilador-de-teto-universo-familia-3.png 550w, http:\/\/universofamilia.com\/wp-content\/uploads\/sites\/148\/2023\/06\/POST-ventilador-de-teto-universo-familia-3-300x191.png 300w\" sizes=\"(max-width: 550px) 100vw, 550px\" \/><figcaption class=\"wp-element-caption\"><em>Foto: (reprodu\u00e7\u00e3o\/internet)<\/em><\/figcaption><\/figure><\/div>\n\n\n<p>Ao considerar o uso de um ventilador no quarto do beb\u00ea, \u00e9 importante avaliar os benef\u00edcios e os cuidados necess\u00e1rios.<\/p>\n\n\n\n<p>A regula\u00e7\u00e3o da temperatura, a circula\u00e7\u00e3o de ar e o ru\u00eddo branco fornecidos pelo ventilador podem proporcionar conforto ao beb\u00ea.<\/p>\n\n\n\n<p>No entanto, \u00e9 essencial tomar precau\u00e7\u00f5es para garantir a seguran\u00e7a, como posicionar o ventilador fora do alcance do beb\u00ea e manter a limpeza regular.<\/p>\n\n\n\n<p>Al\u00e9m disso, na hora de escolher entre o ventilador de teto e o ventilador comum, considere as vantagens e desvantagens de cada op\u00e7\u00e3o.<\/p>\n\n\n\n<p>Al\u00e9m disso, com os devidos cuidados e medidas de seguran\u00e7a, o uso do ventilador no quarto do beb\u00ea pode contribuir para um ambiente agrad\u00e1vel e confort\u00e1vel.<\/p>\n\n\n\n<h3 class=\"wp-block-heading\"><strong>Para mais informa\u00e7\u00f5es sobre o uso de ventiladores no quarto do beb\u00ea, voc\u00ea pode consultar as seguintes fontes confi\u00e1veis.<\/strong><\/h3>\n\n\n\n<p>Sociedade Brasileira de Pediatria (SBP) \u2013 A SBP \u00e9 uma institui\u00e7\u00e3o m\u00e9dica reconhecida que oferece diretrizes e recomenda\u00e7\u00f5es para cuidados com o beb\u00ea.<\/p>\n\n\n\n<p>O site oficial do SBP cont\u00e9m informa\u00e7\u00f5es relevantes sobre seguran\u00e7a e sa\u00fade infantil.<\/p>\n\n\n\n<p>Academia Americana de Pediatria (AAP) \u2013 A AAP \u00e9 uma renomada organiza\u00e7\u00e3o pedi\u00e1trica sediada nos Estados Unidos.<\/p>\n\n\n\n<p>O site da AAP fornece recursos valiosos para pa\u00edses e profissionais de sa\u00fade, incluindo orienta\u00e7\u00f5es sobre sa\u00fade e seguran\u00e7a infantil.<\/p>\n\n\n\n<p>Voc\u00ea deve sempre considerar consultar um pediatra ou m\u00e9dico especialista em casos espec\u00edficos. Al\u00e9m disso, \u00e9 altamente recomend\u00e1vel buscar orienta\u00e7\u00e3o de um pediatra ou m\u00e9dico especialista para obter informa\u00e7\u00f5es personalizadas e adequadas \u00e0 situa\u00e7\u00e3o do seu beb\u00ea.<\/p>\n\n\n\n<p>O poder de fornecer orienta\u00e7\u00e3o personalizada com base na sa\u00fade e nas necessidades individuais do seu beb\u00ea.<\/p>\n\n\n\n<p>Voc\u00ea deve lembrar que \u00e9 essencial verificar a atualiza\u00e7\u00e3o das informa\u00e7\u00f5es nessas fontes, pois as orienta\u00e7\u00f5es e recomenda\u00e7\u00f5es podem ser atualizadas com o passar do tempo.<\/p>\n\n\n\n<p>Saiba tamb\u00e9m que<a href=\"https:\/\/www.luzbaby.com.br\/\" target=\"_blank\" rel=\"noreferrer noopener\"> A Luz Baby \u00e9 uma das melhores lojas de produtos infantis e introdu\u00e7\u00e3o alimentar. Clique aqui.<\/a><\/p>","protected":false},"excerpt":{"rendered":"<p>Posso usar um ventilador no quarto do beb\u00ea? Quando se trata de criar um ambiente confort\u00e1vel para o seu beb\u00ea, muitas pessoas se perguntam se \u00e9 seguro e ben\u00e9fico usar um ventilador em um quarto pequeno. Al\u00e9m disso, abordaremos essa quest\u00e3o com informa\u00e7\u00f5es sobre os benef\u00edcios e cuidados relacionados ao uso de ventiladores no quarto do beb\u00ea, [\u2026]<\/p>","protected":false},"author":139,"featured_media":2759,"comment_status":"closed","ping_status":"open","sticky":false,"template":"","format":"standard","meta":{"footnotes":""},"categories":[4],"tags":[1310,1540,1541],"yoast_head":"<!-- This site is optimized with the Yoast SEO plugin v23.3 - https:\/\/yoast.com\/wordpress\/plugins\/seo\/ -->\n<title>Posso utilizar ventilador no quarto do beb\u00ea? - Universo Fam\u00edlia<\/title>\n<meta name=\"description\" content=\"Posso utilizar ventilador no quarto do beb\u00ea? Quando se trata de criar um ambiente confort\u00e1vel para o beb\u00ea,\" \/>\n<meta name=\"robots\" content=\"index, follow, max-snippet:-1, max-image-preview:large, max-video-preview:-1\" \/>\n<link rel=\"canonical\" href=\"https:\/\/universofamilia.com\/pt_pt\/posso-utilizar-ventilador-no-quarto-do-bebe\/\" \/>\n<meta property=\"og:locale\" content=\"pt_PT\" \/>\n<meta property=\"og:type\" content=\"article\" \/>\n<meta property=\"og:title\" content=\"Posso utilizar ventilador no quarto do beb\u00ea? - Universo Fam\u00edlia\" \/>\n<meta property=\"og:description\" content=\"Posso utilizar ventilador no quarto do beb\u00ea? Quando se trata de criar um ambiente confort\u00e1vel para o beb\u00ea,\" \/>\n<meta property=\"og:url\" content=\"https:\/\/universofamilia.com\/pt_pt\/posso-utilizar-ventilador-no-quarto-do-bebe\/\" \/>\n<meta property=\"og:site_name\" content=\"Universo Fam\u00edlia\" \/>\n<meta property=\"article:published_time\" content=\"2023-06-18T23:42:37+00:00\" \/>\n<meta property=\"article:modified_time\" content=\"2025-02-07T01:22:33+00:00\" \/>\n<meta property=\"og:image\" content=\"https:\/\/universofamilia.com\/wp-content\/uploads\/sites\/148\/2023\/06\/FOTO-DESTAQUE-ventilador-de-teto-universo-familia-.png\" \/>\n\t<meta property=\"og:image:width\" content=\"448\" \/>\n\t<meta property=\"og:image:height\" content=\"350\" \/>\n\t<meta property=\"og:image:type\" content=\"image\/png\" \/>\n<meta name=\"author\" content=\"Pedro Henrique\" \/>\n<meta name=\"twitter:card\" content=\"summary_large_image\" \/>\n<meta name=\"twitter:label1\" content=\"Written by\" \/>\n\t<meta name=\"twitter:data1\" content=\"Pedro Henrique\" \/>\n\t<meta name=\"twitter:label2\" content=\"Est. reading time\" \/>\n\t<meta name=\"twitter:data2\" content=\"6 minutos\" \/>\n<script type=\"application\/ld+json\" class=\"yoast-schema-graph\">{\"@context\":\"https:\/\/schema.org\",\"@graph\":[{\"@type\":\"WebPage\",\"@id\":\"https:\/\/universofamilia.com\/da\/posso-utilizar-ventilador-no-quarto-do-bebe\/\",\"url\":\"https:\/\/universofamilia.com\/da\/posso-utilizar-ventilador-no-quarto-do-bebe\/\",\"name\":\"Posso utilizar ventilador no quarto do beb\u00ea? - Universo Fam\u00edlia\",\"isPartOf\":{\"@id\":\"https:\/\/universofamilia.com\/el\/#website\"},\"primaryImageOfPage\":{\"@id\":\"https:\/\/universofamilia.com\/da\/posso-utilizar-ventilador-no-quarto-do-bebe\/#primaryimage\"},\"image\":{\"@id\":\"https:\/\/universofamilia.com\/da\/posso-utilizar-ventilador-no-quarto-do-bebe\/#primaryimage\"},\"thumbnailUrl\":\"http:\/\/universofamilia.com\/wp-content\/uploads\/sites\/148\/2023\/06\/FOTO-DESTAQUE-ventilador-de-teto-universo-familia-.png\",\"datePublished\":\"2023-06-18T23:42:37+00:00\",\"dateModified\":\"2025-02-07T01:22:33+00:00\",\"author\":{\"@id\":\"https:\/\/universofamilia.com\/el\/#\/schema\/person\/f07ce98187dd84d31154262e79b3b7ca\"},\"description\":\"Posso utilizar ventilador no quarto do beb\u00ea? Quando se trata de criar um ambiente confort\u00e1vel para o beb\u00ea,\",\"breadcrumb\":{\"@id\":\"https:\/\/universofamilia.com\/da\/posso-utilizar-ventilador-no-quarto-do-bebe\/#breadcrumb\"},\"inLanguage\":\"pt-PT\",\"potentialAction\":[{\"@type\":\"ReadAction\",\"target\":[\"https:\/\/universofamilia.com\/da\/posso-utilizar-ventilador-no-quarto-do-bebe\/\"]}]},{\"@type\":\"ImageObject\",\"inLanguage\":\"pt-PT\",\"@id\":\"https:\/\/universofamilia.com\/da\/posso-utilizar-ventilador-no-quarto-do-bebe\/#primaryimage\",\"url\":\"http:\/\/universofamilia.com\/wp-content\/uploads\/sites\/148\/2023\/06\/FOTO-DESTAQUE-ventilador-de-teto-universo-familia-.png\",\"contentUrl\":\"http:\/\/universofamilia.com\/wp-content\/uploads\/sites\/148\/2023\/06\/FOTO-DESTAQUE-ventilador-de-teto-universo-familia-.png\",\"width\":448,\"height\":350},{\"@type\":\"BreadcrumbList\",\"@id\":\"https:\/\/universofamilia.com\/da\/posso-utilizar-ventilador-no-quarto-do-bebe\/#breadcrumb\",\"itemListElement\":[{\"@type\":\"ListItem\",\"position\":1,\"name\":\"Home\",\"item\":\"https:\/\/universofamilia.com\/el\/\"},{\"@type\":\"ListItem\",\"position\":2,\"name\":\"Posso utilizar ventilador no quarto do beb\u00ea?\"}]},{\"@type\":\"WebSite\",\"@id\":\"https:\/\/universofamilia.com\/el\/#website\",\"url\":\"https:\/\/universofamilia.com\/el\/\",\"name\":\"Universo Fam\u00edlia\",\"description\":\"\",\"potentialAction\":[{\"@type\":\"SearchAction\",\"target\":{\"@type\":\"EntryPoint\",\"urlTemplate\":\"https:\/\/universofamilia.com\/el\/?s={search_term_string}\"},\"query-input\":\"required name=search_term_string\"}],\"inLanguage\":\"pt-PT\"},{\"@type\":\"Person\",\"@id\":\"https:\/\/universofamilia.com\/el\/#\/schema\/person\/f07ce98187dd84d31154262e79b3b7ca\",\"name\":\"Pedro Henrique\",\"image\":{\"@type\":\"ImageObject\",\"inLanguage\":\"pt-PT\",\"@id\":\"https:\/\/universofamilia.com\/el\/#\/schema\/person\/image\/\",\"url\":\"http:\/\/0.gravatar.com\/avatar\/9edfeb808cb4e1599f64d6e45b130154?s=96&d=mm&r=g\",\"contentUrl\":\"http:\/\/0.gravatar.com\/avatar\/9edfeb808cb4e1599f64d6e45b130154?s=96&d=mm&r=g\",\"caption\":\"Pedro Henrique\"},\"url\":\"http:\/\/universofamilia.com\/pt_pt\/author\/editor01\/\"}]}<\/script>\n<!-- \/ Yoast SEO plugin. -->","yoast_head_json":{"title":"Posso utilizar ventilador no quarto do beb\u00ea? - Universo Fam\u00edlia","description":"Posso utilizar ventilador no quarto do beb\u00ea? Quando se trata de criar um ambiente confort\u00e1vel para o beb\u00ea,","robots":{"index":"index","follow":"follow","max-snippet":"max-snippet:-1","max-image-preview":"max-image-preview:large","max-video-preview":"max-video-preview:-1"},"canonical":"https:\/\/universofamilia.com\/pt_pt\/posso-utilizar-ventilador-no-quarto-do-bebe\/","og_locale":"pt_PT","og_type":"article","og_title":"Posso utilizar ventilador no quarto do beb\u00ea? - Universo Fam\u00edlia","og_description":"Posso utilizar ventilador no quarto do beb\u00ea? Quando se trata de criar um ambiente confort\u00e1vel para o beb\u00ea,","og_url":"https:\/\/universofamilia.com\/pt_pt\/posso-utilizar-ventilador-no-quarto-do-bebe\/","og_site_name":"Universo Fam\u00edlia","article_published_time":"2023-06-18T23:42:37+00:00","article_modified_time":"2025-02-07T01:22:33+00:00","og_image":[{"width":448,"height":350,"url":"https:\/\/universofamilia.com\/wp-content\/uploads\/sites\/148\/2023\/06\/FOTO-DESTAQUE-ventilador-de-teto-universo-familia-.png","type":"image\/png"}],"author":"Pedro Henrique","twitter_card":"summary_large_image","twitter_misc":{"Written by":"Pedro Henrique","Est. reading time":"6 minutos"},"schema":{"@context":"https:\/\/schema.org","@graph":[{"@type":"WebPage","@id":"https:\/\/universofamilia.com\/da\/posso-utilizar-ventilador-no-quarto-do-bebe\/","url":"https:\/\/universofamilia.com\/da\/posso-utilizar-ventilador-no-quarto-do-bebe\/","name":"Posso utilizar ventilador no quarto do beb\u00ea? - Universo Fam\u00edlia","isPartOf":{"@id":"https:\/\/universofamilia.com\/el\/#website"},"primaryImageOfPage":{"@id":"https:\/\/universofamilia.com\/da\/posso-utilizar-ventilador-no-quarto-do-bebe\/#primaryimage"},"image":{"@id":"https:\/\/universofamilia.com\/da\/posso-utilizar-ventilador-no-quarto-do-bebe\/#primaryimage"},"thumbnailUrl":"http:\/\/universofamilia.com\/wp-content\/uploads\/sites\/148\/2023\/06\/FOTO-DESTAQUE-ventilador-de-teto-universo-familia-.png","datePublished":"2023-06-18T23:42:37+00:00","dateModified":"2025-02-07T01:22:33+00:00","author":{"@id":"https:\/\/universofamilia.com\/el\/#\/schema\/person\/f07ce98187dd84d31154262e79b3b7ca"},"description":"Posso utilizar ventilador no quarto do beb\u00ea? Quando se trata de criar um ambiente confort\u00e1vel para o beb\u00ea,","breadcrumb":{"@id":"https:\/\/universofamilia.com\/da\/posso-utilizar-ventilador-no-quarto-do-bebe\/#breadcrumb"},"inLanguage":"pt-PT","potentialAction":[{"@type":"ReadAction","target":["https:\/\/universofamilia.com\/da\/posso-utilizar-ventilador-no-quarto-do-bebe\/"]}]},{"@type":"ImageObject","inLanguage":"pt-PT","@id":"https:\/\/universofamilia.com\/da\/posso-utilizar-ventilador-no-quarto-do-bebe\/#primaryimage","url":"http:\/\/universofamilia.com\/wp-content\/uploads\/sites\/148\/2023\/06\/FOTO-DESTAQUE-ventilador-de-teto-universo-familia-.png","contentUrl":"http:\/\/universofamilia.com\/wp-content\/uploads\/sites\/148\/2023\/06\/FOTO-DESTAQUE-ventilador-de-teto-universo-familia-.png","width":448,"height":350},{"@type":"BreadcrumbList","@id":"https:\/\/universofamilia.com\/da\/posso-utilizar-ventilador-no-quarto-do-bebe\/#breadcrumb","itemListElement":[{"@type":"ListItem","position":1,"name":"Home","item":"https:\/\/universofamilia.com\/el\/"},{"@type":"ListItem","position":2,"name":"Posso utilizar ventilador no quarto do beb\u00ea?"}]},{"@type":"WebSite","@id":"https:\/\/universofamilia.com\/el\/#website","url":"https:\/\/universofamilia.com\/el\/","name":"Universo Fam\u00edlia","description":"","potentialAction":[{"@type":"SearchAction","target":{"@type":"EntryPoint","urlTemplate":"https:\/\/universofamilia.com\/el\/?s={search_term_string}"},"query-input":"required name=search_term_string"}],"inLanguage":"pt-PT"},{"@type":"Person","@id":"https:\/\/universofamilia.com\/el\/#\/schema\/person\/f07ce98187dd84d31154262e79b3b7ca","name":"Pedro Henrique","image":{"@type":"ImageObject","inLanguage":"pt-PT","@id":"https:\/\/universofamilia.com\/el\/#\/schema\/person\/image\/","url":"http:\/\/0.gravatar.com\/avatar\/9edfeb808cb4e1599f64d6e45b130154?s=96&d=mm&r=g","contentUrl":"http:\/\/0.gravatar.com\/avatar\/9edfeb808cb4e1599f64d6e45b130154?s=96&d=mm&r=g","caption":"Pedro Henrique"},"url":"http:\/\/universofamilia.com\/pt_pt\/author\/editor01\/"}]}},"_links":{"self":[{"href":"http:\/\/universofamilia.com\/pt_pt\/wp-json\/wp\/v2\/posts\/2752"}],"collection":[{"href":"http:\/\/universofamilia.com\/pt_pt\/wp-json\/wp\/v2\/posts"}],"about":[{"href":"http:\/\/universofamilia.com\/pt_pt\/wp-json\/wp\/v2\/types\/post"}],"author":[{"embeddable":true,"href":"http:\/\/universofamilia.com\/pt_pt\/wp-json\/wp\/v2\/users\/139"}],"replies":[{"embeddable":true,"href":"http:\/\/universofamilia.com\/pt_pt\/wp-json\/wp\/v2\/comments?post=2752"}],"version-history":[{"count":1,"href":"http:\/\/universofamilia.com\/pt_pt\/wp-json\/wp\/v2\/posts\/2752\/revisions"}],"predecessor-version":[{"id":8591,"href":"http:\/\/universofamilia.com\/pt_pt\/wp-json\/wp\/v2\/posts\/2752\/revisions\/8591"}],"wp:featuredmedia":[{"embeddable":true,"href":"http:\/\/universofamilia.com\/pt_pt\/wp-json\/wp\/v2\/media\/2759"}],"wp:attachment":[{"href":"http:\/\/universofamilia.com\/pt_pt\/wp-json\/wp\/v2\/media?parent=2752"}],"wp:term":[{"taxonomy":"category","embeddable":true,"href":"http:\/\/universofamilia.com\/pt_pt\/wp-json\/wp\/v2\/categories?post=2752"},{"taxonomy":"post_tag","embeddable":true,"href":"http:\/\/universofamilia.com\/pt_pt\/wp-json\/wp\/v2\/tags?post=2752"}],"curies":[{"name":"wp","href":"https:\/\/api.w.org\/{rel}","templated":true}]}}