{"id":2760,"date":"2023-06-18T21:39:10","date_gmt":"2023-06-19T00:39:10","guid":{"rendered":"https:\/\/universofamilia.com\/?p=2760"},"modified":"2025-10-05T22:57:48","modified_gmt":"2025-10-06T01:57:48","slug":"posso-utilizar-ar-condicionado-no-quarto-do-bebe","status":"publish","type":"post","link":"http:\/\/universofamilia.com\/pt_pt\/posso-utilizar-ar-condicionado-no-quarto-do-bebe\/","title":{"rendered":"Posso usar o condicionador no quarto do beb\u00ea?"},"content":{"rendered":"<p>Ter um beb\u00ea em casa \u00e9 uma experi\u00eancia incr\u00edvel, mas tamb\u00e9m levanta diversas preocupa\u00e7\u00f5es para o seu pa\u00eds.<\/p>\n\n\n\n<p>Posso usar o ar-condicionado no quarto do beb\u00ea? Muitas pessoas t\u00eam medo de usar o ar-condicionado em um quarto de beb\u00ea seguro.<\/p>\n\n\n\n<p>Vamos explorar os benef\u00edcios e cuidados relacionados a essa busca, al\u00e9m de abordar a altura e o local adequados para a instala\u00e7\u00e3o do eletrodom\u00e9stico.<\/p>\n\n\n<div class=\"wp-block-image\">\n<figure class=\"aligncenter size-full\"><img loading=\"lazy\" decoding=\"async\" width=\"550\" height=\"350\" src=\"http:\/\/universofamilia.com\/wp-content\/uploads\/sites\/148\/2023\/06\/POST-ar-condicionado-universo-familia-2.png\" alt=\"\" class=\"wp-image-2762\" srcset=\"http:\/\/universofamilia.com\/wp-content\/uploads\/sites\/148\/2023\/06\/POST-ar-condicionado-universo-familia-2.png 550w, http:\/\/universofamilia.com\/wp-content\/uploads\/sites\/148\/2023\/06\/POST-ar-condicionado-universo-familia-2-300x191.png 300w\" sizes=\"(max-width: 550px) 100vw, 550px\" \/><figcaption class=\"wp-element-caption\"><em>Foto: (reprodu\u00e7\u00e3o\/internet)<\/em><\/figcaption><\/figure><\/div>\n\n\n<h3 class=\"wp-block-heading\"><strong>Benef\u00edcios de usar um ar condicionado no quarto do beb\u00ea<\/strong><\/h3>\n\n\n\n<p><strong>Controle de temperatura<\/strong>: O ar condicionado oferece a vantagem de regular a temperatura do ambiente, garantindo que o quarto do beb\u00ea esteja sempre agrad\u00e1vel, principalmente nas esta\u00e7\u00f5es mais frias do ano.<\/p>\n\n\n\n<p>Manter uma temperatura adequada pode ajudar a promover um som calmo e confort\u00e1vel para seu beb\u00ea.<\/p>\n\n\n\n<p><strong>Redu\u00e7\u00e3o de umidade<\/strong>Al\u00e9m de controlar a temperatura ou o ar condicionado, tamb\u00e9m ajuda a reduzir a umidade do ambiente.<\/p>\n\n\n\n<p>Isso \u00e9 especialmente importante para evitar o ac\u00famulo de \u00e1caros e mofos, que podem ser prejudiciais \u00e0 sa\u00fade respirat\u00f3ria do beb\u00ea.<\/p>\n\n\n\n<p><strong>Filtragem de ar<\/strong>:Muitos modelos de ar condicionado possuem filtros que ajudam a purificar o ar, removendo polui\u00e7\u00e3o, p\u00f3len e outros al\u00e9rgenos que podem causar desconforto respirat\u00f3rio.<\/p>\n\n\n\n<p>Al\u00e9m disso, \u00e9 especialmente ben\u00e9fico para beb\u00eas com sensibilidades respirat\u00f3rias ou alergias.<\/p>\n\n\n\n<p>Leia tamb\u00e9m <a href=\"http:\/\/universofamilia.com\/pt_pt\/posso-utilizar-ventilador-no-quarto-do-bebe\/\" target=\"_blank\" rel=\"noreferrer noopener\">Posso usar um ventilador no quarto do beb\u00ea?<\/a><\/p>\n\n\n\n<h3 class=\"wp-block-heading\"><strong>Cuidados ao usar ar condicionado no quarto do beb\u00ea<\/strong><\/h3>\n\n\n\n<p><strong>Limpeza regular de dois filtros<\/strong>: Para garantir a qualidade do ar, \u00e9 essencial limpar regularmente dois filtros de ar condicionado.<\/p>\n\n\n\n<p>Essa a\u00e7\u00e3o ajuda a prevenir o ac\u00famulo de polui\u00e7\u00e3o e al\u00e9rgenos, garantindo um ambiente saud\u00e1vel para seu beb\u00ea.<\/p>\n\n\n\n<p><strong>Temperatura adequada<\/strong>:\u00c9 importante regular ou condicionar a temperatura em uma temperatura adequada para o beb\u00ea.<\/p>\n\n\n\n<p>Recomenda-se manter a temperatura entre 23\u00b0C e 25\u00b0C, proporcionando conforto t\u00e9rmico mesmo que o ambiente esteja muito frio.<\/p>\n\n\n\n<p><strong>Evite correntes de ar diretas<\/strong>: Posicione o condicionador de modo que o fluxo de ar n\u00e3o atinja diretamente a \u00e1rea onde o beb\u00ea dorme.<\/p>\n\n\n\n<p>Tamb\u00e9m pode causar dificuldades respirat\u00f3rias ou at\u00e9 resfriados.<\/p>\n\n\n\n<h3 class=\"wp-block-heading\"><strong>Altura e localiza\u00e7\u00e3o da condi\u00e7\u00e3o no quarto do beb\u00ea<\/strong><\/h3>\n\n\n\n<p>Na hora de instalar ou condicionar o quarto do beb\u00ea, \u00e9 importante considerar a altura e a localiza\u00e7\u00e3o adequada. Aqui est\u00e3o algumas dicas a seguir:<\/p>\n\n\n\n<p><strong>Altura ideal<\/strong>: Instale ou condicione a uma altura segura, fora do alcance do beb\u00ea. A altura recomendada \u00e9 de cerca de 1,8 metros do teto.<\/p>\n\n\n\n<p>Isso evita que o beb\u00ea tenha acesso ao aparelho e previne poss\u00edveis acidentes.<\/p>\n\n\n<div class=\"wp-block-image\">\n<figure class=\"aligncenter size-full\"><img loading=\"lazy\" decoding=\"async\" width=\"550\" height=\"350\" src=\"http:\/\/universofamilia.com\/wp-content\/uploads\/sites\/148\/2023\/06\/POST-ar-condicionado-universo-familia-.png\" alt=\"\" class=\"wp-image-2763\" srcset=\"http:\/\/universofamilia.com\/wp-content\/uploads\/sites\/148\/2023\/06\/POST-ar-condicionado-universo-familia-.png 550w, http:\/\/universofamilia.com\/wp-content\/uploads\/sites\/148\/2023\/06\/POST-ar-condicionado-universo-familia--300x191.png 300w\" sizes=\"(max-width: 550px) 100vw, 550px\" \/><figcaption class=\"wp-element-caption\"><em>Foto: (reprodu\u00e7\u00e3o\/internet)<\/em><\/figcaption><\/figure><\/div>\n\n\n<p><strong>Dist\u00e2ncia do ber\u00e7o<\/strong>: Certifique-se de que o condicionador esteja posicionado a uma dist\u00e2ncia segura da base.<\/p>\n\n\n\n<p>Evite colocar muito ar, muito perto ou fluxo de ar direto, o que pode deixar seu beb\u00ea desconfort\u00e1vel durante o sono.<\/p>\n\n\n\n<p><strong>Evite obstru\u00e7\u00f5es<\/strong>: Certifique-se de que n\u00e3o haja objetos obstruindo o fluxo de calor condicionado.<\/p>\n\n\n\n<p>Al\u00e9m disso, mantenha espa\u00e7o livre ao redor do aparelho para garantir uma circula\u00e7\u00e3o adequada no ambiente.<\/p>\n\n\n\n<h3 class=\"wp-block-heading\"><strong>Sugest\u00e3o para instala\u00e7\u00e3o de Ar Condicionado no Quarto do Beb\u00ea<\/strong><\/h3>\n\n\n\n<p>A instala\u00e7\u00e3o correta do aparelho no quarto do beb\u00ea \u00e9 essencial para garantir a efici\u00eancia do aparelho e a seguran\u00e7a das crian\u00e7as.<\/p>\n\n\n\n<p>Aqui est\u00e3o algumas orienta\u00e7\u00f5es sobre como realizar a instala\u00e7\u00e3o e qual altura \u00e9 adequada para posicionamento ou condicionamento:<\/p>\n\n\n\n<p><strong>Contratar um profissional<\/strong>: Recomenda-se que a instala\u00e7\u00e3o do aparelho seja feita por um profissional qualificado.<\/p>\n\n\n\n<p>Al\u00e9m disso, este especialista possui o conhecimento t\u00e9cnico necess\u00e1rio para realizar uma instala\u00e7\u00e3o segura e adequada, minimizando riscos e garantindo o bom funcionamento do aparelho.<\/p>\n\n\n\n<p><strong>Escolha parede ou janela<\/strong>: Antes de instalar ou condicionar, \u00e9 importante que voc\u00ea decida se vai fixar o aparelho na parede ou na porta.<\/p>\n\n\n\n<p>Essa escolha vai depender das caracter\u00edsticas do ambiente e da estrutura do quarto do beb\u00ea.<\/p>\n\n\n\n<p><strong>Altura recomendada<\/strong>: A altura ideal para posicionar ou acondicionar o quarto do beb\u00ea \u00e9 de aproximadamente 1,8 metros do quarto da crian\u00e7a. Portanto, essa altura permite que o ar seja distribu\u00eddo de forma eficiente no ambiente, mantendo o conforto t\u00e9rmico do beb\u00ea.<\/p>\n\n\n<div class=\"wp-block-image\">\n<figure class=\"aligncenter size-full\"><img loading=\"lazy\" decoding=\"async\" width=\"550\" height=\"350\" src=\"http:\/\/universofamilia.com\/wp-content\/uploads\/sites\/148\/2023\/06\/POST-ar-condicionado-universo-familia-1-1.png\" alt=\"\" class=\"wp-image-2765\" srcset=\"http:\/\/universofamilia.com\/wp-content\/uploads\/sites\/148\/2023\/06\/POST-ar-condicionado-universo-familia-1-1.png 550w, http:\/\/universofamilia.com\/wp-content\/uploads\/sites\/148\/2023\/06\/POST-ar-condicionado-universo-familia-1-1-300x191.png 300w\" sizes=\"(max-width: 550px) 100vw, 550px\" \/><figcaption class=\"wp-element-caption\"><em>Foto: (reprodu\u00e7\u00e3o\/internet)<\/em><\/figcaption><\/figure><\/div>\n\n\n<p><strong>Evite obstru\u00e7\u00f5es<\/strong>: Certifique-se de que n\u00e3o haja objetos m\u00f3veis ou obstruindo a \u00e1rea ao redor do aparelho. Essas obstru\u00e7\u00f5es podem dificultar a circula\u00e7\u00e3o de ar e afetar a efici\u00eancia do aparelho.<\/p>\n\n\n\n<p><strong>Dire\u00e7\u00e3o do fluxo de ar<\/strong>: Posicione o condicionador de forma que o fluxo de ar n\u00e3o seja direcionado diretamente para o ch\u00e3o ou para a \u00e1rea onde o beb\u00ea dorme. Isso evita o desconforto respirat\u00f3rio causado pelas correntes de ar diretas.<\/p>\n\n\n\n<p><strong>Dist\u00e2ncia segura<\/strong>: Mantenha uma dist\u00e2ncia segura entre o acondicionado e o ber\u00e7o, evitando coloc\u00e1-los muito pr\u00f3ximos um do outro.<\/p>\n\n\n\n<p>Dessa forma, essa medida garante que evitamos expor o beb\u00ea diretamente ao fluxo de ar frio, ajudando a prevenir resfriados ou desconfortos.<\/p>\n\n\n\n<p>Certifique-se de sempre seguir as instru\u00e7\u00f5es do fabricante para instala\u00e7\u00e3o do ar-condicionado e, em caso de d\u00favidas, consulte um profissional especializado.<\/p>\n\n\n\n<p>Al\u00e9m disso, ao garantir a instala\u00e7\u00e3o adequada e o posicionamento ou condicionamento na altura correta, voc\u00ea proporcionar\u00e1 um ambiente seguro, confort\u00e1vel e com temperatura controlada para o bem-estar do seu beb\u00ea.<\/p>\n\n\n\n<h3 class=\"wp-block-heading\"><strong>Conclus\u00e3o<\/strong><\/h3>\n\n\n\n<p>Usar ar condicionado no quarto do seu beb\u00ea pode trazer benef\u00edcios significativos, desde que voc\u00ea tome os devidos cuidados.<\/p>\n\n\n\n<p>Controle a temperatura, reduza a umidade e filtre as etapas importantes para garantir um ambiente seguro para seu beb\u00ea.<\/p>\n\n\n\n<p>\u00c9 necess\u00e1rio manter a limpeza regular dos dois filtros, regular a temperatura de acordo com as necessidades do beb\u00ea e posicionar ou manter em local adequado, fora do alcance da crian\u00e7a.<\/p>\n\n\n\n<p>Assim, seguindo essas orienta\u00e7\u00f5es, voc\u00ea poder\u00e1 desfrutar de um ambiente agrad\u00e1vel e confort\u00e1vel para seu beb\u00ea, promovendo seu bem-estar e boa qualidade sonora.<\/p>\n\n\n\n<p>Precisando de acess\u00f3rios e roupas, conhe\u00e7a |&nbsp;<a href=\"https:\/\/www.luzbaby.com.br\/\" target=\"_blank\" rel=\"noreferrer noopener\">A Luz Baby \u00e9 uma das melhores lojas de produtos infantis. Clique aqui<\/a><\/p>\n\n\n\n<h3 class=\"wp-block-heading\"><strong>Mais informa\u00e7\u00f5es<\/strong><\/h3>\n\n\n\n<p>Para obter informa\u00e7\u00f5es mais detalhadas e abrangentes sobre o uso do ar condicionado no quarto do beb\u00ea, \u00e9 recomend\u00e1vel consultar fontes adicionais e considerar as opini\u00f5es de especialistas.<\/p>\n\n\n\n<p><strong>Aqui est\u00e3o algumas refer\u00eancias confi\u00e1veis que voc\u00ea pode consultar:<\/strong><\/p>\n\n\n\n<p><strong>Sociedade Brasileira de Pediatria (SBP):<\/strong> A SBP \u00e9 uma institui\u00e7\u00e3o renomada que oferece orienta\u00e7\u00f5es e informa\u00e7\u00f5es sobre cuidados infantis. O site oficial (https:\/\/www.sbp.com.br\/) pode fornecer orienta\u00e7\u00f5es sobre o uso do ar-condicionado no quarto do beb\u00ea.<\/p>\n\n\n\n<p><strong>Associa\u00e7\u00e3o Brasileira de Refrigera\u00e7\u00e3o, Ar Condicionado, Ventila\u00e7\u00e3o e Aquecimento (ABRAVA):<\/strong> A ABRAVA \u00e9 uma associa\u00e7\u00e3o que re\u00fane profissionais e empresas do setor de ar condicionado. Este site (https:\/\/abrava.com.br\/) oferece informa\u00e7\u00f5es t\u00e9cnicas sobre a instala\u00e7\u00e3o correta do aparelho.<\/p>\n\n\n\n<p><strong>Consulte pediatras e especialistas em ar condicionado<\/strong>: Ao discutir o uso de ar condicionado no quarto do beb\u00ea, \u00e9 sempre v\u00e1lido buscar a opini\u00e3o de profissionais de sa\u00fade e especialistas em ar condicionado.<\/p>\n\n\n\n<p>Agende uma consulta com o pediatra do seu beb\u00ea para obter orienta\u00e7\u00f5es espec\u00edficas com base no hist\u00f3rico de sa\u00fade do seu filho.<\/p>\n\n\n\n<p>Al\u00e9m disso, voc\u00ea pode consultar um especialista em ar condicionado para obter recomenda\u00e7\u00f5es personalizadas de acordo com as caracter\u00edsticas do ambiente.<\/p>\n\n\n\n<p>Observe que as orienta\u00e7\u00f5es podem variar dependendo das necessidades individuais do beb\u00ea e das condi\u00e7\u00f5es espec\u00edficas do ambiente.<\/p>\n\n\n\n<p>Por isso, \u00e9 importante que voc\u00ea busque informa\u00e7\u00f5es atualizadas e personalizadas de fontes profissionais confi\u00e1veis e qualificadas.<\/p>","protected":false},"excerpt":{"rendered":"<p>Ter um beb\u00ea em casa \u00e9 uma experi\u00eancia incr\u00edvel, mas tamb\u00e9m traz diversas preocupa\u00e7\u00f5es para os pais. Posso Utilizar Ar Condicionado no Quarto do Beb\u00ea ? As pessoas frequentemente t\u00eam a d\u00favida se utilizar um ar condicionado no quarto do beb\u00ea \u00e9 seguro Vamos explorar os benef\u00edcios e cuidados relacionados a essa quest\u00e3o, al\u00e9m de [&hellip;]<\/p>","protected":false},"author":219,"featured_media":2766,"comment_status":"closed","ping_status":"open","sticky":false,"template":"","format":"standard","meta":{"footnotes":""},"categories":[4],"tags":[486,487,1310],"yoast_head":"<!-- This site is optimized with the Yoast SEO plugin v23.3 - https:\/\/yoast.com\/wordpress\/plugins\/seo\/ -->\n<title>Posso Utilizar Ar Condicionado no Quarto do Beb\u00ea? - Universo Fam\u00edlia<\/title>\n<meta name=\"description\" content=\"Posso Utilizar Ar Condicionado no Quarto do Beb\u00ea? Ter um beb\u00ea em casa \u00e9 uma experi\u00eancia incr\u00edvel, mas tamb\u00e9m traz diversas preocupa\u00e7\u00f5es para\" \/>\n<meta name=\"robots\" content=\"index, follow, max-snippet:-1, max-image-preview:large, max-video-preview:-1\" \/>\n<link rel=\"canonical\" href=\"https:\/\/universofamilia.com\/pt_pt\/posso-utilizar-ar-condicionado-no-quarto-do-bebe\/\" \/>\n<meta property=\"og:locale\" content=\"pt_PT\" \/>\n<meta property=\"og:type\" content=\"article\" \/>\n<meta property=\"og:title\" content=\"Posso Utilizar Ar Condicionado no Quarto do Beb\u00ea? - Universo Fam\u00edlia\" \/>\n<meta property=\"og:description\" content=\"Posso Utilizar Ar Condicionado no Quarto do Beb\u00ea? Ter um beb\u00ea em casa \u00e9 uma experi\u00eancia incr\u00edvel, mas tamb\u00e9m traz diversas preocupa\u00e7\u00f5es para\" \/>\n<meta property=\"og:url\" content=\"https:\/\/universofamilia.com\/pt_pt\/posso-utilizar-ar-condicionado-no-quarto-do-bebe\/\" \/>\n<meta property=\"og:site_name\" content=\"Universo Fam\u00edlia\" \/>\n<meta property=\"article:published_time\" content=\"2023-06-19T00:39:10+00:00\" \/>\n<meta property=\"article:modified_time\" content=\"2025-10-06T01:57:48+00:00\" \/>\n<meta property=\"og:image\" content=\"https:\/\/universofamilia.com\/wp-content\/uploads\/sites\/148\/2023\/06\/FOTO-DESTAQUE-ar-condicionado-universo-familia-.png\" \/>\n\t<meta property=\"og:image:width\" content=\"448\" \/>\n\t<meta property=\"og:image:height\" content=\"350\" \/>\n\t<meta property=\"og:image:type\" content=\"image\/png\" \/>\n<meta name=\"author\" content=\"Matheus Sangaletti\" \/>\n<meta name=\"twitter:card\" content=\"summary_large_image\" \/>\n<meta name=\"twitter:label1\" content=\"Written by\" \/>\n\t<meta name=\"twitter:data1\" content=\"Matheus Sangaletti\" \/>\n\t<meta name=\"twitter:label2\" content=\"Est. reading time\" \/>\n\t<meta name=\"twitter:data2\" content=\"8 minutos\" \/>\n<script type=\"application\/ld+json\" class=\"yoast-schema-graph\">{\"@context\":\"https:\/\/schema.org\",\"@graph\":[{\"@type\":\"WebPage\",\"@id\":\"https:\/\/universofamilia.com\/da\/posso-utilizar-ar-condicionado-no-quarto-do-bebe\/\",\"url\":\"https:\/\/universofamilia.com\/da\/posso-utilizar-ar-condicionado-no-quarto-do-bebe\/\",\"name\":\"Posso Utilizar Ar Condicionado no Quarto do Beb\u00ea? - Universo Fam\u00edlia\",\"isPartOf\":{\"@id\":\"https:\/\/universofamilia.com\/el\/#website\"},\"primaryImageOfPage\":{\"@id\":\"https:\/\/universofamilia.com\/da\/posso-utilizar-ar-condicionado-no-quarto-do-bebe\/#primaryimage\"},\"image\":{\"@id\":\"https:\/\/universofamilia.com\/da\/posso-utilizar-ar-condicionado-no-quarto-do-bebe\/#primaryimage\"},\"thumbnailUrl\":\"http:\/\/universofamilia.com\/wp-content\/uploads\/sites\/148\/2023\/06\/FOTO-DESTAQUE-ar-condicionado-universo-familia-.png\",\"datePublished\":\"2023-06-19T00:39:10+00:00\",\"dateModified\":\"2025-10-06T01:57:48+00:00\",\"author\":{\"@id\":\"https:\/\/universofamilia.com\/el\/#\/schema\/person\/92fcd07e9b1f4323bf74f3170fc0f78a\"},\"description\":\"Posso Utilizar Ar Condicionado no Quarto do Beb\u00ea? Ter um beb\u00ea em casa \u00e9 uma experi\u00eancia incr\u00edvel, mas tamb\u00e9m traz diversas preocupa\u00e7\u00f5es para\",\"breadcrumb\":{\"@id\":\"https:\/\/universofamilia.com\/da\/posso-utilizar-ar-condicionado-no-quarto-do-bebe\/#breadcrumb\"},\"inLanguage\":\"pt-PT\",\"potentialAction\":[{\"@type\":\"ReadAction\",\"target\":[\"https:\/\/universofamilia.com\/da\/posso-utilizar-ar-condicionado-no-quarto-do-bebe\/\"]}]},{\"@type\":\"ImageObject\",\"inLanguage\":\"pt-PT\",\"@id\":\"https:\/\/universofamilia.com\/da\/posso-utilizar-ar-condicionado-no-quarto-do-bebe\/#primaryimage\",\"url\":\"http:\/\/universofamilia.com\/wp-content\/uploads\/sites\/148\/2023\/06\/FOTO-DESTAQUE-ar-condicionado-universo-familia-.png\",\"contentUrl\":\"http:\/\/universofamilia.com\/wp-content\/uploads\/sites\/148\/2023\/06\/FOTO-DESTAQUE-ar-condicionado-universo-familia-.png\",\"width\":448,\"height\":350},{\"@type\":\"BreadcrumbList\",\"@id\":\"https:\/\/universofamilia.com\/da\/posso-utilizar-ar-condicionado-no-quarto-do-bebe\/#breadcrumb\",\"itemListElement\":[{\"@type\":\"ListItem\",\"position\":1,\"name\":\"Home\",\"item\":\"https:\/\/universofamilia.com\/el\/\"},{\"@type\":\"ListItem\",\"position\":2,\"name\":\"Posso Utilizar Ar Condicionado no Quarto do Beb\u00ea?\"}]},{\"@type\":\"WebSite\",\"@id\":\"https:\/\/universofamilia.com\/el\/#website\",\"url\":\"https:\/\/universofamilia.com\/el\/\",\"name\":\"Universo Fam\u00edlia\",\"description\":\"\",\"potentialAction\":[{\"@type\":\"SearchAction\",\"target\":{\"@type\":\"EntryPoint\",\"urlTemplate\":\"https:\/\/universofamilia.com\/el\/?s={search_term_string}\"},\"query-input\":\"required name=search_term_string\"}],\"inLanguage\":\"pt-PT\"},{\"@type\":\"Person\",\"@id\":\"https:\/\/universofamilia.com\/el\/#\/schema\/person\/92fcd07e9b1f4323bf74f3170fc0f78a\",\"name\":\"Matheus Sangaletti\",\"image\":{\"@type\":\"ImageObject\",\"inLanguage\":\"pt-PT\",\"@id\":\"https:\/\/universofamilia.com\/el\/#\/schema\/person\/image\/\",\"url\":\"http:\/\/2.gravatar.com\/avatar\/280ea957a14a48e6a1ad2133d2cc27c9?s=96&d=mm&r=g\",\"contentUrl\":\"http:\/\/2.gravatar.com\/avatar\/280ea957a14a48e6a1ad2133d2cc27c9?s=96&d=mm&r=g\",\"caption\":\"Matheus Sangaletti\"},\"url\":\"http:\/\/universofamilia.com\/pt_pt\/author\/matheuss\/\"}]}<\/script>\n<!-- \/ Yoast SEO plugin. -->","yoast_head_json":{"title":"Posso Utilizar Ar Condicionado no Quarto do Beb\u00ea? - Universo Fam\u00edlia","description":"Posso Utilizar Ar Condicionado no Quarto do Beb\u00ea? Ter um beb\u00ea em casa \u00e9 uma experi\u00eancia incr\u00edvel, mas tamb\u00e9m traz diversas preocupa\u00e7\u00f5es para","robots":{"index":"index","follow":"follow","max-snippet":"max-snippet:-1","max-image-preview":"max-image-preview:large","max-video-preview":"max-video-preview:-1"},"canonical":"https:\/\/universofamilia.com\/pt_pt\/posso-utilizar-ar-condicionado-no-quarto-do-bebe\/","og_locale":"pt_PT","og_type":"article","og_title":"Posso Utilizar Ar Condicionado no Quarto do Beb\u00ea? - Universo Fam\u00edlia","og_description":"Posso Utilizar Ar Condicionado no Quarto do Beb\u00ea? Ter um beb\u00ea em casa \u00e9 uma experi\u00eancia incr\u00edvel, mas tamb\u00e9m traz diversas preocupa\u00e7\u00f5es para","og_url":"https:\/\/universofamilia.com\/pt_pt\/posso-utilizar-ar-condicionado-no-quarto-do-bebe\/","og_site_name":"Universo Fam\u00edlia","article_published_time":"2023-06-19T00:39:10+00:00","article_modified_time":"2025-10-06T01:57:48+00:00","og_image":[{"width":448,"height":350,"url":"https:\/\/universofamilia.com\/wp-content\/uploads\/sites\/148\/2023\/06\/FOTO-DESTAQUE-ar-condicionado-universo-familia-.png","type":"image\/png"}],"author":"Matheus Sangaletti","twitter_card":"summary_large_image","twitter_misc":{"Written by":"Matheus Sangaletti","Est. reading time":"8 minutos"},"schema":{"@context":"https:\/\/schema.org","@graph":[{"@type":"WebPage","@id":"https:\/\/universofamilia.com\/da\/posso-utilizar-ar-condicionado-no-quarto-do-bebe\/","url":"https:\/\/universofamilia.com\/da\/posso-utilizar-ar-condicionado-no-quarto-do-bebe\/","name":"Posso Utilizar Ar Condicionado no Quarto do Beb\u00ea? - Universo Fam\u00edlia","isPartOf":{"@id":"https:\/\/universofamilia.com\/el\/#website"},"primaryImageOfPage":{"@id":"https:\/\/universofamilia.com\/da\/posso-utilizar-ar-condicionado-no-quarto-do-bebe\/#primaryimage"},"image":{"@id":"https:\/\/universofamilia.com\/da\/posso-utilizar-ar-condicionado-no-quarto-do-bebe\/#primaryimage"},"thumbnailUrl":"http:\/\/universofamilia.com\/wp-content\/uploads\/sites\/148\/2023\/06\/FOTO-DESTAQUE-ar-condicionado-universo-familia-.png","datePublished":"2023-06-19T00:39:10+00:00","dateModified":"2025-10-06T01:57:48+00:00","author":{"@id":"https:\/\/universofamilia.com\/el\/#\/schema\/person\/92fcd07e9b1f4323bf74f3170fc0f78a"},"description":"Posso Utilizar Ar Condicionado no Quarto do Beb\u00ea? Ter um beb\u00ea em casa \u00e9 uma experi\u00eancia incr\u00edvel, mas tamb\u00e9m traz diversas preocupa\u00e7\u00f5es para","breadcrumb":{"@id":"https:\/\/universofamilia.com\/da\/posso-utilizar-ar-condicionado-no-quarto-do-bebe\/#breadcrumb"},"inLanguage":"pt-PT","potentialAction":[{"@type":"ReadAction","target":["https:\/\/universofamilia.com\/da\/posso-utilizar-ar-condicionado-no-quarto-do-bebe\/"]}]},{"@type":"ImageObject","inLanguage":"pt-PT","@id":"https:\/\/universofamilia.com\/da\/posso-utilizar-ar-condicionado-no-quarto-do-bebe\/#primaryimage","url":"http:\/\/universofamilia.com\/wp-content\/uploads\/sites\/148\/2023\/06\/FOTO-DESTAQUE-ar-condicionado-universo-familia-.png","contentUrl":"http:\/\/universofamilia.com\/wp-content\/uploads\/sites\/148\/2023\/06\/FOTO-DESTAQUE-ar-condicionado-universo-familia-.png","width":448,"height":350},{"@type":"BreadcrumbList","@id":"https:\/\/universofamilia.com\/da\/posso-utilizar-ar-condicionado-no-quarto-do-bebe\/#breadcrumb","itemListElement":[{"@type":"ListItem","position":1,"name":"Home","item":"https:\/\/universofamilia.com\/el\/"},{"@type":"ListItem","position":2,"name":"Posso Utilizar Ar Condicionado no Quarto do Beb\u00ea?"}]},{"@type":"WebSite","@id":"https:\/\/universofamilia.com\/el\/#website","url":"https:\/\/universofamilia.com\/el\/","name":"Universo Fam\u00edlia","description":"","potentialAction":[{"@type":"SearchAction","target":{"@type":"EntryPoint","urlTemplate":"https:\/\/universofamilia.com\/el\/?s={search_term_string}"},"query-input":"required name=search_term_string"}],"inLanguage":"pt-PT"},{"@type":"Person","@id":"https:\/\/universofamilia.com\/el\/#\/schema\/person\/92fcd07e9b1f4323bf74f3170fc0f78a","name":"Matheus Sangaletti","image":{"@type":"ImageObject","inLanguage":"pt-PT","@id":"https:\/\/universofamilia.com\/el\/#\/schema\/person\/image\/","url":"http:\/\/2.gravatar.com\/avatar\/280ea957a14a48e6a1ad2133d2cc27c9?s=96&d=mm&r=g","contentUrl":"http:\/\/2.gravatar.com\/avatar\/280ea957a14a48e6a1ad2133d2cc27c9?s=96&d=mm&r=g","caption":"Matheus Sangaletti"},"url":"http:\/\/universofamilia.com\/pt_pt\/author\/matheuss\/"}]}},"_links":{"self":[{"href":"http:\/\/universofamilia.com\/pt_pt\/wp-json\/wp\/v2\/posts\/2760"}],"collection":[{"href":"http:\/\/universofamilia.com\/pt_pt\/wp-json\/wp\/v2\/posts"}],"about":[{"href":"http:\/\/universofamilia.com\/pt_pt\/wp-json\/wp\/v2\/types\/post"}],"author":[{"embeddable":true,"href":"http:\/\/universofamilia.com\/pt_pt\/wp-json\/wp\/v2\/users\/219"}],"replies":[{"embeddable":true,"href":"http:\/\/universofamilia.com\/pt_pt\/wp-json\/wp\/v2\/comments?post=2760"}],"version-history":[{"count":1,"href":"http:\/\/universofamilia.com\/pt_pt\/wp-json\/wp\/v2\/posts\/2760\/revisions"}],"predecessor-version":[{"id":9885,"href":"http:\/\/universofamilia.com\/pt_pt\/wp-json\/wp\/v2\/posts\/2760\/revisions\/9885"}],"wp:featuredmedia":[{"embeddable":true,"href":"http:\/\/universofamilia.com\/pt_pt\/wp-json\/wp\/v2\/media\/2766"}],"wp:attachment":[{"href":"http:\/\/universofamilia.com\/pt_pt\/wp-json\/wp\/v2\/media?parent=2760"}],"wp:term":[{"taxonomy":"category","embeddable":true,"href":"http:\/\/universofamilia.com\/pt_pt\/wp-json\/wp\/v2\/categories?post=2760"},{"taxonomy":"post_tag","embeddable":true,"href":"http:\/\/universofamilia.com\/pt_pt\/wp-json\/wp\/v2\/tags?post=2760"}],"curies":[{"name":"wp","href":"https:\/\/api.w.org\/{rel}","templated":true}]}}