{"id":10068,"date":"2025-10-13T12:28:29","date_gmt":"2025-10-13T15:28:29","guid":{"rendered":"https:\/\/universofamilia.com\/?p=10068"},"modified":"2025-10-13T18:26:17","modified_gmt":"2025-10-13T21:26:17","slug":"crisis-climatica-global","status":"publish","type":"post","link":"http:\/\/universofamilia.com\/ro\/crisis-climatica-global\/","title":{"rendered":"Criza climatic\u0103 global\u0103: impactul afecteaz\u0103 deja milioane de oameni"},"content":{"rendered":"<p class=\"has-text-align-center\">Cel\/Cea\/Cei\/Cele <strong>Criza climatic\u0103 global\u0103: impactul afecteaz\u0103 deja milioane de oameni<\/strong> a devenit una dintre cele mai urgente provoc\u0103ri ale secolului XXI.<\/p>\n\n\n\n<figure class=\"wp-block-gallery aligncenter has-nested-images columns-default is-cropped wp-block-gallery-1 is-layout-flex wp-block-gallery-is-layout-flex\">\n<figure class=\"wp-block-image size-full\"><img loading=\"lazy\" decoding=\"async\" width=\"450\" height=\"250\" data-id=\"10070\" src=\"https:\/\/universofamilia.com\/wp-content\/uploads\/sites\/148\/2025\/10\/Destaque-Novo-Universo-1.jpg\" alt=\"\" class=\"wp-image-10070\" srcset=\"http:\/\/universofamilia.com\/wp-content\/uploads\/sites\/148\/2025\/10\/Destaque-Novo-Universo-1.jpg 450w, http:\/\/universofamilia.com\/wp-content\/uploads\/sites\/148\/2025\/10\/Destaque-Novo-Universo-1-300x167.jpg 300w, http:\/\/universofamilia.com\/wp-content\/uploads\/sites\/148\/2025\/10\/Destaque-Novo-Universo-1-18x10.jpg 18w\" sizes=\"(max-width: 450px) 100vw, 450px\" \/><figcaption class=\"wp-element-caption\">CANVA<\/figcaption><\/figure>\n<\/figure>\n\n\n\n<p>Secetele prelungite, valurile de c\u0103ldur\u0103 extreme, incendiile forestiere, topirea accelerat\u0103 a ghe\u021bii \u0219i migra\u021biile \u00een mas\u0103 sunt doar c\u00e2teva dintre consecin\u021bele vizibile.<br><strong>Rezumat:<\/strong><\/p>\n\n\n\n<ol>\n<li>Ce \u00eenseamn\u0103 cu adev\u0103rat criza climatic\u0103 global\u0103<\/li>\n\n\n\n<li>Cum afecteaz\u0103 milioane de oameni din \u00eentreaga lume<\/li>\n\n\n\n<li>Cele mai vulnerabile sectoare: s\u0103n\u0103tate, economie \u0219i securitate alimentar\u0103<\/li>\n\n\n\n<li>Exemple actuale \u0219i reale de impact climatic<\/li>\n\n\n\n<li>Ce se face \u0219i ce ar trebui f\u0103cut \u00een plus<\/li>\n\n\n\n<li>Concluzie \u0219i \u00eentreb\u0103ri frecvente<\/li>\n<\/ol>\n\n\n\n<h3 class=\"wp-block-heading\"><strong>Ce \u00eenseamn\u0103, de fapt, criza climatic\u0103 global\u0103?<\/strong><\/h3>\n\n\n\n<p>Cel\/Cea\/Cei\/Cele <strong>Criza climatic\u0103 global\u0103: impactul afecteaz\u0103 deja milioane de oameni<\/strong> Nu este vorba doar de o cre\u0219tere a temperaturii.<\/p>\n\n\n\n<p>Este un fenomen sistemic care modific\u0103 ecosistemele, economiile \u0219i comunit\u0103\u021bi \u00eentregi. Conform <em>Grupul interguvernamental de exper\u021bi privind schimb\u0103rile climatice (IPCC)<\/em>, planeta a dep\u0103\u0219it deja o cre\u0219tere medie de <strong>1,2 \u00b0C<\/strong> comparativ cu epoca preindustrial\u0103.<\/p>\n\n\n\n<p>De\u0219i poate p\u0103rea minor\u0103, aceast\u0103 schimbare a modificat tiparele precipita\u021biilor, a intensificat uraganele \u0219i a redus disponibilitatea apei dulci.<\/p>\n\n\n\n<p>O modalitate simpl\u0103 de a \u00een\u021belege acest lucru este s\u0103 ne imagin\u0103m P\u0103m\u00e2ntul ca pe un corp uman: o febr\u0103 de doar un grad poate p\u0103rea un lucru minor, dar atunci c\u00e2nd r\u0103m\u00e2ne constant\u0103, sl\u0103be\u0219te toate sistemele vitale.<\/p>\n\n\n\n<p>Tocmai aceasta este analogia care explic\u0103 dezechilibrul climatic actual.<\/p>\n\n\n\n<h3 class=\"wp-block-heading\"><strong>Milioane de oameni tr\u0103iesc deja cu consecin\u021bele.<\/strong> <strong>a crizei climatice globale<\/strong><\/h3>\n\n\n\n<p>\u00cen 2025, repercusiunile nu mai apar\u021bin viitorului. <\/p>\n\n\n\n<p>Na\u021biunile Unite estimeaz\u0103 c\u0103 <strong>peste 3,6 miliarde de oameni<\/strong> tr\u0103iesc \u00een regiuni extrem de vulnerabile la schimb\u0103rile climatice.<\/p>\n\n\n\n<p>Ora\u0219e precum Mexico City, S\u00e3o Paulo \u0219i Lima se confrunt\u0103 cu valuri de c\u0103ldur\u0103 care dep\u0103\u0219esc 40\u00b0C, \u00eenso\u021bite de restric\u021bii privind apa.<\/p>\n\n\n\n<p>Zonele rurale sufer\u0103 \u0219i mai mult: e\u0219ecul recoltelor \u0219i de\u0219ertificarea oblig\u0103 familii \u00eentregi s\u0103 \u00ee\u0219i abandoneze p\u0103m\u00e2nturile.<\/p>\n\n\n\n<p>\u00cen Africa Subsaharian\u0103, comunit\u0103\u021bi \u00eentregi sunt \u00een mi\u0219care \u00een c\u0103utarea hranei \u0219i a apei; \u00een America Central\u0103, migra\u021bia climatic\u0103 devine o realitate t\u0103cut\u0103, dar constant\u0103.<\/p>\n\n\n\n<h3 class=\"wp-block-heading\"><strong>Impactul asupra s\u0103n\u0103t\u0103\u021bii, economiei \u0219i nutri\u021biei<\/strong><\/h3>\n\n\n\n<p>\u00cenc\u0103lzirea global\u0103 are deja consecin\u021be tangibile asupra s\u0103n\u0103t\u0103\u021bii publice.<\/p>\n\n\n\n<p>Organiza\u021bia Mondial\u0103 a S\u0103n\u0103t\u0103\u021bii avertizeaz\u0103 c\u0103 bolile transmise de \u021b\u00e2n\u021bari, precum dengue \u0219i Zika, \u00ee\u0219i extind aria de r\u0103sp\u00e2ndire geografic\u0103.<\/p>\n\n\n\n<p>Spitalele, pe de alt\u0103 parte, se confrunt\u0103 cu o cre\u0219tere a cazurilor de deshidratare \u0219i epuizare din cauza c\u0103ldurii, \u00een special \u00een r\u00e2ndul adul\u021bilor \u00een v\u00e2rst\u0103 \u0219i al copiilor.<\/p>\n\n\n\n<p>Economia nu face excep\u021bie de la aceast\u0103 realitate. Un studiu realizat de <em>Banca Mondial\u0103<\/em> din 2024 a ar\u0103tat c\u0103 pierderile economice asociate dezastrelor naturale au dep\u0103\u0219it <strong>380 de miliarde de dolari anual<\/strong>.<\/p>\n\n\n\n<p>Turismul, agricultura \u0219i pescuitul sunt sectoarele cele mai afectate.<\/p>\n\n\n\n<p>\u00cen ceea ce prive\u0219te securitatea alimentar\u0103, schimb\u0103rile \u00een regimul precipita\u021biilor \u0219i cre\u0219terea d\u0103un\u0103torilor agricoli amenin\u021b\u0103 produc\u021bia de cereale de baz\u0103.<\/p>\n\n\n\n<p>Mexicul, de exemplu, a \u00eenregistrat o reducere a randamentelor de porumb cu 15 % \u00een ultimii ani din cauza secetelor prelungite, conform datelor de la <em>FAO<\/em>.<\/p>\n\n\n\n<figure class=\"wp-block-table\"><table><thead><tr><th><strong>Impactul climatic (2025)<\/strong><\/th><th><strong>Regiunea cea mai afectat\u0103<\/strong><\/th><th><strong>Consecin\u021b\u0103 principal\u0103<\/strong><\/th><\/tr><\/thead><tbody><tr><td>Secete prelungite<\/td><td>America Latin\u0103 \u0219i Africa<\/td><td>Deficit de ap\u0103 \u0219i pierderi de culturi<\/td><\/tr><tr><td>Valuri de c\u0103ldur\u0103 extreme<\/td><td>Europa \u0219i America de Nord<\/td><td>Cre\u0219terea bolilor respiratorii<\/td><\/tr><tr><td>Inunda\u021bii \u0219i furtuni<\/td><td>Asia \u0219i Pacificul<\/td><td>Deplas\u0103ri \u0219i daune aduse infrastructurii<\/td><\/tr><tr><td>Topirea polar\u0103<\/td><td>Arctica \u0219i Antarctica<\/td><td>Cre\u0219terea nivelului m\u0103rii<\/td><\/tr><\/tbody><\/table><figcaption class=\"wp-element-caption\">Criza climatic\u0103 global\u0103: impactul afecteaz\u0103 deja milioane de oameni<\/figcaption><\/figure>\n\n\n\n<figure class=\"wp-block-gallery aligncenter has-nested-images columns-default is-cropped wp-block-gallery-2 is-layout-flex wp-block-gallery-is-layout-flex\">\n<figure class=\"wp-block-image size-full\"><img loading=\"lazy\" decoding=\"async\" width=\"450\" height=\"250\" data-id=\"10071\" src=\"https:\/\/universofamilia.com\/wp-content\/uploads\/sites\/148\/2025\/10\/Destaque-Novo-Universo-1-1.jpg\" alt=\"\" class=\"wp-image-10071\" srcset=\"http:\/\/universofamilia.com\/wp-content\/uploads\/sites\/148\/2025\/10\/Destaque-Novo-Universo-1-1.jpg 450w, http:\/\/universofamilia.com\/wp-content\/uploads\/sites\/148\/2025\/10\/Destaque-Novo-Universo-1-1-300x167.jpg 300w, http:\/\/universofamilia.com\/wp-content\/uploads\/sites\/148\/2025\/10\/Destaque-Novo-Universo-1-1-18x10.jpg 18w\" sizes=\"(max-width: 450px) 100vw, 450px\" \/><figcaption class=\"wp-element-caption\">CANVA<\/figcaption><\/figure>\n<\/figure>\n\n\n\n<p>Cite\u015fte mai mult:&nbsp;<a href=\"http:\/\/universofamilia.com\/ro\/los-paises-mas-avanzados-en-regulacion-de-ia-en-2025\/\">Cele mai avansate \u021b\u0103ri \u00een reglementarea inteligen\u021bei artificiale \u00een 2025<\/a><\/p>\n\n\n\n<h3 class=\"wp-block-heading\"><strong>Dou\u0103 exemple care demonstreaz\u0103 gravitatea<\/strong><\/h3>\n\n\n\n<p><strong>Exemplul 1:<\/strong> \u00cen 2024, ora\u0219ul Chennai din India a r\u0103mas f\u0103r\u0103 ap\u0103 potabil\u0103 timp de s\u0103pt\u0103m\u00e2ni \u00eentregi.<\/p>\n\n\n\n<p>Cauza: o combina\u021bie de secete intense \u0219i o gestionare ineficient\u0103 a resurselor.<\/p>\n\n\n\n<p>Ceea ce a \u00eenceput ca o problem\u0103 local\u0103 a devenit un avertisment global cu privire la riscul de colaps cauzat de inunda\u021bii \u00een ora\u0219ele mari.<\/p>\n\n\n\n<p><strong>Exemplul 2:<\/strong> \u00cen Mexic, comunit\u0103\u021bile din Chiapas raporteaz\u0103 c\u0103 regimul precipita\u021biilor s-a schimbat dramatic \u00een ultimul deceniu.<\/p>\n\n\n\n<p>Cultivatorii tradi\u021bionali de cafea au v\u0103zut cum recoltele lor au e\u0219uat, for\u021b\u00e2ndu-i s\u0103 migreze la altitudini mai mari sau s\u0103 se orienteze c\u0103tre alte culturi.<\/p>\n\n\n\n<p>Aceste cazuri ilustreaz\u0103 modul \u00een care <strong>Criza climatic\u0103 global\u0103: impactul afecteaz\u0103 deja milioane de oameni<\/strong> Nu este un fenomen \u00eendep\u0103rtat sau teoretic: schimb\u0103 realit\u0103\u021bile cotidiene.<\/p>\n\n\n\n<h3 class=\"wp-block-heading\"><strong>Ce se face pentru a reduce impactul<\/strong><\/h3>\n\n\n\n<p>La nivel interna\u021bional, acordurile climatice vizeaz\u0103 limitarea \u00eenc\u0103lzirii globale.<\/p>\n\n\n\n<p>El <em>Acordul de la Paris<\/em> r\u0103m\u00e2ne cadrul de referin\u021b\u0103, de\u0219i angajamentele na\u021bionale nu sunt \u00eenc\u0103 suficiente. <\/p>\n\n\n\n<p>\u00cen <em>COP29<\/em>La reuniunea din 2024, \u021b\u0103rile au fost \u00eendemnate s\u0103 \u00ee\u0219i reduc\u0103 emisiile cu 45% p\u00e2n\u0103 \u00een 2030.<\/p>\n\n\n\n<p>Cu toate acestea, rezultatele sunt mixte: \u00een timp ce Uniunea European\u0103 se \u00eendreapt\u0103 c\u0103tre energia regenerabil\u0103, alte regiuni \u00eenc\u0103 se bazeaz\u0103 pe c\u0103rbune \u0219i petrol.<\/p>\n\n\n\n<p>\u00cen America Latin\u0103, ini\u021biative precum <em>Planul de ac\u021biune climatic\u0103 al CEPALC<\/em> Acestea urm\u0103resc s\u0103 promoveze o tranzi\u021bie energetic\u0103 echitabil\u0103 prin stimularea energiei solare \u0219i eoliene. Mexicul, de exemplu, a inaugurat \u00een Sonora unul dintre cele mai mari parcuri solare din America Latin\u0103, capabil s\u0103 aprovizioneze peste un milion de locuin\u021be.<\/p>\n\n\n\n<p>La nivel individual, schimbarea \u00eencepe \u0219i acas\u0103. <\/p>\n\n\n\n<p>Reducerea consumului de carne, optarea pentru transportul public sau electric \u0219i sus\u021binerea m\u0103rcilor sustenabile sunt ac\u021biuni mici cu un impact colectiv mare.<\/p>\n\n\n\n<h3 class=\"wp-block-heading\"><strong>Putem inversa criza climatic\u0103 global\u0103?<\/strong><\/h3>\n\n\n\n<p>Aceasta este marea \u00eentrebare retoric\u0103 care pune la \u00eencercare guvernele, \u00eentreprinderile \u0219i cet\u0103\u021benii.<\/p>\n\n\n\n<p>De\u0219i pagubele sunt deja considerabile, exper\u021bii sunt de acord c\u0103 cele mai grave efecte pot fi \u00eenc\u0103 atenuate prin m\u0103suri decisive.<\/p>\n\n\n\n<p>Planeta are suficient\u0103 tehnologie pentru a accelera tranzi\u021bia verde, dar lipsesc voin\u021ba politic\u0103 \u0219i con\u0219tientizarea social\u0103.<\/p>\n\n\n\n<p>Viitorul va depinde de capacitatea de cooperare global\u0103 \u0219i de un angajament real fa\u021b\u0103 de sustenabilitate.<\/p>\n\n\n\n<p>Nu este vorba doar despre salvarea ecosistemelor, ci despre protejarea \u00eens\u0103\u0219i a supravie\u021buirii noastre ca specie.<\/p>\n\n\n\n<h3 class=\"wp-block-heading\"><strong>Concluzie<\/strong><\/h3>\n\n\n\n<p>Cel\/Cea\/Cei\/Cele <strong>Criza climatic\u0103 global\u0103: impactul afecteaz\u0103 deja milioane de oameni<\/strong> Este cea mai mare dovad\u0103 c\u0103 omenirea dep\u0103\u0219e\u0219te limitele planetei.<\/p>\n\n\n\n<p>Nu este vorba despre fric\u0103, ci despre responsabilitate. Fiecare val de c\u0103ldur\u0103, fiecare inunda\u021bie \u0219i fiecare incendiu ne aminte\u0219te c\u0103 natura reac\u021bioneaz\u0103 la ac\u021biunile noastre.<\/p>\n\n\n\n<p>Schimb\u0103rile climatice nu sunt o amenin\u021bare \u00eendep\u0103rtat\u0103, ci un prezent care necesit\u0103 ac\u021biuni imediate.<\/p>\n\n\n\n<p>Cunoa\u0219terea, inova\u021bia \u0219i empatia sunt cele mai bune instrumente ale noastre pentru a o \u00eenfrunta. Dac\u0103 secolul XX a fost un secol al industrializ\u0103rii, secolul XXI trebuie s\u0103 fie un secol al restaur\u0103rii planetare.<\/p>\n\n\n\n<p>Cite\u015fte mai mult:&nbsp;<a href=\"http:\/\/universofamilia.com\/ro\/inteligencia-artificial-y-politica\/\">Inteligen\u021ba artificial\u0103 \u0219i politica<\/a><\/p>\n\n\n\n<h3 class=\"wp-block-heading\"><strong>\u00centreb\u0103ri frecvente<\/strong><\/h3>\n\n\n\n<p><strong>1. Care sunt principalele cauze ale crizei climatice globale?<\/strong><br>Emisiile de gaze cu efect de ser\u0103, \u00een principal dioxid de carbon \u0219i metan, provenite din utilizarea combustibililor fosili, defri\u0219\u0103ri \u0219i agricultur\u0103 intensiv\u0103.<\/p>\n\n\n\n<p><strong>2. Care regiuni ale lumii sunt cele mai vulnerabile?<\/strong><br>Africa, America Latin\u0103 \u0219i Asia de Sud-Est se confrunt\u0103 cu cele mai mari riscuri din cauza dependen\u021bei lor ridicate de agricultur\u0103 \u0219i a infrastructurii limitate de adaptare.<\/p>\n\n\n\n<p><strong>3. Ce poate face o persoan\u0103 obi\u0219nuit\u0103?<\/strong><br>Economisi\u021bi energie, reduce\u021bi consumul de plastic, recicla\u021bi, sus\u021bine\u021bi politicile ecologice \u0219i educa\u021bi-i pe ceilal\u021bi cu privire la impactul asupra climei.<\/p>\n\n\n\n<p>Ac\u021biunile individuale, \u00eenmul\u021bite de milioane, genereaz\u0103 schimbare.<\/p>\n\n\n\n<p><strong>4. Ce se va \u00eent\u00e2mpla dac\u0103 nu se iau m\u0103suri urgente?<\/strong><br>Temperaturile ar putea cre\u0219te cu p\u00e2n\u0103 la 2,8\u00b0C p\u00e2n\u0103 \u00een 2100, declan\u0219\u00e2nd colapsul ecosistemului, penurie de alimente, migra\u021bie \u00een mas\u0103 \u0219i impacturi economice severe.<\/p>\n\n\n\n<p><strong>5. Exist\u0103 o speran\u021b\u0103 real\u0103 pentru o schimbare?<\/strong><br>Da. Fiecare <a href=\"http:\/\/universofamilia.com\/ro\/los-paises-mas-avanzados-en-regulacion-de-ia-en-2025\/\">inova\u0163ie<\/a> <a href=\"http:\/\/universofamilia.com\/ro\/inteligencia-artificial-y-politica\/\">tehnologic<\/a>, fiecare politic\u0103 climatic\u0103 eficient\u0103 \u0219i fiecare decizie con\u0219tient\u0103 conteaz\u0103.<\/p>\n\n\n\n<p>Schimb\u0103rile climatice reprezint\u0103 o provocare, dar \u0219i o oportunitate de a redefini rela\u021bia dintre umanitate \u0219i planet\u0103.<\/p>","protected":false},"excerpt":{"rendered":"<p>La crise clim\u00e1tica global: los impactos que ya afectan a millones se ha convertido en uno de los desaf\u00edos m\u00e1s urgentes del siglo XXI. Sequ\u00edas prolongadas, olas de calor extremo, incendios forestales, deshielos acelerados y migraciones masivas son apenas algunas de sus consecuencias visibles.Sumario: \u00bfQu\u00e9 significa realmente la Crisi clim\u00e1tica global? La Crisis clim\u00e1tica global: [&hellip;]<\/p>","protected":false},"author":219,"featured_media":10069,"comment_status":"closed","ping_status":"open","sticky":false,"template":"","format":"standard","meta":{"footnotes":""},"categories":[4],"tags":[],"yoast_head":"<!-- This site is optimized with the Yoast SEO plugin v23.3 - https:\/\/yoast.com\/wordpress\/plugins\/seo\/ -->\n<title>Crisis clim\u00e1tica global: los impactos que ya est\u00e1n afectando a millones - Universo Fam\u00edlia<\/title>\n<meta name=\"description\" content=\"La crise clim\u00e1tica global: los impactos que ya afectan a millones se ha convertido en uno de los desaf\u00edos m\u00e1s urgentes del siglo XXI.\" \/>\n<meta name=\"robots\" content=\"index, follow, max-snippet:-1, max-image-preview:large, max-video-preview:-1\" \/>\n<link rel=\"canonical\" href=\"http:\/\/universofamilia.com\/ro\/crisis-climatica-global\/\" \/>\n<meta property=\"og:locale\" content=\"ro_RO\" \/>\n<meta property=\"og:type\" content=\"article\" \/>\n<meta property=\"og:title\" content=\"Crisis clim\u00e1tica global: los impactos que ya est\u00e1n afectando a millones - Universo Fam\u00edlia\" \/>\n<meta property=\"og:description\" content=\"La crise clim\u00e1tica global: los impactos que ya afectan a millones se ha convertido en uno de los desaf\u00edos m\u00e1s urgentes del siglo XXI.\" \/>\n<meta property=\"og:url\" content=\"http:\/\/universofamilia.com\/ro\/crisis-climatica-global\/\" \/>\n<meta property=\"og:site_name\" content=\"Universo Fam\u00edlia\" \/>\n<meta property=\"article:published_time\" content=\"2025-10-13T15:28:29+00:00\" \/>\n<meta property=\"article:modified_time\" content=\"2025-10-13T21:26:17+00:00\" \/>\n<meta property=\"og:image\" content=\"http:\/\/universofamilia.com\/wp-content\/uploads\/sites\/148\/2025\/10\/Destaque-Novo-Universo.jpg\" \/>\n\t<meta property=\"og:image:width\" content=\"450\" \/>\n\t<meta property=\"og:image:height\" content=\"250\" \/>\n\t<meta property=\"og:image:type\" content=\"image\/jpeg\" \/>\n<meta name=\"author\" content=\"Matheus Sangaletti\" \/>\n<meta name=\"twitter:card\" content=\"summary_large_image\" \/>\n<meta name=\"twitter:label1\" content=\"Written by\" \/>\n\t<meta name=\"twitter:data1\" content=\"Matheus Sangaletti\" \/>\n\t<meta name=\"twitter:label2\" content=\"Est. reading time\" \/>\n\t<meta name=\"twitter:data2\" content=\"8 minute\" \/>\n<script type=\"application\/ld+json\" class=\"yoast-schema-graph\">{\"@context\":\"https:\/\/schema.org\",\"@graph\":[{\"@type\":\"WebPage\",\"@id\":\"http:\/\/universofamilia.com\/crisis-climatica-global\/\",\"url\":\"http:\/\/universofamilia.com\/crisis-climatica-global\/\",\"name\":\"Crisis clim\u00e1tica global: los impactos que ya est\u00e1n afectando a millones - Universo Fam\u00edlia\",\"isPartOf\":{\"@id\":\"https:\/\/universofamilia.com\/el\/#website\"},\"primaryImageOfPage\":{\"@id\":\"http:\/\/universofamilia.com\/crisis-climatica-global\/#primaryimage\"},\"image\":{\"@id\":\"http:\/\/universofamilia.com\/crisis-climatica-global\/#primaryimage\"},\"thumbnailUrl\":\"http:\/\/universofamilia.com\/wp-content\/uploads\/sites\/148\/2025\/10\/Destaque-Novo-Universo.jpg\",\"datePublished\":\"2025-10-13T15:28:29+00:00\",\"dateModified\":\"2025-10-13T21:26:17+00:00\",\"author\":{\"@id\":\"https:\/\/universofamilia.com\/el\/#\/schema\/person\/92fcd07e9b1f4323bf74f3170fc0f78a\"},\"description\":\"La crise clim\u00e1tica global: los impactos que ya afectan a millones se ha convertido en uno de los desaf\u00edos m\u00e1s urgentes del siglo XXI.\",\"breadcrumb\":{\"@id\":\"http:\/\/universofamilia.com\/crisis-climatica-global\/#breadcrumb\"},\"inLanguage\":\"ro-RO\",\"potentialAction\":[{\"@type\":\"ReadAction\",\"target\":[\"http:\/\/universofamilia.com\/crisis-climatica-global\/\"]}]},{\"@type\":\"ImageObject\",\"inLanguage\":\"ro-RO\",\"@id\":\"http:\/\/universofamilia.com\/crisis-climatica-global\/#primaryimage\",\"url\":\"http:\/\/universofamilia.com\/wp-content\/uploads\/sites\/148\/2025\/10\/Destaque-Novo-Universo.jpg\",\"contentUrl\":\"http:\/\/universofamilia.com\/wp-content\/uploads\/sites\/148\/2025\/10\/Destaque-Novo-Universo.jpg\",\"width\":450,\"height\":250},{\"@type\":\"BreadcrumbList\",\"@id\":\"http:\/\/universofamilia.com\/crisis-climatica-global\/#breadcrumb\",\"itemListElement\":[{\"@type\":\"ListItem\",\"position\":1,\"name\":\"Home\",\"item\":\"https:\/\/universofamilia.com\/el\/\"},{\"@type\":\"ListItem\",\"position\":2,\"name\":\"Crisis clim\u00e1tica global: los impactos que ya est\u00e1n afectando a millones\"}]},{\"@type\":\"WebSite\",\"@id\":\"https:\/\/universofamilia.com\/el\/#website\",\"url\":\"https:\/\/universofamilia.com\/el\/\",\"name\":\"Universo Fam\u00edlia\",\"description\":\"\",\"potentialAction\":[{\"@type\":\"SearchAction\",\"target\":{\"@type\":\"EntryPoint\",\"urlTemplate\":\"https:\/\/universofamilia.com\/el\/?s={search_term_string}\"},\"query-input\":\"required name=search_term_string\"}],\"inLanguage\":\"ro-RO\"},{\"@type\":\"Person\",\"@id\":\"https:\/\/universofamilia.com\/el\/#\/schema\/person\/92fcd07e9b1f4323bf74f3170fc0f78a\",\"name\":\"Matheus Sangaletti\",\"image\":{\"@type\":\"ImageObject\",\"inLanguage\":\"ro-RO\",\"@id\":\"https:\/\/universofamilia.com\/el\/#\/schema\/person\/image\/\",\"url\":\"http:\/\/2.gravatar.com\/avatar\/280ea957a14a48e6a1ad2133d2cc27c9?s=96&d=mm&r=g\",\"contentUrl\":\"http:\/\/2.gravatar.com\/avatar\/280ea957a14a48e6a1ad2133d2cc27c9?s=96&d=mm&r=g\",\"caption\":\"Matheus Sangaletti\"},\"url\":\"http:\/\/universofamilia.com\/ro\/author\/matheuss\/\"}]}<\/script>\n<!-- \/ Yoast SEO plugin. -->","yoast_head_json":{"title":"Crisis clim\u00e1tica global: los impactos que ya est\u00e1n afectando a millones - Universo Fam\u00edlia","description":"La crise clim\u00e1tica global: los impactos que ya afectan a millones se ha convertido en uno de los desaf\u00edos m\u00e1s urgentes del siglo XXI.","robots":{"index":"index","follow":"follow","max-snippet":"max-snippet:-1","max-image-preview":"max-image-preview:large","max-video-preview":"max-video-preview:-1"},"canonical":"http:\/\/universofamilia.com\/ro\/crisis-climatica-global\/","og_locale":"ro_RO","og_type":"article","og_title":"Crisis clim\u00e1tica global: los impactos que ya est\u00e1n afectando a millones - Universo Fam\u00edlia","og_description":"La crise clim\u00e1tica global: los impactos que ya afectan a millones se ha convertido en uno de los desaf\u00edos m\u00e1s urgentes del siglo XXI.","og_url":"http:\/\/universofamilia.com\/ro\/crisis-climatica-global\/","og_site_name":"Universo Fam\u00edlia","article_published_time":"2025-10-13T15:28:29+00:00","article_modified_time":"2025-10-13T21:26:17+00:00","og_image":[{"width":450,"height":250,"url":"http:\/\/universofamilia.com\/wp-content\/uploads\/sites\/148\/2025\/10\/Destaque-Novo-Universo.jpg","type":"image\/jpeg"}],"author":"Matheus Sangaletti","twitter_card":"summary_large_image","twitter_misc":{"Written by":"Matheus Sangaletti","Est. reading time":"8 minute"},"schema":{"@context":"https:\/\/schema.org","@graph":[{"@type":"WebPage","@id":"http:\/\/universofamilia.com\/crisis-climatica-global\/","url":"http:\/\/universofamilia.com\/crisis-climatica-global\/","name":"Crisis clim\u00e1tica global: los impactos que ya est\u00e1n afectando a millones - Universo Fam\u00edlia","isPartOf":{"@id":"https:\/\/universofamilia.com\/el\/#website"},"primaryImageOfPage":{"@id":"http:\/\/universofamilia.com\/crisis-climatica-global\/#primaryimage"},"image":{"@id":"http:\/\/universofamilia.com\/crisis-climatica-global\/#primaryimage"},"thumbnailUrl":"http:\/\/universofamilia.com\/wp-content\/uploads\/sites\/148\/2025\/10\/Destaque-Novo-Universo.jpg","datePublished":"2025-10-13T15:28:29+00:00","dateModified":"2025-10-13T21:26:17+00:00","author":{"@id":"https:\/\/universofamilia.com\/el\/#\/schema\/person\/92fcd07e9b1f4323bf74f3170fc0f78a"},"description":"La crise clim\u00e1tica global: los impactos que ya afectan a millones se ha convertido en uno de los desaf\u00edos m\u00e1s urgentes del siglo XXI.","breadcrumb":{"@id":"http:\/\/universofamilia.com\/crisis-climatica-global\/#breadcrumb"},"inLanguage":"ro-RO","potentialAction":[{"@type":"ReadAction","target":["http:\/\/universofamilia.com\/crisis-climatica-global\/"]}]},{"@type":"ImageObject","inLanguage":"ro-RO","@id":"http:\/\/universofamilia.com\/crisis-climatica-global\/#primaryimage","url":"http:\/\/universofamilia.com\/wp-content\/uploads\/sites\/148\/2025\/10\/Destaque-Novo-Universo.jpg","contentUrl":"http:\/\/universofamilia.com\/wp-content\/uploads\/sites\/148\/2025\/10\/Destaque-Novo-Universo.jpg","width":450,"height":250},{"@type":"BreadcrumbList","@id":"http:\/\/universofamilia.com\/crisis-climatica-global\/#breadcrumb","itemListElement":[{"@type":"ListItem","position":1,"name":"Home","item":"https:\/\/universofamilia.com\/el\/"},{"@type":"ListItem","position":2,"name":"Crisis clim\u00e1tica global: los impactos que ya est\u00e1n afectando a millones"}]},{"@type":"WebSite","@id":"https:\/\/universofamilia.com\/el\/#website","url":"https:\/\/universofamilia.com\/el\/","name":"Universo Fam\u00edlia","description":"","potentialAction":[{"@type":"SearchAction","target":{"@type":"EntryPoint","urlTemplate":"https:\/\/universofamilia.com\/el\/?s={search_term_string}"},"query-input":"required name=search_term_string"}],"inLanguage":"ro-RO"},{"@type":"Person","@id":"https:\/\/universofamilia.com\/el\/#\/schema\/person\/92fcd07e9b1f4323bf74f3170fc0f78a","name":"Matheus Sangaletti","image":{"@type":"ImageObject","inLanguage":"ro-RO","@id":"https:\/\/universofamilia.com\/el\/#\/schema\/person\/image\/","url":"http:\/\/2.gravatar.com\/avatar\/280ea957a14a48e6a1ad2133d2cc27c9?s=96&d=mm&r=g","contentUrl":"http:\/\/2.gravatar.com\/avatar\/280ea957a14a48e6a1ad2133d2cc27c9?s=96&d=mm&r=g","caption":"Matheus Sangaletti"},"url":"http:\/\/universofamilia.com\/ro\/author\/matheuss\/"}]}},"_links":{"self":[{"href":"http:\/\/universofamilia.com\/ro\/wp-json\/wp\/v2\/posts\/10068"}],"collection":[{"href":"http:\/\/universofamilia.com\/ro\/wp-json\/wp\/v2\/posts"}],"about":[{"href":"http:\/\/universofamilia.com\/ro\/wp-json\/wp\/v2\/types\/post"}],"author":[{"embeddable":true,"href":"http:\/\/universofamilia.com\/ro\/wp-json\/wp\/v2\/users\/219"}],"replies":[{"embeddable":true,"href":"http:\/\/universofamilia.com\/ro\/wp-json\/wp\/v2\/comments?post=10068"}],"version-history":[{"count":2,"href":"http:\/\/universofamilia.com\/ro\/wp-json\/wp\/v2\/posts\/10068\/revisions"}],"predecessor-version":[{"id":10122,"href":"http:\/\/universofamilia.com\/ro\/wp-json\/wp\/v2\/posts\/10068\/revisions\/10122"}],"wp:featuredmedia":[{"embeddable":true,"href":"http:\/\/universofamilia.com\/ro\/wp-json\/wp\/v2\/media\/10069"}],"wp:attachment":[{"href":"http:\/\/universofamilia.com\/ro\/wp-json\/wp\/v2\/media?parent=10068"}],"wp:term":[{"taxonomy":"category","embeddable":true,"href":"http:\/\/universofamilia.com\/ro\/wp-json\/wp\/v2\/categories?post=10068"},{"taxonomy":"post_tag","embeddable":true,"href":"http:\/\/universofamilia.com\/ro\/wp-json\/wp\/v2\/tags?post=10068"}],"curies":[{"name":"wp","href":"https:\/\/api.w.org\/{rel}","templated":true}]}}