{"id":10165,"date":"2025-10-16T15:39:54","date_gmt":"2025-10-16T18:39:54","guid":{"rendered":"https:\/\/universofamilia.com\/?p=10165"},"modified":"2025-10-16T15:39:57","modified_gmt":"2025-10-16T18:39:57","slug":"elecciones-en-todo-el-mundo-en-2025-tendencias-y-retos","status":"publish","type":"post","link":"http:\/\/universofamilia.com\/ro\/elecciones-en-todo-el-mundo-en-2025-tendencias-y-retos\/","title":{"rendered":"Alegerile din \u00eentreaga lume \u00een 2025: tendin\u021be \u0219i provoc\u0103ri"},"content":{"rendered":"<p class=\"has-text-align-center\">Din primul paragraf: <strong>Alegerile din \u00eentreaga lume \u00een 2025: tendin\u021be \u0219i provoc\u0103ri<\/strong> Nu este doar un titlu: ofer\u0103 o imagine vie a conflictelor politice, a inova\u021biilor democratice \u0219i a riscurilor care definesc cursul global.<\/p>\n\n\n\n<figure class=\"wp-block-gallery aligncenter has-nested-images columns-default is-cropped wp-block-gallery-1 is-layout-flex wp-block-gallery-is-layout-flex\">\n<figure class=\"wp-block-image size-full\"><img loading=\"lazy\" decoding=\"async\" width=\"450\" height=\"250\" data-id=\"10167\" src=\"https:\/\/universofamilia.com\/wp-content\/uploads\/sites\/148\/2025\/10\/Destaque-Novo-Universo-9-1.jpg\" alt=\"\" class=\"wp-image-10167\" srcset=\"http:\/\/universofamilia.com\/wp-content\/uploads\/sites\/148\/2025\/10\/Destaque-Novo-Universo-9-1.jpg 450w, http:\/\/universofamilia.com\/wp-content\/uploads\/sites\/148\/2025\/10\/Destaque-Novo-Universo-9-1-300x167.jpg 300w, http:\/\/universofamilia.com\/wp-content\/uploads\/sites\/148\/2025\/10\/Destaque-Novo-Universo-9-1-18x10.jpg 18w\" sizes=\"(max-width: 450px) 100vw, 450px\" \/><figcaption class=\"wp-element-caption\">CANVA<\/figcaption><\/figure>\n<\/figure>\n\n\n\n<p class=\"has-text-align-center\">Iat\u0103 o analiz\u0103 concis\u0103: ve\u021bi \u00een\u021belege for\u021bele care modeleaz\u0103 alegerile actuale, cele mai presante obstacole \u0219i cum \u00ee\u0219i pot consolida cet\u0103\u021benii sistemele de reprezentare.<\/p>\n\n\n\n<p><strong>Rezumat<\/strong><\/p>\n\n\n\n<ul>\n<li>Prezentare general\u0103: De ce conteaz\u0103 anul 2025<\/li>\n\n\n\n<li>Tendin\u021be dominante \u00een procesele electorale<\/li>\n\n\n\n<li>Provoc\u0103ri care amenin\u021b\u0103 legitimitatea democratic\u0103<\/li>\n\n\n\n<li>Dou\u0103 cazuri ilustrative<\/li>\n\n\n\n<li>Strategii pentru protejarea unor alegeri credibile<\/li>\n\n\n\n<li>Concluzie reflexiv\u0103<\/li>\n\n\n\n<li>\u00centreb\u0103ri frecvente<\/li>\n<\/ul>\n\n\n\n<h2 class=\"wp-block-heading\">Prezentare general\u0103: De ce conteaz\u0103 anul 2025<\/h2>\n\n\n\n<p>Anul acesta marcheaz\u0103 un punct de cotitur\u0103: dup\u0103 ciclurile electorale masive din 2023 \u0219i 2024, a\u0219tept\u0103rile sunt stabilite pe consolidarea progreselor sau pe exacerbarea e\u0219ecurilor.<\/p>\n\n\n\n<p>Credibilitatea electoral\u0103 a suferit un declin global, potrivit Indexului Interna\u021bional IDEA, care \u00eenregistreaz\u0103 cel mai mare declin istoric al alegerilor libere \u0219i corecte \u00een 2023.<\/p>\n\n\n\n<p>\u00cen aproape 20 de alegeri na\u021bionale recente, cel pu\u021bin un candidat \u00eenvins a respins rezultatele.<\/p>\n\n\n\n<p>C\u00e2nd vorbe\u0219ti despre <strong>Alegerile din \u00eentreaga lume \u00een 2025: tendin\u021be \u0219i provoc\u0103ri<\/strong>Nu ceri o perspectiv\u0103 optimist\u0103, ci mai degrab\u0103 o viziune clar\u0103 \u0219i critic\u0103: \u0219tii c\u0103 \u00eencrederea este erodat\u0103, dar \u0219i c\u0103 exist\u0103 loc de ac\u021biune.<\/p>\n\n\n\n<h2 class=\"wp-block-heading\">Tendin\u021be dominante \u00een procesele electorale<\/h2>\n\n\n\n<h3 class=\"wp-block-heading\">Digitalizarea \u0219i noile metode de vot<\/h3>\n\n\n\n<p>Adoptarea mecanismelor digitale precum votul la distan\u021b\u0103, platformele criptate \u0219i auditurile tehnologice se intensific\u0103. <\/p>\n\n\n\n<p>Un studiu recent propune sisteme bazate pe <strong>blockchain<\/strong> pentru a cre\u0219te transparen\u021ba \u0219i a reduce vulnerabilit\u0103\u021bile.<\/p>\n\n\n\n<p>Aceast\u0103 schimbare tehnologic\u0103 poate fi un aliat puternic, de\u0219i necesit\u0103 condi\u021bii robuste de securitate \u0219i supraveghere.<\/p>\n\n\n\n<h3 class=\"wp-block-heading\">Sc\u0103derea particip\u0103rii \u0219i cre\u0219terea num\u0103rului de \u00eentreb\u0103ri<\/h3>\n\n\n\n<p>Sc\u0103derea ratei de participare este un simptom vizibil: pia\u021ba democratic\u0103 pierde cump\u0103r\u0103tori.<\/p>\n\n\n\n<p>Din 2008 p\u00e2n\u0103 \u00een 2023, prezen\u021ba medie la vot la nivel global a crescut de la 65,2% \u00een % la 55,5% \u00een %.<\/p>\n\n\n\n<p>Aceast\u0103 diferen\u021b\u0103 nu este doar statistic\u0103: implic\u0103 mii de voci care nu se mai simt reprezentate.<\/p>\n\n\n\n<p>Credibilitatea alegerilor este sub presiune: raportul IDEA indic\u0103 faptul c\u0103, \u00een 2024, o treime dintre aleg\u0103tori au votat \u00een \u021b\u0103ri cu procese de calitate inferioar\u0103 fa\u021b\u0103 de alegerile anterioare.<\/p>\n\n\n\n<h3 class=\"wp-block-heading\">Polarizare, manipulare digital\u0103 \u0219i fragilitate institu\u021bional\u0103<\/h3>\n\n\n\n<p>Propaganda \u021bintit\u0103, campaniile automatizate, deepfake-urile \u0219i astroturfing-ul p\u00e2ndesc.<\/p>\n\n\n\n<p>\u00cen Europa, au fost documentate cazuri \u00een care utilizarea algoritmilor a favorizat anumi\u021bi candida\u021bi \u0219i a dus la anularea par\u021bial\u0103 a rezultatelor.<\/p>\n\n\n\n<p>Aceast\u0103 convergen\u021b\u0103 \u00eentre tehnologie \u0219i dispute politice transform\u0103 fiecare alegere \u00eentr-un c\u00e2mp de lupt\u0103 invizibil.<\/p>\n\n\n\n<p>\u00cen acest scenariu, institu\u021biile electorale, mass-media independent\u0103 \u0219i auditurile joac\u0103 un rol decisiv.<\/p>\n\n\n\n<h2 class=\"wp-block-heading\">Provoc\u0103ri care amenin\u021b\u0103 legitimitatea democratic\u0103<\/h2>\n\n\n\n<h3 class=\"wp-block-heading\">Dezinformare sistemic\u0103<\/h3>\n\n\n\n<p>Av\u00e2nd \u00een vedere c\u0103 re\u021belele de socializare reprezint\u0103 un vector puternic, r\u0103sp\u00e2ndirea \u0219tirilor false poate distorsiona agenda, poate polariza societ\u0103\u021bile \u0219i poate sl\u0103bi \u00eencrederea institu\u021bional\u0103.<\/p>\n\n\n\n<p>Acesta este un inamic t\u0103cut, dar letal.<\/p>\n\n\n\n<h3 class=\"wp-block-heading\">Captura institu\u021bional\u0103 \u0219i frauda u\u0219oar\u0103<\/h3>\n\n\n\n<p>C\u00e2nd partidul de guvern\u0103m\u00e2nt manipuleaz\u0103 regulile electorale, controleaz\u0103 organisme independente sau folose\u0219te resursele statului \u00een propriul s\u0103u beneficiu, condi\u021biile de joc sunt inegale.<\/p>\n\n\n\n<p>\u00cen Burundi, de exemplu, alegerile parlamentare din 2025 au dus la excluderea opozi\u021biei \u0219i la victoria absolut\u0103 a partidului de guvern\u0103m\u00e2nt.<\/p>\n\n\n\n<p>Un alt caz notabil este cel al Belarusului: pre\u0219edintele Luka\u0219enko a c\u00e2\u0219tigat peste 85% din voturi \u00eentr-un scrutin descris pe scar\u0103 larg\u0103 drept o fars\u0103.<\/p>\n\n\n\n<p>Este o metafor\u0103 pentru sistemul electoral transformat \u00eentr-o ceremonie.<\/p>\n\n\n\n<h3 class=\"wp-block-heading\">Lacunele sociale \u0219i de acces<\/h3>\n\n\n\n<p>Inegalitatea structural\u0103, lipsa serviciilor, barierele geografice \u0219i deficitul digital marginalizeaz\u0103 segmente \u00eentregi ale electoratului. Dac\u0103 un cet\u0103\u021bean nu se poate informa, nu se poate \u00eenregistra sau nu poate ajunge la o sec\u021bie de votare, drepturile sale politice sunt \u00een\u0103bu\u0219ite.<\/p>\n\n\n\n<h3 class=\"wp-block-heading\">Violen\u021ba electoral\u0103 \u0219i insecuritatea<\/h3>\n\n\n\n<p>\u00cen multe \u021b\u0103ri, candida\u021bii sunt amenin\u021ba\u021bi, sec\u021biile de votare atacate, iar protestatarii reprima\u021bi.<\/p>\n\n\n\n<p>Potrivit Freedom House, acte de violen\u021b\u0103, intimidare sau agresiune au avut loc \u00een peste 40 de teritorii, \u00een cadrul c\u0103rora au avut loc alegeri na\u021bionale \u00een 2024.<\/p>\n\n\n\n<p>Amenin\u021barea nu este ipotetic\u0103: are o fa\u021b\u0103, un impact \u0219i consecin\u021be reale asupra percep\u021biei legitimit\u0103\u021bii.<\/p>\n\n\n\n<h2 class=\"wp-block-heading\">Dou\u0103 exemple ilustrative<\/h2>\n\n\n\n<p><strong>Cazul 1: Ecuador 2025 (America Latin\u0103)<\/strong><br>Alegerile generale din Ecuador din februarie-aprilie 2025 au ar\u0103tat o rat\u0103 de participare de 82% \u00een %.<\/p>\n\n\n\n<p>Se ridic\u0103 \u00eentreb\u0103ri: ce anume motiveaz\u0103 aceast\u0103 mobilizare, \u00een ciuda dezam\u0103girii generalizate?<\/p>\n\n\n\n<p>Factorii men\u021biona\u021bi includ polarizarea ridicat\u0103, prezen\u021ba unor candida\u021bi prieteno\u0219i cu presa \u0219i con\u0219tientizarea civic\u0103 activ\u0103. <\/p>\n\n\n\n<p>Este un exemplu c\u0103, chiar \u0219i \u00een contexte tensionate, ac\u021biunea colectiv\u0103 poate inversa tendin\u021bele.<\/p>\n\n\n\n<p><strong>Cazul 2: Liechtenstein 2025 (Europa)<\/strong><br>\u00centr-un context mult mai institu\u021bionalizat, Liechtenstein a organizat alegeri legislative cu o prezen\u021b\u0103 la vot de 76,3%.<\/p>\n\n\n\n<p>Rezultatul nu a fost nici spectaculos, nici dramatic, dar reflect\u0103 faptul c\u0103, chiar \u0219i \u00een microstatele existente, calitatea procesului conteaz\u0103: transparen\u021ba, pluralismul \u0219i regulile clare men\u021bin \u00eencrederea.<\/p>\n\n\n\n<p>Aceste mostre contrasteaz\u0103 diferite scenarii, unul cu tensiuni structurale ale democra\u021biei \u0219i altul cu stabilitate institu\u021bional\u0103, dar ambele confirm\u0103 c\u0103 <strong>Alegerile din \u00eentreaga lume \u00een 2025: tendin\u021be \u0219i provoc\u0103ri<\/strong> Ei opereaz\u0103 \u00een cadrul unor realit\u0103\u021bi diverse.<\/p>\n\n\n\n<h2 class=\"wp-block-heading\">Strategii pentru protejarea unor alegeri credibile<\/h2>\n\n\n\n<h3 class=\"wp-block-heading\">Educa\u021bie civic\u0103 digital\u0103<\/h3>\n\n\n\n<p>Educa\u021bi publicul cu privire la alfabetizarea media, func\u021bionarea institu\u021bional\u0103, verificarea surselor \u0219i canalele de raportare.<\/p>\n\n\n\n<p>Dac\u0103 cet\u0103\u021benii \u0219tiu cum func\u021bioneaz\u0103 frauda, reac\u021bioneaz\u0103 mai rapid.<\/p>\n\n\n\n<h3 class=\"wp-block-heading\">Observare incluziv\u0103 \u0219i audituri independente<\/h3>\n\n\n\n<p>Promovarea misiunilor locale \u0219i interna\u021bionale, a accesului public la num\u0103rarea voturilor, a auditurilor de transparen\u021b\u0103 \u0219i a particip\u0103rii organiza\u021biilor societ\u0103\u021bii civile.<\/p>\n\n\n\n<p>Supravegherea colectiv\u0103 ac\u021bioneaz\u0103 ca un control descurajant.<\/p>\n\n\n\n<h3 class=\"wp-block-heading\">Reglement\u0103ri specifice privind campaniile digitale<\/h3>\n\n\n\n<p>Stabili\u021bi limite pentru finan\u021barea re\u021belelor, solicita\u021bi transparen\u021b\u0103 algoritmic\u0103, reglementa\u021bi utilizarea inteligen\u021bei artificiale \u00een propaganda politic\u0103 \u0219i penaliza\u021bi utilizarea bo\u021bilor anonimi.<\/p>\n\n\n\n<p>Cadrul juridic digital trebuie s\u0103 \u021bin\u0103 pasul cu progresul tehnologic.<\/p>\n\n\n\n<h3 class=\"wp-block-heading\">Facilitarea votului<\/h3>\n\n\n\n<p>Adoptarea mecanismelor de vot anticipat, a programului prelungit de votare, a centrelor de votare mobile, a votului \u00een str\u0103in\u0103tate \u0219i eliminarea barierelor arbitrare de \u00eenregistrare, astfel \u00eenc\u00e2t fiecare cet\u0103\u021bean s\u0103 \u00ee\u0219i poat\u0103 exercita dreptul.<\/p>\n\n\n\n<h3 class=\"wp-block-heading\">Protec\u021bie institu\u021bional\u0103 robust\u0103<\/h3>\n\n\n\n<p>Asigura\u021bi-v\u0103 c\u0103 organismele electorale sunt autonome, finan\u021bate corespunz\u0103tor \u0219i supuse supravegherii civile. Dac\u0103 sunt capturate, \u00eentregul proces e\u0219ueaz\u0103.<\/p>\n\n\n\n<figure class=\"wp-block-gallery aligncenter has-nested-images columns-default is-cropped wp-block-gallery-2 is-layout-flex wp-block-gallery-is-layout-flex\">\n<figure class=\"wp-block-image size-full\"><img loading=\"lazy\" decoding=\"async\" width=\"450\" height=\"250\" data-id=\"10168\" src=\"https:\/\/universofamilia.com\/wp-content\/uploads\/sites\/148\/2025\/10\/Destaque-Novo-Universo-10.jpg\" alt=\"\" class=\"wp-image-10168\" srcset=\"http:\/\/universofamilia.com\/wp-content\/uploads\/sites\/148\/2025\/10\/Destaque-Novo-Universo-10.jpg 450w, http:\/\/universofamilia.com\/wp-content\/uploads\/sites\/148\/2025\/10\/Destaque-Novo-Universo-10-300x167.jpg 300w, http:\/\/universofamilia.com\/wp-content\/uploads\/sites\/148\/2025\/10\/Destaque-Novo-Universo-10-18x10.jpg 18w\" sizes=\"(max-width: 450px) 100vw, 450px\" \/><figcaption class=\"wp-element-caption\">CANVA<\/figcaption><\/figure>\n<\/figure>\n\n\n\n<p>Cite\u015fte mai mult:\u00a0<a href=\"http:\/\/universofamilia.com\/ro\/crisis-climatica-global\/\">Criza climatic\u0103 global\u0103: impactul afecteaz\u0103 deja milioane de oameni<\/a><\/p>\n\n\n\n<h2 class=\"wp-block-heading\">Concluzie reflexiv\u0103<\/h2>\n\n\n\n<p>C\u00e2nd iei \u00een considerare <strong>Alegerile din \u00eentreaga lume \u00een 2025: tendin\u021be \u0219i provoc\u0103ri<\/strong>, nu v\u0103 confrunta\u021bi cu un exerci\u021biu academic: v\u0103 confrunta\u021bi cu responsabilitatea colectiv\u0103 de a ap\u0103ra spa\u021bii de alegere autentic\u0103.<\/p>\n\n\n\n<p>Nu este suficient s\u0103 mergi pur \u0219i simplu la o sec\u021bie de votare; este esen\u021bial s\u0103 ceri integritate, vigilen\u021b\u0103 \u0219i corectitudine.<\/p>\n\n\n\n<p>Alegerile trebuie s\u0103 continue s\u0103 fie un moment \u00een care vocea cet\u0103\u021beanului decide, nu o simuleaz\u0103.<\/p>\n\n\n\n<p>Dac\u0103 permi\u021bi puterii s\u0103 se obi\u0219nuiasc\u0103 s\u0103 manipuleze f\u0103r\u0103 consecin\u021be, nu va mai exista cale de \u00eentoarcere.<\/p>\n\n\n\n<p>Totu\u0219i, fiecare reform\u0103, fiecare observator care cere transparen\u021b\u0103 \u0219i fiecare vecin care denun\u021b\u0103 neregulile construie\u0219te bariera \u00eempotriva autoritarismului.<\/p>\n\n\n\n<p>\u0218i tu? Vei permite ca procesul s\u0103 se desf\u0103\u0219oare f\u0103r\u0103 rezisten\u021b\u0103 sau vei deveni \u0219i un ap\u0103r\u0103tor activ al votului legitim?<\/p>\n\n\n\n<p>Cite\u015fte mai mult:\u00a0<a href=\"http:\/\/universofamilia.com\/ro\/ambiental\/\">10 ac\u021biuni sustenabile pentru reducerea crizei de mediu<\/a><\/p>\n\n\n\n<h2 class=\"wp-block-heading\">\u00centreb\u0103ri frecvente<\/h2>\n\n\n\n<p><strong>De ce este participarea cet\u0103\u021beneasc\u0103 at\u00e2t de sc\u0103zut\u0103 ast\u0103zi?<\/strong><br>Pentru c\u0103 mul\u021bi oameni nu au \u00eencredere \u00een partidele politice, simt c\u0103 vocea lor nu conteaz\u0103, nu au informa\u021bii fiabile sau se confrunt\u0103 cu obstacole practice \u00een calea votului.<\/p>\n\n\n\n<p><strong>Garanteaz\u0103 utilizarea tehnologiei electorale integritatea?<\/strong><br>Nu neap\u0103rat. Dac\u0103 nu este \u00eenso\u021bit\u0103 de audituri riguroase, transparen\u021b\u0103 deplin\u0103 \u0219i standarde clare, poate crea mai multe vulnerabilit\u0103\u021bi dec\u00e2t solu\u021bii.<\/p>\n\n\n\n<p><strong>\u00cen ce \u021b\u0103ri se observ\u0103 regrese democratice alarmante?<\/strong><br>\u00cen mai multe state cu guvern\u0103ri puternice, precum Belarus, Burundi \u0219i altele, unde opozi\u021bia este sistematic exclus\u0103 sau reprimat\u0103.<\/p>\n\n\n\n<p><strong>Cum pot cet\u0103\u021benii s\u0103 participe la ap\u0103rarea unor alegeri corecte?<\/strong><br>Raportarea neregulilor, sprijinirea observatoarelor, solicitarea accesului la datele electorale, participarea la dezbateri publice \u0219i solicitarea de reforme legislative.<\/p>","protected":false},"excerpt":{"rendered":"<p>Desde el primer p\u00e1rrafo: Elecciones en todo el mundo en 2025: tendencias y retos no es solo un titular: implica una radiograf\u00eda viva de conflictos pol\u00edticos, innovaciones democr\u00e1ticas y riesgos que definen el rumbo global. Aqu\u00ed tienes un an\u00e1lisis con prop\u00f3sito: comprender\u00e1s qu\u00e9 fuerzas moldean los comicios actuales, cu\u00e1les son sus obst\u00e1culos m\u00e1s urgentes y [&hellip;]<\/p>","protected":false},"author":219,"featured_media":10166,"comment_status":"closed","ping_status":"open","sticky":false,"template":"","format":"standard","meta":{"footnotes":""},"categories":[4],"tags":[],"yoast_head":"<!-- This site is optimized with the Yoast SEO plugin v23.3 - https:\/\/yoast.com\/wordpress\/plugins\/seo\/ -->\n<title>Elecciones en todo el mundo en 2025: tendencias y retos - Universo Fam\u00edlia<\/title>\n<meta name=\"description\" content=\"Desde el primer p\u00e1rrafo: Elecciones en todo el mundo en 2025: tendencias y retos no es solo un titular: implica una radiograf\u00eda viva de...\" \/>\n<meta name=\"robots\" content=\"index, follow, max-snippet:-1, max-image-preview:large, max-video-preview:-1\" \/>\n<link rel=\"canonical\" href=\"http:\/\/universofamilia.com\/ro\/elecciones-en-todo-el-mundo-en-2025-tendencias-y-retos\/\" \/>\n<meta property=\"og:locale\" content=\"ro_RO\" \/>\n<meta property=\"og:type\" content=\"article\" \/>\n<meta property=\"og:title\" content=\"Elecciones en todo el mundo en 2025: tendencias y retos - Universo Fam\u00edlia\" \/>\n<meta property=\"og:description\" content=\"Desde el primer p\u00e1rrafo: Elecciones en todo el mundo en 2025: tendencias y retos no es solo un titular: implica una radiograf\u00eda viva de...\" \/>\n<meta property=\"og:url\" content=\"http:\/\/universofamilia.com\/ro\/elecciones-en-todo-el-mundo-en-2025-tendencias-y-retos\/\" \/>\n<meta property=\"og:site_name\" content=\"Universo Fam\u00edlia\" \/>\n<meta property=\"article:published_time\" content=\"2025-10-16T18:39:54+00:00\" \/>\n<meta property=\"article:modified_time\" content=\"2025-10-16T18:39:57+00:00\" \/>\n<meta property=\"og:image\" content=\"http:\/\/universofamilia.com\/wp-content\/uploads\/sites\/148\/2025\/10\/Destaque-Novo-Universo-9.jpg\" \/>\n\t<meta property=\"og:image:width\" content=\"450\" \/>\n\t<meta property=\"og:image:height\" content=\"250\" \/>\n\t<meta property=\"og:image:type\" content=\"image\/jpeg\" \/>\n<meta name=\"author\" content=\"Matheus Sangaletti\" \/>\n<meta name=\"twitter:card\" content=\"summary_large_image\" \/>\n<meta name=\"twitter:label1\" content=\"Written by\" \/>\n\t<meta name=\"twitter:data1\" content=\"Matheus Sangaletti\" \/>\n\t<meta name=\"twitter:label2\" content=\"Est. reading time\" \/>\n\t<meta name=\"twitter:data2\" content=\"8 minute\" \/>\n<script type=\"application\/ld+json\" class=\"yoast-schema-graph\">{\"@context\":\"https:\/\/schema.org\",\"@graph\":[{\"@type\":\"WebPage\",\"@id\":\"http:\/\/universofamilia.com\/zh_hk\/elecciones-en-todo-el-mundo-en-2025-tendencias-y-retos\/\",\"url\":\"http:\/\/universofamilia.com\/zh_hk\/elecciones-en-todo-el-mundo-en-2025-tendencias-y-retos\/\",\"name\":\"Elecciones en todo el mundo en 2025: tendencias y retos - Universo Fam\u00edlia\",\"isPartOf\":{\"@id\":\"https:\/\/universofamilia.com\/el\/#website\"},\"primaryImageOfPage\":{\"@id\":\"http:\/\/universofamilia.com\/zh_hk\/elecciones-en-todo-el-mundo-en-2025-tendencias-y-retos\/#primaryimage\"},\"image\":{\"@id\":\"http:\/\/universofamilia.com\/zh_hk\/elecciones-en-todo-el-mundo-en-2025-tendencias-y-retos\/#primaryimage\"},\"thumbnailUrl\":\"http:\/\/universofamilia.com\/wp-content\/uploads\/sites\/148\/2025\/10\/Destaque-Novo-Universo-9.jpg\",\"datePublished\":\"2025-10-16T18:39:54+00:00\",\"dateModified\":\"2025-10-16T18:39:57+00:00\",\"author\":{\"@id\":\"https:\/\/universofamilia.com\/el\/#\/schema\/person\/92fcd07e9b1f4323bf74f3170fc0f78a\"},\"description\":\"Desde el primer p\u00e1rrafo: Elecciones en todo el mundo en 2025: tendencias y retos no es solo un titular: implica una radiograf\u00eda viva de...\",\"breadcrumb\":{\"@id\":\"http:\/\/universofamilia.com\/zh_hk\/elecciones-en-todo-el-mundo-en-2025-tendencias-y-retos\/#breadcrumb\"},\"inLanguage\":\"ro-RO\",\"potentialAction\":[{\"@type\":\"ReadAction\",\"target\":[\"http:\/\/universofamilia.com\/zh_hk\/elecciones-en-todo-el-mundo-en-2025-tendencias-y-retos\/\"]}]},{\"@type\":\"ImageObject\",\"inLanguage\":\"ro-RO\",\"@id\":\"http:\/\/universofamilia.com\/zh_hk\/elecciones-en-todo-el-mundo-en-2025-tendencias-y-retos\/#primaryimage\",\"url\":\"http:\/\/universofamilia.com\/wp-content\/uploads\/sites\/148\/2025\/10\/Destaque-Novo-Universo-9.jpg\",\"contentUrl\":\"http:\/\/universofamilia.com\/wp-content\/uploads\/sites\/148\/2025\/10\/Destaque-Novo-Universo-9.jpg\",\"width\":450,\"height\":250},{\"@type\":\"BreadcrumbList\",\"@id\":\"http:\/\/universofamilia.com\/zh_hk\/elecciones-en-todo-el-mundo-en-2025-tendencias-y-retos\/#breadcrumb\",\"itemListElement\":[{\"@type\":\"ListItem\",\"position\":1,\"name\":\"Home\",\"item\":\"https:\/\/universofamilia.com\/el\/\"},{\"@type\":\"ListItem\",\"position\":2,\"name\":\"Elecciones en todo el mundo en 2025: tendencias y retos\"}]},{\"@type\":\"WebSite\",\"@id\":\"https:\/\/universofamilia.com\/el\/#website\",\"url\":\"https:\/\/universofamilia.com\/el\/\",\"name\":\"Universo Fam\u00edlia\",\"description\":\"\",\"potentialAction\":[{\"@type\":\"SearchAction\",\"target\":{\"@type\":\"EntryPoint\",\"urlTemplate\":\"https:\/\/universofamilia.com\/el\/?s={search_term_string}\"},\"query-input\":\"required name=search_term_string\"}],\"inLanguage\":\"ro-RO\"},{\"@type\":\"Person\",\"@id\":\"https:\/\/universofamilia.com\/el\/#\/schema\/person\/92fcd07e9b1f4323bf74f3170fc0f78a\",\"name\":\"Matheus Sangaletti\",\"image\":{\"@type\":\"ImageObject\",\"inLanguage\":\"ro-RO\",\"@id\":\"https:\/\/universofamilia.com\/el\/#\/schema\/person\/image\/\",\"url\":\"http:\/\/2.gravatar.com\/avatar\/280ea957a14a48e6a1ad2133d2cc27c9?s=96&d=mm&r=g\",\"contentUrl\":\"http:\/\/2.gravatar.com\/avatar\/280ea957a14a48e6a1ad2133d2cc27c9?s=96&d=mm&r=g\",\"caption\":\"Matheus Sangaletti\"},\"url\":\"http:\/\/universofamilia.com\/ro\/author\/matheuss\/\"}]}<\/script>\n<!-- \/ Yoast SEO plugin. -->","yoast_head_json":{"title":"Elecciones en todo el mundo en 2025: tendencias y retos - Universo Fam\u00edlia","description":"Desde el primer p\u00e1rrafo: Elecciones en todo el mundo en 2025: tendencias y retos no es solo un titular: implica una radiograf\u00eda viva de...","robots":{"index":"index","follow":"follow","max-snippet":"max-snippet:-1","max-image-preview":"max-image-preview:large","max-video-preview":"max-video-preview:-1"},"canonical":"http:\/\/universofamilia.com\/ro\/elecciones-en-todo-el-mundo-en-2025-tendencias-y-retos\/","og_locale":"ro_RO","og_type":"article","og_title":"Elecciones en todo el mundo en 2025: tendencias y retos - Universo Fam\u00edlia","og_description":"Desde el primer p\u00e1rrafo: Elecciones en todo el mundo en 2025: tendencias y retos no es solo un titular: implica una radiograf\u00eda viva de...","og_url":"http:\/\/universofamilia.com\/ro\/elecciones-en-todo-el-mundo-en-2025-tendencias-y-retos\/","og_site_name":"Universo Fam\u00edlia","article_published_time":"2025-10-16T18:39:54+00:00","article_modified_time":"2025-10-16T18:39:57+00:00","og_image":[{"width":450,"height":250,"url":"http:\/\/universofamilia.com\/wp-content\/uploads\/sites\/148\/2025\/10\/Destaque-Novo-Universo-9.jpg","type":"image\/jpeg"}],"author":"Matheus Sangaletti","twitter_card":"summary_large_image","twitter_misc":{"Written by":"Matheus Sangaletti","Est. reading time":"8 minute"},"schema":{"@context":"https:\/\/schema.org","@graph":[{"@type":"WebPage","@id":"http:\/\/universofamilia.com\/zh_hk\/elecciones-en-todo-el-mundo-en-2025-tendencias-y-retos\/","url":"http:\/\/universofamilia.com\/zh_hk\/elecciones-en-todo-el-mundo-en-2025-tendencias-y-retos\/","name":"Elecciones en todo el mundo en 2025: tendencias y retos - Universo Fam\u00edlia","isPartOf":{"@id":"https:\/\/universofamilia.com\/el\/#website"},"primaryImageOfPage":{"@id":"http:\/\/universofamilia.com\/zh_hk\/elecciones-en-todo-el-mundo-en-2025-tendencias-y-retos\/#primaryimage"},"image":{"@id":"http:\/\/universofamilia.com\/zh_hk\/elecciones-en-todo-el-mundo-en-2025-tendencias-y-retos\/#primaryimage"},"thumbnailUrl":"http:\/\/universofamilia.com\/wp-content\/uploads\/sites\/148\/2025\/10\/Destaque-Novo-Universo-9.jpg","datePublished":"2025-10-16T18:39:54+00:00","dateModified":"2025-10-16T18:39:57+00:00","author":{"@id":"https:\/\/universofamilia.com\/el\/#\/schema\/person\/92fcd07e9b1f4323bf74f3170fc0f78a"},"description":"Desde el primer p\u00e1rrafo: Elecciones en todo el mundo en 2025: tendencias y retos no es solo un titular: implica una radiograf\u00eda viva de...","breadcrumb":{"@id":"http:\/\/universofamilia.com\/zh_hk\/elecciones-en-todo-el-mundo-en-2025-tendencias-y-retos\/#breadcrumb"},"inLanguage":"ro-RO","potentialAction":[{"@type":"ReadAction","target":["http:\/\/universofamilia.com\/zh_hk\/elecciones-en-todo-el-mundo-en-2025-tendencias-y-retos\/"]}]},{"@type":"ImageObject","inLanguage":"ro-RO","@id":"http:\/\/universofamilia.com\/zh_hk\/elecciones-en-todo-el-mundo-en-2025-tendencias-y-retos\/#primaryimage","url":"http:\/\/universofamilia.com\/wp-content\/uploads\/sites\/148\/2025\/10\/Destaque-Novo-Universo-9.jpg","contentUrl":"http:\/\/universofamilia.com\/wp-content\/uploads\/sites\/148\/2025\/10\/Destaque-Novo-Universo-9.jpg","width":450,"height":250},{"@type":"BreadcrumbList","@id":"http:\/\/universofamilia.com\/zh_hk\/elecciones-en-todo-el-mundo-en-2025-tendencias-y-retos\/#breadcrumb","itemListElement":[{"@type":"ListItem","position":1,"name":"Home","item":"https:\/\/universofamilia.com\/el\/"},{"@type":"ListItem","position":2,"name":"Elecciones en todo el mundo en 2025: tendencias y retos"}]},{"@type":"WebSite","@id":"https:\/\/universofamilia.com\/el\/#website","url":"https:\/\/universofamilia.com\/el\/","name":"Universo Fam\u00edlia","description":"","potentialAction":[{"@type":"SearchAction","target":{"@type":"EntryPoint","urlTemplate":"https:\/\/universofamilia.com\/el\/?s={search_term_string}"},"query-input":"required name=search_term_string"}],"inLanguage":"ro-RO"},{"@type":"Person","@id":"https:\/\/universofamilia.com\/el\/#\/schema\/person\/92fcd07e9b1f4323bf74f3170fc0f78a","name":"Matheus Sangaletti","image":{"@type":"ImageObject","inLanguage":"ro-RO","@id":"https:\/\/universofamilia.com\/el\/#\/schema\/person\/image\/","url":"http:\/\/2.gravatar.com\/avatar\/280ea957a14a48e6a1ad2133d2cc27c9?s=96&d=mm&r=g","contentUrl":"http:\/\/2.gravatar.com\/avatar\/280ea957a14a48e6a1ad2133d2cc27c9?s=96&d=mm&r=g","caption":"Matheus Sangaletti"},"url":"http:\/\/universofamilia.com\/ro\/author\/matheuss\/"}]}},"_links":{"self":[{"href":"http:\/\/universofamilia.com\/ro\/wp-json\/wp\/v2\/posts\/10165"}],"collection":[{"href":"http:\/\/universofamilia.com\/ro\/wp-json\/wp\/v2\/posts"}],"about":[{"href":"http:\/\/universofamilia.com\/ro\/wp-json\/wp\/v2\/types\/post"}],"author":[{"embeddable":true,"href":"http:\/\/universofamilia.com\/ro\/wp-json\/wp\/v2\/users\/219"}],"replies":[{"embeddable":true,"href":"http:\/\/universofamilia.com\/ro\/wp-json\/wp\/v2\/comments?post=10165"}],"version-history":[{"count":1,"href":"http:\/\/universofamilia.com\/ro\/wp-json\/wp\/v2\/posts\/10165\/revisions"}],"predecessor-version":[{"id":10169,"href":"http:\/\/universofamilia.com\/ro\/wp-json\/wp\/v2\/posts\/10165\/revisions\/10169"}],"wp:featuredmedia":[{"embeddable":true,"href":"http:\/\/universofamilia.com\/ro\/wp-json\/wp\/v2\/media\/10166"}],"wp:attachment":[{"href":"http:\/\/universofamilia.com\/ro\/wp-json\/wp\/v2\/media?parent=10165"}],"wp:term":[{"taxonomy":"category","embeddable":true,"href":"http:\/\/universofamilia.com\/ro\/wp-json\/wp\/v2\/categories?post=10165"},{"taxonomy":"post_tag","embeddable":true,"href":"http:\/\/universofamilia.com\/ro\/wp-json\/wp\/v2\/tags?post=10165"}],"curies":[{"name":"wp","href":"https:\/\/api.w.org\/{rel}","templated":true}]}}