{"id":10213,"date":"2025-10-27T12:35:00","date_gmt":"2025-10-27T15:35:00","guid":{"rendered":"https:\/\/universofamilia.com\/?p=10213"},"modified":"2025-10-27T12:35:18","modified_gmt":"2025-10-27T15:35:18","slug":"economia-mundial-en-2025-recesion-o-recuperacion","status":"publish","type":"post","link":"http:\/\/universofamilia.com\/ro\/economia-mundial-en-2025-recesion-o-recuperacion\/","title":{"rendered":"Economia mondial\u0103 \u00een 2025: recesiune sau redresare?"},"content":{"rendered":"<p class=\"has-text-align-center\">Vom analiza perspectivele FMI asupra... <strong>economia mondial\u0103 \u00een 2025<\/strong>, factorii care indic\u0103 recesiune sau redresare \u0219i implica\u021biile acestora pentru America Latin\u0103.<\/p>\n\n\n\n<figure class=\"wp-block-gallery aligncenter has-nested-images columns-default is-cropped wp-block-gallery-1 is-layout-flex wp-block-gallery-is-layout-flex\">\n<figure class=\"wp-block-image size-full\"><img loading=\"lazy\" decoding=\"async\" width=\"450\" height=\"250\" data-id=\"10215\" src=\"https:\/\/universofamilia.com\/wp-content\/uploads\/sites\/148\/2025\/10\/Destaque-Novo-Universo-23-1.jpg\" alt=\"\" class=\"wp-image-10215\" srcset=\"http:\/\/universofamilia.com\/wp-content\/uploads\/sites\/148\/2025\/10\/Destaque-Novo-Universo-23-1.jpg 450w, http:\/\/universofamilia.com\/wp-content\/uploads\/sites\/148\/2025\/10\/Destaque-Novo-Universo-23-1-300x167.jpg 300w, http:\/\/universofamilia.com\/wp-content\/uploads\/sites\/148\/2025\/10\/Destaque-Novo-Universo-23-1-18x10.jpg 18w\" sizes=\"(max-width: 450px) 100vw, 450px\" \/><figcaption class=\"wp-element-caption\">CANVA<\/figcaption><\/figure>\n<\/figure>\n\n\n\n<p class=\"has-text-align-center\">De asemenea, vom explora ce decizii strategice ar putea face diferen\u021ba pentru \u021b\u0103ri \u0219i companii.<\/p>\n\n\n\n<p class=\"has-text-align-center\">Cu o abordare uman\u0103 \u0219i realist\u0103, voi explica clar de ce \u00eentrebarea <strong>\u201eFondul Monetar Interna\u021bional 2025: Recesiune sau redresare?\u201d<\/strong> este mai relevant\u0103 ca niciodat\u0103.<\/p>\n\n\n\n<p><br><strong>Economia global\u0103 \u00een 2025: recesiune sau redresare?<\/strong><\/p>\n\n\n\n<p>Este \u00een centrul dezbaterii economice din acest an \u0219i, de fapt, cuv\u00e2ntul cheie apare chiar de la primul r\u00e2nd pentru a-i \u00eent\u0103ri \u00een mod natural prezen\u021ba.<\/p>\n\n\n\n<p>Acesta nu este un scenariu ipotetic; datele recente ale FMI arat\u0103 c\u0103 cre\u0219terea economic\u0103 global\u0103 este proiectat\u0103 s\u0103 fie de aproximativ 3,2% \u00een trimestrul 3 al anului 2013 pentru acest an, doar o u\u0219oar\u0103 \u00eencetinire fa\u021b\u0103 de 3,3% \u00een trimestrul 3 al anului 2024.<\/p>\n\n\n\n<p>Simplu spus, economia global\u0103 nu este \u00een pragul colapsului, dar navigheaz\u0103 pe un teren dificil.<\/p>\n\n\n\n<p>E ca \u0219i cum ai conduce pe o autostrad\u0103 cu pavaj neted, dar cu o furtun\u0103 nea\u0219teptat\u0103 la orizont. Po\u021bi r\u0103m\u00e2ne pe curs, dar trebuie s\u0103-\u021bi ajustezi viteza, fr\u00e2nele \u0219i aten\u021bia.<\/p>\n\n\n\n<p>Aceast\u0103 analogie ajut\u0103 la \u00een\u021belegerea motivului pentru care acest moment necesit\u0103 pruden\u021b\u0103 \u0219i determinare.<\/p>\n\n\n\n<p>\u00cen continuare, vom examina principalii vectori de risc \u0219i oportunit\u0103\u021bi, cum difer\u0103 obstacolele pentru \u021b\u0103rile dezvoltate fa\u021b\u0103 de cele emergente \u0219i, \u00een final, care ar putea fi scenariile din lumea real\u0103 pentru tine, afacerea ta sau \u021bara ta din America Latin\u0103.<\/p>\n\n\n\n<h2 class=\"wp-block-heading\">Perspectiv\u0103 global\u0103: cre\u0219tere moderat\u0103, riscuri ridicate<\/h2>\n\n\n\n<p>Cea mai recent\u0103 edi\u021bie a raportului Perspective Economice Mondiale (WEO) al Fondului Monetar Interna\u021bional avertizeaz\u0103 c\u0103 cre\u0219terea economic\u0103 global\u0103 va \u00eencetini treptat: de la 3,3 % \u00een 2024 la aproximativ 3,2 % \u00een 2025 \u0219i 3,1 % \u00een 2026.<\/p>\n\n\n\n<ul>\n<li>\u00cen economiile avansate, cre\u0219terea este estimat\u0103 la aproximativ 1,5 % \u00een 2025.<\/li>\n\n\n\n<li>\u00cen pie\u021bele emergente \u0219i \u00een curs de dezvoltare, se a\u0219teapt\u0103 pu\u021bin peste 4 %, de\u0219i cu o tendin\u021b\u0103 clar\u0103 de cre\u0219tere.<\/li>\n<\/ul>\n\n\n\n<p>Aceast\u0103 \u00eencetinire a cre\u0219terii nu implic\u0103 automat o recesiune; cu toate acestea, spa\u021biul de manevr\u0103 este mult mai restr\u00e2ns.<\/p>\n\n\n\n<p>Factori precum tensiunile comerciale, problemele legate de oferta de for\u021b\u0103 de munc\u0103 \u0219i acumularea de datorii publice afecteaz\u0103 rezilien\u021ba.<\/p>\n\n\n\n<p>De exemplu, raportul noteaz\u0103 c\u0103 \u201eriscurile sunt \u00eenclinate spre sc\u0103dere\u201d.<\/p>\n\n\n\n<p>O statistic\u0103 relevant\u0103: conform WEO din octombrie 2025, cre\u0219terea global\u0103 estimat\u0103 este <strong>3.2 %<\/strong> pentru acest an.<\/p>\n\n\n\n<p>Imaginea care ne r\u0103m\u00e2ne este cea a unui balon care continu\u0103 s\u0103 se umfle, dar cu mici scurgeri: r\u0103m\u00e2ne \u00een aer, dar cu efort suplimentar \u0219i cu riscul de a se dezumfla dac\u0103 apar alte \u0219ocuri.<\/p>\n\n\n\n<p>\u00cen acest sens, titlul <strong>\u201eEconomia mondial\u0103 \u00een 2025: recesiune sau redresare?\u201d<\/strong> Este o \u00eentrebare pertinent\u0103 care necesit\u0103 o analiz\u0103 atent\u0103.<\/p>\n\n\n\n<h2 class=\"wp-block-heading\">Factorii care \u00eemping spre recesiune<\/h2>\n\n\n\n<h3 class=\"wp-block-heading\">a) Tensiuni comerciale \u0219i fragmentare<\/h3>\n\n\n\n<p>Reorganizarea lan\u021burilor valorice, \u00eempreun\u0103 cu majorarea tarifelor \u0219i a barierelor comerciale, genereaz\u0103 incertitudine. <\/p>\n\n\n\n<p>Raportul WEO avertizeaz\u0103 c\u0103 \u00een\u0103sprirea excesiv\u0103 a politicilor comerciale \u0219i fragmentarea global\u0103 ar putea \u00eempiedica investi\u021biile.<\/p>\n\n\n\n<h3 class=\"wp-block-heading\">b) Probleme pe pia\u021ba muncii \u0219i pe cele demografice<\/h3>\n\n\n\n<p>O popula\u021bie \u00eemb\u0103tr\u00e2nit\u0103, o rat\u0103 mai mic\u0103 de participare la for\u021ba de munc\u0103 \u0219i un deficit de for\u021b\u0103 de munc\u0103 calificat\u0103 \u00een r\u00e2ndul tinerilor sunt constr\u00e2ngeri structurale.<\/p>\n\n\n\n<p>Raportul indic\u0103 faptul c\u0103 stimularea cre\u0219terii economice necesit\u0103 \u00eembun\u0103t\u0103\u021birea particip\u0103rii la for\u021ba de munc\u0103 \u00een r\u00e2ndul adul\u021bilor \u00een v\u00e2rst\u0103 \u0219i al femeilor.<\/p>\n\n\n\n<h3 class=\"wp-block-heading\">c) Datorii mari \u0219i vulnerabilitate financiar\u0103<\/h3>\n\n\n\n<p>Combina\u021bia dintre cre\u0219terea economic\u0103 lent\u0103 \u0219i nivelurile ridicate ale datoriilor las\u0103 multor \u021b\u0103ri un spa\u021biu de manevr\u0103 limitat \u00een cazul unei crize.<\/p>\n\n\n\n<p>FMI avertizeaz\u0103 c\u0103 o corec\u021bie financiar\u0103, un scenariu considerat improbabil de mul\u021bi, r\u0103m\u00e2ne o amenin\u021bare latent\u0103.<\/p>\n\n\n\n<h3 class=\"wp-block-heading\">d) \u0218ocuri nea\u0219teptate: clim\u0103, geopolitic\u0103, tehnologie<\/h3>\n\n\n\n<p>Un exemplu ar putea fi un conflict regional care perturb\u0103 exporturile cheie sau o criz\u0103 energetic\u0103 brusc\u0103.<\/p>\n\n\n\n<p>\u00cen astfel de cazuri, riscul de a intra \u00een recesiune cre\u0219te dramatic.<\/p>\n\n\n\n<p>Analogia aici ar fi cea a unei biciclete care c\u0103l\u0103tore\u0219te cu un v\u00e2nt favorabil: de \u00eendat\u0103 ce v\u00e2ntul \u00ee\u0219i schimb\u0103 direc\u021bia, echilibrul se pierde.<\/p>\n\n\n\n<p>Prin urmare, un scenariu de recesiune nu pare a fi cel mai probabil scenariu \u00een 2025, dar nu poate fi exclus.<\/p>\n\n\n\n<p>\u0218i tocmai din cauza acestui nivel ridicat de risc se pune \u00eentrebarea <strong>\u201eEconomia mondial\u0103 \u00een 2025: recesiune sau redresare?\u201d<\/strong> ar trebui luat\u0103 \u00een serios.<\/p>\n\n\n\n<h2 class=\"wp-block-heading\">Factorii care determin\u0103 redresarea<\/h2>\n\n\n\n<h3 class=\"wp-block-heading\">a) Adaptare \u0219i rezilien\u021b\u0103<\/h3>\n\n\n\n<p>Faptul c\u0103 cre\u0219terea global\u0103 nu s-a pr\u0103bu\u0219it (3,2 %) indic\u0103 faptul c\u0103 exist\u0103 o capacitate de rezilien\u021b\u0103: sectoarele tehnologice, consumul intern pe pie\u021bele emergente \u0219i reducerea anumitor bariere comerciale contribuie.<\/p>\n\n\n\n<h3 class=\"wp-block-heading\">b) Poten\u021bialul pentru schimb\u0103ri structurale (IA, digitalizare)<\/h3>\n\n\n\n<p>Un studiu recent analizeaz\u0103 modul \u00een care adoptarea inteligen\u021bei artificiale (IA) afecteaz\u0103 Produsul Intern Brut (PIB) global, suger\u00e2nd c\u0103 productivitatea ar putea primi un impuls dac\u0103 este \u00eenso\u021bit\u0103 de politicile potrivite.<\/p>\n\n\n\n<h3 class=\"wp-block-heading\">c) Redresarea sectorului post-pandemie<\/h3>\n\n\n\n<p>Sectoarele care au r\u0103mas \u00een urm\u0103 \u00een timpul pandemiei (c\u0103l\u0103torii, agrement, servicii cu prezen\u021b\u0103 fizic\u0103) dau semne de redresare, permi\u021b\u00e2nd reactivarea unei p\u0103r\u021bi din \u201ecapitalul latent\u201d.<\/p>\n\n\n\n<h3 class=\"wp-block-heading\">d) Cooperarea interna\u021bional\u0103 \u0219i reformele structurale<\/h3>\n\n\n\n<p>Dac\u0103 guvernele opteaz\u0103 pentru politici mai coordonate, reduc\u00e2nd barierele comerciale \u0219i implement\u00e2nd reforme \u00een materie de productivitate, acestea pot aduce schimb\u0103ri semnificative.<\/p>\n\n\n\n<p>Raportul WEO men\u021bioneaz\u0103 c\u0103 \u201eac\u021biunile constructive pentru promovarea unui mediu comercial stabil \u0219i previzibil\u201d sunt esen\u021biale.<\/p>\n\n\n\n<p>Un exemplu concret: o \u021bar\u0103 latino-american\u0103 care investe\u0219te sistematic \u00een infrastructura digital\u0103 \u0219i educa\u021bia \u00een domeniul competen\u021belor tehnologice ar putea beneficia mult mai rapid dec\u00e2t una care continu\u0103 doar cu politici tradi\u021bionale. <\/p>\n\n\n\n<p>Aceasta este o ilustrare a modului \u00een care redresarea poate fi accelerat\u0103 dac\u0103 deciziile sunt luate \u00een conformitate cu contextul global.<\/p>\n\n\n\n<h2 class=\"wp-block-heading\">4. Scenarii posibile pentru 2025 \u0219i ce implic\u0103 acestea<\/h2>\n\n\n\n<h3 class=\"wp-block-heading\">Scenariul A \u2013 Stagnare u\u0219oar\u0103<\/h3>\n\n\n\n<p>\u00cen acest caz, cre\u0219terea r\u0103m\u00e2ne apropiat\u0103 de cea global\u0103 3 %, f\u0103r\u0103 recesiune, dar nici f\u0103r\u0103 o redresare viguroas\u0103.<\/p>\n\n\n\n<p>Companiile cresc moderat, dar fereastra pentru inovare se \u00eengusteaz\u0103.<\/p>\n\n\n\n<p>\u00cen acest scenariu, multe economii emergente continu\u0103 s\u0103 fie \u00een frunte, \u00een timp ce economiile avansate se clatin\u0103 u\u0219or.<\/p>\n\n\n\n<h3 class=\"wp-block-heading\">Scenariul B \u2013 Recuperare moderat\u0103, asem\u0103n\u0103toare melcului<\/h3>\n\n\n\n<p>Aici, adaptarea tehnologic\u0103, \u00eembun\u0103t\u0103\u021birile productivit\u0103\u021bii \u0219i cooperarea interna\u021bional\u0103 se combin\u0103 pentru a permite cre\u0219terea economic\u0103 la 3,5 % sau mai mult la nivel global.<\/p>\n\n\n\n<p>Pentru \u021b\u0103rile cu reforme active, aceasta \u00eenseamn\u0103 cre\u0219terea investi\u021biilor str\u0103ine, cre\u0219terea exporturilor cu valoare ad\u0103ugat\u0103 \u0219i \u00eembun\u0103t\u0103\u021birea ocup\u0103rii for\u021bei de munc\u0103.<\/p>\n\n\n\n<h3 class=\"wp-block-heading\">Scenariul C \u2013 Recesiune localizat\u0103 sau generalizat\u0103<\/h3>\n\n\n\n<p>De\u0219i este pu\u021bin probabil la nivel global, anumite \u021b\u0103ri sau regiuni ar putea intra \u00een recesiune - de exemplu, economiile cu datorii mari, crize bancare sau sectoare cheie afectate de \u0219ocuri externe.<\/p>\n\n\n\n<p>Titlul <strong>\u201eEconomia mondial\u0103 \u00een 2025: recesiune sau redresare?\u201d<\/strong> Acest lucru este pe deplin relevant aici: nu conteaz\u0103 at\u00e2t de mult dac\u0103 va exista o recesiune global\u0103 total\u0103, ci mai degrab\u0103 c\u00e2te \u0219i care \u021b\u0103ri ar putea fi excluse din ciclul pozitiv.<\/p>\n\n\n\n<p>Pentru cei care opereaz\u0103 \u00een America Latin\u0103 sau Mexic, aceasta \u00eenseamn\u0103 c\u0103 este vital s\u0103 nu presupun\u0103 c\u0103 \u201econtextul este neutru\u201d.<\/p>\n\n\n\n<p>Dac\u0103 v\u0103 afla\u021bi \u00een grupul de economii cu expunere la materii prime, turism sau sectoare sensibile, ar trebui s\u0103 planifica\u021bi pentru scenariul B sau C, nu doar pentru A.<\/p>\n\n\n\n<h2 class=\"wp-block-heading\">Ce pot face \u021b\u0103rile \u0219i companiile din America Latin\u0103?<\/h2>\n\n\n\n<h3 class=\"wp-block-heading\">Pentru \u021b\u0103ri<\/h3>\n\n\n\n<ul>\n<li>Prioritizarea politicilor de cre\u0219tere a productivit\u0103\u021bii: investi\u021bii \u00een capitalul uman, digitalizare \u0219i infrastructur\u0103.<\/li>\n\n\n\n<li>Consolidarea finan\u021belor publice: datorie accesibil\u0103, spa\u021biu de manevr\u0103 suficient \u00een fa\u021ba \u0219ocurilor externe.<\/li>\n\n\n\n<li>Promovarea deschiderii comerciale \u0219i a diversific\u0103rii pie\u021belor pentru a reduce dependen\u021ba de o singur\u0103 regiune.<\/li>\n<\/ul>\n\n\n\n<h3 class=\"wp-block-heading\">Pentru companii<\/h3>\n\n\n\n<ul>\n<li>Anticipa\u021bi scenariul de cre\u0219tere moderat\u0103: optimiza\u021bi costurile, c\u0103uta\u021bi pie\u021be de ni\u0219\u0103, adopta\u021bi tehnologia pentru a v\u0103 diferen\u021bia.<\/li>\n\n\n\n<li>Construi\u021bi rezilien\u021b\u0103 financiar\u0103: ave\u021bi lichidit\u0103\u021bi, un grad de \u00eendatorare mai sc\u0103zut \u0219i planuri de contingen\u021b\u0103 pentru perioade de recesiune.<\/li>\n\n\n\n<li>Privi\u021bi disrup\u021bia tehnologic\u0103 nu doar ca pe o amenin\u021bare, ci ca pe o oportunitate: imagina\u021bi-v\u0103 dou\u0103 startup-uri mexicane, una care a investit \u00een inteligen\u021ba artificial\u0103 \u00een logistic\u0103 \u0219i cealalt\u0103 care nu a f\u0103cut-o: prima \u00ee\u0219i poate stimula cre\u0219terea \u00eentr-o lume \u00een care eficien\u021ba este primordial\u0103.<\/li>\n<\/ul>\n\n\n\n<p>O analogie util\u0103: o companie este ca o barc\u0103 cu p\u00e2nze care navigheaz\u0103 pe o mare cu curen\u021bi slabi \u0219i v\u00e2nturi neregulate.<\/p>\n\n\n\n<p>Dac\u0103 \u00ee\u021bi reglezi velele (tehnologie), \u00ee\u021bi men\u021bii coca curat\u0103 (productivitate) \u0219i ai h\u0103r\u021bi actualizate (date economice), vei putea merge mai departe chiar \u0219i atunci c\u00e2nd v\u00e2ntul este u\u0219or.<\/p>\n\n\n\n<p>Cei care urmeaz\u0103 doar ruta tradi\u021bional\u0103 vor fi l\u0103sa\u021bi \u00een urm\u0103.<\/p>\n\n\n\n<figure class=\"wp-block-gallery aligncenter has-nested-images columns-default is-cropped wp-block-gallery-2 is-layout-flex wp-block-gallery-is-layout-flex\">\n<figure class=\"wp-block-image size-full\"><img loading=\"lazy\" decoding=\"async\" width=\"450\" height=\"250\" data-id=\"10216\" src=\"https:\/\/universofamilia.com\/wp-content\/uploads\/sites\/148\/2025\/10\/Destaque-Novo-Universo-24.jpg\" alt=\"\" class=\"wp-image-10216\" srcset=\"http:\/\/universofamilia.com\/wp-content\/uploads\/sites\/148\/2025\/10\/Destaque-Novo-Universo-24.jpg 450w, http:\/\/universofamilia.com\/wp-content\/uploads\/sites\/148\/2025\/10\/Destaque-Novo-Universo-24-300x167.jpg 300w, http:\/\/universofamilia.com\/wp-content\/uploads\/sites\/148\/2025\/10\/Destaque-Novo-Universo-24-18x10.jpg 18w\" sizes=\"(max-width: 450px) 100vw, 450px\" \/><figcaption class=\"wp-element-caption\">CANVA<\/figcaption><\/figure>\n<\/figure>\n\n\n\n<p>Cite\u015fte mai mult:\u00a0<a href=\"http:\/\/universofamilia.com\/ro\/crisis-climatica-global\/\">Criza climatic\u0103 global\u0103: impactul afecteaz\u0103 deja milioane de oameni<\/a><\/p>\n\n\n\n<h2 class=\"wp-block-heading\">A\u0219adar, ne confrunt\u0103m cu o recesiune sau cu o redresare economic\u0103?<\/h2>\n\n\n\n<p>R\u0103spunsul este: <strong>ambele \u00een doze diferite<\/strong>.<\/p>\n\n\n\n<p>O recesiune global\u0103 nu este inevitabil\u0103 \u00een 2025, nici o redresare exuberant\u0103.<\/p>\n\n\n\n<p>Mai degrab\u0103, ne afl\u0103m \u00eentr-un punct de cotitur\u0103 \u00een care multe vor depinde de deciziile luate \u2014 at\u00e2t la nivel macroeconomic, c\u00e2t \u0219i la nivel de afaceri.<\/p>\n\n\n\n<p>Titlul <strong>\u201eEconomia mondial\u0103 \u00een 2025: recesiune sau redresare?\u201d<\/strong> con\u021bine acea dualitate.<\/p>\n\n\n\n<p>Dac\u0103 guvernele \u0219i organiza\u021biile ac\u021bioneaz\u0103 cu viziune, am putea asista la o redresare moderat\u0103.<\/p>\n\n\n\n<p>Dac\u0103 iner\u021bia, fragmentarea \u0219i datoria necontrolat\u0103 vor prevala, unele zone ar putea intra \u00een recesiune.<\/p>\n\n\n\n<p>Cheia este s\u0103 ac\u021bion\u0103m din timp, mai degrab\u0103 dec\u00e2t s\u0103 reac\u021bion\u0103m atunci c\u00e2nd declinul este deja vizibil.<\/p>\n\n\n\n<p>Dac\u0103 o companie sau o \u021bar\u0103 a\u0219teapt\u0103 ca \u201efurtuna\u201d s\u0103 loveasc\u0103 \u00eenainte de a ac\u021biona, va fi dezavantajat\u0103 \u00een compara\u021bie cu cele care \u0219i-au ajustat deja p\u00e2nzele.<\/p>\n\n\n\n<h2 class=\"wp-block-heading\">Concluzie<\/h2>\n\n\n\n<p>Anul 2025 reprezint\u0103 o provocare foarte specific\u0103 pentru economia global\u0103.<\/p>\n\n\n\n<p>Cu o cre\u0219tere global\u0103 estimat\u0103 la aproximativ 3,2% \u00een primul trimestru al treilea, suntem departe de o redresare exploziv\u0103 \u0219i \u00eenc\u0103 nu suntem \u00een pragul colapsului.<\/p>\n\n\n\n<p>\u00cens\u0103 marjele se \u00eengusteaz\u0103, riscurile se acumuleaz\u0103, iar oportunitatea trebuie valorificat\u0103 acum.<\/p>\n\n\n\n<p>\u00centrebarea <strong>\u201eEconomia mondial\u0103 \u00een 2025: recesiune sau redresare?\u201d<\/strong> Nu e doar retoric\u0103; e un \u00eendemn la ac\u021biune.<\/p>\n\n\n\n<p>Pentru economiile emergente, pentru companii \u0219i investitori, acum este momentul s\u0103 planific\u0103m.<\/p>\n\n\n\n<p>Diferen\u021ba dintre cei care gestioneaz\u0103 bine acest ciclu \u0219i cei care \u00eel subestimeaz\u0103 ar putea determina urm\u0103torii cinci p\u00e2n\u0103 la zece ani de avantaj sau \u00eent\u00e2rziere.<\/p>\n\n\n\n<p>Te invit s\u0103 analizezi: E\u0219ti pe barca care \u00ee\u0219i ajusteaz\u0103 p\u00e2nzele \u0219i \u00ee\u0219i cur\u0103\u021b\u0103 coca sau pe cea care a\u0219teapt\u0103 ca v\u00e2ntul s\u0103 se ridice de la sine?<\/p>\n\n\n\n<p>Cite\u015fte mai mult:\u00a0<a href=\"http:\/\/universofamilia.com\/ro\/el-papel-de-la-tecnologia-en-las-elecciones-internacionales\/\">Rolul tehnologiei \u00een alegerile interna\u021bionale<\/a><\/p>\n\n\n\n<h2 class=\"wp-block-heading\">\u00centreb\u0103ri frecvente (FAQ)<\/h2>\n\n\n\n<p><strong>Ar trebui s\u0103 ne preg\u0103tim pentru o recesiune global\u0103 \u00een 2025?<\/strong><br>O recesiune nu este inevitabil\u0103 pentru \u00eentreaga planet\u0103.<\/p>\n\n\n\n<p>Totu\u0219i, este recomandabil s\u0103 v\u0103 preg\u0103ti\u021bi pentru cel pu\u021bin o perioad\u0103 de stagnare sau o cre\u0219tere moderat\u0103.<\/p>\n\n\n\n<p>Aceasta implic\u0103 ajustarea finan\u021belor, a utilajelor de produc\u021bie \u0219i a a\u0219tept\u0103rilor.<\/p>\n\n\n\n<p><strong>Poate Mexicul s\u0103 beneficieze de redresarea economic\u0103 global\u0103?<\/strong><br>Da, Mexicul poate beneficia prin valorificarea pie\u021belor de export, adoptarea tehnologiei \u0219i pozi\u021bionarea sa \u00een ni\u0219e cu valoare ad\u0103ugat\u0103.<\/p>\n\n\n\n<p>Dar este expus\u0103 \u0219i dac\u0103 se bazeaz\u0103 excesiv pe materii prime sau pe sectoare tradi\u021bionale.<\/p>\n\n\n\n<p><strong>Care sectoare au cele mai mari \u0219anse de cre\u0219tere \u00een acest context?<\/strong><br><\/p>\n\n\n\n<p>Sectoarele legate de tehnologie, digitalizare, energie regenerabil\u0103, logistic\u0103 inteligent\u0103 \u0219i produc\u021bie orientat\u0103 spre export au mai multe \u0219anse s\u0103 exceleze.<\/p>\n\n\n\n<p>\u00cen schimb, sectoarele puternic expuse la materii prime f\u0103r\u0103 diversificare ar putea r\u0103m\u00e2ne \u00een urm\u0103.<\/p>\n\n\n\n<p><strong>Ce rol joac\u0103 cooperarea interna\u021bional\u0103?<\/strong><br>Este esen\u021bial. Reducerea barierelor comerciale, \u00eembun\u0103t\u0103\u021birea lan\u021burilor de aprovizionare globale \u0219i coordonarea politicilor macroeconomice contribuie la crearea unui mediu mai propice cre\u0219terii economice.<\/p>\n\n\n\n<p>Dac\u0103 fragmentarea se intensific\u0103, impactul asupra recesiunii cre\u0219te.<\/p>\n\n\n\n<p><strong>Care este principala recomandare pentru o companie din America Latin\u0103?<\/strong><br><\/p>\n\n\n\n<p>Evalueaz\u0103-\u021bi expunerea la riscul interna\u021bional, investe\u0219te \u00een tehnologie \u0219i productivitate, reduce vulnerabilit\u0103\u021bile financiare \u0219i \u00eencearc\u0103 s\u0103 diversifici pie\u021bele.<\/p>\n\n\n\n<p>Nu presupune c\u0103 ciclul va aduce doar v\u00e2nturi favorabile; preg\u0103te\u0219te-te pentru rafale \u0219i calm.<\/p>","protected":false},"excerpt":{"rendered":"<p>Analizaremos el panorama del FMI sobre la econom\u00eda mundial en 2025, los factores que apuntan a recesi\u00f3n o recuperaci\u00f3n y sus implicaciones para Am\u00e9rica Latina. Tambi\u00e9n exploraremos qu\u00e9 decisiones estrat\u00e9gicas podr\u00edan marcar la diferencia para los pa\u00edses y las empresas. Con enfoque humano y realista, explicar\u00e9 con claridad por qu\u00e9 la interrogante \u201cInternational Monetary Fund [&hellip;]<\/p>","protected":false},"author":219,"featured_media":10214,"comment_status":"closed","ping_status":"open","sticky":false,"template":"","format":"standard","meta":{"footnotes":""},"categories":[4],"tags":[],"yoast_head":"<!-- This site is optimized with the Yoast SEO plugin v23.3 - https:\/\/yoast.com\/wordpress\/plugins\/seo\/ -->\n<title>Econom\u00eda mundial en 2025: \u00bfrecesi\u00f3n o recuperaci\u00f3n? - Universo Fam\u00edlia<\/title>\n<meta name=\"description\" content=\"Analizaremos el panorama del FMI sobre la econom\u00eda mundial en 2025, los factores que apuntan a recesi\u00f3n o recuperaci\u00f3n y sus implicaciones..\" \/>\n<meta name=\"robots\" content=\"index, follow, max-snippet:-1, max-image-preview:large, max-video-preview:-1\" \/>\n<link rel=\"canonical\" href=\"https:\/\/universofamilia.com\/ro\/economia-mundial-en-2025-recesion-o-recuperacion\/\" \/>\n<meta property=\"og:locale\" content=\"ro_RO\" \/>\n<meta property=\"og:type\" content=\"article\" \/>\n<meta property=\"og:title\" content=\"Econom\u00eda mundial en 2025: \u00bfrecesi\u00f3n o recuperaci\u00f3n? - Universo Fam\u00edlia\" \/>\n<meta property=\"og:description\" content=\"Analizaremos el panorama del FMI sobre la econom\u00eda mundial en 2025, los factores que apuntan a recesi\u00f3n o recuperaci\u00f3n y sus implicaciones..\" \/>\n<meta property=\"og:url\" content=\"https:\/\/universofamilia.com\/ro\/economia-mundial-en-2025-recesion-o-recuperacion\/\" \/>\n<meta property=\"og:site_name\" content=\"Universo Fam\u00edlia\" \/>\n<meta property=\"article:published_time\" content=\"2025-10-27T15:35:00+00:00\" \/>\n<meta property=\"article:modified_time\" content=\"2025-10-27T15:35:18+00:00\" \/>\n<meta property=\"og:image\" content=\"https:\/\/universofamilia.com\/wp-content\/uploads\/sites\/148\/2025\/10\/Destaque-Novo-Universo-23.jpg\" \/>\n\t<meta property=\"og:image:width\" content=\"450\" \/>\n\t<meta property=\"og:image:height\" content=\"250\" \/>\n\t<meta property=\"og:image:type\" content=\"image\/jpeg\" \/>\n<meta name=\"author\" content=\"Matheus Sangaletti\" \/>\n<meta name=\"twitter:card\" content=\"summary_large_image\" \/>\n<meta name=\"twitter:label1\" content=\"Written by\" \/>\n\t<meta name=\"twitter:data1\" content=\"Matheus Sangaletti\" \/>\n\t<meta name=\"twitter:label2\" content=\"Est. reading time\" \/>\n\t<meta name=\"twitter:data2\" content=\"11 minute\" \/>\n<script type=\"application\/ld+json\" class=\"yoast-schema-graph\">{\"@context\":\"https:\/\/schema.org\",\"@graph\":[{\"@type\":\"WebPage\",\"@id\":\"https:\/\/universofamilia.com\/el\/economia-mundial-en-2025-recesion-o-recuperacion\/\",\"url\":\"https:\/\/universofamilia.com\/el\/economia-mundial-en-2025-recesion-o-recuperacion\/\",\"name\":\"Econom\u00eda mundial en 2025: \u00bfrecesi\u00f3n o recuperaci\u00f3n? - Universo Fam\u00edlia\",\"isPartOf\":{\"@id\":\"https:\/\/universofamilia.com\/el\/#website\"},\"primaryImageOfPage\":{\"@id\":\"https:\/\/universofamilia.com\/el\/economia-mundial-en-2025-recesion-o-recuperacion\/#primaryimage\"},\"image\":{\"@id\":\"https:\/\/universofamilia.com\/el\/economia-mundial-en-2025-recesion-o-recuperacion\/#primaryimage\"},\"thumbnailUrl\":\"http:\/\/universofamilia.com\/wp-content\/uploads\/sites\/148\/2025\/10\/Destaque-Novo-Universo-23.jpg\",\"datePublished\":\"2025-10-27T15:35:00+00:00\",\"dateModified\":\"2025-10-27T15:35:18+00:00\",\"author\":{\"@id\":\"https:\/\/universofamilia.com\/el\/#\/schema\/person\/92fcd07e9b1f4323bf74f3170fc0f78a\"},\"description\":\"Analizaremos el panorama del FMI sobre la econom\u00eda mundial en 2025, los factores que apuntan a recesi\u00f3n o recuperaci\u00f3n y sus implicaciones..\",\"breadcrumb\":{\"@id\":\"https:\/\/universofamilia.com\/el\/economia-mundial-en-2025-recesion-o-recuperacion\/#breadcrumb\"},\"inLanguage\":\"ro-RO\",\"potentialAction\":[{\"@type\":\"ReadAction\",\"target\":[\"https:\/\/universofamilia.com\/el\/economia-mundial-en-2025-recesion-o-recuperacion\/\"]}]},{\"@type\":\"ImageObject\",\"inLanguage\":\"ro-RO\",\"@id\":\"https:\/\/universofamilia.com\/el\/economia-mundial-en-2025-recesion-o-recuperacion\/#primaryimage\",\"url\":\"http:\/\/universofamilia.com\/wp-content\/uploads\/sites\/148\/2025\/10\/Destaque-Novo-Universo-23.jpg\",\"contentUrl\":\"http:\/\/universofamilia.com\/wp-content\/uploads\/sites\/148\/2025\/10\/Destaque-Novo-Universo-23.jpg\",\"width\":450,\"height\":250},{\"@type\":\"BreadcrumbList\",\"@id\":\"https:\/\/universofamilia.com\/el\/economia-mundial-en-2025-recesion-o-recuperacion\/#breadcrumb\",\"itemListElement\":[{\"@type\":\"ListItem\",\"position\":1,\"name\":\"Home\",\"item\":\"https:\/\/universofamilia.com\/el\/\"},{\"@type\":\"ListItem\",\"position\":2,\"name\":\"Econom\u00eda mundial en 2025: \u00bfrecesi\u00f3n o recuperaci\u00f3n?\"}]},{\"@type\":\"WebSite\",\"@id\":\"https:\/\/universofamilia.com\/el\/#website\",\"url\":\"https:\/\/universofamilia.com\/el\/\",\"name\":\"Universo Fam\u00edlia\",\"description\":\"\",\"potentialAction\":[{\"@type\":\"SearchAction\",\"target\":{\"@type\":\"EntryPoint\",\"urlTemplate\":\"https:\/\/universofamilia.com\/el\/?s={search_term_string}\"},\"query-input\":\"required name=search_term_string\"}],\"inLanguage\":\"ro-RO\"},{\"@type\":\"Person\",\"@id\":\"https:\/\/universofamilia.com\/el\/#\/schema\/person\/92fcd07e9b1f4323bf74f3170fc0f78a\",\"name\":\"Matheus Sangaletti\",\"image\":{\"@type\":\"ImageObject\",\"inLanguage\":\"ro-RO\",\"@id\":\"https:\/\/universofamilia.com\/el\/#\/schema\/person\/image\/\",\"url\":\"http:\/\/2.gravatar.com\/avatar\/280ea957a14a48e6a1ad2133d2cc27c9?s=96&d=mm&r=g\",\"contentUrl\":\"http:\/\/2.gravatar.com\/avatar\/280ea957a14a48e6a1ad2133d2cc27c9?s=96&d=mm&r=g\",\"caption\":\"Matheus Sangaletti\"},\"url\":\"http:\/\/universofamilia.com\/ro\/author\/matheuss\/\"}]}<\/script>\n<!-- \/ Yoast SEO plugin. -->","yoast_head_json":{"title":"Econom\u00eda mundial en 2025: \u00bfrecesi\u00f3n o recuperaci\u00f3n? - Universo Fam\u00edlia","description":"Analizaremos el panorama del FMI sobre la econom\u00eda mundial en 2025, los factores que apuntan a recesi\u00f3n o recuperaci\u00f3n y sus implicaciones..","robots":{"index":"index","follow":"follow","max-snippet":"max-snippet:-1","max-image-preview":"max-image-preview:large","max-video-preview":"max-video-preview:-1"},"canonical":"https:\/\/universofamilia.com\/ro\/economia-mundial-en-2025-recesion-o-recuperacion\/","og_locale":"ro_RO","og_type":"article","og_title":"Econom\u00eda mundial en 2025: \u00bfrecesi\u00f3n o recuperaci\u00f3n? - Universo Fam\u00edlia","og_description":"Analizaremos el panorama del FMI sobre la econom\u00eda mundial en 2025, los factores que apuntan a recesi\u00f3n o recuperaci\u00f3n y sus implicaciones..","og_url":"https:\/\/universofamilia.com\/ro\/economia-mundial-en-2025-recesion-o-recuperacion\/","og_site_name":"Universo Fam\u00edlia","article_published_time":"2025-10-27T15:35:00+00:00","article_modified_time":"2025-10-27T15:35:18+00:00","og_image":[{"width":450,"height":250,"url":"https:\/\/universofamilia.com\/wp-content\/uploads\/sites\/148\/2025\/10\/Destaque-Novo-Universo-23.jpg","type":"image\/jpeg"}],"author":"Matheus Sangaletti","twitter_card":"summary_large_image","twitter_misc":{"Written by":"Matheus Sangaletti","Est. reading time":"11 minute"},"schema":{"@context":"https:\/\/schema.org","@graph":[{"@type":"WebPage","@id":"https:\/\/universofamilia.com\/el\/economia-mundial-en-2025-recesion-o-recuperacion\/","url":"https:\/\/universofamilia.com\/el\/economia-mundial-en-2025-recesion-o-recuperacion\/","name":"Econom\u00eda mundial en 2025: \u00bfrecesi\u00f3n o recuperaci\u00f3n? - Universo Fam\u00edlia","isPartOf":{"@id":"https:\/\/universofamilia.com\/el\/#website"},"primaryImageOfPage":{"@id":"https:\/\/universofamilia.com\/el\/economia-mundial-en-2025-recesion-o-recuperacion\/#primaryimage"},"image":{"@id":"https:\/\/universofamilia.com\/el\/economia-mundial-en-2025-recesion-o-recuperacion\/#primaryimage"},"thumbnailUrl":"http:\/\/universofamilia.com\/wp-content\/uploads\/sites\/148\/2025\/10\/Destaque-Novo-Universo-23.jpg","datePublished":"2025-10-27T15:35:00+00:00","dateModified":"2025-10-27T15:35:18+00:00","author":{"@id":"https:\/\/universofamilia.com\/el\/#\/schema\/person\/92fcd07e9b1f4323bf74f3170fc0f78a"},"description":"Analizaremos el panorama del FMI sobre la econom\u00eda mundial en 2025, los factores que apuntan a recesi\u00f3n o recuperaci\u00f3n y sus implicaciones..","breadcrumb":{"@id":"https:\/\/universofamilia.com\/el\/economia-mundial-en-2025-recesion-o-recuperacion\/#breadcrumb"},"inLanguage":"ro-RO","potentialAction":[{"@type":"ReadAction","target":["https:\/\/universofamilia.com\/el\/economia-mundial-en-2025-recesion-o-recuperacion\/"]}]},{"@type":"ImageObject","inLanguage":"ro-RO","@id":"https:\/\/universofamilia.com\/el\/economia-mundial-en-2025-recesion-o-recuperacion\/#primaryimage","url":"http:\/\/universofamilia.com\/wp-content\/uploads\/sites\/148\/2025\/10\/Destaque-Novo-Universo-23.jpg","contentUrl":"http:\/\/universofamilia.com\/wp-content\/uploads\/sites\/148\/2025\/10\/Destaque-Novo-Universo-23.jpg","width":450,"height":250},{"@type":"BreadcrumbList","@id":"https:\/\/universofamilia.com\/el\/economia-mundial-en-2025-recesion-o-recuperacion\/#breadcrumb","itemListElement":[{"@type":"ListItem","position":1,"name":"Home","item":"https:\/\/universofamilia.com\/el\/"},{"@type":"ListItem","position":2,"name":"Econom\u00eda mundial en 2025: \u00bfrecesi\u00f3n o recuperaci\u00f3n?"}]},{"@type":"WebSite","@id":"https:\/\/universofamilia.com\/el\/#website","url":"https:\/\/universofamilia.com\/el\/","name":"Universo Fam\u00edlia","description":"","potentialAction":[{"@type":"SearchAction","target":{"@type":"EntryPoint","urlTemplate":"https:\/\/universofamilia.com\/el\/?s={search_term_string}"},"query-input":"required name=search_term_string"}],"inLanguage":"ro-RO"},{"@type":"Person","@id":"https:\/\/universofamilia.com\/el\/#\/schema\/person\/92fcd07e9b1f4323bf74f3170fc0f78a","name":"Matheus Sangaletti","image":{"@type":"ImageObject","inLanguage":"ro-RO","@id":"https:\/\/universofamilia.com\/el\/#\/schema\/person\/image\/","url":"http:\/\/2.gravatar.com\/avatar\/280ea957a14a48e6a1ad2133d2cc27c9?s=96&d=mm&r=g","contentUrl":"http:\/\/2.gravatar.com\/avatar\/280ea957a14a48e6a1ad2133d2cc27c9?s=96&d=mm&r=g","caption":"Matheus Sangaletti"},"url":"http:\/\/universofamilia.com\/ro\/author\/matheuss\/"}]}},"_links":{"self":[{"href":"http:\/\/universofamilia.com\/ro\/wp-json\/wp\/v2\/posts\/10213"}],"collection":[{"href":"http:\/\/universofamilia.com\/ro\/wp-json\/wp\/v2\/posts"}],"about":[{"href":"http:\/\/universofamilia.com\/ro\/wp-json\/wp\/v2\/types\/post"}],"author":[{"embeddable":true,"href":"http:\/\/universofamilia.com\/ro\/wp-json\/wp\/v2\/users\/219"}],"replies":[{"embeddable":true,"href":"http:\/\/universofamilia.com\/ro\/wp-json\/wp\/v2\/comments?post=10213"}],"version-history":[{"count":1,"href":"http:\/\/universofamilia.com\/ro\/wp-json\/wp\/v2\/posts\/10213\/revisions"}],"predecessor-version":[{"id":10217,"href":"http:\/\/universofamilia.com\/ro\/wp-json\/wp\/v2\/posts\/10213\/revisions\/10217"}],"wp:featuredmedia":[{"embeddable":true,"href":"http:\/\/universofamilia.com\/ro\/wp-json\/wp\/v2\/media\/10214"}],"wp:attachment":[{"href":"http:\/\/universofamilia.com\/ro\/wp-json\/wp\/v2\/media?parent=10213"}],"wp:term":[{"taxonomy":"category","embeddable":true,"href":"http:\/\/universofamilia.com\/ro\/wp-json\/wp\/v2\/categories?post=10213"},{"taxonomy":"post_tag","embeddable":true,"href":"http:\/\/universofamilia.com\/ro\/wp-json\/wp\/v2\/tags?post=10213"}],"curies":[{"name":"wp","href":"https:\/\/api.w.org\/{rel}","templated":true}]}}